{"id":37285,"date":"2020-01-02T08:52:42","date_gmt":"2020-01-02T11:52:42","guid":{"rendered":"https:\/\/noticiasmercedinas.com\/site\/?p=37285"},"modified":"2020-01-02T08:56:21","modified_gmt":"2020-01-02T11:56:21","slug":"pisano-preocupado-por-desfinanciamiento-en-educacion","status":"publish","type":"post","link":"https:\/\/noticiasmercedinas.com\/site\/2020\/01\/02\/pisano-preocupado-por-desfinanciamiento-en-educacion\/","title":{"rendered":"Pisano, preocupado por \u00abdesfinanciamiento en educaci\u00f3n\u00bb"},"content":{"rendered":"<p><img loading=\"lazy\" decoding=\"async\" class=\"alignnone size-full wp-image-37286\" src=\"https:\/\/noticiasmercedinas.com\/site\/wp-content\/uploads\/2020\/01\/josipisanoIMG_2015.jpg\" width=\"640\" height=\"398\" srcset=\"https:\/\/noticiasmercedinas.com\/site\/wp-content\/uploads\/2020\/01\/josipisanoIMG_2015.jpg 640w, https:\/\/noticiasmercedinas.com\/site\/wp-content\/uploads\/2020\/01\/josipisanoIMG_2015-300x187.jpg 300w\" sizes=\"auto, (max-width: 640px) 100vw, 640px\" \/><\/p>\n<p>\u201cCon su ego\u00edsmo est\u00e1n desfinanciando tambi\u00e9n la educaci\u00f3n\u201d, sostuvo el presidente del Consejo Escolar, Jos\u00e9 Luis Pisano, en torno a la reciente aprobaci\u00f3n de la Ordenanza Fiscal e Impositiva en asamblea de mayores contribuyentes que cont\u00f3 con mayor\u00eda e imposici\u00f3n de voluntad de Juntos por el Cambio.<\/p>\n<p>\u00abMe preocupa enormemente la actitud de Cambiemos\u201d afirm\u00f3 Jos\u00e9 Lu\u00eds Pisano. \u201cClaramente est\u00e1n desfinanciando el Estado Municipal. Es una posici\u00f3n extorsiva porque no dejan adecuar las cuentas a la inflaci\u00f3n sino se les brindan concesiones y privilegios. Uno recuerda cuando quisieron aumentarse el sueldo y se los fren\u00f3. Son l\u00f3gicas perversas\u201d, afirm\u00f3. \u201cEllos achicaron el Estado en Provincia y Naci\u00f3n, ahora buscan hacerlo en Mercedes\u201d, coment\u00f3.<\/p>\n<p>\u201cEsto en educaci\u00f3n va a repercutir. En Mercedes hay un municipio presente, que dio respuestas a todas las solicitudes de las escuelas y esto provoca que la situaci\u00f3n compleja en la que ellos mismos dejaron la educaci\u00f3n se demore en dar vuelta. El intendente todas las semanas visita una escuela o los recibe, conoce las realidades institucionales y siempre acompa\u00f1\u00f3 a los consejeros escolares. Ahora no s\u00e9 c\u00f3mo vamos a cubrir necesidades viendo el desfinaciamiento que est\u00e1n produciendo de manera ego\u00edsta y ajena a los vecinos\u201d, destac\u00f3 el consejero escolar, rechazando \u00abel accionar de la dirigencia de Cambiemos, que forz\u00f3 una votaci\u00f3n en el Concejo Deliberante que no permite adecuar las cuentas municipales a los altos niveles de inflaci\u00f3n que nos dej\u00f3 el 2019\u00bb.<\/p>\n","protected":false},"excerpt":{"rendered":"<p>\u201cCon su ego\u00edsmo est\u00e1n desfinanciando tambi\u00e9n la educaci\u00f3n\u201d, sostuvo el presidente del Consejo Escolar, Jos\u00e9 Luis Pisano, en torno a la reciente aprobaci\u00f3n de la Ordenanza Fiscal e Impositiva en asamblea de mayores contribuyentes que cont\u00f3 con mayor\u00eda e imposici\u00f3n de voluntad de Juntos por el Cambio. \u00abMe preocupa enormemente la actitud de Cambiemos\u201d afirm\u00f3 [&hellip;]<\/p>\n","protected":false},"author":2,"featured_media":37286,"comment_status":"open","ping_status":"open","sticky":false,"template":"","format":"standard","meta":{"footnotes":""},"categories":[16],"tags":[2790,267,38,268],"class_list":["post-37285","post","type-post","status-publish","format-standard","has-post-thumbnail","hentry","category-politica","tag-asamblea-de-mayores-contribuyentes","tag-consejo-escolar","tag-educacion","tag-jose-luis-pisano"],"yoast_head":"<!-- This site is optimized with the Yoast SEO plugin v27.5 - https:\/\/yoast.com\/product\/yoast-seo-wordpress\/ -->\n<title>Pisano, preocupado por &quot;desfinanciamiento en educaci\u00f3n&quot;<\/title>\n<meta name=\"robots\" content=\"index, follow, max-snippet:-1, max-image-preview:large, max-video-preview:-1\" \/>\n<link rel=\"canonical\" href=\"https:\/\/noticiasmercedinas.com\/site\/2020\/01\/02\/pisano-preocupado-por-desfinanciamiento-en-educacion\/\" \/>\n<meta property=\"og:locale\" content=\"es_ES\" \/>\n<meta property=\"og:type\" content=\"article\" \/>\n<meta property=\"og:title\" content=\"Pisano, preocupado por &quot;desfinanciamiento en educaci\u00f3n&quot;\" \/>\n<meta property=\"og:description\" content=\"\u201cCon su ego\u00edsmo est\u00e1n desfinanciando tambi\u00e9n la educaci\u00f3n\u201d, sostuvo el presidente del Consejo Escolar, Jos\u00e9 Luis Pisano, en torno a la reciente aprobaci\u00f3n de la Ordenanza Fiscal e Impositiva en asamblea de mayores contribuyentes que cont\u00f3 con mayor\u00eda e imposici\u00f3n de voluntad de Juntos por el Cambio. \u00abMe preocupa enormemente la actitud de Cambiemos\u201d afirm\u00f3 [&hellip;]\" \/>\n<meta property=\"og:url\" content=\"https:\/\/noticiasmercedinas.com\/site\/2020\/01\/02\/pisano-preocupado-por-desfinanciamiento-en-educacion\/\" \/>\n<meta property=\"og:site_name\" content=\"NOTICIASMERCEDINAS.COM\" \/>\n<meta property=\"article:publisher\" content=\"https:\/\/www.facebook.com\/noticiasmercedinas\/\" \/>\n<meta property=\"article:author\" content=\"https:\/\/www.facebook.com\/cristian.falabella\" \/>\n<meta property=\"article:published_time\" content=\"2020-01-02T11:52:42+00:00\" \/>\n<meta property=\"article:modified_time\" content=\"2020-01-02T11:56:21+00:00\" \/>\n<meta property=\"og:image\" content=\"https:\/\/noticiasmercedinas.com\/site\/wp-content\/uploads\/2020\/01\/josipisanoIMG_2015.jpg\" \/>\n\t<meta property=\"og:image:width\" content=\"640\" \/>\n\t<meta property=\"og:image:height\" content=\"398\" \/>\n\t<meta property=\"og:image:type\" content=\"image\/jpeg\" \/>\n<meta name=\"author\" content=\"Cristian Falabella NOTICIASMERCEDINAS.COM\" \/>\n<meta name=\"twitter:card\" content=\"summary_large_image\" \/>\n<meta name=\"twitter:creator\" content=\"@https:\/\/twitter.com\/NOTMERCEDINAS\" \/>\n<meta name=\"twitter:site\" content=\"@notmercedinas\" \/>\n<meta name=\"twitter:label1\" content=\"Escrito por\" \/>\n\t<meta name=\"twitter:data1\" content=\"Cristian Falabella NOTICIASMERCEDINAS.COM\" \/>\n\t<meta name=\"twitter:label2\" content=\"Tiempo de lectura\" \/>\n\t<meta name=\"twitter:data2\" content=\"1 minuto\" \/>\n<script type=\"application\/ld+json\" class=\"yoast-schema-graph\">{\"@context\":\"https:\\\/\\\/schema.org\",\"@graph\":[{\"@type\":\"Article\",\"@id\":\"https:\\\/\\\/noticiasmercedinas.com\\\/site\\\/2020\\\/01\\\/02\\\/pisano-preocupado-por-desfinanciamiento-en-educacion\\\/#article\",\"isPartOf\":{\"@id\":\"https:\\\/\\\/noticiasmercedinas.com\\\/site\\\/2020\\\/01\\\/02\\\/pisano-preocupado-por-desfinanciamiento-en-educacion\\\/\"},\"author\":{\"name\":\"Cristian Falabella NOTICIASMERCEDINAS.COM\",\"@id\":\"https:\\\/\\\/noticiasmercedinas.com\\\/site\\\/#\\\/schema\\\/person\\\/d481a9696a5feaec13a60e2bbd991a6a\"},\"headline\":\"Pisano, preocupado por \u00abdesfinanciamiento en educaci\u00f3n\u00bb\",\"datePublished\":\"2020-01-02T11:52:42+00:00\",\"dateModified\":\"2020-01-02T11:56:21+00:00\",\"mainEntityOfPage\":{\"@id\":\"https:\\\/\\\/noticiasmercedinas.com\\\/site\\\/2020\\\/01\\\/02\\\/pisano-preocupado-por-desfinanciamiento-en-educacion\\\/\"},\"wordCount\":264,\"commentCount\":0,\"publisher\":{\"@id\":\"https:\\\/\\\/noticiasmercedinas.com\\\/site\\\/#organization\"},\"image\":{\"@id\":\"https:\\\/\\\/noticiasmercedinas.com\\\/site\\\/2020\\\/01\\\/02\\\/pisano-preocupado-por-desfinanciamiento-en-educacion\\\/#primaryimage\"},\"thumbnailUrl\":\"https:\\\/\\\/noticiasmercedinas.com\\\/site\\\/wp-content\\\/uploads\\\/2020\\\/01\\\/josipisanoIMG_2015.jpg\",\"keywords\":[\"asamblea de mayores contribuyentes\",\"consejo escolar\",\"educacion\",\"jose luis pisano\"],\"articleSection\":[\"Politica\"],\"inLanguage\":\"es\",\"potentialAction\":[{\"@type\":\"CommentAction\",\"name\":\"Comment\",\"target\":[\"https:\\\/\\\/noticiasmercedinas.com\\\/site\\\/2020\\\/01\\\/02\\\/pisano-preocupado-por-desfinanciamiento-en-educacion\\\/#respond\"]}]},{\"@type\":\"WebPage\",\"@id\":\"https:\\\/\\\/noticiasmercedinas.com\\\/site\\\/2020\\\/01\\\/02\\\/pisano-preocupado-por-desfinanciamiento-en-educacion\\\/\",\"url\":\"https:\\\/\\\/noticiasmercedinas.com\\\/site\\\/2020\\\/01\\\/02\\\/pisano-preocupado-por-desfinanciamiento-en-educacion\\\/\",\"name\":\"Pisano, preocupado por \\\"desfinanciamiento en educaci\u00f3n\\\"\",\"isPartOf\":{\"@id\":\"https:\\\/\\\/noticiasmercedinas.com\\\/site\\\/#website\"},\"primaryImageOfPage\":{\"@id\":\"https:\\\/\\\/noticiasmercedinas.com\\\/site\\\/2020\\\/01\\\/02\\\/pisano-preocupado-por-desfinanciamiento-en-educacion\\\/#primaryimage\"},\"image\":{\"@id\":\"https:\\\/\\\/noticiasmercedinas.com\\\/site\\\/2020\\\/01\\\/02\\\/pisano-preocupado-por-desfinanciamiento-en-educacion\\\/#primaryimage\"},\"thumbnailUrl\":\"https:\\\/\\\/noticiasmercedinas.com\\\/site\\\/wp-content\\\/uploads\\\/2020\\\/01\\\/josipisanoIMG_2015.jpg\",\"datePublished\":\"2020-01-02T11:52:42+00:00\",\"dateModified\":\"2020-01-02T11:56:21+00:00\",\"breadcrumb\":{\"@id\":\"https:\\\/\\\/noticiasmercedinas.com\\\/site\\\/2020\\\/01\\\/02\\\/pisano-preocupado-por-desfinanciamiento-en-educacion\\\/#breadcrumb\"},\"inLanguage\":\"es\",\"potentialAction\":[{\"@type\":\"ReadAction\",\"target\":[\"https:\\\/\\\/noticiasmercedinas.com\\\/site\\\/2020\\\/01\\\/02\\\/pisano-preocupado-por-desfinanciamiento-en-educacion\\\/\"]}]},{\"@type\":\"ImageObject\",\"inLanguage\":\"es\",\"@id\":\"https:\\\/\\\/noticiasmercedinas.com\\\/site\\\/2020\\\/01\\\/02\\\/pisano-preocupado-por-desfinanciamiento-en-educacion\\\/#primaryimage\",\"url\":\"https:\\\/\\\/noticiasmercedinas.com\\\/site\\\/wp-content\\\/uploads\\\/2020\\\/01\\\/josipisanoIMG_2015.jpg\",\"contentUrl\":\"https:\\\/\\\/noticiasmercedinas.com\\\/site\\\/wp-content\\\/uploads\\\/2020\\\/01\\\/josipisanoIMG_2015.jpg\",\"width\":640,\"height\":398},{\"@type\":\"BreadcrumbList\",\"@id\":\"https:\\\/\\\/noticiasmercedinas.com\\\/site\\\/2020\\\/01\\\/02\\\/pisano-preocupado-por-desfinanciamiento-en-educacion\\\/#breadcrumb\",\"itemListElement\":[{\"@type\":\"ListItem\",\"position\":1,\"name\":\"Portada\",\"item\":\"https:\\\/\\\/noticiasmercedinas.com\\\/site\\\/\"},{\"@type\":\"ListItem\",\"position\":2,\"name\":\"Pisano, preocupado por \u00abdesfinanciamiento en educaci\u00f3n\u00bb\"}]},{\"@type\":\"WebSite\",\"@id\":\"https:\\\/\\\/noticiasmercedinas.com\\\/site\\\/#website\",\"url\":\"https:\\\/\\\/noticiasmercedinas.com\\\/site\\\/\",\"name\":\"NOTICIASMERCEDINAS.COM\",\"description\":\"Mercedes, Buenos Aires, Argentina\",\"publisher\":{\"@id\":\"https:\\\/\\\/noticiasmercedinas.com\\\/site\\\/#organization\"},\"potentialAction\":[{\"@type\":\"SearchAction\",\"target\":{\"@type\":\"EntryPoint\",\"urlTemplate\":\"https:\\\/\\\/noticiasmercedinas.com\\\/site\\\/?s={search_term_string}\"},\"query-input\":{\"@type\":\"PropertyValueSpecification\",\"valueRequired\":true,\"valueName\":\"search_term_string\"}}],\"inLanguage\":\"es\"},{\"@type\":\"Organization\",\"@id\":\"https:\\\/\\\/noticiasmercedinas.com\\\/site\\\/#organization\",\"name\":\"NOTICIASMERCEDINAS.COM\",\"url\":\"https:\\\/\\\/noticiasmercedinas.com\\\/site\\\/\",\"logo\":{\"@type\":\"ImageObject\",\"inLanguage\":\"es\",\"@id\":\"https:\\\/\\\/noticiasmercedinas.com\\\/site\\\/#\\\/schema\\\/logo\\\/image\\\/\",\"url\":\"https:\\\/\\\/noticiasmercedinas.com\\\/site\\\/wp-content\\\/uploads\\\/2020\\\/06\\\/LOGO-512.jpg\",\"contentUrl\":\"https:\\\/\\\/noticiasmercedinas.com\\\/site\\\/wp-content\\\/uploads\\\/2020\\\/06\\\/LOGO-512.jpg\",\"width\":512,\"height\":512,\"caption\":\"NOTICIASMERCEDINAS.COM\"},\"image\":{\"@id\":\"https:\\\/\\\/noticiasmercedinas.com\\\/site\\\/#\\\/schema\\\/logo\\\/image\\\/\"},\"sameAs\":[\"https:\\\/\\\/www.facebook.com\\\/noticiasmercedinas\\\/\",\"https:\\\/\\\/x.com\\\/notmercedinas\",\"https:\\\/\\\/www.instagram.com\\\/noticiasmercedinas\\\/\"]},{\"@type\":\"Person\",\"@id\":\"https:\\\/\\\/noticiasmercedinas.com\\\/site\\\/#\\\/schema\\\/person\\\/d481a9696a5feaec13a60e2bbd991a6a\",\"name\":\"Cristian Falabella NOTICIASMERCEDINAS.COM\",\"image\":{\"@type\":\"ImageObject\",\"inLanguage\":\"es\",\"@id\":\"https:\\\/\\\/secure.gravatar.com\\\/avatar\\\/0dbbfc45970cc46bcd0e57766228574ff3511d6eed045b182f536f0f478c1f06?s=96&d=mm&r=g\",\"url\":\"https:\\\/\\\/secure.gravatar.com\\\/avatar\\\/0dbbfc45970cc46bcd0e57766228574ff3511d6eed045b182f536f0f478c1f06?s=96&d=mm&r=g\",\"contentUrl\":\"https:\\\/\\\/secure.gravatar.com\\\/avatar\\\/0dbbfc45970cc46bcd0e57766228574ff3511d6eed045b182f536f0f478c1f06?s=96&d=mm&r=g\",\"caption\":\"Cristian Falabella NOTICIASMERCEDINAS.COM\"},\"description\":\"Periodista, editor de Noticias Mercedinas. Pas\u00f3 por varias redacciones y emprendimientos de prensa, en distintos formatos y \u00e9pocas. Se especializ\u00f3 --y sigue haci\u00e9ndolo-- en comunicaci\u00f3n en la web y en junio de 2006 fund\u00f3 este diario digital.\",\"sameAs\":[\"https:\\\/\\\/noticiasmercedinas.com\",\"https:\\\/\\\/www.facebook.com\\\/cristian.falabella\",\"https:\\\/\\\/www.instagram.com\\\/noticiasmercedinas\\\/\",\"https:\\\/\\\/x.com\\\/https:\\\/\\\/twitter.com\\\/NOTMERCEDINAS\"],\"url\":\"https:\\\/\\\/noticiasmercedinas.com\\\/site\\\/author\\\/as000384\\\/\"}]}<\/script>\n<!-- \/ Yoast SEO plugin. -->","yoast_head_json":{"title":"Pisano, preocupado por \"desfinanciamiento en educaci\u00f3n\"","robots":{"index":"index","follow":"follow","max-snippet":"max-snippet:-1","max-image-preview":"max-image-preview:large","max-video-preview":"max-video-preview:-1"},"canonical":"https:\/\/noticiasmercedinas.com\/site\/2020\/01\/02\/pisano-preocupado-por-desfinanciamiento-en-educacion\/","og_locale":"es_ES","og_type":"article","og_title":"Pisano, preocupado por \"desfinanciamiento en educaci\u00f3n\"","og_description":"\u201cCon su ego\u00edsmo est\u00e1n desfinanciando tambi\u00e9n la educaci\u00f3n\u201d, sostuvo el presidente del Consejo Escolar, Jos\u00e9 Luis Pisano, en torno a la reciente aprobaci\u00f3n de la Ordenanza Fiscal e Impositiva en asamblea de mayores contribuyentes que cont\u00f3 con mayor\u00eda e imposici\u00f3n de voluntad de Juntos por el Cambio. \u00abMe preocupa enormemente la actitud de Cambiemos\u201d afirm\u00f3 [&hellip;]","og_url":"https:\/\/noticiasmercedinas.com\/site\/2020\/01\/02\/pisano-preocupado-por-desfinanciamiento-en-educacion\/","og_site_name":"NOTICIASMERCEDINAS.COM","article_publisher":"https:\/\/www.facebook.com\/noticiasmercedinas\/","article_author":"https:\/\/www.facebook.com\/cristian.falabella","article_published_time":"2020-01-02T11:52:42+00:00","article_modified_time":"2020-01-02T11:56:21+00:00","og_image":[{"width":640,"height":398,"url":"https:\/\/noticiasmercedinas.com\/site\/wp-content\/uploads\/2020\/01\/josipisanoIMG_2015.jpg","type":"image\/jpeg"}],"author":"Cristian Falabella NOTICIASMERCEDINAS.COM","twitter_card":"summary_large_image","twitter_creator":"@https:\/\/twitter.com\/NOTMERCEDINAS","twitter_site":"@notmercedinas","twitter_misc":{"Escrito por":"Cristian Falabella NOTICIASMERCEDINAS.COM","Tiempo de lectura":"1 minuto"},"schema":{"@context":"https:\/\/schema.org","@graph":[{"@type":"Article","@id":"https:\/\/noticiasmercedinas.com\/site\/2020\/01\/02\/pisano-preocupado-por-desfinanciamiento-en-educacion\/#article","isPartOf":{"@id":"https:\/\/noticiasmercedinas.com\/site\/2020\/01\/02\/pisano-preocupado-por-desfinanciamiento-en-educacion\/"},"author":{"name":"Cristian Falabella NOTICIASMERCEDINAS.COM","@id":"https:\/\/noticiasmercedinas.com\/site\/#\/schema\/person\/d481a9696a5feaec13a60e2bbd991a6a"},"headline":"Pisano, preocupado por \u00abdesfinanciamiento en educaci\u00f3n\u00bb","datePublished":"2020-01-02T11:52:42+00:00","dateModified":"2020-01-02T11:56:21+00:00","mainEntityOfPage":{"@id":"https:\/\/noticiasmercedinas.com\/site\/2020\/01\/02\/pisano-preocupado-por-desfinanciamiento-en-educacion\/"},"wordCount":264,"commentCount":0,"publisher":{"@id":"https:\/\/noticiasmercedinas.com\/site\/#organization"},"image":{"@id":"https:\/\/noticiasmercedinas.com\/site\/2020\/01\/02\/pisano-preocupado-por-desfinanciamiento-en-educacion\/#primaryimage"},"thumbnailUrl":"https:\/\/noticiasmercedinas.com\/site\/wp-content\/uploads\/2020\/01\/josipisanoIMG_2015.jpg","keywords":["asamblea de mayores contribuyentes","consejo escolar","educacion","jose luis pisano"],"articleSection":["Politica"],"inLanguage":"es","potentialAction":[{"@type":"CommentAction","name":"Comment","target":["https:\/\/noticiasmercedinas.com\/site\/2020\/01\/02\/pisano-preocupado-por-desfinanciamiento-en-educacion\/#respond"]}]},{"@type":"WebPage","@id":"https:\/\/noticiasmercedinas.com\/site\/2020\/01\/02\/pisano-preocupado-por-desfinanciamiento-en-educacion\/","url":"https:\/\/noticiasmercedinas.com\/site\/2020\/01\/02\/pisano-preocupado-por-desfinanciamiento-en-educacion\/","name":"Pisano, preocupado por \"desfinanciamiento en educaci\u00f3n\"","isPartOf":{"@id":"https:\/\/noticiasmercedinas.com\/site\/#website"},"primaryImageOfPage":{"@id":"https:\/\/noticiasmercedinas.com\/site\/2020\/01\/02\/pisano-preocupado-por-desfinanciamiento-en-educacion\/#primaryimage"},"image":{"@id":"https:\/\/noticiasmercedinas.com\/site\/2020\/01\/02\/pisano-preocupado-por-desfinanciamiento-en-educacion\/#primaryimage"},"thumbnailUrl":"https:\/\/noticiasmercedinas.com\/site\/wp-content\/uploads\/2020\/01\/josipisanoIMG_2015.jpg","datePublished":"2020-01-02T11:52:42+00:00","dateModified":"2020-01-02T11:56:21+00:00","breadcrumb":{"@id":"https:\/\/noticiasmercedinas.com\/site\/2020\/01\/02\/pisano-preocupado-por-desfinanciamiento-en-educacion\/#breadcrumb"},"inLanguage":"es","potentialAction":[{"@type":"ReadAction","target":["https:\/\/noticiasmercedinas.com\/site\/2020\/01\/02\/pisano-preocupado-por-desfinanciamiento-en-educacion\/"]}]},{"@type":"ImageObject","inLanguage":"es","@id":"https:\/\/noticiasmercedinas.com\/site\/2020\/01\/02\/pisano-preocupado-por-desfinanciamiento-en-educacion\/#primaryimage","url":"https:\/\/noticiasmercedinas.com\/site\/wp-content\/uploads\/2020\/01\/josipisanoIMG_2015.jpg","contentUrl":"https:\/\/noticiasmercedinas.com\/site\/wp-content\/uploads\/2020\/01\/josipisanoIMG_2015.jpg","width":640,"height":398},{"@type":"BreadcrumbList","@id":"https:\/\/noticiasmercedinas.com\/site\/2020\/01\/02\/pisano-preocupado-por-desfinanciamiento-en-educacion\/#breadcrumb","itemListElement":[{"@type":"ListItem","position":1,"name":"Portada","item":"https:\/\/noticiasmercedinas.com\/site\/"},{"@type":"ListItem","position":2,"name":"Pisano, preocupado por \u00abdesfinanciamiento en educaci\u00f3n\u00bb"}]},{"@type":"WebSite","@id":"https:\/\/noticiasmercedinas.com\/site\/#website","url":"https:\/\/noticiasmercedinas.com\/site\/","name":"NOTICIASMERCEDINAS.COM","description":"Mercedes, Buenos Aires, Argentina","publisher":{"@id":"https:\/\/noticiasmercedinas.com\/site\/#organization"},"potentialAction":[{"@type":"SearchAction","target":{"@type":"EntryPoint","urlTemplate":"https:\/\/noticiasmercedinas.com\/site\/?s={search_term_string}"},"query-input":{"@type":"PropertyValueSpecification","valueRequired":true,"valueName":"search_term_string"}}],"inLanguage":"es"},{"@type":"Organization","@id":"https:\/\/noticiasmercedinas.com\/site\/#organization","name":"NOTICIASMERCEDINAS.COM","url":"https:\/\/noticiasmercedinas.com\/site\/","logo":{"@type":"ImageObject","inLanguage":"es","@id":"https:\/\/noticiasmercedinas.com\/site\/#\/schema\/logo\/image\/","url":"https:\/\/noticiasmercedinas.com\/site\/wp-content\/uploads\/2020\/06\/LOGO-512.jpg","contentUrl":"https:\/\/noticiasmercedinas.com\/site\/wp-content\/uploads\/2020\/06\/LOGO-512.jpg","width":512,"height":512,"caption":"NOTICIASMERCEDINAS.COM"},"image":{"@id":"https:\/\/noticiasmercedinas.com\/site\/#\/schema\/logo\/image\/"},"sameAs":["https:\/\/www.facebook.com\/noticiasmercedinas\/","https:\/\/x.com\/notmercedinas","https:\/\/www.instagram.com\/noticiasmercedinas\/"]},{"@type":"Person","@id":"https:\/\/noticiasmercedinas.com\/site\/#\/schema\/person\/d481a9696a5feaec13a60e2bbd991a6a","name":"Cristian Falabella NOTICIASMERCEDINAS.COM","image":{"@type":"ImageObject","inLanguage":"es","@id":"https:\/\/secure.gravatar.com\/avatar\/0dbbfc45970cc46bcd0e57766228574ff3511d6eed045b182f536f0f478c1f06?s=96&d=mm&r=g","url":"https:\/\/secure.gravatar.com\/avatar\/0dbbfc45970cc46bcd0e57766228574ff3511d6eed045b182f536f0f478c1f06?s=96&d=mm&r=g","contentUrl":"https:\/\/secure.gravatar.com\/avatar\/0dbbfc45970cc46bcd0e57766228574ff3511d6eed045b182f536f0f478c1f06?s=96&d=mm&r=g","caption":"Cristian Falabella NOTICIASMERCEDINAS.COM"},"description":"Periodista, editor de Noticias Mercedinas. Pas\u00f3 por varias redacciones y emprendimientos de prensa, en distintos formatos y \u00e9pocas. Se especializ\u00f3 --y sigue haci\u00e9ndolo-- en comunicaci\u00f3n en la web y en junio de 2006 fund\u00f3 este diario digital.","sameAs":["https:\/\/noticiasmercedinas.com","https:\/\/www.facebook.com\/cristian.falabella","https:\/\/www.instagram.com\/noticiasmercedinas\/","https:\/\/x.com\/https:\/\/twitter.com\/NOTMERCEDINAS"],"url":"https:\/\/noticiasmercedinas.com\/site\/author\/as000384\/"}]}},"amp_enabled":true,"_links":{"self":[{"href":"https:\/\/noticiasmercedinas.com\/site\/wp-json\/wp\/v2\/posts\/37285","targetHints":{"allow":["GET"]}}],"collection":[{"href":"https:\/\/noticiasmercedinas.com\/site\/wp-json\/wp\/v2\/posts"}],"about":[{"href":"https:\/\/noticiasmercedinas.com\/site\/wp-json\/wp\/v2\/types\/post"}],"author":[{"embeddable":true,"href":"https:\/\/noticiasmercedinas.com\/site\/wp-json\/wp\/v2\/users\/2"}],"replies":[{"embeddable":true,"href":"https:\/\/noticiasmercedinas.com\/site\/wp-json\/wp\/v2\/comments?post=37285"}],"version-history":[{"count":2,"href":"https:\/\/noticiasmercedinas.com\/site\/wp-json\/wp\/v2\/posts\/37285\/revisions"}],"predecessor-version":[{"id":37288,"href":"https:\/\/noticiasmercedinas.com\/site\/wp-json\/wp\/v2\/posts\/37285\/revisions\/37288"}],"wp:featuredmedia":[{"embeddable":true,"href":"https:\/\/noticiasmercedinas.com\/site\/wp-json\/wp\/v2\/media\/37286"}],"wp:attachment":[{"href":"https:\/\/noticiasmercedinas.com\/site\/wp-json\/wp\/v2\/media?parent=37285"}],"wp:term":[{"taxonomy":"category","embeddable":true,"href":"https:\/\/noticiasmercedinas.com\/site\/wp-json\/wp\/v2\/categories?post=37285"},{"taxonomy":"post_tag","embeddable":true,"href":"https:\/\/noticiasmercedinas.com\/site\/wp-json\/wp\/v2\/tags?post=37285"}],"curies":[{"name":"wp","href":"https:\/\/api.w.org\/{rel}","templated":true}]}}