{"id":3758,"date":"2018-10-07T10:37:48","date_gmt":"2018-10-07T13:37:48","guid":{"rendered":"https:\/\/noticiasmercedinas.com\/site\/?p=3758"},"modified":"2018-10-07T11:30:34","modified_gmt":"2018-10-07T14:30:34","slug":"en-las-buenas-y-en-las-malas-somos-cambiemos","status":"publish","type":"post","link":"https:\/\/noticiasmercedinas.com\/site\/2018\/10\/07\/en-las-buenas-y-en-las-malas-somos-cambiemos\/","title":{"rendered":"\u201cEn las buenas y en las malas, somos Cambiemos\u201d"},"content":{"rendered":"<p><strong>Lo dijo Jorge Pirotta, quien fue parte en la inauguraci\u00f3n de una nueva Casa del Partido FE en la localidad de Col\u00f3n, Buenos Aires. \u201cNos sumamos a Cambiemos para poner fin a la corrupci\u00f3n y al enfrentamiento entre argentinos\u201d, sostuvo<\/strong><\/p>\n<p><strong><img loading=\"lazy\" decoding=\"async\" class=\"alignnone size-large wp-image-3759\" src=\"https:\/\/noticiasmercedinas.com\/site\/wp-content\/uploads\/2018\/10\/0489fecd-394b-47be-a65d-bec7180e1a46-1024x702.jpg\" alt=\"\" width=\"640\" height=\"439\" srcset=\"https:\/\/noticiasmercedinas.com\/site\/wp-content\/uploads\/2018\/10\/0489fecd-394b-47be-a65d-bec7180e1a46-1024x702.jpg 1024w, https:\/\/noticiasmercedinas.com\/site\/wp-content\/uploads\/2018\/10\/0489fecd-394b-47be-a65d-bec7180e1a46-300x206.jpg 300w, https:\/\/noticiasmercedinas.com\/site\/wp-content\/uploads\/2018\/10\/0489fecd-394b-47be-a65d-bec7180e1a46-768x527.jpg 768w, https:\/\/noticiasmercedinas.com\/site\/wp-content\/uploads\/2018\/10\/0489fecd-394b-47be-a65d-bec7180e1a46-640x439.jpg 640w, https:\/\/noticiasmercedinas.com\/site\/wp-content\/uploads\/2018\/10\/0489fecd-394b-47be-a65d-bec7180e1a46.jpg 1280w, https:\/\/noticiasmercedinas.com\/site\/wp-content\/uploads\/2018\/10\/0489fecd-394b-47be-a65d-bec7180e1a46-681x467.jpg 681w\" sizes=\"auto, (max-width: 640px) 100vw, 640px\" \/><\/strong><\/p>\n<p>El mercedino Jorge Pirotta acompa\u00f1\u00f3 al conductor y secretario general de UATRE, Ram\u00f3n Ayala; a Pablo Ansaloni, Diputado Nacional y presidente del Partido Fe de Col\u00f3n; y a los compa\u00f1eros de Col\u00f3n y otros distritos, en la inauguraci\u00f3n de una nueva Casa del Partido FE en esa localidad.<\/p>\n<p>Adem\u00e1s estuvieron presente Alex Campbell, Secretario de Asuntos Municipales de la Provincia de Buenos Aires y concejal de San Fernando; Cecilio Salazar, intendente de San Pedro; y Ana Laura Geloso, Senadora Provincial por Buenos Aires.<\/p>\n<p>\u201cEn las buenas y en las malas, somos Cambiemos\u201d, dijo Jorge Pirotta, presidente del Partido FE de la provincia de Buenos Aires.<\/p>\n<p>\u201cA veces me preguntan, no sin un dejo de iron\u00eda: \u00bfc\u00f3mo ustedes siendo peronistas est\u00e1n en Cambiemos? Y la respuesta es muy simple: justamente por ser peronistas, tomamos el legado p\u00f3stumo de Per\u00f3n de que \u00abPrimero est\u00e1 la Patria, despu\u00e9s el movimiento y por \u00faltimo los hombres\u00bb. Nosotros nos sumamos a Cambiemos para poner fin a la corrupci\u00f3n y al enfrentamiento entre argentinos y para terminar con las mentiras que durante d\u00e9cadas nos metieron las ideas de que pod\u00edamos vivir sin trabajar y que los servicios p\u00fablicos eran poco menos que gratis\u201d, indic\u00f3 Pirotta.<\/p>\n<p><img loading=\"lazy\" decoding=\"async\" class=\"alignnone size-large wp-image-3760\" src=\"https:\/\/noticiasmercedinas.com\/site\/wp-content\/uploads\/2018\/10\/2979add3-debd-4530-95ed-e2156c603517-1024x768.jpg\" alt=\"\" width=\"640\" height=\"480\" srcset=\"https:\/\/noticiasmercedinas.com\/site\/wp-content\/uploads\/2018\/10\/2979add3-debd-4530-95ed-e2156c603517-1024x768.jpg 1024w, https:\/\/noticiasmercedinas.com\/site\/wp-content\/uploads\/2018\/10\/2979add3-debd-4530-95ed-e2156c603517-300x225.jpg 300w, https:\/\/noticiasmercedinas.com\/site\/wp-content\/uploads\/2018\/10\/2979add3-debd-4530-95ed-e2156c603517-768x576.jpg 768w, https:\/\/noticiasmercedinas.com\/site\/wp-content\/uploads\/2018\/10\/2979add3-debd-4530-95ed-e2156c603517-80x60.jpg 80w, https:\/\/noticiasmercedinas.com\/site\/wp-content\/uploads\/2018\/10\/2979add3-debd-4530-95ed-e2156c603517-160x120.jpg 160w, https:\/\/noticiasmercedinas.com\/site\/wp-content\/uploads\/2018\/10\/2979add3-debd-4530-95ed-e2156c603517-100x75.jpg 100w, https:\/\/noticiasmercedinas.com\/site\/wp-content\/uploads\/2018\/10\/2979add3-debd-4530-95ed-e2156c603517-200x150.jpg 200w, https:\/\/noticiasmercedinas.com\/site\/wp-content\/uploads\/2018\/10\/2979add3-debd-4530-95ed-e2156c603517-180x135.jpg 180w, https:\/\/noticiasmercedinas.com\/site\/wp-content\/uploads\/2018\/10\/2979add3-debd-4530-95ed-e2156c603517-360x270.jpg 360w, https:\/\/noticiasmercedinas.com\/site\/wp-content\/uploads\/2018\/10\/2979add3-debd-4530-95ed-e2156c603517-238x178.jpg 238w, https:\/\/noticiasmercedinas.com\/site\/wp-content\/uploads\/2018\/10\/2979add3-debd-4530-95ed-e2156c603517-476x356.jpg 476w, https:\/\/noticiasmercedinas.com\/site\/wp-content\/uploads\/2018\/10\/2979add3-debd-4530-95ed-e2156c603517-640x480.jpg 640w, https:\/\/noticiasmercedinas.com\/site\/wp-content\/uploads\/2018\/10\/2979add3-debd-4530-95ed-e2156c603517-681x511.jpg 681w, https:\/\/noticiasmercedinas.com\/site\/wp-content\/uploads\/2018\/10\/2979add3-debd-4530-95ed-e2156c603517.jpg 1032w\" sizes=\"auto, (max-width: 640px) 100vw, 640px\" \/><\/p>\n<p>\u201cSin superar esos tres grandes males de nuestra vida pol\u00edtica es imposible crecer, salir adelante y construir una sociedad equitativa y previsible. Reivindicamos el abrazo de Per\u00f3n y Balb\u00edn, como el que el 17 de octubre de 2016, en la sede nacional de las 62 Organizaciones, se dieron Sanz y el Momo Venegas. Nos juntamos con Macri, Carri\u00f3 y los amigos radicales para construir una alternativa de gobierno que nos sacara del abismo en el que est\u00e1bamos cayendo. Estuvimos a un paso de ser Venezuela. Miremos lo que hoy es Santa Cruz y ese es el panorama al que \u00edbamos indefectiblemente con el anterior gobierno\u201d, afirm\u00f3.<\/p>\n<p>\u201cHoy atravesamos una muy compleja y dif\u00edcil situaci\u00f3n. Negarlo ser\u00eda de necios. Pero, para nosotros la soluci\u00f3n no est\u00e1 en volver al pasado sino en avanzar hacia el futuro.\u00a0 Para eso, vamos a tener que atravesar este momento de dificultades. Nosotros estamos convencidos que nuestro pa\u00eds va a superar esta crisis como ha superado otras a\u00fan m\u00e1s graves. Creo que la producci\u00f3n agropecuaria, una vez m\u00e1s, va a darle a nuestra econom\u00eda el impulso que necesita. Vienen cosechas importantes y la nueva realidad cambiaria va a favorecer en gran medida a nuestras exportaciones y a las econom\u00edas regionales. Mientras tanto, es necesario ocuparse de los m\u00e1s desprotegidos y en eso est\u00e1 poniendo sus mayores esfuerzos el gobierno de Mar\u00eda Eugenia Vidal\u201d, sostuvo quien acompa\u00f1\u00f3 a Ram\u00f3n Ayala, Pablo Ansaloni, a los compa\u00f1eros de Col\u00f3n y otros distritos en la inauguraci\u00f3n de una nueva Casa del Partido FE en esa localidad.<\/p>\n<p>\u201cEl Partido FE ratifica una vez m\u00e1s nuestra pertenencia a Cambiemos y nuestra voluntad inquebrantable de luchar por los intereses de nuestro pueblo y por esa Argentina que todos nos merecemos\u201d, complet\u00f3 Pirotta.<\/p>\n","protected":false},"excerpt":{"rendered":"<p>Lo dijo Jorge Pirotta, quien fue parte en la inauguraci\u00f3n de una nueva Casa del Partido FE en la localidad de Col\u00f3n, Buenos Aires. \u201cNos sumamos a Cambiemos para poner fin a la corrupci\u00f3n y al enfrentamiento entre argentinos\u201d, sostuvo El mercedino Jorge Pirotta acompa\u00f1\u00f3 al conductor y secretario general de UATRE, Ram\u00f3n Ayala; a [&hellip;]<\/p>\n","protected":false},"author":2,"featured_media":3759,"comment_status":"open","ping_status":"open","sticky":false,"template":"","format":"standard","meta":{"footnotes":""},"categories":[16],"tags":[1025,141,1233,985,1232,359,1128,357],"class_list":["post-3758","post","type-post","status-publish","format-standard","has-post-thumbnail","hentry","category-politica","tag-alex-campbell","tag-buenos-aires","tag-cecilio-salazar","tag-colon","tag-entre-rios","tag-jorge-pirotta","tag-pablo-ansaloni","tag-partido-fe"],"yoast_head":"<!-- This site is optimized with the Yoast SEO plugin v27.5 - https:\/\/yoast.com\/product\/yoast-seo-wordpress\/ -->\n<title>\u201cEn las buenas y en las malas, somos Cambiemos\u201d<\/title>\n<meta name=\"robots\" content=\"index, follow, max-snippet:-1, max-image-preview:large, max-video-preview:-1\" \/>\n<link rel=\"canonical\" href=\"https:\/\/noticiasmercedinas.com\/site\/2018\/10\/07\/en-las-buenas-y-en-las-malas-somos-cambiemos\/\" \/>\n<meta property=\"og:locale\" content=\"es_ES\" \/>\n<meta property=\"og:type\" content=\"article\" \/>\n<meta property=\"og:title\" content=\"\u201cEn las buenas y en las malas, somos Cambiemos\u201d\" \/>\n<meta property=\"og:description\" content=\"Lo dijo Jorge Pirotta, quien fue parte en la inauguraci\u00f3n de una nueva Casa del Partido FE en la localidad de Col\u00f3n, Buenos Aires. \u201cNos sumamos a Cambiemos para poner fin a la corrupci\u00f3n y al enfrentamiento entre argentinos\u201d, sostuvo El mercedino Jorge Pirotta acompa\u00f1\u00f3 al conductor y secretario general de UATRE, Ram\u00f3n Ayala; a [&hellip;]\" \/>\n<meta property=\"og:url\" content=\"https:\/\/noticiasmercedinas.com\/site\/2018\/10\/07\/en-las-buenas-y-en-las-malas-somos-cambiemos\/\" \/>\n<meta property=\"og:site_name\" content=\"NOTICIASMERCEDINAS.COM\" \/>\n<meta property=\"article:publisher\" content=\"https:\/\/www.facebook.com\/noticiasmercedinas\/\" \/>\n<meta property=\"article:author\" content=\"https:\/\/www.facebook.com\/cristian.falabella\" \/>\n<meta property=\"article:published_time\" content=\"2018-10-07T13:37:48+00:00\" \/>\n<meta property=\"article:modified_time\" content=\"2018-10-07T14:30:34+00:00\" \/>\n<meta property=\"og:image\" content=\"https:\/\/noticiasmercedinas.com\/site\/wp-content\/uploads\/2018\/10\/0489fecd-394b-47be-a65d-bec7180e1a46.jpg\" \/>\n\t<meta property=\"og:image:width\" content=\"1280\" \/>\n\t<meta property=\"og:image:height\" content=\"878\" \/>\n\t<meta property=\"og:image:type\" content=\"image\/jpeg\" \/>\n<meta name=\"author\" content=\"Cristian Falabella NOTICIASMERCEDINAS.COM\" \/>\n<meta name=\"twitter:card\" content=\"summary_large_image\" \/>\n<meta name=\"twitter:creator\" content=\"@https:\/\/twitter.com\/NOTMERCEDINAS\" \/>\n<meta name=\"twitter:site\" content=\"@notmercedinas\" \/>\n<meta name=\"twitter:label1\" content=\"Escrito por\" \/>\n\t<meta name=\"twitter:data1\" content=\"Cristian Falabella NOTICIASMERCEDINAS.COM\" \/>\n\t<meta name=\"twitter:label2\" content=\"Tiempo de lectura\" \/>\n\t<meta name=\"twitter:data2\" content=\"3 minutos\" \/>\n<script type=\"application\/ld+json\" class=\"yoast-schema-graph\">{\"@context\":\"https:\\\/\\\/schema.org\",\"@graph\":[{\"@type\":\"Article\",\"@id\":\"https:\\\/\\\/noticiasmercedinas.com\\\/site\\\/2018\\\/10\\\/07\\\/en-las-buenas-y-en-las-malas-somos-cambiemos\\\/#article\",\"isPartOf\":{\"@id\":\"https:\\\/\\\/noticiasmercedinas.com\\\/site\\\/2018\\\/10\\\/07\\\/en-las-buenas-y-en-las-malas-somos-cambiemos\\\/\"},\"author\":{\"name\":\"Cristian Falabella NOTICIASMERCEDINAS.COM\",\"@id\":\"https:\\\/\\\/noticiasmercedinas.com\\\/site\\\/#\\\/schema\\\/person\\\/d481a9696a5feaec13a60e2bbd991a6a\"},\"headline\":\"\u201cEn las buenas y en las malas, somos Cambiemos\u201d\",\"datePublished\":\"2018-10-07T13:37:48+00:00\",\"dateModified\":\"2018-10-07T14:30:34+00:00\",\"mainEntityOfPage\":{\"@id\":\"https:\\\/\\\/noticiasmercedinas.com\\\/site\\\/2018\\\/10\\\/07\\\/en-las-buenas-y-en-las-malas-somos-cambiemos\\\/\"},\"wordCount\":575,\"commentCount\":0,\"publisher\":{\"@id\":\"https:\\\/\\\/noticiasmercedinas.com\\\/site\\\/#organization\"},\"image\":{\"@id\":\"https:\\\/\\\/noticiasmercedinas.com\\\/site\\\/2018\\\/10\\\/07\\\/en-las-buenas-y-en-las-malas-somos-cambiemos\\\/#primaryimage\"},\"thumbnailUrl\":\"https:\\\/\\\/noticiasmercedinas.com\\\/site\\\/wp-content\\\/uploads\\\/2018\\\/10\\\/0489fecd-394b-47be-a65d-bec7180e1a46.jpg\",\"keywords\":[\"alex campbell\",\"buenos aires\",\"cecilio salazar\",\"colon\",\"entre rios\",\"jorge pirotta\",\"pablo ansaloni\",\"partido fe\"],\"articleSection\":[\"Politica\"],\"inLanguage\":\"es\",\"potentialAction\":[{\"@type\":\"CommentAction\",\"name\":\"Comment\",\"target\":[\"https:\\\/\\\/noticiasmercedinas.com\\\/site\\\/2018\\\/10\\\/07\\\/en-las-buenas-y-en-las-malas-somos-cambiemos\\\/#respond\"]}]},{\"@type\":\"WebPage\",\"@id\":\"https:\\\/\\\/noticiasmercedinas.com\\\/site\\\/2018\\\/10\\\/07\\\/en-las-buenas-y-en-las-malas-somos-cambiemos\\\/\",\"url\":\"https:\\\/\\\/noticiasmercedinas.com\\\/site\\\/2018\\\/10\\\/07\\\/en-las-buenas-y-en-las-malas-somos-cambiemos\\\/\",\"name\":\"\u201cEn las buenas y en las malas, somos Cambiemos\u201d\",\"isPartOf\":{\"@id\":\"https:\\\/\\\/noticiasmercedinas.com\\\/site\\\/#website\"},\"primaryImageOfPage\":{\"@id\":\"https:\\\/\\\/noticiasmercedinas.com\\\/site\\\/2018\\\/10\\\/07\\\/en-las-buenas-y-en-las-malas-somos-cambiemos\\\/#primaryimage\"},\"image\":{\"@id\":\"https:\\\/\\\/noticiasmercedinas.com\\\/site\\\/2018\\\/10\\\/07\\\/en-las-buenas-y-en-las-malas-somos-cambiemos\\\/#primaryimage\"},\"thumbnailUrl\":\"https:\\\/\\\/noticiasmercedinas.com\\\/site\\\/wp-content\\\/uploads\\\/2018\\\/10\\\/0489fecd-394b-47be-a65d-bec7180e1a46.jpg\",\"datePublished\":\"2018-10-07T13:37:48+00:00\",\"dateModified\":\"2018-10-07T14:30:34+00:00\",\"breadcrumb\":{\"@id\":\"https:\\\/\\\/noticiasmercedinas.com\\\/site\\\/2018\\\/10\\\/07\\\/en-las-buenas-y-en-las-malas-somos-cambiemos\\\/#breadcrumb\"},\"inLanguage\":\"es\",\"potentialAction\":[{\"@type\":\"ReadAction\",\"target\":[\"https:\\\/\\\/noticiasmercedinas.com\\\/site\\\/2018\\\/10\\\/07\\\/en-las-buenas-y-en-las-malas-somos-cambiemos\\\/\"]}]},{\"@type\":\"ImageObject\",\"inLanguage\":\"es\",\"@id\":\"https:\\\/\\\/noticiasmercedinas.com\\\/site\\\/2018\\\/10\\\/07\\\/en-las-buenas-y-en-las-malas-somos-cambiemos\\\/#primaryimage\",\"url\":\"https:\\\/\\\/noticiasmercedinas.com\\\/site\\\/wp-content\\\/uploads\\\/2018\\\/10\\\/0489fecd-394b-47be-a65d-bec7180e1a46.jpg\",\"contentUrl\":\"https:\\\/\\\/noticiasmercedinas.com\\\/site\\\/wp-content\\\/uploads\\\/2018\\\/10\\\/0489fecd-394b-47be-a65d-bec7180e1a46.jpg\",\"width\":1280,\"height\":878},{\"@type\":\"BreadcrumbList\",\"@id\":\"https:\\\/\\\/noticiasmercedinas.com\\\/site\\\/2018\\\/10\\\/07\\\/en-las-buenas-y-en-las-malas-somos-cambiemos\\\/#breadcrumb\",\"itemListElement\":[{\"@type\":\"ListItem\",\"position\":1,\"name\":\"Portada\",\"item\":\"https:\\\/\\\/noticiasmercedinas.com\\\/site\\\/\"},{\"@type\":\"ListItem\",\"position\":2,\"name\":\"\u201cEn las buenas y en las malas, somos Cambiemos\u201d\"}]},{\"@type\":\"WebSite\",\"@id\":\"https:\\\/\\\/noticiasmercedinas.com\\\/site\\\/#website\",\"url\":\"https:\\\/\\\/noticiasmercedinas.com\\\/site\\\/\",\"name\":\"NOTICIASMERCEDINAS.COM\",\"description\":\"Mercedes, Buenos Aires, Argentina\",\"publisher\":{\"@id\":\"https:\\\/\\\/noticiasmercedinas.com\\\/site\\\/#organization\"},\"potentialAction\":[{\"@type\":\"SearchAction\",\"target\":{\"@type\":\"EntryPoint\",\"urlTemplate\":\"https:\\\/\\\/noticiasmercedinas.com\\\/site\\\/?s={search_term_string}\"},\"query-input\":{\"@type\":\"PropertyValueSpecification\",\"valueRequired\":true,\"valueName\":\"search_term_string\"}}],\"inLanguage\":\"es\"},{\"@type\":\"Organization\",\"@id\":\"https:\\\/\\\/noticiasmercedinas.com\\\/site\\\/#organization\",\"name\":\"NOTICIASMERCEDINAS.COM\",\"url\":\"https:\\\/\\\/noticiasmercedinas.com\\\/site\\\/\",\"logo\":{\"@type\":\"ImageObject\",\"inLanguage\":\"es\",\"@id\":\"https:\\\/\\\/noticiasmercedinas.com\\\/site\\\/#\\\/schema\\\/logo\\\/image\\\/\",\"url\":\"https:\\\/\\\/noticiasmercedinas.com\\\/site\\\/wp-content\\\/uploads\\\/2020\\\/06\\\/LOGO-512.jpg\",\"contentUrl\":\"https:\\\/\\\/noticiasmercedinas.com\\\/site\\\/wp-content\\\/uploads\\\/2020\\\/06\\\/LOGO-512.jpg\",\"width\":512,\"height\":512,\"caption\":\"NOTICIASMERCEDINAS.COM\"},\"image\":{\"@id\":\"https:\\\/\\\/noticiasmercedinas.com\\\/site\\\/#\\\/schema\\\/logo\\\/image\\\/\"},\"sameAs\":[\"https:\\\/\\\/www.facebook.com\\\/noticiasmercedinas\\\/\",\"https:\\\/\\\/x.com\\\/notmercedinas\",\"https:\\\/\\\/www.instagram.com\\\/noticiasmercedinas\\\/\"]},{\"@type\":\"Person\",\"@id\":\"https:\\\/\\\/noticiasmercedinas.com\\\/site\\\/#\\\/schema\\\/person\\\/d481a9696a5feaec13a60e2bbd991a6a\",\"name\":\"Cristian Falabella NOTICIASMERCEDINAS.COM\",\"image\":{\"@type\":\"ImageObject\",\"inLanguage\":\"es\",\"@id\":\"https:\\\/\\\/secure.gravatar.com\\\/avatar\\\/0dbbfc45970cc46bcd0e57766228574ff3511d6eed045b182f536f0f478c1f06?s=96&d=mm&r=g\",\"url\":\"https:\\\/\\\/secure.gravatar.com\\\/avatar\\\/0dbbfc45970cc46bcd0e57766228574ff3511d6eed045b182f536f0f478c1f06?s=96&d=mm&r=g\",\"contentUrl\":\"https:\\\/\\\/secure.gravatar.com\\\/avatar\\\/0dbbfc45970cc46bcd0e57766228574ff3511d6eed045b182f536f0f478c1f06?s=96&d=mm&r=g\",\"caption\":\"Cristian Falabella NOTICIASMERCEDINAS.COM\"},\"description\":\"Periodista, editor de Noticias Mercedinas. Pas\u00f3 por varias redacciones y emprendimientos de prensa, en distintos formatos y \u00e9pocas. Se especializ\u00f3 --y sigue haci\u00e9ndolo-- en comunicaci\u00f3n en la web y en junio de 2006 fund\u00f3 este diario digital.\",\"sameAs\":[\"https:\\\/\\\/noticiasmercedinas.com\",\"https:\\\/\\\/www.facebook.com\\\/cristian.falabella\",\"https:\\\/\\\/www.instagram.com\\\/noticiasmercedinas\\\/\",\"https:\\\/\\\/x.com\\\/https:\\\/\\\/twitter.com\\\/NOTMERCEDINAS\"],\"url\":\"https:\\\/\\\/noticiasmercedinas.com\\\/site\\\/author\\\/as000384\\\/\"}]}<\/script>\n<!-- \/ Yoast SEO plugin. -->","yoast_head_json":{"title":"\u201cEn las buenas y en las malas, somos Cambiemos\u201d","robots":{"index":"index","follow":"follow","max-snippet":"max-snippet:-1","max-image-preview":"max-image-preview:large","max-video-preview":"max-video-preview:-1"},"canonical":"https:\/\/noticiasmercedinas.com\/site\/2018\/10\/07\/en-las-buenas-y-en-las-malas-somos-cambiemos\/","og_locale":"es_ES","og_type":"article","og_title":"\u201cEn las buenas y en las malas, somos Cambiemos\u201d","og_description":"Lo dijo Jorge Pirotta, quien fue parte en la inauguraci\u00f3n de una nueva Casa del Partido FE en la localidad de Col\u00f3n, Buenos Aires. \u201cNos sumamos a Cambiemos para poner fin a la corrupci\u00f3n y al enfrentamiento entre argentinos\u201d, sostuvo El mercedino Jorge Pirotta acompa\u00f1\u00f3 al conductor y secretario general de UATRE, Ram\u00f3n Ayala; a [&hellip;]","og_url":"https:\/\/noticiasmercedinas.com\/site\/2018\/10\/07\/en-las-buenas-y-en-las-malas-somos-cambiemos\/","og_site_name":"NOTICIASMERCEDINAS.COM","article_publisher":"https:\/\/www.facebook.com\/noticiasmercedinas\/","article_author":"https:\/\/www.facebook.com\/cristian.falabella","article_published_time":"2018-10-07T13:37:48+00:00","article_modified_time":"2018-10-07T14:30:34+00:00","og_image":[{"width":1280,"height":878,"url":"https:\/\/noticiasmercedinas.com\/site\/wp-content\/uploads\/2018\/10\/0489fecd-394b-47be-a65d-bec7180e1a46.jpg","type":"image\/jpeg"}],"author":"Cristian Falabella NOTICIASMERCEDINAS.COM","twitter_card":"summary_large_image","twitter_creator":"@https:\/\/twitter.com\/NOTMERCEDINAS","twitter_site":"@notmercedinas","twitter_misc":{"Escrito por":"Cristian Falabella NOTICIASMERCEDINAS.COM","Tiempo de lectura":"3 minutos"},"schema":{"@context":"https:\/\/schema.org","@graph":[{"@type":"Article","@id":"https:\/\/noticiasmercedinas.com\/site\/2018\/10\/07\/en-las-buenas-y-en-las-malas-somos-cambiemos\/#article","isPartOf":{"@id":"https:\/\/noticiasmercedinas.com\/site\/2018\/10\/07\/en-las-buenas-y-en-las-malas-somos-cambiemos\/"},"author":{"name":"Cristian Falabella NOTICIASMERCEDINAS.COM","@id":"https:\/\/noticiasmercedinas.com\/site\/#\/schema\/person\/d481a9696a5feaec13a60e2bbd991a6a"},"headline":"\u201cEn las buenas y en las malas, somos Cambiemos\u201d","datePublished":"2018-10-07T13:37:48+00:00","dateModified":"2018-10-07T14:30:34+00:00","mainEntityOfPage":{"@id":"https:\/\/noticiasmercedinas.com\/site\/2018\/10\/07\/en-las-buenas-y-en-las-malas-somos-cambiemos\/"},"wordCount":575,"commentCount":0,"publisher":{"@id":"https:\/\/noticiasmercedinas.com\/site\/#organization"},"image":{"@id":"https:\/\/noticiasmercedinas.com\/site\/2018\/10\/07\/en-las-buenas-y-en-las-malas-somos-cambiemos\/#primaryimage"},"thumbnailUrl":"https:\/\/noticiasmercedinas.com\/site\/wp-content\/uploads\/2018\/10\/0489fecd-394b-47be-a65d-bec7180e1a46.jpg","keywords":["alex campbell","buenos aires","cecilio salazar","colon","entre rios","jorge pirotta","pablo ansaloni","partido fe"],"articleSection":["Politica"],"inLanguage":"es","potentialAction":[{"@type":"CommentAction","name":"Comment","target":["https:\/\/noticiasmercedinas.com\/site\/2018\/10\/07\/en-las-buenas-y-en-las-malas-somos-cambiemos\/#respond"]}]},{"@type":"WebPage","@id":"https:\/\/noticiasmercedinas.com\/site\/2018\/10\/07\/en-las-buenas-y-en-las-malas-somos-cambiemos\/","url":"https:\/\/noticiasmercedinas.com\/site\/2018\/10\/07\/en-las-buenas-y-en-las-malas-somos-cambiemos\/","name":"\u201cEn las buenas y en las malas, somos Cambiemos\u201d","isPartOf":{"@id":"https:\/\/noticiasmercedinas.com\/site\/#website"},"primaryImageOfPage":{"@id":"https:\/\/noticiasmercedinas.com\/site\/2018\/10\/07\/en-las-buenas-y-en-las-malas-somos-cambiemos\/#primaryimage"},"image":{"@id":"https:\/\/noticiasmercedinas.com\/site\/2018\/10\/07\/en-las-buenas-y-en-las-malas-somos-cambiemos\/#primaryimage"},"thumbnailUrl":"https:\/\/noticiasmercedinas.com\/site\/wp-content\/uploads\/2018\/10\/0489fecd-394b-47be-a65d-bec7180e1a46.jpg","datePublished":"2018-10-07T13:37:48+00:00","dateModified":"2018-10-07T14:30:34+00:00","breadcrumb":{"@id":"https:\/\/noticiasmercedinas.com\/site\/2018\/10\/07\/en-las-buenas-y-en-las-malas-somos-cambiemos\/#breadcrumb"},"inLanguage":"es","potentialAction":[{"@type":"ReadAction","target":["https:\/\/noticiasmercedinas.com\/site\/2018\/10\/07\/en-las-buenas-y-en-las-malas-somos-cambiemos\/"]}]},{"@type":"ImageObject","inLanguage":"es","@id":"https:\/\/noticiasmercedinas.com\/site\/2018\/10\/07\/en-las-buenas-y-en-las-malas-somos-cambiemos\/#primaryimage","url":"https:\/\/noticiasmercedinas.com\/site\/wp-content\/uploads\/2018\/10\/0489fecd-394b-47be-a65d-bec7180e1a46.jpg","contentUrl":"https:\/\/noticiasmercedinas.com\/site\/wp-content\/uploads\/2018\/10\/0489fecd-394b-47be-a65d-bec7180e1a46.jpg","width":1280,"height":878},{"@type":"BreadcrumbList","@id":"https:\/\/noticiasmercedinas.com\/site\/2018\/10\/07\/en-las-buenas-y-en-las-malas-somos-cambiemos\/#breadcrumb","itemListElement":[{"@type":"ListItem","position":1,"name":"Portada","item":"https:\/\/noticiasmercedinas.com\/site\/"},{"@type":"ListItem","position":2,"name":"\u201cEn las buenas y en las malas, somos Cambiemos\u201d"}]},{"@type":"WebSite","@id":"https:\/\/noticiasmercedinas.com\/site\/#website","url":"https:\/\/noticiasmercedinas.com\/site\/","name":"NOTICIASMERCEDINAS.COM","description":"Mercedes, Buenos Aires, Argentina","publisher":{"@id":"https:\/\/noticiasmercedinas.com\/site\/#organization"},"potentialAction":[{"@type":"SearchAction","target":{"@type":"EntryPoint","urlTemplate":"https:\/\/noticiasmercedinas.com\/site\/?s={search_term_string}"},"query-input":{"@type":"PropertyValueSpecification","valueRequired":true,"valueName":"search_term_string"}}],"inLanguage":"es"},{"@type":"Organization","@id":"https:\/\/noticiasmercedinas.com\/site\/#organization","name":"NOTICIASMERCEDINAS.COM","url":"https:\/\/noticiasmercedinas.com\/site\/","logo":{"@type":"ImageObject","inLanguage":"es","@id":"https:\/\/noticiasmercedinas.com\/site\/#\/schema\/logo\/image\/","url":"https:\/\/noticiasmercedinas.com\/site\/wp-content\/uploads\/2020\/06\/LOGO-512.jpg","contentUrl":"https:\/\/noticiasmercedinas.com\/site\/wp-content\/uploads\/2020\/06\/LOGO-512.jpg","width":512,"height":512,"caption":"NOTICIASMERCEDINAS.COM"},"image":{"@id":"https:\/\/noticiasmercedinas.com\/site\/#\/schema\/logo\/image\/"},"sameAs":["https:\/\/www.facebook.com\/noticiasmercedinas\/","https:\/\/x.com\/notmercedinas","https:\/\/www.instagram.com\/noticiasmercedinas\/"]},{"@type":"Person","@id":"https:\/\/noticiasmercedinas.com\/site\/#\/schema\/person\/d481a9696a5feaec13a60e2bbd991a6a","name":"Cristian Falabella NOTICIASMERCEDINAS.COM","image":{"@type":"ImageObject","inLanguage":"es","@id":"https:\/\/secure.gravatar.com\/avatar\/0dbbfc45970cc46bcd0e57766228574ff3511d6eed045b182f536f0f478c1f06?s=96&d=mm&r=g","url":"https:\/\/secure.gravatar.com\/avatar\/0dbbfc45970cc46bcd0e57766228574ff3511d6eed045b182f536f0f478c1f06?s=96&d=mm&r=g","contentUrl":"https:\/\/secure.gravatar.com\/avatar\/0dbbfc45970cc46bcd0e57766228574ff3511d6eed045b182f536f0f478c1f06?s=96&d=mm&r=g","caption":"Cristian Falabella NOTICIASMERCEDINAS.COM"},"description":"Periodista, editor de Noticias Mercedinas. Pas\u00f3 por varias redacciones y emprendimientos de prensa, en distintos formatos y \u00e9pocas. Se especializ\u00f3 --y sigue haci\u00e9ndolo-- en comunicaci\u00f3n en la web y en junio de 2006 fund\u00f3 este diario digital.","sameAs":["https:\/\/noticiasmercedinas.com","https:\/\/www.facebook.com\/cristian.falabella","https:\/\/www.instagram.com\/noticiasmercedinas\/","https:\/\/x.com\/https:\/\/twitter.com\/NOTMERCEDINAS"],"url":"https:\/\/noticiasmercedinas.com\/site\/author\/as000384\/"}]}},"amp_enabled":true,"_links":{"self":[{"href":"https:\/\/noticiasmercedinas.com\/site\/wp-json\/wp\/v2\/posts\/3758","targetHints":{"allow":["GET"]}}],"collection":[{"href":"https:\/\/noticiasmercedinas.com\/site\/wp-json\/wp\/v2\/posts"}],"about":[{"href":"https:\/\/noticiasmercedinas.com\/site\/wp-json\/wp\/v2\/types\/post"}],"author":[{"embeddable":true,"href":"https:\/\/noticiasmercedinas.com\/site\/wp-json\/wp\/v2\/users\/2"}],"replies":[{"embeddable":true,"href":"https:\/\/noticiasmercedinas.com\/site\/wp-json\/wp\/v2\/comments?post=3758"}],"version-history":[{"count":2,"href":"https:\/\/noticiasmercedinas.com\/site\/wp-json\/wp\/v2\/posts\/3758\/revisions"}],"predecessor-version":[{"id":3769,"href":"https:\/\/noticiasmercedinas.com\/site\/wp-json\/wp\/v2\/posts\/3758\/revisions\/3769"}],"wp:featuredmedia":[{"embeddable":true,"href":"https:\/\/noticiasmercedinas.com\/site\/wp-json\/wp\/v2\/media\/3759"}],"wp:attachment":[{"href":"https:\/\/noticiasmercedinas.com\/site\/wp-json\/wp\/v2\/media?parent=3758"}],"wp:term":[{"taxonomy":"category","embeddable":true,"href":"https:\/\/noticiasmercedinas.com\/site\/wp-json\/wp\/v2\/categories?post=3758"},{"taxonomy":"post_tag","embeddable":true,"href":"https:\/\/noticiasmercedinas.com\/site\/wp-json\/wp\/v2\/tags?post=3758"}],"curies":[{"name":"wp","href":"https:\/\/api.w.org\/{rel}","templated":true}]}}