{"id":37621,"date":"2020-01-09T19:32:18","date_gmt":"2020-01-09T22:32:18","guid":{"rendered":"https:\/\/noticiasmercedinas.com\/site\/?p=37621"},"modified":"2020-01-09T19:32:18","modified_gmt":"2020-01-09T22:32:18","slug":"se-presento-el-plan-nacional-argentina-contra-el-hambre-en-la-provincia-de-buenos-aires","status":"publish","type":"post","link":"https:\/\/noticiasmercedinas.com\/site\/2020\/01\/09\/se-presento-el-plan-nacional-argentina-contra-el-hambre-en-la-provincia-de-buenos-aires\/","title":{"rendered":"Se present\u00f3 el Plan Nacional Argentina Contra el Hambre en la Provincia de Buenos Aires"},"content":{"rendered":"<p><img loading=\"lazy\" decoding=\"async\" class=\"alignnone size-large wp-image-37622\" src=\"https:\/\/noticiasmercedinas.com\/site\/wp-content\/uploads\/2020\/01\/image2-1024x682.jpeg\" alt=\"\" width=\"640\" height=\"426\" srcset=\"https:\/\/noticiasmercedinas.com\/site\/wp-content\/uploads\/2020\/01\/image2-1024x682.jpeg 1024w, https:\/\/noticiasmercedinas.com\/site\/wp-content\/uploads\/2020\/01\/image2-300x200.jpeg 300w, https:\/\/noticiasmercedinas.com\/site\/wp-content\/uploads\/2020\/01\/image2-768x511.jpeg 768w, https:\/\/noticiasmercedinas.com\/site\/wp-content\/uploads\/2020\/01\/image2-1536x1022.jpeg 1536w, https:\/\/noticiasmercedinas.com\/site\/wp-content\/uploads\/2020\/01\/image2-2048x1363.jpeg 2048w, https:\/\/noticiasmercedinas.com\/site\/wp-content\/uploads\/2020\/01\/image2-640x426.jpeg 640w, https:\/\/noticiasmercedinas.com\/site\/wp-content\/uploads\/2020\/01\/image2-1280x852.jpeg 1280w, https:\/\/noticiasmercedinas.com\/site\/wp-content\/uploads\/2020\/01\/image2-681x453.jpeg 681w, https:\/\/noticiasmercedinas.com\/site\/wp-content\/uploads\/2020\/01\/image2-1362x907.jpeg 1362w\" sizes=\"auto, (max-width: 640px) 100vw, 640px\" \/><\/p>\n<p>El gobernador de la provincia de Buenos Aires, <strong>Axel Kicillof<\/strong>, firm\u00f3 esta ma\u00f1ana el convenio marco para la implementaci\u00f3n del Plan Nacional Integral \u00abArgentina Contra el Hambre\u00bb, junto al ministro de Desarrollo Social de la Naci\u00f3n, <strong>Daniel Arroyo<\/strong>. La presentaci\u00f3n del acuerdo tambi\u00e9n cont\u00f3 con la presencia de la ministra de Desarrollo de la Comunidad, <strong>Fernanda Raverta<\/strong>, y el presidente del Banco Provincia, <strong>Juan Cuattromo<\/strong>.<\/p>\n<p>Durante el anuncio, Kicillof expres\u00f3 que \u201ceste programa no solo enfrenta el problema del hambre sino que es un programa integral\u201d porque \u201cpermite fomentar el aparato comercial y productivo\u201d, y agreg\u00f3 que \u201cgenerar trabajo es la forma m\u00e1s efectiva de responder a la cuesti\u00f3n del hambre\u201d.<\/p>\n<p>El Gobernador en ese sentido subray\u00f3: \u201cEste programa tiene tambi\u00e9n un elemento educativo, la llamada alimentaci\u00f3n saludable y la nutrici\u00f3n, y se va a acompa\u00f1ar en ese sentido a las familias\u201d.<\/p>\n<p>En este marco, la tarjeta \u201cAlimentar\u201d que entregar\u00e1 el Banco Provincia, es un instrumento para que las familias accedan a la canasta b\u00e1sica alimentaria saludable y comenzar\u00e1 a implementarse, de forma progresiva, desde el 20 de enero en la Provincia, empezando por el Conurbano. Se entregar\u00e1n en total m\u00e1s de 500 mil tarjetas a madres o padres con ni\u00f1os de hasta 6 a\u00f1os, embarazadas a partir del tercer mes y personas con discapacidad que perciban AUH. La entrega de tarjetas se realizar\u00e1 en articulaci\u00f3n con los municipios y tendr\u00e1 una recarga autom\u00e1tica mensual.<\/p>\n<p>En esta l\u00ednea, Kicillof afirm\u00f3 que \u201cnecesitamos que el Banco Provincia est\u00e9 para generar mayor igualdad\u201d y \u201cque los productores y los consumidores tengan acceso a los instrumentos financieros para la inclusi\u00f3n. El Banco Provincia tiene el fin de apalancar el crecimiento, la producci\u00f3n, la industria y la inclusi\u00f3n\u201d.<\/p>\n<p>Por su parte, Arroyo resalt\u00f3: \u201cEste plan tiene tres grandes objetivos: que todos puedan alimentarse saludablemente en la Argentina, es un gran plan de empleo que abarca a la econom\u00eda popular y, en tercer lugar, es un plan de desarrollo econ\u00f3mico\u201d. Al respecto, agreg\u00f3: \u201cEs una pol\u00edtica que inicia por lo alimentario, y tambi\u00e9n fortalece la educaci\u00f3n y el trabajo\u201d.<\/p>\n<p>Kicillof concluy\u00f3: \u201cLa alimentaci\u00f3n es un derecho, y donde hay un derecho tiene que estar el Estado garantiz\u00e1ndolo\u201d.<\/p>\n<p>En declaraciones a la prensa, Raverta se\u00f1al\u00f3 que \u00abestamos empezando a construir algo que para nosotros es un derecho que es que los chicos y las chicas de la provincia de Buenos Aires coman en sus casas, que sea el tiempo donde los padres y madres vuelvan a tener trabajo\u00bb.<\/p>\n<p>El Plan Argentina contra el Hambre busca garantizar la seguridad alimentaria de toda la poblaci\u00f3n y familias argentinas, con especial atenci\u00f3n en los sectores de mayor vulnerabilidad econ\u00f3mica y social.<\/p>\n<p>Cronograma del primer tramo de entrega de tarjetas Alimentar en la Provincia de Buenos Aires:<\/p>\n<p>\u2022 Semana del 20 de enero: La Matanza, Avellaneda, Almirante Brown, Hurlingham, San Fernando, San Mart\u00edn y Mor\u00f3n.<br \/>\n\u2022 Semana del 27 de enero: Merlo, San Miguel, Malvinas Argentinas, Lomas de Zamora y Quilmes.<br \/>\n\u2022 Semana de 3 de febrero: Ituzaing\u00f3, Moreno, tres de Febrero, Tigre, Jos\u00e9 C. Paz, Lan\u00fas, Esteban Echeverr\u00eda y Florencio Varela.<br \/>\n\u2022 Semana del 10 de febrero: San Isidro, Vicente L\u00f3pez, Ezeiza y Berazategui.<\/p>\n","protected":false},"excerpt":{"rendered":"<p>El gobernador de la provincia de Buenos Aires, Axel Kicillof, firm\u00f3 esta ma\u00f1ana el convenio marco para la implementaci\u00f3n del Plan Nacional Integral \u00abArgentina Contra el Hambre\u00bb, junto al ministro de Desarrollo Social de la Naci\u00f3n, Daniel Arroyo. La presentaci\u00f3n del acuerdo tambi\u00e9n cont\u00f3 con la presencia de la ministra de Desarrollo de la Comunidad, [&hellip;]<\/p>\n","protected":false},"author":16,"featured_media":37622,"comment_status":"open","ping_status":"open","sticky":false,"template":"","format":"standard","meta":{"footnotes":""},"categories":[139],"tags":[7903,5297,1604,6513,7904,142],"class_list":["post-37621","post","type-post","status-publish","format-standard","has-post-thumbnail","hentry","category-regionales","tag-argentina-contra-el-hambre","tag-axel-kicillof","tag-daniel-arroyo","tag-fernanda-raverta","tag-juan-cuattromo","tag-provincia"],"yoast_head":"<!-- This site is optimized with the Yoast SEO plugin v27.4 - https:\/\/yoast.com\/product\/yoast-seo-wordpress\/ -->\n<title>Se present\u00f3 el Plan Nacional Argentina Contra el Hambre en la Provincia de Buenos Aires<\/title>\n<meta name=\"robots\" content=\"index, follow, max-snippet:-1, max-image-preview:large, max-video-preview:-1\" \/>\n<link rel=\"canonical\" href=\"https:\/\/noticiasmercedinas.com\/site\/2020\/01\/09\/se-presento-el-plan-nacional-argentina-contra-el-hambre-en-la-provincia-de-buenos-aires\/\" \/>\n<meta property=\"og:locale\" content=\"es_ES\" \/>\n<meta property=\"og:type\" content=\"article\" \/>\n<meta property=\"og:title\" content=\"Se present\u00f3 el Plan Nacional Argentina Contra el Hambre en la Provincia de Buenos Aires\" \/>\n<meta property=\"og:description\" content=\"El gobernador de la provincia de Buenos Aires, Axel Kicillof, firm\u00f3 esta ma\u00f1ana el convenio marco para la implementaci\u00f3n del Plan Nacional Integral \u00abArgentina Contra el Hambre\u00bb, junto al ministro de Desarrollo Social de la Naci\u00f3n, Daniel Arroyo. La presentaci\u00f3n del acuerdo tambi\u00e9n cont\u00f3 con la presencia de la ministra de Desarrollo de la Comunidad, [&hellip;]\" \/>\n<meta property=\"og:url\" content=\"https:\/\/noticiasmercedinas.com\/site\/2020\/01\/09\/se-presento-el-plan-nacional-argentina-contra-el-hambre-en-la-provincia-de-buenos-aires\/\" \/>\n<meta property=\"og:site_name\" content=\"NOTICIASMERCEDINAS.COM\" \/>\n<meta property=\"article:publisher\" content=\"https:\/\/www.facebook.com\/noticiasmercedinas\/\" \/>\n<meta property=\"article:published_time\" content=\"2020-01-09T22:32:18+00:00\" \/>\n<meta property=\"og:image\" content=\"https:\/\/noticiasmercedinas.com\/site\/wp-content\/uploads\/2020\/01\/image2-scaled.jpeg\" \/>\n\t<meta property=\"og:image:width\" content=\"2560\" \/>\n\t<meta property=\"og:image:height\" content=\"1704\" \/>\n\t<meta property=\"og:image:type\" content=\"image\/jpeg\" \/>\n<meta name=\"author\" content=\"NOTICIASMERCEDINAS.COM\" \/>\n<meta name=\"twitter:card\" content=\"summary_large_image\" \/>\n<meta name=\"twitter:creator\" content=\"@notmercedinas\" \/>\n<meta name=\"twitter:site\" content=\"@notmercedinas\" \/>\n<meta name=\"twitter:label1\" content=\"Escrito por\" \/>\n\t<meta name=\"twitter:data1\" content=\"NOTICIASMERCEDINAS.COM\" \/>\n\t<meta name=\"twitter:label2\" content=\"Tiempo de lectura\" \/>\n\t<meta name=\"twitter:data2\" content=\"3 minutos\" \/>\n<script type=\"application\/ld+json\" class=\"yoast-schema-graph\">{\"@context\":\"https:\\\/\\\/schema.org\",\"@graph\":[{\"@type\":\"Article\",\"@id\":\"https:\\\/\\\/noticiasmercedinas.com\\\/site\\\/2020\\\/01\\\/09\\\/se-presento-el-plan-nacional-argentina-contra-el-hambre-en-la-provincia-de-buenos-aires\\\/#article\",\"isPartOf\":{\"@id\":\"https:\\\/\\\/noticiasmercedinas.com\\\/site\\\/2020\\\/01\\\/09\\\/se-presento-el-plan-nacional-argentina-contra-el-hambre-en-la-provincia-de-buenos-aires\\\/\"},\"author\":{\"name\":\"NOTICIASMERCEDINAS.COM\",\"@id\":\"https:\\\/\\\/noticiasmercedinas.com\\\/site\\\/#\\\/schema\\\/person\\\/84b59c099c28ff2e8b77d4ceec5d8063\"},\"headline\":\"Se present\u00f3 el Plan Nacional Argentina Contra el Hambre en la Provincia de Buenos Aires\",\"datePublished\":\"2020-01-09T22:32:18+00:00\",\"mainEntityOfPage\":{\"@id\":\"https:\\\/\\\/noticiasmercedinas.com\\\/site\\\/2020\\\/01\\\/09\\\/se-presento-el-plan-nacional-argentina-contra-el-hambre-en-la-provincia-de-buenos-aires\\\/\"},\"wordCount\":567,\"commentCount\":0,\"publisher\":{\"@id\":\"https:\\\/\\\/noticiasmercedinas.com\\\/site\\\/#organization\"},\"image\":{\"@id\":\"https:\\\/\\\/noticiasmercedinas.com\\\/site\\\/2020\\\/01\\\/09\\\/se-presento-el-plan-nacional-argentina-contra-el-hambre-en-la-provincia-de-buenos-aires\\\/#primaryimage\"},\"thumbnailUrl\":\"https:\\\/\\\/noticiasmercedinas.com\\\/site\\\/wp-content\\\/uploads\\\/2020\\\/01\\\/image2-scaled.jpeg\",\"keywords\":[\"Argentina Contra el Hambre\",\"axel kicillof\",\"Daniel Arroyo\",\"Fernanda Raverta\",\"Juan Cuattromo\",\"provincia\"],\"articleSection\":[\"Regionales\"],\"inLanguage\":\"es\",\"potentialAction\":[{\"@type\":\"CommentAction\",\"name\":\"Comment\",\"target\":[\"https:\\\/\\\/noticiasmercedinas.com\\\/site\\\/2020\\\/01\\\/09\\\/se-presento-el-plan-nacional-argentina-contra-el-hambre-en-la-provincia-de-buenos-aires\\\/#respond\"]}]},{\"@type\":\"WebPage\",\"@id\":\"https:\\\/\\\/noticiasmercedinas.com\\\/site\\\/2020\\\/01\\\/09\\\/se-presento-el-plan-nacional-argentina-contra-el-hambre-en-la-provincia-de-buenos-aires\\\/\",\"url\":\"https:\\\/\\\/noticiasmercedinas.com\\\/site\\\/2020\\\/01\\\/09\\\/se-presento-el-plan-nacional-argentina-contra-el-hambre-en-la-provincia-de-buenos-aires\\\/\",\"name\":\"Se present\u00f3 el Plan Nacional Argentina Contra el Hambre en la Provincia de Buenos Aires\",\"isPartOf\":{\"@id\":\"https:\\\/\\\/noticiasmercedinas.com\\\/site\\\/#website\"},\"primaryImageOfPage\":{\"@id\":\"https:\\\/\\\/noticiasmercedinas.com\\\/site\\\/2020\\\/01\\\/09\\\/se-presento-el-plan-nacional-argentina-contra-el-hambre-en-la-provincia-de-buenos-aires\\\/#primaryimage\"},\"image\":{\"@id\":\"https:\\\/\\\/noticiasmercedinas.com\\\/site\\\/2020\\\/01\\\/09\\\/se-presento-el-plan-nacional-argentina-contra-el-hambre-en-la-provincia-de-buenos-aires\\\/#primaryimage\"},\"thumbnailUrl\":\"https:\\\/\\\/noticiasmercedinas.com\\\/site\\\/wp-content\\\/uploads\\\/2020\\\/01\\\/image2-scaled.jpeg\",\"datePublished\":\"2020-01-09T22:32:18+00:00\",\"breadcrumb\":{\"@id\":\"https:\\\/\\\/noticiasmercedinas.com\\\/site\\\/2020\\\/01\\\/09\\\/se-presento-el-plan-nacional-argentina-contra-el-hambre-en-la-provincia-de-buenos-aires\\\/#breadcrumb\"},\"inLanguage\":\"es\",\"potentialAction\":[{\"@type\":\"ReadAction\",\"target\":[\"https:\\\/\\\/noticiasmercedinas.com\\\/site\\\/2020\\\/01\\\/09\\\/se-presento-el-plan-nacional-argentina-contra-el-hambre-en-la-provincia-de-buenos-aires\\\/\"]}]},{\"@type\":\"ImageObject\",\"inLanguage\":\"es\",\"@id\":\"https:\\\/\\\/noticiasmercedinas.com\\\/site\\\/2020\\\/01\\\/09\\\/se-presento-el-plan-nacional-argentina-contra-el-hambre-en-la-provincia-de-buenos-aires\\\/#primaryimage\",\"url\":\"https:\\\/\\\/noticiasmercedinas.com\\\/site\\\/wp-content\\\/uploads\\\/2020\\\/01\\\/image2-scaled.jpeg\",\"contentUrl\":\"https:\\\/\\\/noticiasmercedinas.com\\\/site\\\/wp-content\\\/uploads\\\/2020\\\/01\\\/image2-scaled.jpeg\",\"width\":2560,\"height\":1704},{\"@type\":\"BreadcrumbList\",\"@id\":\"https:\\\/\\\/noticiasmercedinas.com\\\/site\\\/2020\\\/01\\\/09\\\/se-presento-el-plan-nacional-argentina-contra-el-hambre-en-la-provincia-de-buenos-aires\\\/#breadcrumb\",\"itemListElement\":[{\"@type\":\"ListItem\",\"position\":1,\"name\":\"Portada\",\"item\":\"https:\\\/\\\/noticiasmercedinas.com\\\/site\\\/\"},{\"@type\":\"ListItem\",\"position\":2,\"name\":\"Se present\u00f3 el Plan Nacional Argentina Contra el Hambre en la Provincia de Buenos Aires\"}]},{\"@type\":\"WebSite\",\"@id\":\"https:\\\/\\\/noticiasmercedinas.com\\\/site\\\/#website\",\"url\":\"https:\\\/\\\/noticiasmercedinas.com\\\/site\\\/\",\"name\":\"NOTICIASMERCEDINAS.COM\",\"description\":\"Mercedes, Buenos Aires, Argentina\",\"publisher\":{\"@id\":\"https:\\\/\\\/noticiasmercedinas.com\\\/site\\\/#organization\"},\"potentialAction\":[{\"@type\":\"SearchAction\",\"target\":{\"@type\":\"EntryPoint\",\"urlTemplate\":\"https:\\\/\\\/noticiasmercedinas.com\\\/site\\\/?s={search_term_string}\"},\"query-input\":{\"@type\":\"PropertyValueSpecification\",\"valueRequired\":true,\"valueName\":\"search_term_string\"}}],\"inLanguage\":\"es\"},{\"@type\":\"Organization\",\"@id\":\"https:\\\/\\\/noticiasmercedinas.com\\\/site\\\/#organization\",\"name\":\"NOTICIASMERCEDINAS.COM\",\"url\":\"https:\\\/\\\/noticiasmercedinas.com\\\/site\\\/\",\"logo\":{\"@type\":\"ImageObject\",\"inLanguage\":\"es\",\"@id\":\"https:\\\/\\\/noticiasmercedinas.com\\\/site\\\/#\\\/schema\\\/logo\\\/image\\\/\",\"url\":\"https:\\\/\\\/noticiasmercedinas.com\\\/site\\\/wp-content\\\/uploads\\\/2020\\\/06\\\/LOGO-512.jpg\",\"contentUrl\":\"https:\\\/\\\/noticiasmercedinas.com\\\/site\\\/wp-content\\\/uploads\\\/2020\\\/06\\\/LOGO-512.jpg\",\"width\":512,\"height\":512,\"caption\":\"NOTICIASMERCEDINAS.COM\"},\"image\":{\"@id\":\"https:\\\/\\\/noticiasmercedinas.com\\\/site\\\/#\\\/schema\\\/logo\\\/image\\\/\"},\"sameAs\":[\"https:\\\/\\\/www.facebook.com\\\/noticiasmercedinas\\\/\",\"https:\\\/\\\/x.com\\\/notmercedinas\",\"https:\\\/\\\/www.instagram.com\\\/noticiasmercedinas\\\/\"]},{\"@type\":\"Person\",\"@id\":\"https:\\\/\\\/noticiasmercedinas.com\\\/site\\\/#\\\/schema\\\/person\\\/84b59c099c28ff2e8b77d4ceec5d8063\",\"name\":\"NOTICIASMERCEDINAS.COM\",\"image\":{\"@type\":\"ImageObject\",\"inLanguage\":\"es\",\"@id\":\"https:\\\/\\\/secure.gravatar.com\\\/avatar\\\/4dfbf16b4d17945bfb6341b2d19043457132fcf478a5ee04f42e959fd8f5df0a?s=96&d=mm&r=g\",\"url\":\"https:\\\/\\\/secure.gravatar.com\\\/avatar\\\/4dfbf16b4d17945bfb6341b2d19043457132fcf478a5ee04f42e959fd8f5df0a?s=96&d=mm&r=g\",\"contentUrl\":\"https:\\\/\\\/secure.gravatar.com\\\/avatar\\\/4dfbf16b4d17945bfb6341b2d19043457132fcf478a5ee04f42e959fd8f5df0a?s=96&d=mm&r=g\",\"caption\":\"NOTICIASMERCEDINAS.COM\"},\"url\":\"https:\\\/\\\/noticiasmercedinas.com\\\/site\\\/author\\\/anonimo\\\/\"}]}<\/script>\n<!-- \/ Yoast SEO plugin. -->","yoast_head_json":{"title":"Se present\u00f3 el Plan Nacional Argentina Contra el Hambre en la Provincia de Buenos Aires","robots":{"index":"index","follow":"follow","max-snippet":"max-snippet:-1","max-image-preview":"max-image-preview:large","max-video-preview":"max-video-preview:-1"},"canonical":"https:\/\/noticiasmercedinas.com\/site\/2020\/01\/09\/se-presento-el-plan-nacional-argentina-contra-el-hambre-en-la-provincia-de-buenos-aires\/","og_locale":"es_ES","og_type":"article","og_title":"Se present\u00f3 el Plan Nacional Argentina Contra el Hambre en la Provincia de Buenos Aires","og_description":"El gobernador de la provincia de Buenos Aires, Axel Kicillof, firm\u00f3 esta ma\u00f1ana el convenio marco para la implementaci\u00f3n del Plan Nacional Integral \u00abArgentina Contra el Hambre\u00bb, junto al ministro de Desarrollo Social de la Naci\u00f3n, Daniel Arroyo. La presentaci\u00f3n del acuerdo tambi\u00e9n cont\u00f3 con la presencia de la ministra de Desarrollo de la Comunidad, [&hellip;]","og_url":"https:\/\/noticiasmercedinas.com\/site\/2020\/01\/09\/se-presento-el-plan-nacional-argentina-contra-el-hambre-en-la-provincia-de-buenos-aires\/","og_site_name":"NOTICIASMERCEDINAS.COM","article_publisher":"https:\/\/www.facebook.com\/noticiasmercedinas\/","article_published_time":"2020-01-09T22:32:18+00:00","og_image":[{"width":2560,"height":1704,"url":"https:\/\/noticiasmercedinas.com\/site\/wp-content\/uploads\/2020\/01\/image2-scaled.jpeg","type":"image\/jpeg"}],"author":"NOTICIASMERCEDINAS.COM","twitter_card":"summary_large_image","twitter_creator":"@notmercedinas","twitter_site":"@notmercedinas","twitter_misc":{"Escrito por":"NOTICIASMERCEDINAS.COM","Tiempo de lectura":"3 minutos"},"schema":{"@context":"https:\/\/schema.org","@graph":[{"@type":"Article","@id":"https:\/\/noticiasmercedinas.com\/site\/2020\/01\/09\/se-presento-el-plan-nacional-argentina-contra-el-hambre-en-la-provincia-de-buenos-aires\/#article","isPartOf":{"@id":"https:\/\/noticiasmercedinas.com\/site\/2020\/01\/09\/se-presento-el-plan-nacional-argentina-contra-el-hambre-en-la-provincia-de-buenos-aires\/"},"author":{"name":"NOTICIASMERCEDINAS.COM","@id":"https:\/\/noticiasmercedinas.com\/site\/#\/schema\/person\/84b59c099c28ff2e8b77d4ceec5d8063"},"headline":"Se present\u00f3 el Plan Nacional Argentina Contra el Hambre en la Provincia de Buenos Aires","datePublished":"2020-01-09T22:32:18+00:00","mainEntityOfPage":{"@id":"https:\/\/noticiasmercedinas.com\/site\/2020\/01\/09\/se-presento-el-plan-nacional-argentina-contra-el-hambre-en-la-provincia-de-buenos-aires\/"},"wordCount":567,"commentCount":0,"publisher":{"@id":"https:\/\/noticiasmercedinas.com\/site\/#organization"},"image":{"@id":"https:\/\/noticiasmercedinas.com\/site\/2020\/01\/09\/se-presento-el-plan-nacional-argentina-contra-el-hambre-en-la-provincia-de-buenos-aires\/#primaryimage"},"thumbnailUrl":"https:\/\/noticiasmercedinas.com\/site\/wp-content\/uploads\/2020\/01\/image2-scaled.jpeg","keywords":["Argentina Contra el Hambre","axel kicillof","Daniel Arroyo","Fernanda Raverta","Juan Cuattromo","provincia"],"articleSection":["Regionales"],"inLanguage":"es","potentialAction":[{"@type":"CommentAction","name":"Comment","target":["https:\/\/noticiasmercedinas.com\/site\/2020\/01\/09\/se-presento-el-plan-nacional-argentina-contra-el-hambre-en-la-provincia-de-buenos-aires\/#respond"]}]},{"@type":"WebPage","@id":"https:\/\/noticiasmercedinas.com\/site\/2020\/01\/09\/se-presento-el-plan-nacional-argentina-contra-el-hambre-en-la-provincia-de-buenos-aires\/","url":"https:\/\/noticiasmercedinas.com\/site\/2020\/01\/09\/se-presento-el-plan-nacional-argentina-contra-el-hambre-en-la-provincia-de-buenos-aires\/","name":"Se present\u00f3 el Plan Nacional Argentina Contra el Hambre en la Provincia de Buenos Aires","isPartOf":{"@id":"https:\/\/noticiasmercedinas.com\/site\/#website"},"primaryImageOfPage":{"@id":"https:\/\/noticiasmercedinas.com\/site\/2020\/01\/09\/se-presento-el-plan-nacional-argentina-contra-el-hambre-en-la-provincia-de-buenos-aires\/#primaryimage"},"image":{"@id":"https:\/\/noticiasmercedinas.com\/site\/2020\/01\/09\/se-presento-el-plan-nacional-argentina-contra-el-hambre-en-la-provincia-de-buenos-aires\/#primaryimage"},"thumbnailUrl":"https:\/\/noticiasmercedinas.com\/site\/wp-content\/uploads\/2020\/01\/image2-scaled.jpeg","datePublished":"2020-01-09T22:32:18+00:00","breadcrumb":{"@id":"https:\/\/noticiasmercedinas.com\/site\/2020\/01\/09\/se-presento-el-plan-nacional-argentina-contra-el-hambre-en-la-provincia-de-buenos-aires\/#breadcrumb"},"inLanguage":"es","potentialAction":[{"@type":"ReadAction","target":["https:\/\/noticiasmercedinas.com\/site\/2020\/01\/09\/se-presento-el-plan-nacional-argentina-contra-el-hambre-en-la-provincia-de-buenos-aires\/"]}]},{"@type":"ImageObject","inLanguage":"es","@id":"https:\/\/noticiasmercedinas.com\/site\/2020\/01\/09\/se-presento-el-plan-nacional-argentina-contra-el-hambre-en-la-provincia-de-buenos-aires\/#primaryimage","url":"https:\/\/noticiasmercedinas.com\/site\/wp-content\/uploads\/2020\/01\/image2-scaled.jpeg","contentUrl":"https:\/\/noticiasmercedinas.com\/site\/wp-content\/uploads\/2020\/01\/image2-scaled.jpeg","width":2560,"height":1704},{"@type":"BreadcrumbList","@id":"https:\/\/noticiasmercedinas.com\/site\/2020\/01\/09\/se-presento-el-plan-nacional-argentina-contra-el-hambre-en-la-provincia-de-buenos-aires\/#breadcrumb","itemListElement":[{"@type":"ListItem","position":1,"name":"Portada","item":"https:\/\/noticiasmercedinas.com\/site\/"},{"@type":"ListItem","position":2,"name":"Se present\u00f3 el Plan Nacional Argentina Contra el Hambre en la Provincia de Buenos Aires"}]},{"@type":"WebSite","@id":"https:\/\/noticiasmercedinas.com\/site\/#website","url":"https:\/\/noticiasmercedinas.com\/site\/","name":"NOTICIASMERCEDINAS.COM","description":"Mercedes, Buenos Aires, Argentina","publisher":{"@id":"https:\/\/noticiasmercedinas.com\/site\/#organization"},"potentialAction":[{"@type":"SearchAction","target":{"@type":"EntryPoint","urlTemplate":"https:\/\/noticiasmercedinas.com\/site\/?s={search_term_string}"},"query-input":{"@type":"PropertyValueSpecification","valueRequired":true,"valueName":"search_term_string"}}],"inLanguage":"es"},{"@type":"Organization","@id":"https:\/\/noticiasmercedinas.com\/site\/#organization","name":"NOTICIASMERCEDINAS.COM","url":"https:\/\/noticiasmercedinas.com\/site\/","logo":{"@type":"ImageObject","inLanguage":"es","@id":"https:\/\/noticiasmercedinas.com\/site\/#\/schema\/logo\/image\/","url":"https:\/\/noticiasmercedinas.com\/site\/wp-content\/uploads\/2020\/06\/LOGO-512.jpg","contentUrl":"https:\/\/noticiasmercedinas.com\/site\/wp-content\/uploads\/2020\/06\/LOGO-512.jpg","width":512,"height":512,"caption":"NOTICIASMERCEDINAS.COM"},"image":{"@id":"https:\/\/noticiasmercedinas.com\/site\/#\/schema\/logo\/image\/"},"sameAs":["https:\/\/www.facebook.com\/noticiasmercedinas\/","https:\/\/x.com\/notmercedinas","https:\/\/www.instagram.com\/noticiasmercedinas\/"]},{"@type":"Person","@id":"https:\/\/noticiasmercedinas.com\/site\/#\/schema\/person\/84b59c099c28ff2e8b77d4ceec5d8063","name":"NOTICIASMERCEDINAS.COM","image":{"@type":"ImageObject","inLanguage":"es","@id":"https:\/\/secure.gravatar.com\/avatar\/4dfbf16b4d17945bfb6341b2d19043457132fcf478a5ee04f42e959fd8f5df0a?s=96&d=mm&r=g","url":"https:\/\/secure.gravatar.com\/avatar\/4dfbf16b4d17945bfb6341b2d19043457132fcf478a5ee04f42e959fd8f5df0a?s=96&d=mm&r=g","contentUrl":"https:\/\/secure.gravatar.com\/avatar\/4dfbf16b4d17945bfb6341b2d19043457132fcf478a5ee04f42e959fd8f5df0a?s=96&d=mm&r=g","caption":"NOTICIASMERCEDINAS.COM"},"url":"https:\/\/noticiasmercedinas.com\/site\/author\/anonimo\/"}]}},"amp_enabled":true,"_links":{"self":[{"href":"https:\/\/noticiasmercedinas.com\/site\/wp-json\/wp\/v2\/posts\/37621","targetHints":{"allow":["GET"]}}],"collection":[{"href":"https:\/\/noticiasmercedinas.com\/site\/wp-json\/wp\/v2\/posts"}],"about":[{"href":"https:\/\/noticiasmercedinas.com\/site\/wp-json\/wp\/v2\/types\/post"}],"author":[{"embeddable":true,"href":"https:\/\/noticiasmercedinas.com\/site\/wp-json\/wp\/v2\/users\/16"}],"replies":[{"embeddable":true,"href":"https:\/\/noticiasmercedinas.com\/site\/wp-json\/wp\/v2\/comments?post=37621"}],"version-history":[{"count":1,"href":"https:\/\/noticiasmercedinas.com\/site\/wp-json\/wp\/v2\/posts\/37621\/revisions"}],"predecessor-version":[{"id":37623,"href":"https:\/\/noticiasmercedinas.com\/site\/wp-json\/wp\/v2\/posts\/37621\/revisions\/37623"}],"wp:featuredmedia":[{"embeddable":true,"href":"https:\/\/noticiasmercedinas.com\/site\/wp-json\/wp\/v2\/media\/37622"}],"wp:attachment":[{"href":"https:\/\/noticiasmercedinas.com\/site\/wp-json\/wp\/v2\/media?parent=37621"}],"wp:term":[{"taxonomy":"category","embeddable":true,"href":"https:\/\/noticiasmercedinas.com\/site\/wp-json\/wp\/v2\/categories?post=37621"},{"taxonomy":"post_tag","embeddable":true,"href":"https:\/\/noticiasmercedinas.com\/site\/wp-json\/wp\/v2\/tags?post=37621"}],"curies":[{"name":"wp","href":"https:\/\/api.w.org\/{rel}","templated":true}]}}