{"id":37628,"date":"2020-01-10T08:43:39","date_gmt":"2020-01-10T11:43:39","guid":{"rendered":"https:\/\/noticiasmercedinas.com\/site\/?p=37628"},"modified":"2020-01-10T08:43:39","modified_gmt":"2020-01-10T11:43:39","slug":"musica-en-las-plazas-logramos-que-la-comunidad-se-encuentre","status":"publish","type":"post","link":"https:\/\/noticiasmercedinas.com\/site\/2020\/01\/10\/musica-en-las-plazas-logramos-que-la-comunidad-se-encuentre\/","title":{"rendered":"M\u00fasica en las Plazas: \u00abLogramos que la comunidad se encuentre\u00bb"},"content":{"rendered":"<p><img loading=\"lazy\" decoding=\"async\" class=\"alignnone size-large wp-image-37629\" src=\"https:\/\/noticiasmercedinas.com\/site\/wp-content\/uploads\/2020\/01\/Capaccio-1-1024x768.jpeg\" alt=\"\" width=\"640\" height=\"480\" srcset=\"https:\/\/noticiasmercedinas.com\/site\/wp-content\/uploads\/2020\/01\/Capaccio-1-1024x768.jpeg 1024w, https:\/\/noticiasmercedinas.com\/site\/wp-content\/uploads\/2020\/01\/Capaccio-1-300x225.jpeg 300w, https:\/\/noticiasmercedinas.com\/site\/wp-content\/uploads\/2020\/01\/Capaccio-1-768x576.jpeg 768w, https:\/\/noticiasmercedinas.com\/site\/wp-content\/uploads\/2020\/01\/Capaccio-1-80x60.jpeg 80w, https:\/\/noticiasmercedinas.com\/site\/wp-content\/uploads\/2020\/01\/Capaccio-1-160x120.jpeg 160w, https:\/\/noticiasmercedinas.com\/site\/wp-content\/uploads\/2020\/01\/Capaccio-1-100x75.jpeg 100w, https:\/\/noticiasmercedinas.com\/site\/wp-content\/uploads\/2020\/01\/Capaccio-1-200x150.jpeg 200w, https:\/\/noticiasmercedinas.com\/site\/wp-content\/uploads\/2020\/01\/Capaccio-1-180x135.jpeg 180w, https:\/\/noticiasmercedinas.com\/site\/wp-content\/uploads\/2020\/01\/Capaccio-1-360x270.jpeg 360w, https:\/\/noticiasmercedinas.com\/site\/wp-content\/uploads\/2020\/01\/Capaccio-1-238x178.jpeg 238w, https:\/\/noticiasmercedinas.com\/site\/wp-content\/uploads\/2020\/01\/Capaccio-1-476x356.jpeg 476w, https:\/\/noticiasmercedinas.com\/site\/wp-content\/uploads\/2020\/01\/Capaccio-1-640x480.jpeg 640w, https:\/\/noticiasmercedinas.com\/site\/wp-content\/uploads\/2020\/01\/Capaccio-1-681x511.jpeg 681w, https:\/\/noticiasmercedinas.com\/site\/wp-content\/uploads\/2020\/01\/Capaccio-1.jpeg 1280w\" sizes=\"auto, (max-width: 640px) 100vw, 640px\" \/><\/p>\n<p>La directora de Cultura, <strong>Lucia Capaccio<\/strong>, anunci\u00f3 la edici\u00f3n 2020 del exitoso ciclo \u201cVerano en Las Plazas\u201d, que sabe reunir a cientos de vecinos en cada una de sus presentaciones.<\/p>\n<p>All\u00ed la comunidad puede disfrutar de artistas locales, artesanos, concursos de baile y tiene la posibilidad de regocijarse de variadas propuestas gastron\u00f3micas.<\/p>\n<p>Todo comienza este 11 de enero en Plaza Estaci\u00f3n (Calle 8 y 29) con Botija Mujica en el escenario. Contar\u00e1 con una cantina solidaria por jornada que beneficiar\u00e1 a una instituci\u00f3n de la ciudad.<\/p>\n<p>\u201cEn este 2020 \u201cM\u00fasica en las Plazas\u201d se realizar\u00e1 en 20 emplazamientos diferentes de la ciudad, incluidos Altamira y Gowland\u201d, se\u00f1al\u00f3 Lucia Capaccio y agradeci\u00f3 \u201ca todos los artistas que d\u00eda a d\u00eda nos apoyan y se preparan para participar de estos ciclos\u201d.<\/p>\n<p>\u201cA esta actividad que re\u00fane a toda la comunidad la venimos llevando adelante desde la direcci\u00f3n de Cultura junto a artistas, gastron\u00f3micos, vecinos y las diferentes \u00e1reas municipales programando en distintos espacios de la ciudad esta serie de ciclos musicales\u201d, manifest\u00f3 Luc\u00eda Capaccio.<\/p>\n<p>Habr\u00e1 cantina solidaria, m\u00fasica en vivo, patio de juegos, patio de tango, concurso de baile, patio gastron\u00f3mico y la presentaci\u00f3n de los m\u00e1s destacados artistas de la ciudad. Esta iniciativa es llevada adelante por el Municipio de Mercedes a trav\u00e9s de sus diferentes \u00e1reas.<\/p>\n<p>\u201cTrabajan muchos artistas locales, permite que artesanos y gastron\u00f3micos puedan ofrecer sus productos, siendo un espacio, adem\u00e1s, de recreaci\u00f3n y esparcimiento para todos los vecinos\u201d, se\u00f1al\u00f3 la directora de Cultura y agreg\u00f3 que \u201cesto permite que la cultura llegue a los distintos barrios y espacios de la ciudad\u201d.<\/p>\n<p>\u201cLogramos que la comunidad se encuentre, fomentando, adem\u00e1s, un circuito laboral muy grande\u201d, remarc\u00f3 Capaccio y felicit\u00f3 \u201ca los trabajadores municipales por todo su trabajo y esfuerzo para que este ciclo se pueda llevar adelante\u201d.<\/p>\n<p>11 de Enero: Plaza Estaci\u00f3n (Calle 8 y 29) con Botija Mujica.<\/p>\n<p>18 de Enero: Santa Teresita (26 y 105) Patio de tango, Coqui Uvis, Ingrid y Fernando Pasos y la Yunta.<\/p>\n<p>Luego ser\u00e1 en Unidad y Progreso (26 y 55) con La Clave y Grupo Los Amigos.<\/p>\n<p>Las fechas se extienden hasta el pr\u00f3ximo 1 de febrero y se ir\u00e1n conociendo detalles y artistas en los pr\u00f3ximos d\u00edas.<\/p>\n<p>El cierre ser\u00e1, como cada a\u00f1o, en La Trocha.<\/p>\n<p><iframe loading=\"lazy\" title=\"LUCIA CAPACIO , NOTA MUSICA EN LAS PLAZAS 2020\" width=\"640\" height=\"360\" src=\"https:\/\/www.youtube.com\/embed\/yWn6DL4x4Zg?feature=oembed\" frameborder=\"0\" allow=\"accelerometer; autoplay; clipboard-write; encrypted-media; gyroscope; picture-in-picture; web-share\" referrerpolicy=\"strict-origin-when-cross-origin\" allowfullscreen><\/iframe><\/p>\n<p>&nbsp;<\/p>\n","protected":false},"excerpt":{"rendered":"<p>La directora de Cultura, Lucia Capaccio, anunci\u00f3 la edici\u00f3n 2020 del exitoso ciclo \u201cVerano en Las Plazas\u201d, que sabe reunir a cientos de vecinos en cada una de sus presentaciones. All\u00ed la comunidad puede disfrutar de artistas locales, artesanos, concursos de baile y tiene la posibilidad de regocijarse de variadas propuestas gastron\u00f3micas. Todo comienza este [&hellip;]<\/p>\n","protected":false},"author":2,"featured_media":37629,"comment_status":"open","ping_status":"open","sticky":false,"template":"","format":"standard","meta":{"footnotes":""},"categories":[4],"tags":[2219,2192,3303],"class_list":["post-37628","post","type-post","status-publish","format-standard","has-post-thumbnail","hentry","category-cultura","tag-botija-mujica","tag-lucia-capaccio","tag-musica-en-las-plazas"],"yoast_head":"<!-- This site is optimized with the Yoast SEO plugin v27.5 - https:\/\/yoast.com\/product\/yoast-seo-wordpress\/ -->\n<title>M\u00fasica en las Plazas: &quot;Logramos que la comunidad se encuentre&quot;<\/title>\n<meta name=\"robots\" content=\"index, follow, max-snippet:-1, max-image-preview:large, max-video-preview:-1\" \/>\n<link rel=\"canonical\" href=\"https:\/\/noticiasmercedinas.com\/site\/2020\/01\/10\/musica-en-las-plazas-logramos-que-la-comunidad-se-encuentre\/\" \/>\n<meta property=\"og:locale\" content=\"es_ES\" \/>\n<meta property=\"og:type\" content=\"article\" \/>\n<meta property=\"og:title\" content=\"M\u00fasica en las Plazas: &quot;Logramos que la comunidad se encuentre&quot;\" \/>\n<meta property=\"og:description\" content=\"La directora de Cultura, Lucia Capaccio, anunci\u00f3 la edici\u00f3n 2020 del exitoso ciclo \u201cVerano en Las Plazas\u201d, que sabe reunir a cientos de vecinos en cada una de sus presentaciones. All\u00ed la comunidad puede disfrutar de artistas locales, artesanos, concursos de baile y tiene la posibilidad de regocijarse de variadas propuestas gastron\u00f3micas. Todo comienza este [&hellip;]\" \/>\n<meta property=\"og:url\" content=\"https:\/\/noticiasmercedinas.com\/site\/2020\/01\/10\/musica-en-las-plazas-logramos-que-la-comunidad-se-encuentre\/\" \/>\n<meta property=\"og:site_name\" content=\"NOTICIASMERCEDINAS.COM\" \/>\n<meta property=\"article:publisher\" content=\"https:\/\/www.facebook.com\/noticiasmercedinas\/\" \/>\n<meta property=\"article:author\" content=\"https:\/\/www.facebook.com\/cristian.falabella\" \/>\n<meta property=\"article:published_time\" content=\"2020-01-10T11:43:39+00:00\" \/>\n<meta property=\"og:image\" content=\"https:\/\/noticiasmercedinas.com\/site\/wp-content\/uploads\/2020\/01\/Capaccio-1.jpeg\" \/>\n\t<meta property=\"og:image:width\" content=\"1280\" \/>\n\t<meta property=\"og:image:height\" content=\"960\" \/>\n\t<meta property=\"og:image:type\" content=\"image\/jpeg\" \/>\n<meta name=\"author\" content=\"Cristian Falabella NOTICIASMERCEDINAS.COM\" \/>\n<meta name=\"twitter:card\" content=\"summary_large_image\" \/>\n<meta name=\"twitter:creator\" content=\"@https:\/\/twitter.com\/NOTMERCEDINAS\" \/>\n<meta name=\"twitter:site\" content=\"@notmercedinas\" \/>\n<meta name=\"twitter:label1\" content=\"Escrito por\" \/>\n\t<meta name=\"twitter:data1\" content=\"Cristian Falabella NOTICIASMERCEDINAS.COM\" \/>\n\t<meta name=\"twitter:label2\" content=\"Tiempo de lectura\" \/>\n\t<meta name=\"twitter:data2\" content=\"2 minutos\" \/>\n<script type=\"application\/ld+json\" class=\"yoast-schema-graph\">{\"@context\":\"https:\\\/\\\/schema.org\",\"@graph\":[{\"@type\":\"Article\",\"@id\":\"https:\\\/\\\/noticiasmercedinas.com\\\/site\\\/2020\\\/01\\\/10\\\/musica-en-las-plazas-logramos-que-la-comunidad-se-encuentre\\\/#article\",\"isPartOf\":{\"@id\":\"https:\\\/\\\/noticiasmercedinas.com\\\/site\\\/2020\\\/01\\\/10\\\/musica-en-las-plazas-logramos-que-la-comunidad-se-encuentre\\\/\"},\"author\":{\"name\":\"Cristian Falabella NOTICIASMERCEDINAS.COM\",\"@id\":\"https:\\\/\\\/noticiasmercedinas.com\\\/site\\\/#\\\/schema\\\/person\\\/d481a9696a5feaec13a60e2bbd991a6a\"},\"headline\":\"M\u00fasica en las Plazas: \u00abLogramos que la comunidad se encuentre\u00bb\",\"datePublished\":\"2020-01-10T11:43:39+00:00\",\"mainEntityOfPage\":{\"@id\":\"https:\\\/\\\/noticiasmercedinas.com\\\/site\\\/2020\\\/01\\\/10\\\/musica-en-las-plazas-logramos-que-la-comunidad-se-encuentre\\\/\"},\"wordCount\":412,\"commentCount\":0,\"publisher\":{\"@id\":\"https:\\\/\\\/noticiasmercedinas.com\\\/site\\\/#organization\"},\"image\":{\"@id\":\"https:\\\/\\\/noticiasmercedinas.com\\\/site\\\/2020\\\/01\\\/10\\\/musica-en-las-plazas-logramos-que-la-comunidad-se-encuentre\\\/#primaryimage\"},\"thumbnailUrl\":\"https:\\\/\\\/noticiasmercedinas.com\\\/site\\\/wp-content\\\/uploads\\\/2020\\\/01\\\/Capaccio-1.jpeg\",\"keywords\":[\"botija mujica\",\"Luc\u00eda Capaccio\",\"musica en las plazas\"],\"articleSection\":[\"Cultura\"],\"inLanguage\":\"es\",\"potentialAction\":[{\"@type\":\"CommentAction\",\"name\":\"Comment\",\"target\":[\"https:\\\/\\\/noticiasmercedinas.com\\\/site\\\/2020\\\/01\\\/10\\\/musica-en-las-plazas-logramos-que-la-comunidad-se-encuentre\\\/#respond\"]}]},{\"@type\":\"WebPage\",\"@id\":\"https:\\\/\\\/noticiasmercedinas.com\\\/site\\\/2020\\\/01\\\/10\\\/musica-en-las-plazas-logramos-que-la-comunidad-se-encuentre\\\/\",\"url\":\"https:\\\/\\\/noticiasmercedinas.com\\\/site\\\/2020\\\/01\\\/10\\\/musica-en-las-plazas-logramos-que-la-comunidad-se-encuentre\\\/\",\"name\":\"M\u00fasica en las Plazas: \\\"Logramos que la comunidad se encuentre\\\"\",\"isPartOf\":{\"@id\":\"https:\\\/\\\/noticiasmercedinas.com\\\/site\\\/#website\"},\"primaryImageOfPage\":{\"@id\":\"https:\\\/\\\/noticiasmercedinas.com\\\/site\\\/2020\\\/01\\\/10\\\/musica-en-las-plazas-logramos-que-la-comunidad-se-encuentre\\\/#primaryimage\"},\"image\":{\"@id\":\"https:\\\/\\\/noticiasmercedinas.com\\\/site\\\/2020\\\/01\\\/10\\\/musica-en-las-plazas-logramos-que-la-comunidad-se-encuentre\\\/#primaryimage\"},\"thumbnailUrl\":\"https:\\\/\\\/noticiasmercedinas.com\\\/site\\\/wp-content\\\/uploads\\\/2020\\\/01\\\/Capaccio-1.jpeg\",\"datePublished\":\"2020-01-10T11:43:39+00:00\",\"breadcrumb\":{\"@id\":\"https:\\\/\\\/noticiasmercedinas.com\\\/site\\\/2020\\\/01\\\/10\\\/musica-en-las-plazas-logramos-que-la-comunidad-se-encuentre\\\/#breadcrumb\"},\"inLanguage\":\"es\",\"potentialAction\":[{\"@type\":\"ReadAction\",\"target\":[\"https:\\\/\\\/noticiasmercedinas.com\\\/site\\\/2020\\\/01\\\/10\\\/musica-en-las-plazas-logramos-que-la-comunidad-se-encuentre\\\/\"]}]},{\"@type\":\"ImageObject\",\"inLanguage\":\"es\",\"@id\":\"https:\\\/\\\/noticiasmercedinas.com\\\/site\\\/2020\\\/01\\\/10\\\/musica-en-las-plazas-logramos-que-la-comunidad-se-encuentre\\\/#primaryimage\",\"url\":\"https:\\\/\\\/noticiasmercedinas.com\\\/site\\\/wp-content\\\/uploads\\\/2020\\\/01\\\/Capaccio-1.jpeg\",\"contentUrl\":\"https:\\\/\\\/noticiasmercedinas.com\\\/site\\\/wp-content\\\/uploads\\\/2020\\\/01\\\/Capaccio-1.jpeg\",\"width\":1280,\"height\":960},{\"@type\":\"BreadcrumbList\",\"@id\":\"https:\\\/\\\/noticiasmercedinas.com\\\/site\\\/2020\\\/01\\\/10\\\/musica-en-las-plazas-logramos-que-la-comunidad-se-encuentre\\\/#breadcrumb\",\"itemListElement\":[{\"@type\":\"ListItem\",\"position\":1,\"name\":\"Portada\",\"item\":\"https:\\\/\\\/noticiasmercedinas.com\\\/site\\\/\"},{\"@type\":\"ListItem\",\"position\":2,\"name\":\"M\u00fasica en las Plazas: \u00abLogramos que la comunidad se encuentre\u00bb\"}]},{\"@type\":\"WebSite\",\"@id\":\"https:\\\/\\\/noticiasmercedinas.com\\\/site\\\/#website\",\"url\":\"https:\\\/\\\/noticiasmercedinas.com\\\/site\\\/\",\"name\":\"NOTICIASMERCEDINAS.COM\",\"description\":\"Mercedes, Buenos Aires, Argentina\",\"publisher\":{\"@id\":\"https:\\\/\\\/noticiasmercedinas.com\\\/site\\\/#organization\"},\"potentialAction\":[{\"@type\":\"SearchAction\",\"target\":{\"@type\":\"EntryPoint\",\"urlTemplate\":\"https:\\\/\\\/noticiasmercedinas.com\\\/site\\\/?s={search_term_string}\"},\"query-input\":{\"@type\":\"PropertyValueSpecification\",\"valueRequired\":true,\"valueName\":\"search_term_string\"}}],\"inLanguage\":\"es\"},{\"@type\":\"Organization\",\"@id\":\"https:\\\/\\\/noticiasmercedinas.com\\\/site\\\/#organization\",\"name\":\"NOTICIASMERCEDINAS.COM\",\"url\":\"https:\\\/\\\/noticiasmercedinas.com\\\/site\\\/\",\"logo\":{\"@type\":\"ImageObject\",\"inLanguage\":\"es\",\"@id\":\"https:\\\/\\\/noticiasmercedinas.com\\\/site\\\/#\\\/schema\\\/logo\\\/image\\\/\",\"url\":\"https:\\\/\\\/noticiasmercedinas.com\\\/site\\\/wp-content\\\/uploads\\\/2020\\\/06\\\/LOGO-512.jpg\",\"contentUrl\":\"https:\\\/\\\/noticiasmercedinas.com\\\/site\\\/wp-content\\\/uploads\\\/2020\\\/06\\\/LOGO-512.jpg\",\"width\":512,\"height\":512,\"caption\":\"NOTICIASMERCEDINAS.COM\"},\"image\":{\"@id\":\"https:\\\/\\\/noticiasmercedinas.com\\\/site\\\/#\\\/schema\\\/logo\\\/image\\\/\"},\"sameAs\":[\"https:\\\/\\\/www.facebook.com\\\/noticiasmercedinas\\\/\",\"https:\\\/\\\/x.com\\\/notmercedinas\",\"https:\\\/\\\/www.instagram.com\\\/noticiasmercedinas\\\/\"]},{\"@type\":\"Person\",\"@id\":\"https:\\\/\\\/noticiasmercedinas.com\\\/site\\\/#\\\/schema\\\/person\\\/d481a9696a5feaec13a60e2bbd991a6a\",\"name\":\"Cristian Falabella NOTICIASMERCEDINAS.COM\",\"image\":{\"@type\":\"ImageObject\",\"inLanguage\":\"es\",\"@id\":\"https:\\\/\\\/secure.gravatar.com\\\/avatar\\\/0dbbfc45970cc46bcd0e57766228574ff3511d6eed045b182f536f0f478c1f06?s=96&d=mm&r=g\",\"url\":\"https:\\\/\\\/secure.gravatar.com\\\/avatar\\\/0dbbfc45970cc46bcd0e57766228574ff3511d6eed045b182f536f0f478c1f06?s=96&d=mm&r=g\",\"contentUrl\":\"https:\\\/\\\/secure.gravatar.com\\\/avatar\\\/0dbbfc45970cc46bcd0e57766228574ff3511d6eed045b182f536f0f478c1f06?s=96&d=mm&r=g\",\"caption\":\"Cristian Falabella NOTICIASMERCEDINAS.COM\"},\"description\":\"Periodista, editor de Noticias Mercedinas. Pas\u00f3 por varias redacciones y emprendimientos de prensa, en distintos formatos y \u00e9pocas. Se especializ\u00f3 --y sigue haci\u00e9ndolo-- en comunicaci\u00f3n en la web y en junio de 2006 fund\u00f3 este diario digital.\",\"sameAs\":[\"https:\\\/\\\/noticiasmercedinas.com\",\"https:\\\/\\\/www.facebook.com\\\/cristian.falabella\",\"https:\\\/\\\/www.instagram.com\\\/noticiasmercedinas\\\/\",\"https:\\\/\\\/x.com\\\/https:\\\/\\\/twitter.com\\\/NOTMERCEDINAS\"],\"url\":\"https:\\\/\\\/noticiasmercedinas.com\\\/site\\\/author\\\/as000384\\\/\"}]}<\/script>\n<!-- \/ Yoast SEO plugin. -->","yoast_head_json":{"title":"M\u00fasica en las Plazas: \"Logramos que la comunidad se encuentre\"","robots":{"index":"index","follow":"follow","max-snippet":"max-snippet:-1","max-image-preview":"max-image-preview:large","max-video-preview":"max-video-preview:-1"},"canonical":"https:\/\/noticiasmercedinas.com\/site\/2020\/01\/10\/musica-en-las-plazas-logramos-que-la-comunidad-se-encuentre\/","og_locale":"es_ES","og_type":"article","og_title":"M\u00fasica en las Plazas: \"Logramos que la comunidad se encuentre\"","og_description":"La directora de Cultura, Lucia Capaccio, anunci\u00f3 la edici\u00f3n 2020 del exitoso ciclo \u201cVerano en Las Plazas\u201d, que sabe reunir a cientos de vecinos en cada una de sus presentaciones. All\u00ed la comunidad puede disfrutar de artistas locales, artesanos, concursos de baile y tiene la posibilidad de regocijarse de variadas propuestas gastron\u00f3micas. Todo comienza este [&hellip;]","og_url":"https:\/\/noticiasmercedinas.com\/site\/2020\/01\/10\/musica-en-las-plazas-logramos-que-la-comunidad-se-encuentre\/","og_site_name":"NOTICIASMERCEDINAS.COM","article_publisher":"https:\/\/www.facebook.com\/noticiasmercedinas\/","article_author":"https:\/\/www.facebook.com\/cristian.falabella","article_published_time":"2020-01-10T11:43:39+00:00","og_image":[{"width":1280,"height":960,"url":"https:\/\/noticiasmercedinas.com\/site\/wp-content\/uploads\/2020\/01\/Capaccio-1.jpeg","type":"image\/jpeg"}],"author":"Cristian Falabella NOTICIASMERCEDINAS.COM","twitter_card":"summary_large_image","twitter_creator":"@https:\/\/twitter.com\/NOTMERCEDINAS","twitter_site":"@notmercedinas","twitter_misc":{"Escrito por":"Cristian Falabella NOTICIASMERCEDINAS.COM","Tiempo de lectura":"2 minutos"},"schema":{"@context":"https:\/\/schema.org","@graph":[{"@type":"Article","@id":"https:\/\/noticiasmercedinas.com\/site\/2020\/01\/10\/musica-en-las-plazas-logramos-que-la-comunidad-se-encuentre\/#article","isPartOf":{"@id":"https:\/\/noticiasmercedinas.com\/site\/2020\/01\/10\/musica-en-las-plazas-logramos-que-la-comunidad-se-encuentre\/"},"author":{"name":"Cristian Falabella NOTICIASMERCEDINAS.COM","@id":"https:\/\/noticiasmercedinas.com\/site\/#\/schema\/person\/d481a9696a5feaec13a60e2bbd991a6a"},"headline":"M\u00fasica en las Plazas: \u00abLogramos que la comunidad se encuentre\u00bb","datePublished":"2020-01-10T11:43:39+00:00","mainEntityOfPage":{"@id":"https:\/\/noticiasmercedinas.com\/site\/2020\/01\/10\/musica-en-las-plazas-logramos-que-la-comunidad-se-encuentre\/"},"wordCount":412,"commentCount":0,"publisher":{"@id":"https:\/\/noticiasmercedinas.com\/site\/#organization"},"image":{"@id":"https:\/\/noticiasmercedinas.com\/site\/2020\/01\/10\/musica-en-las-plazas-logramos-que-la-comunidad-se-encuentre\/#primaryimage"},"thumbnailUrl":"https:\/\/noticiasmercedinas.com\/site\/wp-content\/uploads\/2020\/01\/Capaccio-1.jpeg","keywords":["botija mujica","Luc\u00eda Capaccio","musica en las plazas"],"articleSection":["Cultura"],"inLanguage":"es","potentialAction":[{"@type":"CommentAction","name":"Comment","target":["https:\/\/noticiasmercedinas.com\/site\/2020\/01\/10\/musica-en-las-plazas-logramos-que-la-comunidad-se-encuentre\/#respond"]}]},{"@type":"WebPage","@id":"https:\/\/noticiasmercedinas.com\/site\/2020\/01\/10\/musica-en-las-plazas-logramos-que-la-comunidad-se-encuentre\/","url":"https:\/\/noticiasmercedinas.com\/site\/2020\/01\/10\/musica-en-las-plazas-logramos-que-la-comunidad-se-encuentre\/","name":"M\u00fasica en las Plazas: \"Logramos que la comunidad se encuentre\"","isPartOf":{"@id":"https:\/\/noticiasmercedinas.com\/site\/#website"},"primaryImageOfPage":{"@id":"https:\/\/noticiasmercedinas.com\/site\/2020\/01\/10\/musica-en-las-plazas-logramos-que-la-comunidad-se-encuentre\/#primaryimage"},"image":{"@id":"https:\/\/noticiasmercedinas.com\/site\/2020\/01\/10\/musica-en-las-plazas-logramos-que-la-comunidad-se-encuentre\/#primaryimage"},"thumbnailUrl":"https:\/\/noticiasmercedinas.com\/site\/wp-content\/uploads\/2020\/01\/Capaccio-1.jpeg","datePublished":"2020-01-10T11:43:39+00:00","breadcrumb":{"@id":"https:\/\/noticiasmercedinas.com\/site\/2020\/01\/10\/musica-en-las-plazas-logramos-que-la-comunidad-se-encuentre\/#breadcrumb"},"inLanguage":"es","potentialAction":[{"@type":"ReadAction","target":["https:\/\/noticiasmercedinas.com\/site\/2020\/01\/10\/musica-en-las-plazas-logramos-que-la-comunidad-se-encuentre\/"]}]},{"@type":"ImageObject","inLanguage":"es","@id":"https:\/\/noticiasmercedinas.com\/site\/2020\/01\/10\/musica-en-las-plazas-logramos-que-la-comunidad-se-encuentre\/#primaryimage","url":"https:\/\/noticiasmercedinas.com\/site\/wp-content\/uploads\/2020\/01\/Capaccio-1.jpeg","contentUrl":"https:\/\/noticiasmercedinas.com\/site\/wp-content\/uploads\/2020\/01\/Capaccio-1.jpeg","width":1280,"height":960},{"@type":"BreadcrumbList","@id":"https:\/\/noticiasmercedinas.com\/site\/2020\/01\/10\/musica-en-las-plazas-logramos-que-la-comunidad-se-encuentre\/#breadcrumb","itemListElement":[{"@type":"ListItem","position":1,"name":"Portada","item":"https:\/\/noticiasmercedinas.com\/site\/"},{"@type":"ListItem","position":2,"name":"M\u00fasica en las Plazas: \u00abLogramos que la comunidad se encuentre\u00bb"}]},{"@type":"WebSite","@id":"https:\/\/noticiasmercedinas.com\/site\/#website","url":"https:\/\/noticiasmercedinas.com\/site\/","name":"NOTICIASMERCEDINAS.COM","description":"Mercedes, Buenos Aires, Argentina","publisher":{"@id":"https:\/\/noticiasmercedinas.com\/site\/#organization"},"potentialAction":[{"@type":"SearchAction","target":{"@type":"EntryPoint","urlTemplate":"https:\/\/noticiasmercedinas.com\/site\/?s={search_term_string}"},"query-input":{"@type":"PropertyValueSpecification","valueRequired":true,"valueName":"search_term_string"}}],"inLanguage":"es"},{"@type":"Organization","@id":"https:\/\/noticiasmercedinas.com\/site\/#organization","name":"NOTICIASMERCEDINAS.COM","url":"https:\/\/noticiasmercedinas.com\/site\/","logo":{"@type":"ImageObject","inLanguage":"es","@id":"https:\/\/noticiasmercedinas.com\/site\/#\/schema\/logo\/image\/","url":"https:\/\/noticiasmercedinas.com\/site\/wp-content\/uploads\/2020\/06\/LOGO-512.jpg","contentUrl":"https:\/\/noticiasmercedinas.com\/site\/wp-content\/uploads\/2020\/06\/LOGO-512.jpg","width":512,"height":512,"caption":"NOTICIASMERCEDINAS.COM"},"image":{"@id":"https:\/\/noticiasmercedinas.com\/site\/#\/schema\/logo\/image\/"},"sameAs":["https:\/\/www.facebook.com\/noticiasmercedinas\/","https:\/\/x.com\/notmercedinas","https:\/\/www.instagram.com\/noticiasmercedinas\/"]},{"@type":"Person","@id":"https:\/\/noticiasmercedinas.com\/site\/#\/schema\/person\/d481a9696a5feaec13a60e2bbd991a6a","name":"Cristian Falabella NOTICIASMERCEDINAS.COM","image":{"@type":"ImageObject","inLanguage":"es","@id":"https:\/\/secure.gravatar.com\/avatar\/0dbbfc45970cc46bcd0e57766228574ff3511d6eed045b182f536f0f478c1f06?s=96&d=mm&r=g","url":"https:\/\/secure.gravatar.com\/avatar\/0dbbfc45970cc46bcd0e57766228574ff3511d6eed045b182f536f0f478c1f06?s=96&d=mm&r=g","contentUrl":"https:\/\/secure.gravatar.com\/avatar\/0dbbfc45970cc46bcd0e57766228574ff3511d6eed045b182f536f0f478c1f06?s=96&d=mm&r=g","caption":"Cristian Falabella NOTICIASMERCEDINAS.COM"},"description":"Periodista, editor de Noticias Mercedinas. Pas\u00f3 por varias redacciones y emprendimientos de prensa, en distintos formatos y \u00e9pocas. Se especializ\u00f3 --y sigue haci\u00e9ndolo-- en comunicaci\u00f3n en la web y en junio de 2006 fund\u00f3 este diario digital.","sameAs":["https:\/\/noticiasmercedinas.com","https:\/\/www.facebook.com\/cristian.falabella","https:\/\/www.instagram.com\/noticiasmercedinas\/","https:\/\/x.com\/https:\/\/twitter.com\/NOTMERCEDINAS"],"url":"https:\/\/noticiasmercedinas.com\/site\/author\/as000384\/"}]}},"amp_enabled":true,"_links":{"self":[{"href":"https:\/\/noticiasmercedinas.com\/site\/wp-json\/wp\/v2\/posts\/37628","targetHints":{"allow":["GET"]}}],"collection":[{"href":"https:\/\/noticiasmercedinas.com\/site\/wp-json\/wp\/v2\/posts"}],"about":[{"href":"https:\/\/noticiasmercedinas.com\/site\/wp-json\/wp\/v2\/types\/post"}],"author":[{"embeddable":true,"href":"https:\/\/noticiasmercedinas.com\/site\/wp-json\/wp\/v2\/users\/2"}],"replies":[{"embeddable":true,"href":"https:\/\/noticiasmercedinas.com\/site\/wp-json\/wp\/v2\/comments?post=37628"}],"version-history":[{"count":1,"href":"https:\/\/noticiasmercedinas.com\/site\/wp-json\/wp\/v2\/posts\/37628\/revisions"}],"predecessor-version":[{"id":37630,"href":"https:\/\/noticiasmercedinas.com\/site\/wp-json\/wp\/v2\/posts\/37628\/revisions\/37630"}],"wp:featuredmedia":[{"embeddable":true,"href":"https:\/\/noticiasmercedinas.com\/site\/wp-json\/wp\/v2\/media\/37629"}],"wp:attachment":[{"href":"https:\/\/noticiasmercedinas.com\/site\/wp-json\/wp\/v2\/media?parent=37628"}],"wp:term":[{"taxonomy":"category","embeddable":true,"href":"https:\/\/noticiasmercedinas.com\/site\/wp-json\/wp\/v2\/categories?post=37628"},{"taxonomy":"post_tag","embeddable":true,"href":"https:\/\/noticiasmercedinas.com\/site\/wp-json\/wp\/v2\/tags?post=37628"}],"curies":[{"name":"wp","href":"https:\/\/api.w.org\/{rel}","templated":true}]}}