{"id":37649,"date":"2020-01-10T17:39:29","date_gmt":"2020-01-10T20:39:29","guid":{"rendered":"https:\/\/noticiasmercedinas.com\/site\/?p=37649"},"modified":"2020-01-11T11:43:43","modified_gmt":"2020-01-11T14:43:43","slug":"falta-de-pago-de-ioma-a-prestadora-afecta-a-profesionales-mercedinos","status":"publish","type":"post","link":"https:\/\/noticiasmercedinas.com\/site\/2020\/01\/10\/falta-de-pago-de-ioma-a-prestadora-afecta-a-profesionales-mercedinos\/","title":{"rendered":"Falta de pago de IOMA a prestadora afecta a profesionales mercedinos"},"content":{"rendered":"<p><img loading=\"lazy\" decoding=\"async\" class=\"alignnone size-full wp-image-37650\" src=\"https:\/\/noticiasmercedinas.com\/site\/wp-content\/uploads\/2020\/01\/20191205070425_ioma.jpg\" alt=\"\" width=\"887\" height=\"554\" srcset=\"https:\/\/noticiasmercedinas.com\/site\/wp-content\/uploads\/2020\/01\/20191205070425_ioma.jpg 887w, https:\/\/noticiasmercedinas.com\/site\/wp-content\/uploads\/2020\/01\/20191205070425_ioma-300x187.jpg 300w, https:\/\/noticiasmercedinas.com\/site\/wp-content\/uploads\/2020\/01\/20191205070425_ioma-768x480.jpg 768w, https:\/\/noticiasmercedinas.com\/site\/wp-content\/uploads\/2020\/01\/20191205070425_ioma-640x400.jpg 640w, https:\/\/noticiasmercedinas.com\/site\/wp-content\/uploads\/2020\/01\/20191205070425_ioma-681x425.jpg 681w\" sizes=\"auto, (max-width: 887px) 100vw, 887px\" \/><\/p>\n<p>Este viernes una las empresas prestadoras de IOMA, la cual presta servicios de internaci\u00f3n domiciliaria, no abon\u00f3 los sueldos debido a que \u2013a su vez\u2013 IOMA no le paga desde septiembre.<\/p>\n<p>Esta medida afecta directamente a muchos mercedinos profesionales de la salud como m\u00e9dicos, kinesi\u00f3logos, acompa\u00f1antes terap\u00e9uticos y otros, que ven afectada su econom\u00eda diaria frente a los aumentos cotidianos.<\/p>\n<p>En este sentido la empresa mediante un comunicado asegur\u00f3 que a pesar de las faltas de pago de los \u00faltimos meses \u201cha cumplido con sus obligaciones con reservas propias\u201d. Aunque aclar\u00f3 que ahora solo puede afrontar el pago de cuidadores y servicio de enfermer\u00eda, a la espera de que la obra social IOMA les abone.<\/p>\n<p>Hay varios profesionales que tienen trabajo en esta empresa prestadora de servicios de internaci\u00f3n domiciliaria asociada a IOMA que esperan poder cobrar o soluciones en este sentido que no hagan peligrar los salarios ni las prestaciones.<\/p>\n<p>Por \u00faltimo, se supo desde la empresa que si bien IOMA sigue sin abonar desde octubre, se realiz\u00f3 el esfuerzo para seguir abonando a los profesionales y tenerlos al d\u00eda, y aseguraron que el retraso \u00abde un d\u00eda\u00bb es eventual y en la semana se cubrir\u00edan los pagos. \u00abEstamos tratando de conseguir recursos desde otras fuentes, hasta esperar que IOMA se ponga al d\u00eda\u00bb, indicaron desde la empresa a este medio, preocupados por la situaci\u00f3n.<\/p>\n","protected":false},"excerpt":{"rendered":"<p>Este viernes una las empresas prestadoras de IOMA, la cual presta servicios de internaci\u00f3n domiciliaria, no abon\u00f3 los sueldos debido a que \u2013a su vez\u2013 IOMA no le paga desde septiembre. Esta medida afecta directamente a muchos mercedinos profesionales de la salud como m\u00e9dicos, kinesi\u00f3logos, acompa\u00f1antes terap\u00e9uticos y otros, que ven afectada su econom\u00eda diaria [&hellip;]<\/p>\n","protected":false},"author":16,"featured_media":37650,"comment_status":"open","ping_status":"open","sticky":false,"template":"","format":"standard","meta":{"footnotes":""},"categories":[3],"tags":[7910,7911,296,6099,71],"class_list":["post-37649","post","type-post","status-publish","format-standard","has-post-thumbnail","hentry","category-sociedad","tag-eleven","tag-internacion-domiciliaria","tag-ioma","tag-profesionales","tag-salud"],"yoast_head":"<!-- This site is optimized with the Yoast SEO plugin v27.4 - https:\/\/yoast.com\/product\/yoast-seo-wordpress\/ -->\n<title>Falta de pago de IOMA a prestadora afecta a profesionales mercedinos<\/title>\n<meta name=\"robots\" content=\"index, follow, max-snippet:-1, max-image-preview:large, max-video-preview:-1\" \/>\n<link rel=\"canonical\" href=\"https:\/\/noticiasmercedinas.com\/site\/2020\/01\/10\/falta-de-pago-de-ioma-a-prestadora-afecta-a-profesionales-mercedinos\/\" \/>\n<meta property=\"og:locale\" content=\"es_ES\" \/>\n<meta property=\"og:type\" content=\"article\" \/>\n<meta property=\"og:title\" content=\"Falta de pago de IOMA a prestadora afecta a profesionales mercedinos\" \/>\n<meta property=\"og:description\" content=\"Este viernes una las empresas prestadoras de IOMA, la cual presta servicios de internaci\u00f3n domiciliaria, no abon\u00f3 los sueldos debido a que \u2013a su vez\u2013 IOMA no le paga desde septiembre. Esta medida afecta directamente a muchos mercedinos profesionales de la salud como m\u00e9dicos, kinesi\u00f3logos, acompa\u00f1antes terap\u00e9uticos y otros, que ven afectada su econom\u00eda diaria [&hellip;]\" \/>\n<meta property=\"og:url\" content=\"https:\/\/noticiasmercedinas.com\/site\/2020\/01\/10\/falta-de-pago-de-ioma-a-prestadora-afecta-a-profesionales-mercedinos\/\" \/>\n<meta property=\"og:site_name\" content=\"NOTICIASMERCEDINAS.COM\" \/>\n<meta property=\"article:publisher\" content=\"https:\/\/www.facebook.com\/noticiasmercedinas\/\" \/>\n<meta property=\"article:published_time\" content=\"2020-01-10T20:39:29+00:00\" \/>\n<meta property=\"article:modified_time\" content=\"2020-01-11T14:43:43+00:00\" \/>\n<meta property=\"og:image\" content=\"https:\/\/noticiasmercedinas.com\/site\/wp-content\/uploads\/2020\/01\/20191205070425_ioma.jpg\" \/>\n\t<meta property=\"og:image:width\" content=\"887\" \/>\n\t<meta property=\"og:image:height\" content=\"554\" \/>\n\t<meta property=\"og:image:type\" content=\"image\/jpeg\" \/>\n<meta name=\"author\" content=\"NOTICIASMERCEDINAS.COM\" \/>\n<meta name=\"twitter:card\" content=\"summary_large_image\" \/>\n<meta name=\"twitter:creator\" content=\"@notmercedinas\" \/>\n<meta name=\"twitter:site\" content=\"@notmercedinas\" \/>\n<meta name=\"twitter:label1\" content=\"Escrito por\" \/>\n\t<meta name=\"twitter:data1\" content=\"NOTICIASMERCEDINAS.COM\" \/>\n\t<meta name=\"twitter:label2\" content=\"Tiempo de lectura\" \/>\n\t<meta name=\"twitter:data2\" content=\"1 minuto\" \/>\n<script type=\"application\/ld+json\" class=\"yoast-schema-graph\">{\"@context\":\"https:\\\/\\\/schema.org\",\"@graph\":[{\"@type\":\"Article\",\"@id\":\"https:\\\/\\\/noticiasmercedinas.com\\\/site\\\/2020\\\/01\\\/10\\\/falta-de-pago-de-ioma-a-prestadora-afecta-a-profesionales-mercedinos\\\/#article\",\"isPartOf\":{\"@id\":\"https:\\\/\\\/noticiasmercedinas.com\\\/site\\\/2020\\\/01\\\/10\\\/falta-de-pago-de-ioma-a-prestadora-afecta-a-profesionales-mercedinos\\\/\"},\"author\":{\"name\":\"NOTICIASMERCEDINAS.COM\",\"@id\":\"https:\\\/\\\/noticiasmercedinas.com\\\/site\\\/#\\\/schema\\\/person\\\/84b59c099c28ff2e8b77d4ceec5d8063\"},\"headline\":\"Falta de pago de IOMA a prestadora afecta a profesionales mercedinos\",\"datePublished\":\"2020-01-10T20:39:29+00:00\",\"dateModified\":\"2020-01-11T14:43:43+00:00\",\"mainEntityOfPage\":{\"@id\":\"https:\\\/\\\/noticiasmercedinas.com\\\/site\\\/2020\\\/01\\\/10\\\/falta-de-pago-de-ioma-a-prestadora-afecta-a-profesionales-mercedinos\\\/\"},\"wordCount\":250,\"commentCount\":0,\"publisher\":{\"@id\":\"https:\\\/\\\/noticiasmercedinas.com\\\/site\\\/#organization\"},\"image\":{\"@id\":\"https:\\\/\\\/noticiasmercedinas.com\\\/site\\\/2020\\\/01\\\/10\\\/falta-de-pago-de-ioma-a-prestadora-afecta-a-profesionales-mercedinos\\\/#primaryimage\"},\"thumbnailUrl\":\"https:\\\/\\\/noticiasmercedinas.com\\\/site\\\/wp-content\\\/uploads\\\/2020\\\/01\\\/20191205070425_ioma.jpg\",\"keywords\":[\"eleven\",\"internacion domiciliaria\",\"ioma\",\"profesionales\",\"salud\"],\"articleSection\":[\"Sociedad\"],\"inLanguage\":\"es\",\"potentialAction\":[{\"@type\":\"CommentAction\",\"name\":\"Comment\",\"target\":[\"https:\\\/\\\/noticiasmercedinas.com\\\/site\\\/2020\\\/01\\\/10\\\/falta-de-pago-de-ioma-a-prestadora-afecta-a-profesionales-mercedinos\\\/#respond\"]}]},{\"@type\":\"WebPage\",\"@id\":\"https:\\\/\\\/noticiasmercedinas.com\\\/site\\\/2020\\\/01\\\/10\\\/falta-de-pago-de-ioma-a-prestadora-afecta-a-profesionales-mercedinos\\\/\",\"url\":\"https:\\\/\\\/noticiasmercedinas.com\\\/site\\\/2020\\\/01\\\/10\\\/falta-de-pago-de-ioma-a-prestadora-afecta-a-profesionales-mercedinos\\\/\",\"name\":\"Falta de pago de IOMA a prestadora afecta a profesionales mercedinos\",\"isPartOf\":{\"@id\":\"https:\\\/\\\/noticiasmercedinas.com\\\/site\\\/#website\"},\"primaryImageOfPage\":{\"@id\":\"https:\\\/\\\/noticiasmercedinas.com\\\/site\\\/2020\\\/01\\\/10\\\/falta-de-pago-de-ioma-a-prestadora-afecta-a-profesionales-mercedinos\\\/#primaryimage\"},\"image\":{\"@id\":\"https:\\\/\\\/noticiasmercedinas.com\\\/site\\\/2020\\\/01\\\/10\\\/falta-de-pago-de-ioma-a-prestadora-afecta-a-profesionales-mercedinos\\\/#primaryimage\"},\"thumbnailUrl\":\"https:\\\/\\\/noticiasmercedinas.com\\\/site\\\/wp-content\\\/uploads\\\/2020\\\/01\\\/20191205070425_ioma.jpg\",\"datePublished\":\"2020-01-10T20:39:29+00:00\",\"dateModified\":\"2020-01-11T14:43:43+00:00\",\"breadcrumb\":{\"@id\":\"https:\\\/\\\/noticiasmercedinas.com\\\/site\\\/2020\\\/01\\\/10\\\/falta-de-pago-de-ioma-a-prestadora-afecta-a-profesionales-mercedinos\\\/#breadcrumb\"},\"inLanguage\":\"es\",\"potentialAction\":[{\"@type\":\"ReadAction\",\"target\":[\"https:\\\/\\\/noticiasmercedinas.com\\\/site\\\/2020\\\/01\\\/10\\\/falta-de-pago-de-ioma-a-prestadora-afecta-a-profesionales-mercedinos\\\/\"]}]},{\"@type\":\"ImageObject\",\"inLanguage\":\"es\",\"@id\":\"https:\\\/\\\/noticiasmercedinas.com\\\/site\\\/2020\\\/01\\\/10\\\/falta-de-pago-de-ioma-a-prestadora-afecta-a-profesionales-mercedinos\\\/#primaryimage\",\"url\":\"https:\\\/\\\/noticiasmercedinas.com\\\/site\\\/wp-content\\\/uploads\\\/2020\\\/01\\\/20191205070425_ioma.jpg\",\"contentUrl\":\"https:\\\/\\\/noticiasmercedinas.com\\\/site\\\/wp-content\\\/uploads\\\/2020\\\/01\\\/20191205070425_ioma.jpg\",\"width\":887,\"height\":554},{\"@type\":\"BreadcrumbList\",\"@id\":\"https:\\\/\\\/noticiasmercedinas.com\\\/site\\\/2020\\\/01\\\/10\\\/falta-de-pago-de-ioma-a-prestadora-afecta-a-profesionales-mercedinos\\\/#breadcrumb\",\"itemListElement\":[{\"@type\":\"ListItem\",\"position\":1,\"name\":\"Portada\",\"item\":\"https:\\\/\\\/noticiasmercedinas.com\\\/site\\\/\"},{\"@type\":\"ListItem\",\"position\":2,\"name\":\"Falta de pago de IOMA a prestadora afecta a profesionales mercedinos\"}]},{\"@type\":\"WebSite\",\"@id\":\"https:\\\/\\\/noticiasmercedinas.com\\\/site\\\/#website\",\"url\":\"https:\\\/\\\/noticiasmercedinas.com\\\/site\\\/\",\"name\":\"NOTICIASMERCEDINAS.COM\",\"description\":\"Mercedes, Buenos Aires, Argentina\",\"publisher\":{\"@id\":\"https:\\\/\\\/noticiasmercedinas.com\\\/site\\\/#organization\"},\"potentialAction\":[{\"@type\":\"SearchAction\",\"target\":{\"@type\":\"EntryPoint\",\"urlTemplate\":\"https:\\\/\\\/noticiasmercedinas.com\\\/site\\\/?s={search_term_string}\"},\"query-input\":{\"@type\":\"PropertyValueSpecification\",\"valueRequired\":true,\"valueName\":\"search_term_string\"}}],\"inLanguage\":\"es\"},{\"@type\":\"Organization\",\"@id\":\"https:\\\/\\\/noticiasmercedinas.com\\\/site\\\/#organization\",\"name\":\"NOTICIASMERCEDINAS.COM\",\"url\":\"https:\\\/\\\/noticiasmercedinas.com\\\/site\\\/\",\"logo\":{\"@type\":\"ImageObject\",\"inLanguage\":\"es\",\"@id\":\"https:\\\/\\\/noticiasmercedinas.com\\\/site\\\/#\\\/schema\\\/logo\\\/image\\\/\",\"url\":\"https:\\\/\\\/noticiasmercedinas.com\\\/site\\\/wp-content\\\/uploads\\\/2020\\\/06\\\/LOGO-512.jpg\",\"contentUrl\":\"https:\\\/\\\/noticiasmercedinas.com\\\/site\\\/wp-content\\\/uploads\\\/2020\\\/06\\\/LOGO-512.jpg\",\"width\":512,\"height\":512,\"caption\":\"NOTICIASMERCEDINAS.COM\"},\"image\":{\"@id\":\"https:\\\/\\\/noticiasmercedinas.com\\\/site\\\/#\\\/schema\\\/logo\\\/image\\\/\"},\"sameAs\":[\"https:\\\/\\\/www.facebook.com\\\/noticiasmercedinas\\\/\",\"https:\\\/\\\/x.com\\\/notmercedinas\",\"https:\\\/\\\/www.instagram.com\\\/noticiasmercedinas\\\/\"]},{\"@type\":\"Person\",\"@id\":\"https:\\\/\\\/noticiasmercedinas.com\\\/site\\\/#\\\/schema\\\/person\\\/84b59c099c28ff2e8b77d4ceec5d8063\",\"name\":\"NOTICIASMERCEDINAS.COM\",\"image\":{\"@type\":\"ImageObject\",\"inLanguage\":\"es\",\"@id\":\"https:\\\/\\\/secure.gravatar.com\\\/avatar\\\/4dfbf16b4d17945bfb6341b2d19043457132fcf478a5ee04f42e959fd8f5df0a?s=96&d=mm&r=g\",\"url\":\"https:\\\/\\\/secure.gravatar.com\\\/avatar\\\/4dfbf16b4d17945bfb6341b2d19043457132fcf478a5ee04f42e959fd8f5df0a?s=96&d=mm&r=g\",\"contentUrl\":\"https:\\\/\\\/secure.gravatar.com\\\/avatar\\\/4dfbf16b4d17945bfb6341b2d19043457132fcf478a5ee04f42e959fd8f5df0a?s=96&d=mm&r=g\",\"caption\":\"NOTICIASMERCEDINAS.COM\"},\"url\":\"https:\\\/\\\/noticiasmercedinas.com\\\/site\\\/author\\\/anonimo\\\/\"}]}<\/script>\n<!-- \/ Yoast SEO plugin. -->","yoast_head_json":{"title":"Falta de pago de IOMA a prestadora afecta a profesionales mercedinos","robots":{"index":"index","follow":"follow","max-snippet":"max-snippet:-1","max-image-preview":"max-image-preview:large","max-video-preview":"max-video-preview:-1"},"canonical":"https:\/\/noticiasmercedinas.com\/site\/2020\/01\/10\/falta-de-pago-de-ioma-a-prestadora-afecta-a-profesionales-mercedinos\/","og_locale":"es_ES","og_type":"article","og_title":"Falta de pago de IOMA a prestadora afecta a profesionales mercedinos","og_description":"Este viernes una las empresas prestadoras de IOMA, la cual presta servicios de internaci\u00f3n domiciliaria, no abon\u00f3 los sueldos debido a que \u2013a su vez\u2013 IOMA no le paga desde septiembre. Esta medida afecta directamente a muchos mercedinos profesionales de la salud como m\u00e9dicos, kinesi\u00f3logos, acompa\u00f1antes terap\u00e9uticos y otros, que ven afectada su econom\u00eda diaria [&hellip;]","og_url":"https:\/\/noticiasmercedinas.com\/site\/2020\/01\/10\/falta-de-pago-de-ioma-a-prestadora-afecta-a-profesionales-mercedinos\/","og_site_name":"NOTICIASMERCEDINAS.COM","article_publisher":"https:\/\/www.facebook.com\/noticiasmercedinas\/","article_published_time":"2020-01-10T20:39:29+00:00","article_modified_time":"2020-01-11T14:43:43+00:00","og_image":[{"width":887,"height":554,"url":"https:\/\/noticiasmercedinas.com\/site\/wp-content\/uploads\/2020\/01\/20191205070425_ioma.jpg","type":"image\/jpeg"}],"author":"NOTICIASMERCEDINAS.COM","twitter_card":"summary_large_image","twitter_creator":"@notmercedinas","twitter_site":"@notmercedinas","twitter_misc":{"Escrito por":"NOTICIASMERCEDINAS.COM","Tiempo de lectura":"1 minuto"},"schema":{"@context":"https:\/\/schema.org","@graph":[{"@type":"Article","@id":"https:\/\/noticiasmercedinas.com\/site\/2020\/01\/10\/falta-de-pago-de-ioma-a-prestadora-afecta-a-profesionales-mercedinos\/#article","isPartOf":{"@id":"https:\/\/noticiasmercedinas.com\/site\/2020\/01\/10\/falta-de-pago-de-ioma-a-prestadora-afecta-a-profesionales-mercedinos\/"},"author":{"name":"NOTICIASMERCEDINAS.COM","@id":"https:\/\/noticiasmercedinas.com\/site\/#\/schema\/person\/84b59c099c28ff2e8b77d4ceec5d8063"},"headline":"Falta de pago de IOMA a prestadora afecta a profesionales mercedinos","datePublished":"2020-01-10T20:39:29+00:00","dateModified":"2020-01-11T14:43:43+00:00","mainEntityOfPage":{"@id":"https:\/\/noticiasmercedinas.com\/site\/2020\/01\/10\/falta-de-pago-de-ioma-a-prestadora-afecta-a-profesionales-mercedinos\/"},"wordCount":250,"commentCount":0,"publisher":{"@id":"https:\/\/noticiasmercedinas.com\/site\/#organization"},"image":{"@id":"https:\/\/noticiasmercedinas.com\/site\/2020\/01\/10\/falta-de-pago-de-ioma-a-prestadora-afecta-a-profesionales-mercedinos\/#primaryimage"},"thumbnailUrl":"https:\/\/noticiasmercedinas.com\/site\/wp-content\/uploads\/2020\/01\/20191205070425_ioma.jpg","keywords":["eleven","internacion domiciliaria","ioma","profesionales","salud"],"articleSection":["Sociedad"],"inLanguage":"es","potentialAction":[{"@type":"CommentAction","name":"Comment","target":["https:\/\/noticiasmercedinas.com\/site\/2020\/01\/10\/falta-de-pago-de-ioma-a-prestadora-afecta-a-profesionales-mercedinos\/#respond"]}]},{"@type":"WebPage","@id":"https:\/\/noticiasmercedinas.com\/site\/2020\/01\/10\/falta-de-pago-de-ioma-a-prestadora-afecta-a-profesionales-mercedinos\/","url":"https:\/\/noticiasmercedinas.com\/site\/2020\/01\/10\/falta-de-pago-de-ioma-a-prestadora-afecta-a-profesionales-mercedinos\/","name":"Falta de pago de IOMA a prestadora afecta a profesionales mercedinos","isPartOf":{"@id":"https:\/\/noticiasmercedinas.com\/site\/#website"},"primaryImageOfPage":{"@id":"https:\/\/noticiasmercedinas.com\/site\/2020\/01\/10\/falta-de-pago-de-ioma-a-prestadora-afecta-a-profesionales-mercedinos\/#primaryimage"},"image":{"@id":"https:\/\/noticiasmercedinas.com\/site\/2020\/01\/10\/falta-de-pago-de-ioma-a-prestadora-afecta-a-profesionales-mercedinos\/#primaryimage"},"thumbnailUrl":"https:\/\/noticiasmercedinas.com\/site\/wp-content\/uploads\/2020\/01\/20191205070425_ioma.jpg","datePublished":"2020-01-10T20:39:29+00:00","dateModified":"2020-01-11T14:43:43+00:00","breadcrumb":{"@id":"https:\/\/noticiasmercedinas.com\/site\/2020\/01\/10\/falta-de-pago-de-ioma-a-prestadora-afecta-a-profesionales-mercedinos\/#breadcrumb"},"inLanguage":"es","potentialAction":[{"@type":"ReadAction","target":["https:\/\/noticiasmercedinas.com\/site\/2020\/01\/10\/falta-de-pago-de-ioma-a-prestadora-afecta-a-profesionales-mercedinos\/"]}]},{"@type":"ImageObject","inLanguage":"es","@id":"https:\/\/noticiasmercedinas.com\/site\/2020\/01\/10\/falta-de-pago-de-ioma-a-prestadora-afecta-a-profesionales-mercedinos\/#primaryimage","url":"https:\/\/noticiasmercedinas.com\/site\/wp-content\/uploads\/2020\/01\/20191205070425_ioma.jpg","contentUrl":"https:\/\/noticiasmercedinas.com\/site\/wp-content\/uploads\/2020\/01\/20191205070425_ioma.jpg","width":887,"height":554},{"@type":"BreadcrumbList","@id":"https:\/\/noticiasmercedinas.com\/site\/2020\/01\/10\/falta-de-pago-de-ioma-a-prestadora-afecta-a-profesionales-mercedinos\/#breadcrumb","itemListElement":[{"@type":"ListItem","position":1,"name":"Portada","item":"https:\/\/noticiasmercedinas.com\/site\/"},{"@type":"ListItem","position":2,"name":"Falta de pago de IOMA a prestadora afecta a profesionales mercedinos"}]},{"@type":"WebSite","@id":"https:\/\/noticiasmercedinas.com\/site\/#website","url":"https:\/\/noticiasmercedinas.com\/site\/","name":"NOTICIASMERCEDINAS.COM","description":"Mercedes, Buenos Aires, Argentina","publisher":{"@id":"https:\/\/noticiasmercedinas.com\/site\/#organization"},"potentialAction":[{"@type":"SearchAction","target":{"@type":"EntryPoint","urlTemplate":"https:\/\/noticiasmercedinas.com\/site\/?s={search_term_string}"},"query-input":{"@type":"PropertyValueSpecification","valueRequired":true,"valueName":"search_term_string"}}],"inLanguage":"es"},{"@type":"Organization","@id":"https:\/\/noticiasmercedinas.com\/site\/#organization","name":"NOTICIASMERCEDINAS.COM","url":"https:\/\/noticiasmercedinas.com\/site\/","logo":{"@type":"ImageObject","inLanguage":"es","@id":"https:\/\/noticiasmercedinas.com\/site\/#\/schema\/logo\/image\/","url":"https:\/\/noticiasmercedinas.com\/site\/wp-content\/uploads\/2020\/06\/LOGO-512.jpg","contentUrl":"https:\/\/noticiasmercedinas.com\/site\/wp-content\/uploads\/2020\/06\/LOGO-512.jpg","width":512,"height":512,"caption":"NOTICIASMERCEDINAS.COM"},"image":{"@id":"https:\/\/noticiasmercedinas.com\/site\/#\/schema\/logo\/image\/"},"sameAs":["https:\/\/www.facebook.com\/noticiasmercedinas\/","https:\/\/x.com\/notmercedinas","https:\/\/www.instagram.com\/noticiasmercedinas\/"]},{"@type":"Person","@id":"https:\/\/noticiasmercedinas.com\/site\/#\/schema\/person\/84b59c099c28ff2e8b77d4ceec5d8063","name":"NOTICIASMERCEDINAS.COM","image":{"@type":"ImageObject","inLanguage":"es","@id":"https:\/\/secure.gravatar.com\/avatar\/4dfbf16b4d17945bfb6341b2d19043457132fcf478a5ee04f42e959fd8f5df0a?s=96&d=mm&r=g","url":"https:\/\/secure.gravatar.com\/avatar\/4dfbf16b4d17945bfb6341b2d19043457132fcf478a5ee04f42e959fd8f5df0a?s=96&d=mm&r=g","contentUrl":"https:\/\/secure.gravatar.com\/avatar\/4dfbf16b4d17945bfb6341b2d19043457132fcf478a5ee04f42e959fd8f5df0a?s=96&d=mm&r=g","caption":"NOTICIASMERCEDINAS.COM"},"url":"https:\/\/noticiasmercedinas.com\/site\/author\/anonimo\/"}]}},"amp_enabled":true,"_links":{"self":[{"href":"https:\/\/noticiasmercedinas.com\/site\/wp-json\/wp\/v2\/posts\/37649","targetHints":{"allow":["GET"]}}],"collection":[{"href":"https:\/\/noticiasmercedinas.com\/site\/wp-json\/wp\/v2\/posts"}],"about":[{"href":"https:\/\/noticiasmercedinas.com\/site\/wp-json\/wp\/v2\/types\/post"}],"author":[{"embeddable":true,"href":"https:\/\/noticiasmercedinas.com\/site\/wp-json\/wp\/v2\/users\/16"}],"replies":[{"embeddable":true,"href":"https:\/\/noticiasmercedinas.com\/site\/wp-json\/wp\/v2\/comments?post=37649"}],"version-history":[{"count":4,"href":"https:\/\/noticiasmercedinas.com\/site\/wp-json\/wp\/v2\/posts\/37649\/revisions"}],"predecessor-version":[{"id":37672,"href":"https:\/\/noticiasmercedinas.com\/site\/wp-json\/wp\/v2\/posts\/37649\/revisions\/37672"}],"wp:featuredmedia":[{"embeddable":true,"href":"https:\/\/noticiasmercedinas.com\/site\/wp-json\/wp\/v2\/media\/37650"}],"wp:attachment":[{"href":"https:\/\/noticiasmercedinas.com\/site\/wp-json\/wp\/v2\/media?parent=37649"}],"wp:term":[{"taxonomy":"category","embeddable":true,"href":"https:\/\/noticiasmercedinas.com\/site\/wp-json\/wp\/v2\/categories?post=37649"},{"taxonomy":"post_tag","embeddable":true,"href":"https:\/\/noticiasmercedinas.com\/site\/wp-json\/wp\/v2\/tags?post=37649"}],"curies":[{"name":"wp","href":"https:\/\/api.w.org\/{rel}","templated":true}]}}