{"id":37727,"date":"2020-01-12T20:01:03","date_gmt":"2020-01-12T23:01:03","guid":{"rendered":"https:\/\/noticiasmercedinas.com\/site\/?p=37727"},"modified":"2020-01-12T20:01:03","modified_gmt":"2020-01-12T23:01:03","slug":"inauguran-repavimentacion-y-puesta-en-valor-de-calle-8-y-pasaje-de-la-estacion","status":"publish","type":"post","link":"https:\/\/noticiasmercedinas.com\/site\/2020\/01\/12\/inauguran-repavimentacion-y-puesta-en-valor-de-calle-8-y-pasaje-de-la-estacion\/","title":{"rendered":"Inauguran repavimentaci\u00f3n y puesta en valor de calle 8 y pasaje de la Estaci\u00f3n"},"content":{"rendered":"<p><img loading=\"lazy\" decoding=\"async\" class=\"alignnone size-large wp-image-37728\" src=\"https:\/\/noticiasmercedinas.com\/site\/wp-content\/uploads\/2020\/01\/DSC09806-1024x580.jpg\" alt=\"\" width=\"640\" height=\"363\" srcset=\"https:\/\/noticiasmercedinas.com\/site\/wp-content\/uploads\/2020\/01\/DSC09806-1024x580.jpg 1024w, https:\/\/noticiasmercedinas.com\/site\/wp-content\/uploads\/2020\/01\/DSC09806-300x170.jpg 300w, https:\/\/noticiasmercedinas.com\/site\/wp-content\/uploads\/2020\/01\/DSC09806-768x435.jpg 768w, https:\/\/noticiasmercedinas.com\/site\/wp-content\/uploads\/2020\/01\/DSC09806-640x363.jpg 640w, https:\/\/noticiasmercedinas.com\/site\/wp-content\/uploads\/2020\/01\/DSC09806-681x386.jpg 681w, https:\/\/noticiasmercedinas.com\/site\/wp-content\/uploads\/2020\/01\/DSC09806.jpg 1114w\" sizes=\"auto, (max-width: 640px) 100vw, 640px\" \/><\/p>\n<p>El jefe comunal junto a vecinos y comerciantes dej\u00f3 inaugurada formalmente la obra de repavimentaci\u00f3n y jerarquizaci\u00f3n del pasaje de calle 8, frente a Plaza de la Estaci\u00f3n de Trenes, donde se ha generado en el \u00faltimo tiempo un espacio de encuentro y gastronom\u00eda con los food trucks. Cientos de vecinos semanalmente utilizan las instalaciones ahora embellecidas. Fue previo al inicio del ciclo 2020 de \u201cM\u00fasica en las Plazas\u201d<\/p>\n<p><strong>Juan Pablo Montuori<\/strong>, comerciante de la zona, frente a Plaza de la Estaci\u00f3n, afirm\u00f3: \u201cVer c\u00f3mo qued\u00f3 la calle, luego de todo el sacrificio que se hizo, es una gran alegr\u00eda. Nosotros que estamos todos los d\u00edas ac\u00e1 no nos pod\u00edamos imaginar que iba a quedar as\u00ed. Como comerciante de la zona vemos muchas familias siempre que vienen a pasar el rato con sus hijos y esto nos hace muy bien. Es la frutilla del postre. Vienen, est\u00e1n c\u00f3modos, sin que se junte agua, limpio, por eso agradecemos a la intendencia, a Juani, que siempre est\u00e1n dispuestos a ayudar y mejorar\u00bb.<\/p>\n<p>Tambi\u00e9n tom\u00f3 la palabra el intendente <strong>Juan Ignacio Ustarroz<\/strong>: \u201cEstamos muy orgullosos, contentos y felices. Son obras que duran, muy importantes. Hoy basta con mirar a los ni\u00f1os y ni\u00f1as jugando en el pasaje con las propuestas y juegos inflables adquiridos por la Municipalidad, que son para darle al espacio p\u00fablico otra impronta. Para que las familias se diviertan sin necesidad de meter siempre la mano en el bolsillo, y as\u00ed puedan comprar en comercios locales\u201d coment\u00f3 y dijo que \u201cquer\u00edamos inaugurarla en el marco de M\u00fasica en las Plazas porque es el encuentro, la cultura, ya que un pueblo que apuesta a la cultura es un pueblo que mejora, que se eleva\u201d, entre otros conceptos.<\/p>\n<p><img loading=\"lazy\" decoding=\"async\" class=\"alignnone size-full wp-image-37730\" src=\"https:\/\/noticiasmercedinas.com\/site\/wp-content\/uploads\/2020\/01\/DSC09810.jpg\" alt=\"\" width=\"948\" height=\"632\" srcset=\"https:\/\/noticiasmercedinas.com\/site\/wp-content\/uploads\/2020\/01\/DSC09810.jpg 948w, https:\/\/noticiasmercedinas.com\/site\/wp-content\/uploads\/2020\/01\/DSC09810-300x200.jpg 300w, https:\/\/noticiasmercedinas.com\/site\/wp-content\/uploads\/2020\/01\/DSC09810-768x512.jpg 768w, https:\/\/noticiasmercedinas.com\/site\/wp-content\/uploads\/2020\/01\/DSC09810-640x427.jpg 640w, https:\/\/noticiasmercedinas.com\/site\/wp-content\/uploads\/2020\/01\/DSC09810-681x454.jpg 681w\" sizes=\"auto, (max-width: 948px) 100vw, 948px\" \/><\/p>\n<p><strong>Mat\u00edas Dematei<\/strong>, presidente del Honorable Concejo Deliberante, quien supo ser durante el 2019 jefe de Gabinete a su cargo y desde all\u00ed la realizaci\u00f3n de diversas obras, coment\u00f3: \u201cHemos recuperado un espacio p\u00fablico, algo que Juani viene trabajando desde el primer d\u00eda de la gesti\u00f3n. Tenemos un par\u00e1metro que es lo realizado en La Trocha, como tantas otras plazas recuperadas\u201d, y dijo que \u201crecomponer el espacio p\u00fablico aporta a recomponer los tejidos sociales y el encuentro\u201d, entre otras ideas vinculadas a la puesta en valor de los lugares que los mercedinos utilizados, sin olvidar que \u201chan trabajado mucho para esto los empleados municipales, de la secretar\u00eda de obras, y hay un proyecto que se empez\u00f3 a trazar junto a Discapacidad y la Plaza, para poder integrar esta calle, este paseo, con la plaza\u201d.<\/p>\n<p>El paseo tiene desde hace unas semanas el paso abierto en una obra con pavimento articulado, obras h\u00eddricas eliminando el problema del agua los d\u00edas de agua contando con cuatro sumideros, topes al estacionamientos y se contin\u00faa pensando en su complementaci\u00f3n con la plaza.<\/p>\n<p>\u201cEs una obra de calidad, como todas las que se realizaron, pensando en que duren para siempre\u201d, afirmaron en el momento de cortar simb\u00f3licamente la cinta de inauguraci\u00f3n.<\/p>\n<p><img loading=\"lazy\" decoding=\"async\" class=\"alignnone size-full wp-image-37729\" src=\"https:\/\/noticiasmercedinas.com\/site\/wp-content\/uploads\/2020\/01\/DSC09742.jpg\" alt=\"\" width=\"948\" height=\"632\" srcset=\"https:\/\/noticiasmercedinas.com\/site\/wp-content\/uploads\/2020\/01\/DSC09742.jpg 948w, https:\/\/noticiasmercedinas.com\/site\/wp-content\/uploads\/2020\/01\/DSC09742-300x200.jpg 300w, https:\/\/noticiasmercedinas.com\/site\/wp-content\/uploads\/2020\/01\/DSC09742-768x512.jpg 768w, https:\/\/noticiasmercedinas.com\/site\/wp-content\/uploads\/2020\/01\/DSC09742-640x427.jpg 640w, https:\/\/noticiasmercedinas.com\/site\/wp-content\/uploads\/2020\/01\/DSC09742-681x454.jpg 681w\" sizes=\"auto, (max-width: 948px) 100vw, 948px\" \/><\/p>\n","protected":false},"excerpt":{"rendered":"<p>El jefe comunal junto a vecinos y comerciantes dej\u00f3 inaugurada formalmente la obra de repavimentaci\u00f3n y jerarquizaci\u00f3n del pasaje de calle 8, frente a Plaza de la Estaci\u00f3n de Trenes, donde se ha generado en el \u00faltimo tiempo un espacio de encuentro y gastronom\u00eda con los food trucks. Cientos de vecinos semanalmente utilizan las instalaciones [&hellip;]<\/p>\n","protected":false},"author":16,"featured_media":37728,"comment_status":"open","ping_status":"open","sticky":false,"template":"","format":"standard","meta":{"footnotes":""},"categories":[3],"tags":[2852,266,7926,515,36,7927,1172],"class_list":["post-37727","post","type-post","status-publish","format-standard","has-post-thumbnail","hentry","category-sociedad","tag-estacion-de-trenes","tag-juan-ignacio-ustarroz","tag-juan-pablo-montuori","tag-matias-dematei","tag-obras","tag-paseo","tag-plaza"],"yoast_head":"<!-- This site is optimized with the Yoast SEO plugin v27.5 - https:\/\/yoast.com\/product\/yoast-seo-wordpress\/ -->\n<title>Inauguran repavimentaci\u00f3n y puesta en valor de calle 8 y pasaje de la Estaci\u00f3n<\/title>\n<meta name=\"robots\" content=\"index, follow, max-snippet:-1, max-image-preview:large, max-video-preview:-1\" \/>\n<link rel=\"canonical\" href=\"https:\/\/noticiasmercedinas.com\/site\/2020\/01\/12\/inauguran-repavimentacion-y-puesta-en-valor-de-calle-8-y-pasaje-de-la-estacion\/\" \/>\n<meta property=\"og:locale\" content=\"es_ES\" \/>\n<meta property=\"og:type\" content=\"article\" \/>\n<meta property=\"og:title\" content=\"Inauguran repavimentaci\u00f3n y puesta en valor de calle 8 y pasaje de la Estaci\u00f3n\" \/>\n<meta property=\"og:description\" content=\"El jefe comunal junto a vecinos y comerciantes dej\u00f3 inaugurada formalmente la obra de repavimentaci\u00f3n y jerarquizaci\u00f3n del pasaje de calle 8, frente a Plaza de la Estaci\u00f3n de Trenes, donde se ha generado en el \u00faltimo tiempo un espacio de encuentro y gastronom\u00eda con los food trucks. Cientos de vecinos semanalmente utilizan las instalaciones [&hellip;]\" \/>\n<meta property=\"og:url\" content=\"https:\/\/noticiasmercedinas.com\/site\/2020\/01\/12\/inauguran-repavimentacion-y-puesta-en-valor-de-calle-8-y-pasaje-de-la-estacion\/\" \/>\n<meta property=\"og:site_name\" content=\"NOTICIASMERCEDINAS.COM\" \/>\n<meta property=\"article:publisher\" content=\"https:\/\/www.facebook.com\/noticiasmercedinas\/\" \/>\n<meta property=\"article:published_time\" content=\"2020-01-12T23:01:03+00:00\" \/>\n<meta property=\"og:image\" content=\"https:\/\/noticiasmercedinas.com\/site\/wp-content\/uploads\/2020\/01\/DSC09806.jpg\" \/>\n\t<meta property=\"og:image:width\" content=\"1114\" \/>\n\t<meta property=\"og:image:height\" content=\"631\" \/>\n\t<meta property=\"og:image:type\" content=\"image\/jpeg\" \/>\n<meta name=\"author\" content=\"NOTICIASMERCEDINAS.COM\" \/>\n<meta name=\"twitter:card\" content=\"summary_large_image\" \/>\n<meta name=\"twitter:creator\" content=\"@notmercedinas\" \/>\n<meta name=\"twitter:site\" content=\"@notmercedinas\" \/>\n<meta name=\"twitter:label1\" content=\"Escrito por\" \/>\n\t<meta name=\"twitter:data1\" content=\"NOTICIASMERCEDINAS.COM\" \/>\n\t<meta name=\"twitter:label2\" content=\"Tiempo de lectura\" \/>\n\t<meta name=\"twitter:data2\" content=\"3 minutos\" \/>\n<script type=\"application\/ld+json\" class=\"yoast-schema-graph\">{\"@context\":\"https:\\\/\\\/schema.org\",\"@graph\":[{\"@type\":\"Article\",\"@id\":\"https:\\\/\\\/noticiasmercedinas.com\\\/site\\\/2020\\\/01\\\/12\\\/inauguran-repavimentacion-y-puesta-en-valor-de-calle-8-y-pasaje-de-la-estacion\\\/#article\",\"isPartOf\":{\"@id\":\"https:\\\/\\\/noticiasmercedinas.com\\\/site\\\/2020\\\/01\\\/12\\\/inauguran-repavimentacion-y-puesta-en-valor-de-calle-8-y-pasaje-de-la-estacion\\\/\"},\"author\":{\"name\":\"NOTICIASMERCEDINAS.COM\",\"@id\":\"https:\\\/\\\/noticiasmercedinas.com\\\/site\\\/#\\\/schema\\\/person\\\/84b59c099c28ff2e8b77d4ceec5d8063\"},\"headline\":\"Inauguran repavimentaci\u00f3n y puesta en valor de calle 8 y pasaje de la Estaci\u00f3n\",\"datePublished\":\"2020-01-12T23:01:03+00:00\",\"mainEntityOfPage\":{\"@id\":\"https:\\\/\\\/noticiasmercedinas.com\\\/site\\\/2020\\\/01\\\/12\\\/inauguran-repavimentacion-y-puesta-en-valor-de-calle-8-y-pasaje-de-la-estacion\\\/\"},\"wordCount\":536,\"commentCount\":0,\"publisher\":{\"@id\":\"https:\\\/\\\/noticiasmercedinas.com\\\/site\\\/#organization\"},\"image\":{\"@id\":\"https:\\\/\\\/noticiasmercedinas.com\\\/site\\\/2020\\\/01\\\/12\\\/inauguran-repavimentacion-y-puesta-en-valor-de-calle-8-y-pasaje-de-la-estacion\\\/#primaryimage\"},\"thumbnailUrl\":\"https:\\\/\\\/noticiasmercedinas.com\\\/site\\\/wp-content\\\/uploads\\\/2020\\\/01\\\/DSC09806.jpg\",\"keywords\":[\"estacion de trenes\",\"juan ignacio ustarroz\",\"Juan Pablo Montuori\",\"matias dematei\",\"obras\",\"paseo\",\"plaza\"],\"articleSection\":[\"Sociedad\"],\"inLanguage\":\"es\",\"potentialAction\":[{\"@type\":\"CommentAction\",\"name\":\"Comment\",\"target\":[\"https:\\\/\\\/noticiasmercedinas.com\\\/site\\\/2020\\\/01\\\/12\\\/inauguran-repavimentacion-y-puesta-en-valor-de-calle-8-y-pasaje-de-la-estacion\\\/#respond\"]}]},{\"@type\":\"WebPage\",\"@id\":\"https:\\\/\\\/noticiasmercedinas.com\\\/site\\\/2020\\\/01\\\/12\\\/inauguran-repavimentacion-y-puesta-en-valor-de-calle-8-y-pasaje-de-la-estacion\\\/\",\"url\":\"https:\\\/\\\/noticiasmercedinas.com\\\/site\\\/2020\\\/01\\\/12\\\/inauguran-repavimentacion-y-puesta-en-valor-de-calle-8-y-pasaje-de-la-estacion\\\/\",\"name\":\"Inauguran repavimentaci\u00f3n y puesta en valor de calle 8 y pasaje de la Estaci\u00f3n\",\"isPartOf\":{\"@id\":\"https:\\\/\\\/noticiasmercedinas.com\\\/site\\\/#website\"},\"primaryImageOfPage\":{\"@id\":\"https:\\\/\\\/noticiasmercedinas.com\\\/site\\\/2020\\\/01\\\/12\\\/inauguran-repavimentacion-y-puesta-en-valor-de-calle-8-y-pasaje-de-la-estacion\\\/#primaryimage\"},\"image\":{\"@id\":\"https:\\\/\\\/noticiasmercedinas.com\\\/site\\\/2020\\\/01\\\/12\\\/inauguran-repavimentacion-y-puesta-en-valor-de-calle-8-y-pasaje-de-la-estacion\\\/#primaryimage\"},\"thumbnailUrl\":\"https:\\\/\\\/noticiasmercedinas.com\\\/site\\\/wp-content\\\/uploads\\\/2020\\\/01\\\/DSC09806.jpg\",\"datePublished\":\"2020-01-12T23:01:03+00:00\",\"breadcrumb\":{\"@id\":\"https:\\\/\\\/noticiasmercedinas.com\\\/site\\\/2020\\\/01\\\/12\\\/inauguran-repavimentacion-y-puesta-en-valor-de-calle-8-y-pasaje-de-la-estacion\\\/#breadcrumb\"},\"inLanguage\":\"es\",\"potentialAction\":[{\"@type\":\"ReadAction\",\"target\":[\"https:\\\/\\\/noticiasmercedinas.com\\\/site\\\/2020\\\/01\\\/12\\\/inauguran-repavimentacion-y-puesta-en-valor-de-calle-8-y-pasaje-de-la-estacion\\\/\"]}]},{\"@type\":\"ImageObject\",\"inLanguage\":\"es\",\"@id\":\"https:\\\/\\\/noticiasmercedinas.com\\\/site\\\/2020\\\/01\\\/12\\\/inauguran-repavimentacion-y-puesta-en-valor-de-calle-8-y-pasaje-de-la-estacion\\\/#primaryimage\",\"url\":\"https:\\\/\\\/noticiasmercedinas.com\\\/site\\\/wp-content\\\/uploads\\\/2020\\\/01\\\/DSC09806.jpg\",\"contentUrl\":\"https:\\\/\\\/noticiasmercedinas.com\\\/site\\\/wp-content\\\/uploads\\\/2020\\\/01\\\/DSC09806.jpg\",\"width\":1114,\"height\":631},{\"@type\":\"BreadcrumbList\",\"@id\":\"https:\\\/\\\/noticiasmercedinas.com\\\/site\\\/2020\\\/01\\\/12\\\/inauguran-repavimentacion-y-puesta-en-valor-de-calle-8-y-pasaje-de-la-estacion\\\/#breadcrumb\",\"itemListElement\":[{\"@type\":\"ListItem\",\"position\":1,\"name\":\"Portada\",\"item\":\"https:\\\/\\\/noticiasmercedinas.com\\\/site\\\/\"},{\"@type\":\"ListItem\",\"position\":2,\"name\":\"Inauguran repavimentaci\u00f3n y puesta en valor de calle 8 y pasaje de la Estaci\u00f3n\"}]},{\"@type\":\"WebSite\",\"@id\":\"https:\\\/\\\/noticiasmercedinas.com\\\/site\\\/#website\",\"url\":\"https:\\\/\\\/noticiasmercedinas.com\\\/site\\\/\",\"name\":\"NOTICIASMERCEDINAS.COM\",\"description\":\"Mercedes, Buenos Aires, Argentina\",\"publisher\":{\"@id\":\"https:\\\/\\\/noticiasmercedinas.com\\\/site\\\/#organization\"},\"potentialAction\":[{\"@type\":\"SearchAction\",\"target\":{\"@type\":\"EntryPoint\",\"urlTemplate\":\"https:\\\/\\\/noticiasmercedinas.com\\\/site\\\/?s={search_term_string}\"},\"query-input\":{\"@type\":\"PropertyValueSpecification\",\"valueRequired\":true,\"valueName\":\"search_term_string\"}}],\"inLanguage\":\"es\"},{\"@type\":\"Organization\",\"@id\":\"https:\\\/\\\/noticiasmercedinas.com\\\/site\\\/#organization\",\"name\":\"NOTICIASMERCEDINAS.COM\",\"url\":\"https:\\\/\\\/noticiasmercedinas.com\\\/site\\\/\",\"logo\":{\"@type\":\"ImageObject\",\"inLanguage\":\"es\",\"@id\":\"https:\\\/\\\/noticiasmercedinas.com\\\/site\\\/#\\\/schema\\\/logo\\\/image\\\/\",\"url\":\"https:\\\/\\\/noticiasmercedinas.com\\\/site\\\/wp-content\\\/uploads\\\/2020\\\/06\\\/LOGO-512.jpg\",\"contentUrl\":\"https:\\\/\\\/noticiasmercedinas.com\\\/site\\\/wp-content\\\/uploads\\\/2020\\\/06\\\/LOGO-512.jpg\",\"width\":512,\"height\":512,\"caption\":\"NOTICIASMERCEDINAS.COM\"},\"image\":{\"@id\":\"https:\\\/\\\/noticiasmercedinas.com\\\/site\\\/#\\\/schema\\\/logo\\\/image\\\/\"},\"sameAs\":[\"https:\\\/\\\/www.facebook.com\\\/noticiasmercedinas\\\/\",\"https:\\\/\\\/x.com\\\/notmercedinas\",\"https:\\\/\\\/www.instagram.com\\\/noticiasmercedinas\\\/\"]},{\"@type\":\"Person\",\"@id\":\"https:\\\/\\\/noticiasmercedinas.com\\\/site\\\/#\\\/schema\\\/person\\\/84b59c099c28ff2e8b77d4ceec5d8063\",\"name\":\"NOTICIASMERCEDINAS.COM\",\"image\":{\"@type\":\"ImageObject\",\"inLanguage\":\"es\",\"@id\":\"https:\\\/\\\/secure.gravatar.com\\\/avatar\\\/4dfbf16b4d17945bfb6341b2d19043457132fcf478a5ee04f42e959fd8f5df0a?s=96&d=mm&r=g\",\"url\":\"https:\\\/\\\/secure.gravatar.com\\\/avatar\\\/4dfbf16b4d17945bfb6341b2d19043457132fcf478a5ee04f42e959fd8f5df0a?s=96&d=mm&r=g\",\"contentUrl\":\"https:\\\/\\\/secure.gravatar.com\\\/avatar\\\/4dfbf16b4d17945bfb6341b2d19043457132fcf478a5ee04f42e959fd8f5df0a?s=96&d=mm&r=g\",\"caption\":\"NOTICIASMERCEDINAS.COM\"},\"url\":\"https:\\\/\\\/noticiasmercedinas.com\\\/site\\\/author\\\/anonimo\\\/\"}]}<\/script>\n<!-- \/ Yoast SEO plugin. -->","yoast_head_json":{"title":"Inauguran repavimentaci\u00f3n y puesta en valor de calle 8 y pasaje de la Estaci\u00f3n","robots":{"index":"index","follow":"follow","max-snippet":"max-snippet:-1","max-image-preview":"max-image-preview:large","max-video-preview":"max-video-preview:-1"},"canonical":"https:\/\/noticiasmercedinas.com\/site\/2020\/01\/12\/inauguran-repavimentacion-y-puesta-en-valor-de-calle-8-y-pasaje-de-la-estacion\/","og_locale":"es_ES","og_type":"article","og_title":"Inauguran repavimentaci\u00f3n y puesta en valor de calle 8 y pasaje de la Estaci\u00f3n","og_description":"El jefe comunal junto a vecinos y comerciantes dej\u00f3 inaugurada formalmente la obra de repavimentaci\u00f3n y jerarquizaci\u00f3n del pasaje de calle 8, frente a Plaza de la Estaci\u00f3n de Trenes, donde se ha generado en el \u00faltimo tiempo un espacio de encuentro y gastronom\u00eda con los food trucks. Cientos de vecinos semanalmente utilizan las instalaciones [&hellip;]","og_url":"https:\/\/noticiasmercedinas.com\/site\/2020\/01\/12\/inauguran-repavimentacion-y-puesta-en-valor-de-calle-8-y-pasaje-de-la-estacion\/","og_site_name":"NOTICIASMERCEDINAS.COM","article_publisher":"https:\/\/www.facebook.com\/noticiasmercedinas\/","article_published_time":"2020-01-12T23:01:03+00:00","og_image":[{"width":1114,"height":631,"url":"https:\/\/noticiasmercedinas.com\/site\/wp-content\/uploads\/2020\/01\/DSC09806.jpg","type":"image\/jpeg"}],"author":"NOTICIASMERCEDINAS.COM","twitter_card":"summary_large_image","twitter_creator":"@notmercedinas","twitter_site":"@notmercedinas","twitter_misc":{"Escrito por":"NOTICIASMERCEDINAS.COM","Tiempo de lectura":"3 minutos"},"schema":{"@context":"https:\/\/schema.org","@graph":[{"@type":"Article","@id":"https:\/\/noticiasmercedinas.com\/site\/2020\/01\/12\/inauguran-repavimentacion-y-puesta-en-valor-de-calle-8-y-pasaje-de-la-estacion\/#article","isPartOf":{"@id":"https:\/\/noticiasmercedinas.com\/site\/2020\/01\/12\/inauguran-repavimentacion-y-puesta-en-valor-de-calle-8-y-pasaje-de-la-estacion\/"},"author":{"name":"NOTICIASMERCEDINAS.COM","@id":"https:\/\/noticiasmercedinas.com\/site\/#\/schema\/person\/84b59c099c28ff2e8b77d4ceec5d8063"},"headline":"Inauguran repavimentaci\u00f3n y puesta en valor de calle 8 y pasaje de la Estaci\u00f3n","datePublished":"2020-01-12T23:01:03+00:00","mainEntityOfPage":{"@id":"https:\/\/noticiasmercedinas.com\/site\/2020\/01\/12\/inauguran-repavimentacion-y-puesta-en-valor-de-calle-8-y-pasaje-de-la-estacion\/"},"wordCount":536,"commentCount":0,"publisher":{"@id":"https:\/\/noticiasmercedinas.com\/site\/#organization"},"image":{"@id":"https:\/\/noticiasmercedinas.com\/site\/2020\/01\/12\/inauguran-repavimentacion-y-puesta-en-valor-de-calle-8-y-pasaje-de-la-estacion\/#primaryimage"},"thumbnailUrl":"https:\/\/noticiasmercedinas.com\/site\/wp-content\/uploads\/2020\/01\/DSC09806.jpg","keywords":["estacion de trenes","juan ignacio ustarroz","Juan Pablo Montuori","matias dematei","obras","paseo","plaza"],"articleSection":["Sociedad"],"inLanguage":"es","potentialAction":[{"@type":"CommentAction","name":"Comment","target":["https:\/\/noticiasmercedinas.com\/site\/2020\/01\/12\/inauguran-repavimentacion-y-puesta-en-valor-de-calle-8-y-pasaje-de-la-estacion\/#respond"]}]},{"@type":"WebPage","@id":"https:\/\/noticiasmercedinas.com\/site\/2020\/01\/12\/inauguran-repavimentacion-y-puesta-en-valor-de-calle-8-y-pasaje-de-la-estacion\/","url":"https:\/\/noticiasmercedinas.com\/site\/2020\/01\/12\/inauguran-repavimentacion-y-puesta-en-valor-de-calle-8-y-pasaje-de-la-estacion\/","name":"Inauguran repavimentaci\u00f3n y puesta en valor de calle 8 y pasaje de la Estaci\u00f3n","isPartOf":{"@id":"https:\/\/noticiasmercedinas.com\/site\/#website"},"primaryImageOfPage":{"@id":"https:\/\/noticiasmercedinas.com\/site\/2020\/01\/12\/inauguran-repavimentacion-y-puesta-en-valor-de-calle-8-y-pasaje-de-la-estacion\/#primaryimage"},"image":{"@id":"https:\/\/noticiasmercedinas.com\/site\/2020\/01\/12\/inauguran-repavimentacion-y-puesta-en-valor-de-calle-8-y-pasaje-de-la-estacion\/#primaryimage"},"thumbnailUrl":"https:\/\/noticiasmercedinas.com\/site\/wp-content\/uploads\/2020\/01\/DSC09806.jpg","datePublished":"2020-01-12T23:01:03+00:00","breadcrumb":{"@id":"https:\/\/noticiasmercedinas.com\/site\/2020\/01\/12\/inauguran-repavimentacion-y-puesta-en-valor-de-calle-8-y-pasaje-de-la-estacion\/#breadcrumb"},"inLanguage":"es","potentialAction":[{"@type":"ReadAction","target":["https:\/\/noticiasmercedinas.com\/site\/2020\/01\/12\/inauguran-repavimentacion-y-puesta-en-valor-de-calle-8-y-pasaje-de-la-estacion\/"]}]},{"@type":"ImageObject","inLanguage":"es","@id":"https:\/\/noticiasmercedinas.com\/site\/2020\/01\/12\/inauguran-repavimentacion-y-puesta-en-valor-de-calle-8-y-pasaje-de-la-estacion\/#primaryimage","url":"https:\/\/noticiasmercedinas.com\/site\/wp-content\/uploads\/2020\/01\/DSC09806.jpg","contentUrl":"https:\/\/noticiasmercedinas.com\/site\/wp-content\/uploads\/2020\/01\/DSC09806.jpg","width":1114,"height":631},{"@type":"BreadcrumbList","@id":"https:\/\/noticiasmercedinas.com\/site\/2020\/01\/12\/inauguran-repavimentacion-y-puesta-en-valor-de-calle-8-y-pasaje-de-la-estacion\/#breadcrumb","itemListElement":[{"@type":"ListItem","position":1,"name":"Portada","item":"https:\/\/noticiasmercedinas.com\/site\/"},{"@type":"ListItem","position":2,"name":"Inauguran repavimentaci\u00f3n y puesta en valor de calle 8 y pasaje de la Estaci\u00f3n"}]},{"@type":"WebSite","@id":"https:\/\/noticiasmercedinas.com\/site\/#website","url":"https:\/\/noticiasmercedinas.com\/site\/","name":"NOTICIASMERCEDINAS.COM","description":"Mercedes, Buenos Aires, Argentina","publisher":{"@id":"https:\/\/noticiasmercedinas.com\/site\/#organization"},"potentialAction":[{"@type":"SearchAction","target":{"@type":"EntryPoint","urlTemplate":"https:\/\/noticiasmercedinas.com\/site\/?s={search_term_string}"},"query-input":{"@type":"PropertyValueSpecification","valueRequired":true,"valueName":"search_term_string"}}],"inLanguage":"es"},{"@type":"Organization","@id":"https:\/\/noticiasmercedinas.com\/site\/#organization","name":"NOTICIASMERCEDINAS.COM","url":"https:\/\/noticiasmercedinas.com\/site\/","logo":{"@type":"ImageObject","inLanguage":"es","@id":"https:\/\/noticiasmercedinas.com\/site\/#\/schema\/logo\/image\/","url":"https:\/\/noticiasmercedinas.com\/site\/wp-content\/uploads\/2020\/06\/LOGO-512.jpg","contentUrl":"https:\/\/noticiasmercedinas.com\/site\/wp-content\/uploads\/2020\/06\/LOGO-512.jpg","width":512,"height":512,"caption":"NOTICIASMERCEDINAS.COM"},"image":{"@id":"https:\/\/noticiasmercedinas.com\/site\/#\/schema\/logo\/image\/"},"sameAs":["https:\/\/www.facebook.com\/noticiasmercedinas\/","https:\/\/x.com\/notmercedinas","https:\/\/www.instagram.com\/noticiasmercedinas\/"]},{"@type":"Person","@id":"https:\/\/noticiasmercedinas.com\/site\/#\/schema\/person\/84b59c099c28ff2e8b77d4ceec5d8063","name":"NOTICIASMERCEDINAS.COM","image":{"@type":"ImageObject","inLanguage":"es","@id":"https:\/\/secure.gravatar.com\/avatar\/4dfbf16b4d17945bfb6341b2d19043457132fcf478a5ee04f42e959fd8f5df0a?s=96&d=mm&r=g","url":"https:\/\/secure.gravatar.com\/avatar\/4dfbf16b4d17945bfb6341b2d19043457132fcf478a5ee04f42e959fd8f5df0a?s=96&d=mm&r=g","contentUrl":"https:\/\/secure.gravatar.com\/avatar\/4dfbf16b4d17945bfb6341b2d19043457132fcf478a5ee04f42e959fd8f5df0a?s=96&d=mm&r=g","caption":"NOTICIASMERCEDINAS.COM"},"url":"https:\/\/noticiasmercedinas.com\/site\/author\/anonimo\/"}]}},"amp_enabled":true,"_links":{"self":[{"href":"https:\/\/noticiasmercedinas.com\/site\/wp-json\/wp\/v2\/posts\/37727","targetHints":{"allow":["GET"]}}],"collection":[{"href":"https:\/\/noticiasmercedinas.com\/site\/wp-json\/wp\/v2\/posts"}],"about":[{"href":"https:\/\/noticiasmercedinas.com\/site\/wp-json\/wp\/v2\/types\/post"}],"author":[{"embeddable":true,"href":"https:\/\/noticiasmercedinas.com\/site\/wp-json\/wp\/v2\/users\/16"}],"replies":[{"embeddable":true,"href":"https:\/\/noticiasmercedinas.com\/site\/wp-json\/wp\/v2\/comments?post=37727"}],"version-history":[{"count":1,"href":"https:\/\/noticiasmercedinas.com\/site\/wp-json\/wp\/v2\/posts\/37727\/revisions"}],"predecessor-version":[{"id":37731,"href":"https:\/\/noticiasmercedinas.com\/site\/wp-json\/wp\/v2\/posts\/37727\/revisions\/37731"}],"wp:featuredmedia":[{"embeddable":true,"href":"https:\/\/noticiasmercedinas.com\/site\/wp-json\/wp\/v2\/media\/37728"}],"wp:attachment":[{"href":"https:\/\/noticiasmercedinas.com\/site\/wp-json\/wp\/v2\/media?parent=37727"}],"wp:term":[{"taxonomy":"category","embeddable":true,"href":"https:\/\/noticiasmercedinas.com\/site\/wp-json\/wp\/v2\/categories?post=37727"},{"taxonomy":"post_tag","embeddable":true,"href":"https:\/\/noticiasmercedinas.com\/site\/wp-json\/wp\/v2\/tags?post=37727"}],"curies":[{"name":"wp","href":"https:\/\/api.w.org\/{rel}","templated":true}]}}