{"id":37732,"date":"2020-01-12T20:06:24","date_gmt":"2020-01-12T23:06:24","guid":{"rendered":"https:\/\/noticiasmercedinas.com\/site\/?p=37732"},"modified":"2020-01-12T20:06:24","modified_gmt":"2020-01-12T23:06:24","slug":"musica-en-las-plazas-arranco-en-plaza-de-la-estacion","status":"publish","type":"post","link":"https:\/\/noticiasmercedinas.com\/site\/2020\/01\/12\/musica-en-las-plazas-arranco-en-plaza-de-la-estacion\/","title":{"rendered":"\u201cM\u00fasica en las Plazas\u201d arranc\u00f3 en Plaza de la Estaci\u00f3n"},"content":{"rendered":"\r\n                <style type=\"text\/css\">\r\n                    \r\n                    #td_uid_1_69f5b15091963  .td-doubleSlider-2 .td-item1 {\r\n                        background: url(https:\/\/noticiasmercedinas.com\/site\/wp-content\/uploads\/2020\/01\/DSC09824-160x120.jpg) 0 0 no-repeat;\r\n                    }\r\n                    #td_uid_1_69f5b15091963  .td-doubleSlider-2 .td-item2 {\r\n                        background: url(https:\/\/noticiasmercedinas.com\/site\/wp-content\/uploads\/2020\/01\/DSC09823-160x120.jpg) 0 0 no-repeat;\r\n                    }\r\n                    #td_uid_1_69f5b15091963  .td-doubleSlider-2 .td-item3 {\r\n                        background: url(https:\/\/noticiasmercedinas.com\/site\/wp-content\/uploads\/2020\/01\/DSC09836-160x120.jpg) 0 0 no-repeat;\r\n                    }\r\n                    #td_uid_1_69f5b15091963  .td-doubleSlider-2 .td-item4 {\r\n                        background: url(https:\/\/noticiasmercedinas.com\/site\/wp-content\/uploads\/2020\/01\/DSC09827-160x120.jpg) 0 0 no-repeat;\r\n                    }\r\n                    #td_uid_1_69f5b15091963  .td-doubleSlider-2 .td-item5 {\r\n                        background: url(https:\/\/noticiasmercedinas.com\/site\/wp-content\/uploads\/2020\/01\/DSC09790-160x120.jpg) 0 0 no-repeat;\r\n                    }\r\n                    #td_uid_1_69f5b15091963  .td-doubleSlider-2 .td-item6 {\r\n                        background: url(https:\/\/noticiasmercedinas.com\/site\/wp-content\/uploads\/2020\/01\/DSC09777-160x120.jpg) 0 0 no-repeat;\r\n                    }\r\n                    #td_uid_1_69f5b15091963  .td-doubleSlider-2 .td-item7 {\r\n                        background: url(https:\/\/noticiasmercedinas.com\/site\/wp-content\/uploads\/2020\/01\/DSC09760-160x120.jpg) 0 0 no-repeat;\r\n                    }\r\n                <\/style>\r\n\r\n                <div id=\"td_uid_1_69f5b15091963\" class=\"td-gallery td-slide-on-2-columns\">\r\n                    <div class=\"post_td_gallery\">\r\n                        <div class=\"td-gallery-slide-top\">\r\n                           <div class=\"td-gallery-title\"><\/div>\r\n\r\n                            <div class=\"td-gallery-controls-wrapper\">\r\n                                <div class=\"td-gallery-slide-count\"><span class=\"td-gallery-slide-item-focus\">1<\/span> de 7<\/div>\r\n                                <div class=\"td-gallery-slide-prev-next-but\">\r\n                                    <i class = \"td-icon-left doubleSliderPrevButton\"><\/i>\r\n                                    <i class = \"td-icon-right doubleSliderNextButton\"><\/i>\r\n                                <\/div>\r\n                            <\/div>\r\n                        <\/div>\r\n\r\n                        <div class = \"td-doubleSlider-1 \">\r\n                            <div class = \"td-slider\">\r\n                                \r\n                    <div class = \"td-slide-item td-item1\">\r\n                        <figure class=\"td-slide-galery-figure td-slide-popup-gallery\">\r\n                            <a class=\"slide-gallery-image-link\" href=\"https:\/\/noticiasmercedinas.com\/site\/wp-content\/uploads\/2020\/01\/DSC09824.jpg\" title=\"DSC09824\"  data-caption=\"\"  data-description=\"\">\r\n                                <img decoding=\"async\" src=\"https:\/\/noticiasmercedinas.com\/site\/wp-content\/uploads\/2020\/01\/DSC09824.jpg\" srcset=\"https:\/\/noticiasmercedinas.com\/site\/wp-content\/uploads\/2020\/01\/DSC09824.jpg 948w, https:\/\/noticiasmercedinas.com\/site\/wp-content\/uploads\/2020\/01\/DSC09824-300x200.jpg 300w, https:\/\/noticiasmercedinas.com\/site\/wp-content\/uploads\/2020\/01\/DSC09824-768x512.jpg 768w, https:\/\/noticiasmercedinas.com\/site\/wp-content\/uploads\/2020\/01\/DSC09824-640x427.jpg 640w, https:\/\/noticiasmercedinas.com\/site\/wp-content\/uploads\/2020\/01\/DSC09824-681x454.jpg 681w\" sizes=\"(max-width: 948px) 100vw, 948px\" alt=\"\">\r\n                            <\/a>\r\n                            \r\n                        <\/figure>\r\n                    <\/div>\r\n                    <div class = \"td-slide-item td-item2\">\r\n                        <figure class=\"td-slide-galery-figure td-slide-popup-gallery\">\r\n                            <a class=\"slide-gallery-image-link\" href=\"https:\/\/noticiasmercedinas.com\/site\/wp-content\/uploads\/2020\/01\/DSC09823.jpg\" title=\"DSC09823\"  data-caption=\"\"  data-description=\"\">\r\n                                <img decoding=\"async\" src=\"https:\/\/noticiasmercedinas.com\/site\/wp-content\/uploads\/2020\/01\/DSC09823.jpg\" srcset=\"https:\/\/noticiasmercedinas.com\/site\/wp-content\/uploads\/2020\/01\/DSC09823.jpg 948w, https:\/\/noticiasmercedinas.com\/site\/wp-content\/uploads\/2020\/01\/DSC09823-300x200.jpg 300w, https:\/\/noticiasmercedinas.com\/site\/wp-content\/uploads\/2020\/01\/DSC09823-768x512.jpg 768w, https:\/\/noticiasmercedinas.com\/site\/wp-content\/uploads\/2020\/01\/DSC09823-640x427.jpg 640w, https:\/\/noticiasmercedinas.com\/site\/wp-content\/uploads\/2020\/01\/DSC09823-681x454.jpg 681w\" sizes=\"(max-width: 948px) 100vw, 948px\" alt=\"\">\r\n                            <\/a>\r\n                            \r\n                        <\/figure>\r\n                    <\/div>\r\n                    <div class = \"td-slide-item td-item3\">\r\n                        <figure class=\"td-slide-galery-figure td-slide-popup-gallery\">\r\n                            <a class=\"slide-gallery-image-link\" href=\"https:\/\/noticiasmercedinas.com\/site\/wp-content\/uploads\/2020\/01\/DSC09836.jpg\" title=\"DSC09836\"  data-caption=\"\"  data-description=\"\">\r\n                                <img decoding=\"async\" src=\"https:\/\/noticiasmercedinas.com\/site\/wp-content\/uploads\/2020\/01\/DSC09836.jpg\" srcset=\"https:\/\/noticiasmercedinas.com\/site\/wp-content\/uploads\/2020\/01\/DSC09836.jpg 948w, https:\/\/noticiasmercedinas.com\/site\/wp-content\/uploads\/2020\/01\/DSC09836-300x200.jpg 300w, https:\/\/noticiasmercedinas.com\/site\/wp-content\/uploads\/2020\/01\/DSC09836-768x512.jpg 768w, https:\/\/noticiasmercedinas.com\/site\/wp-content\/uploads\/2020\/01\/DSC09836-640x427.jpg 640w, https:\/\/noticiasmercedinas.com\/site\/wp-content\/uploads\/2020\/01\/DSC09836-681x454.jpg 681w\" sizes=\"(max-width: 948px) 100vw, 948px\" alt=\"\">\r\n                            <\/a>\r\n                            \r\n                        <\/figure>\r\n                    <\/div>\r\n                    <div class = \"td-slide-item td-item4\">\r\n                        <figure class=\"td-slide-galery-figure td-slide-popup-gallery\">\r\n                            <a class=\"slide-gallery-image-link\" href=\"https:\/\/noticiasmercedinas.com\/site\/wp-content\/uploads\/2020\/01\/DSC09827.jpg\" title=\"DSC09827\"  data-caption=\"\"  data-description=\"\">\r\n                                <img decoding=\"async\" src=\"https:\/\/noticiasmercedinas.com\/site\/wp-content\/uploads\/2020\/01\/DSC09827.jpg\" srcset=\"https:\/\/noticiasmercedinas.com\/site\/wp-content\/uploads\/2020\/01\/DSC09827.jpg 948w, https:\/\/noticiasmercedinas.com\/site\/wp-content\/uploads\/2020\/01\/DSC09827-300x200.jpg 300w, https:\/\/noticiasmercedinas.com\/site\/wp-content\/uploads\/2020\/01\/DSC09827-768x512.jpg 768w, https:\/\/noticiasmercedinas.com\/site\/wp-content\/uploads\/2020\/01\/DSC09827-640x427.jpg 640w, https:\/\/noticiasmercedinas.com\/site\/wp-content\/uploads\/2020\/01\/DSC09827-681x454.jpg 681w\" sizes=\"(max-width: 948px) 100vw, 948px\" alt=\"\">\r\n                            <\/a>\r\n                            \r\n                        <\/figure>\r\n                    <\/div>\r\n                    <div class = \"td-slide-item td-item5\">\r\n                        <figure class=\"td-slide-galery-figure td-slide-popup-gallery\">\r\n                            <a class=\"slide-gallery-image-link\" href=\"https:\/\/noticiasmercedinas.com\/site\/wp-content\/uploads\/2020\/01\/DSC09790.jpg\" title=\"DSC09790\"  data-caption=\"\"  data-description=\"\">\r\n                                <img decoding=\"async\" src=\"https:\/\/noticiasmercedinas.com\/site\/wp-content\/uploads\/2020\/01\/DSC09790.jpg\" srcset=\"https:\/\/noticiasmercedinas.com\/site\/wp-content\/uploads\/2020\/01\/DSC09790.jpg 948w, https:\/\/noticiasmercedinas.com\/site\/wp-content\/uploads\/2020\/01\/DSC09790-300x200.jpg 300w, https:\/\/noticiasmercedinas.com\/site\/wp-content\/uploads\/2020\/01\/DSC09790-768x512.jpg 768w, https:\/\/noticiasmercedinas.com\/site\/wp-content\/uploads\/2020\/01\/DSC09790-640x427.jpg 640w, https:\/\/noticiasmercedinas.com\/site\/wp-content\/uploads\/2020\/01\/DSC09790-681x454.jpg 681w\" sizes=\"(max-width: 948px) 100vw, 948px\" alt=\"\">\r\n                            <\/a>\r\n                            \r\n                        <\/figure>\r\n                    <\/div>\r\n                    <div class = \"td-slide-item td-item6\">\r\n                        <figure class=\"td-slide-galery-figure td-slide-popup-gallery\">\r\n                            <a class=\"slide-gallery-image-link\" href=\"https:\/\/noticiasmercedinas.com\/site\/wp-content\/uploads\/2020\/01\/DSC09777.jpg\" title=\"DSC09777\"  data-caption=\"\"  data-description=\"\">\r\n                                <img decoding=\"async\" src=\"https:\/\/noticiasmercedinas.com\/site\/wp-content\/uploads\/2020\/01\/DSC09777.jpg\" srcset=\"https:\/\/noticiasmercedinas.com\/site\/wp-content\/uploads\/2020\/01\/DSC09777.jpg 948w, https:\/\/noticiasmercedinas.com\/site\/wp-content\/uploads\/2020\/01\/DSC09777-300x200.jpg 300w, https:\/\/noticiasmercedinas.com\/site\/wp-content\/uploads\/2020\/01\/DSC09777-768x512.jpg 768w, https:\/\/noticiasmercedinas.com\/site\/wp-content\/uploads\/2020\/01\/DSC09777-640x427.jpg 640w, https:\/\/noticiasmercedinas.com\/site\/wp-content\/uploads\/2020\/01\/DSC09777-681x454.jpg 681w\" sizes=\"(max-width: 948px) 100vw, 948px\" alt=\"\">\r\n                            <\/a>\r\n                            \r\n                        <\/figure>\r\n                    <\/div>\r\n                    <div class = \"td-slide-item td-item7\">\r\n                        <figure class=\"td-slide-galery-figure td-slide-popup-gallery\">\r\n                            <a class=\"slide-gallery-image-link\" href=\"https:\/\/noticiasmercedinas.com\/site\/wp-content\/uploads\/2020\/01\/DSC09760.jpg\" title=\"DSC09760\"  data-caption=\"\"  data-description=\"\">\r\n                                <img decoding=\"async\" src=\"https:\/\/noticiasmercedinas.com\/site\/wp-content\/uploads\/2020\/01\/DSC09760.jpg\" srcset=\"https:\/\/noticiasmercedinas.com\/site\/wp-content\/uploads\/2020\/01\/DSC09760.jpg 948w, https:\/\/noticiasmercedinas.com\/site\/wp-content\/uploads\/2020\/01\/DSC09760-300x200.jpg 300w, https:\/\/noticiasmercedinas.com\/site\/wp-content\/uploads\/2020\/01\/DSC09760-768x512.jpg 768w, https:\/\/noticiasmercedinas.com\/site\/wp-content\/uploads\/2020\/01\/DSC09760-640x427.jpg 640w, https:\/\/noticiasmercedinas.com\/site\/wp-content\/uploads\/2020\/01\/DSC09760-681x454.jpg 681w\" sizes=\"(max-width: 948px) 100vw, 948px\" alt=\"\">\r\n                            <\/a>\r\n                            \r\n                        <\/figure>\r\n                    <\/div>\r\n                            <\/div>\r\n                        <\/div>\r\n\r\n                        <div class = \"td-doubleSlider-2\">\r\n                            <div class = \"td-slider\">\r\n                                \r\n                    <div class = \"td-button td-item1\">\r\n                        <div class = \"td-border\"><\/div>\r\n                    <\/div>\r\n                    <div class = \"td-button td-item2\">\r\n                        <div class = \"td-border\"><\/div>\r\n                    <\/div>\r\n                    <div class = \"td-button td-item3\">\r\n                        <div class = \"td-border\"><\/div>\r\n                    <\/div>\r\n                    <div class = \"td-button td-item4\">\r\n                        <div class = \"td-border\"><\/div>\r\n                    <\/div>\r\n                    <div class = \"td-button td-item5\">\r\n                        <div class = \"td-border\"><\/div>\r\n                    <\/div>\r\n                    <div class = \"td-button td-item6\">\r\n                        <div class = \"td-border\"><\/div>\r\n                    <\/div>\r\n                    <div class = \"td-button td-item7\">\r\n                        <div class = \"td-border\"><\/div>\r\n                    <\/div>\r\n                            <\/div>\r\n                        <\/div>\r\n\r\n                    <\/div>\r\n\r\n                <\/div>\r\n                \n<p>Con una noche de m\u00fasica, juegos, concursos de baile y un clima ideal inici\u00f3 el ciclo 2020 de \u201cM\u00fasica en las Plazas\u201d. \u201cEstamos muy felices de volver a ver la familia unida, los ni\u00f1os y ni\u00f1as jugando y el talento de los artistas locales\u201d coment\u00f3 el jefe comunal. Botija Mujica y San Francisco Zamba Show deleitaron a los presentes.<\/p>\n<p>La fiesta se inici\u00f3 a las 20.00 horas con la <span style=\"color: #000080;\"><a style=\"color: #000080;\" href=\"https:\/\/noticiasmercedinas.com\/site\/2020\/01\/12\/inauguran-repavimentacion-y-puesta-en-valor-de-calle-8-y-pasaje-de-la-estacion\/\" target=\"_blank\" rel=\"noopener noreferrer\"><strong>inauguraci\u00f3n de la calle 8 y el pasaje vinculado a la plaza de la Estaci\u00f3n de Trenes<\/strong><\/a><\/span>, donde hay una gran tradici\u00f3n de asistencia de vecinos a los artesanos, juegos y puestos de gastronom\u00eda del lugar. All\u00ed se montaron inflables, pistas para triciclos, mesas, sillas, iluminaci\u00f3n, el espacio de entretenimientos para la primera infancia, kermesse, toda una infraestructura para el disfrute de los peque\u00f1os y las familias.<\/p>\n<p>El jefe comunal aprovech\u00f3 la ocasi\u00f3n para remarcar que \u201cM\u00fasica en las Plazas adem\u00e1s del encuentro, del entretenimiento, es la cultura y una ciudad que tiene acceso a ella es una comunidad que avanza, que mejora\u201d.<\/p>\n<p>\u201cDeseo reconocer y pedir un aplauso para los artistas locales, que tenemos en gran variedad y sobre todo calidad\u201d, afirm\u00f3 mencionando que \u201cac\u00e1 se dan encuentros familiares, de amigos, de juego y entretenimiento para los ni\u00f1os y ni\u00f1as, sintetizando una idea simple que es la de comunidad, que se une, que se organiza, que se encuentra, que es solidaria y si bien atravesamos un 2019 muy dif\u00edcil y este a\u00f1o tambi\u00e9n nos llevar\u00e1 mucho tiempo para salir de esa situaci\u00f3n creo que hay una sola forma de salir adelante y es con unidad, con solidaridad, apostando a la familia y al espacio p\u00fablico, al granito de arena de cada uno para edificar un mejor futuro para toda nuestra gente. Gracias a cada empleado municipal, a quienes vinieron a trabajar con sus puestos y a los vecinos presentes. Disfrutemos de esta M\u00fasica en las Plazas y cada una de las noches que se viene\u201d.<\/p>\n<p>Por su parte, Lucia Capaccio, directora de Cultura, agradeci\u00f3 \u201ca los vecinos que nos dan un hermoso marco esta noche, a los artistas y trabajadores municipales, siempre tan generosos dando lo mejor para que los mercedinos disfrutemos de estas propuestas\u201d, entre otros conceptos.<\/p>\n<p>A\u00fan quedan muchas noches y espacios de la ciudad donde se realizar\u00e1n las noches de \u201cM\u00fasica en las Plazas\u201d con el siguiente cronograma:<\/p>\n<p>18 de Enero &#8211; Santa Teresita &#8211; 26 y 105:\u00a0Patio de tango, Coqui Uvis, Ingrid, Fernando Pasos y la Yunta<\/p>\n<p>18 de Enero -Unidad y Progreso -26 y 55:\u00a0Simplemente Duo, Grupo Los Amigos<\/p>\n<p>19 de Enero &#8211; San Jos\u00e9 &#8211; 29 y 50:\u00a0Patio de tango, Fernanda Ottolini &amp; La banda, Hern\u00e1n Cruz<\/p>\n<p>24 de Enero &#8211; Barro San Mart\u00edn, 104 y 67:\u00a0Patio de tango, Semilla agreste, La Clave<\/p>\n<p>25 de Enero &#8211; San Luis &#8211; 24 y 15:\u00a0Patio de tango, Sachapampa, Santa Milonguita<\/p>\n<p>25 de Enero &#8211; Gowland &#8211; 511 entre 504 y 506:\u00a0Mi cumbia suena, China Acosta<\/p>\n<p>26 de Enero \u2013 Blandengues \u2013 San Antonio \u2013 Almafuerte -Obrero &#8211; 18 y 103:\u00a0Suyai, Camilo Rojas y su banda<\/p>\n<p>31 de Enero &#8211; Plaza San Mart\u00edn &#8211; 27 entre 26 y 24:\u00a0Patio de tango, Patota Aschero, Menta y Lim\u00f3n<\/p>\n<p>1 de Febrero &#8211; C.C. La Trocha:\u00a0Pablo Aschero, La Clave<\/p>\n","protected":false},"excerpt":{"rendered":"<p>Con una noche de m\u00fasica, juegos, concursos de baile y un clima ideal inici\u00f3 el ciclo 2020 de \u201cM\u00fasica en las Plazas\u201d. \u201cEstamos muy felices de volver a ver la familia unida, los ni\u00f1os y ni\u00f1as jugando y el talento de los artistas locales\u201d coment\u00f3 el jefe comunal. Botija Mujica y San Francisco Zamba Show [&hellip;]<\/p>\n","protected":false},"author":2,"featured_media":37735,"comment_status":"open","ping_status":"open","sticky":false,"template":"","format":"standard","meta":{"footnotes":""},"categories":[4],"tags":[7928,328,88,3303],"class_list":["post-37732","post","type-post","status-publish","format-standard","has-post-thumbnail","hentry","category-cultura","tag-concursos-de-baile","tag-juegos","tag-musica","tag-musica-en-las-plazas"],"yoast_head":"<!-- This site is optimized with the Yoast SEO plugin v27.5 - https:\/\/yoast.com\/product\/yoast-seo-wordpress\/ -->\n<title>\u201cM\u00fasica en las Plazas\u201d arranc\u00f3 en Plaza de la Estaci\u00f3n<\/title>\n<meta name=\"robots\" content=\"index, follow, max-snippet:-1, max-image-preview:large, max-video-preview:-1\" \/>\n<link rel=\"canonical\" href=\"https:\/\/noticiasmercedinas.com\/site\/2020\/01\/12\/musica-en-las-plazas-arranco-en-plaza-de-la-estacion\/\" \/>\n<meta property=\"og:locale\" content=\"es_ES\" \/>\n<meta property=\"og:type\" content=\"article\" \/>\n<meta property=\"og:title\" content=\"\u201cM\u00fasica en las Plazas\u201d arranc\u00f3 en Plaza de la Estaci\u00f3n\" \/>\n<meta property=\"og:description\" content=\"Con una noche de m\u00fasica, juegos, concursos de baile y un clima ideal inici\u00f3 el ciclo 2020 de \u201cM\u00fasica en las Plazas\u201d. \u201cEstamos muy felices de volver a ver la familia unida, los ni\u00f1os y ni\u00f1as jugando y el talento de los artistas locales\u201d coment\u00f3 el jefe comunal. Botija Mujica y San Francisco Zamba Show [&hellip;]\" \/>\n<meta property=\"og:url\" content=\"https:\/\/noticiasmercedinas.com\/site\/2020\/01\/12\/musica-en-las-plazas-arranco-en-plaza-de-la-estacion\/\" \/>\n<meta property=\"og:site_name\" content=\"NOTICIASMERCEDINAS.COM\" \/>\n<meta property=\"article:publisher\" content=\"https:\/\/www.facebook.com\/noticiasmercedinas\/\" \/>\n<meta property=\"article:author\" content=\"https:\/\/www.facebook.com\/cristian.falabella\" \/>\n<meta property=\"article:published_time\" content=\"2020-01-12T23:06:24+00:00\" \/>\n<meta property=\"og:image\" content=\"https:\/\/noticiasmercedinas.com\/site\/wp-content\/uploads\/2020\/01\/DSC09836.jpg\" \/>\n\t<meta property=\"og:image:width\" content=\"948\" \/>\n\t<meta property=\"og:image:height\" content=\"632\" \/>\n\t<meta property=\"og:image:type\" content=\"image\/jpeg\" \/>\n<meta name=\"author\" content=\"Cristian Falabella NOTICIASMERCEDINAS.COM\" \/>\n<meta name=\"twitter:card\" content=\"summary_large_image\" \/>\n<meta name=\"twitter:creator\" content=\"@https:\/\/twitter.com\/NOTMERCEDINAS\" \/>\n<meta name=\"twitter:site\" content=\"@notmercedinas\" \/>\n<meta name=\"twitter:label1\" content=\"Escrito por\" \/>\n\t<meta name=\"twitter:data1\" content=\"Cristian Falabella NOTICIASMERCEDINAS.COM\" \/>\n\t<meta name=\"twitter:label2\" content=\"Tiempo de lectura\" \/>\n\t<meta name=\"twitter:data2\" content=\"3 minutos\" \/>\n<script type=\"application\/ld+json\" class=\"yoast-schema-graph\">{\"@context\":\"https:\\\/\\\/schema.org\",\"@graph\":[{\"@type\":\"Article\",\"@id\":\"https:\\\/\\\/noticiasmercedinas.com\\\/site\\\/2020\\\/01\\\/12\\\/musica-en-las-plazas-arranco-en-plaza-de-la-estacion\\\/#article\",\"isPartOf\":{\"@id\":\"https:\\\/\\\/noticiasmercedinas.com\\\/site\\\/2020\\\/01\\\/12\\\/musica-en-las-plazas-arranco-en-plaza-de-la-estacion\\\/\"},\"author\":{\"name\":\"Cristian Falabella NOTICIASMERCEDINAS.COM\",\"@id\":\"https:\\\/\\\/noticiasmercedinas.com\\\/site\\\/#\\\/schema\\\/person\\\/d481a9696a5feaec13a60e2bbd991a6a\"},\"headline\":\"\u201cM\u00fasica en las Plazas\u201d arranc\u00f3 en Plaza de la Estaci\u00f3n\",\"datePublished\":\"2020-01-12T23:06:24+00:00\",\"mainEntityOfPage\":{\"@id\":\"https:\\\/\\\/noticiasmercedinas.com\\\/site\\\/2020\\\/01\\\/12\\\/musica-en-las-plazas-arranco-en-plaza-de-la-estacion\\\/\"},\"wordCount\":567,\"commentCount\":0,\"publisher\":{\"@id\":\"https:\\\/\\\/noticiasmercedinas.com\\\/site\\\/#organization\"},\"image\":{\"@id\":\"https:\\\/\\\/noticiasmercedinas.com\\\/site\\\/2020\\\/01\\\/12\\\/musica-en-las-plazas-arranco-en-plaza-de-la-estacion\\\/#primaryimage\"},\"thumbnailUrl\":\"https:\\\/\\\/noticiasmercedinas.com\\\/site\\\/wp-content\\\/uploads\\\/2020\\\/01\\\/DSC09836.jpg\",\"keywords\":[\"concursos de baile\",\"juegos\",\"musica\",\"musica en las plazas\"],\"articleSection\":[\"Cultura\"],\"inLanguage\":\"es\",\"potentialAction\":[{\"@type\":\"CommentAction\",\"name\":\"Comment\",\"target\":[\"https:\\\/\\\/noticiasmercedinas.com\\\/site\\\/2020\\\/01\\\/12\\\/musica-en-las-plazas-arranco-en-plaza-de-la-estacion\\\/#respond\"]}]},{\"@type\":\"WebPage\",\"@id\":\"https:\\\/\\\/noticiasmercedinas.com\\\/site\\\/2020\\\/01\\\/12\\\/musica-en-las-plazas-arranco-en-plaza-de-la-estacion\\\/\",\"url\":\"https:\\\/\\\/noticiasmercedinas.com\\\/site\\\/2020\\\/01\\\/12\\\/musica-en-las-plazas-arranco-en-plaza-de-la-estacion\\\/\",\"name\":\"\u201cM\u00fasica en las Plazas\u201d arranc\u00f3 en Plaza de la Estaci\u00f3n\",\"isPartOf\":{\"@id\":\"https:\\\/\\\/noticiasmercedinas.com\\\/site\\\/#website\"},\"primaryImageOfPage\":{\"@id\":\"https:\\\/\\\/noticiasmercedinas.com\\\/site\\\/2020\\\/01\\\/12\\\/musica-en-las-plazas-arranco-en-plaza-de-la-estacion\\\/#primaryimage\"},\"image\":{\"@id\":\"https:\\\/\\\/noticiasmercedinas.com\\\/site\\\/2020\\\/01\\\/12\\\/musica-en-las-plazas-arranco-en-plaza-de-la-estacion\\\/#primaryimage\"},\"thumbnailUrl\":\"https:\\\/\\\/noticiasmercedinas.com\\\/site\\\/wp-content\\\/uploads\\\/2020\\\/01\\\/DSC09836.jpg\",\"datePublished\":\"2020-01-12T23:06:24+00:00\",\"breadcrumb\":{\"@id\":\"https:\\\/\\\/noticiasmercedinas.com\\\/site\\\/2020\\\/01\\\/12\\\/musica-en-las-plazas-arranco-en-plaza-de-la-estacion\\\/#breadcrumb\"},\"inLanguage\":\"es\",\"potentialAction\":[{\"@type\":\"ReadAction\",\"target\":[\"https:\\\/\\\/noticiasmercedinas.com\\\/site\\\/2020\\\/01\\\/12\\\/musica-en-las-plazas-arranco-en-plaza-de-la-estacion\\\/\"]}]},{\"@type\":\"ImageObject\",\"inLanguage\":\"es\",\"@id\":\"https:\\\/\\\/noticiasmercedinas.com\\\/site\\\/2020\\\/01\\\/12\\\/musica-en-las-plazas-arranco-en-plaza-de-la-estacion\\\/#primaryimage\",\"url\":\"https:\\\/\\\/noticiasmercedinas.com\\\/site\\\/wp-content\\\/uploads\\\/2020\\\/01\\\/DSC09836.jpg\",\"contentUrl\":\"https:\\\/\\\/noticiasmercedinas.com\\\/site\\\/wp-content\\\/uploads\\\/2020\\\/01\\\/DSC09836.jpg\",\"width\":948,\"height\":632},{\"@type\":\"BreadcrumbList\",\"@id\":\"https:\\\/\\\/noticiasmercedinas.com\\\/site\\\/2020\\\/01\\\/12\\\/musica-en-las-plazas-arranco-en-plaza-de-la-estacion\\\/#breadcrumb\",\"itemListElement\":[{\"@type\":\"ListItem\",\"position\":1,\"name\":\"Portada\",\"item\":\"https:\\\/\\\/noticiasmercedinas.com\\\/site\\\/\"},{\"@type\":\"ListItem\",\"position\":2,\"name\":\"\u201cM\u00fasica en las Plazas\u201d arranc\u00f3 en Plaza de la Estaci\u00f3n\"}]},{\"@type\":\"WebSite\",\"@id\":\"https:\\\/\\\/noticiasmercedinas.com\\\/site\\\/#website\",\"url\":\"https:\\\/\\\/noticiasmercedinas.com\\\/site\\\/\",\"name\":\"NOTICIASMERCEDINAS.COM\",\"description\":\"Mercedes, Buenos Aires, Argentina\",\"publisher\":{\"@id\":\"https:\\\/\\\/noticiasmercedinas.com\\\/site\\\/#organization\"},\"potentialAction\":[{\"@type\":\"SearchAction\",\"target\":{\"@type\":\"EntryPoint\",\"urlTemplate\":\"https:\\\/\\\/noticiasmercedinas.com\\\/site\\\/?s={search_term_string}\"},\"query-input\":{\"@type\":\"PropertyValueSpecification\",\"valueRequired\":true,\"valueName\":\"search_term_string\"}}],\"inLanguage\":\"es\"},{\"@type\":\"Organization\",\"@id\":\"https:\\\/\\\/noticiasmercedinas.com\\\/site\\\/#organization\",\"name\":\"NOTICIASMERCEDINAS.COM\",\"url\":\"https:\\\/\\\/noticiasmercedinas.com\\\/site\\\/\",\"logo\":{\"@type\":\"ImageObject\",\"inLanguage\":\"es\",\"@id\":\"https:\\\/\\\/noticiasmercedinas.com\\\/site\\\/#\\\/schema\\\/logo\\\/image\\\/\",\"url\":\"https:\\\/\\\/noticiasmercedinas.com\\\/site\\\/wp-content\\\/uploads\\\/2020\\\/06\\\/LOGO-512.jpg\",\"contentUrl\":\"https:\\\/\\\/noticiasmercedinas.com\\\/site\\\/wp-content\\\/uploads\\\/2020\\\/06\\\/LOGO-512.jpg\",\"width\":512,\"height\":512,\"caption\":\"NOTICIASMERCEDINAS.COM\"},\"image\":{\"@id\":\"https:\\\/\\\/noticiasmercedinas.com\\\/site\\\/#\\\/schema\\\/logo\\\/image\\\/\"},\"sameAs\":[\"https:\\\/\\\/www.facebook.com\\\/noticiasmercedinas\\\/\",\"https:\\\/\\\/x.com\\\/notmercedinas\",\"https:\\\/\\\/www.instagram.com\\\/noticiasmercedinas\\\/\"]},{\"@type\":\"Person\",\"@id\":\"https:\\\/\\\/noticiasmercedinas.com\\\/site\\\/#\\\/schema\\\/person\\\/d481a9696a5feaec13a60e2bbd991a6a\",\"name\":\"Cristian Falabella NOTICIASMERCEDINAS.COM\",\"image\":{\"@type\":\"ImageObject\",\"inLanguage\":\"es\",\"@id\":\"https:\\\/\\\/secure.gravatar.com\\\/avatar\\\/0dbbfc45970cc46bcd0e57766228574ff3511d6eed045b182f536f0f478c1f06?s=96&d=mm&r=g\",\"url\":\"https:\\\/\\\/secure.gravatar.com\\\/avatar\\\/0dbbfc45970cc46bcd0e57766228574ff3511d6eed045b182f536f0f478c1f06?s=96&d=mm&r=g\",\"contentUrl\":\"https:\\\/\\\/secure.gravatar.com\\\/avatar\\\/0dbbfc45970cc46bcd0e57766228574ff3511d6eed045b182f536f0f478c1f06?s=96&d=mm&r=g\",\"caption\":\"Cristian Falabella NOTICIASMERCEDINAS.COM\"},\"description\":\"Periodista, editor de Noticias Mercedinas. Pas\u00f3 por varias redacciones y emprendimientos de prensa, en distintos formatos y \u00e9pocas. Se especializ\u00f3 --y sigue haci\u00e9ndolo-- en comunicaci\u00f3n en la web y en junio de 2006 fund\u00f3 este diario digital.\",\"sameAs\":[\"https:\\\/\\\/noticiasmercedinas.com\",\"https:\\\/\\\/www.facebook.com\\\/cristian.falabella\",\"https:\\\/\\\/www.instagram.com\\\/noticiasmercedinas\\\/\",\"https:\\\/\\\/x.com\\\/https:\\\/\\\/twitter.com\\\/NOTMERCEDINAS\"],\"url\":\"https:\\\/\\\/noticiasmercedinas.com\\\/site\\\/author\\\/as000384\\\/\"}]}<\/script>\n<!-- \/ Yoast SEO plugin. -->","yoast_head_json":{"title":"\u201cM\u00fasica en las Plazas\u201d arranc\u00f3 en Plaza de la Estaci\u00f3n","robots":{"index":"index","follow":"follow","max-snippet":"max-snippet:-1","max-image-preview":"max-image-preview:large","max-video-preview":"max-video-preview:-1"},"canonical":"https:\/\/noticiasmercedinas.com\/site\/2020\/01\/12\/musica-en-las-plazas-arranco-en-plaza-de-la-estacion\/","og_locale":"es_ES","og_type":"article","og_title":"\u201cM\u00fasica en las Plazas\u201d arranc\u00f3 en Plaza de la Estaci\u00f3n","og_description":"Con una noche de m\u00fasica, juegos, concursos de baile y un clima ideal inici\u00f3 el ciclo 2020 de \u201cM\u00fasica en las Plazas\u201d. \u201cEstamos muy felices de volver a ver la familia unida, los ni\u00f1os y ni\u00f1as jugando y el talento de los artistas locales\u201d coment\u00f3 el jefe comunal. Botija Mujica y San Francisco Zamba Show [&hellip;]","og_url":"https:\/\/noticiasmercedinas.com\/site\/2020\/01\/12\/musica-en-las-plazas-arranco-en-plaza-de-la-estacion\/","og_site_name":"NOTICIASMERCEDINAS.COM","article_publisher":"https:\/\/www.facebook.com\/noticiasmercedinas\/","article_author":"https:\/\/www.facebook.com\/cristian.falabella","article_published_time":"2020-01-12T23:06:24+00:00","og_image":[{"width":948,"height":632,"url":"https:\/\/noticiasmercedinas.com\/site\/wp-content\/uploads\/2020\/01\/DSC09836.jpg","type":"image\/jpeg"}],"author":"Cristian Falabella NOTICIASMERCEDINAS.COM","twitter_card":"summary_large_image","twitter_creator":"@https:\/\/twitter.com\/NOTMERCEDINAS","twitter_site":"@notmercedinas","twitter_misc":{"Escrito por":"Cristian Falabella NOTICIASMERCEDINAS.COM","Tiempo de lectura":"3 minutos"},"schema":{"@context":"https:\/\/schema.org","@graph":[{"@type":"Article","@id":"https:\/\/noticiasmercedinas.com\/site\/2020\/01\/12\/musica-en-las-plazas-arranco-en-plaza-de-la-estacion\/#article","isPartOf":{"@id":"https:\/\/noticiasmercedinas.com\/site\/2020\/01\/12\/musica-en-las-plazas-arranco-en-plaza-de-la-estacion\/"},"author":{"name":"Cristian Falabella NOTICIASMERCEDINAS.COM","@id":"https:\/\/noticiasmercedinas.com\/site\/#\/schema\/person\/d481a9696a5feaec13a60e2bbd991a6a"},"headline":"\u201cM\u00fasica en las Plazas\u201d arranc\u00f3 en Plaza de la Estaci\u00f3n","datePublished":"2020-01-12T23:06:24+00:00","mainEntityOfPage":{"@id":"https:\/\/noticiasmercedinas.com\/site\/2020\/01\/12\/musica-en-las-plazas-arranco-en-plaza-de-la-estacion\/"},"wordCount":567,"commentCount":0,"publisher":{"@id":"https:\/\/noticiasmercedinas.com\/site\/#organization"},"image":{"@id":"https:\/\/noticiasmercedinas.com\/site\/2020\/01\/12\/musica-en-las-plazas-arranco-en-plaza-de-la-estacion\/#primaryimage"},"thumbnailUrl":"https:\/\/noticiasmercedinas.com\/site\/wp-content\/uploads\/2020\/01\/DSC09836.jpg","keywords":["concursos de baile","juegos","musica","musica en las plazas"],"articleSection":["Cultura"],"inLanguage":"es","potentialAction":[{"@type":"CommentAction","name":"Comment","target":["https:\/\/noticiasmercedinas.com\/site\/2020\/01\/12\/musica-en-las-plazas-arranco-en-plaza-de-la-estacion\/#respond"]}]},{"@type":"WebPage","@id":"https:\/\/noticiasmercedinas.com\/site\/2020\/01\/12\/musica-en-las-plazas-arranco-en-plaza-de-la-estacion\/","url":"https:\/\/noticiasmercedinas.com\/site\/2020\/01\/12\/musica-en-las-plazas-arranco-en-plaza-de-la-estacion\/","name":"\u201cM\u00fasica en las Plazas\u201d arranc\u00f3 en Plaza de la Estaci\u00f3n","isPartOf":{"@id":"https:\/\/noticiasmercedinas.com\/site\/#website"},"primaryImageOfPage":{"@id":"https:\/\/noticiasmercedinas.com\/site\/2020\/01\/12\/musica-en-las-plazas-arranco-en-plaza-de-la-estacion\/#primaryimage"},"image":{"@id":"https:\/\/noticiasmercedinas.com\/site\/2020\/01\/12\/musica-en-las-plazas-arranco-en-plaza-de-la-estacion\/#primaryimage"},"thumbnailUrl":"https:\/\/noticiasmercedinas.com\/site\/wp-content\/uploads\/2020\/01\/DSC09836.jpg","datePublished":"2020-01-12T23:06:24+00:00","breadcrumb":{"@id":"https:\/\/noticiasmercedinas.com\/site\/2020\/01\/12\/musica-en-las-plazas-arranco-en-plaza-de-la-estacion\/#breadcrumb"},"inLanguage":"es","potentialAction":[{"@type":"ReadAction","target":["https:\/\/noticiasmercedinas.com\/site\/2020\/01\/12\/musica-en-las-plazas-arranco-en-plaza-de-la-estacion\/"]}]},{"@type":"ImageObject","inLanguage":"es","@id":"https:\/\/noticiasmercedinas.com\/site\/2020\/01\/12\/musica-en-las-plazas-arranco-en-plaza-de-la-estacion\/#primaryimage","url":"https:\/\/noticiasmercedinas.com\/site\/wp-content\/uploads\/2020\/01\/DSC09836.jpg","contentUrl":"https:\/\/noticiasmercedinas.com\/site\/wp-content\/uploads\/2020\/01\/DSC09836.jpg","width":948,"height":632},{"@type":"BreadcrumbList","@id":"https:\/\/noticiasmercedinas.com\/site\/2020\/01\/12\/musica-en-las-plazas-arranco-en-plaza-de-la-estacion\/#breadcrumb","itemListElement":[{"@type":"ListItem","position":1,"name":"Portada","item":"https:\/\/noticiasmercedinas.com\/site\/"},{"@type":"ListItem","position":2,"name":"\u201cM\u00fasica en las Plazas\u201d arranc\u00f3 en Plaza de la Estaci\u00f3n"}]},{"@type":"WebSite","@id":"https:\/\/noticiasmercedinas.com\/site\/#website","url":"https:\/\/noticiasmercedinas.com\/site\/","name":"NOTICIASMERCEDINAS.COM","description":"Mercedes, Buenos Aires, Argentina","publisher":{"@id":"https:\/\/noticiasmercedinas.com\/site\/#organization"},"potentialAction":[{"@type":"SearchAction","target":{"@type":"EntryPoint","urlTemplate":"https:\/\/noticiasmercedinas.com\/site\/?s={search_term_string}"},"query-input":{"@type":"PropertyValueSpecification","valueRequired":true,"valueName":"search_term_string"}}],"inLanguage":"es"},{"@type":"Organization","@id":"https:\/\/noticiasmercedinas.com\/site\/#organization","name":"NOTICIASMERCEDINAS.COM","url":"https:\/\/noticiasmercedinas.com\/site\/","logo":{"@type":"ImageObject","inLanguage":"es","@id":"https:\/\/noticiasmercedinas.com\/site\/#\/schema\/logo\/image\/","url":"https:\/\/noticiasmercedinas.com\/site\/wp-content\/uploads\/2020\/06\/LOGO-512.jpg","contentUrl":"https:\/\/noticiasmercedinas.com\/site\/wp-content\/uploads\/2020\/06\/LOGO-512.jpg","width":512,"height":512,"caption":"NOTICIASMERCEDINAS.COM"},"image":{"@id":"https:\/\/noticiasmercedinas.com\/site\/#\/schema\/logo\/image\/"},"sameAs":["https:\/\/www.facebook.com\/noticiasmercedinas\/","https:\/\/x.com\/notmercedinas","https:\/\/www.instagram.com\/noticiasmercedinas\/"]},{"@type":"Person","@id":"https:\/\/noticiasmercedinas.com\/site\/#\/schema\/person\/d481a9696a5feaec13a60e2bbd991a6a","name":"Cristian Falabella NOTICIASMERCEDINAS.COM","image":{"@type":"ImageObject","inLanguage":"es","@id":"https:\/\/secure.gravatar.com\/avatar\/0dbbfc45970cc46bcd0e57766228574ff3511d6eed045b182f536f0f478c1f06?s=96&d=mm&r=g","url":"https:\/\/secure.gravatar.com\/avatar\/0dbbfc45970cc46bcd0e57766228574ff3511d6eed045b182f536f0f478c1f06?s=96&d=mm&r=g","contentUrl":"https:\/\/secure.gravatar.com\/avatar\/0dbbfc45970cc46bcd0e57766228574ff3511d6eed045b182f536f0f478c1f06?s=96&d=mm&r=g","caption":"Cristian Falabella NOTICIASMERCEDINAS.COM"},"description":"Periodista, editor de Noticias Mercedinas. Pas\u00f3 por varias redacciones y emprendimientos de prensa, en distintos formatos y \u00e9pocas. Se especializ\u00f3 --y sigue haci\u00e9ndolo-- en comunicaci\u00f3n en la web y en junio de 2006 fund\u00f3 este diario digital.","sameAs":["https:\/\/noticiasmercedinas.com","https:\/\/www.facebook.com\/cristian.falabella","https:\/\/www.instagram.com\/noticiasmercedinas\/","https:\/\/x.com\/https:\/\/twitter.com\/NOTMERCEDINAS"],"url":"https:\/\/noticiasmercedinas.com\/site\/author\/as000384\/"}]}},"amp_enabled":true,"_links":{"self":[{"href":"https:\/\/noticiasmercedinas.com\/site\/wp-json\/wp\/v2\/posts\/37732","targetHints":{"allow":["GET"]}}],"collection":[{"href":"https:\/\/noticiasmercedinas.com\/site\/wp-json\/wp\/v2\/posts"}],"about":[{"href":"https:\/\/noticiasmercedinas.com\/site\/wp-json\/wp\/v2\/types\/post"}],"author":[{"embeddable":true,"href":"https:\/\/noticiasmercedinas.com\/site\/wp-json\/wp\/v2\/users\/2"}],"replies":[{"embeddable":true,"href":"https:\/\/noticiasmercedinas.com\/site\/wp-json\/wp\/v2\/comments?post=37732"}],"version-history":[{"count":1,"href":"https:\/\/noticiasmercedinas.com\/site\/wp-json\/wp\/v2\/posts\/37732\/revisions"}],"predecessor-version":[{"id":37740,"href":"https:\/\/noticiasmercedinas.com\/site\/wp-json\/wp\/v2\/posts\/37732\/revisions\/37740"}],"wp:featuredmedia":[{"embeddable":true,"href":"https:\/\/noticiasmercedinas.com\/site\/wp-json\/wp\/v2\/media\/37735"}],"wp:attachment":[{"href":"https:\/\/noticiasmercedinas.com\/site\/wp-json\/wp\/v2\/media?parent=37732"}],"wp:term":[{"taxonomy":"category","embeddable":true,"href":"https:\/\/noticiasmercedinas.com\/site\/wp-json\/wp\/v2\/categories?post=37732"},{"taxonomy":"post_tag","embeddable":true,"href":"https:\/\/noticiasmercedinas.com\/site\/wp-json\/wp\/v2\/tags?post=37732"}],"curies":[{"name":"wp","href":"https:\/\/api.w.org\/{rel}","templated":true}]}}