{"id":37852,"date":"2020-01-15T13:43:08","date_gmt":"2020-01-15T16:43:08","guid":{"rendered":"https:\/\/noticiasmercedinas.com\/site\/2020\/01\/15\/avenida-2-ustarroz-se-reunio-con-gustavo-arrieta-en-vialidad-y-avanza-acuerdo\/"},"modified":"2020-01-15T13:43:08","modified_gmt":"2020-01-15T16:43:08","slug":"avenida-2-ustarroz-se-reunio-con-gustavo-arrieta-en-vialidad-y-avanza-acuerdo","status":"publish","type":"post","link":"https:\/\/noticiasmercedinas.com\/site\/2020\/01\/15\/avenida-2-ustarroz-se-reunio-con-gustavo-arrieta-en-vialidad-y-avanza-acuerdo\/","title":{"rendered":"Avenida 2: Ustarroz se reuni\u00f3 con Gustavo Arrieta en Vialidad y avanza acuerdo"},"content":{"rendered":"<p><img loading=\"lazy\" decoding=\"async\" class=\"wp-image-37851 alignnone size-full\" src=\"https:\/\/noticiasmercedinas.com\/site\/wp-content\/uploads\/2020\/01\/wp-15791062099216349611228697816982.jpg\" width=\"1280\" height=\"720\" srcset=\"https:\/\/noticiasmercedinas.com\/site\/wp-content\/uploads\/2020\/01\/wp-15791062099216349611228697816982.jpg 1280w, https:\/\/noticiasmercedinas.com\/site\/wp-content\/uploads\/2020\/01\/wp-15791062099216349611228697816982-300x169.jpg 300w, https:\/\/noticiasmercedinas.com\/site\/wp-content\/uploads\/2020\/01\/wp-15791062099216349611228697816982-1024x576.jpg 1024w, https:\/\/noticiasmercedinas.com\/site\/wp-content\/uploads\/2020\/01\/wp-15791062099216349611228697816982-768x432.jpg 768w, https:\/\/noticiasmercedinas.com\/site\/wp-content\/uploads\/2020\/01\/wp-15791062099216349611228697816982-640x360.jpg 640w, https:\/\/noticiasmercedinas.com\/site\/wp-content\/uploads\/2020\/01\/wp-15791062099216349611228697816982-681x383.jpg 681w\" sizes=\"auto, (max-width: 1280px) 100vw, 1280px\" \/><\/p>\n<p>El intendente <strong>Juan Ignacio Ustarroz <\/strong>se reuni\u00f3 con <strong>Gustavo Arrieta<\/strong>, responsable m\u00e1ximo de Vialidad Nacional, y el encuentro tuvo como eje principal tratar la obra de Avenida 2. Seg\u00fan se supo se gener\u00f3 el compromiso de resolver r\u00e1pido el tema evitando la v\u00eda judicial. El jefe comunal fue optimista con el encuentro.<\/p>\n<p>El pasado 8 de enero asumi\u00f3 Arrieta en Vialidad Nacional y uno de los primeros municipios en ser recibidos fue el de Mercedes. D\u00edas atr\u00e1s el jefe comunal Ustarroz mantuvo una importante reuni\u00f3n en la que puso exponer los pormenores de la Avenida 2.<\/p>\n<p><strong>Avenida 2<\/strong><br \/>\nLa Avenida 2 era una de las obras que mayor demanda ten\u00eda por parte de los vecinos. El Estado Nacional durante la presidencia de Macri se hab\u00eda comprometido, incluso con promesa de campa\u00f1a, a realizarla. Finalmente, tras el paso de los a\u00f1os y sin soluci\u00f3n el jefe comunal efectu\u00f3 una consulta ciudadana y luego inici\u00f3 la realizaci\u00f3n de la obra con fondos municipales los cuales se buscar\u00eda recuperar por medio de la judializaci\u00f3n del asunto.<\/p>\n<p>Actualmente los vecinos ya disfrutan de uno de los tramos realizado en hormig\u00f3n de primera calidad, con mejoras h\u00eddricas e iluminaci\u00f3n y, a pesar de no estar finalizada, significa un importante y destacado avance en lo que es el principal acceso a la ciudad brindando adem\u00e1s seguridad vial y cuidado de la vida humana.<\/p>\n<p><strong>Futuro<\/strong><br \/>\nEl intendente Ustarroz confirm\u00f3 el encuentro con \u201cGustavo Arrieta, responsable m\u00e1ximo de Vialidad Nacional, a quien pusimos al tanto de los detalles de la obra de Avenida 2\u201d, adem\u00e1s de agradecerle \u201cla voluntad de trabajo y gesti\u00f3n que expres\u00f3 y que sin duda es importante para toda la ciudad\u201d.<\/p>\n<p>La luz verde para la Avenida 2 permite iniciar el camino firme a su soluci\u00f3n en tanto responsabilidad del Estado Nacional evitando algo muy importante, como es la no judicializaci\u00f3n del asunto.<\/p>\n","protected":false},"excerpt":{"rendered":"<p>El intendente Juan Ignacio Ustarroz se reuni\u00f3 con Gustavo Arrieta, responsable m\u00e1ximo de Vialidad Nacional, y el encuentro tuvo como eje principal tratar la obra de Avenida 2. Seg\u00fan se supo se gener\u00f3 el compromiso de resolver r\u00e1pido el tema evitando la v\u00eda judicial. El jefe comunal fue optimista con el encuentro. El pasado 8 [&hellip;]<\/p>\n","protected":false},"author":2,"featured_media":37851,"comment_status":"open","ping_status":"open","sticky":false,"template":"","format":"standard","meta":{"footnotes":""},"categories":[16],"tags":[1285,835,36,667],"class_list":["post-37852","post","type-post","status-publish","format-standard","has-post-thumbnail","hentry","category-politica","tag-avenida-2","tag-gustavo-arrieta","tag-obras","tag-vialidad-nacional"],"yoast_head":"<!-- This site is optimized with the Yoast SEO plugin v27.5 - https:\/\/yoast.com\/product\/yoast-seo-wordpress\/ -->\n<title>Avenida 2: Ustarroz se reuni\u00f3 con Gustavo Arrieta en Vialidad y avanza acuerdo<\/title>\n<meta name=\"robots\" content=\"index, follow, max-snippet:-1, max-image-preview:large, max-video-preview:-1\" \/>\n<link rel=\"canonical\" href=\"https:\/\/noticiasmercedinas.com\/site\/2020\/01\/15\/avenida-2-ustarroz-se-reunio-con-gustavo-arrieta-en-vialidad-y-avanza-acuerdo\/\" \/>\n<meta property=\"og:locale\" content=\"es_ES\" \/>\n<meta property=\"og:type\" content=\"article\" \/>\n<meta property=\"og:title\" content=\"Avenida 2: Ustarroz se reuni\u00f3 con Gustavo Arrieta en Vialidad y avanza acuerdo\" \/>\n<meta property=\"og:description\" content=\"El intendente Juan Ignacio Ustarroz se reuni\u00f3 con Gustavo Arrieta, responsable m\u00e1ximo de Vialidad Nacional, y el encuentro tuvo como eje principal tratar la obra de Avenida 2. Seg\u00fan se supo se gener\u00f3 el compromiso de resolver r\u00e1pido el tema evitando la v\u00eda judicial. El jefe comunal fue optimista con el encuentro. El pasado 8 [&hellip;]\" \/>\n<meta property=\"og:url\" content=\"https:\/\/noticiasmercedinas.com\/site\/2020\/01\/15\/avenida-2-ustarroz-se-reunio-con-gustavo-arrieta-en-vialidad-y-avanza-acuerdo\/\" \/>\n<meta property=\"og:site_name\" content=\"NOTICIASMERCEDINAS.COM\" \/>\n<meta property=\"article:publisher\" content=\"https:\/\/www.facebook.com\/noticiasmercedinas\/\" \/>\n<meta property=\"article:author\" content=\"https:\/\/www.facebook.com\/cristian.falabella\" \/>\n<meta property=\"article:published_time\" content=\"2020-01-15T16:43:08+00:00\" \/>\n<meta property=\"og:image\" content=\"https:\/\/noticiasmercedinas.com\/site\/wp-content\/uploads\/2020\/01\/wp-15791062099216349611228697816982.jpg\" \/>\n\t<meta property=\"og:image:width\" content=\"1280\" \/>\n\t<meta property=\"og:image:height\" content=\"720\" \/>\n\t<meta property=\"og:image:type\" content=\"image\/jpeg\" \/>\n<meta name=\"author\" content=\"Cristian Falabella NOTICIASMERCEDINAS.COM\" \/>\n<meta name=\"twitter:card\" content=\"summary_large_image\" \/>\n<meta name=\"twitter:creator\" content=\"@https:\/\/twitter.com\/NOTMERCEDINAS\" \/>\n<meta name=\"twitter:site\" content=\"@notmercedinas\" \/>\n<meta name=\"twitter:label1\" content=\"Escrito por\" \/>\n\t<meta name=\"twitter:data1\" content=\"Cristian Falabella NOTICIASMERCEDINAS.COM\" \/>\n\t<meta name=\"twitter:label2\" content=\"Tiempo de lectura\" \/>\n\t<meta name=\"twitter:data2\" content=\"2 minutos\" \/>\n<script type=\"application\/ld+json\" class=\"yoast-schema-graph\">{\"@context\":\"https:\\\/\\\/schema.org\",\"@graph\":[{\"@type\":\"Article\",\"@id\":\"https:\\\/\\\/noticiasmercedinas.com\\\/site\\\/2020\\\/01\\\/15\\\/avenida-2-ustarroz-se-reunio-con-gustavo-arrieta-en-vialidad-y-avanza-acuerdo\\\/#article\",\"isPartOf\":{\"@id\":\"https:\\\/\\\/noticiasmercedinas.com\\\/site\\\/2020\\\/01\\\/15\\\/avenida-2-ustarroz-se-reunio-con-gustavo-arrieta-en-vialidad-y-avanza-acuerdo\\\/\"},\"author\":{\"name\":\"Cristian Falabella NOTICIASMERCEDINAS.COM\",\"@id\":\"https:\\\/\\\/noticiasmercedinas.com\\\/site\\\/#\\\/schema\\\/person\\\/d481a9696a5feaec13a60e2bbd991a6a\"},\"headline\":\"Avenida 2: Ustarroz se reuni\u00f3 con Gustavo Arrieta en Vialidad y avanza acuerdo\",\"datePublished\":\"2020-01-15T16:43:08+00:00\",\"mainEntityOfPage\":{\"@id\":\"https:\\\/\\\/noticiasmercedinas.com\\\/site\\\/2020\\\/01\\\/15\\\/avenida-2-ustarroz-se-reunio-con-gustavo-arrieta-en-vialidad-y-avanza-acuerdo\\\/\"},\"wordCount\":338,\"commentCount\":0,\"publisher\":{\"@id\":\"https:\\\/\\\/noticiasmercedinas.com\\\/site\\\/#organization\"},\"image\":{\"@id\":\"https:\\\/\\\/noticiasmercedinas.com\\\/site\\\/2020\\\/01\\\/15\\\/avenida-2-ustarroz-se-reunio-con-gustavo-arrieta-en-vialidad-y-avanza-acuerdo\\\/#primaryimage\"},\"thumbnailUrl\":\"https:\\\/\\\/noticiasmercedinas.com\\\/site\\\/wp-content\\\/uploads\\\/2020\\\/01\\\/wp-15791062099216349611228697816982.jpg\",\"keywords\":[\"avenida 2\",\"Gustavo Arrieta\",\"obras\",\"vialidad nacional\"],\"articleSection\":[\"Politica\"],\"inLanguage\":\"es\",\"potentialAction\":[{\"@type\":\"CommentAction\",\"name\":\"Comment\",\"target\":[\"https:\\\/\\\/noticiasmercedinas.com\\\/site\\\/2020\\\/01\\\/15\\\/avenida-2-ustarroz-se-reunio-con-gustavo-arrieta-en-vialidad-y-avanza-acuerdo\\\/#respond\"]}]},{\"@type\":\"WebPage\",\"@id\":\"https:\\\/\\\/noticiasmercedinas.com\\\/site\\\/2020\\\/01\\\/15\\\/avenida-2-ustarroz-se-reunio-con-gustavo-arrieta-en-vialidad-y-avanza-acuerdo\\\/\",\"url\":\"https:\\\/\\\/noticiasmercedinas.com\\\/site\\\/2020\\\/01\\\/15\\\/avenida-2-ustarroz-se-reunio-con-gustavo-arrieta-en-vialidad-y-avanza-acuerdo\\\/\",\"name\":\"Avenida 2: Ustarroz se reuni\u00f3 con Gustavo Arrieta en Vialidad y avanza acuerdo\",\"isPartOf\":{\"@id\":\"https:\\\/\\\/noticiasmercedinas.com\\\/site\\\/#website\"},\"primaryImageOfPage\":{\"@id\":\"https:\\\/\\\/noticiasmercedinas.com\\\/site\\\/2020\\\/01\\\/15\\\/avenida-2-ustarroz-se-reunio-con-gustavo-arrieta-en-vialidad-y-avanza-acuerdo\\\/#primaryimage\"},\"image\":{\"@id\":\"https:\\\/\\\/noticiasmercedinas.com\\\/site\\\/2020\\\/01\\\/15\\\/avenida-2-ustarroz-se-reunio-con-gustavo-arrieta-en-vialidad-y-avanza-acuerdo\\\/#primaryimage\"},\"thumbnailUrl\":\"https:\\\/\\\/noticiasmercedinas.com\\\/site\\\/wp-content\\\/uploads\\\/2020\\\/01\\\/wp-15791062099216349611228697816982.jpg\",\"datePublished\":\"2020-01-15T16:43:08+00:00\",\"breadcrumb\":{\"@id\":\"https:\\\/\\\/noticiasmercedinas.com\\\/site\\\/2020\\\/01\\\/15\\\/avenida-2-ustarroz-se-reunio-con-gustavo-arrieta-en-vialidad-y-avanza-acuerdo\\\/#breadcrumb\"},\"inLanguage\":\"es\",\"potentialAction\":[{\"@type\":\"ReadAction\",\"target\":[\"https:\\\/\\\/noticiasmercedinas.com\\\/site\\\/2020\\\/01\\\/15\\\/avenida-2-ustarroz-se-reunio-con-gustavo-arrieta-en-vialidad-y-avanza-acuerdo\\\/\"]}]},{\"@type\":\"ImageObject\",\"inLanguage\":\"es\",\"@id\":\"https:\\\/\\\/noticiasmercedinas.com\\\/site\\\/2020\\\/01\\\/15\\\/avenida-2-ustarroz-se-reunio-con-gustavo-arrieta-en-vialidad-y-avanza-acuerdo\\\/#primaryimage\",\"url\":\"https:\\\/\\\/noticiasmercedinas.com\\\/site\\\/wp-content\\\/uploads\\\/2020\\\/01\\\/wp-15791062099216349611228697816982.jpg\",\"contentUrl\":\"https:\\\/\\\/noticiasmercedinas.com\\\/site\\\/wp-content\\\/uploads\\\/2020\\\/01\\\/wp-15791062099216349611228697816982.jpg\",\"width\":1280,\"height\":720},{\"@type\":\"BreadcrumbList\",\"@id\":\"https:\\\/\\\/noticiasmercedinas.com\\\/site\\\/2020\\\/01\\\/15\\\/avenida-2-ustarroz-se-reunio-con-gustavo-arrieta-en-vialidad-y-avanza-acuerdo\\\/#breadcrumb\",\"itemListElement\":[{\"@type\":\"ListItem\",\"position\":1,\"name\":\"Portada\",\"item\":\"https:\\\/\\\/noticiasmercedinas.com\\\/site\\\/\"},{\"@type\":\"ListItem\",\"position\":2,\"name\":\"Avenida 2: Ustarroz se reuni\u00f3 con Gustavo Arrieta en Vialidad y avanza acuerdo\"}]},{\"@type\":\"WebSite\",\"@id\":\"https:\\\/\\\/noticiasmercedinas.com\\\/site\\\/#website\",\"url\":\"https:\\\/\\\/noticiasmercedinas.com\\\/site\\\/\",\"name\":\"NOTICIASMERCEDINAS.COM\",\"description\":\"Mercedes, Buenos Aires, Argentina\",\"publisher\":{\"@id\":\"https:\\\/\\\/noticiasmercedinas.com\\\/site\\\/#organization\"},\"potentialAction\":[{\"@type\":\"SearchAction\",\"target\":{\"@type\":\"EntryPoint\",\"urlTemplate\":\"https:\\\/\\\/noticiasmercedinas.com\\\/site\\\/?s={search_term_string}\"},\"query-input\":{\"@type\":\"PropertyValueSpecification\",\"valueRequired\":true,\"valueName\":\"search_term_string\"}}],\"inLanguage\":\"es\"},{\"@type\":\"Organization\",\"@id\":\"https:\\\/\\\/noticiasmercedinas.com\\\/site\\\/#organization\",\"name\":\"NOTICIASMERCEDINAS.COM\",\"url\":\"https:\\\/\\\/noticiasmercedinas.com\\\/site\\\/\",\"logo\":{\"@type\":\"ImageObject\",\"inLanguage\":\"es\",\"@id\":\"https:\\\/\\\/noticiasmercedinas.com\\\/site\\\/#\\\/schema\\\/logo\\\/image\\\/\",\"url\":\"https:\\\/\\\/noticiasmercedinas.com\\\/site\\\/wp-content\\\/uploads\\\/2020\\\/06\\\/LOGO-512.jpg\",\"contentUrl\":\"https:\\\/\\\/noticiasmercedinas.com\\\/site\\\/wp-content\\\/uploads\\\/2020\\\/06\\\/LOGO-512.jpg\",\"width\":512,\"height\":512,\"caption\":\"NOTICIASMERCEDINAS.COM\"},\"image\":{\"@id\":\"https:\\\/\\\/noticiasmercedinas.com\\\/site\\\/#\\\/schema\\\/logo\\\/image\\\/\"},\"sameAs\":[\"https:\\\/\\\/www.facebook.com\\\/noticiasmercedinas\\\/\",\"https:\\\/\\\/x.com\\\/notmercedinas\",\"https:\\\/\\\/www.instagram.com\\\/noticiasmercedinas\\\/\"]},{\"@type\":\"Person\",\"@id\":\"https:\\\/\\\/noticiasmercedinas.com\\\/site\\\/#\\\/schema\\\/person\\\/d481a9696a5feaec13a60e2bbd991a6a\",\"name\":\"Cristian Falabella NOTICIASMERCEDINAS.COM\",\"image\":{\"@type\":\"ImageObject\",\"inLanguage\":\"es\",\"@id\":\"https:\\\/\\\/secure.gravatar.com\\\/avatar\\\/0dbbfc45970cc46bcd0e57766228574ff3511d6eed045b182f536f0f478c1f06?s=96&d=mm&r=g\",\"url\":\"https:\\\/\\\/secure.gravatar.com\\\/avatar\\\/0dbbfc45970cc46bcd0e57766228574ff3511d6eed045b182f536f0f478c1f06?s=96&d=mm&r=g\",\"contentUrl\":\"https:\\\/\\\/secure.gravatar.com\\\/avatar\\\/0dbbfc45970cc46bcd0e57766228574ff3511d6eed045b182f536f0f478c1f06?s=96&d=mm&r=g\",\"caption\":\"Cristian Falabella NOTICIASMERCEDINAS.COM\"},\"description\":\"Periodista, editor de Noticias Mercedinas. Pas\u00f3 por varias redacciones y emprendimientos de prensa, en distintos formatos y \u00e9pocas. Se especializ\u00f3 --y sigue haci\u00e9ndolo-- en comunicaci\u00f3n en la web y en junio de 2006 fund\u00f3 este diario digital.\",\"sameAs\":[\"https:\\\/\\\/noticiasmercedinas.com\",\"https:\\\/\\\/www.facebook.com\\\/cristian.falabella\",\"https:\\\/\\\/www.instagram.com\\\/noticiasmercedinas\\\/\",\"https:\\\/\\\/x.com\\\/https:\\\/\\\/twitter.com\\\/NOTMERCEDINAS\"],\"url\":\"https:\\\/\\\/noticiasmercedinas.com\\\/site\\\/author\\\/as000384\\\/\"}]}<\/script>\n<!-- \/ Yoast SEO plugin. -->","yoast_head_json":{"title":"Avenida 2: Ustarroz se reuni\u00f3 con Gustavo Arrieta en Vialidad y avanza acuerdo","robots":{"index":"index","follow":"follow","max-snippet":"max-snippet:-1","max-image-preview":"max-image-preview:large","max-video-preview":"max-video-preview:-1"},"canonical":"https:\/\/noticiasmercedinas.com\/site\/2020\/01\/15\/avenida-2-ustarroz-se-reunio-con-gustavo-arrieta-en-vialidad-y-avanza-acuerdo\/","og_locale":"es_ES","og_type":"article","og_title":"Avenida 2: Ustarroz se reuni\u00f3 con Gustavo Arrieta en Vialidad y avanza acuerdo","og_description":"El intendente Juan Ignacio Ustarroz se reuni\u00f3 con Gustavo Arrieta, responsable m\u00e1ximo de Vialidad Nacional, y el encuentro tuvo como eje principal tratar la obra de Avenida 2. Seg\u00fan se supo se gener\u00f3 el compromiso de resolver r\u00e1pido el tema evitando la v\u00eda judicial. El jefe comunal fue optimista con el encuentro. El pasado 8 [&hellip;]","og_url":"https:\/\/noticiasmercedinas.com\/site\/2020\/01\/15\/avenida-2-ustarroz-se-reunio-con-gustavo-arrieta-en-vialidad-y-avanza-acuerdo\/","og_site_name":"NOTICIASMERCEDINAS.COM","article_publisher":"https:\/\/www.facebook.com\/noticiasmercedinas\/","article_author":"https:\/\/www.facebook.com\/cristian.falabella","article_published_time":"2020-01-15T16:43:08+00:00","og_image":[{"width":1280,"height":720,"url":"https:\/\/noticiasmercedinas.com\/site\/wp-content\/uploads\/2020\/01\/wp-15791062099216349611228697816982.jpg","type":"image\/jpeg"}],"author":"Cristian Falabella NOTICIASMERCEDINAS.COM","twitter_card":"summary_large_image","twitter_creator":"@https:\/\/twitter.com\/NOTMERCEDINAS","twitter_site":"@notmercedinas","twitter_misc":{"Escrito por":"Cristian Falabella NOTICIASMERCEDINAS.COM","Tiempo de lectura":"2 minutos"},"schema":{"@context":"https:\/\/schema.org","@graph":[{"@type":"Article","@id":"https:\/\/noticiasmercedinas.com\/site\/2020\/01\/15\/avenida-2-ustarroz-se-reunio-con-gustavo-arrieta-en-vialidad-y-avanza-acuerdo\/#article","isPartOf":{"@id":"https:\/\/noticiasmercedinas.com\/site\/2020\/01\/15\/avenida-2-ustarroz-se-reunio-con-gustavo-arrieta-en-vialidad-y-avanza-acuerdo\/"},"author":{"name":"Cristian Falabella NOTICIASMERCEDINAS.COM","@id":"https:\/\/noticiasmercedinas.com\/site\/#\/schema\/person\/d481a9696a5feaec13a60e2bbd991a6a"},"headline":"Avenida 2: Ustarroz se reuni\u00f3 con Gustavo Arrieta en Vialidad y avanza acuerdo","datePublished":"2020-01-15T16:43:08+00:00","mainEntityOfPage":{"@id":"https:\/\/noticiasmercedinas.com\/site\/2020\/01\/15\/avenida-2-ustarroz-se-reunio-con-gustavo-arrieta-en-vialidad-y-avanza-acuerdo\/"},"wordCount":338,"commentCount":0,"publisher":{"@id":"https:\/\/noticiasmercedinas.com\/site\/#organization"},"image":{"@id":"https:\/\/noticiasmercedinas.com\/site\/2020\/01\/15\/avenida-2-ustarroz-se-reunio-con-gustavo-arrieta-en-vialidad-y-avanza-acuerdo\/#primaryimage"},"thumbnailUrl":"https:\/\/noticiasmercedinas.com\/site\/wp-content\/uploads\/2020\/01\/wp-15791062099216349611228697816982.jpg","keywords":["avenida 2","Gustavo Arrieta","obras","vialidad nacional"],"articleSection":["Politica"],"inLanguage":"es","potentialAction":[{"@type":"CommentAction","name":"Comment","target":["https:\/\/noticiasmercedinas.com\/site\/2020\/01\/15\/avenida-2-ustarroz-se-reunio-con-gustavo-arrieta-en-vialidad-y-avanza-acuerdo\/#respond"]}]},{"@type":"WebPage","@id":"https:\/\/noticiasmercedinas.com\/site\/2020\/01\/15\/avenida-2-ustarroz-se-reunio-con-gustavo-arrieta-en-vialidad-y-avanza-acuerdo\/","url":"https:\/\/noticiasmercedinas.com\/site\/2020\/01\/15\/avenida-2-ustarroz-se-reunio-con-gustavo-arrieta-en-vialidad-y-avanza-acuerdo\/","name":"Avenida 2: Ustarroz se reuni\u00f3 con Gustavo Arrieta en Vialidad y avanza acuerdo","isPartOf":{"@id":"https:\/\/noticiasmercedinas.com\/site\/#website"},"primaryImageOfPage":{"@id":"https:\/\/noticiasmercedinas.com\/site\/2020\/01\/15\/avenida-2-ustarroz-se-reunio-con-gustavo-arrieta-en-vialidad-y-avanza-acuerdo\/#primaryimage"},"image":{"@id":"https:\/\/noticiasmercedinas.com\/site\/2020\/01\/15\/avenida-2-ustarroz-se-reunio-con-gustavo-arrieta-en-vialidad-y-avanza-acuerdo\/#primaryimage"},"thumbnailUrl":"https:\/\/noticiasmercedinas.com\/site\/wp-content\/uploads\/2020\/01\/wp-15791062099216349611228697816982.jpg","datePublished":"2020-01-15T16:43:08+00:00","breadcrumb":{"@id":"https:\/\/noticiasmercedinas.com\/site\/2020\/01\/15\/avenida-2-ustarroz-se-reunio-con-gustavo-arrieta-en-vialidad-y-avanza-acuerdo\/#breadcrumb"},"inLanguage":"es","potentialAction":[{"@type":"ReadAction","target":["https:\/\/noticiasmercedinas.com\/site\/2020\/01\/15\/avenida-2-ustarroz-se-reunio-con-gustavo-arrieta-en-vialidad-y-avanza-acuerdo\/"]}]},{"@type":"ImageObject","inLanguage":"es","@id":"https:\/\/noticiasmercedinas.com\/site\/2020\/01\/15\/avenida-2-ustarroz-se-reunio-con-gustavo-arrieta-en-vialidad-y-avanza-acuerdo\/#primaryimage","url":"https:\/\/noticiasmercedinas.com\/site\/wp-content\/uploads\/2020\/01\/wp-15791062099216349611228697816982.jpg","contentUrl":"https:\/\/noticiasmercedinas.com\/site\/wp-content\/uploads\/2020\/01\/wp-15791062099216349611228697816982.jpg","width":1280,"height":720},{"@type":"BreadcrumbList","@id":"https:\/\/noticiasmercedinas.com\/site\/2020\/01\/15\/avenida-2-ustarroz-se-reunio-con-gustavo-arrieta-en-vialidad-y-avanza-acuerdo\/#breadcrumb","itemListElement":[{"@type":"ListItem","position":1,"name":"Portada","item":"https:\/\/noticiasmercedinas.com\/site\/"},{"@type":"ListItem","position":2,"name":"Avenida 2: Ustarroz se reuni\u00f3 con Gustavo Arrieta en Vialidad y avanza acuerdo"}]},{"@type":"WebSite","@id":"https:\/\/noticiasmercedinas.com\/site\/#website","url":"https:\/\/noticiasmercedinas.com\/site\/","name":"NOTICIASMERCEDINAS.COM","description":"Mercedes, Buenos Aires, Argentina","publisher":{"@id":"https:\/\/noticiasmercedinas.com\/site\/#organization"},"potentialAction":[{"@type":"SearchAction","target":{"@type":"EntryPoint","urlTemplate":"https:\/\/noticiasmercedinas.com\/site\/?s={search_term_string}"},"query-input":{"@type":"PropertyValueSpecification","valueRequired":true,"valueName":"search_term_string"}}],"inLanguage":"es"},{"@type":"Organization","@id":"https:\/\/noticiasmercedinas.com\/site\/#organization","name":"NOTICIASMERCEDINAS.COM","url":"https:\/\/noticiasmercedinas.com\/site\/","logo":{"@type":"ImageObject","inLanguage":"es","@id":"https:\/\/noticiasmercedinas.com\/site\/#\/schema\/logo\/image\/","url":"https:\/\/noticiasmercedinas.com\/site\/wp-content\/uploads\/2020\/06\/LOGO-512.jpg","contentUrl":"https:\/\/noticiasmercedinas.com\/site\/wp-content\/uploads\/2020\/06\/LOGO-512.jpg","width":512,"height":512,"caption":"NOTICIASMERCEDINAS.COM"},"image":{"@id":"https:\/\/noticiasmercedinas.com\/site\/#\/schema\/logo\/image\/"},"sameAs":["https:\/\/www.facebook.com\/noticiasmercedinas\/","https:\/\/x.com\/notmercedinas","https:\/\/www.instagram.com\/noticiasmercedinas\/"]},{"@type":"Person","@id":"https:\/\/noticiasmercedinas.com\/site\/#\/schema\/person\/d481a9696a5feaec13a60e2bbd991a6a","name":"Cristian Falabella NOTICIASMERCEDINAS.COM","image":{"@type":"ImageObject","inLanguage":"es","@id":"https:\/\/secure.gravatar.com\/avatar\/0dbbfc45970cc46bcd0e57766228574ff3511d6eed045b182f536f0f478c1f06?s=96&d=mm&r=g","url":"https:\/\/secure.gravatar.com\/avatar\/0dbbfc45970cc46bcd0e57766228574ff3511d6eed045b182f536f0f478c1f06?s=96&d=mm&r=g","contentUrl":"https:\/\/secure.gravatar.com\/avatar\/0dbbfc45970cc46bcd0e57766228574ff3511d6eed045b182f536f0f478c1f06?s=96&d=mm&r=g","caption":"Cristian Falabella NOTICIASMERCEDINAS.COM"},"description":"Periodista, editor de Noticias Mercedinas. Pas\u00f3 por varias redacciones y emprendimientos de prensa, en distintos formatos y \u00e9pocas. Se especializ\u00f3 --y sigue haci\u00e9ndolo-- en comunicaci\u00f3n en la web y en junio de 2006 fund\u00f3 este diario digital.","sameAs":["https:\/\/noticiasmercedinas.com","https:\/\/www.facebook.com\/cristian.falabella","https:\/\/www.instagram.com\/noticiasmercedinas\/","https:\/\/x.com\/https:\/\/twitter.com\/NOTMERCEDINAS"],"url":"https:\/\/noticiasmercedinas.com\/site\/author\/as000384\/"}]}},"amp_enabled":true,"_links":{"self":[{"href":"https:\/\/noticiasmercedinas.com\/site\/wp-json\/wp\/v2\/posts\/37852","targetHints":{"allow":["GET"]}}],"collection":[{"href":"https:\/\/noticiasmercedinas.com\/site\/wp-json\/wp\/v2\/posts"}],"about":[{"href":"https:\/\/noticiasmercedinas.com\/site\/wp-json\/wp\/v2\/types\/post"}],"author":[{"embeddable":true,"href":"https:\/\/noticiasmercedinas.com\/site\/wp-json\/wp\/v2\/users\/2"}],"replies":[{"embeddable":true,"href":"https:\/\/noticiasmercedinas.com\/site\/wp-json\/wp\/v2\/comments?post=37852"}],"version-history":[{"count":0,"href":"https:\/\/noticiasmercedinas.com\/site\/wp-json\/wp\/v2\/posts\/37852\/revisions"}],"wp:featuredmedia":[{"embeddable":true,"href":"https:\/\/noticiasmercedinas.com\/site\/wp-json\/wp\/v2\/media\/37851"}],"wp:attachment":[{"href":"https:\/\/noticiasmercedinas.com\/site\/wp-json\/wp\/v2\/media?parent=37852"}],"wp:term":[{"taxonomy":"category","embeddable":true,"href":"https:\/\/noticiasmercedinas.com\/site\/wp-json\/wp\/v2\/categories?post=37852"},{"taxonomy":"post_tag","embeddable":true,"href":"https:\/\/noticiasmercedinas.com\/site\/wp-json\/wp\/v2\/tags?post=37852"}],"curies":[{"name":"wp","href":"https:\/\/api.w.org\/{rel}","templated":true}]}}