{"id":37974,"date":"2020-01-17T17:05:48","date_gmt":"2020-01-17T20:05:48","guid":{"rendered":"https:\/\/noticiasmercedinas.com\/site\/?p=37974"},"modified":"2020-01-17T17:08:23","modified_gmt":"2020-01-17T20:08:23","slug":"la-papa-loca-tiene-nuevo-local-en-avenida-40-y-es-autoservicio","status":"publish","type":"post","link":"https:\/\/noticiasmercedinas.com\/site\/2020\/01\/17\/la-papa-loca-tiene-nuevo-local-en-avenida-40-y-es-autoservicio\/","title":{"rendered":"La Papa Loca tiene nuevo local en Avenida 40 y es autoservicio"},"content":{"rendered":"<p><img loading=\"lazy\" decoding=\"async\" src=\"https:\/\/noticiasmercedinas.com\/site\/wp-content\/uploads\/2020\/01\/20200117_1700485992210673540025408.jpg\" class=\"wp-image-37975 alignnone size-full\" width=\"2560\" height=\"1440\"><\/p>\n<p>Desde este lunes 13 de enero <strong>La Papa Loca<\/strong> tiene un nuevo local en Avenida 40 entre 7 y 9, donde todo es distinto, ya que incorporaron un sistema de autoservicio que es \u00fanico en Mercedes.<\/p>\n<p>Este emprendimiento naci\u00f3 en el a\u00f1o 2000 por lo que en este 2020 cumple 20 a\u00f1os de existencia y con renovados aires.<\/p>\n<p>\u00abTen\u00edamos la necesidad de mudarnos y este nuevo local nos sirve para renovar aires. La gente lo tom\u00f3 muy bien, no solo los del barrio sino nuestros tradicionales clientes\u00bb, coment\u00f3<strong> Diego Hermida<\/strong>, quien es titular de La Papa Loca.<\/p>\n<p>Tienen frutas y verduras por mayor y menor, fiambrer\u00eda, art\u00edculos de limpieza, bebidas y m\u00e1s.<\/p>\n<p>Trabajan de 7.30 a 13.30 y de 16.30 a 20 horas todos los d\u00edas.<\/p>\n<p>Los precios son m\u00e1s que destacados. Por estos d\u00edas hay ofertas en naranja y acelga, 2 kilos por 40 pesos, y banana y manzana 2 kilos por 100 pesos, por citar algunos ejemplos.<\/p>\n<p>Adem\u00e1s tienen servicio de entrega a domicilio llamando o enviando un wasap al 2324592455.<\/p>\n<p><img loading=\"lazy\" decoding=\"async\" src=\"https:\/\/noticiasmercedinas.com\/site\/wp-content\/uploads\/2020\/01\/20200117_165912978252780221058941.jpg\" class=\"wp-image-37976 alignnone size-full\" width=\"2560\" height=\"1440\"><\/p>\n<p><img loading=\"lazy\" decoding=\"async\" src=\"https:\/\/noticiasmercedinas.com\/site\/wp-content\/uploads\/2020\/01\/20200117_1659222844484309290094683.jpg\" class=\"wp-image-37978 alignnone size-full\" width=\"2560\" height=\"1440\"><\/p>\n<p><img loading=\"lazy\" decoding=\"async\" src=\"https:\/\/noticiasmercedinas.com\/site\/wp-content\/uploads\/2020\/01\/20200117_1659371943650115788627233.jpg\" class=\"wp-image-37977 alignnone size-full\" width=\"2560\" height=\"1440\"><\/p>\n<p><img loading=\"lazy\" decoding=\"async\" src=\"https:\/\/noticiasmercedinas.com\/site\/wp-content\/uploads\/2020\/01\/20200117_165945106793556854864261.jpg\" class=\"wp-image-37979 alignnone size-full\" width=\"2560\" height=\"1440\"><\/p>\n<p><img loading=\"lazy\" decoding=\"async\" src=\"https:\/\/noticiasmercedinas.com\/site\/wp-content\/uploads\/2020\/01\/20200117_1700018032000590534441002.jpg\" class=\"wp-image-37980 alignnone size-full\" width=\"2560\" height=\"1440\"><\/p>\n<p><img loading=\"lazy\" decoding=\"async\" src=\"https:\/\/noticiasmercedinas.com\/site\/wp-content\/uploads\/2020\/01\/20200117_1700208366011283487232410.jpg\" class=\"alignnone size-full wp-image-37981\" width=\"2560\" height=\"1440\"><\/p>\n","protected":false},"excerpt":{"rendered":"<p>Desde este lunes 13 de enero La Papa Loca tiene un nuevo local en Avenida 40 entre 7 y 9, donde todo es distinto, ya que incorporaron un sistema de autoservicio que es \u00fanico en Mercedes. Este emprendimiento naci\u00f3 en el a\u00f1o 2000 por lo que en este 2020 cumple 20 a\u00f1os de existencia y [&hellip;]<\/p>\n","protected":false},"author":2,"featured_media":37975,"comment_status":"open","ping_status":"open","sticky":false,"template":"","format":"standard","meta":{"footnotes":""},"categories":[74],"tags":[8006,6972,8003,8007,8004,1376,8002,2489],"class_list":["post-37974","post","type-post","status-publish","format-standard","has-post-thumbnail","hentry","category-emprendimientos","tag-articulos-de-limpieza","tag-bebidas","tag-diego-hermosa","tag-frutas","tag-la-papa-loca","tag-ofertas","tag-verduleria","tag-verduras"],"yoast_head":"<!-- This site is optimized with the Yoast SEO plugin v27.4 - https:\/\/yoast.com\/product\/yoast-seo-wordpress\/ -->\n<title>La Papa Loca tiene nuevo local en Avenida 40 y es autoservicio<\/title>\n<meta name=\"robots\" content=\"index, follow, max-snippet:-1, max-image-preview:large, max-video-preview:-1\" \/>\n<link rel=\"canonical\" href=\"https:\/\/noticiasmercedinas.com\/site\/2020\/01\/17\/la-papa-loca-tiene-nuevo-local-en-avenida-40-y-es-autoservicio\/\" \/>\n<meta property=\"og:locale\" content=\"es_ES\" \/>\n<meta property=\"og:type\" content=\"article\" \/>\n<meta property=\"og:title\" content=\"La Papa Loca tiene nuevo local en Avenida 40 y es autoservicio\" \/>\n<meta property=\"og:description\" content=\"Desde este lunes 13 de enero La Papa Loca tiene un nuevo local en Avenida 40 entre 7 y 9, donde todo es distinto, ya que incorporaron un sistema de autoservicio que es \u00fanico en Mercedes. Este emprendimiento naci\u00f3 en el a\u00f1o 2000 por lo que en este 2020 cumple 20 a\u00f1os de existencia y [&hellip;]\" \/>\n<meta property=\"og:url\" content=\"https:\/\/noticiasmercedinas.com\/site\/2020\/01\/17\/la-papa-loca-tiene-nuevo-local-en-avenida-40-y-es-autoservicio\/\" \/>\n<meta property=\"og:site_name\" content=\"NOTICIASMERCEDINAS.COM\" \/>\n<meta property=\"article:publisher\" content=\"https:\/\/www.facebook.com\/noticiasmercedinas\/\" \/>\n<meta property=\"article:author\" content=\"https:\/\/www.facebook.com\/cristian.falabella\" \/>\n<meta property=\"article:published_time\" content=\"2020-01-17T20:05:48+00:00\" \/>\n<meta property=\"article:modified_time\" content=\"2020-01-17T20:08:23+00:00\" \/>\n<meta property=\"og:image\" content=\"https:\/\/noticiasmercedinas.com\/site\/wp-content\/uploads\/2020\/01\/20200117_1700485992210673540025408-scaled.jpg\" \/>\n\t<meta property=\"og:image:width\" content=\"2560\" \/>\n\t<meta property=\"og:image:height\" content=\"1440\" \/>\n\t<meta property=\"og:image:type\" content=\"image\/jpeg\" \/>\n<meta name=\"author\" content=\"Cristian Falabella NOTICIASMERCEDINAS.COM\" \/>\n<meta name=\"twitter:card\" content=\"summary_large_image\" \/>\n<meta name=\"twitter:creator\" content=\"@https:\/\/twitter.com\/NOTMERCEDINAS\" \/>\n<meta name=\"twitter:site\" content=\"@notmercedinas\" \/>\n<meta name=\"twitter:label1\" content=\"Escrito por\" \/>\n\t<meta name=\"twitter:data1\" content=\"Cristian Falabella NOTICIASMERCEDINAS.COM\" \/>\n\t<meta name=\"twitter:label2\" content=\"Tiempo de lectura\" \/>\n\t<meta name=\"twitter:data2\" content=\"1 minuto\" \/>\n<script type=\"application\/ld+json\" class=\"yoast-schema-graph\">{\"@context\":\"https:\\\/\\\/schema.org\",\"@graph\":[{\"@type\":\"Article\",\"@id\":\"https:\\\/\\\/noticiasmercedinas.com\\\/site\\\/2020\\\/01\\\/17\\\/la-papa-loca-tiene-nuevo-local-en-avenida-40-y-es-autoservicio\\\/#article\",\"isPartOf\":{\"@id\":\"https:\\\/\\\/noticiasmercedinas.com\\\/site\\\/2020\\\/01\\\/17\\\/la-papa-loca-tiene-nuevo-local-en-avenida-40-y-es-autoservicio\\\/\"},\"author\":{\"name\":\"Cristian Falabella NOTICIASMERCEDINAS.COM\",\"@id\":\"https:\\\/\\\/noticiasmercedinas.com\\\/site\\\/#\\\/schema\\\/person\\\/d481a9696a5feaec13a60e2bbd991a6a\"},\"headline\":\"La Papa Loca tiene nuevo local en Avenida 40 y es autoservicio\",\"datePublished\":\"2020-01-17T20:05:48+00:00\",\"dateModified\":\"2020-01-17T20:08:23+00:00\",\"mainEntityOfPage\":{\"@id\":\"https:\\\/\\\/noticiasmercedinas.com\\\/site\\\/2020\\\/01\\\/17\\\/la-papa-loca-tiene-nuevo-local-en-avenida-40-y-es-autoservicio\\\/\"},\"wordCount\":178,\"commentCount\":0,\"publisher\":{\"@id\":\"https:\\\/\\\/noticiasmercedinas.com\\\/site\\\/#organization\"},\"image\":{\"@id\":\"https:\\\/\\\/noticiasmercedinas.com\\\/site\\\/2020\\\/01\\\/17\\\/la-papa-loca-tiene-nuevo-local-en-avenida-40-y-es-autoservicio\\\/#primaryimage\"},\"thumbnailUrl\":\"https:\\\/\\\/noticiasmercedinas.com\\\/site\\\/wp-content\\\/uploads\\\/2020\\\/01\\\/20200117_1700485992210673540025408-scaled.jpg\",\"keywords\":[\"art\u00edculos de limpieza\",\"bebidas.\",\"Diego hermosa\",\"frutas\",\"la papa loca\",\"ofertas\",\"verduler\u00eda\",\"verduras\"],\"articleSection\":[\"Emprendimientos\"],\"inLanguage\":\"es\",\"potentialAction\":[{\"@type\":\"CommentAction\",\"name\":\"Comment\",\"target\":[\"https:\\\/\\\/noticiasmercedinas.com\\\/site\\\/2020\\\/01\\\/17\\\/la-papa-loca-tiene-nuevo-local-en-avenida-40-y-es-autoservicio\\\/#respond\"]}]},{\"@type\":\"WebPage\",\"@id\":\"https:\\\/\\\/noticiasmercedinas.com\\\/site\\\/2020\\\/01\\\/17\\\/la-papa-loca-tiene-nuevo-local-en-avenida-40-y-es-autoservicio\\\/\",\"url\":\"https:\\\/\\\/noticiasmercedinas.com\\\/site\\\/2020\\\/01\\\/17\\\/la-papa-loca-tiene-nuevo-local-en-avenida-40-y-es-autoservicio\\\/\",\"name\":\"La Papa Loca tiene nuevo local en Avenida 40 y es autoservicio\",\"isPartOf\":{\"@id\":\"https:\\\/\\\/noticiasmercedinas.com\\\/site\\\/#website\"},\"primaryImageOfPage\":{\"@id\":\"https:\\\/\\\/noticiasmercedinas.com\\\/site\\\/2020\\\/01\\\/17\\\/la-papa-loca-tiene-nuevo-local-en-avenida-40-y-es-autoservicio\\\/#primaryimage\"},\"image\":{\"@id\":\"https:\\\/\\\/noticiasmercedinas.com\\\/site\\\/2020\\\/01\\\/17\\\/la-papa-loca-tiene-nuevo-local-en-avenida-40-y-es-autoservicio\\\/#primaryimage\"},\"thumbnailUrl\":\"https:\\\/\\\/noticiasmercedinas.com\\\/site\\\/wp-content\\\/uploads\\\/2020\\\/01\\\/20200117_1700485992210673540025408-scaled.jpg\",\"datePublished\":\"2020-01-17T20:05:48+00:00\",\"dateModified\":\"2020-01-17T20:08:23+00:00\",\"breadcrumb\":{\"@id\":\"https:\\\/\\\/noticiasmercedinas.com\\\/site\\\/2020\\\/01\\\/17\\\/la-papa-loca-tiene-nuevo-local-en-avenida-40-y-es-autoservicio\\\/#breadcrumb\"},\"inLanguage\":\"es\",\"potentialAction\":[{\"@type\":\"ReadAction\",\"target\":[\"https:\\\/\\\/noticiasmercedinas.com\\\/site\\\/2020\\\/01\\\/17\\\/la-papa-loca-tiene-nuevo-local-en-avenida-40-y-es-autoservicio\\\/\"]}]},{\"@type\":\"ImageObject\",\"inLanguage\":\"es\",\"@id\":\"https:\\\/\\\/noticiasmercedinas.com\\\/site\\\/2020\\\/01\\\/17\\\/la-papa-loca-tiene-nuevo-local-en-avenida-40-y-es-autoservicio\\\/#primaryimage\",\"url\":\"https:\\\/\\\/noticiasmercedinas.com\\\/site\\\/wp-content\\\/uploads\\\/2020\\\/01\\\/20200117_1700485992210673540025408-scaled.jpg\",\"contentUrl\":\"https:\\\/\\\/noticiasmercedinas.com\\\/site\\\/wp-content\\\/uploads\\\/2020\\\/01\\\/20200117_1700485992210673540025408-scaled.jpg\",\"width\":2560,\"height\":1440},{\"@type\":\"BreadcrumbList\",\"@id\":\"https:\\\/\\\/noticiasmercedinas.com\\\/site\\\/2020\\\/01\\\/17\\\/la-papa-loca-tiene-nuevo-local-en-avenida-40-y-es-autoservicio\\\/#breadcrumb\",\"itemListElement\":[{\"@type\":\"ListItem\",\"position\":1,\"name\":\"Portada\",\"item\":\"https:\\\/\\\/noticiasmercedinas.com\\\/site\\\/\"},{\"@type\":\"ListItem\",\"position\":2,\"name\":\"La Papa Loca tiene nuevo local en Avenida 40 y es autoservicio\"}]},{\"@type\":\"WebSite\",\"@id\":\"https:\\\/\\\/noticiasmercedinas.com\\\/site\\\/#website\",\"url\":\"https:\\\/\\\/noticiasmercedinas.com\\\/site\\\/\",\"name\":\"NOTICIASMERCEDINAS.COM\",\"description\":\"Mercedes, Buenos Aires, Argentina\",\"publisher\":{\"@id\":\"https:\\\/\\\/noticiasmercedinas.com\\\/site\\\/#organization\"},\"potentialAction\":[{\"@type\":\"SearchAction\",\"target\":{\"@type\":\"EntryPoint\",\"urlTemplate\":\"https:\\\/\\\/noticiasmercedinas.com\\\/site\\\/?s={search_term_string}\"},\"query-input\":{\"@type\":\"PropertyValueSpecification\",\"valueRequired\":true,\"valueName\":\"search_term_string\"}}],\"inLanguage\":\"es\"},{\"@type\":\"Organization\",\"@id\":\"https:\\\/\\\/noticiasmercedinas.com\\\/site\\\/#organization\",\"name\":\"NOTICIASMERCEDINAS.COM\",\"url\":\"https:\\\/\\\/noticiasmercedinas.com\\\/site\\\/\",\"logo\":{\"@type\":\"ImageObject\",\"inLanguage\":\"es\",\"@id\":\"https:\\\/\\\/noticiasmercedinas.com\\\/site\\\/#\\\/schema\\\/logo\\\/image\\\/\",\"url\":\"https:\\\/\\\/noticiasmercedinas.com\\\/site\\\/wp-content\\\/uploads\\\/2020\\\/06\\\/LOGO-512.jpg\",\"contentUrl\":\"https:\\\/\\\/noticiasmercedinas.com\\\/site\\\/wp-content\\\/uploads\\\/2020\\\/06\\\/LOGO-512.jpg\",\"width\":512,\"height\":512,\"caption\":\"NOTICIASMERCEDINAS.COM\"},\"image\":{\"@id\":\"https:\\\/\\\/noticiasmercedinas.com\\\/site\\\/#\\\/schema\\\/logo\\\/image\\\/\"},\"sameAs\":[\"https:\\\/\\\/www.facebook.com\\\/noticiasmercedinas\\\/\",\"https:\\\/\\\/x.com\\\/notmercedinas\",\"https:\\\/\\\/www.instagram.com\\\/noticiasmercedinas\\\/\"]},{\"@type\":\"Person\",\"@id\":\"https:\\\/\\\/noticiasmercedinas.com\\\/site\\\/#\\\/schema\\\/person\\\/d481a9696a5feaec13a60e2bbd991a6a\",\"name\":\"Cristian Falabella NOTICIASMERCEDINAS.COM\",\"image\":{\"@type\":\"ImageObject\",\"inLanguage\":\"es\",\"@id\":\"https:\\\/\\\/secure.gravatar.com\\\/avatar\\\/0dbbfc45970cc46bcd0e57766228574ff3511d6eed045b182f536f0f478c1f06?s=96&d=mm&r=g\",\"url\":\"https:\\\/\\\/secure.gravatar.com\\\/avatar\\\/0dbbfc45970cc46bcd0e57766228574ff3511d6eed045b182f536f0f478c1f06?s=96&d=mm&r=g\",\"contentUrl\":\"https:\\\/\\\/secure.gravatar.com\\\/avatar\\\/0dbbfc45970cc46bcd0e57766228574ff3511d6eed045b182f536f0f478c1f06?s=96&d=mm&r=g\",\"caption\":\"Cristian Falabella NOTICIASMERCEDINAS.COM\"},\"description\":\"Periodista, editor de Noticias Mercedinas. Pas\u00f3 por varias redacciones y emprendimientos de prensa, en distintos formatos y \u00e9pocas. Se especializ\u00f3 --y sigue haci\u00e9ndolo-- en comunicaci\u00f3n en la web y en junio de 2006 fund\u00f3 este diario digital.\",\"sameAs\":[\"https:\\\/\\\/noticiasmercedinas.com\",\"https:\\\/\\\/www.facebook.com\\\/cristian.falabella\",\"https:\\\/\\\/www.instagram.com\\\/noticiasmercedinas\\\/\",\"https:\\\/\\\/x.com\\\/https:\\\/\\\/twitter.com\\\/NOTMERCEDINAS\"],\"url\":\"https:\\\/\\\/noticiasmercedinas.com\\\/site\\\/author\\\/as000384\\\/\"}]}<\/script>\n<!-- \/ Yoast SEO plugin. -->","yoast_head_json":{"title":"La Papa Loca tiene nuevo local en Avenida 40 y es autoservicio","robots":{"index":"index","follow":"follow","max-snippet":"max-snippet:-1","max-image-preview":"max-image-preview:large","max-video-preview":"max-video-preview:-1"},"canonical":"https:\/\/noticiasmercedinas.com\/site\/2020\/01\/17\/la-papa-loca-tiene-nuevo-local-en-avenida-40-y-es-autoservicio\/","og_locale":"es_ES","og_type":"article","og_title":"La Papa Loca tiene nuevo local en Avenida 40 y es autoservicio","og_description":"Desde este lunes 13 de enero La Papa Loca tiene un nuevo local en Avenida 40 entre 7 y 9, donde todo es distinto, ya que incorporaron un sistema de autoservicio que es \u00fanico en Mercedes. Este emprendimiento naci\u00f3 en el a\u00f1o 2000 por lo que en este 2020 cumple 20 a\u00f1os de existencia y [&hellip;]","og_url":"https:\/\/noticiasmercedinas.com\/site\/2020\/01\/17\/la-papa-loca-tiene-nuevo-local-en-avenida-40-y-es-autoservicio\/","og_site_name":"NOTICIASMERCEDINAS.COM","article_publisher":"https:\/\/www.facebook.com\/noticiasmercedinas\/","article_author":"https:\/\/www.facebook.com\/cristian.falabella","article_published_time":"2020-01-17T20:05:48+00:00","article_modified_time":"2020-01-17T20:08:23+00:00","og_image":[{"width":2560,"height":1440,"url":"https:\/\/noticiasmercedinas.com\/site\/wp-content\/uploads\/2020\/01\/20200117_1700485992210673540025408-scaled.jpg","type":"image\/jpeg"}],"author":"Cristian Falabella NOTICIASMERCEDINAS.COM","twitter_card":"summary_large_image","twitter_creator":"@https:\/\/twitter.com\/NOTMERCEDINAS","twitter_site":"@notmercedinas","twitter_misc":{"Escrito por":"Cristian Falabella NOTICIASMERCEDINAS.COM","Tiempo de lectura":"1 minuto"},"schema":{"@context":"https:\/\/schema.org","@graph":[{"@type":"Article","@id":"https:\/\/noticiasmercedinas.com\/site\/2020\/01\/17\/la-papa-loca-tiene-nuevo-local-en-avenida-40-y-es-autoservicio\/#article","isPartOf":{"@id":"https:\/\/noticiasmercedinas.com\/site\/2020\/01\/17\/la-papa-loca-tiene-nuevo-local-en-avenida-40-y-es-autoservicio\/"},"author":{"name":"Cristian Falabella NOTICIASMERCEDINAS.COM","@id":"https:\/\/noticiasmercedinas.com\/site\/#\/schema\/person\/d481a9696a5feaec13a60e2bbd991a6a"},"headline":"La Papa Loca tiene nuevo local en Avenida 40 y es autoservicio","datePublished":"2020-01-17T20:05:48+00:00","dateModified":"2020-01-17T20:08:23+00:00","mainEntityOfPage":{"@id":"https:\/\/noticiasmercedinas.com\/site\/2020\/01\/17\/la-papa-loca-tiene-nuevo-local-en-avenida-40-y-es-autoservicio\/"},"wordCount":178,"commentCount":0,"publisher":{"@id":"https:\/\/noticiasmercedinas.com\/site\/#organization"},"image":{"@id":"https:\/\/noticiasmercedinas.com\/site\/2020\/01\/17\/la-papa-loca-tiene-nuevo-local-en-avenida-40-y-es-autoservicio\/#primaryimage"},"thumbnailUrl":"https:\/\/noticiasmercedinas.com\/site\/wp-content\/uploads\/2020\/01\/20200117_1700485992210673540025408-scaled.jpg","keywords":["art\u00edculos de limpieza","bebidas.","Diego hermosa","frutas","la papa loca","ofertas","verduler\u00eda","verduras"],"articleSection":["Emprendimientos"],"inLanguage":"es","potentialAction":[{"@type":"CommentAction","name":"Comment","target":["https:\/\/noticiasmercedinas.com\/site\/2020\/01\/17\/la-papa-loca-tiene-nuevo-local-en-avenida-40-y-es-autoservicio\/#respond"]}]},{"@type":"WebPage","@id":"https:\/\/noticiasmercedinas.com\/site\/2020\/01\/17\/la-papa-loca-tiene-nuevo-local-en-avenida-40-y-es-autoservicio\/","url":"https:\/\/noticiasmercedinas.com\/site\/2020\/01\/17\/la-papa-loca-tiene-nuevo-local-en-avenida-40-y-es-autoservicio\/","name":"La Papa Loca tiene nuevo local en Avenida 40 y es autoservicio","isPartOf":{"@id":"https:\/\/noticiasmercedinas.com\/site\/#website"},"primaryImageOfPage":{"@id":"https:\/\/noticiasmercedinas.com\/site\/2020\/01\/17\/la-papa-loca-tiene-nuevo-local-en-avenida-40-y-es-autoservicio\/#primaryimage"},"image":{"@id":"https:\/\/noticiasmercedinas.com\/site\/2020\/01\/17\/la-papa-loca-tiene-nuevo-local-en-avenida-40-y-es-autoservicio\/#primaryimage"},"thumbnailUrl":"https:\/\/noticiasmercedinas.com\/site\/wp-content\/uploads\/2020\/01\/20200117_1700485992210673540025408-scaled.jpg","datePublished":"2020-01-17T20:05:48+00:00","dateModified":"2020-01-17T20:08:23+00:00","breadcrumb":{"@id":"https:\/\/noticiasmercedinas.com\/site\/2020\/01\/17\/la-papa-loca-tiene-nuevo-local-en-avenida-40-y-es-autoservicio\/#breadcrumb"},"inLanguage":"es","potentialAction":[{"@type":"ReadAction","target":["https:\/\/noticiasmercedinas.com\/site\/2020\/01\/17\/la-papa-loca-tiene-nuevo-local-en-avenida-40-y-es-autoservicio\/"]}]},{"@type":"ImageObject","inLanguage":"es","@id":"https:\/\/noticiasmercedinas.com\/site\/2020\/01\/17\/la-papa-loca-tiene-nuevo-local-en-avenida-40-y-es-autoservicio\/#primaryimage","url":"https:\/\/noticiasmercedinas.com\/site\/wp-content\/uploads\/2020\/01\/20200117_1700485992210673540025408-scaled.jpg","contentUrl":"https:\/\/noticiasmercedinas.com\/site\/wp-content\/uploads\/2020\/01\/20200117_1700485992210673540025408-scaled.jpg","width":2560,"height":1440},{"@type":"BreadcrumbList","@id":"https:\/\/noticiasmercedinas.com\/site\/2020\/01\/17\/la-papa-loca-tiene-nuevo-local-en-avenida-40-y-es-autoservicio\/#breadcrumb","itemListElement":[{"@type":"ListItem","position":1,"name":"Portada","item":"https:\/\/noticiasmercedinas.com\/site\/"},{"@type":"ListItem","position":2,"name":"La Papa Loca tiene nuevo local en Avenida 40 y es autoservicio"}]},{"@type":"WebSite","@id":"https:\/\/noticiasmercedinas.com\/site\/#website","url":"https:\/\/noticiasmercedinas.com\/site\/","name":"NOTICIASMERCEDINAS.COM","description":"Mercedes, Buenos Aires, Argentina","publisher":{"@id":"https:\/\/noticiasmercedinas.com\/site\/#organization"},"potentialAction":[{"@type":"SearchAction","target":{"@type":"EntryPoint","urlTemplate":"https:\/\/noticiasmercedinas.com\/site\/?s={search_term_string}"},"query-input":{"@type":"PropertyValueSpecification","valueRequired":true,"valueName":"search_term_string"}}],"inLanguage":"es"},{"@type":"Organization","@id":"https:\/\/noticiasmercedinas.com\/site\/#organization","name":"NOTICIASMERCEDINAS.COM","url":"https:\/\/noticiasmercedinas.com\/site\/","logo":{"@type":"ImageObject","inLanguage":"es","@id":"https:\/\/noticiasmercedinas.com\/site\/#\/schema\/logo\/image\/","url":"https:\/\/noticiasmercedinas.com\/site\/wp-content\/uploads\/2020\/06\/LOGO-512.jpg","contentUrl":"https:\/\/noticiasmercedinas.com\/site\/wp-content\/uploads\/2020\/06\/LOGO-512.jpg","width":512,"height":512,"caption":"NOTICIASMERCEDINAS.COM"},"image":{"@id":"https:\/\/noticiasmercedinas.com\/site\/#\/schema\/logo\/image\/"},"sameAs":["https:\/\/www.facebook.com\/noticiasmercedinas\/","https:\/\/x.com\/notmercedinas","https:\/\/www.instagram.com\/noticiasmercedinas\/"]},{"@type":"Person","@id":"https:\/\/noticiasmercedinas.com\/site\/#\/schema\/person\/d481a9696a5feaec13a60e2bbd991a6a","name":"Cristian Falabella NOTICIASMERCEDINAS.COM","image":{"@type":"ImageObject","inLanguage":"es","@id":"https:\/\/secure.gravatar.com\/avatar\/0dbbfc45970cc46bcd0e57766228574ff3511d6eed045b182f536f0f478c1f06?s=96&d=mm&r=g","url":"https:\/\/secure.gravatar.com\/avatar\/0dbbfc45970cc46bcd0e57766228574ff3511d6eed045b182f536f0f478c1f06?s=96&d=mm&r=g","contentUrl":"https:\/\/secure.gravatar.com\/avatar\/0dbbfc45970cc46bcd0e57766228574ff3511d6eed045b182f536f0f478c1f06?s=96&d=mm&r=g","caption":"Cristian Falabella NOTICIASMERCEDINAS.COM"},"description":"Periodista, editor de Noticias Mercedinas. Pas\u00f3 por varias redacciones y emprendimientos de prensa, en distintos formatos y \u00e9pocas. Se especializ\u00f3 --y sigue haci\u00e9ndolo-- en comunicaci\u00f3n en la web y en junio de 2006 fund\u00f3 este diario digital.","sameAs":["https:\/\/noticiasmercedinas.com","https:\/\/www.facebook.com\/cristian.falabella","https:\/\/www.instagram.com\/noticiasmercedinas\/","https:\/\/x.com\/https:\/\/twitter.com\/NOTMERCEDINAS"],"url":"https:\/\/noticiasmercedinas.com\/site\/author\/as000384\/"}]}},"amp_enabled":true,"_links":{"self":[{"href":"https:\/\/noticiasmercedinas.com\/site\/wp-json\/wp\/v2\/posts\/37974","targetHints":{"allow":["GET"]}}],"collection":[{"href":"https:\/\/noticiasmercedinas.com\/site\/wp-json\/wp\/v2\/posts"}],"about":[{"href":"https:\/\/noticiasmercedinas.com\/site\/wp-json\/wp\/v2\/types\/post"}],"author":[{"embeddable":true,"href":"https:\/\/noticiasmercedinas.com\/site\/wp-json\/wp\/v2\/users\/2"}],"replies":[{"embeddable":true,"href":"https:\/\/noticiasmercedinas.com\/site\/wp-json\/wp\/v2\/comments?post=37974"}],"version-history":[{"count":1,"href":"https:\/\/noticiasmercedinas.com\/site\/wp-json\/wp\/v2\/posts\/37974\/revisions"}],"predecessor-version":[{"id":37982,"href":"https:\/\/noticiasmercedinas.com\/site\/wp-json\/wp\/v2\/posts\/37974\/revisions\/37982"}],"wp:featuredmedia":[{"embeddable":true,"href":"https:\/\/noticiasmercedinas.com\/site\/wp-json\/wp\/v2\/media\/37975"}],"wp:attachment":[{"href":"https:\/\/noticiasmercedinas.com\/site\/wp-json\/wp\/v2\/media?parent=37974"}],"wp:term":[{"taxonomy":"category","embeddable":true,"href":"https:\/\/noticiasmercedinas.com\/site\/wp-json\/wp\/v2\/categories?post=37974"},{"taxonomy":"post_tag","embeddable":true,"href":"https:\/\/noticiasmercedinas.com\/site\/wp-json\/wp\/v2\/tags?post=37974"}],"curies":[{"name":"wp","href":"https:\/\/api.w.org\/{rel}","templated":true}]}}