{"id":38027,"date":"2020-01-18T10:51:07","date_gmt":"2020-01-18T13:51:07","guid":{"rendered":"https:\/\/noticiasmercedinas.com\/site\/?p=38027"},"modified":"2020-01-18T10:51:07","modified_gmt":"2020-01-18T13:51:07","slug":"instituto-hermanas-pobres-bonaerenses-de-san-jose-cumple-140-anos-de-vida-y-lo-celebra","status":"publish","type":"post","link":"https:\/\/noticiasmercedinas.com\/site\/2020\/01\/18\/instituto-hermanas-pobres-bonaerenses-de-san-jose-cumple-140-anos-de-vida-y-lo-celebra\/","title":{"rendered":"Instituto Hermanas Pobres Bonaerenses de San Jos\u00e9 cumple 140 a\u00f1os de vida y lo celebra"},"content":{"rendered":"<p><img loading=\"lazy\" decoding=\"async\" class=\"alignnone size-full wp-image-38028\" src=\"https:\/\/noticiasmercedinas.com\/site\/wp-content\/uploads\/2020\/01\/34b9608d-60c7-4afd-b6ac-e72c25ec5e90.jpg\" alt=\"\" width=\"749\" height=\"579\" srcset=\"https:\/\/noticiasmercedinas.com\/site\/wp-content\/uploads\/2020\/01\/34b9608d-60c7-4afd-b6ac-e72c25ec5e90.jpg 749w, https:\/\/noticiasmercedinas.com\/site\/wp-content\/uploads\/2020\/01\/34b9608d-60c7-4afd-b6ac-e72c25ec5e90-300x232.jpg 300w, https:\/\/noticiasmercedinas.com\/site\/wp-content\/uploads\/2020\/01\/34b9608d-60c7-4afd-b6ac-e72c25ec5e90-640x495.jpg 640w, https:\/\/noticiasmercedinas.com\/site\/wp-content\/uploads\/2020\/01\/34b9608d-60c7-4afd-b6ac-e72c25ec5e90-681x526.jpg 681w\" sizes=\"auto, (max-width: 749px) 100vw, 749px\" \/><\/p>\n<p>Con motivo de cumplirse los primeros 140 a\u00f1os de vida del Instituto Hermanas Pobres Bonaerenses de San Jos\u00e9, habr\u00e1 un encuentro especial con variadas actividades en Mercedes.<\/p>\n<p>Es as\u00ed que el venidero 28 de enero a las 20 horas habr\u00e1 de realizarse una misa en la Iglesia San Patricio de Mercedes y a su t\u00e9rmino, a las 20.45 horas, habr\u00e1 un Concierto Coral.<\/p>\n<p>Adem\u00e1s desde las 21 se prev\u00e9 \u00a0la realizaci\u00f3n de un \u00e1gape en el sal\u00f3n parroquial de San Patricio.<\/p>\n<p>El Instituto Hermanas Pobres Bonaerenses de San Jos\u00e9, fundado por la Venerable Camila el 28 de enero de 1880, en Mercedes, Provincia de Buenos Aires, Rep\u00fablica Argentina, desde partir de 1890 tiene su sede principal en Mu\u00f1iz, Partido de San Miguel, Buenos Aires. All\u00ed reside la Madre General, quien con sus cuatro Consejeras cumple el servicio de animar la vida espiritual, fraterna y apost\u00f3lica de todo el Instituto.<\/p>\n<p>En los pa\u00edses donde est\u00e1 presente el Instituto &#8211;Uruguay, Italia, Estados Unidos, Madagascar y Rumania&#8211; las Madres Delegadas son el nexo entre el gobierno central y las Comunidades, presididas por una Superiora.<\/p>\n<p>En la animaci\u00f3n de las diversas \u00e1reas a nivel Instituto colaboran Comisiones designadas a tal fin, que a su vez tienen responsables a nivel local.<\/p>\n<p>En Mercedes se destaca la fundaci\u00f3n del Colegio Pio X, justamente el 28 de enero de 1880, una fecha inolvidable para el Instituto de las Hermanas Pobres Bonaerenses de San Jos\u00e9. La Madre Camila Rol\u00f3n, en compa\u00f1\u00eda de dos amigas y de algunas ni\u00f1as hu\u00e9rfanas, comienza su obra en la ciudad de Mercedes, sin salud y sin recursos, confiando solamente en la Divina Providencia. La audacia de aquella mujer conquist\u00f3 de inmediato el coraz\u00f3n de los mercedinos, que respondieron de inmediato con su apoyo incondicional.<\/p>\n<p>Desde su fundaci\u00f3n hasta el presente, en el Colegio las Hermanas procuran crear un clima de familia. Actualmente imparte ense\u00f1anza de nivel inicial y ense\u00f1anza primaria.<\/p>\n<p><strong>Hogar Divina Providencia<br \/>\n<\/strong>La Madre Camila Rol\u00f3n, por propia iniciativa, funda el 23 de setiembre de 1892, en la ciudad de Mercedes, una correccional de menores, con el t\u00edtulo de Casa San Jos\u00e9 de la Divina Providencia. Algunas se\u00f1oras de la localidad, deseando amparar ancianas pobres, solicitaron su internaci\u00f3n en esta Casa. Por este motivo, a la obra ya mencionada se agreg\u00f3 luego la de Hogar de Ancianas.<\/p>\n<p>La internaci\u00f3n de estas menores trajo algunos inconvenientes, puesto que algunas deb\u00edan estar en la c\u00e1rcel; no se contaba, adem\u00e1s, con personal adecuadamente capacitado para este tipo de obra. Debido a los inconvenientes surgidos, se determin\u00f3 que la obra continuase exclusivamente para ancianas. Y as\u00ed surge el Hogar de Ancianas Casa Divina Providencia, que alberga en la actualidad un grupo de ancianas que encuentran all\u00ed un verdadero hogar seguro y c\u00e1lido.<\/p>\n<p>All\u00ed viven algunas Hermanas ancianas de la Congregaci\u00f3n. Ellas son la fuerza del Instituto y de la Iglesia, porque con su ofrecimiento callado y su oraci\u00f3n ferviente fecundan la labor apost\u00f3lica de sus Hermanas.<\/p>\n","protected":false},"excerpt":{"rendered":"<p>Con motivo de cumplirse los primeros 140 a\u00f1os de vida del Instituto Hermanas Pobres Bonaerenses de San Jos\u00e9, habr\u00e1 un encuentro especial con variadas actividades en Mercedes. Es as\u00ed que el venidero 28 de enero a las 20 horas habr\u00e1 de realizarse una misa en la Iglesia San Patricio de Mercedes y a su t\u00e9rmino, [&hellip;]<\/p>\n","protected":false},"author":16,"featured_media":38028,"comment_status":"open","ping_status":"open","sticky":false,"template":"","format":"standard","meta":{"footnotes":""},"categories":[3],"tags":[1808,8027,8026,7536,5342,8025],"class_list":["post-38027","post","type-post","status-publish","format-standard","has-post-thumbnail","hentry","category-sociedad","tag-camila-rolon","tag-casa-san-jose-de-la-divina-providencia","tag-colegio-pio-x","tag-hogar-divina-providencia","tag-iglesia-san-patricio","tag-instituto-hermanas-pobres-bonaerenses-de-san-jose"],"yoast_head":"<!-- This site is optimized with the Yoast SEO plugin v27.5 - https:\/\/yoast.com\/product\/yoast-seo-wordpress\/ -->\n<title>Instituto Hermanas Pobres Bonaerenses de San Jos\u00e9 cumple 140 a\u00f1os de vida y lo celebra<\/title>\n<meta name=\"robots\" content=\"index, follow, max-snippet:-1, max-image-preview:large, max-video-preview:-1\" \/>\n<link rel=\"canonical\" href=\"https:\/\/noticiasmercedinas.com\/site\/2020\/01\/18\/instituto-hermanas-pobres-bonaerenses-de-san-jose-cumple-140-anos-de-vida-y-lo-celebra\/\" \/>\n<meta property=\"og:locale\" content=\"es_ES\" \/>\n<meta property=\"og:type\" content=\"article\" \/>\n<meta property=\"og:title\" content=\"Instituto Hermanas Pobres Bonaerenses de San Jos\u00e9 cumple 140 a\u00f1os de vida y lo celebra\" \/>\n<meta property=\"og:description\" content=\"Con motivo de cumplirse los primeros 140 a\u00f1os de vida del Instituto Hermanas Pobres Bonaerenses de San Jos\u00e9, habr\u00e1 un encuentro especial con variadas actividades en Mercedes. Es as\u00ed que el venidero 28 de enero a las 20 horas habr\u00e1 de realizarse una misa en la Iglesia San Patricio de Mercedes y a su t\u00e9rmino, [&hellip;]\" \/>\n<meta property=\"og:url\" content=\"https:\/\/noticiasmercedinas.com\/site\/2020\/01\/18\/instituto-hermanas-pobres-bonaerenses-de-san-jose-cumple-140-anos-de-vida-y-lo-celebra\/\" \/>\n<meta property=\"og:site_name\" content=\"NOTICIASMERCEDINAS.COM\" \/>\n<meta property=\"article:publisher\" content=\"https:\/\/www.facebook.com\/noticiasmercedinas\/\" \/>\n<meta property=\"article:published_time\" content=\"2020-01-18T13:51:07+00:00\" \/>\n<meta property=\"og:image\" content=\"https:\/\/noticiasmercedinas.com\/site\/wp-content\/uploads\/2020\/01\/34b9608d-60c7-4afd-b6ac-e72c25ec5e90.jpg\" \/>\n\t<meta property=\"og:image:width\" content=\"749\" \/>\n\t<meta property=\"og:image:height\" content=\"579\" \/>\n\t<meta property=\"og:image:type\" content=\"image\/jpeg\" \/>\n<meta name=\"author\" content=\"NOTICIASMERCEDINAS.COM\" \/>\n<meta name=\"twitter:card\" content=\"summary_large_image\" \/>\n<meta name=\"twitter:creator\" content=\"@notmercedinas\" \/>\n<meta name=\"twitter:site\" content=\"@notmercedinas\" \/>\n<meta name=\"twitter:label1\" content=\"Escrito por\" \/>\n\t<meta name=\"twitter:data1\" content=\"NOTICIASMERCEDINAS.COM\" \/>\n\t<meta name=\"twitter:label2\" content=\"Tiempo de lectura\" \/>\n\t<meta name=\"twitter:data2\" content=\"3 minutos\" \/>\n<script type=\"application\/ld+json\" class=\"yoast-schema-graph\">{\"@context\":\"https:\\\/\\\/schema.org\",\"@graph\":[{\"@type\":\"Article\",\"@id\":\"https:\\\/\\\/noticiasmercedinas.com\\\/site\\\/2020\\\/01\\\/18\\\/instituto-hermanas-pobres-bonaerenses-de-san-jose-cumple-140-anos-de-vida-y-lo-celebra\\\/#article\",\"isPartOf\":{\"@id\":\"https:\\\/\\\/noticiasmercedinas.com\\\/site\\\/2020\\\/01\\\/18\\\/instituto-hermanas-pobres-bonaerenses-de-san-jose-cumple-140-anos-de-vida-y-lo-celebra\\\/\"},\"author\":{\"name\":\"NOTICIASMERCEDINAS.COM\",\"@id\":\"https:\\\/\\\/noticiasmercedinas.com\\\/site\\\/#\\\/schema\\\/person\\\/84b59c099c28ff2e8b77d4ceec5d8063\"},\"headline\":\"Instituto Hermanas Pobres Bonaerenses de San Jos\u00e9 cumple 140 a\u00f1os de vida y lo celebra\",\"datePublished\":\"2020-01-18T13:51:07+00:00\",\"mainEntityOfPage\":{\"@id\":\"https:\\\/\\\/noticiasmercedinas.com\\\/site\\\/2020\\\/01\\\/18\\\/instituto-hermanas-pobres-bonaerenses-de-san-jose-cumple-140-anos-de-vida-y-lo-celebra\\\/\"},\"wordCount\":524,\"commentCount\":1,\"publisher\":{\"@id\":\"https:\\\/\\\/noticiasmercedinas.com\\\/site\\\/#organization\"},\"image\":{\"@id\":\"https:\\\/\\\/noticiasmercedinas.com\\\/site\\\/2020\\\/01\\\/18\\\/instituto-hermanas-pobres-bonaerenses-de-san-jose-cumple-140-anos-de-vida-y-lo-celebra\\\/#primaryimage\"},\"thumbnailUrl\":\"https:\\\/\\\/noticiasmercedinas.com\\\/site\\\/wp-content\\\/uploads\\\/2020\\\/01\\\/34b9608d-60c7-4afd-b6ac-e72c25ec5e90.jpg\",\"keywords\":[\"camila rolon\",\"Casa San Jos\u00e9 de la Divina Providencia\",\"Colegio Pio X\",\"hogar divina providencia\",\"iglesia san patricio\",\"Instituto Hermanas Pobres Bonaerenses de San Jos\u00e9\"],\"articleSection\":[\"Sociedad\"],\"inLanguage\":\"es\",\"potentialAction\":[{\"@type\":\"CommentAction\",\"name\":\"Comment\",\"target\":[\"https:\\\/\\\/noticiasmercedinas.com\\\/site\\\/2020\\\/01\\\/18\\\/instituto-hermanas-pobres-bonaerenses-de-san-jose-cumple-140-anos-de-vida-y-lo-celebra\\\/#respond\"]}]},{\"@type\":\"WebPage\",\"@id\":\"https:\\\/\\\/noticiasmercedinas.com\\\/site\\\/2020\\\/01\\\/18\\\/instituto-hermanas-pobres-bonaerenses-de-san-jose-cumple-140-anos-de-vida-y-lo-celebra\\\/\",\"url\":\"https:\\\/\\\/noticiasmercedinas.com\\\/site\\\/2020\\\/01\\\/18\\\/instituto-hermanas-pobres-bonaerenses-de-san-jose-cumple-140-anos-de-vida-y-lo-celebra\\\/\",\"name\":\"Instituto Hermanas Pobres Bonaerenses de San Jos\u00e9 cumple 140 a\u00f1os de vida y lo celebra\",\"isPartOf\":{\"@id\":\"https:\\\/\\\/noticiasmercedinas.com\\\/site\\\/#website\"},\"primaryImageOfPage\":{\"@id\":\"https:\\\/\\\/noticiasmercedinas.com\\\/site\\\/2020\\\/01\\\/18\\\/instituto-hermanas-pobres-bonaerenses-de-san-jose-cumple-140-anos-de-vida-y-lo-celebra\\\/#primaryimage\"},\"image\":{\"@id\":\"https:\\\/\\\/noticiasmercedinas.com\\\/site\\\/2020\\\/01\\\/18\\\/instituto-hermanas-pobres-bonaerenses-de-san-jose-cumple-140-anos-de-vida-y-lo-celebra\\\/#primaryimage\"},\"thumbnailUrl\":\"https:\\\/\\\/noticiasmercedinas.com\\\/site\\\/wp-content\\\/uploads\\\/2020\\\/01\\\/34b9608d-60c7-4afd-b6ac-e72c25ec5e90.jpg\",\"datePublished\":\"2020-01-18T13:51:07+00:00\",\"breadcrumb\":{\"@id\":\"https:\\\/\\\/noticiasmercedinas.com\\\/site\\\/2020\\\/01\\\/18\\\/instituto-hermanas-pobres-bonaerenses-de-san-jose-cumple-140-anos-de-vida-y-lo-celebra\\\/#breadcrumb\"},\"inLanguage\":\"es\",\"potentialAction\":[{\"@type\":\"ReadAction\",\"target\":[\"https:\\\/\\\/noticiasmercedinas.com\\\/site\\\/2020\\\/01\\\/18\\\/instituto-hermanas-pobres-bonaerenses-de-san-jose-cumple-140-anos-de-vida-y-lo-celebra\\\/\"]}]},{\"@type\":\"ImageObject\",\"inLanguage\":\"es\",\"@id\":\"https:\\\/\\\/noticiasmercedinas.com\\\/site\\\/2020\\\/01\\\/18\\\/instituto-hermanas-pobres-bonaerenses-de-san-jose-cumple-140-anos-de-vida-y-lo-celebra\\\/#primaryimage\",\"url\":\"https:\\\/\\\/noticiasmercedinas.com\\\/site\\\/wp-content\\\/uploads\\\/2020\\\/01\\\/34b9608d-60c7-4afd-b6ac-e72c25ec5e90.jpg\",\"contentUrl\":\"https:\\\/\\\/noticiasmercedinas.com\\\/site\\\/wp-content\\\/uploads\\\/2020\\\/01\\\/34b9608d-60c7-4afd-b6ac-e72c25ec5e90.jpg\",\"width\":749,\"height\":579},{\"@type\":\"BreadcrumbList\",\"@id\":\"https:\\\/\\\/noticiasmercedinas.com\\\/site\\\/2020\\\/01\\\/18\\\/instituto-hermanas-pobres-bonaerenses-de-san-jose-cumple-140-anos-de-vida-y-lo-celebra\\\/#breadcrumb\",\"itemListElement\":[{\"@type\":\"ListItem\",\"position\":1,\"name\":\"Portada\",\"item\":\"https:\\\/\\\/noticiasmercedinas.com\\\/site\\\/\"},{\"@type\":\"ListItem\",\"position\":2,\"name\":\"Instituto Hermanas Pobres Bonaerenses de San Jos\u00e9 cumple 140 a\u00f1os de vida y lo celebra\"}]},{\"@type\":\"WebSite\",\"@id\":\"https:\\\/\\\/noticiasmercedinas.com\\\/site\\\/#website\",\"url\":\"https:\\\/\\\/noticiasmercedinas.com\\\/site\\\/\",\"name\":\"NOTICIASMERCEDINAS.COM\",\"description\":\"Mercedes, Buenos Aires, Argentina\",\"publisher\":{\"@id\":\"https:\\\/\\\/noticiasmercedinas.com\\\/site\\\/#organization\"},\"potentialAction\":[{\"@type\":\"SearchAction\",\"target\":{\"@type\":\"EntryPoint\",\"urlTemplate\":\"https:\\\/\\\/noticiasmercedinas.com\\\/site\\\/?s={search_term_string}\"},\"query-input\":{\"@type\":\"PropertyValueSpecification\",\"valueRequired\":true,\"valueName\":\"search_term_string\"}}],\"inLanguage\":\"es\"},{\"@type\":\"Organization\",\"@id\":\"https:\\\/\\\/noticiasmercedinas.com\\\/site\\\/#organization\",\"name\":\"NOTICIASMERCEDINAS.COM\",\"url\":\"https:\\\/\\\/noticiasmercedinas.com\\\/site\\\/\",\"logo\":{\"@type\":\"ImageObject\",\"inLanguage\":\"es\",\"@id\":\"https:\\\/\\\/noticiasmercedinas.com\\\/site\\\/#\\\/schema\\\/logo\\\/image\\\/\",\"url\":\"https:\\\/\\\/noticiasmercedinas.com\\\/site\\\/wp-content\\\/uploads\\\/2020\\\/06\\\/LOGO-512.jpg\",\"contentUrl\":\"https:\\\/\\\/noticiasmercedinas.com\\\/site\\\/wp-content\\\/uploads\\\/2020\\\/06\\\/LOGO-512.jpg\",\"width\":512,\"height\":512,\"caption\":\"NOTICIASMERCEDINAS.COM\"},\"image\":{\"@id\":\"https:\\\/\\\/noticiasmercedinas.com\\\/site\\\/#\\\/schema\\\/logo\\\/image\\\/\"},\"sameAs\":[\"https:\\\/\\\/www.facebook.com\\\/noticiasmercedinas\\\/\",\"https:\\\/\\\/x.com\\\/notmercedinas\",\"https:\\\/\\\/www.instagram.com\\\/noticiasmercedinas\\\/\"]},{\"@type\":\"Person\",\"@id\":\"https:\\\/\\\/noticiasmercedinas.com\\\/site\\\/#\\\/schema\\\/person\\\/84b59c099c28ff2e8b77d4ceec5d8063\",\"name\":\"NOTICIASMERCEDINAS.COM\",\"image\":{\"@type\":\"ImageObject\",\"inLanguage\":\"es\",\"@id\":\"https:\\\/\\\/secure.gravatar.com\\\/avatar\\\/4dfbf16b4d17945bfb6341b2d19043457132fcf478a5ee04f42e959fd8f5df0a?s=96&d=mm&r=g\",\"url\":\"https:\\\/\\\/secure.gravatar.com\\\/avatar\\\/4dfbf16b4d17945bfb6341b2d19043457132fcf478a5ee04f42e959fd8f5df0a?s=96&d=mm&r=g\",\"contentUrl\":\"https:\\\/\\\/secure.gravatar.com\\\/avatar\\\/4dfbf16b4d17945bfb6341b2d19043457132fcf478a5ee04f42e959fd8f5df0a?s=96&d=mm&r=g\",\"caption\":\"NOTICIASMERCEDINAS.COM\"},\"url\":\"https:\\\/\\\/noticiasmercedinas.com\\\/site\\\/author\\\/anonimo\\\/\"}]}<\/script>\n<!-- \/ Yoast SEO plugin. -->","yoast_head_json":{"title":"Instituto Hermanas Pobres Bonaerenses de San Jos\u00e9 cumple 140 a\u00f1os de vida y lo celebra","robots":{"index":"index","follow":"follow","max-snippet":"max-snippet:-1","max-image-preview":"max-image-preview:large","max-video-preview":"max-video-preview:-1"},"canonical":"https:\/\/noticiasmercedinas.com\/site\/2020\/01\/18\/instituto-hermanas-pobres-bonaerenses-de-san-jose-cumple-140-anos-de-vida-y-lo-celebra\/","og_locale":"es_ES","og_type":"article","og_title":"Instituto Hermanas Pobres Bonaerenses de San Jos\u00e9 cumple 140 a\u00f1os de vida y lo celebra","og_description":"Con motivo de cumplirse los primeros 140 a\u00f1os de vida del Instituto Hermanas Pobres Bonaerenses de San Jos\u00e9, habr\u00e1 un encuentro especial con variadas actividades en Mercedes. Es as\u00ed que el venidero 28 de enero a las 20 horas habr\u00e1 de realizarse una misa en la Iglesia San Patricio de Mercedes y a su t\u00e9rmino, [&hellip;]","og_url":"https:\/\/noticiasmercedinas.com\/site\/2020\/01\/18\/instituto-hermanas-pobres-bonaerenses-de-san-jose-cumple-140-anos-de-vida-y-lo-celebra\/","og_site_name":"NOTICIASMERCEDINAS.COM","article_publisher":"https:\/\/www.facebook.com\/noticiasmercedinas\/","article_published_time":"2020-01-18T13:51:07+00:00","og_image":[{"width":749,"height":579,"url":"https:\/\/noticiasmercedinas.com\/site\/wp-content\/uploads\/2020\/01\/34b9608d-60c7-4afd-b6ac-e72c25ec5e90.jpg","type":"image\/jpeg"}],"author":"NOTICIASMERCEDINAS.COM","twitter_card":"summary_large_image","twitter_creator":"@notmercedinas","twitter_site":"@notmercedinas","twitter_misc":{"Escrito por":"NOTICIASMERCEDINAS.COM","Tiempo de lectura":"3 minutos"},"schema":{"@context":"https:\/\/schema.org","@graph":[{"@type":"Article","@id":"https:\/\/noticiasmercedinas.com\/site\/2020\/01\/18\/instituto-hermanas-pobres-bonaerenses-de-san-jose-cumple-140-anos-de-vida-y-lo-celebra\/#article","isPartOf":{"@id":"https:\/\/noticiasmercedinas.com\/site\/2020\/01\/18\/instituto-hermanas-pobres-bonaerenses-de-san-jose-cumple-140-anos-de-vida-y-lo-celebra\/"},"author":{"name":"NOTICIASMERCEDINAS.COM","@id":"https:\/\/noticiasmercedinas.com\/site\/#\/schema\/person\/84b59c099c28ff2e8b77d4ceec5d8063"},"headline":"Instituto Hermanas Pobres Bonaerenses de San Jos\u00e9 cumple 140 a\u00f1os de vida y lo celebra","datePublished":"2020-01-18T13:51:07+00:00","mainEntityOfPage":{"@id":"https:\/\/noticiasmercedinas.com\/site\/2020\/01\/18\/instituto-hermanas-pobres-bonaerenses-de-san-jose-cumple-140-anos-de-vida-y-lo-celebra\/"},"wordCount":524,"commentCount":1,"publisher":{"@id":"https:\/\/noticiasmercedinas.com\/site\/#organization"},"image":{"@id":"https:\/\/noticiasmercedinas.com\/site\/2020\/01\/18\/instituto-hermanas-pobres-bonaerenses-de-san-jose-cumple-140-anos-de-vida-y-lo-celebra\/#primaryimage"},"thumbnailUrl":"https:\/\/noticiasmercedinas.com\/site\/wp-content\/uploads\/2020\/01\/34b9608d-60c7-4afd-b6ac-e72c25ec5e90.jpg","keywords":["camila rolon","Casa San Jos\u00e9 de la Divina Providencia","Colegio Pio X","hogar divina providencia","iglesia san patricio","Instituto Hermanas Pobres Bonaerenses de San Jos\u00e9"],"articleSection":["Sociedad"],"inLanguage":"es","potentialAction":[{"@type":"CommentAction","name":"Comment","target":["https:\/\/noticiasmercedinas.com\/site\/2020\/01\/18\/instituto-hermanas-pobres-bonaerenses-de-san-jose-cumple-140-anos-de-vida-y-lo-celebra\/#respond"]}]},{"@type":"WebPage","@id":"https:\/\/noticiasmercedinas.com\/site\/2020\/01\/18\/instituto-hermanas-pobres-bonaerenses-de-san-jose-cumple-140-anos-de-vida-y-lo-celebra\/","url":"https:\/\/noticiasmercedinas.com\/site\/2020\/01\/18\/instituto-hermanas-pobres-bonaerenses-de-san-jose-cumple-140-anos-de-vida-y-lo-celebra\/","name":"Instituto Hermanas Pobres Bonaerenses de San Jos\u00e9 cumple 140 a\u00f1os de vida y lo celebra","isPartOf":{"@id":"https:\/\/noticiasmercedinas.com\/site\/#website"},"primaryImageOfPage":{"@id":"https:\/\/noticiasmercedinas.com\/site\/2020\/01\/18\/instituto-hermanas-pobres-bonaerenses-de-san-jose-cumple-140-anos-de-vida-y-lo-celebra\/#primaryimage"},"image":{"@id":"https:\/\/noticiasmercedinas.com\/site\/2020\/01\/18\/instituto-hermanas-pobres-bonaerenses-de-san-jose-cumple-140-anos-de-vida-y-lo-celebra\/#primaryimage"},"thumbnailUrl":"https:\/\/noticiasmercedinas.com\/site\/wp-content\/uploads\/2020\/01\/34b9608d-60c7-4afd-b6ac-e72c25ec5e90.jpg","datePublished":"2020-01-18T13:51:07+00:00","breadcrumb":{"@id":"https:\/\/noticiasmercedinas.com\/site\/2020\/01\/18\/instituto-hermanas-pobres-bonaerenses-de-san-jose-cumple-140-anos-de-vida-y-lo-celebra\/#breadcrumb"},"inLanguage":"es","potentialAction":[{"@type":"ReadAction","target":["https:\/\/noticiasmercedinas.com\/site\/2020\/01\/18\/instituto-hermanas-pobres-bonaerenses-de-san-jose-cumple-140-anos-de-vida-y-lo-celebra\/"]}]},{"@type":"ImageObject","inLanguage":"es","@id":"https:\/\/noticiasmercedinas.com\/site\/2020\/01\/18\/instituto-hermanas-pobres-bonaerenses-de-san-jose-cumple-140-anos-de-vida-y-lo-celebra\/#primaryimage","url":"https:\/\/noticiasmercedinas.com\/site\/wp-content\/uploads\/2020\/01\/34b9608d-60c7-4afd-b6ac-e72c25ec5e90.jpg","contentUrl":"https:\/\/noticiasmercedinas.com\/site\/wp-content\/uploads\/2020\/01\/34b9608d-60c7-4afd-b6ac-e72c25ec5e90.jpg","width":749,"height":579},{"@type":"BreadcrumbList","@id":"https:\/\/noticiasmercedinas.com\/site\/2020\/01\/18\/instituto-hermanas-pobres-bonaerenses-de-san-jose-cumple-140-anos-de-vida-y-lo-celebra\/#breadcrumb","itemListElement":[{"@type":"ListItem","position":1,"name":"Portada","item":"https:\/\/noticiasmercedinas.com\/site\/"},{"@type":"ListItem","position":2,"name":"Instituto Hermanas Pobres Bonaerenses de San Jos\u00e9 cumple 140 a\u00f1os de vida y lo celebra"}]},{"@type":"WebSite","@id":"https:\/\/noticiasmercedinas.com\/site\/#website","url":"https:\/\/noticiasmercedinas.com\/site\/","name":"NOTICIASMERCEDINAS.COM","description":"Mercedes, Buenos Aires, Argentina","publisher":{"@id":"https:\/\/noticiasmercedinas.com\/site\/#organization"},"potentialAction":[{"@type":"SearchAction","target":{"@type":"EntryPoint","urlTemplate":"https:\/\/noticiasmercedinas.com\/site\/?s={search_term_string}"},"query-input":{"@type":"PropertyValueSpecification","valueRequired":true,"valueName":"search_term_string"}}],"inLanguage":"es"},{"@type":"Organization","@id":"https:\/\/noticiasmercedinas.com\/site\/#organization","name":"NOTICIASMERCEDINAS.COM","url":"https:\/\/noticiasmercedinas.com\/site\/","logo":{"@type":"ImageObject","inLanguage":"es","@id":"https:\/\/noticiasmercedinas.com\/site\/#\/schema\/logo\/image\/","url":"https:\/\/noticiasmercedinas.com\/site\/wp-content\/uploads\/2020\/06\/LOGO-512.jpg","contentUrl":"https:\/\/noticiasmercedinas.com\/site\/wp-content\/uploads\/2020\/06\/LOGO-512.jpg","width":512,"height":512,"caption":"NOTICIASMERCEDINAS.COM"},"image":{"@id":"https:\/\/noticiasmercedinas.com\/site\/#\/schema\/logo\/image\/"},"sameAs":["https:\/\/www.facebook.com\/noticiasmercedinas\/","https:\/\/x.com\/notmercedinas","https:\/\/www.instagram.com\/noticiasmercedinas\/"]},{"@type":"Person","@id":"https:\/\/noticiasmercedinas.com\/site\/#\/schema\/person\/84b59c099c28ff2e8b77d4ceec5d8063","name":"NOTICIASMERCEDINAS.COM","image":{"@type":"ImageObject","inLanguage":"es","@id":"https:\/\/secure.gravatar.com\/avatar\/4dfbf16b4d17945bfb6341b2d19043457132fcf478a5ee04f42e959fd8f5df0a?s=96&d=mm&r=g","url":"https:\/\/secure.gravatar.com\/avatar\/4dfbf16b4d17945bfb6341b2d19043457132fcf478a5ee04f42e959fd8f5df0a?s=96&d=mm&r=g","contentUrl":"https:\/\/secure.gravatar.com\/avatar\/4dfbf16b4d17945bfb6341b2d19043457132fcf478a5ee04f42e959fd8f5df0a?s=96&d=mm&r=g","caption":"NOTICIASMERCEDINAS.COM"},"url":"https:\/\/noticiasmercedinas.com\/site\/author\/anonimo\/"}]}},"amp_enabled":true,"_links":{"self":[{"href":"https:\/\/noticiasmercedinas.com\/site\/wp-json\/wp\/v2\/posts\/38027","targetHints":{"allow":["GET"]}}],"collection":[{"href":"https:\/\/noticiasmercedinas.com\/site\/wp-json\/wp\/v2\/posts"}],"about":[{"href":"https:\/\/noticiasmercedinas.com\/site\/wp-json\/wp\/v2\/types\/post"}],"author":[{"embeddable":true,"href":"https:\/\/noticiasmercedinas.com\/site\/wp-json\/wp\/v2\/users\/16"}],"replies":[{"embeddable":true,"href":"https:\/\/noticiasmercedinas.com\/site\/wp-json\/wp\/v2\/comments?post=38027"}],"version-history":[{"count":1,"href":"https:\/\/noticiasmercedinas.com\/site\/wp-json\/wp\/v2\/posts\/38027\/revisions"}],"predecessor-version":[{"id":38029,"href":"https:\/\/noticiasmercedinas.com\/site\/wp-json\/wp\/v2\/posts\/38027\/revisions\/38029"}],"wp:featuredmedia":[{"embeddable":true,"href":"https:\/\/noticiasmercedinas.com\/site\/wp-json\/wp\/v2\/media\/38028"}],"wp:attachment":[{"href":"https:\/\/noticiasmercedinas.com\/site\/wp-json\/wp\/v2\/media?parent=38027"}],"wp:term":[{"taxonomy":"category","embeddable":true,"href":"https:\/\/noticiasmercedinas.com\/site\/wp-json\/wp\/v2\/categories?post=38027"},{"taxonomy":"post_tag","embeddable":true,"href":"https:\/\/noticiasmercedinas.com\/site\/wp-json\/wp\/v2\/tags?post=38027"}],"curies":[{"name":"wp","href":"https:\/\/api.w.org\/{rel}","templated":true}]}}