{"id":38050,"date":"2020-01-18T20:08:47","date_gmt":"2020-01-18T23:08:47","guid":{"rendered":"https:\/\/noticiasmercedinas.com\/site\/?p=38050"},"modified":"2020-01-18T20:11:40","modified_gmt":"2020-01-18T23:11:40","slug":"clausuran-locales-en-la-terminal-de-omnibus-de-lujan","status":"publish","type":"post","link":"https:\/\/noticiasmercedinas.com\/site\/2020\/01\/18\/clausuran-locales-en-la-terminal-de-omnibus-de-lujan\/","title":{"rendered":"Clausuran locales en la Terminal de \u00d3mnibus de Luj\u00e1n"},"content":{"rendered":"<p><img loading=\"lazy\" decoding=\"async\" src=\"https:\/\/noticiasmercedinas.com\/site\/wp-content\/uploads\/2020\/01\/fb_img_15793887354933155084443576414909.jpg\" class=\"wp-image-38049 alignnone size-full\" width=\"720\" height=\"405\" srcset=\"https:\/\/noticiasmercedinas.com\/site\/wp-content\/uploads\/2020\/01\/fb_img_15793887354933155084443576414909.jpg 720w, https:\/\/noticiasmercedinas.com\/site\/wp-content\/uploads\/2020\/01\/fb_img_15793887354933155084443576414909-300x169.jpg 300w, https:\/\/noticiasmercedinas.com\/site\/wp-content\/uploads\/2020\/01\/fb_img_15793887354933155084443576414909-640x360.jpg 640w, https:\/\/noticiasmercedinas.com\/site\/wp-content\/uploads\/2020\/01\/fb_img_15793887354933155084443576414909-681x383.jpg 681w\" sizes=\"auto, (max-width: 720px) 100vw, 720px\" \/><\/p>\n<p>Este s\u00e1bado por la ma\u00f1ana, el Municipio de Luj\u00e1n llev\u00f3 adelante un operativo de inspecci\u00f3n de espacios comerciales en la Terminal de \u00d3mnibus. El cuerpo de inspectores de la Direcci\u00f3n de Control, Fiscalizaci\u00f3n e Inspecci\u00f3n General, dependiente de la Secretar\u00eda de Protecci\u00f3n Ciudadana, constat\u00f3 que los locales comerciales funcionaban sin habilitaci\u00f3n, por lo que se procedi\u00f3 a su clausura preventiva.<\/p>\n<p>Esta es una situaci\u00f3n que se viene prolongando a lo largo de los a\u00f1os, con concesiones vencidas desde hace m\u00e1s de una d\u00e9cada. En 2013, el entonces Intendente Municipal Oscar Luciani y algunos titulares de las partes privadas firmaron un convenio para la desocupaci\u00f3n de los espacios comerciales durante ese a\u00f1o. A pesar de ello, no se realiz\u00f3 la devoluci\u00f3n de las unidades comerciales, y los convenios fueron incumplidos sin que pueda regularizarse la situaci\u00f3n.<\/p>\n<p>Desde el 10 de diciembre, el Municipio desarrolla tareas de limpieza, ordenamiento y mantenimiento de toda la Terminal, y est\u00e1 proyectado el pronto inicio de las obras de reparaci\u00f3n de los ba\u00f1os.<\/p>\n<p>En una segunda instancia, se realiz\u00f3 la clausura preventiva de \u00abEl Colonial\u00bb. En este caso, la propiedad municipal tambi\u00e9n funcionaba sin la habilitaci\u00f3n pertinente y con concesiones vencidas.<\/p>\n<p>A pesar de ello, el lugar desarrollaba una explotaci\u00f3n comercial permanente.<\/p>\n<p>La Secretar\u00eda de Desarrollo Humano intervino durante ambos operativos para garantizar la fuente laboral para los empleados.<\/p>\n<p>En todos los casos, se trata de propiedades pertenecientes al municipio que durante a\u00f1os se encontraron con una explotaci\u00f3n comercial sin habilitaci\u00f3n y sin concesi\u00f3n vigente.<\/p>\n","protected":false},"excerpt":{"rendered":"<p>Este s\u00e1bado por la ma\u00f1ana, el Municipio de Luj\u00e1n llev\u00f3 adelante un operativo de inspecci\u00f3n de espacios comerciales en la Terminal de \u00d3mnibus. El cuerpo de inspectores de la Direcci\u00f3n de Control, Fiscalizaci\u00f3n e Inspecci\u00f3n General, dependiente de la Secretar\u00eda de Protecci\u00f3n Ciudadana, constat\u00f3 que los locales comerciales funcionaban sin habilitaci\u00f3n, por lo que se [&hellip;]<\/p>\n","protected":false},"author":2,"featured_media":38049,"comment_status":"closed","ping_status":"closed","sticky":false,"template":"","format":"standard","meta":{"footnotes":""},"categories":[139],"tags":[948,8029,40,8030],"class_list":["post-38050","post","type-post","status-publish","format-standard","has-post-thumbnail","hentry","category-regionales","tag-clausura","tag-locales","tag-lujan","tag-terminal-de-omnibus"],"yoast_head":"<!-- This site is optimized with the Yoast SEO plugin v27.4 - https:\/\/yoast.com\/product\/yoast-seo-wordpress\/ -->\n<title>Clausuran locales en la Terminal de \u00d3mnibus de Luj\u00e1n<\/title>\n<meta name=\"robots\" content=\"index, follow, max-snippet:-1, max-image-preview:large, max-video-preview:-1\" \/>\n<link rel=\"canonical\" href=\"https:\/\/noticiasmercedinas.com\/site\/2020\/01\/18\/clausuran-locales-en-la-terminal-de-omnibus-de-lujan\/\" \/>\n<meta property=\"og:locale\" content=\"es_ES\" \/>\n<meta property=\"og:type\" content=\"article\" \/>\n<meta property=\"og:title\" content=\"Clausuran locales en la Terminal de \u00d3mnibus de Luj\u00e1n\" \/>\n<meta property=\"og:description\" content=\"Este s\u00e1bado por la ma\u00f1ana, el Municipio de Luj\u00e1n llev\u00f3 adelante un operativo de inspecci\u00f3n de espacios comerciales en la Terminal de \u00d3mnibus. El cuerpo de inspectores de la Direcci\u00f3n de Control, Fiscalizaci\u00f3n e Inspecci\u00f3n General, dependiente de la Secretar\u00eda de Protecci\u00f3n Ciudadana, constat\u00f3 que los locales comerciales funcionaban sin habilitaci\u00f3n, por lo que se [&hellip;]\" \/>\n<meta property=\"og:url\" content=\"https:\/\/noticiasmercedinas.com\/site\/2020\/01\/18\/clausuran-locales-en-la-terminal-de-omnibus-de-lujan\/\" \/>\n<meta property=\"og:site_name\" content=\"NOTICIASMERCEDINAS.COM\" \/>\n<meta property=\"article:publisher\" content=\"https:\/\/www.facebook.com\/noticiasmercedinas\/\" \/>\n<meta property=\"article:author\" content=\"https:\/\/www.facebook.com\/cristian.falabella\" \/>\n<meta property=\"article:published_time\" content=\"2020-01-18T23:08:47+00:00\" \/>\n<meta property=\"article:modified_time\" content=\"2020-01-18T23:11:40+00:00\" \/>\n<meta property=\"og:image\" content=\"https:\/\/noticiasmercedinas.com\/site\/wp-content\/uploads\/2020\/01\/fb_img_15793887354933155084443576414909.jpg\" \/>\n\t<meta property=\"og:image:width\" content=\"720\" \/>\n\t<meta property=\"og:image:height\" content=\"405\" \/>\n\t<meta property=\"og:image:type\" content=\"image\/jpeg\" \/>\n<meta name=\"author\" content=\"Cristian Falabella NOTICIASMERCEDINAS.COM\" \/>\n<meta name=\"twitter:card\" content=\"summary_large_image\" \/>\n<meta name=\"twitter:creator\" content=\"@https:\/\/twitter.com\/NOTMERCEDINAS\" \/>\n<meta name=\"twitter:site\" content=\"@notmercedinas\" \/>\n<meta name=\"twitter:label1\" content=\"Escrito por\" \/>\n\t<meta name=\"twitter:data1\" content=\"Cristian Falabella NOTICIASMERCEDINAS.COM\" \/>\n\t<meta name=\"twitter:label2\" content=\"Tiempo de lectura\" \/>\n\t<meta name=\"twitter:data2\" content=\"1 minuto\" \/>\n<script type=\"application\/ld+json\" class=\"yoast-schema-graph\">{\"@context\":\"https:\\\/\\\/schema.org\",\"@graph\":[{\"@type\":\"Article\",\"@id\":\"https:\\\/\\\/noticiasmercedinas.com\\\/site\\\/2020\\\/01\\\/18\\\/clausuran-locales-en-la-terminal-de-omnibus-de-lujan\\\/#article\",\"isPartOf\":{\"@id\":\"https:\\\/\\\/noticiasmercedinas.com\\\/site\\\/2020\\\/01\\\/18\\\/clausuran-locales-en-la-terminal-de-omnibus-de-lujan\\\/\"},\"author\":{\"name\":\"Cristian Falabella NOTICIASMERCEDINAS.COM\",\"@id\":\"https:\\\/\\\/noticiasmercedinas.com\\\/site\\\/#\\\/schema\\\/person\\\/d481a9696a5feaec13a60e2bbd991a6a\"},\"headline\":\"Clausuran locales en la Terminal de \u00d3mnibus de Luj\u00e1n\",\"datePublished\":\"2020-01-18T23:08:47+00:00\",\"dateModified\":\"2020-01-18T23:11:40+00:00\",\"mainEntityOfPage\":{\"@id\":\"https:\\\/\\\/noticiasmercedinas.com\\\/site\\\/2020\\\/01\\\/18\\\/clausuran-locales-en-la-terminal-de-omnibus-de-lujan\\\/\"},\"wordCount\":285,\"publisher\":{\"@id\":\"https:\\\/\\\/noticiasmercedinas.com\\\/site\\\/#organization\"},\"image\":{\"@id\":\"https:\\\/\\\/noticiasmercedinas.com\\\/site\\\/2020\\\/01\\\/18\\\/clausuran-locales-en-la-terminal-de-omnibus-de-lujan\\\/#primaryimage\"},\"thumbnailUrl\":\"https:\\\/\\\/noticiasmercedinas.com\\\/site\\\/wp-content\\\/uploads\\\/2020\\\/01\\\/fb_img_15793887354933155084443576414909.jpg\",\"keywords\":[\"clausura\",\"locales\",\"lujan\",\"terminal de \u00f3mnibus\"],\"articleSection\":[\"Regionales\"],\"inLanguage\":\"es\"},{\"@type\":\"WebPage\",\"@id\":\"https:\\\/\\\/noticiasmercedinas.com\\\/site\\\/2020\\\/01\\\/18\\\/clausuran-locales-en-la-terminal-de-omnibus-de-lujan\\\/\",\"url\":\"https:\\\/\\\/noticiasmercedinas.com\\\/site\\\/2020\\\/01\\\/18\\\/clausuran-locales-en-la-terminal-de-omnibus-de-lujan\\\/\",\"name\":\"Clausuran locales en la Terminal de \u00d3mnibus de Luj\u00e1n\",\"isPartOf\":{\"@id\":\"https:\\\/\\\/noticiasmercedinas.com\\\/site\\\/#website\"},\"primaryImageOfPage\":{\"@id\":\"https:\\\/\\\/noticiasmercedinas.com\\\/site\\\/2020\\\/01\\\/18\\\/clausuran-locales-en-la-terminal-de-omnibus-de-lujan\\\/#primaryimage\"},\"image\":{\"@id\":\"https:\\\/\\\/noticiasmercedinas.com\\\/site\\\/2020\\\/01\\\/18\\\/clausuran-locales-en-la-terminal-de-omnibus-de-lujan\\\/#primaryimage\"},\"thumbnailUrl\":\"https:\\\/\\\/noticiasmercedinas.com\\\/site\\\/wp-content\\\/uploads\\\/2020\\\/01\\\/fb_img_15793887354933155084443576414909.jpg\",\"datePublished\":\"2020-01-18T23:08:47+00:00\",\"dateModified\":\"2020-01-18T23:11:40+00:00\",\"breadcrumb\":{\"@id\":\"https:\\\/\\\/noticiasmercedinas.com\\\/site\\\/2020\\\/01\\\/18\\\/clausuran-locales-en-la-terminal-de-omnibus-de-lujan\\\/#breadcrumb\"},\"inLanguage\":\"es\",\"potentialAction\":[{\"@type\":\"ReadAction\",\"target\":[\"https:\\\/\\\/noticiasmercedinas.com\\\/site\\\/2020\\\/01\\\/18\\\/clausuran-locales-en-la-terminal-de-omnibus-de-lujan\\\/\"]}]},{\"@type\":\"ImageObject\",\"inLanguage\":\"es\",\"@id\":\"https:\\\/\\\/noticiasmercedinas.com\\\/site\\\/2020\\\/01\\\/18\\\/clausuran-locales-en-la-terminal-de-omnibus-de-lujan\\\/#primaryimage\",\"url\":\"https:\\\/\\\/noticiasmercedinas.com\\\/site\\\/wp-content\\\/uploads\\\/2020\\\/01\\\/fb_img_15793887354933155084443576414909.jpg\",\"contentUrl\":\"https:\\\/\\\/noticiasmercedinas.com\\\/site\\\/wp-content\\\/uploads\\\/2020\\\/01\\\/fb_img_15793887354933155084443576414909.jpg\",\"width\":720,\"height\":405},{\"@type\":\"BreadcrumbList\",\"@id\":\"https:\\\/\\\/noticiasmercedinas.com\\\/site\\\/2020\\\/01\\\/18\\\/clausuran-locales-en-la-terminal-de-omnibus-de-lujan\\\/#breadcrumb\",\"itemListElement\":[{\"@type\":\"ListItem\",\"position\":1,\"name\":\"Portada\",\"item\":\"https:\\\/\\\/noticiasmercedinas.com\\\/site\\\/\"},{\"@type\":\"ListItem\",\"position\":2,\"name\":\"Clausuran locales en la Terminal de \u00d3mnibus de Luj\u00e1n\"}]},{\"@type\":\"WebSite\",\"@id\":\"https:\\\/\\\/noticiasmercedinas.com\\\/site\\\/#website\",\"url\":\"https:\\\/\\\/noticiasmercedinas.com\\\/site\\\/\",\"name\":\"NOTICIASMERCEDINAS.COM\",\"description\":\"Mercedes, Buenos Aires, Argentina\",\"publisher\":{\"@id\":\"https:\\\/\\\/noticiasmercedinas.com\\\/site\\\/#organization\"},\"potentialAction\":[{\"@type\":\"SearchAction\",\"target\":{\"@type\":\"EntryPoint\",\"urlTemplate\":\"https:\\\/\\\/noticiasmercedinas.com\\\/site\\\/?s={search_term_string}\"},\"query-input\":{\"@type\":\"PropertyValueSpecification\",\"valueRequired\":true,\"valueName\":\"search_term_string\"}}],\"inLanguage\":\"es\"},{\"@type\":\"Organization\",\"@id\":\"https:\\\/\\\/noticiasmercedinas.com\\\/site\\\/#organization\",\"name\":\"NOTICIASMERCEDINAS.COM\",\"url\":\"https:\\\/\\\/noticiasmercedinas.com\\\/site\\\/\",\"logo\":{\"@type\":\"ImageObject\",\"inLanguage\":\"es\",\"@id\":\"https:\\\/\\\/noticiasmercedinas.com\\\/site\\\/#\\\/schema\\\/logo\\\/image\\\/\",\"url\":\"https:\\\/\\\/noticiasmercedinas.com\\\/site\\\/wp-content\\\/uploads\\\/2020\\\/06\\\/LOGO-512.jpg\",\"contentUrl\":\"https:\\\/\\\/noticiasmercedinas.com\\\/site\\\/wp-content\\\/uploads\\\/2020\\\/06\\\/LOGO-512.jpg\",\"width\":512,\"height\":512,\"caption\":\"NOTICIASMERCEDINAS.COM\"},\"image\":{\"@id\":\"https:\\\/\\\/noticiasmercedinas.com\\\/site\\\/#\\\/schema\\\/logo\\\/image\\\/\"},\"sameAs\":[\"https:\\\/\\\/www.facebook.com\\\/noticiasmercedinas\\\/\",\"https:\\\/\\\/x.com\\\/notmercedinas\",\"https:\\\/\\\/www.instagram.com\\\/noticiasmercedinas\\\/\"]},{\"@type\":\"Person\",\"@id\":\"https:\\\/\\\/noticiasmercedinas.com\\\/site\\\/#\\\/schema\\\/person\\\/d481a9696a5feaec13a60e2bbd991a6a\",\"name\":\"Cristian Falabella NOTICIASMERCEDINAS.COM\",\"image\":{\"@type\":\"ImageObject\",\"inLanguage\":\"es\",\"@id\":\"https:\\\/\\\/secure.gravatar.com\\\/avatar\\\/0dbbfc45970cc46bcd0e57766228574ff3511d6eed045b182f536f0f478c1f06?s=96&d=mm&r=g\",\"url\":\"https:\\\/\\\/secure.gravatar.com\\\/avatar\\\/0dbbfc45970cc46bcd0e57766228574ff3511d6eed045b182f536f0f478c1f06?s=96&d=mm&r=g\",\"contentUrl\":\"https:\\\/\\\/secure.gravatar.com\\\/avatar\\\/0dbbfc45970cc46bcd0e57766228574ff3511d6eed045b182f536f0f478c1f06?s=96&d=mm&r=g\",\"caption\":\"Cristian Falabella NOTICIASMERCEDINAS.COM\"},\"description\":\"Periodista, editor de Noticias Mercedinas. Pas\u00f3 por varias redacciones y emprendimientos de prensa, en distintos formatos y \u00e9pocas. Se especializ\u00f3 --y sigue haci\u00e9ndolo-- en comunicaci\u00f3n en la web y en junio de 2006 fund\u00f3 este diario digital.\",\"sameAs\":[\"https:\\\/\\\/noticiasmercedinas.com\",\"https:\\\/\\\/www.facebook.com\\\/cristian.falabella\",\"https:\\\/\\\/www.instagram.com\\\/noticiasmercedinas\\\/\",\"https:\\\/\\\/x.com\\\/https:\\\/\\\/twitter.com\\\/NOTMERCEDINAS\"],\"url\":\"https:\\\/\\\/noticiasmercedinas.com\\\/site\\\/author\\\/as000384\\\/\"}]}<\/script>\n<!-- \/ Yoast SEO plugin. -->","yoast_head_json":{"title":"Clausuran locales en la Terminal de \u00d3mnibus de Luj\u00e1n","robots":{"index":"index","follow":"follow","max-snippet":"max-snippet:-1","max-image-preview":"max-image-preview:large","max-video-preview":"max-video-preview:-1"},"canonical":"https:\/\/noticiasmercedinas.com\/site\/2020\/01\/18\/clausuran-locales-en-la-terminal-de-omnibus-de-lujan\/","og_locale":"es_ES","og_type":"article","og_title":"Clausuran locales en la Terminal de \u00d3mnibus de Luj\u00e1n","og_description":"Este s\u00e1bado por la ma\u00f1ana, el Municipio de Luj\u00e1n llev\u00f3 adelante un operativo de inspecci\u00f3n de espacios comerciales en la Terminal de \u00d3mnibus. El cuerpo de inspectores de la Direcci\u00f3n de Control, Fiscalizaci\u00f3n e Inspecci\u00f3n General, dependiente de la Secretar\u00eda de Protecci\u00f3n Ciudadana, constat\u00f3 que los locales comerciales funcionaban sin habilitaci\u00f3n, por lo que se [&hellip;]","og_url":"https:\/\/noticiasmercedinas.com\/site\/2020\/01\/18\/clausuran-locales-en-la-terminal-de-omnibus-de-lujan\/","og_site_name":"NOTICIASMERCEDINAS.COM","article_publisher":"https:\/\/www.facebook.com\/noticiasmercedinas\/","article_author":"https:\/\/www.facebook.com\/cristian.falabella","article_published_time":"2020-01-18T23:08:47+00:00","article_modified_time":"2020-01-18T23:11:40+00:00","og_image":[{"width":720,"height":405,"url":"https:\/\/noticiasmercedinas.com\/site\/wp-content\/uploads\/2020\/01\/fb_img_15793887354933155084443576414909.jpg","type":"image\/jpeg"}],"author":"Cristian Falabella NOTICIASMERCEDINAS.COM","twitter_card":"summary_large_image","twitter_creator":"@https:\/\/twitter.com\/NOTMERCEDINAS","twitter_site":"@notmercedinas","twitter_misc":{"Escrito por":"Cristian Falabella NOTICIASMERCEDINAS.COM","Tiempo de lectura":"1 minuto"},"schema":{"@context":"https:\/\/schema.org","@graph":[{"@type":"Article","@id":"https:\/\/noticiasmercedinas.com\/site\/2020\/01\/18\/clausuran-locales-en-la-terminal-de-omnibus-de-lujan\/#article","isPartOf":{"@id":"https:\/\/noticiasmercedinas.com\/site\/2020\/01\/18\/clausuran-locales-en-la-terminal-de-omnibus-de-lujan\/"},"author":{"name":"Cristian Falabella NOTICIASMERCEDINAS.COM","@id":"https:\/\/noticiasmercedinas.com\/site\/#\/schema\/person\/d481a9696a5feaec13a60e2bbd991a6a"},"headline":"Clausuran locales en la Terminal de \u00d3mnibus de Luj\u00e1n","datePublished":"2020-01-18T23:08:47+00:00","dateModified":"2020-01-18T23:11:40+00:00","mainEntityOfPage":{"@id":"https:\/\/noticiasmercedinas.com\/site\/2020\/01\/18\/clausuran-locales-en-la-terminal-de-omnibus-de-lujan\/"},"wordCount":285,"publisher":{"@id":"https:\/\/noticiasmercedinas.com\/site\/#organization"},"image":{"@id":"https:\/\/noticiasmercedinas.com\/site\/2020\/01\/18\/clausuran-locales-en-la-terminal-de-omnibus-de-lujan\/#primaryimage"},"thumbnailUrl":"https:\/\/noticiasmercedinas.com\/site\/wp-content\/uploads\/2020\/01\/fb_img_15793887354933155084443576414909.jpg","keywords":["clausura","locales","lujan","terminal de \u00f3mnibus"],"articleSection":["Regionales"],"inLanguage":"es"},{"@type":"WebPage","@id":"https:\/\/noticiasmercedinas.com\/site\/2020\/01\/18\/clausuran-locales-en-la-terminal-de-omnibus-de-lujan\/","url":"https:\/\/noticiasmercedinas.com\/site\/2020\/01\/18\/clausuran-locales-en-la-terminal-de-omnibus-de-lujan\/","name":"Clausuran locales en la Terminal de \u00d3mnibus de Luj\u00e1n","isPartOf":{"@id":"https:\/\/noticiasmercedinas.com\/site\/#website"},"primaryImageOfPage":{"@id":"https:\/\/noticiasmercedinas.com\/site\/2020\/01\/18\/clausuran-locales-en-la-terminal-de-omnibus-de-lujan\/#primaryimage"},"image":{"@id":"https:\/\/noticiasmercedinas.com\/site\/2020\/01\/18\/clausuran-locales-en-la-terminal-de-omnibus-de-lujan\/#primaryimage"},"thumbnailUrl":"https:\/\/noticiasmercedinas.com\/site\/wp-content\/uploads\/2020\/01\/fb_img_15793887354933155084443576414909.jpg","datePublished":"2020-01-18T23:08:47+00:00","dateModified":"2020-01-18T23:11:40+00:00","breadcrumb":{"@id":"https:\/\/noticiasmercedinas.com\/site\/2020\/01\/18\/clausuran-locales-en-la-terminal-de-omnibus-de-lujan\/#breadcrumb"},"inLanguage":"es","potentialAction":[{"@type":"ReadAction","target":["https:\/\/noticiasmercedinas.com\/site\/2020\/01\/18\/clausuran-locales-en-la-terminal-de-omnibus-de-lujan\/"]}]},{"@type":"ImageObject","inLanguage":"es","@id":"https:\/\/noticiasmercedinas.com\/site\/2020\/01\/18\/clausuran-locales-en-la-terminal-de-omnibus-de-lujan\/#primaryimage","url":"https:\/\/noticiasmercedinas.com\/site\/wp-content\/uploads\/2020\/01\/fb_img_15793887354933155084443576414909.jpg","contentUrl":"https:\/\/noticiasmercedinas.com\/site\/wp-content\/uploads\/2020\/01\/fb_img_15793887354933155084443576414909.jpg","width":720,"height":405},{"@type":"BreadcrumbList","@id":"https:\/\/noticiasmercedinas.com\/site\/2020\/01\/18\/clausuran-locales-en-la-terminal-de-omnibus-de-lujan\/#breadcrumb","itemListElement":[{"@type":"ListItem","position":1,"name":"Portada","item":"https:\/\/noticiasmercedinas.com\/site\/"},{"@type":"ListItem","position":2,"name":"Clausuran locales en la Terminal de \u00d3mnibus de Luj\u00e1n"}]},{"@type":"WebSite","@id":"https:\/\/noticiasmercedinas.com\/site\/#website","url":"https:\/\/noticiasmercedinas.com\/site\/","name":"NOTICIASMERCEDINAS.COM","description":"Mercedes, Buenos Aires, Argentina","publisher":{"@id":"https:\/\/noticiasmercedinas.com\/site\/#organization"},"potentialAction":[{"@type":"SearchAction","target":{"@type":"EntryPoint","urlTemplate":"https:\/\/noticiasmercedinas.com\/site\/?s={search_term_string}"},"query-input":{"@type":"PropertyValueSpecification","valueRequired":true,"valueName":"search_term_string"}}],"inLanguage":"es"},{"@type":"Organization","@id":"https:\/\/noticiasmercedinas.com\/site\/#organization","name":"NOTICIASMERCEDINAS.COM","url":"https:\/\/noticiasmercedinas.com\/site\/","logo":{"@type":"ImageObject","inLanguage":"es","@id":"https:\/\/noticiasmercedinas.com\/site\/#\/schema\/logo\/image\/","url":"https:\/\/noticiasmercedinas.com\/site\/wp-content\/uploads\/2020\/06\/LOGO-512.jpg","contentUrl":"https:\/\/noticiasmercedinas.com\/site\/wp-content\/uploads\/2020\/06\/LOGO-512.jpg","width":512,"height":512,"caption":"NOTICIASMERCEDINAS.COM"},"image":{"@id":"https:\/\/noticiasmercedinas.com\/site\/#\/schema\/logo\/image\/"},"sameAs":["https:\/\/www.facebook.com\/noticiasmercedinas\/","https:\/\/x.com\/notmercedinas","https:\/\/www.instagram.com\/noticiasmercedinas\/"]},{"@type":"Person","@id":"https:\/\/noticiasmercedinas.com\/site\/#\/schema\/person\/d481a9696a5feaec13a60e2bbd991a6a","name":"Cristian Falabella NOTICIASMERCEDINAS.COM","image":{"@type":"ImageObject","inLanguage":"es","@id":"https:\/\/secure.gravatar.com\/avatar\/0dbbfc45970cc46bcd0e57766228574ff3511d6eed045b182f536f0f478c1f06?s=96&d=mm&r=g","url":"https:\/\/secure.gravatar.com\/avatar\/0dbbfc45970cc46bcd0e57766228574ff3511d6eed045b182f536f0f478c1f06?s=96&d=mm&r=g","contentUrl":"https:\/\/secure.gravatar.com\/avatar\/0dbbfc45970cc46bcd0e57766228574ff3511d6eed045b182f536f0f478c1f06?s=96&d=mm&r=g","caption":"Cristian Falabella NOTICIASMERCEDINAS.COM"},"description":"Periodista, editor de Noticias Mercedinas. Pas\u00f3 por varias redacciones y emprendimientos de prensa, en distintos formatos y \u00e9pocas. Se especializ\u00f3 --y sigue haci\u00e9ndolo-- en comunicaci\u00f3n en la web y en junio de 2006 fund\u00f3 este diario digital.","sameAs":["https:\/\/noticiasmercedinas.com","https:\/\/www.facebook.com\/cristian.falabella","https:\/\/www.instagram.com\/noticiasmercedinas\/","https:\/\/x.com\/https:\/\/twitter.com\/NOTMERCEDINAS"],"url":"https:\/\/noticiasmercedinas.com\/site\/author\/as000384\/"}]}},"amp_enabled":true,"_links":{"self":[{"href":"https:\/\/noticiasmercedinas.com\/site\/wp-json\/wp\/v2\/posts\/38050","targetHints":{"allow":["GET"]}}],"collection":[{"href":"https:\/\/noticiasmercedinas.com\/site\/wp-json\/wp\/v2\/posts"}],"about":[{"href":"https:\/\/noticiasmercedinas.com\/site\/wp-json\/wp\/v2\/types\/post"}],"author":[{"embeddable":true,"href":"https:\/\/noticiasmercedinas.com\/site\/wp-json\/wp\/v2\/users\/2"}],"replies":[{"embeddable":true,"href":"https:\/\/noticiasmercedinas.com\/site\/wp-json\/wp\/v2\/comments?post=38050"}],"version-history":[{"count":1,"href":"https:\/\/noticiasmercedinas.com\/site\/wp-json\/wp\/v2\/posts\/38050\/revisions"}],"predecessor-version":[{"id":38051,"href":"https:\/\/noticiasmercedinas.com\/site\/wp-json\/wp\/v2\/posts\/38050\/revisions\/38051"}],"wp:featuredmedia":[{"embeddable":true,"href":"https:\/\/noticiasmercedinas.com\/site\/wp-json\/wp\/v2\/media\/38049"}],"wp:attachment":[{"href":"https:\/\/noticiasmercedinas.com\/site\/wp-json\/wp\/v2\/media?parent=38050"}],"wp:term":[{"taxonomy":"category","embeddable":true,"href":"https:\/\/noticiasmercedinas.com\/site\/wp-json\/wp\/v2\/categories?post=38050"},{"taxonomy":"post_tag","embeddable":true,"href":"https:\/\/noticiasmercedinas.com\/site\/wp-json\/wp\/v2\/tags?post=38050"}],"curies":[{"name":"wp","href":"https:\/\/api.w.org\/{rel}","templated":true}]}}