{"id":38162,"date":"2020-01-21T21:06:35","date_gmt":"2020-01-22T00:06:35","guid":{"rendered":"https:\/\/noticiasmercedinas.com\/site\/?p=38162"},"modified":"2020-01-21T21:12:47","modified_gmt":"2020-01-22T00:12:47","slug":"impulsan-produccion-social-de-alimentos-en-colonia-olivera","status":"publish","type":"post","link":"https:\/\/noticiasmercedinas.com\/site\/2020\/01\/21\/impulsan-produccion-social-de-alimentos-en-colonia-olivera\/","title":{"rendered":"Impulsan producci\u00f3n social de alimentos en Colonia Olivera"},"content":{"rendered":"<p><a href=\"https:\/\/noticiasmercedinas.com\/site\/wp-content\/uploads\/2020\/01\/chaves_funcionarios-1.png\"><img loading=\"lazy\" decoding=\"async\" class=\"alignnone size-full wp-image-38164\" src=\"https:\/\/noticiasmercedinas.com\/site\/wp-content\/uploads\/2020\/01\/chaves_funcionarios-1.png\" alt=\"\" width=\"640\" height=\"462\" srcset=\"https:\/\/noticiasmercedinas.com\/site\/wp-content\/uploads\/2020\/01\/chaves_funcionarios-1.png 640w, https:\/\/noticiasmercedinas.com\/site\/wp-content\/uploads\/2020\/01\/chaves_funcionarios-1-300x217.png 300w\" sizes=\"auto, (max-width: 640px) 100vw, 640px\" \/><\/a><\/p>\n<p>\u201cLa idea es apuntar a diferentes unidades productivas, enfocados en la soberan\u00eda alimentaria y el arraigo\u201d explic\u00f3 la concejal Aldana Chaves, referente del Movimiento Evita, consultada por NOTICIASMERCEDINAS.COM respecto del proyecto oficial para la Colonia Olivera, ubicada en el kil\u00f3metro 85.5 de la Ruta 5.<\/p>\n<p>\u201cDesde el Movimiento Evita, Frente Agrario Evita, CTEP de Mercedes y otras organizaciones como FACEPT y \u00a0MOCASE V\u00eda Campesina, se est\u00e1 armando la log\u00edstica de trabajo junto al equipo de la Secretar\u00eda de la Econom\u00eda Social (a cargo de Emilio P\u00e9rsico) del Ministerio de Desarrollo Social de la Naci\u00f3n\u201d, explic\u00f3 la dirigente.<\/p>\n<p>\u201cDesde la econom\u00eda popular compa\u00f1eros de diferentes programas sociales y productores pueden llevar adelante los proyectos y llegar a puntos de comercializaci\u00f3n zonal y regional, con una mirada en la educaci\u00f3n, capacitaci\u00f3n y formaci\u00f3n\u201d, indic\u00f3 Chaves.<\/p>\n<p>\u201cEs un predio de 425 hect\u00e1reas donde diferentes actores sociales en articulaci\u00f3n con la Municipalidad podemos lograr que nuestra ciudad sea beneficiada, un punto muy importante es que desde el lugar se puede abastecer a los comedores comunitarios y escolares\u201d, ampli\u00f3.<\/p>\n<p>Chaves se reuni\u00f3 recientemente con funcionarios de la Secretar\u00eda que comanda P\u00e9rsico y de la Comuna. \u201cComo nos dicen nuestro presidente Alberto Fern\u00e1ndez y el ministro Daniel Arroyo trabajamos desde una mesa contra el hambre\u201d, destac\u00f3 la edil.<\/p>\n","protected":false},"excerpt":{"rendered":"<p>\u201cLa idea es apuntar a diferentes unidades productivas, enfocados en la soberan\u00eda alimentaria y el arraigo\u201d explic\u00f3 la concejal Aldana Chaves, referente del Movimiento Evita, consultada por NOTICIASMERCEDINAS.COM respecto del proyecto oficial para la Colonia Olivera, ubicada en el kil\u00f3metro 85.5 de la Ruta 5. \u201cDesde el Movimiento Evita, Frente Agrario Evita, CTEP de Mercedes [&hellip;]<\/p>\n","protected":false},"author":16,"featured_media":38163,"comment_status":"open","ping_status":"open","sticky":false,"template":"","format":"standard","meta":{"footnotes":""},"categories":[3],"tags":[8053,1206,1604,44,2488,855,1080],"class_list":["post-38162","post","type-post","status-publish","format-standard","has-post-thumbnail","hentry","category-sociedad","tag-colonia-olivera","tag-ctep","tag-daniel-arroyo","tag-desarrollo-social","tag-emilio-persico","tag-movimiento-evita","tag-soberania-alimentaria"],"yoast_head":"<!-- This site is optimized with the Yoast SEO plugin v27.4 - https:\/\/yoast.com\/product\/yoast-seo-wordpress\/ -->\n<title>Impulsan producci\u00f3n social de alimentos en Colonia Olivera<\/title>\n<meta name=\"robots\" content=\"index, follow, max-snippet:-1, max-image-preview:large, max-video-preview:-1\" \/>\n<link rel=\"canonical\" href=\"https:\/\/noticiasmercedinas.com\/site\/2020\/01\/21\/impulsan-produccion-social-de-alimentos-en-colonia-olivera\/\" \/>\n<meta property=\"og:locale\" content=\"es_ES\" \/>\n<meta property=\"og:type\" content=\"article\" \/>\n<meta property=\"og:title\" content=\"Impulsan producci\u00f3n social de alimentos en Colonia Olivera\" \/>\n<meta property=\"og:description\" content=\"\u201cLa idea es apuntar a diferentes unidades productivas, enfocados en la soberan\u00eda alimentaria y el arraigo\u201d explic\u00f3 la concejal Aldana Chaves, referente del Movimiento Evita, consultada por NOTICIASMERCEDINAS.COM respecto del proyecto oficial para la Colonia Olivera, ubicada en el kil\u00f3metro 85.5 de la Ruta 5. \u201cDesde el Movimiento Evita, Frente Agrario Evita, CTEP de Mercedes [&hellip;]\" \/>\n<meta property=\"og:url\" content=\"https:\/\/noticiasmercedinas.com\/site\/2020\/01\/21\/impulsan-produccion-social-de-alimentos-en-colonia-olivera\/\" \/>\n<meta property=\"og:site_name\" content=\"NOTICIASMERCEDINAS.COM\" \/>\n<meta property=\"article:publisher\" content=\"https:\/\/www.facebook.com\/noticiasmercedinas\/\" \/>\n<meta property=\"article:published_time\" content=\"2020-01-22T00:06:35+00:00\" \/>\n<meta property=\"article:modified_time\" content=\"2020-01-22T00:12:47+00:00\" \/>\n<meta property=\"og:image\" content=\"https:\/\/noticiasmercedinas.com\/site\/wp-content\/uploads\/2020\/01\/chaves_funcionarios.png\" \/>\n\t<meta property=\"og:image:width\" content=\"640\" \/>\n\t<meta property=\"og:image:height\" content=\"462\" \/>\n\t<meta property=\"og:image:type\" content=\"image\/png\" \/>\n<meta name=\"author\" content=\"NOTICIASMERCEDINAS.COM\" \/>\n<meta name=\"twitter:card\" content=\"summary_large_image\" \/>\n<meta name=\"twitter:creator\" content=\"@notmercedinas\" \/>\n<meta name=\"twitter:site\" content=\"@notmercedinas\" \/>\n<meta name=\"twitter:label1\" content=\"Escrito por\" \/>\n\t<meta name=\"twitter:data1\" content=\"NOTICIASMERCEDINAS.COM\" \/>\n\t<meta name=\"twitter:label2\" content=\"Tiempo de lectura\" \/>\n\t<meta name=\"twitter:data2\" content=\"1 minuto\" \/>\n<script type=\"application\/ld+json\" class=\"yoast-schema-graph\">{\"@context\":\"https:\\\/\\\/schema.org\",\"@graph\":[{\"@type\":\"Article\",\"@id\":\"https:\\\/\\\/noticiasmercedinas.com\\\/site\\\/2020\\\/01\\\/21\\\/impulsan-produccion-social-de-alimentos-en-colonia-olivera\\\/#article\",\"isPartOf\":{\"@id\":\"https:\\\/\\\/noticiasmercedinas.com\\\/site\\\/2020\\\/01\\\/21\\\/impulsan-produccion-social-de-alimentos-en-colonia-olivera\\\/\"},\"author\":{\"name\":\"NOTICIASMERCEDINAS.COM\",\"@id\":\"https:\\\/\\\/noticiasmercedinas.com\\\/site\\\/#\\\/schema\\\/person\\\/84b59c099c28ff2e8b77d4ceec5d8063\"},\"headline\":\"Impulsan producci\u00f3n social de alimentos en Colonia Olivera\",\"datePublished\":\"2020-01-22T00:06:35+00:00\",\"dateModified\":\"2020-01-22T00:12:47+00:00\",\"mainEntityOfPage\":{\"@id\":\"https:\\\/\\\/noticiasmercedinas.com\\\/site\\\/2020\\\/01\\\/21\\\/impulsan-produccion-social-de-alimentos-en-colonia-olivera\\\/\"},\"wordCount\":238,\"commentCount\":1,\"publisher\":{\"@id\":\"https:\\\/\\\/noticiasmercedinas.com\\\/site\\\/#organization\"},\"image\":{\"@id\":\"https:\\\/\\\/noticiasmercedinas.com\\\/site\\\/2020\\\/01\\\/21\\\/impulsan-produccion-social-de-alimentos-en-colonia-olivera\\\/#primaryimage\"},\"thumbnailUrl\":\"https:\\\/\\\/noticiasmercedinas.com\\\/site\\\/wp-content\\\/uploads\\\/2020\\\/01\\\/chaves_funcionarios.png\",\"keywords\":[\"Colonia Olivera\",\"ctep\",\"Daniel Arroyo\",\"desarrollo social\",\"Emilio P\u00e9rsico\",\"movimiento evita\",\"Soberan\u00eda Alimentaria\"],\"articleSection\":[\"Sociedad\"],\"inLanguage\":\"es\",\"potentialAction\":[{\"@type\":\"CommentAction\",\"name\":\"Comment\",\"target\":[\"https:\\\/\\\/noticiasmercedinas.com\\\/site\\\/2020\\\/01\\\/21\\\/impulsan-produccion-social-de-alimentos-en-colonia-olivera\\\/#respond\"]}]},{\"@type\":\"WebPage\",\"@id\":\"https:\\\/\\\/noticiasmercedinas.com\\\/site\\\/2020\\\/01\\\/21\\\/impulsan-produccion-social-de-alimentos-en-colonia-olivera\\\/\",\"url\":\"https:\\\/\\\/noticiasmercedinas.com\\\/site\\\/2020\\\/01\\\/21\\\/impulsan-produccion-social-de-alimentos-en-colonia-olivera\\\/\",\"name\":\"Impulsan producci\u00f3n social de alimentos en Colonia Olivera\",\"isPartOf\":{\"@id\":\"https:\\\/\\\/noticiasmercedinas.com\\\/site\\\/#website\"},\"primaryImageOfPage\":{\"@id\":\"https:\\\/\\\/noticiasmercedinas.com\\\/site\\\/2020\\\/01\\\/21\\\/impulsan-produccion-social-de-alimentos-en-colonia-olivera\\\/#primaryimage\"},\"image\":{\"@id\":\"https:\\\/\\\/noticiasmercedinas.com\\\/site\\\/2020\\\/01\\\/21\\\/impulsan-produccion-social-de-alimentos-en-colonia-olivera\\\/#primaryimage\"},\"thumbnailUrl\":\"https:\\\/\\\/noticiasmercedinas.com\\\/site\\\/wp-content\\\/uploads\\\/2020\\\/01\\\/chaves_funcionarios.png\",\"datePublished\":\"2020-01-22T00:06:35+00:00\",\"dateModified\":\"2020-01-22T00:12:47+00:00\",\"breadcrumb\":{\"@id\":\"https:\\\/\\\/noticiasmercedinas.com\\\/site\\\/2020\\\/01\\\/21\\\/impulsan-produccion-social-de-alimentos-en-colonia-olivera\\\/#breadcrumb\"},\"inLanguage\":\"es\",\"potentialAction\":[{\"@type\":\"ReadAction\",\"target\":[\"https:\\\/\\\/noticiasmercedinas.com\\\/site\\\/2020\\\/01\\\/21\\\/impulsan-produccion-social-de-alimentos-en-colonia-olivera\\\/\"]}]},{\"@type\":\"ImageObject\",\"inLanguage\":\"es\",\"@id\":\"https:\\\/\\\/noticiasmercedinas.com\\\/site\\\/2020\\\/01\\\/21\\\/impulsan-produccion-social-de-alimentos-en-colonia-olivera\\\/#primaryimage\",\"url\":\"https:\\\/\\\/noticiasmercedinas.com\\\/site\\\/wp-content\\\/uploads\\\/2020\\\/01\\\/chaves_funcionarios.png\",\"contentUrl\":\"https:\\\/\\\/noticiasmercedinas.com\\\/site\\\/wp-content\\\/uploads\\\/2020\\\/01\\\/chaves_funcionarios.png\",\"width\":640,\"height\":462},{\"@type\":\"BreadcrumbList\",\"@id\":\"https:\\\/\\\/noticiasmercedinas.com\\\/site\\\/2020\\\/01\\\/21\\\/impulsan-produccion-social-de-alimentos-en-colonia-olivera\\\/#breadcrumb\",\"itemListElement\":[{\"@type\":\"ListItem\",\"position\":1,\"name\":\"Portada\",\"item\":\"https:\\\/\\\/noticiasmercedinas.com\\\/site\\\/\"},{\"@type\":\"ListItem\",\"position\":2,\"name\":\"Impulsan producci\u00f3n social de alimentos en Colonia Olivera\"}]},{\"@type\":\"WebSite\",\"@id\":\"https:\\\/\\\/noticiasmercedinas.com\\\/site\\\/#website\",\"url\":\"https:\\\/\\\/noticiasmercedinas.com\\\/site\\\/\",\"name\":\"NOTICIASMERCEDINAS.COM\",\"description\":\"Mercedes, Buenos Aires, Argentina\",\"publisher\":{\"@id\":\"https:\\\/\\\/noticiasmercedinas.com\\\/site\\\/#organization\"},\"potentialAction\":[{\"@type\":\"SearchAction\",\"target\":{\"@type\":\"EntryPoint\",\"urlTemplate\":\"https:\\\/\\\/noticiasmercedinas.com\\\/site\\\/?s={search_term_string}\"},\"query-input\":{\"@type\":\"PropertyValueSpecification\",\"valueRequired\":true,\"valueName\":\"search_term_string\"}}],\"inLanguage\":\"es\"},{\"@type\":\"Organization\",\"@id\":\"https:\\\/\\\/noticiasmercedinas.com\\\/site\\\/#organization\",\"name\":\"NOTICIASMERCEDINAS.COM\",\"url\":\"https:\\\/\\\/noticiasmercedinas.com\\\/site\\\/\",\"logo\":{\"@type\":\"ImageObject\",\"inLanguage\":\"es\",\"@id\":\"https:\\\/\\\/noticiasmercedinas.com\\\/site\\\/#\\\/schema\\\/logo\\\/image\\\/\",\"url\":\"https:\\\/\\\/noticiasmercedinas.com\\\/site\\\/wp-content\\\/uploads\\\/2020\\\/06\\\/LOGO-512.jpg\",\"contentUrl\":\"https:\\\/\\\/noticiasmercedinas.com\\\/site\\\/wp-content\\\/uploads\\\/2020\\\/06\\\/LOGO-512.jpg\",\"width\":512,\"height\":512,\"caption\":\"NOTICIASMERCEDINAS.COM\"},\"image\":{\"@id\":\"https:\\\/\\\/noticiasmercedinas.com\\\/site\\\/#\\\/schema\\\/logo\\\/image\\\/\"},\"sameAs\":[\"https:\\\/\\\/www.facebook.com\\\/noticiasmercedinas\\\/\",\"https:\\\/\\\/x.com\\\/notmercedinas\",\"https:\\\/\\\/www.instagram.com\\\/noticiasmercedinas\\\/\"]},{\"@type\":\"Person\",\"@id\":\"https:\\\/\\\/noticiasmercedinas.com\\\/site\\\/#\\\/schema\\\/person\\\/84b59c099c28ff2e8b77d4ceec5d8063\",\"name\":\"NOTICIASMERCEDINAS.COM\",\"image\":{\"@type\":\"ImageObject\",\"inLanguage\":\"es\",\"@id\":\"https:\\\/\\\/secure.gravatar.com\\\/avatar\\\/4dfbf16b4d17945bfb6341b2d19043457132fcf478a5ee04f42e959fd8f5df0a?s=96&d=mm&r=g\",\"url\":\"https:\\\/\\\/secure.gravatar.com\\\/avatar\\\/4dfbf16b4d17945bfb6341b2d19043457132fcf478a5ee04f42e959fd8f5df0a?s=96&d=mm&r=g\",\"contentUrl\":\"https:\\\/\\\/secure.gravatar.com\\\/avatar\\\/4dfbf16b4d17945bfb6341b2d19043457132fcf478a5ee04f42e959fd8f5df0a?s=96&d=mm&r=g\",\"caption\":\"NOTICIASMERCEDINAS.COM\"},\"url\":\"https:\\\/\\\/noticiasmercedinas.com\\\/site\\\/author\\\/anonimo\\\/\"}]}<\/script>\n<!-- \/ Yoast SEO plugin. -->","yoast_head_json":{"title":"Impulsan producci\u00f3n social de alimentos en Colonia Olivera","robots":{"index":"index","follow":"follow","max-snippet":"max-snippet:-1","max-image-preview":"max-image-preview:large","max-video-preview":"max-video-preview:-1"},"canonical":"https:\/\/noticiasmercedinas.com\/site\/2020\/01\/21\/impulsan-produccion-social-de-alimentos-en-colonia-olivera\/","og_locale":"es_ES","og_type":"article","og_title":"Impulsan producci\u00f3n social de alimentos en Colonia Olivera","og_description":"\u201cLa idea es apuntar a diferentes unidades productivas, enfocados en la soberan\u00eda alimentaria y el arraigo\u201d explic\u00f3 la concejal Aldana Chaves, referente del Movimiento Evita, consultada por NOTICIASMERCEDINAS.COM respecto del proyecto oficial para la Colonia Olivera, ubicada en el kil\u00f3metro 85.5 de la Ruta 5. \u201cDesde el Movimiento Evita, Frente Agrario Evita, CTEP de Mercedes [&hellip;]","og_url":"https:\/\/noticiasmercedinas.com\/site\/2020\/01\/21\/impulsan-produccion-social-de-alimentos-en-colonia-olivera\/","og_site_name":"NOTICIASMERCEDINAS.COM","article_publisher":"https:\/\/www.facebook.com\/noticiasmercedinas\/","article_published_time":"2020-01-22T00:06:35+00:00","article_modified_time":"2020-01-22T00:12:47+00:00","og_image":[{"width":640,"height":462,"url":"https:\/\/noticiasmercedinas.com\/site\/wp-content\/uploads\/2020\/01\/chaves_funcionarios.png","type":"image\/png"}],"author":"NOTICIASMERCEDINAS.COM","twitter_card":"summary_large_image","twitter_creator":"@notmercedinas","twitter_site":"@notmercedinas","twitter_misc":{"Escrito por":"NOTICIASMERCEDINAS.COM","Tiempo de lectura":"1 minuto"},"schema":{"@context":"https:\/\/schema.org","@graph":[{"@type":"Article","@id":"https:\/\/noticiasmercedinas.com\/site\/2020\/01\/21\/impulsan-produccion-social-de-alimentos-en-colonia-olivera\/#article","isPartOf":{"@id":"https:\/\/noticiasmercedinas.com\/site\/2020\/01\/21\/impulsan-produccion-social-de-alimentos-en-colonia-olivera\/"},"author":{"name":"NOTICIASMERCEDINAS.COM","@id":"https:\/\/noticiasmercedinas.com\/site\/#\/schema\/person\/84b59c099c28ff2e8b77d4ceec5d8063"},"headline":"Impulsan producci\u00f3n social de alimentos en Colonia Olivera","datePublished":"2020-01-22T00:06:35+00:00","dateModified":"2020-01-22T00:12:47+00:00","mainEntityOfPage":{"@id":"https:\/\/noticiasmercedinas.com\/site\/2020\/01\/21\/impulsan-produccion-social-de-alimentos-en-colonia-olivera\/"},"wordCount":238,"commentCount":1,"publisher":{"@id":"https:\/\/noticiasmercedinas.com\/site\/#organization"},"image":{"@id":"https:\/\/noticiasmercedinas.com\/site\/2020\/01\/21\/impulsan-produccion-social-de-alimentos-en-colonia-olivera\/#primaryimage"},"thumbnailUrl":"https:\/\/noticiasmercedinas.com\/site\/wp-content\/uploads\/2020\/01\/chaves_funcionarios.png","keywords":["Colonia Olivera","ctep","Daniel Arroyo","desarrollo social","Emilio P\u00e9rsico","movimiento evita","Soberan\u00eda Alimentaria"],"articleSection":["Sociedad"],"inLanguage":"es","potentialAction":[{"@type":"CommentAction","name":"Comment","target":["https:\/\/noticiasmercedinas.com\/site\/2020\/01\/21\/impulsan-produccion-social-de-alimentos-en-colonia-olivera\/#respond"]}]},{"@type":"WebPage","@id":"https:\/\/noticiasmercedinas.com\/site\/2020\/01\/21\/impulsan-produccion-social-de-alimentos-en-colonia-olivera\/","url":"https:\/\/noticiasmercedinas.com\/site\/2020\/01\/21\/impulsan-produccion-social-de-alimentos-en-colonia-olivera\/","name":"Impulsan producci\u00f3n social de alimentos en Colonia Olivera","isPartOf":{"@id":"https:\/\/noticiasmercedinas.com\/site\/#website"},"primaryImageOfPage":{"@id":"https:\/\/noticiasmercedinas.com\/site\/2020\/01\/21\/impulsan-produccion-social-de-alimentos-en-colonia-olivera\/#primaryimage"},"image":{"@id":"https:\/\/noticiasmercedinas.com\/site\/2020\/01\/21\/impulsan-produccion-social-de-alimentos-en-colonia-olivera\/#primaryimage"},"thumbnailUrl":"https:\/\/noticiasmercedinas.com\/site\/wp-content\/uploads\/2020\/01\/chaves_funcionarios.png","datePublished":"2020-01-22T00:06:35+00:00","dateModified":"2020-01-22T00:12:47+00:00","breadcrumb":{"@id":"https:\/\/noticiasmercedinas.com\/site\/2020\/01\/21\/impulsan-produccion-social-de-alimentos-en-colonia-olivera\/#breadcrumb"},"inLanguage":"es","potentialAction":[{"@type":"ReadAction","target":["https:\/\/noticiasmercedinas.com\/site\/2020\/01\/21\/impulsan-produccion-social-de-alimentos-en-colonia-olivera\/"]}]},{"@type":"ImageObject","inLanguage":"es","@id":"https:\/\/noticiasmercedinas.com\/site\/2020\/01\/21\/impulsan-produccion-social-de-alimentos-en-colonia-olivera\/#primaryimage","url":"https:\/\/noticiasmercedinas.com\/site\/wp-content\/uploads\/2020\/01\/chaves_funcionarios.png","contentUrl":"https:\/\/noticiasmercedinas.com\/site\/wp-content\/uploads\/2020\/01\/chaves_funcionarios.png","width":640,"height":462},{"@type":"BreadcrumbList","@id":"https:\/\/noticiasmercedinas.com\/site\/2020\/01\/21\/impulsan-produccion-social-de-alimentos-en-colonia-olivera\/#breadcrumb","itemListElement":[{"@type":"ListItem","position":1,"name":"Portada","item":"https:\/\/noticiasmercedinas.com\/site\/"},{"@type":"ListItem","position":2,"name":"Impulsan producci\u00f3n social de alimentos en Colonia Olivera"}]},{"@type":"WebSite","@id":"https:\/\/noticiasmercedinas.com\/site\/#website","url":"https:\/\/noticiasmercedinas.com\/site\/","name":"NOTICIASMERCEDINAS.COM","description":"Mercedes, Buenos Aires, Argentina","publisher":{"@id":"https:\/\/noticiasmercedinas.com\/site\/#organization"},"potentialAction":[{"@type":"SearchAction","target":{"@type":"EntryPoint","urlTemplate":"https:\/\/noticiasmercedinas.com\/site\/?s={search_term_string}"},"query-input":{"@type":"PropertyValueSpecification","valueRequired":true,"valueName":"search_term_string"}}],"inLanguage":"es"},{"@type":"Organization","@id":"https:\/\/noticiasmercedinas.com\/site\/#organization","name":"NOTICIASMERCEDINAS.COM","url":"https:\/\/noticiasmercedinas.com\/site\/","logo":{"@type":"ImageObject","inLanguage":"es","@id":"https:\/\/noticiasmercedinas.com\/site\/#\/schema\/logo\/image\/","url":"https:\/\/noticiasmercedinas.com\/site\/wp-content\/uploads\/2020\/06\/LOGO-512.jpg","contentUrl":"https:\/\/noticiasmercedinas.com\/site\/wp-content\/uploads\/2020\/06\/LOGO-512.jpg","width":512,"height":512,"caption":"NOTICIASMERCEDINAS.COM"},"image":{"@id":"https:\/\/noticiasmercedinas.com\/site\/#\/schema\/logo\/image\/"},"sameAs":["https:\/\/www.facebook.com\/noticiasmercedinas\/","https:\/\/x.com\/notmercedinas","https:\/\/www.instagram.com\/noticiasmercedinas\/"]},{"@type":"Person","@id":"https:\/\/noticiasmercedinas.com\/site\/#\/schema\/person\/84b59c099c28ff2e8b77d4ceec5d8063","name":"NOTICIASMERCEDINAS.COM","image":{"@type":"ImageObject","inLanguage":"es","@id":"https:\/\/secure.gravatar.com\/avatar\/4dfbf16b4d17945bfb6341b2d19043457132fcf478a5ee04f42e959fd8f5df0a?s=96&d=mm&r=g","url":"https:\/\/secure.gravatar.com\/avatar\/4dfbf16b4d17945bfb6341b2d19043457132fcf478a5ee04f42e959fd8f5df0a?s=96&d=mm&r=g","contentUrl":"https:\/\/secure.gravatar.com\/avatar\/4dfbf16b4d17945bfb6341b2d19043457132fcf478a5ee04f42e959fd8f5df0a?s=96&d=mm&r=g","caption":"NOTICIASMERCEDINAS.COM"},"url":"https:\/\/noticiasmercedinas.com\/site\/author\/anonimo\/"}]}},"amp_enabled":true,"_links":{"self":[{"href":"https:\/\/noticiasmercedinas.com\/site\/wp-json\/wp\/v2\/posts\/38162","targetHints":{"allow":["GET"]}}],"collection":[{"href":"https:\/\/noticiasmercedinas.com\/site\/wp-json\/wp\/v2\/posts"}],"about":[{"href":"https:\/\/noticiasmercedinas.com\/site\/wp-json\/wp\/v2\/types\/post"}],"author":[{"embeddable":true,"href":"https:\/\/noticiasmercedinas.com\/site\/wp-json\/wp\/v2\/users\/16"}],"replies":[{"embeddable":true,"href":"https:\/\/noticiasmercedinas.com\/site\/wp-json\/wp\/v2\/comments?post=38162"}],"version-history":[{"count":3,"href":"https:\/\/noticiasmercedinas.com\/site\/wp-json\/wp\/v2\/posts\/38162\/revisions"}],"predecessor-version":[{"id":38167,"href":"https:\/\/noticiasmercedinas.com\/site\/wp-json\/wp\/v2\/posts\/38162\/revisions\/38167"}],"wp:featuredmedia":[{"embeddable":true,"href":"https:\/\/noticiasmercedinas.com\/site\/wp-json\/wp\/v2\/media\/38163"}],"wp:attachment":[{"href":"https:\/\/noticiasmercedinas.com\/site\/wp-json\/wp\/v2\/media?parent=38162"}],"wp:term":[{"taxonomy":"category","embeddable":true,"href":"https:\/\/noticiasmercedinas.com\/site\/wp-json\/wp\/v2\/categories?post=38162"},{"taxonomy":"post_tag","embeddable":true,"href":"https:\/\/noticiasmercedinas.com\/site\/wp-json\/wp\/v2\/tags?post=38162"}],"curies":[{"name":"wp","href":"https:\/\/api.w.org\/{rel}","templated":true}]}}