{"id":38245,"date":"2020-01-23T10:14:55","date_gmt":"2020-01-23T13:14:55","guid":{"rendered":"https:\/\/noticiasmercedinas.com\/site\/?p=38245"},"modified":"2020-01-23T10:14:55","modified_gmt":"2020-01-23T13:14:55","slug":"entran-en-vigencia-mas-de-500-tarjetas-alimentar-en-buenos-aires","status":"publish","type":"post","link":"https:\/\/noticiasmercedinas.com\/site\/2020\/01\/23\/entran-en-vigencia-mas-de-500-tarjetas-alimentar-en-buenos-aires\/","title":{"rendered":"Entran en vigencia m\u00e1s de 500 Tarjetas Alimentar en Buenos Aires"},"content":{"rendered":"<p><img loading=\"lazy\" decoding=\"async\" class=\"alignnone size-full wp-image-38246\" src=\"https:\/\/noticiasmercedinas.com\/site\/wp-content\/uploads\/2020\/01\/grocery-store-2119702_640.jpg\" alt=\"\" width=\"640\" height=\"372\" srcset=\"https:\/\/noticiasmercedinas.com\/site\/wp-content\/uploads\/2020\/01\/grocery-store-2119702_640.jpg 640w, https:\/\/noticiasmercedinas.com\/site\/wp-content\/uploads\/2020\/01\/grocery-store-2119702_640-300x174.jpg 300w\" sizes=\"auto, (max-width: 640px) 100vw, 640px\" \/><\/p>\n<p>M\u00e1s de un mill\u00f3n de personas se beneficiar\u00e1n con las 560 mil tarjetas Alimentar, luego de que el ministro de Desarrollo Social, Daniel Arroyo, y el gobernador de la provincia de Buenos Aires, Axel Kicillof, firmaran un convenio para implementar el uso de las tarjetas en los municipios del conurbano. Estas se enmarcan en el Plan Nacional Integral Argentina Contra el Hambre.<\/p>\n<p>El ministro sostuvo que con esta iniciativa el presidente Alberto Fern\u00e1ndez busca eliminar el hambre que azota al pa\u00eds. Para Arroyo, se trata de un \u201cesquema de emergencia\u201d. Por tanto, anunci\u00f3 que en cuanto se erradique el hambre, se eliminar\u00e1n las tarjetas.<\/p>\n<p>Adem\u00e1s, alab\u00f3 los beneficios que trae consigo la<strong><span style=\"color: #000080;\"> <a style=\"color: #000080;\" href=\"https:\/\/hipercritico.com\/hipereconomico\/9646-la-seis-principales-caracteristicas-de-la-tarjeta-alimentar.html\">implementaci\u00f3n de las tarjetas<\/a><\/span><\/strong>. El ministro asegur\u00f3 que el uso de esta ficha beneficiar\u00e1 a los agricultores, pues habr\u00e1 mayor producci\u00f3n de alimentos y, por tanto, tendr\u00e1n mayores ingresos, lo cual traer\u00e1 buenos resultados a la econom\u00eda popular. En suma, indic\u00f3 que se trata de \u201cun gran plan de empleo\u201d.<\/p>\n<p>En tanto, el gobernador Axel Kicillof se\u00f1al\u00f3 que el programa ayudar\u00e1 a fomentar el sector comercial y productivo. Asimismo, enfatiz\u00f3 que tiene un aspecto educativo: la exhortaci\u00f3n a comer de forma saludable y la nutrici\u00f3n. Argentina tiene m\u00e1s del 60 % de poblaci\u00f3n con sobrepeso, por lo cual las pol\u00edticas para comer de forma sana y balanceada son de indiscutible necesidad.<\/p>\n<p>Las autoridades informaron que el cronograma de implementaci\u00f3n inici\u00f3 el 20 de enero en Avellaneda, Hurlingham, Almirante Brown, La Matanza, Mor\u00f3n, San Fernando y San Mart\u00edn. La distribuci\u00f3n continuar\u00e1 el 27 del mismo mes en Lomas de Zamora, Merlo, Malvinas Argentinas, San Miguel y Quilmes.<\/p>\n<p>El 3 de febrero ser\u00e1 el turno de Jos\u00e9 C. Paz, Lan\u00fas, Esteban Echeverr\u00eda, Florencio Varela, Ituzaing\u00f3, Moreno, Tres de Febrero y Tigre. Por \u00faltimo, finalizar\u00e1 el 10 de febrero en Ezeiza, Berazategui, Vicente L\u00f3pez y San Isidro. En cuatro semanas las tarjetas ser\u00e1n repartidas en 24 municipios del conurbano. El programa beneficiar\u00e1 al circuito econ\u00f3mico de Buenos Aires con 2.200 millones de pesos, lo cual inducir\u00e1 a la poblaci\u00f3n a comprar productos locales.<\/p>\n<p>Por otra parte, durante la entrega de las tarjetas se proporcionar\u00e1n capacitaciones en temas de salud y nutrici\u00f3n, puesto que uno de los principales objetivos del plan es que las familias tengan mayor acceso a alimentos y que sus hijos coman mejor.<\/p>\n<p>Seg\u00fan la especialista de <strong><span style=\"color: #000080;\"><a style=\"color: #000080;\" href=\"https:\/\/www.guiadesuplementos.es\">GUIADESUPLEMENTOS<\/a><\/span><\/strong>, Alejandra Flores, la mala alimentaci\u00f3n y ausencia de vitaminas y minerales est\u00e1 relacionada con la sensaci\u00f3n de cansancio y debilidad, hemorragias espont\u00e1neas y anemia. \u201cConsumir alimentos ricos en vitamina C favorece la protecci\u00f3n de la piel y reduce los riesgos de enfermedades cardiovasculares. En tanto, otras como la vitamina B favorecen la producci\u00f3n de hormonas\u201d, sostiene.<\/p>\n<p>En Argentina la pobreza creci\u00f3 8,1 % y alcanz\u00f3 los 35,4 % <strong><span style=\"color: #000080;\"><a style=\"color: #000080;\" href=\"https:\/\/www.telesurtv.net\/news\/fao-argentina-macri-aumento-inseguridad-alimentaria-grave-20191114-0032.html\">seg\u00fan cifras de la FAO<\/a><\/span><\/strong>, que tambi\u00e9n ha revelado un aumento en la indigencia. La situaci\u00f3n se contrapone a pa\u00edses como Espa\u00f1a, donde anualmente se desperdician 1.300 millones de kilos de alimentos.<\/p>\n","protected":false},"excerpt":{"rendered":"<p>M\u00e1s de un mill\u00f3n de personas se beneficiar\u00e1n con las 560 mil tarjetas Alimentar, luego de que el ministro de Desarrollo Social, Daniel Arroyo, y el gobernador de la provincia de Buenos Aires, Axel Kicillof, firmaran un convenio para implementar el uso de las tarjetas en los municipios del conurbano. Estas se enmarcan en el [&hellip;]<\/p>\n","protected":false},"author":16,"featured_media":38246,"comment_status":"open","ping_status":"open","sticky":false,"template":"","format":"standard","meta":{"footnotes":""},"categories":[7919],"tags":[1604,44,8085],"class_list":["post-38245","post","type-post","status-publish","format-standard","has-post-thumbnail","hentry","category-provinciales","tag-daniel-arroyo","tag-desarrollo-social","tag-tarjetas-alimentar"],"yoast_head":"<!-- This site is optimized with the Yoast SEO plugin v27.4 - https:\/\/yoast.com\/product\/yoast-seo-wordpress\/ -->\n<title>Entran en vigencia m\u00e1s de 500 Tarjetas Alimentar en Buenos Aires<\/title>\n<meta name=\"robots\" content=\"index, follow, max-snippet:-1, max-image-preview:large, max-video-preview:-1\" \/>\n<link rel=\"canonical\" href=\"https:\/\/noticiasmercedinas.com\/site\/2020\/01\/23\/entran-en-vigencia-mas-de-500-tarjetas-alimentar-en-buenos-aires\/\" \/>\n<meta property=\"og:locale\" content=\"es_ES\" \/>\n<meta property=\"og:type\" content=\"article\" \/>\n<meta property=\"og:title\" content=\"Entran en vigencia m\u00e1s de 500 Tarjetas Alimentar en Buenos Aires\" \/>\n<meta property=\"og:description\" content=\"M\u00e1s de un mill\u00f3n de personas se beneficiar\u00e1n con las 560 mil tarjetas Alimentar, luego de que el ministro de Desarrollo Social, Daniel Arroyo, y el gobernador de la provincia de Buenos Aires, Axel Kicillof, firmaran un convenio para implementar el uso de las tarjetas en los municipios del conurbano. Estas se enmarcan en el [&hellip;]\" \/>\n<meta property=\"og:url\" content=\"https:\/\/noticiasmercedinas.com\/site\/2020\/01\/23\/entran-en-vigencia-mas-de-500-tarjetas-alimentar-en-buenos-aires\/\" \/>\n<meta property=\"og:site_name\" content=\"NOTICIASMERCEDINAS.COM\" \/>\n<meta property=\"article:publisher\" content=\"https:\/\/www.facebook.com\/noticiasmercedinas\/\" \/>\n<meta property=\"article:published_time\" content=\"2020-01-23T13:14:55+00:00\" \/>\n<meta property=\"og:image\" content=\"https:\/\/noticiasmercedinas.com\/site\/wp-content\/uploads\/2020\/01\/grocery-store-2119702_640.jpg\" \/>\n\t<meta property=\"og:image:width\" content=\"640\" \/>\n\t<meta property=\"og:image:height\" content=\"372\" \/>\n\t<meta property=\"og:image:type\" content=\"image\/jpeg\" \/>\n<meta name=\"author\" content=\"NOTICIASMERCEDINAS.COM\" \/>\n<meta name=\"twitter:card\" content=\"summary_large_image\" \/>\n<meta name=\"twitter:creator\" content=\"@notmercedinas\" \/>\n<meta name=\"twitter:site\" content=\"@notmercedinas\" \/>\n<meta name=\"twitter:label1\" content=\"Escrito por\" \/>\n\t<meta name=\"twitter:data1\" content=\"NOTICIASMERCEDINAS.COM\" \/>\n\t<meta name=\"twitter:label2\" content=\"Tiempo de lectura\" \/>\n\t<meta name=\"twitter:data2\" content=\"3 minutos\" \/>\n<script type=\"application\/ld+json\" class=\"yoast-schema-graph\">{\"@context\":\"https:\\\/\\\/schema.org\",\"@graph\":[{\"@type\":\"Article\",\"@id\":\"https:\\\/\\\/noticiasmercedinas.com\\\/site\\\/2020\\\/01\\\/23\\\/entran-en-vigencia-mas-de-500-tarjetas-alimentar-en-buenos-aires\\\/#article\",\"isPartOf\":{\"@id\":\"https:\\\/\\\/noticiasmercedinas.com\\\/site\\\/2020\\\/01\\\/23\\\/entran-en-vigencia-mas-de-500-tarjetas-alimentar-en-buenos-aires\\\/\"},\"author\":{\"name\":\"NOTICIASMERCEDINAS.COM\",\"@id\":\"https:\\\/\\\/noticiasmercedinas.com\\\/site\\\/#\\\/schema\\\/person\\\/84b59c099c28ff2e8b77d4ceec5d8063\"},\"headline\":\"Entran en vigencia m\u00e1s de 500 Tarjetas Alimentar en Buenos Aires\",\"datePublished\":\"2020-01-23T13:14:55+00:00\",\"mainEntityOfPage\":{\"@id\":\"https:\\\/\\\/noticiasmercedinas.com\\\/site\\\/2020\\\/01\\\/23\\\/entran-en-vigencia-mas-de-500-tarjetas-alimentar-en-buenos-aires\\\/\"},\"wordCount\":526,\"commentCount\":0,\"publisher\":{\"@id\":\"https:\\\/\\\/noticiasmercedinas.com\\\/site\\\/#organization\"},\"image\":{\"@id\":\"https:\\\/\\\/noticiasmercedinas.com\\\/site\\\/2020\\\/01\\\/23\\\/entran-en-vigencia-mas-de-500-tarjetas-alimentar-en-buenos-aires\\\/#primaryimage\"},\"thumbnailUrl\":\"https:\\\/\\\/noticiasmercedinas.com\\\/site\\\/wp-content\\\/uploads\\\/2020\\\/01\\\/grocery-store-2119702_640.jpg\",\"keywords\":[\"Daniel Arroyo\",\"desarrollo social\",\"tarjetas Alimentar\"],\"articleSection\":[\"Provinciales\"],\"inLanguage\":\"es\",\"potentialAction\":[{\"@type\":\"CommentAction\",\"name\":\"Comment\",\"target\":[\"https:\\\/\\\/noticiasmercedinas.com\\\/site\\\/2020\\\/01\\\/23\\\/entran-en-vigencia-mas-de-500-tarjetas-alimentar-en-buenos-aires\\\/#respond\"]}]},{\"@type\":\"WebPage\",\"@id\":\"https:\\\/\\\/noticiasmercedinas.com\\\/site\\\/2020\\\/01\\\/23\\\/entran-en-vigencia-mas-de-500-tarjetas-alimentar-en-buenos-aires\\\/\",\"url\":\"https:\\\/\\\/noticiasmercedinas.com\\\/site\\\/2020\\\/01\\\/23\\\/entran-en-vigencia-mas-de-500-tarjetas-alimentar-en-buenos-aires\\\/\",\"name\":\"Entran en vigencia m\u00e1s de 500 Tarjetas Alimentar en Buenos Aires\",\"isPartOf\":{\"@id\":\"https:\\\/\\\/noticiasmercedinas.com\\\/site\\\/#website\"},\"primaryImageOfPage\":{\"@id\":\"https:\\\/\\\/noticiasmercedinas.com\\\/site\\\/2020\\\/01\\\/23\\\/entran-en-vigencia-mas-de-500-tarjetas-alimentar-en-buenos-aires\\\/#primaryimage\"},\"image\":{\"@id\":\"https:\\\/\\\/noticiasmercedinas.com\\\/site\\\/2020\\\/01\\\/23\\\/entran-en-vigencia-mas-de-500-tarjetas-alimentar-en-buenos-aires\\\/#primaryimage\"},\"thumbnailUrl\":\"https:\\\/\\\/noticiasmercedinas.com\\\/site\\\/wp-content\\\/uploads\\\/2020\\\/01\\\/grocery-store-2119702_640.jpg\",\"datePublished\":\"2020-01-23T13:14:55+00:00\",\"breadcrumb\":{\"@id\":\"https:\\\/\\\/noticiasmercedinas.com\\\/site\\\/2020\\\/01\\\/23\\\/entran-en-vigencia-mas-de-500-tarjetas-alimentar-en-buenos-aires\\\/#breadcrumb\"},\"inLanguage\":\"es\",\"potentialAction\":[{\"@type\":\"ReadAction\",\"target\":[\"https:\\\/\\\/noticiasmercedinas.com\\\/site\\\/2020\\\/01\\\/23\\\/entran-en-vigencia-mas-de-500-tarjetas-alimentar-en-buenos-aires\\\/\"]}]},{\"@type\":\"ImageObject\",\"inLanguage\":\"es\",\"@id\":\"https:\\\/\\\/noticiasmercedinas.com\\\/site\\\/2020\\\/01\\\/23\\\/entran-en-vigencia-mas-de-500-tarjetas-alimentar-en-buenos-aires\\\/#primaryimage\",\"url\":\"https:\\\/\\\/noticiasmercedinas.com\\\/site\\\/wp-content\\\/uploads\\\/2020\\\/01\\\/grocery-store-2119702_640.jpg\",\"contentUrl\":\"https:\\\/\\\/noticiasmercedinas.com\\\/site\\\/wp-content\\\/uploads\\\/2020\\\/01\\\/grocery-store-2119702_640.jpg\",\"width\":640,\"height\":372},{\"@type\":\"BreadcrumbList\",\"@id\":\"https:\\\/\\\/noticiasmercedinas.com\\\/site\\\/2020\\\/01\\\/23\\\/entran-en-vigencia-mas-de-500-tarjetas-alimentar-en-buenos-aires\\\/#breadcrumb\",\"itemListElement\":[{\"@type\":\"ListItem\",\"position\":1,\"name\":\"Portada\",\"item\":\"https:\\\/\\\/noticiasmercedinas.com\\\/site\\\/\"},{\"@type\":\"ListItem\",\"position\":2,\"name\":\"Entran en vigencia m\u00e1s de 500 Tarjetas Alimentar en Buenos Aires\"}]},{\"@type\":\"WebSite\",\"@id\":\"https:\\\/\\\/noticiasmercedinas.com\\\/site\\\/#website\",\"url\":\"https:\\\/\\\/noticiasmercedinas.com\\\/site\\\/\",\"name\":\"NOTICIASMERCEDINAS.COM\",\"description\":\"Mercedes, Buenos Aires, Argentina\",\"publisher\":{\"@id\":\"https:\\\/\\\/noticiasmercedinas.com\\\/site\\\/#organization\"},\"potentialAction\":[{\"@type\":\"SearchAction\",\"target\":{\"@type\":\"EntryPoint\",\"urlTemplate\":\"https:\\\/\\\/noticiasmercedinas.com\\\/site\\\/?s={search_term_string}\"},\"query-input\":{\"@type\":\"PropertyValueSpecification\",\"valueRequired\":true,\"valueName\":\"search_term_string\"}}],\"inLanguage\":\"es\"},{\"@type\":\"Organization\",\"@id\":\"https:\\\/\\\/noticiasmercedinas.com\\\/site\\\/#organization\",\"name\":\"NOTICIASMERCEDINAS.COM\",\"url\":\"https:\\\/\\\/noticiasmercedinas.com\\\/site\\\/\",\"logo\":{\"@type\":\"ImageObject\",\"inLanguage\":\"es\",\"@id\":\"https:\\\/\\\/noticiasmercedinas.com\\\/site\\\/#\\\/schema\\\/logo\\\/image\\\/\",\"url\":\"https:\\\/\\\/noticiasmercedinas.com\\\/site\\\/wp-content\\\/uploads\\\/2020\\\/06\\\/LOGO-512.jpg\",\"contentUrl\":\"https:\\\/\\\/noticiasmercedinas.com\\\/site\\\/wp-content\\\/uploads\\\/2020\\\/06\\\/LOGO-512.jpg\",\"width\":512,\"height\":512,\"caption\":\"NOTICIASMERCEDINAS.COM\"},\"image\":{\"@id\":\"https:\\\/\\\/noticiasmercedinas.com\\\/site\\\/#\\\/schema\\\/logo\\\/image\\\/\"},\"sameAs\":[\"https:\\\/\\\/www.facebook.com\\\/noticiasmercedinas\\\/\",\"https:\\\/\\\/x.com\\\/notmercedinas\",\"https:\\\/\\\/www.instagram.com\\\/noticiasmercedinas\\\/\"]},{\"@type\":\"Person\",\"@id\":\"https:\\\/\\\/noticiasmercedinas.com\\\/site\\\/#\\\/schema\\\/person\\\/84b59c099c28ff2e8b77d4ceec5d8063\",\"name\":\"NOTICIASMERCEDINAS.COM\",\"image\":{\"@type\":\"ImageObject\",\"inLanguage\":\"es\",\"@id\":\"https:\\\/\\\/secure.gravatar.com\\\/avatar\\\/4dfbf16b4d17945bfb6341b2d19043457132fcf478a5ee04f42e959fd8f5df0a?s=96&d=mm&r=g\",\"url\":\"https:\\\/\\\/secure.gravatar.com\\\/avatar\\\/4dfbf16b4d17945bfb6341b2d19043457132fcf478a5ee04f42e959fd8f5df0a?s=96&d=mm&r=g\",\"contentUrl\":\"https:\\\/\\\/secure.gravatar.com\\\/avatar\\\/4dfbf16b4d17945bfb6341b2d19043457132fcf478a5ee04f42e959fd8f5df0a?s=96&d=mm&r=g\",\"caption\":\"NOTICIASMERCEDINAS.COM\"},\"url\":\"https:\\\/\\\/noticiasmercedinas.com\\\/site\\\/author\\\/anonimo\\\/\"}]}<\/script>\n<!-- \/ Yoast SEO plugin. -->","yoast_head_json":{"title":"Entran en vigencia m\u00e1s de 500 Tarjetas Alimentar en Buenos Aires","robots":{"index":"index","follow":"follow","max-snippet":"max-snippet:-1","max-image-preview":"max-image-preview:large","max-video-preview":"max-video-preview:-1"},"canonical":"https:\/\/noticiasmercedinas.com\/site\/2020\/01\/23\/entran-en-vigencia-mas-de-500-tarjetas-alimentar-en-buenos-aires\/","og_locale":"es_ES","og_type":"article","og_title":"Entran en vigencia m\u00e1s de 500 Tarjetas Alimentar en Buenos Aires","og_description":"M\u00e1s de un mill\u00f3n de personas se beneficiar\u00e1n con las 560 mil tarjetas Alimentar, luego de que el ministro de Desarrollo Social, Daniel Arroyo, y el gobernador de la provincia de Buenos Aires, Axel Kicillof, firmaran un convenio para implementar el uso de las tarjetas en los municipios del conurbano. Estas se enmarcan en el [&hellip;]","og_url":"https:\/\/noticiasmercedinas.com\/site\/2020\/01\/23\/entran-en-vigencia-mas-de-500-tarjetas-alimentar-en-buenos-aires\/","og_site_name":"NOTICIASMERCEDINAS.COM","article_publisher":"https:\/\/www.facebook.com\/noticiasmercedinas\/","article_published_time":"2020-01-23T13:14:55+00:00","og_image":[{"width":640,"height":372,"url":"https:\/\/noticiasmercedinas.com\/site\/wp-content\/uploads\/2020\/01\/grocery-store-2119702_640.jpg","type":"image\/jpeg"}],"author":"NOTICIASMERCEDINAS.COM","twitter_card":"summary_large_image","twitter_creator":"@notmercedinas","twitter_site":"@notmercedinas","twitter_misc":{"Escrito por":"NOTICIASMERCEDINAS.COM","Tiempo de lectura":"3 minutos"},"schema":{"@context":"https:\/\/schema.org","@graph":[{"@type":"Article","@id":"https:\/\/noticiasmercedinas.com\/site\/2020\/01\/23\/entran-en-vigencia-mas-de-500-tarjetas-alimentar-en-buenos-aires\/#article","isPartOf":{"@id":"https:\/\/noticiasmercedinas.com\/site\/2020\/01\/23\/entran-en-vigencia-mas-de-500-tarjetas-alimentar-en-buenos-aires\/"},"author":{"name":"NOTICIASMERCEDINAS.COM","@id":"https:\/\/noticiasmercedinas.com\/site\/#\/schema\/person\/84b59c099c28ff2e8b77d4ceec5d8063"},"headline":"Entran en vigencia m\u00e1s de 500 Tarjetas Alimentar en Buenos Aires","datePublished":"2020-01-23T13:14:55+00:00","mainEntityOfPage":{"@id":"https:\/\/noticiasmercedinas.com\/site\/2020\/01\/23\/entran-en-vigencia-mas-de-500-tarjetas-alimentar-en-buenos-aires\/"},"wordCount":526,"commentCount":0,"publisher":{"@id":"https:\/\/noticiasmercedinas.com\/site\/#organization"},"image":{"@id":"https:\/\/noticiasmercedinas.com\/site\/2020\/01\/23\/entran-en-vigencia-mas-de-500-tarjetas-alimentar-en-buenos-aires\/#primaryimage"},"thumbnailUrl":"https:\/\/noticiasmercedinas.com\/site\/wp-content\/uploads\/2020\/01\/grocery-store-2119702_640.jpg","keywords":["Daniel Arroyo","desarrollo social","tarjetas Alimentar"],"articleSection":["Provinciales"],"inLanguage":"es","potentialAction":[{"@type":"CommentAction","name":"Comment","target":["https:\/\/noticiasmercedinas.com\/site\/2020\/01\/23\/entran-en-vigencia-mas-de-500-tarjetas-alimentar-en-buenos-aires\/#respond"]}]},{"@type":"WebPage","@id":"https:\/\/noticiasmercedinas.com\/site\/2020\/01\/23\/entran-en-vigencia-mas-de-500-tarjetas-alimentar-en-buenos-aires\/","url":"https:\/\/noticiasmercedinas.com\/site\/2020\/01\/23\/entran-en-vigencia-mas-de-500-tarjetas-alimentar-en-buenos-aires\/","name":"Entran en vigencia m\u00e1s de 500 Tarjetas Alimentar en Buenos Aires","isPartOf":{"@id":"https:\/\/noticiasmercedinas.com\/site\/#website"},"primaryImageOfPage":{"@id":"https:\/\/noticiasmercedinas.com\/site\/2020\/01\/23\/entran-en-vigencia-mas-de-500-tarjetas-alimentar-en-buenos-aires\/#primaryimage"},"image":{"@id":"https:\/\/noticiasmercedinas.com\/site\/2020\/01\/23\/entran-en-vigencia-mas-de-500-tarjetas-alimentar-en-buenos-aires\/#primaryimage"},"thumbnailUrl":"https:\/\/noticiasmercedinas.com\/site\/wp-content\/uploads\/2020\/01\/grocery-store-2119702_640.jpg","datePublished":"2020-01-23T13:14:55+00:00","breadcrumb":{"@id":"https:\/\/noticiasmercedinas.com\/site\/2020\/01\/23\/entran-en-vigencia-mas-de-500-tarjetas-alimentar-en-buenos-aires\/#breadcrumb"},"inLanguage":"es","potentialAction":[{"@type":"ReadAction","target":["https:\/\/noticiasmercedinas.com\/site\/2020\/01\/23\/entran-en-vigencia-mas-de-500-tarjetas-alimentar-en-buenos-aires\/"]}]},{"@type":"ImageObject","inLanguage":"es","@id":"https:\/\/noticiasmercedinas.com\/site\/2020\/01\/23\/entran-en-vigencia-mas-de-500-tarjetas-alimentar-en-buenos-aires\/#primaryimage","url":"https:\/\/noticiasmercedinas.com\/site\/wp-content\/uploads\/2020\/01\/grocery-store-2119702_640.jpg","contentUrl":"https:\/\/noticiasmercedinas.com\/site\/wp-content\/uploads\/2020\/01\/grocery-store-2119702_640.jpg","width":640,"height":372},{"@type":"BreadcrumbList","@id":"https:\/\/noticiasmercedinas.com\/site\/2020\/01\/23\/entran-en-vigencia-mas-de-500-tarjetas-alimentar-en-buenos-aires\/#breadcrumb","itemListElement":[{"@type":"ListItem","position":1,"name":"Portada","item":"https:\/\/noticiasmercedinas.com\/site\/"},{"@type":"ListItem","position":2,"name":"Entran en vigencia m\u00e1s de 500 Tarjetas Alimentar en Buenos Aires"}]},{"@type":"WebSite","@id":"https:\/\/noticiasmercedinas.com\/site\/#website","url":"https:\/\/noticiasmercedinas.com\/site\/","name":"NOTICIASMERCEDINAS.COM","description":"Mercedes, Buenos Aires, Argentina","publisher":{"@id":"https:\/\/noticiasmercedinas.com\/site\/#organization"},"potentialAction":[{"@type":"SearchAction","target":{"@type":"EntryPoint","urlTemplate":"https:\/\/noticiasmercedinas.com\/site\/?s={search_term_string}"},"query-input":{"@type":"PropertyValueSpecification","valueRequired":true,"valueName":"search_term_string"}}],"inLanguage":"es"},{"@type":"Organization","@id":"https:\/\/noticiasmercedinas.com\/site\/#organization","name":"NOTICIASMERCEDINAS.COM","url":"https:\/\/noticiasmercedinas.com\/site\/","logo":{"@type":"ImageObject","inLanguage":"es","@id":"https:\/\/noticiasmercedinas.com\/site\/#\/schema\/logo\/image\/","url":"https:\/\/noticiasmercedinas.com\/site\/wp-content\/uploads\/2020\/06\/LOGO-512.jpg","contentUrl":"https:\/\/noticiasmercedinas.com\/site\/wp-content\/uploads\/2020\/06\/LOGO-512.jpg","width":512,"height":512,"caption":"NOTICIASMERCEDINAS.COM"},"image":{"@id":"https:\/\/noticiasmercedinas.com\/site\/#\/schema\/logo\/image\/"},"sameAs":["https:\/\/www.facebook.com\/noticiasmercedinas\/","https:\/\/x.com\/notmercedinas","https:\/\/www.instagram.com\/noticiasmercedinas\/"]},{"@type":"Person","@id":"https:\/\/noticiasmercedinas.com\/site\/#\/schema\/person\/84b59c099c28ff2e8b77d4ceec5d8063","name":"NOTICIASMERCEDINAS.COM","image":{"@type":"ImageObject","inLanguage":"es","@id":"https:\/\/secure.gravatar.com\/avatar\/4dfbf16b4d17945bfb6341b2d19043457132fcf478a5ee04f42e959fd8f5df0a?s=96&d=mm&r=g","url":"https:\/\/secure.gravatar.com\/avatar\/4dfbf16b4d17945bfb6341b2d19043457132fcf478a5ee04f42e959fd8f5df0a?s=96&d=mm&r=g","contentUrl":"https:\/\/secure.gravatar.com\/avatar\/4dfbf16b4d17945bfb6341b2d19043457132fcf478a5ee04f42e959fd8f5df0a?s=96&d=mm&r=g","caption":"NOTICIASMERCEDINAS.COM"},"url":"https:\/\/noticiasmercedinas.com\/site\/author\/anonimo\/"}]}},"amp_enabled":true,"_links":{"self":[{"href":"https:\/\/noticiasmercedinas.com\/site\/wp-json\/wp\/v2\/posts\/38245","targetHints":{"allow":["GET"]}}],"collection":[{"href":"https:\/\/noticiasmercedinas.com\/site\/wp-json\/wp\/v2\/posts"}],"about":[{"href":"https:\/\/noticiasmercedinas.com\/site\/wp-json\/wp\/v2\/types\/post"}],"author":[{"embeddable":true,"href":"https:\/\/noticiasmercedinas.com\/site\/wp-json\/wp\/v2\/users\/16"}],"replies":[{"embeddable":true,"href":"https:\/\/noticiasmercedinas.com\/site\/wp-json\/wp\/v2\/comments?post=38245"}],"version-history":[{"count":1,"href":"https:\/\/noticiasmercedinas.com\/site\/wp-json\/wp\/v2\/posts\/38245\/revisions"}],"predecessor-version":[{"id":38247,"href":"https:\/\/noticiasmercedinas.com\/site\/wp-json\/wp\/v2\/posts\/38245\/revisions\/38247"}],"wp:featuredmedia":[{"embeddable":true,"href":"https:\/\/noticiasmercedinas.com\/site\/wp-json\/wp\/v2\/media\/38246"}],"wp:attachment":[{"href":"https:\/\/noticiasmercedinas.com\/site\/wp-json\/wp\/v2\/media?parent=38245"}],"wp:term":[{"taxonomy":"category","embeddable":true,"href":"https:\/\/noticiasmercedinas.com\/site\/wp-json\/wp\/v2\/categories?post=38245"},{"taxonomy":"post_tag","embeddable":true,"href":"https:\/\/noticiasmercedinas.com\/site\/wp-json\/wp\/v2\/tags?post=38245"}],"curies":[{"name":"wp","href":"https:\/\/api.w.org\/{rel}","templated":true}]}}