{"id":38353,"date":"2020-01-24T14:09:54","date_gmt":"2020-01-24T17:09:54","guid":{"rendered":"https:\/\/noticiasmercedinas.com\/site\/?p=38353"},"modified":"2025-04-08T20:36:30","modified_gmt":"2025-04-08T23:36:30","slug":"se-logro-un-reemplazo-total-de-rodilla-en-el-hospital-municipal-de-suipacha","status":"publish","type":"post","link":"https:\/\/noticiasmercedinas.com\/site\/2020\/01\/24\/se-logro-un-reemplazo-total-de-rodilla-en-el-hospital-municipal-de-suipacha\/","title":{"rendered":"Se logr\u00f3 un reemplazo total de rodilla en el Hospital Municipal de Suipacha"},"content":{"rendered":"<p><img loading=\"lazy\" decoding=\"async\" class=\"alignnone size-full wp-image-38354\" src=\"https:\/\/noticiasmercedinas.com\/site\/wp-content\/uploads\/2020\/01\/82966668_2824749930922311_5528316929422393344_o.jpg\" alt=\"\" width=\"788\" height=\"581\" srcset=\"https:\/\/noticiasmercedinas.com\/site\/wp-content\/uploads\/2020\/01\/82966668_2824749930922311_5528316929422393344_o.jpg 788w, https:\/\/noticiasmercedinas.com\/site\/wp-content\/uploads\/2020\/01\/82966668_2824749930922311_5528316929422393344_o-300x221.jpg 300w, https:\/\/noticiasmercedinas.com\/site\/wp-content\/uploads\/2020\/01\/82966668_2824749930922311_5528316929422393344_o-768x566.jpg 768w, https:\/\/noticiasmercedinas.com\/site\/wp-content\/uploads\/2020\/01\/82966668_2824749930922311_5528316929422393344_o-80x60.jpg 80w, https:\/\/noticiasmercedinas.com\/site\/wp-content\/uploads\/2020\/01\/82966668_2824749930922311_5528316929422393344_o-100x75.jpg 100w, https:\/\/noticiasmercedinas.com\/site\/wp-content\/uploads\/2020\/01\/82966668_2824749930922311_5528316929422393344_o-640x472.jpg 640w, https:\/\/noticiasmercedinas.com\/site\/wp-content\/uploads\/2020\/01\/82966668_2824749930922311_5528316929422393344_o-681x502.jpg 681w\" sizes=\"auto, (max-width: 788px) 100vw, 788px\" \/><\/p>\n<p>Desde <strong>ArtroSports<\/strong>, ubicado en calles 31 y 32 de Mercedes, como centro de traumatolog\u00eda, artroscop\u00eda y medicina deportiva, destacaron que se logr\u00f3 un reemplazo total de rodilla en el Hospital Municipal de la vecina ciudad de Suipacha .<\/p>\n<p>Se trata de un caso de reemplazo total de rodilla, de los cuales hacen varios por mes, aunque este fue el primer reemplazo total de rodilla en el hospital de Suipacha \u201cEsteban Iribarne\u201d HOMEI, Cirug\u00eda de Alta Complejidad. Tambi\u00e9n hay <a href=\"https:\/\/rehabilitacion.holfer.com\/\" target=\"_blank\" rel=\"noopener\">rehabilitacion fisica cdmx<\/a> entre otros trabajos.<\/p>\n<p>\u201cQueremos a agradecer a todos los que hicieron posible tan importante hecho, personal administrativo, enfermeras de sala y quir\u00f3fano, rayos, personal m\u00e9dico y directivo, y autoridades del municipio, que hicieron posible que Suipacha tenga una medicina de alta complejidad para toda su gente\u201d, indicaron.<\/p>\n<p><strong>Datos t<\/strong><strong>\u00e9<\/strong><strong>cnicos<\/strong><\/p>\n<p>CIRUG\u00cdA: Reemplazo total de rodilla izquierda<\/p>\n<p>CIRUJANO: Dr. Sebastian Martin Giusio<br \/>\nAYUDANTE: Dr. Sergio Capra<br \/>\nANESTESIOLOGO: Dr. Honorio Rossetti<br \/>\nINSTRUMENTADORA: Gime Massa<br \/>\nCIRCULANTE: Paola y Maria Elba<br \/>\nPROTESIS G\u00c9NESIS &#8211; SMITH &amp; NEPHEW<\/p>\n","protected":false},"excerpt":{"rendered":"<p>Desde ArtroSports, ubicado en calles 31 y 32 de Mercedes, como centro de traumatolog\u00eda, artroscop\u00eda y medicina deportiva, destacaron que se logr\u00f3 un reemplazo total de rodilla en el Hospital Municipal de la vecina ciudad de Suipacha . Se trata de un caso de reemplazo total de rodilla, de los cuales hacen varios por mes, [&hellip;]<\/p>\n","protected":false},"author":2,"featured_media":38354,"comment_status":"open","ping_status":"open","sticky":false,"template":"","format":"standard","meta":{"footnotes":""},"categories":[139],"tags":[8120,8111,8115,8114,224,8118,8121,8116,8117,8112,8113,1095,8119],"class_list":["post-38353","post","type-post","status-publish","format-standard","has-post-thumbnail","hentry","category-regionales","tag-artroscopia","tag-artrosports","tag-gime-massa","tag-honorio-rossetti","tag-hospital","tag-hospital-esteban-iribarne","tag-medicina-deportiva","tag-quirofano","tag-rayos","tag-sebastian-martin-giusio","tag-sergio-capra","tag-suipacha","tag-traumatologia"],"yoast_head":"<!-- This site is optimized with the Yoast SEO plugin v27.5 - https:\/\/yoast.com\/product\/yoast-seo-wordpress\/ -->\n<title>Se logr\u00f3 un reemplazo total de rodilla en el Hospital Municipal de Suipacha<\/title>\n<meta name=\"robots\" content=\"index, follow, max-snippet:-1, max-image-preview:large, max-video-preview:-1\" \/>\n<link rel=\"canonical\" href=\"https:\/\/noticiasmercedinas.com\/site\/2020\/01\/24\/se-logro-un-reemplazo-total-de-rodilla-en-el-hospital-municipal-de-suipacha\/\" \/>\n<meta property=\"og:locale\" content=\"es_ES\" \/>\n<meta property=\"og:type\" content=\"article\" \/>\n<meta property=\"og:title\" content=\"Se logr\u00f3 un reemplazo total de rodilla en el Hospital Municipal de Suipacha\" \/>\n<meta property=\"og:description\" content=\"Desde ArtroSports, ubicado en calles 31 y 32 de Mercedes, como centro de traumatolog\u00eda, artroscop\u00eda y medicina deportiva, destacaron que se logr\u00f3 un reemplazo total de rodilla en el Hospital Municipal de la vecina ciudad de Suipacha . Se trata de un caso de reemplazo total de rodilla, de los cuales hacen varios por mes, [&hellip;]\" \/>\n<meta property=\"og:url\" content=\"https:\/\/noticiasmercedinas.com\/site\/2020\/01\/24\/se-logro-un-reemplazo-total-de-rodilla-en-el-hospital-municipal-de-suipacha\/\" \/>\n<meta property=\"og:site_name\" content=\"NOTICIASMERCEDINAS.COM\" \/>\n<meta property=\"article:publisher\" content=\"https:\/\/www.facebook.com\/noticiasmercedinas\/\" \/>\n<meta property=\"article:author\" content=\"https:\/\/www.facebook.com\/cristian.falabella\" \/>\n<meta property=\"article:published_time\" content=\"2020-01-24T17:09:54+00:00\" \/>\n<meta property=\"article:modified_time\" content=\"2025-04-08T23:36:30+00:00\" \/>\n<meta property=\"og:image\" content=\"https:\/\/noticiasmercedinas.com\/site\/wp-content\/uploads\/2020\/01\/82966668_2824749930922311_5528316929422393344_o.jpg\" \/>\n\t<meta property=\"og:image:width\" content=\"788\" \/>\n\t<meta property=\"og:image:height\" content=\"581\" \/>\n\t<meta property=\"og:image:type\" content=\"image\/jpeg\" \/>\n<meta name=\"author\" content=\"Cristian Falabella NOTICIASMERCEDINAS.COM\" \/>\n<meta name=\"twitter:card\" content=\"summary_large_image\" \/>\n<meta name=\"twitter:creator\" content=\"@https:\/\/twitter.com\/NOTMERCEDINAS\" \/>\n<meta name=\"twitter:site\" content=\"@notmercedinas\" \/>\n<meta name=\"twitter:label1\" content=\"Escrito por\" \/>\n\t<meta name=\"twitter:data1\" content=\"Cristian Falabella NOTICIASMERCEDINAS.COM\" \/>\n\t<meta name=\"twitter:label2\" content=\"Tiempo de lectura\" \/>\n\t<meta name=\"twitter:data2\" content=\"2 minutos\" \/>\n<script type=\"application\/ld+json\" class=\"yoast-schema-graph\">{\"@context\":\"https:\\\/\\\/schema.org\",\"@graph\":[{\"@type\":\"Article\",\"@id\":\"https:\\\/\\\/noticiasmercedinas.com\\\/site\\\/2020\\\/01\\\/24\\\/se-logro-un-reemplazo-total-de-rodilla-en-el-hospital-municipal-de-suipacha\\\/#article\",\"isPartOf\":{\"@id\":\"https:\\\/\\\/noticiasmercedinas.com\\\/site\\\/2020\\\/01\\\/24\\\/se-logro-un-reemplazo-total-de-rodilla-en-el-hospital-municipal-de-suipacha\\\/\"},\"author\":{\"name\":\"Cristian Falabella NOTICIASMERCEDINAS.COM\",\"@id\":\"https:\\\/\\\/noticiasmercedinas.com\\\/site\\\/#\\\/schema\\\/person\\\/d481a9696a5feaec13a60e2bbd991a6a\"},\"headline\":\"Se logr\u00f3 un reemplazo total de rodilla en el Hospital Municipal de Suipacha\",\"datePublished\":\"2020-01-24T17:09:54+00:00\",\"dateModified\":\"2025-04-08T23:36:30+00:00\",\"mainEntityOfPage\":{\"@id\":\"https:\\\/\\\/noticiasmercedinas.com\\\/site\\\/2020\\\/01\\\/24\\\/se-logro-un-reemplazo-total-de-rodilla-en-el-hospital-municipal-de-suipacha\\\/\"},\"wordCount\":182,\"commentCount\":0,\"publisher\":{\"@id\":\"https:\\\/\\\/noticiasmercedinas.com\\\/site\\\/#organization\"},\"image\":{\"@id\":\"https:\\\/\\\/noticiasmercedinas.com\\\/site\\\/2020\\\/01\\\/24\\\/se-logro-un-reemplazo-total-de-rodilla-en-el-hospital-municipal-de-suipacha\\\/#primaryimage\"},\"thumbnailUrl\":\"https:\\\/\\\/noticiasmercedinas.com\\\/site\\\/wp-content\\\/uploads\\\/2020\\\/01\\\/82966668_2824749930922311_5528316929422393344_o.jpg\",\"keywords\":[\"artroscop\u00eda\",\"artrosports\",\"Gime Massa\",\"Honorio Rossetti\",\"hospital\",\"Hospital Esteban Iribarne\",\"medicina deportiva\",\"quir\u00f3fano\",\"rayos\",\"Sebastian Martin Giusio\",\"Sergio Capra\",\"suipacha\",\"traumatolog\u00eda\"],\"articleSection\":[\"Regionales\"],\"inLanguage\":\"es\",\"potentialAction\":[{\"@type\":\"CommentAction\",\"name\":\"Comment\",\"target\":[\"https:\\\/\\\/noticiasmercedinas.com\\\/site\\\/2020\\\/01\\\/24\\\/se-logro-un-reemplazo-total-de-rodilla-en-el-hospital-municipal-de-suipacha\\\/#respond\"]}]},{\"@type\":\"WebPage\",\"@id\":\"https:\\\/\\\/noticiasmercedinas.com\\\/site\\\/2020\\\/01\\\/24\\\/se-logro-un-reemplazo-total-de-rodilla-en-el-hospital-municipal-de-suipacha\\\/\",\"url\":\"https:\\\/\\\/noticiasmercedinas.com\\\/site\\\/2020\\\/01\\\/24\\\/se-logro-un-reemplazo-total-de-rodilla-en-el-hospital-municipal-de-suipacha\\\/\",\"name\":\"Se logr\u00f3 un reemplazo total de rodilla en el Hospital Municipal de Suipacha\",\"isPartOf\":{\"@id\":\"https:\\\/\\\/noticiasmercedinas.com\\\/site\\\/#website\"},\"primaryImageOfPage\":{\"@id\":\"https:\\\/\\\/noticiasmercedinas.com\\\/site\\\/2020\\\/01\\\/24\\\/se-logro-un-reemplazo-total-de-rodilla-en-el-hospital-municipal-de-suipacha\\\/#primaryimage\"},\"image\":{\"@id\":\"https:\\\/\\\/noticiasmercedinas.com\\\/site\\\/2020\\\/01\\\/24\\\/se-logro-un-reemplazo-total-de-rodilla-en-el-hospital-municipal-de-suipacha\\\/#primaryimage\"},\"thumbnailUrl\":\"https:\\\/\\\/noticiasmercedinas.com\\\/site\\\/wp-content\\\/uploads\\\/2020\\\/01\\\/82966668_2824749930922311_5528316929422393344_o.jpg\",\"datePublished\":\"2020-01-24T17:09:54+00:00\",\"dateModified\":\"2025-04-08T23:36:30+00:00\",\"breadcrumb\":{\"@id\":\"https:\\\/\\\/noticiasmercedinas.com\\\/site\\\/2020\\\/01\\\/24\\\/se-logro-un-reemplazo-total-de-rodilla-en-el-hospital-municipal-de-suipacha\\\/#breadcrumb\"},\"inLanguage\":\"es\",\"potentialAction\":[{\"@type\":\"ReadAction\",\"target\":[\"https:\\\/\\\/noticiasmercedinas.com\\\/site\\\/2020\\\/01\\\/24\\\/se-logro-un-reemplazo-total-de-rodilla-en-el-hospital-municipal-de-suipacha\\\/\"]}]},{\"@type\":\"ImageObject\",\"inLanguage\":\"es\",\"@id\":\"https:\\\/\\\/noticiasmercedinas.com\\\/site\\\/2020\\\/01\\\/24\\\/se-logro-un-reemplazo-total-de-rodilla-en-el-hospital-municipal-de-suipacha\\\/#primaryimage\",\"url\":\"https:\\\/\\\/noticiasmercedinas.com\\\/site\\\/wp-content\\\/uploads\\\/2020\\\/01\\\/82966668_2824749930922311_5528316929422393344_o.jpg\",\"contentUrl\":\"https:\\\/\\\/noticiasmercedinas.com\\\/site\\\/wp-content\\\/uploads\\\/2020\\\/01\\\/82966668_2824749930922311_5528316929422393344_o.jpg\",\"width\":788,\"height\":581},{\"@type\":\"BreadcrumbList\",\"@id\":\"https:\\\/\\\/noticiasmercedinas.com\\\/site\\\/2020\\\/01\\\/24\\\/se-logro-un-reemplazo-total-de-rodilla-en-el-hospital-municipal-de-suipacha\\\/#breadcrumb\",\"itemListElement\":[{\"@type\":\"ListItem\",\"position\":1,\"name\":\"Portada\",\"item\":\"https:\\\/\\\/noticiasmercedinas.com\\\/site\\\/\"},{\"@type\":\"ListItem\",\"position\":2,\"name\":\"Se logr\u00f3 un reemplazo total de rodilla en el Hospital Municipal de Suipacha\"}]},{\"@type\":\"WebSite\",\"@id\":\"https:\\\/\\\/noticiasmercedinas.com\\\/site\\\/#website\",\"url\":\"https:\\\/\\\/noticiasmercedinas.com\\\/site\\\/\",\"name\":\"NOTICIASMERCEDINAS.COM\",\"description\":\"Mercedes, Buenos Aires, Argentina\",\"publisher\":{\"@id\":\"https:\\\/\\\/noticiasmercedinas.com\\\/site\\\/#organization\"},\"potentialAction\":[{\"@type\":\"SearchAction\",\"target\":{\"@type\":\"EntryPoint\",\"urlTemplate\":\"https:\\\/\\\/noticiasmercedinas.com\\\/site\\\/?s={search_term_string}\"},\"query-input\":{\"@type\":\"PropertyValueSpecification\",\"valueRequired\":true,\"valueName\":\"search_term_string\"}}],\"inLanguage\":\"es\"},{\"@type\":\"Organization\",\"@id\":\"https:\\\/\\\/noticiasmercedinas.com\\\/site\\\/#organization\",\"name\":\"NOTICIASMERCEDINAS.COM\",\"url\":\"https:\\\/\\\/noticiasmercedinas.com\\\/site\\\/\",\"logo\":{\"@type\":\"ImageObject\",\"inLanguage\":\"es\",\"@id\":\"https:\\\/\\\/noticiasmercedinas.com\\\/site\\\/#\\\/schema\\\/logo\\\/image\\\/\",\"url\":\"https:\\\/\\\/noticiasmercedinas.com\\\/site\\\/wp-content\\\/uploads\\\/2020\\\/06\\\/LOGO-512.jpg\",\"contentUrl\":\"https:\\\/\\\/noticiasmercedinas.com\\\/site\\\/wp-content\\\/uploads\\\/2020\\\/06\\\/LOGO-512.jpg\",\"width\":512,\"height\":512,\"caption\":\"NOTICIASMERCEDINAS.COM\"},\"image\":{\"@id\":\"https:\\\/\\\/noticiasmercedinas.com\\\/site\\\/#\\\/schema\\\/logo\\\/image\\\/\"},\"sameAs\":[\"https:\\\/\\\/www.facebook.com\\\/noticiasmercedinas\\\/\",\"https:\\\/\\\/x.com\\\/notmercedinas\",\"https:\\\/\\\/www.instagram.com\\\/noticiasmercedinas\\\/\"]},{\"@type\":\"Person\",\"@id\":\"https:\\\/\\\/noticiasmercedinas.com\\\/site\\\/#\\\/schema\\\/person\\\/d481a9696a5feaec13a60e2bbd991a6a\",\"name\":\"Cristian Falabella NOTICIASMERCEDINAS.COM\",\"image\":{\"@type\":\"ImageObject\",\"inLanguage\":\"es\",\"@id\":\"https:\\\/\\\/secure.gravatar.com\\\/avatar\\\/0dbbfc45970cc46bcd0e57766228574ff3511d6eed045b182f536f0f478c1f06?s=96&d=mm&r=g\",\"url\":\"https:\\\/\\\/secure.gravatar.com\\\/avatar\\\/0dbbfc45970cc46bcd0e57766228574ff3511d6eed045b182f536f0f478c1f06?s=96&d=mm&r=g\",\"contentUrl\":\"https:\\\/\\\/secure.gravatar.com\\\/avatar\\\/0dbbfc45970cc46bcd0e57766228574ff3511d6eed045b182f536f0f478c1f06?s=96&d=mm&r=g\",\"caption\":\"Cristian Falabella NOTICIASMERCEDINAS.COM\"},\"description\":\"Periodista, editor de Noticias Mercedinas. Pas\u00f3 por varias redacciones y emprendimientos de prensa, en distintos formatos y \u00e9pocas. Se especializ\u00f3 --y sigue haci\u00e9ndolo-- en comunicaci\u00f3n en la web y en junio de 2006 fund\u00f3 este diario digital.\",\"sameAs\":[\"https:\\\/\\\/noticiasmercedinas.com\",\"https:\\\/\\\/www.facebook.com\\\/cristian.falabella\",\"https:\\\/\\\/www.instagram.com\\\/noticiasmercedinas\\\/\",\"https:\\\/\\\/x.com\\\/https:\\\/\\\/twitter.com\\\/NOTMERCEDINAS\"],\"url\":\"https:\\\/\\\/noticiasmercedinas.com\\\/site\\\/author\\\/as000384\\\/\"}]}<\/script>\n<!-- \/ Yoast SEO plugin. -->","yoast_head_json":{"title":"Se logr\u00f3 un reemplazo total de rodilla en el Hospital Municipal de Suipacha","robots":{"index":"index","follow":"follow","max-snippet":"max-snippet:-1","max-image-preview":"max-image-preview:large","max-video-preview":"max-video-preview:-1"},"canonical":"https:\/\/noticiasmercedinas.com\/site\/2020\/01\/24\/se-logro-un-reemplazo-total-de-rodilla-en-el-hospital-municipal-de-suipacha\/","og_locale":"es_ES","og_type":"article","og_title":"Se logr\u00f3 un reemplazo total de rodilla en el Hospital Municipal de Suipacha","og_description":"Desde ArtroSports, ubicado en calles 31 y 32 de Mercedes, como centro de traumatolog\u00eda, artroscop\u00eda y medicina deportiva, destacaron que se logr\u00f3 un reemplazo total de rodilla en el Hospital Municipal de la vecina ciudad de Suipacha . Se trata de un caso de reemplazo total de rodilla, de los cuales hacen varios por mes, [&hellip;]","og_url":"https:\/\/noticiasmercedinas.com\/site\/2020\/01\/24\/se-logro-un-reemplazo-total-de-rodilla-en-el-hospital-municipal-de-suipacha\/","og_site_name":"NOTICIASMERCEDINAS.COM","article_publisher":"https:\/\/www.facebook.com\/noticiasmercedinas\/","article_author":"https:\/\/www.facebook.com\/cristian.falabella","article_published_time":"2020-01-24T17:09:54+00:00","article_modified_time":"2025-04-08T23:36:30+00:00","og_image":[{"width":788,"height":581,"url":"https:\/\/noticiasmercedinas.com\/site\/wp-content\/uploads\/2020\/01\/82966668_2824749930922311_5528316929422393344_o.jpg","type":"image\/jpeg"}],"author":"Cristian Falabella NOTICIASMERCEDINAS.COM","twitter_card":"summary_large_image","twitter_creator":"@https:\/\/twitter.com\/NOTMERCEDINAS","twitter_site":"@notmercedinas","twitter_misc":{"Escrito por":"Cristian Falabella NOTICIASMERCEDINAS.COM","Tiempo de lectura":"2 minutos"},"schema":{"@context":"https:\/\/schema.org","@graph":[{"@type":"Article","@id":"https:\/\/noticiasmercedinas.com\/site\/2020\/01\/24\/se-logro-un-reemplazo-total-de-rodilla-en-el-hospital-municipal-de-suipacha\/#article","isPartOf":{"@id":"https:\/\/noticiasmercedinas.com\/site\/2020\/01\/24\/se-logro-un-reemplazo-total-de-rodilla-en-el-hospital-municipal-de-suipacha\/"},"author":{"name":"Cristian Falabella NOTICIASMERCEDINAS.COM","@id":"https:\/\/noticiasmercedinas.com\/site\/#\/schema\/person\/d481a9696a5feaec13a60e2bbd991a6a"},"headline":"Se logr\u00f3 un reemplazo total de rodilla en el Hospital Municipal de Suipacha","datePublished":"2020-01-24T17:09:54+00:00","dateModified":"2025-04-08T23:36:30+00:00","mainEntityOfPage":{"@id":"https:\/\/noticiasmercedinas.com\/site\/2020\/01\/24\/se-logro-un-reemplazo-total-de-rodilla-en-el-hospital-municipal-de-suipacha\/"},"wordCount":182,"commentCount":0,"publisher":{"@id":"https:\/\/noticiasmercedinas.com\/site\/#organization"},"image":{"@id":"https:\/\/noticiasmercedinas.com\/site\/2020\/01\/24\/se-logro-un-reemplazo-total-de-rodilla-en-el-hospital-municipal-de-suipacha\/#primaryimage"},"thumbnailUrl":"https:\/\/noticiasmercedinas.com\/site\/wp-content\/uploads\/2020\/01\/82966668_2824749930922311_5528316929422393344_o.jpg","keywords":["artroscop\u00eda","artrosports","Gime Massa","Honorio Rossetti","hospital","Hospital Esteban Iribarne","medicina deportiva","quir\u00f3fano","rayos","Sebastian Martin Giusio","Sergio Capra","suipacha","traumatolog\u00eda"],"articleSection":["Regionales"],"inLanguage":"es","potentialAction":[{"@type":"CommentAction","name":"Comment","target":["https:\/\/noticiasmercedinas.com\/site\/2020\/01\/24\/se-logro-un-reemplazo-total-de-rodilla-en-el-hospital-municipal-de-suipacha\/#respond"]}]},{"@type":"WebPage","@id":"https:\/\/noticiasmercedinas.com\/site\/2020\/01\/24\/se-logro-un-reemplazo-total-de-rodilla-en-el-hospital-municipal-de-suipacha\/","url":"https:\/\/noticiasmercedinas.com\/site\/2020\/01\/24\/se-logro-un-reemplazo-total-de-rodilla-en-el-hospital-municipal-de-suipacha\/","name":"Se logr\u00f3 un reemplazo total de rodilla en el Hospital Municipal de Suipacha","isPartOf":{"@id":"https:\/\/noticiasmercedinas.com\/site\/#website"},"primaryImageOfPage":{"@id":"https:\/\/noticiasmercedinas.com\/site\/2020\/01\/24\/se-logro-un-reemplazo-total-de-rodilla-en-el-hospital-municipal-de-suipacha\/#primaryimage"},"image":{"@id":"https:\/\/noticiasmercedinas.com\/site\/2020\/01\/24\/se-logro-un-reemplazo-total-de-rodilla-en-el-hospital-municipal-de-suipacha\/#primaryimage"},"thumbnailUrl":"https:\/\/noticiasmercedinas.com\/site\/wp-content\/uploads\/2020\/01\/82966668_2824749930922311_5528316929422393344_o.jpg","datePublished":"2020-01-24T17:09:54+00:00","dateModified":"2025-04-08T23:36:30+00:00","breadcrumb":{"@id":"https:\/\/noticiasmercedinas.com\/site\/2020\/01\/24\/se-logro-un-reemplazo-total-de-rodilla-en-el-hospital-municipal-de-suipacha\/#breadcrumb"},"inLanguage":"es","potentialAction":[{"@type":"ReadAction","target":["https:\/\/noticiasmercedinas.com\/site\/2020\/01\/24\/se-logro-un-reemplazo-total-de-rodilla-en-el-hospital-municipal-de-suipacha\/"]}]},{"@type":"ImageObject","inLanguage":"es","@id":"https:\/\/noticiasmercedinas.com\/site\/2020\/01\/24\/se-logro-un-reemplazo-total-de-rodilla-en-el-hospital-municipal-de-suipacha\/#primaryimage","url":"https:\/\/noticiasmercedinas.com\/site\/wp-content\/uploads\/2020\/01\/82966668_2824749930922311_5528316929422393344_o.jpg","contentUrl":"https:\/\/noticiasmercedinas.com\/site\/wp-content\/uploads\/2020\/01\/82966668_2824749930922311_5528316929422393344_o.jpg","width":788,"height":581},{"@type":"BreadcrumbList","@id":"https:\/\/noticiasmercedinas.com\/site\/2020\/01\/24\/se-logro-un-reemplazo-total-de-rodilla-en-el-hospital-municipal-de-suipacha\/#breadcrumb","itemListElement":[{"@type":"ListItem","position":1,"name":"Portada","item":"https:\/\/noticiasmercedinas.com\/site\/"},{"@type":"ListItem","position":2,"name":"Se logr\u00f3 un reemplazo total de rodilla en el Hospital Municipal de Suipacha"}]},{"@type":"WebSite","@id":"https:\/\/noticiasmercedinas.com\/site\/#website","url":"https:\/\/noticiasmercedinas.com\/site\/","name":"NOTICIASMERCEDINAS.COM","description":"Mercedes, Buenos Aires, Argentina","publisher":{"@id":"https:\/\/noticiasmercedinas.com\/site\/#organization"},"potentialAction":[{"@type":"SearchAction","target":{"@type":"EntryPoint","urlTemplate":"https:\/\/noticiasmercedinas.com\/site\/?s={search_term_string}"},"query-input":{"@type":"PropertyValueSpecification","valueRequired":true,"valueName":"search_term_string"}}],"inLanguage":"es"},{"@type":"Organization","@id":"https:\/\/noticiasmercedinas.com\/site\/#organization","name":"NOTICIASMERCEDINAS.COM","url":"https:\/\/noticiasmercedinas.com\/site\/","logo":{"@type":"ImageObject","inLanguage":"es","@id":"https:\/\/noticiasmercedinas.com\/site\/#\/schema\/logo\/image\/","url":"https:\/\/noticiasmercedinas.com\/site\/wp-content\/uploads\/2020\/06\/LOGO-512.jpg","contentUrl":"https:\/\/noticiasmercedinas.com\/site\/wp-content\/uploads\/2020\/06\/LOGO-512.jpg","width":512,"height":512,"caption":"NOTICIASMERCEDINAS.COM"},"image":{"@id":"https:\/\/noticiasmercedinas.com\/site\/#\/schema\/logo\/image\/"},"sameAs":["https:\/\/www.facebook.com\/noticiasmercedinas\/","https:\/\/x.com\/notmercedinas","https:\/\/www.instagram.com\/noticiasmercedinas\/"]},{"@type":"Person","@id":"https:\/\/noticiasmercedinas.com\/site\/#\/schema\/person\/d481a9696a5feaec13a60e2bbd991a6a","name":"Cristian Falabella NOTICIASMERCEDINAS.COM","image":{"@type":"ImageObject","inLanguage":"es","@id":"https:\/\/secure.gravatar.com\/avatar\/0dbbfc45970cc46bcd0e57766228574ff3511d6eed045b182f536f0f478c1f06?s=96&d=mm&r=g","url":"https:\/\/secure.gravatar.com\/avatar\/0dbbfc45970cc46bcd0e57766228574ff3511d6eed045b182f536f0f478c1f06?s=96&d=mm&r=g","contentUrl":"https:\/\/secure.gravatar.com\/avatar\/0dbbfc45970cc46bcd0e57766228574ff3511d6eed045b182f536f0f478c1f06?s=96&d=mm&r=g","caption":"Cristian Falabella NOTICIASMERCEDINAS.COM"},"description":"Periodista, editor de Noticias Mercedinas. Pas\u00f3 por varias redacciones y emprendimientos de prensa, en distintos formatos y \u00e9pocas. Se especializ\u00f3 --y sigue haci\u00e9ndolo-- en comunicaci\u00f3n en la web y en junio de 2006 fund\u00f3 este diario digital.","sameAs":["https:\/\/noticiasmercedinas.com","https:\/\/www.facebook.com\/cristian.falabella","https:\/\/www.instagram.com\/noticiasmercedinas\/","https:\/\/x.com\/https:\/\/twitter.com\/NOTMERCEDINAS"],"url":"https:\/\/noticiasmercedinas.com\/site\/author\/as000384\/"}]}},"amp_enabled":true,"_links":{"self":[{"href":"https:\/\/noticiasmercedinas.com\/site\/wp-json\/wp\/v2\/posts\/38353","targetHints":{"allow":["GET"]}}],"collection":[{"href":"https:\/\/noticiasmercedinas.com\/site\/wp-json\/wp\/v2\/posts"}],"about":[{"href":"https:\/\/noticiasmercedinas.com\/site\/wp-json\/wp\/v2\/types\/post"}],"author":[{"embeddable":true,"href":"https:\/\/noticiasmercedinas.com\/site\/wp-json\/wp\/v2\/users\/2"}],"replies":[{"embeddable":true,"href":"https:\/\/noticiasmercedinas.com\/site\/wp-json\/wp\/v2\/comments?post=38353"}],"version-history":[{"count":2,"href":"https:\/\/noticiasmercedinas.com\/site\/wp-json\/wp\/v2\/posts\/38353\/revisions"}],"predecessor-version":[{"id":156883,"href":"https:\/\/noticiasmercedinas.com\/site\/wp-json\/wp\/v2\/posts\/38353\/revisions\/156883"}],"wp:featuredmedia":[{"embeddable":true,"href":"https:\/\/noticiasmercedinas.com\/site\/wp-json\/wp\/v2\/media\/38354"}],"wp:attachment":[{"href":"https:\/\/noticiasmercedinas.com\/site\/wp-json\/wp\/v2\/media?parent=38353"}],"wp:term":[{"taxonomy":"category","embeddable":true,"href":"https:\/\/noticiasmercedinas.com\/site\/wp-json\/wp\/v2\/categories?post=38353"},{"taxonomy":"post_tag","embeddable":true,"href":"https:\/\/noticiasmercedinas.com\/site\/wp-json\/wp\/v2\/tags?post=38353"}],"curies":[{"name":"wp","href":"https:\/\/api.w.org\/{rel}","templated":true}]}}