{"id":3848,"date":"2018-10-08T14:29:01","date_gmt":"2018-10-08T17:29:01","guid":{"rendered":"https:\/\/noticiasmercedinas.com\/site\/2018\/10\/08\/lorenzino-el-gobierno-solo-quiere-que-la-crisis-que-generaron-la-pague-la-gente\/"},"modified":"2018-10-08T17:25:35","modified_gmt":"2018-10-08T20:25:35","slug":"lorenzino-el-gobierno-solo-quiere-que-la-crisis-que-generaron-la-pague-la-gente","status":"publish","type":"post","link":"https:\/\/noticiasmercedinas.com\/site\/2018\/10\/08\/lorenzino-el-gobierno-solo-quiere-que-la-crisis-que-generaron-la-pague-la-gente\/","title":{"rendered":"Lorenzino: \u201cEl Gobierno s\u00f3lo quiere que la crisis que generaron la pague la gente\u201d"},"content":{"rendered":"<p><strong>El Defensor del Pueblo bonaerense cuestion\u00f3 a la administraci\u00f3n de Mauricio Macri por habilitar a que los usuarios abonen un extra para compensar a las prestadoras de gas por la suba del d\u00f3lar.<\/strong><\/p>\n<p><img decoding=\"async\" src=\"https:\/\/noticiasmercedinas.com\/site\/wp-content\/uploads\/2018\/09\/gudo_lorenzino-1024x683.jpg\" \/><\/p>\n<p>El Defensor del Pueblo bonaerense, Guido Lorenzino, cuestion\u00f3 la decisi\u00f3n del gobierno nacional de habilitar a las empresas prestadoras de gas para que cobren a los usuarios un diferencial para compensar las p\u00e9rdidas que tuvieron por el aumento del d\u00f3lar en los \u00faltimos meses.<\/p>\n<p>\u201cEl gobierno de Mauricio Macri quiere que su impericia y la crisis que generaron la pague la gente. Esta decisi\u00f3n de favorecer y permitir a las empresas que trasladen el costo de la devaluaci\u00f3n a los usuarios confirma que s\u00f3lo trabajan para los concesionarias de servicios p\u00fablicos y nunca para los ciudadanos\u201d, expres\u00f3 Lorenzino.<\/p>\n<p>La postura del Defensor del Pueblo tiene que ver con la medida de la Naci\u00f3n que habilita a las prestatarias a cobrarle a los usuarios a partir de enero de 2019 un extra en 24 cuotas mensuales para cubrir las deudas que generaron con las petroleras por el salto que peg\u00f3 el d\u00f3lar entre abril y septiembre, lo que encarecer\u00e1 a\u00fan m\u00e1s el servicio que acaba de subir un 35%.<\/p>\n<p>En ese sentido, Lorenzino confirm\u00f3 que \u201cimpugnaremos esta decisi\u00f3n ante el Enargas y los organismos que correspondan, pero lamentablemente este Gobierno lo \u00fanico que hace es profundizar la crisis en el bolsillo de la gente, especialmente en los sectores m\u00e1s vulnerables\u201d.<\/p>\n<p>Adem\u00e1s, el Defensor del Pueblo puntualiz\u00f3 que \u201csin certezas sobre el tipo de cambio no es f\u00e1cil calcular la deuda total que se traspasar\u00e1 a la gente, porque adem\u00e1s se le a\u00f1adir\u00e1n intereses que las distribuidoras deben a las petroleras, tal como est\u00e1 previsto en las normas de las licencias que no se modificaron. Tampoco queda claro si cuando se produzca un nuevo aumento en abril, la deuda se engrosar\u00e1 con la diferencia entre el tipo de cambio que se negocia ahora y el que efectivamente se registre\u201d.<\/p>\n","protected":false},"excerpt":{"rendered":"<p>El Defensor del Pueblo bonaerense cuestion\u00f3 a la administraci\u00f3n de Mauricio Macri por habilitar a que los usuarios abonen un extra para compensar a las prestadoras de gas por la suba del d\u00f3lar. El Defensor del Pueblo bonaerense, Guido Lorenzino, cuestion\u00f3 la decisi\u00f3n del gobierno nacional de habilitar a las empresas prestadoras de gas para [&hellip;]<\/p>\n","protected":false},"author":2,"featured_media":1193,"comment_status":"open","ping_status":"open","sticky":false,"template":"","format":"standard","meta":{"footnotes":""},"categories":[139],"tags":[1262,995,336,286],"class_list":["post-3848","post","type-post","status-publish","format-standard","has-post-thumbnail","hentry","category-regionales","tag-24-cuotas","tag-defensoria-del-pueblo","tag-gas","tag-guido-lorenzino"],"yoast_head":"<!-- This site is optimized with the Yoast SEO plugin v27.4 - https:\/\/yoast.com\/product\/yoast-seo-wordpress\/ -->\n<title>Lorenzino: \u201cEl Gobierno s\u00f3lo quiere que la crisis que generaron la pague la gente\u201d<\/title>\n<meta name=\"robots\" content=\"index, follow, max-snippet:-1, max-image-preview:large, max-video-preview:-1\" \/>\n<link rel=\"canonical\" href=\"https:\/\/noticiasmercedinas.com\/site\/2018\/10\/08\/lorenzino-el-gobierno-solo-quiere-que-la-crisis-que-generaron-la-pague-la-gente\/\" \/>\n<meta property=\"og:locale\" content=\"es_ES\" \/>\n<meta property=\"og:type\" content=\"article\" \/>\n<meta property=\"og:title\" content=\"Lorenzino: \u201cEl Gobierno s\u00f3lo quiere que la crisis que generaron la pague la gente\u201d\" \/>\n<meta property=\"og:description\" content=\"El Defensor del Pueblo bonaerense cuestion\u00f3 a la administraci\u00f3n de Mauricio Macri por habilitar a que los usuarios abonen un extra para compensar a las prestadoras de gas por la suba del d\u00f3lar. El Defensor del Pueblo bonaerense, Guido Lorenzino, cuestion\u00f3 la decisi\u00f3n del gobierno nacional de habilitar a las empresas prestadoras de gas para [&hellip;]\" \/>\n<meta property=\"og:url\" content=\"https:\/\/noticiasmercedinas.com\/site\/2018\/10\/08\/lorenzino-el-gobierno-solo-quiere-que-la-crisis-que-generaron-la-pague-la-gente\/\" \/>\n<meta property=\"og:site_name\" content=\"NOTICIASMERCEDINAS.COM\" \/>\n<meta property=\"article:publisher\" content=\"https:\/\/www.facebook.com\/noticiasmercedinas\/\" \/>\n<meta property=\"article:author\" content=\"https:\/\/www.facebook.com\/cristian.falabella\" \/>\n<meta property=\"article:published_time\" content=\"2018-10-08T17:29:01+00:00\" \/>\n<meta property=\"article:modified_time\" content=\"2018-10-08T20:25:35+00:00\" \/>\n<meta property=\"og:image\" content=\"https:\/\/noticiasmercedinas.com\/site\/wp-content\/uploads\/2018\/09\/gudo_lorenzino.jpg\" \/>\n\t<meta property=\"og:image:width\" content=\"1024\" \/>\n\t<meta property=\"og:image:height\" content=\"683\" \/>\n\t<meta property=\"og:image:type\" content=\"image\/jpeg\" \/>\n<meta name=\"author\" content=\"Cristian Falabella NOTICIASMERCEDINAS.COM\" \/>\n<meta name=\"twitter:card\" content=\"summary_large_image\" \/>\n<meta name=\"twitter:creator\" content=\"@https:\/\/twitter.com\/NOTMERCEDINAS\" \/>\n<meta name=\"twitter:site\" content=\"@notmercedinas\" \/>\n<meta name=\"twitter:label1\" content=\"Escrito por\" \/>\n\t<meta name=\"twitter:data1\" content=\"Cristian Falabella NOTICIASMERCEDINAS.COM\" \/>\n\t<meta name=\"twitter:label2\" content=\"Tiempo de lectura\" \/>\n\t<meta name=\"twitter:data2\" content=\"2 minutos\" \/>\n<script type=\"application\/ld+json\" class=\"yoast-schema-graph\">{\"@context\":\"https:\\\/\\\/schema.org\",\"@graph\":[{\"@type\":\"Article\",\"@id\":\"https:\\\/\\\/noticiasmercedinas.com\\\/site\\\/2018\\\/10\\\/08\\\/lorenzino-el-gobierno-solo-quiere-que-la-crisis-que-generaron-la-pague-la-gente\\\/#article\",\"isPartOf\":{\"@id\":\"https:\\\/\\\/noticiasmercedinas.com\\\/site\\\/2018\\\/10\\\/08\\\/lorenzino-el-gobierno-solo-quiere-que-la-crisis-que-generaron-la-pague-la-gente\\\/\"},\"author\":{\"name\":\"Cristian Falabella NOTICIASMERCEDINAS.COM\",\"@id\":\"https:\\\/\\\/noticiasmercedinas.com\\\/site\\\/#\\\/schema\\\/person\\\/d481a9696a5feaec13a60e2bbd991a6a\"},\"headline\":\"Lorenzino: \u201cEl Gobierno s\u00f3lo quiere que la crisis que generaron la pague la gente\u201d\",\"datePublished\":\"2018-10-08T17:29:01+00:00\",\"dateModified\":\"2018-10-08T20:25:35+00:00\",\"mainEntityOfPage\":{\"@id\":\"https:\\\/\\\/noticiasmercedinas.com\\\/site\\\/2018\\\/10\\\/08\\\/lorenzino-el-gobierno-solo-quiere-que-la-crisis-que-generaron-la-pague-la-gente\\\/\"},\"wordCount\":362,\"commentCount\":0,\"publisher\":{\"@id\":\"https:\\\/\\\/noticiasmercedinas.com\\\/site\\\/#organization\"},\"image\":{\"@id\":\"https:\\\/\\\/noticiasmercedinas.com\\\/site\\\/2018\\\/10\\\/08\\\/lorenzino-el-gobierno-solo-quiere-que-la-crisis-que-generaron-la-pague-la-gente\\\/#primaryimage\"},\"thumbnailUrl\":\"https:\\\/\\\/noticiasmercedinas.com\\\/site\\\/wp-content\\\/uploads\\\/2018\\\/09\\\/gudo_lorenzino.jpg\",\"keywords\":[\"24 cuotas\",\"Defensor\u00eda del Pueblo\",\"gas\",\"guido lorenzino\"],\"articleSection\":[\"Regionales\"],\"inLanguage\":\"es\",\"potentialAction\":[{\"@type\":\"CommentAction\",\"name\":\"Comment\",\"target\":[\"https:\\\/\\\/noticiasmercedinas.com\\\/site\\\/2018\\\/10\\\/08\\\/lorenzino-el-gobierno-solo-quiere-que-la-crisis-que-generaron-la-pague-la-gente\\\/#respond\"]}]},{\"@type\":\"WebPage\",\"@id\":\"https:\\\/\\\/noticiasmercedinas.com\\\/site\\\/2018\\\/10\\\/08\\\/lorenzino-el-gobierno-solo-quiere-que-la-crisis-que-generaron-la-pague-la-gente\\\/\",\"url\":\"https:\\\/\\\/noticiasmercedinas.com\\\/site\\\/2018\\\/10\\\/08\\\/lorenzino-el-gobierno-solo-quiere-que-la-crisis-que-generaron-la-pague-la-gente\\\/\",\"name\":\"Lorenzino: \u201cEl Gobierno s\u00f3lo quiere que la crisis que generaron la pague la gente\u201d\",\"isPartOf\":{\"@id\":\"https:\\\/\\\/noticiasmercedinas.com\\\/site\\\/#website\"},\"primaryImageOfPage\":{\"@id\":\"https:\\\/\\\/noticiasmercedinas.com\\\/site\\\/2018\\\/10\\\/08\\\/lorenzino-el-gobierno-solo-quiere-que-la-crisis-que-generaron-la-pague-la-gente\\\/#primaryimage\"},\"image\":{\"@id\":\"https:\\\/\\\/noticiasmercedinas.com\\\/site\\\/2018\\\/10\\\/08\\\/lorenzino-el-gobierno-solo-quiere-que-la-crisis-que-generaron-la-pague-la-gente\\\/#primaryimage\"},\"thumbnailUrl\":\"https:\\\/\\\/noticiasmercedinas.com\\\/site\\\/wp-content\\\/uploads\\\/2018\\\/09\\\/gudo_lorenzino.jpg\",\"datePublished\":\"2018-10-08T17:29:01+00:00\",\"dateModified\":\"2018-10-08T20:25:35+00:00\",\"breadcrumb\":{\"@id\":\"https:\\\/\\\/noticiasmercedinas.com\\\/site\\\/2018\\\/10\\\/08\\\/lorenzino-el-gobierno-solo-quiere-que-la-crisis-que-generaron-la-pague-la-gente\\\/#breadcrumb\"},\"inLanguage\":\"es\",\"potentialAction\":[{\"@type\":\"ReadAction\",\"target\":[\"https:\\\/\\\/noticiasmercedinas.com\\\/site\\\/2018\\\/10\\\/08\\\/lorenzino-el-gobierno-solo-quiere-que-la-crisis-que-generaron-la-pague-la-gente\\\/\"]}]},{\"@type\":\"ImageObject\",\"inLanguage\":\"es\",\"@id\":\"https:\\\/\\\/noticiasmercedinas.com\\\/site\\\/2018\\\/10\\\/08\\\/lorenzino-el-gobierno-solo-quiere-que-la-crisis-que-generaron-la-pague-la-gente\\\/#primaryimage\",\"url\":\"https:\\\/\\\/noticiasmercedinas.com\\\/site\\\/wp-content\\\/uploads\\\/2018\\\/09\\\/gudo_lorenzino.jpg\",\"contentUrl\":\"https:\\\/\\\/noticiasmercedinas.com\\\/site\\\/wp-content\\\/uploads\\\/2018\\\/09\\\/gudo_lorenzino.jpg\",\"width\":1024,\"height\":683},{\"@type\":\"BreadcrumbList\",\"@id\":\"https:\\\/\\\/noticiasmercedinas.com\\\/site\\\/2018\\\/10\\\/08\\\/lorenzino-el-gobierno-solo-quiere-que-la-crisis-que-generaron-la-pague-la-gente\\\/#breadcrumb\",\"itemListElement\":[{\"@type\":\"ListItem\",\"position\":1,\"name\":\"Portada\",\"item\":\"https:\\\/\\\/noticiasmercedinas.com\\\/site\\\/\"},{\"@type\":\"ListItem\",\"position\":2,\"name\":\"Lorenzino: \u201cEl Gobierno s\u00f3lo quiere que la crisis que generaron la pague la gente\u201d\"}]},{\"@type\":\"WebSite\",\"@id\":\"https:\\\/\\\/noticiasmercedinas.com\\\/site\\\/#website\",\"url\":\"https:\\\/\\\/noticiasmercedinas.com\\\/site\\\/\",\"name\":\"NOTICIASMERCEDINAS.COM\",\"description\":\"Mercedes, Buenos Aires, Argentina\",\"publisher\":{\"@id\":\"https:\\\/\\\/noticiasmercedinas.com\\\/site\\\/#organization\"},\"potentialAction\":[{\"@type\":\"SearchAction\",\"target\":{\"@type\":\"EntryPoint\",\"urlTemplate\":\"https:\\\/\\\/noticiasmercedinas.com\\\/site\\\/?s={search_term_string}\"},\"query-input\":{\"@type\":\"PropertyValueSpecification\",\"valueRequired\":true,\"valueName\":\"search_term_string\"}}],\"inLanguage\":\"es\"},{\"@type\":\"Organization\",\"@id\":\"https:\\\/\\\/noticiasmercedinas.com\\\/site\\\/#organization\",\"name\":\"NOTICIASMERCEDINAS.COM\",\"url\":\"https:\\\/\\\/noticiasmercedinas.com\\\/site\\\/\",\"logo\":{\"@type\":\"ImageObject\",\"inLanguage\":\"es\",\"@id\":\"https:\\\/\\\/noticiasmercedinas.com\\\/site\\\/#\\\/schema\\\/logo\\\/image\\\/\",\"url\":\"https:\\\/\\\/noticiasmercedinas.com\\\/site\\\/wp-content\\\/uploads\\\/2020\\\/06\\\/LOGO-512.jpg\",\"contentUrl\":\"https:\\\/\\\/noticiasmercedinas.com\\\/site\\\/wp-content\\\/uploads\\\/2020\\\/06\\\/LOGO-512.jpg\",\"width\":512,\"height\":512,\"caption\":\"NOTICIASMERCEDINAS.COM\"},\"image\":{\"@id\":\"https:\\\/\\\/noticiasmercedinas.com\\\/site\\\/#\\\/schema\\\/logo\\\/image\\\/\"},\"sameAs\":[\"https:\\\/\\\/www.facebook.com\\\/noticiasmercedinas\\\/\",\"https:\\\/\\\/x.com\\\/notmercedinas\",\"https:\\\/\\\/www.instagram.com\\\/noticiasmercedinas\\\/\"]},{\"@type\":\"Person\",\"@id\":\"https:\\\/\\\/noticiasmercedinas.com\\\/site\\\/#\\\/schema\\\/person\\\/d481a9696a5feaec13a60e2bbd991a6a\",\"name\":\"Cristian Falabella NOTICIASMERCEDINAS.COM\",\"image\":{\"@type\":\"ImageObject\",\"inLanguage\":\"es\",\"@id\":\"https:\\\/\\\/secure.gravatar.com\\\/avatar\\\/0dbbfc45970cc46bcd0e57766228574ff3511d6eed045b182f536f0f478c1f06?s=96&d=mm&r=g\",\"url\":\"https:\\\/\\\/secure.gravatar.com\\\/avatar\\\/0dbbfc45970cc46bcd0e57766228574ff3511d6eed045b182f536f0f478c1f06?s=96&d=mm&r=g\",\"contentUrl\":\"https:\\\/\\\/secure.gravatar.com\\\/avatar\\\/0dbbfc45970cc46bcd0e57766228574ff3511d6eed045b182f536f0f478c1f06?s=96&d=mm&r=g\",\"caption\":\"Cristian Falabella NOTICIASMERCEDINAS.COM\"},\"description\":\"Periodista, editor de Noticias Mercedinas. Pas\u00f3 por varias redacciones y emprendimientos de prensa, en distintos formatos y \u00e9pocas. Se especializ\u00f3 --y sigue haci\u00e9ndolo-- en comunicaci\u00f3n en la web y en junio de 2006 fund\u00f3 este diario digital.\",\"sameAs\":[\"https:\\\/\\\/noticiasmercedinas.com\",\"https:\\\/\\\/www.facebook.com\\\/cristian.falabella\",\"https:\\\/\\\/www.instagram.com\\\/noticiasmercedinas\\\/\",\"https:\\\/\\\/x.com\\\/https:\\\/\\\/twitter.com\\\/NOTMERCEDINAS\"],\"url\":\"https:\\\/\\\/noticiasmercedinas.com\\\/site\\\/author\\\/as000384\\\/\"}]}<\/script>\n<!-- \/ Yoast SEO plugin. -->","yoast_head_json":{"title":"Lorenzino: \u201cEl Gobierno s\u00f3lo quiere que la crisis que generaron la pague la gente\u201d","robots":{"index":"index","follow":"follow","max-snippet":"max-snippet:-1","max-image-preview":"max-image-preview:large","max-video-preview":"max-video-preview:-1"},"canonical":"https:\/\/noticiasmercedinas.com\/site\/2018\/10\/08\/lorenzino-el-gobierno-solo-quiere-que-la-crisis-que-generaron-la-pague-la-gente\/","og_locale":"es_ES","og_type":"article","og_title":"Lorenzino: \u201cEl Gobierno s\u00f3lo quiere que la crisis que generaron la pague la gente\u201d","og_description":"El Defensor del Pueblo bonaerense cuestion\u00f3 a la administraci\u00f3n de Mauricio Macri por habilitar a que los usuarios abonen un extra para compensar a las prestadoras de gas por la suba del d\u00f3lar. El Defensor del Pueblo bonaerense, Guido Lorenzino, cuestion\u00f3 la decisi\u00f3n del gobierno nacional de habilitar a las empresas prestadoras de gas para [&hellip;]","og_url":"https:\/\/noticiasmercedinas.com\/site\/2018\/10\/08\/lorenzino-el-gobierno-solo-quiere-que-la-crisis-que-generaron-la-pague-la-gente\/","og_site_name":"NOTICIASMERCEDINAS.COM","article_publisher":"https:\/\/www.facebook.com\/noticiasmercedinas\/","article_author":"https:\/\/www.facebook.com\/cristian.falabella","article_published_time":"2018-10-08T17:29:01+00:00","article_modified_time":"2018-10-08T20:25:35+00:00","og_image":[{"width":1024,"height":683,"url":"https:\/\/noticiasmercedinas.com\/site\/wp-content\/uploads\/2018\/09\/gudo_lorenzino.jpg","type":"image\/jpeg"}],"author":"Cristian Falabella NOTICIASMERCEDINAS.COM","twitter_card":"summary_large_image","twitter_creator":"@https:\/\/twitter.com\/NOTMERCEDINAS","twitter_site":"@notmercedinas","twitter_misc":{"Escrito por":"Cristian Falabella NOTICIASMERCEDINAS.COM","Tiempo de lectura":"2 minutos"},"schema":{"@context":"https:\/\/schema.org","@graph":[{"@type":"Article","@id":"https:\/\/noticiasmercedinas.com\/site\/2018\/10\/08\/lorenzino-el-gobierno-solo-quiere-que-la-crisis-que-generaron-la-pague-la-gente\/#article","isPartOf":{"@id":"https:\/\/noticiasmercedinas.com\/site\/2018\/10\/08\/lorenzino-el-gobierno-solo-quiere-que-la-crisis-que-generaron-la-pague-la-gente\/"},"author":{"name":"Cristian Falabella NOTICIASMERCEDINAS.COM","@id":"https:\/\/noticiasmercedinas.com\/site\/#\/schema\/person\/d481a9696a5feaec13a60e2bbd991a6a"},"headline":"Lorenzino: \u201cEl Gobierno s\u00f3lo quiere que la crisis que generaron la pague la gente\u201d","datePublished":"2018-10-08T17:29:01+00:00","dateModified":"2018-10-08T20:25:35+00:00","mainEntityOfPage":{"@id":"https:\/\/noticiasmercedinas.com\/site\/2018\/10\/08\/lorenzino-el-gobierno-solo-quiere-que-la-crisis-que-generaron-la-pague-la-gente\/"},"wordCount":362,"commentCount":0,"publisher":{"@id":"https:\/\/noticiasmercedinas.com\/site\/#organization"},"image":{"@id":"https:\/\/noticiasmercedinas.com\/site\/2018\/10\/08\/lorenzino-el-gobierno-solo-quiere-que-la-crisis-que-generaron-la-pague-la-gente\/#primaryimage"},"thumbnailUrl":"https:\/\/noticiasmercedinas.com\/site\/wp-content\/uploads\/2018\/09\/gudo_lorenzino.jpg","keywords":["24 cuotas","Defensor\u00eda del Pueblo","gas","guido lorenzino"],"articleSection":["Regionales"],"inLanguage":"es","potentialAction":[{"@type":"CommentAction","name":"Comment","target":["https:\/\/noticiasmercedinas.com\/site\/2018\/10\/08\/lorenzino-el-gobierno-solo-quiere-que-la-crisis-que-generaron-la-pague-la-gente\/#respond"]}]},{"@type":"WebPage","@id":"https:\/\/noticiasmercedinas.com\/site\/2018\/10\/08\/lorenzino-el-gobierno-solo-quiere-que-la-crisis-que-generaron-la-pague-la-gente\/","url":"https:\/\/noticiasmercedinas.com\/site\/2018\/10\/08\/lorenzino-el-gobierno-solo-quiere-que-la-crisis-que-generaron-la-pague-la-gente\/","name":"Lorenzino: \u201cEl Gobierno s\u00f3lo quiere que la crisis que generaron la pague la gente\u201d","isPartOf":{"@id":"https:\/\/noticiasmercedinas.com\/site\/#website"},"primaryImageOfPage":{"@id":"https:\/\/noticiasmercedinas.com\/site\/2018\/10\/08\/lorenzino-el-gobierno-solo-quiere-que-la-crisis-que-generaron-la-pague-la-gente\/#primaryimage"},"image":{"@id":"https:\/\/noticiasmercedinas.com\/site\/2018\/10\/08\/lorenzino-el-gobierno-solo-quiere-que-la-crisis-que-generaron-la-pague-la-gente\/#primaryimage"},"thumbnailUrl":"https:\/\/noticiasmercedinas.com\/site\/wp-content\/uploads\/2018\/09\/gudo_lorenzino.jpg","datePublished":"2018-10-08T17:29:01+00:00","dateModified":"2018-10-08T20:25:35+00:00","breadcrumb":{"@id":"https:\/\/noticiasmercedinas.com\/site\/2018\/10\/08\/lorenzino-el-gobierno-solo-quiere-que-la-crisis-que-generaron-la-pague-la-gente\/#breadcrumb"},"inLanguage":"es","potentialAction":[{"@type":"ReadAction","target":["https:\/\/noticiasmercedinas.com\/site\/2018\/10\/08\/lorenzino-el-gobierno-solo-quiere-que-la-crisis-que-generaron-la-pague-la-gente\/"]}]},{"@type":"ImageObject","inLanguage":"es","@id":"https:\/\/noticiasmercedinas.com\/site\/2018\/10\/08\/lorenzino-el-gobierno-solo-quiere-que-la-crisis-que-generaron-la-pague-la-gente\/#primaryimage","url":"https:\/\/noticiasmercedinas.com\/site\/wp-content\/uploads\/2018\/09\/gudo_lorenzino.jpg","contentUrl":"https:\/\/noticiasmercedinas.com\/site\/wp-content\/uploads\/2018\/09\/gudo_lorenzino.jpg","width":1024,"height":683},{"@type":"BreadcrumbList","@id":"https:\/\/noticiasmercedinas.com\/site\/2018\/10\/08\/lorenzino-el-gobierno-solo-quiere-que-la-crisis-que-generaron-la-pague-la-gente\/#breadcrumb","itemListElement":[{"@type":"ListItem","position":1,"name":"Portada","item":"https:\/\/noticiasmercedinas.com\/site\/"},{"@type":"ListItem","position":2,"name":"Lorenzino: \u201cEl Gobierno s\u00f3lo quiere que la crisis que generaron la pague la gente\u201d"}]},{"@type":"WebSite","@id":"https:\/\/noticiasmercedinas.com\/site\/#website","url":"https:\/\/noticiasmercedinas.com\/site\/","name":"NOTICIASMERCEDINAS.COM","description":"Mercedes, Buenos Aires, Argentina","publisher":{"@id":"https:\/\/noticiasmercedinas.com\/site\/#organization"},"potentialAction":[{"@type":"SearchAction","target":{"@type":"EntryPoint","urlTemplate":"https:\/\/noticiasmercedinas.com\/site\/?s={search_term_string}"},"query-input":{"@type":"PropertyValueSpecification","valueRequired":true,"valueName":"search_term_string"}}],"inLanguage":"es"},{"@type":"Organization","@id":"https:\/\/noticiasmercedinas.com\/site\/#organization","name":"NOTICIASMERCEDINAS.COM","url":"https:\/\/noticiasmercedinas.com\/site\/","logo":{"@type":"ImageObject","inLanguage":"es","@id":"https:\/\/noticiasmercedinas.com\/site\/#\/schema\/logo\/image\/","url":"https:\/\/noticiasmercedinas.com\/site\/wp-content\/uploads\/2020\/06\/LOGO-512.jpg","contentUrl":"https:\/\/noticiasmercedinas.com\/site\/wp-content\/uploads\/2020\/06\/LOGO-512.jpg","width":512,"height":512,"caption":"NOTICIASMERCEDINAS.COM"},"image":{"@id":"https:\/\/noticiasmercedinas.com\/site\/#\/schema\/logo\/image\/"},"sameAs":["https:\/\/www.facebook.com\/noticiasmercedinas\/","https:\/\/x.com\/notmercedinas","https:\/\/www.instagram.com\/noticiasmercedinas\/"]},{"@type":"Person","@id":"https:\/\/noticiasmercedinas.com\/site\/#\/schema\/person\/d481a9696a5feaec13a60e2bbd991a6a","name":"Cristian Falabella NOTICIASMERCEDINAS.COM","image":{"@type":"ImageObject","inLanguage":"es","@id":"https:\/\/secure.gravatar.com\/avatar\/0dbbfc45970cc46bcd0e57766228574ff3511d6eed045b182f536f0f478c1f06?s=96&d=mm&r=g","url":"https:\/\/secure.gravatar.com\/avatar\/0dbbfc45970cc46bcd0e57766228574ff3511d6eed045b182f536f0f478c1f06?s=96&d=mm&r=g","contentUrl":"https:\/\/secure.gravatar.com\/avatar\/0dbbfc45970cc46bcd0e57766228574ff3511d6eed045b182f536f0f478c1f06?s=96&d=mm&r=g","caption":"Cristian Falabella NOTICIASMERCEDINAS.COM"},"description":"Periodista, editor de Noticias Mercedinas. Pas\u00f3 por varias redacciones y emprendimientos de prensa, en distintos formatos y \u00e9pocas. Se especializ\u00f3 --y sigue haci\u00e9ndolo-- en comunicaci\u00f3n en la web y en junio de 2006 fund\u00f3 este diario digital.","sameAs":["https:\/\/noticiasmercedinas.com","https:\/\/www.facebook.com\/cristian.falabella","https:\/\/www.instagram.com\/noticiasmercedinas\/","https:\/\/x.com\/https:\/\/twitter.com\/NOTMERCEDINAS"],"url":"https:\/\/noticiasmercedinas.com\/site\/author\/as000384\/"}]}},"amp_enabled":true,"_links":{"self":[{"href":"https:\/\/noticiasmercedinas.com\/site\/wp-json\/wp\/v2\/posts\/3848","targetHints":{"allow":["GET"]}}],"collection":[{"href":"https:\/\/noticiasmercedinas.com\/site\/wp-json\/wp\/v2\/posts"}],"about":[{"href":"https:\/\/noticiasmercedinas.com\/site\/wp-json\/wp\/v2\/types\/post"}],"author":[{"embeddable":true,"href":"https:\/\/noticiasmercedinas.com\/site\/wp-json\/wp\/v2\/users\/2"}],"replies":[{"embeddable":true,"href":"https:\/\/noticiasmercedinas.com\/site\/wp-json\/wp\/v2\/comments?post=3848"}],"version-history":[{"count":4,"href":"https:\/\/noticiasmercedinas.com\/site\/wp-json\/wp\/v2\/posts\/3848\/revisions"}],"predecessor-version":[{"id":3860,"href":"https:\/\/noticiasmercedinas.com\/site\/wp-json\/wp\/v2\/posts\/3848\/revisions\/3860"}],"wp:featuredmedia":[{"embeddable":true,"href":"https:\/\/noticiasmercedinas.com\/site\/wp-json\/wp\/v2\/media\/1193"}],"wp:attachment":[{"href":"https:\/\/noticiasmercedinas.com\/site\/wp-json\/wp\/v2\/media?parent=3848"}],"wp:term":[{"taxonomy":"category","embeddable":true,"href":"https:\/\/noticiasmercedinas.com\/site\/wp-json\/wp\/v2\/categories?post=3848"},{"taxonomy":"post_tag","embeddable":true,"href":"https:\/\/noticiasmercedinas.com\/site\/wp-json\/wp\/v2\/tags?post=3848"}],"curies":[{"name":"wp","href":"https:\/\/api.w.org\/{rel}","templated":true}]}}