{"id":38531,"date":"2020-01-28T12:00:32","date_gmt":"2020-01-28T15:00:32","guid":{"rendered":"https:\/\/noticiasmercedinas.com\/site\/?p=38531"},"modified":"2020-01-29T09:07:48","modified_gmt":"2020-01-29T12:07:48","slug":"autoridades-nacionales-y-provinciales-llegan-a-la-entrega-de-46-lotes","status":"publish","type":"post","link":"https:\/\/noticiasmercedinas.com\/site\/2020\/01\/28\/autoridades-nacionales-y-provinciales-llegan-a-la-entrega-de-46-lotes\/","title":{"rendered":"Autoridades nacionales y provinciales llegan a la entrega de 46 lotes"},"content":{"rendered":"<p><strong>La ministra de Vivienda ser\u00eda parte de un nuevo acto del programa \u201cMi Terreno\u201d<\/strong><\/p>\n<p><img loading=\"lazy\" decoding=\"async\" class=\"alignnone wp-image-38532\" src=\"https:\/\/noticiasmercedinas.com\/site\/wp-content\/uploads\/2020\/01\/f608x342-200296_230019_04680317775724302754.jpg\" alt=\"\" width=\"640\" height=\"360\" srcset=\"https:\/\/noticiasmercedinas.com\/site\/wp-content\/uploads\/2020\/01\/f608x342-200296_230019_04680317775724302754.jpg 608w, https:\/\/noticiasmercedinas.com\/site\/wp-content\/uploads\/2020\/01\/f608x342-200296_230019_04680317775724302754-300x169.jpg 300w\" sizes=\"auto, (max-width: 640px) 100vw, 640px\" \/><\/p>\n<p>Este mi\u00e9rcoles a partir de las 9 horas, en calles 134 y 43, se llevar\u00e1 adelante la primera entrega del programa Mi Terreno, que fue lanzado hacia finales del a\u00f1o 2018 por el intendente Juan Ustarroz. En este acto se har\u00eda presente la Ministra de Desarrollo Territorial y H\u00e1bitat de la Naci\u00f3n Argentina, Mar\u00eda Eugenia Bielsa y el Ministro de Infraestructura de la provincia, Agust\u00edn Simone, entre otras autoridades.<\/p>\n<p><strong>Programa<\/strong><br \/>\nComo se recordar\u00e1 luego de la inscripci\u00f3n \u2013con la cual se conformaron cerca de 3 mil expedientes- se comenzaron a llevar adelante los sorteos ante escribano p\u00fablico, luego se publicaron el listado de los ganadores para que cualquier vecino de la ciudad realizara las impugnaciones (con reserva de identidad) que creyera conveniente.<\/p>\n<p>\u201cCon el sistema de impugnaciones, con la tarea realizada desde la direcci\u00f3n y con el entrecruzamiento de datos a la fecha hemos procedido a dar de baja a cerca de 300 inscriptos, por distintos motivos. Pero nunca se vulner\u00f3 del debido proceso\u201d, explic\u00f3 la abogada Valeria Ilarraz, directora interina de Tierras y H\u00e1bitat.<\/p>\n<p>Vale destacar que el proceso adem\u00e1s establec\u00eda que cada uno de los beneficiarios deb\u00eda llevar traer \u2013a su costo- un informe emitido por el Registro de la Propiedad Inmueble donde constara que no ten\u00eda inmuebles a su nombre. El mismo informe deb\u00eda ser emitido para cualquier adulto mayor que conforme el grupo familiar denunciado, el que deb\u00eda coincidir con el relevado por personal municipal al momento de realizar el informe socio ambiental.<\/p>\n<p>Tras esa labor burocr\u00e1tica administrativa \u201cque busca otorgar certezas sobre que los beneficiarios no tengan ni posesi\u00f3n, ni titularidad, ni hayan recibido previamente ayuda del estado para construir una vivienda\u201d seg\u00fan sostuvo Ilarraz; se procedi\u00f3 a la pre adjudicaci\u00f3n en un acto que en su momento se realiz\u00f3 en el despacho del jefe comunal.<\/p>\n<p>Ahora, tras varias tareas vinculadas a la registraci\u00f3n, aprobaci\u00f3n de planos, apertura y consolidado de calles se proceder\u00e1 a la entregar de la posesi\u00f3n, como el primer paso de adquirir el dominio.<\/p>\n<p><strong>El acto<\/strong><br \/>\nFinalmente este mi\u00e9rcoles se entregar\u00e1n 46 lotes del barrio Favaloro II; en calles 134 y 43 ocasi\u00f3n para la cual se les ha informado a todos los beneficiarios. La realizaci\u00f3n es de suma relevancia por la cual los sorteados pasar\u00e1n a ser due\u00f1os de los terrenos con los cargos que prev\u00e9 el programa entre los cuales se encuentra la obligatoriedad de comenzar a construir en un plazo ya estipulado.<\/p>\n<p><strong>Mi Casa<\/strong><br \/>\nEntre los beneficiarios se encuentran 18 familias que oportunamente fueron beneficiados con el programa \u201cMi Casa\u201d, de Desarrollo Social, con la cual tendr\u00e1n la oportunidad de financiar tambi\u00e9n los materiales para la construcci\u00f3n de una vivienda de 46 metros cuadrados.<\/p>\n<p>Los terrenos son \u00edntegramente financiados en 120 cuotas con una hipoteca de primer grado a favor de la municipalidad de Mercedes. \u201cVamos a ser muy exigentes con el tema del pago de las cuotas por cuanto este es un programa solidario que si o si requiere que todos los vecinos abonen las cuotas para poder hacer sustentable en el tiempo el programa\u201d, sostuvo Ilarraz.<\/p>\n<p>Desde la Direcci\u00f3n de Tierras agradecieron la labor realizada por todas las \u00e1reas comunales involucradas en el programa, especialmente la que realizaron las \u00faltimas semanas desde servicios p\u00fablicos con la consolidaci\u00f3n de las calles del barrio. \u201cSostenemos que este es un primer paso muy importante en este programa impulsado por el intendente Ustarroz tras la decisi\u00f3n pol\u00edtica de darle jerarqu\u00eda de direcci\u00f3n a esta \u00e1rea; aspiramos a que sea solo el comienzo del sue\u00f1o de resolver el d\u00e9ficit habitacional existente en Mercedes y poder garantizarle a los mercedinos el derecho constitucional de una vivienda digna y propia\u201d, concluy\u00f3.<\/p>\n","protected":false},"excerpt":{"rendered":"<p>La ministra de Vivienda ser\u00eda parte de un nuevo acto del programa \u201cMi Terreno\u201d Este mi\u00e9rcoles a partir de las 9 horas, en calles 134 y 43, se llevar\u00e1 adelante la primera entrega del programa Mi Terreno, que fue lanzado hacia finales del a\u00f1o 2018 por el intendente Juan Ustarroz. En este acto se har\u00eda [&hellip;]<\/p>\n","protected":false},"author":2,"featured_media":38532,"comment_status":"open","ping_status":"open","sticky":false,"template":"","format":"standard","meta":{"footnotes":""},"categories":[16],"tags":[7195,8169,8168,545,1458,1343,1344],"class_list":["post-38531","post","type-post","status-publish","format-standard","has-post-thumbnail","hentry","category-politica","tag-agustin-simone","tag-habitat","tag-maria-eugenia-bielsa","tag-mi-casa","tag-mi-terreno","tag-terrenos","tag-vivienda"],"yoast_head":"<!-- This site is optimized with the Yoast SEO plugin v27.4 - https:\/\/yoast.com\/product\/yoast-seo-wordpress\/ -->\n<title>Autoridades nacionales y provinciales llegan a la entrega de 46 lotes<\/title>\n<meta name=\"robots\" content=\"index, follow, max-snippet:-1, max-image-preview:large, max-video-preview:-1\" \/>\n<link rel=\"canonical\" href=\"https:\/\/noticiasmercedinas.com\/site\/2020\/01\/28\/autoridades-nacionales-y-provinciales-llegan-a-la-entrega-de-46-lotes\/\" \/>\n<meta property=\"og:locale\" content=\"es_ES\" \/>\n<meta property=\"og:type\" content=\"article\" \/>\n<meta property=\"og:title\" content=\"Autoridades nacionales y provinciales llegan a la entrega de 46 lotes\" \/>\n<meta property=\"og:description\" content=\"La ministra de Vivienda ser\u00eda parte de un nuevo acto del programa \u201cMi Terreno\u201d Este mi\u00e9rcoles a partir de las 9 horas, en calles 134 y 43, se llevar\u00e1 adelante la primera entrega del programa Mi Terreno, que fue lanzado hacia finales del a\u00f1o 2018 por el intendente Juan Ustarroz. En este acto se har\u00eda [&hellip;]\" \/>\n<meta property=\"og:url\" content=\"https:\/\/noticiasmercedinas.com\/site\/2020\/01\/28\/autoridades-nacionales-y-provinciales-llegan-a-la-entrega-de-46-lotes\/\" \/>\n<meta property=\"og:site_name\" content=\"NOTICIASMERCEDINAS.COM\" \/>\n<meta property=\"article:publisher\" content=\"https:\/\/www.facebook.com\/noticiasmercedinas\/\" \/>\n<meta property=\"article:author\" content=\"https:\/\/www.facebook.com\/cristian.falabella\" \/>\n<meta property=\"article:published_time\" content=\"2020-01-28T15:00:32+00:00\" \/>\n<meta property=\"article:modified_time\" content=\"2020-01-29T12:07:48+00:00\" \/>\n<meta property=\"og:image\" content=\"https:\/\/noticiasmercedinas.com\/site\/wp-content\/uploads\/2020\/01\/f608x342-200296_230019_04680317775724302754.jpg\" \/>\n\t<meta property=\"og:image:width\" content=\"608\" \/>\n\t<meta property=\"og:image:height\" content=\"342\" \/>\n\t<meta property=\"og:image:type\" content=\"image\/jpeg\" \/>\n<meta name=\"author\" content=\"Cristian Falabella NOTICIASMERCEDINAS.COM\" \/>\n<meta name=\"twitter:card\" content=\"summary_large_image\" \/>\n<meta name=\"twitter:creator\" content=\"@https:\/\/twitter.com\/NOTMERCEDINAS\" \/>\n<meta name=\"twitter:site\" content=\"@notmercedinas\" \/>\n<meta name=\"twitter:label1\" content=\"Escrito por\" \/>\n\t<meta name=\"twitter:data1\" content=\"Cristian Falabella NOTICIASMERCEDINAS.COM\" \/>\n\t<meta name=\"twitter:label2\" content=\"Tiempo de lectura\" \/>\n\t<meta name=\"twitter:data2\" content=\"3 minutos\" \/>\n<script type=\"application\/ld+json\" class=\"yoast-schema-graph\">{\"@context\":\"https:\\\/\\\/schema.org\",\"@graph\":[{\"@type\":\"Article\",\"@id\":\"https:\\\/\\\/noticiasmercedinas.com\\\/site\\\/2020\\\/01\\\/28\\\/autoridades-nacionales-y-provinciales-llegan-a-la-entrega-de-46-lotes\\\/#article\",\"isPartOf\":{\"@id\":\"https:\\\/\\\/noticiasmercedinas.com\\\/site\\\/2020\\\/01\\\/28\\\/autoridades-nacionales-y-provinciales-llegan-a-la-entrega-de-46-lotes\\\/\"},\"author\":{\"name\":\"Cristian Falabella NOTICIASMERCEDINAS.COM\",\"@id\":\"https:\\\/\\\/noticiasmercedinas.com\\\/site\\\/#\\\/schema\\\/person\\\/d481a9696a5feaec13a60e2bbd991a6a\"},\"headline\":\"Autoridades nacionales y provinciales llegan a la entrega de 46 lotes\",\"datePublished\":\"2020-01-28T15:00:32+00:00\",\"dateModified\":\"2020-01-29T12:07:48+00:00\",\"mainEntityOfPage\":{\"@id\":\"https:\\\/\\\/noticiasmercedinas.com\\\/site\\\/2020\\\/01\\\/28\\\/autoridades-nacionales-y-provinciales-llegan-a-la-entrega-de-46-lotes\\\/\"},\"wordCount\":663,\"commentCount\":0,\"publisher\":{\"@id\":\"https:\\\/\\\/noticiasmercedinas.com\\\/site\\\/#organization\"},\"image\":{\"@id\":\"https:\\\/\\\/noticiasmercedinas.com\\\/site\\\/2020\\\/01\\\/28\\\/autoridades-nacionales-y-provinciales-llegan-a-la-entrega-de-46-lotes\\\/#primaryimage\"},\"thumbnailUrl\":\"https:\\\/\\\/noticiasmercedinas.com\\\/site\\\/wp-content\\\/uploads\\\/2020\\\/01\\\/f608x342-200296_230019_04680317775724302754.jpg\",\"keywords\":[\"Agust\u00edn Simone\",\"h\u00e1bitat\",\"Mar\u00eda eugenia Bielsa\",\"mi casa\",\"mi terreno\",\"terrenos\",\"vivienda\"],\"articleSection\":[\"Politica\"],\"inLanguage\":\"es\",\"potentialAction\":[{\"@type\":\"CommentAction\",\"name\":\"Comment\",\"target\":[\"https:\\\/\\\/noticiasmercedinas.com\\\/site\\\/2020\\\/01\\\/28\\\/autoridades-nacionales-y-provinciales-llegan-a-la-entrega-de-46-lotes\\\/#respond\"]}]},{\"@type\":\"WebPage\",\"@id\":\"https:\\\/\\\/noticiasmercedinas.com\\\/site\\\/2020\\\/01\\\/28\\\/autoridades-nacionales-y-provinciales-llegan-a-la-entrega-de-46-lotes\\\/\",\"url\":\"https:\\\/\\\/noticiasmercedinas.com\\\/site\\\/2020\\\/01\\\/28\\\/autoridades-nacionales-y-provinciales-llegan-a-la-entrega-de-46-lotes\\\/\",\"name\":\"Autoridades nacionales y provinciales llegan a la entrega de 46 lotes\",\"isPartOf\":{\"@id\":\"https:\\\/\\\/noticiasmercedinas.com\\\/site\\\/#website\"},\"primaryImageOfPage\":{\"@id\":\"https:\\\/\\\/noticiasmercedinas.com\\\/site\\\/2020\\\/01\\\/28\\\/autoridades-nacionales-y-provinciales-llegan-a-la-entrega-de-46-lotes\\\/#primaryimage\"},\"image\":{\"@id\":\"https:\\\/\\\/noticiasmercedinas.com\\\/site\\\/2020\\\/01\\\/28\\\/autoridades-nacionales-y-provinciales-llegan-a-la-entrega-de-46-lotes\\\/#primaryimage\"},\"thumbnailUrl\":\"https:\\\/\\\/noticiasmercedinas.com\\\/site\\\/wp-content\\\/uploads\\\/2020\\\/01\\\/f608x342-200296_230019_04680317775724302754.jpg\",\"datePublished\":\"2020-01-28T15:00:32+00:00\",\"dateModified\":\"2020-01-29T12:07:48+00:00\",\"breadcrumb\":{\"@id\":\"https:\\\/\\\/noticiasmercedinas.com\\\/site\\\/2020\\\/01\\\/28\\\/autoridades-nacionales-y-provinciales-llegan-a-la-entrega-de-46-lotes\\\/#breadcrumb\"},\"inLanguage\":\"es\",\"potentialAction\":[{\"@type\":\"ReadAction\",\"target\":[\"https:\\\/\\\/noticiasmercedinas.com\\\/site\\\/2020\\\/01\\\/28\\\/autoridades-nacionales-y-provinciales-llegan-a-la-entrega-de-46-lotes\\\/\"]}]},{\"@type\":\"ImageObject\",\"inLanguage\":\"es\",\"@id\":\"https:\\\/\\\/noticiasmercedinas.com\\\/site\\\/2020\\\/01\\\/28\\\/autoridades-nacionales-y-provinciales-llegan-a-la-entrega-de-46-lotes\\\/#primaryimage\",\"url\":\"https:\\\/\\\/noticiasmercedinas.com\\\/site\\\/wp-content\\\/uploads\\\/2020\\\/01\\\/f608x342-200296_230019_04680317775724302754.jpg\",\"contentUrl\":\"https:\\\/\\\/noticiasmercedinas.com\\\/site\\\/wp-content\\\/uploads\\\/2020\\\/01\\\/f608x342-200296_230019_04680317775724302754.jpg\",\"width\":608,\"height\":342},{\"@type\":\"BreadcrumbList\",\"@id\":\"https:\\\/\\\/noticiasmercedinas.com\\\/site\\\/2020\\\/01\\\/28\\\/autoridades-nacionales-y-provinciales-llegan-a-la-entrega-de-46-lotes\\\/#breadcrumb\",\"itemListElement\":[{\"@type\":\"ListItem\",\"position\":1,\"name\":\"Portada\",\"item\":\"https:\\\/\\\/noticiasmercedinas.com\\\/site\\\/\"},{\"@type\":\"ListItem\",\"position\":2,\"name\":\"Autoridades nacionales y provinciales llegan a la entrega de 46 lotes\"}]},{\"@type\":\"WebSite\",\"@id\":\"https:\\\/\\\/noticiasmercedinas.com\\\/site\\\/#website\",\"url\":\"https:\\\/\\\/noticiasmercedinas.com\\\/site\\\/\",\"name\":\"NOTICIASMERCEDINAS.COM\",\"description\":\"Mercedes, Buenos Aires, Argentina\",\"publisher\":{\"@id\":\"https:\\\/\\\/noticiasmercedinas.com\\\/site\\\/#organization\"},\"potentialAction\":[{\"@type\":\"SearchAction\",\"target\":{\"@type\":\"EntryPoint\",\"urlTemplate\":\"https:\\\/\\\/noticiasmercedinas.com\\\/site\\\/?s={search_term_string}\"},\"query-input\":{\"@type\":\"PropertyValueSpecification\",\"valueRequired\":true,\"valueName\":\"search_term_string\"}}],\"inLanguage\":\"es\"},{\"@type\":\"Organization\",\"@id\":\"https:\\\/\\\/noticiasmercedinas.com\\\/site\\\/#organization\",\"name\":\"NOTICIASMERCEDINAS.COM\",\"url\":\"https:\\\/\\\/noticiasmercedinas.com\\\/site\\\/\",\"logo\":{\"@type\":\"ImageObject\",\"inLanguage\":\"es\",\"@id\":\"https:\\\/\\\/noticiasmercedinas.com\\\/site\\\/#\\\/schema\\\/logo\\\/image\\\/\",\"url\":\"https:\\\/\\\/noticiasmercedinas.com\\\/site\\\/wp-content\\\/uploads\\\/2020\\\/06\\\/LOGO-512.jpg\",\"contentUrl\":\"https:\\\/\\\/noticiasmercedinas.com\\\/site\\\/wp-content\\\/uploads\\\/2020\\\/06\\\/LOGO-512.jpg\",\"width\":512,\"height\":512,\"caption\":\"NOTICIASMERCEDINAS.COM\"},\"image\":{\"@id\":\"https:\\\/\\\/noticiasmercedinas.com\\\/site\\\/#\\\/schema\\\/logo\\\/image\\\/\"},\"sameAs\":[\"https:\\\/\\\/www.facebook.com\\\/noticiasmercedinas\\\/\",\"https:\\\/\\\/x.com\\\/notmercedinas\",\"https:\\\/\\\/www.instagram.com\\\/noticiasmercedinas\\\/\"]},{\"@type\":\"Person\",\"@id\":\"https:\\\/\\\/noticiasmercedinas.com\\\/site\\\/#\\\/schema\\\/person\\\/d481a9696a5feaec13a60e2bbd991a6a\",\"name\":\"Cristian Falabella NOTICIASMERCEDINAS.COM\",\"image\":{\"@type\":\"ImageObject\",\"inLanguage\":\"es\",\"@id\":\"https:\\\/\\\/secure.gravatar.com\\\/avatar\\\/0dbbfc45970cc46bcd0e57766228574ff3511d6eed045b182f536f0f478c1f06?s=96&d=mm&r=g\",\"url\":\"https:\\\/\\\/secure.gravatar.com\\\/avatar\\\/0dbbfc45970cc46bcd0e57766228574ff3511d6eed045b182f536f0f478c1f06?s=96&d=mm&r=g\",\"contentUrl\":\"https:\\\/\\\/secure.gravatar.com\\\/avatar\\\/0dbbfc45970cc46bcd0e57766228574ff3511d6eed045b182f536f0f478c1f06?s=96&d=mm&r=g\",\"caption\":\"Cristian Falabella NOTICIASMERCEDINAS.COM\"},\"description\":\"Periodista, editor de Noticias Mercedinas. Pas\u00f3 por varias redacciones y emprendimientos de prensa, en distintos formatos y \u00e9pocas. Se especializ\u00f3 --y sigue haci\u00e9ndolo-- en comunicaci\u00f3n en la web y en junio de 2006 fund\u00f3 este diario digital.\",\"sameAs\":[\"https:\\\/\\\/noticiasmercedinas.com\",\"https:\\\/\\\/www.facebook.com\\\/cristian.falabella\",\"https:\\\/\\\/www.instagram.com\\\/noticiasmercedinas\\\/\",\"https:\\\/\\\/x.com\\\/https:\\\/\\\/twitter.com\\\/NOTMERCEDINAS\"],\"url\":\"https:\\\/\\\/noticiasmercedinas.com\\\/site\\\/author\\\/as000384\\\/\"}]}<\/script>\n<!-- \/ Yoast SEO plugin. -->","yoast_head_json":{"title":"Autoridades nacionales y provinciales llegan a la entrega de 46 lotes","robots":{"index":"index","follow":"follow","max-snippet":"max-snippet:-1","max-image-preview":"max-image-preview:large","max-video-preview":"max-video-preview:-1"},"canonical":"https:\/\/noticiasmercedinas.com\/site\/2020\/01\/28\/autoridades-nacionales-y-provinciales-llegan-a-la-entrega-de-46-lotes\/","og_locale":"es_ES","og_type":"article","og_title":"Autoridades nacionales y provinciales llegan a la entrega de 46 lotes","og_description":"La ministra de Vivienda ser\u00eda parte de un nuevo acto del programa \u201cMi Terreno\u201d Este mi\u00e9rcoles a partir de las 9 horas, en calles 134 y 43, se llevar\u00e1 adelante la primera entrega del programa Mi Terreno, que fue lanzado hacia finales del a\u00f1o 2018 por el intendente Juan Ustarroz. En este acto se har\u00eda [&hellip;]","og_url":"https:\/\/noticiasmercedinas.com\/site\/2020\/01\/28\/autoridades-nacionales-y-provinciales-llegan-a-la-entrega-de-46-lotes\/","og_site_name":"NOTICIASMERCEDINAS.COM","article_publisher":"https:\/\/www.facebook.com\/noticiasmercedinas\/","article_author":"https:\/\/www.facebook.com\/cristian.falabella","article_published_time":"2020-01-28T15:00:32+00:00","article_modified_time":"2020-01-29T12:07:48+00:00","og_image":[{"width":608,"height":342,"url":"https:\/\/noticiasmercedinas.com\/site\/wp-content\/uploads\/2020\/01\/f608x342-200296_230019_04680317775724302754.jpg","type":"image\/jpeg"}],"author":"Cristian Falabella NOTICIASMERCEDINAS.COM","twitter_card":"summary_large_image","twitter_creator":"@https:\/\/twitter.com\/NOTMERCEDINAS","twitter_site":"@notmercedinas","twitter_misc":{"Escrito por":"Cristian Falabella NOTICIASMERCEDINAS.COM","Tiempo de lectura":"3 minutos"},"schema":{"@context":"https:\/\/schema.org","@graph":[{"@type":"Article","@id":"https:\/\/noticiasmercedinas.com\/site\/2020\/01\/28\/autoridades-nacionales-y-provinciales-llegan-a-la-entrega-de-46-lotes\/#article","isPartOf":{"@id":"https:\/\/noticiasmercedinas.com\/site\/2020\/01\/28\/autoridades-nacionales-y-provinciales-llegan-a-la-entrega-de-46-lotes\/"},"author":{"name":"Cristian Falabella NOTICIASMERCEDINAS.COM","@id":"https:\/\/noticiasmercedinas.com\/site\/#\/schema\/person\/d481a9696a5feaec13a60e2bbd991a6a"},"headline":"Autoridades nacionales y provinciales llegan a la entrega de 46 lotes","datePublished":"2020-01-28T15:00:32+00:00","dateModified":"2020-01-29T12:07:48+00:00","mainEntityOfPage":{"@id":"https:\/\/noticiasmercedinas.com\/site\/2020\/01\/28\/autoridades-nacionales-y-provinciales-llegan-a-la-entrega-de-46-lotes\/"},"wordCount":663,"commentCount":0,"publisher":{"@id":"https:\/\/noticiasmercedinas.com\/site\/#organization"},"image":{"@id":"https:\/\/noticiasmercedinas.com\/site\/2020\/01\/28\/autoridades-nacionales-y-provinciales-llegan-a-la-entrega-de-46-lotes\/#primaryimage"},"thumbnailUrl":"https:\/\/noticiasmercedinas.com\/site\/wp-content\/uploads\/2020\/01\/f608x342-200296_230019_04680317775724302754.jpg","keywords":["Agust\u00edn Simone","h\u00e1bitat","Mar\u00eda eugenia Bielsa","mi casa","mi terreno","terrenos","vivienda"],"articleSection":["Politica"],"inLanguage":"es","potentialAction":[{"@type":"CommentAction","name":"Comment","target":["https:\/\/noticiasmercedinas.com\/site\/2020\/01\/28\/autoridades-nacionales-y-provinciales-llegan-a-la-entrega-de-46-lotes\/#respond"]}]},{"@type":"WebPage","@id":"https:\/\/noticiasmercedinas.com\/site\/2020\/01\/28\/autoridades-nacionales-y-provinciales-llegan-a-la-entrega-de-46-lotes\/","url":"https:\/\/noticiasmercedinas.com\/site\/2020\/01\/28\/autoridades-nacionales-y-provinciales-llegan-a-la-entrega-de-46-lotes\/","name":"Autoridades nacionales y provinciales llegan a la entrega de 46 lotes","isPartOf":{"@id":"https:\/\/noticiasmercedinas.com\/site\/#website"},"primaryImageOfPage":{"@id":"https:\/\/noticiasmercedinas.com\/site\/2020\/01\/28\/autoridades-nacionales-y-provinciales-llegan-a-la-entrega-de-46-lotes\/#primaryimage"},"image":{"@id":"https:\/\/noticiasmercedinas.com\/site\/2020\/01\/28\/autoridades-nacionales-y-provinciales-llegan-a-la-entrega-de-46-lotes\/#primaryimage"},"thumbnailUrl":"https:\/\/noticiasmercedinas.com\/site\/wp-content\/uploads\/2020\/01\/f608x342-200296_230019_04680317775724302754.jpg","datePublished":"2020-01-28T15:00:32+00:00","dateModified":"2020-01-29T12:07:48+00:00","breadcrumb":{"@id":"https:\/\/noticiasmercedinas.com\/site\/2020\/01\/28\/autoridades-nacionales-y-provinciales-llegan-a-la-entrega-de-46-lotes\/#breadcrumb"},"inLanguage":"es","potentialAction":[{"@type":"ReadAction","target":["https:\/\/noticiasmercedinas.com\/site\/2020\/01\/28\/autoridades-nacionales-y-provinciales-llegan-a-la-entrega-de-46-lotes\/"]}]},{"@type":"ImageObject","inLanguage":"es","@id":"https:\/\/noticiasmercedinas.com\/site\/2020\/01\/28\/autoridades-nacionales-y-provinciales-llegan-a-la-entrega-de-46-lotes\/#primaryimage","url":"https:\/\/noticiasmercedinas.com\/site\/wp-content\/uploads\/2020\/01\/f608x342-200296_230019_04680317775724302754.jpg","contentUrl":"https:\/\/noticiasmercedinas.com\/site\/wp-content\/uploads\/2020\/01\/f608x342-200296_230019_04680317775724302754.jpg","width":608,"height":342},{"@type":"BreadcrumbList","@id":"https:\/\/noticiasmercedinas.com\/site\/2020\/01\/28\/autoridades-nacionales-y-provinciales-llegan-a-la-entrega-de-46-lotes\/#breadcrumb","itemListElement":[{"@type":"ListItem","position":1,"name":"Portada","item":"https:\/\/noticiasmercedinas.com\/site\/"},{"@type":"ListItem","position":2,"name":"Autoridades nacionales y provinciales llegan a la entrega de 46 lotes"}]},{"@type":"WebSite","@id":"https:\/\/noticiasmercedinas.com\/site\/#website","url":"https:\/\/noticiasmercedinas.com\/site\/","name":"NOTICIASMERCEDINAS.COM","description":"Mercedes, Buenos Aires, Argentina","publisher":{"@id":"https:\/\/noticiasmercedinas.com\/site\/#organization"},"potentialAction":[{"@type":"SearchAction","target":{"@type":"EntryPoint","urlTemplate":"https:\/\/noticiasmercedinas.com\/site\/?s={search_term_string}"},"query-input":{"@type":"PropertyValueSpecification","valueRequired":true,"valueName":"search_term_string"}}],"inLanguage":"es"},{"@type":"Organization","@id":"https:\/\/noticiasmercedinas.com\/site\/#organization","name":"NOTICIASMERCEDINAS.COM","url":"https:\/\/noticiasmercedinas.com\/site\/","logo":{"@type":"ImageObject","inLanguage":"es","@id":"https:\/\/noticiasmercedinas.com\/site\/#\/schema\/logo\/image\/","url":"https:\/\/noticiasmercedinas.com\/site\/wp-content\/uploads\/2020\/06\/LOGO-512.jpg","contentUrl":"https:\/\/noticiasmercedinas.com\/site\/wp-content\/uploads\/2020\/06\/LOGO-512.jpg","width":512,"height":512,"caption":"NOTICIASMERCEDINAS.COM"},"image":{"@id":"https:\/\/noticiasmercedinas.com\/site\/#\/schema\/logo\/image\/"},"sameAs":["https:\/\/www.facebook.com\/noticiasmercedinas\/","https:\/\/x.com\/notmercedinas","https:\/\/www.instagram.com\/noticiasmercedinas\/"]},{"@type":"Person","@id":"https:\/\/noticiasmercedinas.com\/site\/#\/schema\/person\/d481a9696a5feaec13a60e2bbd991a6a","name":"Cristian Falabella NOTICIASMERCEDINAS.COM","image":{"@type":"ImageObject","inLanguage":"es","@id":"https:\/\/secure.gravatar.com\/avatar\/0dbbfc45970cc46bcd0e57766228574ff3511d6eed045b182f536f0f478c1f06?s=96&d=mm&r=g","url":"https:\/\/secure.gravatar.com\/avatar\/0dbbfc45970cc46bcd0e57766228574ff3511d6eed045b182f536f0f478c1f06?s=96&d=mm&r=g","contentUrl":"https:\/\/secure.gravatar.com\/avatar\/0dbbfc45970cc46bcd0e57766228574ff3511d6eed045b182f536f0f478c1f06?s=96&d=mm&r=g","caption":"Cristian Falabella NOTICIASMERCEDINAS.COM"},"description":"Periodista, editor de Noticias Mercedinas. Pas\u00f3 por varias redacciones y emprendimientos de prensa, en distintos formatos y \u00e9pocas. Se especializ\u00f3 --y sigue haci\u00e9ndolo-- en comunicaci\u00f3n en la web y en junio de 2006 fund\u00f3 este diario digital.","sameAs":["https:\/\/noticiasmercedinas.com","https:\/\/www.facebook.com\/cristian.falabella","https:\/\/www.instagram.com\/noticiasmercedinas\/","https:\/\/x.com\/https:\/\/twitter.com\/NOTMERCEDINAS"],"url":"https:\/\/noticiasmercedinas.com\/site\/author\/as000384\/"}]}},"amp_enabled":true,"_links":{"self":[{"href":"https:\/\/noticiasmercedinas.com\/site\/wp-json\/wp\/v2\/posts\/38531","targetHints":{"allow":["GET"]}}],"collection":[{"href":"https:\/\/noticiasmercedinas.com\/site\/wp-json\/wp\/v2\/posts"}],"about":[{"href":"https:\/\/noticiasmercedinas.com\/site\/wp-json\/wp\/v2\/types\/post"}],"author":[{"embeddable":true,"href":"https:\/\/noticiasmercedinas.com\/site\/wp-json\/wp\/v2\/users\/2"}],"replies":[{"embeddable":true,"href":"https:\/\/noticiasmercedinas.com\/site\/wp-json\/wp\/v2\/comments?post=38531"}],"version-history":[{"count":2,"href":"https:\/\/noticiasmercedinas.com\/site\/wp-json\/wp\/v2\/posts\/38531\/revisions"}],"predecessor-version":[{"id":38587,"href":"https:\/\/noticiasmercedinas.com\/site\/wp-json\/wp\/v2\/posts\/38531\/revisions\/38587"}],"wp:featuredmedia":[{"embeddable":true,"href":"https:\/\/noticiasmercedinas.com\/site\/wp-json\/wp\/v2\/media\/38532"}],"wp:attachment":[{"href":"https:\/\/noticiasmercedinas.com\/site\/wp-json\/wp\/v2\/media?parent=38531"}],"wp:term":[{"taxonomy":"category","embeddable":true,"href":"https:\/\/noticiasmercedinas.com\/site\/wp-json\/wp\/v2\/categories?post=38531"},{"taxonomy":"post_tag","embeddable":true,"href":"https:\/\/noticiasmercedinas.com\/site\/wp-json\/wp\/v2\/tags?post=38531"}],"curies":[{"name":"wp","href":"https:\/\/api.w.org\/{rel}","templated":true}]}}