{"id":3861,"date":"2018-10-08T17:28:29","date_gmt":"2018-10-08T20:28:29","guid":{"rendered":"https:\/\/noticiasmercedinas.com\/site\/?p=3861"},"modified":"2018-10-08T17:33:09","modified_gmt":"2018-10-08T20:33:09","slug":"tarifazos-desde-el-pc-mercedes-llaman-a-no-pagar-24-cuotas-extras-de-gas","status":"publish","type":"post","link":"https:\/\/noticiasmercedinas.com\/site\/2018\/10\/08\/tarifazos-desde-el-pc-mercedes-llaman-a-no-pagar-24-cuotas-extras-de-gas\/","title":{"rendered":"Tarifazos: desde el PC Mercedes llaman a \u201cno pagar\u201d 24 cuotas extras de gas"},"content":{"rendered":"<p>\u201cEsta es una movida que alientan desde el PC en varias localidades. No paguemos el robo\u201d, sostuvo el referente del Partido Comunista de Mercedes, <strong>Pablo Stasiuk<\/strong>.<\/p>\n<p><img loading=\"lazy\" decoding=\"async\" class=\"alignnone size-full wp-image-3862\" src=\"https:\/\/noticiasmercedinas.com\/site\/wp-content\/uploads\/2018\/10\/43433796_1719193988203332_5419597928337506304_n.jpg\" alt=\"\" width=\"654\" height=\"756\" srcset=\"https:\/\/noticiasmercedinas.com\/site\/wp-content\/uploads\/2018\/10\/43433796_1719193988203332_5419597928337506304_n.jpg 654w, https:\/\/noticiasmercedinas.com\/site\/wp-content\/uploads\/2018\/10\/43433796_1719193988203332_5419597928337506304_n-260x300.jpg 260w, https:\/\/noticiasmercedinas.com\/site\/wp-content\/uploads\/2018\/10\/43433796_1719193988203332_5419597928337506304_n-640x740.jpg 640w\" sizes=\"auto, (max-width: 654px) 100vw, 654px\" \/><\/p>\n<p>Lo que cuestionan es la medida de la Naci\u00f3n que habilita a las prestatarias a cobrarle a los usuarios a partir de enero de 2019 un extra en 24 cuotas mensuales para cubrir las deudas que generaron con las petroleras por el salto que peg\u00f3 el d\u00f3lar entre abril y septiembre, lo que encarecer\u00e1 a\u00fan m\u00e1s el servicio que acaba de subir un 35%.<\/p>\n<p>\u201cA partir de enero los mercedinos deberemos pagar 24 cuotas de alrededor de $700 para mantener la tasa de ganancia de las empresas de gas\u201d, destacan.<\/p>\n<p>\u201cEso es aparte de los tarifazos ya vigentes y del aumento del 35% que se viene. Desde hace tres a\u00f1os viene quedando claro que las v\u00edas judiciales no traen soluciones a los usuarios ante \u00e9ste robo. Es momento de organizarse para el NO PAGO de \u00e9ste robo. \u00bfEl primer paso?: DECIDIRSE A NO PAGAR y despu\u00e9s convencer a otros usuarios, vecinos, familiares, para que se sumen al #YONOPAGO\u201d, sostuvo Stasiuk.<\/p>\n<p>\u201cNo convalidemos el saqueo. No a los Tarifazos\u201d, dicen desde el PC Mercedes.<\/p>\n<p>Y en cuanto a lo que sostuvo <strong><a href=\"https:\/\/noticiasmercedinas.com\/site\/2018\/10\/08\/lorenzino-el-gobierno-solo-quiere-que-la-crisis-que-generaron-la-pague-la-gente\/\">el defensor del Pueblo bonaerense, Guido Lorenzino<\/a><\/strong>, en igual sinton\u00eda, Stasiuk indic\u00f3: \u201cSeguramente coincidamos. Esto sali\u00f3 como actividad de varias localidades ante los tarifazos y la noticia de tener que \u00abbancar\u00bb a la empresa por lo que no va a ganar (no por lo que va a perder) en 24 cuotas que van desde 500 a 1000 pesos. Ante la experiencia de que lo judicial tiene un l\u00edmite se propone la desobediencia civil\u201d.<\/p>\n<p>Adem\u00e1s de este llamado del PC Mercedes a no pagar, hay infinidad de im\u00e1genes en las redes sociales que hablan de la injusta medida que el gobierno de Macri est\u00e1 tomando con esto de las 24 cuotas \u00abcompensatorias\u00bb.<\/p>\n<p><img loading=\"lazy\" decoding=\"async\" class=\"alignnone size-full wp-image-3849\" src=\"https:\/\/noticiasmercedinas.com\/site\/wp-content\/uploads\/2018\/10\/IMG-20181008-WA0003.jpg\" alt=\"\" width=\"480\" height=\"576\" srcset=\"https:\/\/noticiasmercedinas.com\/site\/wp-content\/uploads\/2018\/10\/IMG-20181008-WA0003.jpg 480w, https:\/\/noticiasmercedinas.com\/site\/wp-content\/uploads\/2018\/10\/IMG-20181008-WA0003-250x300.jpg 250w\" sizes=\"auto, (max-width: 480px) 100vw, 480px\" \/><\/p>\n<p>&nbsp;<\/p>\n<p>&nbsp;<\/p>\n","protected":false},"excerpt":{"rendered":"<p>\u201cEsta es una movida que alientan desde el PC en varias localidades. No paguemos el robo\u201d, sostuvo el referente del Partido Comunista de Mercedes, Pablo Stasiuk. Lo que cuestionan es la medida de la Naci\u00f3n que habilita a las prestatarias a cobrarle a los usuarios a partir de enero de 2019 un extra en 24 [&hellip;]<\/p>\n","protected":false},"author":2,"featured_media":3862,"comment_status":"open","ping_status":"open","sticky":false,"template":"","format":"standard","meta":{"footnotes":""},"categories":[3],"tags":[1262,1265,336,1266,1264,1263],"class_list":["post-3861","post","type-post","status-publish","format-standard","has-post-thumbnail","hentry","category-sociedad","tag-24-cuotas","tag-desobediencia-civil","tag-gas","tag-pablo-stasiuk","tag-partido-comunista","tag-pc-mercedes"],"yoast_head":"<!-- This site is optimized with the Yoast SEO plugin v27.4 - https:\/\/yoast.com\/product\/yoast-seo-wordpress\/ -->\n<title>Tarifazos: desde el PC Mercedes llaman a \u201cno pagar\u201d 24 cuotas extras de gas<\/title>\n<meta name=\"robots\" content=\"index, follow, max-snippet:-1, max-image-preview:large, max-video-preview:-1\" \/>\n<link rel=\"canonical\" href=\"https:\/\/noticiasmercedinas.com\/site\/2018\/10\/08\/tarifazos-desde-el-pc-mercedes-llaman-a-no-pagar-24-cuotas-extras-de-gas\/\" \/>\n<meta property=\"og:locale\" content=\"es_ES\" \/>\n<meta property=\"og:type\" content=\"article\" \/>\n<meta property=\"og:title\" content=\"Tarifazos: desde el PC Mercedes llaman a \u201cno pagar\u201d 24 cuotas extras de gas\" \/>\n<meta property=\"og:description\" content=\"\u201cEsta es una movida que alientan desde el PC en varias localidades. No paguemos el robo\u201d, sostuvo el referente del Partido Comunista de Mercedes, Pablo Stasiuk. Lo que cuestionan es la medida de la Naci\u00f3n que habilita a las prestatarias a cobrarle a los usuarios a partir de enero de 2019 un extra en 24 [&hellip;]\" \/>\n<meta property=\"og:url\" content=\"https:\/\/noticiasmercedinas.com\/site\/2018\/10\/08\/tarifazos-desde-el-pc-mercedes-llaman-a-no-pagar-24-cuotas-extras-de-gas\/\" \/>\n<meta property=\"og:site_name\" content=\"NOTICIASMERCEDINAS.COM\" \/>\n<meta property=\"article:publisher\" content=\"https:\/\/www.facebook.com\/noticiasmercedinas\/\" \/>\n<meta property=\"article:author\" content=\"https:\/\/www.facebook.com\/cristian.falabella\" \/>\n<meta property=\"article:published_time\" content=\"2018-10-08T20:28:29+00:00\" \/>\n<meta property=\"article:modified_time\" content=\"2018-10-08T20:33:09+00:00\" \/>\n<meta property=\"og:image\" content=\"https:\/\/noticiasmercedinas.com\/site\/wp-content\/uploads\/2018\/10\/43433796_1719193988203332_5419597928337506304_n.jpg\" \/>\n\t<meta property=\"og:image:width\" content=\"654\" \/>\n\t<meta property=\"og:image:height\" content=\"756\" \/>\n\t<meta property=\"og:image:type\" content=\"image\/jpeg\" \/>\n<meta name=\"author\" content=\"Cristian Falabella NOTICIASMERCEDINAS.COM\" \/>\n<meta name=\"twitter:card\" content=\"summary_large_image\" \/>\n<meta name=\"twitter:creator\" content=\"@https:\/\/twitter.com\/NOTMERCEDINAS\" \/>\n<meta name=\"twitter:site\" content=\"@notmercedinas\" \/>\n<meta name=\"twitter:label1\" content=\"Escrito por\" \/>\n\t<meta name=\"twitter:data1\" content=\"Cristian Falabella NOTICIASMERCEDINAS.COM\" \/>\n\t<meta name=\"twitter:label2\" content=\"Tiempo de lectura\" \/>\n\t<meta name=\"twitter:data2\" content=\"2 minutos\" \/>\n<script type=\"application\/ld+json\" class=\"yoast-schema-graph\">{\"@context\":\"https:\\\/\\\/schema.org\",\"@graph\":[{\"@type\":\"Article\",\"@id\":\"https:\\\/\\\/noticiasmercedinas.com\\\/site\\\/2018\\\/10\\\/08\\\/tarifazos-desde-el-pc-mercedes-llaman-a-no-pagar-24-cuotas-extras-de-gas\\\/#article\",\"isPartOf\":{\"@id\":\"https:\\\/\\\/noticiasmercedinas.com\\\/site\\\/2018\\\/10\\\/08\\\/tarifazos-desde-el-pc-mercedes-llaman-a-no-pagar-24-cuotas-extras-de-gas\\\/\"},\"author\":{\"name\":\"Cristian Falabella NOTICIASMERCEDINAS.COM\",\"@id\":\"https:\\\/\\\/noticiasmercedinas.com\\\/site\\\/#\\\/schema\\\/person\\\/d481a9696a5feaec13a60e2bbd991a6a\"},\"headline\":\"Tarifazos: desde el PC Mercedes llaman a \u201cno pagar\u201d 24 cuotas extras de gas\",\"datePublished\":\"2018-10-08T20:28:29+00:00\",\"dateModified\":\"2018-10-08T20:33:09+00:00\",\"mainEntityOfPage\":{\"@id\":\"https:\\\/\\\/noticiasmercedinas.com\\\/site\\\/2018\\\/10\\\/08\\\/tarifazos-desde-el-pc-mercedes-llaman-a-no-pagar-24-cuotas-extras-de-gas\\\/\"},\"wordCount\":333,\"commentCount\":0,\"publisher\":{\"@id\":\"https:\\\/\\\/noticiasmercedinas.com\\\/site\\\/#organization\"},\"image\":{\"@id\":\"https:\\\/\\\/noticiasmercedinas.com\\\/site\\\/2018\\\/10\\\/08\\\/tarifazos-desde-el-pc-mercedes-llaman-a-no-pagar-24-cuotas-extras-de-gas\\\/#primaryimage\"},\"thumbnailUrl\":\"https:\\\/\\\/noticiasmercedinas.com\\\/site\\\/wp-content\\\/uploads\\\/2018\\\/10\\\/43433796_1719193988203332_5419597928337506304_n.jpg\",\"keywords\":[\"24 cuotas\",\"desobediencia civil\",\"gas\",\"pablo stasiuk\",\"partido comunista\",\"pc mercedes\"],\"articleSection\":[\"Sociedad\"],\"inLanguage\":\"es\",\"potentialAction\":[{\"@type\":\"CommentAction\",\"name\":\"Comment\",\"target\":[\"https:\\\/\\\/noticiasmercedinas.com\\\/site\\\/2018\\\/10\\\/08\\\/tarifazos-desde-el-pc-mercedes-llaman-a-no-pagar-24-cuotas-extras-de-gas\\\/#respond\"]}]},{\"@type\":\"WebPage\",\"@id\":\"https:\\\/\\\/noticiasmercedinas.com\\\/site\\\/2018\\\/10\\\/08\\\/tarifazos-desde-el-pc-mercedes-llaman-a-no-pagar-24-cuotas-extras-de-gas\\\/\",\"url\":\"https:\\\/\\\/noticiasmercedinas.com\\\/site\\\/2018\\\/10\\\/08\\\/tarifazos-desde-el-pc-mercedes-llaman-a-no-pagar-24-cuotas-extras-de-gas\\\/\",\"name\":\"Tarifazos: desde el PC Mercedes llaman a \u201cno pagar\u201d 24 cuotas extras de gas\",\"isPartOf\":{\"@id\":\"https:\\\/\\\/noticiasmercedinas.com\\\/site\\\/#website\"},\"primaryImageOfPage\":{\"@id\":\"https:\\\/\\\/noticiasmercedinas.com\\\/site\\\/2018\\\/10\\\/08\\\/tarifazos-desde-el-pc-mercedes-llaman-a-no-pagar-24-cuotas-extras-de-gas\\\/#primaryimage\"},\"image\":{\"@id\":\"https:\\\/\\\/noticiasmercedinas.com\\\/site\\\/2018\\\/10\\\/08\\\/tarifazos-desde-el-pc-mercedes-llaman-a-no-pagar-24-cuotas-extras-de-gas\\\/#primaryimage\"},\"thumbnailUrl\":\"https:\\\/\\\/noticiasmercedinas.com\\\/site\\\/wp-content\\\/uploads\\\/2018\\\/10\\\/43433796_1719193988203332_5419597928337506304_n.jpg\",\"datePublished\":\"2018-10-08T20:28:29+00:00\",\"dateModified\":\"2018-10-08T20:33:09+00:00\",\"breadcrumb\":{\"@id\":\"https:\\\/\\\/noticiasmercedinas.com\\\/site\\\/2018\\\/10\\\/08\\\/tarifazos-desde-el-pc-mercedes-llaman-a-no-pagar-24-cuotas-extras-de-gas\\\/#breadcrumb\"},\"inLanguage\":\"es\",\"potentialAction\":[{\"@type\":\"ReadAction\",\"target\":[\"https:\\\/\\\/noticiasmercedinas.com\\\/site\\\/2018\\\/10\\\/08\\\/tarifazos-desde-el-pc-mercedes-llaman-a-no-pagar-24-cuotas-extras-de-gas\\\/\"]}]},{\"@type\":\"ImageObject\",\"inLanguage\":\"es\",\"@id\":\"https:\\\/\\\/noticiasmercedinas.com\\\/site\\\/2018\\\/10\\\/08\\\/tarifazos-desde-el-pc-mercedes-llaman-a-no-pagar-24-cuotas-extras-de-gas\\\/#primaryimage\",\"url\":\"https:\\\/\\\/noticiasmercedinas.com\\\/site\\\/wp-content\\\/uploads\\\/2018\\\/10\\\/43433796_1719193988203332_5419597928337506304_n.jpg\",\"contentUrl\":\"https:\\\/\\\/noticiasmercedinas.com\\\/site\\\/wp-content\\\/uploads\\\/2018\\\/10\\\/43433796_1719193988203332_5419597928337506304_n.jpg\",\"width\":654,\"height\":756},{\"@type\":\"BreadcrumbList\",\"@id\":\"https:\\\/\\\/noticiasmercedinas.com\\\/site\\\/2018\\\/10\\\/08\\\/tarifazos-desde-el-pc-mercedes-llaman-a-no-pagar-24-cuotas-extras-de-gas\\\/#breadcrumb\",\"itemListElement\":[{\"@type\":\"ListItem\",\"position\":1,\"name\":\"Portada\",\"item\":\"https:\\\/\\\/noticiasmercedinas.com\\\/site\\\/\"},{\"@type\":\"ListItem\",\"position\":2,\"name\":\"Tarifazos: desde el PC Mercedes llaman a \u201cno pagar\u201d 24 cuotas extras de gas\"}]},{\"@type\":\"WebSite\",\"@id\":\"https:\\\/\\\/noticiasmercedinas.com\\\/site\\\/#website\",\"url\":\"https:\\\/\\\/noticiasmercedinas.com\\\/site\\\/\",\"name\":\"NOTICIASMERCEDINAS.COM\",\"description\":\"Mercedes, Buenos Aires, Argentina\",\"publisher\":{\"@id\":\"https:\\\/\\\/noticiasmercedinas.com\\\/site\\\/#organization\"},\"potentialAction\":[{\"@type\":\"SearchAction\",\"target\":{\"@type\":\"EntryPoint\",\"urlTemplate\":\"https:\\\/\\\/noticiasmercedinas.com\\\/site\\\/?s={search_term_string}\"},\"query-input\":{\"@type\":\"PropertyValueSpecification\",\"valueRequired\":true,\"valueName\":\"search_term_string\"}}],\"inLanguage\":\"es\"},{\"@type\":\"Organization\",\"@id\":\"https:\\\/\\\/noticiasmercedinas.com\\\/site\\\/#organization\",\"name\":\"NOTICIASMERCEDINAS.COM\",\"url\":\"https:\\\/\\\/noticiasmercedinas.com\\\/site\\\/\",\"logo\":{\"@type\":\"ImageObject\",\"inLanguage\":\"es\",\"@id\":\"https:\\\/\\\/noticiasmercedinas.com\\\/site\\\/#\\\/schema\\\/logo\\\/image\\\/\",\"url\":\"https:\\\/\\\/noticiasmercedinas.com\\\/site\\\/wp-content\\\/uploads\\\/2020\\\/06\\\/LOGO-512.jpg\",\"contentUrl\":\"https:\\\/\\\/noticiasmercedinas.com\\\/site\\\/wp-content\\\/uploads\\\/2020\\\/06\\\/LOGO-512.jpg\",\"width\":512,\"height\":512,\"caption\":\"NOTICIASMERCEDINAS.COM\"},\"image\":{\"@id\":\"https:\\\/\\\/noticiasmercedinas.com\\\/site\\\/#\\\/schema\\\/logo\\\/image\\\/\"},\"sameAs\":[\"https:\\\/\\\/www.facebook.com\\\/noticiasmercedinas\\\/\",\"https:\\\/\\\/x.com\\\/notmercedinas\",\"https:\\\/\\\/www.instagram.com\\\/noticiasmercedinas\\\/\"]},{\"@type\":\"Person\",\"@id\":\"https:\\\/\\\/noticiasmercedinas.com\\\/site\\\/#\\\/schema\\\/person\\\/d481a9696a5feaec13a60e2bbd991a6a\",\"name\":\"Cristian Falabella NOTICIASMERCEDINAS.COM\",\"image\":{\"@type\":\"ImageObject\",\"inLanguage\":\"es\",\"@id\":\"https:\\\/\\\/secure.gravatar.com\\\/avatar\\\/0dbbfc45970cc46bcd0e57766228574ff3511d6eed045b182f536f0f478c1f06?s=96&d=mm&r=g\",\"url\":\"https:\\\/\\\/secure.gravatar.com\\\/avatar\\\/0dbbfc45970cc46bcd0e57766228574ff3511d6eed045b182f536f0f478c1f06?s=96&d=mm&r=g\",\"contentUrl\":\"https:\\\/\\\/secure.gravatar.com\\\/avatar\\\/0dbbfc45970cc46bcd0e57766228574ff3511d6eed045b182f536f0f478c1f06?s=96&d=mm&r=g\",\"caption\":\"Cristian Falabella NOTICIASMERCEDINAS.COM\"},\"description\":\"Periodista, editor de Noticias Mercedinas. Pas\u00f3 por varias redacciones y emprendimientos de prensa, en distintos formatos y \u00e9pocas. Se especializ\u00f3 --y sigue haci\u00e9ndolo-- en comunicaci\u00f3n en la web y en junio de 2006 fund\u00f3 este diario digital.\",\"sameAs\":[\"https:\\\/\\\/noticiasmercedinas.com\",\"https:\\\/\\\/www.facebook.com\\\/cristian.falabella\",\"https:\\\/\\\/www.instagram.com\\\/noticiasmercedinas\\\/\",\"https:\\\/\\\/x.com\\\/https:\\\/\\\/twitter.com\\\/NOTMERCEDINAS\"],\"url\":\"https:\\\/\\\/noticiasmercedinas.com\\\/site\\\/author\\\/as000384\\\/\"}]}<\/script>\n<!-- \/ Yoast SEO plugin. -->","yoast_head_json":{"title":"Tarifazos: desde el PC Mercedes llaman a \u201cno pagar\u201d 24 cuotas extras de gas","robots":{"index":"index","follow":"follow","max-snippet":"max-snippet:-1","max-image-preview":"max-image-preview:large","max-video-preview":"max-video-preview:-1"},"canonical":"https:\/\/noticiasmercedinas.com\/site\/2018\/10\/08\/tarifazos-desde-el-pc-mercedes-llaman-a-no-pagar-24-cuotas-extras-de-gas\/","og_locale":"es_ES","og_type":"article","og_title":"Tarifazos: desde el PC Mercedes llaman a \u201cno pagar\u201d 24 cuotas extras de gas","og_description":"\u201cEsta es una movida que alientan desde el PC en varias localidades. No paguemos el robo\u201d, sostuvo el referente del Partido Comunista de Mercedes, Pablo Stasiuk. Lo que cuestionan es la medida de la Naci\u00f3n que habilita a las prestatarias a cobrarle a los usuarios a partir de enero de 2019 un extra en 24 [&hellip;]","og_url":"https:\/\/noticiasmercedinas.com\/site\/2018\/10\/08\/tarifazos-desde-el-pc-mercedes-llaman-a-no-pagar-24-cuotas-extras-de-gas\/","og_site_name":"NOTICIASMERCEDINAS.COM","article_publisher":"https:\/\/www.facebook.com\/noticiasmercedinas\/","article_author":"https:\/\/www.facebook.com\/cristian.falabella","article_published_time":"2018-10-08T20:28:29+00:00","article_modified_time":"2018-10-08T20:33:09+00:00","og_image":[{"width":654,"height":756,"url":"https:\/\/noticiasmercedinas.com\/site\/wp-content\/uploads\/2018\/10\/43433796_1719193988203332_5419597928337506304_n.jpg","type":"image\/jpeg"}],"author":"Cristian Falabella NOTICIASMERCEDINAS.COM","twitter_card":"summary_large_image","twitter_creator":"@https:\/\/twitter.com\/NOTMERCEDINAS","twitter_site":"@notmercedinas","twitter_misc":{"Escrito por":"Cristian Falabella NOTICIASMERCEDINAS.COM","Tiempo de lectura":"2 minutos"},"schema":{"@context":"https:\/\/schema.org","@graph":[{"@type":"Article","@id":"https:\/\/noticiasmercedinas.com\/site\/2018\/10\/08\/tarifazos-desde-el-pc-mercedes-llaman-a-no-pagar-24-cuotas-extras-de-gas\/#article","isPartOf":{"@id":"https:\/\/noticiasmercedinas.com\/site\/2018\/10\/08\/tarifazos-desde-el-pc-mercedes-llaman-a-no-pagar-24-cuotas-extras-de-gas\/"},"author":{"name":"Cristian Falabella NOTICIASMERCEDINAS.COM","@id":"https:\/\/noticiasmercedinas.com\/site\/#\/schema\/person\/d481a9696a5feaec13a60e2bbd991a6a"},"headline":"Tarifazos: desde el PC Mercedes llaman a \u201cno pagar\u201d 24 cuotas extras de gas","datePublished":"2018-10-08T20:28:29+00:00","dateModified":"2018-10-08T20:33:09+00:00","mainEntityOfPage":{"@id":"https:\/\/noticiasmercedinas.com\/site\/2018\/10\/08\/tarifazos-desde-el-pc-mercedes-llaman-a-no-pagar-24-cuotas-extras-de-gas\/"},"wordCount":333,"commentCount":0,"publisher":{"@id":"https:\/\/noticiasmercedinas.com\/site\/#organization"},"image":{"@id":"https:\/\/noticiasmercedinas.com\/site\/2018\/10\/08\/tarifazos-desde-el-pc-mercedes-llaman-a-no-pagar-24-cuotas-extras-de-gas\/#primaryimage"},"thumbnailUrl":"https:\/\/noticiasmercedinas.com\/site\/wp-content\/uploads\/2018\/10\/43433796_1719193988203332_5419597928337506304_n.jpg","keywords":["24 cuotas","desobediencia civil","gas","pablo stasiuk","partido comunista","pc mercedes"],"articleSection":["Sociedad"],"inLanguage":"es","potentialAction":[{"@type":"CommentAction","name":"Comment","target":["https:\/\/noticiasmercedinas.com\/site\/2018\/10\/08\/tarifazos-desde-el-pc-mercedes-llaman-a-no-pagar-24-cuotas-extras-de-gas\/#respond"]}]},{"@type":"WebPage","@id":"https:\/\/noticiasmercedinas.com\/site\/2018\/10\/08\/tarifazos-desde-el-pc-mercedes-llaman-a-no-pagar-24-cuotas-extras-de-gas\/","url":"https:\/\/noticiasmercedinas.com\/site\/2018\/10\/08\/tarifazos-desde-el-pc-mercedes-llaman-a-no-pagar-24-cuotas-extras-de-gas\/","name":"Tarifazos: desde el PC Mercedes llaman a \u201cno pagar\u201d 24 cuotas extras de gas","isPartOf":{"@id":"https:\/\/noticiasmercedinas.com\/site\/#website"},"primaryImageOfPage":{"@id":"https:\/\/noticiasmercedinas.com\/site\/2018\/10\/08\/tarifazos-desde-el-pc-mercedes-llaman-a-no-pagar-24-cuotas-extras-de-gas\/#primaryimage"},"image":{"@id":"https:\/\/noticiasmercedinas.com\/site\/2018\/10\/08\/tarifazos-desde-el-pc-mercedes-llaman-a-no-pagar-24-cuotas-extras-de-gas\/#primaryimage"},"thumbnailUrl":"https:\/\/noticiasmercedinas.com\/site\/wp-content\/uploads\/2018\/10\/43433796_1719193988203332_5419597928337506304_n.jpg","datePublished":"2018-10-08T20:28:29+00:00","dateModified":"2018-10-08T20:33:09+00:00","breadcrumb":{"@id":"https:\/\/noticiasmercedinas.com\/site\/2018\/10\/08\/tarifazos-desde-el-pc-mercedes-llaman-a-no-pagar-24-cuotas-extras-de-gas\/#breadcrumb"},"inLanguage":"es","potentialAction":[{"@type":"ReadAction","target":["https:\/\/noticiasmercedinas.com\/site\/2018\/10\/08\/tarifazos-desde-el-pc-mercedes-llaman-a-no-pagar-24-cuotas-extras-de-gas\/"]}]},{"@type":"ImageObject","inLanguage":"es","@id":"https:\/\/noticiasmercedinas.com\/site\/2018\/10\/08\/tarifazos-desde-el-pc-mercedes-llaman-a-no-pagar-24-cuotas-extras-de-gas\/#primaryimage","url":"https:\/\/noticiasmercedinas.com\/site\/wp-content\/uploads\/2018\/10\/43433796_1719193988203332_5419597928337506304_n.jpg","contentUrl":"https:\/\/noticiasmercedinas.com\/site\/wp-content\/uploads\/2018\/10\/43433796_1719193988203332_5419597928337506304_n.jpg","width":654,"height":756},{"@type":"BreadcrumbList","@id":"https:\/\/noticiasmercedinas.com\/site\/2018\/10\/08\/tarifazos-desde-el-pc-mercedes-llaman-a-no-pagar-24-cuotas-extras-de-gas\/#breadcrumb","itemListElement":[{"@type":"ListItem","position":1,"name":"Portada","item":"https:\/\/noticiasmercedinas.com\/site\/"},{"@type":"ListItem","position":2,"name":"Tarifazos: desde el PC Mercedes llaman a \u201cno pagar\u201d 24 cuotas extras de gas"}]},{"@type":"WebSite","@id":"https:\/\/noticiasmercedinas.com\/site\/#website","url":"https:\/\/noticiasmercedinas.com\/site\/","name":"NOTICIASMERCEDINAS.COM","description":"Mercedes, Buenos Aires, Argentina","publisher":{"@id":"https:\/\/noticiasmercedinas.com\/site\/#organization"},"potentialAction":[{"@type":"SearchAction","target":{"@type":"EntryPoint","urlTemplate":"https:\/\/noticiasmercedinas.com\/site\/?s={search_term_string}"},"query-input":{"@type":"PropertyValueSpecification","valueRequired":true,"valueName":"search_term_string"}}],"inLanguage":"es"},{"@type":"Organization","@id":"https:\/\/noticiasmercedinas.com\/site\/#organization","name":"NOTICIASMERCEDINAS.COM","url":"https:\/\/noticiasmercedinas.com\/site\/","logo":{"@type":"ImageObject","inLanguage":"es","@id":"https:\/\/noticiasmercedinas.com\/site\/#\/schema\/logo\/image\/","url":"https:\/\/noticiasmercedinas.com\/site\/wp-content\/uploads\/2020\/06\/LOGO-512.jpg","contentUrl":"https:\/\/noticiasmercedinas.com\/site\/wp-content\/uploads\/2020\/06\/LOGO-512.jpg","width":512,"height":512,"caption":"NOTICIASMERCEDINAS.COM"},"image":{"@id":"https:\/\/noticiasmercedinas.com\/site\/#\/schema\/logo\/image\/"},"sameAs":["https:\/\/www.facebook.com\/noticiasmercedinas\/","https:\/\/x.com\/notmercedinas","https:\/\/www.instagram.com\/noticiasmercedinas\/"]},{"@type":"Person","@id":"https:\/\/noticiasmercedinas.com\/site\/#\/schema\/person\/d481a9696a5feaec13a60e2bbd991a6a","name":"Cristian Falabella NOTICIASMERCEDINAS.COM","image":{"@type":"ImageObject","inLanguage":"es","@id":"https:\/\/secure.gravatar.com\/avatar\/0dbbfc45970cc46bcd0e57766228574ff3511d6eed045b182f536f0f478c1f06?s=96&d=mm&r=g","url":"https:\/\/secure.gravatar.com\/avatar\/0dbbfc45970cc46bcd0e57766228574ff3511d6eed045b182f536f0f478c1f06?s=96&d=mm&r=g","contentUrl":"https:\/\/secure.gravatar.com\/avatar\/0dbbfc45970cc46bcd0e57766228574ff3511d6eed045b182f536f0f478c1f06?s=96&d=mm&r=g","caption":"Cristian Falabella NOTICIASMERCEDINAS.COM"},"description":"Periodista, editor de Noticias Mercedinas. Pas\u00f3 por varias redacciones y emprendimientos de prensa, en distintos formatos y \u00e9pocas. Se especializ\u00f3 --y sigue haci\u00e9ndolo-- en comunicaci\u00f3n en la web y en junio de 2006 fund\u00f3 este diario digital.","sameAs":["https:\/\/noticiasmercedinas.com","https:\/\/www.facebook.com\/cristian.falabella","https:\/\/www.instagram.com\/noticiasmercedinas\/","https:\/\/x.com\/https:\/\/twitter.com\/NOTMERCEDINAS"],"url":"https:\/\/noticiasmercedinas.com\/site\/author\/as000384\/"}]}},"amp_enabled":true,"_links":{"self":[{"href":"https:\/\/noticiasmercedinas.com\/site\/wp-json\/wp\/v2\/posts\/3861","targetHints":{"allow":["GET"]}}],"collection":[{"href":"https:\/\/noticiasmercedinas.com\/site\/wp-json\/wp\/v2\/posts"}],"about":[{"href":"https:\/\/noticiasmercedinas.com\/site\/wp-json\/wp\/v2\/types\/post"}],"author":[{"embeddable":true,"href":"https:\/\/noticiasmercedinas.com\/site\/wp-json\/wp\/v2\/users\/2"}],"replies":[{"embeddable":true,"href":"https:\/\/noticiasmercedinas.com\/site\/wp-json\/wp\/v2\/comments?post=3861"}],"version-history":[{"count":2,"href":"https:\/\/noticiasmercedinas.com\/site\/wp-json\/wp\/v2\/posts\/3861\/revisions"}],"predecessor-version":[{"id":3864,"href":"https:\/\/noticiasmercedinas.com\/site\/wp-json\/wp\/v2\/posts\/3861\/revisions\/3864"}],"wp:featuredmedia":[{"embeddable":true,"href":"https:\/\/noticiasmercedinas.com\/site\/wp-json\/wp\/v2\/media\/3862"}],"wp:attachment":[{"href":"https:\/\/noticiasmercedinas.com\/site\/wp-json\/wp\/v2\/media?parent=3861"}],"wp:term":[{"taxonomy":"category","embeddable":true,"href":"https:\/\/noticiasmercedinas.com\/site\/wp-json\/wp\/v2\/categories?post=3861"},{"taxonomy":"post_tag","embeddable":true,"href":"https:\/\/noticiasmercedinas.com\/site\/wp-json\/wp\/v2\/tags?post=3861"}],"curies":[{"name":"wp","href":"https:\/\/api.w.org\/{rel}","templated":true}]}}