{"id":38726,"date":"2020-01-31T09:44:05","date_gmt":"2020-01-31T12:44:05","guid":{"rendered":"https:\/\/noticiasmercedinas.com\/site\/?p=38726"},"modified":"2020-01-31T09:44:05","modified_gmt":"2020-01-31T12:44:05","slug":"aftosa-y-brucelosis-senasa-capacito-a-vacunadores-en-doble-jornada","status":"publish","type":"post","link":"https:\/\/noticiasmercedinas.com\/site\/2020\/01\/31\/aftosa-y-brucelosis-senasa-capacito-a-vacunadores-en-doble-jornada\/","title":{"rendered":"Aftosa y brucelosis: SENASA capacit\u00f3 a vacunadores en doble jornada"},"content":{"rendered":"<p><strong>El curso evaluatorio, de caracter\u00edsticas te\u00f3rico-pr\u00e1cticas, se realiz\u00f3 con la presencia de m\u00e1s de 160 veterinarios y sujetos id\u00f3neos, provenientes de las provincias de Santa Fe, San Luis, La Pampa, Chaco, Catamarca, Misiones, Entre R\u00edos, Mendoza y Buenos Aires.<\/strong><\/p>\n<p><img loading=\"lazy\" decoding=\"async\" class=\"alignnone size-full wp-image-38727\" src=\"https:\/\/noticiasmercedinas.com\/site\/wp-content\/uploads\/2020\/01\/6-1.jpg\" alt=\"\" width=\"640\" height=\"343\" srcset=\"https:\/\/noticiasmercedinas.com\/site\/wp-content\/uploads\/2020\/01\/6-1.jpg 640w, https:\/\/noticiasmercedinas.com\/site\/wp-content\/uploads\/2020\/01\/6-1-300x160.jpg 300w\" sizes=\"auto, (max-width: 640px) 100vw, 640px\" \/><\/p>\n<p>El Servicio Nacional de Sanidad y Calidad Agroalimentaria (Senasa) realiz\u00f3, los pasados 29 y 30 de enero, una doble jornada de capacitaci\u00f3n destinada a quienes pretendan desempe\u00f1arse como vacunadores privados acreditados, en la pr\u00f3xima campa\u00f1a nacional de inoculaci\u00f3n contra la fiebre aftosa y la brucelosis.<\/p>\n<p>El curso fue organizado en la sede regional del Senasa en Chivilcoy y encabezado por <strong>Felicitas Recalde<\/strong> de la Coordinaci\u00f3n de Sanidad Animal del Centro Regional Buenos Aires Norte, quien seleccion\u00f3 y expuso cada uno de los ejes tem\u00e1ticos dictados durante ambos encuentros.<\/p>\n<p>As\u00ed se refiri\u00f3 a la epidemiolog\u00eda de la fiebre aftosa, su contagio y capacidad de transmisi\u00f3n del virus, resaltando los distintos procedimientos reglamentados por el Senasa en la campa\u00f1a de vacunaci\u00f3n, el r\u00e9gimen de comercializaci\u00f3n de la vacuna y su procedimiento de aplicaci\u00f3n en forma simult\u00e1nea con la vacuna antibruc\u00e9lica.<\/p>\n<p>Recalde tambi\u00e9n hizo especial hincapi\u00e9 en las funciones y responsabilidades de todo aplicador en el Plan de Nacional de Vacunaci\u00f3n establecido por el Senasa mediante su Resoluci\u00f3n N.\u00b0 368\/2011.<\/p>\n<p>Posteriormente se realiz\u00f3 la evaluaci\u00f3n, paso necesario y obligatorio para complementar el proceso de acreditaci\u00f3n. Es as\u00ed que quienes aprueben el curso recibir\u00e1n su credencial habilitante que los autoriza a realizar esta actividad sanitaria a campo, como lo indica la Resoluci\u00f3n 799\/2006.<\/p>\n<p>El curso tuvo presencia de trabajadores del sector provenientes de distintos puntos del pa\u00eds, entre los que se destacan: Rafaela, Rosario y San Javier de Santa Fe; Trenel y Santa Rosa de La Pampa; Andalgal\u00e1 de Catamarca; Mes\u00f3n de Fierro y Quitilipi de Chaco; Federal, Santa Elena y San Jos\u00e9 de Feliciano de Entre R\u00edos; Luj\u00e1n de Cuyo de Mendoza; La Punta de San Luis; 25 de Mayo de Misiones y C\u00f3rdoba Capital.<\/p>\n<p>En tanto que la regi\u00f3n metropolitana y la provincia de Buenos Aires, estuvieron representadas por las localidades de Lobos, General Villegas, Pila, San Vicente, Carlos Tejedor, Exaltaci\u00f3n de la Cruz, Navarro, Alberti, Gorostiaga, Capilla del Se\u00f1or, Lincoln, Chivilcoy, San Antonio de Areco, Florentino Ameghino, Dolores, 30 de Agosto, Mercedes, Trenque Lauquen, Balcarce, Pergamino, Ayacucho, Pehuaj\u00f3, Jun\u00edn, Tandil, Azul, General Villegas, Bragado, La Plata, Monte, San Andr\u00e9s de Giles, Vieytes, Mar Chiquita, Dolores, San Pedro, Carlos Casares, Norberto de la Riestra, 9 de Julio, Laprida, Tigre, Berisso, Banfield, San Isidro, Darregueira y San Vicente.<\/p>\n","protected":false},"excerpt":{"rendered":"<p>El curso evaluatorio, de caracter\u00edsticas te\u00f3rico-pr\u00e1cticas, se realiz\u00f3 con la presencia de m\u00e1s de 160 veterinarios y sujetos id\u00f3neos, provenientes de las provincias de Santa Fe, San Luis, La Pampa, Chaco, Catamarca, Misiones, Entre R\u00edos, Mendoza y Buenos Aires. El Servicio Nacional de Sanidad y Calidad Agroalimentaria (Senasa) realiz\u00f3, los pasados 29 y 30 de [&hellip;]<\/p>\n","protected":false},"author":16,"featured_media":38727,"comment_status":"open","ping_status":"open","sticky":false,"template":"","format":"standard","meta":{"footnotes":""},"categories":[139],"tags":[8222,2742,2741,690,2963,3711,4221,693,1869,4315,8221,1872,5619,203,8226,3719,620,8227,8228,8040,1709,838,1744,155,2298,2974,3696,5633,23,8223,253,8225,404,4126,8220,1656,460,8065,1786,5637,225,1070,4698,1334,8224],"class_list":["post-38726","post","type-post","status-publish","format-standard","has-post-thumbnail","hentry","category-regionales","tag-30-de-agosto","tag-9-de-julio","tag-alberti","tag-ayacucho","tag-azul","tag-balcarce","tag-banfield","tag-berisso","tag-bragado","tag-brucelosis","tag-capilla-del-senor","tag-carlos-casares","tag-carlos-tejedor","tag-chivilcoy","tag-darregueira","tag-dolores","tag-exaltacion-de-la-cruz","tag-felicitas-recalde","tag-fiebre-aftosa","tag-florentino-ameghino","tag-general-villegas","tag-gorostiaga","tag-junin","tag-la-plata","tag-laprida","tag-lincoln","tag-lobos","tag-mar-chiquita","tag-mercedes","tag-monte","tag-navarro","tag-norberto-de-la-riestra","tag-pehuajo","tag-pergamino","tag-pila","tag-san-andres-de-giles","tag-san-antonio-de-areco","tag-san-isidro","tag-san-pedro","tag-san-vicente","tag-senasa","tag-tandil","tag-tigre","tag-trenque-lauquen","tag-vieytes"],"yoast_head":"<!-- This site is optimized with the Yoast SEO plugin v27.4 - https:\/\/yoast.com\/product\/yoast-seo-wordpress\/ -->\n<title>Aftosa y brucelosis: SENASA capacit\u00f3 a vacunadores en doble jornada<\/title>\n<meta name=\"robots\" content=\"index, follow, max-snippet:-1, max-image-preview:large, max-video-preview:-1\" \/>\n<link rel=\"canonical\" href=\"https:\/\/noticiasmercedinas.com\/site\/2020\/01\/31\/aftosa-y-brucelosis-senasa-capacito-a-vacunadores-en-doble-jornada\/\" \/>\n<meta property=\"og:locale\" content=\"es_ES\" \/>\n<meta property=\"og:type\" content=\"article\" \/>\n<meta property=\"og:title\" content=\"Aftosa y brucelosis: SENASA capacit\u00f3 a vacunadores en doble jornada\" \/>\n<meta property=\"og:description\" content=\"El curso evaluatorio, de caracter\u00edsticas te\u00f3rico-pr\u00e1cticas, se realiz\u00f3 con la presencia de m\u00e1s de 160 veterinarios y sujetos id\u00f3neos, provenientes de las provincias de Santa Fe, San Luis, La Pampa, Chaco, Catamarca, Misiones, Entre R\u00edos, Mendoza y Buenos Aires. El Servicio Nacional de Sanidad y Calidad Agroalimentaria (Senasa) realiz\u00f3, los pasados 29 y 30 de [&hellip;]\" \/>\n<meta property=\"og:url\" content=\"https:\/\/noticiasmercedinas.com\/site\/2020\/01\/31\/aftosa-y-brucelosis-senasa-capacito-a-vacunadores-en-doble-jornada\/\" \/>\n<meta property=\"og:site_name\" content=\"NOTICIASMERCEDINAS.COM\" \/>\n<meta property=\"article:publisher\" content=\"https:\/\/www.facebook.com\/noticiasmercedinas\/\" \/>\n<meta property=\"article:published_time\" content=\"2020-01-31T12:44:05+00:00\" \/>\n<meta property=\"og:image\" content=\"https:\/\/noticiasmercedinas.com\/site\/wp-content\/uploads\/2020\/01\/6-1.jpg\" \/>\n\t<meta property=\"og:image:width\" content=\"640\" \/>\n\t<meta property=\"og:image:height\" content=\"343\" \/>\n\t<meta property=\"og:image:type\" content=\"image\/jpeg\" \/>\n<meta name=\"author\" content=\"NOTICIASMERCEDINAS.COM\" \/>\n<meta name=\"twitter:card\" content=\"summary_large_image\" \/>\n<meta name=\"twitter:creator\" content=\"@notmercedinas\" \/>\n<meta name=\"twitter:site\" content=\"@notmercedinas\" \/>\n<meta name=\"twitter:label1\" content=\"Escrito por\" \/>\n\t<meta name=\"twitter:data1\" content=\"NOTICIASMERCEDINAS.COM\" \/>\n\t<meta name=\"twitter:label2\" content=\"Tiempo de lectura\" \/>\n\t<meta name=\"twitter:data2\" content=\"2 minutos\" \/>\n<script type=\"application\/ld+json\" class=\"yoast-schema-graph\">{\"@context\":\"https:\\\/\\\/schema.org\",\"@graph\":[{\"@type\":\"Article\",\"@id\":\"https:\\\/\\\/noticiasmercedinas.com\\\/site\\\/2020\\\/01\\\/31\\\/aftosa-y-brucelosis-senasa-capacito-a-vacunadores-en-doble-jornada\\\/#article\",\"isPartOf\":{\"@id\":\"https:\\\/\\\/noticiasmercedinas.com\\\/site\\\/2020\\\/01\\\/31\\\/aftosa-y-brucelosis-senasa-capacito-a-vacunadores-en-doble-jornada\\\/\"},\"author\":{\"name\":\"NOTICIASMERCEDINAS.COM\",\"@id\":\"https:\\\/\\\/noticiasmercedinas.com\\\/site\\\/#\\\/schema\\\/person\\\/84b59c099c28ff2e8b77d4ceec5d8063\"},\"headline\":\"Aftosa y brucelosis: SENASA capacit\u00f3 a vacunadores en doble jornada\",\"datePublished\":\"2020-01-31T12:44:05+00:00\",\"mainEntityOfPage\":{\"@id\":\"https:\\\/\\\/noticiasmercedinas.com\\\/site\\\/2020\\\/01\\\/31\\\/aftosa-y-brucelosis-senasa-capacito-a-vacunadores-en-doble-jornada\\\/\"},\"wordCount\":455,\"commentCount\":0,\"publisher\":{\"@id\":\"https:\\\/\\\/noticiasmercedinas.com\\\/site\\\/#organization\"},\"image\":{\"@id\":\"https:\\\/\\\/noticiasmercedinas.com\\\/site\\\/2020\\\/01\\\/31\\\/aftosa-y-brucelosis-senasa-capacito-a-vacunadores-en-doble-jornada\\\/#primaryimage\"},\"thumbnailUrl\":\"https:\\\/\\\/noticiasmercedinas.com\\\/site\\\/wp-content\\\/uploads\\\/2020\\\/01\\\/6-1.jpg\",\"keywords\":[\"30 de Agosto\",\"9 de Julio\",\"Alberti\",\"ayacucho\",\"Azul\",\"Balcarce\",\"Banfield\",\"berisso\",\"Bragado\",\"brucelosis\",\"Capilla del Se\u00f1or\",\"carlos casares\",\"Carlos Tejedor\",\"chivilcoy\",\"Darregueira\",\"Dolores\",\"Exaltaci\u00f3n de la Cruz\",\"Felicitas Recalde\",\"fiebre aftosa\",\"Florentino Ameghino\",\"general villegas\",\"Gorostiaga\",\"Junin\",\"la plata\",\"Laprida\",\"Lincoln\",\"lobos\",\"Mar Chiquita\",\"mercedes\",\"Monte\",\"navarro\",\"Norberto de la Riestra\",\"pehuajo\",\"pergamino\",\"Pila\",\"san andres de giles\",\"san antonio de areco\",\"San Isidro\",\"san pedro\",\"San Vicente\",\"senasa\",\"tandil\",\"Tigre\",\"trenque lauquen\",\"Vieytes\"],\"articleSection\":[\"Regionales\"],\"inLanguage\":\"es\",\"potentialAction\":[{\"@type\":\"CommentAction\",\"name\":\"Comment\",\"target\":[\"https:\\\/\\\/noticiasmercedinas.com\\\/site\\\/2020\\\/01\\\/31\\\/aftosa-y-brucelosis-senasa-capacito-a-vacunadores-en-doble-jornada\\\/#respond\"]}]},{\"@type\":\"WebPage\",\"@id\":\"https:\\\/\\\/noticiasmercedinas.com\\\/site\\\/2020\\\/01\\\/31\\\/aftosa-y-brucelosis-senasa-capacito-a-vacunadores-en-doble-jornada\\\/\",\"url\":\"https:\\\/\\\/noticiasmercedinas.com\\\/site\\\/2020\\\/01\\\/31\\\/aftosa-y-brucelosis-senasa-capacito-a-vacunadores-en-doble-jornada\\\/\",\"name\":\"Aftosa y brucelosis: SENASA capacit\u00f3 a vacunadores en doble jornada\",\"isPartOf\":{\"@id\":\"https:\\\/\\\/noticiasmercedinas.com\\\/site\\\/#website\"},\"primaryImageOfPage\":{\"@id\":\"https:\\\/\\\/noticiasmercedinas.com\\\/site\\\/2020\\\/01\\\/31\\\/aftosa-y-brucelosis-senasa-capacito-a-vacunadores-en-doble-jornada\\\/#primaryimage\"},\"image\":{\"@id\":\"https:\\\/\\\/noticiasmercedinas.com\\\/site\\\/2020\\\/01\\\/31\\\/aftosa-y-brucelosis-senasa-capacito-a-vacunadores-en-doble-jornada\\\/#primaryimage\"},\"thumbnailUrl\":\"https:\\\/\\\/noticiasmercedinas.com\\\/site\\\/wp-content\\\/uploads\\\/2020\\\/01\\\/6-1.jpg\",\"datePublished\":\"2020-01-31T12:44:05+00:00\",\"breadcrumb\":{\"@id\":\"https:\\\/\\\/noticiasmercedinas.com\\\/site\\\/2020\\\/01\\\/31\\\/aftosa-y-brucelosis-senasa-capacito-a-vacunadores-en-doble-jornada\\\/#breadcrumb\"},\"inLanguage\":\"es\",\"potentialAction\":[{\"@type\":\"ReadAction\",\"target\":[\"https:\\\/\\\/noticiasmercedinas.com\\\/site\\\/2020\\\/01\\\/31\\\/aftosa-y-brucelosis-senasa-capacito-a-vacunadores-en-doble-jornada\\\/\"]}]},{\"@type\":\"ImageObject\",\"inLanguage\":\"es\",\"@id\":\"https:\\\/\\\/noticiasmercedinas.com\\\/site\\\/2020\\\/01\\\/31\\\/aftosa-y-brucelosis-senasa-capacito-a-vacunadores-en-doble-jornada\\\/#primaryimage\",\"url\":\"https:\\\/\\\/noticiasmercedinas.com\\\/site\\\/wp-content\\\/uploads\\\/2020\\\/01\\\/6-1.jpg\",\"contentUrl\":\"https:\\\/\\\/noticiasmercedinas.com\\\/site\\\/wp-content\\\/uploads\\\/2020\\\/01\\\/6-1.jpg\",\"width\":640,\"height\":343},{\"@type\":\"BreadcrumbList\",\"@id\":\"https:\\\/\\\/noticiasmercedinas.com\\\/site\\\/2020\\\/01\\\/31\\\/aftosa-y-brucelosis-senasa-capacito-a-vacunadores-en-doble-jornada\\\/#breadcrumb\",\"itemListElement\":[{\"@type\":\"ListItem\",\"position\":1,\"name\":\"Portada\",\"item\":\"https:\\\/\\\/noticiasmercedinas.com\\\/site\\\/\"},{\"@type\":\"ListItem\",\"position\":2,\"name\":\"Aftosa y brucelosis: SENASA capacit\u00f3 a vacunadores en doble jornada\"}]},{\"@type\":\"WebSite\",\"@id\":\"https:\\\/\\\/noticiasmercedinas.com\\\/site\\\/#website\",\"url\":\"https:\\\/\\\/noticiasmercedinas.com\\\/site\\\/\",\"name\":\"NOTICIASMERCEDINAS.COM\",\"description\":\"Mercedes, Buenos Aires, Argentina\",\"publisher\":{\"@id\":\"https:\\\/\\\/noticiasmercedinas.com\\\/site\\\/#organization\"},\"potentialAction\":[{\"@type\":\"SearchAction\",\"target\":{\"@type\":\"EntryPoint\",\"urlTemplate\":\"https:\\\/\\\/noticiasmercedinas.com\\\/site\\\/?s={search_term_string}\"},\"query-input\":{\"@type\":\"PropertyValueSpecification\",\"valueRequired\":true,\"valueName\":\"search_term_string\"}}],\"inLanguage\":\"es\"},{\"@type\":\"Organization\",\"@id\":\"https:\\\/\\\/noticiasmercedinas.com\\\/site\\\/#organization\",\"name\":\"NOTICIASMERCEDINAS.COM\",\"url\":\"https:\\\/\\\/noticiasmercedinas.com\\\/site\\\/\",\"logo\":{\"@type\":\"ImageObject\",\"inLanguage\":\"es\",\"@id\":\"https:\\\/\\\/noticiasmercedinas.com\\\/site\\\/#\\\/schema\\\/logo\\\/image\\\/\",\"url\":\"https:\\\/\\\/noticiasmercedinas.com\\\/site\\\/wp-content\\\/uploads\\\/2020\\\/06\\\/LOGO-512.jpg\",\"contentUrl\":\"https:\\\/\\\/noticiasmercedinas.com\\\/site\\\/wp-content\\\/uploads\\\/2020\\\/06\\\/LOGO-512.jpg\",\"width\":512,\"height\":512,\"caption\":\"NOTICIASMERCEDINAS.COM\"},\"image\":{\"@id\":\"https:\\\/\\\/noticiasmercedinas.com\\\/site\\\/#\\\/schema\\\/logo\\\/image\\\/\"},\"sameAs\":[\"https:\\\/\\\/www.facebook.com\\\/noticiasmercedinas\\\/\",\"https:\\\/\\\/x.com\\\/notmercedinas\",\"https:\\\/\\\/www.instagram.com\\\/noticiasmercedinas\\\/\"]},{\"@type\":\"Person\",\"@id\":\"https:\\\/\\\/noticiasmercedinas.com\\\/site\\\/#\\\/schema\\\/person\\\/84b59c099c28ff2e8b77d4ceec5d8063\",\"name\":\"NOTICIASMERCEDINAS.COM\",\"image\":{\"@type\":\"ImageObject\",\"inLanguage\":\"es\",\"@id\":\"https:\\\/\\\/secure.gravatar.com\\\/avatar\\\/4dfbf16b4d17945bfb6341b2d19043457132fcf478a5ee04f42e959fd8f5df0a?s=96&d=mm&r=g\",\"url\":\"https:\\\/\\\/secure.gravatar.com\\\/avatar\\\/4dfbf16b4d17945bfb6341b2d19043457132fcf478a5ee04f42e959fd8f5df0a?s=96&d=mm&r=g\",\"contentUrl\":\"https:\\\/\\\/secure.gravatar.com\\\/avatar\\\/4dfbf16b4d17945bfb6341b2d19043457132fcf478a5ee04f42e959fd8f5df0a?s=96&d=mm&r=g\",\"caption\":\"NOTICIASMERCEDINAS.COM\"},\"url\":\"https:\\\/\\\/noticiasmercedinas.com\\\/site\\\/author\\\/anonimo\\\/\"}]}<\/script>\n<!-- \/ Yoast SEO plugin. -->","yoast_head_json":{"title":"Aftosa y brucelosis: SENASA capacit\u00f3 a vacunadores en doble jornada","robots":{"index":"index","follow":"follow","max-snippet":"max-snippet:-1","max-image-preview":"max-image-preview:large","max-video-preview":"max-video-preview:-1"},"canonical":"https:\/\/noticiasmercedinas.com\/site\/2020\/01\/31\/aftosa-y-brucelosis-senasa-capacito-a-vacunadores-en-doble-jornada\/","og_locale":"es_ES","og_type":"article","og_title":"Aftosa y brucelosis: SENASA capacit\u00f3 a vacunadores en doble jornada","og_description":"El curso evaluatorio, de caracter\u00edsticas te\u00f3rico-pr\u00e1cticas, se realiz\u00f3 con la presencia de m\u00e1s de 160 veterinarios y sujetos id\u00f3neos, provenientes de las provincias de Santa Fe, San Luis, La Pampa, Chaco, Catamarca, Misiones, Entre R\u00edos, Mendoza y Buenos Aires. El Servicio Nacional de Sanidad y Calidad Agroalimentaria (Senasa) realiz\u00f3, los pasados 29 y 30 de [&hellip;]","og_url":"https:\/\/noticiasmercedinas.com\/site\/2020\/01\/31\/aftosa-y-brucelosis-senasa-capacito-a-vacunadores-en-doble-jornada\/","og_site_name":"NOTICIASMERCEDINAS.COM","article_publisher":"https:\/\/www.facebook.com\/noticiasmercedinas\/","article_published_time":"2020-01-31T12:44:05+00:00","og_image":[{"width":640,"height":343,"url":"https:\/\/noticiasmercedinas.com\/site\/wp-content\/uploads\/2020\/01\/6-1.jpg","type":"image\/jpeg"}],"author":"NOTICIASMERCEDINAS.COM","twitter_card":"summary_large_image","twitter_creator":"@notmercedinas","twitter_site":"@notmercedinas","twitter_misc":{"Escrito por":"NOTICIASMERCEDINAS.COM","Tiempo de lectura":"2 minutos"},"schema":{"@context":"https:\/\/schema.org","@graph":[{"@type":"Article","@id":"https:\/\/noticiasmercedinas.com\/site\/2020\/01\/31\/aftosa-y-brucelosis-senasa-capacito-a-vacunadores-en-doble-jornada\/#article","isPartOf":{"@id":"https:\/\/noticiasmercedinas.com\/site\/2020\/01\/31\/aftosa-y-brucelosis-senasa-capacito-a-vacunadores-en-doble-jornada\/"},"author":{"name":"NOTICIASMERCEDINAS.COM","@id":"https:\/\/noticiasmercedinas.com\/site\/#\/schema\/person\/84b59c099c28ff2e8b77d4ceec5d8063"},"headline":"Aftosa y brucelosis: SENASA capacit\u00f3 a vacunadores en doble jornada","datePublished":"2020-01-31T12:44:05+00:00","mainEntityOfPage":{"@id":"https:\/\/noticiasmercedinas.com\/site\/2020\/01\/31\/aftosa-y-brucelosis-senasa-capacito-a-vacunadores-en-doble-jornada\/"},"wordCount":455,"commentCount":0,"publisher":{"@id":"https:\/\/noticiasmercedinas.com\/site\/#organization"},"image":{"@id":"https:\/\/noticiasmercedinas.com\/site\/2020\/01\/31\/aftosa-y-brucelosis-senasa-capacito-a-vacunadores-en-doble-jornada\/#primaryimage"},"thumbnailUrl":"https:\/\/noticiasmercedinas.com\/site\/wp-content\/uploads\/2020\/01\/6-1.jpg","keywords":["30 de Agosto","9 de Julio","Alberti","ayacucho","Azul","Balcarce","Banfield","berisso","Bragado","brucelosis","Capilla del Se\u00f1or","carlos casares","Carlos Tejedor","chivilcoy","Darregueira","Dolores","Exaltaci\u00f3n de la Cruz","Felicitas Recalde","fiebre aftosa","Florentino Ameghino","general villegas","Gorostiaga","Junin","la plata","Laprida","Lincoln","lobos","Mar Chiquita","mercedes","Monte","navarro","Norberto de la Riestra","pehuajo","pergamino","Pila","san andres de giles","san antonio de areco","San Isidro","san pedro","San Vicente","senasa","tandil","Tigre","trenque lauquen","Vieytes"],"articleSection":["Regionales"],"inLanguage":"es","potentialAction":[{"@type":"CommentAction","name":"Comment","target":["https:\/\/noticiasmercedinas.com\/site\/2020\/01\/31\/aftosa-y-brucelosis-senasa-capacito-a-vacunadores-en-doble-jornada\/#respond"]}]},{"@type":"WebPage","@id":"https:\/\/noticiasmercedinas.com\/site\/2020\/01\/31\/aftosa-y-brucelosis-senasa-capacito-a-vacunadores-en-doble-jornada\/","url":"https:\/\/noticiasmercedinas.com\/site\/2020\/01\/31\/aftosa-y-brucelosis-senasa-capacito-a-vacunadores-en-doble-jornada\/","name":"Aftosa y brucelosis: SENASA capacit\u00f3 a vacunadores en doble jornada","isPartOf":{"@id":"https:\/\/noticiasmercedinas.com\/site\/#website"},"primaryImageOfPage":{"@id":"https:\/\/noticiasmercedinas.com\/site\/2020\/01\/31\/aftosa-y-brucelosis-senasa-capacito-a-vacunadores-en-doble-jornada\/#primaryimage"},"image":{"@id":"https:\/\/noticiasmercedinas.com\/site\/2020\/01\/31\/aftosa-y-brucelosis-senasa-capacito-a-vacunadores-en-doble-jornada\/#primaryimage"},"thumbnailUrl":"https:\/\/noticiasmercedinas.com\/site\/wp-content\/uploads\/2020\/01\/6-1.jpg","datePublished":"2020-01-31T12:44:05+00:00","breadcrumb":{"@id":"https:\/\/noticiasmercedinas.com\/site\/2020\/01\/31\/aftosa-y-brucelosis-senasa-capacito-a-vacunadores-en-doble-jornada\/#breadcrumb"},"inLanguage":"es","potentialAction":[{"@type":"ReadAction","target":["https:\/\/noticiasmercedinas.com\/site\/2020\/01\/31\/aftosa-y-brucelosis-senasa-capacito-a-vacunadores-en-doble-jornada\/"]}]},{"@type":"ImageObject","inLanguage":"es","@id":"https:\/\/noticiasmercedinas.com\/site\/2020\/01\/31\/aftosa-y-brucelosis-senasa-capacito-a-vacunadores-en-doble-jornada\/#primaryimage","url":"https:\/\/noticiasmercedinas.com\/site\/wp-content\/uploads\/2020\/01\/6-1.jpg","contentUrl":"https:\/\/noticiasmercedinas.com\/site\/wp-content\/uploads\/2020\/01\/6-1.jpg","width":640,"height":343},{"@type":"BreadcrumbList","@id":"https:\/\/noticiasmercedinas.com\/site\/2020\/01\/31\/aftosa-y-brucelosis-senasa-capacito-a-vacunadores-en-doble-jornada\/#breadcrumb","itemListElement":[{"@type":"ListItem","position":1,"name":"Portada","item":"https:\/\/noticiasmercedinas.com\/site\/"},{"@type":"ListItem","position":2,"name":"Aftosa y brucelosis: SENASA capacit\u00f3 a vacunadores en doble jornada"}]},{"@type":"WebSite","@id":"https:\/\/noticiasmercedinas.com\/site\/#website","url":"https:\/\/noticiasmercedinas.com\/site\/","name":"NOTICIASMERCEDINAS.COM","description":"Mercedes, Buenos Aires, Argentina","publisher":{"@id":"https:\/\/noticiasmercedinas.com\/site\/#organization"},"potentialAction":[{"@type":"SearchAction","target":{"@type":"EntryPoint","urlTemplate":"https:\/\/noticiasmercedinas.com\/site\/?s={search_term_string}"},"query-input":{"@type":"PropertyValueSpecification","valueRequired":true,"valueName":"search_term_string"}}],"inLanguage":"es"},{"@type":"Organization","@id":"https:\/\/noticiasmercedinas.com\/site\/#organization","name":"NOTICIASMERCEDINAS.COM","url":"https:\/\/noticiasmercedinas.com\/site\/","logo":{"@type":"ImageObject","inLanguage":"es","@id":"https:\/\/noticiasmercedinas.com\/site\/#\/schema\/logo\/image\/","url":"https:\/\/noticiasmercedinas.com\/site\/wp-content\/uploads\/2020\/06\/LOGO-512.jpg","contentUrl":"https:\/\/noticiasmercedinas.com\/site\/wp-content\/uploads\/2020\/06\/LOGO-512.jpg","width":512,"height":512,"caption":"NOTICIASMERCEDINAS.COM"},"image":{"@id":"https:\/\/noticiasmercedinas.com\/site\/#\/schema\/logo\/image\/"},"sameAs":["https:\/\/www.facebook.com\/noticiasmercedinas\/","https:\/\/x.com\/notmercedinas","https:\/\/www.instagram.com\/noticiasmercedinas\/"]},{"@type":"Person","@id":"https:\/\/noticiasmercedinas.com\/site\/#\/schema\/person\/84b59c099c28ff2e8b77d4ceec5d8063","name":"NOTICIASMERCEDINAS.COM","image":{"@type":"ImageObject","inLanguage":"es","@id":"https:\/\/secure.gravatar.com\/avatar\/4dfbf16b4d17945bfb6341b2d19043457132fcf478a5ee04f42e959fd8f5df0a?s=96&d=mm&r=g","url":"https:\/\/secure.gravatar.com\/avatar\/4dfbf16b4d17945bfb6341b2d19043457132fcf478a5ee04f42e959fd8f5df0a?s=96&d=mm&r=g","contentUrl":"https:\/\/secure.gravatar.com\/avatar\/4dfbf16b4d17945bfb6341b2d19043457132fcf478a5ee04f42e959fd8f5df0a?s=96&d=mm&r=g","caption":"NOTICIASMERCEDINAS.COM"},"url":"https:\/\/noticiasmercedinas.com\/site\/author\/anonimo\/"}]}},"amp_enabled":true,"_links":{"self":[{"href":"https:\/\/noticiasmercedinas.com\/site\/wp-json\/wp\/v2\/posts\/38726","targetHints":{"allow":["GET"]}}],"collection":[{"href":"https:\/\/noticiasmercedinas.com\/site\/wp-json\/wp\/v2\/posts"}],"about":[{"href":"https:\/\/noticiasmercedinas.com\/site\/wp-json\/wp\/v2\/types\/post"}],"author":[{"embeddable":true,"href":"https:\/\/noticiasmercedinas.com\/site\/wp-json\/wp\/v2\/users\/16"}],"replies":[{"embeddable":true,"href":"https:\/\/noticiasmercedinas.com\/site\/wp-json\/wp\/v2\/comments?post=38726"}],"version-history":[{"count":1,"href":"https:\/\/noticiasmercedinas.com\/site\/wp-json\/wp\/v2\/posts\/38726\/revisions"}],"predecessor-version":[{"id":38728,"href":"https:\/\/noticiasmercedinas.com\/site\/wp-json\/wp\/v2\/posts\/38726\/revisions\/38728"}],"wp:featuredmedia":[{"embeddable":true,"href":"https:\/\/noticiasmercedinas.com\/site\/wp-json\/wp\/v2\/media\/38727"}],"wp:attachment":[{"href":"https:\/\/noticiasmercedinas.com\/site\/wp-json\/wp\/v2\/media?parent=38726"}],"wp:term":[{"taxonomy":"category","embeddable":true,"href":"https:\/\/noticiasmercedinas.com\/site\/wp-json\/wp\/v2\/categories?post=38726"},{"taxonomy":"post_tag","embeddable":true,"href":"https:\/\/noticiasmercedinas.com\/site\/wp-json\/wp\/v2\/tags?post=38726"}],"curies":[{"name":"wp","href":"https:\/\/api.w.org\/{rel}","templated":true}]}}