{"id":38847,"date":"2020-02-03T10:28:18","date_gmt":"2020-02-03T13:28:18","guid":{"rendered":"https:\/\/noticiasmercedinas.com\/site\/?p=38847"},"modified":"2020-02-03T10:28:18","modified_gmt":"2020-02-03T13:28:18","slug":"actor-hernan-crismanich-murio-en-choque-frontal-en-ruta-5","status":"publish","type":"post","link":"https:\/\/noticiasmercedinas.com\/site\/2020\/02\/03\/actor-hernan-crismanich-murio-en-choque-frontal-en-ruta-5\/","title":{"rendered":"Actor Hern\u00e1n Crismanich muri\u00f3 en choque frontal en Ruta 5"},"content":{"rendered":"<figure id=\"attachment_38848\" aria-describedby=\"caption-attachment-38848\" style=\"width: 640px\" class=\"wp-caption alignnone\"><a href=\"https:\/\/noticiasmercedinas.com\/site\/wp-content\/uploads\/2020\/02\/crismanich.jpg\"><img loading=\"lazy\" decoding=\"async\" class=\"wp-image-38848 size-full\" src=\"https:\/\/noticiasmercedinas.com\/site\/wp-content\/uploads\/2020\/02\/crismanich.jpg\" alt=\"\" width=\"640\" height=\"428\" srcset=\"https:\/\/noticiasmercedinas.com\/site\/wp-content\/uploads\/2020\/02\/crismanich.jpg 640w, https:\/\/noticiasmercedinas.com\/site\/wp-content\/uploads\/2020\/02\/crismanich-300x201.jpg 300w, https:\/\/noticiasmercedinas.com\/site\/wp-content\/uploads\/2020\/02\/crismanich-537x360.jpg 537w\" sizes=\"auto, (max-width: 640px) 100vw, 640px\" \/><\/a><figcaption id=\"caption-attachment-38848\" class=\"wp-caption-text\">Foto: La Raz\u00f3n de Chivilcoy<\/figcaption><\/figure>\n<p>El actor Hern\u00e1n Crismanich, de 37 a\u00f1os, falleci\u00f3 el viernes por la tarde al chocar el autom\u00f3vil que conduc\u00eda contra un cami\u00f3n que circulaba en sentido contrario en la Ruta Nacional, en jurisdicci\u00f3n de Suipacha.<\/p>\n<p>El siniestro vial se registr\u00f3 a las 15.15 horas en el kil\u00f3metro 127,500 donde el Peugeot 207 que circulaba en sentido Chivilcoy \u2013Suipacha, al salir de una curva invadi\u00f3 la mano contraria e impact\u00f3 con su parte frontal contra la parte lateral izquierda de un cami\u00f3n Iveco Tector, inform\u00f3 La Raz\u00f3n de Chivilcoy.<\/p>\n<p>Crismanich, domiciliado en Lomas de Zamora, viajaba acompa\u00f1ado por su novia, Julia Argnani, quien tiene familiares en Chivilcoy, y una peque\u00f1a mascota. En tanto el cami\u00f3n era conducido por Daniel Pe\u00f1a, de 30 a\u00f1os, domiciliado en Moreno, y se dirig\u00eda sin carga hacia la localidad de Pedernales.<\/p>\n<p>El conductor del autom\u00f3vil, que hab\u00eda quedado atrapado dentro del habit\u00e1culo fue socorrido por personal del SAME y Bomberos Voluntarios. A pesar de los esfuerzos realizados por los profesionales, falleci\u00f3 a los pocos minutos por las grav\u00edsimas heridas que presentaba. Su acompa\u00f1ante result\u00f3 con heridas de car\u00e1cter leve y el chofer del cami\u00f3n ileso.<\/p>\n","protected":false},"excerpt":{"rendered":"<p>El actor Hern\u00e1n Crismanich, de 37 a\u00f1os, falleci\u00f3 el viernes por la tarde al chocar el autom\u00f3vil que conduc\u00eda contra un cami\u00f3n que circulaba en sentido contrario en la Ruta Nacional, en jurisdicci\u00f3n de Suipacha. El siniestro vial se registr\u00f3 a las 15.15 horas en el kil\u00f3metro 127,500 donde el Peugeot 207 que circulaba en [&hellip;]<\/p>\n","protected":false},"author":16,"featured_media":38848,"comment_status":"open","ping_status":"open","sticky":false,"template":"","format":"standard","meta":{"footnotes":""},"categories":[7],"tags":[8240,1327,528,1095],"class_list":["post-38847","post","type-post","status-publish","format-standard","has-post-thumbnail","hentry","category-policiales","tag-hernan-crismanich","tag-ruta-nacional-5","tag-siniestro-vial","tag-suipacha"],"yoast_head":"<!-- This site is optimized with the Yoast SEO plugin v27.4 - https:\/\/yoast.com\/product\/yoast-seo-wordpress\/ -->\n<title>Actor Hern\u00e1n Crismanich muri\u00f3 en choque frontal en Ruta 5<\/title>\n<meta name=\"robots\" content=\"index, follow, max-snippet:-1, max-image-preview:large, max-video-preview:-1\" \/>\n<link rel=\"canonical\" href=\"https:\/\/noticiasmercedinas.com\/site\/2020\/02\/03\/actor-hernan-crismanich-murio-en-choque-frontal-en-ruta-5\/\" \/>\n<meta property=\"og:locale\" content=\"es_ES\" \/>\n<meta property=\"og:type\" content=\"article\" \/>\n<meta property=\"og:title\" content=\"Actor Hern\u00e1n Crismanich muri\u00f3 en choque frontal en Ruta 5\" \/>\n<meta property=\"og:description\" content=\"El actor Hern\u00e1n Crismanich, de 37 a\u00f1os, falleci\u00f3 el viernes por la tarde al chocar el autom\u00f3vil que conduc\u00eda contra un cami\u00f3n que circulaba en sentido contrario en la Ruta Nacional, en jurisdicci\u00f3n de Suipacha. El siniestro vial se registr\u00f3 a las 15.15 horas en el kil\u00f3metro 127,500 donde el Peugeot 207 que circulaba en [&hellip;]\" \/>\n<meta property=\"og:url\" content=\"https:\/\/noticiasmercedinas.com\/site\/2020\/02\/03\/actor-hernan-crismanich-murio-en-choque-frontal-en-ruta-5\/\" \/>\n<meta property=\"og:site_name\" content=\"NOTICIASMERCEDINAS.COM\" \/>\n<meta property=\"article:publisher\" content=\"https:\/\/www.facebook.com\/noticiasmercedinas\/\" \/>\n<meta property=\"article:published_time\" content=\"2020-02-03T13:28:18+00:00\" \/>\n<meta property=\"og:image\" content=\"https:\/\/noticiasmercedinas.com\/site\/wp-content\/uploads\/2020\/02\/crismanich.jpg\" \/>\n\t<meta property=\"og:image:width\" content=\"640\" \/>\n\t<meta property=\"og:image:height\" content=\"428\" \/>\n\t<meta property=\"og:image:type\" content=\"image\/jpeg\" \/>\n<meta name=\"author\" content=\"NOTICIASMERCEDINAS.COM\" \/>\n<meta name=\"twitter:card\" content=\"summary_large_image\" \/>\n<meta name=\"twitter:creator\" content=\"@notmercedinas\" \/>\n<meta name=\"twitter:site\" content=\"@notmercedinas\" \/>\n<meta name=\"twitter:label1\" content=\"Escrito por\" \/>\n\t<meta name=\"twitter:data1\" content=\"NOTICIASMERCEDINAS.COM\" \/>\n\t<meta name=\"twitter:label2\" content=\"Tiempo de lectura\" \/>\n\t<meta name=\"twitter:data2\" content=\"1 minuto\" \/>\n<script type=\"application\/ld+json\" class=\"yoast-schema-graph\">{\"@context\":\"https:\\\/\\\/schema.org\",\"@graph\":[{\"@type\":\"Article\",\"@id\":\"https:\\\/\\\/noticiasmercedinas.com\\\/site\\\/2020\\\/02\\\/03\\\/actor-hernan-crismanich-murio-en-choque-frontal-en-ruta-5\\\/#article\",\"isPartOf\":{\"@id\":\"https:\\\/\\\/noticiasmercedinas.com\\\/site\\\/2020\\\/02\\\/03\\\/actor-hernan-crismanich-murio-en-choque-frontal-en-ruta-5\\\/\"},\"author\":{\"name\":\"NOTICIASMERCEDINAS.COM\",\"@id\":\"https:\\\/\\\/noticiasmercedinas.com\\\/site\\\/#\\\/schema\\\/person\\\/84b59c099c28ff2e8b77d4ceec5d8063\"},\"headline\":\"Actor Hern\u00e1n Crismanich muri\u00f3 en choque frontal en Ruta 5\",\"datePublished\":\"2020-02-03T13:28:18+00:00\",\"mainEntityOfPage\":{\"@id\":\"https:\\\/\\\/noticiasmercedinas.com\\\/site\\\/2020\\\/02\\\/03\\\/actor-hernan-crismanich-murio-en-choque-frontal-en-ruta-5\\\/\"},\"wordCount\":229,\"commentCount\":0,\"publisher\":{\"@id\":\"https:\\\/\\\/noticiasmercedinas.com\\\/site\\\/#organization\"},\"image\":{\"@id\":\"https:\\\/\\\/noticiasmercedinas.com\\\/site\\\/2020\\\/02\\\/03\\\/actor-hernan-crismanich-murio-en-choque-frontal-en-ruta-5\\\/#primaryimage\"},\"thumbnailUrl\":\"https:\\\/\\\/noticiasmercedinas.com\\\/site\\\/wp-content\\\/uploads\\\/2020\\\/02\\\/crismanich.jpg\",\"keywords\":[\"Hern\u00e1n Crismanich\",\"Ruta Nacional 5\",\"Siniestro Vial\",\"suipacha\"],\"articleSection\":[\"Seguridad\"],\"inLanguage\":\"es\",\"potentialAction\":[{\"@type\":\"CommentAction\",\"name\":\"Comment\",\"target\":[\"https:\\\/\\\/noticiasmercedinas.com\\\/site\\\/2020\\\/02\\\/03\\\/actor-hernan-crismanich-murio-en-choque-frontal-en-ruta-5\\\/#respond\"]}]},{\"@type\":\"WebPage\",\"@id\":\"https:\\\/\\\/noticiasmercedinas.com\\\/site\\\/2020\\\/02\\\/03\\\/actor-hernan-crismanich-murio-en-choque-frontal-en-ruta-5\\\/\",\"url\":\"https:\\\/\\\/noticiasmercedinas.com\\\/site\\\/2020\\\/02\\\/03\\\/actor-hernan-crismanich-murio-en-choque-frontal-en-ruta-5\\\/\",\"name\":\"Actor Hern\u00e1n Crismanich muri\u00f3 en choque frontal en Ruta 5\",\"isPartOf\":{\"@id\":\"https:\\\/\\\/noticiasmercedinas.com\\\/site\\\/#website\"},\"primaryImageOfPage\":{\"@id\":\"https:\\\/\\\/noticiasmercedinas.com\\\/site\\\/2020\\\/02\\\/03\\\/actor-hernan-crismanich-murio-en-choque-frontal-en-ruta-5\\\/#primaryimage\"},\"image\":{\"@id\":\"https:\\\/\\\/noticiasmercedinas.com\\\/site\\\/2020\\\/02\\\/03\\\/actor-hernan-crismanich-murio-en-choque-frontal-en-ruta-5\\\/#primaryimage\"},\"thumbnailUrl\":\"https:\\\/\\\/noticiasmercedinas.com\\\/site\\\/wp-content\\\/uploads\\\/2020\\\/02\\\/crismanich.jpg\",\"datePublished\":\"2020-02-03T13:28:18+00:00\",\"breadcrumb\":{\"@id\":\"https:\\\/\\\/noticiasmercedinas.com\\\/site\\\/2020\\\/02\\\/03\\\/actor-hernan-crismanich-murio-en-choque-frontal-en-ruta-5\\\/#breadcrumb\"},\"inLanguage\":\"es\",\"potentialAction\":[{\"@type\":\"ReadAction\",\"target\":[\"https:\\\/\\\/noticiasmercedinas.com\\\/site\\\/2020\\\/02\\\/03\\\/actor-hernan-crismanich-murio-en-choque-frontal-en-ruta-5\\\/\"]}]},{\"@type\":\"ImageObject\",\"inLanguage\":\"es\",\"@id\":\"https:\\\/\\\/noticiasmercedinas.com\\\/site\\\/2020\\\/02\\\/03\\\/actor-hernan-crismanich-murio-en-choque-frontal-en-ruta-5\\\/#primaryimage\",\"url\":\"https:\\\/\\\/noticiasmercedinas.com\\\/site\\\/wp-content\\\/uploads\\\/2020\\\/02\\\/crismanich.jpg\",\"contentUrl\":\"https:\\\/\\\/noticiasmercedinas.com\\\/site\\\/wp-content\\\/uploads\\\/2020\\\/02\\\/crismanich.jpg\",\"width\":640,\"height\":428},{\"@type\":\"BreadcrumbList\",\"@id\":\"https:\\\/\\\/noticiasmercedinas.com\\\/site\\\/2020\\\/02\\\/03\\\/actor-hernan-crismanich-murio-en-choque-frontal-en-ruta-5\\\/#breadcrumb\",\"itemListElement\":[{\"@type\":\"ListItem\",\"position\":1,\"name\":\"Portada\",\"item\":\"https:\\\/\\\/noticiasmercedinas.com\\\/site\\\/\"},{\"@type\":\"ListItem\",\"position\":2,\"name\":\"Actor Hern\u00e1n Crismanich muri\u00f3 en choque frontal en Ruta 5\"}]},{\"@type\":\"WebSite\",\"@id\":\"https:\\\/\\\/noticiasmercedinas.com\\\/site\\\/#website\",\"url\":\"https:\\\/\\\/noticiasmercedinas.com\\\/site\\\/\",\"name\":\"NOTICIASMERCEDINAS.COM\",\"description\":\"Mercedes, Buenos Aires, Argentina\",\"publisher\":{\"@id\":\"https:\\\/\\\/noticiasmercedinas.com\\\/site\\\/#organization\"},\"potentialAction\":[{\"@type\":\"SearchAction\",\"target\":{\"@type\":\"EntryPoint\",\"urlTemplate\":\"https:\\\/\\\/noticiasmercedinas.com\\\/site\\\/?s={search_term_string}\"},\"query-input\":{\"@type\":\"PropertyValueSpecification\",\"valueRequired\":true,\"valueName\":\"search_term_string\"}}],\"inLanguage\":\"es\"},{\"@type\":\"Organization\",\"@id\":\"https:\\\/\\\/noticiasmercedinas.com\\\/site\\\/#organization\",\"name\":\"NOTICIASMERCEDINAS.COM\",\"url\":\"https:\\\/\\\/noticiasmercedinas.com\\\/site\\\/\",\"logo\":{\"@type\":\"ImageObject\",\"inLanguage\":\"es\",\"@id\":\"https:\\\/\\\/noticiasmercedinas.com\\\/site\\\/#\\\/schema\\\/logo\\\/image\\\/\",\"url\":\"https:\\\/\\\/noticiasmercedinas.com\\\/site\\\/wp-content\\\/uploads\\\/2020\\\/06\\\/LOGO-512.jpg\",\"contentUrl\":\"https:\\\/\\\/noticiasmercedinas.com\\\/site\\\/wp-content\\\/uploads\\\/2020\\\/06\\\/LOGO-512.jpg\",\"width\":512,\"height\":512,\"caption\":\"NOTICIASMERCEDINAS.COM\"},\"image\":{\"@id\":\"https:\\\/\\\/noticiasmercedinas.com\\\/site\\\/#\\\/schema\\\/logo\\\/image\\\/\"},\"sameAs\":[\"https:\\\/\\\/www.facebook.com\\\/noticiasmercedinas\\\/\",\"https:\\\/\\\/x.com\\\/notmercedinas\",\"https:\\\/\\\/www.instagram.com\\\/noticiasmercedinas\\\/\"]},{\"@type\":\"Person\",\"@id\":\"https:\\\/\\\/noticiasmercedinas.com\\\/site\\\/#\\\/schema\\\/person\\\/84b59c099c28ff2e8b77d4ceec5d8063\",\"name\":\"NOTICIASMERCEDINAS.COM\",\"image\":{\"@type\":\"ImageObject\",\"inLanguage\":\"es\",\"@id\":\"https:\\\/\\\/secure.gravatar.com\\\/avatar\\\/4dfbf16b4d17945bfb6341b2d19043457132fcf478a5ee04f42e959fd8f5df0a?s=96&d=mm&r=g\",\"url\":\"https:\\\/\\\/secure.gravatar.com\\\/avatar\\\/4dfbf16b4d17945bfb6341b2d19043457132fcf478a5ee04f42e959fd8f5df0a?s=96&d=mm&r=g\",\"contentUrl\":\"https:\\\/\\\/secure.gravatar.com\\\/avatar\\\/4dfbf16b4d17945bfb6341b2d19043457132fcf478a5ee04f42e959fd8f5df0a?s=96&d=mm&r=g\",\"caption\":\"NOTICIASMERCEDINAS.COM\"},\"url\":\"https:\\\/\\\/noticiasmercedinas.com\\\/site\\\/author\\\/anonimo\\\/\"}]}<\/script>\n<!-- \/ Yoast SEO plugin. -->","yoast_head_json":{"title":"Actor Hern\u00e1n Crismanich muri\u00f3 en choque frontal en Ruta 5","robots":{"index":"index","follow":"follow","max-snippet":"max-snippet:-1","max-image-preview":"max-image-preview:large","max-video-preview":"max-video-preview:-1"},"canonical":"https:\/\/noticiasmercedinas.com\/site\/2020\/02\/03\/actor-hernan-crismanich-murio-en-choque-frontal-en-ruta-5\/","og_locale":"es_ES","og_type":"article","og_title":"Actor Hern\u00e1n Crismanich muri\u00f3 en choque frontal en Ruta 5","og_description":"El actor Hern\u00e1n Crismanich, de 37 a\u00f1os, falleci\u00f3 el viernes por la tarde al chocar el autom\u00f3vil que conduc\u00eda contra un cami\u00f3n que circulaba en sentido contrario en la Ruta Nacional, en jurisdicci\u00f3n de Suipacha. El siniestro vial se registr\u00f3 a las 15.15 horas en el kil\u00f3metro 127,500 donde el Peugeot 207 que circulaba en [&hellip;]","og_url":"https:\/\/noticiasmercedinas.com\/site\/2020\/02\/03\/actor-hernan-crismanich-murio-en-choque-frontal-en-ruta-5\/","og_site_name":"NOTICIASMERCEDINAS.COM","article_publisher":"https:\/\/www.facebook.com\/noticiasmercedinas\/","article_published_time":"2020-02-03T13:28:18+00:00","og_image":[{"width":640,"height":428,"url":"https:\/\/noticiasmercedinas.com\/site\/wp-content\/uploads\/2020\/02\/crismanich.jpg","type":"image\/jpeg"}],"author":"NOTICIASMERCEDINAS.COM","twitter_card":"summary_large_image","twitter_creator":"@notmercedinas","twitter_site":"@notmercedinas","twitter_misc":{"Escrito por":"NOTICIASMERCEDINAS.COM","Tiempo de lectura":"1 minuto"},"schema":{"@context":"https:\/\/schema.org","@graph":[{"@type":"Article","@id":"https:\/\/noticiasmercedinas.com\/site\/2020\/02\/03\/actor-hernan-crismanich-murio-en-choque-frontal-en-ruta-5\/#article","isPartOf":{"@id":"https:\/\/noticiasmercedinas.com\/site\/2020\/02\/03\/actor-hernan-crismanich-murio-en-choque-frontal-en-ruta-5\/"},"author":{"name":"NOTICIASMERCEDINAS.COM","@id":"https:\/\/noticiasmercedinas.com\/site\/#\/schema\/person\/84b59c099c28ff2e8b77d4ceec5d8063"},"headline":"Actor Hern\u00e1n Crismanich muri\u00f3 en choque frontal en Ruta 5","datePublished":"2020-02-03T13:28:18+00:00","mainEntityOfPage":{"@id":"https:\/\/noticiasmercedinas.com\/site\/2020\/02\/03\/actor-hernan-crismanich-murio-en-choque-frontal-en-ruta-5\/"},"wordCount":229,"commentCount":0,"publisher":{"@id":"https:\/\/noticiasmercedinas.com\/site\/#organization"},"image":{"@id":"https:\/\/noticiasmercedinas.com\/site\/2020\/02\/03\/actor-hernan-crismanich-murio-en-choque-frontal-en-ruta-5\/#primaryimage"},"thumbnailUrl":"https:\/\/noticiasmercedinas.com\/site\/wp-content\/uploads\/2020\/02\/crismanich.jpg","keywords":["Hern\u00e1n Crismanich","Ruta Nacional 5","Siniestro Vial","suipacha"],"articleSection":["Seguridad"],"inLanguage":"es","potentialAction":[{"@type":"CommentAction","name":"Comment","target":["https:\/\/noticiasmercedinas.com\/site\/2020\/02\/03\/actor-hernan-crismanich-murio-en-choque-frontal-en-ruta-5\/#respond"]}]},{"@type":"WebPage","@id":"https:\/\/noticiasmercedinas.com\/site\/2020\/02\/03\/actor-hernan-crismanich-murio-en-choque-frontal-en-ruta-5\/","url":"https:\/\/noticiasmercedinas.com\/site\/2020\/02\/03\/actor-hernan-crismanich-murio-en-choque-frontal-en-ruta-5\/","name":"Actor Hern\u00e1n Crismanich muri\u00f3 en choque frontal en Ruta 5","isPartOf":{"@id":"https:\/\/noticiasmercedinas.com\/site\/#website"},"primaryImageOfPage":{"@id":"https:\/\/noticiasmercedinas.com\/site\/2020\/02\/03\/actor-hernan-crismanich-murio-en-choque-frontal-en-ruta-5\/#primaryimage"},"image":{"@id":"https:\/\/noticiasmercedinas.com\/site\/2020\/02\/03\/actor-hernan-crismanich-murio-en-choque-frontal-en-ruta-5\/#primaryimage"},"thumbnailUrl":"https:\/\/noticiasmercedinas.com\/site\/wp-content\/uploads\/2020\/02\/crismanich.jpg","datePublished":"2020-02-03T13:28:18+00:00","breadcrumb":{"@id":"https:\/\/noticiasmercedinas.com\/site\/2020\/02\/03\/actor-hernan-crismanich-murio-en-choque-frontal-en-ruta-5\/#breadcrumb"},"inLanguage":"es","potentialAction":[{"@type":"ReadAction","target":["https:\/\/noticiasmercedinas.com\/site\/2020\/02\/03\/actor-hernan-crismanich-murio-en-choque-frontal-en-ruta-5\/"]}]},{"@type":"ImageObject","inLanguage":"es","@id":"https:\/\/noticiasmercedinas.com\/site\/2020\/02\/03\/actor-hernan-crismanich-murio-en-choque-frontal-en-ruta-5\/#primaryimage","url":"https:\/\/noticiasmercedinas.com\/site\/wp-content\/uploads\/2020\/02\/crismanich.jpg","contentUrl":"https:\/\/noticiasmercedinas.com\/site\/wp-content\/uploads\/2020\/02\/crismanich.jpg","width":640,"height":428},{"@type":"BreadcrumbList","@id":"https:\/\/noticiasmercedinas.com\/site\/2020\/02\/03\/actor-hernan-crismanich-murio-en-choque-frontal-en-ruta-5\/#breadcrumb","itemListElement":[{"@type":"ListItem","position":1,"name":"Portada","item":"https:\/\/noticiasmercedinas.com\/site\/"},{"@type":"ListItem","position":2,"name":"Actor Hern\u00e1n Crismanich muri\u00f3 en choque frontal en Ruta 5"}]},{"@type":"WebSite","@id":"https:\/\/noticiasmercedinas.com\/site\/#website","url":"https:\/\/noticiasmercedinas.com\/site\/","name":"NOTICIASMERCEDINAS.COM","description":"Mercedes, Buenos Aires, Argentina","publisher":{"@id":"https:\/\/noticiasmercedinas.com\/site\/#organization"},"potentialAction":[{"@type":"SearchAction","target":{"@type":"EntryPoint","urlTemplate":"https:\/\/noticiasmercedinas.com\/site\/?s={search_term_string}"},"query-input":{"@type":"PropertyValueSpecification","valueRequired":true,"valueName":"search_term_string"}}],"inLanguage":"es"},{"@type":"Organization","@id":"https:\/\/noticiasmercedinas.com\/site\/#organization","name":"NOTICIASMERCEDINAS.COM","url":"https:\/\/noticiasmercedinas.com\/site\/","logo":{"@type":"ImageObject","inLanguage":"es","@id":"https:\/\/noticiasmercedinas.com\/site\/#\/schema\/logo\/image\/","url":"https:\/\/noticiasmercedinas.com\/site\/wp-content\/uploads\/2020\/06\/LOGO-512.jpg","contentUrl":"https:\/\/noticiasmercedinas.com\/site\/wp-content\/uploads\/2020\/06\/LOGO-512.jpg","width":512,"height":512,"caption":"NOTICIASMERCEDINAS.COM"},"image":{"@id":"https:\/\/noticiasmercedinas.com\/site\/#\/schema\/logo\/image\/"},"sameAs":["https:\/\/www.facebook.com\/noticiasmercedinas\/","https:\/\/x.com\/notmercedinas","https:\/\/www.instagram.com\/noticiasmercedinas\/"]},{"@type":"Person","@id":"https:\/\/noticiasmercedinas.com\/site\/#\/schema\/person\/84b59c099c28ff2e8b77d4ceec5d8063","name":"NOTICIASMERCEDINAS.COM","image":{"@type":"ImageObject","inLanguage":"es","@id":"https:\/\/secure.gravatar.com\/avatar\/4dfbf16b4d17945bfb6341b2d19043457132fcf478a5ee04f42e959fd8f5df0a?s=96&d=mm&r=g","url":"https:\/\/secure.gravatar.com\/avatar\/4dfbf16b4d17945bfb6341b2d19043457132fcf478a5ee04f42e959fd8f5df0a?s=96&d=mm&r=g","contentUrl":"https:\/\/secure.gravatar.com\/avatar\/4dfbf16b4d17945bfb6341b2d19043457132fcf478a5ee04f42e959fd8f5df0a?s=96&d=mm&r=g","caption":"NOTICIASMERCEDINAS.COM"},"url":"https:\/\/noticiasmercedinas.com\/site\/author\/anonimo\/"}]}},"amp_enabled":true,"_links":{"self":[{"href":"https:\/\/noticiasmercedinas.com\/site\/wp-json\/wp\/v2\/posts\/38847","targetHints":{"allow":["GET"]}}],"collection":[{"href":"https:\/\/noticiasmercedinas.com\/site\/wp-json\/wp\/v2\/posts"}],"about":[{"href":"https:\/\/noticiasmercedinas.com\/site\/wp-json\/wp\/v2\/types\/post"}],"author":[{"embeddable":true,"href":"https:\/\/noticiasmercedinas.com\/site\/wp-json\/wp\/v2\/users\/16"}],"replies":[{"embeddable":true,"href":"https:\/\/noticiasmercedinas.com\/site\/wp-json\/wp\/v2\/comments?post=38847"}],"version-history":[{"count":2,"href":"https:\/\/noticiasmercedinas.com\/site\/wp-json\/wp\/v2\/posts\/38847\/revisions"}],"predecessor-version":[{"id":38850,"href":"https:\/\/noticiasmercedinas.com\/site\/wp-json\/wp\/v2\/posts\/38847\/revisions\/38850"}],"wp:featuredmedia":[{"embeddable":true,"href":"https:\/\/noticiasmercedinas.com\/site\/wp-json\/wp\/v2\/media\/38848"}],"wp:attachment":[{"href":"https:\/\/noticiasmercedinas.com\/site\/wp-json\/wp\/v2\/media?parent=38847"}],"wp:term":[{"taxonomy":"category","embeddable":true,"href":"https:\/\/noticiasmercedinas.com\/site\/wp-json\/wp\/v2\/categories?post=38847"},{"taxonomy":"post_tag","embeddable":true,"href":"https:\/\/noticiasmercedinas.com\/site\/wp-json\/wp\/v2\/tags?post=38847"}],"curies":[{"name":"wp","href":"https:\/\/api.w.org\/{rel}","templated":true}]}}