{"id":38861,"date":"2020-02-03T13:27:22","date_gmt":"2020-02-03T16:27:22","guid":{"rendered":"https:\/\/noticiasmercedinas.com\/site\/2020\/02\/03\/como-creceran-las-compras-por-internet-en-la-argentina\/"},"modified":"2020-02-03T13:27:22","modified_gmt":"2020-02-03T16:27:22","slug":"como-creceran-las-compras-por-internet-en-la-argentina","status":"publish","type":"post","link":"https:\/\/noticiasmercedinas.com\/site\/2020\/02\/03\/como-creceran-las-compras-por-internet-en-la-argentina\/","title":{"rendered":"\u00bfC\u00f3mo crecer\u00e1n las compras por Internet en la Argentina?"},"content":{"rendered":"<p><img loading=\"lazy\" decoding=\"async\" class=\"wp-image-38859 alignnone size-full\" src=\"https:\/\/noticiasmercedinas.com\/site\/wp-content\/uploads\/2020\/02\/wp-15807468032188120699170601165841.jpg\" width=\"889\" height=\"553\" srcset=\"https:\/\/noticiasmercedinas.com\/site\/wp-content\/uploads\/2020\/02\/wp-15807468032188120699170601165841.jpg 889w, https:\/\/noticiasmercedinas.com\/site\/wp-content\/uploads\/2020\/02\/wp-15807468032188120699170601165841-300x187.jpg 300w, https:\/\/noticiasmercedinas.com\/site\/wp-content\/uploads\/2020\/02\/wp-15807468032188120699170601165841-768x478.jpg 768w, https:\/\/noticiasmercedinas.com\/site\/wp-content\/uploads\/2020\/02\/wp-15807468032188120699170601165841-640x398.jpg 640w, https:\/\/noticiasmercedinas.com\/site\/wp-content\/uploads\/2020\/02\/wp-15807468032188120699170601165841-681x424.jpg 681w\" sizes=\"auto, (max-width: 889px) 100vw, 889px\" \/><\/p>\n<p style=\"color: rgb(0, 0, 0); font-family: sans-serif; font-size: 12.8px; font-style: normal; font-variant-ligatures: normal; font-variant-caps: normal; font-weight: 400; letter-spacing: normal; orphans: 2; text-align: start; text-indent: 0px; text-transform: none; white-space: normal; widows: 2; word-spacing: 0px; -webkit-text-stroke-width: 0px; text-decoration-style: initial; text-decoration-color: initial;\">En el \u00faltimo par de a\u00f1os, desafiando la compleja situaci\u00f3n econ\u00f3mica Argentina, el comercio electr\u00f3nico ha logrado mantener un crecimiento estable, superando incluso el 40% en el periodo 2017-2018 (1). Este fen\u00f3meno no solo ha continuado con el pasar del tiempo, sino que ha adquirido una profundidad que hasta hace algunos a\u00f1os parec\u00eda impensable.<\/p>\n<p style=\"color: rgb(0, 0, 0); font-family: sans-serif; font-size: 12.8px; font-style: normal; font-variant-ligatures: normal; font-variant-caps: normal; font-weight: 400; letter-spacing: normal; orphans: 2; text-align: start; text-indent: 0px; text-transform: none; white-space: normal; widows: 2; word-spacing: 0px; -webkit-text-stroke-width: 0px; text-decoration-style: initial; text-decoration-color: initial;\">Ante una situaci\u00f3n que en principio parece tan curiosa, muchos han comenzado a preguntarse c\u00f3mo ser\u00e1 la evoluci\u00f3n de las compras por Internet de cara a los meses (e incluso a\u00f1os) por venir. Al investigar sobre el tema, es posible encontrar lo siguiente:<\/p>\n<p style=\"color: rgb(0, 0, 0); font-family: sans-serif; font-size: 12.8px; font-style: normal; font-variant-ligatures: normal; font-variant-caps: normal; font-weight: 400; letter-spacing: normal; orphans: 2; text-align: start; text-indent: 0px; text-transform: none; white-space: normal; widows: 2; word-spacing: 0px; -webkit-text-stroke-width: 0px; text-decoration-style: initial; text-decoration-color: initial;\"><strong>Crecimiento del e-commerce 2020-2021<\/strong><\/p>\n<p style=\"color: rgb(0, 0, 0); font-family: sans-serif; font-size: 12.8px; font-style: normal; font-variant-ligatures: normal; font-variant-caps: normal; font-weight: 400; letter-spacing: normal; orphans: 2; text-align: start; text-indent: 0px; text-transform: none; white-space: normal; widows: 2; word-spacing: 0px; -webkit-text-stroke-width: 0px; text-decoration-style: initial; text-decoration-color: initial;\">De acuerdo a datos recientes recopilados por la firma Forrester Research, se espera que el comercio electr\u00f3nico argentino crezca alrededor de 16,1% en el periodo 2020-2021, lo que se traduce en un volumen de ventas cercano a los 7,8 millardos de d\u00f3lares americanos (2). Aunque la cantidad de ingresos generados ser\u00e1 menor que la que se ver\u00e1 en Brasil y M\u00e9xico, la proporci\u00f3n ser\u00e1 mayor por unos cuantos puntos porcentuales.<\/p>\n<p style=\"color: rgb(0, 0, 0); font-family: sans-serif; font-size: 12.8px; font-style: normal; font-variant-ligatures: normal; font-variant-caps: normal; font-weight: 400; letter-spacing: normal; orphans: 2; text-align: start; text-indent: 0px; text-transform: none; white-space: normal; widows: 2; word-spacing: 0px; -webkit-text-stroke-width: 0px; text-decoration-style: initial; text-decoration-color: initial;\">Expertos afirman que el crecimiento de este canal de ventas no se estar\u00eda dando \u00fanicamente por el factor innovaci\u00f3n, sino tambi\u00e9n debido a que esta presencia digital se ha posicionado entre las estrategias de los minoristas locales que buscan alternativas para potenciarse durante la inestabilidad econ\u00f3mica.<\/p>\n<p style=\"color: rgb(0, 0, 0); font-family: sans-serif; font-size: 12.8px; font-style: normal; font-variant-ligatures: normal; font-variant-caps: normal; font-weight: 400; letter-spacing: normal; orphans: 2; text-align: start; text-indent: 0px; text-transform: none; white-space: normal; widows: 2; word-spacing: 0px; -webkit-text-stroke-width: 0px; text-decoration-style: initial; text-decoration-color: initial;\">Es por eso que actualmente vemos cientos de marcas y cadenas minoristas que desarrollan campa\u00f1as para dar a conocer sus productos a trav\u00e9s de Internet, pero incentivando a que la compra se culmine dentro de los establecimientos.<\/p>\n<p style=\"color: rgb(0, 0, 0); font-family: sans-serif; font-size: 12.8px; font-style: normal; font-variant-ligatures: normal; font-variant-caps: normal; font-weight: 400; letter-spacing: normal; orphans: 2; text-align: start; text-indent: 0px; text-transform: none; white-space: normal; widows: 2; word-spacing: 0px; -webkit-text-stroke-width: 0px; text-decoration-style: initial; text-decoration-color: initial;\"><u><a href=\"https:\/\/www.ofertero.com.ar\/easy\/\" target=\"_blank\" rel=\"noreferrer noopener\" data-saferedirecturl=\"https:\/\/www.google.com\/url?q=https:\/\/www.ofertero.com.ar\/easy\/&amp;source=gmail&amp;ust=1580832236324000&amp;usg=AFQjCNHtSeMPWmOGmPZIrEtafKA0KngHEw\" style=\"text-decoration: none; color: rgb(66, 133, 244);\"><strong>Easy<\/strong><\/a><\/u>, cadena de supermercados de gran presencia en el pa\u00eds, public\u00f3 recientemente una serie de folletos en los que promocionan el \u201cfinanciamiento\u201d de la remodelaci\u00f3n del hogar, una tarea cada vez m\u00e1s compleja dada la situaci\u00f3n econ\u00f3mica. En esta campa\u00f1a, la empresa ofrece descuentos tan variados como 10% en faroles y decoraci\u00f3n para el jard\u00edn, 15% en herramientas de trabajo, e incluso 20% en l\u00ednea blanca.<\/p>\n<p style=\"color: rgb(0, 0, 0); font-family: sans-serif; font-size: 12.8px; font-style: normal; font-variant-ligatures: normal; font-variant-caps: normal; font-weight: 400; letter-spacing: normal; orphans: 2; text-align: start; text-indent: 0px; text-transform: none; white-space: normal; widows: 2; word-spacing: 0px; -webkit-text-stroke-width: 0px; text-decoration-style: initial; text-decoration-color: initial;\"><strong>Crece Latinoam\u00e9rica, crece Argentina<\/strong><\/p>\n<p style=\"color: rgb(0, 0, 0); font-family: sans-serif; font-size: 12.8px; font-style: normal; font-variant-ligatures: normal; font-variant-caps: normal; font-weight: 400; letter-spacing: normal; orphans: 2; text-align: start; text-indent: 0px; text-transform: none; white-space: normal; widows: 2; word-spacing: 0px; -webkit-text-stroke-width: 0px; text-decoration-style: initial; text-decoration-color: initial;\">Aunque puede que muchos no se detengan a pensarlo demasiado, la realidad es que el crecimiento del comercio en la regi\u00f3n no solo se traduce en un beneficio para ciertos pa\u00edses vecinos, sino incluso para el nuestro. Esto se debe a que incrementa las opciones que tienen los consumidores al momento de comprar (ofreciendo mejores precios y beneficios adicionales), lo que incentiva a la competitividad y al desarrollo nacional del canal de ventas.<\/p>\n<p style=\"color: rgb(0, 0, 0); font-family: sans-serif; font-size: 12.8px; font-style: normal; font-variant-ligatures: normal; font-variant-caps: normal; font-weight: 400; letter-spacing: normal; orphans: 2; text-align: start; text-indent: 0px; text-transform: none; white-space: normal; widows: 2; word-spacing: 0px; -webkit-text-stroke-width: 0px; text-decoration-style: initial; text-decoration-color: initial;\">Es precisamente por eso que el crecimiento del e-commerce en Latinoam\u00e9rica, que seg\u00fan cifras recientes podr\u00eda ser de hasta 21% durante este 2020, debe verse como algo positivo para el fortalecimiento de nuestra industria comercial, log\u00edstica y digital (3). As\u00ed, afirman que la regi\u00f3n ser\u00e1 el lugar de nacimiento de uno de los hitos comerciales m\u00e1s importantes de la historia moderna.<\/p>\n<p style=\"color: rgb(0, 0, 0); font-family: sans-serif; font-size: 12.8px; font-style: normal; font-variant-ligatures: normal; font-variant-caps: normal; font-weight: 400; letter-spacing: normal; orphans: 2; text-align: start; text-indent: 0px; text-transform: none; white-space: normal; widows: 2; word-spacing: 0px; -webkit-text-stroke-width: 0px; text-decoration-style: initial; text-decoration-color: initial;\"><strong>Las regulaciones necesarias<\/strong><\/p>\n<p style=\"color: rgb(0, 0, 0); font-family: sans-serif; font-size: 12.8px; font-style: normal; font-variant-ligatures: normal; font-variant-caps: normal; font-weight: 400; letter-spacing: normal; orphans: 2; text-align: start; text-indent: 0px; text-transform: none; white-space: normal; widows: 2; word-spacing: 0px; -webkit-text-stroke-width: 0px; text-decoration-style: initial; text-decoration-color: initial;\">Aunque cuando hablamos de regulaciones muchos pueden imaginar una serie de intromisiones innecesarias que solo entorpecer\u00edan el funcionamiento del e-commerce, la realidad es que muchos expertos han planteado la necesidad de crear regulaciones que no solo puedan mejorar el desempe\u00f1o de este canal de ventas, sino tambi\u00e9n su aporte al desarrollo nacional.<\/p>\n<p style=\"color: rgb(0, 0, 0); font-family: sans-serif; font-size: 12.8px; font-style: normal; font-variant-ligatures: normal; font-variant-caps: normal; font-weight: 400; letter-spacing: normal; orphans: 2; text-align: start; text-indent: 0px; text-transform: none; white-space: normal; widows: 2; word-spacing: 0px; -webkit-text-stroke-width: 0px; text-decoration-style: initial; text-decoration-color: initial;\">Con esto hablamos especialmente de la creaci\u00f3n de regulaciones en el \u00e1rea de seguridad para mejorar la experiencia del consumidor, a la vez que se disminuye el n\u00famero de estafas a nivel virtual.<\/p>\n<p style=\"color: rgb(0, 0, 0); font-family: sans-serif; font-size: 12.8px; font-style: normal; font-variant-ligatures: normal; font-variant-caps: normal; font-weight: 400; letter-spacing: normal; orphans: 2; text-align: start; text-indent: 0px; text-transform: none; white-space: normal; widows: 2; word-spacing: 0px; -webkit-text-stroke-width: 0px; text-decoration-style: initial; text-decoration-color: initial;\">Sin embargo, como varios representantes del sector han afirmado, estas regulaciones deben nacer desde una \u00f3ptica completamente nueva, y no desde los sectores que dominan la econom\u00eda a trav\u00e9s de canales tradicionales.<\/p>\n<p style=\"color: rgb(0, 0, 0); font-family: sans-serif; font-size: 12.8px; font-style: normal; font-variant-ligatures: normal; font-variant-caps: normal; font-weight: 400; letter-spacing: normal; orphans: 2; text-align: start; text-indent: 0px; text-transform: none; white-space: normal; widows: 2; word-spacing: 0px; -webkit-text-stroke-width: 0px; text-decoration-style: initial; text-decoration-color: initial;\">Si bien es posible que veamos muchos otros cambios, en cuanto a comercio electr\u00f3nico se refiere de cara al futuro, todo parece indicar que estos ser\u00e1n algunos de los aspectos que tendremos que tener en cuenta si queremos realizar una previsi\u00f3n acertada, ya sea porque buscamos aprovechar al m\u00e1ximo este canal de ventas como consumidores, o como comerciantes.<\/p>\n<p style=\"color: rgb(0, 0, 0); font-family: sans-serif; font-size: 12.8px; font-style: normal; font-variant-ligatures: normal; font-variant-caps: normal; font-weight: 400; letter-spacing: normal; orphans: 2; text-align: start; text-indent: 0px; text-transform: none; white-space: normal; widows: 2; word-spacing: 0px; -webkit-text-stroke-width: 0px; text-decoration-style: initial; text-decoration-color: initial;\">Fuentes:<\/p>\n<ul style=\"color:rgb(0,0,0); font-family:sans-serif; font-size:12.8px; font-style:normal; font-variant-ligatures:normal; font-variant-caps:normal; font-weight:400; letter-spacing:normal; orphans:2text-indent:0px; text-transform:none; white-space:normal; widows:2; word-spacing:0px; -webkit-text-stroke-width:0px; text-decoration-style:initial; text-decoration-color:initial; text-align:left;\">\n<li>Reporte sobre el crecimiento del e-commerce en Argentina, publicado por<span> <\/span><u><a href=\"https:\/\/www.cronista.com\/apertura-negocio\/empresas\/El-comercio-electronico-crecio-un-47-pese-a-la-retraccion-del-consumo--20190228-0006.html\" target=\"_blank\" rel=\"noreferrer noopener\" data-saferedirecturl=\"https:\/\/www.google.com\/url?q=https:\/\/www.cronista.com\/apertura-negocio\/empresas\/El-comercio-electronico-crecio-un-47-pese-a-la-retraccion-del-consumo--20190228-0006.html&amp;source=gmail&amp;ust=1580832236324000&amp;usg=AFQjCNF5TkYdcFAZf3xpjyY1MeNP2vbCUA\" style=\"text-decoration: none; color: rgb(66, 133, 244);\"><strong>cronista.com<\/strong><\/a><\/u><\/li>\n<li>Reporte sobre el crecimiento a futuro del e-commerce, publicado por<span> <\/span><u><a href=\"https:\/\/www.clarin.com\/economia\/ventas-online-creceran-16-anual-2021_0_KEHLB_Ix.html\" target=\"_blank\" rel=\"noreferrer noopener\" data-saferedirecturl=\"https:\/\/www.google.com\/url?q=https:\/\/www.clarin.com\/economia\/ventas-online-creceran-16-anual-2021_0_KEHLB_Ix.html&amp;source=gmail&amp;ust=1580832236324000&amp;usg=AFQjCNE6T6GsXFcn7yrJRPyYTZVKRMdOog\" style=\"text-decoration: none; color: rgb(66, 133, 244);\"><strong>clarin.com<\/strong><\/a><\/u><\/li>\n<li>Reportaje sobre el crecimiento del e-commerce en latinoam\u00e9rica, publicado por<span> <\/span><u><a href=\"https:\/\/www.forbes.com.mx\/el-e-commerce-esta-por-explotar-en-mexico-y-los-gigantes-en-logistica-lo-saben\/\" target=\"_blank\" rel=\"noreferrer noopener\" data-saferedirecturl=\"https:\/\/www.google.com\/url?q=https:\/\/www.forbes.com.mx\/el-e-commerce-esta-por-explotar-en-mexico-y-los-gigantes-en-logistica-lo-saben\/&amp;source=gmail&amp;ust=1580832236324000&amp;usg=AFQjCNHPCFnJnE9xY9SFC9bLFgG9TZWOQQ\" style=\"text-decoration: none; color: rgb(66, 133, 244);\"><strong>forbes.com.mx<\/strong><\/a><\/u><\/li>\n<\/ul>\n","protected":false},"excerpt":{"rendered":"<p>En el \u00faltimo par de a\u00f1os, desafiando la compleja situaci\u00f3n econ\u00f3mica Argentina, el comercio electr\u00f3nico ha logrado mantener un crecimiento estable, superando incluso el 40% en el periodo 2017-2018 (1). Este fen\u00f3meno no solo ha continuado con el pasar del tiempo, sino que ha adquirido una profundidad que hasta hace algunos a\u00f1os parec\u00eda impensable. Ante [&hellip;]<\/p>\n","protected":false},"author":2,"featured_media":38859,"comment_status":"open","ping_status":"open","sticky":false,"template":"","format":"standard","meta":{"footnotes":""},"categories":[74],"tags":[5273,7872,8241,5663],"class_list":["post-38861","post","type-post","status-publish","format-standard","has-post-thumbnail","hentry","category-emprendimientos","tag-compras","tag-ecommerce","tag-internet","tag-web"],"yoast_head":"<!-- This site is optimized with the Yoast SEO plugin v27.4 - https:\/\/yoast.com\/product\/yoast-seo-wordpress\/ -->\n<title>\u00bfC\u00f3mo crecer\u00e1n las compras por Internet en la Argentina?<\/title>\n<meta name=\"robots\" content=\"index, follow, max-snippet:-1, max-image-preview:large, max-video-preview:-1\" \/>\n<link rel=\"canonical\" href=\"https:\/\/noticiasmercedinas.com\/site\/2020\/02\/03\/como-creceran-las-compras-por-internet-en-la-argentina\/\" \/>\n<meta property=\"og:locale\" content=\"es_ES\" \/>\n<meta property=\"og:type\" content=\"article\" \/>\n<meta property=\"og:title\" content=\"\u00bfC\u00f3mo crecer\u00e1n las compras por Internet en la Argentina?\" \/>\n<meta property=\"og:description\" content=\"En el \u00faltimo par de a\u00f1os, desafiando la compleja situaci\u00f3n econ\u00f3mica Argentina, el comercio electr\u00f3nico ha logrado mantener un crecimiento estable, superando incluso el 40% en el periodo 2017-2018 (1). Este fen\u00f3meno no solo ha continuado con el pasar del tiempo, sino que ha adquirido una profundidad que hasta hace algunos a\u00f1os parec\u00eda impensable. Ante [&hellip;]\" \/>\n<meta property=\"og:url\" content=\"https:\/\/noticiasmercedinas.com\/site\/2020\/02\/03\/como-creceran-las-compras-por-internet-en-la-argentina\/\" \/>\n<meta property=\"og:site_name\" content=\"NOTICIASMERCEDINAS.COM\" \/>\n<meta property=\"article:publisher\" content=\"https:\/\/www.facebook.com\/noticiasmercedinas\/\" \/>\n<meta property=\"article:author\" content=\"https:\/\/www.facebook.com\/cristian.falabella\" \/>\n<meta property=\"article:published_time\" content=\"2020-02-03T16:27:22+00:00\" \/>\n<meta property=\"og:image\" content=\"https:\/\/noticiasmercedinas.com\/site\/wp-content\/uploads\/2020\/02\/wp-15807468032188120699170601165841.jpg\" \/>\n\t<meta property=\"og:image:width\" content=\"889\" \/>\n\t<meta property=\"og:image:height\" content=\"553\" \/>\n\t<meta property=\"og:image:type\" content=\"image\/jpeg\" \/>\n<meta name=\"author\" content=\"Cristian Falabella NOTICIASMERCEDINAS.COM\" \/>\n<meta name=\"twitter:card\" content=\"summary_large_image\" \/>\n<meta name=\"twitter:creator\" content=\"@https:\/\/twitter.com\/NOTMERCEDINAS\" \/>\n<meta name=\"twitter:site\" content=\"@notmercedinas\" \/>\n<meta name=\"twitter:label1\" content=\"Escrito por\" \/>\n\t<meta name=\"twitter:data1\" content=\"Cristian Falabella NOTICIASMERCEDINAS.COM\" \/>\n\t<meta name=\"twitter:label2\" content=\"Tiempo de lectura\" \/>\n\t<meta name=\"twitter:data2\" content=\"4 minutos\" \/>\n<script type=\"application\/ld+json\" class=\"yoast-schema-graph\">{\"@context\":\"https:\\\/\\\/schema.org\",\"@graph\":[{\"@type\":\"Article\",\"@id\":\"https:\\\/\\\/noticiasmercedinas.com\\\/site\\\/2020\\\/02\\\/03\\\/como-creceran-las-compras-por-internet-en-la-argentina\\\/#article\",\"isPartOf\":{\"@id\":\"https:\\\/\\\/noticiasmercedinas.com\\\/site\\\/2020\\\/02\\\/03\\\/como-creceran-las-compras-por-internet-en-la-argentina\\\/\"},\"author\":{\"name\":\"Cristian Falabella NOTICIASMERCEDINAS.COM\",\"@id\":\"https:\\\/\\\/noticiasmercedinas.com\\\/site\\\/#\\\/schema\\\/person\\\/d481a9696a5feaec13a60e2bbd991a6a\"},\"headline\":\"\u00bfC\u00f3mo crecer\u00e1n las compras por Internet en la Argentina?\",\"datePublished\":\"2020-02-03T16:27:22+00:00\",\"mainEntityOfPage\":{\"@id\":\"https:\\\/\\\/noticiasmercedinas.com\\\/site\\\/2020\\\/02\\\/03\\\/como-creceran-las-compras-por-internet-en-la-argentina\\\/\"},\"wordCount\":725,\"commentCount\":0,\"publisher\":{\"@id\":\"https:\\\/\\\/noticiasmercedinas.com\\\/site\\\/#organization\"},\"image\":{\"@id\":\"https:\\\/\\\/noticiasmercedinas.com\\\/site\\\/2020\\\/02\\\/03\\\/como-creceran-las-compras-por-internet-en-la-argentina\\\/#primaryimage\"},\"thumbnailUrl\":\"https:\\\/\\\/noticiasmercedinas.com\\\/site\\\/wp-content\\\/uploads\\\/2020\\\/02\\\/wp-15807468032188120699170601165841.jpg\",\"keywords\":[\"compras\",\"eCommerce\",\"internet\",\"web\"],\"articleSection\":[\"Emprendimientos\"],\"inLanguage\":\"es\",\"potentialAction\":[{\"@type\":\"CommentAction\",\"name\":\"Comment\",\"target\":[\"https:\\\/\\\/noticiasmercedinas.com\\\/site\\\/2020\\\/02\\\/03\\\/como-creceran-las-compras-por-internet-en-la-argentina\\\/#respond\"]}]},{\"@type\":\"WebPage\",\"@id\":\"https:\\\/\\\/noticiasmercedinas.com\\\/site\\\/2020\\\/02\\\/03\\\/como-creceran-las-compras-por-internet-en-la-argentina\\\/\",\"url\":\"https:\\\/\\\/noticiasmercedinas.com\\\/site\\\/2020\\\/02\\\/03\\\/como-creceran-las-compras-por-internet-en-la-argentina\\\/\",\"name\":\"\u00bfC\u00f3mo crecer\u00e1n las compras por Internet en la Argentina?\",\"isPartOf\":{\"@id\":\"https:\\\/\\\/noticiasmercedinas.com\\\/site\\\/#website\"},\"primaryImageOfPage\":{\"@id\":\"https:\\\/\\\/noticiasmercedinas.com\\\/site\\\/2020\\\/02\\\/03\\\/como-creceran-las-compras-por-internet-en-la-argentina\\\/#primaryimage\"},\"image\":{\"@id\":\"https:\\\/\\\/noticiasmercedinas.com\\\/site\\\/2020\\\/02\\\/03\\\/como-creceran-las-compras-por-internet-en-la-argentina\\\/#primaryimage\"},\"thumbnailUrl\":\"https:\\\/\\\/noticiasmercedinas.com\\\/site\\\/wp-content\\\/uploads\\\/2020\\\/02\\\/wp-15807468032188120699170601165841.jpg\",\"datePublished\":\"2020-02-03T16:27:22+00:00\",\"breadcrumb\":{\"@id\":\"https:\\\/\\\/noticiasmercedinas.com\\\/site\\\/2020\\\/02\\\/03\\\/como-creceran-las-compras-por-internet-en-la-argentina\\\/#breadcrumb\"},\"inLanguage\":\"es\",\"potentialAction\":[{\"@type\":\"ReadAction\",\"target\":[\"https:\\\/\\\/noticiasmercedinas.com\\\/site\\\/2020\\\/02\\\/03\\\/como-creceran-las-compras-por-internet-en-la-argentina\\\/\"]}]},{\"@type\":\"ImageObject\",\"inLanguage\":\"es\",\"@id\":\"https:\\\/\\\/noticiasmercedinas.com\\\/site\\\/2020\\\/02\\\/03\\\/como-creceran-las-compras-por-internet-en-la-argentina\\\/#primaryimage\",\"url\":\"https:\\\/\\\/noticiasmercedinas.com\\\/site\\\/wp-content\\\/uploads\\\/2020\\\/02\\\/wp-15807468032188120699170601165841.jpg\",\"contentUrl\":\"https:\\\/\\\/noticiasmercedinas.com\\\/site\\\/wp-content\\\/uploads\\\/2020\\\/02\\\/wp-15807468032188120699170601165841.jpg\",\"width\":889,\"height\":553},{\"@type\":\"BreadcrumbList\",\"@id\":\"https:\\\/\\\/noticiasmercedinas.com\\\/site\\\/2020\\\/02\\\/03\\\/como-creceran-las-compras-por-internet-en-la-argentina\\\/#breadcrumb\",\"itemListElement\":[{\"@type\":\"ListItem\",\"position\":1,\"name\":\"Portada\",\"item\":\"https:\\\/\\\/noticiasmercedinas.com\\\/site\\\/\"},{\"@type\":\"ListItem\",\"position\":2,\"name\":\"\u00bfC\u00f3mo crecer\u00e1n las compras por Internet en la Argentina?\"}]},{\"@type\":\"WebSite\",\"@id\":\"https:\\\/\\\/noticiasmercedinas.com\\\/site\\\/#website\",\"url\":\"https:\\\/\\\/noticiasmercedinas.com\\\/site\\\/\",\"name\":\"NOTICIASMERCEDINAS.COM\",\"description\":\"Mercedes, Buenos Aires, Argentina\",\"publisher\":{\"@id\":\"https:\\\/\\\/noticiasmercedinas.com\\\/site\\\/#organization\"},\"potentialAction\":[{\"@type\":\"SearchAction\",\"target\":{\"@type\":\"EntryPoint\",\"urlTemplate\":\"https:\\\/\\\/noticiasmercedinas.com\\\/site\\\/?s={search_term_string}\"},\"query-input\":{\"@type\":\"PropertyValueSpecification\",\"valueRequired\":true,\"valueName\":\"search_term_string\"}}],\"inLanguage\":\"es\"},{\"@type\":\"Organization\",\"@id\":\"https:\\\/\\\/noticiasmercedinas.com\\\/site\\\/#organization\",\"name\":\"NOTICIASMERCEDINAS.COM\",\"url\":\"https:\\\/\\\/noticiasmercedinas.com\\\/site\\\/\",\"logo\":{\"@type\":\"ImageObject\",\"inLanguage\":\"es\",\"@id\":\"https:\\\/\\\/noticiasmercedinas.com\\\/site\\\/#\\\/schema\\\/logo\\\/image\\\/\",\"url\":\"https:\\\/\\\/noticiasmercedinas.com\\\/site\\\/wp-content\\\/uploads\\\/2020\\\/06\\\/LOGO-512.jpg\",\"contentUrl\":\"https:\\\/\\\/noticiasmercedinas.com\\\/site\\\/wp-content\\\/uploads\\\/2020\\\/06\\\/LOGO-512.jpg\",\"width\":512,\"height\":512,\"caption\":\"NOTICIASMERCEDINAS.COM\"},\"image\":{\"@id\":\"https:\\\/\\\/noticiasmercedinas.com\\\/site\\\/#\\\/schema\\\/logo\\\/image\\\/\"},\"sameAs\":[\"https:\\\/\\\/www.facebook.com\\\/noticiasmercedinas\\\/\",\"https:\\\/\\\/x.com\\\/notmercedinas\",\"https:\\\/\\\/www.instagram.com\\\/noticiasmercedinas\\\/\"]},{\"@type\":\"Person\",\"@id\":\"https:\\\/\\\/noticiasmercedinas.com\\\/site\\\/#\\\/schema\\\/person\\\/d481a9696a5feaec13a60e2bbd991a6a\",\"name\":\"Cristian Falabella NOTICIASMERCEDINAS.COM\",\"image\":{\"@type\":\"ImageObject\",\"inLanguage\":\"es\",\"@id\":\"https:\\\/\\\/secure.gravatar.com\\\/avatar\\\/0dbbfc45970cc46bcd0e57766228574ff3511d6eed045b182f536f0f478c1f06?s=96&d=mm&r=g\",\"url\":\"https:\\\/\\\/secure.gravatar.com\\\/avatar\\\/0dbbfc45970cc46bcd0e57766228574ff3511d6eed045b182f536f0f478c1f06?s=96&d=mm&r=g\",\"contentUrl\":\"https:\\\/\\\/secure.gravatar.com\\\/avatar\\\/0dbbfc45970cc46bcd0e57766228574ff3511d6eed045b182f536f0f478c1f06?s=96&d=mm&r=g\",\"caption\":\"Cristian Falabella NOTICIASMERCEDINAS.COM\"},\"description\":\"Periodista, editor de Noticias Mercedinas. Pas\u00f3 por varias redacciones y emprendimientos de prensa, en distintos formatos y \u00e9pocas. Se especializ\u00f3 --y sigue haci\u00e9ndolo-- en comunicaci\u00f3n en la web y en junio de 2006 fund\u00f3 este diario digital.\",\"sameAs\":[\"https:\\\/\\\/noticiasmercedinas.com\",\"https:\\\/\\\/www.facebook.com\\\/cristian.falabella\",\"https:\\\/\\\/www.instagram.com\\\/noticiasmercedinas\\\/\",\"https:\\\/\\\/x.com\\\/https:\\\/\\\/twitter.com\\\/NOTMERCEDINAS\"],\"url\":\"https:\\\/\\\/noticiasmercedinas.com\\\/site\\\/author\\\/as000384\\\/\"}]}<\/script>\n<!-- \/ Yoast SEO plugin. -->","yoast_head_json":{"title":"\u00bfC\u00f3mo crecer\u00e1n las compras por Internet en la Argentina?","robots":{"index":"index","follow":"follow","max-snippet":"max-snippet:-1","max-image-preview":"max-image-preview:large","max-video-preview":"max-video-preview:-1"},"canonical":"https:\/\/noticiasmercedinas.com\/site\/2020\/02\/03\/como-creceran-las-compras-por-internet-en-la-argentina\/","og_locale":"es_ES","og_type":"article","og_title":"\u00bfC\u00f3mo crecer\u00e1n las compras por Internet en la Argentina?","og_description":"En el \u00faltimo par de a\u00f1os, desafiando la compleja situaci\u00f3n econ\u00f3mica Argentina, el comercio electr\u00f3nico ha logrado mantener un crecimiento estable, superando incluso el 40% en el periodo 2017-2018 (1). Este fen\u00f3meno no solo ha continuado con el pasar del tiempo, sino que ha adquirido una profundidad que hasta hace algunos a\u00f1os parec\u00eda impensable. Ante [&hellip;]","og_url":"https:\/\/noticiasmercedinas.com\/site\/2020\/02\/03\/como-creceran-las-compras-por-internet-en-la-argentina\/","og_site_name":"NOTICIASMERCEDINAS.COM","article_publisher":"https:\/\/www.facebook.com\/noticiasmercedinas\/","article_author":"https:\/\/www.facebook.com\/cristian.falabella","article_published_time":"2020-02-03T16:27:22+00:00","og_image":[{"width":889,"height":553,"url":"https:\/\/noticiasmercedinas.com\/site\/wp-content\/uploads\/2020\/02\/wp-15807468032188120699170601165841.jpg","type":"image\/jpeg"}],"author":"Cristian Falabella NOTICIASMERCEDINAS.COM","twitter_card":"summary_large_image","twitter_creator":"@https:\/\/twitter.com\/NOTMERCEDINAS","twitter_site":"@notmercedinas","twitter_misc":{"Escrito por":"Cristian Falabella NOTICIASMERCEDINAS.COM","Tiempo de lectura":"4 minutos"},"schema":{"@context":"https:\/\/schema.org","@graph":[{"@type":"Article","@id":"https:\/\/noticiasmercedinas.com\/site\/2020\/02\/03\/como-creceran-las-compras-por-internet-en-la-argentina\/#article","isPartOf":{"@id":"https:\/\/noticiasmercedinas.com\/site\/2020\/02\/03\/como-creceran-las-compras-por-internet-en-la-argentina\/"},"author":{"name":"Cristian Falabella NOTICIASMERCEDINAS.COM","@id":"https:\/\/noticiasmercedinas.com\/site\/#\/schema\/person\/d481a9696a5feaec13a60e2bbd991a6a"},"headline":"\u00bfC\u00f3mo crecer\u00e1n las compras por Internet en la Argentina?","datePublished":"2020-02-03T16:27:22+00:00","mainEntityOfPage":{"@id":"https:\/\/noticiasmercedinas.com\/site\/2020\/02\/03\/como-creceran-las-compras-por-internet-en-la-argentina\/"},"wordCount":725,"commentCount":0,"publisher":{"@id":"https:\/\/noticiasmercedinas.com\/site\/#organization"},"image":{"@id":"https:\/\/noticiasmercedinas.com\/site\/2020\/02\/03\/como-creceran-las-compras-por-internet-en-la-argentina\/#primaryimage"},"thumbnailUrl":"https:\/\/noticiasmercedinas.com\/site\/wp-content\/uploads\/2020\/02\/wp-15807468032188120699170601165841.jpg","keywords":["compras","eCommerce","internet","web"],"articleSection":["Emprendimientos"],"inLanguage":"es","potentialAction":[{"@type":"CommentAction","name":"Comment","target":["https:\/\/noticiasmercedinas.com\/site\/2020\/02\/03\/como-creceran-las-compras-por-internet-en-la-argentina\/#respond"]}]},{"@type":"WebPage","@id":"https:\/\/noticiasmercedinas.com\/site\/2020\/02\/03\/como-creceran-las-compras-por-internet-en-la-argentina\/","url":"https:\/\/noticiasmercedinas.com\/site\/2020\/02\/03\/como-creceran-las-compras-por-internet-en-la-argentina\/","name":"\u00bfC\u00f3mo crecer\u00e1n las compras por Internet en la Argentina?","isPartOf":{"@id":"https:\/\/noticiasmercedinas.com\/site\/#website"},"primaryImageOfPage":{"@id":"https:\/\/noticiasmercedinas.com\/site\/2020\/02\/03\/como-creceran-las-compras-por-internet-en-la-argentina\/#primaryimage"},"image":{"@id":"https:\/\/noticiasmercedinas.com\/site\/2020\/02\/03\/como-creceran-las-compras-por-internet-en-la-argentina\/#primaryimage"},"thumbnailUrl":"https:\/\/noticiasmercedinas.com\/site\/wp-content\/uploads\/2020\/02\/wp-15807468032188120699170601165841.jpg","datePublished":"2020-02-03T16:27:22+00:00","breadcrumb":{"@id":"https:\/\/noticiasmercedinas.com\/site\/2020\/02\/03\/como-creceran-las-compras-por-internet-en-la-argentina\/#breadcrumb"},"inLanguage":"es","potentialAction":[{"@type":"ReadAction","target":["https:\/\/noticiasmercedinas.com\/site\/2020\/02\/03\/como-creceran-las-compras-por-internet-en-la-argentina\/"]}]},{"@type":"ImageObject","inLanguage":"es","@id":"https:\/\/noticiasmercedinas.com\/site\/2020\/02\/03\/como-creceran-las-compras-por-internet-en-la-argentina\/#primaryimage","url":"https:\/\/noticiasmercedinas.com\/site\/wp-content\/uploads\/2020\/02\/wp-15807468032188120699170601165841.jpg","contentUrl":"https:\/\/noticiasmercedinas.com\/site\/wp-content\/uploads\/2020\/02\/wp-15807468032188120699170601165841.jpg","width":889,"height":553},{"@type":"BreadcrumbList","@id":"https:\/\/noticiasmercedinas.com\/site\/2020\/02\/03\/como-creceran-las-compras-por-internet-en-la-argentina\/#breadcrumb","itemListElement":[{"@type":"ListItem","position":1,"name":"Portada","item":"https:\/\/noticiasmercedinas.com\/site\/"},{"@type":"ListItem","position":2,"name":"\u00bfC\u00f3mo crecer\u00e1n las compras por Internet en la Argentina?"}]},{"@type":"WebSite","@id":"https:\/\/noticiasmercedinas.com\/site\/#website","url":"https:\/\/noticiasmercedinas.com\/site\/","name":"NOTICIASMERCEDINAS.COM","description":"Mercedes, Buenos Aires, Argentina","publisher":{"@id":"https:\/\/noticiasmercedinas.com\/site\/#organization"},"potentialAction":[{"@type":"SearchAction","target":{"@type":"EntryPoint","urlTemplate":"https:\/\/noticiasmercedinas.com\/site\/?s={search_term_string}"},"query-input":{"@type":"PropertyValueSpecification","valueRequired":true,"valueName":"search_term_string"}}],"inLanguage":"es"},{"@type":"Organization","@id":"https:\/\/noticiasmercedinas.com\/site\/#organization","name":"NOTICIASMERCEDINAS.COM","url":"https:\/\/noticiasmercedinas.com\/site\/","logo":{"@type":"ImageObject","inLanguage":"es","@id":"https:\/\/noticiasmercedinas.com\/site\/#\/schema\/logo\/image\/","url":"https:\/\/noticiasmercedinas.com\/site\/wp-content\/uploads\/2020\/06\/LOGO-512.jpg","contentUrl":"https:\/\/noticiasmercedinas.com\/site\/wp-content\/uploads\/2020\/06\/LOGO-512.jpg","width":512,"height":512,"caption":"NOTICIASMERCEDINAS.COM"},"image":{"@id":"https:\/\/noticiasmercedinas.com\/site\/#\/schema\/logo\/image\/"},"sameAs":["https:\/\/www.facebook.com\/noticiasmercedinas\/","https:\/\/x.com\/notmercedinas","https:\/\/www.instagram.com\/noticiasmercedinas\/"]},{"@type":"Person","@id":"https:\/\/noticiasmercedinas.com\/site\/#\/schema\/person\/d481a9696a5feaec13a60e2bbd991a6a","name":"Cristian Falabella NOTICIASMERCEDINAS.COM","image":{"@type":"ImageObject","inLanguage":"es","@id":"https:\/\/secure.gravatar.com\/avatar\/0dbbfc45970cc46bcd0e57766228574ff3511d6eed045b182f536f0f478c1f06?s=96&d=mm&r=g","url":"https:\/\/secure.gravatar.com\/avatar\/0dbbfc45970cc46bcd0e57766228574ff3511d6eed045b182f536f0f478c1f06?s=96&d=mm&r=g","contentUrl":"https:\/\/secure.gravatar.com\/avatar\/0dbbfc45970cc46bcd0e57766228574ff3511d6eed045b182f536f0f478c1f06?s=96&d=mm&r=g","caption":"Cristian Falabella NOTICIASMERCEDINAS.COM"},"description":"Periodista, editor de Noticias Mercedinas. Pas\u00f3 por varias redacciones y emprendimientos de prensa, en distintos formatos y \u00e9pocas. Se especializ\u00f3 --y sigue haci\u00e9ndolo-- en comunicaci\u00f3n en la web y en junio de 2006 fund\u00f3 este diario digital.","sameAs":["https:\/\/noticiasmercedinas.com","https:\/\/www.facebook.com\/cristian.falabella","https:\/\/www.instagram.com\/noticiasmercedinas\/","https:\/\/x.com\/https:\/\/twitter.com\/NOTMERCEDINAS"],"url":"https:\/\/noticiasmercedinas.com\/site\/author\/as000384\/"}]}},"amp_enabled":true,"_links":{"self":[{"href":"https:\/\/noticiasmercedinas.com\/site\/wp-json\/wp\/v2\/posts\/38861","targetHints":{"allow":["GET"]}}],"collection":[{"href":"https:\/\/noticiasmercedinas.com\/site\/wp-json\/wp\/v2\/posts"}],"about":[{"href":"https:\/\/noticiasmercedinas.com\/site\/wp-json\/wp\/v2\/types\/post"}],"author":[{"embeddable":true,"href":"https:\/\/noticiasmercedinas.com\/site\/wp-json\/wp\/v2\/users\/2"}],"replies":[{"embeddable":true,"href":"https:\/\/noticiasmercedinas.com\/site\/wp-json\/wp\/v2\/comments?post=38861"}],"version-history":[{"count":0,"href":"https:\/\/noticiasmercedinas.com\/site\/wp-json\/wp\/v2\/posts\/38861\/revisions"}],"wp:featuredmedia":[{"embeddable":true,"href":"https:\/\/noticiasmercedinas.com\/site\/wp-json\/wp\/v2\/media\/38859"}],"wp:attachment":[{"href":"https:\/\/noticiasmercedinas.com\/site\/wp-json\/wp\/v2\/media?parent=38861"}],"wp:term":[{"taxonomy":"category","embeddable":true,"href":"https:\/\/noticiasmercedinas.com\/site\/wp-json\/wp\/v2\/categories?post=38861"},{"taxonomy":"post_tag","embeddable":true,"href":"https:\/\/noticiasmercedinas.com\/site\/wp-json\/wp\/v2\/tags?post=38861"}],"curies":[{"name":"wp","href":"https:\/\/api.w.org\/{rel}","templated":true}]}}