{"id":39338,"date":"2020-02-14T22:11:24","date_gmt":"2020-02-15T01:11:24","guid":{"rendered":"https:\/\/noticiasmercedinas.com\/site\/?p=39338"},"modified":"2020-02-18T07:50:34","modified_gmt":"2020-02-18T10:50:34","slug":"nora-ortubia-si-la-empresa-no-se-radica-no-es-por-el-bloque-ni-por-la-ordenanza","status":"publish","type":"post","link":"https:\/\/noticiasmercedinas.com\/site\/2020\/02\/14\/nora-ortubia-si-la-empresa-no-se-radica-no-es-por-el-bloque-ni-por-la-ordenanza\/","title":{"rendered":"Nora Ortubia: \u00abSi la empresa no se radica no es por el bloque ni por la ordenanza\u00bb"},"content":{"rendered":"<p><img loading=\"lazy\" decoding=\"async\" class=\"alignnone size-full wp-image-39376\" src=\"https:\/\/noticiasmercedinas.com\/site\/wp-content\/uploads\/2020\/02\/20200214_125121635057683935154917.jpg\" width=\"2560\" height=\"1440\" \/><\/p>\n<p>La concejal del Frente Juntos por el Cambio, <strong>Nora Ortubia<\/strong>, asegur\u00f3 que si la empresa Agro Energy One no se radica en Mercedes \u00abno es por culpa del bloque\u00bb que integra \u00abni por la ordenanza\u00bb aprobada anoche.<\/p>\n<p>\u00abNuestro bloque se reuni\u00f3, durante estos dos meses, con los actores de diversas profesiones, ingenieros, contadores, abogados, etc\u00e9tera, que pertenecen a nuestro espacio y equipos t\u00e9cnicos, pero tambi\u00e9n otros que no lo hacen y que colaboraron en nuestras consultas a fin de resolver las dudas que ten\u00edamos\u00bb, remarc\u00f3 la edil que estuvo presente en la \u00faltima ordinaria.<\/p>\n<p>\u00abLlegamos a elaborar un proyecto de ordenanza superadora a la inicial, hay que recordar que el expediente y documentaci\u00f3n estaban incompletos, entregando la misma el d\u00eda mi\u00e9rcoles 12 a las 19 horas a cada uno de los presidentes de Bloque, as\u00ed como tambi\u00e9n al presidente del Concejo, quienes luego el d\u00eda jueves a las 9 de la ma\u00f1ana se reunieron con nuestro presidente de bloque y se les ofreci\u00f3 resolver las dudas que se tuviera sobre el escrito presentado, previo a la sesi\u00f3n\u00bb, agreg\u00f3 Ortubia.<\/p>\n<p>\u00abCon casi 24 horas de anticipaci\u00f3n y luego de una nueva reuni\u00f3n 10 horas antes de la misma, sin que surgiera ninguna consulta, este bloque de Juntos por el Cambio decidi\u00f3 presentarse en horario a sesionar. Y quisiera aclarar que lo que votamos fue la aprobaci\u00f3n de la venta de las tierras, recuerden que las \u00faltimas que tenemos los mercedinos para tal fin, sin ning\u00fan impedimento para la empresa\u00bb, seg\u00fan la edil, quien afirm\u00f3 que no hubo \u00abning\u00fan artilugio legal que no sea respetar lo que la ley dice, como lo hab\u00eda solicitado la empresa\u00bb.<\/p>\n<p>Ortubia se manifest\u00f3 adem\u00e1s \u00abm\u00e1s que conforme con la ordenanza aprobada, ya que el dinero de dicha inversi\u00f3n ser\u00e1 destinado por la misma a la adquisici\u00f3n de un predio que ampl\u00ede el SIP o cree uno nuevo, para Mercedes\u00bb.<\/p>\n<p>En este contexto, agradeci\u00f3 a \u00abcada uno de los que trabaj\u00f3, nos acompa\u00f1\u00f3 y nos fortaleci\u00f3\u00bb: \u00abGracias Bloque, gracias Julia y equipos t\u00e9cnicos, militancia y familias. Gracias a la empresa Agroenergie One S.A. por su predisposici\u00f3n. Por \u00faltimo, si la empresa no se radica y esos 10 puestos de trabajo no llegan, no es por el bloque ni por la ordenanza, es por cuestiones que no sabremos explicar nosotros\u00bb, complet\u00f3 Ortubia.<\/p>\n<p><img loading=\"lazy\" decoding=\"async\" class=\"alignnone size-full wp-image-39339\" src=\"https:\/\/noticiasmercedinas.com\/site\/wp-content\/uploads\/2020\/02\/85208585_10221855545076243_8083248546947530752_n.jpg\" alt=\"\" width=\"960\" height=\"720\" data-temp-aztec-id=\"7c92d95c-95ac-478a-8e1f-03fcfe9dce4f\" srcset=\"https:\/\/noticiasmercedinas.com\/site\/wp-content\/uploads\/2020\/02\/85208585_10221855545076243_8083248546947530752_n.jpg 960w, https:\/\/noticiasmercedinas.com\/site\/wp-content\/uploads\/2020\/02\/85208585_10221855545076243_8083248546947530752_n-300x225.jpg 300w, https:\/\/noticiasmercedinas.com\/site\/wp-content\/uploads\/2020\/02\/85208585_10221855545076243_8083248546947530752_n-768x576.jpg 768w, https:\/\/noticiasmercedinas.com\/site\/wp-content\/uploads\/2020\/02\/85208585_10221855545076243_8083248546947530752_n-80x60.jpg 80w, https:\/\/noticiasmercedinas.com\/site\/wp-content\/uploads\/2020\/02\/85208585_10221855545076243_8083248546947530752_n-160x120.jpg 160w, https:\/\/noticiasmercedinas.com\/site\/wp-content\/uploads\/2020\/02\/85208585_10221855545076243_8083248546947530752_n-100x75.jpg 100w, https:\/\/noticiasmercedinas.com\/site\/wp-content\/uploads\/2020\/02\/85208585_10221855545076243_8083248546947530752_n-200x150.jpg 200w, https:\/\/noticiasmercedinas.com\/site\/wp-content\/uploads\/2020\/02\/85208585_10221855545076243_8083248546947530752_n-180x135.jpg 180w, https:\/\/noticiasmercedinas.com\/site\/wp-content\/uploads\/2020\/02\/85208585_10221855545076243_8083248546947530752_n-360x270.jpg 360w, https:\/\/noticiasmercedinas.com\/site\/wp-content\/uploads\/2020\/02\/85208585_10221855545076243_8083248546947530752_n-238x178.jpg 238w, https:\/\/noticiasmercedinas.com\/site\/wp-content\/uploads\/2020\/02\/85208585_10221855545076243_8083248546947530752_n-476x356.jpg 476w, https:\/\/noticiasmercedinas.com\/site\/wp-content\/uploads\/2020\/02\/85208585_10221855545076243_8083248546947530752_n-640x480.jpg 640w, https:\/\/noticiasmercedinas.com\/site\/wp-content\/uploads\/2020\/02\/85208585_10221855545076243_8083248546947530752_n-681x511.jpg 681w\" sizes=\"auto, (max-width: 960px) 100vw, 960px\" \/><\/p>\n","protected":false},"excerpt":{"rendered":"<p>La concejal del Frente Juntos por el Cambio, Nora Ortubia, asegur\u00f3 que si la empresa Agro Energy One no se radica en Mercedes \u00abno es por culpa del bloque\u00bb que integra \u00abni por la ordenanza\u00bb aprobada anoche. \u00abNuestro bloque se reuni\u00f3, durante estos dos meses, con los actores de diversas profesiones, ingenieros, contadores, abogados, etc\u00e9tera, [&hellip;]<\/p>\n","protected":false},"author":2,"featured_media":39376,"comment_status":"open","ping_status":"open","sticky":false,"template":"","format":"standard","meta":{"footnotes":""},"categories":[3],"tags":[8289,243,3068,5429],"class_list":["post-39338","post","type-post","status-publish","format-standard","has-post-thumbnail","hentry","category-sociedad","tag-agro-energie-one","tag-concejo-deliberante","tag-empresa","tag-nora-ortubia"],"yoast_head":"<!-- This site is optimized with the Yoast SEO plugin v27.5 - https:\/\/yoast.com\/product\/yoast-seo-wordpress\/ -->\n<title>Nora Ortubia: &quot;Si la empresa no se radica no es por el bloque ni por la ordenanza&quot;<\/title>\n<meta name=\"robots\" content=\"index, follow, max-snippet:-1, max-image-preview:large, max-video-preview:-1\" \/>\n<link rel=\"canonical\" href=\"https:\/\/noticiasmercedinas.com\/site\/2020\/02\/14\/nora-ortubia-si-la-empresa-no-se-radica-no-es-por-el-bloque-ni-por-la-ordenanza\/\" \/>\n<meta property=\"og:locale\" content=\"es_ES\" \/>\n<meta property=\"og:type\" content=\"article\" \/>\n<meta property=\"og:title\" content=\"Nora Ortubia: &quot;Si la empresa no se radica no es por el bloque ni por la ordenanza&quot;\" \/>\n<meta property=\"og:description\" content=\"La concejal del Frente Juntos por el Cambio, Nora Ortubia, asegur\u00f3 que si la empresa Agro Energy One no se radica en Mercedes \u00abno es por culpa del bloque\u00bb que integra \u00abni por la ordenanza\u00bb aprobada anoche. \u00abNuestro bloque se reuni\u00f3, durante estos dos meses, con los actores de diversas profesiones, ingenieros, contadores, abogados, etc\u00e9tera, [&hellip;]\" \/>\n<meta property=\"og:url\" content=\"https:\/\/noticiasmercedinas.com\/site\/2020\/02\/14\/nora-ortubia-si-la-empresa-no-se-radica-no-es-por-el-bloque-ni-por-la-ordenanza\/\" \/>\n<meta property=\"og:site_name\" content=\"NOTICIASMERCEDINAS.COM\" \/>\n<meta property=\"article:publisher\" content=\"https:\/\/www.facebook.com\/noticiasmercedinas\/\" \/>\n<meta property=\"article:author\" content=\"https:\/\/www.facebook.com\/cristian.falabella\" \/>\n<meta property=\"article:published_time\" content=\"2020-02-15T01:11:24+00:00\" \/>\n<meta property=\"article:modified_time\" content=\"2020-02-18T10:50:34+00:00\" \/>\n<meta property=\"og:image\" content=\"https:\/\/noticiasmercedinas.com\/site\/wp-content\/uploads\/2020\/02\/20200214_125121635057683935154917-scaled.jpg\" \/>\n\t<meta property=\"og:image:width\" content=\"2560\" \/>\n\t<meta property=\"og:image:height\" content=\"1440\" \/>\n\t<meta property=\"og:image:type\" content=\"image\/jpeg\" \/>\n<meta name=\"author\" content=\"Cristian Falabella NOTICIASMERCEDINAS.COM\" \/>\n<meta name=\"twitter:card\" content=\"summary_large_image\" \/>\n<meta name=\"twitter:creator\" content=\"@https:\/\/twitter.com\/NOTMERCEDINAS\" \/>\n<meta name=\"twitter:site\" content=\"@notmercedinas\" \/>\n<meta name=\"twitter:label1\" content=\"Escrito por\" \/>\n\t<meta name=\"twitter:data1\" content=\"Cristian Falabella NOTICIASMERCEDINAS.COM\" \/>\n\t<meta name=\"twitter:label2\" content=\"Tiempo de lectura\" \/>\n\t<meta name=\"twitter:data2\" content=\"2 minutos\" \/>\n<script type=\"application\/ld+json\" class=\"yoast-schema-graph\">{\"@context\":\"https:\\\/\\\/schema.org\",\"@graph\":[{\"@type\":\"Article\",\"@id\":\"https:\\\/\\\/noticiasmercedinas.com\\\/site\\\/2020\\\/02\\\/14\\\/nora-ortubia-si-la-empresa-no-se-radica-no-es-por-el-bloque-ni-por-la-ordenanza\\\/#article\",\"isPartOf\":{\"@id\":\"https:\\\/\\\/noticiasmercedinas.com\\\/site\\\/2020\\\/02\\\/14\\\/nora-ortubia-si-la-empresa-no-se-radica-no-es-por-el-bloque-ni-por-la-ordenanza\\\/\"},\"author\":{\"name\":\"Cristian Falabella NOTICIASMERCEDINAS.COM\",\"@id\":\"https:\\\/\\\/noticiasmercedinas.com\\\/site\\\/#\\\/schema\\\/person\\\/d481a9696a5feaec13a60e2bbd991a6a\"},\"headline\":\"Nora Ortubia: \u00abSi la empresa no se radica no es por el bloque ni por la ordenanza\u00bb\",\"datePublished\":\"2020-02-15T01:11:24+00:00\",\"dateModified\":\"2020-02-18T10:50:34+00:00\",\"mainEntityOfPage\":{\"@id\":\"https:\\\/\\\/noticiasmercedinas.com\\\/site\\\/2020\\\/02\\\/14\\\/nora-ortubia-si-la-empresa-no-se-radica-no-es-por-el-bloque-ni-por-la-ordenanza\\\/\"},\"wordCount\":421,\"commentCount\":0,\"publisher\":{\"@id\":\"https:\\\/\\\/noticiasmercedinas.com\\\/site\\\/#organization\"},\"image\":{\"@id\":\"https:\\\/\\\/noticiasmercedinas.com\\\/site\\\/2020\\\/02\\\/14\\\/nora-ortubia-si-la-empresa-no-se-radica-no-es-por-el-bloque-ni-por-la-ordenanza\\\/#primaryimage\"},\"thumbnailUrl\":\"https:\\\/\\\/noticiasmercedinas.com\\\/site\\\/wp-content\\\/uploads\\\/2020\\\/02\\\/20200214_125121635057683935154917-scaled.jpg\",\"keywords\":[\"agro energie one\",\"concejo deliberante\",\"empresa\",\"Nora Ortubia\"],\"articleSection\":[\"Sociedad\"],\"inLanguage\":\"es\",\"potentialAction\":[{\"@type\":\"CommentAction\",\"name\":\"Comment\",\"target\":[\"https:\\\/\\\/noticiasmercedinas.com\\\/site\\\/2020\\\/02\\\/14\\\/nora-ortubia-si-la-empresa-no-se-radica-no-es-por-el-bloque-ni-por-la-ordenanza\\\/#respond\"]}]},{\"@type\":\"WebPage\",\"@id\":\"https:\\\/\\\/noticiasmercedinas.com\\\/site\\\/2020\\\/02\\\/14\\\/nora-ortubia-si-la-empresa-no-se-radica-no-es-por-el-bloque-ni-por-la-ordenanza\\\/\",\"url\":\"https:\\\/\\\/noticiasmercedinas.com\\\/site\\\/2020\\\/02\\\/14\\\/nora-ortubia-si-la-empresa-no-se-radica-no-es-por-el-bloque-ni-por-la-ordenanza\\\/\",\"name\":\"Nora Ortubia: \\\"Si la empresa no se radica no es por el bloque ni por la ordenanza\\\"\",\"isPartOf\":{\"@id\":\"https:\\\/\\\/noticiasmercedinas.com\\\/site\\\/#website\"},\"primaryImageOfPage\":{\"@id\":\"https:\\\/\\\/noticiasmercedinas.com\\\/site\\\/2020\\\/02\\\/14\\\/nora-ortubia-si-la-empresa-no-se-radica-no-es-por-el-bloque-ni-por-la-ordenanza\\\/#primaryimage\"},\"image\":{\"@id\":\"https:\\\/\\\/noticiasmercedinas.com\\\/site\\\/2020\\\/02\\\/14\\\/nora-ortubia-si-la-empresa-no-se-radica-no-es-por-el-bloque-ni-por-la-ordenanza\\\/#primaryimage\"},\"thumbnailUrl\":\"https:\\\/\\\/noticiasmercedinas.com\\\/site\\\/wp-content\\\/uploads\\\/2020\\\/02\\\/20200214_125121635057683935154917-scaled.jpg\",\"datePublished\":\"2020-02-15T01:11:24+00:00\",\"dateModified\":\"2020-02-18T10:50:34+00:00\",\"breadcrumb\":{\"@id\":\"https:\\\/\\\/noticiasmercedinas.com\\\/site\\\/2020\\\/02\\\/14\\\/nora-ortubia-si-la-empresa-no-se-radica-no-es-por-el-bloque-ni-por-la-ordenanza\\\/#breadcrumb\"},\"inLanguage\":\"es\",\"potentialAction\":[{\"@type\":\"ReadAction\",\"target\":[\"https:\\\/\\\/noticiasmercedinas.com\\\/site\\\/2020\\\/02\\\/14\\\/nora-ortubia-si-la-empresa-no-se-radica-no-es-por-el-bloque-ni-por-la-ordenanza\\\/\"]}]},{\"@type\":\"ImageObject\",\"inLanguage\":\"es\",\"@id\":\"https:\\\/\\\/noticiasmercedinas.com\\\/site\\\/2020\\\/02\\\/14\\\/nora-ortubia-si-la-empresa-no-se-radica-no-es-por-el-bloque-ni-por-la-ordenanza\\\/#primaryimage\",\"url\":\"https:\\\/\\\/noticiasmercedinas.com\\\/site\\\/wp-content\\\/uploads\\\/2020\\\/02\\\/20200214_125121635057683935154917-scaled.jpg\",\"contentUrl\":\"https:\\\/\\\/noticiasmercedinas.com\\\/site\\\/wp-content\\\/uploads\\\/2020\\\/02\\\/20200214_125121635057683935154917-scaled.jpg\",\"width\":2560,\"height\":1440},{\"@type\":\"BreadcrumbList\",\"@id\":\"https:\\\/\\\/noticiasmercedinas.com\\\/site\\\/2020\\\/02\\\/14\\\/nora-ortubia-si-la-empresa-no-se-radica-no-es-por-el-bloque-ni-por-la-ordenanza\\\/#breadcrumb\",\"itemListElement\":[{\"@type\":\"ListItem\",\"position\":1,\"name\":\"Portada\",\"item\":\"https:\\\/\\\/noticiasmercedinas.com\\\/site\\\/\"},{\"@type\":\"ListItem\",\"position\":2,\"name\":\"Nora Ortubia: \u00abSi la empresa no se radica no es por el bloque ni por la ordenanza\u00bb\"}]},{\"@type\":\"WebSite\",\"@id\":\"https:\\\/\\\/noticiasmercedinas.com\\\/site\\\/#website\",\"url\":\"https:\\\/\\\/noticiasmercedinas.com\\\/site\\\/\",\"name\":\"NOTICIASMERCEDINAS.COM\",\"description\":\"Mercedes, Buenos Aires, Argentina\",\"publisher\":{\"@id\":\"https:\\\/\\\/noticiasmercedinas.com\\\/site\\\/#organization\"},\"potentialAction\":[{\"@type\":\"SearchAction\",\"target\":{\"@type\":\"EntryPoint\",\"urlTemplate\":\"https:\\\/\\\/noticiasmercedinas.com\\\/site\\\/?s={search_term_string}\"},\"query-input\":{\"@type\":\"PropertyValueSpecification\",\"valueRequired\":true,\"valueName\":\"search_term_string\"}}],\"inLanguage\":\"es\"},{\"@type\":\"Organization\",\"@id\":\"https:\\\/\\\/noticiasmercedinas.com\\\/site\\\/#organization\",\"name\":\"NOTICIASMERCEDINAS.COM\",\"url\":\"https:\\\/\\\/noticiasmercedinas.com\\\/site\\\/\",\"logo\":{\"@type\":\"ImageObject\",\"inLanguage\":\"es\",\"@id\":\"https:\\\/\\\/noticiasmercedinas.com\\\/site\\\/#\\\/schema\\\/logo\\\/image\\\/\",\"url\":\"https:\\\/\\\/noticiasmercedinas.com\\\/site\\\/wp-content\\\/uploads\\\/2020\\\/06\\\/LOGO-512.jpg\",\"contentUrl\":\"https:\\\/\\\/noticiasmercedinas.com\\\/site\\\/wp-content\\\/uploads\\\/2020\\\/06\\\/LOGO-512.jpg\",\"width\":512,\"height\":512,\"caption\":\"NOTICIASMERCEDINAS.COM\"},\"image\":{\"@id\":\"https:\\\/\\\/noticiasmercedinas.com\\\/site\\\/#\\\/schema\\\/logo\\\/image\\\/\"},\"sameAs\":[\"https:\\\/\\\/www.facebook.com\\\/noticiasmercedinas\\\/\",\"https:\\\/\\\/x.com\\\/notmercedinas\",\"https:\\\/\\\/www.instagram.com\\\/noticiasmercedinas\\\/\"]},{\"@type\":\"Person\",\"@id\":\"https:\\\/\\\/noticiasmercedinas.com\\\/site\\\/#\\\/schema\\\/person\\\/d481a9696a5feaec13a60e2bbd991a6a\",\"name\":\"Cristian Falabella NOTICIASMERCEDINAS.COM\",\"image\":{\"@type\":\"ImageObject\",\"inLanguage\":\"es\",\"@id\":\"https:\\\/\\\/secure.gravatar.com\\\/avatar\\\/0dbbfc45970cc46bcd0e57766228574ff3511d6eed045b182f536f0f478c1f06?s=96&d=mm&r=g\",\"url\":\"https:\\\/\\\/secure.gravatar.com\\\/avatar\\\/0dbbfc45970cc46bcd0e57766228574ff3511d6eed045b182f536f0f478c1f06?s=96&d=mm&r=g\",\"contentUrl\":\"https:\\\/\\\/secure.gravatar.com\\\/avatar\\\/0dbbfc45970cc46bcd0e57766228574ff3511d6eed045b182f536f0f478c1f06?s=96&d=mm&r=g\",\"caption\":\"Cristian Falabella NOTICIASMERCEDINAS.COM\"},\"description\":\"Periodista, editor de Noticias Mercedinas. Pas\u00f3 por varias redacciones y emprendimientos de prensa, en distintos formatos y \u00e9pocas. Se especializ\u00f3 --y sigue haci\u00e9ndolo-- en comunicaci\u00f3n en la web y en junio de 2006 fund\u00f3 este diario digital.\",\"sameAs\":[\"https:\\\/\\\/noticiasmercedinas.com\",\"https:\\\/\\\/www.facebook.com\\\/cristian.falabella\",\"https:\\\/\\\/www.instagram.com\\\/noticiasmercedinas\\\/\",\"https:\\\/\\\/x.com\\\/https:\\\/\\\/twitter.com\\\/NOTMERCEDINAS\"],\"url\":\"https:\\\/\\\/noticiasmercedinas.com\\\/site\\\/author\\\/as000384\\\/\"}]}<\/script>\n<!-- \/ Yoast SEO plugin. -->","yoast_head_json":{"title":"Nora Ortubia: \"Si la empresa no se radica no es por el bloque ni por la ordenanza\"","robots":{"index":"index","follow":"follow","max-snippet":"max-snippet:-1","max-image-preview":"max-image-preview:large","max-video-preview":"max-video-preview:-1"},"canonical":"https:\/\/noticiasmercedinas.com\/site\/2020\/02\/14\/nora-ortubia-si-la-empresa-no-se-radica-no-es-por-el-bloque-ni-por-la-ordenanza\/","og_locale":"es_ES","og_type":"article","og_title":"Nora Ortubia: \"Si la empresa no se radica no es por el bloque ni por la ordenanza\"","og_description":"La concejal del Frente Juntos por el Cambio, Nora Ortubia, asegur\u00f3 que si la empresa Agro Energy One no se radica en Mercedes \u00abno es por culpa del bloque\u00bb que integra \u00abni por la ordenanza\u00bb aprobada anoche. \u00abNuestro bloque se reuni\u00f3, durante estos dos meses, con los actores de diversas profesiones, ingenieros, contadores, abogados, etc\u00e9tera, [&hellip;]","og_url":"https:\/\/noticiasmercedinas.com\/site\/2020\/02\/14\/nora-ortubia-si-la-empresa-no-se-radica-no-es-por-el-bloque-ni-por-la-ordenanza\/","og_site_name":"NOTICIASMERCEDINAS.COM","article_publisher":"https:\/\/www.facebook.com\/noticiasmercedinas\/","article_author":"https:\/\/www.facebook.com\/cristian.falabella","article_published_time":"2020-02-15T01:11:24+00:00","article_modified_time":"2020-02-18T10:50:34+00:00","og_image":[{"width":2560,"height":1440,"url":"https:\/\/noticiasmercedinas.com\/site\/wp-content\/uploads\/2020\/02\/20200214_125121635057683935154917-scaled.jpg","type":"image\/jpeg"}],"author":"Cristian Falabella NOTICIASMERCEDINAS.COM","twitter_card":"summary_large_image","twitter_creator":"@https:\/\/twitter.com\/NOTMERCEDINAS","twitter_site":"@notmercedinas","twitter_misc":{"Escrito por":"Cristian Falabella NOTICIASMERCEDINAS.COM","Tiempo de lectura":"2 minutos"},"schema":{"@context":"https:\/\/schema.org","@graph":[{"@type":"Article","@id":"https:\/\/noticiasmercedinas.com\/site\/2020\/02\/14\/nora-ortubia-si-la-empresa-no-se-radica-no-es-por-el-bloque-ni-por-la-ordenanza\/#article","isPartOf":{"@id":"https:\/\/noticiasmercedinas.com\/site\/2020\/02\/14\/nora-ortubia-si-la-empresa-no-se-radica-no-es-por-el-bloque-ni-por-la-ordenanza\/"},"author":{"name":"Cristian Falabella NOTICIASMERCEDINAS.COM","@id":"https:\/\/noticiasmercedinas.com\/site\/#\/schema\/person\/d481a9696a5feaec13a60e2bbd991a6a"},"headline":"Nora Ortubia: \u00abSi la empresa no se radica no es por el bloque ni por la ordenanza\u00bb","datePublished":"2020-02-15T01:11:24+00:00","dateModified":"2020-02-18T10:50:34+00:00","mainEntityOfPage":{"@id":"https:\/\/noticiasmercedinas.com\/site\/2020\/02\/14\/nora-ortubia-si-la-empresa-no-se-radica-no-es-por-el-bloque-ni-por-la-ordenanza\/"},"wordCount":421,"commentCount":0,"publisher":{"@id":"https:\/\/noticiasmercedinas.com\/site\/#organization"},"image":{"@id":"https:\/\/noticiasmercedinas.com\/site\/2020\/02\/14\/nora-ortubia-si-la-empresa-no-se-radica-no-es-por-el-bloque-ni-por-la-ordenanza\/#primaryimage"},"thumbnailUrl":"https:\/\/noticiasmercedinas.com\/site\/wp-content\/uploads\/2020\/02\/20200214_125121635057683935154917-scaled.jpg","keywords":["agro energie one","concejo deliberante","empresa","Nora Ortubia"],"articleSection":["Sociedad"],"inLanguage":"es","potentialAction":[{"@type":"CommentAction","name":"Comment","target":["https:\/\/noticiasmercedinas.com\/site\/2020\/02\/14\/nora-ortubia-si-la-empresa-no-se-radica-no-es-por-el-bloque-ni-por-la-ordenanza\/#respond"]}]},{"@type":"WebPage","@id":"https:\/\/noticiasmercedinas.com\/site\/2020\/02\/14\/nora-ortubia-si-la-empresa-no-se-radica-no-es-por-el-bloque-ni-por-la-ordenanza\/","url":"https:\/\/noticiasmercedinas.com\/site\/2020\/02\/14\/nora-ortubia-si-la-empresa-no-se-radica-no-es-por-el-bloque-ni-por-la-ordenanza\/","name":"Nora Ortubia: \"Si la empresa no se radica no es por el bloque ni por la ordenanza\"","isPartOf":{"@id":"https:\/\/noticiasmercedinas.com\/site\/#website"},"primaryImageOfPage":{"@id":"https:\/\/noticiasmercedinas.com\/site\/2020\/02\/14\/nora-ortubia-si-la-empresa-no-se-radica-no-es-por-el-bloque-ni-por-la-ordenanza\/#primaryimage"},"image":{"@id":"https:\/\/noticiasmercedinas.com\/site\/2020\/02\/14\/nora-ortubia-si-la-empresa-no-se-radica-no-es-por-el-bloque-ni-por-la-ordenanza\/#primaryimage"},"thumbnailUrl":"https:\/\/noticiasmercedinas.com\/site\/wp-content\/uploads\/2020\/02\/20200214_125121635057683935154917-scaled.jpg","datePublished":"2020-02-15T01:11:24+00:00","dateModified":"2020-02-18T10:50:34+00:00","breadcrumb":{"@id":"https:\/\/noticiasmercedinas.com\/site\/2020\/02\/14\/nora-ortubia-si-la-empresa-no-se-radica-no-es-por-el-bloque-ni-por-la-ordenanza\/#breadcrumb"},"inLanguage":"es","potentialAction":[{"@type":"ReadAction","target":["https:\/\/noticiasmercedinas.com\/site\/2020\/02\/14\/nora-ortubia-si-la-empresa-no-se-radica-no-es-por-el-bloque-ni-por-la-ordenanza\/"]}]},{"@type":"ImageObject","inLanguage":"es","@id":"https:\/\/noticiasmercedinas.com\/site\/2020\/02\/14\/nora-ortubia-si-la-empresa-no-se-radica-no-es-por-el-bloque-ni-por-la-ordenanza\/#primaryimage","url":"https:\/\/noticiasmercedinas.com\/site\/wp-content\/uploads\/2020\/02\/20200214_125121635057683935154917-scaled.jpg","contentUrl":"https:\/\/noticiasmercedinas.com\/site\/wp-content\/uploads\/2020\/02\/20200214_125121635057683935154917-scaled.jpg","width":2560,"height":1440},{"@type":"BreadcrumbList","@id":"https:\/\/noticiasmercedinas.com\/site\/2020\/02\/14\/nora-ortubia-si-la-empresa-no-se-radica-no-es-por-el-bloque-ni-por-la-ordenanza\/#breadcrumb","itemListElement":[{"@type":"ListItem","position":1,"name":"Portada","item":"https:\/\/noticiasmercedinas.com\/site\/"},{"@type":"ListItem","position":2,"name":"Nora Ortubia: \u00abSi la empresa no se radica no es por el bloque ni por la ordenanza\u00bb"}]},{"@type":"WebSite","@id":"https:\/\/noticiasmercedinas.com\/site\/#website","url":"https:\/\/noticiasmercedinas.com\/site\/","name":"NOTICIASMERCEDINAS.COM","description":"Mercedes, Buenos Aires, Argentina","publisher":{"@id":"https:\/\/noticiasmercedinas.com\/site\/#organization"},"potentialAction":[{"@type":"SearchAction","target":{"@type":"EntryPoint","urlTemplate":"https:\/\/noticiasmercedinas.com\/site\/?s={search_term_string}"},"query-input":{"@type":"PropertyValueSpecification","valueRequired":true,"valueName":"search_term_string"}}],"inLanguage":"es"},{"@type":"Organization","@id":"https:\/\/noticiasmercedinas.com\/site\/#organization","name":"NOTICIASMERCEDINAS.COM","url":"https:\/\/noticiasmercedinas.com\/site\/","logo":{"@type":"ImageObject","inLanguage":"es","@id":"https:\/\/noticiasmercedinas.com\/site\/#\/schema\/logo\/image\/","url":"https:\/\/noticiasmercedinas.com\/site\/wp-content\/uploads\/2020\/06\/LOGO-512.jpg","contentUrl":"https:\/\/noticiasmercedinas.com\/site\/wp-content\/uploads\/2020\/06\/LOGO-512.jpg","width":512,"height":512,"caption":"NOTICIASMERCEDINAS.COM"},"image":{"@id":"https:\/\/noticiasmercedinas.com\/site\/#\/schema\/logo\/image\/"},"sameAs":["https:\/\/www.facebook.com\/noticiasmercedinas\/","https:\/\/x.com\/notmercedinas","https:\/\/www.instagram.com\/noticiasmercedinas\/"]},{"@type":"Person","@id":"https:\/\/noticiasmercedinas.com\/site\/#\/schema\/person\/d481a9696a5feaec13a60e2bbd991a6a","name":"Cristian Falabella NOTICIASMERCEDINAS.COM","image":{"@type":"ImageObject","inLanguage":"es","@id":"https:\/\/secure.gravatar.com\/avatar\/0dbbfc45970cc46bcd0e57766228574ff3511d6eed045b182f536f0f478c1f06?s=96&d=mm&r=g","url":"https:\/\/secure.gravatar.com\/avatar\/0dbbfc45970cc46bcd0e57766228574ff3511d6eed045b182f536f0f478c1f06?s=96&d=mm&r=g","contentUrl":"https:\/\/secure.gravatar.com\/avatar\/0dbbfc45970cc46bcd0e57766228574ff3511d6eed045b182f536f0f478c1f06?s=96&d=mm&r=g","caption":"Cristian Falabella NOTICIASMERCEDINAS.COM"},"description":"Periodista, editor de Noticias Mercedinas. Pas\u00f3 por varias redacciones y emprendimientos de prensa, en distintos formatos y \u00e9pocas. Se especializ\u00f3 --y sigue haci\u00e9ndolo-- en comunicaci\u00f3n en la web y en junio de 2006 fund\u00f3 este diario digital.","sameAs":["https:\/\/noticiasmercedinas.com","https:\/\/www.facebook.com\/cristian.falabella","https:\/\/www.instagram.com\/noticiasmercedinas\/","https:\/\/x.com\/https:\/\/twitter.com\/NOTMERCEDINAS"],"url":"https:\/\/noticiasmercedinas.com\/site\/author\/as000384\/"}]}},"amp_enabled":true,"_links":{"self":[{"href":"https:\/\/noticiasmercedinas.com\/site\/wp-json\/wp\/v2\/posts\/39338","targetHints":{"allow":["GET"]}}],"collection":[{"href":"https:\/\/noticiasmercedinas.com\/site\/wp-json\/wp\/v2\/posts"}],"about":[{"href":"https:\/\/noticiasmercedinas.com\/site\/wp-json\/wp\/v2\/types\/post"}],"author":[{"embeddable":true,"href":"https:\/\/noticiasmercedinas.com\/site\/wp-json\/wp\/v2\/users\/2"}],"replies":[{"embeddable":true,"href":"https:\/\/noticiasmercedinas.com\/site\/wp-json\/wp\/v2\/comments?post=39338"}],"version-history":[{"count":5,"href":"https:\/\/noticiasmercedinas.com\/site\/wp-json\/wp\/v2\/posts\/39338\/revisions"}],"predecessor-version":[{"id":39573,"href":"https:\/\/noticiasmercedinas.com\/site\/wp-json\/wp\/v2\/posts\/39338\/revisions\/39573"}],"wp:featuredmedia":[{"embeddable":true,"href":"https:\/\/noticiasmercedinas.com\/site\/wp-json\/wp\/v2\/media\/39376"}],"wp:attachment":[{"href":"https:\/\/noticiasmercedinas.com\/site\/wp-json\/wp\/v2\/media?parent=39338"}],"wp:term":[{"taxonomy":"category","embeddable":true,"href":"https:\/\/noticiasmercedinas.com\/site\/wp-json\/wp\/v2\/categories?post=39338"},{"taxonomy":"post_tag","embeddable":true,"href":"https:\/\/noticiasmercedinas.com\/site\/wp-json\/wp\/v2\/tags?post=39338"}],"curies":[{"name":"wp","href":"https:\/\/api.w.org\/{rel}","templated":true}]}}