{"id":39390,"date":"2020-02-15T11:35:13","date_gmt":"2020-02-15T14:35:13","guid":{"rendered":"https:\/\/noticiasmercedinas.com\/site\/?p=39390"},"modified":"2020-02-18T07:50:04","modified_gmt":"2020-02-18T10:50:04","slug":"mesa-sindical-cuestiona-a-juntos-por-el-cambio-por-capricho","status":"publish","type":"post","link":"https:\/\/noticiasmercedinas.com\/site\/2020\/02\/15\/mesa-sindical-cuestiona-a-juntos-por-el-cambio-por-capricho\/","title":{"rendered":"Mesa Sindical cuestiona a Juntos por el Cambio por \u00abcapricho\u00bb"},"content":{"rendered":"<p><img loading=\"lazy\" decoding=\"async\" class=\"wp-image-39392 alignnone size-full\" src=\"https:\/\/noticiasmercedinas.com\/site\/wp-content\/uploads\/2020\/02\/wp-158163379767527013834288289690727256012146227011951.jpg\" width=\"2560\" height=\"1440\" \/><\/p>\n<p>Tras la aprobaci\u00f3n de la venta de tierras a la empresa Agro Energy One en el sector industrial, luego de una pol\u00e9mica sesi\u00f3n extraordinaria, desde la Mesa Sindical de Mercedes emitieron un comunicado objetando el papel de los concejales de Juntos por el Cambio, quienes <a href=\"https:\/\/noticiasmercedinas.com\/site\/2020\/02\/13\/venta-de-tierras-a-agro-energie-one-se-puso-a-debate-en-el-concejo-y-se-aprobo\/\" target=\"_blank\" rel=\"noopener noreferrer\"><u><strong>no quisieron ir a un cuarto intermedio.<\/strong><\/u><\/a><\/p>\n<p>\u00abCambiemos cerr\u00f3 las puertas de trabajo a familias mercedinas\u00bb, dice la Mesa.<\/p>\n<p>\u00abDesde la Mesa Sindical Mercedes repudiamos en\u00e9rgicamente el accionar irresponsable del bloque de concejales de Juntos por el Cambio llevado adelante en la Sesi\u00f3n Extraordinaria del jueves 13\/02, donde se trat\u00f3 la posibilidad de venta de 10 Hect\u00e1reas del Sector Industrial para la empresa Agro Energie One. Acci\u00f3n entorpecedora por parte del bloque mencionado, que dej\u00f3 a Mercedes sin una excelente inversi\u00f3n y puestos de trabajo para varias familias\u00bb, expresaron.<\/p>\n<p>\u00abSeg\u00fan el seguimiento que realizamos de la propuesta, el proyecto se present\u00f3 hace varios meses por lo cual se tuvo mucho tiempo, mediante diferentes encuentros y charlas para evaluar y\/o modificar el proyecto de ordenanza. Tan solo por un capricho del bloque de Cambiemos de no esperar 24 horas m\u00e1s para escuchar los argumentos de parte de la empresa, se vot\u00f3 un proyecto, que lisa y llanamente con artilugios de palabras no hizo m\u00e1s que frenar y entorpecer una excelente inversi\u00f3n para la comunidad\u00bb, plantearon.<\/p>\n<p>\u00abRecordamos que en los \u00faltimos a\u00f1os se perdieron miles de puestos de trabajo por causa de p\u00e9simas decisiones pol\u00edticas del gobierno saliente: devaluaciones, corridas cambiarias, tarifazos, incremento en las tasas de inter\u00e9s y brutales ajustes. Por tal motivo volvemos a sostener que desde la Mesa Sindical Mercedes siempre defenderemos a la familia trabajadora, las condiciones de trabajo y a las fuentes laborales. Llamamos a la reflexi\u00f3n a los protagonistas de semejante accionar irresponsable\u00bb, concluyeron.<\/p>\n","protected":false},"excerpt":{"rendered":"<p>Tras la aprobaci\u00f3n de la venta de tierras a la empresa Agro Energy One en el sector industrial, luego de una pol\u00e9mica sesi\u00f3n extraordinaria, desde la Mesa Sindical de Mercedes emitieron un comunicado objetando el papel de los concejales de Juntos por el Cambio, quienes no quisieron ir a un cuarto intermedio. \u00abCambiemos cerr\u00f3 las [&hellip;]<\/p>\n","protected":false},"author":2,"featured_media":39392,"comment_status":"open","ping_status":"open","sticky":false,"template":"","format":"standard","meta":{"footnotes":""},"categories":[3],"tags":[8289,8276,1201],"class_list":["post-39390","post","type-post","status-publish","format-standard","has-post-thumbnail","hentry","category-sociedad","tag-agro-energie-one","tag-agro-energy-one","tag-mesa-sindical-mercedes"],"yoast_head":"<!-- This site is optimized with the Yoast SEO plugin v27.5 - https:\/\/yoast.com\/product\/yoast-seo-wordpress\/ -->\n<title>Mesa Sindical cuestiona a Juntos por el Cambio por &quot;capricho&quot;<\/title>\n<meta name=\"robots\" content=\"index, follow, max-snippet:-1, max-image-preview:large, max-video-preview:-1\" \/>\n<link rel=\"canonical\" href=\"https:\/\/noticiasmercedinas.com\/site\/2020\/02\/15\/mesa-sindical-cuestiona-a-juntos-por-el-cambio-por-capricho\/\" \/>\n<meta property=\"og:locale\" content=\"es_ES\" \/>\n<meta property=\"og:type\" content=\"article\" \/>\n<meta property=\"og:title\" content=\"Mesa Sindical cuestiona a Juntos por el Cambio por &quot;capricho&quot;\" \/>\n<meta property=\"og:description\" content=\"Tras la aprobaci\u00f3n de la venta de tierras a la empresa Agro Energy One en el sector industrial, luego de una pol\u00e9mica sesi\u00f3n extraordinaria, desde la Mesa Sindical de Mercedes emitieron un comunicado objetando el papel de los concejales de Juntos por el Cambio, quienes no quisieron ir a un cuarto intermedio. \u00abCambiemos cerr\u00f3 las [&hellip;]\" \/>\n<meta property=\"og:url\" content=\"https:\/\/noticiasmercedinas.com\/site\/2020\/02\/15\/mesa-sindical-cuestiona-a-juntos-por-el-cambio-por-capricho\/\" \/>\n<meta property=\"og:site_name\" content=\"NOTICIASMERCEDINAS.COM\" \/>\n<meta property=\"article:publisher\" content=\"https:\/\/www.facebook.com\/noticiasmercedinas\/\" \/>\n<meta property=\"article:author\" content=\"https:\/\/www.facebook.com\/cristian.falabella\" \/>\n<meta property=\"article:published_time\" content=\"2020-02-15T14:35:13+00:00\" \/>\n<meta property=\"article:modified_time\" content=\"2020-02-18T10:50:04+00:00\" \/>\n<meta property=\"og:image\" content=\"https:\/\/noticiasmercedinas.com\/site\/wp-content\/uploads\/2020\/02\/wp-158163379767527013834288289690727256012146227011951-scaled.jpg\" \/>\n\t<meta property=\"og:image:width\" content=\"2560\" \/>\n\t<meta property=\"og:image:height\" content=\"1440\" \/>\n\t<meta property=\"og:image:type\" content=\"image\/jpeg\" \/>\n<meta name=\"author\" content=\"Cristian Falabella NOTICIASMERCEDINAS.COM\" \/>\n<meta name=\"twitter:card\" content=\"summary_large_image\" \/>\n<meta name=\"twitter:creator\" content=\"@https:\/\/twitter.com\/NOTMERCEDINAS\" \/>\n<meta name=\"twitter:site\" content=\"@notmercedinas\" \/>\n<meta name=\"twitter:label1\" content=\"Escrito por\" \/>\n\t<meta name=\"twitter:data1\" content=\"Cristian Falabella NOTICIASMERCEDINAS.COM\" \/>\n\t<meta name=\"twitter:label2\" content=\"Tiempo de lectura\" \/>\n\t<meta name=\"twitter:data2\" content=\"2 minutos\" \/>\n<script type=\"application\/ld+json\" class=\"yoast-schema-graph\">{\"@context\":\"https:\\\/\\\/schema.org\",\"@graph\":[{\"@type\":\"Article\",\"@id\":\"https:\\\/\\\/noticiasmercedinas.com\\\/site\\\/2020\\\/02\\\/15\\\/mesa-sindical-cuestiona-a-juntos-por-el-cambio-por-capricho\\\/#article\",\"isPartOf\":{\"@id\":\"https:\\\/\\\/noticiasmercedinas.com\\\/site\\\/2020\\\/02\\\/15\\\/mesa-sindical-cuestiona-a-juntos-por-el-cambio-por-capricho\\\/\"},\"author\":{\"name\":\"Cristian Falabella NOTICIASMERCEDINAS.COM\",\"@id\":\"https:\\\/\\\/noticiasmercedinas.com\\\/site\\\/#\\\/schema\\\/person\\\/d481a9696a5feaec13a60e2bbd991a6a\"},\"headline\":\"Mesa Sindical cuestiona a Juntos por el Cambio por \u00abcapricho\u00bb\",\"datePublished\":\"2020-02-15T14:35:13+00:00\",\"dateModified\":\"2020-02-18T10:50:04+00:00\",\"mainEntityOfPage\":{\"@id\":\"https:\\\/\\\/noticiasmercedinas.com\\\/site\\\/2020\\\/02\\\/15\\\/mesa-sindical-cuestiona-a-juntos-por-el-cambio-por-capricho\\\/\"},\"wordCount\":318,\"commentCount\":0,\"publisher\":{\"@id\":\"https:\\\/\\\/noticiasmercedinas.com\\\/site\\\/#organization\"},\"image\":{\"@id\":\"https:\\\/\\\/noticiasmercedinas.com\\\/site\\\/2020\\\/02\\\/15\\\/mesa-sindical-cuestiona-a-juntos-por-el-cambio-por-capricho\\\/#primaryimage\"},\"thumbnailUrl\":\"https:\\\/\\\/noticiasmercedinas.com\\\/site\\\/wp-content\\\/uploads\\\/2020\\\/02\\\/wp-158163379767527013834288289690727256012146227011951-scaled.jpg\",\"keywords\":[\"agro energie one\",\"agro Energy one\",\"Mesa Sindical Mercedes\"],\"articleSection\":[\"Sociedad\"],\"inLanguage\":\"es\",\"potentialAction\":[{\"@type\":\"CommentAction\",\"name\":\"Comment\",\"target\":[\"https:\\\/\\\/noticiasmercedinas.com\\\/site\\\/2020\\\/02\\\/15\\\/mesa-sindical-cuestiona-a-juntos-por-el-cambio-por-capricho\\\/#respond\"]}]},{\"@type\":\"WebPage\",\"@id\":\"https:\\\/\\\/noticiasmercedinas.com\\\/site\\\/2020\\\/02\\\/15\\\/mesa-sindical-cuestiona-a-juntos-por-el-cambio-por-capricho\\\/\",\"url\":\"https:\\\/\\\/noticiasmercedinas.com\\\/site\\\/2020\\\/02\\\/15\\\/mesa-sindical-cuestiona-a-juntos-por-el-cambio-por-capricho\\\/\",\"name\":\"Mesa Sindical cuestiona a Juntos por el Cambio por \\\"capricho\\\"\",\"isPartOf\":{\"@id\":\"https:\\\/\\\/noticiasmercedinas.com\\\/site\\\/#website\"},\"primaryImageOfPage\":{\"@id\":\"https:\\\/\\\/noticiasmercedinas.com\\\/site\\\/2020\\\/02\\\/15\\\/mesa-sindical-cuestiona-a-juntos-por-el-cambio-por-capricho\\\/#primaryimage\"},\"image\":{\"@id\":\"https:\\\/\\\/noticiasmercedinas.com\\\/site\\\/2020\\\/02\\\/15\\\/mesa-sindical-cuestiona-a-juntos-por-el-cambio-por-capricho\\\/#primaryimage\"},\"thumbnailUrl\":\"https:\\\/\\\/noticiasmercedinas.com\\\/site\\\/wp-content\\\/uploads\\\/2020\\\/02\\\/wp-158163379767527013834288289690727256012146227011951-scaled.jpg\",\"datePublished\":\"2020-02-15T14:35:13+00:00\",\"dateModified\":\"2020-02-18T10:50:04+00:00\",\"breadcrumb\":{\"@id\":\"https:\\\/\\\/noticiasmercedinas.com\\\/site\\\/2020\\\/02\\\/15\\\/mesa-sindical-cuestiona-a-juntos-por-el-cambio-por-capricho\\\/#breadcrumb\"},\"inLanguage\":\"es\",\"potentialAction\":[{\"@type\":\"ReadAction\",\"target\":[\"https:\\\/\\\/noticiasmercedinas.com\\\/site\\\/2020\\\/02\\\/15\\\/mesa-sindical-cuestiona-a-juntos-por-el-cambio-por-capricho\\\/\"]}]},{\"@type\":\"ImageObject\",\"inLanguage\":\"es\",\"@id\":\"https:\\\/\\\/noticiasmercedinas.com\\\/site\\\/2020\\\/02\\\/15\\\/mesa-sindical-cuestiona-a-juntos-por-el-cambio-por-capricho\\\/#primaryimage\",\"url\":\"https:\\\/\\\/noticiasmercedinas.com\\\/site\\\/wp-content\\\/uploads\\\/2020\\\/02\\\/wp-158163379767527013834288289690727256012146227011951-scaled.jpg\",\"contentUrl\":\"https:\\\/\\\/noticiasmercedinas.com\\\/site\\\/wp-content\\\/uploads\\\/2020\\\/02\\\/wp-158163379767527013834288289690727256012146227011951-scaled.jpg\",\"width\":2560,\"height\":1440},{\"@type\":\"BreadcrumbList\",\"@id\":\"https:\\\/\\\/noticiasmercedinas.com\\\/site\\\/2020\\\/02\\\/15\\\/mesa-sindical-cuestiona-a-juntos-por-el-cambio-por-capricho\\\/#breadcrumb\",\"itemListElement\":[{\"@type\":\"ListItem\",\"position\":1,\"name\":\"Portada\",\"item\":\"https:\\\/\\\/noticiasmercedinas.com\\\/site\\\/\"},{\"@type\":\"ListItem\",\"position\":2,\"name\":\"Mesa Sindical cuestiona a Juntos por el Cambio por \u00abcapricho\u00bb\"}]},{\"@type\":\"WebSite\",\"@id\":\"https:\\\/\\\/noticiasmercedinas.com\\\/site\\\/#website\",\"url\":\"https:\\\/\\\/noticiasmercedinas.com\\\/site\\\/\",\"name\":\"NOTICIASMERCEDINAS.COM\",\"description\":\"Mercedes, Buenos Aires, Argentina\",\"publisher\":{\"@id\":\"https:\\\/\\\/noticiasmercedinas.com\\\/site\\\/#organization\"},\"potentialAction\":[{\"@type\":\"SearchAction\",\"target\":{\"@type\":\"EntryPoint\",\"urlTemplate\":\"https:\\\/\\\/noticiasmercedinas.com\\\/site\\\/?s={search_term_string}\"},\"query-input\":{\"@type\":\"PropertyValueSpecification\",\"valueRequired\":true,\"valueName\":\"search_term_string\"}}],\"inLanguage\":\"es\"},{\"@type\":\"Organization\",\"@id\":\"https:\\\/\\\/noticiasmercedinas.com\\\/site\\\/#organization\",\"name\":\"NOTICIASMERCEDINAS.COM\",\"url\":\"https:\\\/\\\/noticiasmercedinas.com\\\/site\\\/\",\"logo\":{\"@type\":\"ImageObject\",\"inLanguage\":\"es\",\"@id\":\"https:\\\/\\\/noticiasmercedinas.com\\\/site\\\/#\\\/schema\\\/logo\\\/image\\\/\",\"url\":\"https:\\\/\\\/noticiasmercedinas.com\\\/site\\\/wp-content\\\/uploads\\\/2020\\\/06\\\/LOGO-512.jpg\",\"contentUrl\":\"https:\\\/\\\/noticiasmercedinas.com\\\/site\\\/wp-content\\\/uploads\\\/2020\\\/06\\\/LOGO-512.jpg\",\"width\":512,\"height\":512,\"caption\":\"NOTICIASMERCEDINAS.COM\"},\"image\":{\"@id\":\"https:\\\/\\\/noticiasmercedinas.com\\\/site\\\/#\\\/schema\\\/logo\\\/image\\\/\"},\"sameAs\":[\"https:\\\/\\\/www.facebook.com\\\/noticiasmercedinas\\\/\",\"https:\\\/\\\/x.com\\\/notmercedinas\",\"https:\\\/\\\/www.instagram.com\\\/noticiasmercedinas\\\/\"]},{\"@type\":\"Person\",\"@id\":\"https:\\\/\\\/noticiasmercedinas.com\\\/site\\\/#\\\/schema\\\/person\\\/d481a9696a5feaec13a60e2bbd991a6a\",\"name\":\"Cristian Falabella NOTICIASMERCEDINAS.COM\",\"image\":{\"@type\":\"ImageObject\",\"inLanguage\":\"es\",\"@id\":\"https:\\\/\\\/secure.gravatar.com\\\/avatar\\\/0dbbfc45970cc46bcd0e57766228574ff3511d6eed045b182f536f0f478c1f06?s=96&d=mm&r=g\",\"url\":\"https:\\\/\\\/secure.gravatar.com\\\/avatar\\\/0dbbfc45970cc46bcd0e57766228574ff3511d6eed045b182f536f0f478c1f06?s=96&d=mm&r=g\",\"contentUrl\":\"https:\\\/\\\/secure.gravatar.com\\\/avatar\\\/0dbbfc45970cc46bcd0e57766228574ff3511d6eed045b182f536f0f478c1f06?s=96&d=mm&r=g\",\"caption\":\"Cristian Falabella NOTICIASMERCEDINAS.COM\"},\"description\":\"Periodista, editor de Noticias Mercedinas. Pas\u00f3 por varias redacciones y emprendimientos de prensa, en distintos formatos y \u00e9pocas. Se especializ\u00f3 --y sigue haci\u00e9ndolo-- en comunicaci\u00f3n en la web y en junio de 2006 fund\u00f3 este diario digital.\",\"sameAs\":[\"https:\\\/\\\/noticiasmercedinas.com\",\"https:\\\/\\\/www.facebook.com\\\/cristian.falabella\",\"https:\\\/\\\/www.instagram.com\\\/noticiasmercedinas\\\/\",\"https:\\\/\\\/x.com\\\/https:\\\/\\\/twitter.com\\\/NOTMERCEDINAS\"],\"url\":\"https:\\\/\\\/noticiasmercedinas.com\\\/site\\\/author\\\/as000384\\\/\"}]}<\/script>\n<!-- \/ Yoast SEO plugin. -->","yoast_head_json":{"title":"Mesa Sindical cuestiona a Juntos por el Cambio por \"capricho\"","robots":{"index":"index","follow":"follow","max-snippet":"max-snippet:-1","max-image-preview":"max-image-preview:large","max-video-preview":"max-video-preview:-1"},"canonical":"https:\/\/noticiasmercedinas.com\/site\/2020\/02\/15\/mesa-sindical-cuestiona-a-juntos-por-el-cambio-por-capricho\/","og_locale":"es_ES","og_type":"article","og_title":"Mesa Sindical cuestiona a Juntos por el Cambio por \"capricho\"","og_description":"Tras la aprobaci\u00f3n de la venta de tierras a la empresa Agro Energy One en el sector industrial, luego de una pol\u00e9mica sesi\u00f3n extraordinaria, desde la Mesa Sindical de Mercedes emitieron un comunicado objetando el papel de los concejales de Juntos por el Cambio, quienes no quisieron ir a un cuarto intermedio. \u00abCambiemos cerr\u00f3 las [&hellip;]","og_url":"https:\/\/noticiasmercedinas.com\/site\/2020\/02\/15\/mesa-sindical-cuestiona-a-juntos-por-el-cambio-por-capricho\/","og_site_name":"NOTICIASMERCEDINAS.COM","article_publisher":"https:\/\/www.facebook.com\/noticiasmercedinas\/","article_author":"https:\/\/www.facebook.com\/cristian.falabella","article_published_time":"2020-02-15T14:35:13+00:00","article_modified_time":"2020-02-18T10:50:04+00:00","og_image":[{"width":2560,"height":1440,"url":"https:\/\/noticiasmercedinas.com\/site\/wp-content\/uploads\/2020\/02\/wp-158163379767527013834288289690727256012146227011951-scaled.jpg","type":"image\/jpeg"}],"author":"Cristian Falabella NOTICIASMERCEDINAS.COM","twitter_card":"summary_large_image","twitter_creator":"@https:\/\/twitter.com\/NOTMERCEDINAS","twitter_site":"@notmercedinas","twitter_misc":{"Escrito por":"Cristian Falabella NOTICIASMERCEDINAS.COM","Tiempo de lectura":"2 minutos"},"schema":{"@context":"https:\/\/schema.org","@graph":[{"@type":"Article","@id":"https:\/\/noticiasmercedinas.com\/site\/2020\/02\/15\/mesa-sindical-cuestiona-a-juntos-por-el-cambio-por-capricho\/#article","isPartOf":{"@id":"https:\/\/noticiasmercedinas.com\/site\/2020\/02\/15\/mesa-sindical-cuestiona-a-juntos-por-el-cambio-por-capricho\/"},"author":{"name":"Cristian Falabella NOTICIASMERCEDINAS.COM","@id":"https:\/\/noticiasmercedinas.com\/site\/#\/schema\/person\/d481a9696a5feaec13a60e2bbd991a6a"},"headline":"Mesa Sindical cuestiona a Juntos por el Cambio por \u00abcapricho\u00bb","datePublished":"2020-02-15T14:35:13+00:00","dateModified":"2020-02-18T10:50:04+00:00","mainEntityOfPage":{"@id":"https:\/\/noticiasmercedinas.com\/site\/2020\/02\/15\/mesa-sindical-cuestiona-a-juntos-por-el-cambio-por-capricho\/"},"wordCount":318,"commentCount":0,"publisher":{"@id":"https:\/\/noticiasmercedinas.com\/site\/#organization"},"image":{"@id":"https:\/\/noticiasmercedinas.com\/site\/2020\/02\/15\/mesa-sindical-cuestiona-a-juntos-por-el-cambio-por-capricho\/#primaryimage"},"thumbnailUrl":"https:\/\/noticiasmercedinas.com\/site\/wp-content\/uploads\/2020\/02\/wp-158163379767527013834288289690727256012146227011951-scaled.jpg","keywords":["agro energie one","agro Energy one","Mesa Sindical Mercedes"],"articleSection":["Sociedad"],"inLanguage":"es","potentialAction":[{"@type":"CommentAction","name":"Comment","target":["https:\/\/noticiasmercedinas.com\/site\/2020\/02\/15\/mesa-sindical-cuestiona-a-juntos-por-el-cambio-por-capricho\/#respond"]}]},{"@type":"WebPage","@id":"https:\/\/noticiasmercedinas.com\/site\/2020\/02\/15\/mesa-sindical-cuestiona-a-juntos-por-el-cambio-por-capricho\/","url":"https:\/\/noticiasmercedinas.com\/site\/2020\/02\/15\/mesa-sindical-cuestiona-a-juntos-por-el-cambio-por-capricho\/","name":"Mesa Sindical cuestiona a Juntos por el Cambio por \"capricho\"","isPartOf":{"@id":"https:\/\/noticiasmercedinas.com\/site\/#website"},"primaryImageOfPage":{"@id":"https:\/\/noticiasmercedinas.com\/site\/2020\/02\/15\/mesa-sindical-cuestiona-a-juntos-por-el-cambio-por-capricho\/#primaryimage"},"image":{"@id":"https:\/\/noticiasmercedinas.com\/site\/2020\/02\/15\/mesa-sindical-cuestiona-a-juntos-por-el-cambio-por-capricho\/#primaryimage"},"thumbnailUrl":"https:\/\/noticiasmercedinas.com\/site\/wp-content\/uploads\/2020\/02\/wp-158163379767527013834288289690727256012146227011951-scaled.jpg","datePublished":"2020-02-15T14:35:13+00:00","dateModified":"2020-02-18T10:50:04+00:00","breadcrumb":{"@id":"https:\/\/noticiasmercedinas.com\/site\/2020\/02\/15\/mesa-sindical-cuestiona-a-juntos-por-el-cambio-por-capricho\/#breadcrumb"},"inLanguage":"es","potentialAction":[{"@type":"ReadAction","target":["https:\/\/noticiasmercedinas.com\/site\/2020\/02\/15\/mesa-sindical-cuestiona-a-juntos-por-el-cambio-por-capricho\/"]}]},{"@type":"ImageObject","inLanguage":"es","@id":"https:\/\/noticiasmercedinas.com\/site\/2020\/02\/15\/mesa-sindical-cuestiona-a-juntos-por-el-cambio-por-capricho\/#primaryimage","url":"https:\/\/noticiasmercedinas.com\/site\/wp-content\/uploads\/2020\/02\/wp-158163379767527013834288289690727256012146227011951-scaled.jpg","contentUrl":"https:\/\/noticiasmercedinas.com\/site\/wp-content\/uploads\/2020\/02\/wp-158163379767527013834288289690727256012146227011951-scaled.jpg","width":2560,"height":1440},{"@type":"BreadcrumbList","@id":"https:\/\/noticiasmercedinas.com\/site\/2020\/02\/15\/mesa-sindical-cuestiona-a-juntos-por-el-cambio-por-capricho\/#breadcrumb","itemListElement":[{"@type":"ListItem","position":1,"name":"Portada","item":"https:\/\/noticiasmercedinas.com\/site\/"},{"@type":"ListItem","position":2,"name":"Mesa Sindical cuestiona a Juntos por el Cambio por \u00abcapricho\u00bb"}]},{"@type":"WebSite","@id":"https:\/\/noticiasmercedinas.com\/site\/#website","url":"https:\/\/noticiasmercedinas.com\/site\/","name":"NOTICIASMERCEDINAS.COM","description":"Mercedes, Buenos Aires, Argentina","publisher":{"@id":"https:\/\/noticiasmercedinas.com\/site\/#organization"},"potentialAction":[{"@type":"SearchAction","target":{"@type":"EntryPoint","urlTemplate":"https:\/\/noticiasmercedinas.com\/site\/?s={search_term_string}"},"query-input":{"@type":"PropertyValueSpecification","valueRequired":true,"valueName":"search_term_string"}}],"inLanguage":"es"},{"@type":"Organization","@id":"https:\/\/noticiasmercedinas.com\/site\/#organization","name":"NOTICIASMERCEDINAS.COM","url":"https:\/\/noticiasmercedinas.com\/site\/","logo":{"@type":"ImageObject","inLanguage":"es","@id":"https:\/\/noticiasmercedinas.com\/site\/#\/schema\/logo\/image\/","url":"https:\/\/noticiasmercedinas.com\/site\/wp-content\/uploads\/2020\/06\/LOGO-512.jpg","contentUrl":"https:\/\/noticiasmercedinas.com\/site\/wp-content\/uploads\/2020\/06\/LOGO-512.jpg","width":512,"height":512,"caption":"NOTICIASMERCEDINAS.COM"},"image":{"@id":"https:\/\/noticiasmercedinas.com\/site\/#\/schema\/logo\/image\/"},"sameAs":["https:\/\/www.facebook.com\/noticiasmercedinas\/","https:\/\/x.com\/notmercedinas","https:\/\/www.instagram.com\/noticiasmercedinas\/"]},{"@type":"Person","@id":"https:\/\/noticiasmercedinas.com\/site\/#\/schema\/person\/d481a9696a5feaec13a60e2bbd991a6a","name":"Cristian Falabella NOTICIASMERCEDINAS.COM","image":{"@type":"ImageObject","inLanguage":"es","@id":"https:\/\/secure.gravatar.com\/avatar\/0dbbfc45970cc46bcd0e57766228574ff3511d6eed045b182f536f0f478c1f06?s=96&d=mm&r=g","url":"https:\/\/secure.gravatar.com\/avatar\/0dbbfc45970cc46bcd0e57766228574ff3511d6eed045b182f536f0f478c1f06?s=96&d=mm&r=g","contentUrl":"https:\/\/secure.gravatar.com\/avatar\/0dbbfc45970cc46bcd0e57766228574ff3511d6eed045b182f536f0f478c1f06?s=96&d=mm&r=g","caption":"Cristian Falabella NOTICIASMERCEDINAS.COM"},"description":"Periodista, editor de Noticias Mercedinas. Pas\u00f3 por varias redacciones y emprendimientos de prensa, en distintos formatos y \u00e9pocas. Se especializ\u00f3 --y sigue haci\u00e9ndolo-- en comunicaci\u00f3n en la web y en junio de 2006 fund\u00f3 este diario digital.","sameAs":["https:\/\/noticiasmercedinas.com","https:\/\/www.facebook.com\/cristian.falabella","https:\/\/www.instagram.com\/noticiasmercedinas\/","https:\/\/x.com\/https:\/\/twitter.com\/NOTMERCEDINAS"],"url":"https:\/\/noticiasmercedinas.com\/site\/author\/as000384\/"}]}},"amp_enabled":true,"_links":{"self":[{"href":"https:\/\/noticiasmercedinas.com\/site\/wp-json\/wp\/v2\/posts\/39390","targetHints":{"allow":["GET"]}}],"collection":[{"href":"https:\/\/noticiasmercedinas.com\/site\/wp-json\/wp\/v2\/posts"}],"about":[{"href":"https:\/\/noticiasmercedinas.com\/site\/wp-json\/wp\/v2\/types\/post"}],"author":[{"embeddable":true,"href":"https:\/\/noticiasmercedinas.com\/site\/wp-json\/wp\/v2\/users\/2"}],"replies":[{"embeddable":true,"href":"https:\/\/noticiasmercedinas.com\/site\/wp-json\/wp\/v2\/comments?post=39390"}],"version-history":[{"count":2,"href":"https:\/\/noticiasmercedinas.com\/site\/wp-json\/wp\/v2\/posts\/39390\/revisions"}],"predecessor-version":[{"id":39572,"href":"https:\/\/noticiasmercedinas.com\/site\/wp-json\/wp\/v2\/posts\/39390\/revisions\/39572"}],"wp:featuredmedia":[{"embeddable":true,"href":"https:\/\/noticiasmercedinas.com\/site\/wp-json\/wp\/v2\/media\/39392"}],"wp:attachment":[{"href":"https:\/\/noticiasmercedinas.com\/site\/wp-json\/wp\/v2\/media?parent=39390"}],"wp:term":[{"taxonomy":"category","embeddable":true,"href":"https:\/\/noticiasmercedinas.com\/site\/wp-json\/wp\/v2\/categories?post=39390"},{"taxonomy":"post_tag","embeddable":true,"href":"https:\/\/noticiasmercedinas.com\/site\/wp-json\/wp\/v2\/tags?post=39390"}],"curies":[{"name":"wp","href":"https:\/\/api.w.org\/{rel}","templated":true}]}}