{"id":39617,"date":"2020-02-18T17:13:28","date_gmt":"2020-02-18T20:13:28","guid":{"rendered":"https:\/\/noticiasmercedinas.com\/site\/?p=39617"},"modified":"2020-02-18T17:16:19","modified_gmt":"2020-02-18T20:16:19","slug":"salud-concejales-se-reunieron-con-cassiani-en-mesa-de-trabajo","status":"publish","type":"post","link":"https:\/\/noticiasmercedinas.com\/site\/2020\/02\/18\/salud-concejales-se-reunieron-con-cassiani-en-mesa-de-trabajo\/","title":{"rendered":"Salud: concejales se reunieron con Cassiani en mesa de trabajo"},"content":{"rendered":"<p><img loading=\"lazy\" decoding=\"async\" class=\"wp-image-39616 alignnone size-full\" src=\"https:\/\/noticiasmercedinas.com\/site\/wp-content\/uploads\/2020\/02\/wp-15820557202734728479013432715332.jpg\" width=\"1280\" height=\"959\" srcset=\"https:\/\/noticiasmercedinas.com\/site\/wp-content\/uploads\/2020\/02\/wp-15820557202734728479013432715332.jpg 1280w, https:\/\/noticiasmercedinas.com\/site\/wp-content\/uploads\/2020\/02\/wp-15820557202734728479013432715332-300x225.jpg 300w, https:\/\/noticiasmercedinas.com\/site\/wp-content\/uploads\/2020\/02\/wp-15820557202734728479013432715332-1024x767.jpg 1024w, https:\/\/noticiasmercedinas.com\/site\/wp-content\/uploads\/2020\/02\/wp-15820557202734728479013432715332-768x575.jpg 768w, https:\/\/noticiasmercedinas.com\/site\/wp-content\/uploads\/2020\/02\/wp-15820557202734728479013432715332-80x60.jpg 80w, https:\/\/noticiasmercedinas.com\/site\/wp-content\/uploads\/2020\/02\/wp-15820557202734728479013432715332-160x120.jpg 160w, https:\/\/noticiasmercedinas.com\/site\/wp-content\/uploads\/2020\/02\/wp-15820557202734728479013432715332-100x75.jpg 100w, https:\/\/noticiasmercedinas.com\/site\/wp-content\/uploads\/2020\/02\/wp-15820557202734728479013432715332-200x150.jpg 200w, https:\/\/noticiasmercedinas.com\/site\/wp-content\/uploads\/2020\/02\/wp-15820557202734728479013432715332-180x135.jpg 180w, https:\/\/noticiasmercedinas.com\/site\/wp-content\/uploads\/2020\/02\/wp-15820557202734728479013432715332-360x270.jpg 360w, https:\/\/noticiasmercedinas.com\/site\/wp-content\/uploads\/2020\/02\/wp-15820557202734728479013432715332-238x178.jpg 238w, https:\/\/noticiasmercedinas.com\/site\/wp-content\/uploads\/2020\/02\/wp-15820557202734728479013432715332-476x356.jpg 476w, https:\/\/noticiasmercedinas.com\/site\/wp-content\/uploads\/2020\/02\/wp-15820557202734728479013432715332-640x480.jpg 640w, https:\/\/noticiasmercedinas.com\/site\/wp-content\/uploads\/2020\/02\/wp-15820557202734728479013432715332-681x510.jpg 681w\" sizes=\"auto, (max-width: 1280px) 100vw, 1280px\" \/><\/p>\n<p>\u201cEs importante trabajar junto al hospital por la salud y cuidados de los mercedinos, afirman desde el Frente de Todos.<\/p>\n<p>Ediles del Frente de Todos llevaron a cabo una reuni\u00f3n con los directivos del hospital Dubarry, Pablo Cassiani y Sonia Paredes, con el objetivo de \u201cavanzar en una mesa de trabajo que permita actuar en pos del cuidado y salud de los mercedinos\u201d. Fue en el edificio de calle 12 y gener\u00f3 una amplia agenda a futuro.<\/p>\n<p>Se trabaj\u00f3 en la \u201cunificaci\u00f3n del sistema de salud\u201d y pensando que \u201cnuestro intendente siempre nos motiva a seguir trabajando unidos por el cuidado de todas y todos los mercedinos\u201d, tal cual afirmaron los ediles tras el encuentro.<\/p>\n<p>Tambi\u00e9n destacaron los concejales que \u201cfue en su momento una decisi\u00f3n clara e hist\u00f3rica la jerarquizaci\u00f3n que hizo el intendente Ustarroz del \u00e1rea de salud comunal convirti\u00e9ndola en secretar\u00eda, deviniendo de ello una gran bater\u00eda de medidas que pusieron a la ciudad a la vanguardia sanitaria con proyectos ampliamente reconocidos, como Mil D\u00edas, Mercedes Sonr\u00ede, el Centro de Diagn\u00f3stico por Im\u00e1genes, la jerarquizaci\u00f3n de los CAPS y tantas otras acciones muy valiosas\u201d<\/p>\n<p>Se aprovech\u00f3 para expresar la satisfacci\u00f3n de que Cassiani asuma en el nosocomio local y busque la compleja tarea lograr integrar el sistema de salud local.<\/p>\n<p>\u201cNos inform\u00f3 y form\u00f3 sobre c\u00f3mo es la estructura del hospital, las complejidades que posee, c\u00f3mo interactuar m\u00e1s fluidamente, c\u00f3mo podemos colaborar con la instituci\u00f3n y c\u00f3mo ir construyendo tambi\u00e9n all\u00ed una perspectiva de g\u00e9nero e inclusi\u00f3n cada d\u00eda mayor\u201d, sostuvo Mariana San Mart\u00edn, presidenta del bloque oficialista.<\/p>\n<p>Sonia Paredes tambi\u00e9n fue parte del encuentro dado que fue una excelente ocasi\u00f3n para conocerse m\u00e1s y ampliar el tejido de trabajo en conjunto, destacaron los ediles del Frente de Todos tras la reuni\u00f3n.<\/p>\n<p>Fueron parte la mencionada San Mart\u00edn, Mar\u00eda Jos\u00e9 Piacentini, Mat\u00edas Dematei, Julian Insaurgarat, Andrea Bozzini, Carlos Garro y Aldana Ch\u00e1vez.<\/p>\n<p>\u201cPor supuesto que qued\u00f3 el compromiso de seguir trabajando en nuevos encuentros\u201d, afirmaron los ediles pensando en todo lo que podr\u00e1n realizar sabiendo que \u201ctenemos un di\u00e1logo fluido con Naci\u00f3n y Provincia\u201d seg\u00fan especificaron.<\/p>\n","protected":false},"excerpt":{"rendered":"<p>\u201cEs importante trabajar junto al hospital por la salud y cuidados de los mercedinos, afirman desde el Frente de Todos. Ediles del Frente de Todos llevaron a cabo una reuni\u00f3n con los directivos del hospital Dubarry, Pablo Cassiani y Sonia Paredes, con el objetivo de \u201cavanzar en una mesa de trabajo que permita actuar en [&hellip;]<\/p>\n","protected":false},"author":2,"featured_media":39616,"comment_status":"open","ping_status":"open","sticky":false,"template":"","format":"standard","meta":{"footnotes":""},"categories":[16],"tags":[5299,144,71],"class_list":["post-39617","post","type-post","status-publish","format-standard","has-post-thumbnail","hentry","category-politica","tag-frente-de-todos","tag-pablo-cassiani","tag-salud"],"yoast_head":"<!-- This site is optimized with the Yoast SEO plugin v27.5 - https:\/\/yoast.com\/product\/yoast-seo-wordpress\/ -->\n<title>Salud: concejales se reunieron con Cassiani en mesa de trabajo<\/title>\n<meta name=\"robots\" content=\"index, follow, max-snippet:-1, max-image-preview:large, max-video-preview:-1\" \/>\n<link rel=\"canonical\" href=\"https:\/\/noticiasmercedinas.com\/site\/2020\/02\/18\/salud-concejales-se-reunieron-con-cassiani-en-mesa-de-trabajo\/\" \/>\n<meta property=\"og:locale\" content=\"es_ES\" \/>\n<meta property=\"og:type\" content=\"article\" \/>\n<meta property=\"og:title\" content=\"Salud: concejales se reunieron con Cassiani en mesa de trabajo\" \/>\n<meta property=\"og:description\" content=\"\u201cEs importante trabajar junto al hospital por la salud y cuidados de los mercedinos, afirman desde el Frente de Todos. Ediles del Frente de Todos llevaron a cabo una reuni\u00f3n con los directivos del hospital Dubarry, Pablo Cassiani y Sonia Paredes, con el objetivo de \u201cavanzar en una mesa de trabajo que permita actuar en [&hellip;]\" \/>\n<meta property=\"og:url\" content=\"https:\/\/noticiasmercedinas.com\/site\/2020\/02\/18\/salud-concejales-se-reunieron-con-cassiani-en-mesa-de-trabajo\/\" \/>\n<meta property=\"og:site_name\" content=\"NOTICIASMERCEDINAS.COM\" \/>\n<meta property=\"article:publisher\" content=\"https:\/\/www.facebook.com\/noticiasmercedinas\/\" \/>\n<meta property=\"article:author\" content=\"https:\/\/www.facebook.com\/cristian.falabella\" \/>\n<meta property=\"article:published_time\" content=\"2020-02-18T20:13:28+00:00\" \/>\n<meta property=\"article:modified_time\" content=\"2020-02-18T20:16:19+00:00\" \/>\n<meta property=\"og:image\" content=\"https:\/\/noticiasmercedinas.com\/site\/wp-content\/uploads\/2020\/02\/wp-15820557202734728479013432715332.jpg\" \/>\n\t<meta property=\"og:image:width\" content=\"1280\" \/>\n\t<meta property=\"og:image:height\" content=\"959\" \/>\n\t<meta property=\"og:image:type\" content=\"image\/jpeg\" \/>\n<meta name=\"author\" content=\"Cristian Falabella NOTICIASMERCEDINAS.COM\" \/>\n<meta name=\"twitter:card\" content=\"summary_large_image\" \/>\n<meta name=\"twitter:creator\" content=\"@https:\/\/twitter.com\/NOTMERCEDINAS\" \/>\n<meta name=\"twitter:site\" content=\"@notmercedinas\" \/>\n<meta name=\"twitter:label1\" content=\"Escrito por\" \/>\n\t<meta name=\"twitter:data1\" content=\"Cristian Falabella NOTICIASMERCEDINAS.COM\" \/>\n\t<meta name=\"twitter:label2\" content=\"Tiempo de lectura\" \/>\n\t<meta name=\"twitter:data2\" content=\"2 minutos\" \/>\n<script type=\"application\/ld+json\" class=\"yoast-schema-graph\">{\"@context\":\"https:\\\/\\\/schema.org\",\"@graph\":[{\"@type\":\"Article\",\"@id\":\"https:\\\/\\\/noticiasmercedinas.com\\\/site\\\/2020\\\/02\\\/18\\\/salud-concejales-se-reunieron-con-cassiani-en-mesa-de-trabajo\\\/#article\",\"isPartOf\":{\"@id\":\"https:\\\/\\\/noticiasmercedinas.com\\\/site\\\/2020\\\/02\\\/18\\\/salud-concejales-se-reunieron-con-cassiani-en-mesa-de-trabajo\\\/\"},\"author\":{\"name\":\"Cristian Falabella NOTICIASMERCEDINAS.COM\",\"@id\":\"https:\\\/\\\/noticiasmercedinas.com\\\/site\\\/#\\\/schema\\\/person\\\/d481a9696a5feaec13a60e2bbd991a6a\"},\"headline\":\"Salud: concejales se reunieron con Cassiani en mesa de trabajo\",\"datePublished\":\"2020-02-18T20:13:28+00:00\",\"dateModified\":\"2020-02-18T20:16:19+00:00\",\"mainEntityOfPage\":{\"@id\":\"https:\\\/\\\/noticiasmercedinas.com\\\/site\\\/2020\\\/02\\\/18\\\/salud-concejales-se-reunieron-con-cassiani-en-mesa-de-trabajo\\\/\"},\"wordCount\":396,\"commentCount\":0,\"publisher\":{\"@id\":\"https:\\\/\\\/noticiasmercedinas.com\\\/site\\\/#organization\"},\"image\":{\"@id\":\"https:\\\/\\\/noticiasmercedinas.com\\\/site\\\/2020\\\/02\\\/18\\\/salud-concejales-se-reunieron-con-cassiani-en-mesa-de-trabajo\\\/#primaryimage\"},\"thumbnailUrl\":\"https:\\\/\\\/noticiasmercedinas.com\\\/site\\\/wp-content\\\/uploads\\\/2020\\\/02\\\/wp-15820557202734728479013432715332.jpg\",\"keywords\":[\"Frente de Todos\",\"pablo cassiani\",\"salud\"],\"articleSection\":[\"Politica\"],\"inLanguage\":\"es\",\"potentialAction\":[{\"@type\":\"CommentAction\",\"name\":\"Comment\",\"target\":[\"https:\\\/\\\/noticiasmercedinas.com\\\/site\\\/2020\\\/02\\\/18\\\/salud-concejales-se-reunieron-con-cassiani-en-mesa-de-trabajo\\\/#respond\"]}]},{\"@type\":\"WebPage\",\"@id\":\"https:\\\/\\\/noticiasmercedinas.com\\\/site\\\/2020\\\/02\\\/18\\\/salud-concejales-se-reunieron-con-cassiani-en-mesa-de-trabajo\\\/\",\"url\":\"https:\\\/\\\/noticiasmercedinas.com\\\/site\\\/2020\\\/02\\\/18\\\/salud-concejales-se-reunieron-con-cassiani-en-mesa-de-trabajo\\\/\",\"name\":\"Salud: concejales se reunieron con Cassiani en mesa de trabajo\",\"isPartOf\":{\"@id\":\"https:\\\/\\\/noticiasmercedinas.com\\\/site\\\/#website\"},\"primaryImageOfPage\":{\"@id\":\"https:\\\/\\\/noticiasmercedinas.com\\\/site\\\/2020\\\/02\\\/18\\\/salud-concejales-se-reunieron-con-cassiani-en-mesa-de-trabajo\\\/#primaryimage\"},\"image\":{\"@id\":\"https:\\\/\\\/noticiasmercedinas.com\\\/site\\\/2020\\\/02\\\/18\\\/salud-concejales-se-reunieron-con-cassiani-en-mesa-de-trabajo\\\/#primaryimage\"},\"thumbnailUrl\":\"https:\\\/\\\/noticiasmercedinas.com\\\/site\\\/wp-content\\\/uploads\\\/2020\\\/02\\\/wp-15820557202734728479013432715332.jpg\",\"datePublished\":\"2020-02-18T20:13:28+00:00\",\"dateModified\":\"2020-02-18T20:16:19+00:00\",\"breadcrumb\":{\"@id\":\"https:\\\/\\\/noticiasmercedinas.com\\\/site\\\/2020\\\/02\\\/18\\\/salud-concejales-se-reunieron-con-cassiani-en-mesa-de-trabajo\\\/#breadcrumb\"},\"inLanguage\":\"es\",\"potentialAction\":[{\"@type\":\"ReadAction\",\"target\":[\"https:\\\/\\\/noticiasmercedinas.com\\\/site\\\/2020\\\/02\\\/18\\\/salud-concejales-se-reunieron-con-cassiani-en-mesa-de-trabajo\\\/\"]}]},{\"@type\":\"ImageObject\",\"inLanguage\":\"es\",\"@id\":\"https:\\\/\\\/noticiasmercedinas.com\\\/site\\\/2020\\\/02\\\/18\\\/salud-concejales-se-reunieron-con-cassiani-en-mesa-de-trabajo\\\/#primaryimage\",\"url\":\"https:\\\/\\\/noticiasmercedinas.com\\\/site\\\/wp-content\\\/uploads\\\/2020\\\/02\\\/wp-15820557202734728479013432715332.jpg\",\"contentUrl\":\"https:\\\/\\\/noticiasmercedinas.com\\\/site\\\/wp-content\\\/uploads\\\/2020\\\/02\\\/wp-15820557202734728479013432715332.jpg\",\"width\":1280,\"height\":959},{\"@type\":\"BreadcrumbList\",\"@id\":\"https:\\\/\\\/noticiasmercedinas.com\\\/site\\\/2020\\\/02\\\/18\\\/salud-concejales-se-reunieron-con-cassiani-en-mesa-de-trabajo\\\/#breadcrumb\",\"itemListElement\":[{\"@type\":\"ListItem\",\"position\":1,\"name\":\"Portada\",\"item\":\"https:\\\/\\\/noticiasmercedinas.com\\\/site\\\/\"},{\"@type\":\"ListItem\",\"position\":2,\"name\":\"Salud: concejales se reunieron con Cassiani en mesa de trabajo\"}]},{\"@type\":\"WebSite\",\"@id\":\"https:\\\/\\\/noticiasmercedinas.com\\\/site\\\/#website\",\"url\":\"https:\\\/\\\/noticiasmercedinas.com\\\/site\\\/\",\"name\":\"NOTICIASMERCEDINAS.COM\",\"description\":\"Mercedes, Buenos Aires, Argentina\",\"publisher\":{\"@id\":\"https:\\\/\\\/noticiasmercedinas.com\\\/site\\\/#organization\"},\"potentialAction\":[{\"@type\":\"SearchAction\",\"target\":{\"@type\":\"EntryPoint\",\"urlTemplate\":\"https:\\\/\\\/noticiasmercedinas.com\\\/site\\\/?s={search_term_string}\"},\"query-input\":{\"@type\":\"PropertyValueSpecification\",\"valueRequired\":true,\"valueName\":\"search_term_string\"}}],\"inLanguage\":\"es\"},{\"@type\":\"Organization\",\"@id\":\"https:\\\/\\\/noticiasmercedinas.com\\\/site\\\/#organization\",\"name\":\"NOTICIASMERCEDINAS.COM\",\"url\":\"https:\\\/\\\/noticiasmercedinas.com\\\/site\\\/\",\"logo\":{\"@type\":\"ImageObject\",\"inLanguage\":\"es\",\"@id\":\"https:\\\/\\\/noticiasmercedinas.com\\\/site\\\/#\\\/schema\\\/logo\\\/image\\\/\",\"url\":\"https:\\\/\\\/noticiasmercedinas.com\\\/site\\\/wp-content\\\/uploads\\\/2020\\\/06\\\/LOGO-512.jpg\",\"contentUrl\":\"https:\\\/\\\/noticiasmercedinas.com\\\/site\\\/wp-content\\\/uploads\\\/2020\\\/06\\\/LOGO-512.jpg\",\"width\":512,\"height\":512,\"caption\":\"NOTICIASMERCEDINAS.COM\"},\"image\":{\"@id\":\"https:\\\/\\\/noticiasmercedinas.com\\\/site\\\/#\\\/schema\\\/logo\\\/image\\\/\"},\"sameAs\":[\"https:\\\/\\\/www.facebook.com\\\/noticiasmercedinas\\\/\",\"https:\\\/\\\/x.com\\\/notmercedinas\",\"https:\\\/\\\/www.instagram.com\\\/noticiasmercedinas\\\/\"]},{\"@type\":\"Person\",\"@id\":\"https:\\\/\\\/noticiasmercedinas.com\\\/site\\\/#\\\/schema\\\/person\\\/d481a9696a5feaec13a60e2bbd991a6a\",\"name\":\"Cristian Falabella NOTICIASMERCEDINAS.COM\",\"image\":{\"@type\":\"ImageObject\",\"inLanguage\":\"es\",\"@id\":\"https:\\\/\\\/secure.gravatar.com\\\/avatar\\\/0dbbfc45970cc46bcd0e57766228574ff3511d6eed045b182f536f0f478c1f06?s=96&d=mm&r=g\",\"url\":\"https:\\\/\\\/secure.gravatar.com\\\/avatar\\\/0dbbfc45970cc46bcd0e57766228574ff3511d6eed045b182f536f0f478c1f06?s=96&d=mm&r=g\",\"contentUrl\":\"https:\\\/\\\/secure.gravatar.com\\\/avatar\\\/0dbbfc45970cc46bcd0e57766228574ff3511d6eed045b182f536f0f478c1f06?s=96&d=mm&r=g\",\"caption\":\"Cristian Falabella NOTICIASMERCEDINAS.COM\"},\"description\":\"Periodista, editor de Noticias Mercedinas. Pas\u00f3 por varias redacciones y emprendimientos de prensa, en distintos formatos y \u00e9pocas. Se especializ\u00f3 --y sigue haci\u00e9ndolo-- en comunicaci\u00f3n en la web y en junio de 2006 fund\u00f3 este diario digital.\",\"sameAs\":[\"https:\\\/\\\/noticiasmercedinas.com\",\"https:\\\/\\\/www.facebook.com\\\/cristian.falabella\",\"https:\\\/\\\/www.instagram.com\\\/noticiasmercedinas\\\/\",\"https:\\\/\\\/x.com\\\/https:\\\/\\\/twitter.com\\\/NOTMERCEDINAS\"],\"url\":\"https:\\\/\\\/noticiasmercedinas.com\\\/site\\\/author\\\/as000384\\\/\"}]}<\/script>\n<!-- \/ Yoast SEO plugin. -->","yoast_head_json":{"title":"Salud: concejales se reunieron con Cassiani en mesa de trabajo","robots":{"index":"index","follow":"follow","max-snippet":"max-snippet:-1","max-image-preview":"max-image-preview:large","max-video-preview":"max-video-preview:-1"},"canonical":"https:\/\/noticiasmercedinas.com\/site\/2020\/02\/18\/salud-concejales-se-reunieron-con-cassiani-en-mesa-de-trabajo\/","og_locale":"es_ES","og_type":"article","og_title":"Salud: concejales se reunieron con Cassiani en mesa de trabajo","og_description":"\u201cEs importante trabajar junto al hospital por la salud y cuidados de los mercedinos, afirman desde el Frente de Todos. Ediles del Frente de Todos llevaron a cabo una reuni\u00f3n con los directivos del hospital Dubarry, Pablo Cassiani y Sonia Paredes, con el objetivo de \u201cavanzar en una mesa de trabajo que permita actuar en [&hellip;]","og_url":"https:\/\/noticiasmercedinas.com\/site\/2020\/02\/18\/salud-concejales-se-reunieron-con-cassiani-en-mesa-de-trabajo\/","og_site_name":"NOTICIASMERCEDINAS.COM","article_publisher":"https:\/\/www.facebook.com\/noticiasmercedinas\/","article_author":"https:\/\/www.facebook.com\/cristian.falabella","article_published_time":"2020-02-18T20:13:28+00:00","article_modified_time":"2020-02-18T20:16:19+00:00","og_image":[{"width":1280,"height":959,"url":"https:\/\/noticiasmercedinas.com\/site\/wp-content\/uploads\/2020\/02\/wp-15820557202734728479013432715332.jpg","type":"image\/jpeg"}],"author":"Cristian Falabella NOTICIASMERCEDINAS.COM","twitter_card":"summary_large_image","twitter_creator":"@https:\/\/twitter.com\/NOTMERCEDINAS","twitter_site":"@notmercedinas","twitter_misc":{"Escrito por":"Cristian Falabella NOTICIASMERCEDINAS.COM","Tiempo de lectura":"2 minutos"},"schema":{"@context":"https:\/\/schema.org","@graph":[{"@type":"Article","@id":"https:\/\/noticiasmercedinas.com\/site\/2020\/02\/18\/salud-concejales-se-reunieron-con-cassiani-en-mesa-de-trabajo\/#article","isPartOf":{"@id":"https:\/\/noticiasmercedinas.com\/site\/2020\/02\/18\/salud-concejales-se-reunieron-con-cassiani-en-mesa-de-trabajo\/"},"author":{"name":"Cristian Falabella NOTICIASMERCEDINAS.COM","@id":"https:\/\/noticiasmercedinas.com\/site\/#\/schema\/person\/d481a9696a5feaec13a60e2bbd991a6a"},"headline":"Salud: concejales se reunieron con Cassiani en mesa de trabajo","datePublished":"2020-02-18T20:13:28+00:00","dateModified":"2020-02-18T20:16:19+00:00","mainEntityOfPage":{"@id":"https:\/\/noticiasmercedinas.com\/site\/2020\/02\/18\/salud-concejales-se-reunieron-con-cassiani-en-mesa-de-trabajo\/"},"wordCount":396,"commentCount":0,"publisher":{"@id":"https:\/\/noticiasmercedinas.com\/site\/#organization"},"image":{"@id":"https:\/\/noticiasmercedinas.com\/site\/2020\/02\/18\/salud-concejales-se-reunieron-con-cassiani-en-mesa-de-trabajo\/#primaryimage"},"thumbnailUrl":"https:\/\/noticiasmercedinas.com\/site\/wp-content\/uploads\/2020\/02\/wp-15820557202734728479013432715332.jpg","keywords":["Frente de Todos","pablo cassiani","salud"],"articleSection":["Politica"],"inLanguage":"es","potentialAction":[{"@type":"CommentAction","name":"Comment","target":["https:\/\/noticiasmercedinas.com\/site\/2020\/02\/18\/salud-concejales-se-reunieron-con-cassiani-en-mesa-de-trabajo\/#respond"]}]},{"@type":"WebPage","@id":"https:\/\/noticiasmercedinas.com\/site\/2020\/02\/18\/salud-concejales-se-reunieron-con-cassiani-en-mesa-de-trabajo\/","url":"https:\/\/noticiasmercedinas.com\/site\/2020\/02\/18\/salud-concejales-se-reunieron-con-cassiani-en-mesa-de-trabajo\/","name":"Salud: concejales se reunieron con Cassiani en mesa de trabajo","isPartOf":{"@id":"https:\/\/noticiasmercedinas.com\/site\/#website"},"primaryImageOfPage":{"@id":"https:\/\/noticiasmercedinas.com\/site\/2020\/02\/18\/salud-concejales-se-reunieron-con-cassiani-en-mesa-de-trabajo\/#primaryimage"},"image":{"@id":"https:\/\/noticiasmercedinas.com\/site\/2020\/02\/18\/salud-concejales-se-reunieron-con-cassiani-en-mesa-de-trabajo\/#primaryimage"},"thumbnailUrl":"https:\/\/noticiasmercedinas.com\/site\/wp-content\/uploads\/2020\/02\/wp-15820557202734728479013432715332.jpg","datePublished":"2020-02-18T20:13:28+00:00","dateModified":"2020-02-18T20:16:19+00:00","breadcrumb":{"@id":"https:\/\/noticiasmercedinas.com\/site\/2020\/02\/18\/salud-concejales-se-reunieron-con-cassiani-en-mesa-de-trabajo\/#breadcrumb"},"inLanguage":"es","potentialAction":[{"@type":"ReadAction","target":["https:\/\/noticiasmercedinas.com\/site\/2020\/02\/18\/salud-concejales-se-reunieron-con-cassiani-en-mesa-de-trabajo\/"]}]},{"@type":"ImageObject","inLanguage":"es","@id":"https:\/\/noticiasmercedinas.com\/site\/2020\/02\/18\/salud-concejales-se-reunieron-con-cassiani-en-mesa-de-trabajo\/#primaryimage","url":"https:\/\/noticiasmercedinas.com\/site\/wp-content\/uploads\/2020\/02\/wp-15820557202734728479013432715332.jpg","contentUrl":"https:\/\/noticiasmercedinas.com\/site\/wp-content\/uploads\/2020\/02\/wp-15820557202734728479013432715332.jpg","width":1280,"height":959},{"@type":"BreadcrumbList","@id":"https:\/\/noticiasmercedinas.com\/site\/2020\/02\/18\/salud-concejales-se-reunieron-con-cassiani-en-mesa-de-trabajo\/#breadcrumb","itemListElement":[{"@type":"ListItem","position":1,"name":"Portada","item":"https:\/\/noticiasmercedinas.com\/site\/"},{"@type":"ListItem","position":2,"name":"Salud: concejales se reunieron con Cassiani en mesa de trabajo"}]},{"@type":"WebSite","@id":"https:\/\/noticiasmercedinas.com\/site\/#website","url":"https:\/\/noticiasmercedinas.com\/site\/","name":"NOTICIASMERCEDINAS.COM","description":"Mercedes, Buenos Aires, Argentina","publisher":{"@id":"https:\/\/noticiasmercedinas.com\/site\/#organization"},"potentialAction":[{"@type":"SearchAction","target":{"@type":"EntryPoint","urlTemplate":"https:\/\/noticiasmercedinas.com\/site\/?s={search_term_string}"},"query-input":{"@type":"PropertyValueSpecification","valueRequired":true,"valueName":"search_term_string"}}],"inLanguage":"es"},{"@type":"Organization","@id":"https:\/\/noticiasmercedinas.com\/site\/#organization","name":"NOTICIASMERCEDINAS.COM","url":"https:\/\/noticiasmercedinas.com\/site\/","logo":{"@type":"ImageObject","inLanguage":"es","@id":"https:\/\/noticiasmercedinas.com\/site\/#\/schema\/logo\/image\/","url":"https:\/\/noticiasmercedinas.com\/site\/wp-content\/uploads\/2020\/06\/LOGO-512.jpg","contentUrl":"https:\/\/noticiasmercedinas.com\/site\/wp-content\/uploads\/2020\/06\/LOGO-512.jpg","width":512,"height":512,"caption":"NOTICIASMERCEDINAS.COM"},"image":{"@id":"https:\/\/noticiasmercedinas.com\/site\/#\/schema\/logo\/image\/"},"sameAs":["https:\/\/www.facebook.com\/noticiasmercedinas\/","https:\/\/x.com\/notmercedinas","https:\/\/www.instagram.com\/noticiasmercedinas\/"]},{"@type":"Person","@id":"https:\/\/noticiasmercedinas.com\/site\/#\/schema\/person\/d481a9696a5feaec13a60e2bbd991a6a","name":"Cristian Falabella NOTICIASMERCEDINAS.COM","image":{"@type":"ImageObject","inLanguage":"es","@id":"https:\/\/secure.gravatar.com\/avatar\/0dbbfc45970cc46bcd0e57766228574ff3511d6eed045b182f536f0f478c1f06?s=96&d=mm&r=g","url":"https:\/\/secure.gravatar.com\/avatar\/0dbbfc45970cc46bcd0e57766228574ff3511d6eed045b182f536f0f478c1f06?s=96&d=mm&r=g","contentUrl":"https:\/\/secure.gravatar.com\/avatar\/0dbbfc45970cc46bcd0e57766228574ff3511d6eed045b182f536f0f478c1f06?s=96&d=mm&r=g","caption":"Cristian Falabella NOTICIASMERCEDINAS.COM"},"description":"Periodista, editor de Noticias Mercedinas. Pas\u00f3 por varias redacciones y emprendimientos de prensa, en distintos formatos y \u00e9pocas. Se especializ\u00f3 --y sigue haci\u00e9ndolo-- en comunicaci\u00f3n en la web y en junio de 2006 fund\u00f3 este diario digital.","sameAs":["https:\/\/noticiasmercedinas.com","https:\/\/www.facebook.com\/cristian.falabella","https:\/\/www.instagram.com\/noticiasmercedinas\/","https:\/\/x.com\/https:\/\/twitter.com\/NOTMERCEDINAS"],"url":"https:\/\/noticiasmercedinas.com\/site\/author\/as000384\/"}]}},"amp_enabled":true,"_links":{"self":[{"href":"https:\/\/noticiasmercedinas.com\/site\/wp-json\/wp\/v2\/posts\/39617","targetHints":{"allow":["GET"]}}],"collection":[{"href":"https:\/\/noticiasmercedinas.com\/site\/wp-json\/wp\/v2\/posts"}],"about":[{"href":"https:\/\/noticiasmercedinas.com\/site\/wp-json\/wp\/v2\/types\/post"}],"author":[{"embeddable":true,"href":"https:\/\/noticiasmercedinas.com\/site\/wp-json\/wp\/v2\/users\/2"}],"replies":[{"embeddable":true,"href":"https:\/\/noticiasmercedinas.com\/site\/wp-json\/wp\/v2\/comments?post=39617"}],"version-history":[{"count":2,"href":"https:\/\/noticiasmercedinas.com\/site\/wp-json\/wp\/v2\/posts\/39617\/revisions"}],"predecessor-version":[{"id":39619,"href":"https:\/\/noticiasmercedinas.com\/site\/wp-json\/wp\/v2\/posts\/39617\/revisions\/39619"}],"wp:featuredmedia":[{"embeddable":true,"href":"https:\/\/noticiasmercedinas.com\/site\/wp-json\/wp\/v2\/media\/39616"}],"wp:attachment":[{"href":"https:\/\/noticiasmercedinas.com\/site\/wp-json\/wp\/v2\/media?parent=39617"}],"wp:term":[{"taxonomy":"category","embeddable":true,"href":"https:\/\/noticiasmercedinas.com\/site\/wp-json\/wp\/v2\/categories?post=39617"},{"taxonomy":"post_tag","embeddable":true,"href":"https:\/\/noticiasmercedinas.com\/site\/wp-json\/wp\/v2\/tags?post=39617"}],"curies":[{"name":"wp","href":"https:\/\/api.w.org\/{rel}","templated":true}]}}