{"id":39800,"date":"2020-02-20T21:29:50","date_gmt":"2020-02-21T00:29:50","guid":{"rendered":"https:\/\/noticiasmercedinas.com\/site\/2020\/02\/20\/encuentro-de-trabajo-entre-fundacion-huesped-y-desarrollo-social\/"},"modified":"2020-02-20T21:29:50","modified_gmt":"2020-02-21T00:29:50","slug":"encuentro-de-trabajo-entre-fundacion-huesped-y-desarrollo-social","status":"publish","type":"post","link":"https:\/\/noticiasmercedinas.com\/site\/2020\/02\/20\/encuentro-de-trabajo-entre-fundacion-huesped-y-desarrollo-social\/","title":{"rendered":"Encuentro de trabajo entre Fundaci\u00f3n Hu\u00e9sped y Desarrollo Social"},"content":{"rendered":"<p><img loading=\"lazy\" decoding=\"async\" src=\"https:\/\/noticiasmercedinas.com\/site\/wp-content\/uploads\/2020\/02\/huesped-ds-14455013521586967238.jpeg\" class=\"wp-image-39799 alignnone size-full\" width=\"1280\" height=\"960\" srcset=\"https:\/\/noticiasmercedinas.com\/site\/wp-content\/uploads\/2020\/02\/huesped-ds-14455013521586967238.jpeg 1280w, https:\/\/noticiasmercedinas.com\/site\/wp-content\/uploads\/2020\/02\/huesped-ds-14455013521586967238-300x225.jpeg 300w, https:\/\/noticiasmercedinas.com\/site\/wp-content\/uploads\/2020\/02\/huesped-ds-14455013521586967238-1024x768.jpeg 1024w, https:\/\/noticiasmercedinas.com\/site\/wp-content\/uploads\/2020\/02\/huesped-ds-14455013521586967238-768x576.jpeg 768w, https:\/\/noticiasmercedinas.com\/site\/wp-content\/uploads\/2020\/02\/huesped-ds-14455013521586967238-80x60.jpeg 80w, https:\/\/noticiasmercedinas.com\/site\/wp-content\/uploads\/2020\/02\/huesped-ds-14455013521586967238-160x120.jpeg 160w, https:\/\/noticiasmercedinas.com\/site\/wp-content\/uploads\/2020\/02\/huesped-ds-14455013521586967238-100x75.jpeg 100w, https:\/\/noticiasmercedinas.com\/site\/wp-content\/uploads\/2020\/02\/huesped-ds-14455013521586967238-200x150.jpeg 200w, https:\/\/noticiasmercedinas.com\/site\/wp-content\/uploads\/2020\/02\/huesped-ds-14455013521586967238-180x135.jpeg 180w, https:\/\/noticiasmercedinas.com\/site\/wp-content\/uploads\/2020\/02\/huesped-ds-14455013521586967238-360x270.jpeg 360w, https:\/\/noticiasmercedinas.com\/site\/wp-content\/uploads\/2020\/02\/huesped-ds-14455013521586967238-238x178.jpeg 238w, https:\/\/noticiasmercedinas.com\/site\/wp-content\/uploads\/2020\/02\/huesped-ds-14455013521586967238-476x356.jpeg 476w, https:\/\/noticiasmercedinas.com\/site\/wp-content\/uploads\/2020\/02\/huesped-ds-14455013521586967238-640x480.jpeg 640w, https:\/\/noticiasmercedinas.com\/site\/wp-content\/uploads\/2020\/02\/huesped-ds-14455013521586967238-681x511.jpeg 681w\" sizes=\"auto, (max-width: 1280px) 100vw, 1280px\" \/><\/p>\n<p>Desde la secretar\u00eda de Desarrollo Social se contin\u00faa trabajando en la articulaci\u00f3n de tareas con diversas instituciones. En esta ocasi\u00f3n se efectu\u00f3 un valioso encuentro con Fundaci\u00f3n Hu\u00e9sped. La reuni\u00f3n se concret\u00f3 en las dependencias del ex instituto Unzu\u00e9.<\/p>\n<p>Una vez m\u00e1s se contin\u00faa trabajando en articular y efectuar acciones en beneficio de los vecinos, destacaron desde el \u00e1rea que conduce la Lic. Jorgelina Silva.<\/p>\n<p>Fue as\u00ed que se concret\u00f3 el primer encuentro contando con la participaci\u00f3n de la coordinadora de pol\u00edticas juveniles Eugenia C\u00f3dega, la directora de ni\u00f1ez Lic. Gabriela Olivella, la secretaria del \u00e1rea, y trabajadores del Servicio Local, con representantes de la Fundaci\u00f3n Hu\u00e9sped.<\/p>\n<p>Se supo que el objetivo es poder emprender acciones conjuntas y avanzar en la firma de un convenio sobre la articulaci\u00f3n de tareas entorno a ni\u00f1os y adolescentes de 10 a 14 a\u00f1os de edad visualizando y poniendo en primera plana diversas las distintas demandas y necesidades de dicha franja etaria y sus propias caracter\u00edsticas, tal cual narraron.<\/p>\n<p>Didier Oliva y Antonela Belucci estuvieron representando a Fundaci\u00f3n Hu\u00e9sped, siendo ellos parte de los equipos t\u00e9cnicos de la reconocida instituci\u00f3n.<\/p>\n","protected":false},"excerpt":{"rendered":"<p>Desde la secretar\u00eda de Desarrollo Social se contin\u00faa trabajando en la articulaci\u00f3n de tareas con diversas instituciones. En esta ocasi\u00f3n se efectu\u00f3 un valioso encuentro con Fundaci\u00f3n Hu\u00e9sped. La reuni\u00f3n se concret\u00f3 en las dependencias del ex instituto Unzu\u00e9. Una vez m\u00e1s se contin\u00faa trabajando en articular y efectuar acciones en beneficio de los vecinos, [&hellip;]<\/p>\n","protected":false},"author":2,"featured_media":39799,"comment_status":"open","ping_status":"open","sticky":false,"template":"","format":"standard","meta":{"footnotes":""},"categories":[3],"tags":[44,8334,369],"class_list":["post-39800","post","type-post","status-publish","format-standard","has-post-thumbnail","hentry","category-sociedad","tag-desarrollo-social","tag-fundacion-huesped","tag-ninez"],"yoast_head":"<!-- This site is optimized with the Yoast SEO plugin v27.5 - https:\/\/yoast.com\/product\/yoast-seo-wordpress\/ -->\n<title>Encuentro de trabajo entre Fundaci\u00f3n Hu\u00e9sped y Desarrollo Social<\/title>\n<meta name=\"robots\" content=\"index, follow, max-snippet:-1, max-image-preview:large, max-video-preview:-1\" \/>\n<link rel=\"canonical\" href=\"https:\/\/noticiasmercedinas.com\/site\/2020\/02\/20\/encuentro-de-trabajo-entre-fundacion-huesped-y-desarrollo-social\/\" \/>\n<meta property=\"og:locale\" content=\"es_ES\" \/>\n<meta property=\"og:type\" content=\"article\" \/>\n<meta property=\"og:title\" content=\"Encuentro de trabajo entre Fundaci\u00f3n Hu\u00e9sped y Desarrollo Social\" \/>\n<meta property=\"og:description\" content=\"Desde la secretar\u00eda de Desarrollo Social se contin\u00faa trabajando en la articulaci\u00f3n de tareas con diversas instituciones. En esta ocasi\u00f3n se efectu\u00f3 un valioso encuentro con Fundaci\u00f3n Hu\u00e9sped. La reuni\u00f3n se concret\u00f3 en las dependencias del ex instituto Unzu\u00e9. Una vez m\u00e1s se contin\u00faa trabajando en articular y efectuar acciones en beneficio de los vecinos, [&hellip;]\" \/>\n<meta property=\"og:url\" content=\"https:\/\/noticiasmercedinas.com\/site\/2020\/02\/20\/encuentro-de-trabajo-entre-fundacion-huesped-y-desarrollo-social\/\" \/>\n<meta property=\"og:site_name\" content=\"NOTICIASMERCEDINAS.COM\" \/>\n<meta property=\"article:publisher\" content=\"https:\/\/www.facebook.com\/noticiasmercedinas\/\" \/>\n<meta property=\"article:author\" content=\"https:\/\/www.facebook.com\/cristian.falabella\" \/>\n<meta property=\"article:published_time\" content=\"2020-02-21T00:29:50+00:00\" \/>\n<meta property=\"og:image\" content=\"https:\/\/noticiasmercedinas.com\/site\/wp-content\/uploads\/2020\/02\/huesped-ds-14455013521586967238.jpeg\" \/>\n\t<meta property=\"og:image:width\" content=\"1280\" \/>\n\t<meta property=\"og:image:height\" content=\"960\" \/>\n\t<meta property=\"og:image:type\" content=\"image\/jpeg\" \/>\n<meta name=\"author\" content=\"Cristian Falabella NOTICIASMERCEDINAS.COM\" \/>\n<meta name=\"twitter:card\" content=\"summary_large_image\" \/>\n<meta name=\"twitter:creator\" content=\"@https:\/\/twitter.com\/NOTMERCEDINAS\" \/>\n<meta name=\"twitter:site\" content=\"@notmercedinas\" \/>\n<meta name=\"twitter:label1\" content=\"Escrito por\" \/>\n\t<meta name=\"twitter:data1\" content=\"Cristian Falabella NOTICIASMERCEDINAS.COM\" \/>\n\t<meta name=\"twitter:label2\" content=\"Tiempo de lectura\" \/>\n\t<meta name=\"twitter:data2\" content=\"1 minuto\" \/>\n<script type=\"application\/ld+json\" class=\"yoast-schema-graph\">{\"@context\":\"https:\\\/\\\/schema.org\",\"@graph\":[{\"@type\":\"Article\",\"@id\":\"https:\\\/\\\/noticiasmercedinas.com\\\/site\\\/2020\\\/02\\\/20\\\/encuentro-de-trabajo-entre-fundacion-huesped-y-desarrollo-social\\\/#article\",\"isPartOf\":{\"@id\":\"https:\\\/\\\/noticiasmercedinas.com\\\/site\\\/2020\\\/02\\\/20\\\/encuentro-de-trabajo-entre-fundacion-huesped-y-desarrollo-social\\\/\"},\"author\":{\"name\":\"Cristian Falabella NOTICIASMERCEDINAS.COM\",\"@id\":\"https:\\\/\\\/noticiasmercedinas.com\\\/site\\\/#\\\/schema\\\/person\\\/d481a9696a5feaec13a60e2bbd991a6a\"},\"headline\":\"Encuentro de trabajo entre Fundaci\u00f3n Hu\u00e9sped y Desarrollo Social\",\"datePublished\":\"2020-02-21T00:29:50+00:00\",\"mainEntityOfPage\":{\"@id\":\"https:\\\/\\\/noticiasmercedinas.com\\\/site\\\/2020\\\/02\\\/20\\\/encuentro-de-trabajo-entre-fundacion-huesped-y-desarrollo-social\\\/\"},\"wordCount\":218,\"commentCount\":0,\"publisher\":{\"@id\":\"https:\\\/\\\/noticiasmercedinas.com\\\/site\\\/#organization\"},\"image\":{\"@id\":\"https:\\\/\\\/noticiasmercedinas.com\\\/site\\\/2020\\\/02\\\/20\\\/encuentro-de-trabajo-entre-fundacion-huesped-y-desarrollo-social\\\/#primaryimage\"},\"thumbnailUrl\":\"https:\\\/\\\/noticiasmercedinas.com\\\/site\\\/wp-content\\\/uploads\\\/2020\\\/02\\\/huesped-ds-14455013521586967238.jpeg\",\"keywords\":[\"desarrollo social\",\"fundaci\u00f3n Hu\u00e9sped\",\"ni\u00f1ez\"],\"articleSection\":[\"Sociedad\"],\"inLanguage\":\"es\",\"potentialAction\":[{\"@type\":\"CommentAction\",\"name\":\"Comment\",\"target\":[\"https:\\\/\\\/noticiasmercedinas.com\\\/site\\\/2020\\\/02\\\/20\\\/encuentro-de-trabajo-entre-fundacion-huesped-y-desarrollo-social\\\/#respond\"]}]},{\"@type\":\"WebPage\",\"@id\":\"https:\\\/\\\/noticiasmercedinas.com\\\/site\\\/2020\\\/02\\\/20\\\/encuentro-de-trabajo-entre-fundacion-huesped-y-desarrollo-social\\\/\",\"url\":\"https:\\\/\\\/noticiasmercedinas.com\\\/site\\\/2020\\\/02\\\/20\\\/encuentro-de-trabajo-entre-fundacion-huesped-y-desarrollo-social\\\/\",\"name\":\"Encuentro de trabajo entre Fundaci\u00f3n Hu\u00e9sped y Desarrollo Social\",\"isPartOf\":{\"@id\":\"https:\\\/\\\/noticiasmercedinas.com\\\/site\\\/#website\"},\"primaryImageOfPage\":{\"@id\":\"https:\\\/\\\/noticiasmercedinas.com\\\/site\\\/2020\\\/02\\\/20\\\/encuentro-de-trabajo-entre-fundacion-huesped-y-desarrollo-social\\\/#primaryimage\"},\"image\":{\"@id\":\"https:\\\/\\\/noticiasmercedinas.com\\\/site\\\/2020\\\/02\\\/20\\\/encuentro-de-trabajo-entre-fundacion-huesped-y-desarrollo-social\\\/#primaryimage\"},\"thumbnailUrl\":\"https:\\\/\\\/noticiasmercedinas.com\\\/site\\\/wp-content\\\/uploads\\\/2020\\\/02\\\/huesped-ds-14455013521586967238.jpeg\",\"datePublished\":\"2020-02-21T00:29:50+00:00\",\"breadcrumb\":{\"@id\":\"https:\\\/\\\/noticiasmercedinas.com\\\/site\\\/2020\\\/02\\\/20\\\/encuentro-de-trabajo-entre-fundacion-huesped-y-desarrollo-social\\\/#breadcrumb\"},\"inLanguage\":\"es\",\"potentialAction\":[{\"@type\":\"ReadAction\",\"target\":[\"https:\\\/\\\/noticiasmercedinas.com\\\/site\\\/2020\\\/02\\\/20\\\/encuentro-de-trabajo-entre-fundacion-huesped-y-desarrollo-social\\\/\"]}]},{\"@type\":\"ImageObject\",\"inLanguage\":\"es\",\"@id\":\"https:\\\/\\\/noticiasmercedinas.com\\\/site\\\/2020\\\/02\\\/20\\\/encuentro-de-trabajo-entre-fundacion-huesped-y-desarrollo-social\\\/#primaryimage\",\"url\":\"https:\\\/\\\/noticiasmercedinas.com\\\/site\\\/wp-content\\\/uploads\\\/2020\\\/02\\\/huesped-ds-14455013521586967238.jpeg\",\"contentUrl\":\"https:\\\/\\\/noticiasmercedinas.com\\\/site\\\/wp-content\\\/uploads\\\/2020\\\/02\\\/huesped-ds-14455013521586967238.jpeg\",\"width\":1280,\"height\":960},{\"@type\":\"BreadcrumbList\",\"@id\":\"https:\\\/\\\/noticiasmercedinas.com\\\/site\\\/2020\\\/02\\\/20\\\/encuentro-de-trabajo-entre-fundacion-huesped-y-desarrollo-social\\\/#breadcrumb\",\"itemListElement\":[{\"@type\":\"ListItem\",\"position\":1,\"name\":\"Portada\",\"item\":\"https:\\\/\\\/noticiasmercedinas.com\\\/site\\\/\"},{\"@type\":\"ListItem\",\"position\":2,\"name\":\"Encuentro de trabajo entre Fundaci\u00f3n Hu\u00e9sped y Desarrollo Social\"}]},{\"@type\":\"WebSite\",\"@id\":\"https:\\\/\\\/noticiasmercedinas.com\\\/site\\\/#website\",\"url\":\"https:\\\/\\\/noticiasmercedinas.com\\\/site\\\/\",\"name\":\"NOTICIASMERCEDINAS.COM\",\"description\":\"Mercedes, Buenos Aires, Argentina\",\"publisher\":{\"@id\":\"https:\\\/\\\/noticiasmercedinas.com\\\/site\\\/#organization\"},\"potentialAction\":[{\"@type\":\"SearchAction\",\"target\":{\"@type\":\"EntryPoint\",\"urlTemplate\":\"https:\\\/\\\/noticiasmercedinas.com\\\/site\\\/?s={search_term_string}\"},\"query-input\":{\"@type\":\"PropertyValueSpecification\",\"valueRequired\":true,\"valueName\":\"search_term_string\"}}],\"inLanguage\":\"es\"},{\"@type\":\"Organization\",\"@id\":\"https:\\\/\\\/noticiasmercedinas.com\\\/site\\\/#organization\",\"name\":\"NOTICIASMERCEDINAS.COM\",\"url\":\"https:\\\/\\\/noticiasmercedinas.com\\\/site\\\/\",\"logo\":{\"@type\":\"ImageObject\",\"inLanguage\":\"es\",\"@id\":\"https:\\\/\\\/noticiasmercedinas.com\\\/site\\\/#\\\/schema\\\/logo\\\/image\\\/\",\"url\":\"https:\\\/\\\/noticiasmercedinas.com\\\/site\\\/wp-content\\\/uploads\\\/2020\\\/06\\\/LOGO-512.jpg\",\"contentUrl\":\"https:\\\/\\\/noticiasmercedinas.com\\\/site\\\/wp-content\\\/uploads\\\/2020\\\/06\\\/LOGO-512.jpg\",\"width\":512,\"height\":512,\"caption\":\"NOTICIASMERCEDINAS.COM\"},\"image\":{\"@id\":\"https:\\\/\\\/noticiasmercedinas.com\\\/site\\\/#\\\/schema\\\/logo\\\/image\\\/\"},\"sameAs\":[\"https:\\\/\\\/www.facebook.com\\\/noticiasmercedinas\\\/\",\"https:\\\/\\\/x.com\\\/notmercedinas\",\"https:\\\/\\\/www.instagram.com\\\/noticiasmercedinas\\\/\"]},{\"@type\":\"Person\",\"@id\":\"https:\\\/\\\/noticiasmercedinas.com\\\/site\\\/#\\\/schema\\\/person\\\/d481a9696a5feaec13a60e2bbd991a6a\",\"name\":\"Cristian Falabella NOTICIASMERCEDINAS.COM\",\"image\":{\"@type\":\"ImageObject\",\"inLanguage\":\"es\",\"@id\":\"https:\\\/\\\/secure.gravatar.com\\\/avatar\\\/0dbbfc45970cc46bcd0e57766228574ff3511d6eed045b182f536f0f478c1f06?s=96&d=mm&r=g\",\"url\":\"https:\\\/\\\/secure.gravatar.com\\\/avatar\\\/0dbbfc45970cc46bcd0e57766228574ff3511d6eed045b182f536f0f478c1f06?s=96&d=mm&r=g\",\"contentUrl\":\"https:\\\/\\\/secure.gravatar.com\\\/avatar\\\/0dbbfc45970cc46bcd0e57766228574ff3511d6eed045b182f536f0f478c1f06?s=96&d=mm&r=g\",\"caption\":\"Cristian Falabella NOTICIASMERCEDINAS.COM\"},\"description\":\"Periodista, editor de Noticias Mercedinas. Pas\u00f3 por varias redacciones y emprendimientos de prensa, en distintos formatos y \u00e9pocas. Se especializ\u00f3 --y sigue haci\u00e9ndolo-- en comunicaci\u00f3n en la web y en junio de 2006 fund\u00f3 este diario digital.\",\"sameAs\":[\"https:\\\/\\\/noticiasmercedinas.com\",\"https:\\\/\\\/www.facebook.com\\\/cristian.falabella\",\"https:\\\/\\\/www.instagram.com\\\/noticiasmercedinas\\\/\",\"https:\\\/\\\/x.com\\\/https:\\\/\\\/twitter.com\\\/NOTMERCEDINAS\"],\"url\":\"https:\\\/\\\/noticiasmercedinas.com\\\/site\\\/author\\\/as000384\\\/\"}]}<\/script>\n<!-- \/ Yoast SEO plugin. -->","yoast_head_json":{"title":"Encuentro de trabajo entre Fundaci\u00f3n Hu\u00e9sped y Desarrollo Social","robots":{"index":"index","follow":"follow","max-snippet":"max-snippet:-1","max-image-preview":"max-image-preview:large","max-video-preview":"max-video-preview:-1"},"canonical":"https:\/\/noticiasmercedinas.com\/site\/2020\/02\/20\/encuentro-de-trabajo-entre-fundacion-huesped-y-desarrollo-social\/","og_locale":"es_ES","og_type":"article","og_title":"Encuentro de trabajo entre Fundaci\u00f3n Hu\u00e9sped y Desarrollo Social","og_description":"Desde la secretar\u00eda de Desarrollo Social se contin\u00faa trabajando en la articulaci\u00f3n de tareas con diversas instituciones. En esta ocasi\u00f3n se efectu\u00f3 un valioso encuentro con Fundaci\u00f3n Hu\u00e9sped. La reuni\u00f3n se concret\u00f3 en las dependencias del ex instituto Unzu\u00e9. Una vez m\u00e1s se contin\u00faa trabajando en articular y efectuar acciones en beneficio de los vecinos, [&hellip;]","og_url":"https:\/\/noticiasmercedinas.com\/site\/2020\/02\/20\/encuentro-de-trabajo-entre-fundacion-huesped-y-desarrollo-social\/","og_site_name":"NOTICIASMERCEDINAS.COM","article_publisher":"https:\/\/www.facebook.com\/noticiasmercedinas\/","article_author":"https:\/\/www.facebook.com\/cristian.falabella","article_published_time":"2020-02-21T00:29:50+00:00","og_image":[{"width":1280,"height":960,"url":"https:\/\/noticiasmercedinas.com\/site\/wp-content\/uploads\/2020\/02\/huesped-ds-14455013521586967238.jpeg","type":"image\/jpeg"}],"author":"Cristian Falabella NOTICIASMERCEDINAS.COM","twitter_card":"summary_large_image","twitter_creator":"@https:\/\/twitter.com\/NOTMERCEDINAS","twitter_site":"@notmercedinas","twitter_misc":{"Escrito por":"Cristian Falabella NOTICIASMERCEDINAS.COM","Tiempo de lectura":"1 minuto"},"schema":{"@context":"https:\/\/schema.org","@graph":[{"@type":"Article","@id":"https:\/\/noticiasmercedinas.com\/site\/2020\/02\/20\/encuentro-de-trabajo-entre-fundacion-huesped-y-desarrollo-social\/#article","isPartOf":{"@id":"https:\/\/noticiasmercedinas.com\/site\/2020\/02\/20\/encuentro-de-trabajo-entre-fundacion-huesped-y-desarrollo-social\/"},"author":{"name":"Cristian Falabella NOTICIASMERCEDINAS.COM","@id":"https:\/\/noticiasmercedinas.com\/site\/#\/schema\/person\/d481a9696a5feaec13a60e2bbd991a6a"},"headline":"Encuentro de trabajo entre Fundaci\u00f3n Hu\u00e9sped y Desarrollo Social","datePublished":"2020-02-21T00:29:50+00:00","mainEntityOfPage":{"@id":"https:\/\/noticiasmercedinas.com\/site\/2020\/02\/20\/encuentro-de-trabajo-entre-fundacion-huesped-y-desarrollo-social\/"},"wordCount":218,"commentCount":0,"publisher":{"@id":"https:\/\/noticiasmercedinas.com\/site\/#organization"},"image":{"@id":"https:\/\/noticiasmercedinas.com\/site\/2020\/02\/20\/encuentro-de-trabajo-entre-fundacion-huesped-y-desarrollo-social\/#primaryimage"},"thumbnailUrl":"https:\/\/noticiasmercedinas.com\/site\/wp-content\/uploads\/2020\/02\/huesped-ds-14455013521586967238.jpeg","keywords":["desarrollo social","fundaci\u00f3n Hu\u00e9sped","ni\u00f1ez"],"articleSection":["Sociedad"],"inLanguage":"es","potentialAction":[{"@type":"CommentAction","name":"Comment","target":["https:\/\/noticiasmercedinas.com\/site\/2020\/02\/20\/encuentro-de-trabajo-entre-fundacion-huesped-y-desarrollo-social\/#respond"]}]},{"@type":"WebPage","@id":"https:\/\/noticiasmercedinas.com\/site\/2020\/02\/20\/encuentro-de-trabajo-entre-fundacion-huesped-y-desarrollo-social\/","url":"https:\/\/noticiasmercedinas.com\/site\/2020\/02\/20\/encuentro-de-trabajo-entre-fundacion-huesped-y-desarrollo-social\/","name":"Encuentro de trabajo entre Fundaci\u00f3n Hu\u00e9sped y Desarrollo Social","isPartOf":{"@id":"https:\/\/noticiasmercedinas.com\/site\/#website"},"primaryImageOfPage":{"@id":"https:\/\/noticiasmercedinas.com\/site\/2020\/02\/20\/encuentro-de-trabajo-entre-fundacion-huesped-y-desarrollo-social\/#primaryimage"},"image":{"@id":"https:\/\/noticiasmercedinas.com\/site\/2020\/02\/20\/encuentro-de-trabajo-entre-fundacion-huesped-y-desarrollo-social\/#primaryimage"},"thumbnailUrl":"https:\/\/noticiasmercedinas.com\/site\/wp-content\/uploads\/2020\/02\/huesped-ds-14455013521586967238.jpeg","datePublished":"2020-02-21T00:29:50+00:00","breadcrumb":{"@id":"https:\/\/noticiasmercedinas.com\/site\/2020\/02\/20\/encuentro-de-trabajo-entre-fundacion-huesped-y-desarrollo-social\/#breadcrumb"},"inLanguage":"es","potentialAction":[{"@type":"ReadAction","target":["https:\/\/noticiasmercedinas.com\/site\/2020\/02\/20\/encuentro-de-trabajo-entre-fundacion-huesped-y-desarrollo-social\/"]}]},{"@type":"ImageObject","inLanguage":"es","@id":"https:\/\/noticiasmercedinas.com\/site\/2020\/02\/20\/encuentro-de-trabajo-entre-fundacion-huesped-y-desarrollo-social\/#primaryimage","url":"https:\/\/noticiasmercedinas.com\/site\/wp-content\/uploads\/2020\/02\/huesped-ds-14455013521586967238.jpeg","contentUrl":"https:\/\/noticiasmercedinas.com\/site\/wp-content\/uploads\/2020\/02\/huesped-ds-14455013521586967238.jpeg","width":1280,"height":960},{"@type":"BreadcrumbList","@id":"https:\/\/noticiasmercedinas.com\/site\/2020\/02\/20\/encuentro-de-trabajo-entre-fundacion-huesped-y-desarrollo-social\/#breadcrumb","itemListElement":[{"@type":"ListItem","position":1,"name":"Portada","item":"https:\/\/noticiasmercedinas.com\/site\/"},{"@type":"ListItem","position":2,"name":"Encuentro de trabajo entre Fundaci\u00f3n Hu\u00e9sped y Desarrollo Social"}]},{"@type":"WebSite","@id":"https:\/\/noticiasmercedinas.com\/site\/#website","url":"https:\/\/noticiasmercedinas.com\/site\/","name":"NOTICIASMERCEDINAS.COM","description":"Mercedes, Buenos Aires, Argentina","publisher":{"@id":"https:\/\/noticiasmercedinas.com\/site\/#organization"},"potentialAction":[{"@type":"SearchAction","target":{"@type":"EntryPoint","urlTemplate":"https:\/\/noticiasmercedinas.com\/site\/?s={search_term_string}"},"query-input":{"@type":"PropertyValueSpecification","valueRequired":true,"valueName":"search_term_string"}}],"inLanguage":"es"},{"@type":"Organization","@id":"https:\/\/noticiasmercedinas.com\/site\/#organization","name":"NOTICIASMERCEDINAS.COM","url":"https:\/\/noticiasmercedinas.com\/site\/","logo":{"@type":"ImageObject","inLanguage":"es","@id":"https:\/\/noticiasmercedinas.com\/site\/#\/schema\/logo\/image\/","url":"https:\/\/noticiasmercedinas.com\/site\/wp-content\/uploads\/2020\/06\/LOGO-512.jpg","contentUrl":"https:\/\/noticiasmercedinas.com\/site\/wp-content\/uploads\/2020\/06\/LOGO-512.jpg","width":512,"height":512,"caption":"NOTICIASMERCEDINAS.COM"},"image":{"@id":"https:\/\/noticiasmercedinas.com\/site\/#\/schema\/logo\/image\/"},"sameAs":["https:\/\/www.facebook.com\/noticiasmercedinas\/","https:\/\/x.com\/notmercedinas","https:\/\/www.instagram.com\/noticiasmercedinas\/"]},{"@type":"Person","@id":"https:\/\/noticiasmercedinas.com\/site\/#\/schema\/person\/d481a9696a5feaec13a60e2bbd991a6a","name":"Cristian Falabella NOTICIASMERCEDINAS.COM","image":{"@type":"ImageObject","inLanguage":"es","@id":"https:\/\/secure.gravatar.com\/avatar\/0dbbfc45970cc46bcd0e57766228574ff3511d6eed045b182f536f0f478c1f06?s=96&d=mm&r=g","url":"https:\/\/secure.gravatar.com\/avatar\/0dbbfc45970cc46bcd0e57766228574ff3511d6eed045b182f536f0f478c1f06?s=96&d=mm&r=g","contentUrl":"https:\/\/secure.gravatar.com\/avatar\/0dbbfc45970cc46bcd0e57766228574ff3511d6eed045b182f536f0f478c1f06?s=96&d=mm&r=g","caption":"Cristian Falabella NOTICIASMERCEDINAS.COM"},"description":"Periodista, editor de Noticias Mercedinas. Pas\u00f3 por varias redacciones y emprendimientos de prensa, en distintos formatos y \u00e9pocas. Se especializ\u00f3 --y sigue haci\u00e9ndolo-- en comunicaci\u00f3n en la web y en junio de 2006 fund\u00f3 este diario digital.","sameAs":["https:\/\/noticiasmercedinas.com","https:\/\/www.facebook.com\/cristian.falabella","https:\/\/www.instagram.com\/noticiasmercedinas\/","https:\/\/x.com\/https:\/\/twitter.com\/NOTMERCEDINAS"],"url":"https:\/\/noticiasmercedinas.com\/site\/author\/as000384\/"}]}},"amp_enabled":true,"_links":{"self":[{"href":"https:\/\/noticiasmercedinas.com\/site\/wp-json\/wp\/v2\/posts\/39800","targetHints":{"allow":["GET"]}}],"collection":[{"href":"https:\/\/noticiasmercedinas.com\/site\/wp-json\/wp\/v2\/posts"}],"about":[{"href":"https:\/\/noticiasmercedinas.com\/site\/wp-json\/wp\/v2\/types\/post"}],"author":[{"embeddable":true,"href":"https:\/\/noticiasmercedinas.com\/site\/wp-json\/wp\/v2\/users\/2"}],"replies":[{"embeddable":true,"href":"https:\/\/noticiasmercedinas.com\/site\/wp-json\/wp\/v2\/comments?post=39800"}],"version-history":[{"count":0,"href":"https:\/\/noticiasmercedinas.com\/site\/wp-json\/wp\/v2\/posts\/39800\/revisions"}],"wp:featuredmedia":[{"embeddable":true,"href":"https:\/\/noticiasmercedinas.com\/site\/wp-json\/wp\/v2\/media\/39799"}],"wp:attachment":[{"href":"https:\/\/noticiasmercedinas.com\/site\/wp-json\/wp\/v2\/media?parent=39800"}],"wp:term":[{"taxonomy":"category","embeddable":true,"href":"https:\/\/noticiasmercedinas.com\/site\/wp-json\/wp\/v2\/categories?post=39800"},{"taxonomy":"post_tag","embeddable":true,"href":"https:\/\/noticiasmercedinas.com\/site\/wp-json\/wp\/v2\/tags?post=39800"}],"curies":[{"name":"wp","href":"https:\/\/api.w.org\/{rel}","templated":true}]}}