{"id":3981,"date":"2018-10-09T12:08:41","date_gmt":"2018-10-09T15:08:41","guid":{"rendered":"https:\/\/noticiasmercedinas.com\/site\/?p=3981"},"modified":"2018-10-09T12:10:16","modified_gmt":"2018-10-09T15:10:16","slug":"fronton-velez-y-afa-con-los-punteros","status":"publish","type":"post","link":"https:\/\/noticiasmercedinas.com\/site\/2018\/10\/09\/fronton-velez-y-afa-con-los-punteros\/","title":{"rendered":"Front\u00f3n, V\u00e9lez y AFA son los punteros del femenino"},"content":{"rendered":"<p>Se jug\u00f3 para el f\u00fatbol femenino de la Liga Mercedina de F\u00fatbol una jornada completa en todas sus categor\u00edas. Con tres fechas disputadas los l\u00edderes son El Front\u00f3n en Primera divisi\u00f3n, V\u00e9lez en Sub 16 y AFA en Sub 12.<strong><br \/>\n<img loading=\"lazy\" decoding=\"async\" class=\"alignnone size-full wp-image-3982\" src=\"https:\/\/noticiasmercedinas.com\/site\/wp-content\/uploads\/2018\/10\/MERCE-PRIMERA-1.jpg\" alt=\"\" width=\"650\" height=\"401\" srcset=\"https:\/\/noticiasmercedinas.com\/site\/wp-content\/uploads\/2018\/10\/MERCE-PRIMERA-1.jpg 650w, https:\/\/noticiasmercedinas.com\/site\/wp-content\/uploads\/2018\/10\/MERCE-PRIMERA-1-300x185.jpg 300w, https:\/\/noticiasmercedinas.com\/site\/wp-content\/uploads\/2018\/10\/MERCE-PRIMERA-1-640x395.jpg 640w\" sizes=\"auto, (max-width: 650px) 100vw, 650px\" \/><br \/>\nPrimera<br \/>\nALFA 0.<\/strong><strong><br \/>\nEstudiantes 0.<\/strong><\/p>\n<p>&nbsp;<\/p>\n<p><strong style=\"font-style: inherit\">Uni\u00f3n 2:<\/strong>\u00a0Mercedes Carabajal y Bel\u00e9n Pedrazza.<br \/>\n<strong style=\"font-style: inherit\">Programa Envi\u00f3n 3:<\/strong>\u00a0Roc\u00edo Altamirada 2 y Antonella Sicca.<\/p>\n<p><strong style=\"font-style: inherit\">El Front\u00f3n 7:<\/strong>\u00a0Agustina Cejas 4, Delfina D\u00edaz y Mar\u00eda Victoria Funes 2.<br \/>\n<strong>Comunicaciones 0.<\/strong><\/p>\n<p><strong style=\"font-style: inherit\"><br \/>\nMercedes 4:<\/strong>\u00a0Aracelli Pueblas, Yanina Russo 2 y Agustina Zunino.<br \/>\n<strong style=\"font-style: inherit\">AMEFIP San Mart\u00edn 0.<br \/>\n<\/strong><br \/>\n<strong>Posiciones:<\/strong> 1\u00b0 El Front\u00f3n 9 puntos, 2\u00b0 V\u00e9lez y Mercedes 6, 4\u00b0 Estudiantes y ALFA 4, 6\u00b0 Envi\u00f3n y Uni\u00f3n 3, 8\u00b0 AMEFIP San Mart\u00edn y Comunicaciones 0 unidad.<\/p>\n<p><strong style=\"font-style: inherit\">Sub 12<\/strong><\/p>\n<p><strong style=\"font-style: inherit\">ALFA 4:\u00a0<\/strong>Clara Cerdeiro 2, Morena Garc\u00eda y Guadalupe Morgan.<br \/>\n<strong style=\"font-style: inherit\">V\u00e9lez 0.<\/strong><\/p>\n<p>&nbsp;<\/p>\n<p><strong>Comunicaciones 1.<\/strong><strong><br \/>\nEstudiantes 0.<\/strong><\/p>\n<p><strong style=\"font-style: inherit\"><br \/>\nPosiciones: <\/strong><strong>1\u00b0 V\u00e9lez 8 puntos, 2\u00b0 Defensores 7, 3\u00b0 ALFA, Estudiantes e Independiente (Capit\u00e1n Sarmiento) 6, 6\u00b0 Comunicaciones 3 unidades.<\/strong><\/p>\n<p>Sub 16<\/p>\n<p><strong style=\"font-style: inherit\">ALFA 3:<\/strong>\u00a0Serena Estevena y Mayra Iba\u00f1a 2.<br \/>\n<strong style=\"font-style: inherit\">Independiente 0.<\/strong><\/p>\n<p>&nbsp;<\/p>\n<p><strong style=\"font-style: inherit\">Defensores 1:<\/strong>\u00a0Tamara Ortubia.<br \/>\n<strong style=\"font-style: inherit\">Comunicaciones 0.<br \/>\n<\/strong><br \/>\n<strong>V\u00e9lez 0.<\/strong><strong><br \/>\nEstudiantes 0.<\/strong><\/p>\n<p><strong>Posiciones:<\/strong> 1\u00b0 ALFA 9 puntos, 2\u00b0 V\u00e9lez y Comunicaciones 6, 4\u00b0 Estudiantes 3 unidades.<\/p>\n","protected":false},"excerpt":{"rendered":"<p>Se jug\u00f3 para el f\u00fatbol femenino de la Liga Mercedina de F\u00fatbol una jornada completa en todas sus categor\u00edas. Con tres fechas disputadas los l\u00edderes son El Front\u00f3n en Primera divisi\u00f3n, V\u00e9lez en Sub 16 y AFA en Sub 12. Primera ALFA 0. Estudiantes 0. &nbsp; Uni\u00f3n 2:\u00a0Mercedes Carabajal y Bel\u00e9n Pedrazza. Programa Envi\u00f3n 3:\u00a0Roc\u00edo [&hellip;]<\/p>\n","protected":false},"author":6,"featured_media":3982,"comment_status":"open","ping_status":"open","sticky":false,"template":"","format":"standard","meta":{"footnotes":""},"categories":[5],"tags":[751],"class_list":["post-3981","post","type-post","status-publish","format-standard","has-post-thumbnail","hentry","category-deportes","tag-futbol-femenino"],"yoast_head":"<!-- This site is optimized with the Yoast SEO plugin v27.5 - https:\/\/yoast.com\/product\/yoast-seo-wordpress\/ -->\n<title>Front\u00f3n, V\u00e9lez y AFA son los punteros del femenino<\/title>\n<meta name=\"robots\" content=\"index, follow, max-snippet:-1, max-image-preview:large, max-video-preview:-1\" \/>\n<link rel=\"canonical\" href=\"https:\/\/noticiasmercedinas.com\/site\/2018\/10\/09\/fronton-velez-y-afa-con-los-punteros\/\" \/>\n<meta property=\"og:locale\" content=\"es_ES\" \/>\n<meta property=\"og:type\" content=\"article\" \/>\n<meta property=\"og:title\" content=\"Front\u00f3n, V\u00e9lez y AFA son los punteros del femenino\" \/>\n<meta property=\"og:description\" content=\"Se jug\u00f3 para el f\u00fatbol femenino de la Liga Mercedina de F\u00fatbol una jornada completa en todas sus categor\u00edas. Con tres fechas disputadas los l\u00edderes son El Front\u00f3n en Primera divisi\u00f3n, V\u00e9lez en Sub 16 y AFA en Sub 12. Primera ALFA 0. Estudiantes 0. &nbsp; Uni\u00f3n 2:\u00a0Mercedes Carabajal y Bel\u00e9n Pedrazza. Programa Envi\u00f3n 3:\u00a0Roc\u00edo [&hellip;]\" \/>\n<meta property=\"og:url\" content=\"https:\/\/noticiasmercedinas.com\/site\/2018\/10\/09\/fronton-velez-y-afa-con-los-punteros\/\" \/>\n<meta property=\"og:site_name\" content=\"NOTICIASMERCEDINAS.COM\" \/>\n<meta property=\"article:publisher\" content=\"https:\/\/www.facebook.com\/noticiasmercedinas\/\" \/>\n<meta property=\"article:published_time\" content=\"2018-10-09T15:08:41+00:00\" \/>\n<meta property=\"article:modified_time\" content=\"2018-10-09T15:10:16+00:00\" \/>\n<meta property=\"og:image\" content=\"https:\/\/noticiasmercedinas.com\/site\/wp-content\/uploads\/2018\/10\/MERCE-PRIMERA-1.jpg\" \/>\n\t<meta property=\"og:image:width\" content=\"650\" \/>\n\t<meta property=\"og:image:height\" content=\"401\" \/>\n\t<meta property=\"og:image:type\" content=\"image\/jpeg\" \/>\n<meta name=\"author\" content=\"Juan Dagnino NOTICIASMERCEDINAS.COM\" \/>\n<meta name=\"twitter:card\" content=\"summary_large_image\" \/>\n<meta name=\"twitter:creator\" content=\"@notmercedinas\" \/>\n<meta name=\"twitter:site\" content=\"@notmercedinas\" \/>\n<meta name=\"twitter:label1\" content=\"Escrito por\" \/>\n\t<meta name=\"twitter:data1\" content=\"Juan Dagnino NOTICIASMERCEDINAS.COM\" \/>\n\t<meta name=\"twitter:label2\" content=\"Tiempo de lectura\" \/>\n\t<meta name=\"twitter:data2\" content=\"1 minuto\" \/>\n<script type=\"application\/ld+json\" class=\"yoast-schema-graph\">{\"@context\":\"https:\\\/\\\/schema.org\",\"@graph\":[{\"@type\":\"Article\",\"@id\":\"https:\\\/\\\/noticiasmercedinas.com\\\/site\\\/2018\\\/10\\\/09\\\/fronton-velez-y-afa-con-los-punteros\\\/#article\",\"isPartOf\":{\"@id\":\"https:\\\/\\\/noticiasmercedinas.com\\\/site\\\/2018\\\/10\\\/09\\\/fronton-velez-y-afa-con-los-punteros\\\/\"},\"author\":{\"name\":\"Juan Dagnino NOTICIASMERCEDINAS.COM\",\"@id\":\"https:\\\/\\\/noticiasmercedinas.com\\\/site\\\/#\\\/schema\\\/person\\\/8f2f09d666ef40986eba4a5e6f2a06f9\"},\"headline\":\"Front\u00f3n, V\u00e9lez y AFA son los punteros del femenino\",\"datePublished\":\"2018-10-09T15:08:41+00:00\",\"dateModified\":\"2018-10-09T15:10:16+00:00\",\"mainEntityOfPage\":{\"@id\":\"https:\\\/\\\/noticiasmercedinas.com\\\/site\\\/2018\\\/10\\\/09\\\/fronton-velez-y-afa-con-los-punteros\\\/\"},\"wordCount\":182,\"commentCount\":0,\"publisher\":{\"@id\":\"https:\\\/\\\/noticiasmercedinas.com\\\/site\\\/#organization\"},\"image\":{\"@id\":\"https:\\\/\\\/noticiasmercedinas.com\\\/site\\\/2018\\\/10\\\/09\\\/fronton-velez-y-afa-con-los-punteros\\\/#primaryimage\"},\"thumbnailUrl\":\"https:\\\/\\\/noticiasmercedinas.com\\\/site\\\/wp-content\\\/uploads\\\/2018\\\/10\\\/MERCE-PRIMERA-1.jpg\",\"keywords\":[\"f\u00fatbol femenino\"],\"articleSection\":[\"Deportes\"],\"inLanguage\":\"es\",\"potentialAction\":[{\"@type\":\"CommentAction\",\"name\":\"Comment\",\"target\":[\"https:\\\/\\\/noticiasmercedinas.com\\\/site\\\/2018\\\/10\\\/09\\\/fronton-velez-y-afa-con-los-punteros\\\/#respond\"]}]},{\"@type\":\"WebPage\",\"@id\":\"https:\\\/\\\/noticiasmercedinas.com\\\/site\\\/2018\\\/10\\\/09\\\/fronton-velez-y-afa-con-los-punteros\\\/\",\"url\":\"https:\\\/\\\/noticiasmercedinas.com\\\/site\\\/2018\\\/10\\\/09\\\/fronton-velez-y-afa-con-los-punteros\\\/\",\"name\":\"Front\u00f3n, V\u00e9lez y AFA son los punteros del femenino\",\"isPartOf\":{\"@id\":\"https:\\\/\\\/noticiasmercedinas.com\\\/site\\\/#website\"},\"primaryImageOfPage\":{\"@id\":\"https:\\\/\\\/noticiasmercedinas.com\\\/site\\\/2018\\\/10\\\/09\\\/fronton-velez-y-afa-con-los-punteros\\\/#primaryimage\"},\"image\":{\"@id\":\"https:\\\/\\\/noticiasmercedinas.com\\\/site\\\/2018\\\/10\\\/09\\\/fronton-velez-y-afa-con-los-punteros\\\/#primaryimage\"},\"thumbnailUrl\":\"https:\\\/\\\/noticiasmercedinas.com\\\/site\\\/wp-content\\\/uploads\\\/2018\\\/10\\\/MERCE-PRIMERA-1.jpg\",\"datePublished\":\"2018-10-09T15:08:41+00:00\",\"dateModified\":\"2018-10-09T15:10:16+00:00\",\"breadcrumb\":{\"@id\":\"https:\\\/\\\/noticiasmercedinas.com\\\/site\\\/2018\\\/10\\\/09\\\/fronton-velez-y-afa-con-los-punteros\\\/#breadcrumb\"},\"inLanguage\":\"es\",\"potentialAction\":[{\"@type\":\"ReadAction\",\"target\":[\"https:\\\/\\\/noticiasmercedinas.com\\\/site\\\/2018\\\/10\\\/09\\\/fronton-velez-y-afa-con-los-punteros\\\/\"]}]},{\"@type\":\"ImageObject\",\"inLanguage\":\"es\",\"@id\":\"https:\\\/\\\/noticiasmercedinas.com\\\/site\\\/2018\\\/10\\\/09\\\/fronton-velez-y-afa-con-los-punteros\\\/#primaryimage\",\"url\":\"https:\\\/\\\/noticiasmercedinas.com\\\/site\\\/wp-content\\\/uploads\\\/2018\\\/10\\\/MERCE-PRIMERA-1.jpg\",\"contentUrl\":\"https:\\\/\\\/noticiasmercedinas.com\\\/site\\\/wp-content\\\/uploads\\\/2018\\\/10\\\/MERCE-PRIMERA-1.jpg\",\"width\":650,\"height\":401},{\"@type\":\"BreadcrumbList\",\"@id\":\"https:\\\/\\\/noticiasmercedinas.com\\\/site\\\/2018\\\/10\\\/09\\\/fronton-velez-y-afa-con-los-punteros\\\/#breadcrumb\",\"itemListElement\":[{\"@type\":\"ListItem\",\"position\":1,\"name\":\"Portada\",\"item\":\"https:\\\/\\\/noticiasmercedinas.com\\\/site\\\/\"},{\"@type\":\"ListItem\",\"position\":2,\"name\":\"Front\u00f3n, V\u00e9lez y AFA son los punteros del femenino\"}]},{\"@type\":\"WebSite\",\"@id\":\"https:\\\/\\\/noticiasmercedinas.com\\\/site\\\/#website\",\"url\":\"https:\\\/\\\/noticiasmercedinas.com\\\/site\\\/\",\"name\":\"NOTICIASMERCEDINAS.COM\",\"description\":\"Mercedes, Buenos Aires, Argentina\",\"publisher\":{\"@id\":\"https:\\\/\\\/noticiasmercedinas.com\\\/site\\\/#organization\"},\"potentialAction\":[{\"@type\":\"SearchAction\",\"target\":{\"@type\":\"EntryPoint\",\"urlTemplate\":\"https:\\\/\\\/noticiasmercedinas.com\\\/site\\\/?s={search_term_string}\"},\"query-input\":{\"@type\":\"PropertyValueSpecification\",\"valueRequired\":true,\"valueName\":\"search_term_string\"}}],\"inLanguage\":\"es\"},{\"@type\":\"Organization\",\"@id\":\"https:\\\/\\\/noticiasmercedinas.com\\\/site\\\/#organization\",\"name\":\"NOTICIASMERCEDINAS.COM\",\"url\":\"https:\\\/\\\/noticiasmercedinas.com\\\/site\\\/\",\"logo\":{\"@type\":\"ImageObject\",\"inLanguage\":\"es\",\"@id\":\"https:\\\/\\\/noticiasmercedinas.com\\\/site\\\/#\\\/schema\\\/logo\\\/image\\\/\",\"url\":\"https:\\\/\\\/noticiasmercedinas.com\\\/site\\\/wp-content\\\/uploads\\\/2020\\\/06\\\/LOGO-512.jpg\",\"contentUrl\":\"https:\\\/\\\/noticiasmercedinas.com\\\/site\\\/wp-content\\\/uploads\\\/2020\\\/06\\\/LOGO-512.jpg\",\"width\":512,\"height\":512,\"caption\":\"NOTICIASMERCEDINAS.COM\"},\"image\":{\"@id\":\"https:\\\/\\\/noticiasmercedinas.com\\\/site\\\/#\\\/schema\\\/logo\\\/image\\\/\"},\"sameAs\":[\"https:\\\/\\\/www.facebook.com\\\/noticiasmercedinas\\\/\",\"https:\\\/\\\/x.com\\\/notmercedinas\",\"https:\\\/\\\/www.instagram.com\\\/noticiasmercedinas\\\/\"]},{\"@type\":\"Person\",\"@id\":\"https:\\\/\\\/noticiasmercedinas.com\\\/site\\\/#\\\/schema\\\/person\\\/8f2f09d666ef40986eba4a5e6f2a06f9\",\"name\":\"Juan Dagnino NOTICIASMERCEDINAS.COM\",\"image\":{\"@type\":\"ImageObject\",\"inLanguage\":\"es\",\"@id\":\"https:\\\/\\\/secure.gravatar.com\\\/avatar\\\/fc7059a769f5a3cae65fadb228a3e4accf3a64b4b2305020d0a27e6d5333c91b?s=96&d=mm&r=g\",\"url\":\"https:\\\/\\\/secure.gravatar.com\\\/avatar\\\/fc7059a769f5a3cae65fadb228a3e4accf3a64b4b2305020d0a27e6d5333c91b?s=96&d=mm&r=g\",\"contentUrl\":\"https:\\\/\\\/secure.gravatar.com\\\/avatar\\\/fc7059a769f5a3cae65fadb228a3e4accf3a64b4b2305020d0a27e6d5333c91b?s=96&d=mm&r=g\",\"caption\":\"Juan Dagnino NOTICIASMERCEDINAS.COM\"},\"url\":\"https:\\\/\\\/noticiasmercedinas.com\\\/site\\\/author\\\/juandagnino\\\/\"}]}<\/script>\n<!-- \/ Yoast SEO plugin. -->","yoast_head_json":{"title":"Front\u00f3n, V\u00e9lez y AFA son los punteros del femenino","robots":{"index":"index","follow":"follow","max-snippet":"max-snippet:-1","max-image-preview":"max-image-preview:large","max-video-preview":"max-video-preview:-1"},"canonical":"https:\/\/noticiasmercedinas.com\/site\/2018\/10\/09\/fronton-velez-y-afa-con-los-punteros\/","og_locale":"es_ES","og_type":"article","og_title":"Front\u00f3n, V\u00e9lez y AFA son los punteros del femenino","og_description":"Se jug\u00f3 para el f\u00fatbol femenino de la Liga Mercedina de F\u00fatbol una jornada completa en todas sus categor\u00edas. Con tres fechas disputadas los l\u00edderes son El Front\u00f3n en Primera divisi\u00f3n, V\u00e9lez en Sub 16 y AFA en Sub 12. Primera ALFA 0. Estudiantes 0. &nbsp; Uni\u00f3n 2:\u00a0Mercedes Carabajal y Bel\u00e9n Pedrazza. Programa Envi\u00f3n 3:\u00a0Roc\u00edo [&hellip;]","og_url":"https:\/\/noticiasmercedinas.com\/site\/2018\/10\/09\/fronton-velez-y-afa-con-los-punteros\/","og_site_name":"NOTICIASMERCEDINAS.COM","article_publisher":"https:\/\/www.facebook.com\/noticiasmercedinas\/","article_published_time":"2018-10-09T15:08:41+00:00","article_modified_time":"2018-10-09T15:10:16+00:00","og_image":[{"width":650,"height":401,"url":"https:\/\/noticiasmercedinas.com\/site\/wp-content\/uploads\/2018\/10\/MERCE-PRIMERA-1.jpg","type":"image\/jpeg"}],"author":"Juan Dagnino NOTICIASMERCEDINAS.COM","twitter_card":"summary_large_image","twitter_creator":"@notmercedinas","twitter_site":"@notmercedinas","twitter_misc":{"Escrito por":"Juan Dagnino NOTICIASMERCEDINAS.COM","Tiempo de lectura":"1 minuto"},"schema":{"@context":"https:\/\/schema.org","@graph":[{"@type":"Article","@id":"https:\/\/noticiasmercedinas.com\/site\/2018\/10\/09\/fronton-velez-y-afa-con-los-punteros\/#article","isPartOf":{"@id":"https:\/\/noticiasmercedinas.com\/site\/2018\/10\/09\/fronton-velez-y-afa-con-los-punteros\/"},"author":{"name":"Juan Dagnino NOTICIASMERCEDINAS.COM","@id":"https:\/\/noticiasmercedinas.com\/site\/#\/schema\/person\/8f2f09d666ef40986eba4a5e6f2a06f9"},"headline":"Front\u00f3n, V\u00e9lez y AFA son los punteros del femenino","datePublished":"2018-10-09T15:08:41+00:00","dateModified":"2018-10-09T15:10:16+00:00","mainEntityOfPage":{"@id":"https:\/\/noticiasmercedinas.com\/site\/2018\/10\/09\/fronton-velez-y-afa-con-los-punteros\/"},"wordCount":182,"commentCount":0,"publisher":{"@id":"https:\/\/noticiasmercedinas.com\/site\/#organization"},"image":{"@id":"https:\/\/noticiasmercedinas.com\/site\/2018\/10\/09\/fronton-velez-y-afa-con-los-punteros\/#primaryimage"},"thumbnailUrl":"https:\/\/noticiasmercedinas.com\/site\/wp-content\/uploads\/2018\/10\/MERCE-PRIMERA-1.jpg","keywords":["f\u00fatbol femenino"],"articleSection":["Deportes"],"inLanguage":"es","potentialAction":[{"@type":"CommentAction","name":"Comment","target":["https:\/\/noticiasmercedinas.com\/site\/2018\/10\/09\/fronton-velez-y-afa-con-los-punteros\/#respond"]}]},{"@type":"WebPage","@id":"https:\/\/noticiasmercedinas.com\/site\/2018\/10\/09\/fronton-velez-y-afa-con-los-punteros\/","url":"https:\/\/noticiasmercedinas.com\/site\/2018\/10\/09\/fronton-velez-y-afa-con-los-punteros\/","name":"Front\u00f3n, V\u00e9lez y AFA son los punteros del femenino","isPartOf":{"@id":"https:\/\/noticiasmercedinas.com\/site\/#website"},"primaryImageOfPage":{"@id":"https:\/\/noticiasmercedinas.com\/site\/2018\/10\/09\/fronton-velez-y-afa-con-los-punteros\/#primaryimage"},"image":{"@id":"https:\/\/noticiasmercedinas.com\/site\/2018\/10\/09\/fronton-velez-y-afa-con-los-punteros\/#primaryimage"},"thumbnailUrl":"https:\/\/noticiasmercedinas.com\/site\/wp-content\/uploads\/2018\/10\/MERCE-PRIMERA-1.jpg","datePublished":"2018-10-09T15:08:41+00:00","dateModified":"2018-10-09T15:10:16+00:00","breadcrumb":{"@id":"https:\/\/noticiasmercedinas.com\/site\/2018\/10\/09\/fronton-velez-y-afa-con-los-punteros\/#breadcrumb"},"inLanguage":"es","potentialAction":[{"@type":"ReadAction","target":["https:\/\/noticiasmercedinas.com\/site\/2018\/10\/09\/fronton-velez-y-afa-con-los-punteros\/"]}]},{"@type":"ImageObject","inLanguage":"es","@id":"https:\/\/noticiasmercedinas.com\/site\/2018\/10\/09\/fronton-velez-y-afa-con-los-punteros\/#primaryimage","url":"https:\/\/noticiasmercedinas.com\/site\/wp-content\/uploads\/2018\/10\/MERCE-PRIMERA-1.jpg","contentUrl":"https:\/\/noticiasmercedinas.com\/site\/wp-content\/uploads\/2018\/10\/MERCE-PRIMERA-1.jpg","width":650,"height":401},{"@type":"BreadcrumbList","@id":"https:\/\/noticiasmercedinas.com\/site\/2018\/10\/09\/fronton-velez-y-afa-con-los-punteros\/#breadcrumb","itemListElement":[{"@type":"ListItem","position":1,"name":"Portada","item":"https:\/\/noticiasmercedinas.com\/site\/"},{"@type":"ListItem","position":2,"name":"Front\u00f3n, V\u00e9lez y AFA son los punteros del femenino"}]},{"@type":"WebSite","@id":"https:\/\/noticiasmercedinas.com\/site\/#website","url":"https:\/\/noticiasmercedinas.com\/site\/","name":"NOTICIASMERCEDINAS.COM","description":"Mercedes, Buenos Aires, Argentina","publisher":{"@id":"https:\/\/noticiasmercedinas.com\/site\/#organization"},"potentialAction":[{"@type":"SearchAction","target":{"@type":"EntryPoint","urlTemplate":"https:\/\/noticiasmercedinas.com\/site\/?s={search_term_string}"},"query-input":{"@type":"PropertyValueSpecification","valueRequired":true,"valueName":"search_term_string"}}],"inLanguage":"es"},{"@type":"Organization","@id":"https:\/\/noticiasmercedinas.com\/site\/#organization","name":"NOTICIASMERCEDINAS.COM","url":"https:\/\/noticiasmercedinas.com\/site\/","logo":{"@type":"ImageObject","inLanguage":"es","@id":"https:\/\/noticiasmercedinas.com\/site\/#\/schema\/logo\/image\/","url":"https:\/\/noticiasmercedinas.com\/site\/wp-content\/uploads\/2020\/06\/LOGO-512.jpg","contentUrl":"https:\/\/noticiasmercedinas.com\/site\/wp-content\/uploads\/2020\/06\/LOGO-512.jpg","width":512,"height":512,"caption":"NOTICIASMERCEDINAS.COM"},"image":{"@id":"https:\/\/noticiasmercedinas.com\/site\/#\/schema\/logo\/image\/"},"sameAs":["https:\/\/www.facebook.com\/noticiasmercedinas\/","https:\/\/x.com\/notmercedinas","https:\/\/www.instagram.com\/noticiasmercedinas\/"]},{"@type":"Person","@id":"https:\/\/noticiasmercedinas.com\/site\/#\/schema\/person\/8f2f09d666ef40986eba4a5e6f2a06f9","name":"Juan Dagnino NOTICIASMERCEDINAS.COM","image":{"@type":"ImageObject","inLanguage":"es","@id":"https:\/\/secure.gravatar.com\/avatar\/fc7059a769f5a3cae65fadb228a3e4accf3a64b4b2305020d0a27e6d5333c91b?s=96&d=mm&r=g","url":"https:\/\/secure.gravatar.com\/avatar\/fc7059a769f5a3cae65fadb228a3e4accf3a64b4b2305020d0a27e6d5333c91b?s=96&d=mm&r=g","contentUrl":"https:\/\/secure.gravatar.com\/avatar\/fc7059a769f5a3cae65fadb228a3e4accf3a64b4b2305020d0a27e6d5333c91b?s=96&d=mm&r=g","caption":"Juan Dagnino NOTICIASMERCEDINAS.COM"},"url":"https:\/\/noticiasmercedinas.com\/site\/author\/juandagnino\/"}]}},"amp_enabled":true,"_links":{"self":[{"href":"https:\/\/noticiasmercedinas.com\/site\/wp-json\/wp\/v2\/posts\/3981","targetHints":{"allow":["GET"]}}],"collection":[{"href":"https:\/\/noticiasmercedinas.com\/site\/wp-json\/wp\/v2\/posts"}],"about":[{"href":"https:\/\/noticiasmercedinas.com\/site\/wp-json\/wp\/v2\/types\/post"}],"author":[{"embeddable":true,"href":"https:\/\/noticiasmercedinas.com\/site\/wp-json\/wp\/v2\/users\/6"}],"replies":[{"embeddable":true,"href":"https:\/\/noticiasmercedinas.com\/site\/wp-json\/wp\/v2\/comments?post=3981"}],"version-history":[{"count":2,"href":"https:\/\/noticiasmercedinas.com\/site\/wp-json\/wp\/v2\/posts\/3981\/revisions"}],"predecessor-version":[{"id":3984,"href":"https:\/\/noticiasmercedinas.com\/site\/wp-json\/wp\/v2\/posts\/3981\/revisions\/3984"}],"wp:featuredmedia":[{"embeddable":true,"href":"https:\/\/noticiasmercedinas.com\/site\/wp-json\/wp\/v2\/media\/3982"}],"wp:attachment":[{"href":"https:\/\/noticiasmercedinas.com\/site\/wp-json\/wp\/v2\/media?parent=3981"}],"wp:term":[{"taxonomy":"category","embeddable":true,"href":"https:\/\/noticiasmercedinas.com\/site\/wp-json\/wp\/v2\/categories?post=3981"},{"taxonomy":"post_tag","embeddable":true,"href":"https:\/\/noticiasmercedinas.com\/site\/wp-json\/wp\/v2\/tags?post=3981"}],"curies":[{"name":"wp","href":"https:\/\/api.w.org\/{rel}","templated":true}]}}