{"id":3988,"date":"2018-10-09T12:59:14","date_gmt":"2018-10-09T15:59:14","guid":{"rendered":"https:\/\/noticiasmercedinas.com\/site\/?p=3988"},"modified":"2018-10-09T13:09:34","modified_gmt":"2018-10-09T16:09:34","slug":"abren-concurso-de-escultura-por-las-victimas-de-transito","status":"publish","type":"post","link":"https:\/\/noticiasmercedinas.com\/site\/2018\/10\/09\/abren-concurso-de-escultura-por-las-victimas-de-transito\/","title":{"rendered":"Abren Concurso de Escultura por las V\u00edctimas de Tr\u00e1nsito"},"content":{"rendered":"<p><b>Los interesados pueden inscribirse y retirar las bases en la Direcci\u00f3n de Cultura y Educaci\u00f3n hasta el 26 de octubre. La obra ganadora ser\u00e1 emplazada en la plaza Rivadavia en 2019.<\/b><\/p>\n<p><a href=\"https:\/\/noticiasmercedinas.com\/site\/wp-content\/uploads\/2018\/10\/estrella_amarilla_plaza_512x400a.jpg\"><img loading=\"lazy\" decoding=\"async\" class=\"alignnone wp-image-3989\" src=\"https:\/\/noticiasmercedinas.com\/site\/wp-content\/uploads\/2018\/10\/estrella_amarilla_plaza_512x400a.jpg\" alt=\"\" width=\"640\" height=\"500\" srcset=\"https:\/\/noticiasmercedinas.com\/site\/wp-content\/uploads\/2018\/10\/estrella_amarilla_plaza_512x400a.jpg 512w, https:\/\/noticiasmercedinas.com\/site\/wp-content\/uploads\/2018\/10\/estrella_amarilla_plaza_512x400a-300x234.jpg 300w, https:\/\/noticiasmercedinas.com\/site\/wp-content\/uploads\/2018\/10\/estrella_amarilla_plaza_512x400a-511x400.jpg 511w\" sizes=\"auto, (max-width: 640px) 100vw, 640px\" \/><\/a><\/p>\n<p>Ya est\u00e1 abierta la inscripci\u00f3n para el Concurso Municipal de Escultura \u201cCompromiso y Memoria por las V\u00edctimas de Tr\u00e1nsito\u201d, que convoca a arquitectos, escultores, artistas pl\u00e1sticos, escuelas de arte o grupos de artistas mayores de edad d ella ciudad de Mercedes.<\/p>\n<p>La entrega de bases y condiciones se realizar\u00e1 hasta el 26 de octubre en la Direcci\u00f3n de Cultura y Educaci\u00f3n, calle 27 entre 24 y 26 (primer piso del Teatro \u201cJulio C\u00e9sar Gioscio\u201d). La recepci\u00f3n de proyectos ser\u00e1 desde el 29 de octubre hasta el 16 de noviembre a las 12 horas.<\/p>\n<p>Est\u00e1 previsto que entre el 20 y el 28 de noviembre se expida el Jurado y el 30 de noviembre se concrete la adjudicaci\u00f3n oficial del Premio. La obra ganadora ser\u00e1 inaugurada el 10 de junio de 2019, ubicada en la plaza Rivadavia, en calles 22 y 15, y su autor recibir\u00e1 un premio en efectivo.<\/p>\n<p>La actividad fue presentada este martes en el despacho comunal junto a Nancy Okos, Ana Torres y referentes de Estrellas Amarillas, quienes destacaron el apoyo del municipio en todo lo que llevan a cabo bajo la consigna de transformar el dolor y unir a familiares de v\u00edctimas de accidentes viales, en pos de la prevenci\u00f3n y la educaci\u00f3n.<\/p>\n<p>Torres destac\u00f3 el car\u00e1cter \u00absimb\u00f3lico\u00bb del espacio elegido, la plaza Rivadavia. \u00abAll\u00ed nos comenzamos a reunir y se puso nuestra primera estrella\u00bb, dijo.<\/p>\n<p>Puede solicitarse m\u00e1s informaci\u00f3n sobre este concurso al tel\u00e9fono 02324 431907 o al correo electr\u00f3nico <a href=\"mailto:cultura@mercedes.gob.ar\">cultura@mercedes.gob.ar<\/a>. Participan de la iniciativa el Municipio de Mercedes, la Asociaci\u00f3n Civil \u201cTecpremer\u201d y el Grupo \u201cEstrellas Amarillas\u201d de Mercedes.<\/p>\n<p>&nbsp;<\/p>\n","protected":false},"excerpt":{"rendered":"<p>Los interesados pueden inscribirse y retirar las bases en la Direcci\u00f3n de Cultura y Educaci\u00f3n hasta el 26 de octubre. La obra ganadora ser\u00e1 emplazada en la plaza Rivadavia en 2019. Ya est\u00e1 abierta la inscripci\u00f3n para el Concurso Municipal de Escultura \u201cCompromiso y Memoria por las V\u00edctimas de Tr\u00e1nsito\u201d, que convoca a arquitectos, escultores, [&hellip;]<\/p>\n","protected":false},"author":3,"featured_media":3989,"comment_status":"open","ping_status":"open","sticky":false,"template":"","format":"standard","meta":{"footnotes":""},"categories":[4],"tags":[190,1288,1290,1289,436],"class_list":["post-3988","post","type-post","status-publish","format-standard","has-post-thumbnail","hentry","category-cultura","tag-arte","tag-escultura","tag-estrellas-amarillas","tag-siniestros-viales","tag-transito"],"yoast_head":"<!-- This site is optimized with the Yoast SEO plugin v27.5 - https:\/\/yoast.com\/product\/yoast-seo-wordpress\/ -->\n<title>Abren Concurso de Escultura por las V\u00edctimas de Tr\u00e1nsito<\/title>\n<meta name=\"robots\" content=\"index, follow, max-snippet:-1, max-image-preview:large, max-video-preview:-1\" \/>\n<link rel=\"canonical\" href=\"https:\/\/noticiasmercedinas.com\/site\/2018\/10\/09\/abren-concurso-de-escultura-por-las-victimas-de-transito\/\" \/>\n<meta property=\"og:locale\" content=\"es_ES\" \/>\n<meta property=\"og:type\" content=\"article\" \/>\n<meta property=\"og:title\" content=\"Abren Concurso de Escultura por las V\u00edctimas de Tr\u00e1nsito\" \/>\n<meta property=\"og:description\" content=\"Los interesados pueden inscribirse y retirar las bases en la Direcci\u00f3n de Cultura y Educaci\u00f3n hasta el 26 de octubre. La obra ganadora ser\u00e1 emplazada en la plaza Rivadavia en 2019. Ya est\u00e1 abierta la inscripci\u00f3n para el Concurso Municipal de Escultura \u201cCompromiso y Memoria por las V\u00edctimas de Tr\u00e1nsito\u201d, que convoca a arquitectos, escultores, [&hellip;]\" \/>\n<meta property=\"og:url\" content=\"https:\/\/noticiasmercedinas.com\/site\/2018\/10\/09\/abren-concurso-de-escultura-por-las-victimas-de-transito\/\" \/>\n<meta property=\"og:site_name\" content=\"NOTICIASMERCEDINAS.COM\" \/>\n<meta property=\"article:publisher\" content=\"https:\/\/www.facebook.com\/noticiasmercedinas\/\" \/>\n<meta property=\"article:published_time\" content=\"2018-10-09T15:59:14+00:00\" \/>\n<meta property=\"article:modified_time\" content=\"2018-10-09T16:09:34+00:00\" \/>\n<meta property=\"og:image\" content=\"https:\/\/noticiasmercedinas.com\/site\/wp-content\/uploads\/2018\/10\/estrella_amarilla_plaza_512x400a.jpg\" \/>\n\t<meta property=\"og:image:width\" content=\"512\" \/>\n\t<meta property=\"og:image:height\" content=\"400\" \/>\n\t<meta property=\"og:image:type\" content=\"image\/jpeg\" \/>\n<meta name=\"author\" content=\"Adrian Terrizzano NOTICIASMERCEDINAS.COM\" \/>\n<meta name=\"twitter:card\" content=\"summary_large_image\" \/>\n<meta name=\"twitter:creator\" content=\"@https:\/\/twitter.com\/AdrianTerri\" \/>\n<meta name=\"twitter:site\" content=\"@notmercedinas\" \/>\n<meta name=\"twitter:label1\" content=\"Escrito por\" \/>\n\t<meta name=\"twitter:data1\" content=\"Adrian Terrizzano NOTICIASMERCEDINAS.COM\" \/>\n\t<meta name=\"twitter:label2\" content=\"Tiempo de lectura\" \/>\n\t<meta name=\"twitter:data2\" content=\"2 minutos\" \/>\n<script type=\"application\/ld+json\" class=\"yoast-schema-graph\">{\"@context\":\"https:\\\/\\\/schema.org\",\"@graph\":[{\"@type\":\"Article\",\"@id\":\"https:\\\/\\\/noticiasmercedinas.com\\\/site\\\/2018\\\/10\\\/09\\\/abren-concurso-de-escultura-por-las-victimas-de-transito\\\/#article\",\"isPartOf\":{\"@id\":\"https:\\\/\\\/noticiasmercedinas.com\\\/site\\\/2018\\\/10\\\/09\\\/abren-concurso-de-escultura-por-las-victimas-de-transito\\\/\"},\"author\":{\"name\":\"Adrian Terrizzano NOTICIASMERCEDINAS.COM\",\"@id\":\"https:\\\/\\\/noticiasmercedinas.com\\\/site\\\/#\\\/schema\\\/person\\\/45cbccca776c0c5524a6d2a8f1b04acd\"},\"headline\":\"Abren Concurso de Escultura por las V\u00edctimas de Tr\u00e1nsito\",\"datePublished\":\"2018-10-09T15:59:14+00:00\",\"dateModified\":\"2018-10-09T16:09:34+00:00\",\"mainEntityOfPage\":{\"@id\":\"https:\\\/\\\/noticiasmercedinas.com\\\/site\\\/2018\\\/10\\\/09\\\/abren-concurso-de-escultura-por-las-victimas-de-transito\\\/\"},\"wordCount\":314,\"commentCount\":0,\"publisher\":{\"@id\":\"https:\\\/\\\/noticiasmercedinas.com\\\/site\\\/#organization\"},\"image\":{\"@id\":\"https:\\\/\\\/noticiasmercedinas.com\\\/site\\\/2018\\\/10\\\/09\\\/abren-concurso-de-escultura-por-las-victimas-de-transito\\\/#primaryimage\"},\"thumbnailUrl\":\"https:\\\/\\\/noticiasmercedinas.com\\\/site\\\/wp-content\\\/uploads\\\/2018\\\/10\\\/estrella_amarilla_plaza_512x400a.jpg\",\"keywords\":[\"arte\",\"escultura\",\"estrellas amarillas\",\"siniestros viales\",\"transito\"],\"articleSection\":[\"Cultura\"],\"inLanguage\":\"es\",\"potentialAction\":[{\"@type\":\"CommentAction\",\"name\":\"Comment\",\"target\":[\"https:\\\/\\\/noticiasmercedinas.com\\\/site\\\/2018\\\/10\\\/09\\\/abren-concurso-de-escultura-por-las-victimas-de-transito\\\/#respond\"]}]},{\"@type\":\"WebPage\",\"@id\":\"https:\\\/\\\/noticiasmercedinas.com\\\/site\\\/2018\\\/10\\\/09\\\/abren-concurso-de-escultura-por-las-victimas-de-transito\\\/\",\"url\":\"https:\\\/\\\/noticiasmercedinas.com\\\/site\\\/2018\\\/10\\\/09\\\/abren-concurso-de-escultura-por-las-victimas-de-transito\\\/\",\"name\":\"Abren Concurso de Escultura por las V\u00edctimas de Tr\u00e1nsito\",\"isPartOf\":{\"@id\":\"https:\\\/\\\/noticiasmercedinas.com\\\/site\\\/#website\"},\"primaryImageOfPage\":{\"@id\":\"https:\\\/\\\/noticiasmercedinas.com\\\/site\\\/2018\\\/10\\\/09\\\/abren-concurso-de-escultura-por-las-victimas-de-transito\\\/#primaryimage\"},\"image\":{\"@id\":\"https:\\\/\\\/noticiasmercedinas.com\\\/site\\\/2018\\\/10\\\/09\\\/abren-concurso-de-escultura-por-las-victimas-de-transito\\\/#primaryimage\"},\"thumbnailUrl\":\"https:\\\/\\\/noticiasmercedinas.com\\\/site\\\/wp-content\\\/uploads\\\/2018\\\/10\\\/estrella_amarilla_plaza_512x400a.jpg\",\"datePublished\":\"2018-10-09T15:59:14+00:00\",\"dateModified\":\"2018-10-09T16:09:34+00:00\",\"breadcrumb\":{\"@id\":\"https:\\\/\\\/noticiasmercedinas.com\\\/site\\\/2018\\\/10\\\/09\\\/abren-concurso-de-escultura-por-las-victimas-de-transito\\\/#breadcrumb\"},\"inLanguage\":\"es\",\"potentialAction\":[{\"@type\":\"ReadAction\",\"target\":[\"https:\\\/\\\/noticiasmercedinas.com\\\/site\\\/2018\\\/10\\\/09\\\/abren-concurso-de-escultura-por-las-victimas-de-transito\\\/\"]}]},{\"@type\":\"ImageObject\",\"inLanguage\":\"es\",\"@id\":\"https:\\\/\\\/noticiasmercedinas.com\\\/site\\\/2018\\\/10\\\/09\\\/abren-concurso-de-escultura-por-las-victimas-de-transito\\\/#primaryimage\",\"url\":\"https:\\\/\\\/noticiasmercedinas.com\\\/site\\\/wp-content\\\/uploads\\\/2018\\\/10\\\/estrella_amarilla_plaza_512x400a.jpg\",\"contentUrl\":\"https:\\\/\\\/noticiasmercedinas.com\\\/site\\\/wp-content\\\/uploads\\\/2018\\\/10\\\/estrella_amarilla_plaza_512x400a.jpg\",\"width\":512,\"height\":400},{\"@type\":\"BreadcrumbList\",\"@id\":\"https:\\\/\\\/noticiasmercedinas.com\\\/site\\\/2018\\\/10\\\/09\\\/abren-concurso-de-escultura-por-las-victimas-de-transito\\\/#breadcrumb\",\"itemListElement\":[{\"@type\":\"ListItem\",\"position\":1,\"name\":\"Portada\",\"item\":\"https:\\\/\\\/noticiasmercedinas.com\\\/site\\\/\"},{\"@type\":\"ListItem\",\"position\":2,\"name\":\"Abren Concurso de Escultura por las V\u00edctimas de Tr\u00e1nsito\"}]},{\"@type\":\"WebSite\",\"@id\":\"https:\\\/\\\/noticiasmercedinas.com\\\/site\\\/#website\",\"url\":\"https:\\\/\\\/noticiasmercedinas.com\\\/site\\\/\",\"name\":\"NOTICIASMERCEDINAS.COM\",\"description\":\"Mercedes, Buenos Aires, Argentina\",\"publisher\":{\"@id\":\"https:\\\/\\\/noticiasmercedinas.com\\\/site\\\/#organization\"},\"potentialAction\":[{\"@type\":\"SearchAction\",\"target\":{\"@type\":\"EntryPoint\",\"urlTemplate\":\"https:\\\/\\\/noticiasmercedinas.com\\\/site\\\/?s={search_term_string}\"},\"query-input\":{\"@type\":\"PropertyValueSpecification\",\"valueRequired\":true,\"valueName\":\"search_term_string\"}}],\"inLanguage\":\"es\"},{\"@type\":\"Organization\",\"@id\":\"https:\\\/\\\/noticiasmercedinas.com\\\/site\\\/#organization\",\"name\":\"NOTICIASMERCEDINAS.COM\",\"url\":\"https:\\\/\\\/noticiasmercedinas.com\\\/site\\\/\",\"logo\":{\"@type\":\"ImageObject\",\"inLanguage\":\"es\",\"@id\":\"https:\\\/\\\/noticiasmercedinas.com\\\/site\\\/#\\\/schema\\\/logo\\\/image\\\/\",\"url\":\"https:\\\/\\\/noticiasmercedinas.com\\\/site\\\/wp-content\\\/uploads\\\/2020\\\/06\\\/LOGO-512.jpg\",\"contentUrl\":\"https:\\\/\\\/noticiasmercedinas.com\\\/site\\\/wp-content\\\/uploads\\\/2020\\\/06\\\/LOGO-512.jpg\",\"width\":512,\"height\":512,\"caption\":\"NOTICIASMERCEDINAS.COM\"},\"image\":{\"@id\":\"https:\\\/\\\/noticiasmercedinas.com\\\/site\\\/#\\\/schema\\\/logo\\\/image\\\/\"},\"sameAs\":[\"https:\\\/\\\/www.facebook.com\\\/noticiasmercedinas\\\/\",\"https:\\\/\\\/x.com\\\/notmercedinas\",\"https:\\\/\\\/www.instagram.com\\\/noticiasmercedinas\\\/\"]},{\"@type\":\"Person\",\"@id\":\"https:\\\/\\\/noticiasmercedinas.com\\\/site\\\/#\\\/schema\\\/person\\\/45cbccca776c0c5524a6d2a8f1b04acd\",\"name\":\"Adrian Terrizzano NOTICIASMERCEDINAS.COM\",\"image\":{\"@type\":\"ImageObject\",\"inLanguage\":\"es\",\"@id\":\"https:\\\/\\\/secure.gravatar.com\\\/avatar\\\/9bfd6dcfcf5cc28d74f7cefd9e87a6220d73f42949c5456b2b67674334db8bee?s=96&d=mm&r=g\",\"url\":\"https:\\\/\\\/secure.gravatar.com\\\/avatar\\\/9bfd6dcfcf5cc28d74f7cefd9e87a6220d73f42949c5456b2b67674334db8bee?s=96&d=mm&r=g\",\"contentUrl\":\"https:\\\/\\\/secure.gravatar.com\\\/avatar\\\/9bfd6dcfcf5cc28d74f7cefd9e87a6220d73f42949c5456b2b67674334db8bee?s=96&d=mm&r=g\",\"caption\":\"Adrian Terrizzano NOTICIASMERCEDINAS.COM\"},\"description\":\"Periodista experimentado. Aprendi\u00f3 el oficio en medios gr\u00e1ficos y digitales, comerciales, institucionales y comunitarios, radio y televisi\u00f3n. Actualmente en Noticias Mercedinas, Radio L\u00edder de Luj\u00e1n y Centro de Producci\u00f3n Audiovisual UNLu.\",\"sameAs\":[\"https:\\\/\\\/www.linkedin.com\\\/in\\\/adri\u00e1n-terrizzano-53795630\\\/\",\"https:\\\/\\\/x.com\\\/https:\\\/\\\/twitter.com\\\/AdrianTerri\"],\"url\":\"https:\\\/\\\/noticiasmercedinas.com\\\/site\\\/author\\\/adrian-terrizzano\\\/\"}]}<\/script>\n<!-- \/ Yoast SEO plugin. -->","yoast_head_json":{"title":"Abren Concurso de Escultura por las V\u00edctimas de Tr\u00e1nsito","robots":{"index":"index","follow":"follow","max-snippet":"max-snippet:-1","max-image-preview":"max-image-preview:large","max-video-preview":"max-video-preview:-1"},"canonical":"https:\/\/noticiasmercedinas.com\/site\/2018\/10\/09\/abren-concurso-de-escultura-por-las-victimas-de-transito\/","og_locale":"es_ES","og_type":"article","og_title":"Abren Concurso de Escultura por las V\u00edctimas de Tr\u00e1nsito","og_description":"Los interesados pueden inscribirse y retirar las bases en la Direcci\u00f3n de Cultura y Educaci\u00f3n hasta el 26 de octubre. La obra ganadora ser\u00e1 emplazada en la plaza Rivadavia en 2019. Ya est\u00e1 abierta la inscripci\u00f3n para el Concurso Municipal de Escultura \u201cCompromiso y Memoria por las V\u00edctimas de Tr\u00e1nsito\u201d, que convoca a arquitectos, escultores, [&hellip;]","og_url":"https:\/\/noticiasmercedinas.com\/site\/2018\/10\/09\/abren-concurso-de-escultura-por-las-victimas-de-transito\/","og_site_name":"NOTICIASMERCEDINAS.COM","article_publisher":"https:\/\/www.facebook.com\/noticiasmercedinas\/","article_published_time":"2018-10-09T15:59:14+00:00","article_modified_time":"2018-10-09T16:09:34+00:00","og_image":[{"width":512,"height":400,"url":"https:\/\/noticiasmercedinas.com\/site\/wp-content\/uploads\/2018\/10\/estrella_amarilla_plaza_512x400a.jpg","type":"image\/jpeg"}],"author":"Adrian Terrizzano NOTICIASMERCEDINAS.COM","twitter_card":"summary_large_image","twitter_creator":"@https:\/\/twitter.com\/AdrianTerri","twitter_site":"@notmercedinas","twitter_misc":{"Escrito por":"Adrian Terrizzano NOTICIASMERCEDINAS.COM","Tiempo de lectura":"2 minutos"},"schema":{"@context":"https:\/\/schema.org","@graph":[{"@type":"Article","@id":"https:\/\/noticiasmercedinas.com\/site\/2018\/10\/09\/abren-concurso-de-escultura-por-las-victimas-de-transito\/#article","isPartOf":{"@id":"https:\/\/noticiasmercedinas.com\/site\/2018\/10\/09\/abren-concurso-de-escultura-por-las-victimas-de-transito\/"},"author":{"name":"Adrian Terrizzano NOTICIASMERCEDINAS.COM","@id":"https:\/\/noticiasmercedinas.com\/site\/#\/schema\/person\/45cbccca776c0c5524a6d2a8f1b04acd"},"headline":"Abren Concurso de Escultura por las V\u00edctimas de Tr\u00e1nsito","datePublished":"2018-10-09T15:59:14+00:00","dateModified":"2018-10-09T16:09:34+00:00","mainEntityOfPage":{"@id":"https:\/\/noticiasmercedinas.com\/site\/2018\/10\/09\/abren-concurso-de-escultura-por-las-victimas-de-transito\/"},"wordCount":314,"commentCount":0,"publisher":{"@id":"https:\/\/noticiasmercedinas.com\/site\/#organization"},"image":{"@id":"https:\/\/noticiasmercedinas.com\/site\/2018\/10\/09\/abren-concurso-de-escultura-por-las-victimas-de-transito\/#primaryimage"},"thumbnailUrl":"https:\/\/noticiasmercedinas.com\/site\/wp-content\/uploads\/2018\/10\/estrella_amarilla_plaza_512x400a.jpg","keywords":["arte","escultura","estrellas amarillas","siniestros viales","transito"],"articleSection":["Cultura"],"inLanguage":"es","potentialAction":[{"@type":"CommentAction","name":"Comment","target":["https:\/\/noticiasmercedinas.com\/site\/2018\/10\/09\/abren-concurso-de-escultura-por-las-victimas-de-transito\/#respond"]}]},{"@type":"WebPage","@id":"https:\/\/noticiasmercedinas.com\/site\/2018\/10\/09\/abren-concurso-de-escultura-por-las-victimas-de-transito\/","url":"https:\/\/noticiasmercedinas.com\/site\/2018\/10\/09\/abren-concurso-de-escultura-por-las-victimas-de-transito\/","name":"Abren Concurso de Escultura por las V\u00edctimas de Tr\u00e1nsito","isPartOf":{"@id":"https:\/\/noticiasmercedinas.com\/site\/#website"},"primaryImageOfPage":{"@id":"https:\/\/noticiasmercedinas.com\/site\/2018\/10\/09\/abren-concurso-de-escultura-por-las-victimas-de-transito\/#primaryimage"},"image":{"@id":"https:\/\/noticiasmercedinas.com\/site\/2018\/10\/09\/abren-concurso-de-escultura-por-las-victimas-de-transito\/#primaryimage"},"thumbnailUrl":"https:\/\/noticiasmercedinas.com\/site\/wp-content\/uploads\/2018\/10\/estrella_amarilla_plaza_512x400a.jpg","datePublished":"2018-10-09T15:59:14+00:00","dateModified":"2018-10-09T16:09:34+00:00","breadcrumb":{"@id":"https:\/\/noticiasmercedinas.com\/site\/2018\/10\/09\/abren-concurso-de-escultura-por-las-victimas-de-transito\/#breadcrumb"},"inLanguage":"es","potentialAction":[{"@type":"ReadAction","target":["https:\/\/noticiasmercedinas.com\/site\/2018\/10\/09\/abren-concurso-de-escultura-por-las-victimas-de-transito\/"]}]},{"@type":"ImageObject","inLanguage":"es","@id":"https:\/\/noticiasmercedinas.com\/site\/2018\/10\/09\/abren-concurso-de-escultura-por-las-victimas-de-transito\/#primaryimage","url":"https:\/\/noticiasmercedinas.com\/site\/wp-content\/uploads\/2018\/10\/estrella_amarilla_plaza_512x400a.jpg","contentUrl":"https:\/\/noticiasmercedinas.com\/site\/wp-content\/uploads\/2018\/10\/estrella_amarilla_plaza_512x400a.jpg","width":512,"height":400},{"@type":"BreadcrumbList","@id":"https:\/\/noticiasmercedinas.com\/site\/2018\/10\/09\/abren-concurso-de-escultura-por-las-victimas-de-transito\/#breadcrumb","itemListElement":[{"@type":"ListItem","position":1,"name":"Portada","item":"https:\/\/noticiasmercedinas.com\/site\/"},{"@type":"ListItem","position":2,"name":"Abren Concurso de Escultura por las V\u00edctimas de Tr\u00e1nsito"}]},{"@type":"WebSite","@id":"https:\/\/noticiasmercedinas.com\/site\/#website","url":"https:\/\/noticiasmercedinas.com\/site\/","name":"NOTICIASMERCEDINAS.COM","description":"Mercedes, Buenos Aires, Argentina","publisher":{"@id":"https:\/\/noticiasmercedinas.com\/site\/#organization"},"potentialAction":[{"@type":"SearchAction","target":{"@type":"EntryPoint","urlTemplate":"https:\/\/noticiasmercedinas.com\/site\/?s={search_term_string}"},"query-input":{"@type":"PropertyValueSpecification","valueRequired":true,"valueName":"search_term_string"}}],"inLanguage":"es"},{"@type":"Organization","@id":"https:\/\/noticiasmercedinas.com\/site\/#organization","name":"NOTICIASMERCEDINAS.COM","url":"https:\/\/noticiasmercedinas.com\/site\/","logo":{"@type":"ImageObject","inLanguage":"es","@id":"https:\/\/noticiasmercedinas.com\/site\/#\/schema\/logo\/image\/","url":"https:\/\/noticiasmercedinas.com\/site\/wp-content\/uploads\/2020\/06\/LOGO-512.jpg","contentUrl":"https:\/\/noticiasmercedinas.com\/site\/wp-content\/uploads\/2020\/06\/LOGO-512.jpg","width":512,"height":512,"caption":"NOTICIASMERCEDINAS.COM"},"image":{"@id":"https:\/\/noticiasmercedinas.com\/site\/#\/schema\/logo\/image\/"},"sameAs":["https:\/\/www.facebook.com\/noticiasmercedinas\/","https:\/\/x.com\/notmercedinas","https:\/\/www.instagram.com\/noticiasmercedinas\/"]},{"@type":"Person","@id":"https:\/\/noticiasmercedinas.com\/site\/#\/schema\/person\/45cbccca776c0c5524a6d2a8f1b04acd","name":"Adrian Terrizzano NOTICIASMERCEDINAS.COM","image":{"@type":"ImageObject","inLanguage":"es","@id":"https:\/\/secure.gravatar.com\/avatar\/9bfd6dcfcf5cc28d74f7cefd9e87a6220d73f42949c5456b2b67674334db8bee?s=96&d=mm&r=g","url":"https:\/\/secure.gravatar.com\/avatar\/9bfd6dcfcf5cc28d74f7cefd9e87a6220d73f42949c5456b2b67674334db8bee?s=96&d=mm&r=g","contentUrl":"https:\/\/secure.gravatar.com\/avatar\/9bfd6dcfcf5cc28d74f7cefd9e87a6220d73f42949c5456b2b67674334db8bee?s=96&d=mm&r=g","caption":"Adrian Terrizzano NOTICIASMERCEDINAS.COM"},"description":"Periodista experimentado. Aprendi\u00f3 el oficio en medios gr\u00e1ficos y digitales, comerciales, institucionales y comunitarios, radio y televisi\u00f3n. Actualmente en Noticias Mercedinas, Radio L\u00edder de Luj\u00e1n y Centro de Producci\u00f3n Audiovisual UNLu.","sameAs":["https:\/\/www.linkedin.com\/in\/adri\u00e1n-terrizzano-53795630\/","https:\/\/x.com\/https:\/\/twitter.com\/AdrianTerri"],"url":"https:\/\/noticiasmercedinas.com\/site\/author\/adrian-terrizzano\/"}]}},"amp_enabled":true,"_links":{"self":[{"href":"https:\/\/noticiasmercedinas.com\/site\/wp-json\/wp\/v2\/posts\/3988","targetHints":{"allow":["GET"]}}],"collection":[{"href":"https:\/\/noticiasmercedinas.com\/site\/wp-json\/wp\/v2\/posts"}],"about":[{"href":"https:\/\/noticiasmercedinas.com\/site\/wp-json\/wp\/v2\/types\/post"}],"author":[{"embeddable":true,"href":"https:\/\/noticiasmercedinas.com\/site\/wp-json\/wp\/v2\/users\/3"}],"replies":[{"embeddable":true,"href":"https:\/\/noticiasmercedinas.com\/site\/wp-json\/wp\/v2\/comments?post=3988"}],"version-history":[{"count":4,"href":"https:\/\/noticiasmercedinas.com\/site\/wp-json\/wp\/v2\/posts\/3988\/revisions"}],"predecessor-version":[{"id":3993,"href":"https:\/\/noticiasmercedinas.com\/site\/wp-json\/wp\/v2\/posts\/3988\/revisions\/3993"}],"wp:featuredmedia":[{"embeddable":true,"href":"https:\/\/noticiasmercedinas.com\/site\/wp-json\/wp\/v2\/media\/3989"}],"wp:attachment":[{"href":"https:\/\/noticiasmercedinas.com\/site\/wp-json\/wp\/v2\/media?parent=3988"}],"wp:term":[{"taxonomy":"category","embeddable":true,"href":"https:\/\/noticiasmercedinas.com\/site\/wp-json\/wp\/v2\/categories?post=3988"},{"taxonomy":"post_tag","embeddable":true,"href":"https:\/\/noticiasmercedinas.com\/site\/wp-json\/wp\/v2\/tags?post=3988"}],"curies":[{"name":"wp","href":"https:\/\/api.w.org\/{rel}","templated":true}]}}