{"id":40215,"date":"2020-02-27T08:03:39","date_gmt":"2020-02-27T11:03:39","guid":{"rendered":"https:\/\/noticiasmercedinas.com\/site\/?p=40215"},"modified":"2020-02-27T09:55:01","modified_gmt":"2020-02-27T12:55:01","slug":"lesionados-el-secreto-de-la-vigencia","status":"publish","type":"post","link":"https:\/\/noticiasmercedinas.com\/site\/2020\/02\/27\/lesionados-el-secreto-de-la-vigencia\/","title":{"rendered":"Lesionados: el secreto de la vigencia"},"content":{"rendered":"<p><img loading=\"lazy\" decoding=\"async\" class=\"alignnone size-full wp-image-40216\" src=\"https:\/\/noticiasmercedinas.com\/site\/wp-content\/uploads\/2020\/02\/976e3c15-5a30-427b-81d5-7d50ad585a5d.jpg\" alt=\"\" width=\"780\" height=\"520\" srcset=\"https:\/\/noticiasmercedinas.com\/site\/wp-content\/uploads\/2020\/02\/976e3c15-5a30-427b-81d5-7d50ad585a5d.jpg 780w, https:\/\/noticiasmercedinas.com\/site\/wp-content\/uploads\/2020\/02\/976e3c15-5a30-427b-81d5-7d50ad585a5d-300x200.jpg 300w, https:\/\/noticiasmercedinas.com\/site\/wp-content\/uploads\/2020\/02\/976e3c15-5a30-427b-81d5-7d50ad585a5d-768x512.jpg 768w, https:\/\/noticiasmercedinas.com\/site\/wp-content\/uploads\/2020\/02\/976e3c15-5a30-427b-81d5-7d50ad585a5d-640x427.jpg 640w, https:\/\/noticiasmercedinas.com\/site\/wp-content\/uploads\/2020\/02\/976e3c15-5a30-427b-81d5-7d50ad585a5d-681x454.jpg 681w\" sizes=\"auto, (max-width: 780px) 100vw, 780px\" \/><\/p>\n<p>Inca siente el eco de los tambores. Inca escucha el bullicio en el gimnasio. Inca puede sentir los nervios en el vientre de su madre. Lionela se acaricia la panza. No sabe si Inca es hijo o hija, prefiere enterarse en un par de semanas, cuando Inca pueda ver la luz del mundo. El m\u00e9dico le dijo que si se sent\u00eda bien pod\u00eda tocar en la comparsa. Lionela sonr\u00ede y su sonrisa es una mezcla de orgullo y debilidad; como si no pudiera elegir otra cosa, como si ser parte de Lesionados por el corcho fuera una decisi\u00f3n que le excede. Gonzalo, el padre de Inca, tambi\u00e9n toca. Estar\u00e1 all\u00ed, bien cerquita, haciendo vibrar la 29 y alerta, tambi\u00e9n, por si hay que salir de apuro.<\/p>\n<p>Es la hora de formar. Ya pasaron las doce de la noche y en unos minutos se escuchar\u00e1 por los parlantes la presentaci\u00f3n de Lesionados. Un desfile de colores va abandonando el Club Comunicaciones y camina por la calle 31 hasta la 32. Los nervios vencen a la euforia. La euforia, en todo caso, vendr\u00e1 despu\u00e9s, si queda algo de energ\u00eda tras bailar una hora y media por la avenida 29.<\/p>\n<p>Lesionados por el corcho nace en el a\u00f1o 1993, cuando Gabriela Florella \u2013directora general junto a su hermana Roc\u00edo\u2013 coment\u00f3 en la mesa familiar una extra\u00f1a estad\u00edstica de aquellos d\u00edas: \u201cHubo muchos lesionados por el corcho de la sidra, este a\u00f1o\u201d. La idea de la comparsa estaba en el aire en Gabriela y \u00c1ngel, su pareja de entonces. \u201cQu\u00e9 buen nombre para una comparsa, lesionados por el corcho\u201d, dijo alguno. La primera vez eran apenas unas quince personas, todos compa\u00f1eros y familiares de un programa de radio que ten\u00edan por entonces: <em>La mosca detr\u00e1s de la oreja<\/em>. Bailaron la 29 ida y vuelta \u2013una forma de disimular las pocas atracciones carnavalescas de entonces\u2013. Los instrumentos con los que contaban el primer a\u00f1o eran tan pesados que resultaba imposible sostener el ritmo. Lo que comenzaba siendo ritmo de carnaval de R\u00edo en calle 30, se convert\u00eda, al llegar a la plaza, en una versi\u00f3n <em>Slow Motion<\/em> anal\u00f3gica. Al a\u00f1o siguiente contaron con un subsidio del municipio para comprar lo que hiciera falta y los integrantes pasaron de quince a setenta. El resto es historia conocida. Un constante crecimiento hasta hoy, donde cerca de trescientas personas le dan vida y color al gimnasio del Comunicaciones.<\/p>\n<p><img loading=\"lazy\" decoding=\"async\" class=\"alignnone size-full wp-image-39681\" src=\"https:\/\/noticiasmercedinas.com\/site\/wp-content\/uploads\/2020\/02\/tabossijpg.jpg\" alt=\"\" width=\"640\" height=\"229\" srcset=\"https:\/\/noticiasmercedinas.com\/site\/wp-content\/uploads\/2020\/02\/tabossijpg.jpg 640w, https:\/\/noticiasmercedinas.com\/site\/wp-content\/uploads\/2020\/02\/tabossijpg-300x107.jpg 300w\" sizes=\"auto, (max-width: 640px) 100vw, 640px\" \/><\/p>\n<p>Son las diez de la noche del viernes. Voy al club Comunicaciones porque quiero saber lo que significa Lesionados por el corcho para los integrantes, quiero sentir qu\u00e9 tipo de energ\u00eda circula ah\u00ed, por qu\u00e9 los miembros hablan de la comparsa durante todo el a\u00f1o. Cu\u00e1l es el secreto de la vigencia.<\/p>\n<p>Suena cumbia en el club. Todav\u00eda falta para salir a bailar, pero las m\u00e1s chiquitas ya lucen sus trajes naranjas. Van y vienen, corren, juegan, se toman de la mano. Algunas le piden plata a los padres para una hamburguesa. La ansiedad les atraviesa el cuerpo de la misma forma que el sue\u00f1o lo har\u00e1 en un rato. Las m\u00e1s grandes trabajan sobre el maquillaje; otras, con el peinado.<\/p>\n<p>Imagin\u00e9 un clima de euforia, de griter\u00edo, de vasos de pl\u00e1stico por todos lados, de bailes y arengas, de redoblantes inquietos. Lo que veo, en cambio, me hace pensar en camarines de un teatro, en actores que repasan la letra mentalmente mientras se delinean los ojos.<\/p>\n<p>Una colega se acerca a saludarme. Me mira de frente y se r\u00ede. El jopo, el maquillaje y su actitud de carnaval hacen que demore un par de segundos en reconocerla. Ella disfruta lo que causa, \u201cni nosotros nos reconocemos\u201d, dice. Hacemos chistes, llevo su montaje de carnaval a su \u00e1mbito laboral, qu\u00e9 pensar\u00e1n si te ven as\u00ed. Esas cosas.<\/p>\n<p>Hay personas de todas las edades que juegan a ser otros, que buscan lo mismo que mi colega. Una vez se escuch\u00f3 a un nene del p\u00fablico decirle a la madre que le gustaba el carnaval porque su psic\u00f3loga no era su psic\u00f3loga, y su profesora no era su profesora.<\/p>\n<p><img loading=\"lazy\" decoding=\"async\" class=\"alignnone size-full wp-image-40220\" src=\"https:\/\/noticiasmercedinas.com\/site\/wp-content\/uploads\/2020\/02\/48cfbe4d-398b-43b8-8202-432d447e2676.jpg\" alt=\"\" width=\"780\" height=\"520\" srcset=\"https:\/\/noticiasmercedinas.com\/site\/wp-content\/uploads\/2020\/02\/48cfbe4d-398b-43b8-8202-432d447e2676.jpg 780w, https:\/\/noticiasmercedinas.com\/site\/wp-content\/uploads\/2020\/02\/48cfbe4d-398b-43b8-8202-432d447e2676-300x200.jpg 300w, https:\/\/noticiasmercedinas.com\/site\/wp-content\/uploads\/2020\/02\/48cfbe4d-398b-43b8-8202-432d447e2676-768x512.jpg 768w, https:\/\/noticiasmercedinas.com\/site\/wp-content\/uploads\/2020\/02\/48cfbe4d-398b-43b8-8202-432d447e2676-640x427.jpg 640w, https:\/\/noticiasmercedinas.com\/site\/wp-content\/uploads\/2020\/02\/48cfbe4d-398b-43b8-8202-432d447e2676-681x454.jpg 681w\" sizes=\"auto, (max-width: 780px) 100vw, 780px\" \/><\/p>\n<p>\u00bfNo es eso, acaso, la esencia del carnaval?<\/p>\n<p>Lisi est\u00e1 en el grupo verde. Su idea era bailar a\u00f1o por medio para tener algunos veranos libres, pero este a\u00f1o \u2013que le tocaba \u201cverano libre\u201d\u2013 no aguant\u00f3 escuchar los tambores desde su casa y no estar ah\u00ed, ensayando. \u201c\u00bfC\u00f3mo no sumarse?\u201d me \u2013se\u2013 pregunta. Y otra vez, como Lionela, pareciera no haber alternativa.<\/p>\n<p>En los ensayos suele pasar que los nenes que andan por ah\u00ed, jugando en La Trocha, se sientan a mirar y aprenden los pasos y los c\u00e1nticos de la comparsa. Es com\u00fan ver en la 29, dice Gabriela, a chicos que marcan el ritmo golpeando los tarros de espuma con el asfalto. Recuerdo que el a\u00f1o pasado mi hija, con 4 a\u00f1os, me dijo \u201cyo quiero bailar ah\u00ed\u201d, cuando vio el mal\u00f3n de Lesionados vestido de negro que cantaba \u201cB\u00e9same mucho\u201d.<\/p>\n<p>La madre est\u00e1 vestida de turquesa y el padre con un traje multicolor. Ambos est\u00e1n inclinados, mejorando la imagen de su hija. El padre le acomoda algo en la espalda y la madre corrige detalles del maquillaje. \u201cAh\u00ed ten\u00e9s una familia entera\u201d, me dice una mujer de verde.<\/p>\n<p>Luc\u00eda tiene veintitr\u00e9s a\u00f1os y baila desde los ocho. Adem\u00e1s, es la hija de Paula. Para ella, me cuenta la madre, su manera de recordar las cosas que le pasan en la vida es por la tem\u00e1tica de ese a\u00f1o de Lesionados. Es decir, los a\u00f1os de bailar en la comparsa son los mojones del tiempo, una forma de atrapar la vida, de evitar que los recuerdos se les escurran entre los dedos.<br \/>\nLa entiendo a Luc\u00eda. La entiendo porque a m\u00ed me pasa lo mismo con los mundiales. La experiencia de vida, en mi caso, es la cantidad de mundiales vistos.<\/p>\n<p><img loading=\"lazy\" decoding=\"async\" class=\"alignnone size-full wp-image-40219\" src=\"https:\/\/noticiasmercedinas.com\/site\/wp-content\/uploads\/2020\/02\/0370650b-7ed8-48eb-94ee-d9fbd7e5d577.jpg\" alt=\"\" width=\"780\" height=\"520\" srcset=\"https:\/\/noticiasmercedinas.com\/site\/wp-content\/uploads\/2020\/02\/0370650b-7ed8-48eb-94ee-d9fbd7e5d577.jpg 780w, https:\/\/noticiasmercedinas.com\/site\/wp-content\/uploads\/2020\/02\/0370650b-7ed8-48eb-94ee-d9fbd7e5d577-300x200.jpg 300w, https:\/\/noticiasmercedinas.com\/site\/wp-content\/uploads\/2020\/02\/0370650b-7ed8-48eb-94ee-d9fbd7e5d577-768x512.jpg 768w, https:\/\/noticiasmercedinas.com\/site\/wp-content\/uploads\/2020\/02\/0370650b-7ed8-48eb-94ee-d9fbd7e5d577-640x427.jpg 640w, https:\/\/noticiasmercedinas.com\/site\/wp-content\/uploads\/2020\/02\/0370650b-7ed8-48eb-94ee-d9fbd7e5d577-681x454.jpg 681w\" sizes=\"auto, (max-width: 780px) 100vw, 780px\" \/><\/p>\n<p>\u201cLa primera noche es de muchos nervios\u201d, dice Paula. \u201cGabi \u2013Florella\u2013 es muy exigente y hace incapi\u00e9 en que estamos representando una obra\u201d.<\/p>\n<p>No se trata s\u00f3lo de mover el cuerpo y sonre\u00edr. Se trata de representar una obra, de meterse en el personaje, de vivirlo, de sentirlo y si esto se logra, entonces se transmite. La obra a representar suele estar en la cabeza de Gabriela Florella un a\u00f1o antes, o dos, o m\u00e1s. Durante el a\u00f1o previo hay reuniones con el director musical Fito Gonzalez y la directora coreogr\u00e1fica Luciana Troglio. Al llegar diciembre y los primeros ensayos, la obra ya est\u00e1 pensada.<\/p>\n<p>La previa del carnaval no es ahora mismo, en el Comunicaciones, dos horas antes de la primera presentaci\u00f3n. La previa del carnaval, para los lesionados, comienza un a\u00f1o antes, el d\u00eda despu\u00e9s del \u00faltimo d\u00eda.<\/p>\n<p>Para Beatriz \u2013bailarina del grupo turquesa\u2013, el carnaval es una especie de a\u00f1o nuevo. El a\u00f1o, el verdadero a\u00f1o, empieza despu\u00e9s del carnaval. Hay un antes y despu\u00e9s, dice. Y ese despu\u00e9s es el baj\u00f3n, la resaca.<\/p>\n<p>Pese a que es viernes, que hace calor, que es la primera noche de carnaval, que estamos en un club y que hay cumbia en el aire, nadie se pasa con el alcohol. Nadie desgasta energ\u00edas antes de tiempo. En todo caso, eso vendr\u00e1 despu\u00e9s, ya de madrugada. Una vez terminado el corso volver\u00e1n al club, se quitar\u00e1n las zapatillas en la entrada para no mancharlas con espuma, se sacar\u00e1n los trajes y dobl\u00e1ndolos prolijamente los guardar\u00e1n para la noche siguiente, y reci\u00e9n entonces festejar\u00e1n como m\u00e1s les plazca.<\/p>\n<p><img loading=\"lazy\" decoding=\"async\" class=\"alignnone size-large wp-image-40218\" src=\"https:\/\/noticiasmercedinas.com\/site\/wp-content\/uploads\/2020\/02\/e0c37b74-2813-4566-92bc-fb898126d34b-768x1024.jpg\" alt=\"\" width=\"640\" height=\"853\" srcset=\"https:\/\/noticiasmercedinas.com\/site\/wp-content\/uploads\/2020\/02\/e0c37b74-2813-4566-92bc-fb898126d34b-768x1024.jpg 768w, https:\/\/noticiasmercedinas.com\/site\/wp-content\/uploads\/2020\/02\/e0c37b74-2813-4566-92bc-fb898126d34b-225x300.jpg 225w, https:\/\/noticiasmercedinas.com\/site\/wp-content\/uploads\/2020\/02\/e0c37b74-2813-4566-92bc-fb898126d34b-640x853.jpg 640w, https:\/\/noticiasmercedinas.com\/site\/wp-content\/uploads\/2020\/02\/e0c37b74-2813-4566-92bc-fb898126d34b-681x908.jpg 681w, https:\/\/noticiasmercedinas.com\/site\/wp-content\/uploads\/2020\/02\/e0c37b74-2813-4566-92bc-fb898126d34b.jpg 960w\" sizes=\"auto, (max-width: 640px) 100vw, 640px\" \/><\/p>\n<p>Los colores de Lesionados van copando la noche. \u201cLas divinas\u201d \u2013as\u00ed llaman al grupo que este a\u00f1o se viste de amarillo\u2013 se agrupan en el sal\u00f3n de adelante. Las escuadras, m\u00e1s all\u00e1 del nombre que llevan cada a\u00f1o de acuerdo a lo que representan, se identifican con otro nombre que les da sentido de pertenencia. As\u00ed como hay actores que se los recuerdan \u2013o se los nombran\u2013 por alg\u00fan personaje inolvidable que hayan hecho en sus carreras, hay a\u00f1os que dejan marcas en la historia de Lesionados.<\/p>\n<p>Este a\u00f1o la tem\u00e1tica es \u201cDJ Dionisio\u201d. Gabriela le pone palabras a lo que veremos en una publicaci\u00f3n en Facebook: \u201cUn desfile da comienzo a las fiestas dionis\u00edacas. Todos los cuerpos ser\u00e1n uno solo, bailando, entregados sin tiempo a los designios de Dionisio, que desde su lugar va marcando los ritmos sin cesar. El teatro tambi\u00e9n es dionis\u00edaco y por eso se suceder\u00e1n las representaciones de Helena de Troya, la mujer que sigue su amor sin importar las consecuencias, Las aves, que conducen a los atenienses cansados de la guerra a un mundo de paz, Lisistrata o la rebeli\u00f3n de las mujeres, Prometeo y los ni\u00f1os que reciben el fuego robado a los dioses, Las bacantes, mujeres entregadas a los placeres. DJ DIONISIO es Grecia y los 80, es una fiesta de la que nadie quiere irse. Una fiesta a la que est\u00e1n todos invitados. Para bailar. Para re\u00edr. Para fundirse con otros. Para olvidarse de todo. Hasta el final\u201d.<\/p>\n<p>Llega el momento m\u00e1s esperado. Esos minutos previos de pura adrenalina. Los Lesionados no pueden contener la energ\u00eda en sus cuerpos. Algunos ensayan parte de la coreo para liberar los nervios, otros se sacan <em>selfies<\/em> que en segundos estar\u00e1n en las redes. Hay quienes posan para los fot\u00f3grafos que con tanto color y producci\u00f3n se hacen un fest\u00edn. El clima me recuerda a esos minutos previos al a\u00f1o nuevo, cuando los familiares se levantan de los asientos, se mueven impacientes, empiezan a llenar las copas y entonces los abrazos, las palmadas y las demostraciones afectivas se apresuran.<\/p>\n<p>Yo soy el invitado. Ese amigo solitario \u2013el extranjero\u2013 que vino de lejos a pasar unos d\u00edas y que, circunstancialmente, le toca pasar un a\u00f1o nuevo con toda la parentela.<\/p>\n<p><img loading=\"lazy\" decoding=\"async\" class=\"alignnone size-large wp-image-40217\" src=\"https:\/\/noticiasmercedinas.com\/site\/wp-content\/uploads\/2020\/02\/6ed8df92-3a07-4216-aeda-e9fc9060060b-1024x768.jpg\" alt=\"\" width=\"640\" height=\"480\" srcset=\"https:\/\/noticiasmercedinas.com\/site\/wp-content\/uploads\/2020\/02\/6ed8df92-3a07-4216-aeda-e9fc9060060b-1024x768.jpg 1024w, https:\/\/noticiasmercedinas.com\/site\/wp-content\/uploads\/2020\/02\/6ed8df92-3a07-4216-aeda-e9fc9060060b-300x225.jpg 300w, https:\/\/noticiasmercedinas.com\/site\/wp-content\/uploads\/2020\/02\/6ed8df92-3a07-4216-aeda-e9fc9060060b-768x576.jpg 768w, https:\/\/noticiasmercedinas.com\/site\/wp-content\/uploads\/2020\/02\/6ed8df92-3a07-4216-aeda-e9fc9060060b-80x60.jpg 80w, https:\/\/noticiasmercedinas.com\/site\/wp-content\/uploads\/2020\/02\/6ed8df92-3a07-4216-aeda-e9fc9060060b-160x120.jpg 160w, https:\/\/noticiasmercedinas.com\/site\/wp-content\/uploads\/2020\/02\/6ed8df92-3a07-4216-aeda-e9fc9060060b-100x75.jpg 100w, https:\/\/noticiasmercedinas.com\/site\/wp-content\/uploads\/2020\/02\/6ed8df92-3a07-4216-aeda-e9fc9060060b-200x150.jpg 200w, https:\/\/noticiasmercedinas.com\/site\/wp-content\/uploads\/2020\/02\/6ed8df92-3a07-4216-aeda-e9fc9060060b-180x135.jpg 180w, https:\/\/noticiasmercedinas.com\/site\/wp-content\/uploads\/2020\/02\/6ed8df92-3a07-4216-aeda-e9fc9060060b-360x270.jpg 360w, https:\/\/noticiasmercedinas.com\/site\/wp-content\/uploads\/2020\/02\/6ed8df92-3a07-4216-aeda-e9fc9060060b-238x178.jpg 238w, https:\/\/noticiasmercedinas.com\/site\/wp-content\/uploads\/2020\/02\/6ed8df92-3a07-4216-aeda-e9fc9060060b-476x356.jpg 476w, https:\/\/noticiasmercedinas.com\/site\/wp-content\/uploads\/2020\/02\/6ed8df92-3a07-4216-aeda-e9fc9060060b-640x480.jpg 640w, https:\/\/noticiasmercedinas.com\/site\/wp-content\/uploads\/2020\/02\/6ed8df92-3a07-4216-aeda-e9fc9060060b-681x511.jpg 681w, https:\/\/noticiasmercedinas.com\/site\/wp-content\/uploads\/2020\/02\/6ed8df92-3a07-4216-aeda-e9fc9060060b.jpg 1280w\" sizes=\"auto, (max-width: 640px) 100vw, 640px\" \/><\/p>\n","protected":false},"excerpt":{"rendered":"<p>Inca siente el eco de los tambores. Inca escucha el bullicio en el gimnasio. Inca puede sentir los nervios en el vientre de su madre. Lionela se acaricia la panza. No sabe si Inca es hijo o hija, prefiere enterarse en un par de semanas, cuando Inca pueda ver la luz del mundo. El m\u00e9dico [&hellip;]<\/p>\n","protected":false},"author":26,"featured_media":40216,"comment_status":"open","ping_status":"open","sticky":false,"template":"","format":"standard","meta":{"footnotes":""},"categories":[6576],"tags":[2118,6578],"class_list":["post-40215","post","type-post","status-publish","format-standard","has-post-thumbnail","hentry","category-una-mirada-de-la-ciudad","tag-marcos-tabossi","tag-una-mirada-de-la-ciudad"],"yoast_head":"<!-- This site is optimized with the Yoast SEO plugin v27.4 - https:\/\/yoast.com\/product\/yoast-seo-wordpress\/ -->\n<title>Lesionados: el secreto de la vigencia<\/title>\n<meta name=\"robots\" content=\"index, follow, max-snippet:-1, max-image-preview:large, max-video-preview:-1\" \/>\n<link rel=\"canonical\" href=\"https:\/\/noticiasmercedinas.com\/site\/2020\/02\/27\/lesionados-el-secreto-de-la-vigencia\/\" \/>\n<meta property=\"og:locale\" content=\"es_ES\" \/>\n<meta property=\"og:type\" content=\"article\" \/>\n<meta property=\"og:title\" content=\"Lesionados: el secreto de la vigencia\" \/>\n<meta property=\"og:description\" content=\"Inca siente el eco de los tambores. Inca escucha el bullicio en el gimnasio. Inca puede sentir los nervios en el vientre de su madre. Lionela se acaricia la panza. No sabe si Inca es hijo o hija, prefiere enterarse en un par de semanas, cuando Inca pueda ver la luz del mundo. El m\u00e9dico [&hellip;]\" \/>\n<meta property=\"og:url\" content=\"https:\/\/noticiasmercedinas.com\/site\/2020\/02\/27\/lesionados-el-secreto-de-la-vigencia\/\" \/>\n<meta property=\"og:site_name\" content=\"NOTICIASMERCEDINAS.COM\" \/>\n<meta property=\"article:publisher\" content=\"https:\/\/www.facebook.com\/noticiasmercedinas\/\" \/>\n<meta property=\"article:author\" content=\"https:\/\/www.facebook.com\/www.untalmarcost.blogspot.com.ar\" \/>\n<meta property=\"article:published_time\" content=\"2020-02-27T11:03:39+00:00\" \/>\n<meta property=\"article:modified_time\" content=\"2020-02-27T12:55:01+00:00\" \/>\n<meta property=\"og:image\" content=\"https:\/\/noticiasmercedinas.com\/site\/wp-content\/uploads\/2020\/02\/976e3c15-5a30-427b-81d5-7d50ad585a5d.jpg\" \/>\n\t<meta property=\"og:image:width\" content=\"780\" \/>\n\t<meta property=\"og:image:height\" content=\"520\" \/>\n\t<meta property=\"og:image:type\" content=\"image\/jpeg\" \/>\n<meta name=\"author\" content=\"Marcos Tabossi\" \/>\n<meta name=\"twitter:card\" content=\"summary_large_image\" \/>\n<meta name=\"twitter:creator\" content=\"@https:\/\/twitter.com\/MarcosTabossi\" \/>\n<meta name=\"twitter:site\" content=\"@notmercedinas\" \/>\n<meta name=\"twitter:label1\" content=\"Escrito por\" \/>\n\t<meta name=\"twitter:data1\" content=\"Marcos Tabossi\" \/>\n\t<meta name=\"twitter:label2\" content=\"Tiempo de lectura\" \/>\n\t<meta name=\"twitter:data2\" content=\"9 minutos\" \/>\n<script type=\"application\/ld+json\" class=\"yoast-schema-graph\">{\"@context\":\"https:\\\/\\\/schema.org\",\"@graph\":[{\"@type\":\"Article\",\"@id\":\"https:\\\/\\\/noticiasmercedinas.com\\\/site\\\/2020\\\/02\\\/27\\\/lesionados-el-secreto-de-la-vigencia\\\/#article\",\"isPartOf\":{\"@id\":\"https:\\\/\\\/noticiasmercedinas.com\\\/site\\\/2020\\\/02\\\/27\\\/lesionados-el-secreto-de-la-vigencia\\\/\"},\"author\":{\"name\":\"Marcos Tabossi\",\"@id\":\"https:\\\/\\\/noticiasmercedinas.com\\\/site\\\/#\\\/schema\\\/person\\\/ad6432d89b9d86aa1236b4352f4f9271\"},\"headline\":\"Lesionados: el secreto de la vigencia\",\"datePublished\":\"2020-02-27T11:03:39+00:00\",\"dateModified\":\"2020-02-27T12:55:01+00:00\",\"mainEntityOfPage\":{\"@id\":\"https:\\\/\\\/noticiasmercedinas.com\\\/site\\\/2020\\\/02\\\/27\\\/lesionados-el-secreto-de-la-vigencia\\\/\"},\"wordCount\":1719,\"commentCount\":0,\"publisher\":{\"@id\":\"https:\\\/\\\/noticiasmercedinas.com\\\/site\\\/#organization\"},\"image\":{\"@id\":\"https:\\\/\\\/noticiasmercedinas.com\\\/site\\\/2020\\\/02\\\/27\\\/lesionados-el-secreto-de-la-vigencia\\\/#primaryimage\"},\"thumbnailUrl\":\"https:\\\/\\\/noticiasmercedinas.com\\\/site\\\/wp-content\\\/uploads\\\/2020\\\/02\\\/976e3c15-5a30-427b-81d5-7d50ad585a5d.jpg\",\"keywords\":[\"Marcos Tabossi\",\"una mirada de la ciudad\"],\"articleSection\":[\"Una mirada de la ciudad\"],\"inLanguage\":\"es\",\"potentialAction\":[{\"@type\":\"CommentAction\",\"name\":\"Comment\",\"target\":[\"https:\\\/\\\/noticiasmercedinas.com\\\/site\\\/2020\\\/02\\\/27\\\/lesionados-el-secreto-de-la-vigencia\\\/#respond\"]}]},{\"@type\":\"WebPage\",\"@id\":\"https:\\\/\\\/noticiasmercedinas.com\\\/site\\\/2020\\\/02\\\/27\\\/lesionados-el-secreto-de-la-vigencia\\\/\",\"url\":\"https:\\\/\\\/noticiasmercedinas.com\\\/site\\\/2020\\\/02\\\/27\\\/lesionados-el-secreto-de-la-vigencia\\\/\",\"name\":\"Lesionados: el secreto de la vigencia\",\"isPartOf\":{\"@id\":\"https:\\\/\\\/noticiasmercedinas.com\\\/site\\\/#website\"},\"primaryImageOfPage\":{\"@id\":\"https:\\\/\\\/noticiasmercedinas.com\\\/site\\\/2020\\\/02\\\/27\\\/lesionados-el-secreto-de-la-vigencia\\\/#primaryimage\"},\"image\":{\"@id\":\"https:\\\/\\\/noticiasmercedinas.com\\\/site\\\/2020\\\/02\\\/27\\\/lesionados-el-secreto-de-la-vigencia\\\/#primaryimage\"},\"thumbnailUrl\":\"https:\\\/\\\/noticiasmercedinas.com\\\/site\\\/wp-content\\\/uploads\\\/2020\\\/02\\\/976e3c15-5a30-427b-81d5-7d50ad585a5d.jpg\",\"datePublished\":\"2020-02-27T11:03:39+00:00\",\"dateModified\":\"2020-02-27T12:55:01+00:00\",\"breadcrumb\":{\"@id\":\"https:\\\/\\\/noticiasmercedinas.com\\\/site\\\/2020\\\/02\\\/27\\\/lesionados-el-secreto-de-la-vigencia\\\/#breadcrumb\"},\"inLanguage\":\"es\",\"potentialAction\":[{\"@type\":\"ReadAction\",\"target\":[\"https:\\\/\\\/noticiasmercedinas.com\\\/site\\\/2020\\\/02\\\/27\\\/lesionados-el-secreto-de-la-vigencia\\\/\"]}]},{\"@type\":\"ImageObject\",\"inLanguage\":\"es\",\"@id\":\"https:\\\/\\\/noticiasmercedinas.com\\\/site\\\/2020\\\/02\\\/27\\\/lesionados-el-secreto-de-la-vigencia\\\/#primaryimage\",\"url\":\"https:\\\/\\\/noticiasmercedinas.com\\\/site\\\/wp-content\\\/uploads\\\/2020\\\/02\\\/976e3c15-5a30-427b-81d5-7d50ad585a5d.jpg\",\"contentUrl\":\"https:\\\/\\\/noticiasmercedinas.com\\\/site\\\/wp-content\\\/uploads\\\/2020\\\/02\\\/976e3c15-5a30-427b-81d5-7d50ad585a5d.jpg\",\"width\":780,\"height\":520},{\"@type\":\"BreadcrumbList\",\"@id\":\"https:\\\/\\\/noticiasmercedinas.com\\\/site\\\/2020\\\/02\\\/27\\\/lesionados-el-secreto-de-la-vigencia\\\/#breadcrumb\",\"itemListElement\":[{\"@type\":\"ListItem\",\"position\":1,\"name\":\"Portada\",\"item\":\"https:\\\/\\\/noticiasmercedinas.com\\\/site\\\/\"},{\"@type\":\"ListItem\",\"position\":2,\"name\":\"Lesionados: el secreto de la vigencia\"}]},{\"@type\":\"WebSite\",\"@id\":\"https:\\\/\\\/noticiasmercedinas.com\\\/site\\\/#website\",\"url\":\"https:\\\/\\\/noticiasmercedinas.com\\\/site\\\/\",\"name\":\"NOTICIASMERCEDINAS.COM\",\"description\":\"Mercedes, Buenos Aires, Argentina\",\"publisher\":{\"@id\":\"https:\\\/\\\/noticiasmercedinas.com\\\/site\\\/#organization\"},\"potentialAction\":[{\"@type\":\"SearchAction\",\"target\":{\"@type\":\"EntryPoint\",\"urlTemplate\":\"https:\\\/\\\/noticiasmercedinas.com\\\/site\\\/?s={search_term_string}\"},\"query-input\":{\"@type\":\"PropertyValueSpecification\",\"valueRequired\":true,\"valueName\":\"search_term_string\"}}],\"inLanguage\":\"es\"},{\"@type\":\"Organization\",\"@id\":\"https:\\\/\\\/noticiasmercedinas.com\\\/site\\\/#organization\",\"name\":\"NOTICIASMERCEDINAS.COM\",\"url\":\"https:\\\/\\\/noticiasmercedinas.com\\\/site\\\/\",\"logo\":{\"@type\":\"ImageObject\",\"inLanguage\":\"es\",\"@id\":\"https:\\\/\\\/noticiasmercedinas.com\\\/site\\\/#\\\/schema\\\/logo\\\/image\\\/\",\"url\":\"https:\\\/\\\/noticiasmercedinas.com\\\/site\\\/wp-content\\\/uploads\\\/2020\\\/06\\\/LOGO-512.jpg\",\"contentUrl\":\"https:\\\/\\\/noticiasmercedinas.com\\\/site\\\/wp-content\\\/uploads\\\/2020\\\/06\\\/LOGO-512.jpg\",\"width\":512,\"height\":512,\"caption\":\"NOTICIASMERCEDINAS.COM\"},\"image\":{\"@id\":\"https:\\\/\\\/noticiasmercedinas.com\\\/site\\\/#\\\/schema\\\/logo\\\/image\\\/\"},\"sameAs\":[\"https:\\\/\\\/www.facebook.com\\\/noticiasmercedinas\\\/\",\"https:\\\/\\\/x.com\\\/notmercedinas\",\"https:\\\/\\\/www.instagram.com\\\/noticiasmercedinas\\\/\"]},{\"@type\":\"Person\",\"@id\":\"https:\\\/\\\/noticiasmercedinas.com\\\/site\\\/#\\\/schema\\\/person\\\/ad6432d89b9d86aa1236b4352f4f9271\",\"name\":\"Marcos Tabossi\",\"image\":{\"@type\":\"ImageObject\",\"inLanguage\":\"es\",\"@id\":\"https:\\\/\\\/secure.gravatar.com\\\/avatar\\\/3289c5816bd32b910d17b147a61ec9a26c21417a787bc3c66c4bfd5c3ad5bd45?s=96&d=mm&r=g\",\"url\":\"https:\\\/\\\/secure.gravatar.com\\\/avatar\\\/3289c5816bd32b910d17b147a61ec9a26c21417a787bc3c66c4bfd5c3ad5bd45?s=96&d=mm&r=g\",\"contentUrl\":\"https:\\\/\\\/secure.gravatar.com\\\/avatar\\\/3289c5816bd32b910d17b147a61ec9a26c21417a787bc3c66c4bfd5c3ad5bd45?s=96&d=mm&r=g\",\"caption\":\"Marcos Tabossi\"},\"description\":\"Psic\u00f3logo, docente y escritor. Public\u00f3 \u201cLa persona de al lado\u201d (2013) y \u201cUna especie de c\u00e1rcel\u201d (Peces de Ciudad. 2017). Particip\u00f3 con cuentos en diversas antolog\u00edas y es colaborador de sitios literarios nacionales e internacionales\",\"sameAs\":[\"https:\\\/\\\/www.facebook.com\\\/www.untalmarcost.blogspot.com.ar\",\"https:\\\/\\\/www.instagram.com\\\/marcostabossi\",\"https:\\\/\\\/x.com\\\/https:\\\/\\\/twitter.com\\\/MarcosTabossi\"],\"url\":\"https:\\\/\\\/noticiasmercedinas.com\\\/site\\\/author\\\/marcos-tabosssi\\\/\"}]}<\/script>\n<!-- \/ Yoast SEO plugin. -->","yoast_head_json":{"title":"Lesionados: el secreto de la vigencia","robots":{"index":"index","follow":"follow","max-snippet":"max-snippet:-1","max-image-preview":"max-image-preview:large","max-video-preview":"max-video-preview:-1"},"canonical":"https:\/\/noticiasmercedinas.com\/site\/2020\/02\/27\/lesionados-el-secreto-de-la-vigencia\/","og_locale":"es_ES","og_type":"article","og_title":"Lesionados: el secreto de la vigencia","og_description":"Inca siente el eco de los tambores. Inca escucha el bullicio en el gimnasio. Inca puede sentir los nervios en el vientre de su madre. Lionela se acaricia la panza. No sabe si Inca es hijo o hija, prefiere enterarse en un par de semanas, cuando Inca pueda ver la luz del mundo. El m\u00e9dico [&hellip;]","og_url":"https:\/\/noticiasmercedinas.com\/site\/2020\/02\/27\/lesionados-el-secreto-de-la-vigencia\/","og_site_name":"NOTICIASMERCEDINAS.COM","article_publisher":"https:\/\/www.facebook.com\/noticiasmercedinas\/","article_author":"https:\/\/www.facebook.com\/www.untalmarcost.blogspot.com.ar","article_published_time":"2020-02-27T11:03:39+00:00","article_modified_time":"2020-02-27T12:55:01+00:00","og_image":[{"width":780,"height":520,"url":"https:\/\/noticiasmercedinas.com\/site\/wp-content\/uploads\/2020\/02\/976e3c15-5a30-427b-81d5-7d50ad585a5d.jpg","type":"image\/jpeg"}],"author":"Marcos Tabossi","twitter_card":"summary_large_image","twitter_creator":"@https:\/\/twitter.com\/MarcosTabossi","twitter_site":"@notmercedinas","twitter_misc":{"Escrito por":"Marcos Tabossi","Tiempo de lectura":"9 minutos"},"schema":{"@context":"https:\/\/schema.org","@graph":[{"@type":"Article","@id":"https:\/\/noticiasmercedinas.com\/site\/2020\/02\/27\/lesionados-el-secreto-de-la-vigencia\/#article","isPartOf":{"@id":"https:\/\/noticiasmercedinas.com\/site\/2020\/02\/27\/lesionados-el-secreto-de-la-vigencia\/"},"author":{"name":"Marcos Tabossi","@id":"https:\/\/noticiasmercedinas.com\/site\/#\/schema\/person\/ad6432d89b9d86aa1236b4352f4f9271"},"headline":"Lesionados: el secreto de la vigencia","datePublished":"2020-02-27T11:03:39+00:00","dateModified":"2020-02-27T12:55:01+00:00","mainEntityOfPage":{"@id":"https:\/\/noticiasmercedinas.com\/site\/2020\/02\/27\/lesionados-el-secreto-de-la-vigencia\/"},"wordCount":1719,"commentCount":0,"publisher":{"@id":"https:\/\/noticiasmercedinas.com\/site\/#organization"},"image":{"@id":"https:\/\/noticiasmercedinas.com\/site\/2020\/02\/27\/lesionados-el-secreto-de-la-vigencia\/#primaryimage"},"thumbnailUrl":"https:\/\/noticiasmercedinas.com\/site\/wp-content\/uploads\/2020\/02\/976e3c15-5a30-427b-81d5-7d50ad585a5d.jpg","keywords":["Marcos Tabossi","una mirada de la ciudad"],"articleSection":["Una mirada de la ciudad"],"inLanguage":"es","potentialAction":[{"@type":"CommentAction","name":"Comment","target":["https:\/\/noticiasmercedinas.com\/site\/2020\/02\/27\/lesionados-el-secreto-de-la-vigencia\/#respond"]}]},{"@type":"WebPage","@id":"https:\/\/noticiasmercedinas.com\/site\/2020\/02\/27\/lesionados-el-secreto-de-la-vigencia\/","url":"https:\/\/noticiasmercedinas.com\/site\/2020\/02\/27\/lesionados-el-secreto-de-la-vigencia\/","name":"Lesionados: el secreto de la vigencia","isPartOf":{"@id":"https:\/\/noticiasmercedinas.com\/site\/#website"},"primaryImageOfPage":{"@id":"https:\/\/noticiasmercedinas.com\/site\/2020\/02\/27\/lesionados-el-secreto-de-la-vigencia\/#primaryimage"},"image":{"@id":"https:\/\/noticiasmercedinas.com\/site\/2020\/02\/27\/lesionados-el-secreto-de-la-vigencia\/#primaryimage"},"thumbnailUrl":"https:\/\/noticiasmercedinas.com\/site\/wp-content\/uploads\/2020\/02\/976e3c15-5a30-427b-81d5-7d50ad585a5d.jpg","datePublished":"2020-02-27T11:03:39+00:00","dateModified":"2020-02-27T12:55:01+00:00","breadcrumb":{"@id":"https:\/\/noticiasmercedinas.com\/site\/2020\/02\/27\/lesionados-el-secreto-de-la-vigencia\/#breadcrumb"},"inLanguage":"es","potentialAction":[{"@type":"ReadAction","target":["https:\/\/noticiasmercedinas.com\/site\/2020\/02\/27\/lesionados-el-secreto-de-la-vigencia\/"]}]},{"@type":"ImageObject","inLanguage":"es","@id":"https:\/\/noticiasmercedinas.com\/site\/2020\/02\/27\/lesionados-el-secreto-de-la-vigencia\/#primaryimage","url":"https:\/\/noticiasmercedinas.com\/site\/wp-content\/uploads\/2020\/02\/976e3c15-5a30-427b-81d5-7d50ad585a5d.jpg","contentUrl":"https:\/\/noticiasmercedinas.com\/site\/wp-content\/uploads\/2020\/02\/976e3c15-5a30-427b-81d5-7d50ad585a5d.jpg","width":780,"height":520},{"@type":"BreadcrumbList","@id":"https:\/\/noticiasmercedinas.com\/site\/2020\/02\/27\/lesionados-el-secreto-de-la-vigencia\/#breadcrumb","itemListElement":[{"@type":"ListItem","position":1,"name":"Portada","item":"https:\/\/noticiasmercedinas.com\/site\/"},{"@type":"ListItem","position":2,"name":"Lesionados: el secreto de la vigencia"}]},{"@type":"WebSite","@id":"https:\/\/noticiasmercedinas.com\/site\/#website","url":"https:\/\/noticiasmercedinas.com\/site\/","name":"NOTICIASMERCEDINAS.COM","description":"Mercedes, Buenos Aires, Argentina","publisher":{"@id":"https:\/\/noticiasmercedinas.com\/site\/#organization"},"potentialAction":[{"@type":"SearchAction","target":{"@type":"EntryPoint","urlTemplate":"https:\/\/noticiasmercedinas.com\/site\/?s={search_term_string}"},"query-input":{"@type":"PropertyValueSpecification","valueRequired":true,"valueName":"search_term_string"}}],"inLanguage":"es"},{"@type":"Organization","@id":"https:\/\/noticiasmercedinas.com\/site\/#organization","name":"NOTICIASMERCEDINAS.COM","url":"https:\/\/noticiasmercedinas.com\/site\/","logo":{"@type":"ImageObject","inLanguage":"es","@id":"https:\/\/noticiasmercedinas.com\/site\/#\/schema\/logo\/image\/","url":"https:\/\/noticiasmercedinas.com\/site\/wp-content\/uploads\/2020\/06\/LOGO-512.jpg","contentUrl":"https:\/\/noticiasmercedinas.com\/site\/wp-content\/uploads\/2020\/06\/LOGO-512.jpg","width":512,"height":512,"caption":"NOTICIASMERCEDINAS.COM"},"image":{"@id":"https:\/\/noticiasmercedinas.com\/site\/#\/schema\/logo\/image\/"},"sameAs":["https:\/\/www.facebook.com\/noticiasmercedinas\/","https:\/\/x.com\/notmercedinas","https:\/\/www.instagram.com\/noticiasmercedinas\/"]},{"@type":"Person","@id":"https:\/\/noticiasmercedinas.com\/site\/#\/schema\/person\/ad6432d89b9d86aa1236b4352f4f9271","name":"Marcos Tabossi","image":{"@type":"ImageObject","inLanguage":"es","@id":"https:\/\/secure.gravatar.com\/avatar\/3289c5816bd32b910d17b147a61ec9a26c21417a787bc3c66c4bfd5c3ad5bd45?s=96&d=mm&r=g","url":"https:\/\/secure.gravatar.com\/avatar\/3289c5816bd32b910d17b147a61ec9a26c21417a787bc3c66c4bfd5c3ad5bd45?s=96&d=mm&r=g","contentUrl":"https:\/\/secure.gravatar.com\/avatar\/3289c5816bd32b910d17b147a61ec9a26c21417a787bc3c66c4bfd5c3ad5bd45?s=96&d=mm&r=g","caption":"Marcos Tabossi"},"description":"Psic\u00f3logo, docente y escritor. Public\u00f3 \u201cLa persona de al lado\u201d (2013) y \u201cUna especie de c\u00e1rcel\u201d (Peces de Ciudad. 2017). Particip\u00f3 con cuentos en diversas antolog\u00edas y es colaborador de sitios literarios nacionales e internacionales","sameAs":["https:\/\/www.facebook.com\/www.untalmarcost.blogspot.com.ar","https:\/\/www.instagram.com\/marcostabossi","https:\/\/x.com\/https:\/\/twitter.com\/MarcosTabossi"],"url":"https:\/\/noticiasmercedinas.com\/site\/author\/marcos-tabosssi\/"}]}},"amp_enabled":true,"_links":{"self":[{"href":"https:\/\/noticiasmercedinas.com\/site\/wp-json\/wp\/v2\/posts\/40215","targetHints":{"allow":["GET"]}}],"collection":[{"href":"https:\/\/noticiasmercedinas.com\/site\/wp-json\/wp\/v2\/posts"}],"about":[{"href":"https:\/\/noticiasmercedinas.com\/site\/wp-json\/wp\/v2\/types\/post"}],"author":[{"embeddable":true,"href":"https:\/\/noticiasmercedinas.com\/site\/wp-json\/wp\/v2\/users\/26"}],"replies":[{"embeddable":true,"href":"https:\/\/noticiasmercedinas.com\/site\/wp-json\/wp\/v2\/comments?post=40215"}],"version-history":[{"count":2,"href":"https:\/\/noticiasmercedinas.com\/site\/wp-json\/wp\/v2\/posts\/40215\/revisions"}],"predecessor-version":[{"id":40231,"href":"https:\/\/noticiasmercedinas.com\/site\/wp-json\/wp\/v2\/posts\/40215\/revisions\/40231"}],"wp:featuredmedia":[{"embeddable":true,"href":"https:\/\/noticiasmercedinas.com\/site\/wp-json\/wp\/v2\/media\/40216"}],"wp:attachment":[{"href":"https:\/\/noticiasmercedinas.com\/site\/wp-json\/wp\/v2\/media?parent=40215"}],"wp:term":[{"taxonomy":"category","embeddable":true,"href":"https:\/\/noticiasmercedinas.com\/site\/wp-json\/wp\/v2\/categories?post=40215"},{"taxonomy":"post_tag","embeddable":true,"href":"https:\/\/noticiasmercedinas.com\/site\/wp-json\/wp\/v2\/tags?post=40215"}],"curies":[{"name":"wp","href":"https:\/\/api.w.org\/{rel}","templated":true}]}}