{"id":40294,"date":"2020-02-27T22:38:16","date_gmt":"2020-02-28T01:38:16","guid":{"rendered":"https:\/\/noticiasmercedinas.com\/site\/?p=40294"},"modified":"2020-02-27T22:44:57","modified_gmt":"2020-02-28T01:44:57","slug":"llega-el-cine-movil-del-programa-recreo-a-la-trocha","status":"publish","type":"post","link":"https:\/\/noticiasmercedinas.com\/site\/2020\/02\/27\/llega-el-cine-movil-del-programa-recreo-a-la-trocha\/","title":{"rendered":"Llega el cine m\u00f3vil del programa \u00abRecreo\u00bb a La Trocha"},"content":{"rendered":"<p><img loading=\"lazy\" decoding=\"async\" class=\"alignnone size-large wp-image-40295\" src=\"https:\/\/noticiasmercedinas.com\/site\/wp-content\/uploads\/2020\/02\/recreo-cine-1024x1024.png\" alt=\"\" width=\"640\" height=\"640\" srcset=\"https:\/\/noticiasmercedinas.com\/site\/wp-content\/uploads\/2020\/02\/recreo-cine-1024x1024.png 1024w, https:\/\/noticiasmercedinas.com\/site\/wp-content\/uploads\/2020\/02\/recreo-cine-300x300.png 300w, https:\/\/noticiasmercedinas.com\/site\/wp-content\/uploads\/2020\/02\/recreo-cine-150x150.png 150w, https:\/\/noticiasmercedinas.com\/site\/wp-content\/uploads\/2020\/02\/recreo-cine-768x768.png 768w, https:\/\/noticiasmercedinas.com\/site\/wp-content\/uploads\/2020\/02\/recreo-cine-640x640.png 640w, https:\/\/noticiasmercedinas.com\/site\/wp-content\/uploads\/2020\/02\/recreo-cine-681x681.png 681w, https:\/\/noticiasmercedinas.com\/site\/wp-content\/uploads\/2020\/02\/recreo-cine.png 1280w\" sizes=\"auto, (max-width: 640px) 100vw, 640px\" \/><\/p>\n<p>Este domingo 1 de marzo, a las 20:00 horas, en el Complejo Cultural la Trocha llega el Cine M\u00f3vil.<\/p>\n<p>\u201cEs una linda propuesta para los amantes del cine y quienes deseen pasar un grato momento\u201d, coment\u00f3 Luc\u00eda Capaccio, directora de Cultura.<\/p>\n<p>La actividad es libre y gratuita y se enmarca en el \u201cPrograma Recreo\u201d de la Provincia de Buenos Aires.<\/p>\n<p>La actividad se erige como un nuevo punto de encuentro para los mercedinos que podr\u00e1n disfrutar de manera libre y gratuita de la pel\u00edcula \u201cRosita\u201d de la directora argentina Ver\u00f3nica Chen.<\/p>\n<p>Adem\u00e1s, antes de la proyecci\u00f3n, todos aquellos que concurran podr\u00e1n disfrutar de experiencias de realidad virtual.<\/p>\n<p>El evento se llevar\u00e1 adelante en el galp\u00f3n grande del Complejo Cultural la Trocha. Entrada por calle 40 entre 21 y 23.<\/p>\n<p><strong>La sinopsis<br \/>\n<\/strong>La protagonista de Rosita es Lola, una madre joven y con tres hijos: la m\u00e1s chica es la que le da t\u00edtulo al film. Ante una situaci\u00f3n personal complicada, Lola acepta la invitaci\u00f3n de su padre: mudarse a su casa con los chicos. El conflicto se dar\u00e1 cuando un d\u00eda su padre y Rosita desaparezcan sin dejar rastro.<\/p>\n<p>Clasificaci\u00f3n: apta para mayores de 13 a\u00f1os con reservas. Actores: Javier Drolas, Sof\u00eda Brito, Marcos Montes, Mariana Chaud, Dulce Wagner. Direcci\u00f3n: Ver\u00f3nica Chen. Guion: Ver\u00f3nica Chen. M\u00fasica: Juan Sorrentino<\/p>\n<p><iframe loading=\"lazy\" title=\"ROSITA | TRAILER\" width=\"640\" height=\"360\" src=\"https:\/\/www.youtube.com\/embed\/4hti_DLsSPc?feature=oembed\" frameborder=\"0\" allow=\"accelerometer; autoplay; clipboard-write; encrypted-media; gyroscope; picture-in-picture; web-share\" referrerpolicy=\"strict-origin-when-cross-origin\" allowfullscreen><\/iframe><\/p>\n<p>&nbsp;<\/p>\n","protected":false},"excerpt":{"rendered":"<p>Este domingo 1 de marzo, a las 20:00 horas, en el Complejo Cultural la Trocha llega el Cine M\u00f3vil. \u201cEs una linda propuesta para los amantes del cine y quienes deseen pasar un grato momento\u201d, coment\u00f3 Luc\u00eda Capaccio, directora de Cultura. La actividad es libre y gratuita y se enmarca en el \u201cPrograma Recreo\u201d de [&hellip;]<\/p>\n","protected":false},"author":16,"featured_media":40295,"comment_status":"open","ping_status":"open","sticky":false,"template":"","format":"standard","meta":{"footnotes":""},"categories":[4],"tags":[2510,412,8420,8421],"class_list":["post-40294","post","type-post","status-publish","format-standard","has-post-thumbnail","hentry","category-cultura","tag-centro-cultural-la-trocha","tag-cine","tag-cine-movil","tag-recreo"],"yoast_head":"<!-- This site is optimized with the Yoast SEO plugin v27.4 - https:\/\/yoast.com\/product\/yoast-seo-wordpress\/ -->\n<title>Llega el cine m\u00f3vil del programa &quot;Recreo&quot; a La Trocha<\/title>\n<meta name=\"robots\" content=\"index, follow, max-snippet:-1, max-image-preview:large, max-video-preview:-1\" \/>\n<link rel=\"canonical\" href=\"https:\/\/noticiasmercedinas.com\/site\/2020\/02\/27\/llega-el-cine-movil-del-programa-recreo-a-la-trocha\/\" \/>\n<meta property=\"og:locale\" content=\"es_ES\" \/>\n<meta property=\"og:type\" content=\"article\" \/>\n<meta property=\"og:title\" content=\"Llega el cine m\u00f3vil del programa &quot;Recreo&quot; a La Trocha\" \/>\n<meta property=\"og:description\" content=\"Este domingo 1 de marzo, a las 20:00 horas, en el Complejo Cultural la Trocha llega el Cine M\u00f3vil. \u201cEs una linda propuesta para los amantes del cine y quienes deseen pasar un grato momento\u201d, coment\u00f3 Luc\u00eda Capaccio, directora de Cultura. La actividad es libre y gratuita y se enmarca en el \u201cPrograma Recreo\u201d de [&hellip;]\" \/>\n<meta property=\"og:url\" content=\"https:\/\/noticiasmercedinas.com\/site\/2020\/02\/27\/llega-el-cine-movil-del-programa-recreo-a-la-trocha\/\" \/>\n<meta property=\"og:site_name\" content=\"NOTICIASMERCEDINAS.COM\" \/>\n<meta property=\"article:publisher\" content=\"https:\/\/www.facebook.com\/noticiasmercedinas\/\" \/>\n<meta property=\"article:published_time\" content=\"2020-02-28T01:38:16+00:00\" \/>\n<meta property=\"article:modified_time\" content=\"2020-02-28T01:44:57+00:00\" \/>\n<meta property=\"og:image\" content=\"https:\/\/noticiasmercedinas.com\/site\/wp-content\/uploads\/2020\/02\/recreo-cine.png\" \/>\n\t<meta property=\"og:image:width\" content=\"1280\" \/>\n\t<meta property=\"og:image:height\" content=\"1280\" \/>\n\t<meta property=\"og:image:type\" content=\"image\/png\" \/>\n<meta name=\"author\" content=\"NOTICIASMERCEDINAS.COM\" \/>\n<meta name=\"twitter:card\" content=\"summary_large_image\" \/>\n<meta name=\"twitter:creator\" content=\"@notmercedinas\" \/>\n<meta name=\"twitter:site\" content=\"@notmercedinas\" \/>\n<meta name=\"twitter:label1\" content=\"Escrito por\" \/>\n\t<meta name=\"twitter:data1\" content=\"NOTICIASMERCEDINAS.COM\" \/>\n\t<meta name=\"twitter:label2\" content=\"Tiempo de lectura\" \/>\n\t<meta name=\"twitter:data2\" content=\"1 minuto\" \/>\n<script type=\"application\/ld+json\" class=\"yoast-schema-graph\">{\"@context\":\"https:\\\/\\\/schema.org\",\"@graph\":[{\"@type\":\"Article\",\"@id\":\"https:\\\/\\\/noticiasmercedinas.com\\\/site\\\/2020\\\/02\\\/27\\\/llega-el-cine-movil-del-programa-recreo-a-la-trocha\\\/#article\",\"isPartOf\":{\"@id\":\"https:\\\/\\\/noticiasmercedinas.com\\\/site\\\/2020\\\/02\\\/27\\\/llega-el-cine-movil-del-programa-recreo-a-la-trocha\\\/\"},\"author\":{\"name\":\"NOTICIASMERCEDINAS.COM\",\"@id\":\"https:\\\/\\\/noticiasmercedinas.com\\\/site\\\/#\\\/schema\\\/person\\\/84b59c099c28ff2e8b77d4ceec5d8063\"},\"headline\":\"Llega el cine m\u00f3vil del programa \u00abRecreo\u00bb a La Trocha\",\"datePublished\":\"2020-02-28T01:38:16+00:00\",\"dateModified\":\"2020-02-28T01:44:57+00:00\",\"mainEntityOfPage\":{\"@id\":\"https:\\\/\\\/noticiasmercedinas.com\\\/site\\\/2020\\\/02\\\/27\\\/llega-el-cine-movil-del-programa-recreo-a-la-trocha\\\/\"},\"wordCount\":250,\"commentCount\":0,\"publisher\":{\"@id\":\"https:\\\/\\\/noticiasmercedinas.com\\\/site\\\/#organization\"},\"image\":{\"@id\":\"https:\\\/\\\/noticiasmercedinas.com\\\/site\\\/2020\\\/02\\\/27\\\/llega-el-cine-movil-del-programa-recreo-a-la-trocha\\\/#primaryimage\"},\"thumbnailUrl\":\"https:\\\/\\\/noticiasmercedinas.com\\\/site\\\/wp-content\\\/uploads\\\/2020\\\/02\\\/recreo-cine.png\",\"keywords\":[\"centro cultural la trocha\",\"cine\",\"cine movil\",\"recreo\"],\"articleSection\":[\"Cultura\"],\"inLanguage\":\"es\",\"potentialAction\":[{\"@type\":\"CommentAction\",\"name\":\"Comment\",\"target\":[\"https:\\\/\\\/noticiasmercedinas.com\\\/site\\\/2020\\\/02\\\/27\\\/llega-el-cine-movil-del-programa-recreo-a-la-trocha\\\/#respond\"]}]},{\"@type\":\"WebPage\",\"@id\":\"https:\\\/\\\/noticiasmercedinas.com\\\/site\\\/2020\\\/02\\\/27\\\/llega-el-cine-movil-del-programa-recreo-a-la-trocha\\\/\",\"url\":\"https:\\\/\\\/noticiasmercedinas.com\\\/site\\\/2020\\\/02\\\/27\\\/llega-el-cine-movil-del-programa-recreo-a-la-trocha\\\/\",\"name\":\"Llega el cine m\u00f3vil del programa \\\"Recreo\\\" a La Trocha\",\"isPartOf\":{\"@id\":\"https:\\\/\\\/noticiasmercedinas.com\\\/site\\\/#website\"},\"primaryImageOfPage\":{\"@id\":\"https:\\\/\\\/noticiasmercedinas.com\\\/site\\\/2020\\\/02\\\/27\\\/llega-el-cine-movil-del-programa-recreo-a-la-trocha\\\/#primaryimage\"},\"image\":{\"@id\":\"https:\\\/\\\/noticiasmercedinas.com\\\/site\\\/2020\\\/02\\\/27\\\/llega-el-cine-movil-del-programa-recreo-a-la-trocha\\\/#primaryimage\"},\"thumbnailUrl\":\"https:\\\/\\\/noticiasmercedinas.com\\\/site\\\/wp-content\\\/uploads\\\/2020\\\/02\\\/recreo-cine.png\",\"datePublished\":\"2020-02-28T01:38:16+00:00\",\"dateModified\":\"2020-02-28T01:44:57+00:00\",\"breadcrumb\":{\"@id\":\"https:\\\/\\\/noticiasmercedinas.com\\\/site\\\/2020\\\/02\\\/27\\\/llega-el-cine-movil-del-programa-recreo-a-la-trocha\\\/#breadcrumb\"},\"inLanguage\":\"es\",\"potentialAction\":[{\"@type\":\"ReadAction\",\"target\":[\"https:\\\/\\\/noticiasmercedinas.com\\\/site\\\/2020\\\/02\\\/27\\\/llega-el-cine-movil-del-programa-recreo-a-la-trocha\\\/\"]}]},{\"@type\":\"ImageObject\",\"inLanguage\":\"es\",\"@id\":\"https:\\\/\\\/noticiasmercedinas.com\\\/site\\\/2020\\\/02\\\/27\\\/llega-el-cine-movil-del-programa-recreo-a-la-trocha\\\/#primaryimage\",\"url\":\"https:\\\/\\\/noticiasmercedinas.com\\\/site\\\/wp-content\\\/uploads\\\/2020\\\/02\\\/recreo-cine.png\",\"contentUrl\":\"https:\\\/\\\/noticiasmercedinas.com\\\/site\\\/wp-content\\\/uploads\\\/2020\\\/02\\\/recreo-cine.png\",\"width\":1280,\"height\":1280},{\"@type\":\"BreadcrumbList\",\"@id\":\"https:\\\/\\\/noticiasmercedinas.com\\\/site\\\/2020\\\/02\\\/27\\\/llega-el-cine-movil-del-programa-recreo-a-la-trocha\\\/#breadcrumb\",\"itemListElement\":[{\"@type\":\"ListItem\",\"position\":1,\"name\":\"Portada\",\"item\":\"https:\\\/\\\/noticiasmercedinas.com\\\/site\\\/\"},{\"@type\":\"ListItem\",\"position\":2,\"name\":\"Llega el cine m\u00f3vil del programa \u00abRecreo\u00bb a La Trocha\"}]},{\"@type\":\"WebSite\",\"@id\":\"https:\\\/\\\/noticiasmercedinas.com\\\/site\\\/#website\",\"url\":\"https:\\\/\\\/noticiasmercedinas.com\\\/site\\\/\",\"name\":\"NOTICIASMERCEDINAS.COM\",\"description\":\"Mercedes, Buenos Aires, Argentina\",\"publisher\":{\"@id\":\"https:\\\/\\\/noticiasmercedinas.com\\\/site\\\/#organization\"},\"potentialAction\":[{\"@type\":\"SearchAction\",\"target\":{\"@type\":\"EntryPoint\",\"urlTemplate\":\"https:\\\/\\\/noticiasmercedinas.com\\\/site\\\/?s={search_term_string}\"},\"query-input\":{\"@type\":\"PropertyValueSpecification\",\"valueRequired\":true,\"valueName\":\"search_term_string\"}}],\"inLanguage\":\"es\"},{\"@type\":\"Organization\",\"@id\":\"https:\\\/\\\/noticiasmercedinas.com\\\/site\\\/#organization\",\"name\":\"NOTICIASMERCEDINAS.COM\",\"url\":\"https:\\\/\\\/noticiasmercedinas.com\\\/site\\\/\",\"logo\":{\"@type\":\"ImageObject\",\"inLanguage\":\"es\",\"@id\":\"https:\\\/\\\/noticiasmercedinas.com\\\/site\\\/#\\\/schema\\\/logo\\\/image\\\/\",\"url\":\"https:\\\/\\\/noticiasmercedinas.com\\\/site\\\/wp-content\\\/uploads\\\/2020\\\/06\\\/LOGO-512.jpg\",\"contentUrl\":\"https:\\\/\\\/noticiasmercedinas.com\\\/site\\\/wp-content\\\/uploads\\\/2020\\\/06\\\/LOGO-512.jpg\",\"width\":512,\"height\":512,\"caption\":\"NOTICIASMERCEDINAS.COM\"},\"image\":{\"@id\":\"https:\\\/\\\/noticiasmercedinas.com\\\/site\\\/#\\\/schema\\\/logo\\\/image\\\/\"},\"sameAs\":[\"https:\\\/\\\/www.facebook.com\\\/noticiasmercedinas\\\/\",\"https:\\\/\\\/x.com\\\/notmercedinas\",\"https:\\\/\\\/www.instagram.com\\\/noticiasmercedinas\\\/\"]},{\"@type\":\"Person\",\"@id\":\"https:\\\/\\\/noticiasmercedinas.com\\\/site\\\/#\\\/schema\\\/person\\\/84b59c099c28ff2e8b77d4ceec5d8063\",\"name\":\"NOTICIASMERCEDINAS.COM\",\"image\":{\"@type\":\"ImageObject\",\"inLanguage\":\"es\",\"@id\":\"https:\\\/\\\/secure.gravatar.com\\\/avatar\\\/4dfbf16b4d17945bfb6341b2d19043457132fcf478a5ee04f42e959fd8f5df0a?s=96&d=mm&r=g\",\"url\":\"https:\\\/\\\/secure.gravatar.com\\\/avatar\\\/4dfbf16b4d17945bfb6341b2d19043457132fcf478a5ee04f42e959fd8f5df0a?s=96&d=mm&r=g\",\"contentUrl\":\"https:\\\/\\\/secure.gravatar.com\\\/avatar\\\/4dfbf16b4d17945bfb6341b2d19043457132fcf478a5ee04f42e959fd8f5df0a?s=96&d=mm&r=g\",\"caption\":\"NOTICIASMERCEDINAS.COM\"},\"url\":\"https:\\\/\\\/noticiasmercedinas.com\\\/site\\\/author\\\/anonimo\\\/\"}]}<\/script>\n<!-- \/ Yoast SEO plugin. -->","yoast_head_json":{"title":"Llega el cine m\u00f3vil del programa \"Recreo\" a La Trocha","robots":{"index":"index","follow":"follow","max-snippet":"max-snippet:-1","max-image-preview":"max-image-preview:large","max-video-preview":"max-video-preview:-1"},"canonical":"https:\/\/noticiasmercedinas.com\/site\/2020\/02\/27\/llega-el-cine-movil-del-programa-recreo-a-la-trocha\/","og_locale":"es_ES","og_type":"article","og_title":"Llega el cine m\u00f3vil del programa \"Recreo\" a La Trocha","og_description":"Este domingo 1 de marzo, a las 20:00 horas, en el Complejo Cultural la Trocha llega el Cine M\u00f3vil. \u201cEs una linda propuesta para los amantes del cine y quienes deseen pasar un grato momento\u201d, coment\u00f3 Luc\u00eda Capaccio, directora de Cultura. La actividad es libre y gratuita y se enmarca en el \u201cPrograma Recreo\u201d de [&hellip;]","og_url":"https:\/\/noticiasmercedinas.com\/site\/2020\/02\/27\/llega-el-cine-movil-del-programa-recreo-a-la-trocha\/","og_site_name":"NOTICIASMERCEDINAS.COM","article_publisher":"https:\/\/www.facebook.com\/noticiasmercedinas\/","article_published_time":"2020-02-28T01:38:16+00:00","article_modified_time":"2020-02-28T01:44:57+00:00","og_image":[{"width":1280,"height":1280,"url":"https:\/\/noticiasmercedinas.com\/site\/wp-content\/uploads\/2020\/02\/recreo-cine.png","type":"image\/png"}],"author":"NOTICIASMERCEDINAS.COM","twitter_card":"summary_large_image","twitter_creator":"@notmercedinas","twitter_site":"@notmercedinas","twitter_misc":{"Escrito por":"NOTICIASMERCEDINAS.COM","Tiempo de lectura":"1 minuto"},"schema":{"@context":"https:\/\/schema.org","@graph":[{"@type":"Article","@id":"https:\/\/noticiasmercedinas.com\/site\/2020\/02\/27\/llega-el-cine-movil-del-programa-recreo-a-la-trocha\/#article","isPartOf":{"@id":"https:\/\/noticiasmercedinas.com\/site\/2020\/02\/27\/llega-el-cine-movil-del-programa-recreo-a-la-trocha\/"},"author":{"name":"NOTICIASMERCEDINAS.COM","@id":"https:\/\/noticiasmercedinas.com\/site\/#\/schema\/person\/84b59c099c28ff2e8b77d4ceec5d8063"},"headline":"Llega el cine m\u00f3vil del programa \u00abRecreo\u00bb a La Trocha","datePublished":"2020-02-28T01:38:16+00:00","dateModified":"2020-02-28T01:44:57+00:00","mainEntityOfPage":{"@id":"https:\/\/noticiasmercedinas.com\/site\/2020\/02\/27\/llega-el-cine-movil-del-programa-recreo-a-la-trocha\/"},"wordCount":250,"commentCount":0,"publisher":{"@id":"https:\/\/noticiasmercedinas.com\/site\/#organization"},"image":{"@id":"https:\/\/noticiasmercedinas.com\/site\/2020\/02\/27\/llega-el-cine-movil-del-programa-recreo-a-la-trocha\/#primaryimage"},"thumbnailUrl":"https:\/\/noticiasmercedinas.com\/site\/wp-content\/uploads\/2020\/02\/recreo-cine.png","keywords":["centro cultural la trocha","cine","cine movil","recreo"],"articleSection":["Cultura"],"inLanguage":"es","potentialAction":[{"@type":"CommentAction","name":"Comment","target":["https:\/\/noticiasmercedinas.com\/site\/2020\/02\/27\/llega-el-cine-movil-del-programa-recreo-a-la-trocha\/#respond"]}]},{"@type":"WebPage","@id":"https:\/\/noticiasmercedinas.com\/site\/2020\/02\/27\/llega-el-cine-movil-del-programa-recreo-a-la-trocha\/","url":"https:\/\/noticiasmercedinas.com\/site\/2020\/02\/27\/llega-el-cine-movil-del-programa-recreo-a-la-trocha\/","name":"Llega el cine m\u00f3vil del programa \"Recreo\" a La Trocha","isPartOf":{"@id":"https:\/\/noticiasmercedinas.com\/site\/#website"},"primaryImageOfPage":{"@id":"https:\/\/noticiasmercedinas.com\/site\/2020\/02\/27\/llega-el-cine-movil-del-programa-recreo-a-la-trocha\/#primaryimage"},"image":{"@id":"https:\/\/noticiasmercedinas.com\/site\/2020\/02\/27\/llega-el-cine-movil-del-programa-recreo-a-la-trocha\/#primaryimage"},"thumbnailUrl":"https:\/\/noticiasmercedinas.com\/site\/wp-content\/uploads\/2020\/02\/recreo-cine.png","datePublished":"2020-02-28T01:38:16+00:00","dateModified":"2020-02-28T01:44:57+00:00","breadcrumb":{"@id":"https:\/\/noticiasmercedinas.com\/site\/2020\/02\/27\/llega-el-cine-movil-del-programa-recreo-a-la-trocha\/#breadcrumb"},"inLanguage":"es","potentialAction":[{"@type":"ReadAction","target":["https:\/\/noticiasmercedinas.com\/site\/2020\/02\/27\/llega-el-cine-movil-del-programa-recreo-a-la-trocha\/"]}]},{"@type":"ImageObject","inLanguage":"es","@id":"https:\/\/noticiasmercedinas.com\/site\/2020\/02\/27\/llega-el-cine-movil-del-programa-recreo-a-la-trocha\/#primaryimage","url":"https:\/\/noticiasmercedinas.com\/site\/wp-content\/uploads\/2020\/02\/recreo-cine.png","contentUrl":"https:\/\/noticiasmercedinas.com\/site\/wp-content\/uploads\/2020\/02\/recreo-cine.png","width":1280,"height":1280},{"@type":"BreadcrumbList","@id":"https:\/\/noticiasmercedinas.com\/site\/2020\/02\/27\/llega-el-cine-movil-del-programa-recreo-a-la-trocha\/#breadcrumb","itemListElement":[{"@type":"ListItem","position":1,"name":"Portada","item":"https:\/\/noticiasmercedinas.com\/site\/"},{"@type":"ListItem","position":2,"name":"Llega el cine m\u00f3vil del programa \u00abRecreo\u00bb a La Trocha"}]},{"@type":"WebSite","@id":"https:\/\/noticiasmercedinas.com\/site\/#website","url":"https:\/\/noticiasmercedinas.com\/site\/","name":"NOTICIASMERCEDINAS.COM","description":"Mercedes, Buenos Aires, Argentina","publisher":{"@id":"https:\/\/noticiasmercedinas.com\/site\/#organization"},"potentialAction":[{"@type":"SearchAction","target":{"@type":"EntryPoint","urlTemplate":"https:\/\/noticiasmercedinas.com\/site\/?s={search_term_string}"},"query-input":{"@type":"PropertyValueSpecification","valueRequired":true,"valueName":"search_term_string"}}],"inLanguage":"es"},{"@type":"Organization","@id":"https:\/\/noticiasmercedinas.com\/site\/#organization","name":"NOTICIASMERCEDINAS.COM","url":"https:\/\/noticiasmercedinas.com\/site\/","logo":{"@type":"ImageObject","inLanguage":"es","@id":"https:\/\/noticiasmercedinas.com\/site\/#\/schema\/logo\/image\/","url":"https:\/\/noticiasmercedinas.com\/site\/wp-content\/uploads\/2020\/06\/LOGO-512.jpg","contentUrl":"https:\/\/noticiasmercedinas.com\/site\/wp-content\/uploads\/2020\/06\/LOGO-512.jpg","width":512,"height":512,"caption":"NOTICIASMERCEDINAS.COM"},"image":{"@id":"https:\/\/noticiasmercedinas.com\/site\/#\/schema\/logo\/image\/"},"sameAs":["https:\/\/www.facebook.com\/noticiasmercedinas\/","https:\/\/x.com\/notmercedinas","https:\/\/www.instagram.com\/noticiasmercedinas\/"]},{"@type":"Person","@id":"https:\/\/noticiasmercedinas.com\/site\/#\/schema\/person\/84b59c099c28ff2e8b77d4ceec5d8063","name":"NOTICIASMERCEDINAS.COM","image":{"@type":"ImageObject","inLanguage":"es","@id":"https:\/\/secure.gravatar.com\/avatar\/4dfbf16b4d17945bfb6341b2d19043457132fcf478a5ee04f42e959fd8f5df0a?s=96&d=mm&r=g","url":"https:\/\/secure.gravatar.com\/avatar\/4dfbf16b4d17945bfb6341b2d19043457132fcf478a5ee04f42e959fd8f5df0a?s=96&d=mm&r=g","contentUrl":"https:\/\/secure.gravatar.com\/avatar\/4dfbf16b4d17945bfb6341b2d19043457132fcf478a5ee04f42e959fd8f5df0a?s=96&d=mm&r=g","caption":"NOTICIASMERCEDINAS.COM"},"url":"https:\/\/noticiasmercedinas.com\/site\/author\/anonimo\/"}]}},"amp_enabled":true,"_links":{"self":[{"href":"https:\/\/noticiasmercedinas.com\/site\/wp-json\/wp\/v2\/posts\/40294","targetHints":{"allow":["GET"]}}],"collection":[{"href":"https:\/\/noticiasmercedinas.com\/site\/wp-json\/wp\/v2\/posts"}],"about":[{"href":"https:\/\/noticiasmercedinas.com\/site\/wp-json\/wp\/v2\/types\/post"}],"author":[{"embeddable":true,"href":"https:\/\/noticiasmercedinas.com\/site\/wp-json\/wp\/v2\/users\/16"}],"replies":[{"embeddable":true,"href":"https:\/\/noticiasmercedinas.com\/site\/wp-json\/wp\/v2\/comments?post=40294"}],"version-history":[{"count":2,"href":"https:\/\/noticiasmercedinas.com\/site\/wp-json\/wp\/v2\/posts\/40294\/revisions"}],"predecessor-version":[{"id":40298,"href":"https:\/\/noticiasmercedinas.com\/site\/wp-json\/wp\/v2\/posts\/40294\/revisions\/40298"}],"wp:featuredmedia":[{"embeddable":true,"href":"https:\/\/noticiasmercedinas.com\/site\/wp-json\/wp\/v2\/media\/40295"}],"wp:attachment":[{"href":"https:\/\/noticiasmercedinas.com\/site\/wp-json\/wp\/v2\/media?parent=40294"}],"wp:term":[{"taxonomy":"category","embeddable":true,"href":"https:\/\/noticiasmercedinas.com\/site\/wp-json\/wp\/v2\/categories?post=40294"},{"taxonomy":"post_tag","embeddable":true,"href":"https:\/\/noticiasmercedinas.com\/site\/wp-json\/wp\/v2\/tags?post=40294"}],"curies":[{"name":"wp","href":"https:\/\/api.w.org\/{rel}","templated":true}]}}