{"id":40312,"date":"2020-02-28T07:50:24","date_gmt":"2020-02-28T10:50:24","guid":{"rendered":"https:\/\/noticiasmercedinas.com\/site\/2020\/02\/28\/discuten-con-alumnos-sobre-ultimo-primer-dia-de-clases-y-pintadas\/"},"modified":"2020-02-28T07:50:24","modified_gmt":"2020-02-28T10:50:24","slug":"discuten-con-alumnos-sobre-ultimo-primer-dia-de-clases-y-pintadas","status":"publish","type":"post","link":"https:\/\/noticiasmercedinas.com\/site\/2020\/02\/28\/discuten-con-alumnos-sobre-ultimo-primer-dia-de-clases-y-pintadas\/","title":{"rendered":"Discuten con alumnos sobre \u00faltimo primer d\u00eda de clases y pintadas"},"content":{"rendered":"<p><img loading=\"lazy\" decoding=\"async\" class=\"wp-image-40310 alignnone size-full\" src=\"https:\/\/noticiasmercedinas.com\/site\/wp-content\/uploads\/2020\/02\/wp-15828864165944745704347970601124.jpg\" width=\"1032\" height=\"581\" srcset=\"https:\/\/noticiasmercedinas.com\/site\/wp-content\/uploads\/2020\/02\/wp-15828864165944745704347970601124.jpg 1032w, https:\/\/noticiasmercedinas.com\/site\/wp-content\/uploads\/2020\/02\/wp-15828864165944745704347970601124-300x169.jpg 300w, https:\/\/noticiasmercedinas.com\/site\/wp-content\/uploads\/2020\/02\/wp-15828864165944745704347970601124-1024x576.jpg 1024w, https:\/\/noticiasmercedinas.com\/site\/wp-content\/uploads\/2020\/02\/wp-15828864165944745704347970601124-768x432.jpg 768w, https:\/\/noticiasmercedinas.com\/site\/wp-content\/uploads\/2020\/02\/wp-15828864165944745704347970601124-640x360.jpg 640w, https:\/\/noticiasmercedinas.com\/site\/wp-content\/uploads\/2020\/02\/wp-15828864165944745704347970601124-681x383.jpg 681w\" sizes=\"auto, (max-width: 1032px) 100vw, 1032px\" \/><\/p>\n<p>Juventud se reuni\u00f3 con la promoci\u00f3n 2020 en el marco del programa \u201cTu escuela, mi escuela\u201d.<\/p>\n<p>En el \u00e1mbito de la Secretaria de Desarrollo Social se concret\u00f3 una primera reuni\u00f3n con representantes de distintas instituciones educativas. Son j\u00f3venes de la promoci\u00f3n 2020 convocados para avanzar en acciones y propuestas en conjunto.<\/p>\n<p>Como todos los a\u00f1os, hay un acercamiento y di\u00e1logo a modo de generar un v\u00ednculo que permita organizar en marcos seguros los festejos y actividades que lleven adelante. El \u00daltimo Primer D\u00eda de Clases, tambi\u00e9n conocido como \u00abUPD\u00bb y la pintada en la calle de cada Escuela, motivo del egreso fueron dos temas importantes que se conversaron.<\/p>\n<p>Eugenia C\u00f3dega, Directora de Juventud, expres\u00f3 que \u00abjunto a nuestro Intendente siempre continuamos trabajando a\u00f1o a a\u00f1o en una pol\u00edtica de acercamiento, acompa\u00f1amiento y organizaci\u00f3n junto a los j\u00f3venes\u00bb, y destac\u00f3 que \u201cellos son los protagonistas, nosotros los asistimos, escuchamos y generamos acciones con su mirada siempre novedosa y creativa\u201d.<\/p>\n<p>Tambi\u00e9n estuvo presente Gonzalo Anselmo, del \u00e1rea de Seguridad y Tr\u00e1nsito, quien tambi\u00e9n transmiti\u00f3 las normativas existentes a modo de garantizar su cumplimiento, informando e invitando a la formaci\u00f3n de los j\u00f3venes.<\/p>\n<p>El programa \u00abTu Escuela, Mi Escuela\u00bb fue un eje central ya que en el mismo se establece no cometer escraches en las fachadas de las Escuelas y en el caso de suceder, todos los j\u00f3venes de las Escuelas del \u00faltimo a\u00f1o deber\u00e1n arreglarla y ponerla en valor.<\/p>\n<p>Todos los j\u00f3venes presentes  en representaci\u00f3n de su curso firmaron el acuerdo compromiso.<\/p>\n<p>Y C\u00f6dega indic\u00f3 que a los j\u00f3venes se los not\u00f3 muy comprometidos en trabajar mancomunadamente.<\/p>\n","protected":false},"excerpt":{"rendered":"<p>Juventud se reuni\u00f3 con la promoci\u00f3n 2020 en el marco del programa \u201cTu escuela, mi escuela\u201d. En el \u00e1mbito de la Secretaria de Desarrollo Social se concret\u00f3 una primera reuni\u00f3n con representantes de distintas instituciones educativas. Son j\u00f3venes de la promoci\u00f3n 2020 convocados para avanzar en acciones y propuestas en conjunto. Como todos los a\u00f1os, [&hellip;]<\/p>\n","protected":false},"author":2,"featured_media":40310,"comment_status":"open","ping_status":"open","sticky":false,"template":"","format":"standard","meta":{"footnotes":""},"categories":[3],"tags":[18,8424,7758,154,8423],"class_list":["post-40312","post","type-post","status-publish","format-standard","has-post-thumbnail","hentry","category-sociedad","tag-escuelas","tag-eugenia-colega","tag-gonzalo-anselmo","tag-juventud","tag-upd"],"yoast_head":"<!-- This site is optimized with the Yoast SEO plugin v27.4 - https:\/\/yoast.com\/product\/yoast-seo-wordpress\/ -->\n<title>Discuten con alumnos sobre \u00faltimo primer d\u00eda de clases y pintadas<\/title>\n<meta name=\"robots\" content=\"index, follow, max-snippet:-1, max-image-preview:large, max-video-preview:-1\" \/>\n<link rel=\"canonical\" href=\"https:\/\/noticiasmercedinas.com\/site\/2020\/02\/28\/discuten-con-alumnos-sobre-ultimo-primer-dia-de-clases-y-pintadas\/\" \/>\n<meta property=\"og:locale\" content=\"es_ES\" \/>\n<meta property=\"og:type\" content=\"article\" \/>\n<meta property=\"og:title\" content=\"Discuten con alumnos sobre \u00faltimo primer d\u00eda de clases y pintadas\" \/>\n<meta property=\"og:description\" content=\"Juventud se reuni\u00f3 con la promoci\u00f3n 2020 en el marco del programa \u201cTu escuela, mi escuela\u201d. En el \u00e1mbito de la Secretaria de Desarrollo Social se concret\u00f3 una primera reuni\u00f3n con representantes de distintas instituciones educativas. Son j\u00f3venes de la promoci\u00f3n 2020 convocados para avanzar en acciones y propuestas en conjunto. Como todos los a\u00f1os, [&hellip;]\" \/>\n<meta property=\"og:url\" content=\"https:\/\/noticiasmercedinas.com\/site\/2020\/02\/28\/discuten-con-alumnos-sobre-ultimo-primer-dia-de-clases-y-pintadas\/\" \/>\n<meta property=\"og:site_name\" content=\"NOTICIASMERCEDINAS.COM\" \/>\n<meta property=\"article:publisher\" content=\"https:\/\/www.facebook.com\/noticiasmercedinas\/\" \/>\n<meta property=\"article:author\" content=\"https:\/\/www.facebook.com\/cristian.falabella\" \/>\n<meta property=\"article:published_time\" content=\"2020-02-28T10:50:24+00:00\" \/>\n<meta property=\"og:image\" content=\"https:\/\/noticiasmercedinas.com\/site\/wp-content\/uploads\/2020\/02\/wp-15828864165944745704347970601124.jpg\" \/>\n\t<meta property=\"og:image:width\" content=\"1032\" \/>\n\t<meta property=\"og:image:height\" content=\"581\" \/>\n\t<meta property=\"og:image:type\" content=\"image\/jpeg\" \/>\n<meta name=\"author\" content=\"Cristian Falabella NOTICIASMERCEDINAS.COM\" \/>\n<meta name=\"twitter:card\" content=\"summary_large_image\" \/>\n<meta name=\"twitter:creator\" content=\"@https:\/\/twitter.com\/NOTMERCEDINAS\" \/>\n<meta name=\"twitter:site\" content=\"@notmercedinas\" \/>\n<meta name=\"twitter:label1\" content=\"Escrito por\" \/>\n\t<meta name=\"twitter:data1\" content=\"Cristian Falabella NOTICIASMERCEDINAS.COM\" \/>\n\t<meta name=\"twitter:label2\" content=\"Tiempo de lectura\" \/>\n\t<meta name=\"twitter:data2\" content=\"1 minuto\" \/>\n<script type=\"application\/ld+json\" class=\"yoast-schema-graph\">{\"@context\":\"https:\\\/\\\/schema.org\",\"@graph\":[{\"@type\":\"Article\",\"@id\":\"https:\\\/\\\/noticiasmercedinas.com\\\/site\\\/2020\\\/02\\\/28\\\/discuten-con-alumnos-sobre-ultimo-primer-dia-de-clases-y-pintadas\\\/#article\",\"isPartOf\":{\"@id\":\"https:\\\/\\\/noticiasmercedinas.com\\\/site\\\/2020\\\/02\\\/28\\\/discuten-con-alumnos-sobre-ultimo-primer-dia-de-clases-y-pintadas\\\/\"},\"author\":{\"name\":\"Cristian Falabella NOTICIASMERCEDINAS.COM\",\"@id\":\"https:\\\/\\\/noticiasmercedinas.com\\\/site\\\/#\\\/schema\\\/person\\\/d481a9696a5feaec13a60e2bbd991a6a\"},\"headline\":\"Discuten con alumnos sobre \u00faltimo primer d\u00eda de clases y pintadas\",\"datePublished\":\"2020-02-28T10:50:24+00:00\",\"mainEntityOfPage\":{\"@id\":\"https:\\\/\\\/noticiasmercedinas.com\\\/site\\\/2020\\\/02\\\/28\\\/discuten-con-alumnos-sobre-ultimo-primer-dia-de-clases-y-pintadas\\\/\"},\"wordCount\":303,\"commentCount\":0,\"publisher\":{\"@id\":\"https:\\\/\\\/noticiasmercedinas.com\\\/site\\\/#organization\"},\"image\":{\"@id\":\"https:\\\/\\\/noticiasmercedinas.com\\\/site\\\/2020\\\/02\\\/28\\\/discuten-con-alumnos-sobre-ultimo-primer-dia-de-clases-y-pintadas\\\/#primaryimage\"},\"thumbnailUrl\":\"https:\\\/\\\/noticiasmercedinas.com\\\/site\\\/wp-content\\\/uploads\\\/2020\\\/02\\\/wp-15828864165944745704347970601124.jpg\",\"keywords\":[\"escuelas\",\"eugenia colega\",\"gonzalo anselmo\",\"juventud\",\"upd\"],\"articleSection\":[\"Sociedad\"],\"inLanguage\":\"es\",\"potentialAction\":[{\"@type\":\"CommentAction\",\"name\":\"Comment\",\"target\":[\"https:\\\/\\\/noticiasmercedinas.com\\\/site\\\/2020\\\/02\\\/28\\\/discuten-con-alumnos-sobre-ultimo-primer-dia-de-clases-y-pintadas\\\/#respond\"]}]},{\"@type\":\"WebPage\",\"@id\":\"https:\\\/\\\/noticiasmercedinas.com\\\/site\\\/2020\\\/02\\\/28\\\/discuten-con-alumnos-sobre-ultimo-primer-dia-de-clases-y-pintadas\\\/\",\"url\":\"https:\\\/\\\/noticiasmercedinas.com\\\/site\\\/2020\\\/02\\\/28\\\/discuten-con-alumnos-sobre-ultimo-primer-dia-de-clases-y-pintadas\\\/\",\"name\":\"Discuten con alumnos sobre \u00faltimo primer d\u00eda de clases y pintadas\",\"isPartOf\":{\"@id\":\"https:\\\/\\\/noticiasmercedinas.com\\\/site\\\/#website\"},\"primaryImageOfPage\":{\"@id\":\"https:\\\/\\\/noticiasmercedinas.com\\\/site\\\/2020\\\/02\\\/28\\\/discuten-con-alumnos-sobre-ultimo-primer-dia-de-clases-y-pintadas\\\/#primaryimage\"},\"image\":{\"@id\":\"https:\\\/\\\/noticiasmercedinas.com\\\/site\\\/2020\\\/02\\\/28\\\/discuten-con-alumnos-sobre-ultimo-primer-dia-de-clases-y-pintadas\\\/#primaryimage\"},\"thumbnailUrl\":\"https:\\\/\\\/noticiasmercedinas.com\\\/site\\\/wp-content\\\/uploads\\\/2020\\\/02\\\/wp-15828864165944745704347970601124.jpg\",\"datePublished\":\"2020-02-28T10:50:24+00:00\",\"breadcrumb\":{\"@id\":\"https:\\\/\\\/noticiasmercedinas.com\\\/site\\\/2020\\\/02\\\/28\\\/discuten-con-alumnos-sobre-ultimo-primer-dia-de-clases-y-pintadas\\\/#breadcrumb\"},\"inLanguage\":\"es\",\"potentialAction\":[{\"@type\":\"ReadAction\",\"target\":[\"https:\\\/\\\/noticiasmercedinas.com\\\/site\\\/2020\\\/02\\\/28\\\/discuten-con-alumnos-sobre-ultimo-primer-dia-de-clases-y-pintadas\\\/\"]}]},{\"@type\":\"ImageObject\",\"inLanguage\":\"es\",\"@id\":\"https:\\\/\\\/noticiasmercedinas.com\\\/site\\\/2020\\\/02\\\/28\\\/discuten-con-alumnos-sobre-ultimo-primer-dia-de-clases-y-pintadas\\\/#primaryimage\",\"url\":\"https:\\\/\\\/noticiasmercedinas.com\\\/site\\\/wp-content\\\/uploads\\\/2020\\\/02\\\/wp-15828864165944745704347970601124.jpg\",\"contentUrl\":\"https:\\\/\\\/noticiasmercedinas.com\\\/site\\\/wp-content\\\/uploads\\\/2020\\\/02\\\/wp-15828864165944745704347970601124.jpg\",\"width\":1032,\"height\":581},{\"@type\":\"BreadcrumbList\",\"@id\":\"https:\\\/\\\/noticiasmercedinas.com\\\/site\\\/2020\\\/02\\\/28\\\/discuten-con-alumnos-sobre-ultimo-primer-dia-de-clases-y-pintadas\\\/#breadcrumb\",\"itemListElement\":[{\"@type\":\"ListItem\",\"position\":1,\"name\":\"Portada\",\"item\":\"https:\\\/\\\/noticiasmercedinas.com\\\/site\\\/\"},{\"@type\":\"ListItem\",\"position\":2,\"name\":\"Discuten con alumnos sobre \u00faltimo primer d\u00eda de clases y pintadas\"}]},{\"@type\":\"WebSite\",\"@id\":\"https:\\\/\\\/noticiasmercedinas.com\\\/site\\\/#website\",\"url\":\"https:\\\/\\\/noticiasmercedinas.com\\\/site\\\/\",\"name\":\"NOTICIASMERCEDINAS.COM\",\"description\":\"Mercedes, Buenos Aires, Argentina\",\"publisher\":{\"@id\":\"https:\\\/\\\/noticiasmercedinas.com\\\/site\\\/#organization\"},\"potentialAction\":[{\"@type\":\"SearchAction\",\"target\":{\"@type\":\"EntryPoint\",\"urlTemplate\":\"https:\\\/\\\/noticiasmercedinas.com\\\/site\\\/?s={search_term_string}\"},\"query-input\":{\"@type\":\"PropertyValueSpecification\",\"valueRequired\":true,\"valueName\":\"search_term_string\"}}],\"inLanguage\":\"es\"},{\"@type\":\"Organization\",\"@id\":\"https:\\\/\\\/noticiasmercedinas.com\\\/site\\\/#organization\",\"name\":\"NOTICIASMERCEDINAS.COM\",\"url\":\"https:\\\/\\\/noticiasmercedinas.com\\\/site\\\/\",\"logo\":{\"@type\":\"ImageObject\",\"inLanguage\":\"es\",\"@id\":\"https:\\\/\\\/noticiasmercedinas.com\\\/site\\\/#\\\/schema\\\/logo\\\/image\\\/\",\"url\":\"https:\\\/\\\/noticiasmercedinas.com\\\/site\\\/wp-content\\\/uploads\\\/2020\\\/06\\\/LOGO-512.jpg\",\"contentUrl\":\"https:\\\/\\\/noticiasmercedinas.com\\\/site\\\/wp-content\\\/uploads\\\/2020\\\/06\\\/LOGO-512.jpg\",\"width\":512,\"height\":512,\"caption\":\"NOTICIASMERCEDINAS.COM\"},\"image\":{\"@id\":\"https:\\\/\\\/noticiasmercedinas.com\\\/site\\\/#\\\/schema\\\/logo\\\/image\\\/\"},\"sameAs\":[\"https:\\\/\\\/www.facebook.com\\\/noticiasmercedinas\\\/\",\"https:\\\/\\\/x.com\\\/notmercedinas\",\"https:\\\/\\\/www.instagram.com\\\/noticiasmercedinas\\\/\"]},{\"@type\":\"Person\",\"@id\":\"https:\\\/\\\/noticiasmercedinas.com\\\/site\\\/#\\\/schema\\\/person\\\/d481a9696a5feaec13a60e2bbd991a6a\",\"name\":\"Cristian Falabella NOTICIASMERCEDINAS.COM\",\"image\":{\"@type\":\"ImageObject\",\"inLanguage\":\"es\",\"@id\":\"https:\\\/\\\/secure.gravatar.com\\\/avatar\\\/0dbbfc45970cc46bcd0e57766228574ff3511d6eed045b182f536f0f478c1f06?s=96&d=mm&r=g\",\"url\":\"https:\\\/\\\/secure.gravatar.com\\\/avatar\\\/0dbbfc45970cc46bcd0e57766228574ff3511d6eed045b182f536f0f478c1f06?s=96&d=mm&r=g\",\"contentUrl\":\"https:\\\/\\\/secure.gravatar.com\\\/avatar\\\/0dbbfc45970cc46bcd0e57766228574ff3511d6eed045b182f536f0f478c1f06?s=96&d=mm&r=g\",\"caption\":\"Cristian Falabella NOTICIASMERCEDINAS.COM\"},\"description\":\"Periodista, editor de Noticias Mercedinas. Pas\u00f3 por varias redacciones y emprendimientos de prensa, en distintos formatos y \u00e9pocas. Se especializ\u00f3 --y sigue haci\u00e9ndolo-- en comunicaci\u00f3n en la web y en junio de 2006 fund\u00f3 este diario digital.\",\"sameAs\":[\"https:\\\/\\\/noticiasmercedinas.com\",\"https:\\\/\\\/www.facebook.com\\\/cristian.falabella\",\"https:\\\/\\\/www.instagram.com\\\/noticiasmercedinas\\\/\",\"https:\\\/\\\/x.com\\\/https:\\\/\\\/twitter.com\\\/NOTMERCEDINAS\"],\"url\":\"https:\\\/\\\/noticiasmercedinas.com\\\/site\\\/author\\\/as000384\\\/\"}]}<\/script>\n<!-- \/ Yoast SEO plugin. -->","yoast_head_json":{"title":"Discuten con alumnos sobre \u00faltimo primer d\u00eda de clases y pintadas","robots":{"index":"index","follow":"follow","max-snippet":"max-snippet:-1","max-image-preview":"max-image-preview:large","max-video-preview":"max-video-preview:-1"},"canonical":"https:\/\/noticiasmercedinas.com\/site\/2020\/02\/28\/discuten-con-alumnos-sobre-ultimo-primer-dia-de-clases-y-pintadas\/","og_locale":"es_ES","og_type":"article","og_title":"Discuten con alumnos sobre \u00faltimo primer d\u00eda de clases y pintadas","og_description":"Juventud se reuni\u00f3 con la promoci\u00f3n 2020 en el marco del programa \u201cTu escuela, mi escuela\u201d. En el \u00e1mbito de la Secretaria de Desarrollo Social se concret\u00f3 una primera reuni\u00f3n con representantes de distintas instituciones educativas. Son j\u00f3venes de la promoci\u00f3n 2020 convocados para avanzar en acciones y propuestas en conjunto. Como todos los a\u00f1os, [&hellip;]","og_url":"https:\/\/noticiasmercedinas.com\/site\/2020\/02\/28\/discuten-con-alumnos-sobre-ultimo-primer-dia-de-clases-y-pintadas\/","og_site_name":"NOTICIASMERCEDINAS.COM","article_publisher":"https:\/\/www.facebook.com\/noticiasmercedinas\/","article_author":"https:\/\/www.facebook.com\/cristian.falabella","article_published_time":"2020-02-28T10:50:24+00:00","og_image":[{"width":1032,"height":581,"url":"https:\/\/noticiasmercedinas.com\/site\/wp-content\/uploads\/2020\/02\/wp-15828864165944745704347970601124.jpg","type":"image\/jpeg"}],"author":"Cristian Falabella NOTICIASMERCEDINAS.COM","twitter_card":"summary_large_image","twitter_creator":"@https:\/\/twitter.com\/NOTMERCEDINAS","twitter_site":"@notmercedinas","twitter_misc":{"Escrito por":"Cristian Falabella NOTICIASMERCEDINAS.COM","Tiempo de lectura":"1 minuto"},"schema":{"@context":"https:\/\/schema.org","@graph":[{"@type":"Article","@id":"https:\/\/noticiasmercedinas.com\/site\/2020\/02\/28\/discuten-con-alumnos-sobre-ultimo-primer-dia-de-clases-y-pintadas\/#article","isPartOf":{"@id":"https:\/\/noticiasmercedinas.com\/site\/2020\/02\/28\/discuten-con-alumnos-sobre-ultimo-primer-dia-de-clases-y-pintadas\/"},"author":{"name":"Cristian Falabella NOTICIASMERCEDINAS.COM","@id":"https:\/\/noticiasmercedinas.com\/site\/#\/schema\/person\/d481a9696a5feaec13a60e2bbd991a6a"},"headline":"Discuten con alumnos sobre \u00faltimo primer d\u00eda de clases y pintadas","datePublished":"2020-02-28T10:50:24+00:00","mainEntityOfPage":{"@id":"https:\/\/noticiasmercedinas.com\/site\/2020\/02\/28\/discuten-con-alumnos-sobre-ultimo-primer-dia-de-clases-y-pintadas\/"},"wordCount":303,"commentCount":0,"publisher":{"@id":"https:\/\/noticiasmercedinas.com\/site\/#organization"},"image":{"@id":"https:\/\/noticiasmercedinas.com\/site\/2020\/02\/28\/discuten-con-alumnos-sobre-ultimo-primer-dia-de-clases-y-pintadas\/#primaryimage"},"thumbnailUrl":"https:\/\/noticiasmercedinas.com\/site\/wp-content\/uploads\/2020\/02\/wp-15828864165944745704347970601124.jpg","keywords":["escuelas","eugenia colega","gonzalo anselmo","juventud","upd"],"articleSection":["Sociedad"],"inLanguage":"es","potentialAction":[{"@type":"CommentAction","name":"Comment","target":["https:\/\/noticiasmercedinas.com\/site\/2020\/02\/28\/discuten-con-alumnos-sobre-ultimo-primer-dia-de-clases-y-pintadas\/#respond"]}]},{"@type":"WebPage","@id":"https:\/\/noticiasmercedinas.com\/site\/2020\/02\/28\/discuten-con-alumnos-sobre-ultimo-primer-dia-de-clases-y-pintadas\/","url":"https:\/\/noticiasmercedinas.com\/site\/2020\/02\/28\/discuten-con-alumnos-sobre-ultimo-primer-dia-de-clases-y-pintadas\/","name":"Discuten con alumnos sobre \u00faltimo primer d\u00eda de clases y pintadas","isPartOf":{"@id":"https:\/\/noticiasmercedinas.com\/site\/#website"},"primaryImageOfPage":{"@id":"https:\/\/noticiasmercedinas.com\/site\/2020\/02\/28\/discuten-con-alumnos-sobre-ultimo-primer-dia-de-clases-y-pintadas\/#primaryimage"},"image":{"@id":"https:\/\/noticiasmercedinas.com\/site\/2020\/02\/28\/discuten-con-alumnos-sobre-ultimo-primer-dia-de-clases-y-pintadas\/#primaryimage"},"thumbnailUrl":"https:\/\/noticiasmercedinas.com\/site\/wp-content\/uploads\/2020\/02\/wp-15828864165944745704347970601124.jpg","datePublished":"2020-02-28T10:50:24+00:00","breadcrumb":{"@id":"https:\/\/noticiasmercedinas.com\/site\/2020\/02\/28\/discuten-con-alumnos-sobre-ultimo-primer-dia-de-clases-y-pintadas\/#breadcrumb"},"inLanguage":"es","potentialAction":[{"@type":"ReadAction","target":["https:\/\/noticiasmercedinas.com\/site\/2020\/02\/28\/discuten-con-alumnos-sobre-ultimo-primer-dia-de-clases-y-pintadas\/"]}]},{"@type":"ImageObject","inLanguage":"es","@id":"https:\/\/noticiasmercedinas.com\/site\/2020\/02\/28\/discuten-con-alumnos-sobre-ultimo-primer-dia-de-clases-y-pintadas\/#primaryimage","url":"https:\/\/noticiasmercedinas.com\/site\/wp-content\/uploads\/2020\/02\/wp-15828864165944745704347970601124.jpg","contentUrl":"https:\/\/noticiasmercedinas.com\/site\/wp-content\/uploads\/2020\/02\/wp-15828864165944745704347970601124.jpg","width":1032,"height":581},{"@type":"BreadcrumbList","@id":"https:\/\/noticiasmercedinas.com\/site\/2020\/02\/28\/discuten-con-alumnos-sobre-ultimo-primer-dia-de-clases-y-pintadas\/#breadcrumb","itemListElement":[{"@type":"ListItem","position":1,"name":"Portada","item":"https:\/\/noticiasmercedinas.com\/site\/"},{"@type":"ListItem","position":2,"name":"Discuten con alumnos sobre \u00faltimo primer d\u00eda de clases y pintadas"}]},{"@type":"WebSite","@id":"https:\/\/noticiasmercedinas.com\/site\/#website","url":"https:\/\/noticiasmercedinas.com\/site\/","name":"NOTICIASMERCEDINAS.COM","description":"Mercedes, Buenos Aires, Argentina","publisher":{"@id":"https:\/\/noticiasmercedinas.com\/site\/#organization"},"potentialAction":[{"@type":"SearchAction","target":{"@type":"EntryPoint","urlTemplate":"https:\/\/noticiasmercedinas.com\/site\/?s={search_term_string}"},"query-input":{"@type":"PropertyValueSpecification","valueRequired":true,"valueName":"search_term_string"}}],"inLanguage":"es"},{"@type":"Organization","@id":"https:\/\/noticiasmercedinas.com\/site\/#organization","name":"NOTICIASMERCEDINAS.COM","url":"https:\/\/noticiasmercedinas.com\/site\/","logo":{"@type":"ImageObject","inLanguage":"es","@id":"https:\/\/noticiasmercedinas.com\/site\/#\/schema\/logo\/image\/","url":"https:\/\/noticiasmercedinas.com\/site\/wp-content\/uploads\/2020\/06\/LOGO-512.jpg","contentUrl":"https:\/\/noticiasmercedinas.com\/site\/wp-content\/uploads\/2020\/06\/LOGO-512.jpg","width":512,"height":512,"caption":"NOTICIASMERCEDINAS.COM"},"image":{"@id":"https:\/\/noticiasmercedinas.com\/site\/#\/schema\/logo\/image\/"},"sameAs":["https:\/\/www.facebook.com\/noticiasmercedinas\/","https:\/\/x.com\/notmercedinas","https:\/\/www.instagram.com\/noticiasmercedinas\/"]},{"@type":"Person","@id":"https:\/\/noticiasmercedinas.com\/site\/#\/schema\/person\/d481a9696a5feaec13a60e2bbd991a6a","name":"Cristian Falabella NOTICIASMERCEDINAS.COM","image":{"@type":"ImageObject","inLanguage":"es","@id":"https:\/\/secure.gravatar.com\/avatar\/0dbbfc45970cc46bcd0e57766228574ff3511d6eed045b182f536f0f478c1f06?s=96&d=mm&r=g","url":"https:\/\/secure.gravatar.com\/avatar\/0dbbfc45970cc46bcd0e57766228574ff3511d6eed045b182f536f0f478c1f06?s=96&d=mm&r=g","contentUrl":"https:\/\/secure.gravatar.com\/avatar\/0dbbfc45970cc46bcd0e57766228574ff3511d6eed045b182f536f0f478c1f06?s=96&d=mm&r=g","caption":"Cristian Falabella NOTICIASMERCEDINAS.COM"},"description":"Periodista, editor de Noticias Mercedinas. Pas\u00f3 por varias redacciones y emprendimientos de prensa, en distintos formatos y \u00e9pocas. Se especializ\u00f3 --y sigue haci\u00e9ndolo-- en comunicaci\u00f3n en la web y en junio de 2006 fund\u00f3 este diario digital.","sameAs":["https:\/\/noticiasmercedinas.com","https:\/\/www.facebook.com\/cristian.falabella","https:\/\/www.instagram.com\/noticiasmercedinas\/","https:\/\/x.com\/https:\/\/twitter.com\/NOTMERCEDINAS"],"url":"https:\/\/noticiasmercedinas.com\/site\/author\/as000384\/"}]}},"amp_enabled":true,"_links":{"self":[{"href":"https:\/\/noticiasmercedinas.com\/site\/wp-json\/wp\/v2\/posts\/40312","targetHints":{"allow":["GET"]}}],"collection":[{"href":"https:\/\/noticiasmercedinas.com\/site\/wp-json\/wp\/v2\/posts"}],"about":[{"href":"https:\/\/noticiasmercedinas.com\/site\/wp-json\/wp\/v2\/types\/post"}],"author":[{"embeddable":true,"href":"https:\/\/noticiasmercedinas.com\/site\/wp-json\/wp\/v2\/users\/2"}],"replies":[{"embeddable":true,"href":"https:\/\/noticiasmercedinas.com\/site\/wp-json\/wp\/v2\/comments?post=40312"}],"version-history":[{"count":0,"href":"https:\/\/noticiasmercedinas.com\/site\/wp-json\/wp\/v2\/posts\/40312\/revisions"}],"wp:featuredmedia":[{"embeddable":true,"href":"https:\/\/noticiasmercedinas.com\/site\/wp-json\/wp\/v2\/media\/40310"}],"wp:attachment":[{"href":"https:\/\/noticiasmercedinas.com\/site\/wp-json\/wp\/v2\/media?parent=40312"}],"wp:term":[{"taxonomy":"category","embeddable":true,"href":"https:\/\/noticiasmercedinas.com\/site\/wp-json\/wp\/v2\/categories?post=40312"},{"taxonomy":"post_tag","embeddable":true,"href":"https:\/\/noticiasmercedinas.com\/site\/wp-json\/wp\/v2\/tags?post=40312"}],"curies":[{"name":"wp","href":"https:\/\/api.w.org\/{rel}","templated":true}]}}