{"id":40319,"date":"2020-02-28T09:49:05","date_gmt":"2020-02-28T12:49:05","guid":{"rendered":"https:\/\/noticiasmercedinas.com\/site\/2020\/02\/28\/ratificado-el-veto-consideran-que-la-llegada-de-agro-energie-seria-realidad\/"},"modified":"2020-02-28T09:56:55","modified_gmt":"2020-02-28T12:56:55","slug":"ratificado-el-veto-consideran-que-la-llegada-de-agro-energie-seria-realidad","status":"publish","type":"post","link":"https:\/\/noticiasmercedinas.com\/site\/2020\/02\/28\/ratificado-el-veto-consideran-que-la-llegada-de-agro-energie-seria-realidad\/","title":{"rendered":"Ratificado el veto, consideran que la llegada de Agro Energie ser\u00eda realidad"},"content":{"rendered":"<p><img loading=\"lazy\" decoding=\"async\" class=\"wp-image-40318 alignnone size-full\" src=\"https:\/\/noticiasmercedinas.com\/site\/wp-content\/uploads\/2020\/02\/wp-15828929817692145872462695402797.jpg\" width=\"2560\" height=\"1440\"><\/p>\n<p>Con la ausencia del concejal Facundo Mozzone, del frente Juntos por el Cambio, se ratific\u00f3 el veto a tres art\u00edculos de la ordenanza por la venta de tierras para la firma Agro Energie One.<\/p>\n<p>Por tener mayor\u00eda de votos y no llegar a los dos tercios las negativas, el veto qued\u00f3 firme. Y la concejal Andrea Bozzini aclar\u00f3 que si bien no estuvo presente durante el tratamiento y aprobaci\u00f3n de la ordenanza, dijo que estaba de acuerdo con el veto de Ustarroz.<\/p>\n<p>\u00abHubo algunas diferencias incluso en nuestro espacio y eso es sano. Yo considero que hay que evaluar bien el detalle y la letra fina de la venta que har\u00e1 el Ejecutivo, en este caso que se requiere del acompa\u00f1amiento de los concejales, es pertinente que tengamos claro el proyecto de uso, el tema ambiental y dem\u00e1s. El trabajo que hicimos sirvi\u00f3 para tener mayor informaci\u00f3n y evacuar dudas, aunque considero que ser\u00eda necesario que se ampl\u00ede m\u00e1s documentaci\u00f3n faltante como los plazos de obra, el cuifado del ambiente y otros temas sobre lo que se necesita compromiso para velar como legislativo por la sociedad de Mercedes\u00bb, dijo Bozzini.<\/p>\n<p>Luego la concejala Mariana San Mart\u00edn solicit\u00f3 el ingreso del expediente 1094\/20 y su tratamiento sobre tablas, que se aprob\u00f3. Esta letra reemplazar\u00eda el vetado art\u00edculo 5 en lo que marcaba el destino de los fondos.<\/p>\n<p>Se dispuso la afectaci\u00f3n de los fondos de la venta a Agro Energie One que tiene como fin espec\u00edfico el \u00abfomento y desarrollo productivo\u00bb pudiendo ser utilizado para la compra de tierras y otros fines relacionados, prohibiendose \u00absu uso para gastos corrientes\u00bb.<\/p>\n<p>Por su parte, la concejal Evangelina Cabral manifest\u00f3 que si bien votaron rechazar el veto de Ustarroz estaba \u00abcontenta por la aprobaci\u00f3n de la ordenanza a voluntad de la empresa\u00bb, a la espera de que esta \u00abcumpla con todo lo que manda la ley\u00bb.<\/p>\n<p>En tanto, el presidente del Concejo, Mat\u00edas Dematei, consider\u00f3: \u00abQued\u00f3 firme el veto, lo que hace realidad la llegada de la empresa\u00bb.<\/p>\n<p>El gerente de la C\u00e1mara Econ\u00f3mica, Ariel Pietrucha, quien tambi\u00e9n estuvo en el recinto esta ma\u00f1ana, expres\u00f3 su satisfacci\u00f3n ante los medios de prensa.<\/p>\n<p><strong>Ordenanza complementaria<\/strong><\/p>\n<p>Los t\u00e9rminos de la redacci\u00f3n de la ordenanza complementaria a la parcialmente vetada son los siguientes:<\/p>\n<p><em>Mercedes (Bs.As.), 28 de febrero de 2020.-<\/em><\/p>\n<p><em>Sr. Presidente del<\/em><br \/>\n<em>Honorable Concejo Deliberante<\/em><br \/>\n<em>Mat\u00edas Dematei<\/em><br \/>\n<em>S \/ D <\/em><\/p>\n<p><em>Tengo el agrado de dirigirme a Ud., en mi car\u00e1cter de Intendente Municipal del Partido de Mercedes Bs.As., y en uso de las facultades conferidas por la Ley Org\u00e1nica de las Municipalidades y por la Constituci\u00f3n de la Provincia de Buenos Aires, con el fin de poner a consideraci\u00f3n de ese Cuerpo Legislativo el texto del proyecto de Ordenanza que a continuaci\u00f3n se transcribe:<\/em><br \/>\n<em>ARTICULO 1\u00aa: DISPONESE la afectaci\u00f3n de los fondos, que este Municipio percibir\u00e1 por el resultado de la compraventa del terreno municipal, cuya nomenclatura catastral es: Circunscripci\u00f3n 2, Secci\u00f3n A, Chacra 1, Parcela 4B, Partida 37.149, por la firma Agroenergie One SA, aprobado por Ordenanza Municipal Nro 8354\/2020. Dicho fondo, tendr\u00e1 como fin espec\u00edfico, el fomento y desarrollo de actividades productivas dentro del territorio municipal, pudiendo ser utilizado para la compra de tierra y el desarrollo de infraestructura que mejore las condiciones de competitividad productiva, prohibi\u00e9ndose su uso para gastos corrientes.<\/em><br \/>\n<em>ARTICULO 2\u00aa: Comun\u00edquese. Reg\u00edstrese. Dese al Digesto General, cumplido, arch\u00edvese.<\/em><\/p>\n","protected":false},"excerpt":{"rendered":"<p>Con la ausencia del concejal Facundo Mozzone, del frente Juntos por el Cambio, se ratific\u00f3 el veto a tres art\u00edculos de la ordenanza por la venta de tierras para la firma Agro Energie One. Por tener mayor\u00eda de votos y no llegar a los dos tercios las negativas, el veto qued\u00f3 firme. Y la concejal [&hellip;]<\/p>\n","protected":false},"author":2,"featured_media":40318,"comment_status":"open","ping_status":"open","sticky":false,"template":"","format":"standard","meta":{"footnotes":""},"categories":[16],"tags":[8289,5424,405,1645,156,936],"class_list":["post-40319","post","type-post","status-publish","format-standard","has-post-thumbnail","hentry","category-politica","tag-agro-energie-one","tag-andrea-bozzini","tag-ariel-pietrucha","tag-industria","tag-mariana-san-martin","tag-veto"],"yoast_head":"<!-- This site is optimized with the Yoast SEO plugin v27.4 - https:\/\/yoast.com\/product\/yoast-seo-wordpress\/ -->\n<title>Ratificado el veto, consideran que la llegada de Agro Energie ser\u00eda realidad<\/title>\n<meta name=\"robots\" content=\"index, follow, max-snippet:-1, max-image-preview:large, max-video-preview:-1\" \/>\n<link rel=\"canonical\" href=\"https:\/\/noticiasmercedinas.com\/site\/2020\/02\/28\/ratificado-el-veto-consideran-que-la-llegada-de-agro-energie-seria-realidad\/\" \/>\n<meta property=\"og:locale\" content=\"es_ES\" \/>\n<meta property=\"og:type\" content=\"article\" \/>\n<meta property=\"og:title\" content=\"Ratificado el veto, consideran que la llegada de Agro Energie ser\u00eda realidad\" \/>\n<meta property=\"og:description\" content=\"Con la ausencia del concejal Facundo Mozzone, del frente Juntos por el Cambio, se ratific\u00f3 el veto a tres art\u00edculos de la ordenanza por la venta de tierras para la firma Agro Energie One. Por tener mayor\u00eda de votos y no llegar a los dos tercios las negativas, el veto qued\u00f3 firme. Y la concejal [&hellip;]\" \/>\n<meta property=\"og:url\" content=\"https:\/\/noticiasmercedinas.com\/site\/2020\/02\/28\/ratificado-el-veto-consideran-que-la-llegada-de-agro-energie-seria-realidad\/\" \/>\n<meta property=\"og:site_name\" content=\"NOTICIASMERCEDINAS.COM\" \/>\n<meta property=\"article:publisher\" content=\"https:\/\/www.facebook.com\/noticiasmercedinas\/\" \/>\n<meta property=\"article:author\" content=\"https:\/\/www.facebook.com\/cristian.falabella\" \/>\n<meta property=\"article:published_time\" content=\"2020-02-28T12:49:05+00:00\" \/>\n<meta property=\"article:modified_time\" content=\"2020-02-28T12:56:55+00:00\" \/>\n<meta property=\"og:image\" content=\"https:\/\/noticiasmercedinas.com\/site\/wp-content\/uploads\/2020\/02\/wp-15828929817692145872462695402797-scaled.jpg\" \/>\n\t<meta property=\"og:image:width\" content=\"2560\" \/>\n\t<meta property=\"og:image:height\" content=\"1440\" \/>\n\t<meta property=\"og:image:type\" content=\"image\/jpeg\" \/>\n<meta name=\"author\" content=\"Cristian Falabella NOTICIASMERCEDINAS.COM\" \/>\n<meta name=\"twitter:card\" content=\"summary_large_image\" \/>\n<meta name=\"twitter:creator\" content=\"@https:\/\/twitter.com\/NOTMERCEDINAS\" \/>\n<meta name=\"twitter:site\" content=\"@notmercedinas\" \/>\n<meta name=\"twitter:label1\" content=\"Escrito por\" \/>\n\t<meta name=\"twitter:data1\" content=\"Cristian Falabella NOTICIASMERCEDINAS.COM\" \/>\n\t<meta name=\"twitter:label2\" content=\"Tiempo de lectura\" \/>\n\t<meta name=\"twitter:data2\" content=\"3 minutos\" \/>\n<script type=\"application\/ld+json\" class=\"yoast-schema-graph\">{\"@context\":\"https:\\\/\\\/schema.org\",\"@graph\":[{\"@type\":\"Article\",\"@id\":\"https:\\\/\\\/noticiasmercedinas.com\\\/site\\\/2020\\\/02\\\/28\\\/ratificado-el-veto-consideran-que-la-llegada-de-agro-energie-seria-realidad\\\/#article\",\"isPartOf\":{\"@id\":\"https:\\\/\\\/noticiasmercedinas.com\\\/site\\\/2020\\\/02\\\/28\\\/ratificado-el-veto-consideran-que-la-llegada-de-agro-energie-seria-realidad\\\/\"},\"author\":{\"name\":\"Cristian Falabella NOTICIASMERCEDINAS.COM\",\"@id\":\"https:\\\/\\\/noticiasmercedinas.com\\\/site\\\/#\\\/schema\\\/person\\\/d481a9696a5feaec13a60e2bbd991a6a\"},\"headline\":\"Ratificado el veto, consideran que la llegada de Agro Energie ser\u00eda realidad\",\"datePublished\":\"2020-02-28T12:49:05+00:00\",\"dateModified\":\"2020-02-28T12:56:55+00:00\",\"mainEntityOfPage\":{\"@id\":\"https:\\\/\\\/noticiasmercedinas.com\\\/site\\\/2020\\\/02\\\/28\\\/ratificado-el-veto-consideran-que-la-llegada-de-agro-energie-seria-realidad\\\/\"},\"wordCount\":601,\"commentCount\":0,\"publisher\":{\"@id\":\"https:\\\/\\\/noticiasmercedinas.com\\\/site\\\/#organization\"},\"image\":{\"@id\":\"https:\\\/\\\/noticiasmercedinas.com\\\/site\\\/2020\\\/02\\\/28\\\/ratificado-el-veto-consideran-que-la-llegada-de-agro-energie-seria-realidad\\\/#primaryimage\"},\"thumbnailUrl\":\"https:\\\/\\\/noticiasmercedinas.com\\\/site\\\/wp-content\\\/uploads\\\/2020\\\/02\\\/wp-15828929817692145872462695402797-scaled.jpg\",\"keywords\":[\"agro energie one\",\"Andrea Bozzini\",\"ariel pietrucha\",\"industria\",\"mariana san martin\",\"veto\"],\"articleSection\":[\"Politica\"],\"inLanguage\":\"es\",\"potentialAction\":[{\"@type\":\"CommentAction\",\"name\":\"Comment\",\"target\":[\"https:\\\/\\\/noticiasmercedinas.com\\\/site\\\/2020\\\/02\\\/28\\\/ratificado-el-veto-consideran-que-la-llegada-de-agro-energie-seria-realidad\\\/#respond\"]}]},{\"@type\":\"WebPage\",\"@id\":\"https:\\\/\\\/noticiasmercedinas.com\\\/site\\\/2020\\\/02\\\/28\\\/ratificado-el-veto-consideran-que-la-llegada-de-agro-energie-seria-realidad\\\/\",\"url\":\"https:\\\/\\\/noticiasmercedinas.com\\\/site\\\/2020\\\/02\\\/28\\\/ratificado-el-veto-consideran-que-la-llegada-de-agro-energie-seria-realidad\\\/\",\"name\":\"Ratificado el veto, consideran que la llegada de Agro Energie ser\u00eda realidad\",\"isPartOf\":{\"@id\":\"https:\\\/\\\/noticiasmercedinas.com\\\/site\\\/#website\"},\"primaryImageOfPage\":{\"@id\":\"https:\\\/\\\/noticiasmercedinas.com\\\/site\\\/2020\\\/02\\\/28\\\/ratificado-el-veto-consideran-que-la-llegada-de-agro-energie-seria-realidad\\\/#primaryimage\"},\"image\":{\"@id\":\"https:\\\/\\\/noticiasmercedinas.com\\\/site\\\/2020\\\/02\\\/28\\\/ratificado-el-veto-consideran-que-la-llegada-de-agro-energie-seria-realidad\\\/#primaryimage\"},\"thumbnailUrl\":\"https:\\\/\\\/noticiasmercedinas.com\\\/site\\\/wp-content\\\/uploads\\\/2020\\\/02\\\/wp-15828929817692145872462695402797-scaled.jpg\",\"datePublished\":\"2020-02-28T12:49:05+00:00\",\"dateModified\":\"2020-02-28T12:56:55+00:00\",\"breadcrumb\":{\"@id\":\"https:\\\/\\\/noticiasmercedinas.com\\\/site\\\/2020\\\/02\\\/28\\\/ratificado-el-veto-consideran-que-la-llegada-de-agro-energie-seria-realidad\\\/#breadcrumb\"},\"inLanguage\":\"es\",\"potentialAction\":[{\"@type\":\"ReadAction\",\"target\":[\"https:\\\/\\\/noticiasmercedinas.com\\\/site\\\/2020\\\/02\\\/28\\\/ratificado-el-veto-consideran-que-la-llegada-de-agro-energie-seria-realidad\\\/\"]}]},{\"@type\":\"ImageObject\",\"inLanguage\":\"es\",\"@id\":\"https:\\\/\\\/noticiasmercedinas.com\\\/site\\\/2020\\\/02\\\/28\\\/ratificado-el-veto-consideran-que-la-llegada-de-agro-energie-seria-realidad\\\/#primaryimage\",\"url\":\"https:\\\/\\\/noticiasmercedinas.com\\\/site\\\/wp-content\\\/uploads\\\/2020\\\/02\\\/wp-15828929817692145872462695402797-scaled.jpg\",\"contentUrl\":\"https:\\\/\\\/noticiasmercedinas.com\\\/site\\\/wp-content\\\/uploads\\\/2020\\\/02\\\/wp-15828929817692145872462695402797-scaled.jpg\",\"width\":2560,\"height\":1440},{\"@type\":\"BreadcrumbList\",\"@id\":\"https:\\\/\\\/noticiasmercedinas.com\\\/site\\\/2020\\\/02\\\/28\\\/ratificado-el-veto-consideran-que-la-llegada-de-agro-energie-seria-realidad\\\/#breadcrumb\",\"itemListElement\":[{\"@type\":\"ListItem\",\"position\":1,\"name\":\"Portada\",\"item\":\"https:\\\/\\\/noticiasmercedinas.com\\\/site\\\/\"},{\"@type\":\"ListItem\",\"position\":2,\"name\":\"Ratificado el veto, consideran que la llegada de Agro Energie ser\u00eda realidad\"}]},{\"@type\":\"WebSite\",\"@id\":\"https:\\\/\\\/noticiasmercedinas.com\\\/site\\\/#website\",\"url\":\"https:\\\/\\\/noticiasmercedinas.com\\\/site\\\/\",\"name\":\"NOTICIASMERCEDINAS.COM\",\"description\":\"Mercedes, Buenos Aires, Argentina\",\"publisher\":{\"@id\":\"https:\\\/\\\/noticiasmercedinas.com\\\/site\\\/#organization\"},\"potentialAction\":[{\"@type\":\"SearchAction\",\"target\":{\"@type\":\"EntryPoint\",\"urlTemplate\":\"https:\\\/\\\/noticiasmercedinas.com\\\/site\\\/?s={search_term_string}\"},\"query-input\":{\"@type\":\"PropertyValueSpecification\",\"valueRequired\":true,\"valueName\":\"search_term_string\"}}],\"inLanguage\":\"es\"},{\"@type\":\"Organization\",\"@id\":\"https:\\\/\\\/noticiasmercedinas.com\\\/site\\\/#organization\",\"name\":\"NOTICIASMERCEDINAS.COM\",\"url\":\"https:\\\/\\\/noticiasmercedinas.com\\\/site\\\/\",\"logo\":{\"@type\":\"ImageObject\",\"inLanguage\":\"es\",\"@id\":\"https:\\\/\\\/noticiasmercedinas.com\\\/site\\\/#\\\/schema\\\/logo\\\/image\\\/\",\"url\":\"https:\\\/\\\/noticiasmercedinas.com\\\/site\\\/wp-content\\\/uploads\\\/2020\\\/06\\\/LOGO-512.jpg\",\"contentUrl\":\"https:\\\/\\\/noticiasmercedinas.com\\\/site\\\/wp-content\\\/uploads\\\/2020\\\/06\\\/LOGO-512.jpg\",\"width\":512,\"height\":512,\"caption\":\"NOTICIASMERCEDINAS.COM\"},\"image\":{\"@id\":\"https:\\\/\\\/noticiasmercedinas.com\\\/site\\\/#\\\/schema\\\/logo\\\/image\\\/\"},\"sameAs\":[\"https:\\\/\\\/www.facebook.com\\\/noticiasmercedinas\\\/\",\"https:\\\/\\\/x.com\\\/notmercedinas\",\"https:\\\/\\\/www.instagram.com\\\/noticiasmercedinas\\\/\"]},{\"@type\":\"Person\",\"@id\":\"https:\\\/\\\/noticiasmercedinas.com\\\/site\\\/#\\\/schema\\\/person\\\/d481a9696a5feaec13a60e2bbd991a6a\",\"name\":\"Cristian Falabella NOTICIASMERCEDINAS.COM\",\"image\":{\"@type\":\"ImageObject\",\"inLanguage\":\"es\",\"@id\":\"https:\\\/\\\/secure.gravatar.com\\\/avatar\\\/0dbbfc45970cc46bcd0e57766228574ff3511d6eed045b182f536f0f478c1f06?s=96&d=mm&r=g\",\"url\":\"https:\\\/\\\/secure.gravatar.com\\\/avatar\\\/0dbbfc45970cc46bcd0e57766228574ff3511d6eed045b182f536f0f478c1f06?s=96&d=mm&r=g\",\"contentUrl\":\"https:\\\/\\\/secure.gravatar.com\\\/avatar\\\/0dbbfc45970cc46bcd0e57766228574ff3511d6eed045b182f536f0f478c1f06?s=96&d=mm&r=g\",\"caption\":\"Cristian Falabella NOTICIASMERCEDINAS.COM\"},\"description\":\"Periodista, editor de Noticias Mercedinas. Pas\u00f3 por varias redacciones y emprendimientos de prensa, en distintos formatos y \u00e9pocas. Se especializ\u00f3 --y sigue haci\u00e9ndolo-- en comunicaci\u00f3n en la web y en junio de 2006 fund\u00f3 este diario digital.\",\"sameAs\":[\"https:\\\/\\\/noticiasmercedinas.com\",\"https:\\\/\\\/www.facebook.com\\\/cristian.falabella\",\"https:\\\/\\\/www.instagram.com\\\/noticiasmercedinas\\\/\",\"https:\\\/\\\/x.com\\\/https:\\\/\\\/twitter.com\\\/NOTMERCEDINAS\"],\"url\":\"https:\\\/\\\/noticiasmercedinas.com\\\/site\\\/author\\\/as000384\\\/\"}]}<\/script>\n<!-- \/ Yoast SEO plugin. -->","yoast_head_json":{"title":"Ratificado el veto, consideran que la llegada de Agro Energie ser\u00eda realidad","robots":{"index":"index","follow":"follow","max-snippet":"max-snippet:-1","max-image-preview":"max-image-preview:large","max-video-preview":"max-video-preview:-1"},"canonical":"https:\/\/noticiasmercedinas.com\/site\/2020\/02\/28\/ratificado-el-veto-consideran-que-la-llegada-de-agro-energie-seria-realidad\/","og_locale":"es_ES","og_type":"article","og_title":"Ratificado el veto, consideran que la llegada de Agro Energie ser\u00eda realidad","og_description":"Con la ausencia del concejal Facundo Mozzone, del frente Juntos por el Cambio, se ratific\u00f3 el veto a tres art\u00edculos de la ordenanza por la venta de tierras para la firma Agro Energie One. Por tener mayor\u00eda de votos y no llegar a los dos tercios las negativas, el veto qued\u00f3 firme. Y la concejal [&hellip;]","og_url":"https:\/\/noticiasmercedinas.com\/site\/2020\/02\/28\/ratificado-el-veto-consideran-que-la-llegada-de-agro-energie-seria-realidad\/","og_site_name":"NOTICIASMERCEDINAS.COM","article_publisher":"https:\/\/www.facebook.com\/noticiasmercedinas\/","article_author":"https:\/\/www.facebook.com\/cristian.falabella","article_published_time":"2020-02-28T12:49:05+00:00","article_modified_time":"2020-02-28T12:56:55+00:00","og_image":[{"width":2560,"height":1440,"url":"https:\/\/noticiasmercedinas.com\/site\/wp-content\/uploads\/2020\/02\/wp-15828929817692145872462695402797-scaled.jpg","type":"image\/jpeg"}],"author":"Cristian Falabella NOTICIASMERCEDINAS.COM","twitter_card":"summary_large_image","twitter_creator":"@https:\/\/twitter.com\/NOTMERCEDINAS","twitter_site":"@notmercedinas","twitter_misc":{"Escrito por":"Cristian Falabella NOTICIASMERCEDINAS.COM","Tiempo de lectura":"3 minutos"},"schema":{"@context":"https:\/\/schema.org","@graph":[{"@type":"Article","@id":"https:\/\/noticiasmercedinas.com\/site\/2020\/02\/28\/ratificado-el-veto-consideran-que-la-llegada-de-agro-energie-seria-realidad\/#article","isPartOf":{"@id":"https:\/\/noticiasmercedinas.com\/site\/2020\/02\/28\/ratificado-el-veto-consideran-que-la-llegada-de-agro-energie-seria-realidad\/"},"author":{"name":"Cristian Falabella NOTICIASMERCEDINAS.COM","@id":"https:\/\/noticiasmercedinas.com\/site\/#\/schema\/person\/d481a9696a5feaec13a60e2bbd991a6a"},"headline":"Ratificado el veto, consideran que la llegada de Agro Energie ser\u00eda realidad","datePublished":"2020-02-28T12:49:05+00:00","dateModified":"2020-02-28T12:56:55+00:00","mainEntityOfPage":{"@id":"https:\/\/noticiasmercedinas.com\/site\/2020\/02\/28\/ratificado-el-veto-consideran-que-la-llegada-de-agro-energie-seria-realidad\/"},"wordCount":601,"commentCount":0,"publisher":{"@id":"https:\/\/noticiasmercedinas.com\/site\/#organization"},"image":{"@id":"https:\/\/noticiasmercedinas.com\/site\/2020\/02\/28\/ratificado-el-veto-consideran-que-la-llegada-de-agro-energie-seria-realidad\/#primaryimage"},"thumbnailUrl":"https:\/\/noticiasmercedinas.com\/site\/wp-content\/uploads\/2020\/02\/wp-15828929817692145872462695402797-scaled.jpg","keywords":["agro energie one","Andrea Bozzini","ariel pietrucha","industria","mariana san martin","veto"],"articleSection":["Politica"],"inLanguage":"es","potentialAction":[{"@type":"CommentAction","name":"Comment","target":["https:\/\/noticiasmercedinas.com\/site\/2020\/02\/28\/ratificado-el-veto-consideran-que-la-llegada-de-agro-energie-seria-realidad\/#respond"]}]},{"@type":"WebPage","@id":"https:\/\/noticiasmercedinas.com\/site\/2020\/02\/28\/ratificado-el-veto-consideran-que-la-llegada-de-agro-energie-seria-realidad\/","url":"https:\/\/noticiasmercedinas.com\/site\/2020\/02\/28\/ratificado-el-veto-consideran-que-la-llegada-de-agro-energie-seria-realidad\/","name":"Ratificado el veto, consideran que la llegada de Agro Energie ser\u00eda realidad","isPartOf":{"@id":"https:\/\/noticiasmercedinas.com\/site\/#website"},"primaryImageOfPage":{"@id":"https:\/\/noticiasmercedinas.com\/site\/2020\/02\/28\/ratificado-el-veto-consideran-que-la-llegada-de-agro-energie-seria-realidad\/#primaryimage"},"image":{"@id":"https:\/\/noticiasmercedinas.com\/site\/2020\/02\/28\/ratificado-el-veto-consideran-que-la-llegada-de-agro-energie-seria-realidad\/#primaryimage"},"thumbnailUrl":"https:\/\/noticiasmercedinas.com\/site\/wp-content\/uploads\/2020\/02\/wp-15828929817692145872462695402797-scaled.jpg","datePublished":"2020-02-28T12:49:05+00:00","dateModified":"2020-02-28T12:56:55+00:00","breadcrumb":{"@id":"https:\/\/noticiasmercedinas.com\/site\/2020\/02\/28\/ratificado-el-veto-consideran-que-la-llegada-de-agro-energie-seria-realidad\/#breadcrumb"},"inLanguage":"es","potentialAction":[{"@type":"ReadAction","target":["https:\/\/noticiasmercedinas.com\/site\/2020\/02\/28\/ratificado-el-veto-consideran-que-la-llegada-de-agro-energie-seria-realidad\/"]}]},{"@type":"ImageObject","inLanguage":"es","@id":"https:\/\/noticiasmercedinas.com\/site\/2020\/02\/28\/ratificado-el-veto-consideran-que-la-llegada-de-agro-energie-seria-realidad\/#primaryimage","url":"https:\/\/noticiasmercedinas.com\/site\/wp-content\/uploads\/2020\/02\/wp-15828929817692145872462695402797-scaled.jpg","contentUrl":"https:\/\/noticiasmercedinas.com\/site\/wp-content\/uploads\/2020\/02\/wp-15828929817692145872462695402797-scaled.jpg","width":2560,"height":1440},{"@type":"BreadcrumbList","@id":"https:\/\/noticiasmercedinas.com\/site\/2020\/02\/28\/ratificado-el-veto-consideran-que-la-llegada-de-agro-energie-seria-realidad\/#breadcrumb","itemListElement":[{"@type":"ListItem","position":1,"name":"Portada","item":"https:\/\/noticiasmercedinas.com\/site\/"},{"@type":"ListItem","position":2,"name":"Ratificado el veto, consideran que la llegada de Agro Energie ser\u00eda realidad"}]},{"@type":"WebSite","@id":"https:\/\/noticiasmercedinas.com\/site\/#website","url":"https:\/\/noticiasmercedinas.com\/site\/","name":"NOTICIASMERCEDINAS.COM","description":"Mercedes, Buenos Aires, Argentina","publisher":{"@id":"https:\/\/noticiasmercedinas.com\/site\/#organization"},"potentialAction":[{"@type":"SearchAction","target":{"@type":"EntryPoint","urlTemplate":"https:\/\/noticiasmercedinas.com\/site\/?s={search_term_string}"},"query-input":{"@type":"PropertyValueSpecification","valueRequired":true,"valueName":"search_term_string"}}],"inLanguage":"es"},{"@type":"Organization","@id":"https:\/\/noticiasmercedinas.com\/site\/#organization","name":"NOTICIASMERCEDINAS.COM","url":"https:\/\/noticiasmercedinas.com\/site\/","logo":{"@type":"ImageObject","inLanguage":"es","@id":"https:\/\/noticiasmercedinas.com\/site\/#\/schema\/logo\/image\/","url":"https:\/\/noticiasmercedinas.com\/site\/wp-content\/uploads\/2020\/06\/LOGO-512.jpg","contentUrl":"https:\/\/noticiasmercedinas.com\/site\/wp-content\/uploads\/2020\/06\/LOGO-512.jpg","width":512,"height":512,"caption":"NOTICIASMERCEDINAS.COM"},"image":{"@id":"https:\/\/noticiasmercedinas.com\/site\/#\/schema\/logo\/image\/"},"sameAs":["https:\/\/www.facebook.com\/noticiasmercedinas\/","https:\/\/x.com\/notmercedinas","https:\/\/www.instagram.com\/noticiasmercedinas\/"]},{"@type":"Person","@id":"https:\/\/noticiasmercedinas.com\/site\/#\/schema\/person\/d481a9696a5feaec13a60e2bbd991a6a","name":"Cristian Falabella NOTICIASMERCEDINAS.COM","image":{"@type":"ImageObject","inLanguage":"es","@id":"https:\/\/secure.gravatar.com\/avatar\/0dbbfc45970cc46bcd0e57766228574ff3511d6eed045b182f536f0f478c1f06?s=96&d=mm&r=g","url":"https:\/\/secure.gravatar.com\/avatar\/0dbbfc45970cc46bcd0e57766228574ff3511d6eed045b182f536f0f478c1f06?s=96&d=mm&r=g","contentUrl":"https:\/\/secure.gravatar.com\/avatar\/0dbbfc45970cc46bcd0e57766228574ff3511d6eed045b182f536f0f478c1f06?s=96&d=mm&r=g","caption":"Cristian Falabella NOTICIASMERCEDINAS.COM"},"description":"Periodista, editor de Noticias Mercedinas. Pas\u00f3 por varias redacciones y emprendimientos de prensa, en distintos formatos y \u00e9pocas. Se especializ\u00f3 --y sigue haci\u00e9ndolo-- en comunicaci\u00f3n en la web y en junio de 2006 fund\u00f3 este diario digital.","sameAs":["https:\/\/noticiasmercedinas.com","https:\/\/www.facebook.com\/cristian.falabella","https:\/\/www.instagram.com\/noticiasmercedinas\/","https:\/\/x.com\/https:\/\/twitter.com\/NOTMERCEDINAS"],"url":"https:\/\/noticiasmercedinas.com\/site\/author\/as000384\/"}]}},"amp_enabled":true,"_links":{"self":[{"href":"https:\/\/noticiasmercedinas.com\/site\/wp-json\/wp\/v2\/posts\/40319","targetHints":{"allow":["GET"]}}],"collection":[{"href":"https:\/\/noticiasmercedinas.com\/site\/wp-json\/wp\/v2\/posts"}],"about":[{"href":"https:\/\/noticiasmercedinas.com\/site\/wp-json\/wp\/v2\/types\/post"}],"author":[{"embeddable":true,"href":"https:\/\/noticiasmercedinas.com\/site\/wp-json\/wp\/v2\/users\/2"}],"replies":[{"embeddable":true,"href":"https:\/\/noticiasmercedinas.com\/site\/wp-json\/wp\/v2\/comments?post=40319"}],"version-history":[{"count":1,"href":"https:\/\/noticiasmercedinas.com\/site\/wp-json\/wp\/v2\/posts\/40319\/revisions"}],"predecessor-version":[{"id":40320,"href":"https:\/\/noticiasmercedinas.com\/site\/wp-json\/wp\/v2\/posts\/40319\/revisions\/40320"}],"wp:featuredmedia":[{"embeddable":true,"href":"https:\/\/noticiasmercedinas.com\/site\/wp-json\/wp\/v2\/media\/40318"}],"wp:attachment":[{"href":"https:\/\/noticiasmercedinas.com\/site\/wp-json\/wp\/v2\/media?parent=40319"}],"wp:term":[{"taxonomy":"category","embeddable":true,"href":"https:\/\/noticiasmercedinas.com\/site\/wp-json\/wp\/v2\/categories?post=40319"},{"taxonomy":"post_tag","embeddable":true,"href":"https:\/\/noticiasmercedinas.com\/site\/wp-json\/wp\/v2\/tags?post=40319"}],"curies":[{"name":"wp","href":"https:\/\/api.w.org\/{rel}","templated":true}]}}