{"id":41258,"date":"2020-03-10T13:18:46","date_gmt":"2020-03-10T16:18:46","guid":{"rendered":"https:\/\/noticiasmercedinas.com\/site\/?p=41258"},"modified":"2020-03-10T14:22:18","modified_gmt":"2020-03-10T17:22:18","slug":"muere-automovilista-en-choque-frontal-en-ruta-5-kilometro-110","status":"publish","type":"post","link":"https:\/\/noticiasmercedinas.com\/site\/2020\/03\/10\/muere-automovilista-en-choque-frontal-en-ruta-5-kilometro-110\/","title":{"rendered":"Muere automovilista en choque frontal en Ruta 5 kil\u00f3metro 110"},"content":{"rendered":"<p><a href=\"https:\/\/noticiasmercedinas.com\/site\/wp-content\/uploads\/2020\/03\/siniestro.jpg\"><img loading=\"lazy\" decoding=\"async\" class=\"alignnone size-full wp-image-41263\" src=\"https:\/\/noticiasmercedinas.com\/site\/wp-content\/uploads\/2020\/03\/siniestro.jpg\" alt=\"\" width=\"640\" height=\"534\" srcset=\"https:\/\/noticiasmercedinas.com\/site\/wp-content\/uploads\/2020\/03\/siniestro.jpg 640w, https:\/\/noticiasmercedinas.com\/site\/wp-content\/uploads\/2020\/03\/siniestro-300x250.jpg 300w\" sizes=\"auto, (max-width: 640px) 100vw, 640px\" \/><\/a><\/p>\n<p>Osvaldo Hugo Botta, de 61 a\u00f1os, domiciliado en Suipacha, muri\u00f3 esta ma\u00f1ana al chocar el Renault Sandero que conduc\u00eda contra un cami\u00f3n, en el kil\u00f3metro 110 de la Ruta Nacional N\u00ba 5.<\/p>\n<p>El siniestro se produjo minutos despu\u00e9s de las 10 horas cuando el autom\u00f3vil que se dirig\u00eda hacia Chivilcoy, impact\u00f3 contra un Scania que circulaba en sentido contrario, cargado de rollos de alambre.<\/p>\n<p>El conductor del cami\u00f3n, Claudio Vicente Fern\u00e1ndez, de 51 a\u00f1os, domiciliado en Bragado, sufri\u00f3 lesiones leves por las que fue trasladado al Hospital \u201cBlas Dubarry\u201d. Interviene la Fiscal\u00eda (UFIJ) N\u00ba 6 del Departamento Judicial Mercedes.<\/p>\n<p><strong>Aclaraci\u00f3n<\/strong><\/p>\n<p>El reconocido martillero local Osvaldo Antonio Botta aclar\u00f3 que lamenta el fallecimiento de este vecino, de Suipacha, que es hom\u00f3nimo suyo.<\/p>\n","protected":false},"excerpt":{"rendered":"<p>Osvaldo Hugo Botta, de 61 a\u00f1os, domiciliado en Suipacha, muri\u00f3 esta ma\u00f1ana al chocar el Renault Sandero que conduc\u00eda contra un cami\u00f3n, en el kil\u00f3metro 110 de la Ruta Nacional N\u00ba 5. El siniestro se produjo minutos despu\u00e9s de las 10 horas cuando el autom\u00f3vil que se dirig\u00eda hacia Chivilcoy, impact\u00f3 contra un Scania que [&hellip;]<\/p>\n","protected":false},"author":16,"featured_media":41263,"comment_status":"open","ping_status":"open","sticky":false,"template":"","format":"standard","meta":{"footnotes":""},"categories":[7],"tags":[8595,1327,528,1095],"class_list":["post-41258","post","type-post","status-publish","format-standard","has-post-thumbnail","hentry","category-policiales","tag-choque-frontal","tag-ruta-nacional-5","tag-siniestro-vial","tag-suipacha"],"yoast_head":"<!-- This site is optimized with the Yoast SEO plugin v27.4 - https:\/\/yoast.com\/product\/yoast-seo-wordpress\/ -->\n<title>Muere automovilista en choque frontal en Ruta 5 kil\u00f3metro 110<\/title>\n<meta name=\"robots\" content=\"index, follow, max-snippet:-1, max-image-preview:large, max-video-preview:-1\" \/>\n<link rel=\"canonical\" href=\"https:\/\/noticiasmercedinas.com\/site\/2020\/03\/10\/muere-automovilista-en-choque-frontal-en-ruta-5-kilometro-110\/\" \/>\n<meta property=\"og:locale\" content=\"es_ES\" \/>\n<meta property=\"og:type\" content=\"article\" \/>\n<meta property=\"og:title\" content=\"Muere automovilista en choque frontal en Ruta 5 kil\u00f3metro 110\" \/>\n<meta property=\"og:description\" content=\"Osvaldo Hugo Botta, de 61 a\u00f1os, domiciliado en Suipacha, muri\u00f3 esta ma\u00f1ana al chocar el Renault Sandero que conduc\u00eda contra un cami\u00f3n, en el kil\u00f3metro 110 de la Ruta Nacional N\u00ba 5. El siniestro se produjo minutos despu\u00e9s de las 10 horas cuando el autom\u00f3vil que se dirig\u00eda hacia Chivilcoy, impact\u00f3 contra un Scania que [&hellip;]\" \/>\n<meta property=\"og:url\" content=\"https:\/\/noticiasmercedinas.com\/site\/2020\/03\/10\/muere-automovilista-en-choque-frontal-en-ruta-5-kilometro-110\/\" \/>\n<meta property=\"og:site_name\" content=\"NOTICIASMERCEDINAS.COM\" \/>\n<meta property=\"article:publisher\" content=\"https:\/\/www.facebook.com\/noticiasmercedinas\/\" \/>\n<meta property=\"article:published_time\" content=\"2020-03-10T16:18:46+00:00\" \/>\n<meta property=\"article:modified_time\" content=\"2020-03-10T17:22:18+00:00\" \/>\n<meta property=\"og:image\" content=\"https:\/\/noticiasmercedinas.com\/site\/wp-content\/uploads\/2020\/03\/siniestro.jpg\" \/>\n\t<meta property=\"og:image:width\" content=\"640\" \/>\n\t<meta property=\"og:image:height\" content=\"534\" \/>\n\t<meta property=\"og:image:type\" content=\"image\/jpeg\" \/>\n<meta name=\"author\" content=\"NOTICIASMERCEDINAS.COM\" \/>\n<meta name=\"twitter:card\" content=\"summary_large_image\" \/>\n<meta name=\"twitter:creator\" content=\"@notmercedinas\" \/>\n<meta name=\"twitter:site\" content=\"@notmercedinas\" \/>\n<meta name=\"twitter:label1\" content=\"Escrito por\" \/>\n\t<meta name=\"twitter:data1\" content=\"NOTICIASMERCEDINAS.COM\" \/>\n\t<meta name=\"twitter:label2\" content=\"Tiempo de lectura\" \/>\n\t<meta name=\"twitter:data2\" content=\"1 minuto\" \/>\n<script type=\"application\/ld+json\" class=\"yoast-schema-graph\">{\"@context\":\"https:\\\/\\\/schema.org\",\"@graph\":[{\"@type\":\"Article\",\"@id\":\"https:\\\/\\\/noticiasmercedinas.com\\\/site\\\/2020\\\/03\\\/10\\\/muere-automovilista-en-choque-frontal-en-ruta-5-kilometro-110\\\/#article\",\"isPartOf\":{\"@id\":\"https:\\\/\\\/noticiasmercedinas.com\\\/site\\\/2020\\\/03\\\/10\\\/muere-automovilista-en-choque-frontal-en-ruta-5-kilometro-110\\\/\"},\"author\":{\"name\":\"NOTICIASMERCEDINAS.COM\",\"@id\":\"https:\\\/\\\/noticiasmercedinas.com\\\/site\\\/#\\\/schema\\\/person\\\/84b59c099c28ff2e8b77d4ceec5d8063\"},\"headline\":\"Muere automovilista en choque frontal en Ruta 5 kil\u00f3metro 110\",\"datePublished\":\"2020-03-10T16:18:46+00:00\",\"dateModified\":\"2020-03-10T17:22:18+00:00\",\"mainEntityOfPage\":{\"@id\":\"https:\\\/\\\/noticiasmercedinas.com\\\/site\\\/2020\\\/03\\\/10\\\/muere-automovilista-en-choque-frontal-en-ruta-5-kilometro-110\\\/\"},\"wordCount\":138,\"commentCount\":0,\"publisher\":{\"@id\":\"https:\\\/\\\/noticiasmercedinas.com\\\/site\\\/#organization\"},\"image\":{\"@id\":\"https:\\\/\\\/noticiasmercedinas.com\\\/site\\\/2020\\\/03\\\/10\\\/muere-automovilista-en-choque-frontal-en-ruta-5-kilometro-110\\\/#primaryimage\"},\"thumbnailUrl\":\"https:\\\/\\\/noticiasmercedinas.com\\\/site\\\/wp-content\\\/uploads\\\/2020\\\/03\\\/siniestro.jpg\",\"keywords\":[\"choque frontal\",\"Ruta Nacional 5\",\"Siniestro Vial\",\"suipacha\"],\"articleSection\":[\"Seguridad\"],\"inLanguage\":\"es\",\"potentialAction\":[{\"@type\":\"CommentAction\",\"name\":\"Comment\",\"target\":[\"https:\\\/\\\/noticiasmercedinas.com\\\/site\\\/2020\\\/03\\\/10\\\/muere-automovilista-en-choque-frontal-en-ruta-5-kilometro-110\\\/#respond\"]}]},{\"@type\":\"WebPage\",\"@id\":\"https:\\\/\\\/noticiasmercedinas.com\\\/site\\\/2020\\\/03\\\/10\\\/muere-automovilista-en-choque-frontal-en-ruta-5-kilometro-110\\\/\",\"url\":\"https:\\\/\\\/noticiasmercedinas.com\\\/site\\\/2020\\\/03\\\/10\\\/muere-automovilista-en-choque-frontal-en-ruta-5-kilometro-110\\\/\",\"name\":\"Muere automovilista en choque frontal en Ruta 5 kil\u00f3metro 110\",\"isPartOf\":{\"@id\":\"https:\\\/\\\/noticiasmercedinas.com\\\/site\\\/#website\"},\"primaryImageOfPage\":{\"@id\":\"https:\\\/\\\/noticiasmercedinas.com\\\/site\\\/2020\\\/03\\\/10\\\/muere-automovilista-en-choque-frontal-en-ruta-5-kilometro-110\\\/#primaryimage\"},\"image\":{\"@id\":\"https:\\\/\\\/noticiasmercedinas.com\\\/site\\\/2020\\\/03\\\/10\\\/muere-automovilista-en-choque-frontal-en-ruta-5-kilometro-110\\\/#primaryimage\"},\"thumbnailUrl\":\"https:\\\/\\\/noticiasmercedinas.com\\\/site\\\/wp-content\\\/uploads\\\/2020\\\/03\\\/siniestro.jpg\",\"datePublished\":\"2020-03-10T16:18:46+00:00\",\"dateModified\":\"2020-03-10T17:22:18+00:00\",\"breadcrumb\":{\"@id\":\"https:\\\/\\\/noticiasmercedinas.com\\\/site\\\/2020\\\/03\\\/10\\\/muere-automovilista-en-choque-frontal-en-ruta-5-kilometro-110\\\/#breadcrumb\"},\"inLanguage\":\"es\",\"potentialAction\":[{\"@type\":\"ReadAction\",\"target\":[\"https:\\\/\\\/noticiasmercedinas.com\\\/site\\\/2020\\\/03\\\/10\\\/muere-automovilista-en-choque-frontal-en-ruta-5-kilometro-110\\\/\"]}]},{\"@type\":\"ImageObject\",\"inLanguage\":\"es\",\"@id\":\"https:\\\/\\\/noticiasmercedinas.com\\\/site\\\/2020\\\/03\\\/10\\\/muere-automovilista-en-choque-frontal-en-ruta-5-kilometro-110\\\/#primaryimage\",\"url\":\"https:\\\/\\\/noticiasmercedinas.com\\\/site\\\/wp-content\\\/uploads\\\/2020\\\/03\\\/siniestro.jpg\",\"contentUrl\":\"https:\\\/\\\/noticiasmercedinas.com\\\/site\\\/wp-content\\\/uploads\\\/2020\\\/03\\\/siniestro.jpg\",\"width\":640,\"height\":534},{\"@type\":\"BreadcrumbList\",\"@id\":\"https:\\\/\\\/noticiasmercedinas.com\\\/site\\\/2020\\\/03\\\/10\\\/muere-automovilista-en-choque-frontal-en-ruta-5-kilometro-110\\\/#breadcrumb\",\"itemListElement\":[{\"@type\":\"ListItem\",\"position\":1,\"name\":\"Portada\",\"item\":\"https:\\\/\\\/noticiasmercedinas.com\\\/site\\\/\"},{\"@type\":\"ListItem\",\"position\":2,\"name\":\"Muere automovilista en choque frontal en Ruta 5 kil\u00f3metro 110\"}]},{\"@type\":\"WebSite\",\"@id\":\"https:\\\/\\\/noticiasmercedinas.com\\\/site\\\/#website\",\"url\":\"https:\\\/\\\/noticiasmercedinas.com\\\/site\\\/\",\"name\":\"NOTICIASMERCEDINAS.COM\",\"description\":\"Mercedes, Buenos Aires, Argentina\",\"publisher\":{\"@id\":\"https:\\\/\\\/noticiasmercedinas.com\\\/site\\\/#organization\"},\"potentialAction\":[{\"@type\":\"SearchAction\",\"target\":{\"@type\":\"EntryPoint\",\"urlTemplate\":\"https:\\\/\\\/noticiasmercedinas.com\\\/site\\\/?s={search_term_string}\"},\"query-input\":{\"@type\":\"PropertyValueSpecification\",\"valueRequired\":true,\"valueName\":\"search_term_string\"}}],\"inLanguage\":\"es\"},{\"@type\":\"Organization\",\"@id\":\"https:\\\/\\\/noticiasmercedinas.com\\\/site\\\/#organization\",\"name\":\"NOTICIASMERCEDINAS.COM\",\"url\":\"https:\\\/\\\/noticiasmercedinas.com\\\/site\\\/\",\"logo\":{\"@type\":\"ImageObject\",\"inLanguage\":\"es\",\"@id\":\"https:\\\/\\\/noticiasmercedinas.com\\\/site\\\/#\\\/schema\\\/logo\\\/image\\\/\",\"url\":\"https:\\\/\\\/noticiasmercedinas.com\\\/site\\\/wp-content\\\/uploads\\\/2020\\\/06\\\/LOGO-512.jpg\",\"contentUrl\":\"https:\\\/\\\/noticiasmercedinas.com\\\/site\\\/wp-content\\\/uploads\\\/2020\\\/06\\\/LOGO-512.jpg\",\"width\":512,\"height\":512,\"caption\":\"NOTICIASMERCEDINAS.COM\"},\"image\":{\"@id\":\"https:\\\/\\\/noticiasmercedinas.com\\\/site\\\/#\\\/schema\\\/logo\\\/image\\\/\"},\"sameAs\":[\"https:\\\/\\\/www.facebook.com\\\/noticiasmercedinas\\\/\",\"https:\\\/\\\/x.com\\\/notmercedinas\",\"https:\\\/\\\/www.instagram.com\\\/noticiasmercedinas\\\/\"]},{\"@type\":\"Person\",\"@id\":\"https:\\\/\\\/noticiasmercedinas.com\\\/site\\\/#\\\/schema\\\/person\\\/84b59c099c28ff2e8b77d4ceec5d8063\",\"name\":\"NOTICIASMERCEDINAS.COM\",\"image\":{\"@type\":\"ImageObject\",\"inLanguage\":\"es\",\"@id\":\"https:\\\/\\\/secure.gravatar.com\\\/avatar\\\/4dfbf16b4d17945bfb6341b2d19043457132fcf478a5ee04f42e959fd8f5df0a?s=96&d=mm&r=g\",\"url\":\"https:\\\/\\\/secure.gravatar.com\\\/avatar\\\/4dfbf16b4d17945bfb6341b2d19043457132fcf478a5ee04f42e959fd8f5df0a?s=96&d=mm&r=g\",\"contentUrl\":\"https:\\\/\\\/secure.gravatar.com\\\/avatar\\\/4dfbf16b4d17945bfb6341b2d19043457132fcf478a5ee04f42e959fd8f5df0a?s=96&d=mm&r=g\",\"caption\":\"NOTICIASMERCEDINAS.COM\"},\"url\":\"https:\\\/\\\/noticiasmercedinas.com\\\/site\\\/author\\\/anonimo\\\/\"}]}<\/script>\n<!-- \/ Yoast SEO plugin. -->","yoast_head_json":{"title":"Muere automovilista en choque frontal en Ruta 5 kil\u00f3metro 110","robots":{"index":"index","follow":"follow","max-snippet":"max-snippet:-1","max-image-preview":"max-image-preview:large","max-video-preview":"max-video-preview:-1"},"canonical":"https:\/\/noticiasmercedinas.com\/site\/2020\/03\/10\/muere-automovilista-en-choque-frontal-en-ruta-5-kilometro-110\/","og_locale":"es_ES","og_type":"article","og_title":"Muere automovilista en choque frontal en Ruta 5 kil\u00f3metro 110","og_description":"Osvaldo Hugo Botta, de 61 a\u00f1os, domiciliado en Suipacha, muri\u00f3 esta ma\u00f1ana al chocar el Renault Sandero que conduc\u00eda contra un cami\u00f3n, en el kil\u00f3metro 110 de la Ruta Nacional N\u00ba 5. El siniestro se produjo minutos despu\u00e9s de las 10 horas cuando el autom\u00f3vil que se dirig\u00eda hacia Chivilcoy, impact\u00f3 contra un Scania que [&hellip;]","og_url":"https:\/\/noticiasmercedinas.com\/site\/2020\/03\/10\/muere-automovilista-en-choque-frontal-en-ruta-5-kilometro-110\/","og_site_name":"NOTICIASMERCEDINAS.COM","article_publisher":"https:\/\/www.facebook.com\/noticiasmercedinas\/","article_published_time":"2020-03-10T16:18:46+00:00","article_modified_time":"2020-03-10T17:22:18+00:00","og_image":[{"width":640,"height":534,"url":"https:\/\/noticiasmercedinas.com\/site\/wp-content\/uploads\/2020\/03\/siniestro.jpg","type":"image\/jpeg"}],"author":"NOTICIASMERCEDINAS.COM","twitter_card":"summary_large_image","twitter_creator":"@notmercedinas","twitter_site":"@notmercedinas","twitter_misc":{"Escrito por":"NOTICIASMERCEDINAS.COM","Tiempo de lectura":"1 minuto"},"schema":{"@context":"https:\/\/schema.org","@graph":[{"@type":"Article","@id":"https:\/\/noticiasmercedinas.com\/site\/2020\/03\/10\/muere-automovilista-en-choque-frontal-en-ruta-5-kilometro-110\/#article","isPartOf":{"@id":"https:\/\/noticiasmercedinas.com\/site\/2020\/03\/10\/muere-automovilista-en-choque-frontal-en-ruta-5-kilometro-110\/"},"author":{"name":"NOTICIASMERCEDINAS.COM","@id":"https:\/\/noticiasmercedinas.com\/site\/#\/schema\/person\/84b59c099c28ff2e8b77d4ceec5d8063"},"headline":"Muere automovilista en choque frontal en Ruta 5 kil\u00f3metro 110","datePublished":"2020-03-10T16:18:46+00:00","dateModified":"2020-03-10T17:22:18+00:00","mainEntityOfPage":{"@id":"https:\/\/noticiasmercedinas.com\/site\/2020\/03\/10\/muere-automovilista-en-choque-frontal-en-ruta-5-kilometro-110\/"},"wordCount":138,"commentCount":0,"publisher":{"@id":"https:\/\/noticiasmercedinas.com\/site\/#organization"},"image":{"@id":"https:\/\/noticiasmercedinas.com\/site\/2020\/03\/10\/muere-automovilista-en-choque-frontal-en-ruta-5-kilometro-110\/#primaryimage"},"thumbnailUrl":"https:\/\/noticiasmercedinas.com\/site\/wp-content\/uploads\/2020\/03\/siniestro.jpg","keywords":["choque frontal","Ruta Nacional 5","Siniestro Vial","suipacha"],"articleSection":["Seguridad"],"inLanguage":"es","potentialAction":[{"@type":"CommentAction","name":"Comment","target":["https:\/\/noticiasmercedinas.com\/site\/2020\/03\/10\/muere-automovilista-en-choque-frontal-en-ruta-5-kilometro-110\/#respond"]}]},{"@type":"WebPage","@id":"https:\/\/noticiasmercedinas.com\/site\/2020\/03\/10\/muere-automovilista-en-choque-frontal-en-ruta-5-kilometro-110\/","url":"https:\/\/noticiasmercedinas.com\/site\/2020\/03\/10\/muere-automovilista-en-choque-frontal-en-ruta-5-kilometro-110\/","name":"Muere automovilista en choque frontal en Ruta 5 kil\u00f3metro 110","isPartOf":{"@id":"https:\/\/noticiasmercedinas.com\/site\/#website"},"primaryImageOfPage":{"@id":"https:\/\/noticiasmercedinas.com\/site\/2020\/03\/10\/muere-automovilista-en-choque-frontal-en-ruta-5-kilometro-110\/#primaryimage"},"image":{"@id":"https:\/\/noticiasmercedinas.com\/site\/2020\/03\/10\/muere-automovilista-en-choque-frontal-en-ruta-5-kilometro-110\/#primaryimage"},"thumbnailUrl":"https:\/\/noticiasmercedinas.com\/site\/wp-content\/uploads\/2020\/03\/siniestro.jpg","datePublished":"2020-03-10T16:18:46+00:00","dateModified":"2020-03-10T17:22:18+00:00","breadcrumb":{"@id":"https:\/\/noticiasmercedinas.com\/site\/2020\/03\/10\/muere-automovilista-en-choque-frontal-en-ruta-5-kilometro-110\/#breadcrumb"},"inLanguage":"es","potentialAction":[{"@type":"ReadAction","target":["https:\/\/noticiasmercedinas.com\/site\/2020\/03\/10\/muere-automovilista-en-choque-frontal-en-ruta-5-kilometro-110\/"]}]},{"@type":"ImageObject","inLanguage":"es","@id":"https:\/\/noticiasmercedinas.com\/site\/2020\/03\/10\/muere-automovilista-en-choque-frontal-en-ruta-5-kilometro-110\/#primaryimage","url":"https:\/\/noticiasmercedinas.com\/site\/wp-content\/uploads\/2020\/03\/siniestro.jpg","contentUrl":"https:\/\/noticiasmercedinas.com\/site\/wp-content\/uploads\/2020\/03\/siniestro.jpg","width":640,"height":534},{"@type":"BreadcrumbList","@id":"https:\/\/noticiasmercedinas.com\/site\/2020\/03\/10\/muere-automovilista-en-choque-frontal-en-ruta-5-kilometro-110\/#breadcrumb","itemListElement":[{"@type":"ListItem","position":1,"name":"Portada","item":"https:\/\/noticiasmercedinas.com\/site\/"},{"@type":"ListItem","position":2,"name":"Muere automovilista en choque frontal en Ruta 5 kil\u00f3metro 110"}]},{"@type":"WebSite","@id":"https:\/\/noticiasmercedinas.com\/site\/#website","url":"https:\/\/noticiasmercedinas.com\/site\/","name":"NOTICIASMERCEDINAS.COM","description":"Mercedes, Buenos Aires, Argentina","publisher":{"@id":"https:\/\/noticiasmercedinas.com\/site\/#organization"},"potentialAction":[{"@type":"SearchAction","target":{"@type":"EntryPoint","urlTemplate":"https:\/\/noticiasmercedinas.com\/site\/?s={search_term_string}"},"query-input":{"@type":"PropertyValueSpecification","valueRequired":true,"valueName":"search_term_string"}}],"inLanguage":"es"},{"@type":"Organization","@id":"https:\/\/noticiasmercedinas.com\/site\/#organization","name":"NOTICIASMERCEDINAS.COM","url":"https:\/\/noticiasmercedinas.com\/site\/","logo":{"@type":"ImageObject","inLanguage":"es","@id":"https:\/\/noticiasmercedinas.com\/site\/#\/schema\/logo\/image\/","url":"https:\/\/noticiasmercedinas.com\/site\/wp-content\/uploads\/2020\/06\/LOGO-512.jpg","contentUrl":"https:\/\/noticiasmercedinas.com\/site\/wp-content\/uploads\/2020\/06\/LOGO-512.jpg","width":512,"height":512,"caption":"NOTICIASMERCEDINAS.COM"},"image":{"@id":"https:\/\/noticiasmercedinas.com\/site\/#\/schema\/logo\/image\/"},"sameAs":["https:\/\/www.facebook.com\/noticiasmercedinas\/","https:\/\/x.com\/notmercedinas","https:\/\/www.instagram.com\/noticiasmercedinas\/"]},{"@type":"Person","@id":"https:\/\/noticiasmercedinas.com\/site\/#\/schema\/person\/84b59c099c28ff2e8b77d4ceec5d8063","name":"NOTICIASMERCEDINAS.COM","image":{"@type":"ImageObject","inLanguage":"es","@id":"https:\/\/secure.gravatar.com\/avatar\/4dfbf16b4d17945bfb6341b2d19043457132fcf478a5ee04f42e959fd8f5df0a?s=96&d=mm&r=g","url":"https:\/\/secure.gravatar.com\/avatar\/4dfbf16b4d17945bfb6341b2d19043457132fcf478a5ee04f42e959fd8f5df0a?s=96&d=mm&r=g","contentUrl":"https:\/\/secure.gravatar.com\/avatar\/4dfbf16b4d17945bfb6341b2d19043457132fcf478a5ee04f42e959fd8f5df0a?s=96&d=mm&r=g","caption":"NOTICIASMERCEDINAS.COM"},"url":"https:\/\/noticiasmercedinas.com\/site\/author\/anonimo\/"}]}},"amp_enabled":true,"_links":{"self":[{"href":"https:\/\/noticiasmercedinas.com\/site\/wp-json\/wp\/v2\/posts\/41258","targetHints":{"allow":["GET"]}}],"collection":[{"href":"https:\/\/noticiasmercedinas.com\/site\/wp-json\/wp\/v2\/posts"}],"about":[{"href":"https:\/\/noticiasmercedinas.com\/site\/wp-json\/wp\/v2\/types\/post"}],"author":[{"embeddable":true,"href":"https:\/\/noticiasmercedinas.com\/site\/wp-json\/wp\/v2\/users\/16"}],"replies":[{"embeddable":true,"href":"https:\/\/noticiasmercedinas.com\/site\/wp-json\/wp\/v2\/comments?post=41258"}],"version-history":[{"count":4,"href":"https:\/\/noticiasmercedinas.com\/site\/wp-json\/wp\/v2\/posts\/41258\/revisions"}],"predecessor-version":[{"id":41266,"href":"https:\/\/noticiasmercedinas.com\/site\/wp-json\/wp\/v2\/posts\/41258\/revisions\/41266"}],"wp:featuredmedia":[{"embeddable":true,"href":"https:\/\/noticiasmercedinas.com\/site\/wp-json\/wp\/v2\/media\/41263"}],"wp:attachment":[{"href":"https:\/\/noticiasmercedinas.com\/site\/wp-json\/wp\/v2\/media?parent=41258"}],"wp:term":[{"taxonomy":"category","embeddable":true,"href":"https:\/\/noticiasmercedinas.com\/site\/wp-json\/wp\/v2\/categories?post=41258"},{"taxonomy":"post_tag","embeddable":true,"href":"https:\/\/noticiasmercedinas.com\/site\/wp-json\/wp\/v2\/tags?post=41258"}],"curies":[{"name":"wp","href":"https:\/\/api.w.org\/{rel}","templated":true}]}}