{"id":41354,"date":"2020-03-11T17:40:59","date_gmt":"2020-03-11T20:40:59","guid":{"rendered":"https:\/\/noticiasmercedinas.com\/site\/2020\/03\/11\/augusto-costa-visito-mercedes-y-se-reunio-con-diferentes-sectores-productivos\/"},"modified":"2020-03-11T22:01:10","modified_gmt":"2020-03-12T01:01:10","slug":"augusto-costa-visito-mercedes-y-se-reunio-con-diferentes-sectores-productivos","status":"publish","type":"post","link":"https:\/\/noticiasmercedinas.com\/site\/2020\/03\/11\/augusto-costa-visito-mercedes-y-se-reunio-con-diferentes-sectores-productivos\/","title":{"rendered":"Augusto Costa visit\u00f3 Mercedes y se reuni\u00f3 con diferentes sectores productivos"},"content":{"rendered":"<p><img loading=\"lazy\" decoding=\"async\" class=\"alignnone wp-image-41353 size-full\" src=\"https:\/\/noticiasmercedinas.com\/site\/wp-content\/uploads\/2020\/03\/wp-15839592246551820641816.jpg\" width=\"1024\" height=\"729\" srcset=\"https:\/\/noticiasmercedinas.com\/site\/wp-content\/uploads\/2020\/03\/wp-15839592246551820641816.jpg 1024w, https:\/\/noticiasmercedinas.com\/site\/wp-content\/uploads\/2020\/03\/wp-15839592246551820641816-300x214.jpg 300w, https:\/\/noticiasmercedinas.com\/site\/wp-content\/uploads\/2020\/03\/wp-15839592246551820641816-768x547.jpg 768w, https:\/\/noticiasmercedinas.com\/site\/wp-content\/uploads\/2020\/03\/wp-15839592246551820641816-1022x729.jpg 1022w, https:\/\/noticiasmercedinas.com\/site\/wp-content\/uploads\/2020\/03\/wp-15839592246551820641816-640x456.jpg 640w, https:\/\/noticiasmercedinas.com\/site\/wp-content\/uploads\/2020\/03\/wp-15839592246551820641816-681x485.jpg 681w\" sizes=\"auto, (max-width: 1024px) 100vw, 1024px\" \/><\/p>\n<p>El ministro de Producci\u00f3n, Ciencia e Innovaci\u00f3n Tecnol\u00f3gica de la Provincia, Augusto Costa, visit\u00f3 la ciudad de Mercedes donde cumpli\u00f3 con una amplia agenda de trabajo que incluy\u00f3 una recorrida por el Sector Industrial Planificado (SIP) junto al intendente Juan Ignacio Ustarroz, una reuni\u00f3n con diferentes sectores productivos en el Polo Gastron\u00f3mico de Tom\u00e1s Jofr\u00e9 y una visita al Polo cient\u00edfico tecnol\u00f3gico que se proyecta en la vieja Colonia Capit\u00e1n Sarmiento.<\/p>\n<p>El ministro mantuvo un encuentro en el consorcio del SIP con la C\u00e1mara Econ\u00f3mica Mercedina y pasado el mediod\u00eda particip\u00f3 de una reuni\u00f3n con sectores vinculados al turismo como gastron\u00f3micos, artesanos, emprendedores y productores en la localidad de Tom\u00e1s Jofr\u00e9.<\/p>\n<p>Para cerrar la jornada, Costa visit\u00f3 el predio de la ex Colonia Capit\u00e1n Sarmiento, donde se proyecta la creaci\u00f3n de un Polo cient\u00edfico tecnol\u00f3gico.<\/p>\n<p>\u201cLa \u00fanica forma de poner a la Provincia de pie es trabajando en conjunto con los intendentes y los actores que todos los d\u00edas enfrentan desaf\u00edos y problem\u00e1ticas. Con el intendente Juan Ignacio Ustarroz tenemos una visi\u00f3n muy similar en varias cuestiones porque trabaja mucho por la comunidad. Estamos atendiendo los problemas directamente\u201d, manifest\u00f3 el ministro.<\/p>\n<p>Adem\u00e1s cont\u00f3 que \u201cme llevo una visi\u00f3n por parte de los sectores de todas las problem\u00e1ticas que no son nuevas para nosotros porque ya venimos recorriendo la Provincia, pero que requieren una atenci\u00f3n del Estado\u201d<\/p>\n<p>Sobre la reuni\u00f3n con diferentes actores del sector tur\u00edstico en Jofr\u00e9, coment\u00f3: \u201cPude ver de primera mano el capital que hay en t\u00e9rminos tur\u00edsticos y culturales y la identidad de Mercedes que hay que desarrollar. Nos ponemos a disposici\u00f3n para potenciar lo que viene haciendo el municipio. Fue una visita muy productiva\u201d.<\/p>\n<p>\u201cPara nosotros es un honor que Augusto (Costa), como as\u00ed lo han hecho ministros tanto de provincia como de Naci\u00f3n, venga a brindarse a la comunidad de Mercedes para facilitar herramientas, para poder avanzar y trabajar\u201d dijo el intendente Juan Ignacio Ustarroz.<\/p>\n<p>En ese sentido, Ustarroz se\u00f1al\u00f3 que \u201csabemos que estamos en un contexto realmente muy complejo pero entendemos que contamos con un gran equipo, desde lo humano y lo t\u00e9cnico, para poder apoyarnos y salir entre todos los municipios de esta situaci\u00f3n cr\u00edtica que hoy nos toca afrontar\u201d y a\u00f1adi\u00f3 \u201cqueremos agradecerle de coraz\u00f3n a Augusto (Costa) porque es muy importante para nosotros recibir este acompa\u00f1amiento y apoyo\u201d.<\/p>\n","protected":false},"excerpt":{"rendered":"<p>El ministro de Producci\u00f3n, Ciencia e Innovaci\u00f3n Tecnol\u00f3gica de la Provincia, Augusto Costa, visit\u00f3 la ciudad de Mercedes donde cumpli\u00f3 con una amplia agenda de trabajo que incluy\u00f3 una recorrida por el Sector Industrial Planificado (SIP) junto al intendente Juan Ignacio Ustarroz, una reuni\u00f3n con diferentes sectores productivos en el Polo Gastron\u00f3mico de Tom\u00e1s Jofr\u00e9 [&hellip;]<\/p>\n","protected":false},"author":2,"featured_media":41353,"comment_status":"open","ping_status":"open","sticky":false,"template":"","format":"standard","meta":{"footnotes":""},"categories":[3],"tags":[7731,32],"class_list":["post-41354","post","type-post","status-publish","format-standard","has-post-thumbnail","hentry","category-sociedad","tag-augusto-costa","tag-produccion"],"yoast_head":"<!-- This site is optimized with the Yoast SEO plugin v27.5 - https:\/\/yoast.com\/product\/yoast-seo-wordpress\/ -->\n<title>Augusto Costa visit\u00f3 Mercedes y se reuni\u00f3 con diferentes sectores productivos<\/title>\n<meta name=\"robots\" content=\"index, follow, max-snippet:-1, max-image-preview:large, max-video-preview:-1\" \/>\n<link rel=\"canonical\" href=\"https:\/\/noticiasmercedinas.com\/site\/2020\/03\/11\/augusto-costa-visito-mercedes-y-se-reunio-con-diferentes-sectores-productivos\/\" \/>\n<meta property=\"og:locale\" content=\"es_ES\" \/>\n<meta property=\"og:type\" content=\"article\" \/>\n<meta property=\"og:title\" content=\"Augusto Costa visit\u00f3 Mercedes y se reuni\u00f3 con diferentes sectores productivos\" \/>\n<meta property=\"og:description\" content=\"El ministro de Producci\u00f3n, Ciencia e Innovaci\u00f3n Tecnol\u00f3gica de la Provincia, Augusto Costa, visit\u00f3 la ciudad de Mercedes donde cumpli\u00f3 con una amplia agenda de trabajo que incluy\u00f3 una recorrida por el Sector Industrial Planificado (SIP) junto al intendente Juan Ignacio Ustarroz, una reuni\u00f3n con diferentes sectores productivos en el Polo Gastron\u00f3mico de Tom\u00e1s Jofr\u00e9 [&hellip;]\" \/>\n<meta property=\"og:url\" content=\"https:\/\/noticiasmercedinas.com\/site\/2020\/03\/11\/augusto-costa-visito-mercedes-y-se-reunio-con-diferentes-sectores-productivos\/\" \/>\n<meta property=\"og:site_name\" content=\"NOTICIASMERCEDINAS.COM\" \/>\n<meta property=\"article:publisher\" content=\"https:\/\/www.facebook.com\/noticiasmercedinas\/\" \/>\n<meta property=\"article:author\" content=\"https:\/\/www.facebook.com\/cristian.falabella\" \/>\n<meta property=\"article:published_time\" content=\"2020-03-11T20:40:59+00:00\" \/>\n<meta property=\"article:modified_time\" content=\"2020-03-12T01:01:10+00:00\" \/>\n<meta property=\"og:image\" content=\"https:\/\/noticiasmercedinas.com\/site\/wp-content\/uploads\/2020\/03\/wp-15839592246551820641816.jpg\" \/>\n\t<meta property=\"og:image:width\" content=\"1024\" \/>\n\t<meta property=\"og:image:height\" content=\"729\" \/>\n\t<meta property=\"og:image:type\" content=\"image\/jpeg\" \/>\n<meta name=\"author\" content=\"Cristian Falabella NOTICIASMERCEDINAS.COM\" \/>\n<meta name=\"twitter:card\" content=\"summary_large_image\" \/>\n<meta name=\"twitter:creator\" content=\"@https:\/\/twitter.com\/NOTMERCEDINAS\" \/>\n<meta name=\"twitter:site\" content=\"@notmercedinas\" \/>\n<meta name=\"twitter:label1\" content=\"Escrito por\" \/>\n\t<meta name=\"twitter:data1\" content=\"Cristian Falabella NOTICIASMERCEDINAS.COM\" \/>\n\t<meta name=\"twitter:label2\" content=\"Tiempo de lectura\" \/>\n\t<meta name=\"twitter:data2\" content=\"2 minutos\" \/>\n<script type=\"application\/ld+json\" class=\"yoast-schema-graph\">{\"@context\":\"https:\\\/\\\/schema.org\",\"@graph\":[{\"@type\":\"Article\",\"@id\":\"https:\\\/\\\/noticiasmercedinas.com\\\/site\\\/2020\\\/03\\\/11\\\/augusto-costa-visito-mercedes-y-se-reunio-con-diferentes-sectores-productivos\\\/#article\",\"isPartOf\":{\"@id\":\"https:\\\/\\\/noticiasmercedinas.com\\\/site\\\/2020\\\/03\\\/11\\\/augusto-costa-visito-mercedes-y-se-reunio-con-diferentes-sectores-productivos\\\/\"},\"author\":{\"name\":\"Cristian Falabella NOTICIASMERCEDINAS.COM\",\"@id\":\"https:\\\/\\\/noticiasmercedinas.com\\\/site\\\/#\\\/schema\\\/person\\\/d481a9696a5feaec13a60e2bbd991a6a\"},\"headline\":\"Augusto Costa visit\u00f3 Mercedes y se reuni\u00f3 con diferentes sectores productivos\",\"datePublished\":\"2020-03-11T20:40:59+00:00\",\"dateModified\":\"2020-03-12T01:01:10+00:00\",\"mainEntityOfPage\":{\"@id\":\"https:\\\/\\\/noticiasmercedinas.com\\\/site\\\/2020\\\/03\\\/11\\\/augusto-costa-visito-mercedes-y-se-reunio-con-diferentes-sectores-productivos\\\/\"},\"wordCount\":438,\"commentCount\":0,\"publisher\":{\"@id\":\"https:\\\/\\\/noticiasmercedinas.com\\\/site\\\/#organization\"},\"image\":{\"@id\":\"https:\\\/\\\/noticiasmercedinas.com\\\/site\\\/2020\\\/03\\\/11\\\/augusto-costa-visito-mercedes-y-se-reunio-con-diferentes-sectores-productivos\\\/#primaryimage\"},\"thumbnailUrl\":\"https:\\\/\\\/noticiasmercedinas.com\\\/site\\\/wp-content\\\/uploads\\\/2020\\\/03\\\/wp-15839592246551820641816.jpg\",\"keywords\":[\"Augusto Costa\",\"produccion\"],\"articleSection\":[\"Sociedad\"],\"inLanguage\":\"es\",\"potentialAction\":[{\"@type\":\"CommentAction\",\"name\":\"Comment\",\"target\":[\"https:\\\/\\\/noticiasmercedinas.com\\\/site\\\/2020\\\/03\\\/11\\\/augusto-costa-visito-mercedes-y-se-reunio-con-diferentes-sectores-productivos\\\/#respond\"]}]},{\"@type\":\"WebPage\",\"@id\":\"https:\\\/\\\/noticiasmercedinas.com\\\/site\\\/2020\\\/03\\\/11\\\/augusto-costa-visito-mercedes-y-se-reunio-con-diferentes-sectores-productivos\\\/\",\"url\":\"https:\\\/\\\/noticiasmercedinas.com\\\/site\\\/2020\\\/03\\\/11\\\/augusto-costa-visito-mercedes-y-se-reunio-con-diferentes-sectores-productivos\\\/\",\"name\":\"Augusto Costa visit\u00f3 Mercedes y se reuni\u00f3 con diferentes sectores productivos\",\"isPartOf\":{\"@id\":\"https:\\\/\\\/noticiasmercedinas.com\\\/site\\\/#website\"},\"primaryImageOfPage\":{\"@id\":\"https:\\\/\\\/noticiasmercedinas.com\\\/site\\\/2020\\\/03\\\/11\\\/augusto-costa-visito-mercedes-y-se-reunio-con-diferentes-sectores-productivos\\\/#primaryimage\"},\"image\":{\"@id\":\"https:\\\/\\\/noticiasmercedinas.com\\\/site\\\/2020\\\/03\\\/11\\\/augusto-costa-visito-mercedes-y-se-reunio-con-diferentes-sectores-productivos\\\/#primaryimage\"},\"thumbnailUrl\":\"https:\\\/\\\/noticiasmercedinas.com\\\/site\\\/wp-content\\\/uploads\\\/2020\\\/03\\\/wp-15839592246551820641816.jpg\",\"datePublished\":\"2020-03-11T20:40:59+00:00\",\"dateModified\":\"2020-03-12T01:01:10+00:00\",\"breadcrumb\":{\"@id\":\"https:\\\/\\\/noticiasmercedinas.com\\\/site\\\/2020\\\/03\\\/11\\\/augusto-costa-visito-mercedes-y-se-reunio-con-diferentes-sectores-productivos\\\/#breadcrumb\"},\"inLanguage\":\"es\",\"potentialAction\":[{\"@type\":\"ReadAction\",\"target\":[\"https:\\\/\\\/noticiasmercedinas.com\\\/site\\\/2020\\\/03\\\/11\\\/augusto-costa-visito-mercedes-y-se-reunio-con-diferentes-sectores-productivos\\\/\"]}]},{\"@type\":\"ImageObject\",\"inLanguage\":\"es\",\"@id\":\"https:\\\/\\\/noticiasmercedinas.com\\\/site\\\/2020\\\/03\\\/11\\\/augusto-costa-visito-mercedes-y-se-reunio-con-diferentes-sectores-productivos\\\/#primaryimage\",\"url\":\"https:\\\/\\\/noticiasmercedinas.com\\\/site\\\/wp-content\\\/uploads\\\/2020\\\/03\\\/wp-15839592246551820641816.jpg\",\"contentUrl\":\"https:\\\/\\\/noticiasmercedinas.com\\\/site\\\/wp-content\\\/uploads\\\/2020\\\/03\\\/wp-15839592246551820641816.jpg\",\"width\":1024,\"height\":729},{\"@type\":\"BreadcrumbList\",\"@id\":\"https:\\\/\\\/noticiasmercedinas.com\\\/site\\\/2020\\\/03\\\/11\\\/augusto-costa-visito-mercedes-y-se-reunio-con-diferentes-sectores-productivos\\\/#breadcrumb\",\"itemListElement\":[{\"@type\":\"ListItem\",\"position\":1,\"name\":\"Portada\",\"item\":\"https:\\\/\\\/noticiasmercedinas.com\\\/site\\\/\"},{\"@type\":\"ListItem\",\"position\":2,\"name\":\"Augusto Costa visit\u00f3 Mercedes y se reuni\u00f3 con diferentes sectores productivos\"}]},{\"@type\":\"WebSite\",\"@id\":\"https:\\\/\\\/noticiasmercedinas.com\\\/site\\\/#website\",\"url\":\"https:\\\/\\\/noticiasmercedinas.com\\\/site\\\/\",\"name\":\"NOTICIASMERCEDINAS.COM\",\"description\":\"Mercedes, Buenos Aires, Argentina\",\"publisher\":{\"@id\":\"https:\\\/\\\/noticiasmercedinas.com\\\/site\\\/#organization\"},\"potentialAction\":[{\"@type\":\"SearchAction\",\"target\":{\"@type\":\"EntryPoint\",\"urlTemplate\":\"https:\\\/\\\/noticiasmercedinas.com\\\/site\\\/?s={search_term_string}\"},\"query-input\":{\"@type\":\"PropertyValueSpecification\",\"valueRequired\":true,\"valueName\":\"search_term_string\"}}],\"inLanguage\":\"es\"},{\"@type\":\"Organization\",\"@id\":\"https:\\\/\\\/noticiasmercedinas.com\\\/site\\\/#organization\",\"name\":\"NOTICIASMERCEDINAS.COM\",\"url\":\"https:\\\/\\\/noticiasmercedinas.com\\\/site\\\/\",\"logo\":{\"@type\":\"ImageObject\",\"inLanguage\":\"es\",\"@id\":\"https:\\\/\\\/noticiasmercedinas.com\\\/site\\\/#\\\/schema\\\/logo\\\/image\\\/\",\"url\":\"https:\\\/\\\/noticiasmercedinas.com\\\/site\\\/wp-content\\\/uploads\\\/2020\\\/06\\\/LOGO-512.jpg\",\"contentUrl\":\"https:\\\/\\\/noticiasmercedinas.com\\\/site\\\/wp-content\\\/uploads\\\/2020\\\/06\\\/LOGO-512.jpg\",\"width\":512,\"height\":512,\"caption\":\"NOTICIASMERCEDINAS.COM\"},\"image\":{\"@id\":\"https:\\\/\\\/noticiasmercedinas.com\\\/site\\\/#\\\/schema\\\/logo\\\/image\\\/\"},\"sameAs\":[\"https:\\\/\\\/www.facebook.com\\\/noticiasmercedinas\\\/\",\"https:\\\/\\\/x.com\\\/notmercedinas\",\"https:\\\/\\\/www.instagram.com\\\/noticiasmercedinas\\\/\"]},{\"@type\":\"Person\",\"@id\":\"https:\\\/\\\/noticiasmercedinas.com\\\/site\\\/#\\\/schema\\\/person\\\/d481a9696a5feaec13a60e2bbd991a6a\",\"name\":\"Cristian Falabella NOTICIASMERCEDINAS.COM\",\"image\":{\"@type\":\"ImageObject\",\"inLanguage\":\"es\",\"@id\":\"https:\\\/\\\/secure.gravatar.com\\\/avatar\\\/0dbbfc45970cc46bcd0e57766228574ff3511d6eed045b182f536f0f478c1f06?s=96&d=mm&r=g\",\"url\":\"https:\\\/\\\/secure.gravatar.com\\\/avatar\\\/0dbbfc45970cc46bcd0e57766228574ff3511d6eed045b182f536f0f478c1f06?s=96&d=mm&r=g\",\"contentUrl\":\"https:\\\/\\\/secure.gravatar.com\\\/avatar\\\/0dbbfc45970cc46bcd0e57766228574ff3511d6eed045b182f536f0f478c1f06?s=96&d=mm&r=g\",\"caption\":\"Cristian Falabella NOTICIASMERCEDINAS.COM\"},\"description\":\"Periodista, editor de Noticias Mercedinas. Pas\u00f3 por varias redacciones y emprendimientos de prensa, en distintos formatos y \u00e9pocas. Se especializ\u00f3 --y sigue haci\u00e9ndolo-- en comunicaci\u00f3n en la web y en junio de 2006 fund\u00f3 este diario digital.\",\"sameAs\":[\"https:\\\/\\\/noticiasmercedinas.com\",\"https:\\\/\\\/www.facebook.com\\\/cristian.falabella\",\"https:\\\/\\\/www.instagram.com\\\/noticiasmercedinas\\\/\",\"https:\\\/\\\/x.com\\\/https:\\\/\\\/twitter.com\\\/NOTMERCEDINAS\"],\"url\":\"https:\\\/\\\/noticiasmercedinas.com\\\/site\\\/author\\\/as000384\\\/\"}]}<\/script>\n<!-- \/ Yoast SEO plugin. -->","yoast_head_json":{"title":"Augusto Costa visit\u00f3 Mercedes y se reuni\u00f3 con diferentes sectores productivos","robots":{"index":"index","follow":"follow","max-snippet":"max-snippet:-1","max-image-preview":"max-image-preview:large","max-video-preview":"max-video-preview:-1"},"canonical":"https:\/\/noticiasmercedinas.com\/site\/2020\/03\/11\/augusto-costa-visito-mercedes-y-se-reunio-con-diferentes-sectores-productivos\/","og_locale":"es_ES","og_type":"article","og_title":"Augusto Costa visit\u00f3 Mercedes y se reuni\u00f3 con diferentes sectores productivos","og_description":"El ministro de Producci\u00f3n, Ciencia e Innovaci\u00f3n Tecnol\u00f3gica de la Provincia, Augusto Costa, visit\u00f3 la ciudad de Mercedes donde cumpli\u00f3 con una amplia agenda de trabajo que incluy\u00f3 una recorrida por el Sector Industrial Planificado (SIP) junto al intendente Juan Ignacio Ustarroz, una reuni\u00f3n con diferentes sectores productivos en el Polo Gastron\u00f3mico de Tom\u00e1s Jofr\u00e9 [&hellip;]","og_url":"https:\/\/noticiasmercedinas.com\/site\/2020\/03\/11\/augusto-costa-visito-mercedes-y-se-reunio-con-diferentes-sectores-productivos\/","og_site_name":"NOTICIASMERCEDINAS.COM","article_publisher":"https:\/\/www.facebook.com\/noticiasmercedinas\/","article_author":"https:\/\/www.facebook.com\/cristian.falabella","article_published_time":"2020-03-11T20:40:59+00:00","article_modified_time":"2020-03-12T01:01:10+00:00","og_image":[{"width":1024,"height":729,"url":"https:\/\/noticiasmercedinas.com\/site\/wp-content\/uploads\/2020\/03\/wp-15839592246551820641816.jpg","type":"image\/jpeg"}],"author":"Cristian Falabella NOTICIASMERCEDINAS.COM","twitter_card":"summary_large_image","twitter_creator":"@https:\/\/twitter.com\/NOTMERCEDINAS","twitter_site":"@notmercedinas","twitter_misc":{"Escrito por":"Cristian Falabella NOTICIASMERCEDINAS.COM","Tiempo de lectura":"2 minutos"},"schema":{"@context":"https:\/\/schema.org","@graph":[{"@type":"Article","@id":"https:\/\/noticiasmercedinas.com\/site\/2020\/03\/11\/augusto-costa-visito-mercedes-y-se-reunio-con-diferentes-sectores-productivos\/#article","isPartOf":{"@id":"https:\/\/noticiasmercedinas.com\/site\/2020\/03\/11\/augusto-costa-visito-mercedes-y-se-reunio-con-diferentes-sectores-productivos\/"},"author":{"name":"Cristian Falabella NOTICIASMERCEDINAS.COM","@id":"https:\/\/noticiasmercedinas.com\/site\/#\/schema\/person\/d481a9696a5feaec13a60e2bbd991a6a"},"headline":"Augusto Costa visit\u00f3 Mercedes y se reuni\u00f3 con diferentes sectores productivos","datePublished":"2020-03-11T20:40:59+00:00","dateModified":"2020-03-12T01:01:10+00:00","mainEntityOfPage":{"@id":"https:\/\/noticiasmercedinas.com\/site\/2020\/03\/11\/augusto-costa-visito-mercedes-y-se-reunio-con-diferentes-sectores-productivos\/"},"wordCount":438,"commentCount":0,"publisher":{"@id":"https:\/\/noticiasmercedinas.com\/site\/#organization"},"image":{"@id":"https:\/\/noticiasmercedinas.com\/site\/2020\/03\/11\/augusto-costa-visito-mercedes-y-se-reunio-con-diferentes-sectores-productivos\/#primaryimage"},"thumbnailUrl":"https:\/\/noticiasmercedinas.com\/site\/wp-content\/uploads\/2020\/03\/wp-15839592246551820641816.jpg","keywords":["Augusto Costa","produccion"],"articleSection":["Sociedad"],"inLanguage":"es","potentialAction":[{"@type":"CommentAction","name":"Comment","target":["https:\/\/noticiasmercedinas.com\/site\/2020\/03\/11\/augusto-costa-visito-mercedes-y-se-reunio-con-diferentes-sectores-productivos\/#respond"]}]},{"@type":"WebPage","@id":"https:\/\/noticiasmercedinas.com\/site\/2020\/03\/11\/augusto-costa-visito-mercedes-y-se-reunio-con-diferentes-sectores-productivos\/","url":"https:\/\/noticiasmercedinas.com\/site\/2020\/03\/11\/augusto-costa-visito-mercedes-y-se-reunio-con-diferentes-sectores-productivos\/","name":"Augusto Costa visit\u00f3 Mercedes y se reuni\u00f3 con diferentes sectores productivos","isPartOf":{"@id":"https:\/\/noticiasmercedinas.com\/site\/#website"},"primaryImageOfPage":{"@id":"https:\/\/noticiasmercedinas.com\/site\/2020\/03\/11\/augusto-costa-visito-mercedes-y-se-reunio-con-diferentes-sectores-productivos\/#primaryimage"},"image":{"@id":"https:\/\/noticiasmercedinas.com\/site\/2020\/03\/11\/augusto-costa-visito-mercedes-y-se-reunio-con-diferentes-sectores-productivos\/#primaryimage"},"thumbnailUrl":"https:\/\/noticiasmercedinas.com\/site\/wp-content\/uploads\/2020\/03\/wp-15839592246551820641816.jpg","datePublished":"2020-03-11T20:40:59+00:00","dateModified":"2020-03-12T01:01:10+00:00","breadcrumb":{"@id":"https:\/\/noticiasmercedinas.com\/site\/2020\/03\/11\/augusto-costa-visito-mercedes-y-se-reunio-con-diferentes-sectores-productivos\/#breadcrumb"},"inLanguage":"es","potentialAction":[{"@type":"ReadAction","target":["https:\/\/noticiasmercedinas.com\/site\/2020\/03\/11\/augusto-costa-visito-mercedes-y-se-reunio-con-diferentes-sectores-productivos\/"]}]},{"@type":"ImageObject","inLanguage":"es","@id":"https:\/\/noticiasmercedinas.com\/site\/2020\/03\/11\/augusto-costa-visito-mercedes-y-se-reunio-con-diferentes-sectores-productivos\/#primaryimage","url":"https:\/\/noticiasmercedinas.com\/site\/wp-content\/uploads\/2020\/03\/wp-15839592246551820641816.jpg","contentUrl":"https:\/\/noticiasmercedinas.com\/site\/wp-content\/uploads\/2020\/03\/wp-15839592246551820641816.jpg","width":1024,"height":729},{"@type":"BreadcrumbList","@id":"https:\/\/noticiasmercedinas.com\/site\/2020\/03\/11\/augusto-costa-visito-mercedes-y-se-reunio-con-diferentes-sectores-productivos\/#breadcrumb","itemListElement":[{"@type":"ListItem","position":1,"name":"Portada","item":"https:\/\/noticiasmercedinas.com\/site\/"},{"@type":"ListItem","position":2,"name":"Augusto Costa visit\u00f3 Mercedes y se reuni\u00f3 con diferentes sectores productivos"}]},{"@type":"WebSite","@id":"https:\/\/noticiasmercedinas.com\/site\/#website","url":"https:\/\/noticiasmercedinas.com\/site\/","name":"NOTICIASMERCEDINAS.COM","description":"Mercedes, Buenos Aires, Argentina","publisher":{"@id":"https:\/\/noticiasmercedinas.com\/site\/#organization"},"potentialAction":[{"@type":"SearchAction","target":{"@type":"EntryPoint","urlTemplate":"https:\/\/noticiasmercedinas.com\/site\/?s={search_term_string}"},"query-input":{"@type":"PropertyValueSpecification","valueRequired":true,"valueName":"search_term_string"}}],"inLanguage":"es"},{"@type":"Organization","@id":"https:\/\/noticiasmercedinas.com\/site\/#organization","name":"NOTICIASMERCEDINAS.COM","url":"https:\/\/noticiasmercedinas.com\/site\/","logo":{"@type":"ImageObject","inLanguage":"es","@id":"https:\/\/noticiasmercedinas.com\/site\/#\/schema\/logo\/image\/","url":"https:\/\/noticiasmercedinas.com\/site\/wp-content\/uploads\/2020\/06\/LOGO-512.jpg","contentUrl":"https:\/\/noticiasmercedinas.com\/site\/wp-content\/uploads\/2020\/06\/LOGO-512.jpg","width":512,"height":512,"caption":"NOTICIASMERCEDINAS.COM"},"image":{"@id":"https:\/\/noticiasmercedinas.com\/site\/#\/schema\/logo\/image\/"},"sameAs":["https:\/\/www.facebook.com\/noticiasmercedinas\/","https:\/\/x.com\/notmercedinas","https:\/\/www.instagram.com\/noticiasmercedinas\/"]},{"@type":"Person","@id":"https:\/\/noticiasmercedinas.com\/site\/#\/schema\/person\/d481a9696a5feaec13a60e2bbd991a6a","name":"Cristian Falabella NOTICIASMERCEDINAS.COM","image":{"@type":"ImageObject","inLanguage":"es","@id":"https:\/\/secure.gravatar.com\/avatar\/0dbbfc45970cc46bcd0e57766228574ff3511d6eed045b182f536f0f478c1f06?s=96&d=mm&r=g","url":"https:\/\/secure.gravatar.com\/avatar\/0dbbfc45970cc46bcd0e57766228574ff3511d6eed045b182f536f0f478c1f06?s=96&d=mm&r=g","contentUrl":"https:\/\/secure.gravatar.com\/avatar\/0dbbfc45970cc46bcd0e57766228574ff3511d6eed045b182f536f0f478c1f06?s=96&d=mm&r=g","caption":"Cristian Falabella NOTICIASMERCEDINAS.COM"},"description":"Periodista, editor de Noticias Mercedinas. Pas\u00f3 por varias redacciones y emprendimientos de prensa, en distintos formatos y \u00e9pocas. Se especializ\u00f3 --y sigue haci\u00e9ndolo-- en comunicaci\u00f3n en la web y en junio de 2006 fund\u00f3 este diario digital.","sameAs":["https:\/\/noticiasmercedinas.com","https:\/\/www.facebook.com\/cristian.falabella","https:\/\/www.instagram.com\/noticiasmercedinas\/","https:\/\/x.com\/https:\/\/twitter.com\/NOTMERCEDINAS"],"url":"https:\/\/noticiasmercedinas.com\/site\/author\/as000384\/"}]}},"amp_enabled":true,"_links":{"self":[{"href":"https:\/\/noticiasmercedinas.com\/site\/wp-json\/wp\/v2\/posts\/41354","targetHints":{"allow":["GET"]}}],"collection":[{"href":"https:\/\/noticiasmercedinas.com\/site\/wp-json\/wp\/v2\/posts"}],"about":[{"href":"https:\/\/noticiasmercedinas.com\/site\/wp-json\/wp\/v2\/types\/post"}],"author":[{"embeddable":true,"href":"https:\/\/noticiasmercedinas.com\/site\/wp-json\/wp\/v2\/users\/2"}],"replies":[{"embeddable":true,"href":"https:\/\/noticiasmercedinas.com\/site\/wp-json\/wp\/v2\/comments?post=41354"}],"version-history":[{"count":3,"href":"https:\/\/noticiasmercedinas.com\/site\/wp-json\/wp\/v2\/posts\/41354\/revisions"}],"predecessor-version":[{"id":41366,"href":"https:\/\/noticiasmercedinas.com\/site\/wp-json\/wp\/v2\/posts\/41354\/revisions\/41366"}],"wp:featuredmedia":[{"embeddable":true,"href":"https:\/\/noticiasmercedinas.com\/site\/wp-json\/wp\/v2\/media\/41353"}],"wp:attachment":[{"href":"https:\/\/noticiasmercedinas.com\/site\/wp-json\/wp\/v2\/media?parent=41354"}],"wp:term":[{"taxonomy":"category","embeddable":true,"href":"https:\/\/noticiasmercedinas.com\/site\/wp-json\/wp\/v2\/categories?post=41354"},{"taxonomy":"post_tag","embeddable":true,"href":"https:\/\/noticiasmercedinas.com\/site\/wp-json\/wp\/v2\/tags?post=41354"}],"curies":[{"name":"wp","href":"https:\/\/api.w.org\/{rel}","templated":true}]}}