{"id":41376,"date":"2020-03-12T08:43:51","date_gmt":"2020-03-12T11:43:51","guid":{"rendered":"https:\/\/noticiasmercedinas.com\/site\/?p=41376"},"modified":"2020-03-12T08:43:51","modified_gmt":"2020-03-12T11:43:51","slug":"nada-los-obliga-solo-el-dolor-de-los-demas","status":"publish","type":"post","link":"https:\/\/noticiasmercedinas.com\/site\/2020\/03\/12\/nada-los-obliga-solo-el-dolor-de-los-demas\/","title":{"rendered":"Nada los obliga\u2026 s\u00f3lo el dolor de los dem\u00e1s"},"content":{"rendered":"<p><img loading=\"lazy\" decoding=\"async\" class=\"alignnone size-full wp-image-41380\" src=\"https:\/\/noticiasmercedinas.com\/site\/wp-content\/uploads\/2020\/03\/e9963cd9-c32b-4c97-9090-39398c0df870.jpg\" alt=\"\" width=\"933\" height=\"572\" srcset=\"https:\/\/noticiasmercedinas.com\/site\/wp-content\/uploads\/2020\/03\/e9963cd9-c32b-4c97-9090-39398c0df870.jpg 933w, https:\/\/noticiasmercedinas.com\/site\/wp-content\/uploads\/2020\/03\/e9963cd9-c32b-4c97-9090-39398c0df870-300x184.jpg 300w, https:\/\/noticiasmercedinas.com\/site\/wp-content\/uploads\/2020\/03\/e9963cd9-c32b-4c97-9090-39398c0df870-768x471.jpg 768w, https:\/\/noticiasmercedinas.com\/site\/wp-content\/uploads\/2020\/03\/e9963cd9-c32b-4c97-9090-39398c0df870-640x392.jpg 640w, https:\/\/noticiasmercedinas.com\/site\/wp-content\/uploads\/2020\/03\/e9963cd9-c32b-4c97-9090-39398c0df870-681x418.jpg 681w\" sizes=\"auto, (max-width: 933px) 100vw, 933px\" \/><\/p>\n<p>Un bombero le explica a una se\u00f1ora que las ramas del \u00e1rbol son parte del h\u00e1bitat del gato, que no se preocupe, que no hay riesgos, que as\u00ed como el gato pudo subir tambi\u00e9n puede bajar. La se\u00f1ora teme por su mascota. La llama con un chistido mientras frota el pulgar con el \u00edndice, haciendo el gesto que se relaciona al dinero. El muchacho la convence al decirle que, en todo caso, espere un rato m\u00e1s, y si no baja, entonces ellos se encargar\u00e1n.<\/p>\n<p>El bombero es un chico joven, debe andar por los veinte a\u00f1os.<\/p>\n<p>Unos d\u00edas atr\u00e1s hab\u00eda una mesa con sombrilla en una esquina del centro \u2013como esas que hay en \u00e9pocas de campa\u00f1as\u2013 con bomberas y bomberos intentando vender rifa a la gente siempre apurada.<\/p>\n<p>Cuando pienso en los bomberos voluntarios me viene el recuerdo del incendio en Disco Libra, en la 27 y 24, en el verano del 2000. Me pas\u00e9 aquella madrugada viendo c\u00f3mo se movilizaban heroicamente encima de los techos. Quiz\u00e1s, el chico que ahora le sonr\u00ede a la se\u00f1ora en se\u00f1al de haber llegado a un acuerdo, ni siquiera hab\u00eda nacido.<\/p>\n<p>\u00bfA qu\u00e9 edad se puede ser bombero? \u00bfQu\u00e9 motiva inscribirse en un servicio por dem\u00e1s de plural y demandante? \u00bfC\u00f3mo mantienen semejantes autobombas?<\/p>\n<p>Me presento en el cuartel de la calle 22, quiero charlar con alguien, saber c\u00f3mo es ser bombero.<\/p>\n<p>&#8211;Habl\u00e1 con Mario, m\u00e1s que \u00e9l no va a saber nadie ac\u00e1 \u2013me dice el bombero que me atiende.<\/p>\n<p>Son las diez y cuarto de la noche y estoy caminando entre las autobombas esperando que Mario Quaglia, jefe de Cuerpo de Bomberos, me atienda. Siento por un momento que estoy molestando en un horario tan inadecuado, pero despu\u00e9s se me pasa porque para un bombero no hay horarios con categor\u00edas.<\/p>\n<p><img loading=\"lazy\" decoding=\"async\" class=\"alignnone size-full wp-image-41377\" src=\"https:\/\/noticiasmercedinas.com\/site\/wp-content\/uploads\/2020\/03\/3ca4d79c-dc61-491b-a7f1-c52b936df8e7.jpg\" alt=\"\" width=\"649\" height=\"431\" srcset=\"https:\/\/noticiasmercedinas.com\/site\/wp-content\/uploads\/2020\/03\/3ca4d79c-dc61-491b-a7f1-c52b936df8e7.jpg 649w, https:\/\/noticiasmercedinas.com\/site\/wp-content\/uploads\/2020\/03\/3ca4d79c-dc61-491b-a7f1-c52b936df8e7-300x199.jpg 300w, https:\/\/noticiasmercedinas.com\/site\/wp-content\/uploads\/2020\/03\/3ca4d79c-dc61-491b-a7f1-c52b936df8e7-640x425.jpg 640w\" sizes=\"auto, (max-width: 649px) 100vw, 649px\" \/><\/p>\n<p><strong>&#8211;Mario, \u00bfcu\u00e1les son las condiciones para ingresar?<\/strong><\/p>\n<p>&#8211;Ten\u00e9s que tener una determinada edad, entre los 18 y los 43. El Cuerpo de Bomberos elige los topes de las edades, ten\u00e9s que estar bien ps\u00edquica y f\u00edsicamente y no tener antecedentes. Despu\u00e9s hay que cumplir con el curso de ingreso que dura entre seis meses y un a\u00f1o.<\/p>\n<p><strong>&#8211;\u00bfEs un entrenamiento f\u00edsico, el curso?<\/strong><\/p>\n<p>&#8211;Es informaci\u00f3n m\u00e1s pr\u00e1ctica. Todo referido a extinci\u00f3n de incendios, rescates, rescate en altura. Los chicos no salen a los servicios hasta que no tengan todo: la capacitaci\u00f3n y tambi\u00e9n la obra social y el seguro para salir.<\/p>\n<p><strong>&#8211;\u00bfCu\u00e1ntos son en el plantel?<\/strong><\/p>\n<p>&#8211;En la \u00faltima tanda entraron 20 y en total somos 70. Este es el primer curso mixto que tenemos. Hay creo que 14 mujeres, ahora.<\/p>\n<p><strong>&#8211;\u00bfPor qu\u00e9 alguien elige ser bombero?<\/strong><\/p>\n<p>&#8211;Yo hace 35 a\u00f1os que soy bombero. Calculo que inicialmente es por una amistad o conocido, o porque los viste trabajar en un servicio\u2026 es una inquietud. Despu\u00e9s entr\u00e1s y esa inquietud se transforma en un mont\u00f3n de cosas antes de salir a la calle: la capacitaci\u00f3n, el orden interno\u2026 si ah\u00ed no ten\u00e9s vocaci\u00f3n no lleg\u00e1s a estar tanto. Hay distintas etapas personales que el bombero tiene que superar. Entr\u00e1s soltero, por ejemplo, es una etapa, te cas\u00e1s, otras obligaciones, otra etapa, vienen los chicos, otras obligaciones, otras etapa, viene el trabajo y la responsabilidad\u2026 entonces ser bombero empieza a quedar siempre m\u00e1s lejos en el orden de prioridades. A esas etapas las ten\u00e9s que ir acomodando, y si no ten\u00e9s vocaci\u00f3n te queda tan lejos que te vas solo. Y la otra es que quiz\u00e1s lo que vos ves no es lo que esperabas de un servicio o un accidente. Te puede resultar chocante un accidente, entonces vos dec\u00eds \u201cesto no es para m\u00ed\u201d. Ha pasado tambi\u00e9n.<\/p>\n<p><img loading=\"lazy\" decoding=\"async\" class=\"alignnone size-full wp-image-41378\" src=\"https:\/\/noticiasmercedinas.com\/site\/wp-content\/uploads\/2020\/03\/95b8b626-5f57-4a1a-a065-f21969c6ef23.jpg\" alt=\"\" width=\"640\" height=\"454\" srcset=\"https:\/\/noticiasmercedinas.com\/site\/wp-content\/uploads\/2020\/03\/95b8b626-5f57-4a1a-a065-f21969c6ef23.jpg 640w, https:\/\/noticiasmercedinas.com\/site\/wp-content\/uploads\/2020\/03\/95b8b626-5f57-4a1a-a065-f21969c6ef23-300x213.jpg 300w\" sizes=\"auto, (max-width: 640px) 100vw, 640px\" \/><\/p>\n<p>Una vez, en circunstancias profesionales, conoc\u00ed un bombero que se estaba recuperando en un hospital. Ten\u00eda la mitad del cuerpo quemado y sonre\u00eda \u2013me sonre\u00eda\u2013 al verme llegar. Contaba una y mil veces lo sucedido con un orgullo que era un manantial interior apagando los presuntos ardores. Hab\u00eda salvado a una nena y esa marca, como las quemaduras, tambi\u00e9n le quedar\u00eda de por vida. \u00bfNecesitaba un psic\u00f3logo aquel bombero?<\/p>\n<p><strong>&#8211;Mario, \u00bfhay asesoramiento psicol\u00f3gico?<\/strong><\/p>\n<p>&#8211;S\u00ed. Ahora casualmente tenemos la especialidad de psicolog\u00eda de las emergencias. Es un puntapi\u00e9 inicial. Es un asesoramiento que se les brinda a las instituciones cuando es necesario. Igual nosotros tenemos ciertos tips, como charlar despu\u00e9s de un servicio para sacarte el estr\u00e9s postraum\u00e1tico. Por lo general, lo m\u00e1s estresante, son los accidentes. Entonces charlar te hace descomprimir.<\/p>\n<p><strong>&#8211;\u00bfQu\u00e9 tipo de servicios son los m\u00e1s comunes?<\/strong><\/p>\n<p>&#8211;Los incendios de pasto, en verano, y tambi\u00e9n en invierno por las heladas. Ten\u00e9s un promedio anual de 700 servicios. Muchos servicios de escape de gas, tambi\u00e9n.<\/p>\n<p><strong>&#8211;\u00bfCu\u00e1les fueron los m\u00e1s memorables?<\/strong><\/p>\n<p>&#8211;Los servicios de incendios de estructura dentro de la ciudad, por ah\u00ed \u2013mira para arriba, pensando\u2013. Todos son complejos, de distintas caracter\u00edsticas, pero complejos. Pero esos son los m\u00e1s recordados y tiene la complejidad de que est\u00e1n en la ciudad y vos trat\u00e1s de contenerlos para que no se expanda.<\/p>\n<p><strong>&#8211;Me acuerdo el de Disco Libra\u2026<\/strong><\/p>\n<p>&#8211;Eso fue en el 2000, creo. Esos siempre son recordados y sac\u00e1s experiencia. En ese ten\u00edamos menos autobombas que las que tenemos ahora. Con el incendio de la Boston \u2013la panader\u00eda\u2013, por ejemplo, ten\u00edamos m\u00e1s y result\u00f3 un servicio m\u00e1s efectivo. Est\u00e1bamos cerca y todo funcion\u00f3 a la perfecci\u00f3n. Se trabaj\u00f3 desde las ocho de la ma\u00f1ana y a primera hora de la tarde ya estaba extinguido y controlado el incendio.<\/p>\n<p><strong>&#8211;\u00bfY los m\u00e1s tr\u00e1gicos?<\/strong><\/p>\n<p>&#8211;Uno recordado fue en Gowland, donde un tren agarr\u00f3 a una gitana y fallecieron como siete personas. Ese es recordado. Pero m\u00e1s que recordarlos por lo que se perdi\u00f3, tratamos de recordar por lo que se salv\u00f3. Hace tres meses los chicos sacaron a un hombre atrapado de adentro de una camioneta. Nos preparamos para eso m\u00e1s que para lo otro que no se puede hacer nada.<\/p>\n<p><img loading=\"lazy\" decoding=\"async\" class=\"alignnone size-full wp-image-41379\" src=\"https:\/\/noticiasmercedinas.com\/site\/wp-content\/uploads\/2020\/03\/433e5df4-4ebe-4196-a494-2667a2ae7477.jpg\" alt=\"\" width=\"640\" height=\"479\" srcset=\"https:\/\/noticiasmercedinas.com\/site\/wp-content\/uploads\/2020\/03\/433e5df4-4ebe-4196-a494-2667a2ae7477.jpg 640w, https:\/\/noticiasmercedinas.com\/site\/wp-content\/uploads\/2020\/03\/433e5df4-4ebe-4196-a494-2667a2ae7477-300x225.jpg 300w, https:\/\/noticiasmercedinas.com\/site\/wp-content\/uploads\/2020\/03\/433e5df4-4ebe-4196-a494-2667a2ae7477-80x60.jpg 80w, https:\/\/noticiasmercedinas.com\/site\/wp-content\/uploads\/2020\/03\/433e5df4-4ebe-4196-a494-2667a2ae7477-160x120.jpg 160w, https:\/\/noticiasmercedinas.com\/site\/wp-content\/uploads\/2020\/03\/433e5df4-4ebe-4196-a494-2667a2ae7477-100x75.jpg 100w, https:\/\/noticiasmercedinas.com\/site\/wp-content\/uploads\/2020\/03\/433e5df4-4ebe-4196-a494-2667a2ae7477-200x150.jpg 200w, https:\/\/noticiasmercedinas.com\/site\/wp-content\/uploads\/2020\/03\/433e5df4-4ebe-4196-a494-2667a2ae7477-180x135.jpg 180w, https:\/\/noticiasmercedinas.com\/site\/wp-content\/uploads\/2020\/03\/433e5df4-4ebe-4196-a494-2667a2ae7477-360x270.jpg 360w, https:\/\/noticiasmercedinas.com\/site\/wp-content\/uploads\/2020\/03\/433e5df4-4ebe-4196-a494-2667a2ae7477-238x178.jpg 238w, https:\/\/noticiasmercedinas.com\/site\/wp-content\/uploads\/2020\/03\/433e5df4-4ebe-4196-a494-2667a2ae7477-476x356.jpg 476w\" sizes=\"auto, (max-width: 640px) 100vw, 640px\" \/><\/p>\n<p>Le pregunto a Mario todo lo que se me viene en mente. \u00c9l, predispuesto, se esmera por explicarme al detalle el funcionamiento de la instituci\u00f3n, el puntaje que hay que alcanzar para lograr la permanencia, la organizaci\u00f3n de los servicios, las tareas extras, etc. Le pregunto por la historia, el origen:<\/p>\n<p>&#8211;Hay un video en Youtube que est\u00e1 muy lindo. Es del 2008, creo, y cuenta un poco nuestra historia \u2013toma el control remoto de arriba de la mesa y se dispone a buscarlo en la tv Smart.<\/p>\n<p><strong>&#8211;Est\u00e1 bien, no te quiero robar m\u00e1s tiempo. Yo despu\u00e9s lo busco.<\/strong><\/p>\n<p>&#8211;No hay problemas. Lo vemos ac\u00e1 s\u00ed quer\u00e9s, son unos minutos.<\/p>\n<p>No s\u00e9 cu\u00e1ntas veces habr\u00e1 visto ese video, pero se nota que, cada vez, lo disfruta y se enorgullece. El video dura cerca de siete minutos y hace un recorrido hist\u00f3rico desde la fundaci\u00f3n oficial de la sociedad \u201cCuerpo de bomberos de Mercedes\u201d el 20 de septiembre de 1943. La primera imagen es un escudo con una frase muy sint\u00e9tica \u2013y po\u00e9tica\u2013 del esp\u00edritu del bombero en la que nunca hab\u00eda reparado: \u201cNada nos obliga\u2026 solo el dolor de los dem\u00e1s\u201d.<\/p>\n<p>Estamos cerca de la medianoche y Mario sigue con la predisposici\u00f3n y la paciencia del primer minuto, explay\u00e1ndose en cada una de mis dudas.<\/p>\n<p><strong>&#8211;\u00bfC\u00f3mo se mantiene todo esto, Mario? \u00bfQu\u00e9 tipo de subsidios tienen?<\/strong><\/p>\n<p>&#8211;Hay subsidios nacionales, algunos provinciales y otros municipales. Pero son subsidios destinados a algo en particular. A veces tenemos ayuda en forma privada, tambi\u00e9n.<\/p>\n<p><strong>&#8211;\u00bfTe dicen c\u00f3mo gastar la plata?<\/strong><\/p>\n<p>&#8211;Hay camiones, por ejemplo, que compramos con subsidios nacionales que solo est\u00e1n destinados a eso. O si no, hay subsidios donde te dicen los porcentajes de c\u00f3mo gastar ese dinero. Pero despu\u00e9s tenemos que pagar la luz, los servicios, el mantenimiento. Y la gente eso no lo ve. Por eso necesitamos, para el cumplimiento de servicio, una ayuda de toda la comunidad. Por eso hacemos la rifa, para mantener otras cosas que no alcanza el subsidio. Adem\u00e1s tratamos de renovar los veh\u00edculos para gastar menos en mantenimiento, y al mejorar la tecnolog\u00eda reducimos mano de obra. Porque los arreglos los hacemos nosotros mismos, y si a vos no te uso para arreglar el cami\u00f3n, puedo usarte para capacitarte \u00bfMe entend\u00e9s lo que te digo?<\/p>\n<p><strong>&#8211;Est\u00e1 claro. Tiene que ver con decisiones propias de hacia d\u00f3nde quieren ir\u2026<\/strong><\/p>\n<p>&#8211;Nosotros tenemos un sin fin de proyectos institucionales a mediano y largo plazo. Lo interesante es ad\u00f3nde vamos, y como hacemos para llegar. Tambi\u00e9n podemos reducir gastos haciendo prevenci\u00f3n. Si yo saco esa camioneta 30 veces al mes para apagar 30 pilas de ramas, es porque alguno las est\u00e1 prendiendo. Se est\u00e1 haciendo la concientizaci\u00f3n, pero hay que trabajar sobre la prevenci\u00f3n. Y para los proyectos que tenemos, la venta de la rifa es importante porque desde ese lado podemos avanzar bastante sobre todo en estas cosas que no se ve. Sostener todo esto es un costo inmenso. Tambi\u00e9n estamos cambiando las comunicaciones. Las comunicaciones para el servicio de emergencia son fundamentales, no hay otra historia. Estamos pasando de lo anal\u00f3gico a lo digital. Eso tiene un costo en d\u00f3lares. Empezamos hace tres a\u00f1os y ahora se complic\u00f3, pero lo tenemos que ir cambiando y estamos en el salto. Cambio de tecnolog\u00eda, otro tipo de prestaciones\u2026 con esta nueva tecnolog\u00eda vamos a tener 20 a\u00f1os por delante.<\/p>\n<p>El promedio de servicios en un a\u00f1o es de setecientos. En promedio, entonces, dos veces al d\u00eda, cada d\u00eda del a\u00f1o, los bomberos entran en acci\u00f3n. En la mayor\u00eda de los casos es para apagar un incendio de pasto, o por escape de gas, o para rescatar a alg\u00fan animalito.<\/p>\n<p>Detr\u00e1s de la figura heroica, del valiente que salva vidas, de aquel que no le teme al fuego ni a las alturas, del h\u00e9roe cotidiano que al estilo Clark Kent deja su tarea ordinaria para ponerse el traje con capa de bombero en una cabina telef\u00f3nica, hay un hombre o una mujer que intenta vender una rifa, que se levanta de madrugada para apagar una pila de ramas, que intenta convencer a una se\u00f1ora que el gato arriba del techo no corre riesgos, o que deja todo para anular un escape de gas de una casa deshabitada.<\/p>\n<p><iframe loading=\"lazy\" title=\"Bomberos Voluntarios de Mercedes Bs. As.\" width=\"640\" height=\"480\" src=\"https:\/\/www.youtube.com\/embed\/fymdv-LU418?feature=oembed\" frameborder=\"0\" allow=\"accelerometer; autoplay; clipboard-write; encrypted-media; gyroscope; picture-in-picture; web-share\" referrerpolicy=\"strict-origin-when-cross-origin\" allowfullscreen><\/iframe><\/p>\n","protected":false},"excerpt":{"rendered":"<p>Un bombero le explica a una se\u00f1ora que las ramas del \u00e1rbol son parte del h\u00e1bitat del gato, que no se preocupe, que no hay riesgos, que as\u00ed como el gato pudo subir tambi\u00e9n puede bajar. La se\u00f1ora teme por su mascota. La llama con un chistido mientras frota el pulgar con el \u00edndice, haciendo [&hellip;]<\/p>\n","protected":false},"author":26,"featured_media":41380,"comment_status":"open","ping_status":"open","sticky":false,"template":"","format":"standard","meta":{"footnotes":""},"categories":[6576],"tags":[6578],"class_list":["post-41376","post","type-post","status-publish","format-standard","has-post-thumbnail","hentry","category-una-mirada-de-la-ciudad","tag-una-mirada-de-la-ciudad"],"yoast_head":"<!-- This site is optimized with the Yoast SEO plugin v27.4 - https:\/\/yoast.com\/product\/yoast-seo-wordpress\/ -->\n<title>Nada los obliga\u2026 s\u00f3lo el dolor de los dem\u00e1s<\/title>\n<meta name=\"robots\" content=\"index, follow, max-snippet:-1, max-image-preview:large, max-video-preview:-1\" \/>\n<link rel=\"canonical\" href=\"https:\/\/noticiasmercedinas.com\/site\/2020\/03\/12\/nada-los-obliga-solo-el-dolor-de-los-demas\/\" \/>\n<meta property=\"og:locale\" content=\"es_ES\" \/>\n<meta property=\"og:type\" content=\"article\" \/>\n<meta property=\"og:title\" content=\"Nada los obliga\u2026 s\u00f3lo el dolor de los dem\u00e1s\" \/>\n<meta property=\"og:description\" content=\"Un bombero le explica a una se\u00f1ora que las ramas del \u00e1rbol son parte del h\u00e1bitat del gato, que no se preocupe, que no hay riesgos, que as\u00ed como el gato pudo subir tambi\u00e9n puede bajar. La se\u00f1ora teme por su mascota. La llama con un chistido mientras frota el pulgar con el \u00edndice, haciendo [&hellip;]\" \/>\n<meta property=\"og:url\" content=\"https:\/\/noticiasmercedinas.com\/site\/2020\/03\/12\/nada-los-obliga-solo-el-dolor-de-los-demas\/\" \/>\n<meta property=\"og:site_name\" content=\"NOTICIASMERCEDINAS.COM\" \/>\n<meta property=\"article:publisher\" content=\"https:\/\/www.facebook.com\/noticiasmercedinas\/\" \/>\n<meta property=\"article:author\" content=\"https:\/\/www.facebook.com\/www.untalmarcost.blogspot.com.ar\" \/>\n<meta property=\"article:published_time\" content=\"2020-03-12T11:43:51+00:00\" \/>\n<meta property=\"og:image\" content=\"https:\/\/noticiasmercedinas.com\/site\/wp-content\/uploads\/2020\/03\/e9963cd9-c32b-4c97-9090-39398c0df870.jpg\" \/>\n\t<meta property=\"og:image:width\" content=\"933\" \/>\n\t<meta property=\"og:image:height\" content=\"572\" \/>\n\t<meta property=\"og:image:type\" content=\"image\/jpeg\" \/>\n<meta name=\"author\" content=\"Marcos Tabossi\" \/>\n<meta name=\"twitter:card\" content=\"summary_large_image\" \/>\n<meta name=\"twitter:creator\" content=\"@https:\/\/twitter.com\/MarcosTabossi\" \/>\n<meta name=\"twitter:site\" content=\"@notmercedinas\" \/>\n<meta name=\"twitter:label1\" content=\"Escrito por\" \/>\n\t<meta name=\"twitter:data1\" content=\"Marcos Tabossi\" \/>\n\t<meta name=\"twitter:label2\" content=\"Tiempo de lectura\" \/>\n\t<meta name=\"twitter:data2\" content=\"9 minutos\" \/>\n<script type=\"application\/ld+json\" class=\"yoast-schema-graph\">{\"@context\":\"https:\\\/\\\/schema.org\",\"@graph\":[{\"@type\":\"Article\",\"@id\":\"https:\\\/\\\/noticiasmercedinas.com\\\/site\\\/2020\\\/03\\\/12\\\/nada-los-obliga-solo-el-dolor-de-los-demas\\\/#article\",\"isPartOf\":{\"@id\":\"https:\\\/\\\/noticiasmercedinas.com\\\/site\\\/2020\\\/03\\\/12\\\/nada-los-obliga-solo-el-dolor-de-los-demas\\\/\"},\"author\":{\"name\":\"Marcos Tabossi\",\"@id\":\"https:\\\/\\\/noticiasmercedinas.com\\\/site\\\/#\\\/schema\\\/person\\\/ad6432d89b9d86aa1236b4352f4f9271\"},\"headline\":\"Nada los obliga\u2026 s\u00f3lo el dolor de los dem\u00e1s\",\"datePublished\":\"2020-03-12T11:43:51+00:00\",\"mainEntityOfPage\":{\"@id\":\"https:\\\/\\\/noticiasmercedinas.com\\\/site\\\/2020\\\/03\\\/12\\\/nada-los-obliga-solo-el-dolor-de-los-demas\\\/\"},\"wordCount\":1829,\"commentCount\":0,\"publisher\":{\"@id\":\"https:\\\/\\\/noticiasmercedinas.com\\\/site\\\/#organization\"},\"image\":{\"@id\":\"https:\\\/\\\/noticiasmercedinas.com\\\/site\\\/2020\\\/03\\\/12\\\/nada-los-obliga-solo-el-dolor-de-los-demas\\\/#primaryimage\"},\"thumbnailUrl\":\"https:\\\/\\\/noticiasmercedinas.com\\\/site\\\/wp-content\\\/uploads\\\/2020\\\/03\\\/e9963cd9-c32b-4c97-9090-39398c0df870.jpg\",\"keywords\":[\"una mirada de la ciudad\"],\"articleSection\":[\"Una mirada de la ciudad\"],\"inLanguage\":\"es\",\"potentialAction\":[{\"@type\":\"CommentAction\",\"name\":\"Comment\",\"target\":[\"https:\\\/\\\/noticiasmercedinas.com\\\/site\\\/2020\\\/03\\\/12\\\/nada-los-obliga-solo-el-dolor-de-los-demas\\\/#respond\"]}]},{\"@type\":\"WebPage\",\"@id\":\"https:\\\/\\\/noticiasmercedinas.com\\\/site\\\/2020\\\/03\\\/12\\\/nada-los-obliga-solo-el-dolor-de-los-demas\\\/\",\"url\":\"https:\\\/\\\/noticiasmercedinas.com\\\/site\\\/2020\\\/03\\\/12\\\/nada-los-obliga-solo-el-dolor-de-los-demas\\\/\",\"name\":\"Nada los obliga\u2026 s\u00f3lo el dolor de los dem\u00e1s\",\"isPartOf\":{\"@id\":\"https:\\\/\\\/noticiasmercedinas.com\\\/site\\\/#website\"},\"primaryImageOfPage\":{\"@id\":\"https:\\\/\\\/noticiasmercedinas.com\\\/site\\\/2020\\\/03\\\/12\\\/nada-los-obliga-solo-el-dolor-de-los-demas\\\/#primaryimage\"},\"image\":{\"@id\":\"https:\\\/\\\/noticiasmercedinas.com\\\/site\\\/2020\\\/03\\\/12\\\/nada-los-obliga-solo-el-dolor-de-los-demas\\\/#primaryimage\"},\"thumbnailUrl\":\"https:\\\/\\\/noticiasmercedinas.com\\\/site\\\/wp-content\\\/uploads\\\/2020\\\/03\\\/e9963cd9-c32b-4c97-9090-39398c0df870.jpg\",\"datePublished\":\"2020-03-12T11:43:51+00:00\",\"breadcrumb\":{\"@id\":\"https:\\\/\\\/noticiasmercedinas.com\\\/site\\\/2020\\\/03\\\/12\\\/nada-los-obliga-solo-el-dolor-de-los-demas\\\/#breadcrumb\"},\"inLanguage\":\"es\",\"potentialAction\":[{\"@type\":\"ReadAction\",\"target\":[\"https:\\\/\\\/noticiasmercedinas.com\\\/site\\\/2020\\\/03\\\/12\\\/nada-los-obliga-solo-el-dolor-de-los-demas\\\/\"]}]},{\"@type\":\"ImageObject\",\"inLanguage\":\"es\",\"@id\":\"https:\\\/\\\/noticiasmercedinas.com\\\/site\\\/2020\\\/03\\\/12\\\/nada-los-obliga-solo-el-dolor-de-los-demas\\\/#primaryimage\",\"url\":\"https:\\\/\\\/noticiasmercedinas.com\\\/site\\\/wp-content\\\/uploads\\\/2020\\\/03\\\/e9963cd9-c32b-4c97-9090-39398c0df870.jpg\",\"contentUrl\":\"https:\\\/\\\/noticiasmercedinas.com\\\/site\\\/wp-content\\\/uploads\\\/2020\\\/03\\\/e9963cd9-c32b-4c97-9090-39398c0df870.jpg\",\"width\":933,\"height\":572},{\"@type\":\"BreadcrumbList\",\"@id\":\"https:\\\/\\\/noticiasmercedinas.com\\\/site\\\/2020\\\/03\\\/12\\\/nada-los-obliga-solo-el-dolor-de-los-demas\\\/#breadcrumb\",\"itemListElement\":[{\"@type\":\"ListItem\",\"position\":1,\"name\":\"Portada\",\"item\":\"https:\\\/\\\/noticiasmercedinas.com\\\/site\\\/\"},{\"@type\":\"ListItem\",\"position\":2,\"name\":\"Nada los obliga\u2026 s\u00f3lo el dolor de los dem\u00e1s\"}]},{\"@type\":\"WebSite\",\"@id\":\"https:\\\/\\\/noticiasmercedinas.com\\\/site\\\/#website\",\"url\":\"https:\\\/\\\/noticiasmercedinas.com\\\/site\\\/\",\"name\":\"NOTICIASMERCEDINAS.COM\",\"description\":\"Mercedes, Buenos Aires, Argentina\",\"publisher\":{\"@id\":\"https:\\\/\\\/noticiasmercedinas.com\\\/site\\\/#organization\"},\"potentialAction\":[{\"@type\":\"SearchAction\",\"target\":{\"@type\":\"EntryPoint\",\"urlTemplate\":\"https:\\\/\\\/noticiasmercedinas.com\\\/site\\\/?s={search_term_string}\"},\"query-input\":{\"@type\":\"PropertyValueSpecification\",\"valueRequired\":true,\"valueName\":\"search_term_string\"}}],\"inLanguage\":\"es\"},{\"@type\":\"Organization\",\"@id\":\"https:\\\/\\\/noticiasmercedinas.com\\\/site\\\/#organization\",\"name\":\"NOTICIASMERCEDINAS.COM\",\"url\":\"https:\\\/\\\/noticiasmercedinas.com\\\/site\\\/\",\"logo\":{\"@type\":\"ImageObject\",\"inLanguage\":\"es\",\"@id\":\"https:\\\/\\\/noticiasmercedinas.com\\\/site\\\/#\\\/schema\\\/logo\\\/image\\\/\",\"url\":\"https:\\\/\\\/noticiasmercedinas.com\\\/site\\\/wp-content\\\/uploads\\\/2020\\\/06\\\/LOGO-512.jpg\",\"contentUrl\":\"https:\\\/\\\/noticiasmercedinas.com\\\/site\\\/wp-content\\\/uploads\\\/2020\\\/06\\\/LOGO-512.jpg\",\"width\":512,\"height\":512,\"caption\":\"NOTICIASMERCEDINAS.COM\"},\"image\":{\"@id\":\"https:\\\/\\\/noticiasmercedinas.com\\\/site\\\/#\\\/schema\\\/logo\\\/image\\\/\"},\"sameAs\":[\"https:\\\/\\\/www.facebook.com\\\/noticiasmercedinas\\\/\",\"https:\\\/\\\/x.com\\\/notmercedinas\",\"https:\\\/\\\/www.instagram.com\\\/noticiasmercedinas\\\/\"]},{\"@type\":\"Person\",\"@id\":\"https:\\\/\\\/noticiasmercedinas.com\\\/site\\\/#\\\/schema\\\/person\\\/ad6432d89b9d86aa1236b4352f4f9271\",\"name\":\"Marcos Tabossi\",\"image\":{\"@type\":\"ImageObject\",\"inLanguage\":\"es\",\"@id\":\"https:\\\/\\\/secure.gravatar.com\\\/avatar\\\/3289c5816bd32b910d17b147a61ec9a26c21417a787bc3c66c4bfd5c3ad5bd45?s=96&d=mm&r=g\",\"url\":\"https:\\\/\\\/secure.gravatar.com\\\/avatar\\\/3289c5816bd32b910d17b147a61ec9a26c21417a787bc3c66c4bfd5c3ad5bd45?s=96&d=mm&r=g\",\"contentUrl\":\"https:\\\/\\\/secure.gravatar.com\\\/avatar\\\/3289c5816bd32b910d17b147a61ec9a26c21417a787bc3c66c4bfd5c3ad5bd45?s=96&d=mm&r=g\",\"caption\":\"Marcos Tabossi\"},\"description\":\"Psic\u00f3logo, docente y escritor. Public\u00f3 \u201cLa persona de al lado\u201d (2013) y \u201cUna especie de c\u00e1rcel\u201d (Peces de Ciudad. 2017). Particip\u00f3 con cuentos en diversas antolog\u00edas y es colaborador de sitios literarios nacionales e internacionales\",\"sameAs\":[\"https:\\\/\\\/www.facebook.com\\\/www.untalmarcost.blogspot.com.ar\",\"https:\\\/\\\/www.instagram.com\\\/marcostabossi\",\"https:\\\/\\\/x.com\\\/https:\\\/\\\/twitter.com\\\/MarcosTabossi\"],\"url\":\"https:\\\/\\\/noticiasmercedinas.com\\\/site\\\/author\\\/marcos-tabosssi\\\/\"}]}<\/script>\n<!-- \/ Yoast SEO plugin. -->","yoast_head_json":{"title":"Nada los obliga\u2026 s\u00f3lo el dolor de los dem\u00e1s","robots":{"index":"index","follow":"follow","max-snippet":"max-snippet:-1","max-image-preview":"max-image-preview:large","max-video-preview":"max-video-preview:-1"},"canonical":"https:\/\/noticiasmercedinas.com\/site\/2020\/03\/12\/nada-los-obliga-solo-el-dolor-de-los-demas\/","og_locale":"es_ES","og_type":"article","og_title":"Nada los obliga\u2026 s\u00f3lo el dolor de los dem\u00e1s","og_description":"Un bombero le explica a una se\u00f1ora que las ramas del \u00e1rbol son parte del h\u00e1bitat del gato, que no se preocupe, que no hay riesgos, que as\u00ed como el gato pudo subir tambi\u00e9n puede bajar. La se\u00f1ora teme por su mascota. La llama con un chistido mientras frota el pulgar con el \u00edndice, haciendo [&hellip;]","og_url":"https:\/\/noticiasmercedinas.com\/site\/2020\/03\/12\/nada-los-obliga-solo-el-dolor-de-los-demas\/","og_site_name":"NOTICIASMERCEDINAS.COM","article_publisher":"https:\/\/www.facebook.com\/noticiasmercedinas\/","article_author":"https:\/\/www.facebook.com\/www.untalmarcost.blogspot.com.ar","article_published_time":"2020-03-12T11:43:51+00:00","og_image":[{"width":933,"height":572,"url":"https:\/\/noticiasmercedinas.com\/site\/wp-content\/uploads\/2020\/03\/e9963cd9-c32b-4c97-9090-39398c0df870.jpg","type":"image\/jpeg"}],"author":"Marcos Tabossi","twitter_card":"summary_large_image","twitter_creator":"@https:\/\/twitter.com\/MarcosTabossi","twitter_site":"@notmercedinas","twitter_misc":{"Escrito por":"Marcos Tabossi","Tiempo de lectura":"9 minutos"},"schema":{"@context":"https:\/\/schema.org","@graph":[{"@type":"Article","@id":"https:\/\/noticiasmercedinas.com\/site\/2020\/03\/12\/nada-los-obliga-solo-el-dolor-de-los-demas\/#article","isPartOf":{"@id":"https:\/\/noticiasmercedinas.com\/site\/2020\/03\/12\/nada-los-obliga-solo-el-dolor-de-los-demas\/"},"author":{"name":"Marcos Tabossi","@id":"https:\/\/noticiasmercedinas.com\/site\/#\/schema\/person\/ad6432d89b9d86aa1236b4352f4f9271"},"headline":"Nada los obliga\u2026 s\u00f3lo el dolor de los dem\u00e1s","datePublished":"2020-03-12T11:43:51+00:00","mainEntityOfPage":{"@id":"https:\/\/noticiasmercedinas.com\/site\/2020\/03\/12\/nada-los-obliga-solo-el-dolor-de-los-demas\/"},"wordCount":1829,"commentCount":0,"publisher":{"@id":"https:\/\/noticiasmercedinas.com\/site\/#organization"},"image":{"@id":"https:\/\/noticiasmercedinas.com\/site\/2020\/03\/12\/nada-los-obliga-solo-el-dolor-de-los-demas\/#primaryimage"},"thumbnailUrl":"https:\/\/noticiasmercedinas.com\/site\/wp-content\/uploads\/2020\/03\/e9963cd9-c32b-4c97-9090-39398c0df870.jpg","keywords":["una mirada de la ciudad"],"articleSection":["Una mirada de la ciudad"],"inLanguage":"es","potentialAction":[{"@type":"CommentAction","name":"Comment","target":["https:\/\/noticiasmercedinas.com\/site\/2020\/03\/12\/nada-los-obliga-solo-el-dolor-de-los-demas\/#respond"]}]},{"@type":"WebPage","@id":"https:\/\/noticiasmercedinas.com\/site\/2020\/03\/12\/nada-los-obliga-solo-el-dolor-de-los-demas\/","url":"https:\/\/noticiasmercedinas.com\/site\/2020\/03\/12\/nada-los-obliga-solo-el-dolor-de-los-demas\/","name":"Nada los obliga\u2026 s\u00f3lo el dolor de los dem\u00e1s","isPartOf":{"@id":"https:\/\/noticiasmercedinas.com\/site\/#website"},"primaryImageOfPage":{"@id":"https:\/\/noticiasmercedinas.com\/site\/2020\/03\/12\/nada-los-obliga-solo-el-dolor-de-los-demas\/#primaryimage"},"image":{"@id":"https:\/\/noticiasmercedinas.com\/site\/2020\/03\/12\/nada-los-obliga-solo-el-dolor-de-los-demas\/#primaryimage"},"thumbnailUrl":"https:\/\/noticiasmercedinas.com\/site\/wp-content\/uploads\/2020\/03\/e9963cd9-c32b-4c97-9090-39398c0df870.jpg","datePublished":"2020-03-12T11:43:51+00:00","breadcrumb":{"@id":"https:\/\/noticiasmercedinas.com\/site\/2020\/03\/12\/nada-los-obliga-solo-el-dolor-de-los-demas\/#breadcrumb"},"inLanguage":"es","potentialAction":[{"@type":"ReadAction","target":["https:\/\/noticiasmercedinas.com\/site\/2020\/03\/12\/nada-los-obliga-solo-el-dolor-de-los-demas\/"]}]},{"@type":"ImageObject","inLanguage":"es","@id":"https:\/\/noticiasmercedinas.com\/site\/2020\/03\/12\/nada-los-obliga-solo-el-dolor-de-los-demas\/#primaryimage","url":"https:\/\/noticiasmercedinas.com\/site\/wp-content\/uploads\/2020\/03\/e9963cd9-c32b-4c97-9090-39398c0df870.jpg","contentUrl":"https:\/\/noticiasmercedinas.com\/site\/wp-content\/uploads\/2020\/03\/e9963cd9-c32b-4c97-9090-39398c0df870.jpg","width":933,"height":572},{"@type":"BreadcrumbList","@id":"https:\/\/noticiasmercedinas.com\/site\/2020\/03\/12\/nada-los-obliga-solo-el-dolor-de-los-demas\/#breadcrumb","itemListElement":[{"@type":"ListItem","position":1,"name":"Portada","item":"https:\/\/noticiasmercedinas.com\/site\/"},{"@type":"ListItem","position":2,"name":"Nada los obliga\u2026 s\u00f3lo el dolor de los dem\u00e1s"}]},{"@type":"WebSite","@id":"https:\/\/noticiasmercedinas.com\/site\/#website","url":"https:\/\/noticiasmercedinas.com\/site\/","name":"NOTICIASMERCEDINAS.COM","description":"Mercedes, Buenos Aires, Argentina","publisher":{"@id":"https:\/\/noticiasmercedinas.com\/site\/#organization"},"potentialAction":[{"@type":"SearchAction","target":{"@type":"EntryPoint","urlTemplate":"https:\/\/noticiasmercedinas.com\/site\/?s={search_term_string}"},"query-input":{"@type":"PropertyValueSpecification","valueRequired":true,"valueName":"search_term_string"}}],"inLanguage":"es"},{"@type":"Organization","@id":"https:\/\/noticiasmercedinas.com\/site\/#organization","name":"NOTICIASMERCEDINAS.COM","url":"https:\/\/noticiasmercedinas.com\/site\/","logo":{"@type":"ImageObject","inLanguage":"es","@id":"https:\/\/noticiasmercedinas.com\/site\/#\/schema\/logo\/image\/","url":"https:\/\/noticiasmercedinas.com\/site\/wp-content\/uploads\/2020\/06\/LOGO-512.jpg","contentUrl":"https:\/\/noticiasmercedinas.com\/site\/wp-content\/uploads\/2020\/06\/LOGO-512.jpg","width":512,"height":512,"caption":"NOTICIASMERCEDINAS.COM"},"image":{"@id":"https:\/\/noticiasmercedinas.com\/site\/#\/schema\/logo\/image\/"},"sameAs":["https:\/\/www.facebook.com\/noticiasmercedinas\/","https:\/\/x.com\/notmercedinas","https:\/\/www.instagram.com\/noticiasmercedinas\/"]},{"@type":"Person","@id":"https:\/\/noticiasmercedinas.com\/site\/#\/schema\/person\/ad6432d89b9d86aa1236b4352f4f9271","name":"Marcos Tabossi","image":{"@type":"ImageObject","inLanguage":"es","@id":"https:\/\/secure.gravatar.com\/avatar\/3289c5816bd32b910d17b147a61ec9a26c21417a787bc3c66c4bfd5c3ad5bd45?s=96&d=mm&r=g","url":"https:\/\/secure.gravatar.com\/avatar\/3289c5816bd32b910d17b147a61ec9a26c21417a787bc3c66c4bfd5c3ad5bd45?s=96&d=mm&r=g","contentUrl":"https:\/\/secure.gravatar.com\/avatar\/3289c5816bd32b910d17b147a61ec9a26c21417a787bc3c66c4bfd5c3ad5bd45?s=96&d=mm&r=g","caption":"Marcos Tabossi"},"description":"Psic\u00f3logo, docente y escritor. Public\u00f3 \u201cLa persona de al lado\u201d (2013) y \u201cUna especie de c\u00e1rcel\u201d (Peces de Ciudad. 2017). Particip\u00f3 con cuentos en diversas antolog\u00edas y es colaborador de sitios literarios nacionales e internacionales","sameAs":["https:\/\/www.facebook.com\/www.untalmarcost.blogspot.com.ar","https:\/\/www.instagram.com\/marcostabossi","https:\/\/x.com\/https:\/\/twitter.com\/MarcosTabossi"],"url":"https:\/\/noticiasmercedinas.com\/site\/author\/marcos-tabosssi\/"}]}},"amp_enabled":true,"_links":{"self":[{"href":"https:\/\/noticiasmercedinas.com\/site\/wp-json\/wp\/v2\/posts\/41376","targetHints":{"allow":["GET"]}}],"collection":[{"href":"https:\/\/noticiasmercedinas.com\/site\/wp-json\/wp\/v2\/posts"}],"about":[{"href":"https:\/\/noticiasmercedinas.com\/site\/wp-json\/wp\/v2\/types\/post"}],"author":[{"embeddable":true,"href":"https:\/\/noticiasmercedinas.com\/site\/wp-json\/wp\/v2\/users\/26"}],"replies":[{"embeddable":true,"href":"https:\/\/noticiasmercedinas.com\/site\/wp-json\/wp\/v2\/comments?post=41376"}],"version-history":[{"count":1,"href":"https:\/\/noticiasmercedinas.com\/site\/wp-json\/wp\/v2\/posts\/41376\/revisions"}],"predecessor-version":[{"id":41381,"href":"https:\/\/noticiasmercedinas.com\/site\/wp-json\/wp\/v2\/posts\/41376\/revisions\/41381"}],"wp:featuredmedia":[{"embeddable":true,"href":"https:\/\/noticiasmercedinas.com\/site\/wp-json\/wp\/v2\/media\/41380"}],"wp:attachment":[{"href":"https:\/\/noticiasmercedinas.com\/site\/wp-json\/wp\/v2\/media?parent=41376"}],"wp:term":[{"taxonomy":"category","embeddable":true,"href":"https:\/\/noticiasmercedinas.com\/site\/wp-json\/wp\/v2\/categories?post=41376"},{"taxonomy":"post_tag","embeddable":true,"href":"https:\/\/noticiasmercedinas.com\/site\/wp-json\/wp\/v2\/tags?post=41376"}],"curies":[{"name":"wp","href":"https:\/\/api.w.org\/{rel}","templated":true}]}}