{"id":41591,"date":"2020-03-14T12:24:55","date_gmt":"2020-03-14T15:24:55","guid":{"rendered":"https:\/\/noticiasmercedinas.com\/site\/?p=41591"},"modified":"2020-03-14T12:24:55","modified_gmt":"2020-03-14T15:24:55","slug":"armados-con-tenedor-de-asador-robaron-moto-cinco-aprehendidos","status":"publish","type":"post","link":"https:\/\/noticiasmercedinas.com\/site\/2020\/03\/14\/armados-con-tenedor-de-asador-robaron-moto-cinco-aprehendidos\/","title":{"rendered":"Armados con tenedor de asador robaron moto: cinco aprehendidos"},"content":{"rendered":"<p><a href=\"https:\/\/noticiasmercedinas.com\/site\/wp-content\/uploads\/2020\/03\/tenedor.png\"><img loading=\"lazy\" decoding=\"async\" class=\"alignnone wp-image-41592 size-full\" src=\"https:\/\/noticiasmercedinas.com\/site\/wp-content\/uploads\/2020\/03\/tenedor.png\" alt=\"\" width=\"640\" height=\"480\" srcset=\"https:\/\/noticiasmercedinas.com\/site\/wp-content\/uploads\/2020\/03\/tenedor.png 640w, https:\/\/noticiasmercedinas.com\/site\/wp-content\/uploads\/2020\/03\/tenedor-300x225.png 300w, https:\/\/noticiasmercedinas.com\/site\/wp-content\/uploads\/2020\/03\/tenedor-80x60.png 80w, https:\/\/noticiasmercedinas.com\/site\/wp-content\/uploads\/2020\/03\/tenedor-160x120.png 160w, https:\/\/noticiasmercedinas.com\/site\/wp-content\/uploads\/2020\/03\/tenedor-100x75.png 100w, https:\/\/noticiasmercedinas.com\/site\/wp-content\/uploads\/2020\/03\/tenedor-200x150.png 200w, https:\/\/noticiasmercedinas.com\/site\/wp-content\/uploads\/2020\/03\/tenedor-180x135.png 180w, https:\/\/noticiasmercedinas.com\/site\/wp-content\/uploads\/2020\/03\/tenedor-360x270.png 360w, https:\/\/noticiasmercedinas.com\/site\/wp-content\/uploads\/2020\/03\/tenedor-238x178.png 238w, https:\/\/noticiasmercedinas.com\/site\/wp-content\/uploads\/2020\/03\/tenedor-476x356.png 476w\" sizes=\"auto, (max-width: 640px) 100vw, 640px\" \/><\/a><\/p>\n<p>Tres hombres y dos mujeres fueron aprehendidos esta madrugada por efectivos policiales minutos despu\u00e9s de que participasen en el robo de una moto, a cuyo propietario amenazaron con un tenedor de asador para quitarle el veh\u00edculo.<\/p>\n<p>Cerca de las 5 de la ma\u00f1ana, en calle 40 entre 27 y 29 los imputados sustrajeron la motocicleta Yamaha Crypton roja 110 cc pero fueron ubicados por su vestimenta y datos antropom\u00e9tricos a tres cuadras del lugar, en calles 35 y 40, donde fueron aprehendidos.<\/p>\n<p>Fueron identificados como Carlos Alberto R\u00edos, Guillermo Ignacio Real, Francisco Gonzalo Maidana, D\u00e9bora Yamila Far\u00edas y Luc\u00eda Antonella Real, todos mayores de edad, a quienes se les incaut\u00f3 el elemento punzante utilizado en el hecho, inform\u00f3 la Polic\u00eda Comunal.<\/p>\n<p>La continuidad de pesquisas y rastrillajes permitieron incautar el rodado en calle 23 entre 50 y 52 y restituirlo a su propietario. Aprehendidos quedaron a disposici\u00f3n de la Fiscal\u00eda (UFIJ) N\u00b0 6, a cargo de Luis Carcagno, del Departamento Judicial Mercedes.<\/p>\n<p><strong>Otro caso<\/strong><br \/>\nLa Estaci\u00f3n Polic\u00eda Comunal tambi\u00e9n inform\u00f3 esta ma\u00f1ana de la aprehensi\u00f3n por hurto agravado de veh\u00edculo dejado en la v\u00eda publica de Brian David D\u00edaz, imputado de haber sustra\u00eddo una moto Yamaha YBR negra en avenida Escolta y v\u00edas del Ferrocarril Belgrano, en el d\u00eda de hoy.<\/p>\n","protected":false},"excerpt":{"rendered":"<p>Tres hombres y dos mujeres fueron aprehendidos esta madrugada por efectivos policiales minutos despu\u00e9s de que participasen en el robo de una moto, a cuyo propietario amenazaron con un tenedor de asador para quitarle el veh\u00edculo. Cerca de las 5 de la ma\u00f1ana, en calle 40 entre 27 y 29 los imputados sustrajeron la motocicleta [&hellip;]<\/p>\n","protected":false},"author":16,"featured_media":41592,"comment_status":"open","ping_status":"open","sticky":false,"template":"","format":"standard","meta":{"footnotes":""},"categories":[7],"tags":[4574,4575],"class_list":["post-41591","post","type-post","status-publish","format-standard","has-post-thumbnail","hentry","category-policiales","tag-estacion-policia-comunal-mercedes","tag-robo-agravado"],"yoast_head":"<!-- This site is optimized with the Yoast SEO plugin v27.4 - https:\/\/yoast.com\/product\/yoast-seo-wordpress\/ -->\n<title>Armados con tenedor de asador robaron moto: cinco aprehendidos<\/title>\n<meta name=\"robots\" content=\"index, follow, max-snippet:-1, max-image-preview:large, max-video-preview:-1\" \/>\n<link rel=\"canonical\" href=\"https:\/\/noticiasmercedinas.com\/site\/2020\/03\/14\/armados-con-tenedor-de-asador-robaron-moto-cinco-aprehendidos\/\" \/>\n<meta property=\"og:locale\" content=\"es_ES\" \/>\n<meta property=\"og:type\" content=\"article\" \/>\n<meta property=\"og:title\" content=\"Armados con tenedor de asador robaron moto: cinco aprehendidos\" \/>\n<meta property=\"og:description\" content=\"Tres hombres y dos mujeres fueron aprehendidos esta madrugada por efectivos policiales minutos despu\u00e9s de que participasen en el robo de una moto, a cuyo propietario amenazaron con un tenedor de asador para quitarle el veh\u00edculo. Cerca de las 5 de la ma\u00f1ana, en calle 40 entre 27 y 29 los imputados sustrajeron la motocicleta [&hellip;]\" \/>\n<meta property=\"og:url\" content=\"https:\/\/noticiasmercedinas.com\/site\/2020\/03\/14\/armados-con-tenedor-de-asador-robaron-moto-cinco-aprehendidos\/\" \/>\n<meta property=\"og:site_name\" content=\"NOTICIASMERCEDINAS.COM\" \/>\n<meta property=\"article:publisher\" content=\"https:\/\/www.facebook.com\/noticiasmercedinas\/\" \/>\n<meta property=\"article:published_time\" content=\"2020-03-14T15:24:55+00:00\" \/>\n<meta property=\"og:image\" content=\"https:\/\/noticiasmercedinas.com\/site\/wp-content\/uploads\/2020\/03\/tenedor.png\" \/>\n\t<meta property=\"og:image:width\" content=\"640\" \/>\n\t<meta property=\"og:image:height\" content=\"480\" \/>\n\t<meta property=\"og:image:type\" content=\"image\/png\" \/>\n<meta name=\"author\" content=\"NOTICIASMERCEDINAS.COM\" \/>\n<meta name=\"twitter:card\" content=\"summary_large_image\" \/>\n<meta name=\"twitter:creator\" content=\"@notmercedinas\" \/>\n<meta name=\"twitter:site\" content=\"@notmercedinas\" \/>\n<meta name=\"twitter:label1\" content=\"Escrito por\" \/>\n\t<meta name=\"twitter:data1\" content=\"NOTICIASMERCEDINAS.COM\" \/>\n\t<meta name=\"twitter:label2\" content=\"Tiempo de lectura\" \/>\n\t<meta name=\"twitter:data2\" content=\"1 minuto\" \/>\n<script type=\"application\/ld+json\" class=\"yoast-schema-graph\">{\"@context\":\"https:\\\/\\\/schema.org\",\"@graph\":[{\"@type\":\"Article\",\"@id\":\"https:\\\/\\\/noticiasmercedinas.com\\\/site\\\/2020\\\/03\\\/14\\\/armados-con-tenedor-de-asador-robaron-moto-cinco-aprehendidos\\\/#article\",\"isPartOf\":{\"@id\":\"https:\\\/\\\/noticiasmercedinas.com\\\/site\\\/2020\\\/03\\\/14\\\/armados-con-tenedor-de-asador-robaron-moto-cinco-aprehendidos\\\/\"},\"author\":{\"name\":\"NOTICIASMERCEDINAS.COM\",\"@id\":\"https:\\\/\\\/noticiasmercedinas.com\\\/site\\\/#\\\/schema\\\/person\\\/84b59c099c28ff2e8b77d4ceec5d8063\"},\"headline\":\"Armados con tenedor de asador robaron moto: cinco aprehendidos\",\"datePublished\":\"2020-03-14T15:24:55+00:00\",\"mainEntityOfPage\":{\"@id\":\"https:\\\/\\\/noticiasmercedinas.com\\\/site\\\/2020\\\/03\\\/14\\\/armados-con-tenedor-de-asador-robaron-moto-cinco-aprehendidos\\\/\"},\"wordCount\":231,\"commentCount\":0,\"publisher\":{\"@id\":\"https:\\\/\\\/noticiasmercedinas.com\\\/site\\\/#organization\"},\"image\":{\"@id\":\"https:\\\/\\\/noticiasmercedinas.com\\\/site\\\/2020\\\/03\\\/14\\\/armados-con-tenedor-de-asador-robaron-moto-cinco-aprehendidos\\\/#primaryimage\"},\"thumbnailUrl\":\"https:\\\/\\\/noticiasmercedinas.com\\\/site\\\/wp-content\\\/uploads\\\/2020\\\/03\\\/tenedor.png\",\"keywords\":[\"Estaci\u00f3n Polic\u00eda Comunal Mercedes\",\"Robo agravado\"],\"articleSection\":[\"Seguridad\"],\"inLanguage\":\"es\",\"potentialAction\":[{\"@type\":\"CommentAction\",\"name\":\"Comment\",\"target\":[\"https:\\\/\\\/noticiasmercedinas.com\\\/site\\\/2020\\\/03\\\/14\\\/armados-con-tenedor-de-asador-robaron-moto-cinco-aprehendidos\\\/#respond\"]}]},{\"@type\":\"WebPage\",\"@id\":\"https:\\\/\\\/noticiasmercedinas.com\\\/site\\\/2020\\\/03\\\/14\\\/armados-con-tenedor-de-asador-robaron-moto-cinco-aprehendidos\\\/\",\"url\":\"https:\\\/\\\/noticiasmercedinas.com\\\/site\\\/2020\\\/03\\\/14\\\/armados-con-tenedor-de-asador-robaron-moto-cinco-aprehendidos\\\/\",\"name\":\"Armados con tenedor de asador robaron moto: cinco aprehendidos\",\"isPartOf\":{\"@id\":\"https:\\\/\\\/noticiasmercedinas.com\\\/site\\\/#website\"},\"primaryImageOfPage\":{\"@id\":\"https:\\\/\\\/noticiasmercedinas.com\\\/site\\\/2020\\\/03\\\/14\\\/armados-con-tenedor-de-asador-robaron-moto-cinco-aprehendidos\\\/#primaryimage\"},\"image\":{\"@id\":\"https:\\\/\\\/noticiasmercedinas.com\\\/site\\\/2020\\\/03\\\/14\\\/armados-con-tenedor-de-asador-robaron-moto-cinco-aprehendidos\\\/#primaryimage\"},\"thumbnailUrl\":\"https:\\\/\\\/noticiasmercedinas.com\\\/site\\\/wp-content\\\/uploads\\\/2020\\\/03\\\/tenedor.png\",\"datePublished\":\"2020-03-14T15:24:55+00:00\",\"breadcrumb\":{\"@id\":\"https:\\\/\\\/noticiasmercedinas.com\\\/site\\\/2020\\\/03\\\/14\\\/armados-con-tenedor-de-asador-robaron-moto-cinco-aprehendidos\\\/#breadcrumb\"},\"inLanguage\":\"es\",\"potentialAction\":[{\"@type\":\"ReadAction\",\"target\":[\"https:\\\/\\\/noticiasmercedinas.com\\\/site\\\/2020\\\/03\\\/14\\\/armados-con-tenedor-de-asador-robaron-moto-cinco-aprehendidos\\\/\"]}]},{\"@type\":\"ImageObject\",\"inLanguage\":\"es\",\"@id\":\"https:\\\/\\\/noticiasmercedinas.com\\\/site\\\/2020\\\/03\\\/14\\\/armados-con-tenedor-de-asador-robaron-moto-cinco-aprehendidos\\\/#primaryimage\",\"url\":\"https:\\\/\\\/noticiasmercedinas.com\\\/site\\\/wp-content\\\/uploads\\\/2020\\\/03\\\/tenedor.png\",\"contentUrl\":\"https:\\\/\\\/noticiasmercedinas.com\\\/site\\\/wp-content\\\/uploads\\\/2020\\\/03\\\/tenedor.png\",\"width\":640,\"height\":480},{\"@type\":\"BreadcrumbList\",\"@id\":\"https:\\\/\\\/noticiasmercedinas.com\\\/site\\\/2020\\\/03\\\/14\\\/armados-con-tenedor-de-asador-robaron-moto-cinco-aprehendidos\\\/#breadcrumb\",\"itemListElement\":[{\"@type\":\"ListItem\",\"position\":1,\"name\":\"Portada\",\"item\":\"https:\\\/\\\/noticiasmercedinas.com\\\/site\\\/\"},{\"@type\":\"ListItem\",\"position\":2,\"name\":\"Armados con tenedor de asador robaron moto: cinco aprehendidos\"}]},{\"@type\":\"WebSite\",\"@id\":\"https:\\\/\\\/noticiasmercedinas.com\\\/site\\\/#website\",\"url\":\"https:\\\/\\\/noticiasmercedinas.com\\\/site\\\/\",\"name\":\"NOTICIASMERCEDINAS.COM\",\"description\":\"Mercedes, Buenos Aires, Argentina\",\"publisher\":{\"@id\":\"https:\\\/\\\/noticiasmercedinas.com\\\/site\\\/#organization\"},\"potentialAction\":[{\"@type\":\"SearchAction\",\"target\":{\"@type\":\"EntryPoint\",\"urlTemplate\":\"https:\\\/\\\/noticiasmercedinas.com\\\/site\\\/?s={search_term_string}\"},\"query-input\":{\"@type\":\"PropertyValueSpecification\",\"valueRequired\":true,\"valueName\":\"search_term_string\"}}],\"inLanguage\":\"es\"},{\"@type\":\"Organization\",\"@id\":\"https:\\\/\\\/noticiasmercedinas.com\\\/site\\\/#organization\",\"name\":\"NOTICIASMERCEDINAS.COM\",\"url\":\"https:\\\/\\\/noticiasmercedinas.com\\\/site\\\/\",\"logo\":{\"@type\":\"ImageObject\",\"inLanguage\":\"es\",\"@id\":\"https:\\\/\\\/noticiasmercedinas.com\\\/site\\\/#\\\/schema\\\/logo\\\/image\\\/\",\"url\":\"https:\\\/\\\/noticiasmercedinas.com\\\/site\\\/wp-content\\\/uploads\\\/2020\\\/06\\\/LOGO-512.jpg\",\"contentUrl\":\"https:\\\/\\\/noticiasmercedinas.com\\\/site\\\/wp-content\\\/uploads\\\/2020\\\/06\\\/LOGO-512.jpg\",\"width\":512,\"height\":512,\"caption\":\"NOTICIASMERCEDINAS.COM\"},\"image\":{\"@id\":\"https:\\\/\\\/noticiasmercedinas.com\\\/site\\\/#\\\/schema\\\/logo\\\/image\\\/\"},\"sameAs\":[\"https:\\\/\\\/www.facebook.com\\\/noticiasmercedinas\\\/\",\"https:\\\/\\\/x.com\\\/notmercedinas\",\"https:\\\/\\\/www.instagram.com\\\/noticiasmercedinas\\\/\"]},{\"@type\":\"Person\",\"@id\":\"https:\\\/\\\/noticiasmercedinas.com\\\/site\\\/#\\\/schema\\\/person\\\/84b59c099c28ff2e8b77d4ceec5d8063\",\"name\":\"NOTICIASMERCEDINAS.COM\",\"image\":{\"@type\":\"ImageObject\",\"inLanguage\":\"es\",\"@id\":\"https:\\\/\\\/secure.gravatar.com\\\/avatar\\\/4dfbf16b4d17945bfb6341b2d19043457132fcf478a5ee04f42e959fd8f5df0a?s=96&d=mm&r=g\",\"url\":\"https:\\\/\\\/secure.gravatar.com\\\/avatar\\\/4dfbf16b4d17945bfb6341b2d19043457132fcf478a5ee04f42e959fd8f5df0a?s=96&d=mm&r=g\",\"contentUrl\":\"https:\\\/\\\/secure.gravatar.com\\\/avatar\\\/4dfbf16b4d17945bfb6341b2d19043457132fcf478a5ee04f42e959fd8f5df0a?s=96&d=mm&r=g\",\"caption\":\"NOTICIASMERCEDINAS.COM\"},\"url\":\"https:\\\/\\\/noticiasmercedinas.com\\\/site\\\/author\\\/anonimo\\\/\"}]}<\/script>\n<!-- \/ Yoast SEO plugin. -->","yoast_head_json":{"title":"Armados con tenedor de asador robaron moto: cinco aprehendidos","robots":{"index":"index","follow":"follow","max-snippet":"max-snippet:-1","max-image-preview":"max-image-preview:large","max-video-preview":"max-video-preview:-1"},"canonical":"https:\/\/noticiasmercedinas.com\/site\/2020\/03\/14\/armados-con-tenedor-de-asador-robaron-moto-cinco-aprehendidos\/","og_locale":"es_ES","og_type":"article","og_title":"Armados con tenedor de asador robaron moto: cinco aprehendidos","og_description":"Tres hombres y dos mujeres fueron aprehendidos esta madrugada por efectivos policiales minutos despu\u00e9s de que participasen en el robo de una moto, a cuyo propietario amenazaron con un tenedor de asador para quitarle el veh\u00edculo. Cerca de las 5 de la ma\u00f1ana, en calle 40 entre 27 y 29 los imputados sustrajeron la motocicleta [&hellip;]","og_url":"https:\/\/noticiasmercedinas.com\/site\/2020\/03\/14\/armados-con-tenedor-de-asador-robaron-moto-cinco-aprehendidos\/","og_site_name":"NOTICIASMERCEDINAS.COM","article_publisher":"https:\/\/www.facebook.com\/noticiasmercedinas\/","article_published_time":"2020-03-14T15:24:55+00:00","og_image":[{"width":640,"height":480,"url":"https:\/\/noticiasmercedinas.com\/site\/wp-content\/uploads\/2020\/03\/tenedor.png","type":"image\/png"}],"author":"NOTICIASMERCEDINAS.COM","twitter_card":"summary_large_image","twitter_creator":"@notmercedinas","twitter_site":"@notmercedinas","twitter_misc":{"Escrito por":"NOTICIASMERCEDINAS.COM","Tiempo de lectura":"1 minuto"},"schema":{"@context":"https:\/\/schema.org","@graph":[{"@type":"Article","@id":"https:\/\/noticiasmercedinas.com\/site\/2020\/03\/14\/armados-con-tenedor-de-asador-robaron-moto-cinco-aprehendidos\/#article","isPartOf":{"@id":"https:\/\/noticiasmercedinas.com\/site\/2020\/03\/14\/armados-con-tenedor-de-asador-robaron-moto-cinco-aprehendidos\/"},"author":{"name":"NOTICIASMERCEDINAS.COM","@id":"https:\/\/noticiasmercedinas.com\/site\/#\/schema\/person\/84b59c099c28ff2e8b77d4ceec5d8063"},"headline":"Armados con tenedor de asador robaron moto: cinco aprehendidos","datePublished":"2020-03-14T15:24:55+00:00","mainEntityOfPage":{"@id":"https:\/\/noticiasmercedinas.com\/site\/2020\/03\/14\/armados-con-tenedor-de-asador-robaron-moto-cinco-aprehendidos\/"},"wordCount":231,"commentCount":0,"publisher":{"@id":"https:\/\/noticiasmercedinas.com\/site\/#organization"},"image":{"@id":"https:\/\/noticiasmercedinas.com\/site\/2020\/03\/14\/armados-con-tenedor-de-asador-robaron-moto-cinco-aprehendidos\/#primaryimage"},"thumbnailUrl":"https:\/\/noticiasmercedinas.com\/site\/wp-content\/uploads\/2020\/03\/tenedor.png","keywords":["Estaci\u00f3n Polic\u00eda Comunal Mercedes","Robo agravado"],"articleSection":["Seguridad"],"inLanguage":"es","potentialAction":[{"@type":"CommentAction","name":"Comment","target":["https:\/\/noticiasmercedinas.com\/site\/2020\/03\/14\/armados-con-tenedor-de-asador-robaron-moto-cinco-aprehendidos\/#respond"]}]},{"@type":"WebPage","@id":"https:\/\/noticiasmercedinas.com\/site\/2020\/03\/14\/armados-con-tenedor-de-asador-robaron-moto-cinco-aprehendidos\/","url":"https:\/\/noticiasmercedinas.com\/site\/2020\/03\/14\/armados-con-tenedor-de-asador-robaron-moto-cinco-aprehendidos\/","name":"Armados con tenedor de asador robaron moto: cinco aprehendidos","isPartOf":{"@id":"https:\/\/noticiasmercedinas.com\/site\/#website"},"primaryImageOfPage":{"@id":"https:\/\/noticiasmercedinas.com\/site\/2020\/03\/14\/armados-con-tenedor-de-asador-robaron-moto-cinco-aprehendidos\/#primaryimage"},"image":{"@id":"https:\/\/noticiasmercedinas.com\/site\/2020\/03\/14\/armados-con-tenedor-de-asador-robaron-moto-cinco-aprehendidos\/#primaryimage"},"thumbnailUrl":"https:\/\/noticiasmercedinas.com\/site\/wp-content\/uploads\/2020\/03\/tenedor.png","datePublished":"2020-03-14T15:24:55+00:00","breadcrumb":{"@id":"https:\/\/noticiasmercedinas.com\/site\/2020\/03\/14\/armados-con-tenedor-de-asador-robaron-moto-cinco-aprehendidos\/#breadcrumb"},"inLanguage":"es","potentialAction":[{"@type":"ReadAction","target":["https:\/\/noticiasmercedinas.com\/site\/2020\/03\/14\/armados-con-tenedor-de-asador-robaron-moto-cinco-aprehendidos\/"]}]},{"@type":"ImageObject","inLanguage":"es","@id":"https:\/\/noticiasmercedinas.com\/site\/2020\/03\/14\/armados-con-tenedor-de-asador-robaron-moto-cinco-aprehendidos\/#primaryimage","url":"https:\/\/noticiasmercedinas.com\/site\/wp-content\/uploads\/2020\/03\/tenedor.png","contentUrl":"https:\/\/noticiasmercedinas.com\/site\/wp-content\/uploads\/2020\/03\/tenedor.png","width":640,"height":480},{"@type":"BreadcrumbList","@id":"https:\/\/noticiasmercedinas.com\/site\/2020\/03\/14\/armados-con-tenedor-de-asador-robaron-moto-cinco-aprehendidos\/#breadcrumb","itemListElement":[{"@type":"ListItem","position":1,"name":"Portada","item":"https:\/\/noticiasmercedinas.com\/site\/"},{"@type":"ListItem","position":2,"name":"Armados con tenedor de asador robaron moto: cinco aprehendidos"}]},{"@type":"WebSite","@id":"https:\/\/noticiasmercedinas.com\/site\/#website","url":"https:\/\/noticiasmercedinas.com\/site\/","name":"NOTICIASMERCEDINAS.COM","description":"Mercedes, Buenos Aires, Argentina","publisher":{"@id":"https:\/\/noticiasmercedinas.com\/site\/#organization"},"potentialAction":[{"@type":"SearchAction","target":{"@type":"EntryPoint","urlTemplate":"https:\/\/noticiasmercedinas.com\/site\/?s={search_term_string}"},"query-input":{"@type":"PropertyValueSpecification","valueRequired":true,"valueName":"search_term_string"}}],"inLanguage":"es"},{"@type":"Organization","@id":"https:\/\/noticiasmercedinas.com\/site\/#organization","name":"NOTICIASMERCEDINAS.COM","url":"https:\/\/noticiasmercedinas.com\/site\/","logo":{"@type":"ImageObject","inLanguage":"es","@id":"https:\/\/noticiasmercedinas.com\/site\/#\/schema\/logo\/image\/","url":"https:\/\/noticiasmercedinas.com\/site\/wp-content\/uploads\/2020\/06\/LOGO-512.jpg","contentUrl":"https:\/\/noticiasmercedinas.com\/site\/wp-content\/uploads\/2020\/06\/LOGO-512.jpg","width":512,"height":512,"caption":"NOTICIASMERCEDINAS.COM"},"image":{"@id":"https:\/\/noticiasmercedinas.com\/site\/#\/schema\/logo\/image\/"},"sameAs":["https:\/\/www.facebook.com\/noticiasmercedinas\/","https:\/\/x.com\/notmercedinas","https:\/\/www.instagram.com\/noticiasmercedinas\/"]},{"@type":"Person","@id":"https:\/\/noticiasmercedinas.com\/site\/#\/schema\/person\/84b59c099c28ff2e8b77d4ceec5d8063","name":"NOTICIASMERCEDINAS.COM","image":{"@type":"ImageObject","inLanguage":"es","@id":"https:\/\/secure.gravatar.com\/avatar\/4dfbf16b4d17945bfb6341b2d19043457132fcf478a5ee04f42e959fd8f5df0a?s=96&d=mm&r=g","url":"https:\/\/secure.gravatar.com\/avatar\/4dfbf16b4d17945bfb6341b2d19043457132fcf478a5ee04f42e959fd8f5df0a?s=96&d=mm&r=g","contentUrl":"https:\/\/secure.gravatar.com\/avatar\/4dfbf16b4d17945bfb6341b2d19043457132fcf478a5ee04f42e959fd8f5df0a?s=96&d=mm&r=g","caption":"NOTICIASMERCEDINAS.COM"},"url":"https:\/\/noticiasmercedinas.com\/site\/author\/anonimo\/"}]}},"amp_enabled":true,"_links":{"self":[{"href":"https:\/\/noticiasmercedinas.com\/site\/wp-json\/wp\/v2\/posts\/41591","targetHints":{"allow":["GET"]}}],"collection":[{"href":"https:\/\/noticiasmercedinas.com\/site\/wp-json\/wp\/v2\/posts"}],"about":[{"href":"https:\/\/noticiasmercedinas.com\/site\/wp-json\/wp\/v2\/types\/post"}],"author":[{"embeddable":true,"href":"https:\/\/noticiasmercedinas.com\/site\/wp-json\/wp\/v2\/users\/16"}],"replies":[{"embeddable":true,"href":"https:\/\/noticiasmercedinas.com\/site\/wp-json\/wp\/v2\/comments?post=41591"}],"version-history":[{"count":4,"href":"https:\/\/noticiasmercedinas.com\/site\/wp-json\/wp\/v2\/posts\/41591\/revisions"}],"predecessor-version":[{"id":41596,"href":"https:\/\/noticiasmercedinas.com\/site\/wp-json\/wp\/v2\/posts\/41591\/revisions\/41596"}],"wp:featuredmedia":[{"embeddable":true,"href":"https:\/\/noticiasmercedinas.com\/site\/wp-json\/wp\/v2\/media\/41592"}],"wp:attachment":[{"href":"https:\/\/noticiasmercedinas.com\/site\/wp-json\/wp\/v2\/media?parent=41591"}],"wp:term":[{"taxonomy":"category","embeddable":true,"href":"https:\/\/noticiasmercedinas.com\/site\/wp-json\/wp\/v2\/categories?post=41591"},{"taxonomy":"post_tag","embeddable":true,"href":"https:\/\/noticiasmercedinas.com\/site\/wp-json\/wp\/v2\/tags?post=41591"}],"curies":[{"name":"wp","href":"https:\/\/api.w.org\/{rel}","templated":true}]}}