{"id":41682,"date":"2020-03-15T21:49:47","date_gmt":"2020-03-16T00:49:47","guid":{"rendered":"https:\/\/noticiasmercedinas.com\/site\/?p=41682"},"modified":"2020-03-15T22:01:11","modified_gmt":"2020-03-16T01:01:11","slug":"futbol-y-pandemia-flandria-empato-sin-publico-y-con-televisacion-censurada","status":"publish","type":"post","link":"https:\/\/noticiasmercedinas.com\/site\/2020\/03\/15\/futbol-y-pandemia-flandria-empato-sin-publico-y-con-televisacion-censurada\/","title":{"rendered":"F\u00fatbol y pandemia: Flandria empat\u00f3 sin p\u00fablico y con televisaci\u00f3n censurada"},"content":{"rendered":"<p><a href=\"https:\/\/noticiasmercedinas.com\/site\/wp-content\/uploads\/2020\/03\/1saludo.png\"><img loading=\"lazy\" decoding=\"async\" class=\"alignnone size-full wp-image-41685\" src=\"https:\/\/noticiasmercedinas.com\/site\/wp-content\/uploads\/2020\/03\/1saludo.png\" alt=\"\" width=\"640\" height=\"480\" srcset=\"https:\/\/noticiasmercedinas.com\/site\/wp-content\/uploads\/2020\/03\/1saludo.png 640w, https:\/\/noticiasmercedinas.com\/site\/wp-content\/uploads\/2020\/03\/1saludo-300x225.png 300w, https:\/\/noticiasmercedinas.com\/site\/wp-content\/uploads\/2020\/03\/1saludo-80x60.png 80w, https:\/\/noticiasmercedinas.com\/site\/wp-content\/uploads\/2020\/03\/1saludo-160x120.png 160w, https:\/\/noticiasmercedinas.com\/site\/wp-content\/uploads\/2020\/03\/1saludo-100x75.png 100w, https:\/\/noticiasmercedinas.com\/site\/wp-content\/uploads\/2020\/03\/1saludo-200x150.png 200w, https:\/\/noticiasmercedinas.com\/site\/wp-content\/uploads\/2020\/03\/1saludo-180x135.png 180w, https:\/\/noticiasmercedinas.com\/site\/wp-content\/uploads\/2020\/03\/1saludo-360x270.png 360w, https:\/\/noticiasmercedinas.com\/site\/wp-content\/uploads\/2020\/03\/1saludo-238x178.png 238w, https:\/\/noticiasmercedinas.com\/site\/wp-content\/uploads\/2020\/03\/1saludo-476x356.png 476w\" sizes=\"auto, (max-width: 640px) 100vw, 640px\" \/><\/a><\/p>\n<p>\u201cLo de los codos es una boludez as\u00ed que si les parece nos saludamos sin darnos la mano y arrancamos\u201d, dijo el refer\u00ed en la mitad del campo pero algunos jugadores no pudieron reprimir el instintivo choque de palmas o de pu\u00f1os junto al deseo com\u00fan de \u201cbuen partido\u201d.<\/p>\n<p>No sonaron los vientos ni los bombos de la popular en el empate de Flandria y Sacachispas, no hubo aliento. El silencio impuesto por la pandemia dej\u00f3 al desnudo las voces usualmente ocultas de los protagonistas, los enojos de los t\u00e9cnicos, la descarga de los futbolistas.<\/p>\n<p>No hubo grito de gol cuando el Canario se puso al frente por medio de un tiro desde los doce pasos ni tampoco tuvo la justa presi\u00f3n de la tribuna el \u00e1rbitro cuando evit\u00f3 cobrar otro claro penal para el local a la hora en que se mor\u00eda el primer tiempo.<\/p>\n<p><a href=\"https:\/\/noticiasmercedinas.com\/site\/wp-content\/uploads\/2020\/03\/4tribuna.png\"><img loading=\"lazy\" decoding=\"async\" class=\"alignnone size-full wp-image-41686\" src=\"https:\/\/noticiasmercedinas.com\/site\/wp-content\/uploads\/2020\/03\/4tribuna.png\" alt=\"\" width=\"640\" height=\"480\" srcset=\"https:\/\/noticiasmercedinas.com\/site\/wp-content\/uploads\/2020\/03\/4tribuna.png 640w, https:\/\/noticiasmercedinas.com\/site\/wp-content\/uploads\/2020\/03\/4tribuna-300x225.png 300w, https:\/\/noticiasmercedinas.com\/site\/wp-content\/uploads\/2020\/03\/4tribuna-80x60.png 80w, https:\/\/noticiasmercedinas.com\/site\/wp-content\/uploads\/2020\/03\/4tribuna-160x120.png 160w, https:\/\/noticiasmercedinas.com\/site\/wp-content\/uploads\/2020\/03\/4tribuna-100x75.png 100w, https:\/\/noticiasmercedinas.com\/site\/wp-content\/uploads\/2020\/03\/4tribuna-200x150.png 200w, https:\/\/noticiasmercedinas.com\/site\/wp-content\/uploads\/2020\/03\/4tribuna-180x135.png 180w, https:\/\/noticiasmercedinas.com\/site\/wp-content\/uploads\/2020\/03\/4tribuna-360x270.png 360w, https:\/\/noticiasmercedinas.com\/site\/wp-content\/uploads\/2020\/03\/4tribuna-238x178.png 238w, https:\/\/noticiasmercedinas.com\/site\/wp-content\/uploads\/2020\/03\/4tribuna-476x356.png 476w\" sizes=\"auto, (max-width: 640px) 100vw, 640px\" \/><\/a><\/p>\n<p>En ese momento, intentaron acercarse a la cancha una veintena de hinchas desde la calle Julio Steverlynck pero sus intenciones se vieron frustradas por los efectivos policiales. La consigna \u201ca puertas cerradas\u201d se cumpli\u00f3 a rajatablas.<\/p>\n<p>Para la segunda etapa el DT del visitante dispuso el ingreso del camerun\u00e9s Mustaf\u00e1, un grandote que forz\u00f3 una falta en la puerta del \u00e1rea y el correspondiente gol del empate. Una selecta media docena de hinchas de Flandria se expresaron trepados al pared\u00f3n del Circulo Criollo.<\/p>\n<p>A los 40 del complemento, Randazzo puso el 2 a 1 para Flandria y a los 49 \u201cMusta\u201d frustr\u00f3 la alegr\u00eda canaria y rescat\u00f3 un punto para los de Villa Soldati con otro ag\u00f3nico cabezazo. Los jugadores saludaron luego a la tribuna vac\u00eda.<\/p>\n<p><a href=\"https:\/\/noticiasmercedinas.com\/site\/wp-content\/uploads\/2020\/03\/6_saludo.png\"><img loading=\"lazy\" decoding=\"async\" class=\"alignnone size-full wp-image-41687\" src=\"https:\/\/noticiasmercedinas.com\/site\/wp-content\/uploads\/2020\/03\/6_saludo.png\" alt=\"\" width=\"640\" height=\"480\" srcset=\"https:\/\/noticiasmercedinas.com\/site\/wp-content\/uploads\/2020\/03\/6_saludo.png 640w, https:\/\/noticiasmercedinas.com\/site\/wp-content\/uploads\/2020\/03\/6_saludo-300x225.png 300w, https:\/\/noticiasmercedinas.com\/site\/wp-content\/uploads\/2020\/03\/6_saludo-80x60.png 80w, https:\/\/noticiasmercedinas.com\/site\/wp-content\/uploads\/2020\/03\/6_saludo-160x120.png 160w, https:\/\/noticiasmercedinas.com\/site\/wp-content\/uploads\/2020\/03\/6_saludo-100x75.png 100w, https:\/\/noticiasmercedinas.com\/site\/wp-content\/uploads\/2020\/03\/6_saludo-200x150.png 200w, https:\/\/noticiasmercedinas.com\/site\/wp-content\/uploads\/2020\/03\/6_saludo-180x135.png 180w, https:\/\/noticiasmercedinas.com\/site\/wp-content\/uploads\/2020\/03\/6_saludo-360x270.png 360w, https:\/\/noticiasmercedinas.com\/site\/wp-content\/uploads\/2020\/03\/6_saludo-238x178.png 238w, https:\/\/noticiasmercedinas.com\/site\/wp-content\/uploads\/2020\/03\/6_saludo-476x356.png 476w\" sizes=\"auto, (max-width: 640px) 100vw, 640px\" \/><\/a><\/p>\n<p>En el cierre del d\u00eda, el presidente Alberto Fern\u00e1ndez anunci\u00f3 dr\u00e1sticas medidas para frenar al coronavirus. Pidi\u00f3 la continuidad del f\u00fatbol profesional y las transmisiones abiertas para el pueblo en cuarentena; sin embargo, la <span style=\"color: #000080;\"><strong><a style=\"color: #000080;\" href=\"https:\/\/www.youtube.com\/watch?v=nDZwAy1F01k\">transmisi\u00f3n en vivo de Pares TV<\/a><\/strong><\/span> de este partido volvi\u00f3 a ser censurada.<\/p>\n<p><a href=\"https:\/\/noticiasmercedinas.com\/site\/wp-content\/uploads\/2020\/03\/7pares.png\"><img loading=\"lazy\" decoding=\"async\" class=\"alignnone size-full wp-image-41688\" src=\"https:\/\/noticiasmercedinas.com\/site\/wp-content\/uploads\/2020\/03\/7pares.png\" alt=\"\" width=\"640\" height=\"480\" srcset=\"https:\/\/noticiasmercedinas.com\/site\/wp-content\/uploads\/2020\/03\/7pares.png 640w, https:\/\/noticiasmercedinas.com\/site\/wp-content\/uploads\/2020\/03\/7pares-300x225.png 300w, https:\/\/noticiasmercedinas.com\/site\/wp-content\/uploads\/2020\/03\/7pares-80x60.png 80w, https:\/\/noticiasmercedinas.com\/site\/wp-content\/uploads\/2020\/03\/7pares-160x120.png 160w, https:\/\/noticiasmercedinas.com\/site\/wp-content\/uploads\/2020\/03\/7pares-100x75.png 100w, https:\/\/noticiasmercedinas.com\/site\/wp-content\/uploads\/2020\/03\/7pares-200x150.png 200w, https:\/\/noticiasmercedinas.com\/site\/wp-content\/uploads\/2020\/03\/7pares-180x135.png 180w, https:\/\/noticiasmercedinas.com\/site\/wp-content\/uploads\/2020\/03\/7pares-360x270.png 360w, https:\/\/noticiasmercedinas.com\/site\/wp-content\/uploads\/2020\/03\/7pares-238x178.png 238w, https:\/\/noticiasmercedinas.com\/site\/wp-content\/uploads\/2020\/03\/7pares-476x356.png 476w\" sizes=\"auto, (max-width: 640px) 100vw, 640px\" \/><\/a><\/p>\n","protected":false},"excerpt":{"rendered":"<p>\u201cLo de los codos es una boludez as\u00ed que si les parece nos saludamos sin darnos la mano y arrancamos\u201d, dijo el refer\u00ed en la mitad del campo pero algunos jugadores no pudieron reprimir el instintivo choque de palmas o de pu\u00f1os junto al deseo com\u00fan de \u201cbuen partido\u201d. No sonaron los vientos ni los [&hellip;]<\/p>\n","protected":false},"author":3,"featured_media":41687,"comment_status":"open","ping_status":"open","sticky":false,"template":"","format":"standard","meta":{"footnotes":""},"categories":[5],"tags":[283,8663,8662],"class_list":["post-41682","post","type-post","status-publish","format-standard","has-post-thumbnail","hentry","category-deportes","tag-flandria","tag-pandemia","tag-sacachispas"],"yoast_head":"<!-- This site is optimized with the Yoast SEO plugin v27.4 - https:\/\/yoast.com\/product\/yoast-seo-wordpress\/ -->\n<title>F\u00fatbol y pandemia: Flandria empat\u00f3 sin p\u00fablico y con televisaci\u00f3n censurada<\/title>\n<meta name=\"robots\" content=\"index, follow, max-snippet:-1, max-image-preview:large, max-video-preview:-1\" \/>\n<link rel=\"canonical\" href=\"https:\/\/noticiasmercedinas.com\/site\/2020\/03\/15\/futbol-y-pandemia-flandria-empato-sin-publico-y-con-televisacion-censurada\/\" \/>\n<meta property=\"og:locale\" content=\"es_ES\" \/>\n<meta property=\"og:type\" content=\"article\" \/>\n<meta property=\"og:title\" content=\"F\u00fatbol y pandemia: Flandria empat\u00f3 sin p\u00fablico y con televisaci\u00f3n censurada\" \/>\n<meta property=\"og:description\" content=\"\u201cLo de los codos es una boludez as\u00ed que si les parece nos saludamos sin darnos la mano y arrancamos\u201d, dijo el refer\u00ed en la mitad del campo pero algunos jugadores no pudieron reprimir el instintivo choque de palmas o de pu\u00f1os junto al deseo com\u00fan de \u201cbuen partido\u201d. No sonaron los vientos ni los [&hellip;]\" \/>\n<meta property=\"og:url\" content=\"https:\/\/noticiasmercedinas.com\/site\/2020\/03\/15\/futbol-y-pandemia-flandria-empato-sin-publico-y-con-televisacion-censurada\/\" \/>\n<meta property=\"og:site_name\" content=\"NOTICIASMERCEDINAS.COM\" \/>\n<meta property=\"article:publisher\" content=\"https:\/\/www.facebook.com\/noticiasmercedinas\/\" \/>\n<meta property=\"article:published_time\" content=\"2020-03-16T00:49:47+00:00\" \/>\n<meta property=\"article:modified_time\" content=\"2020-03-16T01:01:11+00:00\" \/>\n<meta property=\"og:image\" content=\"https:\/\/noticiasmercedinas.com\/site\/wp-content\/uploads\/2020\/03\/6_saludo.png\" \/>\n\t<meta property=\"og:image:width\" content=\"640\" \/>\n\t<meta property=\"og:image:height\" content=\"480\" \/>\n\t<meta property=\"og:image:type\" content=\"image\/png\" \/>\n<meta name=\"author\" content=\"Adrian Terrizzano NOTICIASMERCEDINAS.COM\" \/>\n<meta name=\"twitter:card\" content=\"summary_large_image\" \/>\n<meta name=\"twitter:creator\" content=\"@https:\/\/twitter.com\/AdrianTerri\" \/>\n<meta name=\"twitter:site\" content=\"@notmercedinas\" \/>\n<meta name=\"twitter:label1\" content=\"Escrito por\" \/>\n\t<meta name=\"twitter:data1\" content=\"Adrian Terrizzano NOTICIASMERCEDINAS.COM\" \/>\n\t<meta name=\"twitter:label2\" content=\"Tiempo de lectura\" \/>\n\t<meta name=\"twitter:data2\" content=\"2 minutos\" \/>\n<script type=\"application\/ld+json\" class=\"yoast-schema-graph\">{\"@context\":\"https:\\\/\\\/schema.org\",\"@graph\":[{\"@type\":\"Article\",\"@id\":\"https:\\\/\\\/noticiasmercedinas.com\\\/site\\\/2020\\\/03\\\/15\\\/futbol-y-pandemia-flandria-empato-sin-publico-y-con-televisacion-censurada\\\/#article\",\"isPartOf\":{\"@id\":\"https:\\\/\\\/noticiasmercedinas.com\\\/site\\\/2020\\\/03\\\/15\\\/futbol-y-pandemia-flandria-empato-sin-publico-y-con-televisacion-censurada\\\/\"},\"author\":{\"name\":\"Adrian Terrizzano NOTICIASMERCEDINAS.COM\",\"@id\":\"https:\\\/\\\/noticiasmercedinas.com\\\/site\\\/#\\\/schema\\\/person\\\/45cbccca776c0c5524a6d2a8f1b04acd\"},\"headline\":\"F\u00fatbol y pandemia: Flandria empat\u00f3 sin p\u00fablico y con televisaci\u00f3n censurada\",\"datePublished\":\"2020-03-16T00:49:47+00:00\",\"dateModified\":\"2020-03-16T01:01:11+00:00\",\"mainEntityOfPage\":{\"@id\":\"https:\\\/\\\/noticiasmercedinas.com\\\/site\\\/2020\\\/03\\\/15\\\/futbol-y-pandemia-flandria-empato-sin-publico-y-con-televisacion-censurada\\\/\"},\"wordCount\":344,\"commentCount\":0,\"publisher\":{\"@id\":\"https:\\\/\\\/noticiasmercedinas.com\\\/site\\\/#organization\"},\"image\":{\"@id\":\"https:\\\/\\\/noticiasmercedinas.com\\\/site\\\/2020\\\/03\\\/15\\\/futbol-y-pandemia-flandria-empato-sin-publico-y-con-televisacion-censurada\\\/#primaryimage\"},\"thumbnailUrl\":\"https:\\\/\\\/noticiasmercedinas.com\\\/site\\\/wp-content\\\/uploads\\\/2020\\\/03\\\/6_saludo.png\",\"keywords\":[\"flandria\",\"pandemia\",\"sacachispas\"],\"articleSection\":[\"Deportes\"],\"inLanguage\":\"es\",\"potentialAction\":[{\"@type\":\"CommentAction\",\"name\":\"Comment\",\"target\":[\"https:\\\/\\\/noticiasmercedinas.com\\\/site\\\/2020\\\/03\\\/15\\\/futbol-y-pandemia-flandria-empato-sin-publico-y-con-televisacion-censurada\\\/#respond\"]}]},{\"@type\":\"WebPage\",\"@id\":\"https:\\\/\\\/noticiasmercedinas.com\\\/site\\\/2020\\\/03\\\/15\\\/futbol-y-pandemia-flandria-empato-sin-publico-y-con-televisacion-censurada\\\/\",\"url\":\"https:\\\/\\\/noticiasmercedinas.com\\\/site\\\/2020\\\/03\\\/15\\\/futbol-y-pandemia-flandria-empato-sin-publico-y-con-televisacion-censurada\\\/\",\"name\":\"F\u00fatbol y pandemia: Flandria empat\u00f3 sin p\u00fablico y con televisaci\u00f3n censurada\",\"isPartOf\":{\"@id\":\"https:\\\/\\\/noticiasmercedinas.com\\\/site\\\/#website\"},\"primaryImageOfPage\":{\"@id\":\"https:\\\/\\\/noticiasmercedinas.com\\\/site\\\/2020\\\/03\\\/15\\\/futbol-y-pandemia-flandria-empato-sin-publico-y-con-televisacion-censurada\\\/#primaryimage\"},\"image\":{\"@id\":\"https:\\\/\\\/noticiasmercedinas.com\\\/site\\\/2020\\\/03\\\/15\\\/futbol-y-pandemia-flandria-empato-sin-publico-y-con-televisacion-censurada\\\/#primaryimage\"},\"thumbnailUrl\":\"https:\\\/\\\/noticiasmercedinas.com\\\/site\\\/wp-content\\\/uploads\\\/2020\\\/03\\\/6_saludo.png\",\"datePublished\":\"2020-03-16T00:49:47+00:00\",\"dateModified\":\"2020-03-16T01:01:11+00:00\",\"breadcrumb\":{\"@id\":\"https:\\\/\\\/noticiasmercedinas.com\\\/site\\\/2020\\\/03\\\/15\\\/futbol-y-pandemia-flandria-empato-sin-publico-y-con-televisacion-censurada\\\/#breadcrumb\"},\"inLanguage\":\"es\",\"potentialAction\":[{\"@type\":\"ReadAction\",\"target\":[\"https:\\\/\\\/noticiasmercedinas.com\\\/site\\\/2020\\\/03\\\/15\\\/futbol-y-pandemia-flandria-empato-sin-publico-y-con-televisacion-censurada\\\/\"]}]},{\"@type\":\"ImageObject\",\"inLanguage\":\"es\",\"@id\":\"https:\\\/\\\/noticiasmercedinas.com\\\/site\\\/2020\\\/03\\\/15\\\/futbol-y-pandemia-flandria-empato-sin-publico-y-con-televisacion-censurada\\\/#primaryimage\",\"url\":\"https:\\\/\\\/noticiasmercedinas.com\\\/site\\\/wp-content\\\/uploads\\\/2020\\\/03\\\/6_saludo.png\",\"contentUrl\":\"https:\\\/\\\/noticiasmercedinas.com\\\/site\\\/wp-content\\\/uploads\\\/2020\\\/03\\\/6_saludo.png\",\"width\":640,\"height\":480},{\"@type\":\"BreadcrumbList\",\"@id\":\"https:\\\/\\\/noticiasmercedinas.com\\\/site\\\/2020\\\/03\\\/15\\\/futbol-y-pandemia-flandria-empato-sin-publico-y-con-televisacion-censurada\\\/#breadcrumb\",\"itemListElement\":[{\"@type\":\"ListItem\",\"position\":1,\"name\":\"Portada\",\"item\":\"https:\\\/\\\/noticiasmercedinas.com\\\/site\\\/\"},{\"@type\":\"ListItem\",\"position\":2,\"name\":\"F\u00fatbol y pandemia: Flandria empat\u00f3 sin p\u00fablico y con televisaci\u00f3n censurada\"}]},{\"@type\":\"WebSite\",\"@id\":\"https:\\\/\\\/noticiasmercedinas.com\\\/site\\\/#website\",\"url\":\"https:\\\/\\\/noticiasmercedinas.com\\\/site\\\/\",\"name\":\"NOTICIASMERCEDINAS.COM\",\"description\":\"Mercedes, Buenos Aires, Argentina\",\"publisher\":{\"@id\":\"https:\\\/\\\/noticiasmercedinas.com\\\/site\\\/#organization\"},\"potentialAction\":[{\"@type\":\"SearchAction\",\"target\":{\"@type\":\"EntryPoint\",\"urlTemplate\":\"https:\\\/\\\/noticiasmercedinas.com\\\/site\\\/?s={search_term_string}\"},\"query-input\":{\"@type\":\"PropertyValueSpecification\",\"valueRequired\":true,\"valueName\":\"search_term_string\"}}],\"inLanguage\":\"es\"},{\"@type\":\"Organization\",\"@id\":\"https:\\\/\\\/noticiasmercedinas.com\\\/site\\\/#organization\",\"name\":\"NOTICIASMERCEDINAS.COM\",\"url\":\"https:\\\/\\\/noticiasmercedinas.com\\\/site\\\/\",\"logo\":{\"@type\":\"ImageObject\",\"inLanguage\":\"es\",\"@id\":\"https:\\\/\\\/noticiasmercedinas.com\\\/site\\\/#\\\/schema\\\/logo\\\/image\\\/\",\"url\":\"https:\\\/\\\/noticiasmercedinas.com\\\/site\\\/wp-content\\\/uploads\\\/2020\\\/06\\\/LOGO-512.jpg\",\"contentUrl\":\"https:\\\/\\\/noticiasmercedinas.com\\\/site\\\/wp-content\\\/uploads\\\/2020\\\/06\\\/LOGO-512.jpg\",\"width\":512,\"height\":512,\"caption\":\"NOTICIASMERCEDINAS.COM\"},\"image\":{\"@id\":\"https:\\\/\\\/noticiasmercedinas.com\\\/site\\\/#\\\/schema\\\/logo\\\/image\\\/\"},\"sameAs\":[\"https:\\\/\\\/www.facebook.com\\\/noticiasmercedinas\\\/\",\"https:\\\/\\\/x.com\\\/notmercedinas\",\"https:\\\/\\\/www.instagram.com\\\/noticiasmercedinas\\\/\"]},{\"@type\":\"Person\",\"@id\":\"https:\\\/\\\/noticiasmercedinas.com\\\/site\\\/#\\\/schema\\\/person\\\/45cbccca776c0c5524a6d2a8f1b04acd\",\"name\":\"Adrian Terrizzano NOTICIASMERCEDINAS.COM\",\"image\":{\"@type\":\"ImageObject\",\"inLanguage\":\"es\",\"@id\":\"https:\\\/\\\/secure.gravatar.com\\\/avatar\\\/9bfd6dcfcf5cc28d74f7cefd9e87a6220d73f42949c5456b2b67674334db8bee?s=96&d=mm&r=g\",\"url\":\"https:\\\/\\\/secure.gravatar.com\\\/avatar\\\/9bfd6dcfcf5cc28d74f7cefd9e87a6220d73f42949c5456b2b67674334db8bee?s=96&d=mm&r=g\",\"contentUrl\":\"https:\\\/\\\/secure.gravatar.com\\\/avatar\\\/9bfd6dcfcf5cc28d74f7cefd9e87a6220d73f42949c5456b2b67674334db8bee?s=96&d=mm&r=g\",\"caption\":\"Adrian Terrizzano NOTICIASMERCEDINAS.COM\"},\"description\":\"Periodista experimentado. Aprendi\u00f3 el oficio en medios gr\u00e1ficos y digitales, comerciales, institucionales y comunitarios, radio y televisi\u00f3n. Actualmente en Noticias Mercedinas, Radio L\u00edder de Luj\u00e1n y Centro de Producci\u00f3n Audiovisual UNLu.\",\"sameAs\":[\"https:\\\/\\\/www.linkedin.com\\\/in\\\/adri\u00e1n-terrizzano-53795630\\\/\",\"https:\\\/\\\/x.com\\\/https:\\\/\\\/twitter.com\\\/AdrianTerri\"],\"url\":\"https:\\\/\\\/noticiasmercedinas.com\\\/site\\\/author\\\/adrian-terrizzano\\\/\"}]}<\/script>\n<!-- \/ Yoast SEO plugin. -->","yoast_head_json":{"title":"F\u00fatbol y pandemia: Flandria empat\u00f3 sin p\u00fablico y con televisaci\u00f3n censurada","robots":{"index":"index","follow":"follow","max-snippet":"max-snippet:-1","max-image-preview":"max-image-preview:large","max-video-preview":"max-video-preview:-1"},"canonical":"https:\/\/noticiasmercedinas.com\/site\/2020\/03\/15\/futbol-y-pandemia-flandria-empato-sin-publico-y-con-televisacion-censurada\/","og_locale":"es_ES","og_type":"article","og_title":"F\u00fatbol y pandemia: Flandria empat\u00f3 sin p\u00fablico y con televisaci\u00f3n censurada","og_description":"\u201cLo de los codos es una boludez as\u00ed que si les parece nos saludamos sin darnos la mano y arrancamos\u201d, dijo el refer\u00ed en la mitad del campo pero algunos jugadores no pudieron reprimir el instintivo choque de palmas o de pu\u00f1os junto al deseo com\u00fan de \u201cbuen partido\u201d. No sonaron los vientos ni los [&hellip;]","og_url":"https:\/\/noticiasmercedinas.com\/site\/2020\/03\/15\/futbol-y-pandemia-flandria-empato-sin-publico-y-con-televisacion-censurada\/","og_site_name":"NOTICIASMERCEDINAS.COM","article_publisher":"https:\/\/www.facebook.com\/noticiasmercedinas\/","article_published_time":"2020-03-16T00:49:47+00:00","article_modified_time":"2020-03-16T01:01:11+00:00","og_image":[{"width":640,"height":480,"url":"https:\/\/noticiasmercedinas.com\/site\/wp-content\/uploads\/2020\/03\/6_saludo.png","type":"image\/png"}],"author":"Adrian Terrizzano NOTICIASMERCEDINAS.COM","twitter_card":"summary_large_image","twitter_creator":"@https:\/\/twitter.com\/AdrianTerri","twitter_site":"@notmercedinas","twitter_misc":{"Escrito por":"Adrian Terrizzano NOTICIASMERCEDINAS.COM","Tiempo de lectura":"2 minutos"},"schema":{"@context":"https:\/\/schema.org","@graph":[{"@type":"Article","@id":"https:\/\/noticiasmercedinas.com\/site\/2020\/03\/15\/futbol-y-pandemia-flandria-empato-sin-publico-y-con-televisacion-censurada\/#article","isPartOf":{"@id":"https:\/\/noticiasmercedinas.com\/site\/2020\/03\/15\/futbol-y-pandemia-flandria-empato-sin-publico-y-con-televisacion-censurada\/"},"author":{"name":"Adrian Terrizzano NOTICIASMERCEDINAS.COM","@id":"https:\/\/noticiasmercedinas.com\/site\/#\/schema\/person\/45cbccca776c0c5524a6d2a8f1b04acd"},"headline":"F\u00fatbol y pandemia: Flandria empat\u00f3 sin p\u00fablico y con televisaci\u00f3n censurada","datePublished":"2020-03-16T00:49:47+00:00","dateModified":"2020-03-16T01:01:11+00:00","mainEntityOfPage":{"@id":"https:\/\/noticiasmercedinas.com\/site\/2020\/03\/15\/futbol-y-pandemia-flandria-empato-sin-publico-y-con-televisacion-censurada\/"},"wordCount":344,"commentCount":0,"publisher":{"@id":"https:\/\/noticiasmercedinas.com\/site\/#organization"},"image":{"@id":"https:\/\/noticiasmercedinas.com\/site\/2020\/03\/15\/futbol-y-pandemia-flandria-empato-sin-publico-y-con-televisacion-censurada\/#primaryimage"},"thumbnailUrl":"https:\/\/noticiasmercedinas.com\/site\/wp-content\/uploads\/2020\/03\/6_saludo.png","keywords":["flandria","pandemia","sacachispas"],"articleSection":["Deportes"],"inLanguage":"es","potentialAction":[{"@type":"CommentAction","name":"Comment","target":["https:\/\/noticiasmercedinas.com\/site\/2020\/03\/15\/futbol-y-pandemia-flandria-empato-sin-publico-y-con-televisacion-censurada\/#respond"]}]},{"@type":"WebPage","@id":"https:\/\/noticiasmercedinas.com\/site\/2020\/03\/15\/futbol-y-pandemia-flandria-empato-sin-publico-y-con-televisacion-censurada\/","url":"https:\/\/noticiasmercedinas.com\/site\/2020\/03\/15\/futbol-y-pandemia-flandria-empato-sin-publico-y-con-televisacion-censurada\/","name":"F\u00fatbol y pandemia: Flandria empat\u00f3 sin p\u00fablico y con televisaci\u00f3n censurada","isPartOf":{"@id":"https:\/\/noticiasmercedinas.com\/site\/#website"},"primaryImageOfPage":{"@id":"https:\/\/noticiasmercedinas.com\/site\/2020\/03\/15\/futbol-y-pandemia-flandria-empato-sin-publico-y-con-televisacion-censurada\/#primaryimage"},"image":{"@id":"https:\/\/noticiasmercedinas.com\/site\/2020\/03\/15\/futbol-y-pandemia-flandria-empato-sin-publico-y-con-televisacion-censurada\/#primaryimage"},"thumbnailUrl":"https:\/\/noticiasmercedinas.com\/site\/wp-content\/uploads\/2020\/03\/6_saludo.png","datePublished":"2020-03-16T00:49:47+00:00","dateModified":"2020-03-16T01:01:11+00:00","breadcrumb":{"@id":"https:\/\/noticiasmercedinas.com\/site\/2020\/03\/15\/futbol-y-pandemia-flandria-empato-sin-publico-y-con-televisacion-censurada\/#breadcrumb"},"inLanguage":"es","potentialAction":[{"@type":"ReadAction","target":["https:\/\/noticiasmercedinas.com\/site\/2020\/03\/15\/futbol-y-pandemia-flandria-empato-sin-publico-y-con-televisacion-censurada\/"]}]},{"@type":"ImageObject","inLanguage":"es","@id":"https:\/\/noticiasmercedinas.com\/site\/2020\/03\/15\/futbol-y-pandemia-flandria-empato-sin-publico-y-con-televisacion-censurada\/#primaryimage","url":"https:\/\/noticiasmercedinas.com\/site\/wp-content\/uploads\/2020\/03\/6_saludo.png","contentUrl":"https:\/\/noticiasmercedinas.com\/site\/wp-content\/uploads\/2020\/03\/6_saludo.png","width":640,"height":480},{"@type":"BreadcrumbList","@id":"https:\/\/noticiasmercedinas.com\/site\/2020\/03\/15\/futbol-y-pandemia-flandria-empato-sin-publico-y-con-televisacion-censurada\/#breadcrumb","itemListElement":[{"@type":"ListItem","position":1,"name":"Portada","item":"https:\/\/noticiasmercedinas.com\/site\/"},{"@type":"ListItem","position":2,"name":"F\u00fatbol y pandemia: Flandria empat\u00f3 sin p\u00fablico y con televisaci\u00f3n censurada"}]},{"@type":"WebSite","@id":"https:\/\/noticiasmercedinas.com\/site\/#website","url":"https:\/\/noticiasmercedinas.com\/site\/","name":"NOTICIASMERCEDINAS.COM","description":"Mercedes, Buenos Aires, Argentina","publisher":{"@id":"https:\/\/noticiasmercedinas.com\/site\/#organization"},"potentialAction":[{"@type":"SearchAction","target":{"@type":"EntryPoint","urlTemplate":"https:\/\/noticiasmercedinas.com\/site\/?s={search_term_string}"},"query-input":{"@type":"PropertyValueSpecification","valueRequired":true,"valueName":"search_term_string"}}],"inLanguage":"es"},{"@type":"Organization","@id":"https:\/\/noticiasmercedinas.com\/site\/#organization","name":"NOTICIASMERCEDINAS.COM","url":"https:\/\/noticiasmercedinas.com\/site\/","logo":{"@type":"ImageObject","inLanguage":"es","@id":"https:\/\/noticiasmercedinas.com\/site\/#\/schema\/logo\/image\/","url":"https:\/\/noticiasmercedinas.com\/site\/wp-content\/uploads\/2020\/06\/LOGO-512.jpg","contentUrl":"https:\/\/noticiasmercedinas.com\/site\/wp-content\/uploads\/2020\/06\/LOGO-512.jpg","width":512,"height":512,"caption":"NOTICIASMERCEDINAS.COM"},"image":{"@id":"https:\/\/noticiasmercedinas.com\/site\/#\/schema\/logo\/image\/"},"sameAs":["https:\/\/www.facebook.com\/noticiasmercedinas\/","https:\/\/x.com\/notmercedinas","https:\/\/www.instagram.com\/noticiasmercedinas\/"]},{"@type":"Person","@id":"https:\/\/noticiasmercedinas.com\/site\/#\/schema\/person\/45cbccca776c0c5524a6d2a8f1b04acd","name":"Adrian Terrizzano NOTICIASMERCEDINAS.COM","image":{"@type":"ImageObject","inLanguage":"es","@id":"https:\/\/secure.gravatar.com\/avatar\/9bfd6dcfcf5cc28d74f7cefd9e87a6220d73f42949c5456b2b67674334db8bee?s=96&d=mm&r=g","url":"https:\/\/secure.gravatar.com\/avatar\/9bfd6dcfcf5cc28d74f7cefd9e87a6220d73f42949c5456b2b67674334db8bee?s=96&d=mm&r=g","contentUrl":"https:\/\/secure.gravatar.com\/avatar\/9bfd6dcfcf5cc28d74f7cefd9e87a6220d73f42949c5456b2b67674334db8bee?s=96&d=mm&r=g","caption":"Adrian Terrizzano NOTICIASMERCEDINAS.COM"},"description":"Periodista experimentado. Aprendi\u00f3 el oficio en medios gr\u00e1ficos y digitales, comerciales, institucionales y comunitarios, radio y televisi\u00f3n. Actualmente en Noticias Mercedinas, Radio L\u00edder de Luj\u00e1n y Centro de Producci\u00f3n Audiovisual UNLu.","sameAs":["https:\/\/www.linkedin.com\/in\/adri\u00e1n-terrizzano-53795630\/","https:\/\/x.com\/https:\/\/twitter.com\/AdrianTerri"],"url":"https:\/\/noticiasmercedinas.com\/site\/author\/adrian-terrizzano\/"}]}},"amp_enabled":true,"_links":{"self":[{"href":"https:\/\/noticiasmercedinas.com\/site\/wp-json\/wp\/v2\/posts\/41682","targetHints":{"allow":["GET"]}}],"collection":[{"href":"https:\/\/noticiasmercedinas.com\/site\/wp-json\/wp\/v2\/posts"}],"about":[{"href":"https:\/\/noticiasmercedinas.com\/site\/wp-json\/wp\/v2\/types\/post"}],"author":[{"embeddable":true,"href":"https:\/\/noticiasmercedinas.com\/site\/wp-json\/wp\/v2\/users\/3"}],"replies":[{"embeddable":true,"href":"https:\/\/noticiasmercedinas.com\/site\/wp-json\/wp\/v2\/comments?post=41682"}],"version-history":[{"count":3,"href":"https:\/\/noticiasmercedinas.com\/site\/wp-json\/wp\/v2\/posts\/41682\/revisions"}],"predecessor-version":[{"id":41691,"href":"https:\/\/noticiasmercedinas.com\/site\/wp-json\/wp\/v2\/posts\/41682\/revisions\/41691"}],"wp:featuredmedia":[{"embeddable":true,"href":"https:\/\/noticiasmercedinas.com\/site\/wp-json\/wp\/v2\/media\/41687"}],"wp:attachment":[{"href":"https:\/\/noticiasmercedinas.com\/site\/wp-json\/wp\/v2\/media?parent=41682"}],"wp:term":[{"taxonomy":"category","embeddable":true,"href":"https:\/\/noticiasmercedinas.com\/site\/wp-json\/wp\/v2\/categories?post=41682"},{"taxonomy":"post_tag","embeddable":true,"href":"https:\/\/noticiasmercedinas.com\/site\/wp-json\/wp\/v2\/tags?post=41682"}],"curies":[{"name":"wp","href":"https:\/\/api.w.org\/{rel}","templated":true}]}}