{"id":41710,"date":"2020-03-16T09:16:54","date_gmt":"2020-03-16T12:16:54","guid":{"rendered":"https:\/\/noticiasmercedinas.com\/site\/?p=41710"},"modified":"2020-03-16T09:41:10","modified_gmt":"2020-03-16T12:41:10","slug":"viajar-en-tiempos-de-coronavirus","status":"publish","type":"post","link":"https:\/\/noticiasmercedinas.com\/site\/2020\/03\/16\/viajar-en-tiempos-de-coronavirus\/","title":{"rendered":"Viajar en tiempos de coronavirus"},"content":{"rendered":"<p><img loading=\"lazy\" decoding=\"async\" class=\"alignnone size-large wp-image-41711\" src=\"https:\/\/noticiasmercedinas.com\/site\/wp-content\/uploads\/2020\/03\/1583514959947_Coronavirus_se_expande_en_America_Latina-1024x576.jpg\" alt=\"\" width=\"640\" height=\"360\" srcset=\"https:\/\/noticiasmercedinas.com\/site\/wp-content\/uploads\/2020\/03\/1583514959947_Coronavirus_se_expande_en_America_Latina-1024x576.jpg 1024w, https:\/\/noticiasmercedinas.com\/site\/wp-content\/uploads\/2020\/03\/1583514959947_Coronavirus_se_expande_en_America_Latina-300x169.jpg 300w, https:\/\/noticiasmercedinas.com\/site\/wp-content\/uploads\/2020\/03\/1583514959947_Coronavirus_se_expande_en_America_Latina-768x432.jpg 768w, https:\/\/noticiasmercedinas.com\/site\/wp-content\/uploads\/2020\/03\/1583514959947_Coronavirus_se_expande_en_America_Latina-640x360.jpg 640w, https:\/\/noticiasmercedinas.com\/site\/wp-content\/uploads\/2020\/03\/1583514959947_Coronavirus_se_expande_en_America_Latina-681x383.jpg 681w, https:\/\/noticiasmercedinas.com\/site\/wp-content\/uploads\/2020\/03\/1583514959947_Coronavirus_se_expande_en_America_Latina.jpg 1280w\" sizes=\"auto, (max-width: 640px) 100vw, 640px\" \/><\/p>\n<p>El d\u00eda que me fui de Argentina ten\u00eda la memoria del celular llena de memes. El coronavirus era solo un tema entre otros. Ese domingo, por ejemplo, la agenda del d\u00eda la marcaba el t\u00edtulo de Boca.<\/p>\n<p>Me fui a Brasil. Estoy en Brasil. Geogr\u00e1ficamente es como si estuviera en el patio de atr\u00e1s de casa. Pero en estos d\u00edas, particularmente, empec\u00e9 a sentirme tan extranjero como si estuviera en Letonia. O mejor dicho, el sentimiento de un exiliado que mira a su pa\u00eds con nostalgias y deseo de volver.<\/p>\n<p>Estamos -junto a una pareja amiga- en un microclima de pileta, mar, playa, comida, pileta, mar, playa, comida. Son esas vacaciones que uno planea para desconectar m\u00e1s que para conocer.<\/p>\n<p>La primera semana nos hospedamos en un hotel construido en una reserva natural, alejado de la civilizaci\u00f3n. Nada de portales de noticias ni de diarios. La tele es un adorno m\u00e1s de la habitaci\u00f3n. Un poco de redes sociales antes de cenar -o despu\u00e9s- y nada m\u00e1s. Durante el d\u00eda el celular descansa en el bolsillo de la mochila.<\/p>\n<p>Pero cada noche veo cambios que me llaman la atenci\u00f3n. Los memes de los grupos empiezan a ser mono tem\u00e1ticos y adem\u00e1s de los \u00abJajas\u00bb correspondientes generan la apertura a la charla o el debate sobre el tema con filtraciones de textos y gr\u00e1ficos sobre prevenci\u00f3n e informaci\u00f3n de lo que est\u00e1 pasando en Europa.<\/p>\n<p>El deporte nacional de mirar hacia el viejo continente ahora se impone como algo inevitable y necesario. Llegan mensajes de argentinos en Espa\u00f1a o en Italia, m\u00e9dicos nuestros en hospitales de ellos, amigos que filman las calles desiertas.<\/p>\n<p>Una ma\u00f1ana vamos a desayunar y en la recepci\u00f3n, junto a los horarios de las comidas, hay nuevos carteles que ense\u00f1aban a toser y a saludar. La gente, de diversos or\u00edgenes, parece haberse puesto de acuerdo y hacen una pasada por el alcohol en gel antes de arrimarse al buffet. Alcohol en gel que hasta ayer no estaba, o al menos, no me hab\u00eda percatado.<\/p>\n<p>En un momento mi hijo de casi dos a\u00f1os tose y siento las miradas reprobatorias de las otras mesas, como si les debiera una explicaci\u00f3n.<\/p>\n<p>Duda, el brasilero que intenta venderme una excursi\u00f3n, me atiende en su oficina que no es m\u00e1s que una mesa de madera con una notebook. Apenas me siento me muestra la pantalla. Me anoticia en su portu\u00f1ol que se suspendieron las ligas europeas de f\u00fatbol y la NBA. Niega con la cabeza y en el mismo tono me informa sobre la feroz devaluaci\u00f3n del real. Le cuesta salir del trance y hablar de lo que vinimos a hablar.<\/p>\n<p><img loading=\"lazy\" decoding=\"async\" class=\"alignnone size-full wp-image-39681\" src=\"https:\/\/noticiasmercedinas.com\/site\/wp-content\/uploads\/2020\/02\/tabossijpg.jpg\" alt=\"\" width=\"640\" height=\"229\" srcset=\"https:\/\/noticiasmercedinas.com\/site\/wp-content\/uploads\/2020\/02\/tabossijpg.jpg 640w, https:\/\/noticiasmercedinas.com\/site\/wp-content\/uploads\/2020\/02\/tabossijpg-300x107.jpg 300w\" sizes=\"auto, (max-width: 640px) 100vw, 640px\" \/><\/p>\n<p>En el sector de la pileta hay tres francesas. Conversan con esa m\u00fasica caracter\u00edstica de su idioma. Las primeras preguntas que reciben apuntan a un pedido de explicaci\u00f3n en tono de acusaci\u00f3n: c\u00f3mo viajaron, c\u00f3mo las dejaron salir.<\/p>\n<p>A nosotros nos preguntan qu\u00e9 tal la Argentina. Ya nadie toca el tema f\u00fatbol como anzuelo para un charla cordial, sino \u00abc\u00f3mo est\u00e1n ustedes\u00bb, refiri\u00e9ndose impl\u00edcitamente al coronavirus. Una pregunta vaga y amplia que no tiene mucho sentido y menos respuesta, que solo marca la intenci\u00f3n de hablar del tema.<\/p>\n<p>La cosa empeora. El celular ya no descansa tanto en la mochila, sino que est\u00e1 arriba de la mesa, como si estuvi\u00e9ramos esperando algo. Un poco de mar, otro de arena, alguna cerveza, y en el medio le echamos un ojo a las notificaciones. Si unos d\u00edas atr\u00e1s estaba mal visto mirar el celular en estas condiciones de relax, desconexi\u00f3n y naturaleza, ahora hay un acuerdo impl\u00edcito de \u00abpermitido\u00bb.<\/p>\n<p>Esta noche habla el presidente en cadena nacional. En las redes no veo burlas ni desprecio al presidente. Como si todos, en este momento delicado, respetaran la investidura y tomaran su voz como una verdadera autoridad.<\/p>\n<p>La cosa va en serio. Nosotros, ac\u00e1 mismo, dejamos de hacer chistes al respecto y el tema nos empieza a preocupar.<\/p>\n<p>No dejamos de hacer la vida de playa que exige estas tierras, pero es inevitable que nuestras cabezas est\u00e9n all\u00e1, en Argentina.<\/p>\n<p>La segunda semana nos trasladamos al segundo hotel, desde donde estoy escribiendo. Ac\u00e1 casi todos son argentinos. En el desayuno no se habla de otra cosa que no sea el coronavirus. Las charlas atraviesan las mesas. Todos tienen informaci\u00f3n, todos dicen que el amigo de un amigo tal cosa, todos necesitan contar lo que les van transmitiendo desde Buenos Aires. \u00abParece que van a suspender las clases\u00bb, se escuch\u00f3 decir esta ma\u00f1ana. El resto de la mesas se siente con derecho a meterse en charlas ajenas -no tan ajenas- y preguntar que c\u00f3mo es eso.<\/p>\n<p>En seguida, tras el tsunami de informaci\u00f3n -muchas de las cuales parecen fake de la vida real- surgen las teor\u00edas.<\/p>\n<p>El pelirrojo de barba haragana dice que esto es un negocio de unos pocos que siembran el terror hasta que salga la vacuna. La chica rubia de trencitas de verano habla de un inter\u00e9s de hundir a China, y que esto m\u00e1s bien es un asunto geopol\u00edtico. Un hombre grande de anteojos torcidos habla de justicia divina. Los otros lo miran esperando que ampl\u00ede. El hombre hace un silencio teatral y se explaya con la teor\u00eda de la revancha de la historia que incluye la fantas\u00eda en la que los europeos van a ser, en poco tiempo, quienes escapen del coronavirus en balsas precarias hacia tierras africanas donde las altas temperaturas impiden al bichito hacer de las suyas. \u00abImag\u00ednense a los blancos cruzando el Mediterr\u00e1neo y que desde T\u00fanez o Marruecos le cierren la puerta\u2026 ser\u00eda genial\u00bb.<\/p>\n<p>Estamos todos de vacaciones en un hotel, de modo que nadie se toma la molestia de cuestionar lo que el otro dice.<\/p>\n<p>La cosa empeora todo el tiempo, y a la distancia, todo resuena m\u00e1s fuerte. Ahora, cuando alguno revisa el celular, el resto est\u00e1 a la expectativa de alguna novedad<\/p>\n<p>Mientras tanto, nuestros cuerpos engordan y se broncean y toman caipirinhas y todas esas cosas esperables. Pero los gestos y las miradas no se pueden disimular. Hay un sentimiento, entre todos los desconocidos que circunstancialmente estamos ac\u00e1, que se acerca a la hermandad, o a lo fraternal.<\/p>\n<p>Resulta parad\u00f3jico. Mientras los pa\u00edses cierran sus fronteras, las personas deciden hacer lazos, crear puentes, compartir sus temores y abrazarse con el alma.<\/p>\n","protected":false},"excerpt":{"rendered":"<p>El d\u00eda que me fui de Argentina ten\u00eda la memoria del celular llena de memes. El coronavirus era solo un tema entre otros. Ese domingo, por ejemplo, la agenda del d\u00eda la marcaba el t\u00edtulo de Boca. Me fui a Brasil. Estoy en Brasil. Geogr\u00e1ficamente es como si estuviera en el patio de atr\u00e1s de [&hellip;]<\/p>\n","protected":false},"author":26,"featured_media":41711,"comment_status":"open","ping_status":"open","sticky":false,"template":"","format":"standard","meta":{"footnotes":""},"categories":[6576],"tags":[6578],"class_list":["post-41710","post","type-post","status-publish","format-standard","has-post-thumbnail","hentry","category-una-mirada-de-la-ciudad","tag-una-mirada-de-la-ciudad"],"yoast_head":"<!-- This site is optimized with the Yoast SEO plugin v27.4 - https:\/\/yoast.com\/product\/yoast-seo-wordpress\/ -->\n<title>Viajar en tiempos de coronavirus<\/title>\n<meta name=\"robots\" content=\"index, follow, max-snippet:-1, max-image-preview:large, max-video-preview:-1\" \/>\n<link rel=\"canonical\" href=\"https:\/\/noticiasmercedinas.com\/site\/2020\/03\/16\/viajar-en-tiempos-de-coronavirus\/\" \/>\n<meta property=\"og:locale\" content=\"es_ES\" \/>\n<meta property=\"og:type\" content=\"article\" \/>\n<meta property=\"og:title\" content=\"Viajar en tiempos de coronavirus\" \/>\n<meta property=\"og:description\" content=\"El d\u00eda que me fui de Argentina ten\u00eda la memoria del celular llena de memes. El coronavirus era solo un tema entre otros. Ese domingo, por ejemplo, la agenda del d\u00eda la marcaba el t\u00edtulo de Boca. Me fui a Brasil. Estoy en Brasil. Geogr\u00e1ficamente es como si estuviera en el patio de atr\u00e1s de [&hellip;]\" \/>\n<meta property=\"og:url\" content=\"https:\/\/noticiasmercedinas.com\/site\/2020\/03\/16\/viajar-en-tiempos-de-coronavirus\/\" \/>\n<meta property=\"og:site_name\" content=\"NOTICIASMERCEDINAS.COM\" \/>\n<meta property=\"article:publisher\" content=\"https:\/\/www.facebook.com\/noticiasmercedinas\/\" \/>\n<meta property=\"article:author\" content=\"https:\/\/www.facebook.com\/www.untalmarcost.blogspot.com.ar\" \/>\n<meta property=\"article:published_time\" content=\"2020-03-16T12:16:54+00:00\" \/>\n<meta property=\"article:modified_time\" content=\"2020-03-16T12:41:10+00:00\" \/>\n<meta property=\"og:image\" content=\"https:\/\/noticiasmercedinas.com\/site\/wp-content\/uploads\/2020\/03\/1583514959947_Coronavirus_se_expande_en_America_Latina.jpg\" \/>\n\t<meta property=\"og:image:width\" content=\"1280\" \/>\n\t<meta property=\"og:image:height\" content=\"720\" \/>\n\t<meta property=\"og:image:type\" content=\"image\/jpeg\" \/>\n<meta name=\"author\" content=\"Marcos Tabossi\" \/>\n<meta name=\"twitter:card\" content=\"summary_large_image\" \/>\n<meta name=\"twitter:creator\" content=\"@https:\/\/twitter.com\/MarcosTabossi\" \/>\n<meta name=\"twitter:site\" content=\"@notmercedinas\" \/>\n<meta name=\"twitter:label1\" content=\"Escrito por\" \/>\n\t<meta name=\"twitter:data1\" content=\"Marcos Tabossi\" \/>\n\t<meta name=\"twitter:label2\" content=\"Tiempo de lectura\" \/>\n\t<meta name=\"twitter:data2\" content=\"6 minutos\" \/>\n<script type=\"application\/ld+json\" class=\"yoast-schema-graph\">{\"@context\":\"https:\\\/\\\/schema.org\",\"@graph\":[{\"@type\":\"Article\",\"@id\":\"https:\\\/\\\/noticiasmercedinas.com\\\/site\\\/2020\\\/03\\\/16\\\/viajar-en-tiempos-de-coronavirus\\\/#article\",\"isPartOf\":{\"@id\":\"https:\\\/\\\/noticiasmercedinas.com\\\/site\\\/2020\\\/03\\\/16\\\/viajar-en-tiempos-de-coronavirus\\\/\"},\"author\":{\"name\":\"Marcos Tabossi\",\"@id\":\"https:\\\/\\\/noticiasmercedinas.com\\\/site\\\/#\\\/schema\\\/person\\\/ad6432d89b9d86aa1236b4352f4f9271\"},\"headline\":\"Viajar en tiempos de coronavirus\",\"datePublished\":\"2020-03-16T12:16:54+00:00\",\"dateModified\":\"2020-03-16T12:41:10+00:00\",\"mainEntityOfPage\":{\"@id\":\"https:\\\/\\\/noticiasmercedinas.com\\\/site\\\/2020\\\/03\\\/16\\\/viajar-en-tiempos-de-coronavirus\\\/\"},\"wordCount\":1125,\"commentCount\":0,\"publisher\":{\"@id\":\"https:\\\/\\\/noticiasmercedinas.com\\\/site\\\/#organization\"},\"image\":{\"@id\":\"https:\\\/\\\/noticiasmercedinas.com\\\/site\\\/2020\\\/03\\\/16\\\/viajar-en-tiempos-de-coronavirus\\\/#primaryimage\"},\"thumbnailUrl\":\"https:\\\/\\\/noticiasmercedinas.com\\\/site\\\/wp-content\\\/uploads\\\/2020\\\/03\\\/1583514959947_Coronavirus_se_expande_en_America_Latina.jpg\",\"keywords\":[\"una mirada de la ciudad\"],\"articleSection\":[\"Una mirada de la ciudad\"],\"inLanguage\":\"es\",\"potentialAction\":[{\"@type\":\"CommentAction\",\"name\":\"Comment\",\"target\":[\"https:\\\/\\\/noticiasmercedinas.com\\\/site\\\/2020\\\/03\\\/16\\\/viajar-en-tiempos-de-coronavirus\\\/#respond\"]}]},{\"@type\":\"WebPage\",\"@id\":\"https:\\\/\\\/noticiasmercedinas.com\\\/site\\\/2020\\\/03\\\/16\\\/viajar-en-tiempos-de-coronavirus\\\/\",\"url\":\"https:\\\/\\\/noticiasmercedinas.com\\\/site\\\/2020\\\/03\\\/16\\\/viajar-en-tiempos-de-coronavirus\\\/\",\"name\":\"Viajar en tiempos de coronavirus\",\"isPartOf\":{\"@id\":\"https:\\\/\\\/noticiasmercedinas.com\\\/site\\\/#website\"},\"primaryImageOfPage\":{\"@id\":\"https:\\\/\\\/noticiasmercedinas.com\\\/site\\\/2020\\\/03\\\/16\\\/viajar-en-tiempos-de-coronavirus\\\/#primaryimage\"},\"image\":{\"@id\":\"https:\\\/\\\/noticiasmercedinas.com\\\/site\\\/2020\\\/03\\\/16\\\/viajar-en-tiempos-de-coronavirus\\\/#primaryimage\"},\"thumbnailUrl\":\"https:\\\/\\\/noticiasmercedinas.com\\\/site\\\/wp-content\\\/uploads\\\/2020\\\/03\\\/1583514959947_Coronavirus_se_expande_en_America_Latina.jpg\",\"datePublished\":\"2020-03-16T12:16:54+00:00\",\"dateModified\":\"2020-03-16T12:41:10+00:00\",\"breadcrumb\":{\"@id\":\"https:\\\/\\\/noticiasmercedinas.com\\\/site\\\/2020\\\/03\\\/16\\\/viajar-en-tiempos-de-coronavirus\\\/#breadcrumb\"},\"inLanguage\":\"es\",\"potentialAction\":[{\"@type\":\"ReadAction\",\"target\":[\"https:\\\/\\\/noticiasmercedinas.com\\\/site\\\/2020\\\/03\\\/16\\\/viajar-en-tiempos-de-coronavirus\\\/\"]}]},{\"@type\":\"ImageObject\",\"inLanguage\":\"es\",\"@id\":\"https:\\\/\\\/noticiasmercedinas.com\\\/site\\\/2020\\\/03\\\/16\\\/viajar-en-tiempos-de-coronavirus\\\/#primaryimage\",\"url\":\"https:\\\/\\\/noticiasmercedinas.com\\\/site\\\/wp-content\\\/uploads\\\/2020\\\/03\\\/1583514959947_Coronavirus_se_expande_en_America_Latina.jpg\",\"contentUrl\":\"https:\\\/\\\/noticiasmercedinas.com\\\/site\\\/wp-content\\\/uploads\\\/2020\\\/03\\\/1583514959947_Coronavirus_se_expande_en_America_Latina.jpg\",\"width\":1280,\"height\":720},{\"@type\":\"BreadcrumbList\",\"@id\":\"https:\\\/\\\/noticiasmercedinas.com\\\/site\\\/2020\\\/03\\\/16\\\/viajar-en-tiempos-de-coronavirus\\\/#breadcrumb\",\"itemListElement\":[{\"@type\":\"ListItem\",\"position\":1,\"name\":\"Portada\",\"item\":\"https:\\\/\\\/noticiasmercedinas.com\\\/site\\\/\"},{\"@type\":\"ListItem\",\"position\":2,\"name\":\"Viajar en tiempos de coronavirus\"}]},{\"@type\":\"WebSite\",\"@id\":\"https:\\\/\\\/noticiasmercedinas.com\\\/site\\\/#website\",\"url\":\"https:\\\/\\\/noticiasmercedinas.com\\\/site\\\/\",\"name\":\"NOTICIASMERCEDINAS.COM\",\"description\":\"Mercedes, Buenos Aires, Argentina\",\"publisher\":{\"@id\":\"https:\\\/\\\/noticiasmercedinas.com\\\/site\\\/#organization\"},\"potentialAction\":[{\"@type\":\"SearchAction\",\"target\":{\"@type\":\"EntryPoint\",\"urlTemplate\":\"https:\\\/\\\/noticiasmercedinas.com\\\/site\\\/?s={search_term_string}\"},\"query-input\":{\"@type\":\"PropertyValueSpecification\",\"valueRequired\":true,\"valueName\":\"search_term_string\"}}],\"inLanguage\":\"es\"},{\"@type\":\"Organization\",\"@id\":\"https:\\\/\\\/noticiasmercedinas.com\\\/site\\\/#organization\",\"name\":\"NOTICIASMERCEDINAS.COM\",\"url\":\"https:\\\/\\\/noticiasmercedinas.com\\\/site\\\/\",\"logo\":{\"@type\":\"ImageObject\",\"inLanguage\":\"es\",\"@id\":\"https:\\\/\\\/noticiasmercedinas.com\\\/site\\\/#\\\/schema\\\/logo\\\/image\\\/\",\"url\":\"https:\\\/\\\/noticiasmercedinas.com\\\/site\\\/wp-content\\\/uploads\\\/2020\\\/06\\\/LOGO-512.jpg\",\"contentUrl\":\"https:\\\/\\\/noticiasmercedinas.com\\\/site\\\/wp-content\\\/uploads\\\/2020\\\/06\\\/LOGO-512.jpg\",\"width\":512,\"height\":512,\"caption\":\"NOTICIASMERCEDINAS.COM\"},\"image\":{\"@id\":\"https:\\\/\\\/noticiasmercedinas.com\\\/site\\\/#\\\/schema\\\/logo\\\/image\\\/\"},\"sameAs\":[\"https:\\\/\\\/www.facebook.com\\\/noticiasmercedinas\\\/\",\"https:\\\/\\\/x.com\\\/notmercedinas\",\"https:\\\/\\\/www.instagram.com\\\/noticiasmercedinas\\\/\"]},{\"@type\":\"Person\",\"@id\":\"https:\\\/\\\/noticiasmercedinas.com\\\/site\\\/#\\\/schema\\\/person\\\/ad6432d89b9d86aa1236b4352f4f9271\",\"name\":\"Marcos Tabossi\",\"image\":{\"@type\":\"ImageObject\",\"inLanguage\":\"es\",\"@id\":\"https:\\\/\\\/secure.gravatar.com\\\/avatar\\\/3289c5816bd32b910d17b147a61ec9a26c21417a787bc3c66c4bfd5c3ad5bd45?s=96&d=mm&r=g\",\"url\":\"https:\\\/\\\/secure.gravatar.com\\\/avatar\\\/3289c5816bd32b910d17b147a61ec9a26c21417a787bc3c66c4bfd5c3ad5bd45?s=96&d=mm&r=g\",\"contentUrl\":\"https:\\\/\\\/secure.gravatar.com\\\/avatar\\\/3289c5816bd32b910d17b147a61ec9a26c21417a787bc3c66c4bfd5c3ad5bd45?s=96&d=mm&r=g\",\"caption\":\"Marcos Tabossi\"},\"description\":\"Psic\u00f3logo, docente y escritor. Public\u00f3 \u201cLa persona de al lado\u201d (2013) y \u201cUna especie de c\u00e1rcel\u201d (Peces de Ciudad. 2017). Particip\u00f3 con cuentos en diversas antolog\u00edas y es colaborador de sitios literarios nacionales e internacionales\",\"sameAs\":[\"https:\\\/\\\/www.facebook.com\\\/www.untalmarcost.blogspot.com.ar\",\"https:\\\/\\\/www.instagram.com\\\/marcostabossi\",\"https:\\\/\\\/x.com\\\/https:\\\/\\\/twitter.com\\\/MarcosTabossi\"],\"url\":\"https:\\\/\\\/noticiasmercedinas.com\\\/site\\\/author\\\/marcos-tabosssi\\\/\"}]}<\/script>\n<!-- \/ Yoast SEO plugin. -->","yoast_head_json":{"title":"Viajar en tiempos de coronavirus","robots":{"index":"index","follow":"follow","max-snippet":"max-snippet:-1","max-image-preview":"max-image-preview:large","max-video-preview":"max-video-preview:-1"},"canonical":"https:\/\/noticiasmercedinas.com\/site\/2020\/03\/16\/viajar-en-tiempos-de-coronavirus\/","og_locale":"es_ES","og_type":"article","og_title":"Viajar en tiempos de coronavirus","og_description":"El d\u00eda que me fui de Argentina ten\u00eda la memoria del celular llena de memes. El coronavirus era solo un tema entre otros. Ese domingo, por ejemplo, la agenda del d\u00eda la marcaba el t\u00edtulo de Boca. Me fui a Brasil. Estoy en Brasil. Geogr\u00e1ficamente es como si estuviera en el patio de atr\u00e1s de [&hellip;]","og_url":"https:\/\/noticiasmercedinas.com\/site\/2020\/03\/16\/viajar-en-tiempos-de-coronavirus\/","og_site_name":"NOTICIASMERCEDINAS.COM","article_publisher":"https:\/\/www.facebook.com\/noticiasmercedinas\/","article_author":"https:\/\/www.facebook.com\/www.untalmarcost.blogspot.com.ar","article_published_time":"2020-03-16T12:16:54+00:00","article_modified_time":"2020-03-16T12:41:10+00:00","og_image":[{"width":1280,"height":720,"url":"https:\/\/noticiasmercedinas.com\/site\/wp-content\/uploads\/2020\/03\/1583514959947_Coronavirus_se_expande_en_America_Latina.jpg","type":"image\/jpeg"}],"author":"Marcos Tabossi","twitter_card":"summary_large_image","twitter_creator":"@https:\/\/twitter.com\/MarcosTabossi","twitter_site":"@notmercedinas","twitter_misc":{"Escrito por":"Marcos Tabossi","Tiempo de lectura":"6 minutos"},"schema":{"@context":"https:\/\/schema.org","@graph":[{"@type":"Article","@id":"https:\/\/noticiasmercedinas.com\/site\/2020\/03\/16\/viajar-en-tiempos-de-coronavirus\/#article","isPartOf":{"@id":"https:\/\/noticiasmercedinas.com\/site\/2020\/03\/16\/viajar-en-tiempos-de-coronavirus\/"},"author":{"name":"Marcos Tabossi","@id":"https:\/\/noticiasmercedinas.com\/site\/#\/schema\/person\/ad6432d89b9d86aa1236b4352f4f9271"},"headline":"Viajar en tiempos de coronavirus","datePublished":"2020-03-16T12:16:54+00:00","dateModified":"2020-03-16T12:41:10+00:00","mainEntityOfPage":{"@id":"https:\/\/noticiasmercedinas.com\/site\/2020\/03\/16\/viajar-en-tiempos-de-coronavirus\/"},"wordCount":1125,"commentCount":0,"publisher":{"@id":"https:\/\/noticiasmercedinas.com\/site\/#organization"},"image":{"@id":"https:\/\/noticiasmercedinas.com\/site\/2020\/03\/16\/viajar-en-tiempos-de-coronavirus\/#primaryimage"},"thumbnailUrl":"https:\/\/noticiasmercedinas.com\/site\/wp-content\/uploads\/2020\/03\/1583514959947_Coronavirus_se_expande_en_America_Latina.jpg","keywords":["una mirada de la ciudad"],"articleSection":["Una mirada de la ciudad"],"inLanguage":"es","potentialAction":[{"@type":"CommentAction","name":"Comment","target":["https:\/\/noticiasmercedinas.com\/site\/2020\/03\/16\/viajar-en-tiempos-de-coronavirus\/#respond"]}]},{"@type":"WebPage","@id":"https:\/\/noticiasmercedinas.com\/site\/2020\/03\/16\/viajar-en-tiempos-de-coronavirus\/","url":"https:\/\/noticiasmercedinas.com\/site\/2020\/03\/16\/viajar-en-tiempos-de-coronavirus\/","name":"Viajar en tiempos de coronavirus","isPartOf":{"@id":"https:\/\/noticiasmercedinas.com\/site\/#website"},"primaryImageOfPage":{"@id":"https:\/\/noticiasmercedinas.com\/site\/2020\/03\/16\/viajar-en-tiempos-de-coronavirus\/#primaryimage"},"image":{"@id":"https:\/\/noticiasmercedinas.com\/site\/2020\/03\/16\/viajar-en-tiempos-de-coronavirus\/#primaryimage"},"thumbnailUrl":"https:\/\/noticiasmercedinas.com\/site\/wp-content\/uploads\/2020\/03\/1583514959947_Coronavirus_se_expande_en_America_Latina.jpg","datePublished":"2020-03-16T12:16:54+00:00","dateModified":"2020-03-16T12:41:10+00:00","breadcrumb":{"@id":"https:\/\/noticiasmercedinas.com\/site\/2020\/03\/16\/viajar-en-tiempos-de-coronavirus\/#breadcrumb"},"inLanguage":"es","potentialAction":[{"@type":"ReadAction","target":["https:\/\/noticiasmercedinas.com\/site\/2020\/03\/16\/viajar-en-tiempos-de-coronavirus\/"]}]},{"@type":"ImageObject","inLanguage":"es","@id":"https:\/\/noticiasmercedinas.com\/site\/2020\/03\/16\/viajar-en-tiempos-de-coronavirus\/#primaryimage","url":"https:\/\/noticiasmercedinas.com\/site\/wp-content\/uploads\/2020\/03\/1583514959947_Coronavirus_se_expande_en_America_Latina.jpg","contentUrl":"https:\/\/noticiasmercedinas.com\/site\/wp-content\/uploads\/2020\/03\/1583514959947_Coronavirus_se_expande_en_America_Latina.jpg","width":1280,"height":720},{"@type":"BreadcrumbList","@id":"https:\/\/noticiasmercedinas.com\/site\/2020\/03\/16\/viajar-en-tiempos-de-coronavirus\/#breadcrumb","itemListElement":[{"@type":"ListItem","position":1,"name":"Portada","item":"https:\/\/noticiasmercedinas.com\/site\/"},{"@type":"ListItem","position":2,"name":"Viajar en tiempos de coronavirus"}]},{"@type":"WebSite","@id":"https:\/\/noticiasmercedinas.com\/site\/#website","url":"https:\/\/noticiasmercedinas.com\/site\/","name":"NOTICIASMERCEDINAS.COM","description":"Mercedes, Buenos Aires, Argentina","publisher":{"@id":"https:\/\/noticiasmercedinas.com\/site\/#organization"},"potentialAction":[{"@type":"SearchAction","target":{"@type":"EntryPoint","urlTemplate":"https:\/\/noticiasmercedinas.com\/site\/?s={search_term_string}"},"query-input":{"@type":"PropertyValueSpecification","valueRequired":true,"valueName":"search_term_string"}}],"inLanguage":"es"},{"@type":"Organization","@id":"https:\/\/noticiasmercedinas.com\/site\/#organization","name":"NOTICIASMERCEDINAS.COM","url":"https:\/\/noticiasmercedinas.com\/site\/","logo":{"@type":"ImageObject","inLanguage":"es","@id":"https:\/\/noticiasmercedinas.com\/site\/#\/schema\/logo\/image\/","url":"https:\/\/noticiasmercedinas.com\/site\/wp-content\/uploads\/2020\/06\/LOGO-512.jpg","contentUrl":"https:\/\/noticiasmercedinas.com\/site\/wp-content\/uploads\/2020\/06\/LOGO-512.jpg","width":512,"height":512,"caption":"NOTICIASMERCEDINAS.COM"},"image":{"@id":"https:\/\/noticiasmercedinas.com\/site\/#\/schema\/logo\/image\/"},"sameAs":["https:\/\/www.facebook.com\/noticiasmercedinas\/","https:\/\/x.com\/notmercedinas","https:\/\/www.instagram.com\/noticiasmercedinas\/"]},{"@type":"Person","@id":"https:\/\/noticiasmercedinas.com\/site\/#\/schema\/person\/ad6432d89b9d86aa1236b4352f4f9271","name":"Marcos Tabossi","image":{"@type":"ImageObject","inLanguage":"es","@id":"https:\/\/secure.gravatar.com\/avatar\/3289c5816bd32b910d17b147a61ec9a26c21417a787bc3c66c4bfd5c3ad5bd45?s=96&d=mm&r=g","url":"https:\/\/secure.gravatar.com\/avatar\/3289c5816bd32b910d17b147a61ec9a26c21417a787bc3c66c4bfd5c3ad5bd45?s=96&d=mm&r=g","contentUrl":"https:\/\/secure.gravatar.com\/avatar\/3289c5816bd32b910d17b147a61ec9a26c21417a787bc3c66c4bfd5c3ad5bd45?s=96&d=mm&r=g","caption":"Marcos Tabossi"},"description":"Psic\u00f3logo, docente y escritor. Public\u00f3 \u201cLa persona de al lado\u201d (2013) y \u201cUna especie de c\u00e1rcel\u201d (Peces de Ciudad. 2017). Particip\u00f3 con cuentos en diversas antolog\u00edas y es colaborador de sitios literarios nacionales e internacionales","sameAs":["https:\/\/www.facebook.com\/www.untalmarcost.blogspot.com.ar","https:\/\/www.instagram.com\/marcostabossi","https:\/\/x.com\/https:\/\/twitter.com\/MarcosTabossi"],"url":"https:\/\/noticiasmercedinas.com\/site\/author\/marcos-tabosssi\/"}]}},"amp_enabled":true,"_links":{"self":[{"href":"https:\/\/noticiasmercedinas.com\/site\/wp-json\/wp\/v2\/posts\/41710","targetHints":{"allow":["GET"]}}],"collection":[{"href":"https:\/\/noticiasmercedinas.com\/site\/wp-json\/wp\/v2\/posts"}],"about":[{"href":"https:\/\/noticiasmercedinas.com\/site\/wp-json\/wp\/v2\/types\/post"}],"author":[{"embeddable":true,"href":"https:\/\/noticiasmercedinas.com\/site\/wp-json\/wp\/v2\/users\/26"}],"replies":[{"embeddable":true,"href":"https:\/\/noticiasmercedinas.com\/site\/wp-json\/wp\/v2\/comments?post=41710"}],"version-history":[{"count":2,"href":"https:\/\/noticiasmercedinas.com\/site\/wp-json\/wp\/v2\/posts\/41710\/revisions"}],"predecessor-version":[{"id":41716,"href":"https:\/\/noticiasmercedinas.com\/site\/wp-json\/wp\/v2\/posts\/41710\/revisions\/41716"}],"wp:featuredmedia":[{"embeddable":true,"href":"https:\/\/noticiasmercedinas.com\/site\/wp-json\/wp\/v2\/media\/41711"}],"wp:attachment":[{"href":"https:\/\/noticiasmercedinas.com\/site\/wp-json\/wp\/v2\/media?parent=41710"}],"wp:term":[{"taxonomy":"category","embeddable":true,"href":"https:\/\/noticiasmercedinas.com\/site\/wp-json\/wp\/v2\/categories?post=41710"},{"taxonomy":"post_tag","embeddable":true,"href":"https:\/\/noticiasmercedinas.com\/site\/wp-json\/wp\/v2\/tags?post=41710"}],"curies":[{"name":"wp","href":"https:\/\/api.w.org\/{rel}","templated":true}]}}