{"id":41784,"date":"2020-03-16T20:54:08","date_gmt":"2020-03-16T23:54:08","guid":{"rendered":"https:\/\/noticiasmercedinas.com\/site\/?p=41784"},"modified":"2020-03-16T21:15:21","modified_gmt":"2020-03-17T00:15:21","slug":"asueto-judicial-con-suspension-de-terminos-procesales-y-convocatoria-de-la-ajb","status":"publish","type":"post","link":"https:\/\/noticiasmercedinas.com\/site\/2020\/03\/16\/asueto-judicial-con-suspension-de-terminos-procesales-y-convocatoria-de-la-ajb\/","title":{"rendered":"Asueto judicial, con suspensi\u00f3n de T\u00e9rminos Procesales, y convocatoria de la AJB"},"content":{"rendered":"<p><img loading=\"lazy\" decoding=\"async\" class=\"alignnone size-large wp-image-41783\" src=\"https:\/\/noticiasmercedinas.com\/site\/wp-content\/uploads\/2020\/03\/wp-1584402823505636446127-1024x577.jpg\" alt=\"\" width=\"640\" height=\"361\" srcset=\"https:\/\/noticiasmercedinas.com\/site\/wp-content\/uploads\/2020\/03\/wp-1584402823505636446127-1024x577.jpg 1024w, https:\/\/noticiasmercedinas.com\/site\/wp-content\/uploads\/2020\/03\/wp-1584402823505636446127-300x169.jpg 300w, https:\/\/noticiasmercedinas.com\/site\/wp-content\/uploads\/2020\/03\/wp-1584402823505636446127-768x433.jpg 768w, https:\/\/noticiasmercedinas.com\/site\/wp-content\/uploads\/2020\/03\/wp-1584402823505636446127-1536x866.jpg 1536w, https:\/\/noticiasmercedinas.com\/site\/wp-content\/uploads\/2020\/03\/wp-1584402823505636446127-2048x1154.jpg 2048w, https:\/\/noticiasmercedinas.com\/site\/wp-content\/uploads\/2020\/03\/wp-1584402823505636446127-640x361.jpg 640w, https:\/\/noticiasmercedinas.com\/site\/wp-content\/uploads\/2020\/03\/wp-1584402823505636446127-1280x721.jpg 1280w, https:\/\/noticiasmercedinas.com\/site\/wp-content\/uploads\/2020\/03\/wp-1584402823505636446127-681x384.jpg 681w, https:\/\/noticiasmercedinas.com\/site\/wp-content\/uploads\/2020\/03\/wp-1584402823505636446127-1362x768.jpg 1362w\" sizes=\"auto, (max-width: 640px) 100vw, 640px\" \/><\/p>\n<p>Mediante la Resoluci\u00f3n 386-20, la Suprema Corte de Justicia dispuso \u2013en coordinaci\u00f3n con la Procuraci\u00f3n General- asueto en todo el \u00e1mbito del Poder Judicial, con suspensi\u00f3n de T\u00e9rminos Procesales desde el 16 al 31 de marzo del corriente a\u00f1o.<\/p>\n<p>El Tribunal determin\u00f3 que durante dicho per\u00edodo la atenci\u00f3n se limitar\u00e1 a asuntos de urgente despacho o que por su naturaleza no admitan postergaci\u00f3n.<\/p>\n<p>En ese sentido, la resoluci\u00f3n dispone que permanecer\u00e1n \u201chabilitados exclusivamente los Juzgados y Tribunales en turno, incluyendo las sedes descentralizadas, funcionando con guardias m\u00ednimas y sin atenci\u00f3n al p\u00fablico\u201d.<\/p>\n<p>Por su parte, se contempla que la Procuraci\u00f3n General adopte dentro del \u00e1mbito del Ministerio P\u00fablico las medidas que estime pertinentes, en funci\u00f3n de los lineamientos establecidos en la presente resoluci\u00f3n y en un marco de criterios comunes de aplicaci\u00f3n.<\/p>\n<p>Asimismo, la Presidencia de la Suprema Corte confirm\u00f3 mediante la Resoluci\u00f3n 132\/20 la convocatoria a la AJB para participar del Comit\u00e9 de seguimiento y control de la crisis epidemiol\u00f3gica reclamada por nuestra asociaci\u00f3n sindical. En ese \u00e1mbito el gremio judicial reclamar\u00e1 el monitoreo permanente de la efectiva aplicaci\u00f3n de los mecanismos de prevenci\u00f3n establecidos y la provisi\u00f3n de insumos indispensables.<\/p>\n<p>Tambi\u00e9n plantear\u00e1 la discusi\u00f3n respecto de los requerimientos laborales que desnaturalicen los motivos del asueto poniendo en riesgo la salud de las y los trabajadores y sus familias, tales como la afectaci\u00f3n a los servicios de guardia de personas con ni\u00f1os en edad escolar y choferes, el diligenciamiento de c\u00e9dulas y mandamientos de urgencia, la realizaci\u00f3n de diligencias periciales fuera de sede, entre otros.<\/p>\n<p>Finalmente, la AJB reitera a los trabajadores judiciales que ante cualquier requerimiento por parte de las y los titulares de dependencias que ponga en riesgo la salud o vulnere derechos laborales se realicen las respectivas consultas a las conducciones departamentales del sindicato para garantizar las intervenciones gremiales necesarias.<\/p>\n","protected":false},"excerpt":{"rendered":"<p>Mediante la Resoluci\u00f3n 386-20, la Suprema Corte de Justicia dispuso \u2013en coordinaci\u00f3n con la Procuraci\u00f3n General- asueto en todo el \u00e1mbito del Poder Judicial, con suspensi\u00f3n de T\u00e9rminos Procesales desde el 16 al 31 de marzo del corriente a\u00f1o. El Tribunal determin\u00f3 que durante dicho per\u00edodo la atenci\u00f3n se limitar\u00e1 a asuntos de urgente despacho [&hellip;]<\/p>\n","protected":false},"author":16,"featured_media":41783,"comment_status":"open","ping_status":"open","sticky":false,"template":"","format":"standard","meta":{"footnotes":""},"categories":[7919],"tags":[82,45,8663],"class_list":["post-41784","post","type-post","status-publish","format-standard","has-post-thumbnail","hentry","category-provinciales","tag-ajb","tag-licencias","tag-pandemia"],"yoast_head":"<!-- This site is optimized with the Yoast SEO plugin v27.4 - https:\/\/yoast.com\/product\/yoast-seo-wordpress\/ -->\n<title>Asueto judicial, con suspensi\u00f3n de T\u00e9rminos Procesales, y convocatoria de la AJB<\/title>\n<meta name=\"robots\" content=\"index, follow, max-snippet:-1, max-image-preview:large, max-video-preview:-1\" \/>\n<link rel=\"canonical\" href=\"https:\/\/noticiasmercedinas.com\/site\/2020\/03\/16\/asueto-judicial-con-suspension-de-terminos-procesales-y-convocatoria-de-la-ajb\/\" \/>\n<meta property=\"og:locale\" content=\"es_ES\" \/>\n<meta property=\"og:type\" content=\"article\" \/>\n<meta property=\"og:title\" content=\"Asueto judicial, con suspensi\u00f3n de T\u00e9rminos Procesales, y convocatoria de la AJB\" \/>\n<meta property=\"og:description\" content=\"Mediante la Resoluci\u00f3n 386-20, la Suprema Corte de Justicia dispuso \u2013en coordinaci\u00f3n con la Procuraci\u00f3n General- asueto en todo el \u00e1mbito del Poder Judicial, con suspensi\u00f3n de T\u00e9rminos Procesales desde el 16 al 31 de marzo del corriente a\u00f1o. El Tribunal determin\u00f3 que durante dicho per\u00edodo la atenci\u00f3n se limitar\u00e1 a asuntos de urgente despacho [&hellip;]\" \/>\n<meta property=\"og:url\" content=\"https:\/\/noticiasmercedinas.com\/site\/2020\/03\/16\/asueto-judicial-con-suspension-de-terminos-procesales-y-convocatoria-de-la-ajb\/\" \/>\n<meta property=\"og:site_name\" content=\"NOTICIASMERCEDINAS.COM\" \/>\n<meta property=\"article:publisher\" content=\"https:\/\/www.facebook.com\/noticiasmercedinas\/\" \/>\n<meta property=\"article:published_time\" content=\"2020-03-16T23:54:08+00:00\" \/>\n<meta property=\"article:modified_time\" content=\"2020-03-17T00:15:21+00:00\" \/>\n<meta property=\"og:image\" content=\"https:\/\/noticiasmercedinas.com\/site\/wp-content\/uploads\/2020\/03\/wp-1584402823505636446127-scaled.jpg\" \/>\n\t<meta property=\"og:image:width\" content=\"2560\" \/>\n\t<meta property=\"og:image:height\" content=\"1443\" \/>\n\t<meta property=\"og:image:type\" content=\"image\/jpeg\" \/>\n<meta name=\"author\" content=\"NOTICIASMERCEDINAS.COM\" \/>\n<meta name=\"twitter:card\" content=\"summary_large_image\" \/>\n<meta name=\"twitter:creator\" content=\"@notmercedinas\" \/>\n<meta name=\"twitter:site\" content=\"@notmercedinas\" \/>\n<meta name=\"twitter:label1\" content=\"Escrito por\" \/>\n\t<meta name=\"twitter:data1\" content=\"NOTICIASMERCEDINAS.COM\" \/>\n\t<meta name=\"twitter:label2\" content=\"Tiempo de lectura\" \/>\n\t<meta name=\"twitter:data2\" content=\"2 minutos\" \/>\n<script type=\"application\/ld+json\" class=\"yoast-schema-graph\">{\"@context\":\"https:\\\/\\\/schema.org\",\"@graph\":[{\"@type\":\"Article\",\"@id\":\"https:\\\/\\\/noticiasmercedinas.com\\\/site\\\/2020\\\/03\\\/16\\\/asueto-judicial-con-suspension-de-terminos-procesales-y-convocatoria-de-la-ajb\\\/#article\",\"isPartOf\":{\"@id\":\"https:\\\/\\\/noticiasmercedinas.com\\\/site\\\/2020\\\/03\\\/16\\\/asueto-judicial-con-suspension-de-terminos-procesales-y-convocatoria-de-la-ajb\\\/\"},\"author\":{\"name\":\"NOTICIASMERCEDINAS.COM\",\"@id\":\"https:\\\/\\\/noticiasmercedinas.com\\\/site\\\/#\\\/schema\\\/person\\\/84b59c099c28ff2e8b77d4ceec5d8063\"},\"headline\":\"Asueto judicial, con suspensi\u00f3n de T\u00e9rminos Procesales, y convocatoria de la AJB\",\"datePublished\":\"2020-03-16T23:54:08+00:00\",\"dateModified\":\"2020-03-17T00:15:21+00:00\",\"mainEntityOfPage\":{\"@id\":\"https:\\\/\\\/noticiasmercedinas.com\\\/site\\\/2020\\\/03\\\/16\\\/asueto-judicial-con-suspension-de-terminos-procesales-y-convocatoria-de-la-ajb\\\/\"},\"wordCount\":346,\"commentCount\":0,\"publisher\":{\"@id\":\"https:\\\/\\\/noticiasmercedinas.com\\\/site\\\/#organization\"},\"image\":{\"@id\":\"https:\\\/\\\/noticiasmercedinas.com\\\/site\\\/2020\\\/03\\\/16\\\/asueto-judicial-con-suspension-de-terminos-procesales-y-convocatoria-de-la-ajb\\\/#primaryimage\"},\"thumbnailUrl\":\"https:\\\/\\\/noticiasmercedinas.com\\\/site\\\/wp-content\\\/uploads\\\/2020\\\/03\\\/wp-1584402823505636446127-scaled.jpg\",\"keywords\":[\"AJB\",\"licencias\",\"pandemia\"],\"articleSection\":[\"Provinciales\"],\"inLanguage\":\"es\",\"potentialAction\":[{\"@type\":\"CommentAction\",\"name\":\"Comment\",\"target\":[\"https:\\\/\\\/noticiasmercedinas.com\\\/site\\\/2020\\\/03\\\/16\\\/asueto-judicial-con-suspension-de-terminos-procesales-y-convocatoria-de-la-ajb\\\/#respond\"]}]},{\"@type\":\"WebPage\",\"@id\":\"https:\\\/\\\/noticiasmercedinas.com\\\/site\\\/2020\\\/03\\\/16\\\/asueto-judicial-con-suspension-de-terminos-procesales-y-convocatoria-de-la-ajb\\\/\",\"url\":\"https:\\\/\\\/noticiasmercedinas.com\\\/site\\\/2020\\\/03\\\/16\\\/asueto-judicial-con-suspension-de-terminos-procesales-y-convocatoria-de-la-ajb\\\/\",\"name\":\"Asueto judicial, con suspensi\u00f3n de T\u00e9rminos Procesales, y convocatoria de la AJB\",\"isPartOf\":{\"@id\":\"https:\\\/\\\/noticiasmercedinas.com\\\/site\\\/#website\"},\"primaryImageOfPage\":{\"@id\":\"https:\\\/\\\/noticiasmercedinas.com\\\/site\\\/2020\\\/03\\\/16\\\/asueto-judicial-con-suspension-de-terminos-procesales-y-convocatoria-de-la-ajb\\\/#primaryimage\"},\"image\":{\"@id\":\"https:\\\/\\\/noticiasmercedinas.com\\\/site\\\/2020\\\/03\\\/16\\\/asueto-judicial-con-suspension-de-terminos-procesales-y-convocatoria-de-la-ajb\\\/#primaryimage\"},\"thumbnailUrl\":\"https:\\\/\\\/noticiasmercedinas.com\\\/site\\\/wp-content\\\/uploads\\\/2020\\\/03\\\/wp-1584402823505636446127-scaled.jpg\",\"datePublished\":\"2020-03-16T23:54:08+00:00\",\"dateModified\":\"2020-03-17T00:15:21+00:00\",\"breadcrumb\":{\"@id\":\"https:\\\/\\\/noticiasmercedinas.com\\\/site\\\/2020\\\/03\\\/16\\\/asueto-judicial-con-suspension-de-terminos-procesales-y-convocatoria-de-la-ajb\\\/#breadcrumb\"},\"inLanguage\":\"es\",\"potentialAction\":[{\"@type\":\"ReadAction\",\"target\":[\"https:\\\/\\\/noticiasmercedinas.com\\\/site\\\/2020\\\/03\\\/16\\\/asueto-judicial-con-suspension-de-terminos-procesales-y-convocatoria-de-la-ajb\\\/\"]}]},{\"@type\":\"ImageObject\",\"inLanguage\":\"es\",\"@id\":\"https:\\\/\\\/noticiasmercedinas.com\\\/site\\\/2020\\\/03\\\/16\\\/asueto-judicial-con-suspension-de-terminos-procesales-y-convocatoria-de-la-ajb\\\/#primaryimage\",\"url\":\"https:\\\/\\\/noticiasmercedinas.com\\\/site\\\/wp-content\\\/uploads\\\/2020\\\/03\\\/wp-1584402823505636446127-scaled.jpg\",\"contentUrl\":\"https:\\\/\\\/noticiasmercedinas.com\\\/site\\\/wp-content\\\/uploads\\\/2020\\\/03\\\/wp-1584402823505636446127-scaled.jpg\",\"width\":2560,\"height\":1443},{\"@type\":\"BreadcrumbList\",\"@id\":\"https:\\\/\\\/noticiasmercedinas.com\\\/site\\\/2020\\\/03\\\/16\\\/asueto-judicial-con-suspension-de-terminos-procesales-y-convocatoria-de-la-ajb\\\/#breadcrumb\",\"itemListElement\":[{\"@type\":\"ListItem\",\"position\":1,\"name\":\"Portada\",\"item\":\"https:\\\/\\\/noticiasmercedinas.com\\\/site\\\/\"},{\"@type\":\"ListItem\",\"position\":2,\"name\":\"Asueto judicial, con suspensi\u00f3n de T\u00e9rminos Procesales, y convocatoria de la AJB\"}]},{\"@type\":\"WebSite\",\"@id\":\"https:\\\/\\\/noticiasmercedinas.com\\\/site\\\/#website\",\"url\":\"https:\\\/\\\/noticiasmercedinas.com\\\/site\\\/\",\"name\":\"NOTICIASMERCEDINAS.COM\",\"description\":\"Mercedes, Buenos Aires, Argentina\",\"publisher\":{\"@id\":\"https:\\\/\\\/noticiasmercedinas.com\\\/site\\\/#organization\"},\"potentialAction\":[{\"@type\":\"SearchAction\",\"target\":{\"@type\":\"EntryPoint\",\"urlTemplate\":\"https:\\\/\\\/noticiasmercedinas.com\\\/site\\\/?s={search_term_string}\"},\"query-input\":{\"@type\":\"PropertyValueSpecification\",\"valueRequired\":true,\"valueName\":\"search_term_string\"}}],\"inLanguage\":\"es\"},{\"@type\":\"Organization\",\"@id\":\"https:\\\/\\\/noticiasmercedinas.com\\\/site\\\/#organization\",\"name\":\"NOTICIASMERCEDINAS.COM\",\"url\":\"https:\\\/\\\/noticiasmercedinas.com\\\/site\\\/\",\"logo\":{\"@type\":\"ImageObject\",\"inLanguage\":\"es\",\"@id\":\"https:\\\/\\\/noticiasmercedinas.com\\\/site\\\/#\\\/schema\\\/logo\\\/image\\\/\",\"url\":\"https:\\\/\\\/noticiasmercedinas.com\\\/site\\\/wp-content\\\/uploads\\\/2020\\\/06\\\/LOGO-512.jpg\",\"contentUrl\":\"https:\\\/\\\/noticiasmercedinas.com\\\/site\\\/wp-content\\\/uploads\\\/2020\\\/06\\\/LOGO-512.jpg\",\"width\":512,\"height\":512,\"caption\":\"NOTICIASMERCEDINAS.COM\"},\"image\":{\"@id\":\"https:\\\/\\\/noticiasmercedinas.com\\\/site\\\/#\\\/schema\\\/logo\\\/image\\\/\"},\"sameAs\":[\"https:\\\/\\\/www.facebook.com\\\/noticiasmercedinas\\\/\",\"https:\\\/\\\/x.com\\\/notmercedinas\",\"https:\\\/\\\/www.instagram.com\\\/noticiasmercedinas\\\/\"]},{\"@type\":\"Person\",\"@id\":\"https:\\\/\\\/noticiasmercedinas.com\\\/site\\\/#\\\/schema\\\/person\\\/84b59c099c28ff2e8b77d4ceec5d8063\",\"name\":\"NOTICIASMERCEDINAS.COM\",\"image\":{\"@type\":\"ImageObject\",\"inLanguage\":\"es\",\"@id\":\"https:\\\/\\\/secure.gravatar.com\\\/avatar\\\/4dfbf16b4d17945bfb6341b2d19043457132fcf478a5ee04f42e959fd8f5df0a?s=96&d=mm&r=g\",\"url\":\"https:\\\/\\\/secure.gravatar.com\\\/avatar\\\/4dfbf16b4d17945bfb6341b2d19043457132fcf478a5ee04f42e959fd8f5df0a?s=96&d=mm&r=g\",\"contentUrl\":\"https:\\\/\\\/secure.gravatar.com\\\/avatar\\\/4dfbf16b4d17945bfb6341b2d19043457132fcf478a5ee04f42e959fd8f5df0a?s=96&d=mm&r=g\",\"caption\":\"NOTICIASMERCEDINAS.COM\"},\"url\":\"https:\\\/\\\/noticiasmercedinas.com\\\/site\\\/author\\\/anonimo\\\/\"}]}<\/script>\n<!-- \/ Yoast SEO plugin. -->","yoast_head_json":{"title":"Asueto judicial, con suspensi\u00f3n de T\u00e9rminos Procesales, y convocatoria de la AJB","robots":{"index":"index","follow":"follow","max-snippet":"max-snippet:-1","max-image-preview":"max-image-preview:large","max-video-preview":"max-video-preview:-1"},"canonical":"https:\/\/noticiasmercedinas.com\/site\/2020\/03\/16\/asueto-judicial-con-suspension-de-terminos-procesales-y-convocatoria-de-la-ajb\/","og_locale":"es_ES","og_type":"article","og_title":"Asueto judicial, con suspensi\u00f3n de T\u00e9rminos Procesales, y convocatoria de la AJB","og_description":"Mediante la Resoluci\u00f3n 386-20, la Suprema Corte de Justicia dispuso \u2013en coordinaci\u00f3n con la Procuraci\u00f3n General- asueto en todo el \u00e1mbito del Poder Judicial, con suspensi\u00f3n de T\u00e9rminos Procesales desde el 16 al 31 de marzo del corriente a\u00f1o. El Tribunal determin\u00f3 que durante dicho per\u00edodo la atenci\u00f3n se limitar\u00e1 a asuntos de urgente despacho [&hellip;]","og_url":"https:\/\/noticiasmercedinas.com\/site\/2020\/03\/16\/asueto-judicial-con-suspension-de-terminos-procesales-y-convocatoria-de-la-ajb\/","og_site_name":"NOTICIASMERCEDINAS.COM","article_publisher":"https:\/\/www.facebook.com\/noticiasmercedinas\/","article_published_time":"2020-03-16T23:54:08+00:00","article_modified_time":"2020-03-17T00:15:21+00:00","og_image":[{"width":2560,"height":1443,"url":"https:\/\/noticiasmercedinas.com\/site\/wp-content\/uploads\/2020\/03\/wp-1584402823505636446127-scaled.jpg","type":"image\/jpeg"}],"author":"NOTICIASMERCEDINAS.COM","twitter_card":"summary_large_image","twitter_creator":"@notmercedinas","twitter_site":"@notmercedinas","twitter_misc":{"Escrito por":"NOTICIASMERCEDINAS.COM","Tiempo de lectura":"2 minutos"},"schema":{"@context":"https:\/\/schema.org","@graph":[{"@type":"Article","@id":"https:\/\/noticiasmercedinas.com\/site\/2020\/03\/16\/asueto-judicial-con-suspension-de-terminos-procesales-y-convocatoria-de-la-ajb\/#article","isPartOf":{"@id":"https:\/\/noticiasmercedinas.com\/site\/2020\/03\/16\/asueto-judicial-con-suspension-de-terminos-procesales-y-convocatoria-de-la-ajb\/"},"author":{"name":"NOTICIASMERCEDINAS.COM","@id":"https:\/\/noticiasmercedinas.com\/site\/#\/schema\/person\/84b59c099c28ff2e8b77d4ceec5d8063"},"headline":"Asueto judicial, con suspensi\u00f3n de T\u00e9rminos Procesales, y convocatoria de la AJB","datePublished":"2020-03-16T23:54:08+00:00","dateModified":"2020-03-17T00:15:21+00:00","mainEntityOfPage":{"@id":"https:\/\/noticiasmercedinas.com\/site\/2020\/03\/16\/asueto-judicial-con-suspension-de-terminos-procesales-y-convocatoria-de-la-ajb\/"},"wordCount":346,"commentCount":0,"publisher":{"@id":"https:\/\/noticiasmercedinas.com\/site\/#organization"},"image":{"@id":"https:\/\/noticiasmercedinas.com\/site\/2020\/03\/16\/asueto-judicial-con-suspension-de-terminos-procesales-y-convocatoria-de-la-ajb\/#primaryimage"},"thumbnailUrl":"https:\/\/noticiasmercedinas.com\/site\/wp-content\/uploads\/2020\/03\/wp-1584402823505636446127-scaled.jpg","keywords":["AJB","licencias","pandemia"],"articleSection":["Provinciales"],"inLanguage":"es","potentialAction":[{"@type":"CommentAction","name":"Comment","target":["https:\/\/noticiasmercedinas.com\/site\/2020\/03\/16\/asueto-judicial-con-suspension-de-terminos-procesales-y-convocatoria-de-la-ajb\/#respond"]}]},{"@type":"WebPage","@id":"https:\/\/noticiasmercedinas.com\/site\/2020\/03\/16\/asueto-judicial-con-suspension-de-terminos-procesales-y-convocatoria-de-la-ajb\/","url":"https:\/\/noticiasmercedinas.com\/site\/2020\/03\/16\/asueto-judicial-con-suspension-de-terminos-procesales-y-convocatoria-de-la-ajb\/","name":"Asueto judicial, con suspensi\u00f3n de T\u00e9rminos Procesales, y convocatoria de la AJB","isPartOf":{"@id":"https:\/\/noticiasmercedinas.com\/site\/#website"},"primaryImageOfPage":{"@id":"https:\/\/noticiasmercedinas.com\/site\/2020\/03\/16\/asueto-judicial-con-suspension-de-terminos-procesales-y-convocatoria-de-la-ajb\/#primaryimage"},"image":{"@id":"https:\/\/noticiasmercedinas.com\/site\/2020\/03\/16\/asueto-judicial-con-suspension-de-terminos-procesales-y-convocatoria-de-la-ajb\/#primaryimage"},"thumbnailUrl":"https:\/\/noticiasmercedinas.com\/site\/wp-content\/uploads\/2020\/03\/wp-1584402823505636446127-scaled.jpg","datePublished":"2020-03-16T23:54:08+00:00","dateModified":"2020-03-17T00:15:21+00:00","breadcrumb":{"@id":"https:\/\/noticiasmercedinas.com\/site\/2020\/03\/16\/asueto-judicial-con-suspension-de-terminos-procesales-y-convocatoria-de-la-ajb\/#breadcrumb"},"inLanguage":"es","potentialAction":[{"@type":"ReadAction","target":["https:\/\/noticiasmercedinas.com\/site\/2020\/03\/16\/asueto-judicial-con-suspension-de-terminos-procesales-y-convocatoria-de-la-ajb\/"]}]},{"@type":"ImageObject","inLanguage":"es","@id":"https:\/\/noticiasmercedinas.com\/site\/2020\/03\/16\/asueto-judicial-con-suspension-de-terminos-procesales-y-convocatoria-de-la-ajb\/#primaryimage","url":"https:\/\/noticiasmercedinas.com\/site\/wp-content\/uploads\/2020\/03\/wp-1584402823505636446127-scaled.jpg","contentUrl":"https:\/\/noticiasmercedinas.com\/site\/wp-content\/uploads\/2020\/03\/wp-1584402823505636446127-scaled.jpg","width":2560,"height":1443},{"@type":"BreadcrumbList","@id":"https:\/\/noticiasmercedinas.com\/site\/2020\/03\/16\/asueto-judicial-con-suspension-de-terminos-procesales-y-convocatoria-de-la-ajb\/#breadcrumb","itemListElement":[{"@type":"ListItem","position":1,"name":"Portada","item":"https:\/\/noticiasmercedinas.com\/site\/"},{"@type":"ListItem","position":2,"name":"Asueto judicial, con suspensi\u00f3n de T\u00e9rminos Procesales, y convocatoria de la AJB"}]},{"@type":"WebSite","@id":"https:\/\/noticiasmercedinas.com\/site\/#website","url":"https:\/\/noticiasmercedinas.com\/site\/","name":"NOTICIASMERCEDINAS.COM","description":"Mercedes, Buenos Aires, Argentina","publisher":{"@id":"https:\/\/noticiasmercedinas.com\/site\/#organization"},"potentialAction":[{"@type":"SearchAction","target":{"@type":"EntryPoint","urlTemplate":"https:\/\/noticiasmercedinas.com\/site\/?s={search_term_string}"},"query-input":{"@type":"PropertyValueSpecification","valueRequired":true,"valueName":"search_term_string"}}],"inLanguage":"es"},{"@type":"Organization","@id":"https:\/\/noticiasmercedinas.com\/site\/#organization","name":"NOTICIASMERCEDINAS.COM","url":"https:\/\/noticiasmercedinas.com\/site\/","logo":{"@type":"ImageObject","inLanguage":"es","@id":"https:\/\/noticiasmercedinas.com\/site\/#\/schema\/logo\/image\/","url":"https:\/\/noticiasmercedinas.com\/site\/wp-content\/uploads\/2020\/06\/LOGO-512.jpg","contentUrl":"https:\/\/noticiasmercedinas.com\/site\/wp-content\/uploads\/2020\/06\/LOGO-512.jpg","width":512,"height":512,"caption":"NOTICIASMERCEDINAS.COM"},"image":{"@id":"https:\/\/noticiasmercedinas.com\/site\/#\/schema\/logo\/image\/"},"sameAs":["https:\/\/www.facebook.com\/noticiasmercedinas\/","https:\/\/x.com\/notmercedinas","https:\/\/www.instagram.com\/noticiasmercedinas\/"]},{"@type":"Person","@id":"https:\/\/noticiasmercedinas.com\/site\/#\/schema\/person\/84b59c099c28ff2e8b77d4ceec5d8063","name":"NOTICIASMERCEDINAS.COM","image":{"@type":"ImageObject","inLanguage":"es","@id":"https:\/\/secure.gravatar.com\/avatar\/4dfbf16b4d17945bfb6341b2d19043457132fcf478a5ee04f42e959fd8f5df0a?s=96&d=mm&r=g","url":"https:\/\/secure.gravatar.com\/avatar\/4dfbf16b4d17945bfb6341b2d19043457132fcf478a5ee04f42e959fd8f5df0a?s=96&d=mm&r=g","contentUrl":"https:\/\/secure.gravatar.com\/avatar\/4dfbf16b4d17945bfb6341b2d19043457132fcf478a5ee04f42e959fd8f5df0a?s=96&d=mm&r=g","caption":"NOTICIASMERCEDINAS.COM"},"url":"https:\/\/noticiasmercedinas.com\/site\/author\/anonimo\/"}]}},"amp_enabled":true,"_links":{"self":[{"href":"https:\/\/noticiasmercedinas.com\/site\/wp-json\/wp\/v2\/posts\/41784","targetHints":{"allow":["GET"]}}],"collection":[{"href":"https:\/\/noticiasmercedinas.com\/site\/wp-json\/wp\/v2\/posts"}],"about":[{"href":"https:\/\/noticiasmercedinas.com\/site\/wp-json\/wp\/v2\/types\/post"}],"author":[{"embeddable":true,"href":"https:\/\/noticiasmercedinas.com\/site\/wp-json\/wp\/v2\/users\/16"}],"replies":[{"embeddable":true,"href":"https:\/\/noticiasmercedinas.com\/site\/wp-json\/wp\/v2\/comments?post=41784"}],"version-history":[{"count":1,"href":"https:\/\/noticiasmercedinas.com\/site\/wp-json\/wp\/v2\/posts\/41784\/revisions"}],"predecessor-version":[{"id":41786,"href":"https:\/\/noticiasmercedinas.com\/site\/wp-json\/wp\/v2\/posts\/41784\/revisions\/41786"}],"wp:featuredmedia":[{"embeddable":true,"href":"https:\/\/noticiasmercedinas.com\/site\/wp-json\/wp\/v2\/media\/41783"}],"wp:attachment":[{"href":"https:\/\/noticiasmercedinas.com\/site\/wp-json\/wp\/v2\/media?parent=41784"}],"wp:term":[{"taxonomy":"category","embeddable":true,"href":"https:\/\/noticiasmercedinas.com\/site\/wp-json\/wp\/v2\/categories?post=41784"},{"taxonomy":"post_tag","embeddable":true,"href":"https:\/\/noticiasmercedinas.com\/site\/wp-json\/wp\/v2\/tags?post=41784"}],"curies":[{"name":"wp","href":"https:\/\/api.w.org\/{rel}","templated":true}]}}