{"id":41853,"date":"2020-03-18T08:39:30","date_gmt":"2020-03-18T11:39:30","guid":{"rendered":"https:\/\/noticiasmercedinas.com\/site\/?p=41853"},"modified":"2022-06-08T08:48:34","modified_gmt":"2022-06-08T11:48:34","slug":"consejo-presbiteral-del-arzobispado-llama-a-rezar-con-esperanza-y-pide-solidaridad","status":"publish","type":"post","link":"https:\/\/noticiasmercedinas.com\/site\/2020\/03\/18\/consejo-presbiteral-del-arzobispado-llama-a-rezar-con-esperanza-y-pide-solidaridad\/","title":{"rendered":"Consejo Presbiteral del Arzobispado llama a \u201crezar con esperanza\u201d y pide \u201csolidaridad\u201d"},"content":{"rendered":"<p><img loading=\"lazy\" decoding=\"async\" class=\"alignnone wp-image-906\" src=\"https:\/\/noticiasmercedinas.com\/site\/wp-content\/uploads\/2018\/09\/virgen.jpg\" alt=\"\" width=\"640\" height=\"349\" srcset=\"https:\/\/noticiasmercedinas.com\/site\/wp-content\/uploads\/2018\/09\/virgen.jpg 592w, https:\/\/noticiasmercedinas.com\/site\/wp-content\/uploads\/2018\/09\/virgen-300x164.jpg 300w\" sizes=\"auto, (max-width: 640px) 100vw, 640px\" \/><\/p>\n<p>Desde el Arzobispado de Mercedes-Luj\u00e1n, los sacerdotes integrantes del Consejo Presbiteral y el obispo <strong>Jorge Eduardo Scheinig,<\/strong> llaman a rezar en estos tiempos dif\u00edciles de pandemia de coronavirus y acuden a la solidaridad de la gente.<\/p>\n<p>En un mensaje a las comunidades y a todas las personas del territorio eclesial piden \u201ccaminar llenos de esperanza y con m\u00e1xima solidaridad\u201d y en la <a href=\"https:\/\/oracioanesalavirgen.com\/oraciones-para-diferentes-necesidades\/novena-de-la-prosperidad\/\">novena prosperidad<\/a><\/p>\n<p>\u201cEn este tiempo de cuaresma en el que caminamos hacia la Pascua del Se\u00f1or, el mundo entero se enfrenta a un desaf\u00edo inesperado y de dimensiones desconocidas. Sabemos que, junto con la enfermedad, tendremos que enfrentar tambi\u00e9n serios desaf\u00edos sociales, econ\u00f3micos, laborales y los que se vayan presentando d\u00eda a d\u00eda\u201d, indican.<\/p>\n<p>\u201cLejos de dejarnos atrapar por el miedo y el p\u00e1nico que siempre nos paralizan, invitamos a todas las personas a no desesperar; por el contrario, creer y transmitir esperanza y confianza, porque sabemos que Dios es bueno, nos ama entra\u00f1ablemente y nos acompa\u00f1a siempre, en las buenas y en las malas. Su Misericordia no tiene l\u00edmites y \u00e9l ir\u00e1 inspirando a los m\u00e9dicos, los l\u00edderes y a todo el mundo a encontrar una salida al mal que nos aqueja\u201d, sostienen.<\/p>\n<p>Y piden \u201cser inmensamente solidarios\u201d: \u201cPor un lado, obedecer con responsabilidad a las indicaciones que nos dan las autoridades civiles; y por otro, a dar una mano al que lo necesita. Seguramente transitaremos un largo per\u00edodo, especialmente en la etapa invernal; por lo tanto, ser\u00eda de vital importancia acompa\u00f1ar a los que s\u00ed o s\u00ed deben estar en sus casas como son los grupos de riesgo y las personas mayores. Podr\u00edamos organizarnos como comunidad, o como vecinos a estar atentos si necesitan un mandado, o hacer alg\u00fan tr\u00e1mite, especialmente con aquellos que viven solos\u201d, dicen.<\/p>\n<p>Adem\u00e1s sugieren rezar en comuni\u00f3n diocesana la oraci\u00f3n que el Papa Francisco hiciera a la Virgen para este momento dif\u00edcil. \u201cConfiamos en la poderosa intercesi\u00f3n de Mar\u00eda que, en nuestra Arquidi\u00f3cesis, tiene dos nombres muy significativos: Nuestra Se\u00f1ora de las Mercedes y Nuestra Se\u00f1ora de Luj\u00e1n. Que ella, como Madre, nos cuide todos los d\u00edas que vendr\u00e1n\u201d.<\/p>\n<p>La oraci\u00f3n es la siguiente:<\/p>\n<p><em>\u201cOh Mar\u00eda, t\u00fa resplandeces siempre en nuestro camino como signo de salvaci\u00f3n y de esperanza.<\/em><\/p>\n<p><em>Nosotros nos confiamos a ti, Salud de los enfermos, que bajo la cruz estuviste asociada al dolor de Jes\u00fas, manteniendo firme tu fe.<\/em><\/p>\n<p><em>T\u00fa, Salud de todos los pueblos, sabes de qu\u00e9 tenemos necesidad y estamos seguros que interceder\u00e1s para que, como en Can\u00e1 de Galilea, pueda volver la alegr\u00eda y la fiesta despu\u00e9s de este momento de prueba.<\/em><\/p>\n<p><em>Ay\u00fadanos, Madre del Divino Amor, a conformarnos a la voluntad del Padre y a hacer lo que nos dir\u00e1 Jes\u00fas, quien ha tomado sobre s\u00ed nuestros sufrimientos y ha cargado nuestros dolores para conducirnos, a trav\u00e9s de la cruz, a la alegr\u00eda de la resurrecci\u00f3n.<\/em><\/p>\n<p><em>Bajo tu amparo nos acogemos, Santa Madre de Dios. No desprecies las oraciones que te dirigimos en nuestras necesidades, antes bien l\u00edbranos de todo peligro, \u00a1Oh Virgen Gloriosa y Bendita!\u201d<\/em><\/p>\n<p>Los integrantes del Consejo Presbiteral son los sacerdotes Dar\u00edo Kling, Luis J\u00e1uregui, Javier Spreafichi, Luis Alvarado, Lucas Figueroa, Ricardo Rodriguez, Daniel Guerra, Carlos Olgu\u00edn, Claudio Mosca, Federico Lazarte y Hern\u00e1n L\u00f3pez.<\/p>\n","protected":false},"excerpt":{"rendered":"<p>Desde el Arzobispado de Mercedes-Luj\u00e1n, los sacerdotes integrantes del Consejo Presbiteral y el obispo Jorge Eduardo Scheinig, llaman a rezar en estos tiempos dif\u00edciles de pandemia de coronavirus y acuden a la solidaridad de la gente. En un mensaje a las comunidades y a todas las personas del territorio eclesial piden \u201ccaminar llenos de esperanza [&hellip;]<\/p>\n","protected":false},"author":16,"featured_media":906,"comment_status":"open","ping_status":"open","sticky":false,"template":"","format":"standard","meta":{"footnotes":""},"categories":[10],"tags":[8684,8685,8392,7213,8679,400,7688,8681,3305,7211,8682,8680,8683],"class_list":["post-41853","post","type-post","status-publish","format-standard","has-post-thumbnail","hentry","category-especiales","tag-carlos-olguin","tag-claudio-mosca","tag-coronavirus","tag-daniel-guerra","tag-dario-kling","tag-federico-lazarte","tag-hernan-lopez","tag-javier-spreafichi","tag-jorge-eduardo-scheinig","tag-lucas-figueroa","tag-luis-alvarado","tag-luis-jauregui","tag-ricardo-rodriguez"],"yoast_head":"<!-- This site is optimized with the Yoast SEO plugin v27.4 - https:\/\/yoast.com\/product\/yoast-seo-wordpress\/ -->\n<title>Consejo Presbiteral del Arzobispado llama a \u201crezar con esperanza\u201d y pide \u201csolidaridad\u201d<\/title>\n<meta name=\"robots\" content=\"index, follow, max-snippet:-1, max-image-preview:large, max-video-preview:-1\" \/>\n<link rel=\"canonical\" href=\"https:\/\/noticiasmercedinas.com\/site\/2020\/03\/18\/consejo-presbiteral-del-arzobispado-llama-a-rezar-con-esperanza-y-pide-solidaridad\/\" \/>\n<meta property=\"og:locale\" content=\"es_ES\" \/>\n<meta property=\"og:type\" content=\"article\" \/>\n<meta property=\"og:title\" content=\"Consejo Presbiteral del Arzobispado llama a \u201crezar con esperanza\u201d y pide \u201csolidaridad\u201d\" \/>\n<meta property=\"og:description\" content=\"Desde el Arzobispado de Mercedes-Luj\u00e1n, los sacerdotes integrantes del Consejo Presbiteral y el obispo Jorge Eduardo Scheinig, llaman a rezar en estos tiempos dif\u00edciles de pandemia de coronavirus y acuden a la solidaridad de la gente. En un mensaje a las comunidades y a todas las personas del territorio eclesial piden \u201ccaminar llenos de esperanza [&hellip;]\" \/>\n<meta property=\"og:url\" content=\"https:\/\/noticiasmercedinas.com\/site\/2020\/03\/18\/consejo-presbiteral-del-arzobispado-llama-a-rezar-con-esperanza-y-pide-solidaridad\/\" \/>\n<meta property=\"og:site_name\" content=\"NOTICIASMERCEDINAS.COM\" \/>\n<meta property=\"article:publisher\" content=\"https:\/\/www.facebook.com\/noticiasmercedinas\/\" \/>\n<meta property=\"article:published_time\" content=\"2020-03-18T11:39:30+00:00\" \/>\n<meta property=\"article:modified_time\" content=\"2022-06-08T11:48:34+00:00\" \/>\n<meta property=\"og:image\" content=\"https:\/\/noticiasmercedinas.com\/site\/wp-content\/uploads\/2018\/09\/virgen.jpg\" \/>\n\t<meta property=\"og:image:width\" content=\"592\" \/>\n\t<meta property=\"og:image:height\" content=\"323\" \/>\n\t<meta property=\"og:image:type\" content=\"image\/jpeg\" \/>\n<meta name=\"author\" content=\"NOTICIASMERCEDINAS.COM\" \/>\n<meta name=\"twitter:card\" content=\"summary_large_image\" \/>\n<meta name=\"twitter:creator\" content=\"@notmercedinas\" \/>\n<meta name=\"twitter:site\" content=\"@notmercedinas\" \/>\n<meta name=\"twitter:label1\" content=\"Escrito por\" \/>\n\t<meta name=\"twitter:data1\" content=\"NOTICIASMERCEDINAS.COM\" \/>\n\t<meta name=\"twitter:label2\" content=\"Tiempo de lectura\" \/>\n\t<meta name=\"twitter:data2\" content=\"3 minutos\" \/>\n<script type=\"application\/ld+json\" class=\"yoast-schema-graph\">{\"@context\":\"https:\\\/\\\/schema.org\",\"@graph\":[{\"@type\":\"Article\",\"@id\":\"https:\\\/\\\/noticiasmercedinas.com\\\/site\\\/2020\\\/03\\\/18\\\/consejo-presbiteral-del-arzobispado-llama-a-rezar-con-esperanza-y-pide-solidaridad\\\/#article\",\"isPartOf\":{\"@id\":\"https:\\\/\\\/noticiasmercedinas.com\\\/site\\\/2020\\\/03\\\/18\\\/consejo-presbiteral-del-arzobispado-llama-a-rezar-con-esperanza-y-pide-solidaridad\\\/\"},\"author\":{\"name\":\"NOTICIASMERCEDINAS.COM\",\"@id\":\"https:\\\/\\\/noticiasmercedinas.com\\\/site\\\/#\\\/schema\\\/person\\\/84b59c099c28ff2e8b77d4ceec5d8063\"},\"headline\":\"Consejo Presbiteral del Arzobispado llama a \u201crezar con esperanza\u201d y pide \u201csolidaridad\u201d\",\"datePublished\":\"2020-03-18T11:39:30+00:00\",\"dateModified\":\"2022-06-08T11:48:34+00:00\",\"mainEntityOfPage\":{\"@id\":\"https:\\\/\\\/noticiasmercedinas.com\\\/site\\\/2020\\\/03\\\/18\\\/consejo-presbiteral-del-arzobispado-llama-a-rezar-con-esperanza-y-pide-solidaridad\\\/\"},\"wordCount\":597,\"commentCount\":0,\"publisher\":{\"@id\":\"https:\\\/\\\/noticiasmercedinas.com\\\/site\\\/#organization\"},\"image\":{\"@id\":\"https:\\\/\\\/noticiasmercedinas.com\\\/site\\\/2020\\\/03\\\/18\\\/consejo-presbiteral-del-arzobispado-llama-a-rezar-con-esperanza-y-pide-solidaridad\\\/#primaryimage\"},\"thumbnailUrl\":\"https:\\\/\\\/noticiasmercedinas.com\\\/site\\\/wp-content\\\/uploads\\\/2018\\\/09\\\/virgen.jpg\",\"keywords\":[\"Carlos Olgu\u00edn\",\"Claudio Mosca\",\"coronavirus\",\"Daniel guerra\",\"Dar\u00edo Kling\",\"federico lazarte\",\"Hern\u00e1n L\u00f3pez\",\"Javier Spreafichi\",\"Jorge Eduardo Scheinig\",\"Lucas Figueroa\",\"Luis Alvarado\",\"Luis J\u00e1uregui\",\"Ricardo Rodriguez\"],\"articleSection\":[\"Covid-19\"],\"inLanguage\":\"es\",\"potentialAction\":[{\"@type\":\"CommentAction\",\"name\":\"Comment\",\"target\":[\"https:\\\/\\\/noticiasmercedinas.com\\\/site\\\/2020\\\/03\\\/18\\\/consejo-presbiteral-del-arzobispado-llama-a-rezar-con-esperanza-y-pide-solidaridad\\\/#respond\"]}]},{\"@type\":\"WebPage\",\"@id\":\"https:\\\/\\\/noticiasmercedinas.com\\\/site\\\/2020\\\/03\\\/18\\\/consejo-presbiteral-del-arzobispado-llama-a-rezar-con-esperanza-y-pide-solidaridad\\\/\",\"url\":\"https:\\\/\\\/noticiasmercedinas.com\\\/site\\\/2020\\\/03\\\/18\\\/consejo-presbiteral-del-arzobispado-llama-a-rezar-con-esperanza-y-pide-solidaridad\\\/\",\"name\":\"Consejo Presbiteral del Arzobispado llama a \u201crezar con esperanza\u201d y pide \u201csolidaridad\u201d\",\"isPartOf\":{\"@id\":\"https:\\\/\\\/noticiasmercedinas.com\\\/site\\\/#website\"},\"primaryImageOfPage\":{\"@id\":\"https:\\\/\\\/noticiasmercedinas.com\\\/site\\\/2020\\\/03\\\/18\\\/consejo-presbiteral-del-arzobispado-llama-a-rezar-con-esperanza-y-pide-solidaridad\\\/#primaryimage\"},\"image\":{\"@id\":\"https:\\\/\\\/noticiasmercedinas.com\\\/site\\\/2020\\\/03\\\/18\\\/consejo-presbiteral-del-arzobispado-llama-a-rezar-con-esperanza-y-pide-solidaridad\\\/#primaryimage\"},\"thumbnailUrl\":\"https:\\\/\\\/noticiasmercedinas.com\\\/site\\\/wp-content\\\/uploads\\\/2018\\\/09\\\/virgen.jpg\",\"datePublished\":\"2020-03-18T11:39:30+00:00\",\"dateModified\":\"2022-06-08T11:48:34+00:00\",\"breadcrumb\":{\"@id\":\"https:\\\/\\\/noticiasmercedinas.com\\\/site\\\/2020\\\/03\\\/18\\\/consejo-presbiteral-del-arzobispado-llama-a-rezar-con-esperanza-y-pide-solidaridad\\\/#breadcrumb\"},\"inLanguage\":\"es\",\"potentialAction\":[{\"@type\":\"ReadAction\",\"target\":[\"https:\\\/\\\/noticiasmercedinas.com\\\/site\\\/2020\\\/03\\\/18\\\/consejo-presbiteral-del-arzobispado-llama-a-rezar-con-esperanza-y-pide-solidaridad\\\/\"]}]},{\"@type\":\"ImageObject\",\"inLanguage\":\"es\",\"@id\":\"https:\\\/\\\/noticiasmercedinas.com\\\/site\\\/2020\\\/03\\\/18\\\/consejo-presbiteral-del-arzobispado-llama-a-rezar-con-esperanza-y-pide-solidaridad\\\/#primaryimage\",\"url\":\"https:\\\/\\\/noticiasmercedinas.com\\\/site\\\/wp-content\\\/uploads\\\/2018\\\/09\\\/virgen.jpg\",\"contentUrl\":\"https:\\\/\\\/noticiasmercedinas.com\\\/site\\\/wp-content\\\/uploads\\\/2018\\\/09\\\/virgen.jpg\",\"width\":592,\"height\":323},{\"@type\":\"BreadcrumbList\",\"@id\":\"https:\\\/\\\/noticiasmercedinas.com\\\/site\\\/2020\\\/03\\\/18\\\/consejo-presbiteral-del-arzobispado-llama-a-rezar-con-esperanza-y-pide-solidaridad\\\/#breadcrumb\",\"itemListElement\":[{\"@type\":\"ListItem\",\"position\":1,\"name\":\"Portada\",\"item\":\"https:\\\/\\\/noticiasmercedinas.com\\\/site\\\/\"},{\"@type\":\"ListItem\",\"position\":2,\"name\":\"Consejo Presbiteral del Arzobispado llama a \u201crezar con esperanza\u201d y pide \u201csolidaridad\u201d\"}]},{\"@type\":\"WebSite\",\"@id\":\"https:\\\/\\\/noticiasmercedinas.com\\\/site\\\/#website\",\"url\":\"https:\\\/\\\/noticiasmercedinas.com\\\/site\\\/\",\"name\":\"NOTICIASMERCEDINAS.COM\",\"description\":\"Mercedes, Buenos Aires, Argentina\",\"publisher\":{\"@id\":\"https:\\\/\\\/noticiasmercedinas.com\\\/site\\\/#organization\"},\"potentialAction\":[{\"@type\":\"SearchAction\",\"target\":{\"@type\":\"EntryPoint\",\"urlTemplate\":\"https:\\\/\\\/noticiasmercedinas.com\\\/site\\\/?s={search_term_string}\"},\"query-input\":{\"@type\":\"PropertyValueSpecification\",\"valueRequired\":true,\"valueName\":\"search_term_string\"}}],\"inLanguage\":\"es\"},{\"@type\":\"Organization\",\"@id\":\"https:\\\/\\\/noticiasmercedinas.com\\\/site\\\/#organization\",\"name\":\"NOTICIASMERCEDINAS.COM\",\"url\":\"https:\\\/\\\/noticiasmercedinas.com\\\/site\\\/\",\"logo\":{\"@type\":\"ImageObject\",\"inLanguage\":\"es\",\"@id\":\"https:\\\/\\\/noticiasmercedinas.com\\\/site\\\/#\\\/schema\\\/logo\\\/image\\\/\",\"url\":\"https:\\\/\\\/noticiasmercedinas.com\\\/site\\\/wp-content\\\/uploads\\\/2020\\\/06\\\/LOGO-512.jpg\",\"contentUrl\":\"https:\\\/\\\/noticiasmercedinas.com\\\/site\\\/wp-content\\\/uploads\\\/2020\\\/06\\\/LOGO-512.jpg\",\"width\":512,\"height\":512,\"caption\":\"NOTICIASMERCEDINAS.COM\"},\"image\":{\"@id\":\"https:\\\/\\\/noticiasmercedinas.com\\\/site\\\/#\\\/schema\\\/logo\\\/image\\\/\"},\"sameAs\":[\"https:\\\/\\\/www.facebook.com\\\/noticiasmercedinas\\\/\",\"https:\\\/\\\/x.com\\\/notmercedinas\",\"https:\\\/\\\/www.instagram.com\\\/noticiasmercedinas\\\/\"]},{\"@type\":\"Person\",\"@id\":\"https:\\\/\\\/noticiasmercedinas.com\\\/site\\\/#\\\/schema\\\/person\\\/84b59c099c28ff2e8b77d4ceec5d8063\",\"name\":\"NOTICIASMERCEDINAS.COM\",\"image\":{\"@type\":\"ImageObject\",\"inLanguage\":\"es\",\"@id\":\"https:\\\/\\\/secure.gravatar.com\\\/avatar\\\/4dfbf16b4d17945bfb6341b2d19043457132fcf478a5ee04f42e959fd8f5df0a?s=96&d=mm&r=g\",\"url\":\"https:\\\/\\\/secure.gravatar.com\\\/avatar\\\/4dfbf16b4d17945bfb6341b2d19043457132fcf478a5ee04f42e959fd8f5df0a?s=96&d=mm&r=g\",\"contentUrl\":\"https:\\\/\\\/secure.gravatar.com\\\/avatar\\\/4dfbf16b4d17945bfb6341b2d19043457132fcf478a5ee04f42e959fd8f5df0a?s=96&d=mm&r=g\",\"caption\":\"NOTICIASMERCEDINAS.COM\"},\"url\":\"https:\\\/\\\/noticiasmercedinas.com\\\/site\\\/author\\\/anonimo\\\/\"}]}<\/script>\n<!-- \/ Yoast SEO plugin. -->","yoast_head_json":{"title":"Consejo Presbiteral del Arzobispado llama a \u201crezar con esperanza\u201d y pide \u201csolidaridad\u201d","robots":{"index":"index","follow":"follow","max-snippet":"max-snippet:-1","max-image-preview":"max-image-preview:large","max-video-preview":"max-video-preview:-1"},"canonical":"https:\/\/noticiasmercedinas.com\/site\/2020\/03\/18\/consejo-presbiteral-del-arzobispado-llama-a-rezar-con-esperanza-y-pide-solidaridad\/","og_locale":"es_ES","og_type":"article","og_title":"Consejo Presbiteral del Arzobispado llama a \u201crezar con esperanza\u201d y pide \u201csolidaridad\u201d","og_description":"Desde el Arzobispado de Mercedes-Luj\u00e1n, los sacerdotes integrantes del Consejo Presbiteral y el obispo Jorge Eduardo Scheinig, llaman a rezar en estos tiempos dif\u00edciles de pandemia de coronavirus y acuden a la solidaridad de la gente. En un mensaje a las comunidades y a todas las personas del territorio eclesial piden \u201ccaminar llenos de esperanza [&hellip;]","og_url":"https:\/\/noticiasmercedinas.com\/site\/2020\/03\/18\/consejo-presbiteral-del-arzobispado-llama-a-rezar-con-esperanza-y-pide-solidaridad\/","og_site_name":"NOTICIASMERCEDINAS.COM","article_publisher":"https:\/\/www.facebook.com\/noticiasmercedinas\/","article_published_time":"2020-03-18T11:39:30+00:00","article_modified_time":"2022-06-08T11:48:34+00:00","og_image":[{"width":592,"height":323,"url":"https:\/\/noticiasmercedinas.com\/site\/wp-content\/uploads\/2018\/09\/virgen.jpg","type":"image\/jpeg"}],"author":"NOTICIASMERCEDINAS.COM","twitter_card":"summary_large_image","twitter_creator":"@notmercedinas","twitter_site":"@notmercedinas","twitter_misc":{"Escrito por":"NOTICIASMERCEDINAS.COM","Tiempo de lectura":"3 minutos"},"schema":{"@context":"https:\/\/schema.org","@graph":[{"@type":"Article","@id":"https:\/\/noticiasmercedinas.com\/site\/2020\/03\/18\/consejo-presbiteral-del-arzobispado-llama-a-rezar-con-esperanza-y-pide-solidaridad\/#article","isPartOf":{"@id":"https:\/\/noticiasmercedinas.com\/site\/2020\/03\/18\/consejo-presbiteral-del-arzobispado-llama-a-rezar-con-esperanza-y-pide-solidaridad\/"},"author":{"name":"NOTICIASMERCEDINAS.COM","@id":"https:\/\/noticiasmercedinas.com\/site\/#\/schema\/person\/84b59c099c28ff2e8b77d4ceec5d8063"},"headline":"Consejo Presbiteral del Arzobispado llama a \u201crezar con esperanza\u201d y pide \u201csolidaridad\u201d","datePublished":"2020-03-18T11:39:30+00:00","dateModified":"2022-06-08T11:48:34+00:00","mainEntityOfPage":{"@id":"https:\/\/noticiasmercedinas.com\/site\/2020\/03\/18\/consejo-presbiteral-del-arzobispado-llama-a-rezar-con-esperanza-y-pide-solidaridad\/"},"wordCount":597,"commentCount":0,"publisher":{"@id":"https:\/\/noticiasmercedinas.com\/site\/#organization"},"image":{"@id":"https:\/\/noticiasmercedinas.com\/site\/2020\/03\/18\/consejo-presbiteral-del-arzobispado-llama-a-rezar-con-esperanza-y-pide-solidaridad\/#primaryimage"},"thumbnailUrl":"https:\/\/noticiasmercedinas.com\/site\/wp-content\/uploads\/2018\/09\/virgen.jpg","keywords":["Carlos Olgu\u00edn","Claudio Mosca","coronavirus","Daniel guerra","Dar\u00edo Kling","federico lazarte","Hern\u00e1n L\u00f3pez","Javier Spreafichi","Jorge Eduardo Scheinig","Lucas Figueroa","Luis Alvarado","Luis J\u00e1uregui","Ricardo Rodriguez"],"articleSection":["Covid-19"],"inLanguage":"es","potentialAction":[{"@type":"CommentAction","name":"Comment","target":["https:\/\/noticiasmercedinas.com\/site\/2020\/03\/18\/consejo-presbiteral-del-arzobispado-llama-a-rezar-con-esperanza-y-pide-solidaridad\/#respond"]}]},{"@type":"WebPage","@id":"https:\/\/noticiasmercedinas.com\/site\/2020\/03\/18\/consejo-presbiteral-del-arzobispado-llama-a-rezar-con-esperanza-y-pide-solidaridad\/","url":"https:\/\/noticiasmercedinas.com\/site\/2020\/03\/18\/consejo-presbiteral-del-arzobispado-llama-a-rezar-con-esperanza-y-pide-solidaridad\/","name":"Consejo Presbiteral del Arzobispado llama a \u201crezar con esperanza\u201d y pide \u201csolidaridad\u201d","isPartOf":{"@id":"https:\/\/noticiasmercedinas.com\/site\/#website"},"primaryImageOfPage":{"@id":"https:\/\/noticiasmercedinas.com\/site\/2020\/03\/18\/consejo-presbiteral-del-arzobispado-llama-a-rezar-con-esperanza-y-pide-solidaridad\/#primaryimage"},"image":{"@id":"https:\/\/noticiasmercedinas.com\/site\/2020\/03\/18\/consejo-presbiteral-del-arzobispado-llama-a-rezar-con-esperanza-y-pide-solidaridad\/#primaryimage"},"thumbnailUrl":"https:\/\/noticiasmercedinas.com\/site\/wp-content\/uploads\/2018\/09\/virgen.jpg","datePublished":"2020-03-18T11:39:30+00:00","dateModified":"2022-06-08T11:48:34+00:00","breadcrumb":{"@id":"https:\/\/noticiasmercedinas.com\/site\/2020\/03\/18\/consejo-presbiteral-del-arzobispado-llama-a-rezar-con-esperanza-y-pide-solidaridad\/#breadcrumb"},"inLanguage":"es","potentialAction":[{"@type":"ReadAction","target":["https:\/\/noticiasmercedinas.com\/site\/2020\/03\/18\/consejo-presbiteral-del-arzobispado-llama-a-rezar-con-esperanza-y-pide-solidaridad\/"]}]},{"@type":"ImageObject","inLanguage":"es","@id":"https:\/\/noticiasmercedinas.com\/site\/2020\/03\/18\/consejo-presbiteral-del-arzobispado-llama-a-rezar-con-esperanza-y-pide-solidaridad\/#primaryimage","url":"https:\/\/noticiasmercedinas.com\/site\/wp-content\/uploads\/2018\/09\/virgen.jpg","contentUrl":"https:\/\/noticiasmercedinas.com\/site\/wp-content\/uploads\/2018\/09\/virgen.jpg","width":592,"height":323},{"@type":"BreadcrumbList","@id":"https:\/\/noticiasmercedinas.com\/site\/2020\/03\/18\/consejo-presbiteral-del-arzobispado-llama-a-rezar-con-esperanza-y-pide-solidaridad\/#breadcrumb","itemListElement":[{"@type":"ListItem","position":1,"name":"Portada","item":"https:\/\/noticiasmercedinas.com\/site\/"},{"@type":"ListItem","position":2,"name":"Consejo Presbiteral del Arzobispado llama a \u201crezar con esperanza\u201d y pide \u201csolidaridad\u201d"}]},{"@type":"WebSite","@id":"https:\/\/noticiasmercedinas.com\/site\/#website","url":"https:\/\/noticiasmercedinas.com\/site\/","name":"NOTICIASMERCEDINAS.COM","description":"Mercedes, Buenos Aires, Argentina","publisher":{"@id":"https:\/\/noticiasmercedinas.com\/site\/#organization"},"potentialAction":[{"@type":"SearchAction","target":{"@type":"EntryPoint","urlTemplate":"https:\/\/noticiasmercedinas.com\/site\/?s={search_term_string}"},"query-input":{"@type":"PropertyValueSpecification","valueRequired":true,"valueName":"search_term_string"}}],"inLanguage":"es"},{"@type":"Organization","@id":"https:\/\/noticiasmercedinas.com\/site\/#organization","name":"NOTICIASMERCEDINAS.COM","url":"https:\/\/noticiasmercedinas.com\/site\/","logo":{"@type":"ImageObject","inLanguage":"es","@id":"https:\/\/noticiasmercedinas.com\/site\/#\/schema\/logo\/image\/","url":"https:\/\/noticiasmercedinas.com\/site\/wp-content\/uploads\/2020\/06\/LOGO-512.jpg","contentUrl":"https:\/\/noticiasmercedinas.com\/site\/wp-content\/uploads\/2020\/06\/LOGO-512.jpg","width":512,"height":512,"caption":"NOTICIASMERCEDINAS.COM"},"image":{"@id":"https:\/\/noticiasmercedinas.com\/site\/#\/schema\/logo\/image\/"},"sameAs":["https:\/\/www.facebook.com\/noticiasmercedinas\/","https:\/\/x.com\/notmercedinas","https:\/\/www.instagram.com\/noticiasmercedinas\/"]},{"@type":"Person","@id":"https:\/\/noticiasmercedinas.com\/site\/#\/schema\/person\/84b59c099c28ff2e8b77d4ceec5d8063","name":"NOTICIASMERCEDINAS.COM","image":{"@type":"ImageObject","inLanguage":"es","@id":"https:\/\/secure.gravatar.com\/avatar\/4dfbf16b4d17945bfb6341b2d19043457132fcf478a5ee04f42e959fd8f5df0a?s=96&d=mm&r=g","url":"https:\/\/secure.gravatar.com\/avatar\/4dfbf16b4d17945bfb6341b2d19043457132fcf478a5ee04f42e959fd8f5df0a?s=96&d=mm&r=g","contentUrl":"https:\/\/secure.gravatar.com\/avatar\/4dfbf16b4d17945bfb6341b2d19043457132fcf478a5ee04f42e959fd8f5df0a?s=96&d=mm&r=g","caption":"NOTICIASMERCEDINAS.COM"},"url":"https:\/\/noticiasmercedinas.com\/site\/author\/anonimo\/"}]}},"amp_enabled":true,"_links":{"self":[{"href":"https:\/\/noticiasmercedinas.com\/site\/wp-json\/wp\/v2\/posts\/41853","targetHints":{"allow":["GET"]}}],"collection":[{"href":"https:\/\/noticiasmercedinas.com\/site\/wp-json\/wp\/v2\/posts"}],"about":[{"href":"https:\/\/noticiasmercedinas.com\/site\/wp-json\/wp\/v2\/types\/post"}],"author":[{"embeddable":true,"href":"https:\/\/noticiasmercedinas.com\/site\/wp-json\/wp\/v2\/users\/16"}],"replies":[{"embeddable":true,"href":"https:\/\/noticiasmercedinas.com\/site\/wp-json\/wp\/v2\/comments?post=41853"}],"version-history":[{"count":4,"href":"https:\/\/noticiasmercedinas.com\/site\/wp-json\/wp\/v2\/posts\/41853\/revisions"}],"predecessor-version":[{"id":92618,"href":"https:\/\/noticiasmercedinas.com\/site\/wp-json\/wp\/v2\/posts\/41853\/revisions\/92618"}],"wp:featuredmedia":[{"embeddable":true,"href":"https:\/\/noticiasmercedinas.com\/site\/wp-json\/wp\/v2\/media\/906"}],"wp:attachment":[{"href":"https:\/\/noticiasmercedinas.com\/site\/wp-json\/wp\/v2\/media?parent=41853"}],"wp:term":[{"taxonomy":"category","embeddable":true,"href":"https:\/\/noticiasmercedinas.com\/site\/wp-json\/wp\/v2\/categories?post=41853"},{"taxonomy":"post_tag","embeddable":true,"href":"https:\/\/noticiasmercedinas.com\/site\/wp-json\/wp\/v2\/tags?post=41853"}],"curies":[{"name":"wp","href":"https:\/\/api.w.org\/{rel}","templated":true}]}}