{"id":41857,"date":"2020-03-18T09:48:40","date_gmt":"2020-03-18T12:48:40","guid":{"rendered":"https:\/\/noticiasmercedinas.com\/site\/?p=41857"},"modified":"2020-03-18T09:48:40","modified_gmt":"2020-03-18T12:48:40","slug":"el-presente-de-la-legion-mercedina-con-la-pelota-detenida","status":"publish","type":"post","link":"https:\/\/noticiasmercedinas.com\/site\/2020\/03\/18\/el-presente-de-la-legion-mercedina-con-la-pelota-detenida\/","title":{"rendered":"El presente de la Legi\u00f3n Mercedina con la pelota detenida"},"content":{"rendered":"<p><img loading=\"lazy\" decoding=\"async\" class=\"alignnone size-full wp-image-41859\" src=\"https:\/\/noticiasmercedinas.com\/site\/wp-content\/uploads\/2020\/03\/Screenshot_20200317-195017_Chrome.jpg\" alt=\"\" width=\"650\" height=\"363\" srcset=\"https:\/\/noticiasmercedinas.com\/site\/wp-content\/uploads\/2020\/03\/Screenshot_20200317-195017_Chrome.jpg 650w, https:\/\/noticiasmercedinas.com\/site\/wp-content\/uploads\/2020\/03\/Screenshot_20200317-195017_Chrome-300x168.jpg 300w, https:\/\/noticiasmercedinas.com\/site\/wp-content\/uploads\/2020\/03\/Screenshot_20200317-195017_Chrome-640x357.jpg 640w\" sizes=\"auto, (max-width: 650px) 100vw, 650px\" \/><br \/>\nEn f\u00fatbol europeo hace tiempo que los torneos se han interrumpido ante la pandemia de Coronavirus, reci\u00e9n este martes se resolvi\u00f3 parar la pelota en la Argentina al menos hasta el pr\u00f3ximo 31 de marzo. En el viejo continente el panorama es otro, los equipos no se entrenan y cada futbolista lo hace de manera individual teniendo los recaudos del caso.<\/p>\n<p>Lucas Biglia, jugador del Milan (Italia), no ven\u00eda siendo parte del once inicial para estar en los \u00faltimos encuentros en el banco de relevos. El pasado 8 de marzo el Milan cay\u00f3 1-2 ante Genoa quedando al momento s\u00e9ptimo con 26 puntos. Est\u00e1n pendientes los juegos ante Lecce, Spal y Roma, la reanudaci\u00f3n ser\u00eda ante el Lazio en abril si todo est\u00e1 en condiciones. En los medios argentinos se escucharon declaraciones de Biglia contando como se vive esta \u00e9poca en Italia.<\/p>\n<p>Ya en la Serie B del Calcio est\u00e1 el defensor Mat\u00edas Silvestre, hasta la suspensi\u00f3n ven\u00eda siendo titular en el Livorno que perdi\u00f3 1-0 ante Pisa. Al torneo le quedan 9 fechas y adeuda Livorno los cotejos ante Cittadella y Juve, hoy acumula 18 puntos cerrando las posiciones, por encima est\u00e1 el Cosenza con 24 y Trapani 25 unidades. Mantener la categor\u00eda es el objetivo del equipo de camiseta granate.<\/p>\n<p>En lo que hace a la Copa de la S\u00faper Liga, que se suspendi\u00f3 hoy cuando s\u00f3lo pudo jugarse la primera fecha, ayer en Rosario fue victoria de Col\u00f3n ante Central por 3 a 1. Federico L\u00e9rtora se sum\u00f3 en el segundo tiempo para el \u201cSabalero\u201d que tiene nuevo entrenador, Eduardo Dom\u00ednguez. Hoy los santafecinos est\u00e1n fuera de la zona de descenso. Otro integrante de la Legi\u00f3n en la S\u00faper Liga y Libertadores es Santiago Sosa, de poca participaci\u00f3n en River jugando por \u00faltima vez en la Libertadores cuando River cay\u00f3 3-0 en Quito ante Liga.<\/p>\n<p>Retomando con el f\u00fatbol italiano, en la Serie C, Facundo Lescano viene de darle la victoria al Sicula 1-0 frente al Rende Calcio. Este certamen tambi\u00e9n est\u00e1 detenido y no tiene fecha cierta de reanudaci\u00f3n. Por otra parte, en la isla de Malta, la Primera divisi\u00f3n tiene a Santiago Malano en el Valletta que vienen de tropezar 0-2 con el Gudja. El Valletta es segundo con 38 unidades y cuando regrese el f\u00fatbol se medir\u00e1 con Tarxien.<\/p>\n<p>La primera divisi\u00f3n de Austria, denominada Bundesliga, tiene al Wattens que marcha d\u00e9cimo con 19 puntos de los 12 participantes que tiene el certamen. Ignacio J\u00e1uregui juega all\u00ed y por estos d\u00edas los entrenamientos son de manera individual, la puesta en marcha del certamen no tiene d\u00eda al momento y los cuidados son importantes. Sobre todo al estar la ciudad donde vive el futbolista mercedino a 40 km con la frontera con Italia, uno de los pa\u00edses m\u00e1s casos de Coronavirus en el continente europeo.<\/p>\n<p>En la Argentina la Primera B Nacional s\u00f3lo tienen dos mercedinos, uno es Emmanuel Culio que se gan\u00f3 la titularidad en Quilmes, aunque con el parate hasta al menos el 31 de marzo la Zona 2 no tendr\u00e1 encuentros. El \u201cCervecero\u201d vienen de ganarle 1-0 a Gimnasia de Jujuy y marcha 11\u00b0 con 24 puntos, cuando vuelva el f\u00fatbol visitar\u00e1 a Santamarina en Tandil. El otro que juega en la categor\u00eda es Nicol\u00e1s Dematei en Agropecuario, titular en los \u00faltimos juegos, la \u00faltima presentaci\u00f3n fue 2-0 a Barracas. En la Zona 1 \u201cAgro\u201d cuenta con 29 puntos, su pr\u00f3ximo rival es Deportivo Mor\u00f3n en el oeste.<\/p>\n<p>Facundo D\u00e9sima sigue en Uni\u00f3n de Sunchales (Santa Fe), el arquero no vine siendo titular en el Federal A donde el fin de semana el \u201cVerde\u201d empat\u00f3 1-1 ante Sportivo Belgrano (C\u00f3rdoba). En cuanto a la campa\u00f1a acumula 28 puntos en el d\u00e9cimo casillero de las posiciones. El certamen se reanudar\u00eda tras el 31 de marzo, el fixture marca que Uni\u00f3n visita a Gimnasia de Concepci\u00f3n del Uruguay. En el ascenso de AFA, en la B Metropolitana, Mauro Bustos viene ingresando desde el banco en Defensores Unidos de Z\u00e1rate, su equipo perdi\u00f3 1-2 ante Villa San Carlos y qued\u00f3 12\u00b0 con 9 unidades. En el retome enfrenta a Acassuso.<\/p>\n<p>Por \u00faltimo, en la Primera C, Luj\u00e1n de buena campa\u00f1a esta semana super\u00f3 2-1 a Dock Sud en el predio municipal. Vienen siendo titulares y pilares del equipo el arquero Mat\u00edas Caputo y Gonzalo P\u00e9rez. En el banco ingresando minutos est\u00e1n el delantero Franco Gatti y el mediocampista Tiago Portesi, aunque en algunos juegos no son requeridos por el entrenador. Hoy Luj\u00e1n marcha\u00a0 cuarto con 15 puntos, cuando regrese la acci\u00f3n visitar\u00e1 a Midland en Libertad. Este es el presente de la Legi\u00f3n, de licencia en muchos casos con entrenamientos individuales fuera de los clubes.<\/p>\n\r\n                <style type=\"text\/css\">\r\n                    \r\n                    #td_uid_1_69ef3db4699d1  .td-doubleSlider-2 .td-item1 {\r\n                        background: url(https:\/\/noticiasmercedinas.com\/site\/wp-content\/uploads\/2020\/03\/188110-160x120.png) 0 0 no-repeat;\r\n                    }\r\n                    #td_uid_1_69ef3db4699d1  .td-doubleSlider-2 .td-item2 {\r\n                        background: url(https:\/\/noticiasmercedinas.com\/site\/wp-content\/uploads\/2020\/03\/87299276_1504189916425497_281630858253697024_o-160x120.jpg) 0 0 no-repeat;\r\n                    }\r\n                    #td_uid_1_69ef3db4699d1  .td-doubleSlider-2 .td-item3 {\r\n                        background: url(https:\/\/noticiasmercedinas.com\/site\/wp-content\/uploads\/2020\/03\/87943495_1504198723091283_1408606701648609280_o-160x120.jpg) 0 0 no-repeat;\r\n                    }\r\n                    #td_uid_1_69ef3db4699d1  .td-doubleSlider-2 .td-item4 {\r\n                        background: url(https:\/\/noticiasmercedinas.com\/site\/wp-content\/uploads\/2020\/03\/90115080_1004849129897727_4326114927111569408_o-160x120.jpg) 0 0 no-repeat;\r\n                    }\r\n                    #td_uid_1_69ef3db4699d1  .td-doubleSlider-2 .td-item5 {\r\n                        background: url(https:\/\/noticiasmercedinas.com\/site\/wp-content\/uploads\/2020\/03\/jugadores-agro-belgano-19-160x120.jpg) 0 0 no-repeat;\r\n                    }\r\n                    #td_uid_1_69ef3db4699d1  .td-doubleSlider-2 .td-item6 {\r\n                        background: url(https:\/\/noticiasmercedinas.com\/site\/wp-content\/uploads\/2020\/03\/News-CU-Biglia-07.05.19-160x120.png) 0 0 no-repeat;\r\n                    }\r\n                    #td_uid_1_69ef3db4699d1  .td-doubleSlider-2 .td-item7 {\r\n                        background: url(https:\/\/noticiasmercedinas.com\/site\/wp-content\/uploads\/2020\/03\/Screenshot_20200317-195017_Chrome-160x120.jpg) 0 0 no-repeat;\r\n                    }\r\n                <\/style>\r\n\r\n                <div id=\"td_uid_1_69ef3db4699d1\" class=\"td-gallery td-slide-on-2-columns\">\r\n                    <div class=\"post_td_gallery\">\r\n                        <div class=\"td-gallery-slide-top\">\r\n                           <div class=\"td-gallery-title\">Legi\u00f3n Mercedina<\/div>\r\n\r\n                            <div class=\"td-gallery-controls-wrapper\">\r\n                                <div class=\"td-gallery-slide-count\"><span class=\"td-gallery-slide-item-focus\">1<\/span> de 7<\/div>\r\n                                <div class=\"td-gallery-slide-prev-next-but\">\r\n                                    <i class = \"td-icon-left doubleSliderPrevButton\"><\/i>\r\n                                    <i class = \"td-icon-right doubleSliderNextButton\"><\/i>\r\n                                <\/div>\r\n                            <\/div>\r\n                        <\/div>\r\n\r\n                        <div class = \"td-doubleSlider-1 \">\r\n                            <div class = \"td-slider\">\r\n                                \r\n                    <div class = \"td-slide-item td-item1\">\r\n                        <figure class=\"td-slide-galery-figure td-slide-popup-gallery\">\r\n                            <a class=\"slide-gallery-image-link\" href=\"https:\/\/noticiasmercedinas.com\/site\/wp-content\/uploads\/2020\/03\/188110.png\" title=\"188110\"  data-caption=\"\"  data-description=\"\">\r\n                                <img decoding=\"async\" src=\"https:\/\/noticiasmercedinas.com\/site\/wp-content\/uploads\/2020\/03\/188110.png\" srcset=\"https:\/\/noticiasmercedinas.com\/site\/wp-content\/uploads\/2020\/03\/188110.png 650w, https:\/\/noticiasmercedinas.com\/site\/wp-content\/uploads\/2020\/03\/188110-300x180.png 300w, https:\/\/noticiasmercedinas.com\/site\/wp-content\/uploads\/2020\/03\/188110-640x384.png 640w\" sizes=\"(max-width: 650px) 100vw, 650px\" alt=\"\">\r\n                            <\/a>\r\n                            \r\n                        <\/figure>\r\n                    <\/div>\r\n                    <div class = \"td-slide-item td-item2\">\r\n                        <figure class=\"td-slide-galery-figure td-slide-popup-gallery\">\r\n                            <a class=\"slide-gallery-image-link\" href=\"https:\/\/noticiasmercedinas.com\/site\/wp-content\/uploads\/2020\/03\/87299276_1504189916425497_281630858253697024_o.jpg\" title=\"87299276_1504189916425497_281630858253697024_o\"  data-caption=\"\"  data-description=\"\">\r\n                                <img decoding=\"async\" src=\"https:\/\/noticiasmercedinas.com\/site\/wp-content\/uploads\/2020\/03\/87299276_1504189916425497_281630858253697024_o.jpg\" srcset=\"https:\/\/noticiasmercedinas.com\/site\/wp-content\/uploads\/2020\/03\/87299276_1504189916425497_281630858253697024_o.jpg 650w, https:\/\/noticiasmercedinas.com\/site\/wp-content\/uploads\/2020\/03\/87299276_1504189916425497_281630858253697024_o-300x200.jpg 300w, https:\/\/noticiasmercedinas.com\/site\/wp-content\/uploads\/2020\/03\/87299276_1504189916425497_281630858253697024_o-640x426.jpg 640w\" sizes=\"(max-width: 650px) 100vw, 650px\" alt=\"\">\r\n                            <\/a>\r\n                            \r\n                        <\/figure>\r\n                    <\/div>\r\n                    <div class = \"td-slide-item td-item3\">\r\n                        <figure class=\"td-slide-galery-figure td-slide-popup-gallery\">\r\n                            <a class=\"slide-gallery-image-link\" href=\"https:\/\/noticiasmercedinas.com\/site\/wp-content\/uploads\/2020\/03\/87943495_1504198723091283_1408606701648609280_o.jpg\" title=\"87943495_1504198723091283_1408606701648609280_o\"  data-caption=\"\"  data-description=\"\">\r\n                                <img decoding=\"async\" src=\"https:\/\/noticiasmercedinas.com\/site\/wp-content\/uploads\/2020\/03\/87943495_1504198723091283_1408606701648609280_o.jpg\" srcset=\"https:\/\/noticiasmercedinas.com\/site\/wp-content\/uploads\/2020\/03\/87943495_1504198723091283_1408606701648609280_o.jpg 650w, https:\/\/noticiasmercedinas.com\/site\/wp-content\/uploads\/2020\/03\/87943495_1504198723091283_1408606701648609280_o-300x200.jpg 300w, https:\/\/noticiasmercedinas.com\/site\/wp-content\/uploads\/2020\/03\/87943495_1504198723091283_1408606701648609280_o-640x426.jpg 640w\" sizes=\"(max-width: 650px) 100vw, 650px\" alt=\"\">\r\n                            <\/a>\r\n                            \r\n                        <\/figure>\r\n                    <\/div>\r\n                    <div class = \"td-slide-item td-item4\">\r\n                        <figure class=\"td-slide-galery-figure td-slide-popup-gallery\">\r\n                            <a class=\"slide-gallery-image-link\" href=\"https:\/\/noticiasmercedinas.com\/site\/wp-content\/uploads\/2020\/03\/90115080_1004849129897727_4326114927111569408_o.jpg\" title=\"90115080_1004849129897727_4326114927111569408_o\"  data-caption=\"\"  data-description=\"\">\r\n                                <img decoding=\"async\" src=\"https:\/\/noticiasmercedinas.com\/site\/wp-content\/uploads\/2020\/03\/90115080_1004849129897727_4326114927111569408_o.jpg\" srcset=\"https:\/\/noticiasmercedinas.com\/site\/wp-content\/uploads\/2020\/03\/90115080_1004849129897727_4326114927111569408_o.jpg 650w, https:\/\/noticiasmercedinas.com\/site\/wp-content\/uploads\/2020\/03\/90115080_1004849129897727_4326114927111569408_o-300x225.jpg 300w, https:\/\/noticiasmercedinas.com\/site\/wp-content\/uploads\/2020\/03\/90115080_1004849129897727_4326114927111569408_o-80x60.jpg 80w, https:\/\/noticiasmercedinas.com\/site\/wp-content\/uploads\/2020\/03\/90115080_1004849129897727_4326114927111569408_o-160x120.jpg 160w, https:\/\/noticiasmercedinas.com\/site\/wp-content\/uploads\/2020\/03\/90115080_1004849129897727_4326114927111569408_o-100x75.jpg 100w, https:\/\/noticiasmercedinas.com\/site\/wp-content\/uploads\/2020\/03\/90115080_1004849129897727_4326114927111569408_o-200x150.jpg 200w, https:\/\/noticiasmercedinas.com\/site\/wp-content\/uploads\/2020\/03\/90115080_1004849129897727_4326114927111569408_o-180x135.jpg 180w, https:\/\/noticiasmercedinas.com\/site\/wp-content\/uploads\/2020\/03\/90115080_1004849129897727_4326114927111569408_o-360x270.jpg 360w, https:\/\/noticiasmercedinas.com\/site\/wp-content\/uploads\/2020\/03\/90115080_1004849129897727_4326114927111569408_o-238x178.jpg 238w, https:\/\/noticiasmercedinas.com\/site\/wp-content\/uploads\/2020\/03\/90115080_1004849129897727_4326114927111569408_o-476x356.jpg 476w, https:\/\/noticiasmercedinas.com\/site\/wp-content\/uploads\/2020\/03\/90115080_1004849129897727_4326114927111569408_o-640x480.jpg 640w\" sizes=\"(max-width: 650px) 100vw, 650px\" alt=\"\">\r\n                            <\/a>\r\n                            \r\n                        <\/figure>\r\n                    <\/div>\r\n                    <div class = \"td-slide-item td-item5\">\r\n                        <figure class=\"td-slide-galery-figure td-slide-popup-gallery\">\r\n                            <a class=\"slide-gallery-image-link\" href=\"https:\/\/noticiasmercedinas.com\/site\/wp-content\/uploads\/2020\/03\/jugadores-agro-belgano-19.jpg\" title=\"jugadores-agro-belgano-19\"  data-caption=\"\"  data-description=\"\">\r\n                                <img decoding=\"async\" src=\"https:\/\/noticiasmercedinas.com\/site\/wp-content\/uploads\/2020\/03\/jugadores-agro-belgano-19.jpg\" srcset=\"https:\/\/noticiasmercedinas.com\/site\/wp-content\/uploads\/2020\/03\/jugadores-agro-belgano-19.jpg 650w, https:\/\/noticiasmercedinas.com\/site\/wp-content\/uploads\/2020\/03\/jugadores-agro-belgano-19-300x210.jpg 300w, https:\/\/noticiasmercedinas.com\/site\/wp-content\/uploads\/2020\/03\/jugadores-agro-belgano-19-640x449.jpg 640w\" sizes=\"(max-width: 650px) 100vw, 650px\" alt=\"\">\r\n                            <\/a>\r\n                            \r\n                        <\/figure>\r\n                    <\/div>\r\n                    <div class = \"td-slide-item td-item6\">\r\n                        <figure class=\"td-slide-galery-figure td-slide-popup-gallery\">\r\n                            <a class=\"slide-gallery-image-link\" href=\"https:\/\/noticiasmercedinas.com\/site\/wp-content\/uploads\/2020\/03\/News-CU-Biglia-07.05.19.png\" title=\"News-CU-Biglia-07.05.19\"  data-caption=\"\"  data-description=\"\">\r\n                                <img decoding=\"async\" src=\"https:\/\/noticiasmercedinas.com\/site\/wp-content\/uploads\/2020\/03\/News-CU-Biglia-07.05.19.png\" srcset=\"https:\/\/noticiasmercedinas.com\/site\/wp-content\/uploads\/2020\/03\/News-CU-Biglia-07.05.19.png 650w, https:\/\/noticiasmercedinas.com\/site\/wp-content\/uploads\/2020\/03\/News-CU-Biglia-07.05.19-300x180.png 300w, https:\/\/noticiasmercedinas.com\/site\/wp-content\/uploads\/2020\/03\/News-CU-Biglia-07.05.19-640x383.png 640w\" sizes=\"(max-width: 650px) 100vw, 650px\" alt=\"\">\r\n                            <\/a>\r\n                            \r\n                        <\/figure>\r\n                    <\/div>\r\n                    <div class = \"td-slide-item td-item7\">\r\n                        <figure class=\"td-slide-galery-figure td-slide-popup-gallery\">\r\n                            <a class=\"slide-gallery-image-link\" href=\"https:\/\/noticiasmercedinas.com\/site\/wp-content\/uploads\/2020\/03\/Screenshot_20200317-195017_Chrome.jpg\" title=\"Screenshot_20200317-195017_Chrome\"  data-caption=\"\"  data-description=\"\">\r\n                                <img decoding=\"async\" src=\"https:\/\/noticiasmercedinas.com\/site\/wp-content\/uploads\/2020\/03\/Screenshot_20200317-195017_Chrome.jpg\" srcset=\"https:\/\/noticiasmercedinas.com\/site\/wp-content\/uploads\/2020\/03\/Screenshot_20200317-195017_Chrome.jpg 650w, https:\/\/noticiasmercedinas.com\/site\/wp-content\/uploads\/2020\/03\/Screenshot_20200317-195017_Chrome-300x168.jpg 300w, https:\/\/noticiasmercedinas.com\/site\/wp-content\/uploads\/2020\/03\/Screenshot_20200317-195017_Chrome-640x357.jpg 640w\" sizes=\"(max-width: 650px) 100vw, 650px\" alt=\"\">\r\n                            <\/a>\r\n                            \r\n                        <\/figure>\r\n                    <\/div>\r\n                            <\/div>\r\n                        <\/div>\r\n\r\n                        <div class = \"td-doubleSlider-2\">\r\n                            <div class = \"td-slider\">\r\n                                \r\n                    <div class = \"td-button td-item1\">\r\n                        <div class = \"td-border\"><\/div>\r\n                    <\/div>\r\n                    <div class = \"td-button td-item2\">\r\n                        <div class = \"td-border\"><\/div>\r\n                    <\/div>\r\n                    <div class = \"td-button td-item3\">\r\n                        <div class = \"td-border\"><\/div>\r\n                    <\/div>\r\n                    <div class = \"td-button td-item4\">\r\n                        <div class = \"td-border\"><\/div>\r\n                    <\/div>\r\n                    <div class = \"td-button td-item5\">\r\n                        <div class = \"td-border\"><\/div>\r\n                    <\/div>\r\n                    <div class = \"td-button td-item6\">\r\n                        <div class = \"td-border\"><\/div>\r\n                    <\/div>\r\n                    <div class = \"td-button td-item7\">\r\n                        <div class = \"td-border\"><\/div>\r\n                    <\/div>\r\n                            <\/div>\r\n                        <\/div>\r\n\r\n                    <\/div>\r\n\r\n                <\/div>\r\n                \n<p>&nbsp;<\/p>\n","protected":false},"excerpt":{"rendered":"<p>En f\u00fatbol europeo hace tiempo que los torneos se han interrumpido ante la pandemia de Coronavirus, reci\u00e9n este martes se resolvi\u00f3 parar la pelota en la Argentina al menos hasta el pr\u00f3ximo 31 de marzo. En el viejo continente el panorama es otro, los equipos no se entrenan y cada futbolista lo hace de manera [&hellip;]<\/p>\n","protected":false},"author":6,"featured_media":41859,"comment_status":"open","ping_status":"open","sticky":false,"template":"","format":"standard","meta":{"footnotes":""},"categories":[5],"tags":[4787,5613,5922,5645,2162,3329,2163,2165,8269,8687,5906,8686],"class_list":["post-41857","post","type-post","status-publish","format-standard","has-post-thumbnail","hentry","category-deportes","tag-emmanuel-culio","tag-facundo-desima","tag-facundo-lescano","tag-franco-gatti","tag-gonzalo-perez","tag-ignacio-jauregui","tag-legion-mercedina","tag-lucas-biglia","tag-matias-silvestre","tag-nicolas-dematei","tag-santiago-malano","tag-tiago-portesi"],"yoast_head":"<!-- This site is optimized with the Yoast SEO plugin v27.4 - https:\/\/yoast.com\/product\/yoast-seo-wordpress\/ -->\n<title>El presente de la Legi\u00f3n Mercedina con la pelota detenida<\/title>\n<meta name=\"robots\" content=\"index, follow, max-snippet:-1, max-image-preview:large, max-video-preview:-1\" \/>\n<link rel=\"canonical\" href=\"https:\/\/noticiasmercedinas.com\/site\/2020\/03\/18\/el-presente-de-la-legion-mercedina-con-la-pelota-detenida\/\" \/>\n<meta property=\"og:locale\" content=\"es_ES\" \/>\n<meta property=\"og:type\" content=\"article\" \/>\n<meta property=\"og:title\" content=\"El presente de la Legi\u00f3n Mercedina con la pelota detenida\" \/>\n<meta property=\"og:description\" content=\"En f\u00fatbol europeo hace tiempo que los torneos se han interrumpido ante la pandemia de Coronavirus, reci\u00e9n este martes se resolvi\u00f3 parar la pelota en la Argentina al menos hasta el pr\u00f3ximo 31 de marzo. En el viejo continente el panorama es otro, los equipos no se entrenan y cada futbolista lo hace de manera [&hellip;]\" \/>\n<meta property=\"og:url\" content=\"https:\/\/noticiasmercedinas.com\/site\/2020\/03\/18\/el-presente-de-la-legion-mercedina-con-la-pelota-detenida\/\" \/>\n<meta property=\"og:site_name\" content=\"NOTICIASMERCEDINAS.COM\" \/>\n<meta property=\"article:publisher\" content=\"https:\/\/www.facebook.com\/noticiasmercedinas\/\" \/>\n<meta property=\"article:published_time\" content=\"2020-03-18T12:48:40+00:00\" \/>\n<meta property=\"og:image\" content=\"https:\/\/noticiasmercedinas.com\/site\/wp-content\/uploads\/2020\/03\/Screenshot_20200317-195017_Chrome.jpg\" \/>\n\t<meta property=\"og:image:width\" content=\"650\" \/>\n\t<meta property=\"og:image:height\" content=\"363\" \/>\n\t<meta property=\"og:image:type\" content=\"image\/jpeg\" \/>\n<meta name=\"author\" content=\"Juan Dagnino NOTICIASMERCEDINAS.COM\" \/>\n<meta name=\"twitter:card\" content=\"summary_large_image\" \/>\n<meta name=\"twitter:creator\" content=\"@notmercedinas\" \/>\n<meta name=\"twitter:site\" content=\"@notmercedinas\" \/>\n<meta name=\"twitter:label1\" content=\"Escrito por\" \/>\n\t<meta name=\"twitter:data1\" content=\"Juan Dagnino NOTICIASMERCEDINAS.COM\" \/>\n\t<meta name=\"twitter:label2\" content=\"Tiempo de lectura\" \/>\n\t<meta name=\"twitter:data2\" content=\"4 minutos\" \/>\n<script type=\"application\/ld+json\" class=\"yoast-schema-graph\">{\"@context\":\"https:\\\/\\\/schema.org\",\"@graph\":[{\"@type\":\"Article\",\"@id\":\"https:\\\/\\\/noticiasmercedinas.com\\\/site\\\/2020\\\/03\\\/18\\\/el-presente-de-la-legion-mercedina-con-la-pelota-detenida\\\/#article\",\"isPartOf\":{\"@id\":\"https:\\\/\\\/noticiasmercedinas.com\\\/site\\\/2020\\\/03\\\/18\\\/el-presente-de-la-legion-mercedina-con-la-pelota-detenida\\\/\"},\"author\":{\"name\":\"Juan Dagnino NOTICIASMERCEDINAS.COM\",\"@id\":\"https:\\\/\\\/noticiasmercedinas.com\\\/site\\\/#\\\/schema\\\/person\\\/8f2f09d666ef40986eba4a5e6f2a06f9\"},\"headline\":\"El presente de la Legi\u00f3n Mercedina con la pelota detenida\",\"datePublished\":\"2020-03-18T12:48:40+00:00\",\"mainEntityOfPage\":{\"@id\":\"https:\\\/\\\/noticiasmercedinas.com\\\/site\\\/2020\\\/03\\\/18\\\/el-presente-de-la-legion-mercedina-con-la-pelota-detenida\\\/\"},\"wordCount\":841,\"commentCount\":0,\"publisher\":{\"@id\":\"https:\\\/\\\/noticiasmercedinas.com\\\/site\\\/#organization\"},\"image\":{\"@id\":\"https:\\\/\\\/noticiasmercedinas.com\\\/site\\\/2020\\\/03\\\/18\\\/el-presente-de-la-legion-mercedina-con-la-pelota-detenida\\\/#primaryimage\"},\"thumbnailUrl\":\"https:\\\/\\\/noticiasmercedinas.com\\\/site\\\/wp-content\\\/uploads\\\/2020\\\/03\\\/Screenshot_20200317-195017_Chrome.jpg\",\"keywords\":[\"Emmanuel Culio\",\"Facundo D\u00e9sima\",\"Facundo Lescano\",\"Franco Gatti\",\"gonzalo p\u00e9rez\",\"Ignacio Jauregui\",\"legion mercedina\",\"lucas biglia\",\"Mat\u00edas Silvestre\",\"Nicol\u00e1s Dematei\",\"Santiago Malano\",\"Tiago Portesi\"],\"articleSection\":[\"Deportes\"],\"inLanguage\":\"es\",\"potentialAction\":[{\"@type\":\"CommentAction\",\"name\":\"Comment\",\"target\":[\"https:\\\/\\\/noticiasmercedinas.com\\\/site\\\/2020\\\/03\\\/18\\\/el-presente-de-la-legion-mercedina-con-la-pelota-detenida\\\/#respond\"]}]},{\"@type\":\"WebPage\",\"@id\":\"https:\\\/\\\/noticiasmercedinas.com\\\/site\\\/2020\\\/03\\\/18\\\/el-presente-de-la-legion-mercedina-con-la-pelota-detenida\\\/\",\"url\":\"https:\\\/\\\/noticiasmercedinas.com\\\/site\\\/2020\\\/03\\\/18\\\/el-presente-de-la-legion-mercedina-con-la-pelota-detenida\\\/\",\"name\":\"El presente de la Legi\u00f3n Mercedina con la pelota detenida\",\"isPartOf\":{\"@id\":\"https:\\\/\\\/noticiasmercedinas.com\\\/site\\\/#website\"},\"primaryImageOfPage\":{\"@id\":\"https:\\\/\\\/noticiasmercedinas.com\\\/site\\\/2020\\\/03\\\/18\\\/el-presente-de-la-legion-mercedina-con-la-pelota-detenida\\\/#primaryimage\"},\"image\":{\"@id\":\"https:\\\/\\\/noticiasmercedinas.com\\\/site\\\/2020\\\/03\\\/18\\\/el-presente-de-la-legion-mercedina-con-la-pelota-detenida\\\/#primaryimage\"},\"thumbnailUrl\":\"https:\\\/\\\/noticiasmercedinas.com\\\/site\\\/wp-content\\\/uploads\\\/2020\\\/03\\\/Screenshot_20200317-195017_Chrome.jpg\",\"datePublished\":\"2020-03-18T12:48:40+00:00\",\"breadcrumb\":{\"@id\":\"https:\\\/\\\/noticiasmercedinas.com\\\/site\\\/2020\\\/03\\\/18\\\/el-presente-de-la-legion-mercedina-con-la-pelota-detenida\\\/#breadcrumb\"},\"inLanguage\":\"es\",\"potentialAction\":[{\"@type\":\"ReadAction\",\"target\":[\"https:\\\/\\\/noticiasmercedinas.com\\\/site\\\/2020\\\/03\\\/18\\\/el-presente-de-la-legion-mercedina-con-la-pelota-detenida\\\/\"]}]},{\"@type\":\"ImageObject\",\"inLanguage\":\"es\",\"@id\":\"https:\\\/\\\/noticiasmercedinas.com\\\/site\\\/2020\\\/03\\\/18\\\/el-presente-de-la-legion-mercedina-con-la-pelota-detenida\\\/#primaryimage\",\"url\":\"https:\\\/\\\/noticiasmercedinas.com\\\/site\\\/wp-content\\\/uploads\\\/2020\\\/03\\\/Screenshot_20200317-195017_Chrome.jpg\",\"contentUrl\":\"https:\\\/\\\/noticiasmercedinas.com\\\/site\\\/wp-content\\\/uploads\\\/2020\\\/03\\\/Screenshot_20200317-195017_Chrome.jpg\",\"width\":650,\"height\":363},{\"@type\":\"BreadcrumbList\",\"@id\":\"https:\\\/\\\/noticiasmercedinas.com\\\/site\\\/2020\\\/03\\\/18\\\/el-presente-de-la-legion-mercedina-con-la-pelota-detenida\\\/#breadcrumb\",\"itemListElement\":[{\"@type\":\"ListItem\",\"position\":1,\"name\":\"Portada\",\"item\":\"https:\\\/\\\/noticiasmercedinas.com\\\/site\\\/\"},{\"@type\":\"ListItem\",\"position\":2,\"name\":\"El presente de la Legi\u00f3n Mercedina con la pelota detenida\"}]},{\"@type\":\"WebSite\",\"@id\":\"https:\\\/\\\/noticiasmercedinas.com\\\/site\\\/#website\",\"url\":\"https:\\\/\\\/noticiasmercedinas.com\\\/site\\\/\",\"name\":\"NOTICIASMERCEDINAS.COM\",\"description\":\"Mercedes, Buenos Aires, Argentina\",\"publisher\":{\"@id\":\"https:\\\/\\\/noticiasmercedinas.com\\\/site\\\/#organization\"},\"potentialAction\":[{\"@type\":\"SearchAction\",\"target\":{\"@type\":\"EntryPoint\",\"urlTemplate\":\"https:\\\/\\\/noticiasmercedinas.com\\\/site\\\/?s={search_term_string}\"},\"query-input\":{\"@type\":\"PropertyValueSpecification\",\"valueRequired\":true,\"valueName\":\"search_term_string\"}}],\"inLanguage\":\"es\"},{\"@type\":\"Organization\",\"@id\":\"https:\\\/\\\/noticiasmercedinas.com\\\/site\\\/#organization\",\"name\":\"NOTICIASMERCEDINAS.COM\",\"url\":\"https:\\\/\\\/noticiasmercedinas.com\\\/site\\\/\",\"logo\":{\"@type\":\"ImageObject\",\"inLanguage\":\"es\",\"@id\":\"https:\\\/\\\/noticiasmercedinas.com\\\/site\\\/#\\\/schema\\\/logo\\\/image\\\/\",\"url\":\"https:\\\/\\\/noticiasmercedinas.com\\\/site\\\/wp-content\\\/uploads\\\/2020\\\/06\\\/LOGO-512.jpg\",\"contentUrl\":\"https:\\\/\\\/noticiasmercedinas.com\\\/site\\\/wp-content\\\/uploads\\\/2020\\\/06\\\/LOGO-512.jpg\",\"width\":512,\"height\":512,\"caption\":\"NOTICIASMERCEDINAS.COM\"},\"image\":{\"@id\":\"https:\\\/\\\/noticiasmercedinas.com\\\/site\\\/#\\\/schema\\\/logo\\\/image\\\/\"},\"sameAs\":[\"https:\\\/\\\/www.facebook.com\\\/noticiasmercedinas\\\/\",\"https:\\\/\\\/x.com\\\/notmercedinas\",\"https:\\\/\\\/www.instagram.com\\\/noticiasmercedinas\\\/\"]},{\"@type\":\"Person\",\"@id\":\"https:\\\/\\\/noticiasmercedinas.com\\\/site\\\/#\\\/schema\\\/person\\\/8f2f09d666ef40986eba4a5e6f2a06f9\",\"name\":\"Juan Dagnino NOTICIASMERCEDINAS.COM\",\"image\":{\"@type\":\"ImageObject\",\"inLanguage\":\"es\",\"@id\":\"https:\\\/\\\/secure.gravatar.com\\\/avatar\\\/fc7059a769f5a3cae65fadb228a3e4accf3a64b4b2305020d0a27e6d5333c91b?s=96&d=mm&r=g\",\"url\":\"https:\\\/\\\/secure.gravatar.com\\\/avatar\\\/fc7059a769f5a3cae65fadb228a3e4accf3a64b4b2305020d0a27e6d5333c91b?s=96&d=mm&r=g\",\"contentUrl\":\"https:\\\/\\\/secure.gravatar.com\\\/avatar\\\/fc7059a769f5a3cae65fadb228a3e4accf3a64b4b2305020d0a27e6d5333c91b?s=96&d=mm&r=g\",\"caption\":\"Juan Dagnino NOTICIASMERCEDINAS.COM\"},\"url\":\"https:\\\/\\\/noticiasmercedinas.com\\\/site\\\/author\\\/juandagnino\\\/\"}]}<\/script>\n<!-- \/ Yoast SEO plugin. -->","yoast_head_json":{"title":"El presente de la Legi\u00f3n Mercedina con la pelota detenida","robots":{"index":"index","follow":"follow","max-snippet":"max-snippet:-1","max-image-preview":"max-image-preview:large","max-video-preview":"max-video-preview:-1"},"canonical":"https:\/\/noticiasmercedinas.com\/site\/2020\/03\/18\/el-presente-de-la-legion-mercedina-con-la-pelota-detenida\/","og_locale":"es_ES","og_type":"article","og_title":"El presente de la Legi\u00f3n Mercedina con la pelota detenida","og_description":"En f\u00fatbol europeo hace tiempo que los torneos se han interrumpido ante la pandemia de Coronavirus, reci\u00e9n este martes se resolvi\u00f3 parar la pelota en la Argentina al menos hasta el pr\u00f3ximo 31 de marzo. En el viejo continente el panorama es otro, los equipos no se entrenan y cada futbolista lo hace de manera [&hellip;]","og_url":"https:\/\/noticiasmercedinas.com\/site\/2020\/03\/18\/el-presente-de-la-legion-mercedina-con-la-pelota-detenida\/","og_site_name":"NOTICIASMERCEDINAS.COM","article_publisher":"https:\/\/www.facebook.com\/noticiasmercedinas\/","article_published_time":"2020-03-18T12:48:40+00:00","og_image":[{"width":650,"height":363,"url":"https:\/\/noticiasmercedinas.com\/site\/wp-content\/uploads\/2020\/03\/Screenshot_20200317-195017_Chrome.jpg","type":"image\/jpeg"}],"author":"Juan Dagnino NOTICIASMERCEDINAS.COM","twitter_card":"summary_large_image","twitter_creator":"@notmercedinas","twitter_site":"@notmercedinas","twitter_misc":{"Escrito por":"Juan Dagnino NOTICIASMERCEDINAS.COM","Tiempo de lectura":"4 minutos"},"schema":{"@context":"https:\/\/schema.org","@graph":[{"@type":"Article","@id":"https:\/\/noticiasmercedinas.com\/site\/2020\/03\/18\/el-presente-de-la-legion-mercedina-con-la-pelota-detenida\/#article","isPartOf":{"@id":"https:\/\/noticiasmercedinas.com\/site\/2020\/03\/18\/el-presente-de-la-legion-mercedina-con-la-pelota-detenida\/"},"author":{"name":"Juan Dagnino NOTICIASMERCEDINAS.COM","@id":"https:\/\/noticiasmercedinas.com\/site\/#\/schema\/person\/8f2f09d666ef40986eba4a5e6f2a06f9"},"headline":"El presente de la Legi\u00f3n Mercedina con la pelota detenida","datePublished":"2020-03-18T12:48:40+00:00","mainEntityOfPage":{"@id":"https:\/\/noticiasmercedinas.com\/site\/2020\/03\/18\/el-presente-de-la-legion-mercedina-con-la-pelota-detenida\/"},"wordCount":841,"commentCount":0,"publisher":{"@id":"https:\/\/noticiasmercedinas.com\/site\/#organization"},"image":{"@id":"https:\/\/noticiasmercedinas.com\/site\/2020\/03\/18\/el-presente-de-la-legion-mercedina-con-la-pelota-detenida\/#primaryimage"},"thumbnailUrl":"https:\/\/noticiasmercedinas.com\/site\/wp-content\/uploads\/2020\/03\/Screenshot_20200317-195017_Chrome.jpg","keywords":["Emmanuel Culio","Facundo D\u00e9sima","Facundo Lescano","Franco Gatti","gonzalo p\u00e9rez","Ignacio Jauregui","legion mercedina","lucas biglia","Mat\u00edas Silvestre","Nicol\u00e1s Dematei","Santiago Malano","Tiago Portesi"],"articleSection":["Deportes"],"inLanguage":"es","potentialAction":[{"@type":"CommentAction","name":"Comment","target":["https:\/\/noticiasmercedinas.com\/site\/2020\/03\/18\/el-presente-de-la-legion-mercedina-con-la-pelota-detenida\/#respond"]}]},{"@type":"WebPage","@id":"https:\/\/noticiasmercedinas.com\/site\/2020\/03\/18\/el-presente-de-la-legion-mercedina-con-la-pelota-detenida\/","url":"https:\/\/noticiasmercedinas.com\/site\/2020\/03\/18\/el-presente-de-la-legion-mercedina-con-la-pelota-detenida\/","name":"El presente de la Legi\u00f3n Mercedina con la pelota detenida","isPartOf":{"@id":"https:\/\/noticiasmercedinas.com\/site\/#website"},"primaryImageOfPage":{"@id":"https:\/\/noticiasmercedinas.com\/site\/2020\/03\/18\/el-presente-de-la-legion-mercedina-con-la-pelota-detenida\/#primaryimage"},"image":{"@id":"https:\/\/noticiasmercedinas.com\/site\/2020\/03\/18\/el-presente-de-la-legion-mercedina-con-la-pelota-detenida\/#primaryimage"},"thumbnailUrl":"https:\/\/noticiasmercedinas.com\/site\/wp-content\/uploads\/2020\/03\/Screenshot_20200317-195017_Chrome.jpg","datePublished":"2020-03-18T12:48:40+00:00","breadcrumb":{"@id":"https:\/\/noticiasmercedinas.com\/site\/2020\/03\/18\/el-presente-de-la-legion-mercedina-con-la-pelota-detenida\/#breadcrumb"},"inLanguage":"es","potentialAction":[{"@type":"ReadAction","target":["https:\/\/noticiasmercedinas.com\/site\/2020\/03\/18\/el-presente-de-la-legion-mercedina-con-la-pelota-detenida\/"]}]},{"@type":"ImageObject","inLanguage":"es","@id":"https:\/\/noticiasmercedinas.com\/site\/2020\/03\/18\/el-presente-de-la-legion-mercedina-con-la-pelota-detenida\/#primaryimage","url":"https:\/\/noticiasmercedinas.com\/site\/wp-content\/uploads\/2020\/03\/Screenshot_20200317-195017_Chrome.jpg","contentUrl":"https:\/\/noticiasmercedinas.com\/site\/wp-content\/uploads\/2020\/03\/Screenshot_20200317-195017_Chrome.jpg","width":650,"height":363},{"@type":"BreadcrumbList","@id":"https:\/\/noticiasmercedinas.com\/site\/2020\/03\/18\/el-presente-de-la-legion-mercedina-con-la-pelota-detenida\/#breadcrumb","itemListElement":[{"@type":"ListItem","position":1,"name":"Portada","item":"https:\/\/noticiasmercedinas.com\/site\/"},{"@type":"ListItem","position":2,"name":"El presente de la Legi\u00f3n Mercedina con la pelota detenida"}]},{"@type":"WebSite","@id":"https:\/\/noticiasmercedinas.com\/site\/#website","url":"https:\/\/noticiasmercedinas.com\/site\/","name":"NOTICIASMERCEDINAS.COM","description":"Mercedes, Buenos Aires, Argentina","publisher":{"@id":"https:\/\/noticiasmercedinas.com\/site\/#organization"},"potentialAction":[{"@type":"SearchAction","target":{"@type":"EntryPoint","urlTemplate":"https:\/\/noticiasmercedinas.com\/site\/?s={search_term_string}"},"query-input":{"@type":"PropertyValueSpecification","valueRequired":true,"valueName":"search_term_string"}}],"inLanguage":"es"},{"@type":"Organization","@id":"https:\/\/noticiasmercedinas.com\/site\/#organization","name":"NOTICIASMERCEDINAS.COM","url":"https:\/\/noticiasmercedinas.com\/site\/","logo":{"@type":"ImageObject","inLanguage":"es","@id":"https:\/\/noticiasmercedinas.com\/site\/#\/schema\/logo\/image\/","url":"https:\/\/noticiasmercedinas.com\/site\/wp-content\/uploads\/2020\/06\/LOGO-512.jpg","contentUrl":"https:\/\/noticiasmercedinas.com\/site\/wp-content\/uploads\/2020\/06\/LOGO-512.jpg","width":512,"height":512,"caption":"NOTICIASMERCEDINAS.COM"},"image":{"@id":"https:\/\/noticiasmercedinas.com\/site\/#\/schema\/logo\/image\/"},"sameAs":["https:\/\/www.facebook.com\/noticiasmercedinas\/","https:\/\/x.com\/notmercedinas","https:\/\/www.instagram.com\/noticiasmercedinas\/"]},{"@type":"Person","@id":"https:\/\/noticiasmercedinas.com\/site\/#\/schema\/person\/8f2f09d666ef40986eba4a5e6f2a06f9","name":"Juan Dagnino NOTICIASMERCEDINAS.COM","image":{"@type":"ImageObject","inLanguage":"es","@id":"https:\/\/secure.gravatar.com\/avatar\/fc7059a769f5a3cae65fadb228a3e4accf3a64b4b2305020d0a27e6d5333c91b?s=96&d=mm&r=g","url":"https:\/\/secure.gravatar.com\/avatar\/fc7059a769f5a3cae65fadb228a3e4accf3a64b4b2305020d0a27e6d5333c91b?s=96&d=mm&r=g","contentUrl":"https:\/\/secure.gravatar.com\/avatar\/fc7059a769f5a3cae65fadb228a3e4accf3a64b4b2305020d0a27e6d5333c91b?s=96&d=mm&r=g","caption":"Juan Dagnino NOTICIASMERCEDINAS.COM"},"url":"https:\/\/noticiasmercedinas.com\/site\/author\/juandagnino\/"}]}},"amp_enabled":true,"_links":{"self":[{"href":"https:\/\/noticiasmercedinas.com\/site\/wp-json\/wp\/v2\/posts\/41857","targetHints":{"allow":["GET"]}}],"collection":[{"href":"https:\/\/noticiasmercedinas.com\/site\/wp-json\/wp\/v2\/posts"}],"about":[{"href":"https:\/\/noticiasmercedinas.com\/site\/wp-json\/wp\/v2\/types\/post"}],"author":[{"embeddable":true,"href":"https:\/\/noticiasmercedinas.com\/site\/wp-json\/wp\/v2\/users\/6"}],"replies":[{"embeddable":true,"href":"https:\/\/noticiasmercedinas.com\/site\/wp-json\/wp\/v2\/comments?post=41857"}],"version-history":[{"count":1,"href":"https:\/\/noticiasmercedinas.com\/site\/wp-json\/wp\/v2\/posts\/41857\/revisions"}],"predecessor-version":[{"id":41866,"href":"https:\/\/noticiasmercedinas.com\/site\/wp-json\/wp\/v2\/posts\/41857\/revisions\/41866"}],"wp:featuredmedia":[{"embeddable":true,"href":"https:\/\/noticiasmercedinas.com\/site\/wp-json\/wp\/v2\/media\/41859"}],"wp:attachment":[{"href":"https:\/\/noticiasmercedinas.com\/site\/wp-json\/wp\/v2\/media?parent=41857"}],"wp:term":[{"taxonomy":"category","embeddable":true,"href":"https:\/\/noticiasmercedinas.com\/site\/wp-json\/wp\/v2\/categories?post=41857"},{"taxonomy":"post_tag","embeddable":true,"href":"https:\/\/noticiasmercedinas.com\/site\/wp-json\/wp\/v2\/tags?post=41857"}],"curies":[{"name":"wp","href":"https:\/\/api.w.org\/{rel}","templated":true}]}}