{"id":4221,"date":"2018-10-12T14:33:15","date_gmt":"2018-10-12T17:33:15","guid":{"rendered":"https:\/\/noticiasmercedinas.com\/site\/?p=4221"},"modified":"2018-10-12T14:35:04","modified_gmt":"2018-10-12T17:35:04","slug":"rulo-godar-y-nacion-wiphala-presenta-su-primer-video-filmado-en-espana","status":"publish","type":"post","link":"https:\/\/noticiasmercedinas.com\/site\/2018\/10\/12\/rulo-godar-y-nacion-wiphala-presenta-su-primer-video-filmado-en-espana\/","title":{"rendered":"Rulo Godar y Naci\u00f3n Wiphala presenta su primer video filmado en Espa\u00f1a"},"content":{"rendered":"<p>Rulo Godar y Naci\u00f3n Whipala finaliza su gira por la ciudad de Barcelona y presenta el primer Video Clip del Disco \u00abDesaparecer\u00bb filmado en Espa\u00f1a.<\/p>\n<p>\u00abAliada mi muerte\u00bb es el tema elegido para realizar la producci\u00f3n con la Direcci\u00f3n a cargo de Magdalena Gim\u00e9nez y la participaci\u00f3n de la banda en escenarios del Barrio G\u00f3tico en la bella ciudad Catalana.<\/p>\n<p>\u00abElegimos este tema porque representa mucho de lo que nos pas\u00f3 estando tan lejos de nuestra tierra, viviendo nuevas experiencias juntos, cual tribu nomade que sale a conocer el mundo, un poco la canci\u00f3n habla de aliarse con la muerte para tener una vida mas intensa, consciente y hermosa\u00bb, comenta Rulo Godar, cantante y compositor del proyecto.<\/p>\n<p>Aqu\u00ed pueden ver el Video Clip\u00a0<strong>Aliada mi muerte &#8211; Rulo Godar &amp; Naci\u00f3n Wiphala\u00a0<\/strong>Disco: Desaparecer.\u00a0\u00a0<strong>Direcci\u00f3n:<\/strong>\u00a0Magdalena Gimenez<\/p>\n<p>Rulo Godar y Naci\u00f3n Whipala, se encuentra tambi\u00e9n en pleno proceso de edici\u00f3n de su disco ac\u00fastico grabado en vivo en\u00a0<strong>El Cruce del Arte<\/strong>\u00a0durante el mes de febrero de 2018. De aquella noche \u00edntima, ver\u00e1n a la luz un Disco\/DVD. que saldr\u00e1 a la venta los primeros d\u00edas de diciembre.<\/p>\n","protected":false},"excerpt":{"rendered":"<p>Rulo Godar y Naci\u00f3n Whipala finaliza su gira por la ciudad de Barcelona y presenta el primer Video Clip del Disco \u00abDesaparecer\u00bb filmado en Espa\u00f1a. \u00abAliada mi muerte\u00bb es el tema elegido para realizar la producci\u00f3n con la Direcci\u00f3n a cargo de Magdalena Gim\u00e9nez y la participaci\u00f3n de la banda en escenarios del Barrio G\u00f3tico [&hellip;]<\/p>\n","protected":false},"author":2,"featured_media":4223,"comment_status":"open","ping_status":"open","sticky":false,"template":"","format":"video","meta":{"footnotes":""},"categories":[4],"tags":[1398,1399,88,1397,1396],"class_list":["post-4221","post","type-post","status-publish","format-video","has-post-thumbnail","hentry","category-cultura","tag-barcelona","tag-magdalena-gimenez","tag-musica","tag-rulo-godar-nacion-whipala","tag-video","post_format-post-format-video"],"yoast_head":"<!-- This site is optimized with the Yoast SEO plugin v27.5 - https:\/\/yoast.com\/product\/yoast-seo-wordpress\/ -->\n<title>Rulo Godar y Naci\u00f3n Wiphala presenta su primer video filmado en Espa\u00f1a<\/title>\n<meta name=\"robots\" content=\"index, follow, max-snippet:-1, max-image-preview:large, max-video-preview:-1\" \/>\n<link rel=\"canonical\" href=\"https:\/\/noticiasmercedinas.com\/site\/2018\/10\/12\/rulo-godar-y-nacion-wiphala-presenta-su-primer-video-filmado-en-espana\/\" \/>\n<meta property=\"og:locale\" content=\"es_ES\" \/>\n<meta property=\"og:type\" content=\"article\" \/>\n<meta property=\"og:title\" content=\"Rulo Godar y Naci\u00f3n Wiphala presenta su primer video filmado en Espa\u00f1a\" \/>\n<meta property=\"og:description\" content=\"Rulo Godar y Naci\u00f3n Whipala finaliza su gira por la ciudad de Barcelona y presenta el primer Video Clip del Disco \u00abDesaparecer\u00bb filmado en Espa\u00f1a. \u00abAliada mi muerte\u00bb es el tema elegido para realizar la producci\u00f3n con la Direcci\u00f3n a cargo de Magdalena Gim\u00e9nez y la participaci\u00f3n de la banda en escenarios del Barrio G\u00f3tico [&hellip;]\" \/>\n<meta property=\"og:url\" content=\"https:\/\/noticiasmercedinas.com\/site\/2018\/10\/12\/rulo-godar-y-nacion-wiphala-presenta-su-primer-video-filmado-en-espana\/\" \/>\n<meta property=\"og:site_name\" content=\"NOTICIASMERCEDINAS.COM\" \/>\n<meta property=\"article:publisher\" content=\"https:\/\/www.facebook.com\/noticiasmercedinas\/\" \/>\n<meta property=\"article:author\" content=\"https:\/\/www.facebook.com\/cristian.falabella\" \/>\n<meta property=\"article:published_time\" content=\"2018-10-12T17:33:15+00:00\" \/>\n<meta property=\"article:modified_time\" content=\"2018-10-12T17:35:04+00:00\" \/>\n<meta property=\"og:image\" content=\"https:\/\/noticiasmercedinas.com\/site\/wp-content\/uploads\/2018\/10\/maxresdefault-1.jpg\" \/>\n\t<meta property=\"og:image:width\" content=\"1280\" \/>\n\t<meta property=\"og:image:height\" content=\"720\" \/>\n\t<meta property=\"og:image:type\" content=\"image\/jpeg\" \/>\n<meta name=\"author\" content=\"Cristian Falabella NOTICIASMERCEDINAS.COM\" \/>\n<meta name=\"twitter:card\" content=\"summary_large_image\" \/>\n<meta name=\"twitter:creator\" content=\"@https:\/\/twitter.com\/NOTMERCEDINAS\" \/>\n<meta name=\"twitter:site\" content=\"@notmercedinas\" \/>\n<meta name=\"twitter:label1\" content=\"Escrito por\" \/>\n\t<meta name=\"twitter:data1\" content=\"Cristian Falabella NOTICIASMERCEDINAS.COM\" \/>\n\t<meta name=\"twitter:label2\" content=\"Tiempo de lectura\" \/>\n\t<meta name=\"twitter:data2\" content=\"1 minuto\" \/>\n<script type=\"application\/ld+json\" class=\"yoast-schema-graph\">{\"@context\":\"https:\\\/\\\/schema.org\",\"@graph\":[{\"@type\":\"Article\",\"@id\":\"https:\\\/\\\/noticiasmercedinas.com\\\/site\\\/2018\\\/10\\\/12\\\/rulo-godar-y-nacion-wiphala-presenta-su-primer-video-filmado-en-espana\\\/#article\",\"isPartOf\":{\"@id\":\"https:\\\/\\\/noticiasmercedinas.com\\\/site\\\/2018\\\/10\\\/12\\\/rulo-godar-y-nacion-wiphala-presenta-su-primer-video-filmado-en-espana\\\/\"},\"author\":{\"name\":\"Cristian Falabella NOTICIASMERCEDINAS.COM\",\"@id\":\"https:\\\/\\\/noticiasmercedinas.com\\\/site\\\/#\\\/schema\\\/person\\\/d481a9696a5feaec13a60e2bbd991a6a\"},\"headline\":\"Rulo Godar y Naci\u00f3n Wiphala presenta su primer video filmado en Espa\u00f1a\",\"datePublished\":\"2018-10-12T17:33:15+00:00\",\"dateModified\":\"2018-10-12T17:35:04+00:00\",\"mainEntityOfPage\":{\"@id\":\"https:\\\/\\\/noticiasmercedinas.com\\\/site\\\/2018\\\/10\\\/12\\\/rulo-godar-y-nacion-wiphala-presenta-su-primer-video-filmado-en-espana\\\/\"},\"wordCount\":219,\"commentCount\":0,\"publisher\":{\"@id\":\"https:\\\/\\\/noticiasmercedinas.com\\\/site\\\/#organization\"},\"image\":{\"@id\":\"https:\\\/\\\/noticiasmercedinas.com\\\/site\\\/2018\\\/10\\\/12\\\/rulo-godar-y-nacion-wiphala-presenta-su-primer-video-filmado-en-espana\\\/#primaryimage\"},\"thumbnailUrl\":\"https:\\\/\\\/noticiasmercedinas.com\\\/site\\\/wp-content\\\/uploads\\\/2018\\\/10\\\/maxresdefault-1.jpg\",\"keywords\":[\"barcelona\",\"magdalena gimenez\",\"musica\",\"rulo godar &amp; nacion whipala\",\"video\"],\"articleSection\":[\"Cultura\"],\"inLanguage\":\"es\",\"potentialAction\":[{\"@type\":\"CommentAction\",\"name\":\"Comment\",\"target\":[\"https:\\\/\\\/noticiasmercedinas.com\\\/site\\\/2018\\\/10\\\/12\\\/rulo-godar-y-nacion-wiphala-presenta-su-primer-video-filmado-en-espana\\\/#respond\"]}]},{\"@type\":\"WebPage\",\"@id\":\"https:\\\/\\\/noticiasmercedinas.com\\\/site\\\/2018\\\/10\\\/12\\\/rulo-godar-y-nacion-wiphala-presenta-su-primer-video-filmado-en-espana\\\/\",\"url\":\"https:\\\/\\\/noticiasmercedinas.com\\\/site\\\/2018\\\/10\\\/12\\\/rulo-godar-y-nacion-wiphala-presenta-su-primer-video-filmado-en-espana\\\/\",\"name\":\"Rulo Godar y Naci\u00f3n Wiphala presenta su primer video filmado en Espa\u00f1a\",\"isPartOf\":{\"@id\":\"https:\\\/\\\/noticiasmercedinas.com\\\/site\\\/#website\"},\"primaryImageOfPage\":{\"@id\":\"https:\\\/\\\/noticiasmercedinas.com\\\/site\\\/2018\\\/10\\\/12\\\/rulo-godar-y-nacion-wiphala-presenta-su-primer-video-filmado-en-espana\\\/#primaryimage\"},\"image\":{\"@id\":\"https:\\\/\\\/noticiasmercedinas.com\\\/site\\\/2018\\\/10\\\/12\\\/rulo-godar-y-nacion-wiphala-presenta-su-primer-video-filmado-en-espana\\\/#primaryimage\"},\"thumbnailUrl\":\"https:\\\/\\\/noticiasmercedinas.com\\\/site\\\/wp-content\\\/uploads\\\/2018\\\/10\\\/maxresdefault-1.jpg\",\"datePublished\":\"2018-10-12T17:33:15+00:00\",\"dateModified\":\"2018-10-12T17:35:04+00:00\",\"breadcrumb\":{\"@id\":\"https:\\\/\\\/noticiasmercedinas.com\\\/site\\\/2018\\\/10\\\/12\\\/rulo-godar-y-nacion-wiphala-presenta-su-primer-video-filmado-en-espana\\\/#breadcrumb\"},\"inLanguage\":\"es\",\"potentialAction\":[{\"@type\":\"ReadAction\",\"target\":[\"https:\\\/\\\/noticiasmercedinas.com\\\/site\\\/2018\\\/10\\\/12\\\/rulo-godar-y-nacion-wiphala-presenta-su-primer-video-filmado-en-espana\\\/\"]}]},{\"@type\":\"ImageObject\",\"inLanguage\":\"es\",\"@id\":\"https:\\\/\\\/noticiasmercedinas.com\\\/site\\\/2018\\\/10\\\/12\\\/rulo-godar-y-nacion-wiphala-presenta-su-primer-video-filmado-en-espana\\\/#primaryimage\",\"url\":\"https:\\\/\\\/noticiasmercedinas.com\\\/site\\\/wp-content\\\/uploads\\\/2018\\\/10\\\/maxresdefault-1.jpg\",\"contentUrl\":\"https:\\\/\\\/noticiasmercedinas.com\\\/site\\\/wp-content\\\/uploads\\\/2018\\\/10\\\/maxresdefault-1.jpg\",\"width\":1280,\"height\":720},{\"@type\":\"BreadcrumbList\",\"@id\":\"https:\\\/\\\/noticiasmercedinas.com\\\/site\\\/2018\\\/10\\\/12\\\/rulo-godar-y-nacion-wiphala-presenta-su-primer-video-filmado-en-espana\\\/#breadcrumb\",\"itemListElement\":[{\"@type\":\"ListItem\",\"position\":1,\"name\":\"Portada\",\"item\":\"https:\\\/\\\/noticiasmercedinas.com\\\/site\\\/\"},{\"@type\":\"ListItem\",\"position\":2,\"name\":\"Rulo Godar y Naci\u00f3n Wiphala presenta su primer video filmado en Espa\u00f1a\"}]},{\"@type\":\"WebSite\",\"@id\":\"https:\\\/\\\/noticiasmercedinas.com\\\/site\\\/#website\",\"url\":\"https:\\\/\\\/noticiasmercedinas.com\\\/site\\\/\",\"name\":\"NOTICIASMERCEDINAS.COM\",\"description\":\"Mercedes, Buenos Aires, Argentina\",\"publisher\":{\"@id\":\"https:\\\/\\\/noticiasmercedinas.com\\\/site\\\/#organization\"},\"potentialAction\":[{\"@type\":\"SearchAction\",\"target\":{\"@type\":\"EntryPoint\",\"urlTemplate\":\"https:\\\/\\\/noticiasmercedinas.com\\\/site\\\/?s={search_term_string}\"},\"query-input\":{\"@type\":\"PropertyValueSpecification\",\"valueRequired\":true,\"valueName\":\"search_term_string\"}}],\"inLanguage\":\"es\"},{\"@type\":\"Organization\",\"@id\":\"https:\\\/\\\/noticiasmercedinas.com\\\/site\\\/#organization\",\"name\":\"NOTICIASMERCEDINAS.COM\",\"url\":\"https:\\\/\\\/noticiasmercedinas.com\\\/site\\\/\",\"logo\":{\"@type\":\"ImageObject\",\"inLanguage\":\"es\",\"@id\":\"https:\\\/\\\/noticiasmercedinas.com\\\/site\\\/#\\\/schema\\\/logo\\\/image\\\/\",\"url\":\"https:\\\/\\\/noticiasmercedinas.com\\\/site\\\/wp-content\\\/uploads\\\/2020\\\/06\\\/LOGO-512.jpg\",\"contentUrl\":\"https:\\\/\\\/noticiasmercedinas.com\\\/site\\\/wp-content\\\/uploads\\\/2020\\\/06\\\/LOGO-512.jpg\",\"width\":512,\"height\":512,\"caption\":\"NOTICIASMERCEDINAS.COM\"},\"image\":{\"@id\":\"https:\\\/\\\/noticiasmercedinas.com\\\/site\\\/#\\\/schema\\\/logo\\\/image\\\/\"},\"sameAs\":[\"https:\\\/\\\/www.facebook.com\\\/noticiasmercedinas\\\/\",\"https:\\\/\\\/x.com\\\/notmercedinas\",\"https:\\\/\\\/www.instagram.com\\\/noticiasmercedinas\\\/\"]},{\"@type\":\"Person\",\"@id\":\"https:\\\/\\\/noticiasmercedinas.com\\\/site\\\/#\\\/schema\\\/person\\\/d481a9696a5feaec13a60e2bbd991a6a\",\"name\":\"Cristian Falabella NOTICIASMERCEDINAS.COM\",\"image\":{\"@type\":\"ImageObject\",\"inLanguage\":\"es\",\"@id\":\"https:\\\/\\\/secure.gravatar.com\\\/avatar\\\/0dbbfc45970cc46bcd0e57766228574ff3511d6eed045b182f536f0f478c1f06?s=96&d=mm&r=g\",\"url\":\"https:\\\/\\\/secure.gravatar.com\\\/avatar\\\/0dbbfc45970cc46bcd0e57766228574ff3511d6eed045b182f536f0f478c1f06?s=96&d=mm&r=g\",\"contentUrl\":\"https:\\\/\\\/secure.gravatar.com\\\/avatar\\\/0dbbfc45970cc46bcd0e57766228574ff3511d6eed045b182f536f0f478c1f06?s=96&d=mm&r=g\",\"caption\":\"Cristian Falabella NOTICIASMERCEDINAS.COM\"},\"description\":\"Periodista, editor de Noticias Mercedinas. Pas\u00f3 por varias redacciones y emprendimientos de prensa, en distintos formatos y \u00e9pocas. Se especializ\u00f3 --y sigue haci\u00e9ndolo-- en comunicaci\u00f3n en la web y en junio de 2006 fund\u00f3 este diario digital.\",\"sameAs\":[\"https:\\\/\\\/noticiasmercedinas.com\",\"https:\\\/\\\/www.facebook.com\\\/cristian.falabella\",\"https:\\\/\\\/www.instagram.com\\\/noticiasmercedinas\\\/\",\"https:\\\/\\\/x.com\\\/https:\\\/\\\/twitter.com\\\/NOTMERCEDINAS\"],\"url\":\"https:\\\/\\\/noticiasmercedinas.com\\\/site\\\/author\\\/as000384\\\/\"}]}<\/script>\n<!-- \/ Yoast SEO plugin. -->","yoast_head_json":{"title":"Rulo Godar y Naci\u00f3n Wiphala presenta su primer video filmado en Espa\u00f1a","robots":{"index":"index","follow":"follow","max-snippet":"max-snippet:-1","max-image-preview":"max-image-preview:large","max-video-preview":"max-video-preview:-1"},"canonical":"https:\/\/noticiasmercedinas.com\/site\/2018\/10\/12\/rulo-godar-y-nacion-wiphala-presenta-su-primer-video-filmado-en-espana\/","og_locale":"es_ES","og_type":"article","og_title":"Rulo Godar y Naci\u00f3n Wiphala presenta su primer video filmado en Espa\u00f1a","og_description":"Rulo Godar y Naci\u00f3n Whipala finaliza su gira por la ciudad de Barcelona y presenta el primer Video Clip del Disco \u00abDesaparecer\u00bb filmado en Espa\u00f1a. \u00abAliada mi muerte\u00bb es el tema elegido para realizar la producci\u00f3n con la Direcci\u00f3n a cargo de Magdalena Gim\u00e9nez y la participaci\u00f3n de la banda en escenarios del Barrio G\u00f3tico [&hellip;]","og_url":"https:\/\/noticiasmercedinas.com\/site\/2018\/10\/12\/rulo-godar-y-nacion-wiphala-presenta-su-primer-video-filmado-en-espana\/","og_site_name":"NOTICIASMERCEDINAS.COM","article_publisher":"https:\/\/www.facebook.com\/noticiasmercedinas\/","article_author":"https:\/\/www.facebook.com\/cristian.falabella","article_published_time":"2018-10-12T17:33:15+00:00","article_modified_time":"2018-10-12T17:35:04+00:00","og_image":[{"width":1280,"height":720,"url":"https:\/\/noticiasmercedinas.com\/site\/wp-content\/uploads\/2018\/10\/maxresdefault-1.jpg","type":"image\/jpeg"}],"author":"Cristian Falabella NOTICIASMERCEDINAS.COM","twitter_card":"summary_large_image","twitter_creator":"@https:\/\/twitter.com\/NOTMERCEDINAS","twitter_site":"@notmercedinas","twitter_misc":{"Escrito por":"Cristian Falabella NOTICIASMERCEDINAS.COM","Tiempo de lectura":"1 minuto"},"schema":{"@context":"https:\/\/schema.org","@graph":[{"@type":"Article","@id":"https:\/\/noticiasmercedinas.com\/site\/2018\/10\/12\/rulo-godar-y-nacion-wiphala-presenta-su-primer-video-filmado-en-espana\/#article","isPartOf":{"@id":"https:\/\/noticiasmercedinas.com\/site\/2018\/10\/12\/rulo-godar-y-nacion-wiphala-presenta-su-primer-video-filmado-en-espana\/"},"author":{"name":"Cristian Falabella NOTICIASMERCEDINAS.COM","@id":"https:\/\/noticiasmercedinas.com\/site\/#\/schema\/person\/d481a9696a5feaec13a60e2bbd991a6a"},"headline":"Rulo Godar y Naci\u00f3n Wiphala presenta su primer video filmado en Espa\u00f1a","datePublished":"2018-10-12T17:33:15+00:00","dateModified":"2018-10-12T17:35:04+00:00","mainEntityOfPage":{"@id":"https:\/\/noticiasmercedinas.com\/site\/2018\/10\/12\/rulo-godar-y-nacion-wiphala-presenta-su-primer-video-filmado-en-espana\/"},"wordCount":219,"commentCount":0,"publisher":{"@id":"https:\/\/noticiasmercedinas.com\/site\/#organization"},"image":{"@id":"https:\/\/noticiasmercedinas.com\/site\/2018\/10\/12\/rulo-godar-y-nacion-wiphala-presenta-su-primer-video-filmado-en-espana\/#primaryimage"},"thumbnailUrl":"https:\/\/noticiasmercedinas.com\/site\/wp-content\/uploads\/2018\/10\/maxresdefault-1.jpg","keywords":["barcelona","magdalena gimenez","musica","rulo godar &amp; nacion whipala","video"],"articleSection":["Cultura"],"inLanguage":"es","potentialAction":[{"@type":"CommentAction","name":"Comment","target":["https:\/\/noticiasmercedinas.com\/site\/2018\/10\/12\/rulo-godar-y-nacion-wiphala-presenta-su-primer-video-filmado-en-espana\/#respond"]}]},{"@type":"WebPage","@id":"https:\/\/noticiasmercedinas.com\/site\/2018\/10\/12\/rulo-godar-y-nacion-wiphala-presenta-su-primer-video-filmado-en-espana\/","url":"https:\/\/noticiasmercedinas.com\/site\/2018\/10\/12\/rulo-godar-y-nacion-wiphala-presenta-su-primer-video-filmado-en-espana\/","name":"Rulo Godar y Naci\u00f3n Wiphala presenta su primer video filmado en Espa\u00f1a","isPartOf":{"@id":"https:\/\/noticiasmercedinas.com\/site\/#website"},"primaryImageOfPage":{"@id":"https:\/\/noticiasmercedinas.com\/site\/2018\/10\/12\/rulo-godar-y-nacion-wiphala-presenta-su-primer-video-filmado-en-espana\/#primaryimage"},"image":{"@id":"https:\/\/noticiasmercedinas.com\/site\/2018\/10\/12\/rulo-godar-y-nacion-wiphala-presenta-su-primer-video-filmado-en-espana\/#primaryimage"},"thumbnailUrl":"https:\/\/noticiasmercedinas.com\/site\/wp-content\/uploads\/2018\/10\/maxresdefault-1.jpg","datePublished":"2018-10-12T17:33:15+00:00","dateModified":"2018-10-12T17:35:04+00:00","breadcrumb":{"@id":"https:\/\/noticiasmercedinas.com\/site\/2018\/10\/12\/rulo-godar-y-nacion-wiphala-presenta-su-primer-video-filmado-en-espana\/#breadcrumb"},"inLanguage":"es","potentialAction":[{"@type":"ReadAction","target":["https:\/\/noticiasmercedinas.com\/site\/2018\/10\/12\/rulo-godar-y-nacion-wiphala-presenta-su-primer-video-filmado-en-espana\/"]}]},{"@type":"ImageObject","inLanguage":"es","@id":"https:\/\/noticiasmercedinas.com\/site\/2018\/10\/12\/rulo-godar-y-nacion-wiphala-presenta-su-primer-video-filmado-en-espana\/#primaryimage","url":"https:\/\/noticiasmercedinas.com\/site\/wp-content\/uploads\/2018\/10\/maxresdefault-1.jpg","contentUrl":"https:\/\/noticiasmercedinas.com\/site\/wp-content\/uploads\/2018\/10\/maxresdefault-1.jpg","width":1280,"height":720},{"@type":"BreadcrumbList","@id":"https:\/\/noticiasmercedinas.com\/site\/2018\/10\/12\/rulo-godar-y-nacion-wiphala-presenta-su-primer-video-filmado-en-espana\/#breadcrumb","itemListElement":[{"@type":"ListItem","position":1,"name":"Portada","item":"https:\/\/noticiasmercedinas.com\/site\/"},{"@type":"ListItem","position":2,"name":"Rulo Godar y Naci\u00f3n Wiphala presenta su primer video filmado en Espa\u00f1a"}]},{"@type":"WebSite","@id":"https:\/\/noticiasmercedinas.com\/site\/#website","url":"https:\/\/noticiasmercedinas.com\/site\/","name":"NOTICIASMERCEDINAS.COM","description":"Mercedes, Buenos Aires, Argentina","publisher":{"@id":"https:\/\/noticiasmercedinas.com\/site\/#organization"},"potentialAction":[{"@type":"SearchAction","target":{"@type":"EntryPoint","urlTemplate":"https:\/\/noticiasmercedinas.com\/site\/?s={search_term_string}"},"query-input":{"@type":"PropertyValueSpecification","valueRequired":true,"valueName":"search_term_string"}}],"inLanguage":"es"},{"@type":"Organization","@id":"https:\/\/noticiasmercedinas.com\/site\/#organization","name":"NOTICIASMERCEDINAS.COM","url":"https:\/\/noticiasmercedinas.com\/site\/","logo":{"@type":"ImageObject","inLanguage":"es","@id":"https:\/\/noticiasmercedinas.com\/site\/#\/schema\/logo\/image\/","url":"https:\/\/noticiasmercedinas.com\/site\/wp-content\/uploads\/2020\/06\/LOGO-512.jpg","contentUrl":"https:\/\/noticiasmercedinas.com\/site\/wp-content\/uploads\/2020\/06\/LOGO-512.jpg","width":512,"height":512,"caption":"NOTICIASMERCEDINAS.COM"},"image":{"@id":"https:\/\/noticiasmercedinas.com\/site\/#\/schema\/logo\/image\/"},"sameAs":["https:\/\/www.facebook.com\/noticiasmercedinas\/","https:\/\/x.com\/notmercedinas","https:\/\/www.instagram.com\/noticiasmercedinas\/"]},{"@type":"Person","@id":"https:\/\/noticiasmercedinas.com\/site\/#\/schema\/person\/d481a9696a5feaec13a60e2bbd991a6a","name":"Cristian Falabella NOTICIASMERCEDINAS.COM","image":{"@type":"ImageObject","inLanguage":"es","@id":"https:\/\/secure.gravatar.com\/avatar\/0dbbfc45970cc46bcd0e57766228574ff3511d6eed045b182f536f0f478c1f06?s=96&d=mm&r=g","url":"https:\/\/secure.gravatar.com\/avatar\/0dbbfc45970cc46bcd0e57766228574ff3511d6eed045b182f536f0f478c1f06?s=96&d=mm&r=g","contentUrl":"https:\/\/secure.gravatar.com\/avatar\/0dbbfc45970cc46bcd0e57766228574ff3511d6eed045b182f536f0f478c1f06?s=96&d=mm&r=g","caption":"Cristian Falabella NOTICIASMERCEDINAS.COM"},"description":"Periodista, editor de Noticias Mercedinas. Pas\u00f3 por varias redacciones y emprendimientos de prensa, en distintos formatos y \u00e9pocas. Se especializ\u00f3 --y sigue haci\u00e9ndolo-- en comunicaci\u00f3n en la web y en junio de 2006 fund\u00f3 este diario digital.","sameAs":["https:\/\/noticiasmercedinas.com","https:\/\/www.facebook.com\/cristian.falabella","https:\/\/www.instagram.com\/noticiasmercedinas\/","https:\/\/x.com\/https:\/\/twitter.com\/NOTMERCEDINAS"],"url":"https:\/\/noticiasmercedinas.com\/site\/author\/as000384\/"}]}},"amp_enabled":true,"_links":{"self":[{"href":"https:\/\/noticiasmercedinas.com\/site\/wp-json\/wp\/v2\/posts\/4221","targetHints":{"allow":["GET"]}}],"collection":[{"href":"https:\/\/noticiasmercedinas.com\/site\/wp-json\/wp\/v2\/posts"}],"about":[{"href":"https:\/\/noticiasmercedinas.com\/site\/wp-json\/wp\/v2\/types\/post"}],"author":[{"embeddable":true,"href":"https:\/\/noticiasmercedinas.com\/site\/wp-json\/wp\/v2\/users\/2"}],"replies":[{"embeddable":true,"href":"https:\/\/noticiasmercedinas.com\/site\/wp-json\/wp\/v2\/comments?post=4221"}],"version-history":[{"count":2,"href":"https:\/\/noticiasmercedinas.com\/site\/wp-json\/wp\/v2\/posts\/4221\/revisions"}],"predecessor-version":[{"id":4224,"href":"https:\/\/noticiasmercedinas.com\/site\/wp-json\/wp\/v2\/posts\/4221\/revisions\/4224"}],"wp:featuredmedia":[{"embeddable":true,"href":"https:\/\/noticiasmercedinas.com\/site\/wp-json\/wp\/v2\/media\/4223"}],"wp:attachment":[{"href":"https:\/\/noticiasmercedinas.com\/site\/wp-json\/wp\/v2\/media?parent=4221"}],"wp:term":[{"taxonomy":"category","embeddable":true,"href":"https:\/\/noticiasmercedinas.com\/site\/wp-json\/wp\/v2\/categories?post=4221"},{"taxonomy":"post_tag","embeddable":true,"href":"https:\/\/noticiasmercedinas.com\/site\/wp-json\/wp\/v2\/tags?post=4221"}],"curies":[{"name":"wp","href":"https:\/\/api.w.org\/{rel}","templated":true}]}}