{"id":42320,"date":"2020-03-25T14:13:24","date_gmt":"2020-03-25T17:13:24","guid":{"rendered":"https:\/\/noticiasmercedinas.com\/site\/?p=42320"},"modified":"2020-03-25T14:13:24","modified_gmt":"2020-03-25T17:13:24","slug":"rulo-godar-se-queda-en-casa-y-comparte-temas-nuevos-este-jueves","status":"publish","type":"post","link":"https:\/\/noticiasmercedinas.com\/site\/2020\/03\/25\/rulo-godar-se-queda-en-casa-y-comparte-temas-nuevos-este-jueves\/","title":{"rendered":"Rulo Godar se queda en casa y comparte temas nuevos, este jueves"},"content":{"rendered":"<p><img loading=\"lazy\" decoding=\"async\" class=\"alignnone size-full wp-image-42321\" src=\"https:\/\/noticiasmercedinas.com\/site\/wp-content\/uploads\/2020\/03\/90772748_907206206372758_5033497397972434944_o.jpg\" alt=\"\" width=\"960\" height=\"960\" srcset=\"https:\/\/noticiasmercedinas.com\/site\/wp-content\/uploads\/2020\/03\/90772748_907206206372758_5033497397972434944_o.jpg 960w, https:\/\/noticiasmercedinas.com\/site\/wp-content\/uploads\/2020\/03\/90772748_907206206372758_5033497397972434944_o-300x300.jpg 300w, https:\/\/noticiasmercedinas.com\/site\/wp-content\/uploads\/2020\/03\/90772748_907206206372758_5033497397972434944_o-150x150.jpg 150w, https:\/\/noticiasmercedinas.com\/site\/wp-content\/uploads\/2020\/03\/90772748_907206206372758_5033497397972434944_o-768x768.jpg 768w, https:\/\/noticiasmercedinas.com\/site\/wp-content\/uploads\/2020\/03\/90772748_907206206372758_5033497397972434944_o-640x640.jpg 640w, https:\/\/noticiasmercedinas.com\/site\/wp-content\/uploads\/2020\/03\/90772748_907206206372758_5033497397972434944_o-681x681.jpg 681w\" sizes=\"auto, (max-width: 960px) 100vw, 960px\" \/><\/p>\n<p>Este jueves a las 20 horas<strong> Rulo Godar<\/strong> va a estar haciendo un Instagram Live mostrando algunas canciones de lo que ser\u00e1 el pr\u00f3ximo disco \u00abEn la Luz\u00bb, que est\u00e1 cocin\u00e1ndose por estos d\u00edas. \u00abLa idea es estar acompa\u00f1\u00e1ndonos un poco en esta Cuarentena\u00bb, coment\u00f3 el l\u00edder de los Naci\u00f3n Whipala.<\/p>\n<p>\u00abEs importante que entendamos que para que esto pase pronto hay que respetar las medidas y no fomentar noticias no oficiales. Es bien simple. Quedarse en casa\u00bb, explic\u00f3.<\/p>\n<p>Es as\u00ed que este jueves 26 de marzo Rulo Godar har\u00e1 un Encuentro Ac\u00fastico por Instagram Live. Desde las 20 horas compartir\u00e1 temas in\u00e9ditos del pr\u00f3ximo disco de Rulo Godar y Naci\u00f3n Wiphala<\/p>\n<p>FB <a href=\"https:\/\/goo.gl\/i9xuHB\" target=\"_blank\" rel=\"noopener noreferrer\"><strong><span style=\"color: #000080;\">https:\/\/goo.gl\/i9xuHB<\/span><\/strong><\/a><br \/>\nIG <strong><span style=\"color: #000080;\"><a style=\"color: #000080;\" href=\"https:\/\/goo.gl\/tEYujV\" target=\"_blank\" rel=\"noopener noreferrer\">https:\/\/goo.gl\/tEYujV<\/a><\/span><\/strong><br \/>\nYT <a href=\"http:\/\/bit.do\/eE4Uh\" target=\"_blank\" rel=\"noopener noreferrer\"><strong><span style=\"color: #000080;\">http:\/\/bit.do\/eE4Uh<\/span><\/strong><\/a><\/p>\n<p>Los Naci\u00f3n Wiphala son Franco Di Catarina, Santi Suarez, Marcos Porcar, Martin Campissi y Rulo Godar.<\/p>\n","protected":false},"excerpt":{"rendered":"<p>Este jueves a las 20 horas Rulo Godar va a estar haciendo un Instagram Live mostrando algunas canciones de lo que ser\u00e1 el pr\u00f3ximo disco \u00abEn la Luz\u00bb, que est\u00e1 cocin\u00e1ndose por estos d\u00edas. \u00abLa idea es estar acompa\u00f1\u00e1ndonos un poco en esta Cuarentena\u00bb, coment\u00f3 el l\u00edder de los Naci\u00f3n Whipala. \u00abEs importante que entendamos [&hellip;]<\/p>\n","protected":false},"author":2,"featured_media":42321,"comment_status":"open","ping_status":"open","sticky":false,"template":"","format":"standard","meta":{"footnotes":""},"categories":[4],"tags":[4692,4931,4690,6356,88,8663,8672,3802,1397,4689],"class_list":["post-42320","post","type-post","status-publish","format-standard","has-post-thumbnail","hentry","category-cultura","tag-franco-di-catarina","tag-instagram","tag-marcos-porcar","tag-martin-campissi","tag-musica","tag-pandemia","tag-quedate-en-casa","tag-rulo-godar","tag-rulo-godar-nacion-whipala","tag-santi-suarez"],"yoast_head":"<!-- This site is optimized with the Yoast SEO plugin v27.4 - https:\/\/yoast.com\/product\/yoast-seo-wordpress\/ -->\n<title>Rulo Godar se queda en casa y comparte temas nuevos, este jueves<\/title>\n<meta name=\"robots\" content=\"index, follow, max-snippet:-1, max-image-preview:large, max-video-preview:-1\" \/>\n<link rel=\"canonical\" href=\"https:\/\/noticiasmercedinas.com\/site\/2020\/03\/25\/rulo-godar-se-queda-en-casa-y-comparte-temas-nuevos-este-jueves\/\" \/>\n<meta property=\"og:locale\" content=\"es_ES\" \/>\n<meta property=\"og:type\" content=\"article\" \/>\n<meta property=\"og:title\" content=\"Rulo Godar se queda en casa y comparte temas nuevos, este jueves\" \/>\n<meta property=\"og:description\" content=\"Este jueves a las 20 horas Rulo Godar va a estar haciendo un Instagram Live mostrando algunas canciones de lo que ser\u00e1 el pr\u00f3ximo disco \u00abEn la Luz\u00bb, que est\u00e1 cocin\u00e1ndose por estos d\u00edas. \u00abLa idea es estar acompa\u00f1\u00e1ndonos un poco en esta Cuarentena\u00bb, coment\u00f3 el l\u00edder de los Naci\u00f3n Whipala. \u00abEs importante que entendamos [&hellip;]\" \/>\n<meta property=\"og:url\" content=\"https:\/\/noticiasmercedinas.com\/site\/2020\/03\/25\/rulo-godar-se-queda-en-casa-y-comparte-temas-nuevos-este-jueves\/\" \/>\n<meta property=\"og:site_name\" content=\"NOTICIASMERCEDINAS.COM\" \/>\n<meta property=\"article:publisher\" content=\"https:\/\/www.facebook.com\/noticiasmercedinas\/\" \/>\n<meta property=\"article:author\" content=\"https:\/\/www.facebook.com\/cristian.falabella\" \/>\n<meta property=\"article:published_time\" content=\"2020-03-25T17:13:24+00:00\" \/>\n<meta property=\"og:image\" content=\"https:\/\/noticiasmercedinas.com\/site\/wp-content\/uploads\/2020\/03\/90772748_907206206372758_5033497397972434944_o.jpg\" \/>\n\t<meta property=\"og:image:width\" content=\"960\" \/>\n\t<meta property=\"og:image:height\" content=\"960\" \/>\n\t<meta property=\"og:image:type\" content=\"image\/jpeg\" \/>\n<meta name=\"author\" content=\"Cristian Falabella NOTICIASMERCEDINAS.COM\" \/>\n<meta name=\"twitter:card\" content=\"summary_large_image\" \/>\n<meta name=\"twitter:creator\" content=\"@https:\/\/twitter.com\/NOTMERCEDINAS\" \/>\n<meta name=\"twitter:site\" content=\"@notmercedinas\" \/>\n<meta name=\"twitter:label1\" content=\"Escrito por\" \/>\n\t<meta name=\"twitter:data1\" content=\"Cristian Falabella NOTICIASMERCEDINAS.COM\" \/>\n\t<meta name=\"twitter:label2\" content=\"Tiempo de lectura\" \/>\n\t<meta name=\"twitter:data2\" content=\"1 minuto\" \/>\n<script type=\"application\/ld+json\" class=\"yoast-schema-graph\">{\"@context\":\"https:\\\/\\\/schema.org\",\"@graph\":[{\"@type\":\"Article\",\"@id\":\"https:\\\/\\\/noticiasmercedinas.com\\\/site\\\/2020\\\/03\\\/25\\\/rulo-godar-se-queda-en-casa-y-comparte-temas-nuevos-este-jueves\\\/#article\",\"isPartOf\":{\"@id\":\"https:\\\/\\\/noticiasmercedinas.com\\\/site\\\/2020\\\/03\\\/25\\\/rulo-godar-se-queda-en-casa-y-comparte-temas-nuevos-este-jueves\\\/\"},\"author\":{\"name\":\"Cristian Falabella NOTICIASMERCEDINAS.COM\",\"@id\":\"https:\\\/\\\/noticiasmercedinas.com\\\/site\\\/#\\\/schema\\\/person\\\/d481a9696a5feaec13a60e2bbd991a6a\"},\"headline\":\"Rulo Godar se queda en casa y comparte temas nuevos, este jueves\",\"datePublished\":\"2020-03-25T17:13:24+00:00\",\"mainEntityOfPage\":{\"@id\":\"https:\\\/\\\/noticiasmercedinas.com\\\/site\\\/2020\\\/03\\\/25\\\/rulo-godar-se-queda-en-casa-y-comparte-temas-nuevos-este-jueves\\\/\"},\"wordCount\":165,\"commentCount\":0,\"publisher\":{\"@id\":\"https:\\\/\\\/noticiasmercedinas.com\\\/site\\\/#organization\"},\"image\":{\"@id\":\"https:\\\/\\\/noticiasmercedinas.com\\\/site\\\/2020\\\/03\\\/25\\\/rulo-godar-se-queda-en-casa-y-comparte-temas-nuevos-este-jueves\\\/#primaryimage\"},\"thumbnailUrl\":\"https:\\\/\\\/noticiasmercedinas.com\\\/site\\\/wp-content\\\/uploads\\\/2020\\\/03\\\/90772748_907206206372758_5033497397972434944_o.jpg\",\"keywords\":[\"Franco Di Catarina\",\"Instagram\",\"Marcos Porcar\",\"Mart\u00edn Campissi\",\"musica\",\"pandemia\",\"quedate en casa\",\"Rulo Godar\",\"rulo godar &amp; nacion whipala\",\"Santi Su\u00e1rez\"],\"articleSection\":[\"Cultura\"],\"inLanguage\":\"es\",\"potentialAction\":[{\"@type\":\"CommentAction\",\"name\":\"Comment\",\"target\":[\"https:\\\/\\\/noticiasmercedinas.com\\\/site\\\/2020\\\/03\\\/25\\\/rulo-godar-se-queda-en-casa-y-comparte-temas-nuevos-este-jueves\\\/#respond\"]}]},{\"@type\":\"WebPage\",\"@id\":\"https:\\\/\\\/noticiasmercedinas.com\\\/site\\\/2020\\\/03\\\/25\\\/rulo-godar-se-queda-en-casa-y-comparte-temas-nuevos-este-jueves\\\/\",\"url\":\"https:\\\/\\\/noticiasmercedinas.com\\\/site\\\/2020\\\/03\\\/25\\\/rulo-godar-se-queda-en-casa-y-comparte-temas-nuevos-este-jueves\\\/\",\"name\":\"Rulo Godar se queda en casa y comparte temas nuevos, este jueves\",\"isPartOf\":{\"@id\":\"https:\\\/\\\/noticiasmercedinas.com\\\/site\\\/#website\"},\"primaryImageOfPage\":{\"@id\":\"https:\\\/\\\/noticiasmercedinas.com\\\/site\\\/2020\\\/03\\\/25\\\/rulo-godar-se-queda-en-casa-y-comparte-temas-nuevos-este-jueves\\\/#primaryimage\"},\"image\":{\"@id\":\"https:\\\/\\\/noticiasmercedinas.com\\\/site\\\/2020\\\/03\\\/25\\\/rulo-godar-se-queda-en-casa-y-comparte-temas-nuevos-este-jueves\\\/#primaryimage\"},\"thumbnailUrl\":\"https:\\\/\\\/noticiasmercedinas.com\\\/site\\\/wp-content\\\/uploads\\\/2020\\\/03\\\/90772748_907206206372758_5033497397972434944_o.jpg\",\"datePublished\":\"2020-03-25T17:13:24+00:00\",\"breadcrumb\":{\"@id\":\"https:\\\/\\\/noticiasmercedinas.com\\\/site\\\/2020\\\/03\\\/25\\\/rulo-godar-se-queda-en-casa-y-comparte-temas-nuevos-este-jueves\\\/#breadcrumb\"},\"inLanguage\":\"es\",\"potentialAction\":[{\"@type\":\"ReadAction\",\"target\":[\"https:\\\/\\\/noticiasmercedinas.com\\\/site\\\/2020\\\/03\\\/25\\\/rulo-godar-se-queda-en-casa-y-comparte-temas-nuevos-este-jueves\\\/\"]}]},{\"@type\":\"ImageObject\",\"inLanguage\":\"es\",\"@id\":\"https:\\\/\\\/noticiasmercedinas.com\\\/site\\\/2020\\\/03\\\/25\\\/rulo-godar-se-queda-en-casa-y-comparte-temas-nuevos-este-jueves\\\/#primaryimage\",\"url\":\"https:\\\/\\\/noticiasmercedinas.com\\\/site\\\/wp-content\\\/uploads\\\/2020\\\/03\\\/90772748_907206206372758_5033497397972434944_o.jpg\",\"contentUrl\":\"https:\\\/\\\/noticiasmercedinas.com\\\/site\\\/wp-content\\\/uploads\\\/2020\\\/03\\\/90772748_907206206372758_5033497397972434944_o.jpg\",\"width\":960,\"height\":960},{\"@type\":\"BreadcrumbList\",\"@id\":\"https:\\\/\\\/noticiasmercedinas.com\\\/site\\\/2020\\\/03\\\/25\\\/rulo-godar-se-queda-en-casa-y-comparte-temas-nuevos-este-jueves\\\/#breadcrumb\",\"itemListElement\":[{\"@type\":\"ListItem\",\"position\":1,\"name\":\"Portada\",\"item\":\"https:\\\/\\\/noticiasmercedinas.com\\\/site\\\/\"},{\"@type\":\"ListItem\",\"position\":2,\"name\":\"Rulo Godar se queda en casa y comparte temas nuevos, este jueves\"}]},{\"@type\":\"WebSite\",\"@id\":\"https:\\\/\\\/noticiasmercedinas.com\\\/site\\\/#website\",\"url\":\"https:\\\/\\\/noticiasmercedinas.com\\\/site\\\/\",\"name\":\"NOTICIASMERCEDINAS.COM\",\"description\":\"Mercedes, Buenos Aires, Argentina\",\"publisher\":{\"@id\":\"https:\\\/\\\/noticiasmercedinas.com\\\/site\\\/#organization\"},\"potentialAction\":[{\"@type\":\"SearchAction\",\"target\":{\"@type\":\"EntryPoint\",\"urlTemplate\":\"https:\\\/\\\/noticiasmercedinas.com\\\/site\\\/?s={search_term_string}\"},\"query-input\":{\"@type\":\"PropertyValueSpecification\",\"valueRequired\":true,\"valueName\":\"search_term_string\"}}],\"inLanguage\":\"es\"},{\"@type\":\"Organization\",\"@id\":\"https:\\\/\\\/noticiasmercedinas.com\\\/site\\\/#organization\",\"name\":\"NOTICIASMERCEDINAS.COM\",\"url\":\"https:\\\/\\\/noticiasmercedinas.com\\\/site\\\/\",\"logo\":{\"@type\":\"ImageObject\",\"inLanguage\":\"es\",\"@id\":\"https:\\\/\\\/noticiasmercedinas.com\\\/site\\\/#\\\/schema\\\/logo\\\/image\\\/\",\"url\":\"https:\\\/\\\/noticiasmercedinas.com\\\/site\\\/wp-content\\\/uploads\\\/2020\\\/06\\\/LOGO-512.jpg\",\"contentUrl\":\"https:\\\/\\\/noticiasmercedinas.com\\\/site\\\/wp-content\\\/uploads\\\/2020\\\/06\\\/LOGO-512.jpg\",\"width\":512,\"height\":512,\"caption\":\"NOTICIASMERCEDINAS.COM\"},\"image\":{\"@id\":\"https:\\\/\\\/noticiasmercedinas.com\\\/site\\\/#\\\/schema\\\/logo\\\/image\\\/\"},\"sameAs\":[\"https:\\\/\\\/www.facebook.com\\\/noticiasmercedinas\\\/\",\"https:\\\/\\\/x.com\\\/notmercedinas\",\"https:\\\/\\\/www.instagram.com\\\/noticiasmercedinas\\\/\"]},{\"@type\":\"Person\",\"@id\":\"https:\\\/\\\/noticiasmercedinas.com\\\/site\\\/#\\\/schema\\\/person\\\/d481a9696a5feaec13a60e2bbd991a6a\",\"name\":\"Cristian Falabella NOTICIASMERCEDINAS.COM\",\"image\":{\"@type\":\"ImageObject\",\"inLanguage\":\"es\",\"@id\":\"https:\\\/\\\/secure.gravatar.com\\\/avatar\\\/0dbbfc45970cc46bcd0e57766228574ff3511d6eed045b182f536f0f478c1f06?s=96&d=mm&r=g\",\"url\":\"https:\\\/\\\/secure.gravatar.com\\\/avatar\\\/0dbbfc45970cc46bcd0e57766228574ff3511d6eed045b182f536f0f478c1f06?s=96&d=mm&r=g\",\"contentUrl\":\"https:\\\/\\\/secure.gravatar.com\\\/avatar\\\/0dbbfc45970cc46bcd0e57766228574ff3511d6eed045b182f536f0f478c1f06?s=96&d=mm&r=g\",\"caption\":\"Cristian Falabella NOTICIASMERCEDINAS.COM\"},\"description\":\"Periodista, editor de Noticias Mercedinas. Pas\u00f3 por varias redacciones y emprendimientos de prensa, en distintos formatos y \u00e9pocas. Se especializ\u00f3 --y sigue haci\u00e9ndolo-- en comunicaci\u00f3n en la web y en junio de 2006 fund\u00f3 este diario digital.\",\"sameAs\":[\"https:\\\/\\\/noticiasmercedinas.com\",\"https:\\\/\\\/www.facebook.com\\\/cristian.falabella\",\"https:\\\/\\\/www.instagram.com\\\/noticiasmercedinas\\\/\",\"https:\\\/\\\/x.com\\\/https:\\\/\\\/twitter.com\\\/NOTMERCEDINAS\"],\"url\":\"https:\\\/\\\/noticiasmercedinas.com\\\/site\\\/author\\\/as000384\\\/\"}]}<\/script>\n<!-- \/ Yoast SEO plugin. -->","yoast_head_json":{"title":"Rulo Godar se queda en casa y comparte temas nuevos, este jueves","robots":{"index":"index","follow":"follow","max-snippet":"max-snippet:-1","max-image-preview":"max-image-preview:large","max-video-preview":"max-video-preview:-1"},"canonical":"https:\/\/noticiasmercedinas.com\/site\/2020\/03\/25\/rulo-godar-se-queda-en-casa-y-comparte-temas-nuevos-este-jueves\/","og_locale":"es_ES","og_type":"article","og_title":"Rulo Godar se queda en casa y comparte temas nuevos, este jueves","og_description":"Este jueves a las 20 horas Rulo Godar va a estar haciendo un Instagram Live mostrando algunas canciones de lo que ser\u00e1 el pr\u00f3ximo disco \u00abEn la Luz\u00bb, que est\u00e1 cocin\u00e1ndose por estos d\u00edas. \u00abLa idea es estar acompa\u00f1\u00e1ndonos un poco en esta Cuarentena\u00bb, coment\u00f3 el l\u00edder de los Naci\u00f3n Whipala. \u00abEs importante que entendamos [&hellip;]","og_url":"https:\/\/noticiasmercedinas.com\/site\/2020\/03\/25\/rulo-godar-se-queda-en-casa-y-comparte-temas-nuevos-este-jueves\/","og_site_name":"NOTICIASMERCEDINAS.COM","article_publisher":"https:\/\/www.facebook.com\/noticiasmercedinas\/","article_author":"https:\/\/www.facebook.com\/cristian.falabella","article_published_time":"2020-03-25T17:13:24+00:00","og_image":[{"width":960,"height":960,"url":"https:\/\/noticiasmercedinas.com\/site\/wp-content\/uploads\/2020\/03\/90772748_907206206372758_5033497397972434944_o.jpg","type":"image\/jpeg"}],"author":"Cristian Falabella NOTICIASMERCEDINAS.COM","twitter_card":"summary_large_image","twitter_creator":"@https:\/\/twitter.com\/NOTMERCEDINAS","twitter_site":"@notmercedinas","twitter_misc":{"Escrito por":"Cristian Falabella NOTICIASMERCEDINAS.COM","Tiempo de lectura":"1 minuto"},"schema":{"@context":"https:\/\/schema.org","@graph":[{"@type":"Article","@id":"https:\/\/noticiasmercedinas.com\/site\/2020\/03\/25\/rulo-godar-se-queda-en-casa-y-comparte-temas-nuevos-este-jueves\/#article","isPartOf":{"@id":"https:\/\/noticiasmercedinas.com\/site\/2020\/03\/25\/rulo-godar-se-queda-en-casa-y-comparte-temas-nuevos-este-jueves\/"},"author":{"name":"Cristian Falabella NOTICIASMERCEDINAS.COM","@id":"https:\/\/noticiasmercedinas.com\/site\/#\/schema\/person\/d481a9696a5feaec13a60e2bbd991a6a"},"headline":"Rulo Godar se queda en casa y comparte temas nuevos, este jueves","datePublished":"2020-03-25T17:13:24+00:00","mainEntityOfPage":{"@id":"https:\/\/noticiasmercedinas.com\/site\/2020\/03\/25\/rulo-godar-se-queda-en-casa-y-comparte-temas-nuevos-este-jueves\/"},"wordCount":165,"commentCount":0,"publisher":{"@id":"https:\/\/noticiasmercedinas.com\/site\/#organization"},"image":{"@id":"https:\/\/noticiasmercedinas.com\/site\/2020\/03\/25\/rulo-godar-se-queda-en-casa-y-comparte-temas-nuevos-este-jueves\/#primaryimage"},"thumbnailUrl":"https:\/\/noticiasmercedinas.com\/site\/wp-content\/uploads\/2020\/03\/90772748_907206206372758_5033497397972434944_o.jpg","keywords":["Franco Di Catarina","Instagram","Marcos Porcar","Mart\u00edn Campissi","musica","pandemia","quedate en casa","Rulo Godar","rulo godar &amp; nacion whipala","Santi Su\u00e1rez"],"articleSection":["Cultura"],"inLanguage":"es","potentialAction":[{"@type":"CommentAction","name":"Comment","target":["https:\/\/noticiasmercedinas.com\/site\/2020\/03\/25\/rulo-godar-se-queda-en-casa-y-comparte-temas-nuevos-este-jueves\/#respond"]}]},{"@type":"WebPage","@id":"https:\/\/noticiasmercedinas.com\/site\/2020\/03\/25\/rulo-godar-se-queda-en-casa-y-comparte-temas-nuevos-este-jueves\/","url":"https:\/\/noticiasmercedinas.com\/site\/2020\/03\/25\/rulo-godar-se-queda-en-casa-y-comparte-temas-nuevos-este-jueves\/","name":"Rulo Godar se queda en casa y comparte temas nuevos, este jueves","isPartOf":{"@id":"https:\/\/noticiasmercedinas.com\/site\/#website"},"primaryImageOfPage":{"@id":"https:\/\/noticiasmercedinas.com\/site\/2020\/03\/25\/rulo-godar-se-queda-en-casa-y-comparte-temas-nuevos-este-jueves\/#primaryimage"},"image":{"@id":"https:\/\/noticiasmercedinas.com\/site\/2020\/03\/25\/rulo-godar-se-queda-en-casa-y-comparte-temas-nuevos-este-jueves\/#primaryimage"},"thumbnailUrl":"https:\/\/noticiasmercedinas.com\/site\/wp-content\/uploads\/2020\/03\/90772748_907206206372758_5033497397972434944_o.jpg","datePublished":"2020-03-25T17:13:24+00:00","breadcrumb":{"@id":"https:\/\/noticiasmercedinas.com\/site\/2020\/03\/25\/rulo-godar-se-queda-en-casa-y-comparte-temas-nuevos-este-jueves\/#breadcrumb"},"inLanguage":"es","potentialAction":[{"@type":"ReadAction","target":["https:\/\/noticiasmercedinas.com\/site\/2020\/03\/25\/rulo-godar-se-queda-en-casa-y-comparte-temas-nuevos-este-jueves\/"]}]},{"@type":"ImageObject","inLanguage":"es","@id":"https:\/\/noticiasmercedinas.com\/site\/2020\/03\/25\/rulo-godar-se-queda-en-casa-y-comparte-temas-nuevos-este-jueves\/#primaryimage","url":"https:\/\/noticiasmercedinas.com\/site\/wp-content\/uploads\/2020\/03\/90772748_907206206372758_5033497397972434944_o.jpg","contentUrl":"https:\/\/noticiasmercedinas.com\/site\/wp-content\/uploads\/2020\/03\/90772748_907206206372758_5033497397972434944_o.jpg","width":960,"height":960},{"@type":"BreadcrumbList","@id":"https:\/\/noticiasmercedinas.com\/site\/2020\/03\/25\/rulo-godar-se-queda-en-casa-y-comparte-temas-nuevos-este-jueves\/#breadcrumb","itemListElement":[{"@type":"ListItem","position":1,"name":"Portada","item":"https:\/\/noticiasmercedinas.com\/site\/"},{"@type":"ListItem","position":2,"name":"Rulo Godar se queda en casa y comparte temas nuevos, este jueves"}]},{"@type":"WebSite","@id":"https:\/\/noticiasmercedinas.com\/site\/#website","url":"https:\/\/noticiasmercedinas.com\/site\/","name":"NOTICIASMERCEDINAS.COM","description":"Mercedes, Buenos Aires, Argentina","publisher":{"@id":"https:\/\/noticiasmercedinas.com\/site\/#organization"},"potentialAction":[{"@type":"SearchAction","target":{"@type":"EntryPoint","urlTemplate":"https:\/\/noticiasmercedinas.com\/site\/?s={search_term_string}"},"query-input":{"@type":"PropertyValueSpecification","valueRequired":true,"valueName":"search_term_string"}}],"inLanguage":"es"},{"@type":"Organization","@id":"https:\/\/noticiasmercedinas.com\/site\/#organization","name":"NOTICIASMERCEDINAS.COM","url":"https:\/\/noticiasmercedinas.com\/site\/","logo":{"@type":"ImageObject","inLanguage":"es","@id":"https:\/\/noticiasmercedinas.com\/site\/#\/schema\/logo\/image\/","url":"https:\/\/noticiasmercedinas.com\/site\/wp-content\/uploads\/2020\/06\/LOGO-512.jpg","contentUrl":"https:\/\/noticiasmercedinas.com\/site\/wp-content\/uploads\/2020\/06\/LOGO-512.jpg","width":512,"height":512,"caption":"NOTICIASMERCEDINAS.COM"},"image":{"@id":"https:\/\/noticiasmercedinas.com\/site\/#\/schema\/logo\/image\/"},"sameAs":["https:\/\/www.facebook.com\/noticiasmercedinas\/","https:\/\/x.com\/notmercedinas","https:\/\/www.instagram.com\/noticiasmercedinas\/"]},{"@type":"Person","@id":"https:\/\/noticiasmercedinas.com\/site\/#\/schema\/person\/d481a9696a5feaec13a60e2bbd991a6a","name":"Cristian Falabella NOTICIASMERCEDINAS.COM","image":{"@type":"ImageObject","inLanguage":"es","@id":"https:\/\/secure.gravatar.com\/avatar\/0dbbfc45970cc46bcd0e57766228574ff3511d6eed045b182f536f0f478c1f06?s=96&d=mm&r=g","url":"https:\/\/secure.gravatar.com\/avatar\/0dbbfc45970cc46bcd0e57766228574ff3511d6eed045b182f536f0f478c1f06?s=96&d=mm&r=g","contentUrl":"https:\/\/secure.gravatar.com\/avatar\/0dbbfc45970cc46bcd0e57766228574ff3511d6eed045b182f536f0f478c1f06?s=96&d=mm&r=g","caption":"Cristian Falabella NOTICIASMERCEDINAS.COM"},"description":"Periodista, editor de Noticias Mercedinas. Pas\u00f3 por varias redacciones y emprendimientos de prensa, en distintos formatos y \u00e9pocas. Se especializ\u00f3 --y sigue haci\u00e9ndolo-- en comunicaci\u00f3n en la web y en junio de 2006 fund\u00f3 este diario digital.","sameAs":["https:\/\/noticiasmercedinas.com","https:\/\/www.facebook.com\/cristian.falabella","https:\/\/www.instagram.com\/noticiasmercedinas\/","https:\/\/x.com\/https:\/\/twitter.com\/NOTMERCEDINAS"],"url":"https:\/\/noticiasmercedinas.com\/site\/author\/as000384\/"}]}},"amp_enabled":true,"_links":{"self":[{"href":"https:\/\/noticiasmercedinas.com\/site\/wp-json\/wp\/v2\/posts\/42320","targetHints":{"allow":["GET"]}}],"collection":[{"href":"https:\/\/noticiasmercedinas.com\/site\/wp-json\/wp\/v2\/posts"}],"about":[{"href":"https:\/\/noticiasmercedinas.com\/site\/wp-json\/wp\/v2\/types\/post"}],"author":[{"embeddable":true,"href":"https:\/\/noticiasmercedinas.com\/site\/wp-json\/wp\/v2\/users\/2"}],"replies":[{"embeddable":true,"href":"https:\/\/noticiasmercedinas.com\/site\/wp-json\/wp\/v2\/comments?post=42320"}],"version-history":[{"count":1,"href":"https:\/\/noticiasmercedinas.com\/site\/wp-json\/wp\/v2\/posts\/42320\/revisions"}],"predecessor-version":[{"id":42322,"href":"https:\/\/noticiasmercedinas.com\/site\/wp-json\/wp\/v2\/posts\/42320\/revisions\/42322"}],"wp:featuredmedia":[{"embeddable":true,"href":"https:\/\/noticiasmercedinas.com\/site\/wp-json\/wp\/v2\/media\/42321"}],"wp:attachment":[{"href":"https:\/\/noticiasmercedinas.com\/site\/wp-json\/wp\/v2\/media?parent=42320"}],"wp:term":[{"taxonomy":"category","embeddable":true,"href":"https:\/\/noticiasmercedinas.com\/site\/wp-json\/wp\/v2\/categories?post=42320"},{"taxonomy":"post_tag","embeddable":true,"href":"https:\/\/noticiasmercedinas.com\/site\/wp-json\/wp\/v2\/tags?post=42320"}],"curies":[{"name":"wp","href":"https:\/\/api.w.org\/{rel}","templated":true}]}}