{"id":42332,"date":"2020-03-25T15:44:03","date_gmt":"2020-03-25T18:44:03","guid":{"rendered":"https:\/\/noticiasmercedinas.com\/site\/2020\/03\/25\/caritas-inicia-campana-solidaria-para-comprar-panales\/"},"modified":"2020-03-25T15:44:03","modified_gmt":"2020-03-25T18:44:03","slug":"caritas-inicia-campana-solidaria-para-comprar-panales","status":"publish","type":"post","link":"https:\/\/noticiasmercedinas.com\/site\/2020\/03\/25\/caritas-inicia-campana-solidaria-para-comprar-panales\/","title":{"rendered":"C\u00e1ritas inicia campa\u00f1a solidaria para comprar pa\u00f1ales"},"content":{"rendered":"<p><img loading=\"lazy\" decoding=\"async\" class=\"alignnone wp-image-42331 size-full\" src=\"https:\/\/noticiasmercedinas.com\/site\/wp-content\/uploads\/2020\/03\/wp-1585161465160398173056.jpg\" width=\"1080\" height=\"1080\" srcset=\"https:\/\/noticiasmercedinas.com\/site\/wp-content\/uploads\/2020\/03\/wp-1585161465160398173056.jpg 1080w, https:\/\/noticiasmercedinas.com\/site\/wp-content\/uploads\/2020\/03\/wp-1585161465160398173056-300x300.jpg 300w, https:\/\/noticiasmercedinas.com\/site\/wp-content\/uploads\/2020\/03\/wp-1585161465160398173056-1024x1024.jpg 1024w, https:\/\/noticiasmercedinas.com\/site\/wp-content\/uploads\/2020\/03\/wp-1585161465160398173056-150x150.jpg 150w, https:\/\/noticiasmercedinas.com\/site\/wp-content\/uploads\/2020\/03\/wp-1585161465160398173056-768x768.jpg 768w, https:\/\/noticiasmercedinas.com\/site\/wp-content\/uploads\/2020\/03\/wp-1585161465160398173056-640x640.jpg 640w, https:\/\/noticiasmercedinas.com\/site\/wp-content\/uploads\/2020\/03\/wp-1585161465160398173056-681x681.jpg 681w\" sizes=\"auto, (max-width: 1080px) 100vw, 1080px\" \/><\/p>\n<p>C\u00e1ritas Mercedes Luj\u00e1n dio inicio a una campa\u00f1a cuyo objetivo ser\u00e1 comprar pa\u00f1ales para las familias asistidas con el programa Primeros Mil D\u00edas.<\/p>\n<p>\u00abAnte la situaci\u00f3n actual en la que nos encontramos todos a causa del Covid- 19 (coronavirus), queremos apelar a la solidaridad para acompa\u00f1ar a aquellas familias que m\u00e1s lo necesitan\u00bb indicaron.<\/p>\n<p>\u00abEl aislamiento obligatorio es mucho m\u00e1s complejo para aquellas familias que subsisten diariamente por el trabajo informal que en \u00e9ste momento no pueden realizar\u00bb, precisaron.<\/p>\n<p>\u00abEn este contexto creemos sumamente importante colaborar entre todos. Lo recaudado en esta campa\u00f1a sera entregado en pa\u00f1ales al Programa Primeros 1000 dias para que se distribuya a las familias mas vulnerables\u00bb, relataron apelando a la generosidad de los mercedinos.<\/p>\n<p>CBU 2850767730000004852073<\/p>\n<p>CUIT 30557541051<\/p>\n<p>Se puede mandar imagen del dep\u00f3sito al (2324)696926.<\/p>\n","protected":false},"excerpt":{"rendered":"<p>C\u00e1ritas Mercedes Luj\u00e1n dio inicio a una campa\u00f1a cuyo objetivo ser\u00e1 comprar pa\u00f1ales para las familias asistidas con el programa Primeros Mil D\u00edas. \u00abAnte la situaci\u00f3n actual en la que nos encontramos todos a causa del Covid- 19 (coronavirus), queremos apelar a la solidaridad para acompa\u00f1ar a aquellas familias que m\u00e1s lo necesitan\u00bb indicaron. \u00abEl [&hellip;]<\/p>\n","protected":false},"author":2,"featured_media":42331,"comment_status":"open","ping_status":"open","sticky":false,"template":"","format":"standard","meta":{"footnotes":""},"categories":[3],"tags":[2647,573],"class_list":["post-42332","post","type-post","status-publish","format-standard","has-post-thumbnail","hentry","category-sociedad","tag-caritas","tag-primeros-mil-dias"],"yoast_head":"<!-- This site is optimized with the Yoast SEO plugin v27.5 - https:\/\/yoast.com\/product\/yoast-seo-wordpress\/ -->\n<title>C\u00e1ritas inicia campa\u00f1a solidaria para comprar pa\u00f1ales<\/title>\n<meta name=\"robots\" content=\"index, follow, max-snippet:-1, max-image-preview:large, max-video-preview:-1\" \/>\n<link rel=\"canonical\" href=\"https:\/\/noticiasmercedinas.com\/site\/2020\/03\/25\/caritas-inicia-campana-solidaria-para-comprar-panales\/\" \/>\n<meta property=\"og:locale\" content=\"es_ES\" \/>\n<meta property=\"og:type\" content=\"article\" \/>\n<meta property=\"og:title\" content=\"C\u00e1ritas inicia campa\u00f1a solidaria para comprar pa\u00f1ales\" \/>\n<meta property=\"og:description\" content=\"C\u00e1ritas Mercedes Luj\u00e1n dio inicio a una campa\u00f1a cuyo objetivo ser\u00e1 comprar pa\u00f1ales para las familias asistidas con el programa Primeros Mil D\u00edas. \u00abAnte la situaci\u00f3n actual en la que nos encontramos todos a causa del Covid- 19 (coronavirus), queremos apelar a la solidaridad para acompa\u00f1ar a aquellas familias que m\u00e1s lo necesitan\u00bb indicaron. \u00abEl [&hellip;]\" \/>\n<meta property=\"og:url\" content=\"https:\/\/noticiasmercedinas.com\/site\/2020\/03\/25\/caritas-inicia-campana-solidaria-para-comprar-panales\/\" \/>\n<meta property=\"og:site_name\" content=\"NOTICIASMERCEDINAS.COM\" \/>\n<meta property=\"article:publisher\" content=\"https:\/\/www.facebook.com\/noticiasmercedinas\/\" \/>\n<meta property=\"article:author\" content=\"https:\/\/www.facebook.com\/cristian.falabella\" \/>\n<meta property=\"article:published_time\" content=\"2020-03-25T18:44:03+00:00\" \/>\n<meta property=\"og:image\" content=\"https:\/\/noticiasmercedinas.com\/site\/wp-content\/uploads\/2020\/03\/wp-1585161465160398173056.jpg\" \/>\n\t<meta property=\"og:image:width\" content=\"1080\" \/>\n\t<meta property=\"og:image:height\" content=\"1080\" \/>\n\t<meta property=\"og:image:type\" content=\"image\/jpeg\" \/>\n<meta name=\"author\" content=\"Cristian Falabella NOTICIASMERCEDINAS.COM\" \/>\n<meta name=\"twitter:card\" content=\"summary_large_image\" \/>\n<meta name=\"twitter:creator\" content=\"@https:\/\/twitter.com\/NOTMERCEDINAS\" \/>\n<meta name=\"twitter:site\" content=\"@notmercedinas\" \/>\n<meta name=\"twitter:label1\" content=\"Escrito por\" \/>\n\t<meta name=\"twitter:data1\" content=\"Cristian Falabella NOTICIASMERCEDINAS.COM\" \/>\n\t<meta name=\"twitter:label2\" content=\"Tiempo de lectura\" \/>\n\t<meta name=\"twitter:data2\" content=\"1 minuto\" \/>\n<script type=\"application\/ld+json\" class=\"yoast-schema-graph\">{\"@context\":\"https:\\\/\\\/schema.org\",\"@graph\":[{\"@type\":\"Article\",\"@id\":\"https:\\\/\\\/noticiasmercedinas.com\\\/site\\\/2020\\\/03\\\/25\\\/caritas-inicia-campana-solidaria-para-comprar-panales\\\/#article\",\"isPartOf\":{\"@id\":\"https:\\\/\\\/noticiasmercedinas.com\\\/site\\\/2020\\\/03\\\/25\\\/caritas-inicia-campana-solidaria-para-comprar-panales\\\/\"},\"author\":{\"name\":\"Cristian Falabella NOTICIASMERCEDINAS.COM\",\"@id\":\"https:\\\/\\\/noticiasmercedinas.com\\\/site\\\/#\\\/schema\\\/person\\\/d481a9696a5feaec13a60e2bbd991a6a\"},\"headline\":\"C\u00e1ritas inicia campa\u00f1a solidaria para comprar pa\u00f1ales\",\"datePublished\":\"2020-03-25T18:44:03+00:00\",\"mainEntityOfPage\":{\"@id\":\"https:\\\/\\\/noticiasmercedinas.com\\\/site\\\/2020\\\/03\\\/25\\\/caritas-inicia-campana-solidaria-para-comprar-panales\\\/\"},\"wordCount\":148,\"commentCount\":0,\"publisher\":{\"@id\":\"https:\\\/\\\/noticiasmercedinas.com\\\/site\\\/#organization\"},\"image\":{\"@id\":\"https:\\\/\\\/noticiasmercedinas.com\\\/site\\\/2020\\\/03\\\/25\\\/caritas-inicia-campana-solidaria-para-comprar-panales\\\/#primaryimage\"},\"thumbnailUrl\":\"https:\\\/\\\/noticiasmercedinas.com\\\/site\\\/wp-content\\\/uploads\\\/2020\\\/03\\\/wp-1585161465160398173056.jpg\",\"keywords\":[\"caritas\",\"primeros mil dias\"],\"articleSection\":[\"Sociedad\"],\"inLanguage\":\"es\",\"potentialAction\":[{\"@type\":\"CommentAction\",\"name\":\"Comment\",\"target\":[\"https:\\\/\\\/noticiasmercedinas.com\\\/site\\\/2020\\\/03\\\/25\\\/caritas-inicia-campana-solidaria-para-comprar-panales\\\/#respond\"]}]},{\"@type\":\"WebPage\",\"@id\":\"https:\\\/\\\/noticiasmercedinas.com\\\/site\\\/2020\\\/03\\\/25\\\/caritas-inicia-campana-solidaria-para-comprar-panales\\\/\",\"url\":\"https:\\\/\\\/noticiasmercedinas.com\\\/site\\\/2020\\\/03\\\/25\\\/caritas-inicia-campana-solidaria-para-comprar-panales\\\/\",\"name\":\"C\u00e1ritas inicia campa\u00f1a solidaria para comprar pa\u00f1ales\",\"isPartOf\":{\"@id\":\"https:\\\/\\\/noticiasmercedinas.com\\\/site\\\/#website\"},\"primaryImageOfPage\":{\"@id\":\"https:\\\/\\\/noticiasmercedinas.com\\\/site\\\/2020\\\/03\\\/25\\\/caritas-inicia-campana-solidaria-para-comprar-panales\\\/#primaryimage\"},\"image\":{\"@id\":\"https:\\\/\\\/noticiasmercedinas.com\\\/site\\\/2020\\\/03\\\/25\\\/caritas-inicia-campana-solidaria-para-comprar-panales\\\/#primaryimage\"},\"thumbnailUrl\":\"https:\\\/\\\/noticiasmercedinas.com\\\/site\\\/wp-content\\\/uploads\\\/2020\\\/03\\\/wp-1585161465160398173056.jpg\",\"datePublished\":\"2020-03-25T18:44:03+00:00\",\"breadcrumb\":{\"@id\":\"https:\\\/\\\/noticiasmercedinas.com\\\/site\\\/2020\\\/03\\\/25\\\/caritas-inicia-campana-solidaria-para-comprar-panales\\\/#breadcrumb\"},\"inLanguage\":\"es\",\"potentialAction\":[{\"@type\":\"ReadAction\",\"target\":[\"https:\\\/\\\/noticiasmercedinas.com\\\/site\\\/2020\\\/03\\\/25\\\/caritas-inicia-campana-solidaria-para-comprar-panales\\\/\"]}]},{\"@type\":\"ImageObject\",\"inLanguage\":\"es\",\"@id\":\"https:\\\/\\\/noticiasmercedinas.com\\\/site\\\/2020\\\/03\\\/25\\\/caritas-inicia-campana-solidaria-para-comprar-panales\\\/#primaryimage\",\"url\":\"https:\\\/\\\/noticiasmercedinas.com\\\/site\\\/wp-content\\\/uploads\\\/2020\\\/03\\\/wp-1585161465160398173056.jpg\",\"contentUrl\":\"https:\\\/\\\/noticiasmercedinas.com\\\/site\\\/wp-content\\\/uploads\\\/2020\\\/03\\\/wp-1585161465160398173056.jpg\",\"width\":1080,\"height\":1080},{\"@type\":\"BreadcrumbList\",\"@id\":\"https:\\\/\\\/noticiasmercedinas.com\\\/site\\\/2020\\\/03\\\/25\\\/caritas-inicia-campana-solidaria-para-comprar-panales\\\/#breadcrumb\",\"itemListElement\":[{\"@type\":\"ListItem\",\"position\":1,\"name\":\"Portada\",\"item\":\"https:\\\/\\\/noticiasmercedinas.com\\\/site\\\/\"},{\"@type\":\"ListItem\",\"position\":2,\"name\":\"C\u00e1ritas inicia campa\u00f1a solidaria para comprar pa\u00f1ales\"}]},{\"@type\":\"WebSite\",\"@id\":\"https:\\\/\\\/noticiasmercedinas.com\\\/site\\\/#website\",\"url\":\"https:\\\/\\\/noticiasmercedinas.com\\\/site\\\/\",\"name\":\"NOTICIASMERCEDINAS.COM\",\"description\":\"Mercedes, Buenos Aires, Argentina\",\"publisher\":{\"@id\":\"https:\\\/\\\/noticiasmercedinas.com\\\/site\\\/#organization\"},\"potentialAction\":[{\"@type\":\"SearchAction\",\"target\":{\"@type\":\"EntryPoint\",\"urlTemplate\":\"https:\\\/\\\/noticiasmercedinas.com\\\/site\\\/?s={search_term_string}\"},\"query-input\":{\"@type\":\"PropertyValueSpecification\",\"valueRequired\":true,\"valueName\":\"search_term_string\"}}],\"inLanguage\":\"es\"},{\"@type\":\"Organization\",\"@id\":\"https:\\\/\\\/noticiasmercedinas.com\\\/site\\\/#organization\",\"name\":\"NOTICIASMERCEDINAS.COM\",\"url\":\"https:\\\/\\\/noticiasmercedinas.com\\\/site\\\/\",\"logo\":{\"@type\":\"ImageObject\",\"inLanguage\":\"es\",\"@id\":\"https:\\\/\\\/noticiasmercedinas.com\\\/site\\\/#\\\/schema\\\/logo\\\/image\\\/\",\"url\":\"https:\\\/\\\/noticiasmercedinas.com\\\/site\\\/wp-content\\\/uploads\\\/2020\\\/06\\\/LOGO-512.jpg\",\"contentUrl\":\"https:\\\/\\\/noticiasmercedinas.com\\\/site\\\/wp-content\\\/uploads\\\/2020\\\/06\\\/LOGO-512.jpg\",\"width\":512,\"height\":512,\"caption\":\"NOTICIASMERCEDINAS.COM\"},\"image\":{\"@id\":\"https:\\\/\\\/noticiasmercedinas.com\\\/site\\\/#\\\/schema\\\/logo\\\/image\\\/\"},\"sameAs\":[\"https:\\\/\\\/www.facebook.com\\\/noticiasmercedinas\\\/\",\"https:\\\/\\\/x.com\\\/notmercedinas\",\"https:\\\/\\\/www.instagram.com\\\/noticiasmercedinas\\\/\"]},{\"@type\":\"Person\",\"@id\":\"https:\\\/\\\/noticiasmercedinas.com\\\/site\\\/#\\\/schema\\\/person\\\/d481a9696a5feaec13a60e2bbd991a6a\",\"name\":\"Cristian Falabella NOTICIASMERCEDINAS.COM\",\"image\":{\"@type\":\"ImageObject\",\"inLanguage\":\"es\",\"@id\":\"https:\\\/\\\/secure.gravatar.com\\\/avatar\\\/0dbbfc45970cc46bcd0e57766228574ff3511d6eed045b182f536f0f478c1f06?s=96&d=mm&r=g\",\"url\":\"https:\\\/\\\/secure.gravatar.com\\\/avatar\\\/0dbbfc45970cc46bcd0e57766228574ff3511d6eed045b182f536f0f478c1f06?s=96&d=mm&r=g\",\"contentUrl\":\"https:\\\/\\\/secure.gravatar.com\\\/avatar\\\/0dbbfc45970cc46bcd0e57766228574ff3511d6eed045b182f536f0f478c1f06?s=96&d=mm&r=g\",\"caption\":\"Cristian Falabella NOTICIASMERCEDINAS.COM\"},\"description\":\"Periodista, editor de Noticias Mercedinas. Pas\u00f3 por varias redacciones y emprendimientos de prensa, en distintos formatos y \u00e9pocas. Se especializ\u00f3 --y sigue haci\u00e9ndolo-- en comunicaci\u00f3n en la web y en junio de 2006 fund\u00f3 este diario digital.\",\"sameAs\":[\"https:\\\/\\\/noticiasmercedinas.com\",\"https:\\\/\\\/www.facebook.com\\\/cristian.falabella\",\"https:\\\/\\\/www.instagram.com\\\/noticiasmercedinas\\\/\",\"https:\\\/\\\/x.com\\\/https:\\\/\\\/twitter.com\\\/NOTMERCEDINAS\"],\"url\":\"https:\\\/\\\/noticiasmercedinas.com\\\/site\\\/author\\\/as000384\\\/\"}]}<\/script>\n<!-- \/ Yoast SEO plugin. -->","yoast_head_json":{"title":"C\u00e1ritas inicia campa\u00f1a solidaria para comprar pa\u00f1ales","robots":{"index":"index","follow":"follow","max-snippet":"max-snippet:-1","max-image-preview":"max-image-preview:large","max-video-preview":"max-video-preview:-1"},"canonical":"https:\/\/noticiasmercedinas.com\/site\/2020\/03\/25\/caritas-inicia-campana-solidaria-para-comprar-panales\/","og_locale":"es_ES","og_type":"article","og_title":"C\u00e1ritas inicia campa\u00f1a solidaria para comprar pa\u00f1ales","og_description":"C\u00e1ritas Mercedes Luj\u00e1n dio inicio a una campa\u00f1a cuyo objetivo ser\u00e1 comprar pa\u00f1ales para las familias asistidas con el programa Primeros Mil D\u00edas. \u00abAnte la situaci\u00f3n actual en la que nos encontramos todos a causa del Covid- 19 (coronavirus), queremos apelar a la solidaridad para acompa\u00f1ar a aquellas familias que m\u00e1s lo necesitan\u00bb indicaron. \u00abEl [&hellip;]","og_url":"https:\/\/noticiasmercedinas.com\/site\/2020\/03\/25\/caritas-inicia-campana-solidaria-para-comprar-panales\/","og_site_name":"NOTICIASMERCEDINAS.COM","article_publisher":"https:\/\/www.facebook.com\/noticiasmercedinas\/","article_author":"https:\/\/www.facebook.com\/cristian.falabella","article_published_time":"2020-03-25T18:44:03+00:00","og_image":[{"width":1080,"height":1080,"url":"https:\/\/noticiasmercedinas.com\/site\/wp-content\/uploads\/2020\/03\/wp-1585161465160398173056.jpg","type":"image\/jpeg"}],"author":"Cristian Falabella NOTICIASMERCEDINAS.COM","twitter_card":"summary_large_image","twitter_creator":"@https:\/\/twitter.com\/NOTMERCEDINAS","twitter_site":"@notmercedinas","twitter_misc":{"Escrito por":"Cristian Falabella NOTICIASMERCEDINAS.COM","Tiempo de lectura":"1 minuto"},"schema":{"@context":"https:\/\/schema.org","@graph":[{"@type":"Article","@id":"https:\/\/noticiasmercedinas.com\/site\/2020\/03\/25\/caritas-inicia-campana-solidaria-para-comprar-panales\/#article","isPartOf":{"@id":"https:\/\/noticiasmercedinas.com\/site\/2020\/03\/25\/caritas-inicia-campana-solidaria-para-comprar-panales\/"},"author":{"name":"Cristian Falabella NOTICIASMERCEDINAS.COM","@id":"https:\/\/noticiasmercedinas.com\/site\/#\/schema\/person\/d481a9696a5feaec13a60e2bbd991a6a"},"headline":"C\u00e1ritas inicia campa\u00f1a solidaria para comprar pa\u00f1ales","datePublished":"2020-03-25T18:44:03+00:00","mainEntityOfPage":{"@id":"https:\/\/noticiasmercedinas.com\/site\/2020\/03\/25\/caritas-inicia-campana-solidaria-para-comprar-panales\/"},"wordCount":148,"commentCount":0,"publisher":{"@id":"https:\/\/noticiasmercedinas.com\/site\/#organization"},"image":{"@id":"https:\/\/noticiasmercedinas.com\/site\/2020\/03\/25\/caritas-inicia-campana-solidaria-para-comprar-panales\/#primaryimage"},"thumbnailUrl":"https:\/\/noticiasmercedinas.com\/site\/wp-content\/uploads\/2020\/03\/wp-1585161465160398173056.jpg","keywords":["caritas","primeros mil dias"],"articleSection":["Sociedad"],"inLanguage":"es","potentialAction":[{"@type":"CommentAction","name":"Comment","target":["https:\/\/noticiasmercedinas.com\/site\/2020\/03\/25\/caritas-inicia-campana-solidaria-para-comprar-panales\/#respond"]}]},{"@type":"WebPage","@id":"https:\/\/noticiasmercedinas.com\/site\/2020\/03\/25\/caritas-inicia-campana-solidaria-para-comprar-panales\/","url":"https:\/\/noticiasmercedinas.com\/site\/2020\/03\/25\/caritas-inicia-campana-solidaria-para-comprar-panales\/","name":"C\u00e1ritas inicia campa\u00f1a solidaria para comprar pa\u00f1ales","isPartOf":{"@id":"https:\/\/noticiasmercedinas.com\/site\/#website"},"primaryImageOfPage":{"@id":"https:\/\/noticiasmercedinas.com\/site\/2020\/03\/25\/caritas-inicia-campana-solidaria-para-comprar-panales\/#primaryimage"},"image":{"@id":"https:\/\/noticiasmercedinas.com\/site\/2020\/03\/25\/caritas-inicia-campana-solidaria-para-comprar-panales\/#primaryimage"},"thumbnailUrl":"https:\/\/noticiasmercedinas.com\/site\/wp-content\/uploads\/2020\/03\/wp-1585161465160398173056.jpg","datePublished":"2020-03-25T18:44:03+00:00","breadcrumb":{"@id":"https:\/\/noticiasmercedinas.com\/site\/2020\/03\/25\/caritas-inicia-campana-solidaria-para-comprar-panales\/#breadcrumb"},"inLanguage":"es","potentialAction":[{"@type":"ReadAction","target":["https:\/\/noticiasmercedinas.com\/site\/2020\/03\/25\/caritas-inicia-campana-solidaria-para-comprar-panales\/"]}]},{"@type":"ImageObject","inLanguage":"es","@id":"https:\/\/noticiasmercedinas.com\/site\/2020\/03\/25\/caritas-inicia-campana-solidaria-para-comprar-panales\/#primaryimage","url":"https:\/\/noticiasmercedinas.com\/site\/wp-content\/uploads\/2020\/03\/wp-1585161465160398173056.jpg","contentUrl":"https:\/\/noticiasmercedinas.com\/site\/wp-content\/uploads\/2020\/03\/wp-1585161465160398173056.jpg","width":1080,"height":1080},{"@type":"BreadcrumbList","@id":"https:\/\/noticiasmercedinas.com\/site\/2020\/03\/25\/caritas-inicia-campana-solidaria-para-comprar-panales\/#breadcrumb","itemListElement":[{"@type":"ListItem","position":1,"name":"Portada","item":"https:\/\/noticiasmercedinas.com\/site\/"},{"@type":"ListItem","position":2,"name":"C\u00e1ritas inicia campa\u00f1a solidaria para comprar pa\u00f1ales"}]},{"@type":"WebSite","@id":"https:\/\/noticiasmercedinas.com\/site\/#website","url":"https:\/\/noticiasmercedinas.com\/site\/","name":"NOTICIASMERCEDINAS.COM","description":"Mercedes, Buenos Aires, Argentina","publisher":{"@id":"https:\/\/noticiasmercedinas.com\/site\/#organization"},"potentialAction":[{"@type":"SearchAction","target":{"@type":"EntryPoint","urlTemplate":"https:\/\/noticiasmercedinas.com\/site\/?s={search_term_string}"},"query-input":{"@type":"PropertyValueSpecification","valueRequired":true,"valueName":"search_term_string"}}],"inLanguage":"es"},{"@type":"Organization","@id":"https:\/\/noticiasmercedinas.com\/site\/#organization","name":"NOTICIASMERCEDINAS.COM","url":"https:\/\/noticiasmercedinas.com\/site\/","logo":{"@type":"ImageObject","inLanguage":"es","@id":"https:\/\/noticiasmercedinas.com\/site\/#\/schema\/logo\/image\/","url":"https:\/\/noticiasmercedinas.com\/site\/wp-content\/uploads\/2020\/06\/LOGO-512.jpg","contentUrl":"https:\/\/noticiasmercedinas.com\/site\/wp-content\/uploads\/2020\/06\/LOGO-512.jpg","width":512,"height":512,"caption":"NOTICIASMERCEDINAS.COM"},"image":{"@id":"https:\/\/noticiasmercedinas.com\/site\/#\/schema\/logo\/image\/"},"sameAs":["https:\/\/www.facebook.com\/noticiasmercedinas\/","https:\/\/x.com\/notmercedinas","https:\/\/www.instagram.com\/noticiasmercedinas\/"]},{"@type":"Person","@id":"https:\/\/noticiasmercedinas.com\/site\/#\/schema\/person\/d481a9696a5feaec13a60e2bbd991a6a","name":"Cristian Falabella NOTICIASMERCEDINAS.COM","image":{"@type":"ImageObject","inLanguage":"es","@id":"https:\/\/secure.gravatar.com\/avatar\/0dbbfc45970cc46bcd0e57766228574ff3511d6eed045b182f536f0f478c1f06?s=96&d=mm&r=g","url":"https:\/\/secure.gravatar.com\/avatar\/0dbbfc45970cc46bcd0e57766228574ff3511d6eed045b182f536f0f478c1f06?s=96&d=mm&r=g","contentUrl":"https:\/\/secure.gravatar.com\/avatar\/0dbbfc45970cc46bcd0e57766228574ff3511d6eed045b182f536f0f478c1f06?s=96&d=mm&r=g","caption":"Cristian Falabella NOTICIASMERCEDINAS.COM"},"description":"Periodista, editor de Noticias Mercedinas. Pas\u00f3 por varias redacciones y emprendimientos de prensa, en distintos formatos y \u00e9pocas. Se especializ\u00f3 --y sigue haci\u00e9ndolo-- en comunicaci\u00f3n en la web y en junio de 2006 fund\u00f3 este diario digital.","sameAs":["https:\/\/noticiasmercedinas.com","https:\/\/www.facebook.com\/cristian.falabella","https:\/\/www.instagram.com\/noticiasmercedinas\/","https:\/\/x.com\/https:\/\/twitter.com\/NOTMERCEDINAS"],"url":"https:\/\/noticiasmercedinas.com\/site\/author\/as000384\/"}]}},"amp_enabled":true,"_links":{"self":[{"href":"https:\/\/noticiasmercedinas.com\/site\/wp-json\/wp\/v2\/posts\/42332","targetHints":{"allow":["GET"]}}],"collection":[{"href":"https:\/\/noticiasmercedinas.com\/site\/wp-json\/wp\/v2\/posts"}],"about":[{"href":"https:\/\/noticiasmercedinas.com\/site\/wp-json\/wp\/v2\/types\/post"}],"author":[{"embeddable":true,"href":"https:\/\/noticiasmercedinas.com\/site\/wp-json\/wp\/v2\/users\/2"}],"replies":[{"embeddable":true,"href":"https:\/\/noticiasmercedinas.com\/site\/wp-json\/wp\/v2\/comments?post=42332"}],"version-history":[{"count":0,"href":"https:\/\/noticiasmercedinas.com\/site\/wp-json\/wp\/v2\/posts\/42332\/revisions"}],"wp:featuredmedia":[{"embeddable":true,"href":"https:\/\/noticiasmercedinas.com\/site\/wp-json\/wp\/v2\/media\/42331"}],"wp:attachment":[{"href":"https:\/\/noticiasmercedinas.com\/site\/wp-json\/wp\/v2\/media?parent=42332"}],"wp:term":[{"taxonomy":"category","embeddable":true,"href":"https:\/\/noticiasmercedinas.com\/site\/wp-json\/wp\/v2\/categories?post=42332"},{"taxonomy":"post_tag","embeddable":true,"href":"https:\/\/noticiasmercedinas.com\/site\/wp-json\/wp\/v2\/tags?post=42332"}],"curies":[{"name":"wp","href":"https:\/\/api.w.org\/{rel}","templated":true}]}}