{"id":42377,"date":"2020-03-26T10:42:36","date_gmt":"2020-03-26T13:42:36","guid":{"rendered":"https:\/\/noticiasmercedinas.com\/site\/?p=42377"},"modified":"2020-03-26T10:46:02","modified_gmt":"2020-03-26T13:46:02","slug":"como-seguiremos-cuando-la-peste-termine","status":"publish","type":"post","link":"https:\/\/noticiasmercedinas.com\/site\/2020\/03\/26\/como-seguiremos-cuando-la-peste-termine\/","title":{"rendered":"C\u00f3mo seguiremos cuando la peste termine"},"content":{"rendered":"<figure id=\"attachment_42378\" aria-describedby=\"caption-attachment-42378\" style=\"width: 640px\" class=\"wp-caption alignnone\"><img loading=\"lazy\" decoding=\"async\" class=\"wp-image-42378 size-full\" style=\"text-align: center;\" src=\"https:\/\/noticiasmercedinas.com\/site\/wp-content\/uploads\/2020\/03\/IMG_20200323_113700.jpg\" alt=\"\" width=\"640\" height=\"361\" srcset=\"https:\/\/noticiasmercedinas.com\/site\/wp-content\/uploads\/2020\/03\/IMG_20200323_113700.jpg 640w, https:\/\/noticiasmercedinas.com\/site\/wp-content\/uploads\/2020\/03\/IMG_20200323_113700-300x169.jpg 300w\" sizes=\"auto, (max-width: 640px) 100vw, 640px\" \/><figcaption id=\"caption-attachment-42378\" class=\"wp-caption-text\">Avenida 40, esplendorosamente vac\u00eda en tiempos de pandemia y aislamiento<\/figcaption><\/figure>\n<p>La cuarentena en el barrio se respeta. Miro por la ventana de la cocina y veo la calle como una foto atemporal. Imagino que as\u00ed, con esta quietud, era hace treinta a\u00f1os, pero con m\u00e1s tierra y menos piedras. La calle muerta. Todo es sol, el sol de un verano que ya pas\u00f3.<\/p>\n<p>La cuarentena en mi barrio se respeta. Me asomo por la ventana que da a la calle y no veo a mis vecinos de enfrente mateando en la puerta. Ellos siempre tienen tiempo. Suelen juntarse dos o tres casas en el horario en que las sombras de los \u00e1rboles empiezan a crecer, salen a matear al pastito. A veces, cuando hace mucho calor y pasan semanas sin lluvia, se divierten con la manguera regando la calle.<\/p>\n<p>Pero ahora, que es tardecita y hace d\u00edas que no llueve, no los veo.<\/p>\n<p>No se trata de romantizar el barrio o a su gente. No. Quiz\u00e1s esas charlas de ronda de mates sean dedicadas a la cr\u00edtica, al prejuicio, al chusmer\u00edo. Quiz\u00e1s no. Qui\u00e9n sabe. No suelo frecuentar esos encuentros anodinos de quienes comparten algo m\u00e1s que una calle. Soy bastante t\u00edmido o torpe, mejor dicho, para llevar adelante ese tipo de socializaci\u00f3n que \u2013en mi caso\u2013 resultar\u00eda algo forzada. De todos modos, aunque suela andar con ese apuro involuntario por entrar a casa sin tener que sostener charlas de ocasi\u00f3n, ahora, en cuarentena, las extra\u00f1o.<\/p>\n<p>Tomo mate en la cocina y miro por la ventana. Juego a contar el lapso de tiempo que pasa entre un auto y otro. Los que pasan en bici o caminando no cuentan. El r\u00e9cord hasta hoy es veintitr\u00e9s minutos. Tiempo suficiente para que la tierra, apenas levantada por el \u00faltimo auto, vuelva a reposar sobre las piedras.<\/p>\n<p>Dos perros se pasean y husmean las bolsas de basura. Est\u00e1n acostumbrados al reto y por eso miran hacia ambos lados, pero esta vez nadie los reprende.<\/p>\n<p>La vecina de enfrente, hiperkin\u00e9tica, ya no puede contenerse. Los primeros tres d\u00edas no la vi salir. Seguramente agot\u00f3 las tareas dom\u00e9sticas dentro de la casa y ahora sigue con las de afuera. Primero corta el pasto, despu\u00e9s lava el auto. Barre. Barre la tierra que levanta la calle y algunas hojas pioneras del oto\u00f1o, las junta con la palita y en una hora la vereda estar\u00e1 igual de sucia. Esta ma\u00f1ana se dedic\u00f3 a limpiar las rejas, a rasquetearlas. Ahora saca un tarro de pintura dormido en el galp\u00f3n y repasa la pared del frente aunque no sea necesario.<\/p>\n<p>\u201c<em>Uno tras otro, la humanidad est\u00e1 apagando sus faroles<\/em>\u201d, dice David Grossman en un art\u00edculo que le\u00ed en las redes. Pienso en el despu\u00e9s. Porque va a haber un despu\u00e9s. Pienso en la gente que dice \u201cparen el mundo que me quiero bajar\u201d cuando no puede lidiar con alg\u00fan problema. Ahora el mundo se par\u00f3, pero no para bajarse, sino para pensar c\u00f3mo seguimos.<\/p>\n<p>Voy al fondo de casa. Ordeno los troncos olvidados del invierno anterior. Escucho a mi vecina del fondo hablar por tel\u00e9fono. Pregunta si est\u00e1n todos bien, si necesitan algo. Aunque muy poco pueda hacer desde su casa, la pregunta es un mimo al alma. Me llama la atenci\u00f3n el tono cari\u00f1oso. Esta vez la escucho calma, sin gritos, sin insultos.<\/p>\n<p>Lo repite lento y m\u00e1s alto. Por la forma casi pedag\u00f3gica en la que habla imagino que del otro lado hay una madre, o una abuela, o una t\u00eda mayor. Alguien catalogado como \u201cpersona de riesgo\u201d. Despu\u00e9s dice \u201cqu\u00e9 lindos que est\u00e1n\u201d y ya no hay dudas de que es una videollamada. Yo hice m\u00e1s en estos d\u00edas que en toda mi vida. La imagen, la mirada del otro, verse a los ojos, de eso se trata.<\/p>\n<p>\u00bfQu\u00e9 pasar\u00e1 cuando todo pase? Vuelvo a Grossman: \u201c<em>Cuando la peste termine, cuando la gente salga de sus casas despu\u00e9s de un largo cierre, se podr\u00e1n articular nuevas y sorprendentes posibilidades: tal vez el haber tocado los cimientos de la existencia fomente eso<\/em>\u201d. Esos cimientos no son s\u00f3lo la posibilidad de la vida o de la muerte. Tambi\u00e9n son los cimientos del modo como elegimos vivir. \u00bfVolver\u00e1 la vecina, despu\u00e9s de la cuarentena, a enfurecerse cuando su hija que demora y juega con el tiempo antes de tender la ropa del mismo modo que lo hac\u00eda antes? \u00bfVolver\u00e9 yo a limitar el saludo a los vecinos que matean enfrente levantando la mano sin siquiera bajar la ventanilla cada vez que vuelva del trabajo porque mi tiempo es apurado?<\/p>\n<p>El vecino de la derecha, guardi\u00e1n del barrio, sereno de las noches de verano, se sienta en el umbral. Espera que de alguna casa se asome una cabeza para acercarse y hablar del clima. Precisa, cada d\u00eda, corroborar con el barrio si est\u00e1 fresco, o si hace calor. Despu\u00e9s, alg\u00fan comentario sobre f\u00fatbol y la compa\u00f1\u00eda de su presencia. El tiempo, en su caso, no es un bien tan preciado, al contrario, es un insecto molesto del cual no se puede desmarcar.<\/p>\n<p>Por las tardes, despu\u00e9s de la siesta, alguien pone cumbia. De alguna casa de la manzana que no llego a distinguir, ponen cumbia. Cumbia fuerte, para todo el barrio. Una manera de decir \u201cvamos, que por ac\u00e1 no pasa nada, seguimos la rutina de siempre\u201d.<\/p>\n<p>Esta vez no me molesta. Un poco de cotidianidad \u2013o de negaci\u00f3n\u2013 viene bien, es sano. Quiz\u00e1s, cuando todo pase, otros no habr\u00e1n cambiado en nada y la pandemia ser\u00e1 una an\u00e9cdota al borde del olvido.<\/p>\n<p>Pienso en la parejita hippie que vive en la esquina. \u00bfC\u00f3mo har\u00e1n para subsistir en estos d\u00edas que no pueden salir a vender sus producciones? \u00bfDisfrutar\u00e1n su tiempo libre como lo hac\u00edan antes? \u00bfY los malabaristas de la 40? <a href=\"https:\/\/noticiasmercedinas.com\/site\/2019\/09\/26\/la-plaza-de-los-malabaristas\/\" target=\"_blank\" rel=\"noopener noreferrer\"><strong><span style=\"color: #003366;\">El a\u00f1o pasado les hice una nota<\/span><\/strong><\/a>, y ya la cosa en aquellos meses estaba dif\u00edcil. Pienso en Oscar \u201cCaracol\u201d Luciani, un ciruja de ley (dicho por \u00e9l) que trabaja en el centro de reciclaje y <a href=\"https:\/\/noticiasmercedinas.com\/site\/2019\/12\/05\/yo-te-cambio-mi-laburo-por-el-tuyo\/\" target=\"_blank\" rel=\"noopener noreferrer\"><span style=\"color: #003366;\"><strong>a quien tambi\u00e9n le hice una nota<\/strong><\/span><\/a>. \u00bfC\u00f3mo sobrevive un hombre de calle cuando no hay calle?<\/p>\n<p>\u201c<em>Cuando la plaga termine, puede que tambi\u00e9n haya quienes no quieran volver a sus vidas anteriores<\/em>\u201d, dice Grossman. \u201c<em>Habr\u00e1 quienes \u2013los que puedan, por supuesto\u2013 dejar\u00e1n el trabajo que durante a\u00f1os los sofoc\u00f3 y suprimi\u00f3. Algunos decidir\u00e1n dejar a su familia. Separarse de su pareja. Traer un ni\u00f1o al mundo, o precisamente abstenerse de eso. Habr\u00e1 quienes salgan del armario (de todo tipo de armarios). Algunos comenzar\u00e1n a creer en Dios. Habr\u00e1 creyentes religiosos que apostatar\u00e1n. Posiblemente la conciencia de la brevedad y la fragilidad de la vida incitar\u00e1 a los hombres y mujeres a establecer un nuevo orden de prioridades. Insistir mucho m\u00e1s en distinguir el trigo de la paja. Entender que el tiempo, no el dinero, es su recurso m\u00e1s preciado\u201d<\/em>.<\/p>\n<p>Tengo unos amigos que antes de este l\u00edo estaban a punto de separarse. Tambi\u00e9n pienso en ellos. En la obligatoriedad de estar juntos, aunque sean sus cuerpos, ni m\u00e1s ni menos que sus cuerpos. Para ellos tambi\u00e9n hay un futuro de posibilidades y un pasado a revisar.<\/p>\n<p>Hay tiempo. Hay tiempo para todo lo que solemos quejarnos de que no hay tiempo. Tiempo para preguntarnos sobre las decisiones que tomamos en un pasado que parece lejano, sobre los amores que no dejamos nacer, sobre relaciones que le dimos demasiado tiempo, sobre vidas que no nos animamos a vivir, y sobre los miedos que nos ataron a lo que tenemos.<\/p>\n<p>Vuelvo a Grossman: \u201c<em>Tal vez la gente comenzar\u00e1 a revelar, por ejemplo, atractivos signos de inocencia no contaminados por ni siquiera un \u00e1pice de cinismo. Tal vez la suavidad se convierta de repente, por un cierto tiempo, en moneda de curso legal. Tal vez entendamos que la plaga asesina nos ha dado la oportunidad de cortar de nosotros mismos capas de grasa, de codicia sucia. De pensamiento espeso y no discriminatorio. De abundancia que se convirti\u00f3 en exceso y ya ha comenzado a sofocarnos<\/em>\u201d.<\/p>\n<p>Hay tiempo. Hay tiempo para darnos cuenta de que siempre hay tiempo.<\/p>\n","protected":false},"excerpt":{"rendered":"<p>La cuarentena en el barrio se respeta. Miro por la ventana de la cocina y veo la calle como una foto atemporal. Imagino que as\u00ed, con esta quietud, era hace treinta a\u00f1os, pero con m\u00e1s tierra y menos piedras. La calle muerta. Todo es sol, el sol de un verano que ya pas\u00f3. La cuarentena [&hellip;]<\/p>\n","protected":false},"author":26,"featured_media":42378,"comment_status":"open","ping_status":"open","sticky":false,"template":"","format":"standard","meta":{"footnotes":""},"categories":[6576],"tags":[2118,8663,6578],"class_list":["post-42377","post","type-post","status-publish","format-standard","has-post-thumbnail","hentry","category-una-mirada-de-la-ciudad","tag-marcos-tabossi","tag-pandemia","tag-una-mirada-de-la-ciudad"],"yoast_head":"<!-- This site is optimized with the Yoast SEO plugin v27.4 - https:\/\/yoast.com\/product\/yoast-seo-wordpress\/ -->\n<title>C\u00f3mo seguiremos cuando la peste termine<\/title>\n<meta name=\"robots\" content=\"index, follow, max-snippet:-1, max-image-preview:large, max-video-preview:-1\" \/>\n<link rel=\"canonical\" href=\"https:\/\/noticiasmercedinas.com\/site\/2020\/03\/26\/como-seguiremos-cuando-la-peste-termine\/\" \/>\n<meta property=\"og:locale\" content=\"es_ES\" \/>\n<meta property=\"og:type\" content=\"article\" \/>\n<meta property=\"og:title\" content=\"C\u00f3mo seguiremos cuando la peste termine\" \/>\n<meta property=\"og:description\" content=\"La cuarentena en el barrio se respeta. Miro por la ventana de la cocina y veo la calle como una foto atemporal. Imagino que as\u00ed, con esta quietud, era hace treinta a\u00f1os, pero con m\u00e1s tierra y menos piedras. La calle muerta. Todo es sol, el sol de un verano que ya pas\u00f3. La cuarentena [&hellip;]\" \/>\n<meta property=\"og:url\" content=\"https:\/\/noticiasmercedinas.com\/site\/2020\/03\/26\/como-seguiremos-cuando-la-peste-termine\/\" \/>\n<meta property=\"og:site_name\" content=\"NOTICIASMERCEDINAS.COM\" \/>\n<meta property=\"article:publisher\" content=\"https:\/\/www.facebook.com\/noticiasmercedinas\/\" \/>\n<meta property=\"article:author\" content=\"https:\/\/www.facebook.com\/www.untalmarcost.blogspot.com.ar\" \/>\n<meta property=\"article:published_time\" content=\"2020-03-26T13:42:36+00:00\" \/>\n<meta property=\"article:modified_time\" content=\"2020-03-26T13:46:02+00:00\" \/>\n<meta property=\"og:image\" content=\"https:\/\/noticiasmercedinas.com\/site\/wp-content\/uploads\/2020\/03\/IMG_20200323_113700.jpg\" \/>\n\t<meta property=\"og:image:width\" content=\"640\" \/>\n\t<meta property=\"og:image:height\" content=\"361\" \/>\n\t<meta property=\"og:image:type\" content=\"image\/jpeg\" \/>\n<meta name=\"author\" content=\"Marcos Tabossi\" \/>\n<meta name=\"twitter:card\" content=\"summary_large_image\" \/>\n<meta name=\"twitter:creator\" content=\"@https:\/\/twitter.com\/MarcosTabossi\" \/>\n<meta name=\"twitter:site\" content=\"@notmercedinas\" \/>\n<meta name=\"twitter:label1\" content=\"Escrito por\" \/>\n\t<meta name=\"twitter:data1\" content=\"Marcos Tabossi\" \/>\n\t<meta name=\"twitter:label2\" content=\"Tiempo de lectura\" \/>\n\t<meta name=\"twitter:data2\" content=\"7 minutos\" \/>\n<script type=\"application\/ld+json\" class=\"yoast-schema-graph\">{\"@context\":\"https:\\\/\\\/schema.org\",\"@graph\":[{\"@type\":\"Article\",\"@id\":\"https:\\\/\\\/noticiasmercedinas.com\\\/site\\\/2020\\\/03\\\/26\\\/como-seguiremos-cuando-la-peste-termine\\\/#article\",\"isPartOf\":{\"@id\":\"https:\\\/\\\/noticiasmercedinas.com\\\/site\\\/2020\\\/03\\\/26\\\/como-seguiremos-cuando-la-peste-termine\\\/\"},\"author\":{\"name\":\"Marcos Tabossi\",\"@id\":\"https:\\\/\\\/noticiasmercedinas.com\\\/site\\\/#\\\/schema\\\/person\\\/ad6432d89b9d86aa1236b4352f4f9271\"},\"headline\":\"C\u00f3mo seguiremos cuando la peste termine\",\"datePublished\":\"2020-03-26T13:42:36+00:00\",\"dateModified\":\"2020-03-26T13:46:02+00:00\",\"mainEntityOfPage\":{\"@id\":\"https:\\\/\\\/noticiasmercedinas.com\\\/site\\\/2020\\\/03\\\/26\\\/como-seguiremos-cuando-la-peste-termine\\\/\"},\"wordCount\":1435,\"commentCount\":0,\"publisher\":{\"@id\":\"https:\\\/\\\/noticiasmercedinas.com\\\/site\\\/#organization\"},\"image\":{\"@id\":\"https:\\\/\\\/noticiasmercedinas.com\\\/site\\\/2020\\\/03\\\/26\\\/como-seguiremos-cuando-la-peste-termine\\\/#primaryimage\"},\"thumbnailUrl\":\"https:\\\/\\\/noticiasmercedinas.com\\\/site\\\/wp-content\\\/uploads\\\/2020\\\/03\\\/IMG_20200323_113700.jpg\",\"keywords\":[\"Marcos Tabossi\",\"pandemia\",\"una mirada de la ciudad\"],\"articleSection\":[\"Una mirada de la ciudad\"],\"inLanguage\":\"es\",\"potentialAction\":[{\"@type\":\"CommentAction\",\"name\":\"Comment\",\"target\":[\"https:\\\/\\\/noticiasmercedinas.com\\\/site\\\/2020\\\/03\\\/26\\\/como-seguiremos-cuando-la-peste-termine\\\/#respond\"]}]},{\"@type\":\"WebPage\",\"@id\":\"https:\\\/\\\/noticiasmercedinas.com\\\/site\\\/2020\\\/03\\\/26\\\/como-seguiremos-cuando-la-peste-termine\\\/\",\"url\":\"https:\\\/\\\/noticiasmercedinas.com\\\/site\\\/2020\\\/03\\\/26\\\/como-seguiremos-cuando-la-peste-termine\\\/\",\"name\":\"C\u00f3mo seguiremos cuando la peste termine\",\"isPartOf\":{\"@id\":\"https:\\\/\\\/noticiasmercedinas.com\\\/site\\\/#website\"},\"primaryImageOfPage\":{\"@id\":\"https:\\\/\\\/noticiasmercedinas.com\\\/site\\\/2020\\\/03\\\/26\\\/como-seguiremos-cuando-la-peste-termine\\\/#primaryimage\"},\"image\":{\"@id\":\"https:\\\/\\\/noticiasmercedinas.com\\\/site\\\/2020\\\/03\\\/26\\\/como-seguiremos-cuando-la-peste-termine\\\/#primaryimage\"},\"thumbnailUrl\":\"https:\\\/\\\/noticiasmercedinas.com\\\/site\\\/wp-content\\\/uploads\\\/2020\\\/03\\\/IMG_20200323_113700.jpg\",\"datePublished\":\"2020-03-26T13:42:36+00:00\",\"dateModified\":\"2020-03-26T13:46:02+00:00\",\"breadcrumb\":{\"@id\":\"https:\\\/\\\/noticiasmercedinas.com\\\/site\\\/2020\\\/03\\\/26\\\/como-seguiremos-cuando-la-peste-termine\\\/#breadcrumb\"},\"inLanguage\":\"es\",\"potentialAction\":[{\"@type\":\"ReadAction\",\"target\":[\"https:\\\/\\\/noticiasmercedinas.com\\\/site\\\/2020\\\/03\\\/26\\\/como-seguiremos-cuando-la-peste-termine\\\/\"]}]},{\"@type\":\"ImageObject\",\"inLanguage\":\"es\",\"@id\":\"https:\\\/\\\/noticiasmercedinas.com\\\/site\\\/2020\\\/03\\\/26\\\/como-seguiremos-cuando-la-peste-termine\\\/#primaryimage\",\"url\":\"https:\\\/\\\/noticiasmercedinas.com\\\/site\\\/wp-content\\\/uploads\\\/2020\\\/03\\\/IMG_20200323_113700.jpg\",\"contentUrl\":\"https:\\\/\\\/noticiasmercedinas.com\\\/site\\\/wp-content\\\/uploads\\\/2020\\\/03\\\/IMG_20200323_113700.jpg\",\"width\":640,\"height\":361,\"caption\":\"dav\"},{\"@type\":\"BreadcrumbList\",\"@id\":\"https:\\\/\\\/noticiasmercedinas.com\\\/site\\\/2020\\\/03\\\/26\\\/como-seguiremos-cuando-la-peste-termine\\\/#breadcrumb\",\"itemListElement\":[{\"@type\":\"ListItem\",\"position\":1,\"name\":\"Portada\",\"item\":\"https:\\\/\\\/noticiasmercedinas.com\\\/site\\\/\"},{\"@type\":\"ListItem\",\"position\":2,\"name\":\"C\u00f3mo seguiremos cuando la peste termine\"}]},{\"@type\":\"WebSite\",\"@id\":\"https:\\\/\\\/noticiasmercedinas.com\\\/site\\\/#website\",\"url\":\"https:\\\/\\\/noticiasmercedinas.com\\\/site\\\/\",\"name\":\"NOTICIASMERCEDINAS.COM\",\"description\":\"Mercedes, Buenos Aires, Argentina\",\"publisher\":{\"@id\":\"https:\\\/\\\/noticiasmercedinas.com\\\/site\\\/#organization\"},\"potentialAction\":[{\"@type\":\"SearchAction\",\"target\":{\"@type\":\"EntryPoint\",\"urlTemplate\":\"https:\\\/\\\/noticiasmercedinas.com\\\/site\\\/?s={search_term_string}\"},\"query-input\":{\"@type\":\"PropertyValueSpecification\",\"valueRequired\":true,\"valueName\":\"search_term_string\"}}],\"inLanguage\":\"es\"},{\"@type\":\"Organization\",\"@id\":\"https:\\\/\\\/noticiasmercedinas.com\\\/site\\\/#organization\",\"name\":\"NOTICIASMERCEDINAS.COM\",\"url\":\"https:\\\/\\\/noticiasmercedinas.com\\\/site\\\/\",\"logo\":{\"@type\":\"ImageObject\",\"inLanguage\":\"es\",\"@id\":\"https:\\\/\\\/noticiasmercedinas.com\\\/site\\\/#\\\/schema\\\/logo\\\/image\\\/\",\"url\":\"https:\\\/\\\/noticiasmercedinas.com\\\/site\\\/wp-content\\\/uploads\\\/2020\\\/06\\\/LOGO-512.jpg\",\"contentUrl\":\"https:\\\/\\\/noticiasmercedinas.com\\\/site\\\/wp-content\\\/uploads\\\/2020\\\/06\\\/LOGO-512.jpg\",\"width\":512,\"height\":512,\"caption\":\"NOTICIASMERCEDINAS.COM\"},\"image\":{\"@id\":\"https:\\\/\\\/noticiasmercedinas.com\\\/site\\\/#\\\/schema\\\/logo\\\/image\\\/\"},\"sameAs\":[\"https:\\\/\\\/www.facebook.com\\\/noticiasmercedinas\\\/\",\"https:\\\/\\\/x.com\\\/notmercedinas\",\"https:\\\/\\\/www.instagram.com\\\/noticiasmercedinas\\\/\"]},{\"@type\":\"Person\",\"@id\":\"https:\\\/\\\/noticiasmercedinas.com\\\/site\\\/#\\\/schema\\\/person\\\/ad6432d89b9d86aa1236b4352f4f9271\",\"name\":\"Marcos Tabossi\",\"image\":{\"@type\":\"ImageObject\",\"inLanguage\":\"es\",\"@id\":\"https:\\\/\\\/secure.gravatar.com\\\/avatar\\\/3289c5816bd32b910d17b147a61ec9a26c21417a787bc3c66c4bfd5c3ad5bd45?s=96&d=mm&r=g\",\"url\":\"https:\\\/\\\/secure.gravatar.com\\\/avatar\\\/3289c5816bd32b910d17b147a61ec9a26c21417a787bc3c66c4bfd5c3ad5bd45?s=96&d=mm&r=g\",\"contentUrl\":\"https:\\\/\\\/secure.gravatar.com\\\/avatar\\\/3289c5816bd32b910d17b147a61ec9a26c21417a787bc3c66c4bfd5c3ad5bd45?s=96&d=mm&r=g\",\"caption\":\"Marcos Tabossi\"},\"description\":\"Psic\u00f3logo, docente y escritor. Public\u00f3 \u201cLa persona de al lado\u201d (2013) y \u201cUna especie de c\u00e1rcel\u201d (Peces de Ciudad. 2017). Particip\u00f3 con cuentos en diversas antolog\u00edas y es colaborador de sitios literarios nacionales e internacionales\",\"sameAs\":[\"https:\\\/\\\/www.facebook.com\\\/www.untalmarcost.blogspot.com.ar\",\"https:\\\/\\\/www.instagram.com\\\/marcostabossi\",\"https:\\\/\\\/x.com\\\/https:\\\/\\\/twitter.com\\\/MarcosTabossi\"],\"url\":\"https:\\\/\\\/noticiasmercedinas.com\\\/site\\\/author\\\/marcos-tabosssi\\\/\"}]}<\/script>\n<!-- \/ Yoast SEO plugin. -->","yoast_head_json":{"title":"C\u00f3mo seguiremos cuando la peste termine","robots":{"index":"index","follow":"follow","max-snippet":"max-snippet:-1","max-image-preview":"max-image-preview:large","max-video-preview":"max-video-preview:-1"},"canonical":"https:\/\/noticiasmercedinas.com\/site\/2020\/03\/26\/como-seguiremos-cuando-la-peste-termine\/","og_locale":"es_ES","og_type":"article","og_title":"C\u00f3mo seguiremos cuando la peste termine","og_description":"La cuarentena en el barrio se respeta. Miro por la ventana de la cocina y veo la calle como una foto atemporal. Imagino que as\u00ed, con esta quietud, era hace treinta a\u00f1os, pero con m\u00e1s tierra y menos piedras. La calle muerta. Todo es sol, el sol de un verano que ya pas\u00f3. La cuarentena [&hellip;]","og_url":"https:\/\/noticiasmercedinas.com\/site\/2020\/03\/26\/como-seguiremos-cuando-la-peste-termine\/","og_site_name":"NOTICIASMERCEDINAS.COM","article_publisher":"https:\/\/www.facebook.com\/noticiasmercedinas\/","article_author":"https:\/\/www.facebook.com\/www.untalmarcost.blogspot.com.ar","article_published_time":"2020-03-26T13:42:36+00:00","article_modified_time":"2020-03-26T13:46:02+00:00","og_image":[{"width":640,"height":361,"url":"https:\/\/noticiasmercedinas.com\/site\/wp-content\/uploads\/2020\/03\/IMG_20200323_113700.jpg","type":"image\/jpeg"}],"author":"Marcos Tabossi","twitter_card":"summary_large_image","twitter_creator":"@https:\/\/twitter.com\/MarcosTabossi","twitter_site":"@notmercedinas","twitter_misc":{"Escrito por":"Marcos Tabossi","Tiempo de lectura":"7 minutos"},"schema":{"@context":"https:\/\/schema.org","@graph":[{"@type":"Article","@id":"https:\/\/noticiasmercedinas.com\/site\/2020\/03\/26\/como-seguiremos-cuando-la-peste-termine\/#article","isPartOf":{"@id":"https:\/\/noticiasmercedinas.com\/site\/2020\/03\/26\/como-seguiremos-cuando-la-peste-termine\/"},"author":{"name":"Marcos Tabossi","@id":"https:\/\/noticiasmercedinas.com\/site\/#\/schema\/person\/ad6432d89b9d86aa1236b4352f4f9271"},"headline":"C\u00f3mo seguiremos cuando la peste termine","datePublished":"2020-03-26T13:42:36+00:00","dateModified":"2020-03-26T13:46:02+00:00","mainEntityOfPage":{"@id":"https:\/\/noticiasmercedinas.com\/site\/2020\/03\/26\/como-seguiremos-cuando-la-peste-termine\/"},"wordCount":1435,"commentCount":0,"publisher":{"@id":"https:\/\/noticiasmercedinas.com\/site\/#organization"},"image":{"@id":"https:\/\/noticiasmercedinas.com\/site\/2020\/03\/26\/como-seguiremos-cuando-la-peste-termine\/#primaryimage"},"thumbnailUrl":"https:\/\/noticiasmercedinas.com\/site\/wp-content\/uploads\/2020\/03\/IMG_20200323_113700.jpg","keywords":["Marcos Tabossi","pandemia","una mirada de la ciudad"],"articleSection":["Una mirada de la ciudad"],"inLanguage":"es","potentialAction":[{"@type":"CommentAction","name":"Comment","target":["https:\/\/noticiasmercedinas.com\/site\/2020\/03\/26\/como-seguiremos-cuando-la-peste-termine\/#respond"]}]},{"@type":"WebPage","@id":"https:\/\/noticiasmercedinas.com\/site\/2020\/03\/26\/como-seguiremos-cuando-la-peste-termine\/","url":"https:\/\/noticiasmercedinas.com\/site\/2020\/03\/26\/como-seguiremos-cuando-la-peste-termine\/","name":"C\u00f3mo seguiremos cuando la peste termine","isPartOf":{"@id":"https:\/\/noticiasmercedinas.com\/site\/#website"},"primaryImageOfPage":{"@id":"https:\/\/noticiasmercedinas.com\/site\/2020\/03\/26\/como-seguiremos-cuando-la-peste-termine\/#primaryimage"},"image":{"@id":"https:\/\/noticiasmercedinas.com\/site\/2020\/03\/26\/como-seguiremos-cuando-la-peste-termine\/#primaryimage"},"thumbnailUrl":"https:\/\/noticiasmercedinas.com\/site\/wp-content\/uploads\/2020\/03\/IMG_20200323_113700.jpg","datePublished":"2020-03-26T13:42:36+00:00","dateModified":"2020-03-26T13:46:02+00:00","breadcrumb":{"@id":"https:\/\/noticiasmercedinas.com\/site\/2020\/03\/26\/como-seguiremos-cuando-la-peste-termine\/#breadcrumb"},"inLanguage":"es","potentialAction":[{"@type":"ReadAction","target":["https:\/\/noticiasmercedinas.com\/site\/2020\/03\/26\/como-seguiremos-cuando-la-peste-termine\/"]}]},{"@type":"ImageObject","inLanguage":"es","@id":"https:\/\/noticiasmercedinas.com\/site\/2020\/03\/26\/como-seguiremos-cuando-la-peste-termine\/#primaryimage","url":"https:\/\/noticiasmercedinas.com\/site\/wp-content\/uploads\/2020\/03\/IMG_20200323_113700.jpg","contentUrl":"https:\/\/noticiasmercedinas.com\/site\/wp-content\/uploads\/2020\/03\/IMG_20200323_113700.jpg","width":640,"height":361,"caption":"dav"},{"@type":"BreadcrumbList","@id":"https:\/\/noticiasmercedinas.com\/site\/2020\/03\/26\/como-seguiremos-cuando-la-peste-termine\/#breadcrumb","itemListElement":[{"@type":"ListItem","position":1,"name":"Portada","item":"https:\/\/noticiasmercedinas.com\/site\/"},{"@type":"ListItem","position":2,"name":"C\u00f3mo seguiremos cuando la peste termine"}]},{"@type":"WebSite","@id":"https:\/\/noticiasmercedinas.com\/site\/#website","url":"https:\/\/noticiasmercedinas.com\/site\/","name":"NOTICIASMERCEDINAS.COM","description":"Mercedes, Buenos Aires, Argentina","publisher":{"@id":"https:\/\/noticiasmercedinas.com\/site\/#organization"},"potentialAction":[{"@type":"SearchAction","target":{"@type":"EntryPoint","urlTemplate":"https:\/\/noticiasmercedinas.com\/site\/?s={search_term_string}"},"query-input":{"@type":"PropertyValueSpecification","valueRequired":true,"valueName":"search_term_string"}}],"inLanguage":"es"},{"@type":"Organization","@id":"https:\/\/noticiasmercedinas.com\/site\/#organization","name":"NOTICIASMERCEDINAS.COM","url":"https:\/\/noticiasmercedinas.com\/site\/","logo":{"@type":"ImageObject","inLanguage":"es","@id":"https:\/\/noticiasmercedinas.com\/site\/#\/schema\/logo\/image\/","url":"https:\/\/noticiasmercedinas.com\/site\/wp-content\/uploads\/2020\/06\/LOGO-512.jpg","contentUrl":"https:\/\/noticiasmercedinas.com\/site\/wp-content\/uploads\/2020\/06\/LOGO-512.jpg","width":512,"height":512,"caption":"NOTICIASMERCEDINAS.COM"},"image":{"@id":"https:\/\/noticiasmercedinas.com\/site\/#\/schema\/logo\/image\/"},"sameAs":["https:\/\/www.facebook.com\/noticiasmercedinas\/","https:\/\/x.com\/notmercedinas","https:\/\/www.instagram.com\/noticiasmercedinas\/"]},{"@type":"Person","@id":"https:\/\/noticiasmercedinas.com\/site\/#\/schema\/person\/ad6432d89b9d86aa1236b4352f4f9271","name":"Marcos Tabossi","image":{"@type":"ImageObject","inLanguage":"es","@id":"https:\/\/secure.gravatar.com\/avatar\/3289c5816bd32b910d17b147a61ec9a26c21417a787bc3c66c4bfd5c3ad5bd45?s=96&d=mm&r=g","url":"https:\/\/secure.gravatar.com\/avatar\/3289c5816bd32b910d17b147a61ec9a26c21417a787bc3c66c4bfd5c3ad5bd45?s=96&d=mm&r=g","contentUrl":"https:\/\/secure.gravatar.com\/avatar\/3289c5816bd32b910d17b147a61ec9a26c21417a787bc3c66c4bfd5c3ad5bd45?s=96&d=mm&r=g","caption":"Marcos Tabossi"},"description":"Psic\u00f3logo, docente y escritor. Public\u00f3 \u201cLa persona de al lado\u201d (2013) y \u201cUna especie de c\u00e1rcel\u201d (Peces de Ciudad. 2017). Particip\u00f3 con cuentos en diversas antolog\u00edas y es colaborador de sitios literarios nacionales e internacionales","sameAs":["https:\/\/www.facebook.com\/www.untalmarcost.blogspot.com.ar","https:\/\/www.instagram.com\/marcostabossi","https:\/\/x.com\/https:\/\/twitter.com\/MarcosTabossi"],"url":"https:\/\/noticiasmercedinas.com\/site\/author\/marcos-tabosssi\/"}]}},"amp_enabled":true,"_links":{"self":[{"href":"https:\/\/noticiasmercedinas.com\/site\/wp-json\/wp\/v2\/posts\/42377","targetHints":{"allow":["GET"]}}],"collection":[{"href":"https:\/\/noticiasmercedinas.com\/site\/wp-json\/wp\/v2\/posts"}],"about":[{"href":"https:\/\/noticiasmercedinas.com\/site\/wp-json\/wp\/v2\/types\/post"}],"author":[{"embeddable":true,"href":"https:\/\/noticiasmercedinas.com\/site\/wp-json\/wp\/v2\/users\/26"}],"replies":[{"embeddable":true,"href":"https:\/\/noticiasmercedinas.com\/site\/wp-json\/wp\/v2\/comments?post=42377"}],"version-history":[{"count":3,"href":"https:\/\/noticiasmercedinas.com\/site\/wp-json\/wp\/v2\/posts\/42377\/revisions"}],"predecessor-version":[{"id":42381,"href":"https:\/\/noticiasmercedinas.com\/site\/wp-json\/wp\/v2\/posts\/42377\/revisions\/42381"}],"wp:featuredmedia":[{"embeddable":true,"href":"https:\/\/noticiasmercedinas.com\/site\/wp-json\/wp\/v2\/media\/42378"}],"wp:attachment":[{"href":"https:\/\/noticiasmercedinas.com\/site\/wp-json\/wp\/v2\/media?parent=42377"}],"wp:term":[{"taxonomy":"category","embeddable":true,"href":"https:\/\/noticiasmercedinas.com\/site\/wp-json\/wp\/v2\/categories?post=42377"},{"taxonomy":"post_tag","embeddable":true,"href":"https:\/\/noticiasmercedinas.com\/site\/wp-json\/wp\/v2\/tags?post=42377"}],"curies":[{"name":"wp","href":"https:\/\/api.w.org\/{rel}","templated":true}]}}