{"id":4256,"date":"2018-10-13T09:39:24","date_gmt":"2018-10-13T12:39:24","guid":{"rendered":"https:\/\/noticiasmercedinas.com\/site\/?p=4256"},"modified":"2018-10-13T09:44:23","modified_gmt":"2018-10-13T12:44:23","slug":"la-beba-sofia-fue-trasladada-a-hospital-de-ciudad-evita","status":"publish","type":"post","link":"https:\/\/noticiasmercedinas.com\/site\/2018\/10\/13\/la-beba-sofia-fue-trasladada-a-hospital-de-ciudad-evita\/","title":{"rendered":"La beba Sof\u00eda fue trasladada a hospital de Ciudad Evita"},"content":{"rendered":"<p><strong>La derivaci\u00f3n urgente de la reci\u00e9n nacida fue reclamada ayer por el MTE con el corte de la calle 12. Evoluciona favorablemente.<\/strong><\/p>\n<p><a href=\"https:\/\/noticiasmercedinas.com\/site\/wp-content\/uploads\/2018\/10\/20181013_092501-e1539434230875.jpg\"><img loading=\"lazy\" decoding=\"async\" class=\"alignnone size-full wp-image-4259\" src=\"https:\/\/noticiasmercedinas.com\/site\/wp-content\/uploads\/2018\/10\/20181013_092501-e1539434230875.jpg\" alt=\"\" width=\"640\" height=\"498\" \/><\/a><\/p>\n<p>Sof\u00eda, la beb\u00e9 reci\u00e9n nacida cuyo traslado urgente fue reclamado ayer con un corte de calle frente al Hospital Dubarry, fue derivada a un centro de salud en Ciudad Evita donde evoluciona favorablemente.<\/p>\n<p>Claudio Ant\u00fanez, referente del Movimiento de Trabajadores Excluidos (MTE) Mercedes, confirm\u00f3 a NOTICIASMERCEDINAS.COM que el acceso a una instituci\u00f3n con atenci\u00f3n neonatol\u00f3gica se concret\u00f3 ayer a las 21, dos horas despu\u00e9s de iniciada la protesta.<\/p>\n<p>\u00abAmbulancia de m\u00e1xima complicidad hab\u00eda pero no consegu\u00edan cama\u00bb, explic\u00f3 y cont\u00f3 que \u00abcortamos la calle y 12 de golpe y porrazo, como acto de magia, aparecieron no una sino varias camas en distintos hospitales\u00bb.<\/p>\n<p>El dirigente social record\u00f3 que la mam\u00e1 de Sof\u00eda \u00abingres\u00f3 hace cuatro d\u00edas con p\u00e9rdida del tap\u00f3n y la hicieron aguantar hasta ayer\u00bb. \u00abNaci\u00f3 de ocho meses con problemas respiratorios, el m\u00e9dico asustado y enojado le dijo a los familiares que la beba estaba muy mal y que hab\u00eda que trasladarla de urgencia\u00bb, cont\u00f3.<\/p>\n<p>Aunque ya se dispuso una plaza de atenci\u00f3n nenatol\u00f3gica para Sof\u00eda en Ciudad Evita, su mam\u00e1 permanece internada en Mercedes.<\/p>\n","protected":false},"excerpt":{"rendered":"<p>La derivaci\u00f3n urgente de la reci\u00e9n nacida fue reclamada ayer por el MTE con el corte de la calle 12. Evoluciona favorablemente. Sof\u00eda, la beb\u00e9 reci\u00e9n nacida cuyo traslado urgente fue reclamado ayer con un corte de calle frente al Hospital Dubarry, fue derivada a un centro de salud en Ciudad Evita donde evoluciona favorablemente. [&hellip;]<\/p>\n","protected":false},"author":3,"featured_media":4259,"comment_status":"open","ping_status":"open","sticky":false,"template":"","format":"standard","meta":{"footnotes":""},"categories":[3],"tags":[255,1417,71],"class_list":["post-4256","post","type-post","status-publish","format-standard","has-post-thumbnail","hentry","category-sociedad","tag-hospital-dubarry","tag-mte","tag-salud"],"yoast_head":"<!-- This site is optimized with the Yoast SEO plugin v27.5 - https:\/\/yoast.com\/product\/yoast-seo-wordpress\/ -->\n<title>La beba Sof\u00eda fue trasladada a hospital de Ciudad Evita<\/title>\n<meta name=\"robots\" content=\"index, follow, max-snippet:-1, max-image-preview:large, max-video-preview:-1\" \/>\n<link rel=\"canonical\" href=\"https:\/\/noticiasmercedinas.com\/site\/2018\/10\/13\/la-beba-sofia-fue-trasladada-a-hospital-de-ciudad-evita\/\" \/>\n<meta property=\"og:locale\" content=\"es_ES\" \/>\n<meta property=\"og:type\" content=\"article\" \/>\n<meta property=\"og:title\" content=\"La beba Sof\u00eda fue trasladada a hospital de Ciudad Evita\" \/>\n<meta property=\"og:description\" content=\"La derivaci\u00f3n urgente de la reci\u00e9n nacida fue reclamada ayer por el MTE con el corte de la calle 12. Evoluciona favorablemente. Sof\u00eda, la beb\u00e9 reci\u00e9n nacida cuyo traslado urgente fue reclamado ayer con un corte de calle frente al Hospital Dubarry, fue derivada a un centro de salud en Ciudad Evita donde evoluciona favorablemente. [&hellip;]\" \/>\n<meta property=\"og:url\" content=\"https:\/\/noticiasmercedinas.com\/site\/2018\/10\/13\/la-beba-sofia-fue-trasladada-a-hospital-de-ciudad-evita\/\" \/>\n<meta property=\"og:site_name\" content=\"NOTICIASMERCEDINAS.COM\" \/>\n<meta property=\"article:publisher\" content=\"https:\/\/www.facebook.com\/noticiasmercedinas\/\" \/>\n<meta property=\"article:published_time\" content=\"2018-10-13T12:39:24+00:00\" \/>\n<meta property=\"article:modified_time\" content=\"2018-10-13T12:44:23+00:00\" \/>\n<meta property=\"og:image\" content=\"https:\/\/noticiasmercedinas.com\/site\/wp-content\/uploads\/2018\/10\/20181013_092501-e1539434230875.jpg\" \/>\n\t<meta property=\"og:image:width\" content=\"640\" \/>\n\t<meta property=\"og:image:height\" content=\"498\" \/>\n\t<meta property=\"og:image:type\" content=\"image\/jpeg\" \/>\n<meta name=\"author\" content=\"Adrian Terrizzano NOTICIASMERCEDINAS.COM\" \/>\n<meta name=\"twitter:card\" content=\"summary_large_image\" \/>\n<meta name=\"twitter:creator\" content=\"@https:\/\/twitter.com\/AdrianTerri\" \/>\n<meta name=\"twitter:site\" content=\"@notmercedinas\" \/>\n<meta name=\"twitter:label1\" content=\"Escrito por\" \/>\n\t<meta name=\"twitter:data1\" content=\"Adrian Terrizzano NOTICIASMERCEDINAS.COM\" \/>\n\t<meta name=\"twitter:label2\" content=\"Tiempo de lectura\" \/>\n\t<meta name=\"twitter:data2\" content=\"1 minuto\" \/>\n<script type=\"application\/ld+json\" class=\"yoast-schema-graph\">{\"@context\":\"https:\\\/\\\/schema.org\",\"@graph\":[{\"@type\":\"Article\",\"@id\":\"https:\\\/\\\/noticiasmercedinas.com\\\/site\\\/2018\\\/10\\\/13\\\/la-beba-sofia-fue-trasladada-a-hospital-de-ciudad-evita\\\/#article\",\"isPartOf\":{\"@id\":\"https:\\\/\\\/noticiasmercedinas.com\\\/site\\\/2018\\\/10\\\/13\\\/la-beba-sofia-fue-trasladada-a-hospital-de-ciudad-evita\\\/\"},\"author\":{\"name\":\"Adrian Terrizzano NOTICIASMERCEDINAS.COM\",\"@id\":\"https:\\\/\\\/noticiasmercedinas.com\\\/site\\\/#\\\/schema\\\/person\\\/45cbccca776c0c5524a6d2a8f1b04acd\"},\"headline\":\"La beba Sof\u00eda fue trasladada a hospital de Ciudad Evita\",\"datePublished\":\"2018-10-13T12:39:24+00:00\",\"dateModified\":\"2018-10-13T12:44:23+00:00\",\"mainEntityOfPage\":{\"@id\":\"https:\\\/\\\/noticiasmercedinas.com\\\/site\\\/2018\\\/10\\\/13\\\/la-beba-sofia-fue-trasladada-a-hospital-de-ciudad-evita\\\/\"},\"wordCount\":229,\"commentCount\":0,\"publisher\":{\"@id\":\"https:\\\/\\\/noticiasmercedinas.com\\\/site\\\/#organization\"},\"image\":{\"@id\":\"https:\\\/\\\/noticiasmercedinas.com\\\/site\\\/2018\\\/10\\\/13\\\/la-beba-sofia-fue-trasladada-a-hospital-de-ciudad-evita\\\/#primaryimage\"},\"thumbnailUrl\":\"https:\\\/\\\/noticiasmercedinas.com\\\/site\\\/wp-content\\\/uploads\\\/2018\\\/10\\\/20181013_092501-e1539434230875.jpg\",\"keywords\":[\"hospital dubarry\",\"MTE\",\"salud\"],\"articleSection\":[\"Sociedad\"],\"inLanguage\":\"es\",\"potentialAction\":[{\"@type\":\"CommentAction\",\"name\":\"Comment\",\"target\":[\"https:\\\/\\\/noticiasmercedinas.com\\\/site\\\/2018\\\/10\\\/13\\\/la-beba-sofia-fue-trasladada-a-hospital-de-ciudad-evita\\\/#respond\"]}]},{\"@type\":\"WebPage\",\"@id\":\"https:\\\/\\\/noticiasmercedinas.com\\\/site\\\/2018\\\/10\\\/13\\\/la-beba-sofia-fue-trasladada-a-hospital-de-ciudad-evita\\\/\",\"url\":\"https:\\\/\\\/noticiasmercedinas.com\\\/site\\\/2018\\\/10\\\/13\\\/la-beba-sofia-fue-trasladada-a-hospital-de-ciudad-evita\\\/\",\"name\":\"La beba Sof\u00eda fue trasladada a hospital de Ciudad Evita\",\"isPartOf\":{\"@id\":\"https:\\\/\\\/noticiasmercedinas.com\\\/site\\\/#website\"},\"primaryImageOfPage\":{\"@id\":\"https:\\\/\\\/noticiasmercedinas.com\\\/site\\\/2018\\\/10\\\/13\\\/la-beba-sofia-fue-trasladada-a-hospital-de-ciudad-evita\\\/#primaryimage\"},\"image\":{\"@id\":\"https:\\\/\\\/noticiasmercedinas.com\\\/site\\\/2018\\\/10\\\/13\\\/la-beba-sofia-fue-trasladada-a-hospital-de-ciudad-evita\\\/#primaryimage\"},\"thumbnailUrl\":\"https:\\\/\\\/noticiasmercedinas.com\\\/site\\\/wp-content\\\/uploads\\\/2018\\\/10\\\/20181013_092501-e1539434230875.jpg\",\"datePublished\":\"2018-10-13T12:39:24+00:00\",\"dateModified\":\"2018-10-13T12:44:23+00:00\",\"breadcrumb\":{\"@id\":\"https:\\\/\\\/noticiasmercedinas.com\\\/site\\\/2018\\\/10\\\/13\\\/la-beba-sofia-fue-trasladada-a-hospital-de-ciudad-evita\\\/#breadcrumb\"},\"inLanguage\":\"es\",\"potentialAction\":[{\"@type\":\"ReadAction\",\"target\":[\"https:\\\/\\\/noticiasmercedinas.com\\\/site\\\/2018\\\/10\\\/13\\\/la-beba-sofia-fue-trasladada-a-hospital-de-ciudad-evita\\\/\"]}]},{\"@type\":\"ImageObject\",\"inLanguage\":\"es\",\"@id\":\"https:\\\/\\\/noticiasmercedinas.com\\\/site\\\/2018\\\/10\\\/13\\\/la-beba-sofia-fue-trasladada-a-hospital-de-ciudad-evita\\\/#primaryimage\",\"url\":\"https:\\\/\\\/noticiasmercedinas.com\\\/site\\\/wp-content\\\/uploads\\\/2018\\\/10\\\/20181013_092501-e1539434230875.jpg\",\"contentUrl\":\"https:\\\/\\\/noticiasmercedinas.com\\\/site\\\/wp-content\\\/uploads\\\/2018\\\/10\\\/20181013_092501-e1539434230875.jpg\",\"width\":640,\"height\":498},{\"@type\":\"BreadcrumbList\",\"@id\":\"https:\\\/\\\/noticiasmercedinas.com\\\/site\\\/2018\\\/10\\\/13\\\/la-beba-sofia-fue-trasladada-a-hospital-de-ciudad-evita\\\/#breadcrumb\",\"itemListElement\":[{\"@type\":\"ListItem\",\"position\":1,\"name\":\"Portada\",\"item\":\"https:\\\/\\\/noticiasmercedinas.com\\\/site\\\/\"},{\"@type\":\"ListItem\",\"position\":2,\"name\":\"La beba Sof\u00eda fue trasladada a hospital de Ciudad Evita\"}]},{\"@type\":\"WebSite\",\"@id\":\"https:\\\/\\\/noticiasmercedinas.com\\\/site\\\/#website\",\"url\":\"https:\\\/\\\/noticiasmercedinas.com\\\/site\\\/\",\"name\":\"NOTICIASMERCEDINAS.COM\",\"description\":\"Mercedes, Buenos Aires, Argentina\",\"publisher\":{\"@id\":\"https:\\\/\\\/noticiasmercedinas.com\\\/site\\\/#organization\"},\"potentialAction\":[{\"@type\":\"SearchAction\",\"target\":{\"@type\":\"EntryPoint\",\"urlTemplate\":\"https:\\\/\\\/noticiasmercedinas.com\\\/site\\\/?s={search_term_string}\"},\"query-input\":{\"@type\":\"PropertyValueSpecification\",\"valueRequired\":true,\"valueName\":\"search_term_string\"}}],\"inLanguage\":\"es\"},{\"@type\":\"Organization\",\"@id\":\"https:\\\/\\\/noticiasmercedinas.com\\\/site\\\/#organization\",\"name\":\"NOTICIASMERCEDINAS.COM\",\"url\":\"https:\\\/\\\/noticiasmercedinas.com\\\/site\\\/\",\"logo\":{\"@type\":\"ImageObject\",\"inLanguage\":\"es\",\"@id\":\"https:\\\/\\\/noticiasmercedinas.com\\\/site\\\/#\\\/schema\\\/logo\\\/image\\\/\",\"url\":\"https:\\\/\\\/noticiasmercedinas.com\\\/site\\\/wp-content\\\/uploads\\\/2020\\\/06\\\/LOGO-512.jpg\",\"contentUrl\":\"https:\\\/\\\/noticiasmercedinas.com\\\/site\\\/wp-content\\\/uploads\\\/2020\\\/06\\\/LOGO-512.jpg\",\"width\":512,\"height\":512,\"caption\":\"NOTICIASMERCEDINAS.COM\"},\"image\":{\"@id\":\"https:\\\/\\\/noticiasmercedinas.com\\\/site\\\/#\\\/schema\\\/logo\\\/image\\\/\"},\"sameAs\":[\"https:\\\/\\\/www.facebook.com\\\/noticiasmercedinas\\\/\",\"https:\\\/\\\/x.com\\\/notmercedinas\",\"https:\\\/\\\/www.instagram.com\\\/noticiasmercedinas\\\/\"]},{\"@type\":\"Person\",\"@id\":\"https:\\\/\\\/noticiasmercedinas.com\\\/site\\\/#\\\/schema\\\/person\\\/45cbccca776c0c5524a6d2a8f1b04acd\",\"name\":\"Adrian Terrizzano NOTICIASMERCEDINAS.COM\",\"image\":{\"@type\":\"ImageObject\",\"inLanguage\":\"es\",\"@id\":\"https:\\\/\\\/secure.gravatar.com\\\/avatar\\\/9bfd6dcfcf5cc28d74f7cefd9e87a6220d73f42949c5456b2b67674334db8bee?s=96&d=mm&r=g\",\"url\":\"https:\\\/\\\/secure.gravatar.com\\\/avatar\\\/9bfd6dcfcf5cc28d74f7cefd9e87a6220d73f42949c5456b2b67674334db8bee?s=96&d=mm&r=g\",\"contentUrl\":\"https:\\\/\\\/secure.gravatar.com\\\/avatar\\\/9bfd6dcfcf5cc28d74f7cefd9e87a6220d73f42949c5456b2b67674334db8bee?s=96&d=mm&r=g\",\"caption\":\"Adrian Terrizzano NOTICIASMERCEDINAS.COM\"},\"description\":\"Periodista experimentado. Aprendi\u00f3 el oficio en medios gr\u00e1ficos y digitales, comerciales, institucionales y comunitarios, radio y televisi\u00f3n. Actualmente en Noticias Mercedinas, Radio L\u00edder de Luj\u00e1n y Centro de Producci\u00f3n Audiovisual UNLu.\",\"sameAs\":[\"https:\\\/\\\/www.linkedin.com\\\/in\\\/adri\u00e1n-terrizzano-53795630\\\/\",\"https:\\\/\\\/x.com\\\/https:\\\/\\\/twitter.com\\\/AdrianTerri\"],\"url\":\"https:\\\/\\\/noticiasmercedinas.com\\\/site\\\/author\\\/adrian-terrizzano\\\/\"}]}<\/script>\n<!-- \/ Yoast SEO plugin. -->","yoast_head_json":{"title":"La beba Sof\u00eda fue trasladada a hospital de Ciudad Evita","robots":{"index":"index","follow":"follow","max-snippet":"max-snippet:-1","max-image-preview":"max-image-preview:large","max-video-preview":"max-video-preview:-1"},"canonical":"https:\/\/noticiasmercedinas.com\/site\/2018\/10\/13\/la-beba-sofia-fue-trasladada-a-hospital-de-ciudad-evita\/","og_locale":"es_ES","og_type":"article","og_title":"La beba Sof\u00eda fue trasladada a hospital de Ciudad Evita","og_description":"La derivaci\u00f3n urgente de la reci\u00e9n nacida fue reclamada ayer por el MTE con el corte de la calle 12. Evoluciona favorablemente. Sof\u00eda, la beb\u00e9 reci\u00e9n nacida cuyo traslado urgente fue reclamado ayer con un corte de calle frente al Hospital Dubarry, fue derivada a un centro de salud en Ciudad Evita donde evoluciona favorablemente. [&hellip;]","og_url":"https:\/\/noticiasmercedinas.com\/site\/2018\/10\/13\/la-beba-sofia-fue-trasladada-a-hospital-de-ciudad-evita\/","og_site_name":"NOTICIASMERCEDINAS.COM","article_publisher":"https:\/\/www.facebook.com\/noticiasmercedinas\/","article_published_time":"2018-10-13T12:39:24+00:00","article_modified_time":"2018-10-13T12:44:23+00:00","og_image":[{"width":640,"height":498,"url":"https:\/\/noticiasmercedinas.com\/site\/wp-content\/uploads\/2018\/10\/20181013_092501-e1539434230875.jpg","type":"image\/jpeg"}],"author":"Adrian Terrizzano NOTICIASMERCEDINAS.COM","twitter_card":"summary_large_image","twitter_creator":"@https:\/\/twitter.com\/AdrianTerri","twitter_site":"@notmercedinas","twitter_misc":{"Escrito por":"Adrian Terrizzano NOTICIASMERCEDINAS.COM","Tiempo de lectura":"1 minuto"},"schema":{"@context":"https:\/\/schema.org","@graph":[{"@type":"Article","@id":"https:\/\/noticiasmercedinas.com\/site\/2018\/10\/13\/la-beba-sofia-fue-trasladada-a-hospital-de-ciudad-evita\/#article","isPartOf":{"@id":"https:\/\/noticiasmercedinas.com\/site\/2018\/10\/13\/la-beba-sofia-fue-trasladada-a-hospital-de-ciudad-evita\/"},"author":{"name":"Adrian Terrizzano NOTICIASMERCEDINAS.COM","@id":"https:\/\/noticiasmercedinas.com\/site\/#\/schema\/person\/45cbccca776c0c5524a6d2a8f1b04acd"},"headline":"La beba Sof\u00eda fue trasladada a hospital de Ciudad Evita","datePublished":"2018-10-13T12:39:24+00:00","dateModified":"2018-10-13T12:44:23+00:00","mainEntityOfPage":{"@id":"https:\/\/noticiasmercedinas.com\/site\/2018\/10\/13\/la-beba-sofia-fue-trasladada-a-hospital-de-ciudad-evita\/"},"wordCount":229,"commentCount":0,"publisher":{"@id":"https:\/\/noticiasmercedinas.com\/site\/#organization"},"image":{"@id":"https:\/\/noticiasmercedinas.com\/site\/2018\/10\/13\/la-beba-sofia-fue-trasladada-a-hospital-de-ciudad-evita\/#primaryimage"},"thumbnailUrl":"https:\/\/noticiasmercedinas.com\/site\/wp-content\/uploads\/2018\/10\/20181013_092501-e1539434230875.jpg","keywords":["hospital dubarry","MTE","salud"],"articleSection":["Sociedad"],"inLanguage":"es","potentialAction":[{"@type":"CommentAction","name":"Comment","target":["https:\/\/noticiasmercedinas.com\/site\/2018\/10\/13\/la-beba-sofia-fue-trasladada-a-hospital-de-ciudad-evita\/#respond"]}]},{"@type":"WebPage","@id":"https:\/\/noticiasmercedinas.com\/site\/2018\/10\/13\/la-beba-sofia-fue-trasladada-a-hospital-de-ciudad-evita\/","url":"https:\/\/noticiasmercedinas.com\/site\/2018\/10\/13\/la-beba-sofia-fue-trasladada-a-hospital-de-ciudad-evita\/","name":"La beba Sof\u00eda fue trasladada a hospital de Ciudad Evita","isPartOf":{"@id":"https:\/\/noticiasmercedinas.com\/site\/#website"},"primaryImageOfPage":{"@id":"https:\/\/noticiasmercedinas.com\/site\/2018\/10\/13\/la-beba-sofia-fue-trasladada-a-hospital-de-ciudad-evita\/#primaryimage"},"image":{"@id":"https:\/\/noticiasmercedinas.com\/site\/2018\/10\/13\/la-beba-sofia-fue-trasladada-a-hospital-de-ciudad-evita\/#primaryimage"},"thumbnailUrl":"https:\/\/noticiasmercedinas.com\/site\/wp-content\/uploads\/2018\/10\/20181013_092501-e1539434230875.jpg","datePublished":"2018-10-13T12:39:24+00:00","dateModified":"2018-10-13T12:44:23+00:00","breadcrumb":{"@id":"https:\/\/noticiasmercedinas.com\/site\/2018\/10\/13\/la-beba-sofia-fue-trasladada-a-hospital-de-ciudad-evita\/#breadcrumb"},"inLanguage":"es","potentialAction":[{"@type":"ReadAction","target":["https:\/\/noticiasmercedinas.com\/site\/2018\/10\/13\/la-beba-sofia-fue-trasladada-a-hospital-de-ciudad-evita\/"]}]},{"@type":"ImageObject","inLanguage":"es","@id":"https:\/\/noticiasmercedinas.com\/site\/2018\/10\/13\/la-beba-sofia-fue-trasladada-a-hospital-de-ciudad-evita\/#primaryimage","url":"https:\/\/noticiasmercedinas.com\/site\/wp-content\/uploads\/2018\/10\/20181013_092501-e1539434230875.jpg","contentUrl":"https:\/\/noticiasmercedinas.com\/site\/wp-content\/uploads\/2018\/10\/20181013_092501-e1539434230875.jpg","width":640,"height":498},{"@type":"BreadcrumbList","@id":"https:\/\/noticiasmercedinas.com\/site\/2018\/10\/13\/la-beba-sofia-fue-trasladada-a-hospital-de-ciudad-evita\/#breadcrumb","itemListElement":[{"@type":"ListItem","position":1,"name":"Portada","item":"https:\/\/noticiasmercedinas.com\/site\/"},{"@type":"ListItem","position":2,"name":"La beba Sof\u00eda fue trasladada a hospital de Ciudad Evita"}]},{"@type":"WebSite","@id":"https:\/\/noticiasmercedinas.com\/site\/#website","url":"https:\/\/noticiasmercedinas.com\/site\/","name":"NOTICIASMERCEDINAS.COM","description":"Mercedes, Buenos Aires, Argentina","publisher":{"@id":"https:\/\/noticiasmercedinas.com\/site\/#organization"},"potentialAction":[{"@type":"SearchAction","target":{"@type":"EntryPoint","urlTemplate":"https:\/\/noticiasmercedinas.com\/site\/?s={search_term_string}"},"query-input":{"@type":"PropertyValueSpecification","valueRequired":true,"valueName":"search_term_string"}}],"inLanguage":"es"},{"@type":"Organization","@id":"https:\/\/noticiasmercedinas.com\/site\/#organization","name":"NOTICIASMERCEDINAS.COM","url":"https:\/\/noticiasmercedinas.com\/site\/","logo":{"@type":"ImageObject","inLanguage":"es","@id":"https:\/\/noticiasmercedinas.com\/site\/#\/schema\/logo\/image\/","url":"https:\/\/noticiasmercedinas.com\/site\/wp-content\/uploads\/2020\/06\/LOGO-512.jpg","contentUrl":"https:\/\/noticiasmercedinas.com\/site\/wp-content\/uploads\/2020\/06\/LOGO-512.jpg","width":512,"height":512,"caption":"NOTICIASMERCEDINAS.COM"},"image":{"@id":"https:\/\/noticiasmercedinas.com\/site\/#\/schema\/logo\/image\/"},"sameAs":["https:\/\/www.facebook.com\/noticiasmercedinas\/","https:\/\/x.com\/notmercedinas","https:\/\/www.instagram.com\/noticiasmercedinas\/"]},{"@type":"Person","@id":"https:\/\/noticiasmercedinas.com\/site\/#\/schema\/person\/45cbccca776c0c5524a6d2a8f1b04acd","name":"Adrian Terrizzano NOTICIASMERCEDINAS.COM","image":{"@type":"ImageObject","inLanguage":"es","@id":"https:\/\/secure.gravatar.com\/avatar\/9bfd6dcfcf5cc28d74f7cefd9e87a6220d73f42949c5456b2b67674334db8bee?s=96&d=mm&r=g","url":"https:\/\/secure.gravatar.com\/avatar\/9bfd6dcfcf5cc28d74f7cefd9e87a6220d73f42949c5456b2b67674334db8bee?s=96&d=mm&r=g","contentUrl":"https:\/\/secure.gravatar.com\/avatar\/9bfd6dcfcf5cc28d74f7cefd9e87a6220d73f42949c5456b2b67674334db8bee?s=96&d=mm&r=g","caption":"Adrian Terrizzano NOTICIASMERCEDINAS.COM"},"description":"Periodista experimentado. Aprendi\u00f3 el oficio en medios gr\u00e1ficos y digitales, comerciales, institucionales y comunitarios, radio y televisi\u00f3n. Actualmente en Noticias Mercedinas, Radio L\u00edder de Luj\u00e1n y Centro de Producci\u00f3n Audiovisual UNLu.","sameAs":["https:\/\/www.linkedin.com\/in\/adri\u00e1n-terrizzano-53795630\/","https:\/\/x.com\/https:\/\/twitter.com\/AdrianTerri"],"url":"https:\/\/noticiasmercedinas.com\/site\/author\/adrian-terrizzano\/"}]}},"amp_enabled":true,"_links":{"self":[{"href":"https:\/\/noticiasmercedinas.com\/site\/wp-json\/wp\/v2\/posts\/4256","targetHints":{"allow":["GET"]}}],"collection":[{"href":"https:\/\/noticiasmercedinas.com\/site\/wp-json\/wp\/v2\/posts"}],"about":[{"href":"https:\/\/noticiasmercedinas.com\/site\/wp-json\/wp\/v2\/types\/post"}],"author":[{"embeddable":true,"href":"https:\/\/noticiasmercedinas.com\/site\/wp-json\/wp\/v2\/users\/3"}],"replies":[{"embeddable":true,"href":"https:\/\/noticiasmercedinas.com\/site\/wp-json\/wp\/v2\/comments?post=4256"}],"version-history":[{"count":2,"href":"https:\/\/noticiasmercedinas.com\/site\/wp-json\/wp\/v2\/posts\/4256\/revisions"}],"predecessor-version":[{"id":4264,"href":"https:\/\/noticiasmercedinas.com\/site\/wp-json\/wp\/v2\/posts\/4256\/revisions\/4264"}],"wp:featuredmedia":[{"embeddable":true,"href":"https:\/\/noticiasmercedinas.com\/site\/wp-json\/wp\/v2\/media\/4259"}],"wp:attachment":[{"href":"https:\/\/noticiasmercedinas.com\/site\/wp-json\/wp\/v2\/media?parent=4256"}],"wp:term":[{"taxonomy":"category","embeddable":true,"href":"https:\/\/noticiasmercedinas.com\/site\/wp-json\/wp\/v2\/categories?post=4256"},{"taxonomy":"post_tag","embeddable":true,"href":"https:\/\/noticiasmercedinas.com\/site\/wp-json\/wp\/v2\/tags?post=4256"}],"curies":[{"name":"wp","href":"https:\/\/api.w.org\/{rel}","templated":true}]}}