{"id":42603,"date":"2020-03-30T21:55:53","date_gmt":"2020-03-31T00:55:53","guid":{"rendered":"https:\/\/noticiasmercedinas.com\/site\/?p=42603"},"modified":"2020-03-30T21:55:53","modified_gmt":"2020-03-31T00:55:53","slug":"actividades-virtuales-en-san-jose-obrero-es-raro-pero-apasionado-dice-el-padre-hernan","status":"publish","type":"post","link":"https:\/\/noticiasmercedinas.com\/site\/2020\/03\/30\/actividades-virtuales-en-san-jose-obrero-es-raro-pero-apasionado-dice-el-padre-hernan\/","title":{"rendered":"Actividades virtuales en San Jos\u00e9 Obrero: \u00abEs raro, pero apasionado\u00bb, dice el Padre Hern\u00e1n"},"content":{"rendered":"<p><img loading=\"lazy\" decoding=\"async\" class=\"alignnone wp-image-42604\" src=\"https:\/\/noticiasmercedinas.com\/site\/wp-content\/uploads\/2020\/03\/sanjose.jpg\" alt=\"\" width=\"640\" height=\"423\" srcset=\"https:\/\/noticiasmercedinas.com\/site\/wp-content\/uploads\/2020\/03\/sanjose.jpg 533w, https:\/\/noticiasmercedinas.com\/site\/wp-content\/uploads\/2020\/03\/sanjose-300x198.jpg 300w\" sizes=\"auto, (max-width: 640px) 100vw, 640px\" \/><\/p>\n<p>La parroquia San Jos\u00e9 Obrero de Mercedes tiene una gran cantidad de actividades, con una comunidad activa de fieles que colabora y se involucra, y en tiempos de pandemia esta se desarrolla de una manera especial, m\u00e1s virtual.<\/p>\n<p>El Padre <strong>Hern\u00e1n Arturo L\u00f3pez<\/strong> es quien est\u00e1 al frente de la Parroquia de Pasaje Antonelli entre 29 y 27. Pero en la Parroquia San Jos\u00e9 Obrero, son varios los protagonistas que ponen sus talentos y tiempo y entrega a disposici\u00f3n de los dem\u00e1s. As\u00ed es que por estas horas incluso est\u00e1n haciendo una colecta de alimentos para ayudar a las familias necesitadas del barrio.<\/p>\n<p>Desde sus redes sociales de Facebook (\u00ab<span style=\"color: #000080;\"><a style=\"color: #000080;\" href=\"https:\/\/www.facebook.com\/Parroquia-San-Jose-Obrero-de-Mercedes-159573060855286\" target=\"_blank\" rel=\"noopener noreferrer\"><strong>Parroquia San Jos\u00e9 Obrero de Mercedes<\/strong><\/a><\/span>\u00ab), Instagram (<a href=\"https:\/\/www.instagram.com\/sanjoseobreromercedes\" target=\"_blank\" rel=\"noopener noreferrer\"><strong><span style=\"color: #000080;\">@sanjoseobreromercedes<\/span><\/strong><\/a>), wasap <strong>2324588266<\/strong>, YouTube \u00ab<span style=\"color: #000080;\"><strong><a style=\"color: #000080;\" href=\"https:\/\/www.youtube.com\/channel\/UCFyIEKauy-WWNdf7IyhI6RQ\" target=\"_blank\" rel=\"noopener noreferrer\">Parroquia San Jos\u00e9 Obrero<\/a><\/strong><\/span>\u00bb y Twitter <span style=\"color: #000080;\"><a style=\"color: #000080;\" href=\"https:\/\/twitter.com\/ObreroParroquia\" target=\"_blank\" rel=\"noopener noreferrer\"><strong>@obrero parroquia<\/strong><\/a><\/span>, se alienta la comunicaci\u00f3n y el trabajo por el otro en estos tiempos particulares.<\/p>\n<p>\u00abEsto es raro, pero apasionado\u00bb, dice el Padre Hern\u00e1n, sobre estos tiempos que se viven de aislamiento obligatorio. \u00abA uno nunca le toc\u00f3 vivir algo as\u00ed, porque generalmente se est\u00e1 adentro cuando se est\u00e1 enfermo y en cama. Pero ahora tenemos que cuidarnos, todas las personas estamos reci\u00e9n arrancando este trabajo juntos y es una situaci\u00f3n rara\u00bb, agrega.<\/p>\n<p>L\u00f3pez, dice que en estos tiempos de pandemia se siente \u00aben la misma l\u00ednea de pensamiento del Papa\u00bb: \u00abAdem\u00e1s estoy agradecido en el modo que se est\u00e1 llevando adelante este problema en el pa\u00eds, con responsabilidad sobre la econom\u00eda. Cualquiera podr\u00eda pensar que una buena estrategia pol\u00edtica ser\u00eda dejar que pase lo que pase, y afectar\u00eda a la clase pasiva, a los abuelos, que muchas veces son considerados como un gasto. Pero ac\u00e1 se entiende y cree que son los que forjaron la historia y que hay que cuidarlos, algo que comparto plenamente\u00bb, asegura el p\u00e1rroco.<\/p>\n<p>En cuanto al trabajo con la comunidad, L\u00f3pez destaca que por estos d\u00edas \u00abtodo es de mondo virtual, a trav\u00e9s de la red wasap sobre todo, y vamos caminando juntos a trav\u00e9s de las redes virtuales, en distintos horarios del d\u00eda celebramos misa, que sale por radio y por Facebook, nos juntamos tambi\u00e9n a rezar, a re\u00edrnos, y a las 22.30 nos tomamos 10 minutos para terminar el d\u00eda\u00bb.<\/p>\n<p>Adem\u00e1s en la Parroquia se est\u00e1n juntando alimentos para hacer una entrega de bolsones a familias asistidas. \u00abEs una colecta que estamos coordinando y la idea es que se entreguen el s\u00e1bado\u00bb, seg\u00fan el Padre Hern\u00e1n. \u00abSon unas 20 familias las que asistimos. Vamos a repartir y la idea es poder interactuar con el grupo de j\u00f3venes, que es la franja etaria menos vulnerable, para que los repartan voluntariamente\u00bb, explica.<\/p>\n<p>\u201cPor otra parte, estamos viendo hacer las actividades del domingo de Ramos, con la idea de salir por las calles de la parroquia bendiciendo los ramos que cada persona ponga en su ventana o su puerta\u00bb, agrega luego el sacerdote, dejando en claro que todas las ideas y la toma de decisiones se da en el marco del Consejo Parroquial. \u00abTodo se discute ah\u00ed, ene se \u00e1mbito, y se pone en consideraci\u00f3n\u00bb, aclara.<\/p>\n<p>Las misas son de lunes a s\u00e1bados a las 18 horas y los domingos a las 11, siempre \u00aben casa y a trav\u00e9s de las redes\u00bb.<\/p>\n<p><iframe loading=\"lazy\" title=\"#QueLocoNo? Sobre el Tiempo de coronavirus\" width=\"640\" height=\"360\" src=\"https:\/\/www.youtube.com\/embed\/M7_b-ksyACk?feature=oembed\" frameborder=\"0\" allow=\"accelerometer; autoplay; clipboard-write; encrypted-media; gyroscope; picture-in-picture; web-share\" referrerpolicy=\"strict-origin-when-cross-origin\" allowfullscreen><\/iframe><\/p>\n","protected":false},"excerpt":{"rendered":"<p>La parroquia San Jos\u00e9 Obrero de Mercedes tiene una gran cantidad de actividades, con una comunidad activa de fieles que colabora y se involucra, y en tiempos de pandemia esta se desarrolla de una manera especial, m\u00e1s virtual. El Padre Hern\u00e1n Arturo L\u00f3pez es quien est\u00e1 al frente de la Parroquia de Pasaje Antonelli entre [&hellip;]<\/p>\n","protected":false},"author":2,"featured_media":42604,"comment_status":"open","ping_status":"open","sticky":false,"template":"","format":"standard","meta":{"footnotes":""},"categories":[3],"tags":[7688,1588,1559,8663,3550],"class_list":["post-42603","post","type-post","status-publish","format-standard","has-post-thumbnail","hentry","category-sociedad","tag-hernan-lopez","tag-iglesia-san-jose","tag-misa","tag-pandemia","tag-parroquia"],"yoast_head":"<!-- This site is optimized with the Yoast SEO plugin v27.4 - https:\/\/yoast.com\/product\/yoast-seo-wordpress\/ -->\n<title>Actividades virtuales en San Jos\u00e9 Obrero: &quot;Es raro, pero apasionado&quot;, dice el Padre Hern\u00e1n<\/title>\n<meta name=\"robots\" content=\"index, follow, max-snippet:-1, max-image-preview:large, max-video-preview:-1\" \/>\n<link rel=\"canonical\" href=\"https:\/\/noticiasmercedinas.com\/site\/2020\/03\/30\/actividades-virtuales-en-san-jose-obrero-es-raro-pero-apasionado-dice-el-padre-hernan\/\" \/>\n<meta property=\"og:locale\" content=\"es_ES\" \/>\n<meta property=\"og:type\" content=\"article\" \/>\n<meta property=\"og:title\" content=\"Actividades virtuales en San Jos\u00e9 Obrero: &quot;Es raro, pero apasionado&quot;, dice el Padre Hern\u00e1n\" \/>\n<meta property=\"og:description\" content=\"La parroquia San Jos\u00e9 Obrero de Mercedes tiene una gran cantidad de actividades, con una comunidad activa de fieles que colabora y se involucra, y en tiempos de pandemia esta se desarrolla de una manera especial, m\u00e1s virtual. El Padre Hern\u00e1n Arturo L\u00f3pez es quien est\u00e1 al frente de la Parroquia de Pasaje Antonelli entre [&hellip;]\" \/>\n<meta property=\"og:url\" content=\"https:\/\/noticiasmercedinas.com\/site\/2020\/03\/30\/actividades-virtuales-en-san-jose-obrero-es-raro-pero-apasionado-dice-el-padre-hernan\/\" \/>\n<meta property=\"og:site_name\" content=\"NOTICIASMERCEDINAS.COM\" \/>\n<meta property=\"article:publisher\" content=\"https:\/\/www.facebook.com\/noticiasmercedinas\/\" \/>\n<meta property=\"article:author\" content=\"https:\/\/www.facebook.com\/cristian.falabella\" \/>\n<meta property=\"article:published_time\" content=\"2020-03-31T00:55:53+00:00\" \/>\n<meta property=\"og:image\" content=\"https:\/\/noticiasmercedinas.com\/site\/wp-content\/uploads\/2020\/03\/sanjose.jpg\" \/>\n\t<meta property=\"og:image:width\" content=\"533\" \/>\n\t<meta property=\"og:image:height\" content=\"352\" \/>\n\t<meta property=\"og:image:type\" content=\"image\/jpeg\" \/>\n<meta name=\"author\" content=\"Cristian Falabella NOTICIASMERCEDINAS.COM\" \/>\n<meta name=\"twitter:card\" content=\"summary_large_image\" \/>\n<meta name=\"twitter:creator\" content=\"@https:\/\/twitter.com\/NOTMERCEDINAS\" \/>\n<meta name=\"twitter:site\" content=\"@notmercedinas\" \/>\n<meta name=\"twitter:label1\" content=\"Escrito por\" \/>\n\t<meta name=\"twitter:data1\" content=\"Cristian Falabella NOTICIASMERCEDINAS.COM\" \/>\n\t<meta name=\"twitter:label2\" content=\"Tiempo de lectura\" \/>\n\t<meta name=\"twitter:data2\" content=\"3 minutos\" \/>\n<script type=\"application\/ld+json\" class=\"yoast-schema-graph\">{\"@context\":\"https:\\\/\\\/schema.org\",\"@graph\":[{\"@type\":\"Article\",\"@id\":\"https:\\\/\\\/noticiasmercedinas.com\\\/site\\\/2020\\\/03\\\/30\\\/actividades-virtuales-en-san-jose-obrero-es-raro-pero-apasionado-dice-el-padre-hernan\\\/#article\",\"isPartOf\":{\"@id\":\"https:\\\/\\\/noticiasmercedinas.com\\\/site\\\/2020\\\/03\\\/30\\\/actividades-virtuales-en-san-jose-obrero-es-raro-pero-apasionado-dice-el-padre-hernan\\\/\"},\"author\":{\"name\":\"Cristian Falabella NOTICIASMERCEDINAS.COM\",\"@id\":\"https:\\\/\\\/noticiasmercedinas.com\\\/site\\\/#\\\/schema\\\/person\\\/d481a9696a5feaec13a60e2bbd991a6a\"},\"headline\":\"Actividades virtuales en San Jos\u00e9 Obrero: \u00abEs raro, pero apasionado\u00bb, dice el Padre Hern\u00e1n\",\"datePublished\":\"2020-03-31T00:55:53+00:00\",\"mainEntityOfPage\":{\"@id\":\"https:\\\/\\\/noticiasmercedinas.com\\\/site\\\/2020\\\/03\\\/30\\\/actividades-virtuales-en-san-jose-obrero-es-raro-pero-apasionado-dice-el-padre-hernan\\\/\"},\"wordCount\":586,\"commentCount\":0,\"publisher\":{\"@id\":\"https:\\\/\\\/noticiasmercedinas.com\\\/site\\\/#organization\"},\"image\":{\"@id\":\"https:\\\/\\\/noticiasmercedinas.com\\\/site\\\/2020\\\/03\\\/30\\\/actividades-virtuales-en-san-jose-obrero-es-raro-pero-apasionado-dice-el-padre-hernan\\\/#primaryimage\"},\"thumbnailUrl\":\"https:\\\/\\\/noticiasmercedinas.com\\\/site\\\/wp-content\\\/uploads\\\/2020\\\/03\\\/sanjose.jpg\",\"keywords\":[\"Hern\u00e1n L\u00f3pez\",\"Iglesia San Jose\",\"misa\",\"pandemia\",\"parroquia\"],\"articleSection\":[\"Sociedad\"],\"inLanguage\":\"es\",\"potentialAction\":[{\"@type\":\"CommentAction\",\"name\":\"Comment\",\"target\":[\"https:\\\/\\\/noticiasmercedinas.com\\\/site\\\/2020\\\/03\\\/30\\\/actividades-virtuales-en-san-jose-obrero-es-raro-pero-apasionado-dice-el-padre-hernan\\\/#respond\"]}]},{\"@type\":\"WebPage\",\"@id\":\"https:\\\/\\\/noticiasmercedinas.com\\\/site\\\/2020\\\/03\\\/30\\\/actividades-virtuales-en-san-jose-obrero-es-raro-pero-apasionado-dice-el-padre-hernan\\\/\",\"url\":\"https:\\\/\\\/noticiasmercedinas.com\\\/site\\\/2020\\\/03\\\/30\\\/actividades-virtuales-en-san-jose-obrero-es-raro-pero-apasionado-dice-el-padre-hernan\\\/\",\"name\":\"Actividades virtuales en San Jos\u00e9 Obrero: \\\"Es raro, pero apasionado\\\", dice el Padre Hern\u00e1n\",\"isPartOf\":{\"@id\":\"https:\\\/\\\/noticiasmercedinas.com\\\/site\\\/#website\"},\"primaryImageOfPage\":{\"@id\":\"https:\\\/\\\/noticiasmercedinas.com\\\/site\\\/2020\\\/03\\\/30\\\/actividades-virtuales-en-san-jose-obrero-es-raro-pero-apasionado-dice-el-padre-hernan\\\/#primaryimage\"},\"image\":{\"@id\":\"https:\\\/\\\/noticiasmercedinas.com\\\/site\\\/2020\\\/03\\\/30\\\/actividades-virtuales-en-san-jose-obrero-es-raro-pero-apasionado-dice-el-padre-hernan\\\/#primaryimage\"},\"thumbnailUrl\":\"https:\\\/\\\/noticiasmercedinas.com\\\/site\\\/wp-content\\\/uploads\\\/2020\\\/03\\\/sanjose.jpg\",\"datePublished\":\"2020-03-31T00:55:53+00:00\",\"breadcrumb\":{\"@id\":\"https:\\\/\\\/noticiasmercedinas.com\\\/site\\\/2020\\\/03\\\/30\\\/actividades-virtuales-en-san-jose-obrero-es-raro-pero-apasionado-dice-el-padre-hernan\\\/#breadcrumb\"},\"inLanguage\":\"es\",\"potentialAction\":[{\"@type\":\"ReadAction\",\"target\":[\"https:\\\/\\\/noticiasmercedinas.com\\\/site\\\/2020\\\/03\\\/30\\\/actividades-virtuales-en-san-jose-obrero-es-raro-pero-apasionado-dice-el-padre-hernan\\\/\"]}]},{\"@type\":\"ImageObject\",\"inLanguage\":\"es\",\"@id\":\"https:\\\/\\\/noticiasmercedinas.com\\\/site\\\/2020\\\/03\\\/30\\\/actividades-virtuales-en-san-jose-obrero-es-raro-pero-apasionado-dice-el-padre-hernan\\\/#primaryimage\",\"url\":\"https:\\\/\\\/noticiasmercedinas.com\\\/site\\\/wp-content\\\/uploads\\\/2020\\\/03\\\/sanjose.jpg\",\"contentUrl\":\"https:\\\/\\\/noticiasmercedinas.com\\\/site\\\/wp-content\\\/uploads\\\/2020\\\/03\\\/sanjose.jpg\",\"width\":533,\"height\":352},{\"@type\":\"BreadcrumbList\",\"@id\":\"https:\\\/\\\/noticiasmercedinas.com\\\/site\\\/2020\\\/03\\\/30\\\/actividades-virtuales-en-san-jose-obrero-es-raro-pero-apasionado-dice-el-padre-hernan\\\/#breadcrumb\",\"itemListElement\":[{\"@type\":\"ListItem\",\"position\":1,\"name\":\"Portada\",\"item\":\"https:\\\/\\\/noticiasmercedinas.com\\\/site\\\/\"},{\"@type\":\"ListItem\",\"position\":2,\"name\":\"Actividades virtuales en San Jos\u00e9 Obrero: \u00abEs raro, pero apasionado\u00bb, dice el Padre Hern\u00e1n\"}]},{\"@type\":\"WebSite\",\"@id\":\"https:\\\/\\\/noticiasmercedinas.com\\\/site\\\/#website\",\"url\":\"https:\\\/\\\/noticiasmercedinas.com\\\/site\\\/\",\"name\":\"NOTICIASMERCEDINAS.COM\",\"description\":\"Mercedes, Buenos Aires, Argentina\",\"publisher\":{\"@id\":\"https:\\\/\\\/noticiasmercedinas.com\\\/site\\\/#organization\"},\"potentialAction\":[{\"@type\":\"SearchAction\",\"target\":{\"@type\":\"EntryPoint\",\"urlTemplate\":\"https:\\\/\\\/noticiasmercedinas.com\\\/site\\\/?s={search_term_string}\"},\"query-input\":{\"@type\":\"PropertyValueSpecification\",\"valueRequired\":true,\"valueName\":\"search_term_string\"}}],\"inLanguage\":\"es\"},{\"@type\":\"Organization\",\"@id\":\"https:\\\/\\\/noticiasmercedinas.com\\\/site\\\/#organization\",\"name\":\"NOTICIASMERCEDINAS.COM\",\"url\":\"https:\\\/\\\/noticiasmercedinas.com\\\/site\\\/\",\"logo\":{\"@type\":\"ImageObject\",\"inLanguage\":\"es\",\"@id\":\"https:\\\/\\\/noticiasmercedinas.com\\\/site\\\/#\\\/schema\\\/logo\\\/image\\\/\",\"url\":\"https:\\\/\\\/noticiasmercedinas.com\\\/site\\\/wp-content\\\/uploads\\\/2020\\\/06\\\/LOGO-512.jpg\",\"contentUrl\":\"https:\\\/\\\/noticiasmercedinas.com\\\/site\\\/wp-content\\\/uploads\\\/2020\\\/06\\\/LOGO-512.jpg\",\"width\":512,\"height\":512,\"caption\":\"NOTICIASMERCEDINAS.COM\"},\"image\":{\"@id\":\"https:\\\/\\\/noticiasmercedinas.com\\\/site\\\/#\\\/schema\\\/logo\\\/image\\\/\"},\"sameAs\":[\"https:\\\/\\\/www.facebook.com\\\/noticiasmercedinas\\\/\",\"https:\\\/\\\/x.com\\\/notmercedinas\",\"https:\\\/\\\/www.instagram.com\\\/noticiasmercedinas\\\/\"]},{\"@type\":\"Person\",\"@id\":\"https:\\\/\\\/noticiasmercedinas.com\\\/site\\\/#\\\/schema\\\/person\\\/d481a9696a5feaec13a60e2bbd991a6a\",\"name\":\"Cristian Falabella NOTICIASMERCEDINAS.COM\",\"image\":{\"@type\":\"ImageObject\",\"inLanguage\":\"es\",\"@id\":\"https:\\\/\\\/secure.gravatar.com\\\/avatar\\\/0dbbfc45970cc46bcd0e57766228574ff3511d6eed045b182f536f0f478c1f06?s=96&d=mm&r=g\",\"url\":\"https:\\\/\\\/secure.gravatar.com\\\/avatar\\\/0dbbfc45970cc46bcd0e57766228574ff3511d6eed045b182f536f0f478c1f06?s=96&d=mm&r=g\",\"contentUrl\":\"https:\\\/\\\/secure.gravatar.com\\\/avatar\\\/0dbbfc45970cc46bcd0e57766228574ff3511d6eed045b182f536f0f478c1f06?s=96&d=mm&r=g\",\"caption\":\"Cristian Falabella NOTICIASMERCEDINAS.COM\"},\"description\":\"Periodista, editor de Noticias Mercedinas. Pas\u00f3 por varias redacciones y emprendimientos de prensa, en distintos formatos y \u00e9pocas. Se especializ\u00f3 --y sigue haci\u00e9ndolo-- en comunicaci\u00f3n en la web y en junio de 2006 fund\u00f3 este diario digital.\",\"sameAs\":[\"https:\\\/\\\/noticiasmercedinas.com\",\"https:\\\/\\\/www.facebook.com\\\/cristian.falabella\",\"https:\\\/\\\/www.instagram.com\\\/noticiasmercedinas\\\/\",\"https:\\\/\\\/x.com\\\/https:\\\/\\\/twitter.com\\\/NOTMERCEDINAS\"],\"url\":\"https:\\\/\\\/noticiasmercedinas.com\\\/site\\\/author\\\/as000384\\\/\"}]}<\/script>\n<!-- \/ Yoast SEO plugin. -->","yoast_head_json":{"title":"Actividades virtuales en San Jos\u00e9 Obrero: \"Es raro, pero apasionado\", dice el Padre Hern\u00e1n","robots":{"index":"index","follow":"follow","max-snippet":"max-snippet:-1","max-image-preview":"max-image-preview:large","max-video-preview":"max-video-preview:-1"},"canonical":"https:\/\/noticiasmercedinas.com\/site\/2020\/03\/30\/actividades-virtuales-en-san-jose-obrero-es-raro-pero-apasionado-dice-el-padre-hernan\/","og_locale":"es_ES","og_type":"article","og_title":"Actividades virtuales en San Jos\u00e9 Obrero: \"Es raro, pero apasionado\", dice el Padre Hern\u00e1n","og_description":"La parroquia San Jos\u00e9 Obrero de Mercedes tiene una gran cantidad de actividades, con una comunidad activa de fieles que colabora y se involucra, y en tiempos de pandemia esta se desarrolla de una manera especial, m\u00e1s virtual. El Padre Hern\u00e1n Arturo L\u00f3pez es quien est\u00e1 al frente de la Parroquia de Pasaje Antonelli entre [&hellip;]","og_url":"https:\/\/noticiasmercedinas.com\/site\/2020\/03\/30\/actividades-virtuales-en-san-jose-obrero-es-raro-pero-apasionado-dice-el-padre-hernan\/","og_site_name":"NOTICIASMERCEDINAS.COM","article_publisher":"https:\/\/www.facebook.com\/noticiasmercedinas\/","article_author":"https:\/\/www.facebook.com\/cristian.falabella","article_published_time":"2020-03-31T00:55:53+00:00","og_image":[{"width":533,"height":352,"url":"https:\/\/noticiasmercedinas.com\/site\/wp-content\/uploads\/2020\/03\/sanjose.jpg","type":"image\/jpeg"}],"author":"Cristian Falabella NOTICIASMERCEDINAS.COM","twitter_card":"summary_large_image","twitter_creator":"@https:\/\/twitter.com\/NOTMERCEDINAS","twitter_site":"@notmercedinas","twitter_misc":{"Escrito por":"Cristian Falabella NOTICIASMERCEDINAS.COM","Tiempo de lectura":"3 minutos"},"schema":{"@context":"https:\/\/schema.org","@graph":[{"@type":"Article","@id":"https:\/\/noticiasmercedinas.com\/site\/2020\/03\/30\/actividades-virtuales-en-san-jose-obrero-es-raro-pero-apasionado-dice-el-padre-hernan\/#article","isPartOf":{"@id":"https:\/\/noticiasmercedinas.com\/site\/2020\/03\/30\/actividades-virtuales-en-san-jose-obrero-es-raro-pero-apasionado-dice-el-padre-hernan\/"},"author":{"name":"Cristian Falabella NOTICIASMERCEDINAS.COM","@id":"https:\/\/noticiasmercedinas.com\/site\/#\/schema\/person\/d481a9696a5feaec13a60e2bbd991a6a"},"headline":"Actividades virtuales en San Jos\u00e9 Obrero: \u00abEs raro, pero apasionado\u00bb, dice el Padre Hern\u00e1n","datePublished":"2020-03-31T00:55:53+00:00","mainEntityOfPage":{"@id":"https:\/\/noticiasmercedinas.com\/site\/2020\/03\/30\/actividades-virtuales-en-san-jose-obrero-es-raro-pero-apasionado-dice-el-padre-hernan\/"},"wordCount":586,"commentCount":0,"publisher":{"@id":"https:\/\/noticiasmercedinas.com\/site\/#organization"},"image":{"@id":"https:\/\/noticiasmercedinas.com\/site\/2020\/03\/30\/actividades-virtuales-en-san-jose-obrero-es-raro-pero-apasionado-dice-el-padre-hernan\/#primaryimage"},"thumbnailUrl":"https:\/\/noticiasmercedinas.com\/site\/wp-content\/uploads\/2020\/03\/sanjose.jpg","keywords":["Hern\u00e1n L\u00f3pez","Iglesia San Jose","misa","pandemia","parroquia"],"articleSection":["Sociedad"],"inLanguage":"es","potentialAction":[{"@type":"CommentAction","name":"Comment","target":["https:\/\/noticiasmercedinas.com\/site\/2020\/03\/30\/actividades-virtuales-en-san-jose-obrero-es-raro-pero-apasionado-dice-el-padre-hernan\/#respond"]}]},{"@type":"WebPage","@id":"https:\/\/noticiasmercedinas.com\/site\/2020\/03\/30\/actividades-virtuales-en-san-jose-obrero-es-raro-pero-apasionado-dice-el-padre-hernan\/","url":"https:\/\/noticiasmercedinas.com\/site\/2020\/03\/30\/actividades-virtuales-en-san-jose-obrero-es-raro-pero-apasionado-dice-el-padre-hernan\/","name":"Actividades virtuales en San Jos\u00e9 Obrero: \"Es raro, pero apasionado\", dice el Padre Hern\u00e1n","isPartOf":{"@id":"https:\/\/noticiasmercedinas.com\/site\/#website"},"primaryImageOfPage":{"@id":"https:\/\/noticiasmercedinas.com\/site\/2020\/03\/30\/actividades-virtuales-en-san-jose-obrero-es-raro-pero-apasionado-dice-el-padre-hernan\/#primaryimage"},"image":{"@id":"https:\/\/noticiasmercedinas.com\/site\/2020\/03\/30\/actividades-virtuales-en-san-jose-obrero-es-raro-pero-apasionado-dice-el-padre-hernan\/#primaryimage"},"thumbnailUrl":"https:\/\/noticiasmercedinas.com\/site\/wp-content\/uploads\/2020\/03\/sanjose.jpg","datePublished":"2020-03-31T00:55:53+00:00","breadcrumb":{"@id":"https:\/\/noticiasmercedinas.com\/site\/2020\/03\/30\/actividades-virtuales-en-san-jose-obrero-es-raro-pero-apasionado-dice-el-padre-hernan\/#breadcrumb"},"inLanguage":"es","potentialAction":[{"@type":"ReadAction","target":["https:\/\/noticiasmercedinas.com\/site\/2020\/03\/30\/actividades-virtuales-en-san-jose-obrero-es-raro-pero-apasionado-dice-el-padre-hernan\/"]}]},{"@type":"ImageObject","inLanguage":"es","@id":"https:\/\/noticiasmercedinas.com\/site\/2020\/03\/30\/actividades-virtuales-en-san-jose-obrero-es-raro-pero-apasionado-dice-el-padre-hernan\/#primaryimage","url":"https:\/\/noticiasmercedinas.com\/site\/wp-content\/uploads\/2020\/03\/sanjose.jpg","contentUrl":"https:\/\/noticiasmercedinas.com\/site\/wp-content\/uploads\/2020\/03\/sanjose.jpg","width":533,"height":352},{"@type":"BreadcrumbList","@id":"https:\/\/noticiasmercedinas.com\/site\/2020\/03\/30\/actividades-virtuales-en-san-jose-obrero-es-raro-pero-apasionado-dice-el-padre-hernan\/#breadcrumb","itemListElement":[{"@type":"ListItem","position":1,"name":"Portada","item":"https:\/\/noticiasmercedinas.com\/site\/"},{"@type":"ListItem","position":2,"name":"Actividades virtuales en San Jos\u00e9 Obrero: \u00abEs raro, pero apasionado\u00bb, dice el Padre Hern\u00e1n"}]},{"@type":"WebSite","@id":"https:\/\/noticiasmercedinas.com\/site\/#website","url":"https:\/\/noticiasmercedinas.com\/site\/","name":"NOTICIASMERCEDINAS.COM","description":"Mercedes, Buenos Aires, Argentina","publisher":{"@id":"https:\/\/noticiasmercedinas.com\/site\/#organization"},"potentialAction":[{"@type":"SearchAction","target":{"@type":"EntryPoint","urlTemplate":"https:\/\/noticiasmercedinas.com\/site\/?s={search_term_string}"},"query-input":{"@type":"PropertyValueSpecification","valueRequired":true,"valueName":"search_term_string"}}],"inLanguage":"es"},{"@type":"Organization","@id":"https:\/\/noticiasmercedinas.com\/site\/#organization","name":"NOTICIASMERCEDINAS.COM","url":"https:\/\/noticiasmercedinas.com\/site\/","logo":{"@type":"ImageObject","inLanguage":"es","@id":"https:\/\/noticiasmercedinas.com\/site\/#\/schema\/logo\/image\/","url":"https:\/\/noticiasmercedinas.com\/site\/wp-content\/uploads\/2020\/06\/LOGO-512.jpg","contentUrl":"https:\/\/noticiasmercedinas.com\/site\/wp-content\/uploads\/2020\/06\/LOGO-512.jpg","width":512,"height":512,"caption":"NOTICIASMERCEDINAS.COM"},"image":{"@id":"https:\/\/noticiasmercedinas.com\/site\/#\/schema\/logo\/image\/"},"sameAs":["https:\/\/www.facebook.com\/noticiasmercedinas\/","https:\/\/x.com\/notmercedinas","https:\/\/www.instagram.com\/noticiasmercedinas\/"]},{"@type":"Person","@id":"https:\/\/noticiasmercedinas.com\/site\/#\/schema\/person\/d481a9696a5feaec13a60e2bbd991a6a","name":"Cristian Falabella NOTICIASMERCEDINAS.COM","image":{"@type":"ImageObject","inLanguage":"es","@id":"https:\/\/secure.gravatar.com\/avatar\/0dbbfc45970cc46bcd0e57766228574ff3511d6eed045b182f536f0f478c1f06?s=96&d=mm&r=g","url":"https:\/\/secure.gravatar.com\/avatar\/0dbbfc45970cc46bcd0e57766228574ff3511d6eed045b182f536f0f478c1f06?s=96&d=mm&r=g","contentUrl":"https:\/\/secure.gravatar.com\/avatar\/0dbbfc45970cc46bcd0e57766228574ff3511d6eed045b182f536f0f478c1f06?s=96&d=mm&r=g","caption":"Cristian Falabella NOTICIASMERCEDINAS.COM"},"description":"Periodista, editor de Noticias Mercedinas. Pas\u00f3 por varias redacciones y emprendimientos de prensa, en distintos formatos y \u00e9pocas. Se especializ\u00f3 --y sigue haci\u00e9ndolo-- en comunicaci\u00f3n en la web y en junio de 2006 fund\u00f3 este diario digital.","sameAs":["https:\/\/noticiasmercedinas.com","https:\/\/www.facebook.com\/cristian.falabella","https:\/\/www.instagram.com\/noticiasmercedinas\/","https:\/\/x.com\/https:\/\/twitter.com\/NOTMERCEDINAS"],"url":"https:\/\/noticiasmercedinas.com\/site\/author\/as000384\/"}]}},"amp_enabled":true,"_links":{"self":[{"href":"https:\/\/noticiasmercedinas.com\/site\/wp-json\/wp\/v2\/posts\/42603","targetHints":{"allow":["GET"]}}],"collection":[{"href":"https:\/\/noticiasmercedinas.com\/site\/wp-json\/wp\/v2\/posts"}],"about":[{"href":"https:\/\/noticiasmercedinas.com\/site\/wp-json\/wp\/v2\/types\/post"}],"author":[{"embeddable":true,"href":"https:\/\/noticiasmercedinas.com\/site\/wp-json\/wp\/v2\/users\/2"}],"replies":[{"embeddable":true,"href":"https:\/\/noticiasmercedinas.com\/site\/wp-json\/wp\/v2\/comments?post=42603"}],"version-history":[{"count":1,"href":"https:\/\/noticiasmercedinas.com\/site\/wp-json\/wp\/v2\/posts\/42603\/revisions"}],"predecessor-version":[{"id":42605,"href":"https:\/\/noticiasmercedinas.com\/site\/wp-json\/wp\/v2\/posts\/42603\/revisions\/42605"}],"wp:featuredmedia":[{"embeddable":true,"href":"https:\/\/noticiasmercedinas.com\/site\/wp-json\/wp\/v2\/media\/42604"}],"wp:attachment":[{"href":"https:\/\/noticiasmercedinas.com\/site\/wp-json\/wp\/v2\/media?parent=42603"}],"wp:term":[{"taxonomy":"category","embeddable":true,"href":"https:\/\/noticiasmercedinas.com\/site\/wp-json\/wp\/v2\/categories?post=42603"},{"taxonomy":"post_tag","embeddable":true,"href":"https:\/\/noticiasmercedinas.com\/site\/wp-json\/wp\/v2\/tags?post=42603"}],"curies":[{"name":"wp","href":"https:\/\/api.w.org\/{rel}","templated":true}]}}