{"id":42739,"date":"2020-04-02T10:54:08","date_gmt":"2020-04-02T13:54:08","guid":{"rendered":"https:\/\/noticiasmercedinas.com\/site\/?p=42739"},"modified":"2020-04-02T10:54:08","modified_gmt":"2020-04-02T13:54:08","slug":"el-sabado-llega-planeta-terri-a-radio-lider-de-lujan","status":"publish","type":"post","link":"https:\/\/noticiasmercedinas.com\/site\/2020\/04\/02\/el-sabado-llega-planeta-terri-a-radio-lider-de-lujan\/","title":{"rendered":"El s\u00e1bado llega \u201cPlaneta Terri\u201d a Radio L\u00edder de Luj\u00e1n"},"content":{"rendered":"<p><a href=\"https:\/\/noticiasmercedinas.com\/site\/wp-content\/uploads\/2020\/04\/planeta_terri_estacion_foto.jpg\"><img loading=\"lazy\" decoding=\"async\" class=\"alignnone size-full wp-image-42740\" src=\"https:\/\/noticiasmercedinas.com\/site\/wp-content\/uploads\/2020\/04\/planeta_terri_estacion_foto.jpg\" alt=\"\" width=\"956\" height=\"764\" srcset=\"https:\/\/noticiasmercedinas.com\/site\/wp-content\/uploads\/2020\/04\/planeta_terri_estacion_foto.jpg 956w, https:\/\/noticiasmercedinas.com\/site\/wp-content\/uploads\/2020\/04\/planeta_terri_estacion_foto-300x240.jpg 300w, https:\/\/noticiasmercedinas.com\/site\/wp-content\/uploads\/2020\/04\/planeta_terri_estacion_foto-768x614.jpg 768w, https:\/\/noticiasmercedinas.com\/site\/wp-content\/uploads\/2020\/04\/planeta_terri_estacion_foto-640x511.jpg 640w, https:\/\/noticiasmercedinas.com\/site\/wp-content\/uploads\/2020\/04\/planeta_terri_estacion_foto-681x544.jpg 681w\" sizes=\"auto, (max-width: 956px) 100vw, 956px\" \/><\/a><\/p>\n<p>El s\u00e1bado 4, de 9 a 12 horas, se emitir\u00e1 por Radio L\u00edder 97.7 de Luj\u00e1n la primera edici\u00f3n de \u201cPlaneta Terri\u201d, con la conducci\u00f3n del periodista Adri\u00e1n Terrizzano, quien propone \u201cuna s\u00edntesis de los temas m\u00e1s destacados de la actualidad con an\u00e1lisis, opini\u00f3n y las voces de los protagonistas\u201d.<\/p>\n<p>Terrizzano es un experimentado profesional que se ha desempe\u00f1ado en medios gr\u00e1ficos, digitales, radiales y televisivos. \u201cPlaneta Terri\u201d es su regreso a la conducci\u00f3n radial, que no ejerc\u00eda desde 2015: \u201cTen\u00eda muchas ganas de trabajar en una propuesta propia, estoy muy entusiasmado\u201d, cont\u00f3.<\/p>\n<p>\u201cTerri\u201d manifest\u00f3 sus expectativas por las posibilidades que ofrece la franja de los s\u00e1bados por la ma\u00f1ana. \u201cEs un horario cl\u00e1sico de la radiofon\u00eda, con un potencial alto de audiencia y muchos buenos programas, me encanta\u201d, subray\u00f3.<\/p>\n<p>El periodista tambi\u00e9n expres\u00f3 su satisfacci\u00f3n por volver a Radio L\u00edder 97.7, emisora en la que se desempe\u00f1\u00f3 durante 2006 y 2007: \u201cEs un gusto participar de esta nueva etapa de la emisora, me resulta muy estimulante que los estudios funcionen en el Centro Cultural Eva Per\u00f3n\u201d, indic\u00f3.<\/p>\n<p>Puede escucharse a trav\u00e9s de <strong><span style=\"color: #000080;\"><a style=\"color: #000080;\" href=\"http:\/\/www.fmliderlujan.com.ar\">www.fmliderlujan.com.ar<\/a><\/span><\/strong>. Su tel\u00e9fono es el 2323 510632.<\/p>\n","protected":false},"excerpt":{"rendered":"<p>El s\u00e1bado 4, de 9 a 12 horas, se emitir\u00e1 por Radio L\u00edder 97.7 de Luj\u00e1n la primera edici\u00f3n de \u201cPlaneta Terri\u201d, con la conducci\u00f3n del periodista Adri\u00e1n Terrizzano, quien propone \u201cuna s\u00edntesis de los temas m\u00e1s destacados de la actualidad con an\u00e1lisis, opini\u00f3n y las voces de los protagonistas\u201d. Terrizzano es un experimentado profesional [&hellip;]<\/p>\n","protected":false},"author":16,"featured_media":42740,"comment_status":"open","ping_status":"open","sticky":false,"template":"","format":"standard","meta":{"footnotes":""},"categories":[4210],"tags":[8767,40,8769,8768],"class_list":["post-42739","post","type-post","status-publish","format-standard","has-post-thumbnail","hentry","category-medios","tag-adrian-terrizzano","tag-lujan","tag-planeta-terri","tag-radio-lider"],"yoast_head":"<!-- This site is optimized with the Yoast SEO plugin v27.4 - https:\/\/yoast.com\/product\/yoast-seo-wordpress\/ -->\n<title>El s\u00e1bado llega \u201cPlaneta Terri\u201d a Radio L\u00edder de Luj\u00e1n<\/title>\n<meta name=\"robots\" content=\"index, follow, max-snippet:-1, max-image-preview:large, max-video-preview:-1\" \/>\n<link rel=\"canonical\" href=\"https:\/\/noticiasmercedinas.com\/site\/2020\/04\/02\/el-sabado-llega-planeta-terri-a-radio-lider-de-lujan\/\" \/>\n<meta property=\"og:locale\" content=\"es_ES\" \/>\n<meta property=\"og:type\" content=\"article\" \/>\n<meta property=\"og:title\" content=\"El s\u00e1bado llega \u201cPlaneta Terri\u201d a Radio L\u00edder de Luj\u00e1n\" \/>\n<meta property=\"og:description\" content=\"El s\u00e1bado 4, de 9 a 12 horas, se emitir\u00e1 por Radio L\u00edder 97.7 de Luj\u00e1n la primera edici\u00f3n de \u201cPlaneta Terri\u201d, con la conducci\u00f3n del periodista Adri\u00e1n Terrizzano, quien propone \u201cuna s\u00edntesis de los temas m\u00e1s destacados de la actualidad con an\u00e1lisis, opini\u00f3n y las voces de los protagonistas\u201d. Terrizzano es un experimentado profesional [&hellip;]\" \/>\n<meta property=\"og:url\" content=\"https:\/\/noticiasmercedinas.com\/site\/2020\/04\/02\/el-sabado-llega-planeta-terri-a-radio-lider-de-lujan\/\" \/>\n<meta property=\"og:site_name\" content=\"NOTICIASMERCEDINAS.COM\" \/>\n<meta property=\"article:publisher\" content=\"https:\/\/www.facebook.com\/noticiasmercedinas\/\" \/>\n<meta property=\"article:published_time\" content=\"2020-04-02T13:54:08+00:00\" \/>\n<meta property=\"og:image\" content=\"https:\/\/noticiasmercedinas.com\/site\/wp-content\/uploads\/2020\/04\/planeta_terri_estacion_foto.jpg\" \/>\n\t<meta property=\"og:image:width\" content=\"956\" \/>\n\t<meta property=\"og:image:height\" content=\"764\" \/>\n\t<meta property=\"og:image:type\" content=\"image\/jpeg\" \/>\n<meta name=\"author\" content=\"NOTICIASMERCEDINAS.COM\" \/>\n<meta name=\"twitter:card\" content=\"summary_large_image\" \/>\n<meta name=\"twitter:creator\" content=\"@notmercedinas\" \/>\n<meta name=\"twitter:site\" content=\"@notmercedinas\" \/>\n<meta name=\"twitter:label1\" content=\"Escrito por\" \/>\n\t<meta name=\"twitter:data1\" content=\"NOTICIASMERCEDINAS.COM\" \/>\n\t<meta name=\"twitter:label2\" content=\"Tiempo de lectura\" \/>\n\t<meta name=\"twitter:data2\" content=\"1 minuto\" \/>\n<script type=\"application\/ld+json\" class=\"yoast-schema-graph\">{\"@context\":\"https:\\\/\\\/schema.org\",\"@graph\":[{\"@type\":\"Article\",\"@id\":\"https:\\\/\\\/noticiasmercedinas.com\\\/site\\\/2020\\\/04\\\/02\\\/el-sabado-llega-planeta-terri-a-radio-lider-de-lujan\\\/#article\",\"isPartOf\":{\"@id\":\"https:\\\/\\\/noticiasmercedinas.com\\\/site\\\/2020\\\/04\\\/02\\\/el-sabado-llega-planeta-terri-a-radio-lider-de-lujan\\\/\"},\"author\":{\"name\":\"NOTICIASMERCEDINAS.COM\",\"@id\":\"https:\\\/\\\/noticiasmercedinas.com\\\/site\\\/#\\\/schema\\\/person\\\/84b59c099c28ff2e8b77d4ceec5d8063\"},\"headline\":\"El s\u00e1bado llega \u201cPlaneta Terri\u201d a Radio L\u00edder de Luj\u00e1n\",\"datePublished\":\"2020-04-02T13:54:08+00:00\",\"mainEntityOfPage\":{\"@id\":\"https:\\\/\\\/noticiasmercedinas.com\\\/site\\\/2020\\\/04\\\/02\\\/el-sabado-llega-planeta-terri-a-radio-lider-de-lujan\\\/\"},\"wordCount\":221,\"commentCount\":0,\"publisher\":{\"@id\":\"https:\\\/\\\/noticiasmercedinas.com\\\/site\\\/#organization\"},\"image\":{\"@id\":\"https:\\\/\\\/noticiasmercedinas.com\\\/site\\\/2020\\\/04\\\/02\\\/el-sabado-llega-planeta-terri-a-radio-lider-de-lujan\\\/#primaryimage\"},\"thumbnailUrl\":\"https:\\\/\\\/noticiasmercedinas.com\\\/site\\\/wp-content\\\/uploads\\\/2020\\\/04\\\/planeta_terri_estacion_foto.jpg\",\"keywords\":[\"adri\u00e1n terrizzano\",\"lujan\",\"planeta terri\",\"radio lider\"],\"articleSection\":[\"Medios\"],\"inLanguage\":\"es\",\"potentialAction\":[{\"@type\":\"CommentAction\",\"name\":\"Comment\",\"target\":[\"https:\\\/\\\/noticiasmercedinas.com\\\/site\\\/2020\\\/04\\\/02\\\/el-sabado-llega-planeta-terri-a-radio-lider-de-lujan\\\/#respond\"]}]},{\"@type\":\"WebPage\",\"@id\":\"https:\\\/\\\/noticiasmercedinas.com\\\/site\\\/2020\\\/04\\\/02\\\/el-sabado-llega-planeta-terri-a-radio-lider-de-lujan\\\/\",\"url\":\"https:\\\/\\\/noticiasmercedinas.com\\\/site\\\/2020\\\/04\\\/02\\\/el-sabado-llega-planeta-terri-a-radio-lider-de-lujan\\\/\",\"name\":\"El s\u00e1bado llega \u201cPlaneta Terri\u201d a Radio L\u00edder de Luj\u00e1n\",\"isPartOf\":{\"@id\":\"https:\\\/\\\/noticiasmercedinas.com\\\/site\\\/#website\"},\"primaryImageOfPage\":{\"@id\":\"https:\\\/\\\/noticiasmercedinas.com\\\/site\\\/2020\\\/04\\\/02\\\/el-sabado-llega-planeta-terri-a-radio-lider-de-lujan\\\/#primaryimage\"},\"image\":{\"@id\":\"https:\\\/\\\/noticiasmercedinas.com\\\/site\\\/2020\\\/04\\\/02\\\/el-sabado-llega-planeta-terri-a-radio-lider-de-lujan\\\/#primaryimage\"},\"thumbnailUrl\":\"https:\\\/\\\/noticiasmercedinas.com\\\/site\\\/wp-content\\\/uploads\\\/2020\\\/04\\\/planeta_terri_estacion_foto.jpg\",\"datePublished\":\"2020-04-02T13:54:08+00:00\",\"breadcrumb\":{\"@id\":\"https:\\\/\\\/noticiasmercedinas.com\\\/site\\\/2020\\\/04\\\/02\\\/el-sabado-llega-planeta-terri-a-radio-lider-de-lujan\\\/#breadcrumb\"},\"inLanguage\":\"es\",\"potentialAction\":[{\"@type\":\"ReadAction\",\"target\":[\"https:\\\/\\\/noticiasmercedinas.com\\\/site\\\/2020\\\/04\\\/02\\\/el-sabado-llega-planeta-terri-a-radio-lider-de-lujan\\\/\"]}]},{\"@type\":\"ImageObject\",\"inLanguage\":\"es\",\"@id\":\"https:\\\/\\\/noticiasmercedinas.com\\\/site\\\/2020\\\/04\\\/02\\\/el-sabado-llega-planeta-terri-a-radio-lider-de-lujan\\\/#primaryimage\",\"url\":\"https:\\\/\\\/noticiasmercedinas.com\\\/site\\\/wp-content\\\/uploads\\\/2020\\\/04\\\/planeta_terri_estacion_foto.jpg\",\"contentUrl\":\"https:\\\/\\\/noticiasmercedinas.com\\\/site\\\/wp-content\\\/uploads\\\/2020\\\/04\\\/planeta_terri_estacion_foto.jpg\",\"width\":956,\"height\":764},{\"@type\":\"BreadcrumbList\",\"@id\":\"https:\\\/\\\/noticiasmercedinas.com\\\/site\\\/2020\\\/04\\\/02\\\/el-sabado-llega-planeta-terri-a-radio-lider-de-lujan\\\/#breadcrumb\",\"itemListElement\":[{\"@type\":\"ListItem\",\"position\":1,\"name\":\"Portada\",\"item\":\"https:\\\/\\\/noticiasmercedinas.com\\\/site\\\/\"},{\"@type\":\"ListItem\",\"position\":2,\"name\":\"El s\u00e1bado llega \u201cPlaneta Terri\u201d a Radio L\u00edder de Luj\u00e1n\"}]},{\"@type\":\"WebSite\",\"@id\":\"https:\\\/\\\/noticiasmercedinas.com\\\/site\\\/#website\",\"url\":\"https:\\\/\\\/noticiasmercedinas.com\\\/site\\\/\",\"name\":\"NOTICIASMERCEDINAS.COM\",\"description\":\"Mercedes, Buenos Aires, Argentina\",\"publisher\":{\"@id\":\"https:\\\/\\\/noticiasmercedinas.com\\\/site\\\/#organization\"},\"potentialAction\":[{\"@type\":\"SearchAction\",\"target\":{\"@type\":\"EntryPoint\",\"urlTemplate\":\"https:\\\/\\\/noticiasmercedinas.com\\\/site\\\/?s={search_term_string}\"},\"query-input\":{\"@type\":\"PropertyValueSpecification\",\"valueRequired\":true,\"valueName\":\"search_term_string\"}}],\"inLanguage\":\"es\"},{\"@type\":\"Organization\",\"@id\":\"https:\\\/\\\/noticiasmercedinas.com\\\/site\\\/#organization\",\"name\":\"NOTICIASMERCEDINAS.COM\",\"url\":\"https:\\\/\\\/noticiasmercedinas.com\\\/site\\\/\",\"logo\":{\"@type\":\"ImageObject\",\"inLanguage\":\"es\",\"@id\":\"https:\\\/\\\/noticiasmercedinas.com\\\/site\\\/#\\\/schema\\\/logo\\\/image\\\/\",\"url\":\"https:\\\/\\\/noticiasmercedinas.com\\\/site\\\/wp-content\\\/uploads\\\/2020\\\/06\\\/LOGO-512.jpg\",\"contentUrl\":\"https:\\\/\\\/noticiasmercedinas.com\\\/site\\\/wp-content\\\/uploads\\\/2020\\\/06\\\/LOGO-512.jpg\",\"width\":512,\"height\":512,\"caption\":\"NOTICIASMERCEDINAS.COM\"},\"image\":{\"@id\":\"https:\\\/\\\/noticiasmercedinas.com\\\/site\\\/#\\\/schema\\\/logo\\\/image\\\/\"},\"sameAs\":[\"https:\\\/\\\/www.facebook.com\\\/noticiasmercedinas\\\/\",\"https:\\\/\\\/x.com\\\/notmercedinas\",\"https:\\\/\\\/www.instagram.com\\\/noticiasmercedinas\\\/\"]},{\"@type\":\"Person\",\"@id\":\"https:\\\/\\\/noticiasmercedinas.com\\\/site\\\/#\\\/schema\\\/person\\\/84b59c099c28ff2e8b77d4ceec5d8063\",\"name\":\"NOTICIASMERCEDINAS.COM\",\"image\":{\"@type\":\"ImageObject\",\"inLanguage\":\"es\",\"@id\":\"https:\\\/\\\/secure.gravatar.com\\\/avatar\\\/4dfbf16b4d17945bfb6341b2d19043457132fcf478a5ee04f42e959fd8f5df0a?s=96&d=mm&r=g\",\"url\":\"https:\\\/\\\/secure.gravatar.com\\\/avatar\\\/4dfbf16b4d17945bfb6341b2d19043457132fcf478a5ee04f42e959fd8f5df0a?s=96&d=mm&r=g\",\"contentUrl\":\"https:\\\/\\\/secure.gravatar.com\\\/avatar\\\/4dfbf16b4d17945bfb6341b2d19043457132fcf478a5ee04f42e959fd8f5df0a?s=96&d=mm&r=g\",\"caption\":\"NOTICIASMERCEDINAS.COM\"},\"url\":\"https:\\\/\\\/noticiasmercedinas.com\\\/site\\\/author\\\/anonimo\\\/\"}]}<\/script>\n<!-- \/ Yoast SEO plugin. -->","yoast_head_json":{"title":"El s\u00e1bado llega \u201cPlaneta Terri\u201d a Radio L\u00edder de Luj\u00e1n","robots":{"index":"index","follow":"follow","max-snippet":"max-snippet:-1","max-image-preview":"max-image-preview:large","max-video-preview":"max-video-preview:-1"},"canonical":"https:\/\/noticiasmercedinas.com\/site\/2020\/04\/02\/el-sabado-llega-planeta-terri-a-radio-lider-de-lujan\/","og_locale":"es_ES","og_type":"article","og_title":"El s\u00e1bado llega \u201cPlaneta Terri\u201d a Radio L\u00edder de Luj\u00e1n","og_description":"El s\u00e1bado 4, de 9 a 12 horas, se emitir\u00e1 por Radio L\u00edder 97.7 de Luj\u00e1n la primera edici\u00f3n de \u201cPlaneta Terri\u201d, con la conducci\u00f3n del periodista Adri\u00e1n Terrizzano, quien propone \u201cuna s\u00edntesis de los temas m\u00e1s destacados de la actualidad con an\u00e1lisis, opini\u00f3n y las voces de los protagonistas\u201d. Terrizzano es un experimentado profesional [&hellip;]","og_url":"https:\/\/noticiasmercedinas.com\/site\/2020\/04\/02\/el-sabado-llega-planeta-terri-a-radio-lider-de-lujan\/","og_site_name":"NOTICIASMERCEDINAS.COM","article_publisher":"https:\/\/www.facebook.com\/noticiasmercedinas\/","article_published_time":"2020-04-02T13:54:08+00:00","og_image":[{"width":956,"height":764,"url":"https:\/\/noticiasmercedinas.com\/site\/wp-content\/uploads\/2020\/04\/planeta_terri_estacion_foto.jpg","type":"image\/jpeg"}],"author":"NOTICIASMERCEDINAS.COM","twitter_card":"summary_large_image","twitter_creator":"@notmercedinas","twitter_site":"@notmercedinas","twitter_misc":{"Escrito por":"NOTICIASMERCEDINAS.COM","Tiempo de lectura":"1 minuto"},"schema":{"@context":"https:\/\/schema.org","@graph":[{"@type":"Article","@id":"https:\/\/noticiasmercedinas.com\/site\/2020\/04\/02\/el-sabado-llega-planeta-terri-a-radio-lider-de-lujan\/#article","isPartOf":{"@id":"https:\/\/noticiasmercedinas.com\/site\/2020\/04\/02\/el-sabado-llega-planeta-terri-a-radio-lider-de-lujan\/"},"author":{"name":"NOTICIASMERCEDINAS.COM","@id":"https:\/\/noticiasmercedinas.com\/site\/#\/schema\/person\/84b59c099c28ff2e8b77d4ceec5d8063"},"headline":"El s\u00e1bado llega \u201cPlaneta Terri\u201d a Radio L\u00edder de Luj\u00e1n","datePublished":"2020-04-02T13:54:08+00:00","mainEntityOfPage":{"@id":"https:\/\/noticiasmercedinas.com\/site\/2020\/04\/02\/el-sabado-llega-planeta-terri-a-radio-lider-de-lujan\/"},"wordCount":221,"commentCount":0,"publisher":{"@id":"https:\/\/noticiasmercedinas.com\/site\/#organization"},"image":{"@id":"https:\/\/noticiasmercedinas.com\/site\/2020\/04\/02\/el-sabado-llega-planeta-terri-a-radio-lider-de-lujan\/#primaryimage"},"thumbnailUrl":"https:\/\/noticiasmercedinas.com\/site\/wp-content\/uploads\/2020\/04\/planeta_terri_estacion_foto.jpg","keywords":["adri\u00e1n terrizzano","lujan","planeta terri","radio lider"],"articleSection":["Medios"],"inLanguage":"es","potentialAction":[{"@type":"CommentAction","name":"Comment","target":["https:\/\/noticiasmercedinas.com\/site\/2020\/04\/02\/el-sabado-llega-planeta-terri-a-radio-lider-de-lujan\/#respond"]}]},{"@type":"WebPage","@id":"https:\/\/noticiasmercedinas.com\/site\/2020\/04\/02\/el-sabado-llega-planeta-terri-a-radio-lider-de-lujan\/","url":"https:\/\/noticiasmercedinas.com\/site\/2020\/04\/02\/el-sabado-llega-planeta-terri-a-radio-lider-de-lujan\/","name":"El s\u00e1bado llega \u201cPlaneta Terri\u201d a Radio L\u00edder de Luj\u00e1n","isPartOf":{"@id":"https:\/\/noticiasmercedinas.com\/site\/#website"},"primaryImageOfPage":{"@id":"https:\/\/noticiasmercedinas.com\/site\/2020\/04\/02\/el-sabado-llega-planeta-terri-a-radio-lider-de-lujan\/#primaryimage"},"image":{"@id":"https:\/\/noticiasmercedinas.com\/site\/2020\/04\/02\/el-sabado-llega-planeta-terri-a-radio-lider-de-lujan\/#primaryimage"},"thumbnailUrl":"https:\/\/noticiasmercedinas.com\/site\/wp-content\/uploads\/2020\/04\/planeta_terri_estacion_foto.jpg","datePublished":"2020-04-02T13:54:08+00:00","breadcrumb":{"@id":"https:\/\/noticiasmercedinas.com\/site\/2020\/04\/02\/el-sabado-llega-planeta-terri-a-radio-lider-de-lujan\/#breadcrumb"},"inLanguage":"es","potentialAction":[{"@type":"ReadAction","target":["https:\/\/noticiasmercedinas.com\/site\/2020\/04\/02\/el-sabado-llega-planeta-terri-a-radio-lider-de-lujan\/"]}]},{"@type":"ImageObject","inLanguage":"es","@id":"https:\/\/noticiasmercedinas.com\/site\/2020\/04\/02\/el-sabado-llega-planeta-terri-a-radio-lider-de-lujan\/#primaryimage","url":"https:\/\/noticiasmercedinas.com\/site\/wp-content\/uploads\/2020\/04\/planeta_terri_estacion_foto.jpg","contentUrl":"https:\/\/noticiasmercedinas.com\/site\/wp-content\/uploads\/2020\/04\/planeta_terri_estacion_foto.jpg","width":956,"height":764},{"@type":"BreadcrumbList","@id":"https:\/\/noticiasmercedinas.com\/site\/2020\/04\/02\/el-sabado-llega-planeta-terri-a-radio-lider-de-lujan\/#breadcrumb","itemListElement":[{"@type":"ListItem","position":1,"name":"Portada","item":"https:\/\/noticiasmercedinas.com\/site\/"},{"@type":"ListItem","position":2,"name":"El s\u00e1bado llega \u201cPlaneta Terri\u201d a Radio L\u00edder de Luj\u00e1n"}]},{"@type":"WebSite","@id":"https:\/\/noticiasmercedinas.com\/site\/#website","url":"https:\/\/noticiasmercedinas.com\/site\/","name":"NOTICIASMERCEDINAS.COM","description":"Mercedes, Buenos Aires, Argentina","publisher":{"@id":"https:\/\/noticiasmercedinas.com\/site\/#organization"},"potentialAction":[{"@type":"SearchAction","target":{"@type":"EntryPoint","urlTemplate":"https:\/\/noticiasmercedinas.com\/site\/?s={search_term_string}"},"query-input":{"@type":"PropertyValueSpecification","valueRequired":true,"valueName":"search_term_string"}}],"inLanguage":"es"},{"@type":"Organization","@id":"https:\/\/noticiasmercedinas.com\/site\/#organization","name":"NOTICIASMERCEDINAS.COM","url":"https:\/\/noticiasmercedinas.com\/site\/","logo":{"@type":"ImageObject","inLanguage":"es","@id":"https:\/\/noticiasmercedinas.com\/site\/#\/schema\/logo\/image\/","url":"https:\/\/noticiasmercedinas.com\/site\/wp-content\/uploads\/2020\/06\/LOGO-512.jpg","contentUrl":"https:\/\/noticiasmercedinas.com\/site\/wp-content\/uploads\/2020\/06\/LOGO-512.jpg","width":512,"height":512,"caption":"NOTICIASMERCEDINAS.COM"},"image":{"@id":"https:\/\/noticiasmercedinas.com\/site\/#\/schema\/logo\/image\/"},"sameAs":["https:\/\/www.facebook.com\/noticiasmercedinas\/","https:\/\/x.com\/notmercedinas","https:\/\/www.instagram.com\/noticiasmercedinas\/"]},{"@type":"Person","@id":"https:\/\/noticiasmercedinas.com\/site\/#\/schema\/person\/84b59c099c28ff2e8b77d4ceec5d8063","name":"NOTICIASMERCEDINAS.COM","image":{"@type":"ImageObject","inLanguage":"es","@id":"https:\/\/secure.gravatar.com\/avatar\/4dfbf16b4d17945bfb6341b2d19043457132fcf478a5ee04f42e959fd8f5df0a?s=96&d=mm&r=g","url":"https:\/\/secure.gravatar.com\/avatar\/4dfbf16b4d17945bfb6341b2d19043457132fcf478a5ee04f42e959fd8f5df0a?s=96&d=mm&r=g","contentUrl":"https:\/\/secure.gravatar.com\/avatar\/4dfbf16b4d17945bfb6341b2d19043457132fcf478a5ee04f42e959fd8f5df0a?s=96&d=mm&r=g","caption":"NOTICIASMERCEDINAS.COM"},"url":"https:\/\/noticiasmercedinas.com\/site\/author\/anonimo\/"}]}},"amp_enabled":true,"_links":{"self":[{"href":"https:\/\/noticiasmercedinas.com\/site\/wp-json\/wp\/v2\/posts\/42739","targetHints":{"allow":["GET"]}}],"collection":[{"href":"https:\/\/noticiasmercedinas.com\/site\/wp-json\/wp\/v2\/posts"}],"about":[{"href":"https:\/\/noticiasmercedinas.com\/site\/wp-json\/wp\/v2\/types\/post"}],"author":[{"embeddable":true,"href":"https:\/\/noticiasmercedinas.com\/site\/wp-json\/wp\/v2\/users\/16"}],"replies":[{"embeddable":true,"href":"https:\/\/noticiasmercedinas.com\/site\/wp-json\/wp\/v2\/comments?post=42739"}],"version-history":[{"count":4,"href":"https:\/\/noticiasmercedinas.com\/site\/wp-json\/wp\/v2\/posts\/42739\/revisions"}],"predecessor-version":[{"id":42744,"href":"https:\/\/noticiasmercedinas.com\/site\/wp-json\/wp\/v2\/posts\/42739\/revisions\/42744"}],"wp:featuredmedia":[{"embeddable":true,"href":"https:\/\/noticiasmercedinas.com\/site\/wp-json\/wp\/v2\/media\/42740"}],"wp:attachment":[{"href":"https:\/\/noticiasmercedinas.com\/site\/wp-json\/wp\/v2\/media?parent=42739"}],"wp:term":[{"taxonomy":"category","embeddable":true,"href":"https:\/\/noticiasmercedinas.com\/site\/wp-json\/wp\/v2\/categories?post=42739"},{"taxonomy":"post_tag","embeddable":true,"href":"https:\/\/noticiasmercedinas.com\/site\/wp-json\/wp\/v2\/tags?post=42739"}],"curies":[{"name":"wp","href":"https:\/\/api.w.org\/{rel}","templated":true}]}}