{"id":42947,"date":"2020-04-04T21:08:43","date_gmt":"2020-04-05T00:08:43","guid":{"rendered":"https:\/\/noticiasmercedinas.com\/site\/?p=42947"},"modified":"2020-04-04T21:10:57","modified_gmt":"2020-04-05T00:10:57","slug":"convocan-a-profesionales-y-estudiantes-avanzados-de-medicina-y-enfermeria","status":"publish","type":"post","link":"https:\/\/noticiasmercedinas.com\/site\/2020\/04\/04\/convocan-a-profesionales-y-estudiantes-avanzados-de-medicina-y-enfermeria\/","title":{"rendered":"Convocan a profesionales y estudiantes avanzados de medicina y enfermer\u00eda"},"content":{"rendered":"<p><a href=\"https:\/\/noticiasmercedinas.com\/site\/wp-content\/uploads\/2020\/04\/salud_profesionales.jpg\"><img loading=\"lazy\" decoding=\"async\" class=\"alignnone size-full wp-image-42948\" src=\"https:\/\/noticiasmercedinas.com\/site\/wp-content\/uploads\/2020\/04\/salud_profesionales.jpg\" alt=\"\" width=\"640\" height=\"427\" srcset=\"https:\/\/noticiasmercedinas.com\/site\/wp-content\/uploads\/2020\/04\/salud_profesionales.jpg 640w, https:\/\/noticiasmercedinas.com\/site\/wp-content\/uploads\/2020\/04\/salud_profesionales-300x200.jpg 300w\" sizes=\"auto, (max-width: 640px) 100vw, 640px\" \/><\/a><\/p>\n<p>El Hospital \u201cBlas Dubarry\u201d y la Municipalidad de Mercedes lanzaron la convocatoria a profesionales de la salud como as\u00ed tambi\u00e9n a estudiantes avanzados para cubrir cargos durante el pico de la pandemia de Coronavirus.<\/p>\n<p>\u201cEstamos redoblando esfuerzos en salud, seguridad, desarrollo social, servicios p\u00fablicos y educaci\u00f3n\u201d, explic\u00f3 el intendente Juan Ignacio Ustarroz y especific\u00f3 que \u201cahora estamos abriendo una convocatoria para contar con m\u00e1s profesionales y estudiantes avanzados de carreras como medicina, bioqu\u00edmicos y enfermer\u00eda para fortalecer el sistema de salud de la ciudad\u201d.<\/p>\n<p>Por su parte, Pablo Cassiani, director del Hospital afirm\u00f3 que \u201chemos reforzado \u00e1reas, ampliado otras, modificado accesos y reorientado su infraestructura, pero necesitamos tambi\u00e9n el denominado recurso humano\u201d.<\/p>\n<p>\u201cEstamos ante un escenario in\u00e9dito en la historia moderna de la humanidad, afecta a todo el mundo y Mercedes est\u00e1 tomando medidas, por eso necesitamos el compromiso de aquellos que pueden sumarse\u201d remarc\u00f3.<\/p>\n<p>Para quienes deseen informaci\u00f3n y mandar sus datos pueden escribir a <a href=\"mailto:recursoshumanos@mercedes.gob.ar\">recursoshumanos@mercedes.gob.ar<\/a>. Si bien la concentraci\u00f3n de los interesados se har\u00e1 desde la Municipalidad, la tarea se ejecutar\u00e1 en el sistema integrado que se est\u00e1 implementando que incluye los Centros de Salud (CAPS) y el Hospital Dubarry.<\/p>\n<p><a href=\"https:\/\/noticiasmercedinas.com\/site\/wp-content\/uploads\/2020\/04\/salud2.jpg\"><img loading=\"lazy\" decoding=\"async\" class=\"alignnone size-full wp-image-42949\" src=\"https:\/\/noticiasmercedinas.com\/site\/wp-content\/uploads\/2020\/04\/salud2.jpg\" alt=\"\" width=\"640\" height=\"640\" srcset=\"https:\/\/noticiasmercedinas.com\/site\/wp-content\/uploads\/2020\/04\/salud2.jpg 640w, https:\/\/noticiasmercedinas.com\/site\/wp-content\/uploads\/2020\/04\/salud2-300x300.jpg 300w, https:\/\/noticiasmercedinas.com\/site\/wp-content\/uploads\/2020\/04\/salud2-150x150.jpg 150w\" sizes=\"auto, (max-width: 640px) 100vw, 640px\" \/><\/a><\/p>\n","protected":false},"excerpt":{"rendered":"<p>El Hospital \u201cBlas Dubarry\u201d y la Municipalidad de Mercedes lanzaron la convocatoria a profesionales de la salud como as\u00ed tambi\u00e9n a estudiantes avanzados para cubrir cargos durante el pico de la pandemia de Coronavirus. \u201cEstamos redoblando esfuerzos en salud, seguridad, desarrollo social, servicios p\u00fablicos y educaci\u00f3n\u201d, explic\u00f3 el intendente Juan Ignacio Ustarroz y especific\u00f3 que [&hellip;]<\/p>\n","protected":false},"author":16,"featured_media":42948,"comment_status":"open","ping_status":"open","sticky":false,"template":"","format":"standard","meta":{"footnotes":""},"categories":[10],"tags":[8392,3922,1077,144,71],"class_list":["post-42947","post","type-post","status-publish","format-standard","has-post-thumbnail","hentry","category-especiales","tag-coronavirus","tag-hospital-blas-dubarry","tag-juan-ustarroz","tag-pablo-cassiani","tag-salud"],"yoast_head":"<!-- This site is optimized with the Yoast SEO plugin v27.4 - https:\/\/yoast.com\/product\/yoast-seo-wordpress\/ -->\n<title>Convocan a profesionales y estudiantes avanzados de medicina y enfermer\u00eda<\/title>\n<meta name=\"robots\" content=\"index, follow, max-snippet:-1, max-image-preview:large, max-video-preview:-1\" \/>\n<link rel=\"canonical\" href=\"https:\/\/noticiasmercedinas.com\/site\/2020\/04\/04\/convocan-a-profesionales-y-estudiantes-avanzados-de-medicina-y-enfermeria\/\" \/>\n<meta property=\"og:locale\" content=\"es_ES\" \/>\n<meta property=\"og:type\" content=\"article\" \/>\n<meta property=\"og:title\" content=\"Convocan a profesionales y estudiantes avanzados de medicina y enfermer\u00eda\" \/>\n<meta property=\"og:description\" content=\"El Hospital \u201cBlas Dubarry\u201d y la Municipalidad de Mercedes lanzaron la convocatoria a profesionales de la salud como as\u00ed tambi\u00e9n a estudiantes avanzados para cubrir cargos durante el pico de la pandemia de Coronavirus. \u201cEstamos redoblando esfuerzos en salud, seguridad, desarrollo social, servicios p\u00fablicos y educaci\u00f3n\u201d, explic\u00f3 el intendente Juan Ignacio Ustarroz y especific\u00f3 que [&hellip;]\" \/>\n<meta property=\"og:url\" content=\"https:\/\/noticiasmercedinas.com\/site\/2020\/04\/04\/convocan-a-profesionales-y-estudiantes-avanzados-de-medicina-y-enfermeria\/\" \/>\n<meta property=\"og:site_name\" content=\"NOTICIASMERCEDINAS.COM\" \/>\n<meta property=\"article:publisher\" content=\"https:\/\/www.facebook.com\/noticiasmercedinas\/\" \/>\n<meta property=\"article:published_time\" content=\"2020-04-05T00:08:43+00:00\" \/>\n<meta property=\"article:modified_time\" content=\"2020-04-05T00:10:57+00:00\" \/>\n<meta property=\"og:image\" content=\"https:\/\/noticiasmercedinas.com\/site\/wp-content\/uploads\/2020\/04\/salud_profesionales.jpg\" \/>\n\t<meta property=\"og:image:width\" content=\"640\" \/>\n\t<meta property=\"og:image:height\" content=\"427\" \/>\n\t<meta property=\"og:image:type\" content=\"image\/jpeg\" \/>\n<meta name=\"author\" content=\"NOTICIASMERCEDINAS.COM\" \/>\n<meta name=\"twitter:card\" content=\"summary_large_image\" \/>\n<meta name=\"twitter:creator\" content=\"@notmercedinas\" \/>\n<meta name=\"twitter:site\" content=\"@notmercedinas\" \/>\n<meta name=\"twitter:label1\" content=\"Escrito por\" \/>\n\t<meta name=\"twitter:data1\" content=\"NOTICIASMERCEDINAS.COM\" \/>\n\t<meta name=\"twitter:label2\" content=\"Tiempo de lectura\" \/>\n\t<meta name=\"twitter:data2\" content=\"1 minuto\" \/>\n<script type=\"application\/ld+json\" class=\"yoast-schema-graph\">{\"@context\":\"https:\\\/\\\/schema.org\",\"@graph\":[{\"@type\":\"Article\",\"@id\":\"https:\\\/\\\/noticiasmercedinas.com\\\/site\\\/2020\\\/04\\\/04\\\/convocan-a-profesionales-y-estudiantes-avanzados-de-medicina-y-enfermeria\\\/#article\",\"isPartOf\":{\"@id\":\"https:\\\/\\\/noticiasmercedinas.com\\\/site\\\/2020\\\/04\\\/04\\\/convocan-a-profesionales-y-estudiantes-avanzados-de-medicina-y-enfermeria\\\/\"},\"author\":{\"name\":\"NOTICIASMERCEDINAS.COM\",\"@id\":\"https:\\\/\\\/noticiasmercedinas.com\\\/site\\\/#\\\/schema\\\/person\\\/84b59c099c28ff2e8b77d4ceec5d8063\"},\"headline\":\"Convocan a profesionales y estudiantes avanzados de medicina y enfermer\u00eda\",\"datePublished\":\"2020-04-05T00:08:43+00:00\",\"dateModified\":\"2020-04-05T00:10:57+00:00\",\"mainEntityOfPage\":{\"@id\":\"https:\\\/\\\/noticiasmercedinas.com\\\/site\\\/2020\\\/04\\\/04\\\/convocan-a-profesionales-y-estudiantes-avanzados-de-medicina-y-enfermeria\\\/\"},\"wordCount\":216,\"commentCount\":0,\"publisher\":{\"@id\":\"https:\\\/\\\/noticiasmercedinas.com\\\/site\\\/#organization\"},\"image\":{\"@id\":\"https:\\\/\\\/noticiasmercedinas.com\\\/site\\\/2020\\\/04\\\/04\\\/convocan-a-profesionales-y-estudiantes-avanzados-de-medicina-y-enfermeria\\\/#primaryimage\"},\"thumbnailUrl\":\"https:\\\/\\\/noticiasmercedinas.com\\\/site\\\/wp-content\\\/uploads\\\/2020\\\/04\\\/salud_profesionales.jpg\",\"keywords\":[\"coronavirus\",\"Hospital Blas Dubarry\",\"Juan Ustarroz\",\"pablo cassiani\",\"salud\"],\"articleSection\":[\"Covid-19\"],\"inLanguage\":\"es\",\"potentialAction\":[{\"@type\":\"CommentAction\",\"name\":\"Comment\",\"target\":[\"https:\\\/\\\/noticiasmercedinas.com\\\/site\\\/2020\\\/04\\\/04\\\/convocan-a-profesionales-y-estudiantes-avanzados-de-medicina-y-enfermeria\\\/#respond\"]}]},{\"@type\":\"WebPage\",\"@id\":\"https:\\\/\\\/noticiasmercedinas.com\\\/site\\\/2020\\\/04\\\/04\\\/convocan-a-profesionales-y-estudiantes-avanzados-de-medicina-y-enfermeria\\\/\",\"url\":\"https:\\\/\\\/noticiasmercedinas.com\\\/site\\\/2020\\\/04\\\/04\\\/convocan-a-profesionales-y-estudiantes-avanzados-de-medicina-y-enfermeria\\\/\",\"name\":\"Convocan a profesionales y estudiantes avanzados de medicina y enfermer\u00eda\",\"isPartOf\":{\"@id\":\"https:\\\/\\\/noticiasmercedinas.com\\\/site\\\/#website\"},\"primaryImageOfPage\":{\"@id\":\"https:\\\/\\\/noticiasmercedinas.com\\\/site\\\/2020\\\/04\\\/04\\\/convocan-a-profesionales-y-estudiantes-avanzados-de-medicina-y-enfermeria\\\/#primaryimage\"},\"image\":{\"@id\":\"https:\\\/\\\/noticiasmercedinas.com\\\/site\\\/2020\\\/04\\\/04\\\/convocan-a-profesionales-y-estudiantes-avanzados-de-medicina-y-enfermeria\\\/#primaryimage\"},\"thumbnailUrl\":\"https:\\\/\\\/noticiasmercedinas.com\\\/site\\\/wp-content\\\/uploads\\\/2020\\\/04\\\/salud_profesionales.jpg\",\"datePublished\":\"2020-04-05T00:08:43+00:00\",\"dateModified\":\"2020-04-05T00:10:57+00:00\",\"breadcrumb\":{\"@id\":\"https:\\\/\\\/noticiasmercedinas.com\\\/site\\\/2020\\\/04\\\/04\\\/convocan-a-profesionales-y-estudiantes-avanzados-de-medicina-y-enfermeria\\\/#breadcrumb\"},\"inLanguage\":\"es\",\"potentialAction\":[{\"@type\":\"ReadAction\",\"target\":[\"https:\\\/\\\/noticiasmercedinas.com\\\/site\\\/2020\\\/04\\\/04\\\/convocan-a-profesionales-y-estudiantes-avanzados-de-medicina-y-enfermeria\\\/\"]}]},{\"@type\":\"ImageObject\",\"inLanguage\":\"es\",\"@id\":\"https:\\\/\\\/noticiasmercedinas.com\\\/site\\\/2020\\\/04\\\/04\\\/convocan-a-profesionales-y-estudiantes-avanzados-de-medicina-y-enfermeria\\\/#primaryimage\",\"url\":\"https:\\\/\\\/noticiasmercedinas.com\\\/site\\\/wp-content\\\/uploads\\\/2020\\\/04\\\/salud_profesionales.jpg\",\"contentUrl\":\"https:\\\/\\\/noticiasmercedinas.com\\\/site\\\/wp-content\\\/uploads\\\/2020\\\/04\\\/salud_profesionales.jpg\",\"width\":640,\"height\":427},{\"@type\":\"BreadcrumbList\",\"@id\":\"https:\\\/\\\/noticiasmercedinas.com\\\/site\\\/2020\\\/04\\\/04\\\/convocan-a-profesionales-y-estudiantes-avanzados-de-medicina-y-enfermeria\\\/#breadcrumb\",\"itemListElement\":[{\"@type\":\"ListItem\",\"position\":1,\"name\":\"Portada\",\"item\":\"https:\\\/\\\/noticiasmercedinas.com\\\/site\\\/\"},{\"@type\":\"ListItem\",\"position\":2,\"name\":\"Convocan a profesionales y estudiantes avanzados de medicina y enfermer\u00eda\"}]},{\"@type\":\"WebSite\",\"@id\":\"https:\\\/\\\/noticiasmercedinas.com\\\/site\\\/#website\",\"url\":\"https:\\\/\\\/noticiasmercedinas.com\\\/site\\\/\",\"name\":\"NOTICIASMERCEDINAS.COM\",\"description\":\"Mercedes, Buenos Aires, Argentina\",\"publisher\":{\"@id\":\"https:\\\/\\\/noticiasmercedinas.com\\\/site\\\/#organization\"},\"potentialAction\":[{\"@type\":\"SearchAction\",\"target\":{\"@type\":\"EntryPoint\",\"urlTemplate\":\"https:\\\/\\\/noticiasmercedinas.com\\\/site\\\/?s={search_term_string}\"},\"query-input\":{\"@type\":\"PropertyValueSpecification\",\"valueRequired\":true,\"valueName\":\"search_term_string\"}}],\"inLanguage\":\"es\"},{\"@type\":\"Organization\",\"@id\":\"https:\\\/\\\/noticiasmercedinas.com\\\/site\\\/#organization\",\"name\":\"NOTICIASMERCEDINAS.COM\",\"url\":\"https:\\\/\\\/noticiasmercedinas.com\\\/site\\\/\",\"logo\":{\"@type\":\"ImageObject\",\"inLanguage\":\"es\",\"@id\":\"https:\\\/\\\/noticiasmercedinas.com\\\/site\\\/#\\\/schema\\\/logo\\\/image\\\/\",\"url\":\"https:\\\/\\\/noticiasmercedinas.com\\\/site\\\/wp-content\\\/uploads\\\/2020\\\/06\\\/LOGO-512.jpg\",\"contentUrl\":\"https:\\\/\\\/noticiasmercedinas.com\\\/site\\\/wp-content\\\/uploads\\\/2020\\\/06\\\/LOGO-512.jpg\",\"width\":512,\"height\":512,\"caption\":\"NOTICIASMERCEDINAS.COM\"},\"image\":{\"@id\":\"https:\\\/\\\/noticiasmercedinas.com\\\/site\\\/#\\\/schema\\\/logo\\\/image\\\/\"},\"sameAs\":[\"https:\\\/\\\/www.facebook.com\\\/noticiasmercedinas\\\/\",\"https:\\\/\\\/x.com\\\/notmercedinas\",\"https:\\\/\\\/www.instagram.com\\\/noticiasmercedinas\\\/\"]},{\"@type\":\"Person\",\"@id\":\"https:\\\/\\\/noticiasmercedinas.com\\\/site\\\/#\\\/schema\\\/person\\\/84b59c099c28ff2e8b77d4ceec5d8063\",\"name\":\"NOTICIASMERCEDINAS.COM\",\"image\":{\"@type\":\"ImageObject\",\"inLanguage\":\"es\",\"@id\":\"https:\\\/\\\/secure.gravatar.com\\\/avatar\\\/4dfbf16b4d17945bfb6341b2d19043457132fcf478a5ee04f42e959fd8f5df0a?s=96&d=mm&r=g\",\"url\":\"https:\\\/\\\/secure.gravatar.com\\\/avatar\\\/4dfbf16b4d17945bfb6341b2d19043457132fcf478a5ee04f42e959fd8f5df0a?s=96&d=mm&r=g\",\"contentUrl\":\"https:\\\/\\\/secure.gravatar.com\\\/avatar\\\/4dfbf16b4d17945bfb6341b2d19043457132fcf478a5ee04f42e959fd8f5df0a?s=96&d=mm&r=g\",\"caption\":\"NOTICIASMERCEDINAS.COM\"},\"url\":\"https:\\\/\\\/noticiasmercedinas.com\\\/site\\\/author\\\/anonimo\\\/\"}]}<\/script>\n<!-- \/ Yoast SEO plugin. -->","yoast_head_json":{"title":"Convocan a profesionales y estudiantes avanzados de medicina y enfermer\u00eda","robots":{"index":"index","follow":"follow","max-snippet":"max-snippet:-1","max-image-preview":"max-image-preview:large","max-video-preview":"max-video-preview:-1"},"canonical":"https:\/\/noticiasmercedinas.com\/site\/2020\/04\/04\/convocan-a-profesionales-y-estudiantes-avanzados-de-medicina-y-enfermeria\/","og_locale":"es_ES","og_type":"article","og_title":"Convocan a profesionales y estudiantes avanzados de medicina y enfermer\u00eda","og_description":"El Hospital \u201cBlas Dubarry\u201d y la Municipalidad de Mercedes lanzaron la convocatoria a profesionales de la salud como as\u00ed tambi\u00e9n a estudiantes avanzados para cubrir cargos durante el pico de la pandemia de Coronavirus. \u201cEstamos redoblando esfuerzos en salud, seguridad, desarrollo social, servicios p\u00fablicos y educaci\u00f3n\u201d, explic\u00f3 el intendente Juan Ignacio Ustarroz y especific\u00f3 que [&hellip;]","og_url":"https:\/\/noticiasmercedinas.com\/site\/2020\/04\/04\/convocan-a-profesionales-y-estudiantes-avanzados-de-medicina-y-enfermeria\/","og_site_name":"NOTICIASMERCEDINAS.COM","article_publisher":"https:\/\/www.facebook.com\/noticiasmercedinas\/","article_published_time":"2020-04-05T00:08:43+00:00","article_modified_time":"2020-04-05T00:10:57+00:00","og_image":[{"width":640,"height":427,"url":"https:\/\/noticiasmercedinas.com\/site\/wp-content\/uploads\/2020\/04\/salud_profesionales.jpg","type":"image\/jpeg"}],"author":"NOTICIASMERCEDINAS.COM","twitter_card":"summary_large_image","twitter_creator":"@notmercedinas","twitter_site":"@notmercedinas","twitter_misc":{"Escrito por":"NOTICIASMERCEDINAS.COM","Tiempo de lectura":"1 minuto"},"schema":{"@context":"https:\/\/schema.org","@graph":[{"@type":"Article","@id":"https:\/\/noticiasmercedinas.com\/site\/2020\/04\/04\/convocan-a-profesionales-y-estudiantes-avanzados-de-medicina-y-enfermeria\/#article","isPartOf":{"@id":"https:\/\/noticiasmercedinas.com\/site\/2020\/04\/04\/convocan-a-profesionales-y-estudiantes-avanzados-de-medicina-y-enfermeria\/"},"author":{"name":"NOTICIASMERCEDINAS.COM","@id":"https:\/\/noticiasmercedinas.com\/site\/#\/schema\/person\/84b59c099c28ff2e8b77d4ceec5d8063"},"headline":"Convocan a profesionales y estudiantes avanzados de medicina y enfermer\u00eda","datePublished":"2020-04-05T00:08:43+00:00","dateModified":"2020-04-05T00:10:57+00:00","mainEntityOfPage":{"@id":"https:\/\/noticiasmercedinas.com\/site\/2020\/04\/04\/convocan-a-profesionales-y-estudiantes-avanzados-de-medicina-y-enfermeria\/"},"wordCount":216,"commentCount":0,"publisher":{"@id":"https:\/\/noticiasmercedinas.com\/site\/#organization"},"image":{"@id":"https:\/\/noticiasmercedinas.com\/site\/2020\/04\/04\/convocan-a-profesionales-y-estudiantes-avanzados-de-medicina-y-enfermeria\/#primaryimage"},"thumbnailUrl":"https:\/\/noticiasmercedinas.com\/site\/wp-content\/uploads\/2020\/04\/salud_profesionales.jpg","keywords":["coronavirus","Hospital Blas Dubarry","Juan Ustarroz","pablo cassiani","salud"],"articleSection":["Covid-19"],"inLanguage":"es","potentialAction":[{"@type":"CommentAction","name":"Comment","target":["https:\/\/noticiasmercedinas.com\/site\/2020\/04\/04\/convocan-a-profesionales-y-estudiantes-avanzados-de-medicina-y-enfermeria\/#respond"]}]},{"@type":"WebPage","@id":"https:\/\/noticiasmercedinas.com\/site\/2020\/04\/04\/convocan-a-profesionales-y-estudiantes-avanzados-de-medicina-y-enfermeria\/","url":"https:\/\/noticiasmercedinas.com\/site\/2020\/04\/04\/convocan-a-profesionales-y-estudiantes-avanzados-de-medicina-y-enfermeria\/","name":"Convocan a profesionales y estudiantes avanzados de medicina y enfermer\u00eda","isPartOf":{"@id":"https:\/\/noticiasmercedinas.com\/site\/#website"},"primaryImageOfPage":{"@id":"https:\/\/noticiasmercedinas.com\/site\/2020\/04\/04\/convocan-a-profesionales-y-estudiantes-avanzados-de-medicina-y-enfermeria\/#primaryimage"},"image":{"@id":"https:\/\/noticiasmercedinas.com\/site\/2020\/04\/04\/convocan-a-profesionales-y-estudiantes-avanzados-de-medicina-y-enfermeria\/#primaryimage"},"thumbnailUrl":"https:\/\/noticiasmercedinas.com\/site\/wp-content\/uploads\/2020\/04\/salud_profesionales.jpg","datePublished":"2020-04-05T00:08:43+00:00","dateModified":"2020-04-05T00:10:57+00:00","breadcrumb":{"@id":"https:\/\/noticiasmercedinas.com\/site\/2020\/04\/04\/convocan-a-profesionales-y-estudiantes-avanzados-de-medicina-y-enfermeria\/#breadcrumb"},"inLanguage":"es","potentialAction":[{"@type":"ReadAction","target":["https:\/\/noticiasmercedinas.com\/site\/2020\/04\/04\/convocan-a-profesionales-y-estudiantes-avanzados-de-medicina-y-enfermeria\/"]}]},{"@type":"ImageObject","inLanguage":"es","@id":"https:\/\/noticiasmercedinas.com\/site\/2020\/04\/04\/convocan-a-profesionales-y-estudiantes-avanzados-de-medicina-y-enfermeria\/#primaryimage","url":"https:\/\/noticiasmercedinas.com\/site\/wp-content\/uploads\/2020\/04\/salud_profesionales.jpg","contentUrl":"https:\/\/noticiasmercedinas.com\/site\/wp-content\/uploads\/2020\/04\/salud_profesionales.jpg","width":640,"height":427},{"@type":"BreadcrumbList","@id":"https:\/\/noticiasmercedinas.com\/site\/2020\/04\/04\/convocan-a-profesionales-y-estudiantes-avanzados-de-medicina-y-enfermeria\/#breadcrumb","itemListElement":[{"@type":"ListItem","position":1,"name":"Portada","item":"https:\/\/noticiasmercedinas.com\/site\/"},{"@type":"ListItem","position":2,"name":"Convocan a profesionales y estudiantes avanzados de medicina y enfermer\u00eda"}]},{"@type":"WebSite","@id":"https:\/\/noticiasmercedinas.com\/site\/#website","url":"https:\/\/noticiasmercedinas.com\/site\/","name":"NOTICIASMERCEDINAS.COM","description":"Mercedes, Buenos Aires, Argentina","publisher":{"@id":"https:\/\/noticiasmercedinas.com\/site\/#organization"},"potentialAction":[{"@type":"SearchAction","target":{"@type":"EntryPoint","urlTemplate":"https:\/\/noticiasmercedinas.com\/site\/?s={search_term_string}"},"query-input":{"@type":"PropertyValueSpecification","valueRequired":true,"valueName":"search_term_string"}}],"inLanguage":"es"},{"@type":"Organization","@id":"https:\/\/noticiasmercedinas.com\/site\/#organization","name":"NOTICIASMERCEDINAS.COM","url":"https:\/\/noticiasmercedinas.com\/site\/","logo":{"@type":"ImageObject","inLanguage":"es","@id":"https:\/\/noticiasmercedinas.com\/site\/#\/schema\/logo\/image\/","url":"https:\/\/noticiasmercedinas.com\/site\/wp-content\/uploads\/2020\/06\/LOGO-512.jpg","contentUrl":"https:\/\/noticiasmercedinas.com\/site\/wp-content\/uploads\/2020\/06\/LOGO-512.jpg","width":512,"height":512,"caption":"NOTICIASMERCEDINAS.COM"},"image":{"@id":"https:\/\/noticiasmercedinas.com\/site\/#\/schema\/logo\/image\/"},"sameAs":["https:\/\/www.facebook.com\/noticiasmercedinas\/","https:\/\/x.com\/notmercedinas","https:\/\/www.instagram.com\/noticiasmercedinas\/"]},{"@type":"Person","@id":"https:\/\/noticiasmercedinas.com\/site\/#\/schema\/person\/84b59c099c28ff2e8b77d4ceec5d8063","name":"NOTICIASMERCEDINAS.COM","image":{"@type":"ImageObject","inLanguage":"es","@id":"https:\/\/secure.gravatar.com\/avatar\/4dfbf16b4d17945bfb6341b2d19043457132fcf478a5ee04f42e959fd8f5df0a?s=96&d=mm&r=g","url":"https:\/\/secure.gravatar.com\/avatar\/4dfbf16b4d17945bfb6341b2d19043457132fcf478a5ee04f42e959fd8f5df0a?s=96&d=mm&r=g","contentUrl":"https:\/\/secure.gravatar.com\/avatar\/4dfbf16b4d17945bfb6341b2d19043457132fcf478a5ee04f42e959fd8f5df0a?s=96&d=mm&r=g","caption":"NOTICIASMERCEDINAS.COM"},"url":"https:\/\/noticiasmercedinas.com\/site\/author\/anonimo\/"}]}},"amp_enabled":true,"_links":{"self":[{"href":"https:\/\/noticiasmercedinas.com\/site\/wp-json\/wp\/v2\/posts\/42947","targetHints":{"allow":["GET"]}}],"collection":[{"href":"https:\/\/noticiasmercedinas.com\/site\/wp-json\/wp\/v2\/posts"}],"about":[{"href":"https:\/\/noticiasmercedinas.com\/site\/wp-json\/wp\/v2\/types\/post"}],"author":[{"embeddable":true,"href":"https:\/\/noticiasmercedinas.com\/site\/wp-json\/wp\/v2\/users\/16"}],"replies":[{"embeddable":true,"href":"https:\/\/noticiasmercedinas.com\/site\/wp-json\/wp\/v2\/comments?post=42947"}],"version-history":[{"count":1,"href":"https:\/\/noticiasmercedinas.com\/site\/wp-json\/wp\/v2\/posts\/42947\/revisions"}],"predecessor-version":[{"id":42950,"href":"https:\/\/noticiasmercedinas.com\/site\/wp-json\/wp\/v2\/posts\/42947\/revisions\/42950"}],"wp:featuredmedia":[{"embeddable":true,"href":"https:\/\/noticiasmercedinas.com\/site\/wp-json\/wp\/v2\/media\/42948"}],"wp:attachment":[{"href":"https:\/\/noticiasmercedinas.com\/site\/wp-json\/wp\/v2\/media?parent=42947"}],"wp:term":[{"taxonomy":"category","embeddable":true,"href":"https:\/\/noticiasmercedinas.com\/site\/wp-json\/wp\/v2\/categories?post=42947"},{"taxonomy":"post_tag","embeddable":true,"href":"https:\/\/noticiasmercedinas.com\/site\/wp-json\/wp\/v2\/tags?post=42947"}],"curies":[{"name":"wp","href":"https:\/\/api.w.org\/{rel}","templated":true}]}}