{"id":43050,"date":"2020-04-07T08:40:50","date_gmt":"2020-04-07T11:40:50","guid":{"rendered":"https:\/\/noticiasmercedinas.com\/site\/?p=43050"},"modified":"2020-04-07T08:57:30","modified_gmt":"2020-04-07T11:57:30","slug":"mesa-sindical-mercedes-repudia-discriminacion-a-trabajadores-de-la-salud","status":"publish","type":"post","link":"https:\/\/noticiasmercedinas.com\/site\/2020\/04\/07\/mesa-sindical-mercedes-repudia-discriminacion-a-trabajadores-de-la-salud\/","title":{"rendered":"Mesa Sindical Mercedes repudia discriminaci\u00f3n a trabajadores de la Salud"},"content":{"rendered":"<p><img loading=\"lazy\" decoding=\"async\" class=\"alignnone wp-image-43051 size-full\" src=\"https:\/\/noticiasmercedinas.com\/site\/wp-content\/uploads\/2020\/04\/Mesa-Sindical-Mercedes.jpg\" width=\"1032\" height=\"581\" srcset=\"https:\/\/noticiasmercedinas.com\/site\/wp-content\/uploads\/2020\/04\/Mesa-Sindical-Mercedes.jpg 1032w, https:\/\/noticiasmercedinas.com\/site\/wp-content\/uploads\/2020\/04\/Mesa-Sindical-Mercedes-300x169.jpg 300w, https:\/\/noticiasmercedinas.com\/site\/wp-content\/uploads\/2020\/04\/Mesa-Sindical-Mercedes-1024x576.jpg 1024w, https:\/\/noticiasmercedinas.com\/site\/wp-content\/uploads\/2020\/04\/Mesa-Sindical-Mercedes-768x432.jpg 768w, https:\/\/noticiasmercedinas.com\/site\/wp-content\/uploads\/2020\/04\/Mesa-Sindical-Mercedes-640x360.jpg 640w, https:\/\/noticiasmercedinas.com\/site\/wp-content\/uploads\/2020\/04\/Mesa-Sindical-Mercedes-681x383.jpg 681w\" sizes=\"auto, (max-width: 1032px) 100vw, 1032px\" \/><\/p>\n<p>La Mesa Sindical Mercedes expres\u00f3 su \u00abrepudio total\u00bb a las discriminaciones contra los trabajadores de la Salud.<\/p>\n<p>Mediante un comunicado dirigido a la poblaci\u00f3n toda, \u00ablos integrantes de esta Mesa Sindical de Mercedes, en vista de la incomprensible actitud tomada por un grupo de personas para con los Trabajadores de la Salud en el \u00e1mbito de la Ciudad Aut\u00f3noma de Buenos Aires, queremos repudiar en\u00e9rgicamente su accionar y solidarizarnos con todos aquellos que se han visto afectados por las lamentables actitudes discriminatorias de quienes no entienden de razones, ni a\u00fan en esta dif\u00edcil situaci\u00f3n\u00bb.<\/p>\n<p>\u00abSin embargo, destacamos que afortunadamente la mayor\u00eda de la poblaci\u00f3n reconoce el esfuerzo y sacrificio de los Trabajadores de la Salud quienes desde el comienzo all\u00e1 por el 3 de marzo de este a\u00f1o enfrentan a diario la responsabilidad de cuidar de cada uno de nosotros. Desde nuestro espacio agradecemos totalmente por todo lo que hacen en pos de la salud de la sociedad, arriesgando su vida para salvarnos\u00bb, dijeron.<\/p>\n<p>Desde la Mesa Sindical reiteraron su \u00abrepudio absoluto a toda acci\u00f3n discriminatoria contra el Trabajador de la Salud y el conjunto de los trabajadores que no tienen posibilidad de cuarentena, ya que por obligaci\u00f3n y\/o deber moral salen todos los d\u00edas de sus casas a continuar con sus tareas\u00bb.<\/p>\n<p>Con el mismo tenor solicitaron a las autoridades pertinentes que \u00abse tomen todas las medidas necesarias para el cese inmediato las discriminaciones cometidas\u00bb.<\/p>\n","protected":false},"excerpt":{"rendered":"<p>La Mesa Sindical Mercedes expres\u00f3 su \u00abrepudio total\u00bb a las discriminaciones contra los trabajadores de la Salud. Mediante un comunicado dirigido a la poblaci\u00f3n toda, \u00ablos integrantes de esta Mesa Sindical de Mercedes, en vista de la incomprensible actitud tomada por un grupo de personas para con los Trabajadores de la Salud en el \u00e1mbito [&hellip;]<\/p>\n","protected":false},"author":2,"featured_media":43051,"comment_status":"open","ping_status":"open","sticky":false,"template":"","format":"standard","meta":{"footnotes":""},"categories":[3],"tags":[1201,71,127],"class_list":["post-43050","post","type-post","status-publish","format-standard","has-post-thumbnail","hentry","category-sociedad","tag-mesa-sindical-mercedes","tag-salud","tag-trabajadores"],"yoast_head":"<!-- This site is optimized with the Yoast SEO plugin v27.4 - https:\/\/yoast.com\/product\/yoast-seo-wordpress\/ -->\n<title>Mesa Sindical Mercedes repudia discriminaci\u00f3n a trabajadores de la Salud<\/title>\n<meta name=\"robots\" content=\"index, follow, max-snippet:-1, max-image-preview:large, max-video-preview:-1\" \/>\n<link rel=\"canonical\" href=\"https:\/\/noticiasmercedinas.com\/site\/2020\/04\/07\/mesa-sindical-mercedes-repudia-discriminacion-a-trabajadores-de-la-salud\/\" \/>\n<meta property=\"og:locale\" content=\"es_ES\" \/>\n<meta property=\"og:type\" content=\"article\" \/>\n<meta property=\"og:title\" content=\"Mesa Sindical Mercedes repudia discriminaci\u00f3n a trabajadores de la Salud\" \/>\n<meta property=\"og:description\" content=\"La Mesa Sindical Mercedes expres\u00f3 su \u00abrepudio total\u00bb a las discriminaciones contra los trabajadores de la Salud. Mediante un comunicado dirigido a la poblaci\u00f3n toda, \u00ablos integrantes de esta Mesa Sindical de Mercedes, en vista de la incomprensible actitud tomada por un grupo de personas para con los Trabajadores de la Salud en el \u00e1mbito [&hellip;]\" \/>\n<meta property=\"og:url\" content=\"https:\/\/noticiasmercedinas.com\/site\/2020\/04\/07\/mesa-sindical-mercedes-repudia-discriminacion-a-trabajadores-de-la-salud\/\" \/>\n<meta property=\"og:site_name\" content=\"NOTICIASMERCEDINAS.COM\" \/>\n<meta property=\"article:publisher\" content=\"https:\/\/www.facebook.com\/noticiasmercedinas\/\" \/>\n<meta property=\"article:author\" content=\"https:\/\/www.facebook.com\/cristian.falabella\" \/>\n<meta property=\"article:published_time\" content=\"2020-04-07T11:40:50+00:00\" \/>\n<meta property=\"article:modified_time\" content=\"2020-04-07T11:57:30+00:00\" \/>\n<meta property=\"og:image\" content=\"https:\/\/noticiasmercedinas.com\/site\/wp-content\/uploads\/2020\/04\/Mesa-Sindical-Mercedes.jpg\" \/>\n\t<meta property=\"og:image:width\" content=\"1032\" \/>\n\t<meta property=\"og:image:height\" content=\"581\" \/>\n\t<meta property=\"og:image:type\" content=\"image\/jpeg\" \/>\n<meta name=\"author\" content=\"Cristian Falabella NOTICIASMERCEDINAS.COM\" \/>\n<meta name=\"twitter:card\" content=\"summary_large_image\" \/>\n<meta name=\"twitter:creator\" content=\"@https:\/\/twitter.com\/NOTMERCEDINAS\" \/>\n<meta name=\"twitter:site\" content=\"@notmercedinas\" \/>\n<meta name=\"twitter:label1\" content=\"Escrito por\" \/>\n\t<meta name=\"twitter:data1\" content=\"Cristian Falabella NOTICIASMERCEDINAS.COM\" \/>\n\t<meta name=\"twitter:label2\" content=\"Tiempo de lectura\" \/>\n\t<meta name=\"twitter:data2\" content=\"1 minuto\" \/>\n<script type=\"application\/ld+json\" class=\"yoast-schema-graph\">{\"@context\":\"https:\\\/\\\/schema.org\",\"@graph\":[{\"@type\":\"Article\",\"@id\":\"https:\\\/\\\/noticiasmercedinas.com\\\/site\\\/2020\\\/04\\\/07\\\/mesa-sindical-mercedes-repudia-discriminacion-a-trabajadores-de-la-salud\\\/#article\",\"isPartOf\":{\"@id\":\"https:\\\/\\\/noticiasmercedinas.com\\\/site\\\/2020\\\/04\\\/07\\\/mesa-sindical-mercedes-repudia-discriminacion-a-trabajadores-de-la-salud\\\/\"},\"author\":{\"name\":\"Cristian Falabella NOTICIASMERCEDINAS.COM\",\"@id\":\"https:\\\/\\\/noticiasmercedinas.com\\\/site\\\/#\\\/schema\\\/person\\\/d481a9696a5feaec13a60e2bbd991a6a\"},\"headline\":\"Mesa Sindical Mercedes repudia discriminaci\u00f3n a trabajadores de la Salud\",\"datePublished\":\"2020-04-07T11:40:50+00:00\",\"dateModified\":\"2020-04-07T11:57:30+00:00\",\"mainEntityOfPage\":{\"@id\":\"https:\\\/\\\/noticiasmercedinas.com\\\/site\\\/2020\\\/04\\\/07\\\/mesa-sindical-mercedes-repudia-discriminacion-a-trabajadores-de-la-salud\\\/\"},\"wordCount\":259,\"commentCount\":0,\"publisher\":{\"@id\":\"https:\\\/\\\/noticiasmercedinas.com\\\/site\\\/#organization\"},\"image\":{\"@id\":\"https:\\\/\\\/noticiasmercedinas.com\\\/site\\\/2020\\\/04\\\/07\\\/mesa-sindical-mercedes-repudia-discriminacion-a-trabajadores-de-la-salud\\\/#primaryimage\"},\"thumbnailUrl\":\"https:\\\/\\\/noticiasmercedinas.com\\\/site\\\/wp-content\\\/uploads\\\/2020\\\/04\\\/Mesa-Sindical-Mercedes.jpg\",\"keywords\":[\"Mesa Sindical Mercedes\",\"salud\",\"trabajadores\"],\"articleSection\":[\"Sociedad\"],\"inLanguage\":\"es\",\"potentialAction\":[{\"@type\":\"CommentAction\",\"name\":\"Comment\",\"target\":[\"https:\\\/\\\/noticiasmercedinas.com\\\/site\\\/2020\\\/04\\\/07\\\/mesa-sindical-mercedes-repudia-discriminacion-a-trabajadores-de-la-salud\\\/#respond\"]}]},{\"@type\":\"WebPage\",\"@id\":\"https:\\\/\\\/noticiasmercedinas.com\\\/site\\\/2020\\\/04\\\/07\\\/mesa-sindical-mercedes-repudia-discriminacion-a-trabajadores-de-la-salud\\\/\",\"url\":\"https:\\\/\\\/noticiasmercedinas.com\\\/site\\\/2020\\\/04\\\/07\\\/mesa-sindical-mercedes-repudia-discriminacion-a-trabajadores-de-la-salud\\\/\",\"name\":\"Mesa Sindical Mercedes repudia discriminaci\u00f3n a trabajadores de la Salud\",\"isPartOf\":{\"@id\":\"https:\\\/\\\/noticiasmercedinas.com\\\/site\\\/#website\"},\"primaryImageOfPage\":{\"@id\":\"https:\\\/\\\/noticiasmercedinas.com\\\/site\\\/2020\\\/04\\\/07\\\/mesa-sindical-mercedes-repudia-discriminacion-a-trabajadores-de-la-salud\\\/#primaryimage\"},\"image\":{\"@id\":\"https:\\\/\\\/noticiasmercedinas.com\\\/site\\\/2020\\\/04\\\/07\\\/mesa-sindical-mercedes-repudia-discriminacion-a-trabajadores-de-la-salud\\\/#primaryimage\"},\"thumbnailUrl\":\"https:\\\/\\\/noticiasmercedinas.com\\\/site\\\/wp-content\\\/uploads\\\/2020\\\/04\\\/Mesa-Sindical-Mercedes.jpg\",\"datePublished\":\"2020-04-07T11:40:50+00:00\",\"dateModified\":\"2020-04-07T11:57:30+00:00\",\"breadcrumb\":{\"@id\":\"https:\\\/\\\/noticiasmercedinas.com\\\/site\\\/2020\\\/04\\\/07\\\/mesa-sindical-mercedes-repudia-discriminacion-a-trabajadores-de-la-salud\\\/#breadcrumb\"},\"inLanguage\":\"es\",\"potentialAction\":[{\"@type\":\"ReadAction\",\"target\":[\"https:\\\/\\\/noticiasmercedinas.com\\\/site\\\/2020\\\/04\\\/07\\\/mesa-sindical-mercedes-repudia-discriminacion-a-trabajadores-de-la-salud\\\/\"]}]},{\"@type\":\"ImageObject\",\"inLanguage\":\"es\",\"@id\":\"https:\\\/\\\/noticiasmercedinas.com\\\/site\\\/2020\\\/04\\\/07\\\/mesa-sindical-mercedes-repudia-discriminacion-a-trabajadores-de-la-salud\\\/#primaryimage\",\"url\":\"https:\\\/\\\/noticiasmercedinas.com\\\/site\\\/wp-content\\\/uploads\\\/2020\\\/04\\\/Mesa-Sindical-Mercedes.jpg\",\"contentUrl\":\"https:\\\/\\\/noticiasmercedinas.com\\\/site\\\/wp-content\\\/uploads\\\/2020\\\/04\\\/Mesa-Sindical-Mercedes.jpg\",\"width\":1032,\"height\":581},{\"@type\":\"BreadcrumbList\",\"@id\":\"https:\\\/\\\/noticiasmercedinas.com\\\/site\\\/2020\\\/04\\\/07\\\/mesa-sindical-mercedes-repudia-discriminacion-a-trabajadores-de-la-salud\\\/#breadcrumb\",\"itemListElement\":[{\"@type\":\"ListItem\",\"position\":1,\"name\":\"Portada\",\"item\":\"https:\\\/\\\/noticiasmercedinas.com\\\/site\\\/\"},{\"@type\":\"ListItem\",\"position\":2,\"name\":\"Mesa Sindical Mercedes repudia discriminaci\u00f3n a trabajadores de la Salud\"}]},{\"@type\":\"WebSite\",\"@id\":\"https:\\\/\\\/noticiasmercedinas.com\\\/site\\\/#website\",\"url\":\"https:\\\/\\\/noticiasmercedinas.com\\\/site\\\/\",\"name\":\"NOTICIASMERCEDINAS.COM\",\"description\":\"Mercedes, Buenos Aires, Argentina\",\"publisher\":{\"@id\":\"https:\\\/\\\/noticiasmercedinas.com\\\/site\\\/#organization\"},\"potentialAction\":[{\"@type\":\"SearchAction\",\"target\":{\"@type\":\"EntryPoint\",\"urlTemplate\":\"https:\\\/\\\/noticiasmercedinas.com\\\/site\\\/?s={search_term_string}\"},\"query-input\":{\"@type\":\"PropertyValueSpecification\",\"valueRequired\":true,\"valueName\":\"search_term_string\"}}],\"inLanguage\":\"es\"},{\"@type\":\"Organization\",\"@id\":\"https:\\\/\\\/noticiasmercedinas.com\\\/site\\\/#organization\",\"name\":\"NOTICIASMERCEDINAS.COM\",\"url\":\"https:\\\/\\\/noticiasmercedinas.com\\\/site\\\/\",\"logo\":{\"@type\":\"ImageObject\",\"inLanguage\":\"es\",\"@id\":\"https:\\\/\\\/noticiasmercedinas.com\\\/site\\\/#\\\/schema\\\/logo\\\/image\\\/\",\"url\":\"https:\\\/\\\/noticiasmercedinas.com\\\/site\\\/wp-content\\\/uploads\\\/2020\\\/06\\\/LOGO-512.jpg\",\"contentUrl\":\"https:\\\/\\\/noticiasmercedinas.com\\\/site\\\/wp-content\\\/uploads\\\/2020\\\/06\\\/LOGO-512.jpg\",\"width\":512,\"height\":512,\"caption\":\"NOTICIASMERCEDINAS.COM\"},\"image\":{\"@id\":\"https:\\\/\\\/noticiasmercedinas.com\\\/site\\\/#\\\/schema\\\/logo\\\/image\\\/\"},\"sameAs\":[\"https:\\\/\\\/www.facebook.com\\\/noticiasmercedinas\\\/\",\"https:\\\/\\\/x.com\\\/notmercedinas\",\"https:\\\/\\\/www.instagram.com\\\/noticiasmercedinas\\\/\"]},{\"@type\":\"Person\",\"@id\":\"https:\\\/\\\/noticiasmercedinas.com\\\/site\\\/#\\\/schema\\\/person\\\/d481a9696a5feaec13a60e2bbd991a6a\",\"name\":\"Cristian Falabella NOTICIASMERCEDINAS.COM\",\"image\":{\"@type\":\"ImageObject\",\"inLanguage\":\"es\",\"@id\":\"https:\\\/\\\/secure.gravatar.com\\\/avatar\\\/0dbbfc45970cc46bcd0e57766228574ff3511d6eed045b182f536f0f478c1f06?s=96&d=mm&r=g\",\"url\":\"https:\\\/\\\/secure.gravatar.com\\\/avatar\\\/0dbbfc45970cc46bcd0e57766228574ff3511d6eed045b182f536f0f478c1f06?s=96&d=mm&r=g\",\"contentUrl\":\"https:\\\/\\\/secure.gravatar.com\\\/avatar\\\/0dbbfc45970cc46bcd0e57766228574ff3511d6eed045b182f536f0f478c1f06?s=96&d=mm&r=g\",\"caption\":\"Cristian Falabella NOTICIASMERCEDINAS.COM\"},\"description\":\"Periodista, editor de Noticias Mercedinas. Pas\u00f3 por varias redacciones y emprendimientos de prensa, en distintos formatos y \u00e9pocas. Se especializ\u00f3 --y sigue haci\u00e9ndolo-- en comunicaci\u00f3n en la web y en junio de 2006 fund\u00f3 este diario digital.\",\"sameAs\":[\"https:\\\/\\\/noticiasmercedinas.com\",\"https:\\\/\\\/www.facebook.com\\\/cristian.falabella\",\"https:\\\/\\\/www.instagram.com\\\/noticiasmercedinas\\\/\",\"https:\\\/\\\/x.com\\\/https:\\\/\\\/twitter.com\\\/NOTMERCEDINAS\"],\"url\":\"https:\\\/\\\/noticiasmercedinas.com\\\/site\\\/author\\\/as000384\\\/\"}]}<\/script>\n<!-- \/ Yoast SEO plugin. -->","yoast_head_json":{"title":"Mesa Sindical Mercedes repudia discriminaci\u00f3n a trabajadores de la Salud","robots":{"index":"index","follow":"follow","max-snippet":"max-snippet:-1","max-image-preview":"max-image-preview:large","max-video-preview":"max-video-preview:-1"},"canonical":"https:\/\/noticiasmercedinas.com\/site\/2020\/04\/07\/mesa-sindical-mercedes-repudia-discriminacion-a-trabajadores-de-la-salud\/","og_locale":"es_ES","og_type":"article","og_title":"Mesa Sindical Mercedes repudia discriminaci\u00f3n a trabajadores de la Salud","og_description":"La Mesa Sindical Mercedes expres\u00f3 su \u00abrepudio total\u00bb a las discriminaciones contra los trabajadores de la Salud. Mediante un comunicado dirigido a la poblaci\u00f3n toda, \u00ablos integrantes de esta Mesa Sindical de Mercedes, en vista de la incomprensible actitud tomada por un grupo de personas para con los Trabajadores de la Salud en el \u00e1mbito [&hellip;]","og_url":"https:\/\/noticiasmercedinas.com\/site\/2020\/04\/07\/mesa-sindical-mercedes-repudia-discriminacion-a-trabajadores-de-la-salud\/","og_site_name":"NOTICIASMERCEDINAS.COM","article_publisher":"https:\/\/www.facebook.com\/noticiasmercedinas\/","article_author":"https:\/\/www.facebook.com\/cristian.falabella","article_published_time":"2020-04-07T11:40:50+00:00","article_modified_time":"2020-04-07T11:57:30+00:00","og_image":[{"width":1032,"height":581,"url":"https:\/\/noticiasmercedinas.com\/site\/wp-content\/uploads\/2020\/04\/Mesa-Sindical-Mercedes.jpg","type":"image\/jpeg"}],"author":"Cristian Falabella NOTICIASMERCEDINAS.COM","twitter_card":"summary_large_image","twitter_creator":"@https:\/\/twitter.com\/NOTMERCEDINAS","twitter_site":"@notmercedinas","twitter_misc":{"Escrito por":"Cristian Falabella NOTICIASMERCEDINAS.COM","Tiempo de lectura":"1 minuto"},"schema":{"@context":"https:\/\/schema.org","@graph":[{"@type":"Article","@id":"https:\/\/noticiasmercedinas.com\/site\/2020\/04\/07\/mesa-sindical-mercedes-repudia-discriminacion-a-trabajadores-de-la-salud\/#article","isPartOf":{"@id":"https:\/\/noticiasmercedinas.com\/site\/2020\/04\/07\/mesa-sindical-mercedes-repudia-discriminacion-a-trabajadores-de-la-salud\/"},"author":{"name":"Cristian Falabella NOTICIASMERCEDINAS.COM","@id":"https:\/\/noticiasmercedinas.com\/site\/#\/schema\/person\/d481a9696a5feaec13a60e2bbd991a6a"},"headline":"Mesa Sindical Mercedes repudia discriminaci\u00f3n a trabajadores de la Salud","datePublished":"2020-04-07T11:40:50+00:00","dateModified":"2020-04-07T11:57:30+00:00","mainEntityOfPage":{"@id":"https:\/\/noticiasmercedinas.com\/site\/2020\/04\/07\/mesa-sindical-mercedes-repudia-discriminacion-a-trabajadores-de-la-salud\/"},"wordCount":259,"commentCount":0,"publisher":{"@id":"https:\/\/noticiasmercedinas.com\/site\/#organization"},"image":{"@id":"https:\/\/noticiasmercedinas.com\/site\/2020\/04\/07\/mesa-sindical-mercedes-repudia-discriminacion-a-trabajadores-de-la-salud\/#primaryimage"},"thumbnailUrl":"https:\/\/noticiasmercedinas.com\/site\/wp-content\/uploads\/2020\/04\/Mesa-Sindical-Mercedes.jpg","keywords":["Mesa Sindical Mercedes","salud","trabajadores"],"articleSection":["Sociedad"],"inLanguage":"es","potentialAction":[{"@type":"CommentAction","name":"Comment","target":["https:\/\/noticiasmercedinas.com\/site\/2020\/04\/07\/mesa-sindical-mercedes-repudia-discriminacion-a-trabajadores-de-la-salud\/#respond"]}]},{"@type":"WebPage","@id":"https:\/\/noticiasmercedinas.com\/site\/2020\/04\/07\/mesa-sindical-mercedes-repudia-discriminacion-a-trabajadores-de-la-salud\/","url":"https:\/\/noticiasmercedinas.com\/site\/2020\/04\/07\/mesa-sindical-mercedes-repudia-discriminacion-a-trabajadores-de-la-salud\/","name":"Mesa Sindical Mercedes repudia discriminaci\u00f3n a trabajadores de la Salud","isPartOf":{"@id":"https:\/\/noticiasmercedinas.com\/site\/#website"},"primaryImageOfPage":{"@id":"https:\/\/noticiasmercedinas.com\/site\/2020\/04\/07\/mesa-sindical-mercedes-repudia-discriminacion-a-trabajadores-de-la-salud\/#primaryimage"},"image":{"@id":"https:\/\/noticiasmercedinas.com\/site\/2020\/04\/07\/mesa-sindical-mercedes-repudia-discriminacion-a-trabajadores-de-la-salud\/#primaryimage"},"thumbnailUrl":"https:\/\/noticiasmercedinas.com\/site\/wp-content\/uploads\/2020\/04\/Mesa-Sindical-Mercedes.jpg","datePublished":"2020-04-07T11:40:50+00:00","dateModified":"2020-04-07T11:57:30+00:00","breadcrumb":{"@id":"https:\/\/noticiasmercedinas.com\/site\/2020\/04\/07\/mesa-sindical-mercedes-repudia-discriminacion-a-trabajadores-de-la-salud\/#breadcrumb"},"inLanguage":"es","potentialAction":[{"@type":"ReadAction","target":["https:\/\/noticiasmercedinas.com\/site\/2020\/04\/07\/mesa-sindical-mercedes-repudia-discriminacion-a-trabajadores-de-la-salud\/"]}]},{"@type":"ImageObject","inLanguage":"es","@id":"https:\/\/noticiasmercedinas.com\/site\/2020\/04\/07\/mesa-sindical-mercedes-repudia-discriminacion-a-trabajadores-de-la-salud\/#primaryimage","url":"https:\/\/noticiasmercedinas.com\/site\/wp-content\/uploads\/2020\/04\/Mesa-Sindical-Mercedes.jpg","contentUrl":"https:\/\/noticiasmercedinas.com\/site\/wp-content\/uploads\/2020\/04\/Mesa-Sindical-Mercedes.jpg","width":1032,"height":581},{"@type":"BreadcrumbList","@id":"https:\/\/noticiasmercedinas.com\/site\/2020\/04\/07\/mesa-sindical-mercedes-repudia-discriminacion-a-trabajadores-de-la-salud\/#breadcrumb","itemListElement":[{"@type":"ListItem","position":1,"name":"Portada","item":"https:\/\/noticiasmercedinas.com\/site\/"},{"@type":"ListItem","position":2,"name":"Mesa Sindical Mercedes repudia discriminaci\u00f3n a trabajadores de la Salud"}]},{"@type":"WebSite","@id":"https:\/\/noticiasmercedinas.com\/site\/#website","url":"https:\/\/noticiasmercedinas.com\/site\/","name":"NOTICIASMERCEDINAS.COM","description":"Mercedes, Buenos Aires, Argentina","publisher":{"@id":"https:\/\/noticiasmercedinas.com\/site\/#organization"},"potentialAction":[{"@type":"SearchAction","target":{"@type":"EntryPoint","urlTemplate":"https:\/\/noticiasmercedinas.com\/site\/?s={search_term_string}"},"query-input":{"@type":"PropertyValueSpecification","valueRequired":true,"valueName":"search_term_string"}}],"inLanguage":"es"},{"@type":"Organization","@id":"https:\/\/noticiasmercedinas.com\/site\/#organization","name":"NOTICIASMERCEDINAS.COM","url":"https:\/\/noticiasmercedinas.com\/site\/","logo":{"@type":"ImageObject","inLanguage":"es","@id":"https:\/\/noticiasmercedinas.com\/site\/#\/schema\/logo\/image\/","url":"https:\/\/noticiasmercedinas.com\/site\/wp-content\/uploads\/2020\/06\/LOGO-512.jpg","contentUrl":"https:\/\/noticiasmercedinas.com\/site\/wp-content\/uploads\/2020\/06\/LOGO-512.jpg","width":512,"height":512,"caption":"NOTICIASMERCEDINAS.COM"},"image":{"@id":"https:\/\/noticiasmercedinas.com\/site\/#\/schema\/logo\/image\/"},"sameAs":["https:\/\/www.facebook.com\/noticiasmercedinas\/","https:\/\/x.com\/notmercedinas","https:\/\/www.instagram.com\/noticiasmercedinas\/"]},{"@type":"Person","@id":"https:\/\/noticiasmercedinas.com\/site\/#\/schema\/person\/d481a9696a5feaec13a60e2bbd991a6a","name":"Cristian Falabella NOTICIASMERCEDINAS.COM","image":{"@type":"ImageObject","inLanguage":"es","@id":"https:\/\/secure.gravatar.com\/avatar\/0dbbfc45970cc46bcd0e57766228574ff3511d6eed045b182f536f0f478c1f06?s=96&d=mm&r=g","url":"https:\/\/secure.gravatar.com\/avatar\/0dbbfc45970cc46bcd0e57766228574ff3511d6eed045b182f536f0f478c1f06?s=96&d=mm&r=g","contentUrl":"https:\/\/secure.gravatar.com\/avatar\/0dbbfc45970cc46bcd0e57766228574ff3511d6eed045b182f536f0f478c1f06?s=96&d=mm&r=g","caption":"Cristian Falabella NOTICIASMERCEDINAS.COM"},"description":"Periodista, editor de Noticias Mercedinas. Pas\u00f3 por varias redacciones y emprendimientos de prensa, en distintos formatos y \u00e9pocas. Se especializ\u00f3 --y sigue haci\u00e9ndolo-- en comunicaci\u00f3n en la web y en junio de 2006 fund\u00f3 este diario digital.","sameAs":["https:\/\/noticiasmercedinas.com","https:\/\/www.facebook.com\/cristian.falabella","https:\/\/www.instagram.com\/noticiasmercedinas\/","https:\/\/x.com\/https:\/\/twitter.com\/NOTMERCEDINAS"],"url":"https:\/\/noticiasmercedinas.com\/site\/author\/as000384\/"}]}},"amp_enabled":true,"_links":{"self":[{"href":"https:\/\/noticiasmercedinas.com\/site\/wp-json\/wp\/v2\/posts\/43050","targetHints":{"allow":["GET"]}}],"collection":[{"href":"https:\/\/noticiasmercedinas.com\/site\/wp-json\/wp\/v2\/posts"}],"about":[{"href":"https:\/\/noticiasmercedinas.com\/site\/wp-json\/wp\/v2\/types\/post"}],"author":[{"embeddable":true,"href":"https:\/\/noticiasmercedinas.com\/site\/wp-json\/wp\/v2\/users\/2"}],"replies":[{"embeddable":true,"href":"https:\/\/noticiasmercedinas.com\/site\/wp-json\/wp\/v2\/comments?post=43050"}],"version-history":[{"count":2,"href":"https:\/\/noticiasmercedinas.com\/site\/wp-json\/wp\/v2\/posts\/43050\/revisions"}],"predecessor-version":[{"id":43058,"href":"https:\/\/noticiasmercedinas.com\/site\/wp-json\/wp\/v2\/posts\/43050\/revisions\/43058"}],"wp:featuredmedia":[{"embeddable":true,"href":"https:\/\/noticiasmercedinas.com\/site\/wp-json\/wp\/v2\/media\/43051"}],"wp:attachment":[{"href":"https:\/\/noticiasmercedinas.com\/site\/wp-json\/wp\/v2\/media?parent=43050"}],"wp:term":[{"taxonomy":"category","embeddable":true,"href":"https:\/\/noticiasmercedinas.com\/site\/wp-json\/wp\/v2\/categories?post=43050"},{"taxonomy":"post_tag","embeddable":true,"href":"https:\/\/noticiasmercedinas.com\/site\/wp-json\/wp\/v2\/tags?post=43050"}],"curies":[{"name":"wp","href":"https:\/\/api.w.org\/{rel}","templated":true}]}}