{"id":43186,"date":"2020-04-09T10:42:18","date_gmt":"2020-04-09T13:42:18","guid":{"rendered":"https:\/\/noticiasmercedinas.com\/site\/?p=43186"},"modified":"2020-04-09T11:55:48","modified_gmt":"2020-04-09T14:55:48","slug":"cicop-entrega-nota-al-comite-de-crisis-para-que-reconozcan-al-covid-19-enfermedad-profesional","status":"publish","type":"post","link":"https:\/\/noticiasmercedinas.com\/site\/2020\/04\/09\/cicop-entrega-nota-al-comite-de-crisis-para-que-reconozcan-al-covid-19-enfermedad-profesional\/","title":{"rendered":"CICOP entrega nota al Comit\u00e9 de Crisis para que reconozcan al COVID-19 \u201cenfermedad profesional\u201d"},"content":{"rendered":"<p><img loading=\"lazy\" decoding=\"async\" class=\"alignnone size-full wp-image-43187\" src=\"https:\/\/noticiasmercedinas.com\/site\/wp-content\/uploads\/2020\/04\/nota.jpg\" alt=\"\" width=\"640\" height=\"478\" srcset=\"https:\/\/noticiasmercedinas.com\/site\/wp-content\/uploads\/2020\/04\/nota.jpg 640w, https:\/\/noticiasmercedinas.com\/site\/wp-content\/uploads\/2020\/04\/nota-300x224.jpg 300w, https:\/\/noticiasmercedinas.com\/site\/wp-content\/uploads\/2020\/04\/nota-80x60.jpg 80w, https:\/\/noticiasmercedinas.com\/site\/wp-content\/uploads\/2020\/04\/nota-160x120.jpg 160w, https:\/\/noticiasmercedinas.com\/site\/wp-content\/uploads\/2020\/04\/nota-100x75.jpg 100w, https:\/\/noticiasmercedinas.com\/site\/wp-content\/uploads\/2020\/04\/nota-200x150.jpg 200w, https:\/\/noticiasmercedinas.com\/site\/wp-content\/uploads\/2020\/04\/nota-180x135.jpg 180w, https:\/\/noticiasmercedinas.com\/site\/wp-content\/uploads\/2020\/04\/nota-360x270.jpg 360w, https:\/\/noticiasmercedinas.com\/site\/wp-content\/uploads\/2020\/04\/nota-238x178.jpg 238w, https:\/\/noticiasmercedinas.com\/site\/wp-content\/uploads\/2020\/04\/nota-476x356.jpg 476w\" sizes=\"auto, (max-width: 640px) 100vw, 640px\" \/><\/p>\n<p>En el marco de la reuni\u00f3n de este jueves del Comit\u00e9 de Crisis, creado en medio de la pandemia de coronavirus, desde la CICOP Mercedes, ATE y la CTA A entregaron una nota para que \u201cllegue a manos del ministro del Interior\u201d, <strong>Eduardo de Pedro<\/strong>, con la idea de que se reconozca al COVID-19 como \u201cenfermedad profesional\u201d de los trabajadores de la Salud.<\/p>\n<p>\u201cLa CICOP de Mercedes agradece la invitaci\u00f3n que realiza el intendente <strong>Juan Ignacio Ustarroz<\/strong>, a nosotros, ATE y la CTA Aut\u00f3noma\u201d, dijo en este contexto el doctor <strong>Hern\u00e1n Rivero<\/strong>, de la CICOP. \u201cY valoro estas participaciones en el Comit\u00e9 de Crisis, ya que podemos ser escuchados, algo que no se da en la provincia, y por eso valoramos mucho\u201d, agreg\u00f3 el profesional, quien junto con el dirigente <strong>Fernando Bojorge<\/strong>, de ATE y la CTA, est\u00e1 presente en el Comit\u00e9 de Crisis para aportar ideas y ayudar en lo que se pueda.<\/p>\n<p>\u201cLa idea es poder entregar esta nota, dirigida al Presidente, al secretario de Salud, doctor <strong>Pablo Cassiani<\/strong>, y al intendente Ustarroz. Queremos que esto llegue al ministro del Interior de la Argentina\u201d, dijo Rivero sobre lo que suceder\u00eda hoy en el marco de la reuni\u00f3n del Comit\u00e9, que comenzar\u00eda a las 9.30 en el HCD.<\/p>\n<p><img loading=\"lazy\" decoding=\"async\" class=\"alignnone size-large wp-image-43199\" src=\"https:\/\/noticiasmercedinas.com\/site\/wp-content\/uploads\/2020\/04\/9d289d01-9ab5-4280-a24f-35a918992b82-1024x768.jpg\" alt=\"\" width=\"640\" height=\"480\" srcset=\"https:\/\/noticiasmercedinas.com\/site\/wp-content\/uploads\/2020\/04\/9d289d01-9ab5-4280-a24f-35a918992b82-1024x768.jpg 1024w, https:\/\/noticiasmercedinas.com\/site\/wp-content\/uploads\/2020\/04\/9d289d01-9ab5-4280-a24f-35a918992b82-300x225.jpg 300w, https:\/\/noticiasmercedinas.com\/site\/wp-content\/uploads\/2020\/04\/9d289d01-9ab5-4280-a24f-35a918992b82-768x576.jpg 768w, https:\/\/noticiasmercedinas.com\/site\/wp-content\/uploads\/2020\/04\/9d289d01-9ab5-4280-a24f-35a918992b82-80x60.jpg 80w, https:\/\/noticiasmercedinas.com\/site\/wp-content\/uploads\/2020\/04\/9d289d01-9ab5-4280-a24f-35a918992b82-160x120.jpg 160w, https:\/\/noticiasmercedinas.com\/site\/wp-content\/uploads\/2020\/04\/9d289d01-9ab5-4280-a24f-35a918992b82-100x75.jpg 100w, https:\/\/noticiasmercedinas.com\/site\/wp-content\/uploads\/2020\/04\/9d289d01-9ab5-4280-a24f-35a918992b82-200x150.jpg 200w, https:\/\/noticiasmercedinas.com\/site\/wp-content\/uploads\/2020\/04\/9d289d01-9ab5-4280-a24f-35a918992b82-180x135.jpg 180w, https:\/\/noticiasmercedinas.com\/site\/wp-content\/uploads\/2020\/04\/9d289d01-9ab5-4280-a24f-35a918992b82-360x270.jpg 360w, https:\/\/noticiasmercedinas.com\/site\/wp-content\/uploads\/2020\/04\/9d289d01-9ab5-4280-a24f-35a918992b82-238x178.jpg 238w, https:\/\/noticiasmercedinas.com\/site\/wp-content\/uploads\/2020\/04\/9d289d01-9ab5-4280-a24f-35a918992b82-476x356.jpg 476w, https:\/\/noticiasmercedinas.com\/site\/wp-content\/uploads\/2020\/04\/9d289d01-9ab5-4280-a24f-35a918992b82-640x480.jpg 640w, https:\/\/noticiasmercedinas.com\/site\/wp-content\/uploads\/2020\/04\/9d289d01-9ab5-4280-a24f-35a918992b82-681x511.jpg 681w, https:\/\/noticiasmercedinas.com\/site\/wp-content\/uploads\/2020\/04\/9d289d01-9ab5-4280-a24f-35a918992b82.jpg 1032w\" sizes=\"auto, (max-width: 640px) 100vw, 640px\" \/><\/p>\n<p>La nota es la siguiente:<\/p>\n<p><em>Buenos Aires, 07 de abril de 2020<br \/>\nAl Sr. Presidente de la Rep\u00fablica Argentina<br \/>\nDr. ALBERTO A. FERN\u00c1NDEZ<br \/>\nS \/ D<\/em><\/p>\n<p><em>En nombre y representaci\u00f3n del Consejo Directivo Nacional de la Asociaci\u00f3n Trabajadores del Estado (ATE), de la Federaci\u00f3n Sindical de Profesionales de la Salud de la Rep\u00fablica Argentina (FeSProSa) y de la Comisi\u00f3n Ejecutiva Nacional de la Central de Trabajadores de la Argentina \u2013 Aut\u00f3noma (CTA-A), tenemos el agrado de dirigirnos a Ud. en el D\u00eda Mundial de la Salud, en medio de la pandemia que est\u00e1 haciendo estragos a escala planetaria en un momento aciago para nuestro Pueblo en particular y que lo encuentra en medio de penurias econ\u00f3micas, pero tambi\u00e9n en el marco de la esperanza en Ud. de reencontrar el camino para construir una patria solidaria, con soberan\u00eda pol\u00edtica, independencia econ\u00f3mica y (en particular para trabajadoras\/es) con justicia social. En medio de esta situaci\u00f3n, y como Ud. mismo ha reconocido y todo el pueblo argentino con los aplausos diarios, se encuentran todas\/os\/es trabajadores de la salud de la Argentina, poniendo conocimientos, cuerpo y alma a esta contingencia.<\/em><\/p>\n<p><em>Lo que viene sucediendo en otros pa\u00edses donde cerca del 10% de trabajadoras\/es ha contra\u00eddo la enfermedad y cerca del 25% est\u00e1 en cuarentena, nos pone en la necesidad de maximizar todos los procesos y dispositivos de prevenci\u00f3n sobre los Equipos de Salud, que incluye proveer los elementos de protecci\u00f3n personal, y vendr\u00eda muy bien terminar con la precariedad laboral en el sector. Creemos coincidir con Ud. en las condiciones extremas de estr\u00e9s con que los\/as compa\u00f1eros\/as desarrollan sus tareas, seguramente conform\u00e1ndose ya un cap\u00edtulo a atender respecto de la salud mental de los\/as trabajadores\/as de la salud.<\/em><\/p>\n<p><em>Estas son algunas de las razones por la que ya hemos planteado ante el Ministerio de Salud la constituci\u00f3n de Comit\u00e9s de Crisis en cada hospital y lugar de atenci\u00f3n, con participaci\u00f3n de los\/as trabajadores\/as, planteo que en principio ha tenido el visto bueno de sus autoridades. Tambi\u00e9n hemos elevado el pasado 19 de marzo del corriente a\u00f1o, sendas notas a la Superintendencia de Riesgos del Trabajo y al Ministerio de Trabajo, Empleo y Seguridad Social, para que se incorpore a la enfermedad del DENGUE y COVID-19 como ENFERMEDAD PROFESIONAL a quienes prestan tareas en servicios esenciales.<\/em><\/p>\n<p><em>Nos parece importante recordar qu\u00e9 dice la Organizaci\u00f3n Internacional del Trabajo (OIT) al respecto: \u201cLa enfermedad del COVID-19 y el trastorno de estr\u00e9s postraum\u00e1tico contra\u00eddos por exposici\u00f3n en el trabajo, podr\u00edan considerarse como enfermedades profesionales. En la medida en que los trabajadores sufran de estas afecciones y est\u00e9n incapacitados para trabajar como resultado de actividades relacionadas con el trabajo, deber\u00edan tener derecho a una indemnizaci\u00f3n monetaria, a asistencia m\u00e9dica y a los servicios conexos, seg\u00fan lo establecido en el Convenio sobre las prestaciones en caso de accidentes del trabajo y enfermedades profesionales, 1964 (n\u00fam. 121). Los familiares a cargo (c\u00f3nyuge e hijos) de la persona que muere por la enfermedad del COVID-19 contra\u00edda en el marco de actividades relacionadas con el trabajo tienen derecho a recibir prestaciones monetarias o una indemnizaci\u00f3n, as\u00ed como una asignaci\u00f3n o prestaci\u00f3n funeraria\u201d<\/em><\/p>\n<p><em>Es necesario evaluar c\u00f3mo funciona el Sistema de Riesgos del Trabajo en materia de enfermedades profesionales y creemos imprescindible que Ud. sepa que en el transcurso del a\u00f1o 2019 se presentaron m\u00e1s de 80.000 denuncias y que fueron rechazadas m\u00e1s de 64.000 (67%) por las ART, dato este solo de enfermedades, que lo diferencia de las denuncias por accidente de trabajo donde el rechazo es de poco m\u00e1s del 6%.<\/em><\/p>\n<p><em>La Uni\u00f3n Aseguradoras de Riesgos del Trabajo (UART) ha emitido un comunicado donde dice que \u201cproceder\u00e1 de acuerdo a los procedimientos establecidos\u201d, y eso significa que cubrir\u00e1n la infecci\u00f3n por COVID-19 como \u201cEnfermedad relacionada con el trabajo\u201d, seg\u00fan indica en su art. 6 la Ley Nacional 24557. Esto es lisa y llanamente invertir la carga de la prueba, resultando en que cada trabajador\/a (individualmente), deber\u00e1 demostrar que adquiri\u00f3 la enfermedad mientras trabajaba, en medio de la Pandemia.<\/em><\/p>\n<p><em>Desde el comienzo de esta situaci\u00f3n, cotidianamente nos demuestra Ud. con sus actos, decisiones y palabras, que no existe bien superior a la vida de cada ciudadano y ciudadana, que en este momento el eje es su protecci\u00f3n y cuidado, en manos de quienes, como ya mencionamos, integran la primera l\u00ednea de batalla.<\/em><\/p>\n<p><em>Sr. PRESIDENTE: SER\u00c1 UN ACTO DE RECONOCIMIENTO REAL, EFECTIVO Y DE ESTRICTO PRINCIPIO DE JUSTICIA SOCIAL QUE SE DECLARE LA ENFERMEDAD COVID19 COMO ENFERMEDAD PROFESIONAL PARA LAS\/LOS\/LES TRABAJADORES DEL SISTEMA DE SALUD ARGENTINO.<\/em><\/p>\n<p><em>Sin m\u00e1s, y quedando al aguardo de una respuesta favorable, saludamos a Ud. atentamente.<\/em><\/p>\n<p><em>FERNANDA BORIOTTI Presidenta FeSProSa &#8211; RICARDO PEIDRO Secretario General CTA- Aut\u00f3noma -HUGO E. GODOY Secretario General ATE Nacional<\/em><\/p>\n<p>&nbsp;<\/p>\n","protected":false},"excerpt":{"rendered":"<p>En el marco de la reuni\u00f3n de este jueves del Comit\u00e9 de Crisis, creado en medio de la pandemia de coronavirus, desde la CICOP Mercedes, ATE y la CTA A entregaron una nota para que \u201cllegue a manos del ministro del Interior\u201d, Eduardo de Pedro, con la idea de que se reconozca al COVID-19 como [&hellip;]<\/p>\n","protected":false},"author":2,"featured_media":43187,"comment_status":"open","ping_status":"open","sticky":false,"template":"","format":"standard","meta":{"footnotes":""},"categories":[10],"tags":[8805,8392],"class_list":["post-43186","post","type-post","status-publish","format-standard","has-post-thumbnail","hentry","category-especiales","tag-comite-de-crsis","tag-coronavirus"],"yoast_head":"<!-- This site is optimized with the Yoast SEO plugin v27.4 - https:\/\/yoast.com\/product\/yoast-seo-wordpress\/ -->\n<title>CICOP entrega nota al Comit\u00e9 de Crisis para que reconozcan al COVID-19 \u201cenfermedad profesional\u201d<\/title>\n<meta name=\"robots\" content=\"index, follow, max-snippet:-1, max-image-preview:large, max-video-preview:-1\" \/>\n<link rel=\"canonical\" href=\"https:\/\/noticiasmercedinas.com\/site\/2020\/04\/09\/cicop-entrega-nota-al-comite-de-crisis-para-que-reconozcan-al-covid-19-enfermedad-profesional\/\" \/>\n<meta property=\"og:locale\" content=\"es_ES\" \/>\n<meta property=\"og:type\" content=\"article\" \/>\n<meta property=\"og:title\" content=\"CICOP entrega nota al Comit\u00e9 de Crisis para que reconozcan al COVID-19 \u201cenfermedad profesional\u201d\" \/>\n<meta property=\"og:description\" content=\"En el marco de la reuni\u00f3n de este jueves del Comit\u00e9 de Crisis, creado en medio de la pandemia de coronavirus, desde la CICOP Mercedes, ATE y la CTA A entregaron una nota para que \u201cllegue a manos del ministro del Interior\u201d, Eduardo de Pedro, con la idea de que se reconozca al COVID-19 como [&hellip;]\" \/>\n<meta property=\"og:url\" content=\"https:\/\/noticiasmercedinas.com\/site\/2020\/04\/09\/cicop-entrega-nota-al-comite-de-crisis-para-que-reconozcan-al-covid-19-enfermedad-profesional\/\" \/>\n<meta property=\"og:site_name\" content=\"NOTICIASMERCEDINAS.COM\" \/>\n<meta property=\"article:publisher\" content=\"https:\/\/www.facebook.com\/noticiasmercedinas\/\" \/>\n<meta property=\"article:author\" content=\"https:\/\/www.facebook.com\/cristian.falabella\" \/>\n<meta property=\"article:published_time\" content=\"2020-04-09T13:42:18+00:00\" \/>\n<meta property=\"article:modified_time\" content=\"2020-04-09T14:55:48+00:00\" \/>\n<meta property=\"og:image\" content=\"https:\/\/noticiasmercedinas.com\/site\/wp-content\/uploads\/2020\/04\/nota.jpg\" \/>\n\t<meta property=\"og:image:width\" content=\"640\" \/>\n\t<meta property=\"og:image:height\" content=\"478\" \/>\n\t<meta property=\"og:image:type\" content=\"image\/jpeg\" \/>\n<meta name=\"author\" content=\"Cristian Falabella NOTICIASMERCEDINAS.COM\" \/>\n<meta name=\"twitter:card\" content=\"summary_large_image\" \/>\n<meta name=\"twitter:creator\" content=\"@https:\/\/twitter.com\/NOTMERCEDINAS\" \/>\n<meta name=\"twitter:site\" content=\"@notmercedinas\" \/>\n<meta name=\"twitter:label1\" content=\"Escrito por\" \/>\n\t<meta name=\"twitter:data1\" content=\"Cristian Falabella NOTICIASMERCEDINAS.COM\" \/>\n\t<meta name=\"twitter:label2\" content=\"Tiempo de lectura\" \/>\n\t<meta name=\"twitter:data2\" content=\"5 minutos\" \/>\n<script type=\"application\/ld+json\" class=\"yoast-schema-graph\">{\"@context\":\"https:\\\/\\\/schema.org\",\"@graph\":[{\"@type\":\"Article\",\"@id\":\"https:\\\/\\\/noticiasmercedinas.com\\\/site\\\/2020\\\/04\\\/09\\\/cicop-entrega-nota-al-comite-de-crisis-para-que-reconozcan-al-covid-19-enfermedad-profesional\\\/#article\",\"isPartOf\":{\"@id\":\"https:\\\/\\\/noticiasmercedinas.com\\\/site\\\/2020\\\/04\\\/09\\\/cicop-entrega-nota-al-comite-de-crisis-para-que-reconozcan-al-covid-19-enfermedad-profesional\\\/\"},\"author\":{\"name\":\"Cristian Falabella NOTICIASMERCEDINAS.COM\",\"@id\":\"https:\\\/\\\/noticiasmercedinas.com\\\/site\\\/#\\\/schema\\\/person\\\/d481a9696a5feaec13a60e2bbd991a6a\"},\"headline\":\"CICOP entrega nota al Comit\u00e9 de Crisis para que reconozcan al COVID-19 \u201cenfermedad profesional\u201d\",\"datePublished\":\"2020-04-09T13:42:18+00:00\",\"dateModified\":\"2020-04-09T14:55:48+00:00\",\"mainEntityOfPage\":{\"@id\":\"https:\\\/\\\/noticiasmercedinas.com\\\/site\\\/2020\\\/04\\\/09\\\/cicop-entrega-nota-al-comite-de-crisis-para-que-reconozcan-al-covid-19-enfermedad-profesional\\\/\"},\"wordCount\":1072,\"commentCount\":0,\"publisher\":{\"@id\":\"https:\\\/\\\/noticiasmercedinas.com\\\/site\\\/#organization\"},\"image\":{\"@id\":\"https:\\\/\\\/noticiasmercedinas.com\\\/site\\\/2020\\\/04\\\/09\\\/cicop-entrega-nota-al-comite-de-crisis-para-que-reconozcan-al-covid-19-enfermedad-profesional\\\/#primaryimage\"},\"thumbnailUrl\":\"https:\\\/\\\/noticiasmercedinas.com\\\/site\\\/wp-content\\\/uploads\\\/2020\\\/04\\\/nota.jpg\",\"keywords\":[\"comite de crsis\",\"coronavirus\"],\"articleSection\":[\"Covid-19\"],\"inLanguage\":\"es\",\"potentialAction\":[{\"@type\":\"CommentAction\",\"name\":\"Comment\",\"target\":[\"https:\\\/\\\/noticiasmercedinas.com\\\/site\\\/2020\\\/04\\\/09\\\/cicop-entrega-nota-al-comite-de-crisis-para-que-reconozcan-al-covid-19-enfermedad-profesional\\\/#respond\"]}]},{\"@type\":\"WebPage\",\"@id\":\"https:\\\/\\\/noticiasmercedinas.com\\\/site\\\/2020\\\/04\\\/09\\\/cicop-entrega-nota-al-comite-de-crisis-para-que-reconozcan-al-covid-19-enfermedad-profesional\\\/\",\"url\":\"https:\\\/\\\/noticiasmercedinas.com\\\/site\\\/2020\\\/04\\\/09\\\/cicop-entrega-nota-al-comite-de-crisis-para-que-reconozcan-al-covid-19-enfermedad-profesional\\\/\",\"name\":\"CICOP entrega nota al Comit\u00e9 de Crisis para que reconozcan al COVID-19 \u201cenfermedad profesional\u201d\",\"isPartOf\":{\"@id\":\"https:\\\/\\\/noticiasmercedinas.com\\\/site\\\/#website\"},\"primaryImageOfPage\":{\"@id\":\"https:\\\/\\\/noticiasmercedinas.com\\\/site\\\/2020\\\/04\\\/09\\\/cicop-entrega-nota-al-comite-de-crisis-para-que-reconozcan-al-covid-19-enfermedad-profesional\\\/#primaryimage\"},\"image\":{\"@id\":\"https:\\\/\\\/noticiasmercedinas.com\\\/site\\\/2020\\\/04\\\/09\\\/cicop-entrega-nota-al-comite-de-crisis-para-que-reconozcan-al-covid-19-enfermedad-profesional\\\/#primaryimage\"},\"thumbnailUrl\":\"https:\\\/\\\/noticiasmercedinas.com\\\/site\\\/wp-content\\\/uploads\\\/2020\\\/04\\\/nota.jpg\",\"datePublished\":\"2020-04-09T13:42:18+00:00\",\"dateModified\":\"2020-04-09T14:55:48+00:00\",\"breadcrumb\":{\"@id\":\"https:\\\/\\\/noticiasmercedinas.com\\\/site\\\/2020\\\/04\\\/09\\\/cicop-entrega-nota-al-comite-de-crisis-para-que-reconozcan-al-covid-19-enfermedad-profesional\\\/#breadcrumb\"},\"inLanguage\":\"es\",\"potentialAction\":[{\"@type\":\"ReadAction\",\"target\":[\"https:\\\/\\\/noticiasmercedinas.com\\\/site\\\/2020\\\/04\\\/09\\\/cicop-entrega-nota-al-comite-de-crisis-para-que-reconozcan-al-covid-19-enfermedad-profesional\\\/\"]}]},{\"@type\":\"ImageObject\",\"inLanguage\":\"es\",\"@id\":\"https:\\\/\\\/noticiasmercedinas.com\\\/site\\\/2020\\\/04\\\/09\\\/cicop-entrega-nota-al-comite-de-crisis-para-que-reconozcan-al-covid-19-enfermedad-profesional\\\/#primaryimage\",\"url\":\"https:\\\/\\\/noticiasmercedinas.com\\\/site\\\/wp-content\\\/uploads\\\/2020\\\/04\\\/nota.jpg\",\"contentUrl\":\"https:\\\/\\\/noticiasmercedinas.com\\\/site\\\/wp-content\\\/uploads\\\/2020\\\/04\\\/nota.jpg\",\"width\":640,\"height\":478},{\"@type\":\"BreadcrumbList\",\"@id\":\"https:\\\/\\\/noticiasmercedinas.com\\\/site\\\/2020\\\/04\\\/09\\\/cicop-entrega-nota-al-comite-de-crisis-para-que-reconozcan-al-covid-19-enfermedad-profesional\\\/#breadcrumb\",\"itemListElement\":[{\"@type\":\"ListItem\",\"position\":1,\"name\":\"Portada\",\"item\":\"https:\\\/\\\/noticiasmercedinas.com\\\/site\\\/\"},{\"@type\":\"ListItem\",\"position\":2,\"name\":\"CICOP entrega nota al Comit\u00e9 de Crisis para que reconozcan al COVID-19 \u201cenfermedad profesional\u201d\"}]},{\"@type\":\"WebSite\",\"@id\":\"https:\\\/\\\/noticiasmercedinas.com\\\/site\\\/#website\",\"url\":\"https:\\\/\\\/noticiasmercedinas.com\\\/site\\\/\",\"name\":\"NOTICIASMERCEDINAS.COM\",\"description\":\"Mercedes, Buenos Aires, Argentina\",\"publisher\":{\"@id\":\"https:\\\/\\\/noticiasmercedinas.com\\\/site\\\/#organization\"},\"potentialAction\":[{\"@type\":\"SearchAction\",\"target\":{\"@type\":\"EntryPoint\",\"urlTemplate\":\"https:\\\/\\\/noticiasmercedinas.com\\\/site\\\/?s={search_term_string}\"},\"query-input\":{\"@type\":\"PropertyValueSpecification\",\"valueRequired\":true,\"valueName\":\"search_term_string\"}}],\"inLanguage\":\"es\"},{\"@type\":\"Organization\",\"@id\":\"https:\\\/\\\/noticiasmercedinas.com\\\/site\\\/#organization\",\"name\":\"NOTICIASMERCEDINAS.COM\",\"url\":\"https:\\\/\\\/noticiasmercedinas.com\\\/site\\\/\",\"logo\":{\"@type\":\"ImageObject\",\"inLanguage\":\"es\",\"@id\":\"https:\\\/\\\/noticiasmercedinas.com\\\/site\\\/#\\\/schema\\\/logo\\\/image\\\/\",\"url\":\"https:\\\/\\\/noticiasmercedinas.com\\\/site\\\/wp-content\\\/uploads\\\/2020\\\/06\\\/LOGO-512.jpg\",\"contentUrl\":\"https:\\\/\\\/noticiasmercedinas.com\\\/site\\\/wp-content\\\/uploads\\\/2020\\\/06\\\/LOGO-512.jpg\",\"width\":512,\"height\":512,\"caption\":\"NOTICIASMERCEDINAS.COM\"},\"image\":{\"@id\":\"https:\\\/\\\/noticiasmercedinas.com\\\/site\\\/#\\\/schema\\\/logo\\\/image\\\/\"},\"sameAs\":[\"https:\\\/\\\/www.facebook.com\\\/noticiasmercedinas\\\/\",\"https:\\\/\\\/x.com\\\/notmercedinas\",\"https:\\\/\\\/www.instagram.com\\\/noticiasmercedinas\\\/\"]},{\"@type\":\"Person\",\"@id\":\"https:\\\/\\\/noticiasmercedinas.com\\\/site\\\/#\\\/schema\\\/person\\\/d481a9696a5feaec13a60e2bbd991a6a\",\"name\":\"Cristian Falabella NOTICIASMERCEDINAS.COM\",\"image\":{\"@type\":\"ImageObject\",\"inLanguage\":\"es\",\"@id\":\"https:\\\/\\\/secure.gravatar.com\\\/avatar\\\/0dbbfc45970cc46bcd0e57766228574ff3511d6eed045b182f536f0f478c1f06?s=96&d=mm&r=g\",\"url\":\"https:\\\/\\\/secure.gravatar.com\\\/avatar\\\/0dbbfc45970cc46bcd0e57766228574ff3511d6eed045b182f536f0f478c1f06?s=96&d=mm&r=g\",\"contentUrl\":\"https:\\\/\\\/secure.gravatar.com\\\/avatar\\\/0dbbfc45970cc46bcd0e57766228574ff3511d6eed045b182f536f0f478c1f06?s=96&d=mm&r=g\",\"caption\":\"Cristian Falabella NOTICIASMERCEDINAS.COM\"},\"description\":\"Periodista, editor de Noticias Mercedinas. Pas\u00f3 por varias redacciones y emprendimientos de prensa, en distintos formatos y \u00e9pocas. Se especializ\u00f3 --y sigue haci\u00e9ndolo-- en comunicaci\u00f3n en la web y en junio de 2006 fund\u00f3 este diario digital.\",\"sameAs\":[\"https:\\\/\\\/noticiasmercedinas.com\",\"https:\\\/\\\/www.facebook.com\\\/cristian.falabella\",\"https:\\\/\\\/www.instagram.com\\\/noticiasmercedinas\\\/\",\"https:\\\/\\\/x.com\\\/https:\\\/\\\/twitter.com\\\/NOTMERCEDINAS\"],\"url\":\"https:\\\/\\\/noticiasmercedinas.com\\\/site\\\/author\\\/as000384\\\/\"}]}<\/script>\n<!-- \/ Yoast SEO plugin. -->","yoast_head_json":{"title":"CICOP entrega nota al Comit\u00e9 de Crisis para que reconozcan al COVID-19 \u201cenfermedad profesional\u201d","robots":{"index":"index","follow":"follow","max-snippet":"max-snippet:-1","max-image-preview":"max-image-preview:large","max-video-preview":"max-video-preview:-1"},"canonical":"https:\/\/noticiasmercedinas.com\/site\/2020\/04\/09\/cicop-entrega-nota-al-comite-de-crisis-para-que-reconozcan-al-covid-19-enfermedad-profesional\/","og_locale":"es_ES","og_type":"article","og_title":"CICOP entrega nota al Comit\u00e9 de Crisis para que reconozcan al COVID-19 \u201cenfermedad profesional\u201d","og_description":"En el marco de la reuni\u00f3n de este jueves del Comit\u00e9 de Crisis, creado en medio de la pandemia de coronavirus, desde la CICOP Mercedes, ATE y la CTA A entregaron una nota para que \u201cllegue a manos del ministro del Interior\u201d, Eduardo de Pedro, con la idea de que se reconozca al COVID-19 como [&hellip;]","og_url":"https:\/\/noticiasmercedinas.com\/site\/2020\/04\/09\/cicop-entrega-nota-al-comite-de-crisis-para-que-reconozcan-al-covid-19-enfermedad-profesional\/","og_site_name":"NOTICIASMERCEDINAS.COM","article_publisher":"https:\/\/www.facebook.com\/noticiasmercedinas\/","article_author":"https:\/\/www.facebook.com\/cristian.falabella","article_published_time":"2020-04-09T13:42:18+00:00","article_modified_time":"2020-04-09T14:55:48+00:00","og_image":[{"width":640,"height":478,"url":"https:\/\/noticiasmercedinas.com\/site\/wp-content\/uploads\/2020\/04\/nota.jpg","type":"image\/jpeg"}],"author":"Cristian Falabella NOTICIASMERCEDINAS.COM","twitter_card":"summary_large_image","twitter_creator":"@https:\/\/twitter.com\/NOTMERCEDINAS","twitter_site":"@notmercedinas","twitter_misc":{"Escrito por":"Cristian Falabella NOTICIASMERCEDINAS.COM","Tiempo de lectura":"5 minutos"},"schema":{"@context":"https:\/\/schema.org","@graph":[{"@type":"Article","@id":"https:\/\/noticiasmercedinas.com\/site\/2020\/04\/09\/cicop-entrega-nota-al-comite-de-crisis-para-que-reconozcan-al-covid-19-enfermedad-profesional\/#article","isPartOf":{"@id":"https:\/\/noticiasmercedinas.com\/site\/2020\/04\/09\/cicop-entrega-nota-al-comite-de-crisis-para-que-reconozcan-al-covid-19-enfermedad-profesional\/"},"author":{"name":"Cristian Falabella NOTICIASMERCEDINAS.COM","@id":"https:\/\/noticiasmercedinas.com\/site\/#\/schema\/person\/d481a9696a5feaec13a60e2bbd991a6a"},"headline":"CICOP entrega nota al Comit\u00e9 de Crisis para que reconozcan al COVID-19 \u201cenfermedad profesional\u201d","datePublished":"2020-04-09T13:42:18+00:00","dateModified":"2020-04-09T14:55:48+00:00","mainEntityOfPage":{"@id":"https:\/\/noticiasmercedinas.com\/site\/2020\/04\/09\/cicop-entrega-nota-al-comite-de-crisis-para-que-reconozcan-al-covid-19-enfermedad-profesional\/"},"wordCount":1072,"commentCount":0,"publisher":{"@id":"https:\/\/noticiasmercedinas.com\/site\/#organization"},"image":{"@id":"https:\/\/noticiasmercedinas.com\/site\/2020\/04\/09\/cicop-entrega-nota-al-comite-de-crisis-para-que-reconozcan-al-covid-19-enfermedad-profesional\/#primaryimage"},"thumbnailUrl":"https:\/\/noticiasmercedinas.com\/site\/wp-content\/uploads\/2020\/04\/nota.jpg","keywords":["comite de crsis","coronavirus"],"articleSection":["Covid-19"],"inLanguage":"es","potentialAction":[{"@type":"CommentAction","name":"Comment","target":["https:\/\/noticiasmercedinas.com\/site\/2020\/04\/09\/cicop-entrega-nota-al-comite-de-crisis-para-que-reconozcan-al-covid-19-enfermedad-profesional\/#respond"]}]},{"@type":"WebPage","@id":"https:\/\/noticiasmercedinas.com\/site\/2020\/04\/09\/cicop-entrega-nota-al-comite-de-crisis-para-que-reconozcan-al-covid-19-enfermedad-profesional\/","url":"https:\/\/noticiasmercedinas.com\/site\/2020\/04\/09\/cicop-entrega-nota-al-comite-de-crisis-para-que-reconozcan-al-covid-19-enfermedad-profesional\/","name":"CICOP entrega nota al Comit\u00e9 de Crisis para que reconozcan al COVID-19 \u201cenfermedad profesional\u201d","isPartOf":{"@id":"https:\/\/noticiasmercedinas.com\/site\/#website"},"primaryImageOfPage":{"@id":"https:\/\/noticiasmercedinas.com\/site\/2020\/04\/09\/cicop-entrega-nota-al-comite-de-crisis-para-que-reconozcan-al-covid-19-enfermedad-profesional\/#primaryimage"},"image":{"@id":"https:\/\/noticiasmercedinas.com\/site\/2020\/04\/09\/cicop-entrega-nota-al-comite-de-crisis-para-que-reconozcan-al-covid-19-enfermedad-profesional\/#primaryimage"},"thumbnailUrl":"https:\/\/noticiasmercedinas.com\/site\/wp-content\/uploads\/2020\/04\/nota.jpg","datePublished":"2020-04-09T13:42:18+00:00","dateModified":"2020-04-09T14:55:48+00:00","breadcrumb":{"@id":"https:\/\/noticiasmercedinas.com\/site\/2020\/04\/09\/cicop-entrega-nota-al-comite-de-crisis-para-que-reconozcan-al-covid-19-enfermedad-profesional\/#breadcrumb"},"inLanguage":"es","potentialAction":[{"@type":"ReadAction","target":["https:\/\/noticiasmercedinas.com\/site\/2020\/04\/09\/cicop-entrega-nota-al-comite-de-crisis-para-que-reconozcan-al-covid-19-enfermedad-profesional\/"]}]},{"@type":"ImageObject","inLanguage":"es","@id":"https:\/\/noticiasmercedinas.com\/site\/2020\/04\/09\/cicop-entrega-nota-al-comite-de-crisis-para-que-reconozcan-al-covid-19-enfermedad-profesional\/#primaryimage","url":"https:\/\/noticiasmercedinas.com\/site\/wp-content\/uploads\/2020\/04\/nota.jpg","contentUrl":"https:\/\/noticiasmercedinas.com\/site\/wp-content\/uploads\/2020\/04\/nota.jpg","width":640,"height":478},{"@type":"BreadcrumbList","@id":"https:\/\/noticiasmercedinas.com\/site\/2020\/04\/09\/cicop-entrega-nota-al-comite-de-crisis-para-que-reconozcan-al-covid-19-enfermedad-profesional\/#breadcrumb","itemListElement":[{"@type":"ListItem","position":1,"name":"Portada","item":"https:\/\/noticiasmercedinas.com\/site\/"},{"@type":"ListItem","position":2,"name":"CICOP entrega nota al Comit\u00e9 de Crisis para que reconozcan al COVID-19 \u201cenfermedad profesional\u201d"}]},{"@type":"WebSite","@id":"https:\/\/noticiasmercedinas.com\/site\/#website","url":"https:\/\/noticiasmercedinas.com\/site\/","name":"NOTICIASMERCEDINAS.COM","description":"Mercedes, Buenos Aires, Argentina","publisher":{"@id":"https:\/\/noticiasmercedinas.com\/site\/#organization"},"potentialAction":[{"@type":"SearchAction","target":{"@type":"EntryPoint","urlTemplate":"https:\/\/noticiasmercedinas.com\/site\/?s={search_term_string}"},"query-input":{"@type":"PropertyValueSpecification","valueRequired":true,"valueName":"search_term_string"}}],"inLanguage":"es"},{"@type":"Organization","@id":"https:\/\/noticiasmercedinas.com\/site\/#organization","name":"NOTICIASMERCEDINAS.COM","url":"https:\/\/noticiasmercedinas.com\/site\/","logo":{"@type":"ImageObject","inLanguage":"es","@id":"https:\/\/noticiasmercedinas.com\/site\/#\/schema\/logo\/image\/","url":"https:\/\/noticiasmercedinas.com\/site\/wp-content\/uploads\/2020\/06\/LOGO-512.jpg","contentUrl":"https:\/\/noticiasmercedinas.com\/site\/wp-content\/uploads\/2020\/06\/LOGO-512.jpg","width":512,"height":512,"caption":"NOTICIASMERCEDINAS.COM"},"image":{"@id":"https:\/\/noticiasmercedinas.com\/site\/#\/schema\/logo\/image\/"},"sameAs":["https:\/\/www.facebook.com\/noticiasmercedinas\/","https:\/\/x.com\/notmercedinas","https:\/\/www.instagram.com\/noticiasmercedinas\/"]},{"@type":"Person","@id":"https:\/\/noticiasmercedinas.com\/site\/#\/schema\/person\/d481a9696a5feaec13a60e2bbd991a6a","name":"Cristian Falabella NOTICIASMERCEDINAS.COM","image":{"@type":"ImageObject","inLanguage":"es","@id":"https:\/\/secure.gravatar.com\/avatar\/0dbbfc45970cc46bcd0e57766228574ff3511d6eed045b182f536f0f478c1f06?s=96&d=mm&r=g","url":"https:\/\/secure.gravatar.com\/avatar\/0dbbfc45970cc46bcd0e57766228574ff3511d6eed045b182f536f0f478c1f06?s=96&d=mm&r=g","contentUrl":"https:\/\/secure.gravatar.com\/avatar\/0dbbfc45970cc46bcd0e57766228574ff3511d6eed045b182f536f0f478c1f06?s=96&d=mm&r=g","caption":"Cristian Falabella NOTICIASMERCEDINAS.COM"},"description":"Periodista, editor de Noticias Mercedinas. Pas\u00f3 por varias redacciones y emprendimientos de prensa, en distintos formatos y \u00e9pocas. Se especializ\u00f3 --y sigue haci\u00e9ndolo-- en comunicaci\u00f3n en la web y en junio de 2006 fund\u00f3 este diario digital.","sameAs":["https:\/\/noticiasmercedinas.com","https:\/\/www.facebook.com\/cristian.falabella","https:\/\/www.instagram.com\/noticiasmercedinas\/","https:\/\/x.com\/https:\/\/twitter.com\/NOTMERCEDINAS"],"url":"https:\/\/noticiasmercedinas.com\/site\/author\/as000384\/"}]}},"amp_enabled":true,"_links":{"self":[{"href":"https:\/\/noticiasmercedinas.com\/site\/wp-json\/wp\/v2\/posts\/43186","targetHints":{"allow":["GET"]}}],"collection":[{"href":"https:\/\/noticiasmercedinas.com\/site\/wp-json\/wp\/v2\/posts"}],"about":[{"href":"https:\/\/noticiasmercedinas.com\/site\/wp-json\/wp\/v2\/types\/post"}],"author":[{"embeddable":true,"href":"https:\/\/noticiasmercedinas.com\/site\/wp-json\/wp\/v2\/users\/2"}],"replies":[{"embeddable":true,"href":"https:\/\/noticiasmercedinas.com\/site\/wp-json\/wp\/v2\/comments?post=43186"}],"version-history":[{"count":2,"href":"https:\/\/noticiasmercedinas.com\/site\/wp-json\/wp\/v2\/posts\/43186\/revisions"}],"predecessor-version":[{"id":43200,"href":"https:\/\/noticiasmercedinas.com\/site\/wp-json\/wp\/v2\/posts\/43186\/revisions\/43200"}],"wp:featuredmedia":[{"embeddable":true,"href":"https:\/\/noticiasmercedinas.com\/site\/wp-json\/wp\/v2\/media\/43187"}],"wp:attachment":[{"href":"https:\/\/noticiasmercedinas.com\/site\/wp-json\/wp\/v2\/media?parent=43186"}],"wp:term":[{"taxonomy":"category","embeddable":true,"href":"https:\/\/noticiasmercedinas.com\/site\/wp-json\/wp\/v2\/categories?post=43186"},{"taxonomy":"post_tag","embeddable":true,"href":"https:\/\/noticiasmercedinas.com\/site\/wp-json\/wp\/v2\/tags?post=43186"}],"curies":[{"name":"wp","href":"https:\/\/api.w.org\/{rel}","templated":true}]}}