{"id":43651,"date":"2020-04-17T17:53:31","date_gmt":"2020-04-17T20:53:31","guid":{"rendered":"https:\/\/noticiasmercedinas.com\/site\/?p=43651"},"modified":"2020-04-17T17:53:31","modified_gmt":"2020-04-17T20:53:31","slug":"pelusa-gonzalez-y-fernando-moner-nombrados-embajadores-de-paz","status":"publish","type":"post","link":"https:\/\/noticiasmercedinas.com\/site\/2020\/04\/17\/pelusa-gonzalez-y-fernando-moner-nombrados-embajadores-de-paz\/","title":{"rendered":"\u201cPelusa\u201d Gonz\u00e1lez y Fernando Moner nombrados \u201cEmbajadores de Paz\u201d"},"content":{"rendered":"<figure id=\"attachment_43652\" aria-describedby=\"caption-attachment-43652\" style=\"width: 636px\" class=\"wp-caption alignnone\"><a href=\"https:\/\/noticiasmercedinas.com\/site\/wp-content\/uploads\/2020\/04\/pelusa_embajador.jpg\"><img loading=\"lazy\" decoding=\"async\" class=\"size-full wp-image-43652\" src=\"https:\/\/noticiasmercedinas.com\/site\/wp-content\/uploads\/2020\/04\/pelusa_embajador.jpg\" alt=\"\" width=\"636\" height=\"459\" srcset=\"https:\/\/noticiasmercedinas.com\/site\/wp-content\/uploads\/2020\/04\/pelusa_embajador.jpg 636w, https:\/\/noticiasmercedinas.com\/site\/wp-content\/uploads\/2020\/04\/pelusa_embajador-300x217.jpg 300w\" sizes=\"auto, (max-width: 636px) 100vw, 636px\" \/><\/a><figcaption id=\"caption-attachment-43652\" class=\"wp-caption-text\">Created with GIMP<\/figcaption><\/figure>\n<p>Dos integrantes del Departamento Solidario del Club All Boys, Omar \u201cPelusa\u201d Gonz\u00e1lez y Fernando Daniel Moner, fueron nombrados \u201cEmbajadores de Paz UNESCO 2000 por Mil Milenios de Paz\u201d en una ceremonia internacional que se realiz\u00f3 por teleconferencia.<\/p>\n<p>El 15 de abril, \u00abD\u00eda Internacional de la Cultura y la Bandera de La Paz\u00bb, celebrando el 85\u00b0 Aniversario del Pacto de Roerich, los mercedinos recibieron la distinci\u00f3n por la que a partir de la fecha pueden portar La Bandera de La Paz durante los eventos en que participen. A la vez, por ser miembros de un Departamento Solidario Oficial, el Club fue nombrado Embajada de Paz.<\/p>\n<p>Gonz\u00e1lez fue propuesto por la UNESCO como embajador, producto de su notable labor solidaria cotidiana, dentro y fuera del club. \u201cAdem\u00e1s ten\u00edamos previsto viajar el 3 de agosto a Hiroshima, al congreso internacional sobre desarme nuclear y al cumplirse 75 a\u00f1os de la explosi\u00f3n; evento al que no sabremos si podemos asistir producto de la pandemia\u201d, explic\u00f3 Pelusa.<\/p>\n<p><a href=\"https:\/\/noticiasmercedinas.com\/site\/wp-content\/uploads\/2020\/04\/paz.jpg\"><img loading=\"lazy\" decoding=\"async\" class=\"alignnone size-full wp-image-43653\" src=\"https:\/\/noticiasmercedinas.com\/site\/wp-content\/uploads\/2020\/04\/paz.jpg\" alt=\"\" width=\"640\" height=\"359\" srcset=\"https:\/\/noticiasmercedinas.com\/site\/wp-content\/uploads\/2020\/04\/paz.jpg 640w, https:\/\/noticiasmercedinas.com\/site\/wp-content\/uploads\/2020\/04\/paz-300x168.jpg 300w\" sizes=\"auto, (max-width: 640px) 100vw, 640px\" \/><\/a><\/p>\n","protected":false},"excerpt":{"rendered":"<p>Dos integrantes del Departamento Solidario del Club All Boys, Omar \u201cPelusa\u201d Gonz\u00e1lez y Fernando Daniel Moner, fueron nombrados \u201cEmbajadores de Paz UNESCO 2000 por Mil Milenios de Paz\u201d en una ceremonia internacional que se realiz\u00f3 por teleconferencia. El 15 de abril, \u00abD\u00eda Internacional de la Cultura y la Bandera de La Paz\u00bb, celebrando el 85\u00b0 [&hellip;]<\/p>\n","protected":false},"author":16,"featured_media":43652,"comment_status":"open","ping_status":"open","sticky":false,"template":"","format":"standard","meta":{"footnotes":""},"categories":[3],"tags":[8859,8858,4845,8861,8860],"class_list":["post-43651","post","type-post","status-publish","format-standard","has-post-thumbnail","hentry","category-sociedad","tag-departamento-solidario-del-club-all-boys","tag-fernando-daniel-moner","tag-omar-pelusa-gonzalez","tag-paz","tag-unesco"],"yoast_head":"<!-- This site is optimized with the Yoast SEO plugin v27.4 - https:\/\/yoast.com\/product\/yoast-seo-wordpress\/ -->\n<title>\u201cPelusa\u201d Gonz\u00e1lez y Fernando Moner nombrados \u201cEmbajadores de Paz\u201d<\/title>\n<meta name=\"robots\" content=\"index, follow, max-snippet:-1, max-image-preview:large, max-video-preview:-1\" \/>\n<link rel=\"canonical\" href=\"https:\/\/noticiasmercedinas.com\/site\/2020\/04\/17\/pelusa-gonzalez-y-fernando-moner-nombrados-embajadores-de-paz\/\" \/>\n<meta property=\"og:locale\" content=\"es_ES\" \/>\n<meta property=\"og:type\" content=\"article\" \/>\n<meta property=\"og:title\" content=\"\u201cPelusa\u201d Gonz\u00e1lez y Fernando Moner nombrados \u201cEmbajadores de Paz\u201d\" \/>\n<meta property=\"og:description\" content=\"Dos integrantes del Departamento Solidario del Club All Boys, Omar \u201cPelusa\u201d Gonz\u00e1lez y Fernando Daniel Moner, fueron nombrados \u201cEmbajadores de Paz UNESCO 2000 por Mil Milenios de Paz\u201d en una ceremonia internacional que se realiz\u00f3 por teleconferencia. El 15 de abril, \u00abD\u00eda Internacional de la Cultura y la Bandera de La Paz\u00bb, celebrando el 85\u00b0 [&hellip;]\" \/>\n<meta property=\"og:url\" content=\"https:\/\/noticiasmercedinas.com\/site\/2020\/04\/17\/pelusa-gonzalez-y-fernando-moner-nombrados-embajadores-de-paz\/\" \/>\n<meta property=\"og:site_name\" content=\"NOTICIASMERCEDINAS.COM\" \/>\n<meta property=\"article:publisher\" content=\"https:\/\/www.facebook.com\/noticiasmercedinas\/\" \/>\n<meta property=\"article:published_time\" content=\"2020-04-17T20:53:31+00:00\" \/>\n<meta property=\"og:image\" content=\"https:\/\/noticiasmercedinas.com\/site\/wp-content\/uploads\/2020\/04\/pelusa_embajador.jpg\" \/>\n\t<meta property=\"og:image:width\" content=\"636\" \/>\n\t<meta property=\"og:image:height\" content=\"459\" \/>\n\t<meta property=\"og:image:type\" content=\"image\/jpeg\" \/>\n<meta name=\"author\" content=\"NOTICIASMERCEDINAS.COM\" \/>\n<meta name=\"twitter:card\" content=\"summary_large_image\" \/>\n<meta name=\"twitter:creator\" content=\"@notmercedinas\" \/>\n<meta name=\"twitter:site\" content=\"@notmercedinas\" \/>\n<meta name=\"twitter:label1\" content=\"Escrito por\" \/>\n\t<meta name=\"twitter:data1\" content=\"NOTICIASMERCEDINAS.COM\" \/>\n\t<meta name=\"twitter:label2\" content=\"Tiempo de lectura\" \/>\n\t<meta name=\"twitter:data2\" content=\"1 minuto\" \/>\n<script type=\"application\/ld+json\" class=\"yoast-schema-graph\">{\"@context\":\"https:\\\/\\\/schema.org\",\"@graph\":[{\"@type\":\"Article\",\"@id\":\"https:\\\/\\\/noticiasmercedinas.com\\\/site\\\/2020\\\/04\\\/17\\\/pelusa-gonzalez-y-fernando-moner-nombrados-embajadores-de-paz\\\/#article\",\"isPartOf\":{\"@id\":\"https:\\\/\\\/noticiasmercedinas.com\\\/site\\\/2020\\\/04\\\/17\\\/pelusa-gonzalez-y-fernando-moner-nombrados-embajadores-de-paz\\\/\"},\"author\":{\"name\":\"NOTICIASMERCEDINAS.COM\",\"@id\":\"https:\\\/\\\/noticiasmercedinas.com\\\/site\\\/#\\\/schema\\\/person\\\/84b59c099c28ff2e8b77d4ceec5d8063\"},\"headline\":\"\u201cPelusa\u201d Gonz\u00e1lez y Fernando Moner nombrados \u201cEmbajadores de Paz\u201d\",\"datePublished\":\"2020-04-17T20:53:31+00:00\",\"mainEntityOfPage\":{\"@id\":\"https:\\\/\\\/noticiasmercedinas.com\\\/site\\\/2020\\\/04\\\/17\\\/pelusa-gonzalez-y-fernando-moner-nombrados-embajadores-de-paz\\\/\"},\"wordCount\":185,\"commentCount\":0,\"publisher\":{\"@id\":\"https:\\\/\\\/noticiasmercedinas.com\\\/site\\\/#organization\"},\"image\":{\"@id\":\"https:\\\/\\\/noticiasmercedinas.com\\\/site\\\/2020\\\/04\\\/17\\\/pelusa-gonzalez-y-fernando-moner-nombrados-embajadores-de-paz\\\/#primaryimage\"},\"thumbnailUrl\":\"https:\\\/\\\/noticiasmercedinas.com\\\/site\\\/wp-content\\\/uploads\\\/2020\\\/04\\\/pelusa_embajador.jpg\",\"keywords\":[\"Departamento Solidario del Club All Boys\",\"Fernando Daniel Moner\",\"omar pelusa gonzalez\",\"Paz\",\"UNESCO\"],\"articleSection\":[\"Sociedad\"],\"inLanguage\":\"es\",\"potentialAction\":[{\"@type\":\"CommentAction\",\"name\":\"Comment\",\"target\":[\"https:\\\/\\\/noticiasmercedinas.com\\\/site\\\/2020\\\/04\\\/17\\\/pelusa-gonzalez-y-fernando-moner-nombrados-embajadores-de-paz\\\/#respond\"]}]},{\"@type\":\"WebPage\",\"@id\":\"https:\\\/\\\/noticiasmercedinas.com\\\/site\\\/2020\\\/04\\\/17\\\/pelusa-gonzalez-y-fernando-moner-nombrados-embajadores-de-paz\\\/\",\"url\":\"https:\\\/\\\/noticiasmercedinas.com\\\/site\\\/2020\\\/04\\\/17\\\/pelusa-gonzalez-y-fernando-moner-nombrados-embajadores-de-paz\\\/\",\"name\":\"\u201cPelusa\u201d Gonz\u00e1lez y Fernando Moner nombrados \u201cEmbajadores de Paz\u201d\",\"isPartOf\":{\"@id\":\"https:\\\/\\\/noticiasmercedinas.com\\\/site\\\/#website\"},\"primaryImageOfPage\":{\"@id\":\"https:\\\/\\\/noticiasmercedinas.com\\\/site\\\/2020\\\/04\\\/17\\\/pelusa-gonzalez-y-fernando-moner-nombrados-embajadores-de-paz\\\/#primaryimage\"},\"image\":{\"@id\":\"https:\\\/\\\/noticiasmercedinas.com\\\/site\\\/2020\\\/04\\\/17\\\/pelusa-gonzalez-y-fernando-moner-nombrados-embajadores-de-paz\\\/#primaryimage\"},\"thumbnailUrl\":\"https:\\\/\\\/noticiasmercedinas.com\\\/site\\\/wp-content\\\/uploads\\\/2020\\\/04\\\/pelusa_embajador.jpg\",\"datePublished\":\"2020-04-17T20:53:31+00:00\",\"breadcrumb\":{\"@id\":\"https:\\\/\\\/noticiasmercedinas.com\\\/site\\\/2020\\\/04\\\/17\\\/pelusa-gonzalez-y-fernando-moner-nombrados-embajadores-de-paz\\\/#breadcrumb\"},\"inLanguage\":\"es\",\"potentialAction\":[{\"@type\":\"ReadAction\",\"target\":[\"https:\\\/\\\/noticiasmercedinas.com\\\/site\\\/2020\\\/04\\\/17\\\/pelusa-gonzalez-y-fernando-moner-nombrados-embajadores-de-paz\\\/\"]}]},{\"@type\":\"ImageObject\",\"inLanguage\":\"es\",\"@id\":\"https:\\\/\\\/noticiasmercedinas.com\\\/site\\\/2020\\\/04\\\/17\\\/pelusa-gonzalez-y-fernando-moner-nombrados-embajadores-de-paz\\\/#primaryimage\",\"url\":\"https:\\\/\\\/noticiasmercedinas.com\\\/site\\\/wp-content\\\/uploads\\\/2020\\\/04\\\/pelusa_embajador.jpg\",\"contentUrl\":\"https:\\\/\\\/noticiasmercedinas.com\\\/site\\\/wp-content\\\/uploads\\\/2020\\\/04\\\/pelusa_embajador.jpg\",\"width\":636,\"height\":459,\"caption\":\"Created with GIMP\"},{\"@type\":\"BreadcrumbList\",\"@id\":\"https:\\\/\\\/noticiasmercedinas.com\\\/site\\\/2020\\\/04\\\/17\\\/pelusa-gonzalez-y-fernando-moner-nombrados-embajadores-de-paz\\\/#breadcrumb\",\"itemListElement\":[{\"@type\":\"ListItem\",\"position\":1,\"name\":\"Portada\",\"item\":\"https:\\\/\\\/noticiasmercedinas.com\\\/site\\\/\"},{\"@type\":\"ListItem\",\"position\":2,\"name\":\"\u201cPelusa\u201d Gonz\u00e1lez y Fernando Moner nombrados \u201cEmbajadores de Paz\u201d\"}]},{\"@type\":\"WebSite\",\"@id\":\"https:\\\/\\\/noticiasmercedinas.com\\\/site\\\/#website\",\"url\":\"https:\\\/\\\/noticiasmercedinas.com\\\/site\\\/\",\"name\":\"NOTICIASMERCEDINAS.COM\",\"description\":\"Mercedes, Buenos Aires, Argentina\",\"publisher\":{\"@id\":\"https:\\\/\\\/noticiasmercedinas.com\\\/site\\\/#organization\"},\"potentialAction\":[{\"@type\":\"SearchAction\",\"target\":{\"@type\":\"EntryPoint\",\"urlTemplate\":\"https:\\\/\\\/noticiasmercedinas.com\\\/site\\\/?s={search_term_string}\"},\"query-input\":{\"@type\":\"PropertyValueSpecification\",\"valueRequired\":true,\"valueName\":\"search_term_string\"}}],\"inLanguage\":\"es\"},{\"@type\":\"Organization\",\"@id\":\"https:\\\/\\\/noticiasmercedinas.com\\\/site\\\/#organization\",\"name\":\"NOTICIASMERCEDINAS.COM\",\"url\":\"https:\\\/\\\/noticiasmercedinas.com\\\/site\\\/\",\"logo\":{\"@type\":\"ImageObject\",\"inLanguage\":\"es\",\"@id\":\"https:\\\/\\\/noticiasmercedinas.com\\\/site\\\/#\\\/schema\\\/logo\\\/image\\\/\",\"url\":\"https:\\\/\\\/noticiasmercedinas.com\\\/site\\\/wp-content\\\/uploads\\\/2020\\\/06\\\/LOGO-512.jpg\",\"contentUrl\":\"https:\\\/\\\/noticiasmercedinas.com\\\/site\\\/wp-content\\\/uploads\\\/2020\\\/06\\\/LOGO-512.jpg\",\"width\":512,\"height\":512,\"caption\":\"NOTICIASMERCEDINAS.COM\"},\"image\":{\"@id\":\"https:\\\/\\\/noticiasmercedinas.com\\\/site\\\/#\\\/schema\\\/logo\\\/image\\\/\"},\"sameAs\":[\"https:\\\/\\\/www.facebook.com\\\/noticiasmercedinas\\\/\",\"https:\\\/\\\/x.com\\\/notmercedinas\",\"https:\\\/\\\/www.instagram.com\\\/noticiasmercedinas\\\/\"]},{\"@type\":\"Person\",\"@id\":\"https:\\\/\\\/noticiasmercedinas.com\\\/site\\\/#\\\/schema\\\/person\\\/84b59c099c28ff2e8b77d4ceec5d8063\",\"name\":\"NOTICIASMERCEDINAS.COM\",\"image\":{\"@type\":\"ImageObject\",\"inLanguage\":\"es\",\"@id\":\"https:\\\/\\\/secure.gravatar.com\\\/avatar\\\/4dfbf16b4d17945bfb6341b2d19043457132fcf478a5ee04f42e959fd8f5df0a?s=96&d=mm&r=g\",\"url\":\"https:\\\/\\\/secure.gravatar.com\\\/avatar\\\/4dfbf16b4d17945bfb6341b2d19043457132fcf478a5ee04f42e959fd8f5df0a?s=96&d=mm&r=g\",\"contentUrl\":\"https:\\\/\\\/secure.gravatar.com\\\/avatar\\\/4dfbf16b4d17945bfb6341b2d19043457132fcf478a5ee04f42e959fd8f5df0a?s=96&d=mm&r=g\",\"caption\":\"NOTICIASMERCEDINAS.COM\"},\"url\":\"https:\\\/\\\/noticiasmercedinas.com\\\/site\\\/author\\\/anonimo\\\/\"}]}<\/script>\n<!-- \/ Yoast SEO plugin. -->","yoast_head_json":{"title":"\u201cPelusa\u201d Gonz\u00e1lez y Fernando Moner nombrados \u201cEmbajadores de Paz\u201d","robots":{"index":"index","follow":"follow","max-snippet":"max-snippet:-1","max-image-preview":"max-image-preview:large","max-video-preview":"max-video-preview:-1"},"canonical":"https:\/\/noticiasmercedinas.com\/site\/2020\/04\/17\/pelusa-gonzalez-y-fernando-moner-nombrados-embajadores-de-paz\/","og_locale":"es_ES","og_type":"article","og_title":"\u201cPelusa\u201d Gonz\u00e1lez y Fernando Moner nombrados \u201cEmbajadores de Paz\u201d","og_description":"Dos integrantes del Departamento Solidario del Club All Boys, Omar \u201cPelusa\u201d Gonz\u00e1lez y Fernando Daniel Moner, fueron nombrados \u201cEmbajadores de Paz UNESCO 2000 por Mil Milenios de Paz\u201d en una ceremonia internacional que se realiz\u00f3 por teleconferencia. El 15 de abril, \u00abD\u00eda Internacional de la Cultura y la Bandera de La Paz\u00bb, celebrando el 85\u00b0 [&hellip;]","og_url":"https:\/\/noticiasmercedinas.com\/site\/2020\/04\/17\/pelusa-gonzalez-y-fernando-moner-nombrados-embajadores-de-paz\/","og_site_name":"NOTICIASMERCEDINAS.COM","article_publisher":"https:\/\/www.facebook.com\/noticiasmercedinas\/","article_published_time":"2020-04-17T20:53:31+00:00","og_image":[{"width":636,"height":459,"url":"https:\/\/noticiasmercedinas.com\/site\/wp-content\/uploads\/2020\/04\/pelusa_embajador.jpg","type":"image\/jpeg"}],"author":"NOTICIASMERCEDINAS.COM","twitter_card":"summary_large_image","twitter_creator":"@notmercedinas","twitter_site":"@notmercedinas","twitter_misc":{"Escrito por":"NOTICIASMERCEDINAS.COM","Tiempo de lectura":"1 minuto"},"schema":{"@context":"https:\/\/schema.org","@graph":[{"@type":"Article","@id":"https:\/\/noticiasmercedinas.com\/site\/2020\/04\/17\/pelusa-gonzalez-y-fernando-moner-nombrados-embajadores-de-paz\/#article","isPartOf":{"@id":"https:\/\/noticiasmercedinas.com\/site\/2020\/04\/17\/pelusa-gonzalez-y-fernando-moner-nombrados-embajadores-de-paz\/"},"author":{"name":"NOTICIASMERCEDINAS.COM","@id":"https:\/\/noticiasmercedinas.com\/site\/#\/schema\/person\/84b59c099c28ff2e8b77d4ceec5d8063"},"headline":"\u201cPelusa\u201d Gonz\u00e1lez y Fernando Moner nombrados \u201cEmbajadores de Paz\u201d","datePublished":"2020-04-17T20:53:31+00:00","mainEntityOfPage":{"@id":"https:\/\/noticiasmercedinas.com\/site\/2020\/04\/17\/pelusa-gonzalez-y-fernando-moner-nombrados-embajadores-de-paz\/"},"wordCount":185,"commentCount":0,"publisher":{"@id":"https:\/\/noticiasmercedinas.com\/site\/#organization"},"image":{"@id":"https:\/\/noticiasmercedinas.com\/site\/2020\/04\/17\/pelusa-gonzalez-y-fernando-moner-nombrados-embajadores-de-paz\/#primaryimage"},"thumbnailUrl":"https:\/\/noticiasmercedinas.com\/site\/wp-content\/uploads\/2020\/04\/pelusa_embajador.jpg","keywords":["Departamento Solidario del Club All Boys","Fernando Daniel Moner","omar pelusa gonzalez","Paz","UNESCO"],"articleSection":["Sociedad"],"inLanguage":"es","potentialAction":[{"@type":"CommentAction","name":"Comment","target":["https:\/\/noticiasmercedinas.com\/site\/2020\/04\/17\/pelusa-gonzalez-y-fernando-moner-nombrados-embajadores-de-paz\/#respond"]}]},{"@type":"WebPage","@id":"https:\/\/noticiasmercedinas.com\/site\/2020\/04\/17\/pelusa-gonzalez-y-fernando-moner-nombrados-embajadores-de-paz\/","url":"https:\/\/noticiasmercedinas.com\/site\/2020\/04\/17\/pelusa-gonzalez-y-fernando-moner-nombrados-embajadores-de-paz\/","name":"\u201cPelusa\u201d Gonz\u00e1lez y Fernando Moner nombrados \u201cEmbajadores de Paz\u201d","isPartOf":{"@id":"https:\/\/noticiasmercedinas.com\/site\/#website"},"primaryImageOfPage":{"@id":"https:\/\/noticiasmercedinas.com\/site\/2020\/04\/17\/pelusa-gonzalez-y-fernando-moner-nombrados-embajadores-de-paz\/#primaryimage"},"image":{"@id":"https:\/\/noticiasmercedinas.com\/site\/2020\/04\/17\/pelusa-gonzalez-y-fernando-moner-nombrados-embajadores-de-paz\/#primaryimage"},"thumbnailUrl":"https:\/\/noticiasmercedinas.com\/site\/wp-content\/uploads\/2020\/04\/pelusa_embajador.jpg","datePublished":"2020-04-17T20:53:31+00:00","breadcrumb":{"@id":"https:\/\/noticiasmercedinas.com\/site\/2020\/04\/17\/pelusa-gonzalez-y-fernando-moner-nombrados-embajadores-de-paz\/#breadcrumb"},"inLanguage":"es","potentialAction":[{"@type":"ReadAction","target":["https:\/\/noticiasmercedinas.com\/site\/2020\/04\/17\/pelusa-gonzalez-y-fernando-moner-nombrados-embajadores-de-paz\/"]}]},{"@type":"ImageObject","inLanguage":"es","@id":"https:\/\/noticiasmercedinas.com\/site\/2020\/04\/17\/pelusa-gonzalez-y-fernando-moner-nombrados-embajadores-de-paz\/#primaryimage","url":"https:\/\/noticiasmercedinas.com\/site\/wp-content\/uploads\/2020\/04\/pelusa_embajador.jpg","contentUrl":"https:\/\/noticiasmercedinas.com\/site\/wp-content\/uploads\/2020\/04\/pelusa_embajador.jpg","width":636,"height":459,"caption":"Created with GIMP"},{"@type":"BreadcrumbList","@id":"https:\/\/noticiasmercedinas.com\/site\/2020\/04\/17\/pelusa-gonzalez-y-fernando-moner-nombrados-embajadores-de-paz\/#breadcrumb","itemListElement":[{"@type":"ListItem","position":1,"name":"Portada","item":"https:\/\/noticiasmercedinas.com\/site\/"},{"@type":"ListItem","position":2,"name":"\u201cPelusa\u201d Gonz\u00e1lez y Fernando Moner nombrados \u201cEmbajadores de Paz\u201d"}]},{"@type":"WebSite","@id":"https:\/\/noticiasmercedinas.com\/site\/#website","url":"https:\/\/noticiasmercedinas.com\/site\/","name":"NOTICIASMERCEDINAS.COM","description":"Mercedes, Buenos Aires, Argentina","publisher":{"@id":"https:\/\/noticiasmercedinas.com\/site\/#organization"},"potentialAction":[{"@type":"SearchAction","target":{"@type":"EntryPoint","urlTemplate":"https:\/\/noticiasmercedinas.com\/site\/?s={search_term_string}"},"query-input":{"@type":"PropertyValueSpecification","valueRequired":true,"valueName":"search_term_string"}}],"inLanguage":"es"},{"@type":"Organization","@id":"https:\/\/noticiasmercedinas.com\/site\/#organization","name":"NOTICIASMERCEDINAS.COM","url":"https:\/\/noticiasmercedinas.com\/site\/","logo":{"@type":"ImageObject","inLanguage":"es","@id":"https:\/\/noticiasmercedinas.com\/site\/#\/schema\/logo\/image\/","url":"https:\/\/noticiasmercedinas.com\/site\/wp-content\/uploads\/2020\/06\/LOGO-512.jpg","contentUrl":"https:\/\/noticiasmercedinas.com\/site\/wp-content\/uploads\/2020\/06\/LOGO-512.jpg","width":512,"height":512,"caption":"NOTICIASMERCEDINAS.COM"},"image":{"@id":"https:\/\/noticiasmercedinas.com\/site\/#\/schema\/logo\/image\/"},"sameAs":["https:\/\/www.facebook.com\/noticiasmercedinas\/","https:\/\/x.com\/notmercedinas","https:\/\/www.instagram.com\/noticiasmercedinas\/"]},{"@type":"Person","@id":"https:\/\/noticiasmercedinas.com\/site\/#\/schema\/person\/84b59c099c28ff2e8b77d4ceec5d8063","name":"NOTICIASMERCEDINAS.COM","image":{"@type":"ImageObject","inLanguage":"es","@id":"https:\/\/secure.gravatar.com\/avatar\/4dfbf16b4d17945bfb6341b2d19043457132fcf478a5ee04f42e959fd8f5df0a?s=96&d=mm&r=g","url":"https:\/\/secure.gravatar.com\/avatar\/4dfbf16b4d17945bfb6341b2d19043457132fcf478a5ee04f42e959fd8f5df0a?s=96&d=mm&r=g","contentUrl":"https:\/\/secure.gravatar.com\/avatar\/4dfbf16b4d17945bfb6341b2d19043457132fcf478a5ee04f42e959fd8f5df0a?s=96&d=mm&r=g","caption":"NOTICIASMERCEDINAS.COM"},"url":"https:\/\/noticiasmercedinas.com\/site\/author\/anonimo\/"}]}},"amp_enabled":true,"_links":{"self":[{"href":"https:\/\/noticiasmercedinas.com\/site\/wp-json\/wp\/v2\/posts\/43651","targetHints":{"allow":["GET"]}}],"collection":[{"href":"https:\/\/noticiasmercedinas.com\/site\/wp-json\/wp\/v2\/posts"}],"about":[{"href":"https:\/\/noticiasmercedinas.com\/site\/wp-json\/wp\/v2\/types\/post"}],"author":[{"embeddable":true,"href":"https:\/\/noticiasmercedinas.com\/site\/wp-json\/wp\/v2\/users\/16"}],"replies":[{"embeddable":true,"href":"https:\/\/noticiasmercedinas.com\/site\/wp-json\/wp\/v2\/comments?post=43651"}],"version-history":[{"count":1,"href":"https:\/\/noticiasmercedinas.com\/site\/wp-json\/wp\/v2\/posts\/43651\/revisions"}],"predecessor-version":[{"id":43654,"href":"https:\/\/noticiasmercedinas.com\/site\/wp-json\/wp\/v2\/posts\/43651\/revisions\/43654"}],"wp:featuredmedia":[{"embeddable":true,"href":"https:\/\/noticiasmercedinas.com\/site\/wp-json\/wp\/v2\/media\/43652"}],"wp:attachment":[{"href":"https:\/\/noticiasmercedinas.com\/site\/wp-json\/wp\/v2\/media?parent=43651"}],"wp:term":[{"taxonomy":"category","embeddable":true,"href":"https:\/\/noticiasmercedinas.com\/site\/wp-json\/wp\/v2\/categories?post=43651"},{"taxonomy":"post_tag","embeddable":true,"href":"https:\/\/noticiasmercedinas.com\/site\/wp-json\/wp\/v2\/tags?post=43651"}],"curies":[{"name":"wp","href":"https:\/\/api.w.org\/{rel}","templated":true}]}}